{"id":11361,"date":"2019-01-11T18:12:57","date_gmt":"2019-01-11T20:12:57","guid":{"rendered":"https:\/\/www.suno.com.br\/noticias\/?p=11361"},"modified":"2019-01-11T18:12:57","modified_gmt":"2019-01-11T20:12:57","slug":"teto-inss-subir-inflacao-2018","status":"publish","type":"post","link":"https:\/\/www.suno.com.br\/noticias\/teto-inss-subir-inflacao-2018\/","title":{"rendered":"Teto do INSS deve subir para R$ 5.839,45 com base na infla\u00e7\u00e3o de 2018"},"content":{"rendered":"<p>O \u00cdndice Nacional de Pre\u00e7os ao Consumidor (INPC) divulgado nesta sexta (11) deve elevar o <a href=\"https:\/\/www.suno.com.br\/artigos\/carteira-previdenciaria-invista-para-garantir-sua-aposentadoria\/\">teto previdenci\u00e1rio<\/a> para R$ 5.839,45.<\/p>\t<div class=\"wrapper-featured-image\">\n\t\t<figure class=\"spotlightImg\">\n\n\t\t\t<picture>\n\t\t\t\t<source media=\"(max-width: 768px)\" srcset=\"https:\/\/files.sunoresearch.com.br\/n\/uploads\/2018\/12\/inss-400x200.webp\">\n\t\t\t\t<img loading=\"lazy\" decoding=\"async\" class=\"newsContent__article__imgCapa lazyloadDisabled newsContent__article__imgCapa--noCaption\" src=\"https:\/\/files.sunoresearch.com.br\/n\/uploads\/2018\/12\/inss-800x450.webp\" width=\"800\" height=\"450\" alt=\"Teto do INSS deve subir para R$ 5.839,45 com base na infla\u00e7\u00e3o de 2018\" fetchpriority=high \/>\n\t\t\t<\/picture>\n\n\t\t\t<figcaption class=\"wp-caption-text wp-caption-text--hide\">O INSS passar\u00e1 a ser administrado pelo superminist\u00e9rio de Economia.<\/figcaption>\n\t\t<\/figure>\n\t<\/div>\n\n\n<p>Os benef\u00edcios do <strong>INSS<\/strong> com valores acima de um sal\u00e1rio m\u00ednimo e concedidos at\u00e9 janeiro de 2018 dever\u00e3o ser reajustados em 3,43%. \u00c9 o mesmo valor da infla\u00e7\u00e3o acumulada no ano passado. O piso salarial considerado \u00e9 de R$ 998, estabelecido pelo presidente <strong>Jair Bolsonaro<\/strong> desde 1\u00ba de janeiro.<\/p>\n<p>A confirma\u00e7\u00e3o do reajuste precisa esperar, no entanto, a publica\u00e7\u00e3o no Di\u00e1rio Oficial da Uni\u00e3o. Segundo a Secretaria de Previd\u00eancia, isso deve ser feito na pr\u00f3xima semana.<\/p>\n<p>A corre\u00e7\u00e3o parcial aplicada neste ano dever\u00e1 ser a terceira menor desde 1995. Foi naquele ano que o real entrou em vigor como moeda oficial do Pa\u00eds. Em 2018, o reajuste foi de 2,07%. Em 2007, um pouco mais, de 3,3%.<\/p>\n<p><a href=\"https:\/\/www.suno.com.br\/noticias\/reforma-previdencia-confira-cenarios-2019\/\">Saiba mais: Reforma da Previd\u00eancia: confira quais s\u00e3o os cen\u00e1rios para 2019<\/a><\/p>\n<p><a href=\"https:\/\/www.suno.com.br\/noticias\/jair-bolsonaro-pente-fino-inss\/\">Saiba mais: Governo: Jair Bolsonaro planeja um pente-fino nos benef\u00edcios pagos pelo INSS<\/a><\/p>\n<h2>Reajuste negativo<\/h2>\n<p>Existe a possibilidade de aposentados em novembro terem um reajuste negativo. Isto porque o INPC de dezembro (+0,14%) n\u00e3o foi suficiente para compensar o \u00edndice de novembro (-0,25%).<\/p>\n<p>Se o governo <strong>Bolsonaro<\/strong> decidir seguir o modelo usado nos \u00faltimos anos, o reajuste ser\u00e1 negativo. Esse modelo significa aplicar exatamente a infla\u00e7\u00e3o acumulada no per\u00edodo em que o segurado recebeu o benef\u00edcio no ano anterior. O governo pode evitar que benefici\u00e1rios tenham redu\u00e7\u00e3o salarial, no entanto, se considerar corre\u00e7\u00e3o zero nos meses de infla\u00e7\u00e3o negativa.<\/p>\n<p>Esse recurso j\u00e1 foi utilizado anteriormente. Ele \u00e9 permitido porque a legisla\u00e7\u00e3o n\u00e3o obriga a aplica\u00e7\u00e3o de um \u00edndice espec\u00edfico.<\/p>\n<h2>Outros casos<\/h2>\n<p>Quem ganha o piso, o valor sobe de R$ 954 para R$ 998. Para estes segurados, os dep\u00f3sitos ocorrem entre os dias 25 de janeiro e 7 de fevereiro.<\/p>\n<p>J\u00e1 os pagamentos acima do piso passar\u00e3o a ser pagos com a corre\u00e7\u00e3o entre os dias 1\u00ba e 7 de fevereiro. A ordem dos dep\u00f3sitos \u00e9 de acordo com o n\u00famero final do cart\u00e3o do benef\u00edcio, sem contar o d\u00edgito.<\/p>\n<p>O <a href=\"https:\/\/meu.inss.gov.br\/central\/#\/\">site Meu <strong>INSS<\/strong><\/a> dever\u00e1 disponibilizar os valores dos sal\u00e1rios corrigidos at\u00e9 o dia 25. A consulta \u00e9 feita na op\u00e7\u00e3o &#8220;hist\u00f3rico de cr\u00e9dito de benef\u00edcio&#8221;. Para acessar o site, \u00e9 preciso criar uma senha ou telefonar para 135.<\/p>\n<p>&nbsp;<\/p>\n","protected":false},"excerpt":{"rendered":"<p>O \u00cdndice Nacional de Pre\u00e7os ao Consumidor (INPC) divulgado nesta sexta (11) deve elevar o teto previdenci\u00e1rio para R$ 5.839,45. O INSS passar\u00e1 a ser administrado pelo superminist\u00e9rio de Economia. Os benef\u00edcios do INSS com valores acima de um sal\u00e1rio m\u00ednimo e concedidos at\u00e9 janeiro de 2018 dever\u00e3o ser reajustados em 3,43%. \u00c9 o mesmo [&hellip;]<\/p>\n","protected":false},"author":13,"featured_media":7953,"comment_status":"closed","ping_status":"closed","sticky":false,"template":"","format":"standard","meta":[],"categories":[62,65],"tags":[329,322,940],"suno_strategy":[],"class_list":["post-11361","post","type-post","status-publish","format-standard","has-post-thumbnail","hentry","category-economia","category-financas-pessoais","tag-financas-pessoais","tag-previdencia-social","tag-reforma-da-previdencia"],"yoast_head":"<!-- This site is optimized with the Yoast SEO plugin v24.4 - https:\/\/yoast.com\/wordpress\/plugins\/seo\/ -->\n<title>Teto do INSS deve subir para R$ 5.839,45 com base na infla\u00e7\u00e3o de 2018<\/title>\n<meta name=\"description\" content=\"O \u00cdndice Nacional de Pre\u00e7os ao Consumidor (INPC) divulgado nesta sexta deve elevar o teto previdenci\u00e1rio para R$ 5.839,45. Clique e saiba+\" \/>\n<meta name=\"robots\" content=\"index, follow, max-snippet:-1, max-image-preview:large, max-video-preview:-1\" \/>\n<link rel=\"canonical\" href=\"https:\/\/www.suno.com.br\/noticias\/teto-inss-subir-inflacao-2018\/\" \/>\n<meta property=\"og:locale\" content=\"pt_BR\" \/>\n<meta property=\"og:type\" content=\"article\" \/>\n<meta property=\"og:title\" content=\"Teto do INSS deve subir para R$ 5.839,45 com base na infla\u00e7\u00e3o de 2018\" \/>\n<meta property=\"og:description\" content=\"O \u00cdndice Nacional de Pre\u00e7os ao Consumidor (INPC) divulgado nesta sexta deve elevar o teto previdenci\u00e1rio para R$ 5.839,45. Clique e saiba+\" \/>\n<meta property=\"og:url\" content=\"https:\/\/www.suno.com.br\/noticias\/teto-inss-subir-inflacao-2018\/\" \/>\n<meta property=\"og:site_name\" content=\"Suno Not\u00edcias\" \/>\n<meta property=\"article:publisher\" content=\"https:\/\/facebook.com\/sunoresearch\" \/>\n<meta property=\"og:image\" content=\"https:\/\/files.sunoresearch.com.br\/n\/uploads\/2018\/12\/inss.jpg\" \/>\n\t<meta property=\"og:image:width\" content=\"2480\" \/>\n\t<meta property=\"og:image:height\" content=\"1665\" \/>\n\t<meta property=\"og:image:type\" content=\"image\/jpeg\" \/>\n<meta name=\"author\" content=\"Guilherme Caetano\" \/>\n<meta name=\"twitter:card\" content=\"summary_large_image\" \/>\n<meta name=\"twitter:creator\" content=\"@sunoresearch\" \/>\n<meta name=\"twitter:site\" content=\"@sunoresearch\" \/>\n<meta name=\"twitter:label1\" content=\"Escrito por\" \/>\n\t<meta name=\"twitter:data1\" content=\"Guilherme Caetano\" \/>\n\t<meta name=\"twitter:label2\" content=\"Est. tempo de leitura\" \/>\n\t<meta name=\"twitter:data2\" content=\"2 minutos\" \/>\n<script type=\"application\/ld+json\" class=\"yoast-schema-graph\">{\"@context\":\"https:\/\/schema.org\",\"@graph\":[{\"@type\":\"NewsArticle\",\"@id\":\"https:\/\/www.suno.com.br\/noticias\/teto-inss-subir-inflacao-2018\/#article\",\"isPartOf\":{\"@id\":\"https:\/\/www.suno.com.br\/noticias\/teto-inss-subir-inflacao-2018\/\"},\"author\":{\"name\":\"Guilherme Caetano\",\"@id\":\"https:\/\/www.suno.com.br\/noticias\/#\/schema\/person\/0d0c9687cd2f600c564f25980c140de9\"},\"headline\":\"Teto do INSS deve subir para R$ 5.839,45 com base na infla\u00e7\u00e3o de 2018\",\"datePublished\":\"2019-01-11T20:12:57+00:00\",\"mainEntityOfPage\":{\"@id\":\"https:\/\/www.suno.com.br\/noticias\/teto-inss-subir-inflacao-2018\/\"},\"wordCount\":409,\"publisher\":{\"@id\":\"https:\/\/www.suno.com.br\/noticias\/#organization\"},\"image\":{\"@id\":\"https:\/\/www.suno.com.br\/noticias\/teto-inss-subir-inflacao-2018\/#primaryimage\"},\"thumbnailUrl\":\"https:\/\/files.sunoresearch.com.br\/n\/uploads\/2018\/12\/inss-jpg.webp\",\"keywords\":[\"finan\u00e7as pessoais\",\"Previd\u00eancia Social\",\"Reforma da Previd\u00eancia\"],\"articleSection\":[\"Economia\",\"Finan\u00e7as Pessoais\"],\"inLanguage\":\"pt-BR\"},{\"@type\":\"WebPage\",\"@id\":\"https:\/\/www.suno.com.br\/noticias\/teto-inss-subir-inflacao-2018\/\",\"url\":\"https:\/\/www.suno.com.br\/noticias\/teto-inss-subir-inflacao-2018\/\",\"name\":\"Teto do INSS deve subir para R$ 5.839,45 com base na infla\u00e7\u00e3o de 2018\",\"isPartOf\":{\"@id\":\"https:\/\/www.suno.com.br\/noticias\/#website\"},\"primaryImageOfPage\":{\"@id\":\"https:\/\/www.suno.com.br\/noticias\/teto-inss-subir-inflacao-2018\/#primaryimage\"},\"image\":{\"@id\":\"https:\/\/www.suno.com.br\/noticias\/teto-inss-subir-inflacao-2018\/#primaryimage\"},\"thumbnailUrl\":\"https:\/\/files.sunoresearch.com.br\/n\/uploads\/2018\/12\/inss-jpg.webp\",\"datePublished\":\"2019-01-11T20:12:57+00:00\",\"description\":\"O \u00cdndice Nacional de Pre\u00e7os ao Consumidor (INPC) divulgado nesta sexta deve elevar o teto previdenci\u00e1rio para R$ 5.839,45. Clique e saiba+\",\"breadcrumb\":{\"@id\":\"https:\/\/www.suno.com.br\/noticias\/teto-inss-subir-inflacao-2018\/#breadcrumb\"},\"inLanguage\":\"pt-BR\",\"potentialAction\":[{\"@type\":\"ReadAction\",\"target\":[\"https:\/\/www.suno.com.br\/noticias\/teto-inss-subir-inflacao-2018\/\"]}]},{\"@type\":\"ImageObject\",\"inLanguage\":\"pt-BR\",\"@id\":\"https:\/\/www.suno.com.br\/noticias\/teto-inss-subir-inflacao-2018\/#primaryimage\",\"url\":\"https:\/\/files.sunoresearch.com.br\/n\/uploads\/2018\/12\/inss-jpg.webp\",\"contentUrl\":\"https:\/\/files.sunoresearch.com.br\/n\/uploads\/2018\/12\/inss-jpg.webp\",\"width\":2480,\"height\":1665,\"caption\":\"O INSS passar\u00e1 a ser administrado pelo superminist\u00e9rio de Economia.\"},{\"@type\":\"BreadcrumbList\",\"@id\":\"https:\/\/www.suno.com.br\/noticias\/teto-inss-subir-inflacao-2018\/#breadcrumb\",\"itemListElement\":[{\"@type\":\"ListItem\",\"position\":1,\"name\":\"Not\u00edcias\",\"item\":\"https:\/\/www.suno.com.br\/noticias\/\"},{\"@type\":\"ListItem\",\"position\":2,\"name\":\"Finan\u00e7as Pessoais\",\"item\":\"https:\/\/www.suno.com.br\/noticias\/financas-pessoais\/\"},{\"@type\":\"ListItem\",\"position\":3,\"name\":\"Teto do INSS deve subir para R$ 5.839,45 com base na infla\u00e7\u00e3o de 2018\"}]},{\"@type\":\"WebSite\",\"@id\":\"https:\/\/www.suno.com.br\/noticias\/#website\",\"url\":\"https:\/\/www.suno.com.br\/noticias\/\",\"name\":\"Suno Not\u00edcias\",\"description\":\"Seu portal de informa\u00e7\u00e3o sobre o mundo dos investimentos\",\"publisher\":{\"@id\":\"https:\/\/www.suno.com.br\/noticias\/#organization\"},\"potentialAction\":[{\"@type\":\"SearchAction\",\"target\":{\"@type\":\"EntryPoint\",\"urlTemplate\":\"https:\/\/www.suno.com.br\/noticias\/?s={search_term_string}\"},\"query-input\":{\"@type\":\"PropertyValueSpecification\",\"valueRequired\":true,\"valueName\":\"search_term_string\"}}],\"inLanguage\":\"pt-BR\"},{\"@type\":\"Organization\",\"@id\":\"https:\/\/www.suno.com.br\/noticias\/#organization\",\"name\":\"Suno Not\u00edcias\",\"url\":\"https:\/\/www.suno.com.br\/noticias\/\",\"logo\":{\"@type\":\"ImageObject\",\"inLanguage\":\"pt-BR\",\"@id\":\"https:\/\/www.suno.com.br\/noticias\/#\/schema\/logo\/image\/\",\"url\":\"https:\/\/files.sunoresearch.com.br\/n\/uploads\/2021\/09\/suno-logo.png\",\"contentUrl\":\"https:\/\/files.sunoresearch.com.br\/n\/uploads\/2021\/09\/suno-logo.png\",\"width\":180,\"height\":180,\"caption\":\"Suno Not\u00edcias\"},\"image\":{\"@id\":\"https:\/\/www.suno.com.br\/noticias\/#\/schema\/logo\/image\/\"},\"sameAs\":[\"https:\/\/facebook.com\/sunoresearch\",\"https:\/\/x.com\/sunoresearch\",\"https:\/\/www.instagram.com\/suno\",\"https:\/\/www.linkedin.com\/company\/suno-research\/\",\"https:\/\/www.youtube.com\/c\/sunoresearch\"]},{\"@type\":\"Person\",\"@id\":\"https:\/\/www.suno.com.br\/noticias\/#\/schema\/person\/0d0c9687cd2f600c564f25980c140de9\",\"name\":\"Guilherme Caetano\",\"image\":{\"@type\":\"ImageObject\",\"inLanguage\":\"pt-BR\",\"@id\":\"https:\/\/www.suno.com.br\/noticias\/#\/schema\/person\/image\/\",\"url\":\"https:\/\/secure.gravatar.com\/avatar\/e48357351a01702a0d19307070e081bf?s=96&r=g\",\"contentUrl\":\"https:\/\/secure.gravatar.com\/avatar\/e48357351a01702a0d19307070e081bf?s=96&r=g\",\"caption\":\"Guilherme Caetano\"},\"description\":\"Formado em jornalismo pela Escola de Comunica\u00e7\u00f5es e Artes da USP, Guilherme Caetano escreve para o portal de not\u00edcias da Suno Research. Passou pelas reda\u00e7\u00f5es da Folha de S.Paulo e da revista \u00c9poca.\",\"url\":\"https:\/\/www.suno.com.br\/noticias\/author\/guilherme-caetano\/\"}]}<\/script>\n<!-- \/ Yoast SEO plugin. -->","yoast_head_json":{"title":"Teto do INSS deve subir para R$ 5.839,45 com base na infla\u00e7\u00e3o de 2018","description":"O \u00cdndice Nacional de Pre\u00e7os ao Consumidor (INPC) divulgado nesta sexta deve elevar o teto previdenci\u00e1rio para R$ 5.839,45. Clique e saiba+","robots":{"index":"index","follow":"follow","max-snippet":"max-snippet:-1","max-image-preview":"max-image-preview:large","max-video-preview":"max-video-preview:-1"},"canonical":"https:\/\/www.suno.com.br\/noticias\/teto-inss-subir-inflacao-2018\/","og_locale":"pt_BR","og_type":"article","og_title":"Teto do INSS deve subir para R$ 5.839,45 com base na infla\u00e7\u00e3o de 2018","og_description":"O \u00cdndice Nacional de Pre\u00e7os ao Consumidor (INPC) divulgado nesta sexta deve elevar o teto previdenci\u00e1rio para R$ 5.839,45. Clique e saiba+","og_url":"https:\/\/www.suno.com.br\/noticias\/teto-inss-subir-inflacao-2018\/","og_site_name":"Suno Not\u00edcias","article_publisher":"https:\/\/facebook.com\/sunoresearch","og_image":[{"width":2480,"height":1665,"url":"https:\/\/files.sunoresearch.com.br\/n\/uploads\/2018\/12\/inss.jpg","type":"image\/jpeg"}],"author":"Guilherme Caetano","twitter_card":"summary_large_image","twitter_creator":"@sunoresearch","twitter_site":"@sunoresearch","twitter_misc":{"Escrito por":"Guilherme Caetano","Est. tempo de leitura":"2 minutos"},"schema":{"@context":"https:\/\/schema.org","@graph":[{"@type":"NewsArticle","@id":"https:\/\/www.suno.com.br\/noticias\/teto-inss-subir-inflacao-2018\/#article","isPartOf":{"@id":"https:\/\/www.suno.com.br\/noticias\/teto-inss-subir-inflacao-2018\/"},"author":{"name":"Guilherme Caetano","@id":"https:\/\/www.suno.com.br\/noticias\/#\/schema\/person\/0d0c9687cd2f600c564f25980c140de9"},"headline":"Teto do INSS deve subir para R$ 5.839,45 com base na infla\u00e7\u00e3o de 2018","datePublished":"2019-01-11T20:12:57+00:00","mainEntityOfPage":{"@id":"https:\/\/www.suno.com.br\/noticias\/teto-inss-subir-inflacao-2018\/"},"wordCount":409,"publisher":{"@id":"https:\/\/www.suno.com.br\/noticias\/#organization"},"image":{"@id":"https:\/\/www.suno.com.br\/noticias\/teto-inss-subir-inflacao-2018\/#primaryimage"},"thumbnailUrl":"https:\/\/files.sunoresearch.com.br\/n\/uploads\/2018\/12\/inss-jpg.webp","keywords":["finan\u00e7as pessoais","Previd\u00eancia Social","Reforma da Previd\u00eancia"],"articleSection":["Economia","Finan\u00e7as Pessoais"],"inLanguage":"pt-BR"},{"@type":"WebPage","@id":"https:\/\/www.suno.com.br\/noticias\/teto-inss-subir-inflacao-2018\/","url":"https:\/\/www.suno.com.br\/noticias\/teto-inss-subir-inflacao-2018\/","name":"Teto do INSS deve subir para R$ 5.839,45 com base na infla\u00e7\u00e3o de 2018","isPartOf":{"@id":"https:\/\/www.suno.com.br\/noticias\/#website"},"primaryImageOfPage":{"@id":"https:\/\/www.suno.com.br\/noticias\/teto-inss-subir-inflacao-2018\/#primaryimage"},"image":{"@id":"https:\/\/www.suno.com.br\/noticias\/teto-inss-subir-inflacao-2018\/#primaryimage"},"thumbnailUrl":"https:\/\/files.sunoresearch.com.br\/n\/uploads\/2018\/12\/inss-jpg.webp","datePublished":"2019-01-11T20:12:57+00:00","description":"O \u00cdndice Nacional de Pre\u00e7os ao Consumidor (INPC) divulgado nesta sexta deve elevar o teto previdenci\u00e1rio para R$ 5.839,45. Clique e saiba+","breadcrumb":{"@id":"https:\/\/www.suno.com.br\/noticias\/teto-inss-subir-inflacao-2018\/#breadcrumb"},"inLanguage":"pt-BR","potentialAction":[{"@type":"ReadAction","target":["https:\/\/www.suno.com.br\/noticias\/teto-inss-subir-inflacao-2018\/"]}]},{"@type":"ImageObject","inLanguage":"pt-BR","@id":"https:\/\/www.suno.com.br\/noticias\/teto-inss-subir-inflacao-2018\/#primaryimage","url":"https:\/\/files.sunoresearch.com.br\/n\/uploads\/2018\/12\/inss-jpg.webp","contentUrl":"https:\/\/files.sunoresearch.com.br\/n\/uploads\/2018\/12\/inss-jpg.webp","width":2480,"height":1665,"caption":"O INSS passar\u00e1 a ser administrado pelo superminist\u00e9rio de Economia."},{"@type":"BreadcrumbList","@id":"https:\/\/www.suno.com.br\/noticias\/teto-inss-subir-inflacao-2018\/#breadcrumb","itemListElement":[{"@type":"ListItem","position":1,"name":"Not\u00edcias","item":"https:\/\/www.suno.com.br\/noticias\/"},{"@type":"ListItem","position":2,"name":"Finan\u00e7as Pessoais","item":"https:\/\/www.suno.com.br\/noticias\/financas-pessoais\/"},{"@type":"ListItem","position":3,"name":"Teto do INSS deve subir para R$ 5.839,45 com base na infla\u00e7\u00e3o de 2018"}]},{"@type":"WebSite","@id":"https:\/\/www.suno.com.br\/noticias\/#website","url":"https:\/\/www.suno.com.br\/noticias\/","name":"Suno Not\u00edcias","description":"Seu portal de informa\u00e7\u00e3o sobre o mundo dos investimentos","publisher":{"@id":"https:\/\/www.suno.com.br\/noticias\/#organization"},"potentialAction":[{"@type":"SearchAction","target":{"@type":"EntryPoint","urlTemplate":"https:\/\/www.suno.com.br\/noticias\/?s={search_term_string}"},"query-input":{"@type":"PropertyValueSpecification","valueRequired":true,"valueName":"search_term_string"}}],"inLanguage":"pt-BR"},{"@type":"Organization","@id":"https:\/\/www.suno.com.br\/noticias\/#organization","name":"Suno Not\u00edcias","url":"https:\/\/www.suno.com.br\/noticias\/","logo":{"@type":"ImageObject","inLanguage":"pt-BR","@id":"https:\/\/www.suno.com.br\/noticias\/#\/schema\/logo\/image\/","url":"https:\/\/files.sunoresearch.com.br\/n\/uploads\/2021\/09\/suno-logo.png","contentUrl":"https:\/\/files.sunoresearch.com.br\/n\/uploads\/2021\/09\/suno-logo.png","width":180,"height":180,"caption":"Suno Not\u00edcias"},"image":{"@id":"https:\/\/www.suno.com.br\/noticias\/#\/schema\/logo\/image\/"},"sameAs":["https:\/\/facebook.com\/sunoresearch","https:\/\/x.com\/sunoresearch","https:\/\/www.instagram.com\/suno","https:\/\/www.linkedin.com\/company\/suno-research\/","https:\/\/www.youtube.com\/c\/sunoresearch"]},{"@type":"Person","@id":"https:\/\/www.suno.com.br\/noticias\/#\/schema\/person\/0d0c9687cd2f600c564f25980c140de9","name":"Guilherme Caetano","image":{"@type":"ImageObject","inLanguage":"pt-BR","@id":"https:\/\/www.suno.com.br\/noticias\/#\/schema\/person\/image\/","url":"https:\/\/secure.gravatar.com\/avatar\/e48357351a01702a0d19307070e081bf?s=96&r=g","contentUrl":"https:\/\/secure.gravatar.com\/avatar\/e48357351a01702a0d19307070e081bf?s=96&r=g","caption":"Guilherme Caetano"},"description":"Formado em jornalismo pela Escola de Comunica\u00e7\u00f5es e Artes da USP, Guilherme Caetano escreve para o portal de not\u00edcias da Suno Research. Passou pelas reda\u00e7\u00f5es da Folha de S.Paulo e da revista \u00c9poca.","url":"https:\/\/www.suno.com.br\/noticias\/author\/guilherme-caetano\/"}]}},"default_loop_html":"<div class=\"cardsPage__listCard__boxs\"><div class=\"cardsPage__listCard__boxs__img\"><a href=\"https:\/\/www.suno.com.br\/noticias\/teto-inss-subir-inflacao-2018\/\"><img class=\"mask\" src=\"https:\/\/www.suno.com.br\/noticias\/wp-content\/themes\/suno\/resources\/images\/spotlight\/spotlight1img\/bg-mask.png\" alt=\"Image Mask\"\/><img src=\"https:\/\/files.sunoresearch.com.br\/n\/uploads\/2018\/12\/inss-400x200.webp\" alt=\"Teto do INSS deve subir para R$ 5.839,45 com base na infla\u00e7\u00e3o de 2018\"\/><\/a><span class=\"spotlightCategory\"><a href=\"https:\/\/www.suno.com.br\/noticias\/economia\/\">Economia<\/a><\/span><\/div><div class=\"cardsPage__listCard__boxs__content\"><a href=\"https:\/\/www.suno.com.br\/noticias\/teto-inss-subir-inflacao-2018\/\"><h2 class=\"content__title\">Teto do INSS deve subir para R$ 5.839,45 com base na infla\u00e7\u00e3o de 2018<\/h2><\/a><div class=\"newsContent__article__meta\"><div class=\"newsContent__article__meta__authorBox\"><a href=\"https:\/\/www.suno.com.br\/noticias\/author\/guilherme-caetano\/\" class=\"authorBox__avatar noMobi\"><img src=\"https:\/\/secure.gravatar.com\/avatar\/e48357351a01702a0d19307070e081bf?s=96&#038;r=g\" alt=\"Guilherme Caetano\"><\/a><div class=\"authorBox__name\"><span>por\n\t\t\t<a href=\"https:\/\/www.suno.com.br\/noticias\/author\/guilherme-caetano\/\"><span itemprop=\"author\">Guilherme Caetano<\/span><\/a><\/span><time datetime=\"2019-01-11T18:12:57-02:00\" itemprop=\"datePublished\">11\/01\/2019 18:12<\/time><\/div><\/div><\/div><\/div><\/div>","single_layout":"posts","amp_enabled":true,"_links":{"self":[{"href":"https:\/\/www.suno.com.br\/noticias\/wp-json\/wp\/v2\/posts\/11361"}],"collection":[{"href":"https:\/\/www.suno.com.br\/noticias\/wp-json\/wp\/v2\/posts"}],"about":[{"href":"https:\/\/www.suno.com.br\/noticias\/wp-json\/wp\/v2\/types\/post"}],"author":[{"embeddable":true,"href":"https:\/\/www.suno.com.br\/noticias\/wp-json\/wp\/v2\/users\/13"}],"replies":[{"embeddable":true,"href":"https:\/\/www.suno.com.br\/noticias\/wp-json\/wp\/v2\/comments?post=11361"}],"version-history":[{"count":0,"href":"https:\/\/www.suno.com.br\/noticias\/wp-json\/wp\/v2\/posts\/11361\/revisions"}],"wp:featuredmedia":[{"embeddable":true,"href":"https:\/\/www.suno.com.br\/noticias\/wp-json\/wp\/v2\/media\/7953"}],"wp:attachment":[{"href":"https:\/\/www.suno.com.br\/noticias\/wp-json\/wp\/v2\/media?parent=11361"}],"wp:term":[{"taxonomy":"category","embeddable":true,"href":"https:\/\/www.suno.com.br\/noticias\/wp-json\/wp\/v2\/categories?post=11361"},{"taxonomy":"post_tag","embeddable":true,"href":"https:\/\/www.suno.com.br\/noticias\/wp-json\/wp\/v2\/tags?post=11361"},{"taxonomy":"suno_strategy","embeddable":true,"href":"https:\/\/www.suno.com.br\/noticias\/wp-json\/wp\/v2\/suno_strategy?post=11361"}],"curies":[{"name":"wp","href":"https:\/\/api.w.org\/{rel}","templated":true}]}}