{"id":113573,"date":"2021-01-15T07:12:02","date_gmt":"2021-01-15T10:12:02","guid":{"rendered":"https:\/\/www.suno.com.br\/noticias\/?p=113573"},"modified":"2021-06-13T23:27:54","modified_gmt":"2021-06-14T02:27:54","slug":"bolsas-mundiais-ny-europa-asia-15012021","status":"publish","type":"post","link":"https:\/\/www.suno.com.br\/noticias\/bolsas-mundiais-ny-europa-asia-15012021\/","title":{"rendered":"Bolsas mundiais recuam ap\u00f3s Biden detalhar novo pacote de est\u00edmulos"},"content":{"rendered":"<p>As<strong> bolsas mundiais<\/strong> operam levemente no vermelho na manh\u00e3 desta sexta-feira (15), ap\u00f3s a confirma\u00e7\u00e3o do presidente norte-americano eleito Joe Biden de que um novo pacote de est\u00edmulos monet\u00e1rios deve ser levado ao Congresso. O democrata pede US$ 1,9 trilh\u00e3o em dinheiro novo para sustentar a economia.<\/p>\t<div class=\"wrapper-featured-image\">\n\t\t<figure class=\"spotlightImg\">\n\n\t\t\t<picture>\n\t\t\t\t<source media=\"(max-width: 768px)\" srcset=\"https:\/\/files.sunoresearch.com.br\/n\/uploads\/2021\/01\/776ea9d9-noticia-de-hoje-19.08-1-400x200.webp\">\n\t\t\t\t<img loading=\"lazy\" decoding=\"async\" class=\"newsContent__article__imgCapa lazyloadDisabled \" src=\"https:\/\/files.sunoresearch.com.br\/n\/uploads\/2021\/01\/776ea9d9-noticia-de-hoje-19.08-1-800x450.webp\" width=\"800\" height=\"450\" alt=\"Bolsas mundiais recuam ap\u00f3s Biden detalhar novo pacote de est\u00edmulos\" fetchpriority=high \/>\n\t\t\t<\/picture>\n\n\t\t\t<figcaption class=\"wp-caption-text wp-caption-text--show\">Ibovespa<\/figcaption>\n\t\t<\/figure>\n\t<\/div>\n\n\n\t<p>\n\t\t<a href=\"https:\/\/lp.suno.com.br\/planilha-controle-gastos\/\" target=\"_blank\" data-element=\"shortcode-suno-banner\" title=\"Banner SUNO, clique e saiba mais\">\n\t\t\t<picture>\n\t\t\t\t<source media=\"(max-width: 500px)\" srcset=\"https:\/\/files.sunoresearch.com.br\/n\/uploads\/2023\/03\/400x300-Planilha-controle-de-gastos.png\">\n\t\t\t\t<img class=\"newsContent__article__imgCapa newsContent__article__imgCapa--banner\"\n\t\t\t\t\tsrc=\"https:\/\/files.sunoresearch.com.br\/n\/uploads\/2023\/03\/1420x240-Planilha-controle-de-gastos.png\"\n\t\t\t\t\tdata-promo-id=\"101751\"\t\t\t\t\t\t\t\t\t\twidth='1420' height='240'\t\t\t\t\talt=\"https:\/\/files.sunoresearch.com.br\/n\/uploads\/2023\/03\/1420x240-Planilha-controle-de-gastos.png\"\n\t\t\t\t>\n\t\t\t<\/picture>\n\t\t<\/a>\n\t<\/p>\n\n\n<p>O anterior otimismo das bolsas mundiais com o novo plano deu espa\u00e7o para a preocupa\u00e7\u00e3o ap\u00f3s a percep\u00e7\u00e3o de que o pacote pode sofrer entraves no Congresso, assim como a possibilidade de que alguns impostos possam ser elevados. Por volta das 6h50, o <a href=\"https:\/\/www.suno.com.br\/artigos\/sp-500\/\"><strong>S&amp;P 500<\/strong><\/a> futuro ca\u00eda 0,32%, para 3.779,12 pontos. Por outro lado, a <strong><a href=\"https:\/\/www.suno.com.br\/artigos\/nasdaq\/\">Nasdaq<\/a><\/strong>, cai 0,19%, para 12.878,00 pontos.<\/p>\n<p>\u201cN\u00e3o \u00e9 dif\u00edcil ver que estamos em uma crise econ\u00f4mica que ocorre uma vez em v\u00e1rias gera\u00e7\u00f5es\u201d, disse Biden ao revelar seu plano na noite da \u00faltima quinta-feira (14). \u201cTemos que agir e temos que agir agora.\u201d<\/p>\n<p><a href=\"https:\/\/lp.suno.com.br\/suno-one\/\"><span style=\"font-weight: 400;\">Suno One: acesse gratuitamente eBooks, Minicursos, Artigos e Video Aulas sobre investimentos com um \u00fanico cadastro. Clique para saber mais!<\/span><\/a><\/p>\n<p>O plano contempla um pacto de US$ 400 bilh\u00f5es para conter o avan\u00e7o da pandemia do <a href=\"https:\/\/www.suno.com.br\/noticias\/search\/coronav%C3%ADrus\">novo <strong>coronav\u00edrus<\/strong> (Covid-19)<\/a> e acelerar a abertura da economia, assim como US$ 1.400 em pagamentos adicionais por pessoa na maioria das fam\u00edlias do pa\u00eds, como forma de um est\u00edmulo direto. Ele tamb\u00e9m prop\u00f5e um seguro-desemprego de US$ 400 por semana at\u00e9 setembro, f\u00e9rias remuneradas ampliadas e aumento no cr\u00e9dito tribut\u00e1rio infantil.<\/p>\n<p>Por outro lado, o presidente do <a href=\"https:\/\/www.suno.com.br\/artigos\/fed\/\">Federal Reserve (<strong>Fed<\/strong>)<\/a>, Jerome Powell, disse na quinta-feira que o aumento da taxa de juros &#8220;n\u00e3o vir\u00e1 t\u00e3o cedo&#8221;, entendendo que a economia ainda precisa de ajuda atrav\u00e9s da pol\u00edtica monet\u00e1ria do Banco Central.<\/p>\n\t<p>\n\t\t<a href=\"https:\/\/lp.suno.com.br\/ebook-como-analisar-uma-acao\/\" target=\"_blank\" data-element=\"shortcode-suno-banner\" title=\"Banner SUNO, clique e saiba mais\">\n\t\t\t<picture>\n\t\t\t\t<source media=\"(max-width: 500px)\" srcset=\"https:\/\/files.sunoresearch.com.br\/n\/uploads\/2023\/03\/Ebook-Acoes-Mobile.jpg\">\n\t\t\t\t<img class=\"newsContent__article__imgCapa newsContent__article__imgCapa--banner\"\n\t\t\t\t\tsrc=\"https:\/\/files.sunoresearch.com.br\/n\/uploads\/2023\/03\/Ebook-Acoes-Desktop.jpg\"\n\t\t\t\t\tdata-promo-id=\"378302\"\t\t\t\t\t\t\t\t\t\twidth='1420' height='286'\t\t\t\t\talt=\"https:\/\/files.sunoresearch.com.br\/n\/uploads\/2023\/03\/Ebook-Acoes-Desktop.jpg\"\n\t\t\t\t>\n\t\t\t<\/picture>\n\t\t<\/a>\n\t<\/p>\n\n\n<p>De acordo com o mandat\u00e1rio, os <strong>Estados Unidos<\/strong> est\u00e3o longe de ter novamente um mercado de trabalho forte, ressaltando ainda que as pol\u00edticas de dinheiro f\u00e1cil do Fed permanecer\u00e3o em vigor no futuro pr\u00f3ximo. \u201cEstamos muito longe do pleno emprego\u201d, declarou Powell.<\/p>\n<p>De olho no desenvolvimento de vacinas que possam combater o v\u00edrus, os investidores digerem as falas do <a href=\"https:\/\/www.suno.com.br\/artigos\/ceo\/\">CEO<\/a> da <strong>Moderna<\/strong> na quinta-feira. Stephane Bancel disse que o coronav\u00edrus &#8220;vai ficar por aqui para sempre\u201d, e que teremos que viver com a doen\u00e7a. As autoridades, portanto, devem ficar de olho em novas variantes do <strong>v\u00edrus<\/strong>, a fim de controlar o processo de dissemina\u00e7\u00e3o na popula\u00e7\u00e3o.<\/p>\n\t<div data-element=\"shortcode-read-more\" class=\"knowMore\">\n\t\t\t\t<span class=\"knowMore__title\">Leia tamb\u00e9m<\/span>\n\t\t\t\t<a class=\"knowMore__link\" href=\"https:\/\/www.suno.com.br\/noticias\/jack-dorsey-twitter-banimento-trump\/\">\n\t\t\tJack Dorsey, do Twitter, diz que banimento de Trump foi correto mas abre precedente perigoso\t\t<\/a>\n\t<\/div>\n\n\n<p>At\u00e9 agora, quase 33 milh\u00f5es de doses de <strong>vacinas<\/strong> j\u00e1 foram administradas em todo o mundo. Estados Unidos e <strong>China<\/strong> est\u00e3o na frente, com a aplica\u00e7\u00e3o de 10,28 milh\u00f5es e 10 milh\u00f5es de doses, respectivamente. Nesta semana, est\u00e3o sendo vacinadas cerca de 500 mil pessoas, em m\u00e9dia, por dia em territ\u00f3rio norte-americano.<\/p>\n<h2>Desempenho das bolsas mundiais<\/h2>\n<p>Confira o desempenho das principais bolsas mundiais por volta das 7h05:<\/p>\n<ul>\n<li>S&amp;P 500 futuro: -0,26%<\/li>\n<li>Nasdaq futuro: -0,13%<\/li>\n<li><a href=\"https:\/\/www.suno.com.br\/artigos\/dax-30\/\">DAX 30<\/a>: -0,31%<\/li>\n<li><a href=\"https:\/\/www.suno.com.br\/artigos\/ftse-100\/\">FTSE 100<\/a>: -0,31%<\/li>\n<li><a href=\"https:\/\/www.suno.com.br\/artigos\/euro-stoxx-50\/\">Euro Stoxx 50<\/a>: -0,26%<\/li>\n<li>SSE Composite: +0,01%<\/li>\n<li><a href=\"https:\/\/www.suno.com.br\/artigos\/nikkei-225\/\">Nikkei 225<\/a>: -0,62%<\/li>\n<\/ul>\n<p>As <strong>bolsas mundiais<\/strong> e os mercados futuros, que tem registrado m\u00e1ximas hist\u00f3ricas, voltam a demonstrar certa cautela, mesmo com o avan\u00e7o de vacinas. A espera por um imunizante sustenta a esperan\u00e7a dos investidores, que projetam a volta da normalidade na atividade econ\u00f4mica em todo o mundo.<\/p>\n\t<p>\n\t\t<a href=\"https:\/\/lp.suno.com.br\/planilha-de-controle-de-investimentos\/\" target=\"_blank\" data-element=\"shortcode-suno-banner\" title=\"Banner SUNO, clique e saiba mais\">\n\t\t\t<picture>\n\t\t\t\t<source media=\"(max-width: 500px)\" srcset=\"https:\/\/files.sunoresearch.com.br\/n\/uploads\/2023\/03\/400x300-Controle-de-Investimentos.png\">\n\t\t\t\t<img class=\"newsContent__article__imgCapa newsContent__article__imgCapa--banner\"\n\t\t\t\t\tsrc=\"https:\/\/files.sunoresearch.com.br\/n\/uploads\/2023\/03\/1420x240-Controle-de-Investimentos.png\"\n\t\t\t\t\tdata-promo-id=\"75934\"\t\t\t\t\t\t\t\t\t\twidth='1420' height='240'\t\t\t\t\talt=\"https:\/\/files.sunoresearch.com.br\/n\/uploads\/2023\/03\/1420x240-Controle-de-Investimentos.png\"\n\t\t\t\t>\n\t\t\t<\/picture>\n\t\t<\/a>\n\t<\/p>\n\n\n","protected":false},"excerpt":{"rendered":"<p>As bolsas mundiais operam levemente no vermelho na manh\u00e3 desta sexta-feira (15), ap\u00f3s a confirma\u00e7\u00e3o do presidente norte-americano eleito Joe Biden de que um novo pacote de est\u00edmulos monet\u00e1rios deve ser levado ao Congresso. O democrata pede US$ 1,9 trilh\u00e3o em dinheiro novo para sustentar a economia. Ibovespa O anterior otimismo das bolsas mundiais com [&hellip;]<\/p>\n","protected":false},"author":24,"featured_media":113580,"comment_status":"closed","ping_status":"closed","sticky":false,"template":"","format":"standard","meta":[],"categories":[60],"tags":[104703,2487,793,73481,2667],"suno_strategy":[],"class_list":["post-113573","post","type-post","status-publish","format-standard","has-post-thumbnail","hentry","category-mercado","tag-bolsas-mundiais","tag-coronavirus","tag-estados-unidos-eua","tag-joe-biden","tag-sp-500"],"yoast_head":"<!-- This site is optimized with the Yoast SEO plugin v24.4 - https:\/\/yoast.com\/wordpress\/plugins\/seo\/ -->\n<title>Bolsas mundiais recuam ap\u00f3s Biden detalhar novo pacote de est\u00edmulos<\/title>\n<meta name=\"description\" content=\"As bolsas mundiais operam levemente no vermelho na manh\u00e3 desta sexta, ap\u00f3s a confirma\u00e7\u00e3o do novo pacote de est\u00edmulos dos EUA. Saiba mais.\" \/>\n<meta name=\"robots\" content=\"index, follow, max-snippet:-1, max-image-preview:large, max-video-preview:-1\" \/>\n<link rel=\"canonical\" href=\"https:\/\/www.suno.com.br\/noticias\/bolsas-mundiais-ny-europa-asia-15012021\/\" \/>\n<meta property=\"og:locale\" content=\"pt_BR\" \/>\n<meta property=\"og:type\" content=\"article\" \/>\n<meta property=\"og:title\" content=\"Bolsas mundiais recuam ap\u00f3s Biden detalhar novo pacote de est\u00edmulos\" \/>\n<meta property=\"og:description\" content=\"As bolsas mundiais operam levemente no vermelho na manh\u00e3 desta sexta, ap\u00f3s a confirma\u00e7\u00e3o do novo pacote de est\u00edmulos dos EUA. Saiba mais.\" \/>\n<meta property=\"og:url\" content=\"https:\/\/www.suno.com.br\/noticias\/bolsas-mundiais-ny-europa-asia-15012021\/\" \/>\n<meta property=\"og:site_name\" content=\"Suno Not\u00edcias\" \/>\n<meta property=\"article:publisher\" content=\"https:\/\/facebook.com\/sunoresearch\" \/>\n<meta property=\"og:image\" content=\"https:\/\/files.sunoresearch.com.br\/n\/uploads\/2021\/01\/776ea9d9-noticia-de-hoje-19.08-1.jpg\" \/>\n\t<meta property=\"og:image:width\" content=\"1200\" \/>\n\t<meta property=\"og:image:height\" content=\"780\" \/>\n\t<meta property=\"og:image:type\" content=\"image\/jpeg\" \/>\n<meta name=\"author\" content=\"Jader Lazarini\" \/>\n<meta name=\"twitter:card\" content=\"summary_large_image\" \/>\n<meta name=\"twitter:creator\" content=\"@sunoresearch\" \/>\n<meta name=\"twitter:site\" content=\"@sunoresearch\" \/>\n<meta name=\"twitter:label1\" content=\"Escrito por\" \/>\n\t<meta name=\"twitter:data1\" content=\"Jader Lazarini\" \/>\n\t<meta name=\"twitter:label2\" content=\"Est. tempo de leitura\" \/>\n\t<meta name=\"twitter:data2\" content=\"3 minutos\" \/>\n<script type=\"application\/ld+json\" class=\"yoast-schema-graph\">{\"@context\":\"https:\/\/schema.org\",\"@graph\":[{\"@type\":\"NewsArticle\",\"@id\":\"https:\/\/www.suno.com.br\/noticias\/bolsas-mundiais-ny-europa-asia-15012021\/#article\",\"isPartOf\":{\"@id\":\"https:\/\/www.suno.com.br\/noticias\/bolsas-mundiais-ny-europa-asia-15012021\/\"},\"author\":{\"name\":\"Jader Lazarini\",\"@id\":\"https:\/\/www.suno.com.br\/noticias\/#\/schema\/person\/918d79de1f0281f01599b93f9ea6e23f\"},\"headline\":\"Bolsas mundiais recuam ap\u00f3s Biden detalhar novo pacote de est\u00edmulos\",\"datePublished\":\"2021-01-15T10:12:02+00:00\",\"dateModified\":\"2021-06-14T02:27:54+00:00\",\"mainEntityOfPage\":{\"@id\":\"https:\/\/www.suno.com.br\/noticias\/bolsas-mundiais-ny-europa-asia-15012021\/\"},\"wordCount\":593,\"publisher\":{\"@id\":\"https:\/\/www.suno.com.br\/noticias\/#organization\"},\"image\":{\"@id\":\"https:\/\/www.suno.com.br\/noticias\/bolsas-mundiais-ny-europa-asia-15012021\/#primaryimage\"},\"thumbnailUrl\":\"https:\/\/files.sunoresearch.com.br\/n\/uploads\/2021\/01\/776ea9d9-noticia-de-hoje-19.08-1-jpg.webp\",\"keywords\":[\"Bolsas mundiais\",\"coronav\u00edrus\",\"Estados Unidos (EUA)\",\"Joe Biden\",\"S&amp;P 500\"],\"articleSection\":[\"Mercado\"],\"inLanguage\":\"pt-BR\"},{\"@type\":\"WebPage\",\"@id\":\"https:\/\/www.suno.com.br\/noticias\/bolsas-mundiais-ny-europa-asia-15012021\/\",\"url\":\"https:\/\/www.suno.com.br\/noticias\/bolsas-mundiais-ny-europa-asia-15012021\/\",\"name\":\"Bolsas mundiais recuam ap\u00f3s Biden detalhar novo pacote de est\u00edmulos\",\"isPartOf\":{\"@id\":\"https:\/\/www.suno.com.br\/noticias\/#website\"},\"primaryImageOfPage\":{\"@id\":\"https:\/\/www.suno.com.br\/noticias\/bolsas-mundiais-ny-europa-asia-15012021\/#primaryimage\"},\"image\":{\"@id\":\"https:\/\/www.suno.com.br\/noticias\/bolsas-mundiais-ny-europa-asia-15012021\/#primaryimage\"},\"thumbnailUrl\":\"https:\/\/files.sunoresearch.com.br\/n\/uploads\/2021\/01\/776ea9d9-noticia-de-hoje-19.08-1-jpg.webp\",\"datePublished\":\"2021-01-15T10:12:02+00:00\",\"dateModified\":\"2021-06-14T02:27:54+00:00\",\"description\":\"As bolsas mundiais operam levemente no vermelho na manh\u00e3 desta sexta, ap\u00f3s a confirma\u00e7\u00e3o do novo pacote de est\u00edmulos dos EUA. Saiba mais.\",\"breadcrumb\":{\"@id\":\"https:\/\/www.suno.com.br\/noticias\/bolsas-mundiais-ny-europa-asia-15012021\/#breadcrumb\"},\"inLanguage\":\"pt-BR\",\"potentialAction\":[{\"@type\":\"ReadAction\",\"target\":[\"https:\/\/www.suno.com.br\/noticias\/bolsas-mundiais-ny-europa-asia-15012021\/\"]}]},{\"@type\":\"ImageObject\",\"inLanguage\":\"pt-BR\",\"@id\":\"https:\/\/www.suno.com.br\/noticias\/bolsas-mundiais-ny-europa-asia-15012021\/#primaryimage\",\"url\":\"https:\/\/files.sunoresearch.com.br\/n\/uploads\/2021\/01\/776ea9d9-noticia-de-hoje-19.08-1-jpg.webp\",\"contentUrl\":\"https:\/\/files.sunoresearch.com.br\/n\/uploads\/2021\/01\/776ea9d9-noticia-de-hoje-19.08-1-jpg.webp\",\"width\":1200,\"height\":780,\"caption\":\"Ibovespa\"},{\"@type\":\"BreadcrumbList\",\"@id\":\"https:\/\/www.suno.com.br\/noticias\/bolsas-mundiais-ny-europa-asia-15012021\/#breadcrumb\",\"itemListElement\":[{\"@type\":\"ListItem\",\"position\":1,\"name\":\"Not\u00edcias\",\"item\":\"https:\/\/www.suno.com.br\/noticias\/\"},{\"@type\":\"ListItem\",\"position\":2,\"name\":\"Mercado\",\"item\":\"https:\/\/www.suno.com.br\/noticias\/mercado\/\"},{\"@type\":\"ListItem\",\"position\":3,\"name\":\"Bolsas mundiais recuam ap\u00f3s Biden detalhar novo pacote de est\u00edmulos\"}]},{\"@type\":\"WebSite\",\"@id\":\"https:\/\/www.suno.com.br\/noticias\/#website\",\"url\":\"https:\/\/www.suno.com.br\/noticias\/\",\"name\":\"Suno Not\u00edcias\",\"description\":\"Seu portal de informa\u00e7\u00e3o sobre o mundo dos investimentos\",\"publisher\":{\"@id\":\"https:\/\/www.suno.com.br\/noticias\/#organization\"},\"potentialAction\":[{\"@type\":\"SearchAction\",\"target\":{\"@type\":\"EntryPoint\",\"urlTemplate\":\"https:\/\/www.suno.com.br\/noticias\/?s={search_term_string}\"},\"query-input\":{\"@type\":\"PropertyValueSpecification\",\"valueRequired\":true,\"valueName\":\"search_term_string\"}}],\"inLanguage\":\"pt-BR\"},{\"@type\":\"Organization\",\"@id\":\"https:\/\/www.suno.com.br\/noticias\/#organization\",\"name\":\"Suno Not\u00edcias\",\"url\":\"https:\/\/www.suno.com.br\/noticias\/\",\"logo\":{\"@type\":\"ImageObject\",\"inLanguage\":\"pt-BR\",\"@id\":\"https:\/\/www.suno.com.br\/noticias\/#\/schema\/logo\/image\/\",\"url\":\"https:\/\/files.sunoresearch.com.br\/n\/uploads\/2021\/09\/suno-logo.png\",\"contentUrl\":\"https:\/\/files.sunoresearch.com.br\/n\/uploads\/2021\/09\/suno-logo.png\",\"width\":180,\"height\":180,\"caption\":\"Suno Not\u00edcias\"},\"image\":{\"@id\":\"https:\/\/www.suno.com.br\/noticias\/#\/schema\/logo\/image\/\"},\"sameAs\":[\"https:\/\/facebook.com\/sunoresearch\",\"https:\/\/x.com\/sunoresearch\",\"https:\/\/www.instagram.com\/suno\",\"https:\/\/www.linkedin.com\/company\/suno-research\/\",\"https:\/\/www.youtube.com\/c\/sunoresearch\"]},{\"@type\":\"Person\",\"@id\":\"https:\/\/www.suno.com.br\/noticias\/#\/schema\/person\/918d79de1f0281f01599b93f9ea6e23f\",\"name\":\"Jader Lazarini\",\"image\":{\"@type\":\"ImageObject\",\"inLanguage\":\"pt-BR\",\"@id\":\"https:\/\/www.suno.com.br\/noticias\/#\/schema\/person\/image\/\",\"url\":\"https:\/\/secure.gravatar.com\/avatar\/3c1ad8caa51589841baeb923fcddea97?s=96&r=g\",\"contentUrl\":\"https:\/\/secure.gravatar.com\/avatar\/3c1ad8caa51589841baeb923fcddea97?s=96&r=g\",\"caption\":\"Jader Lazarini\"},\"description\":\"Jader Lazarini escreve sobre investimentos, finan\u00e7as, economia e neg\u00f3cios. \u00c9 bacharel em Rela\u00e7\u00f5es Internacionais e analista CNPI (2619).\",\"url\":\"https:\/\/www.suno.com.br\/noticias\/author\/jader-lazarini\/\"}]}<\/script>\n<!-- \/ Yoast SEO plugin. -->","yoast_head_json":{"title":"Bolsas mundiais recuam ap\u00f3s Biden detalhar novo pacote de est\u00edmulos","description":"As bolsas mundiais operam levemente no vermelho na manh\u00e3 desta sexta, ap\u00f3s a confirma\u00e7\u00e3o do novo pacote de est\u00edmulos dos EUA. Saiba mais.","robots":{"index":"index","follow":"follow","max-snippet":"max-snippet:-1","max-image-preview":"max-image-preview:large","max-video-preview":"max-video-preview:-1"},"canonical":"https:\/\/www.suno.com.br\/noticias\/bolsas-mundiais-ny-europa-asia-15012021\/","og_locale":"pt_BR","og_type":"article","og_title":"Bolsas mundiais recuam ap\u00f3s Biden detalhar novo pacote de est\u00edmulos","og_description":"As bolsas mundiais operam levemente no vermelho na manh\u00e3 desta sexta, ap\u00f3s a confirma\u00e7\u00e3o do novo pacote de est\u00edmulos dos EUA. Saiba mais.","og_url":"https:\/\/www.suno.com.br\/noticias\/bolsas-mundiais-ny-europa-asia-15012021\/","og_site_name":"Suno Not\u00edcias","article_publisher":"https:\/\/facebook.com\/sunoresearch","og_image":[{"width":1200,"height":780,"url":"https:\/\/files.sunoresearch.com.br\/n\/uploads\/2021\/01\/776ea9d9-noticia-de-hoje-19.08-1.jpg","type":"image\/jpeg"}],"author":"Jader Lazarini","twitter_card":"summary_large_image","twitter_creator":"@sunoresearch","twitter_site":"@sunoresearch","twitter_misc":{"Escrito por":"Jader Lazarini","Est. tempo de leitura":"3 minutos"},"schema":{"@context":"https:\/\/schema.org","@graph":[{"@type":"NewsArticle","@id":"https:\/\/www.suno.com.br\/noticias\/bolsas-mundiais-ny-europa-asia-15012021\/#article","isPartOf":{"@id":"https:\/\/www.suno.com.br\/noticias\/bolsas-mundiais-ny-europa-asia-15012021\/"},"author":{"name":"Jader Lazarini","@id":"https:\/\/www.suno.com.br\/noticias\/#\/schema\/person\/918d79de1f0281f01599b93f9ea6e23f"},"headline":"Bolsas mundiais recuam ap\u00f3s Biden detalhar novo pacote de est\u00edmulos","datePublished":"2021-01-15T10:12:02+00:00","dateModified":"2021-06-14T02:27:54+00:00","mainEntityOfPage":{"@id":"https:\/\/www.suno.com.br\/noticias\/bolsas-mundiais-ny-europa-asia-15012021\/"},"wordCount":593,"publisher":{"@id":"https:\/\/www.suno.com.br\/noticias\/#organization"},"image":{"@id":"https:\/\/www.suno.com.br\/noticias\/bolsas-mundiais-ny-europa-asia-15012021\/#primaryimage"},"thumbnailUrl":"https:\/\/files.sunoresearch.com.br\/n\/uploads\/2021\/01\/776ea9d9-noticia-de-hoje-19.08-1-jpg.webp","keywords":["Bolsas mundiais","coronav\u00edrus","Estados Unidos (EUA)","Joe Biden","S&amp;P 500"],"articleSection":["Mercado"],"inLanguage":"pt-BR"},{"@type":"WebPage","@id":"https:\/\/www.suno.com.br\/noticias\/bolsas-mundiais-ny-europa-asia-15012021\/","url":"https:\/\/www.suno.com.br\/noticias\/bolsas-mundiais-ny-europa-asia-15012021\/","name":"Bolsas mundiais recuam ap\u00f3s Biden detalhar novo pacote de est\u00edmulos","isPartOf":{"@id":"https:\/\/www.suno.com.br\/noticias\/#website"},"primaryImageOfPage":{"@id":"https:\/\/www.suno.com.br\/noticias\/bolsas-mundiais-ny-europa-asia-15012021\/#primaryimage"},"image":{"@id":"https:\/\/www.suno.com.br\/noticias\/bolsas-mundiais-ny-europa-asia-15012021\/#primaryimage"},"thumbnailUrl":"https:\/\/files.sunoresearch.com.br\/n\/uploads\/2021\/01\/776ea9d9-noticia-de-hoje-19.08-1-jpg.webp","datePublished":"2021-01-15T10:12:02+00:00","dateModified":"2021-06-14T02:27:54+00:00","description":"As bolsas mundiais operam levemente no vermelho na manh\u00e3 desta sexta, ap\u00f3s a confirma\u00e7\u00e3o do novo pacote de est\u00edmulos dos EUA. Saiba mais.","breadcrumb":{"@id":"https:\/\/www.suno.com.br\/noticias\/bolsas-mundiais-ny-europa-asia-15012021\/#breadcrumb"},"inLanguage":"pt-BR","potentialAction":[{"@type":"ReadAction","target":["https:\/\/www.suno.com.br\/noticias\/bolsas-mundiais-ny-europa-asia-15012021\/"]}]},{"@type":"ImageObject","inLanguage":"pt-BR","@id":"https:\/\/www.suno.com.br\/noticias\/bolsas-mundiais-ny-europa-asia-15012021\/#primaryimage","url":"https:\/\/files.sunoresearch.com.br\/n\/uploads\/2021\/01\/776ea9d9-noticia-de-hoje-19.08-1-jpg.webp","contentUrl":"https:\/\/files.sunoresearch.com.br\/n\/uploads\/2021\/01\/776ea9d9-noticia-de-hoje-19.08-1-jpg.webp","width":1200,"height":780,"caption":"Ibovespa"},{"@type":"BreadcrumbList","@id":"https:\/\/www.suno.com.br\/noticias\/bolsas-mundiais-ny-europa-asia-15012021\/#breadcrumb","itemListElement":[{"@type":"ListItem","position":1,"name":"Not\u00edcias","item":"https:\/\/www.suno.com.br\/noticias\/"},{"@type":"ListItem","position":2,"name":"Mercado","item":"https:\/\/www.suno.com.br\/noticias\/mercado\/"},{"@type":"ListItem","position":3,"name":"Bolsas mundiais recuam ap\u00f3s Biden detalhar novo pacote de est\u00edmulos"}]},{"@type":"WebSite","@id":"https:\/\/www.suno.com.br\/noticias\/#website","url":"https:\/\/www.suno.com.br\/noticias\/","name":"Suno Not\u00edcias","description":"Seu portal de informa\u00e7\u00e3o sobre o mundo dos investimentos","publisher":{"@id":"https:\/\/www.suno.com.br\/noticias\/#organization"},"potentialAction":[{"@type":"SearchAction","target":{"@type":"EntryPoint","urlTemplate":"https:\/\/www.suno.com.br\/noticias\/?s={search_term_string}"},"query-input":{"@type":"PropertyValueSpecification","valueRequired":true,"valueName":"search_term_string"}}],"inLanguage":"pt-BR"},{"@type":"Organization","@id":"https:\/\/www.suno.com.br\/noticias\/#organization","name":"Suno Not\u00edcias","url":"https:\/\/www.suno.com.br\/noticias\/","logo":{"@type":"ImageObject","inLanguage":"pt-BR","@id":"https:\/\/www.suno.com.br\/noticias\/#\/schema\/logo\/image\/","url":"https:\/\/files.sunoresearch.com.br\/n\/uploads\/2021\/09\/suno-logo.png","contentUrl":"https:\/\/files.sunoresearch.com.br\/n\/uploads\/2021\/09\/suno-logo.png","width":180,"height":180,"caption":"Suno Not\u00edcias"},"image":{"@id":"https:\/\/www.suno.com.br\/noticias\/#\/schema\/logo\/image\/"},"sameAs":["https:\/\/facebook.com\/sunoresearch","https:\/\/x.com\/sunoresearch","https:\/\/www.instagram.com\/suno","https:\/\/www.linkedin.com\/company\/suno-research\/","https:\/\/www.youtube.com\/c\/sunoresearch"]},{"@type":"Person","@id":"https:\/\/www.suno.com.br\/noticias\/#\/schema\/person\/918d79de1f0281f01599b93f9ea6e23f","name":"Jader Lazarini","image":{"@type":"ImageObject","inLanguage":"pt-BR","@id":"https:\/\/www.suno.com.br\/noticias\/#\/schema\/person\/image\/","url":"https:\/\/secure.gravatar.com\/avatar\/3c1ad8caa51589841baeb923fcddea97?s=96&r=g","contentUrl":"https:\/\/secure.gravatar.com\/avatar\/3c1ad8caa51589841baeb923fcddea97?s=96&r=g","caption":"Jader Lazarini"},"description":"Jader Lazarini escreve sobre investimentos, finan\u00e7as, economia e neg\u00f3cios. \u00c9 bacharel em Rela\u00e7\u00f5es Internacionais e analista CNPI (2619).","url":"https:\/\/www.suno.com.br\/noticias\/author\/jader-lazarini\/"}]}},"default_loop_html":"<div class=\"cardsPage__listCard__boxs\"><div class=\"cardsPage__listCard__boxs__img\"><a href=\"https:\/\/www.suno.com.br\/noticias\/bolsas-mundiais-ny-europa-asia-15012021\/\"><img class=\"mask\" src=\"https:\/\/www.suno.com.br\/noticias\/wp-content\/themes\/suno\/resources\/images\/spotlight\/spotlight1img\/bg-mask.png\" alt=\"Image Mask\"\/><img src=\"https:\/\/files.sunoresearch.com.br\/n\/uploads\/2021\/01\/776ea9d9-noticia-de-hoje-19.08-1-400x200.webp\" alt=\"Bolsas mundiais recuam ap\u00f3s Biden detalhar novo pacote de est\u00edmulos\"\/><\/a><span class=\"spotlightCategory\"><a href=\"https:\/\/www.suno.com.br\/noticias\/mercado\/\">Mercado<\/a><\/span><\/div><div class=\"cardsPage__listCard__boxs__content\"><a href=\"https:\/\/www.suno.com.br\/noticias\/bolsas-mundiais-ny-europa-asia-15012021\/\"><h2 class=\"content__title\">Bolsas mundiais recuam ap\u00f3s Biden detalhar novo pacote de est\u00edmulos<\/h2><\/a><div class=\"newsContent__article__meta\"><div class=\"newsContent__article__meta__authorBox\"><a href=\"https:\/\/www.suno.com.br\/noticias\/author\/jader-lazarini\/\" class=\"authorBox__avatar noMobi\"><img src=\"https:\/\/files.sunoresearch.com.br\/n\/uploads\/2021\/01\/178e6598-foto-perfil-2-150x150.jpg\" alt=\"Jader Lazarini\"><\/a><div class=\"authorBox__name\"><span>por\n\t\t\t<a href=\"https:\/\/www.suno.com.br\/noticias\/author\/jader-lazarini\/\"><span itemprop=\"author\">Jader Lazarini<\/span><\/a><\/span><time datetime=\"2021-01-15T07:12:02-03:00\" itemprop=\"datePublished\">15\/01\/2021 07:12<\/time><\/div><\/div><\/div><\/div><\/div>","single_layout":"posts","amp_enabled":true,"_links":{"self":[{"href":"https:\/\/www.suno.com.br\/noticias\/wp-json\/wp\/v2\/posts\/113573"}],"collection":[{"href":"https:\/\/www.suno.com.br\/noticias\/wp-json\/wp\/v2\/posts"}],"about":[{"href":"https:\/\/www.suno.com.br\/noticias\/wp-json\/wp\/v2\/types\/post"}],"author":[{"embeddable":true,"href":"https:\/\/www.suno.com.br\/noticias\/wp-json\/wp\/v2\/users\/24"}],"replies":[{"embeddable":true,"href":"https:\/\/www.suno.com.br\/noticias\/wp-json\/wp\/v2\/comments?post=113573"}],"version-history":[{"count":1,"href":"https:\/\/www.suno.com.br\/noticias\/wp-json\/wp\/v2\/posts\/113573\/revisions"}],"predecessor-version":[{"id":156736,"href":"https:\/\/www.suno.com.br\/noticias\/wp-json\/wp\/v2\/posts\/113573\/revisions\/156736"}],"wp:featuredmedia":[{"embeddable":true,"href":"https:\/\/www.suno.com.br\/noticias\/wp-json\/wp\/v2\/media\/113580"}],"wp:attachment":[{"href":"https:\/\/www.suno.com.br\/noticias\/wp-json\/wp\/v2\/media?parent=113573"}],"wp:term":[{"taxonomy":"category","embeddable":true,"href":"https:\/\/www.suno.com.br\/noticias\/wp-json\/wp\/v2\/categories?post=113573"},{"taxonomy":"post_tag","embeddable":true,"href":"https:\/\/www.suno.com.br\/noticias\/wp-json\/wp\/v2\/tags?post=113573"},{"taxonomy":"suno_strategy","embeddable":true,"href":"https:\/\/www.suno.com.br\/noticias\/wp-json\/wp\/v2\/suno_strategy?post=113573"}],"curies":[{"name":"wp","href":"https:\/\/api.w.org\/{rel}","templated":true}]}}