{"id":113483,"date":"2021-01-14T17:29:14","date_gmt":"2021-01-14T20:29:14","guid":{"rendered":"https:\/\/www.suno.com.br\/noticias\/?p=113483"},"modified":"2021-05-29T20:30:59","modified_gmt":"2021-05-29T23:30:59","slug":"dolar-fecha-queda-14012021","status":"publish","type":"post","link":"https:\/\/www.suno.com.br\/noticias\/dolar-fecha-queda-14012021\/","title":{"rendered":"D\u00f3lar cai 1,9%, a R$ 5,21, com expectativa por est\u00edmulos nos EUA e Fed"},"content":{"rendered":"<p>O <a href=\"https:\/\/www.suno.com.br\/artigos\/investir-em-dolar\/\"><strong>d\u00f3lar<\/strong> hoje<\/a> encerrou a sess\u00e3o em baixa de 1,9%, cotado a R$ 5,2097 na venda, puxado pela expectativa por novos est\u00edmulos nos Estados Unidos e pela fala do do presidente do <a href=\"https:\/\/www.suno.com.br\/artigos\/dolar\/\">Federal Reserve (Fed<\/a>, o banco central americano), <a href=\"https:\/\/www.suno.com.br\/tudo-sobre\/jerome-powell\/\">Jerome Powell<\/a>.<\/p>\t<div class=\"wrapper-featured-image\">\n\t\t<figure class=\"spotlightImg\">\n\n\t\t\t<picture>\n\t\t\t\t<source media=\"(max-width: 768px)\" srcset=\"https:\/\/files.sunoresearch.com.br\/n\/uploads\/2020\/09\/53db1664-dolar-400x400-1-400x200.webp\">\n\t\t\t\t<img loading=\"lazy\" decoding=\"async\" class=\"newsContent__article__imgCapa lazyloadDisabled \" src=\"https:\/\/files.sunoresearch.com.br\/n\/uploads\/2020\/09\/53db1664-dolar-400x400-1-jpg.webp\" width=\"800\" height=\"450\" alt=\"D\u00f3lar cai 1,9%, a R$ 5,21, com expectativa por est\u00edmulos nos EUA e Fed\" fetchpriority=high \/>\n\t\t\t<\/picture>\n\n\t\t\t<figcaption class=\"wp-caption-text wp-caption-text--show\">O d\u00f3lar hoje registrou mais um queda expressiva com expectativa de est\u00edmulos nos EUA<\/figcaption>\n\t\t<\/figure>\n\t<\/div>\n\n\n\t<p>\n\t\t<a href=\"https:\/\/lp.suno.com.br\/planilha-controle-gastos\/\" target=\"_blank\" data-element=\"shortcode-suno-banner\" title=\"Banner SUNO, clique e saiba mais\">\n\t\t\t<picture>\n\t\t\t\t<source media=\"(max-width: 500px)\" srcset=\"https:\/\/files.sunoresearch.com.br\/n\/uploads\/2023\/03\/400x300-Planilha-controle-de-gastos.png\">\n\t\t\t\t<img class=\"newsContent__article__imgCapa newsContent__article__imgCapa--banner\"\n\t\t\t\t\tsrc=\"https:\/\/files.sunoresearch.com.br\/n\/uploads\/2023\/03\/1420x240-Planilha-controle-de-gastos.png\"\n\t\t\t\t\tdata-promo-id=\"101751\"\t\t\t\t\t\t\t\t\t\twidth='1420' height='240'\t\t\t\t\talt=\"https:\/\/files.sunoresearch.com.br\/n\/uploads\/2023\/03\/1420x240-Planilha-controle-de-gastos.png\"\n\t\t\t\t>\n\t\t\t<\/picture>\n\t\t<\/a>\n\t<\/p>\n\n\n<p>O <strong>d\u00f3lar hoje<\/strong> deu sequ\u00eancia ao movimento de quedas com os investidores \u00e0 espera do pacote de est\u00edmulos nos Estados Unidos. De acordo com a rede de televis\u00e3o norte-americana <em>CNN<\/em>, pessoas pr\u00f3ximos ao presidente eleito Joe Biden disseram que o projeto pode chegar a US$ 2 trilh\u00f5es (cerca de R$ 10,42 trilh\u00f5es).<\/p>\n<p>Contribuiu tamb\u00e9m a desvaloriza\u00e7\u00e3o da divisa americana, a sinaliza\u00e7\u00e3o do presidente do BC dos Estados Unidos, de que um aumento nos juros est\u00e3o longe. Segundo o dirigente, um aperto monet\u00e1rio est\u00e1 longe de ser \u201ciminente\u201d.<\/p>\n<p><a href=\"https:\/\/lp.suno.com.br\/suno-one\/\">Suno One: acesse gratuitamente eBooks, Minicursos, Artigos e Video Aulas sobre investimentos com um \u00fanico cadastro. Clique para saber mais!<\/a><\/p>\n<p>Com isso, vejas as not\u00edcias que mexeram com a <strong>cota\u00e7\u00e3o do d\u00f3lar hoje<\/strong>:<\/p>\n<ul>\n<li>Aumento de juros &#8220;n\u00e3o vir\u00e1 t\u00e3o cedo&#8221;, diz Powell<\/li>\n<li>Mundo ter\u00e1 de viver com coronav\u00edrus &#8220;para sempre&#8221;, diz CEO da Moderna<\/li>\n<li>BCE: redu\u00e7\u00e3o do juros teria efeito marginal sobre crescimento e infla\u00e7\u00e3o<\/li>\n<\/ul>\n<h2>Juros baixos nos EUA<\/h2>\n<p>O presidente do <strong>Fed<\/strong> falou sobre um poss\u00edvel aumento das <a href=\"https:\/\/www.suno.com.br\/artigos\/taxa-de-juros\/\">taxas de juros<\/a>, revelando que &#8220;essa hora n\u00e3o vir\u00e1 t\u00e3o cedo&#8221;.<\/p>\n\t<div data-element=\"shortcode-read-more\" class=\"knowMore\">\n\t\t\t\t<span class=\"knowMore__title\">Veja mais<\/span>\n\t\t\t\t<a class=\"knowMore__link\" href=\"https:\/\/www.suno.com.br\/noticias\/fed-aumento-juros-powell\/\">\n\t\t\tFed: Aumento de juros &quot;n\u00e3o vir\u00e1 t\u00e3o cedo&quot;, diz Powell\t\t<\/a>\n\t<\/div>\n\n\n<p>Segundo o <em>chairman<\/em>, os Estados Unidos est\u00e3o longe de ter novamente um mercado de trabalho forte, ressaltando ainda que as pol\u00edticas de dinheiro f\u00e1cil do Federal Reserve permanecer\u00e3o em vigor no futuro pr\u00f3ximo. \u201cEstamos muito longe do pleno emprego\u201d, declarou Powell.<\/p>\n<h2>Covid &#8216;forever&#8217;<\/h2>\n<p>O <a href=\"https:\/\/www.suno.com.br\/artigos\/ceo\/\">CEO da <strong>Moderna<\/strong><\/a> (<a href=\"https:\/\/www.suno.com.br\/artigos\/nasdaq\/\">NASDAQ<\/a>: MRNA), Stephane Bancel, alertou para a possibilidade que a covid-19 vai ficar por aqui &#8220;para sempre&#8221;. As informa\u00e7\u00f5es s\u00e3o da <em>CNBC<\/em>.<\/p>\n\t<div data-element=\"shortcode-read-more\" class=\"knowMore\">\n\t\t\t\t<span class=\"knowMore__title\">Saiba mais<\/span>\n\t\t\t\t<a class=\"knowMore__link\" href=\"https:\/\/www.suno.com.br\/noticias\/moderna-mundo-coronavirus-para-sempre\/\">\n\t\t\tMundo ter\u00e1 de viver com coronav\u00edrus &quot;para sempre&quot;, diz CEO da Moderna\t\t<\/a>\n\t<\/div>\n\n\n<p>Para o <strong>CEO da Moderna<\/strong> , a covid-19 deve se tornar end\u00eamica, isto \u00e9, afetando um n\u00famero significativo de pessoas em uma determinada regi\u00e3o. &#8220;SARS-CoV-2 n\u00e3o vai a lugar algum&#8221;, ressaltou Bancel em painel de discuss\u00e3o na JPMorgan Healthcare Conference. &#8220;N\u00f3s teremos que viver com o v\u00edrus, pensamos, para sempre&#8221;.<\/p>\n<h2>BCE sobre redu\u00e7\u00e3o dos juros<\/h2>\n<p>Segundo ata da \u00faltima reuni\u00e3o de <a href=\"https:\/\/www.suno.com.br\/artigos\/politica-monetaria\/#:~:text=Ou%20seja%2C%20o%20dep%C3%B3sito%20compuls%C3%B3rio,de%20uma%20pol%C3%ADtica%20monet%C3%A1ria%20expansionista.\">pol\u00edtica monet\u00e1ria<\/a> do <a href=\"https:\/\/www.suno.com.br\/artigos\/bce\/\">Banco Central Europeu<strong> (BCE)<\/strong><\/a>, os dirigentes consideraram que uma nova redu\u00e7\u00e3o da <a href=\"https:\/\/www.suno.com.br\/artigos\/taxa-de-juros\/\">taxa de juros<\/a> teria efeito apenas marginal no crescimento e <a href=\"https:\/\/www.suno.com.br\/artigos\/inflacao\/\">infla\u00e7\u00e3o<\/a> da <a href=\"https:\/\/www.suno.com.br\/artigos\/zona-do-euro\/\">zona do euro<\/a>.<\/p>\n<p>Al\u00e9m disso, o programa de compra de ativos da pandemia (PEPP, na sigla em ingl\u00eas), foi mais eficiente que os cortes de juros para dar suporte \u00e0 economia durante a crise, informaram os dirigentes do BCE.<\/p>\n\t<div data-element=\"shortcode-read-more\" class=\"knowMore\">\n\t\t\t\t<span class=\"knowMore__title\">Entenda<\/span>\n\t\t\t\t<a class=\"knowMore__link\" href=\"https:\/\/www.suno.com.br\/noticias\/bce-reducao-juros-efeito-marginal-crescimento-inflacao\/\">\n\t\t\tBCE: redu\u00e7\u00e3o do juros teria efeito marginal sobre crescimento e infla\u00e7\u00e3o\t\t<\/a>\n\t<\/div>\n\n\n<p>Segundo o documento, os dirigentes do Banco Central Europeu concordaram que a nova extens\u00e3o do programa de compra de ativos est\u00e1 &#8220;em linha&#8221; com a dura\u00e7\u00e3o prevista da crise, as d\u00favidas em rela\u00e7\u00e3o \u00e0 distribui\u00e7\u00e3o de vacinas e o retorno esperado da atividade ao n\u00edvel pr\u00e9-pand\u00eamico.<\/p>\n<h2>\u00daltima cota\u00e7\u00e3o<\/h2>\n<p>Na \u00faltima sess\u00e3o, quarta-feira (13), o <strong>d\u00f3lar<\/strong> encerrou em queda de 0,23%, cotado a R$ 5,31.<\/p>\n\t<p>\n\t\t<a href=\"https:\/\/lp.suno.com.br\/planilha-de-controle-de-investimentos\/\" target=\"_blank\" data-element=\"shortcode-suno-banner\" title=\"Banner SUNO, clique e saiba mais\">\n\t\t\t<picture>\n\t\t\t\t<source media=\"(max-width: 500px)\" srcset=\"https:\/\/files.sunoresearch.com.br\/n\/uploads\/2023\/03\/400x300-Controle-de-Investimentos.png\">\n\t\t\t\t<img class=\"newsContent__article__imgCapa newsContent__article__imgCapa--banner\"\n\t\t\t\t\tsrc=\"https:\/\/files.sunoresearch.com.br\/n\/uploads\/2023\/03\/1420x240-Controle-de-Investimentos.png\"\n\t\t\t\t\tdata-promo-id=\"75934\"\t\t\t\t\t\t\t\t\t\twidth='1420' height='240'\t\t\t\t\talt=\"https:\/\/files.sunoresearch.com.br\/n\/uploads\/2023\/03\/1420x240-Controle-de-Investimentos.png\"\n\t\t\t\t>\n\t\t\t<\/picture>\n\t\t<\/a>\n\t<\/p>\n\n\n","protected":false},"excerpt":{"rendered":"<p>O d\u00f3lar hoje encerrou a sess\u00e3o em baixa de 1,9%, cotado a R$ 5,2097 na venda, puxado pela expectativa por novos est\u00edmulos nos Estados Unidos e pela fala do do presidente do Federal Reserve (Fed, o banco central americano), Jerome Powell. O d\u00f3lar hoje registrou mais um queda expressiva com expectativa de est\u00edmulos nos EUA [&hellip;]<\/p>\n","protected":false},"author":35,"featured_media":85198,"comment_status":"closed","ping_status":"closed","sticky":false,"template":"","format":"standard","meta":[],"categories":[60],"tags":[863,2487,326,776,1752],"suno_strategy":[],"class_list":["post-113483","post","type-post","status-publish","format-standard","has-post-thumbnail","hentry","category-mercado","tag-banco-central-europeu-bce","tag-coronavirus","tag-dolar","tag-federal-reseve-fed","tag-taxa-de-juros"],"yoast_head":"<!-- This site is optimized with the Yoast SEO plugin v24.4 - https:\/\/yoast.com\/wordpress\/plugins\/seo\/ -->\n<title>D\u00f3lar cai 1,9%, a R$ 5,21, com expectativa por est\u00edmulos nos EUA e Fed<\/title>\n<meta name=\"description\" content=\"O d\u00f3lar hoje caiu 1,9%, a R$ 5,2097 na venda, puxado pela expectativa por est\u00edmulos nos EUA e pela fala de Powell. Veja o fechamento do d\u00f3lar\" \/>\n<meta name=\"robots\" content=\"index, follow, max-snippet:-1, max-image-preview:large, max-video-preview:-1\" \/>\n<link rel=\"canonical\" href=\"https:\/\/www.suno.com.br\/noticias\/dolar-fecha-queda-14012021\/\" \/>\n<meta property=\"og:locale\" content=\"pt_BR\" \/>\n<meta property=\"og:type\" content=\"article\" \/>\n<meta property=\"og:title\" content=\"D\u00f3lar cai 1,9%, a R$ 5,21, com expectativa por est\u00edmulos nos EUA e Fed\" \/>\n<meta property=\"og:description\" content=\"O d\u00f3lar hoje caiu 1,9%, a R$ 5,2097 na venda, puxado pela expectativa por est\u00edmulos nos EUA e pela fala de Powell. Veja o fechamento do d\u00f3lar\" \/>\n<meta property=\"og:url\" content=\"https:\/\/www.suno.com.br\/noticias\/dolar-fecha-queda-14012021\/\" \/>\n<meta property=\"og:site_name\" content=\"Suno Not\u00edcias\" \/>\n<meta property=\"article:publisher\" content=\"https:\/\/facebook.com\/sunoresearch\" \/>\n<meta property=\"og:image\" content=\"https:\/\/files.sunoresearch.com.br\/n\/uploads\/2020\/09\/53db1664-dolar-400x400-1.jpg\" \/>\n\t<meta property=\"og:image:width\" content=\"400\" \/>\n\t<meta property=\"og:image:height\" content=\"400\" \/>\n\t<meta property=\"og:image:type\" content=\"image\/jpeg\" \/>\n<meta name=\"author\" content=\"Arthur Guimar\u00e3es\" \/>\n<meta name=\"twitter:card\" content=\"summary_large_image\" \/>\n<meta name=\"twitter:creator\" content=\"@sunoresearch\" \/>\n<meta name=\"twitter:site\" content=\"@sunoresearch\" \/>\n<meta name=\"twitter:label1\" content=\"Escrito por\" \/>\n\t<meta name=\"twitter:data1\" content=\"Arthur Guimar\u00e3es\" \/>\n\t<meta name=\"twitter:label2\" content=\"Est. tempo de leitura\" \/>\n\t<meta name=\"twitter:data2\" content=\"3 minutos\" \/>\n<script type=\"application\/ld+json\" class=\"yoast-schema-graph\">{\"@context\":\"https:\/\/schema.org\",\"@graph\":[{\"@type\":\"NewsArticle\",\"@id\":\"https:\/\/www.suno.com.br\/noticias\/dolar-fecha-queda-14012021\/#article\",\"isPartOf\":{\"@id\":\"https:\/\/www.suno.com.br\/noticias\/dolar-fecha-queda-14012021\/\"},\"author\":{\"name\":\"Arthur Guimar\u00e3es\",\"@id\":\"https:\/\/www.suno.com.br\/noticias\/#\/schema\/person\/053a750a709a263919a20f976caae91c\"},\"headline\":\"D\u00f3lar cai 1,9%, a R$ 5,21, com expectativa por est\u00edmulos nos EUA e Fed\",\"datePublished\":\"2021-01-14T20:29:14+00:00\",\"dateModified\":\"2021-05-29T23:30:59+00:00\",\"mainEntityOfPage\":{\"@id\":\"https:\/\/www.suno.com.br\/noticias\/dolar-fecha-queda-14012021\/\"},\"wordCount\":565,\"publisher\":{\"@id\":\"https:\/\/www.suno.com.br\/noticias\/#organization\"},\"image\":{\"@id\":\"https:\/\/www.suno.com.br\/noticias\/dolar-fecha-queda-14012021\/#primaryimage\"},\"thumbnailUrl\":\"https:\/\/files.sunoresearch.com.br\/n\/uploads\/2020\/09\/53db1664-dolar-400x400-1-jpg.webp\",\"keywords\":[\"Banco Central Europeu (BCE)\",\"coronav\u00edrus\",\"d\u00f3lar\",\"Federal Reserve (FED)\",\"taxa de juros\"],\"articleSection\":[\"Mercado\"],\"inLanguage\":\"pt-BR\"},{\"@type\":\"WebPage\",\"@id\":\"https:\/\/www.suno.com.br\/noticias\/dolar-fecha-queda-14012021\/\",\"url\":\"https:\/\/www.suno.com.br\/noticias\/dolar-fecha-queda-14012021\/\",\"name\":\"D\u00f3lar cai 1,9%, a R$ 5,21, com expectativa por est\u00edmulos nos EUA e Fed\",\"isPartOf\":{\"@id\":\"https:\/\/www.suno.com.br\/noticias\/#website\"},\"primaryImageOfPage\":{\"@id\":\"https:\/\/www.suno.com.br\/noticias\/dolar-fecha-queda-14012021\/#primaryimage\"},\"image\":{\"@id\":\"https:\/\/www.suno.com.br\/noticias\/dolar-fecha-queda-14012021\/#primaryimage\"},\"thumbnailUrl\":\"https:\/\/files.sunoresearch.com.br\/n\/uploads\/2020\/09\/53db1664-dolar-400x400-1-jpg.webp\",\"datePublished\":\"2021-01-14T20:29:14+00:00\",\"dateModified\":\"2021-05-29T23:30:59+00:00\",\"description\":\"O d\u00f3lar hoje caiu 1,9%, a R$ 5,2097 na venda, puxado pela expectativa por est\u00edmulos nos EUA e pela fala de Powell. Veja o fechamento do d\u00f3lar\",\"breadcrumb\":{\"@id\":\"https:\/\/www.suno.com.br\/noticias\/dolar-fecha-queda-14012021\/#breadcrumb\"},\"inLanguage\":\"pt-BR\",\"potentialAction\":[{\"@type\":\"ReadAction\",\"target\":[\"https:\/\/www.suno.com.br\/noticias\/dolar-fecha-queda-14012021\/\"]}]},{\"@type\":\"ImageObject\",\"inLanguage\":\"pt-BR\",\"@id\":\"https:\/\/www.suno.com.br\/noticias\/dolar-fecha-queda-14012021\/#primaryimage\",\"url\":\"https:\/\/files.sunoresearch.com.br\/n\/uploads\/2020\/09\/53db1664-dolar-400x400-1-jpg.webp\",\"contentUrl\":\"https:\/\/files.sunoresearch.com.br\/n\/uploads\/2020\/09\/53db1664-dolar-400x400-1-jpg.webp\",\"width\":400,\"height\":400,\"caption\":\"O d\u00f3lar hoje registrou mais um queda expressiva com expectativa de est\u00edmulos nos EUA\"},{\"@type\":\"BreadcrumbList\",\"@id\":\"https:\/\/www.suno.com.br\/noticias\/dolar-fecha-queda-14012021\/#breadcrumb\",\"itemListElement\":[{\"@type\":\"ListItem\",\"position\":1,\"name\":\"Not\u00edcias\",\"item\":\"https:\/\/www.suno.com.br\/noticias\/\"},{\"@type\":\"ListItem\",\"position\":2,\"name\":\"Mercado\",\"item\":\"https:\/\/www.suno.com.br\/noticias\/mercado\/\"},{\"@type\":\"ListItem\",\"position\":3,\"name\":\"D\u00f3lar cai 1,9%, a R$ 5,21, com expectativa por est\u00edmulos nos EUA e Fed\"}]},{\"@type\":\"WebSite\",\"@id\":\"https:\/\/www.suno.com.br\/noticias\/#website\",\"url\":\"https:\/\/www.suno.com.br\/noticias\/\",\"name\":\"Suno Not\u00edcias\",\"description\":\"Seu portal de informa\u00e7\u00e3o sobre o mundo dos investimentos\",\"publisher\":{\"@id\":\"https:\/\/www.suno.com.br\/noticias\/#organization\"},\"potentialAction\":[{\"@type\":\"SearchAction\",\"target\":{\"@type\":\"EntryPoint\",\"urlTemplate\":\"https:\/\/www.suno.com.br\/noticias\/?s={search_term_string}\"},\"query-input\":{\"@type\":\"PropertyValueSpecification\",\"valueRequired\":true,\"valueName\":\"search_term_string\"}}],\"inLanguage\":\"pt-BR\"},{\"@type\":\"Organization\",\"@id\":\"https:\/\/www.suno.com.br\/noticias\/#organization\",\"name\":\"Suno Not\u00edcias\",\"url\":\"https:\/\/www.suno.com.br\/noticias\/\",\"logo\":{\"@type\":\"ImageObject\",\"inLanguage\":\"pt-BR\",\"@id\":\"https:\/\/www.suno.com.br\/noticias\/#\/schema\/logo\/image\/\",\"url\":\"https:\/\/files.sunoresearch.com.br\/n\/uploads\/2021\/09\/suno-logo.png\",\"contentUrl\":\"https:\/\/files.sunoresearch.com.br\/n\/uploads\/2021\/09\/suno-logo.png\",\"width\":180,\"height\":180,\"caption\":\"Suno Not\u00edcias\"},\"image\":{\"@id\":\"https:\/\/www.suno.com.br\/noticias\/#\/schema\/logo\/image\/\"},\"sameAs\":[\"https:\/\/facebook.com\/sunoresearch\",\"https:\/\/x.com\/sunoresearch\",\"https:\/\/www.instagram.com\/suno\",\"https:\/\/www.linkedin.com\/company\/suno-research\/\",\"https:\/\/www.youtube.com\/c\/sunoresearch\"]},{\"@type\":\"Person\",\"@id\":\"https:\/\/www.suno.com.br\/noticias\/#\/schema\/person\/053a750a709a263919a20f976caae91c\",\"name\":\"Arthur Guimar\u00e3es\",\"image\":{\"@type\":\"ImageObject\",\"inLanguage\":\"pt-BR\",\"@id\":\"https:\/\/www.suno.com.br\/noticias\/#\/schema\/person\/image\/\",\"url\":\"https:\/\/secure.gravatar.com\/avatar\/1affd86a11209ae09eb6dd3bcad3e96c?s=96&r=g\",\"contentUrl\":\"https:\/\/secure.gravatar.com\/avatar\/1affd86a11209ae09eb6dd3bcad3e96c?s=96&r=g\",\"caption\":\"Arthur Guimar\u00e3es\"},\"description\":\"Arthur Guimar\u00e3es escreve sobre pol\u00edtica, economia e neg\u00f3cios para o portal de not\u00edcias da Suno Research. Atualmente, \u00e9 estudante de jornalismo pela Faculdade C\u00e1sper L\u00edbero.\",\"url\":\"https:\/\/www.suno.com.br\/noticias\/author\/arthur-guimaraes\/\"}]}<\/script>\n<!-- \/ Yoast SEO plugin. -->","yoast_head_json":{"title":"D\u00f3lar cai 1,9%, a R$ 5,21, com expectativa por est\u00edmulos nos EUA e Fed","description":"O d\u00f3lar hoje caiu 1,9%, a R$ 5,2097 na venda, puxado pela expectativa por est\u00edmulos nos EUA e pela fala de Powell. Veja o fechamento do d\u00f3lar","robots":{"index":"index","follow":"follow","max-snippet":"max-snippet:-1","max-image-preview":"max-image-preview:large","max-video-preview":"max-video-preview:-1"},"canonical":"https:\/\/www.suno.com.br\/noticias\/dolar-fecha-queda-14012021\/","og_locale":"pt_BR","og_type":"article","og_title":"D\u00f3lar cai 1,9%, a R$ 5,21, com expectativa por est\u00edmulos nos EUA e Fed","og_description":"O d\u00f3lar hoje caiu 1,9%, a R$ 5,2097 na venda, puxado pela expectativa por est\u00edmulos nos EUA e pela fala de Powell. Veja o fechamento do d\u00f3lar","og_url":"https:\/\/www.suno.com.br\/noticias\/dolar-fecha-queda-14012021\/","og_site_name":"Suno Not\u00edcias","article_publisher":"https:\/\/facebook.com\/sunoresearch","og_image":[{"width":400,"height":400,"url":"https:\/\/files.sunoresearch.com.br\/n\/uploads\/2020\/09\/53db1664-dolar-400x400-1.jpg","type":"image\/jpeg"}],"author":"Arthur Guimar\u00e3es","twitter_card":"summary_large_image","twitter_creator":"@sunoresearch","twitter_site":"@sunoresearch","twitter_misc":{"Escrito por":"Arthur Guimar\u00e3es","Est. tempo de leitura":"3 minutos"},"schema":{"@context":"https:\/\/schema.org","@graph":[{"@type":"NewsArticle","@id":"https:\/\/www.suno.com.br\/noticias\/dolar-fecha-queda-14012021\/#article","isPartOf":{"@id":"https:\/\/www.suno.com.br\/noticias\/dolar-fecha-queda-14012021\/"},"author":{"name":"Arthur Guimar\u00e3es","@id":"https:\/\/www.suno.com.br\/noticias\/#\/schema\/person\/053a750a709a263919a20f976caae91c"},"headline":"D\u00f3lar cai 1,9%, a R$ 5,21, com expectativa por est\u00edmulos nos EUA e Fed","datePublished":"2021-01-14T20:29:14+00:00","dateModified":"2021-05-29T23:30:59+00:00","mainEntityOfPage":{"@id":"https:\/\/www.suno.com.br\/noticias\/dolar-fecha-queda-14012021\/"},"wordCount":565,"publisher":{"@id":"https:\/\/www.suno.com.br\/noticias\/#organization"},"image":{"@id":"https:\/\/www.suno.com.br\/noticias\/dolar-fecha-queda-14012021\/#primaryimage"},"thumbnailUrl":"https:\/\/files.sunoresearch.com.br\/n\/uploads\/2020\/09\/53db1664-dolar-400x400-1-jpg.webp","keywords":["Banco Central Europeu (BCE)","coronav\u00edrus","d\u00f3lar","Federal Reserve (FED)","taxa de juros"],"articleSection":["Mercado"],"inLanguage":"pt-BR"},{"@type":"WebPage","@id":"https:\/\/www.suno.com.br\/noticias\/dolar-fecha-queda-14012021\/","url":"https:\/\/www.suno.com.br\/noticias\/dolar-fecha-queda-14012021\/","name":"D\u00f3lar cai 1,9%, a R$ 5,21, com expectativa por est\u00edmulos nos EUA e Fed","isPartOf":{"@id":"https:\/\/www.suno.com.br\/noticias\/#website"},"primaryImageOfPage":{"@id":"https:\/\/www.suno.com.br\/noticias\/dolar-fecha-queda-14012021\/#primaryimage"},"image":{"@id":"https:\/\/www.suno.com.br\/noticias\/dolar-fecha-queda-14012021\/#primaryimage"},"thumbnailUrl":"https:\/\/files.sunoresearch.com.br\/n\/uploads\/2020\/09\/53db1664-dolar-400x400-1-jpg.webp","datePublished":"2021-01-14T20:29:14+00:00","dateModified":"2021-05-29T23:30:59+00:00","description":"O d\u00f3lar hoje caiu 1,9%, a R$ 5,2097 na venda, puxado pela expectativa por est\u00edmulos nos EUA e pela fala de Powell. Veja o fechamento do d\u00f3lar","breadcrumb":{"@id":"https:\/\/www.suno.com.br\/noticias\/dolar-fecha-queda-14012021\/#breadcrumb"},"inLanguage":"pt-BR","potentialAction":[{"@type":"ReadAction","target":["https:\/\/www.suno.com.br\/noticias\/dolar-fecha-queda-14012021\/"]}]},{"@type":"ImageObject","inLanguage":"pt-BR","@id":"https:\/\/www.suno.com.br\/noticias\/dolar-fecha-queda-14012021\/#primaryimage","url":"https:\/\/files.sunoresearch.com.br\/n\/uploads\/2020\/09\/53db1664-dolar-400x400-1-jpg.webp","contentUrl":"https:\/\/files.sunoresearch.com.br\/n\/uploads\/2020\/09\/53db1664-dolar-400x400-1-jpg.webp","width":400,"height":400,"caption":"O d\u00f3lar hoje registrou mais um queda expressiva com expectativa de est\u00edmulos nos EUA"},{"@type":"BreadcrumbList","@id":"https:\/\/www.suno.com.br\/noticias\/dolar-fecha-queda-14012021\/#breadcrumb","itemListElement":[{"@type":"ListItem","position":1,"name":"Not\u00edcias","item":"https:\/\/www.suno.com.br\/noticias\/"},{"@type":"ListItem","position":2,"name":"Mercado","item":"https:\/\/www.suno.com.br\/noticias\/mercado\/"},{"@type":"ListItem","position":3,"name":"D\u00f3lar cai 1,9%, a R$ 5,21, com expectativa por est\u00edmulos nos EUA e Fed"}]},{"@type":"WebSite","@id":"https:\/\/www.suno.com.br\/noticias\/#website","url":"https:\/\/www.suno.com.br\/noticias\/","name":"Suno Not\u00edcias","description":"Seu portal de informa\u00e7\u00e3o sobre o mundo dos investimentos","publisher":{"@id":"https:\/\/www.suno.com.br\/noticias\/#organization"},"potentialAction":[{"@type":"SearchAction","target":{"@type":"EntryPoint","urlTemplate":"https:\/\/www.suno.com.br\/noticias\/?s={search_term_string}"},"query-input":{"@type":"PropertyValueSpecification","valueRequired":true,"valueName":"search_term_string"}}],"inLanguage":"pt-BR"},{"@type":"Organization","@id":"https:\/\/www.suno.com.br\/noticias\/#organization","name":"Suno Not\u00edcias","url":"https:\/\/www.suno.com.br\/noticias\/","logo":{"@type":"ImageObject","inLanguage":"pt-BR","@id":"https:\/\/www.suno.com.br\/noticias\/#\/schema\/logo\/image\/","url":"https:\/\/files.sunoresearch.com.br\/n\/uploads\/2021\/09\/suno-logo.png","contentUrl":"https:\/\/files.sunoresearch.com.br\/n\/uploads\/2021\/09\/suno-logo.png","width":180,"height":180,"caption":"Suno Not\u00edcias"},"image":{"@id":"https:\/\/www.suno.com.br\/noticias\/#\/schema\/logo\/image\/"},"sameAs":["https:\/\/facebook.com\/sunoresearch","https:\/\/x.com\/sunoresearch","https:\/\/www.instagram.com\/suno","https:\/\/www.linkedin.com\/company\/suno-research\/","https:\/\/www.youtube.com\/c\/sunoresearch"]},{"@type":"Person","@id":"https:\/\/www.suno.com.br\/noticias\/#\/schema\/person\/053a750a709a263919a20f976caae91c","name":"Arthur Guimar\u00e3es","image":{"@type":"ImageObject","inLanguage":"pt-BR","@id":"https:\/\/www.suno.com.br\/noticias\/#\/schema\/person\/image\/","url":"https:\/\/secure.gravatar.com\/avatar\/1affd86a11209ae09eb6dd3bcad3e96c?s=96&r=g","contentUrl":"https:\/\/secure.gravatar.com\/avatar\/1affd86a11209ae09eb6dd3bcad3e96c?s=96&r=g","caption":"Arthur Guimar\u00e3es"},"description":"Arthur Guimar\u00e3es escreve sobre pol\u00edtica, economia e neg\u00f3cios para o portal de not\u00edcias da Suno Research. Atualmente, \u00e9 estudante de jornalismo pela Faculdade C\u00e1sper L\u00edbero.","url":"https:\/\/www.suno.com.br\/noticias\/author\/arthur-guimaraes\/"}]}},"default_loop_html":"<div class=\"cardsPage__listCard__boxs\"><div class=\"cardsPage__listCard__boxs__img\"><a href=\"https:\/\/www.suno.com.br\/noticias\/dolar-fecha-queda-14012021\/\"><img class=\"mask\" src=\"https:\/\/www.suno.com.br\/noticias\/wp-content\/themes\/suno\/resources\/images\/spotlight\/spotlight1img\/bg-mask.png\" alt=\"Image Mask\"\/><img src=\"https:\/\/files.sunoresearch.com.br\/n\/uploads\/2020\/09\/53db1664-dolar-400x400-1-400x200.webp\" alt=\"D\u00f3lar cai 1,9%, a R$ 5,21, com expectativa por est\u00edmulos nos EUA e Fed\"\/><\/a><span class=\"spotlightCategory\"><a href=\"https:\/\/www.suno.com.br\/noticias\/mercado\/\">Mercado<\/a><\/span><\/div><div class=\"cardsPage__listCard__boxs__content\"><a href=\"https:\/\/www.suno.com.br\/noticias\/dolar-fecha-queda-14012021\/\"><h2 class=\"content__title\">D\u00f3lar cai 1,9%, a R$ 5,21, com expectativa por est\u00edmulos nos EUA e Fed<\/h2><\/a><div class=\"newsContent__article__meta\"><div class=\"newsContent__article__meta__authorBox\"><a href=\"https:\/\/www.suno.com.br\/noticias\/author\/arthur-guimaraes\/\" class=\"authorBox__avatar noMobi\"><img src=\"https:\/\/files.sunoresearch.com.br\/n\/uploads\/2020\/02\/dfb40897-eu-150x150.webp\" alt=\"Arthur Guimar\u00e3es\"><\/a><div class=\"authorBox__name\"><span>por\n\t\t\t<a href=\"https:\/\/www.suno.com.br\/noticias\/author\/arthur-guimaraes\/\"><span itemprop=\"author\">Arthur Guimar\u00e3es<\/span><\/a><\/span><time datetime=\"2021-01-14T17:29:14-03:00\" itemprop=\"datePublished\">14\/01\/2021 17:29<\/time><\/div><\/div><\/div><\/div><\/div>","single_layout":"posts","amp_enabled":true,"_links":{"self":[{"href":"https:\/\/www.suno.com.br\/noticias\/wp-json\/wp\/v2\/posts\/113483"}],"collection":[{"href":"https:\/\/www.suno.com.br\/noticias\/wp-json\/wp\/v2\/posts"}],"about":[{"href":"https:\/\/www.suno.com.br\/noticias\/wp-json\/wp\/v2\/types\/post"}],"author":[{"embeddable":true,"href":"https:\/\/www.suno.com.br\/noticias\/wp-json\/wp\/v2\/users\/35"}],"replies":[{"embeddable":true,"href":"https:\/\/www.suno.com.br\/noticias\/wp-json\/wp\/v2\/comments?post=113483"}],"version-history":[{"count":1,"href":"https:\/\/www.suno.com.br\/noticias\/wp-json\/wp\/v2\/posts\/113483\/revisions"}],"predecessor-version":[{"id":152080,"href":"https:\/\/www.suno.com.br\/noticias\/wp-json\/wp\/v2\/posts\/113483\/revisions\/152080"}],"wp:featuredmedia":[{"embeddable":true,"href":"https:\/\/www.suno.com.br\/noticias\/wp-json\/wp\/v2\/media\/85198"}],"wp:attachment":[{"href":"https:\/\/www.suno.com.br\/noticias\/wp-json\/wp\/v2\/media?parent=113483"}],"wp:term":[{"taxonomy":"category","embeddable":true,"href":"https:\/\/www.suno.com.br\/noticias\/wp-json\/wp\/v2\/categories?post=113483"},{"taxonomy":"post_tag","embeddable":true,"href":"https:\/\/www.suno.com.br\/noticias\/wp-json\/wp\/v2\/tags?post=113483"},{"taxonomy":"suno_strategy","embeddable":true,"href":"https:\/\/www.suno.com.br\/noticias\/wp-json\/wp\/v2\/suno_strategy?post=113483"}],"curies":[{"name":"wp","href":"https:\/\/api.w.org\/{rel}","templated":true}]}}