{"id":11345,"date":"2019-01-11T20:23:02","date_gmt":"2019-01-11T22:23:02","guid":{"rendered":"https:\/\/www.suno.com.br\/noticias\/?p=11345"},"modified":"2019-01-12T12:39:56","modified_gmt":"2019-01-12T14:39:56","slug":"avianca-pode-perder-frota","status":"publish","type":"post","link":"https:\/\/www.suno.com.br\/noticias\/avianca-pode-perder-frota\/","title":{"rendered":"Avianca Brasil pode perder 20% da frota de avi\u00f5es"},"content":{"rendered":"<p>A Avianca Brasil pode perder 20% da frota de avi\u00f5es e comprometer o cumprimento de voos no Brasil.<\/p>\t<div class=\"wrapper-featured-image\">\n\t\t<figure class=\"spotlightImg\">\n\n\t\t\t<picture>\n\t\t\t\t<source media=\"(max-width: 768px)\" srcset=\"https:\/\/files.sunoresearch.com.br\/n\/uploads\/2018\/12\/8ecc3489-avianca-brasil-400x200.webp\">\n\t\t\t\t<img loading=\"lazy\" decoding=\"async\" class=\"newsContent__article__imgCapa lazyloadDisabled newsContent__article__imgCapa--noCaption\" src=\"https:\/\/files.sunoresearch.com.br\/n\/uploads\/2018\/12\/8ecc3489-avianca-brasil-800x450.webp\" width=\"800\" height=\"450\" alt=\"Avianca Brasil pode perder 20% da frota de avi\u00f5es\" fetchpriority=high \/>\n\t\t\t<\/picture>\n\n\t\t\t<figcaption class=\"wp-caption-text wp-caption-text--hide\">Voos cancelados podem chegar a oito mil com suspens\u00e3o de atividades da Avianca pela Anac. (divulga\u00e7\u00e3o)<\/figcaption>\n\t\t<\/figure>\n\t<\/div>\n\n\n<p>De acordo com apura\u00e7\u00e3o da &#8220;Folha de S.Paulo&#8221;, a leasing (empresa de arrendamento) Aircastle pode retomar 10 jatos Airbus A320 da <strong>Avianca Brasil<\/strong>.<\/p>\n<p><a href=\"https:\/\/www.suno.com.br\/noticias\/avianca-pedido-recuperacao-judicial-aceito\/\">Saiba mais: Justi\u00e7a aceita pedido de recupera\u00e7\u00e3o judicial da Avianca Brasil<\/a><\/p>\n<p>Se a not\u00edcia se confirmar, a companhia a\u00e9rea, a quarta maior do Brasil, ter\u00e1 um desfalque de 20% da frota, de acordo com dados fornecidos pela Ag\u00eancia Nacional de Avia\u00e7\u00e3o Civil (Anac).<\/p>\n<p>Al\u00e9m disso, a Avinca corre o risco de perder mais avi\u00f5es. A GE Capital Aviation Services e uma subsidi\u00e1ria buscam retomar 12 Airbus A320. A informa\u00e7\u00e3o \u00e9 de James Luton, porta-voz da GE.<\/p>\n<h2>Recupera\u00e7\u00e3o Judicial<\/h2>\n<p>Quando pediu a <strong><a href=\"https:\/\/www.suno.com.br\/artigos\/recuperacao-judicial\/\">recupera\u00e7\u00e3o judicial<\/a><\/strong> do \u00faltimo m\u00eas de dezembro, a companhia a\u00e9rea admitiu a possibilidade de perder 14 avi\u00f5es. Segundo a companhia, isso afetaria 77 mil passageiros em um per\u00edodo de tr\u00eas semanas.<\/p>\n<p>O pedido de <strong>recupera\u00e7\u00e3o<\/strong> veio ap\u00f3s anos de perdas crescentes e pagamentos atrasados de aeronaves.<\/p>\n<p>De acordo com as demonstra\u00e7\u00f5es financeiras da empresa, os passivos da Avianca Brasil para empresas leasing de aeronaves cresceram cinco vezes entre o fim de 2016 e setembro de 2018, chegando a 415 milh\u00f5es de reais.<\/p>\n<p>Um juiz manteve a decis\u00e3o que teria permitido que a Aircastle recuperasse os avi\u00f5es no m\u00eas passado. No entanto, a decis\u00e3o expira na pr\u00f3xima segunda-feira (14).<\/p>\n<p><a href=\"https:\/\/www.suno.com.br\/noticias\/temer-abrir-companhias-aereas-estrangeiros\/\">Saiba mais: Avianca faz Temer abrir capital de companhias a\u00e9reas a estrangeiros<\/a><\/p>\n<p>Desde ent\u00e3o, a Avianca Brasil n\u00e3o fez nenhuma proposta \u00e0 Aircastle para acertar as contas e manter os avi\u00f5es. De acordo com a fonte ouvida pela &#8220;Folha&#8221;, empresa deve \u00e0 Aircastle mais de US$ 30 milh\u00f5es.<\/p>\n<p>A companhia a\u00e9rea \u00e9 o melhor cliente individual da Aircastle, o que representa 7% de seu valor cont\u00e1bil.<\/p>\n<p>Apesar de possuir o mesmo dono, o empres\u00e1rio boliviano\u00a0German Efromovich, a Avianca Brasil \u00e9 separada da Avianca Holdings, com sede na Col\u00f4mbia.<\/p>\n<p>Em novembro passado, a United Continental Holdings concedeu \u00e0 <strong>Avianca Brasil<\/strong> um empr\u00e9stimo de US$ 500 milh\u00f5es.<\/p>\n<p>&nbsp;<\/p>\n","protected":false},"excerpt":{"rendered":"<p>A Avianca Brasil pode perder 20% da frota de avi\u00f5es e comprometer o cumprimento de voos no Brasil. Voos cancelados podem chegar a oito mil com suspens\u00e3o de atividades da Avianca pela Anac. (divulga\u00e7\u00e3o) De acordo com apura\u00e7\u00e3o da &#8220;Folha de S.Paulo&#8221;, a leasing (empresa de arrendamento) Aircastle pode retomar 10 jatos Airbus A320 da [&hellip;]<\/p>\n","protected":false},"author":14,"featured_media":8551,"comment_status":"closed","ping_status":"closed","sticky":false,"template":"","format":"standard","meta":[],"categories":[60],"tags":[840,314],"suno_strategy":[],"class_list":["post-11345","post","type-post","status-publish","format-standard","has-post-thumbnail","hentry","category-mercado","tag-avianca","tag-recuperacao-judicial"],"yoast_head":"<!-- This site is optimized with the Yoast SEO plugin v24.4 - https:\/\/yoast.com\/wordpress\/plugins\/seo\/ -->\n<title>Avianca Brasil pode perder 20% da frota de avi\u00f5es<\/title>\n<meta name=\"description\" content=\"Avianca Brasil entrou com pedido de recupera\u00e7\u00e3o judicial em dezembro. Al\u00e9m diss, a Avianca corre o risco de perder mais avi\u00f5es. Leia mais.\" \/>\n<meta name=\"robots\" content=\"index, follow, max-snippet:-1, max-image-preview:large, max-video-preview:-1\" \/>\n<link rel=\"canonical\" href=\"https:\/\/www.suno.com.br\/noticias\/avianca-pode-perder-frota\/\" \/>\n<meta property=\"og:locale\" content=\"pt_BR\" \/>\n<meta property=\"og:type\" content=\"article\" \/>\n<meta property=\"og:title\" content=\"Avianca Brasil pode perder 20% da frota de avi\u00f5es\" \/>\n<meta property=\"og:description\" content=\"Avianca Brasil entrou com pedido de recupera\u00e7\u00e3o judicial em dezembro. Al\u00e9m diss, a Avianca corre o risco de perder mais avi\u00f5es. Leia mais.\" \/>\n<meta property=\"og:url\" content=\"https:\/\/www.suno.com.br\/noticias\/avianca-pode-perder-frota\/\" \/>\n<meta property=\"og:site_name\" content=\"Suno Not\u00edcias\" \/>\n<meta property=\"article:publisher\" content=\"https:\/\/facebook.com\/sunoresearch\" \/>\n<meta property=\"og:image\" content=\"https:\/\/files.sunoresearch.com.br\/n\/uploads\/2018\/12\/8ecc3489-avianca-brasil.jpg\" \/>\n\t<meta property=\"og:image:width\" content=\"1200\" \/>\n\t<meta property=\"og:image:height\" content=\"627\" \/>\n\t<meta property=\"og:image:type\" content=\"image\/jpeg\" \/>\n<meta name=\"author\" content=\"Renan Dantas\" \/>\n<meta name=\"twitter:card\" content=\"summary_large_image\" \/>\n<meta name=\"twitter:creator\" content=\"@sunoresearch\" \/>\n<meta name=\"twitter:site\" content=\"@sunoresearch\" \/>\n<meta name=\"twitter:label1\" content=\"Escrito por\" \/>\n\t<meta name=\"twitter:data1\" content=\"Renan Dantas\" \/>\n\t<meta name=\"twitter:label2\" content=\"Est. tempo de leitura\" \/>\n\t<meta name=\"twitter:data2\" content=\"2 minutos\" \/>\n<script type=\"application\/ld+json\" class=\"yoast-schema-graph\">{\"@context\":\"https:\/\/schema.org\",\"@graph\":[{\"@type\":\"NewsArticle\",\"@id\":\"https:\/\/www.suno.com.br\/noticias\/avianca-pode-perder-frota\/#article\",\"isPartOf\":{\"@id\":\"https:\/\/www.suno.com.br\/noticias\/avianca-pode-perder-frota\/\"},\"author\":{\"name\":\"Renan Dantas\",\"@id\":\"https:\/\/www.suno.com.br\/noticias\/#\/schema\/person\/3f7693d5795a3f6d5ce15309ee785699\"},\"headline\":\"Avianca Brasil pode perder 20% da frota de avi\u00f5es\",\"datePublished\":\"2019-01-11T22:23:02+00:00\",\"dateModified\":\"2019-01-12T14:39:56+00:00\",\"mainEntityOfPage\":{\"@id\":\"https:\/\/www.suno.com.br\/noticias\/avianca-pode-perder-frota\/\"},\"wordCount\":367,\"publisher\":{\"@id\":\"https:\/\/www.suno.com.br\/noticias\/#organization\"},\"image\":{\"@id\":\"https:\/\/www.suno.com.br\/noticias\/avianca-pode-perder-frota\/#primaryimage\"},\"thumbnailUrl\":\"https:\/\/files.sunoresearch.com.br\/n\/uploads\/2018\/12\/8ecc3489-avianca-brasil-jpg.webp\",\"keywords\":[\"Avianca\",\"recupera\u00e7\u00e3o judicial\"],\"articleSection\":[\"Mercado\"],\"inLanguage\":\"pt-BR\"},{\"@type\":\"WebPage\",\"@id\":\"https:\/\/www.suno.com.br\/noticias\/avianca-pode-perder-frota\/\",\"url\":\"https:\/\/www.suno.com.br\/noticias\/avianca-pode-perder-frota\/\",\"name\":\"Avianca Brasil pode perder 20% da frota de avi\u00f5es\",\"isPartOf\":{\"@id\":\"https:\/\/www.suno.com.br\/noticias\/#website\"},\"primaryImageOfPage\":{\"@id\":\"https:\/\/www.suno.com.br\/noticias\/avianca-pode-perder-frota\/#primaryimage\"},\"image\":{\"@id\":\"https:\/\/www.suno.com.br\/noticias\/avianca-pode-perder-frota\/#primaryimage\"},\"thumbnailUrl\":\"https:\/\/files.sunoresearch.com.br\/n\/uploads\/2018\/12\/8ecc3489-avianca-brasil-jpg.webp\",\"datePublished\":\"2019-01-11T22:23:02+00:00\",\"dateModified\":\"2019-01-12T14:39:56+00:00\",\"description\":\"Avianca Brasil entrou com pedido de recupera\u00e7\u00e3o judicial em dezembro. Al\u00e9m diss, a Avianca corre o risco de perder mais avi\u00f5es. Leia mais.\",\"breadcrumb\":{\"@id\":\"https:\/\/www.suno.com.br\/noticias\/avianca-pode-perder-frota\/#breadcrumb\"},\"inLanguage\":\"pt-BR\",\"potentialAction\":[{\"@type\":\"ReadAction\",\"target\":[\"https:\/\/www.suno.com.br\/noticias\/avianca-pode-perder-frota\/\"]}]},{\"@type\":\"ImageObject\",\"inLanguage\":\"pt-BR\",\"@id\":\"https:\/\/www.suno.com.br\/noticias\/avianca-pode-perder-frota\/#primaryimage\",\"url\":\"https:\/\/files.sunoresearch.com.br\/n\/uploads\/2018\/12\/8ecc3489-avianca-brasil-jpg.webp\",\"contentUrl\":\"https:\/\/files.sunoresearch.com.br\/n\/uploads\/2018\/12\/8ecc3489-avianca-brasil-jpg.webp\",\"width\":1200,\"height\":627,\"caption\":\"Voos cancelados podem chegar a oito mil com suspens\u00e3o de atividades da Avianca pela Anac. (divulga\u00e7\u00e3o)\"},{\"@type\":\"BreadcrumbList\",\"@id\":\"https:\/\/www.suno.com.br\/noticias\/avianca-pode-perder-frota\/#breadcrumb\",\"itemListElement\":[{\"@type\":\"ListItem\",\"position\":1,\"name\":\"Not\u00edcias\",\"item\":\"https:\/\/www.suno.com.br\/noticias\/\"},{\"@type\":\"ListItem\",\"position\":2,\"name\":\"Mercado\",\"item\":\"https:\/\/www.suno.com.br\/noticias\/mercado\/\"},{\"@type\":\"ListItem\",\"position\":3,\"name\":\"Avianca Brasil pode perder 20% da frota de avi\u00f5es\"}]},{\"@type\":\"WebSite\",\"@id\":\"https:\/\/www.suno.com.br\/noticias\/#website\",\"url\":\"https:\/\/www.suno.com.br\/noticias\/\",\"name\":\"Suno Not\u00edcias\",\"description\":\"Seu portal de informa\u00e7\u00e3o sobre o mundo dos investimentos\",\"publisher\":{\"@id\":\"https:\/\/www.suno.com.br\/noticias\/#organization\"},\"potentialAction\":[{\"@type\":\"SearchAction\",\"target\":{\"@type\":\"EntryPoint\",\"urlTemplate\":\"https:\/\/www.suno.com.br\/noticias\/?s={search_term_string}\"},\"query-input\":{\"@type\":\"PropertyValueSpecification\",\"valueRequired\":true,\"valueName\":\"search_term_string\"}}],\"inLanguage\":\"pt-BR\"},{\"@type\":\"Organization\",\"@id\":\"https:\/\/www.suno.com.br\/noticias\/#organization\",\"name\":\"Suno Not\u00edcias\",\"url\":\"https:\/\/www.suno.com.br\/noticias\/\",\"logo\":{\"@type\":\"ImageObject\",\"inLanguage\":\"pt-BR\",\"@id\":\"https:\/\/www.suno.com.br\/noticias\/#\/schema\/logo\/image\/\",\"url\":\"https:\/\/files.sunoresearch.com.br\/n\/uploads\/2021\/09\/suno-logo.png\",\"contentUrl\":\"https:\/\/files.sunoresearch.com.br\/n\/uploads\/2021\/09\/suno-logo.png\",\"width\":180,\"height\":180,\"caption\":\"Suno Not\u00edcias\"},\"image\":{\"@id\":\"https:\/\/www.suno.com.br\/noticias\/#\/schema\/logo\/image\/\"},\"sameAs\":[\"https:\/\/facebook.com\/sunoresearch\",\"https:\/\/x.com\/sunoresearch\",\"https:\/\/www.instagram.com\/suno\",\"https:\/\/www.linkedin.com\/company\/suno-research\/\",\"https:\/\/www.youtube.com\/c\/sunoresearch\"]},{\"@type\":\"Person\",\"@id\":\"https:\/\/www.suno.com.br\/noticias\/#\/schema\/person\/3f7693d5795a3f6d5ce15309ee785699\",\"name\":\"Renan Dantas\",\"image\":{\"@type\":\"ImageObject\",\"inLanguage\":\"pt-BR\",\"@id\":\"https:\/\/www.suno.com.br\/noticias\/#\/schema\/person\/image\/\",\"url\":\"https:\/\/secure.gravatar.com\/avatar\/1787b83e7484a08e51d62ac8b41c8396?s=96&r=g\",\"contentUrl\":\"https:\/\/secure.gravatar.com\/avatar\/1787b83e7484a08e51d62ac8b41c8396?s=96&r=g\",\"caption\":\"Renan Dantas\"},\"description\":\"Escreve sobre pol\u00edtica e mercado financeiro para o portal Suno Not\u00edcias. Antes, atuou na assessoria de comunica\u00e7\u00e3o do Minist\u00e9rio P\u00fablico do Trabalho e na R\u00e1dio Mackenzie, onde apresentava e produzia um programa sobre artistas da m\u00fasica brasileira. \u00c9 estudante na Universidade Presbiteriana Mackenzie.\",\"url\":\"https:\/\/www.suno.com.br\/noticias\/author\/renan-dantas\/\"}]}<\/script>\n<!-- \/ Yoast SEO plugin. -->","yoast_head_json":{"title":"Avianca Brasil pode perder 20% da frota de avi\u00f5es","description":"Avianca Brasil entrou com pedido de recupera\u00e7\u00e3o judicial em dezembro. Al\u00e9m diss, a Avianca corre o risco de perder mais avi\u00f5es. Leia mais.","robots":{"index":"index","follow":"follow","max-snippet":"max-snippet:-1","max-image-preview":"max-image-preview:large","max-video-preview":"max-video-preview:-1"},"canonical":"https:\/\/www.suno.com.br\/noticias\/avianca-pode-perder-frota\/","og_locale":"pt_BR","og_type":"article","og_title":"Avianca Brasil pode perder 20% da frota de avi\u00f5es","og_description":"Avianca Brasil entrou com pedido de recupera\u00e7\u00e3o judicial em dezembro. Al\u00e9m diss, a Avianca corre o risco de perder mais avi\u00f5es. Leia mais.","og_url":"https:\/\/www.suno.com.br\/noticias\/avianca-pode-perder-frota\/","og_site_name":"Suno Not\u00edcias","article_publisher":"https:\/\/facebook.com\/sunoresearch","og_image":[{"width":1200,"height":627,"url":"https:\/\/files.sunoresearch.com.br\/n\/uploads\/2018\/12\/8ecc3489-avianca-brasil.jpg","type":"image\/jpeg"}],"author":"Renan Dantas","twitter_card":"summary_large_image","twitter_creator":"@sunoresearch","twitter_site":"@sunoresearch","twitter_misc":{"Escrito por":"Renan Dantas","Est. tempo de leitura":"2 minutos"},"schema":{"@context":"https:\/\/schema.org","@graph":[{"@type":"NewsArticle","@id":"https:\/\/www.suno.com.br\/noticias\/avianca-pode-perder-frota\/#article","isPartOf":{"@id":"https:\/\/www.suno.com.br\/noticias\/avianca-pode-perder-frota\/"},"author":{"name":"Renan Dantas","@id":"https:\/\/www.suno.com.br\/noticias\/#\/schema\/person\/3f7693d5795a3f6d5ce15309ee785699"},"headline":"Avianca Brasil pode perder 20% da frota de avi\u00f5es","datePublished":"2019-01-11T22:23:02+00:00","dateModified":"2019-01-12T14:39:56+00:00","mainEntityOfPage":{"@id":"https:\/\/www.suno.com.br\/noticias\/avianca-pode-perder-frota\/"},"wordCount":367,"publisher":{"@id":"https:\/\/www.suno.com.br\/noticias\/#organization"},"image":{"@id":"https:\/\/www.suno.com.br\/noticias\/avianca-pode-perder-frota\/#primaryimage"},"thumbnailUrl":"https:\/\/files.sunoresearch.com.br\/n\/uploads\/2018\/12\/8ecc3489-avianca-brasil-jpg.webp","keywords":["Avianca","recupera\u00e7\u00e3o judicial"],"articleSection":["Mercado"],"inLanguage":"pt-BR"},{"@type":"WebPage","@id":"https:\/\/www.suno.com.br\/noticias\/avianca-pode-perder-frota\/","url":"https:\/\/www.suno.com.br\/noticias\/avianca-pode-perder-frota\/","name":"Avianca Brasil pode perder 20% da frota de avi\u00f5es","isPartOf":{"@id":"https:\/\/www.suno.com.br\/noticias\/#website"},"primaryImageOfPage":{"@id":"https:\/\/www.suno.com.br\/noticias\/avianca-pode-perder-frota\/#primaryimage"},"image":{"@id":"https:\/\/www.suno.com.br\/noticias\/avianca-pode-perder-frota\/#primaryimage"},"thumbnailUrl":"https:\/\/files.sunoresearch.com.br\/n\/uploads\/2018\/12\/8ecc3489-avianca-brasil-jpg.webp","datePublished":"2019-01-11T22:23:02+00:00","dateModified":"2019-01-12T14:39:56+00:00","description":"Avianca Brasil entrou com pedido de recupera\u00e7\u00e3o judicial em dezembro. Al\u00e9m diss, a Avianca corre o risco de perder mais avi\u00f5es. Leia mais.","breadcrumb":{"@id":"https:\/\/www.suno.com.br\/noticias\/avianca-pode-perder-frota\/#breadcrumb"},"inLanguage":"pt-BR","potentialAction":[{"@type":"ReadAction","target":["https:\/\/www.suno.com.br\/noticias\/avianca-pode-perder-frota\/"]}]},{"@type":"ImageObject","inLanguage":"pt-BR","@id":"https:\/\/www.suno.com.br\/noticias\/avianca-pode-perder-frota\/#primaryimage","url":"https:\/\/files.sunoresearch.com.br\/n\/uploads\/2018\/12\/8ecc3489-avianca-brasil-jpg.webp","contentUrl":"https:\/\/files.sunoresearch.com.br\/n\/uploads\/2018\/12\/8ecc3489-avianca-brasil-jpg.webp","width":1200,"height":627,"caption":"Voos cancelados podem chegar a oito mil com suspens\u00e3o de atividades da Avianca pela Anac. (divulga\u00e7\u00e3o)"},{"@type":"BreadcrumbList","@id":"https:\/\/www.suno.com.br\/noticias\/avianca-pode-perder-frota\/#breadcrumb","itemListElement":[{"@type":"ListItem","position":1,"name":"Not\u00edcias","item":"https:\/\/www.suno.com.br\/noticias\/"},{"@type":"ListItem","position":2,"name":"Mercado","item":"https:\/\/www.suno.com.br\/noticias\/mercado\/"},{"@type":"ListItem","position":3,"name":"Avianca Brasil pode perder 20% da frota de avi\u00f5es"}]},{"@type":"WebSite","@id":"https:\/\/www.suno.com.br\/noticias\/#website","url":"https:\/\/www.suno.com.br\/noticias\/","name":"Suno Not\u00edcias","description":"Seu portal de informa\u00e7\u00e3o sobre o mundo dos investimentos","publisher":{"@id":"https:\/\/www.suno.com.br\/noticias\/#organization"},"potentialAction":[{"@type":"SearchAction","target":{"@type":"EntryPoint","urlTemplate":"https:\/\/www.suno.com.br\/noticias\/?s={search_term_string}"},"query-input":{"@type":"PropertyValueSpecification","valueRequired":true,"valueName":"search_term_string"}}],"inLanguage":"pt-BR"},{"@type":"Organization","@id":"https:\/\/www.suno.com.br\/noticias\/#organization","name":"Suno Not\u00edcias","url":"https:\/\/www.suno.com.br\/noticias\/","logo":{"@type":"ImageObject","inLanguage":"pt-BR","@id":"https:\/\/www.suno.com.br\/noticias\/#\/schema\/logo\/image\/","url":"https:\/\/files.sunoresearch.com.br\/n\/uploads\/2021\/09\/suno-logo.png","contentUrl":"https:\/\/files.sunoresearch.com.br\/n\/uploads\/2021\/09\/suno-logo.png","width":180,"height":180,"caption":"Suno Not\u00edcias"},"image":{"@id":"https:\/\/www.suno.com.br\/noticias\/#\/schema\/logo\/image\/"},"sameAs":["https:\/\/facebook.com\/sunoresearch","https:\/\/x.com\/sunoresearch","https:\/\/www.instagram.com\/suno","https:\/\/www.linkedin.com\/company\/suno-research\/","https:\/\/www.youtube.com\/c\/sunoresearch"]},{"@type":"Person","@id":"https:\/\/www.suno.com.br\/noticias\/#\/schema\/person\/3f7693d5795a3f6d5ce15309ee785699","name":"Renan Dantas","image":{"@type":"ImageObject","inLanguage":"pt-BR","@id":"https:\/\/www.suno.com.br\/noticias\/#\/schema\/person\/image\/","url":"https:\/\/secure.gravatar.com\/avatar\/1787b83e7484a08e51d62ac8b41c8396?s=96&r=g","contentUrl":"https:\/\/secure.gravatar.com\/avatar\/1787b83e7484a08e51d62ac8b41c8396?s=96&r=g","caption":"Renan Dantas"},"description":"Escreve sobre pol\u00edtica e mercado financeiro para o portal Suno Not\u00edcias. Antes, atuou na assessoria de comunica\u00e7\u00e3o do Minist\u00e9rio P\u00fablico do Trabalho e na R\u00e1dio Mackenzie, onde apresentava e produzia um programa sobre artistas da m\u00fasica brasileira. \u00c9 estudante na Universidade Presbiteriana Mackenzie.","url":"https:\/\/www.suno.com.br\/noticias\/author\/renan-dantas\/"}]}},"default_loop_html":"<div class=\"cardsPage__listCard__boxs\"><div class=\"cardsPage__listCard__boxs__img\"><a href=\"https:\/\/www.suno.com.br\/noticias\/avianca-pode-perder-frota\/\"><img class=\"mask\" src=\"https:\/\/www.suno.com.br\/noticias\/wp-content\/themes\/suno\/resources\/images\/spotlight\/spotlight1img\/bg-mask.png\" alt=\"Image Mask\"\/><img src=\"https:\/\/files.sunoresearch.com.br\/n\/uploads\/2018\/12\/8ecc3489-avianca-brasil-400x200.webp\" alt=\"Avianca Brasil pode perder 20% da frota de avi\u00f5es\"\/><\/a><span class=\"spotlightCategory\"><a href=\"https:\/\/www.suno.com.br\/noticias\/mercado\/\">Mercado<\/a><\/span><\/div><div class=\"cardsPage__listCard__boxs__content\"><a href=\"https:\/\/www.suno.com.br\/noticias\/avianca-pode-perder-frota\/\"><h2 class=\"content__title\">Avianca Brasil pode perder 20% da frota de avi\u00f5es<\/h2><\/a><div class=\"newsContent__article__meta\"><div class=\"newsContent__article__meta__authorBox\"><a href=\"https:\/\/www.suno.com.br\/noticias\/author\/renan-dantas\/\" class=\"authorBox__avatar noMobi\"><img src=\"https:\/\/secure.gravatar.com\/avatar\/1787b83e7484a08e51d62ac8b41c8396?s=96&#038;r=g\" alt=\"Renan Dantas\"><\/a><div class=\"authorBox__name\"><span>por\n\t\t\t<a href=\"https:\/\/www.suno.com.br\/noticias\/author\/renan-dantas\/\"><span itemprop=\"author\">Renan Dantas<\/span><\/a><\/span><time datetime=\"2019-01-11T20:23:02-02:00\" itemprop=\"datePublished\">11\/01\/2019 20:23<\/time><\/div><\/div><\/div><\/div><\/div>","single_layout":"posts","amp_enabled":true,"_links":{"self":[{"href":"https:\/\/www.suno.com.br\/noticias\/wp-json\/wp\/v2\/posts\/11345"}],"collection":[{"href":"https:\/\/www.suno.com.br\/noticias\/wp-json\/wp\/v2\/posts"}],"about":[{"href":"https:\/\/www.suno.com.br\/noticias\/wp-json\/wp\/v2\/types\/post"}],"author":[{"embeddable":true,"href":"https:\/\/www.suno.com.br\/noticias\/wp-json\/wp\/v2\/users\/14"}],"replies":[{"embeddable":true,"href":"https:\/\/www.suno.com.br\/noticias\/wp-json\/wp\/v2\/comments?post=11345"}],"version-history":[{"count":0,"href":"https:\/\/www.suno.com.br\/noticias\/wp-json\/wp\/v2\/posts\/11345\/revisions"}],"wp:featuredmedia":[{"embeddable":true,"href":"https:\/\/www.suno.com.br\/noticias\/wp-json\/wp\/v2\/media\/8551"}],"wp:attachment":[{"href":"https:\/\/www.suno.com.br\/noticias\/wp-json\/wp\/v2\/media?parent=11345"}],"wp:term":[{"taxonomy":"category","embeddable":true,"href":"https:\/\/www.suno.com.br\/noticias\/wp-json\/wp\/v2\/categories?post=11345"},{"taxonomy":"post_tag","embeddable":true,"href":"https:\/\/www.suno.com.br\/noticias\/wp-json\/wp\/v2\/tags?post=11345"},{"taxonomy":"suno_strategy","embeddable":true,"href":"https:\/\/www.suno.com.br\/noticias\/wp-json\/wp\/v2\/suno_strategy?post=11345"}],"curies":[{"name":"wp","href":"https:\/\/api.w.org\/{rel}","templated":true}]}}