{"id":113440,"date":"2021-01-14T16:17:59","date_gmt":"2021-01-14T19:17:59","guid":{"rendered":"https:\/\/www.suno.com.br\/noticias\/?p=113440"},"modified":"2021-01-14T18:56:51","modified_gmt":"2021-01-14T21:56:51","slug":"weg-contrato-termeletricas-roraima","status":"publish","type":"post","link":"https:\/\/www.suno.com.br\/noticias\/weg-contrato-termeletricas-roraima\/","title":{"rendered":"Weg (WEGE3) fecha contrato de R$ 39 mi para equipar termel\u00e9tricas em Roraima"},"content":{"rendered":"<p>A <a href=\"https:\/\/www.suno.com.br\/acoes\/wege3\/\"><strong>Weg<\/strong> (WEGE3)<\/a> assinou nesta quinta-feira (14) um contrato com faturamento total de R$ 39 milh\u00f5es com a OXE Energia para fornecer quatro conjuntos de turbo-geradores para usinas termel\u00e9tricas movidas a biomassa em Roraima.<\/p>\t<div class=\"wrapper-featured-image\">\n\t\t<figure class=\"spotlightImg\">\n\n\t\t\t<picture>\n\t\t\t\t<source media=\"(max-width: 768px)\" srcset=\"https:\/\/files.sunoresearch.com.br\/n\/uploads\/2021\/01\/48d2689d-weg-800x450-1-400x200.webp\">\n\t\t\t\t<img loading=\"lazy\" decoding=\"async\" class=\"newsContent__article__imgCapa lazyloadDisabled \" src=\"https:\/\/files.sunoresearch.com.br\/n\/uploads\/2021\/01\/48d2689d-weg-800x450-1-jpg.webp\" width=\"800\" height=\"450\" alt=\"Weg (WEGE3) fecha contrato de R$ 39 mi para equipar termel\u00e9tricas em Roraima\" fetchpriority=high \/>\n\t\t\t<\/picture>\n\n\t\t\t<figcaption class=\"wp-caption-text wp-caption-text--show\">Weg (WEGE3) fecha contrato de R$ 39 mi para equipar termel\u00e9tricas em Roraima<\/figcaption>\n\t\t<\/figure>\n\t<\/div>\n\n\n\t<p>\n\t\t<a href=\"https:\/\/lp.suno.com.br\/planilha-controle-gastos\/\" target=\"_blank\" data-element=\"shortcode-suno-banner\" title=\"Banner SUNO, clique e saiba mais\">\n\t\t\t<picture>\n\t\t\t\t<source media=\"(max-width: 500px)\" srcset=\"https:\/\/files.sunoresearch.com.br\/n\/uploads\/2023\/03\/400x300-Planilha-controle-de-gastos.png\">\n\t\t\t\t<img class=\"newsContent__article__imgCapa newsContent__article__imgCapa--banner\"\n\t\t\t\t\tsrc=\"https:\/\/files.sunoresearch.com.br\/n\/uploads\/2023\/03\/1420x240-Planilha-controle-de-gastos.png\"\n\t\t\t\t\tdata-promo-id=\"101751\"\t\t\t\t\t\t\t\t\t\twidth='1420' height='240'\t\t\t\t\talt=\"https:\/\/files.sunoresearch.com.br\/n\/uploads\/2023\/03\/1420x240-Planilha-controle-de-gastos.png\"\n\t\t\t\t>\n\t\t\t<\/picture>\n\t\t<\/a>\n\t<\/p>\n\n\n<p>A entrega do pedido da Weg est\u00e1 prevista para ocorrer ainda no primeiro trimestre de 2021, enquanto as usinas termel\u00e9tricas devem come\u00e7ar a operar at\u00e9 o m\u00eas de junho.<\/p>\n<p>De acordo com o contrato da Weg, deve ocorrer a instala\u00e7\u00e3o de:<\/p>\n<ul>\n<li>quatro turbinas de rea\u00e7\u00e3o, condensa\u00e7\u00e3o, com duas tomadas sem controle,<\/li>\n<li>quatro geradores s\u00edncronos trif\u00e1sico,<\/li>\n<li>quadros el\u00e9tricos de prote\u00e7\u00e3o e controle.<\/li>\n<\/ul>\n<p>Al\u00e9m de fornecer os equipamentos, a fabricante ficar\u00e1 respons\u00e1vel pelos servi\u00e7os de log\u00edstica, montagem e comissionamento.<\/p>\n<p><a href=\"https:\/\/lp.suno.com.br\/suno-one\/\">No Suno One voc\u00ea aprende a fazer seu dinheiro trabalhar para voc\u00ea. Cadastre-se gratuitamente agora!<\/a><\/p>\n<p>A energia que ser\u00e1 gerada neste processo foi contratada em leil\u00e3o da Ag\u00eancia Nacional de Energia El\u00e9trica (Aneel), enquanto os quatro empreendimentos s\u00e3o parte do plano de seguran\u00e7a el\u00e9trica desenhado para Roraima, o \u00fanico estado do pa\u00eds que ainda n\u00e3o est\u00e1 conectado ao Sistema Interligado Nacional (SIN).<\/p>\n<p><iframe loading=\"lazy\" src=\"https:\/\/www.youtube.com\/embed\/GG148DjzqSY\" width=\"560\" height=\"315\" frameborder=\"0\" allowfullscreen=\"allowfullscreen\"><\/iframe><br \/>\n\u201cEste fornecimento n\u00e3o s\u00f3 reitera a forte atua\u00e7\u00e3o da companhia em projetos de gera\u00e7\u00e3o de energia el\u00e9trica limpa, como tamb\u00e9m em empreendimentos estrat\u00e9gicos para o desenvolvimento sustent\u00e1vel das regi\u00f5es\u201d, informa em nota o diretor da Weg, Paulo Sinoti.<\/p>\n<h2>Weg ir\u00e1 pagar R$ 0,036 por a\u00e7\u00e3o em juros sobre o capital pr\u00f3prio<\/h2>\n<p>A Weg informou ao mercado no dia 15 de dezembro de 2020 que seu Conselho de Administra\u00e7\u00e3o aprovou o pagamento de R$ 0,036 por a\u00e7\u00e3o em <a href=\"https:\/\/www.suno.com.br\/artigos\/entenda-o-jcp\/\">juros sobre o capital pr\u00f3prio (JCP).<\/a><\/p>\n<p>Segundo o documento divulgado pela Weg, o pagamento ser\u00e1 de R$ 77 milh\u00f5es em juros sobre o capital pr\u00f3prio.<\/p>\n\t<div data-element=\"shortcode-read-more\" class=\"knowMore\">\n\t\t\t\t<span class=\"knowMore__title\">Saiba Mais<\/span>\n\t\t\t\t<a class=\"knowMore__link\" href=\"https:\/\/www.suno.com.br\/noticias\/weg-wege3-pagar-juros-capital-proprio\/\">\n\t\t\tWeg (WEGE3) ir\u00e1 pagar R$ 0,036 por a\u00e7\u00e3o em juros sobre o capital pr\u00f3prio\t\t<\/a>\n\t<\/div>\n\n\n<p>Al\u00e9m disso, ocorrer\u00e1 em 10 de mar\u00e7o de 2021 e ser\u00e1 feito pelo valor l\u00edquido, de R$ 0,031 por a\u00e7\u00e3o, j\u00e1 deduzido o imposto de renda na fonte de 15% , exceto para os acionistas que comprovarem at\u00e9 18 de dezembro de 2020, junto ao Banco Bradesco, sua condi\u00e7\u00e3o de imunes ou de desobrigadas da reten\u00e7\u00e3o por disposi\u00e7\u00e3o legal.<\/p>\n<h2>\u00daltima cota\u00e7\u00e3o<\/h2>\n<p>A <strong>Weg <\/strong>registrava nesta quinta-feira (14), por volta das 15h59, uma alta de 0,13%, com suas a\u00e7\u00f5es cotadas a R$ 90,40.<\/p>\n\t<p>\n\t\t<a href=\"https:\/\/lp.suno.com.br\/planilha-de-controle-de-investimentos\/\" target=\"_blank\" data-element=\"shortcode-suno-banner\" title=\"Banner SUNO, clique e saiba mais\">\n\t\t\t<picture>\n\t\t\t\t<source media=\"(max-width: 500px)\" srcset=\"https:\/\/files.sunoresearch.com.br\/n\/uploads\/2023\/03\/400x300-Controle-de-Investimentos.png\">\n\t\t\t\t<img class=\"newsContent__article__imgCapa newsContent__article__imgCapa--banner\"\n\t\t\t\t\tsrc=\"https:\/\/files.sunoresearch.com.br\/n\/uploads\/2023\/03\/1420x240-Controle-de-Investimentos.png\"\n\t\t\t\t\tdata-promo-id=\"75934\"\t\t\t\t\t\t\t\t\t\twidth='1420' height='240'\t\t\t\t\talt=\"https:\/\/files.sunoresearch.com.br\/n\/uploads\/2023\/03\/1420x240-Controle-de-Investimentos.png\"\n\t\t\t\t>\n\t\t\t<\/picture>\n\t\t<\/a>\n\t<\/p>\n\n\n","protected":false},"excerpt":{"rendered":"<p>A Weg (WEGE3) assinou nesta quinta-feira (14) um contrato com faturamento total de R$ 39 milh\u00f5es com a OXE Energia para fornecer quatro conjuntos de turbo-geradores para usinas termel\u00e9tricas movidas a biomassa em Roraima. Weg (WEGE3) fecha contrato de R$ 39 mi para equipar termel\u00e9tricas em Roraima A entrega do pedido da Weg est\u00e1 prevista [&hellip;]<\/p>\n","protected":false},"author":56,"featured_media":113459,"comment_status":"closed","ping_status":"closed","sticky":false,"template":"","format":"standard","meta":[],"categories":[64],"tags":[681],"suno_strategy":[],"class_list":["post-113440","post","type-post","status-publish","format-standard","has-post-thumbnail","hentry","category-negocios","tag-weg-wege3"],"yoast_head":"<!-- This site is optimized with the Yoast SEO plugin v24.4 - https:\/\/yoast.com\/wordpress\/plugins\/seo\/ -->\n<title>Weg fecha contrato de R$ 39 mi para equipar termel\u00e9tricas em Roraima<\/title>\n<meta name=\"description\" content=\"A entrega do pedido da Weg (WEGE3) est\u00e1 prevista para ocorrer ainda no primeiro trimestre de 2021. Clique aqui para saber mais.\" \/>\n<meta name=\"robots\" content=\"index, follow, max-snippet:-1, max-image-preview:large, max-video-preview:-1\" \/>\n<link rel=\"canonical\" href=\"https:\/\/www.suno.com.br\/noticias\/weg-contrato-termeletricas-roraima\/\" \/>\n<meta property=\"og:locale\" content=\"pt_BR\" \/>\n<meta property=\"og:type\" content=\"article\" \/>\n<meta property=\"og:title\" content=\"Weg fecha contrato de R$ 39 mi para equipar termel\u00e9tricas em Roraima\" \/>\n<meta property=\"og:description\" content=\"A entrega do pedido da Weg (WEGE3) est\u00e1 prevista para ocorrer ainda no primeiro trimestre de 2021. Clique aqui para saber mais.\" \/>\n<meta property=\"og:url\" content=\"https:\/\/www.suno.com.br\/noticias\/weg-contrato-termeletricas-roraima\/\" \/>\n<meta property=\"og:site_name\" content=\"Suno Not\u00edcias\" \/>\n<meta property=\"article:publisher\" content=\"https:\/\/facebook.com\/sunoresearch\" \/>\n<meta property=\"og:image\" content=\"https:\/\/files.sunoresearch.com.br\/n\/uploads\/2021\/01\/48d2689d-weg-800x450-1.jpg\" \/>\n\t<meta property=\"og:image:width\" content=\"800\" \/>\n\t<meta property=\"og:image:height\" content=\"450\" \/>\n\t<meta property=\"og:image:type\" content=\"image\/jpeg\" \/>\n<meta name=\"author\" content=\"Rafaela La Regina\" \/>\n<meta name=\"twitter:card\" content=\"summary_large_image\" \/>\n<meta name=\"twitter:creator\" content=\"@sunoresearch\" \/>\n<meta name=\"twitter:site\" content=\"@sunoresearch\" \/>\n<meta name=\"twitter:label1\" content=\"Escrito por\" \/>\n\t<meta name=\"twitter:data1\" content=\"Rafaela La Regina\" \/>\n\t<meta name=\"twitter:label2\" content=\"Est. tempo de leitura\" \/>\n\t<meta name=\"twitter:data2\" content=\"2 minutos\" \/>\n<script type=\"application\/ld+json\" class=\"yoast-schema-graph\">{\"@context\":\"https:\/\/schema.org\",\"@graph\":[{\"@type\":\"NewsArticle\",\"@id\":\"https:\/\/www.suno.com.br\/noticias\/weg-contrato-termeletricas-roraima\/#article\",\"isPartOf\":{\"@id\":\"https:\/\/www.suno.com.br\/noticias\/weg-contrato-termeletricas-roraima\/\"},\"author\":{\"name\":\"Rafaela La Regina\",\"@id\":\"https:\/\/www.suno.com.br\/noticias\/#\/schema\/person\/e672ca8cea627fe715fa29bca7da95e0\"},\"headline\":\"Weg (WEGE3) fecha contrato de R$ 39 mi para equipar termel\u00e9tricas em Roraima\",\"datePublished\":\"2021-01-14T19:17:59+00:00\",\"dateModified\":\"2021-01-14T21:56:51+00:00\",\"mainEntityOfPage\":{\"@id\":\"https:\/\/www.suno.com.br\/noticias\/weg-contrato-termeletricas-roraima\/\"},\"wordCount\":413,\"publisher\":{\"@id\":\"https:\/\/www.suno.com.br\/noticias\/#organization\"},\"image\":{\"@id\":\"https:\/\/www.suno.com.br\/noticias\/weg-contrato-termeletricas-roraima\/#primaryimage\"},\"thumbnailUrl\":\"https:\/\/files.sunoresearch.com.br\/n\/uploads\/2021\/01\/48d2689d-weg-800x450-1-jpg.webp\",\"keywords\":[\"Weg (WEGE3)\"],\"articleSection\":[\"Neg\u00f3cios\"],\"inLanguage\":\"pt-BR\"},{\"@type\":\"WebPage\",\"@id\":\"https:\/\/www.suno.com.br\/noticias\/weg-contrato-termeletricas-roraima\/\",\"url\":\"https:\/\/www.suno.com.br\/noticias\/weg-contrato-termeletricas-roraima\/\",\"name\":\"Weg fecha contrato de R$ 39 mi para equipar termel\u00e9tricas em Roraima\",\"isPartOf\":{\"@id\":\"https:\/\/www.suno.com.br\/noticias\/#website\"},\"primaryImageOfPage\":{\"@id\":\"https:\/\/www.suno.com.br\/noticias\/weg-contrato-termeletricas-roraima\/#primaryimage\"},\"image\":{\"@id\":\"https:\/\/www.suno.com.br\/noticias\/weg-contrato-termeletricas-roraima\/#primaryimage\"},\"thumbnailUrl\":\"https:\/\/files.sunoresearch.com.br\/n\/uploads\/2021\/01\/48d2689d-weg-800x450-1-jpg.webp\",\"datePublished\":\"2021-01-14T19:17:59+00:00\",\"dateModified\":\"2021-01-14T21:56:51+00:00\",\"description\":\"A entrega do pedido da Weg (WEGE3) est\u00e1 prevista para ocorrer ainda no primeiro trimestre de 2021. Clique aqui para saber mais.\",\"breadcrumb\":{\"@id\":\"https:\/\/www.suno.com.br\/noticias\/weg-contrato-termeletricas-roraima\/#breadcrumb\"},\"inLanguage\":\"pt-BR\",\"potentialAction\":[{\"@type\":\"ReadAction\",\"target\":[\"https:\/\/www.suno.com.br\/noticias\/weg-contrato-termeletricas-roraima\/\"]}]},{\"@type\":\"ImageObject\",\"inLanguage\":\"pt-BR\",\"@id\":\"https:\/\/www.suno.com.br\/noticias\/weg-contrato-termeletricas-roraima\/#primaryimage\",\"url\":\"https:\/\/files.sunoresearch.com.br\/n\/uploads\/2021\/01\/48d2689d-weg-800x450-1-jpg.webp\",\"contentUrl\":\"https:\/\/files.sunoresearch.com.br\/n\/uploads\/2021\/01\/48d2689d-weg-800x450-1-jpg.webp\",\"width\":800,\"height\":450,\"caption\":\"Weg (WEGE3) fecha contrato de R$ 39 mi para equipar termel\u00e9tricas em Roraima\"},{\"@type\":\"BreadcrumbList\",\"@id\":\"https:\/\/www.suno.com.br\/noticias\/weg-contrato-termeletricas-roraima\/#breadcrumb\",\"itemListElement\":[{\"@type\":\"ListItem\",\"position\":1,\"name\":\"Not\u00edcias\",\"item\":\"https:\/\/www.suno.com.br\/noticias\/\"},{\"@type\":\"ListItem\",\"position\":2,\"name\":\"Neg\u00f3cios\",\"item\":\"https:\/\/www.suno.com.br\/noticias\/negocios\/\"},{\"@type\":\"ListItem\",\"position\":3,\"name\":\"Weg (WEGE3) fecha contrato de R$ 39 mi para equipar termel\u00e9tricas em Roraima\"}]},{\"@type\":\"WebSite\",\"@id\":\"https:\/\/www.suno.com.br\/noticias\/#website\",\"url\":\"https:\/\/www.suno.com.br\/noticias\/\",\"name\":\"Suno Not\u00edcias\",\"description\":\"Seu portal de informa\u00e7\u00e3o sobre o mundo dos investimentos\",\"publisher\":{\"@id\":\"https:\/\/www.suno.com.br\/noticias\/#organization\"},\"potentialAction\":[{\"@type\":\"SearchAction\",\"target\":{\"@type\":\"EntryPoint\",\"urlTemplate\":\"https:\/\/www.suno.com.br\/noticias\/?s={search_term_string}\"},\"query-input\":{\"@type\":\"PropertyValueSpecification\",\"valueRequired\":true,\"valueName\":\"search_term_string\"}}],\"inLanguage\":\"pt-BR\"},{\"@type\":\"Organization\",\"@id\":\"https:\/\/www.suno.com.br\/noticias\/#organization\",\"name\":\"Suno Not\u00edcias\",\"url\":\"https:\/\/www.suno.com.br\/noticias\/\",\"logo\":{\"@type\":\"ImageObject\",\"inLanguage\":\"pt-BR\",\"@id\":\"https:\/\/www.suno.com.br\/noticias\/#\/schema\/logo\/image\/\",\"url\":\"https:\/\/files.sunoresearch.com.br\/n\/uploads\/2021\/09\/suno-logo.png\",\"contentUrl\":\"https:\/\/files.sunoresearch.com.br\/n\/uploads\/2021\/09\/suno-logo.png\",\"width\":180,\"height\":180,\"caption\":\"Suno Not\u00edcias\"},\"image\":{\"@id\":\"https:\/\/www.suno.com.br\/noticias\/#\/schema\/logo\/image\/\"},\"sameAs\":[\"https:\/\/facebook.com\/sunoresearch\",\"https:\/\/x.com\/sunoresearch\",\"https:\/\/www.instagram.com\/suno\",\"https:\/\/www.linkedin.com\/company\/suno-research\/\",\"https:\/\/www.youtube.com\/c\/sunoresearch\"]},{\"@type\":\"Person\",\"@id\":\"https:\/\/www.suno.com.br\/noticias\/#\/schema\/person\/e672ca8cea627fe715fa29bca7da95e0\",\"name\":\"Rafaela La Regina\",\"image\":{\"@type\":\"ImageObject\",\"inLanguage\":\"pt-BR\",\"@id\":\"https:\/\/www.suno.com.br\/noticias\/#\/schema\/person\/image\/\",\"url\":\"https:\/\/secure.gravatar.com\/avatar\/d2c75a52d243deb93d0465fdcb21bd37?s=96&r=g\",\"contentUrl\":\"https:\/\/secure.gravatar.com\/avatar\/d2c75a52d243deb93d0465fdcb21bd37?s=96&r=g\",\"caption\":\"Rafaela La Regina\"},\"description\":\"Estagi\u00e1ria no Suno Not\u00edcias. Escreve sobre economia, pol\u00edtica e neg\u00f3cios. Estuda Rela\u00e7\u00f5es Internacionais no IBMEC-SP.\",\"url\":\"https:\/\/www.suno.com.br\/noticias\/author\/rafaela-la-regina\/\"}]}<\/script>\n<!-- \/ Yoast SEO plugin. -->","yoast_head_json":{"title":"Weg fecha contrato de R$ 39 mi para equipar termel\u00e9tricas em Roraima","description":"A entrega do pedido da Weg (WEGE3) est\u00e1 prevista para ocorrer ainda no primeiro trimestre de 2021. Clique aqui para saber mais.","robots":{"index":"index","follow":"follow","max-snippet":"max-snippet:-1","max-image-preview":"max-image-preview:large","max-video-preview":"max-video-preview:-1"},"canonical":"https:\/\/www.suno.com.br\/noticias\/weg-contrato-termeletricas-roraima\/","og_locale":"pt_BR","og_type":"article","og_title":"Weg fecha contrato de R$ 39 mi para equipar termel\u00e9tricas em Roraima","og_description":"A entrega do pedido da Weg (WEGE3) est\u00e1 prevista para ocorrer ainda no primeiro trimestre de 2021. Clique aqui para saber mais.","og_url":"https:\/\/www.suno.com.br\/noticias\/weg-contrato-termeletricas-roraima\/","og_site_name":"Suno Not\u00edcias","article_publisher":"https:\/\/facebook.com\/sunoresearch","og_image":[{"width":800,"height":450,"url":"https:\/\/files.sunoresearch.com.br\/n\/uploads\/2021\/01\/48d2689d-weg-800x450-1.jpg","type":"image\/jpeg"}],"author":"Rafaela La Regina","twitter_card":"summary_large_image","twitter_creator":"@sunoresearch","twitter_site":"@sunoresearch","twitter_misc":{"Escrito por":"Rafaela La Regina","Est. tempo de leitura":"2 minutos"},"schema":{"@context":"https:\/\/schema.org","@graph":[{"@type":"NewsArticle","@id":"https:\/\/www.suno.com.br\/noticias\/weg-contrato-termeletricas-roraima\/#article","isPartOf":{"@id":"https:\/\/www.suno.com.br\/noticias\/weg-contrato-termeletricas-roraima\/"},"author":{"name":"Rafaela La Regina","@id":"https:\/\/www.suno.com.br\/noticias\/#\/schema\/person\/e672ca8cea627fe715fa29bca7da95e0"},"headline":"Weg (WEGE3) fecha contrato de R$ 39 mi para equipar termel\u00e9tricas em Roraima","datePublished":"2021-01-14T19:17:59+00:00","dateModified":"2021-01-14T21:56:51+00:00","mainEntityOfPage":{"@id":"https:\/\/www.suno.com.br\/noticias\/weg-contrato-termeletricas-roraima\/"},"wordCount":413,"publisher":{"@id":"https:\/\/www.suno.com.br\/noticias\/#organization"},"image":{"@id":"https:\/\/www.suno.com.br\/noticias\/weg-contrato-termeletricas-roraima\/#primaryimage"},"thumbnailUrl":"https:\/\/files.sunoresearch.com.br\/n\/uploads\/2021\/01\/48d2689d-weg-800x450-1-jpg.webp","keywords":["Weg (WEGE3)"],"articleSection":["Neg\u00f3cios"],"inLanguage":"pt-BR"},{"@type":"WebPage","@id":"https:\/\/www.suno.com.br\/noticias\/weg-contrato-termeletricas-roraima\/","url":"https:\/\/www.suno.com.br\/noticias\/weg-contrato-termeletricas-roraima\/","name":"Weg fecha contrato de R$ 39 mi para equipar termel\u00e9tricas em Roraima","isPartOf":{"@id":"https:\/\/www.suno.com.br\/noticias\/#website"},"primaryImageOfPage":{"@id":"https:\/\/www.suno.com.br\/noticias\/weg-contrato-termeletricas-roraima\/#primaryimage"},"image":{"@id":"https:\/\/www.suno.com.br\/noticias\/weg-contrato-termeletricas-roraima\/#primaryimage"},"thumbnailUrl":"https:\/\/files.sunoresearch.com.br\/n\/uploads\/2021\/01\/48d2689d-weg-800x450-1-jpg.webp","datePublished":"2021-01-14T19:17:59+00:00","dateModified":"2021-01-14T21:56:51+00:00","description":"A entrega do pedido da Weg (WEGE3) est\u00e1 prevista para ocorrer ainda no primeiro trimestre de 2021. Clique aqui para saber mais.","breadcrumb":{"@id":"https:\/\/www.suno.com.br\/noticias\/weg-contrato-termeletricas-roraima\/#breadcrumb"},"inLanguage":"pt-BR","potentialAction":[{"@type":"ReadAction","target":["https:\/\/www.suno.com.br\/noticias\/weg-contrato-termeletricas-roraima\/"]}]},{"@type":"ImageObject","inLanguage":"pt-BR","@id":"https:\/\/www.suno.com.br\/noticias\/weg-contrato-termeletricas-roraima\/#primaryimage","url":"https:\/\/files.sunoresearch.com.br\/n\/uploads\/2021\/01\/48d2689d-weg-800x450-1-jpg.webp","contentUrl":"https:\/\/files.sunoresearch.com.br\/n\/uploads\/2021\/01\/48d2689d-weg-800x450-1-jpg.webp","width":800,"height":450,"caption":"Weg (WEGE3) fecha contrato de R$ 39 mi para equipar termel\u00e9tricas em Roraima"},{"@type":"BreadcrumbList","@id":"https:\/\/www.suno.com.br\/noticias\/weg-contrato-termeletricas-roraima\/#breadcrumb","itemListElement":[{"@type":"ListItem","position":1,"name":"Not\u00edcias","item":"https:\/\/www.suno.com.br\/noticias\/"},{"@type":"ListItem","position":2,"name":"Neg\u00f3cios","item":"https:\/\/www.suno.com.br\/noticias\/negocios\/"},{"@type":"ListItem","position":3,"name":"Weg (WEGE3) fecha contrato de R$ 39 mi para equipar termel\u00e9tricas em Roraima"}]},{"@type":"WebSite","@id":"https:\/\/www.suno.com.br\/noticias\/#website","url":"https:\/\/www.suno.com.br\/noticias\/","name":"Suno Not\u00edcias","description":"Seu portal de informa\u00e7\u00e3o sobre o mundo dos investimentos","publisher":{"@id":"https:\/\/www.suno.com.br\/noticias\/#organization"},"potentialAction":[{"@type":"SearchAction","target":{"@type":"EntryPoint","urlTemplate":"https:\/\/www.suno.com.br\/noticias\/?s={search_term_string}"},"query-input":{"@type":"PropertyValueSpecification","valueRequired":true,"valueName":"search_term_string"}}],"inLanguage":"pt-BR"},{"@type":"Organization","@id":"https:\/\/www.suno.com.br\/noticias\/#organization","name":"Suno Not\u00edcias","url":"https:\/\/www.suno.com.br\/noticias\/","logo":{"@type":"ImageObject","inLanguage":"pt-BR","@id":"https:\/\/www.suno.com.br\/noticias\/#\/schema\/logo\/image\/","url":"https:\/\/files.sunoresearch.com.br\/n\/uploads\/2021\/09\/suno-logo.png","contentUrl":"https:\/\/files.sunoresearch.com.br\/n\/uploads\/2021\/09\/suno-logo.png","width":180,"height":180,"caption":"Suno Not\u00edcias"},"image":{"@id":"https:\/\/www.suno.com.br\/noticias\/#\/schema\/logo\/image\/"},"sameAs":["https:\/\/facebook.com\/sunoresearch","https:\/\/x.com\/sunoresearch","https:\/\/www.instagram.com\/suno","https:\/\/www.linkedin.com\/company\/suno-research\/","https:\/\/www.youtube.com\/c\/sunoresearch"]},{"@type":"Person","@id":"https:\/\/www.suno.com.br\/noticias\/#\/schema\/person\/e672ca8cea627fe715fa29bca7da95e0","name":"Rafaela La Regina","image":{"@type":"ImageObject","inLanguage":"pt-BR","@id":"https:\/\/www.suno.com.br\/noticias\/#\/schema\/person\/image\/","url":"https:\/\/secure.gravatar.com\/avatar\/d2c75a52d243deb93d0465fdcb21bd37?s=96&r=g","contentUrl":"https:\/\/secure.gravatar.com\/avatar\/d2c75a52d243deb93d0465fdcb21bd37?s=96&r=g","caption":"Rafaela La Regina"},"description":"Estagi\u00e1ria no Suno Not\u00edcias. Escreve sobre economia, pol\u00edtica e neg\u00f3cios. Estuda Rela\u00e7\u00f5es Internacionais no IBMEC-SP.","url":"https:\/\/www.suno.com.br\/noticias\/author\/rafaela-la-regina\/"}]}},"default_loop_html":"<div class=\"cardsPage__listCard__boxs\"><div class=\"cardsPage__listCard__boxs__img\"><a href=\"https:\/\/www.suno.com.br\/noticias\/weg-contrato-termeletricas-roraima\/\"><img class=\"mask\" src=\"https:\/\/www.suno.com.br\/noticias\/wp-content\/themes\/suno\/resources\/images\/spotlight\/spotlight1img\/bg-mask.png\" alt=\"Image Mask\"\/><img src=\"https:\/\/files.sunoresearch.com.br\/n\/uploads\/2021\/01\/48d2689d-weg-800x450-1-400x200.webp\" alt=\"Weg (WEGE3) fecha contrato de R$ 39 mi para equipar termel\u00e9tricas em Roraima\"\/><\/a><span class=\"spotlightCategory\"><a href=\"https:\/\/www.suno.com.br\/noticias\/negocios\/\">Neg\u00f3cios<\/a><\/span><\/div><div class=\"cardsPage__listCard__boxs__content\"><a href=\"https:\/\/www.suno.com.br\/noticias\/weg-contrato-termeletricas-roraima\/\"><h2 class=\"content__title\">Weg (WEGE3) fecha contrato de R$ 39 mi para equipar termel\u00e9tricas em Roraima<\/h2><\/a><div class=\"newsContent__article__meta\"><div class=\"newsContent__article__meta__authorBox\"><a href=\"https:\/\/www.suno.com.br\/noticias\/author\/rafaela-la-regina\/\" class=\"authorBox__avatar noMobi\"><img src=\"https:\/\/secure.gravatar.com\/avatar\/d2c75a52d243deb93d0465fdcb21bd37?s=96&#038;r=g\" alt=\"Rafaela La Regina\"><\/a><div class=\"authorBox__name\"><span>por\n\t\t\t<a href=\"https:\/\/www.suno.com.br\/noticias\/author\/rafaela-la-regina\/\"><span itemprop=\"author\">Rafaela La Regina<\/span><\/a><\/span><time datetime=\"2021-01-14T16:17:59-03:00\" itemprop=\"datePublished\">14\/01\/2021 16:17<\/time><\/div><\/div><\/div><\/div><\/div>","single_layout":"posts","amp_enabled":true,"_links":{"self":[{"href":"https:\/\/www.suno.com.br\/noticias\/wp-json\/wp\/v2\/posts\/113440"}],"collection":[{"href":"https:\/\/www.suno.com.br\/noticias\/wp-json\/wp\/v2\/posts"}],"about":[{"href":"https:\/\/www.suno.com.br\/noticias\/wp-json\/wp\/v2\/types\/post"}],"author":[{"embeddable":true,"href":"https:\/\/www.suno.com.br\/noticias\/wp-json\/wp\/v2\/users\/56"}],"replies":[{"embeddable":true,"href":"https:\/\/www.suno.com.br\/noticias\/wp-json\/wp\/v2\/comments?post=113440"}],"version-history":[{"count":0,"href":"https:\/\/www.suno.com.br\/noticias\/wp-json\/wp\/v2\/posts\/113440\/revisions"}],"wp:featuredmedia":[{"embeddable":true,"href":"https:\/\/www.suno.com.br\/noticias\/wp-json\/wp\/v2\/media\/113459"}],"wp:attachment":[{"href":"https:\/\/www.suno.com.br\/noticias\/wp-json\/wp\/v2\/media?parent=113440"}],"wp:term":[{"taxonomy":"category","embeddable":true,"href":"https:\/\/www.suno.com.br\/noticias\/wp-json\/wp\/v2\/categories?post=113440"},{"taxonomy":"post_tag","embeddable":true,"href":"https:\/\/www.suno.com.br\/noticias\/wp-json\/wp\/v2\/tags?post=113440"},{"taxonomy":"suno_strategy","embeddable":true,"href":"https:\/\/www.suno.com.br\/noticias\/wp-json\/wp\/v2\/suno_strategy?post=113440"}],"curies":[{"name":"wp","href":"https:\/\/api.w.org\/{rel}","templated":true}]}}