{"id":113369,"date":"2021-01-14T15:10:40","date_gmt":"2021-01-14T18:10:40","guid":{"rendered":"https:\/\/www.suno.com.br\/noticias\/?p=113369"},"modified":"2021-01-14T15:10:40","modified_gmt":"2021-01-14T18:10:40","slug":"bce-reducao-juros-efeito-marginal-crescimento-inflacao","status":"publish","type":"post","link":"https:\/\/www.suno.com.br\/noticias\/bce-reducao-juros-efeito-marginal-crescimento-inflacao\/","title":{"rendered":"BCE: redu\u00e7\u00e3o do juros teria efeito marginal sobre crescimento e infla\u00e7\u00e3o"},"content":{"rendered":"<p>A ata da \u00faltima reuni\u00e3o de <a href=\"https:\/\/www.suno.com.br\/artigos\/politica-monetaria\/#:~:text=Ou%20seja%2C%20o%20dep%C3%B3sito%20compuls%C3%B3rio,de%20uma%20pol%C3%ADtica%20monet%C3%A1ria%20expansionista.\">pol\u00edtica monet\u00e1ria<\/a> do <a href=\"https:\/\/www.suno.com.br\/artigos\/bce\/\">Banco Central Europeu<strong> (BCE)<\/strong><\/a>, realizada nos dias 9 e 10 de dezembro, foram divulgadas nesta quinta-feira (14). De acordo com o documento, os dirigentes consideraram que uma nova redu\u00e7\u00e3o da <a href=\"https:\/\/www.suno.com.br\/artigos\/taxa-de-juros\/\">taxa de juros<\/a> teria efeito apenas marginal no crescimento e <a href=\"https:\/\/www.suno.com.br\/artigos\/inflacao\/\">infla\u00e7\u00e3o<\/a> da <a href=\"https:\/\/www.suno.com.br\/artigos\/zona-do-euro\/\">zona do euro<\/a>.<\/p>\t<div class=\"wrapper-featured-image\">\n\t\t<figure class=\"spotlightImg\">\n\n\t\t\t<picture>\n\t\t\t\t<source media=\"(max-width: 768px)\" srcset=\"https:\/\/files.sunoresearch.com.br\/n\/uploads\/2021\/01\/7450ef84-bce-400x200.webp\">\n\t\t\t\t<img loading=\"lazy\" decoding=\"async\" class=\"newsContent__article__imgCapa lazyloadDisabled \" src=\"https:\/\/files.sunoresearch.com.br\/n\/uploads\/2021\/01\/7450ef84-bce-jpg.webp\" width=\"800\" height=\"450\" alt=\"BCE: redu\u00e7\u00e3o do juros teria efeito marginal sobre crescimento e infla\u00e7\u00e3o\" fetchpriority=high \/>\n\t\t\t<\/picture>\n\n\t\t\t<figcaption class=\"wp-caption-text wp-caption-text--show\">BCE\/ata: nova redu\u00e7\u00e3o do juros teria efeito marginal sobre crescimento e infla\u00e7\u00e3o<\/figcaption>\n\t\t<\/figure>\n\t<\/div>\n\n\n\t<p>\n\t\t<a href=\"https:\/\/lp.suno.com.br\/planilha-controle-gastos\/\" target=\"_blank\" data-element=\"shortcode-suno-banner\" title=\"Banner SUNO, clique e saiba mais\">\n\t\t\t<picture>\n\t\t\t\t<source media=\"(max-width: 500px)\" srcset=\"https:\/\/files.sunoresearch.com.br\/n\/uploads\/2023\/03\/400x300-Planilha-controle-de-gastos.png\">\n\t\t\t\t<img class=\"newsContent__article__imgCapa newsContent__article__imgCapa--banner\"\n\t\t\t\t\tsrc=\"https:\/\/files.sunoresearch.com.br\/n\/uploads\/2023\/03\/1420x240-Planilha-controle-de-gastos.png\"\n\t\t\t\t\tdata-promo-id=\"101751\"\t\t\t\t\t\t\t\t\t\twidth='1420' height='240'\t\t\t\t\talt=\"https:\/\/files.sunoresearch.com.br\/n\/uploads\/2023\/03\/1420x240-Planilha-controle-de-gastos.png\"\n\t\t\t\t>\n\t\t\t<\/picture>\n\t\t<\/a>\n\t<\/p>\n\n\n<p>Al\u00e9m disso, o <strong>programa de compra de ativos da pandemia (PEPP<\/strong>, na sigla em ingl\u00eas), foi mais eficiente que os cortes de juros para dar suporte \u00e0 economia durante a crise, informaram os dirigentes do BCE.<\/p>\n<p>Segundo o documento, os dirigentes do Banco Central Europeu concordaram que a nova extens\u00e3o do programa de compra de ativos est\u00e1 &#8220;em linha&#8221; com a dura\u00e7\u00e3o prevista da crise, as d\u00favidas em rela\u00e7\u00e3o \u00e0 distribui\u00e7\u00e3o de vacinas e o retorno esperado da atividade ao n\u00edvel pr\u00e9-pand\u00eamico.<\/p>\n<p><a href=\"https:\/\/lp.suno.com.br\/suno-one\/\">Suno One: acesse gratuitamente eBooks, Minicursos, Artigos e Video Aulas sobre investimentos com um \u00fanico cadastro. Clique para saber mais!<\/a><\/p>\n<p>Os membros da institui\u00e7\u00e3o europeia ressaltaram tamb\u00e9m que: &#8220;os benef\u00edcios das compras de ativos superaram os seus custos potenciais&#8221;.<\/p>\n<p>&#8220;Todos os membros concordaram que, tendo em vista as consequ\u00eancias econ\u00f4micas do ressurgimento da pandemia, a revis\u00e3o em baixa da trajet\u00f3ria de infla\u00e7\u00e3o projetada e os riscos resultantes de um desancoramento das expectativas de infla\u00e7\u00e3o, medidas adicionais de pol\u00edtica monet\u00e1ria foram necess\u00e1rias para preservar o fluxo de cr\u00e9dito para todos os setores da economia e sustentar a recupera\u00e7\u00e3o econ\u00f4mica&#8221;, informa a ata.<\/p>\n\t<p>\n\t\t<a href=\"https:\/\/lp.suno.com.br\/ebook-como-analisar-uma-acao\/\" target=\"_blank\" data-element=\"shortcode-suno-banner\" title=\"Banner SUNO, clique e saiba mais\">\n\t\t\t<picture>\n\t\t\t\t<source media=\"(max-width: 500px)\" srcset=\"https:\/\/files.sunoresearch.com.br\/n\/uploads\/2023\/03\/Ebook-Acoes-Mobile.jpg\">\n\t\t\t\t<img class=\"newsContent__article__imgCapa newsContent__article__imgCapa--banner\"\n\t\t\t\t\tsrc=\"https:\/\/files.sunoresearch.com.br\/n\/uploads\/2023\/03\/Ebook-Acoes-Desktop.jpg\"\n\t\t\t\t\tdata-promo-id=\"378302\"\t\t\t\t\t\t\t\t\t\twidth='1420' height='286'\t\t\t\t\talt=\"https:\/\/files.sunoresearch.com.br\/n\/uploads\/2023\/03\/Ebook-Acoes-Desktop.jpg\"\n\t\t\t\t>\n\t\t\t<\/picture>\n\t\t<\/a>\n\t<\/p>\n\n\n<p>Ao passo que alguns dirigentes do BCE defenderam uma amplia\u00e7\u00e3o menor das compras de ativos, sob o argumento de que seria prudente deixar um pouco de espa\u00e7o para a pol\u00edtica monet\u00e1ria para decis\u00f5es futuras.<\/p>\n<p>Contudo, outros membros argumentaram que o aumento proposto \u00e0 <strong>PEPP<\/strong> ainda era insuficiente para facilitar as condi\u00e7\u00f5es de financiamento e trazer a infla\u00e7\u00e3o da zona do euro mais pr\u00f3xima da meta do BCE.<\/p>\n<h2>BCE fala sobre o Euro<\/h2>\n<p>Durante a reuni\u00e3o do BCE, membros da entidade declararam ter observado com aten\u00e7\u00e3o o papel da taxa de c\u00e2mbio para o cen\u00e1rio de infla\u00e7\u00e3o na zona do euro, pontuando que a recente aprecia\u00e7\u00e3o da moeda comum ante o d\u00f3lar americano pode contribuir para um cen\u00e1rio de infla\u00e7\u00e3o deprimida.<\/p>\n<p>A ata revela ainda que a taxa de c\u00e2mbio nominal do euro atingiu recordes hist\u00f3ricos no \u00faltima ano. De acordo com o documento, dirigentes notaram que as perspectivas de infla\u00e7\u00e3o para a zona do euro ainda est\u00e3o &#8220;muito abaixo&#8221; da meta do banco, de taxa pr\u00f3xima, entretanto menor, de 2%.<\/p>\n<p>O conselho da entidade concordou que deve monitorar &#8220;cuidadosamente&#8221; o cen\u00e1rio de estabilidade de pre\u00e7os e que n\u00e3o deve ser visto como &#8220;complacente&#8221; em rela\u00e7\u00e3o \u00e0 infla\u00e7\u00e3o. Os dirigentes acreditam que o n\u00edvel de pre\u00e7os ainda est\u00e1 muito baixo devido \u00e0 demanda e mercado de trabalho reduzidos, seguindo os impactos da ressurg\u00eancia do <strong>coronav\u00edrus (covid-19)<\/strong> nos \u00faltimos meses de 2020.<\/p>\n<p><a href=\"https:\/\/www.suno.com.br\/noticias\/bce-retomada-economia-encorajadora-pandemia-desafio\/\">Veja Tamb\u00e9m: BCE: &#8220;retomada na economia foi encorajadora, mas pandemia segue como desafio&#8221;<\/a><\/p>\n<p>O BCE espera ainda que a infla\u00e7\u00e3o seja impulsionada com a melhora do cen\u00e1rio da crise sanit\u00e1ria. &#8220;Uma vez que o impacto da pandemia diminuir, uma recupera\u00e7\u00e3o da demanda, apoiada por pol\u00edticas fiscais e monet\u00e1rias acomodat\u00edcias, pressionaria a infla\u00e7\u00e3o no m\u00e9dio prazo&#8221;, diz a ata.<\/p>\n<p>Os dirigentes argumentaram que o cen\u00e1rio econ\u00f4mico se enfraqueceu ao fim de 2020 por conta da covid-19, al\u00e9m da perspectiva de n\u00e3o sair o acordo <strong>p\u00f3s-Brexit<\/strong> com o Reino Unido e uma &#8220;pol\u00edtica de est\u00edmulos fiscal vacilante em diversos pa\u00edses&#8221; da zona do euro. O risco que a pandemia traz \u00e0 atividade na <a href=\"https:\/\/www.suno.com.br\/artigos\/uniao-europeia\/\">Uni\u00e3o Europeia (UE)<\/a> se concentra, em especial, no curto prazo, afirmaram os membros do conselho diretivo do <strong>BCE<\/strong> citando indicadores recentes.<\/p>\n<p><em>Com informa\u00e7\u00f5es do Estad\u00e3o Conte\u00fado<\/em><\/p>\n\t<p>\n\t\t<a href=\"https:\/\/lp.suno.com.br\/planilha-de-controle-de-investimentos\/\" target=\"_blank\" data-element=\"shortcode-suno-banner\" title=\"Banner SUNO, clique e saiba mais\">\n\t\t\t<picture>\n\t\t\t\t<source media=\"(max-width: 500px)\" srcset=\"https:\/\/files.sunoresearch.com.br\/n\/uploads\/2023\/03\/400x300-Controle-de-Investimentos.png\">\n\t\t\t\t<img class=\"newsContent__article__imgCapa newsContent__article__imgCapa--banner\"\n\t\t\t\t\tsrc=\"https:\/\/files.sunoresearch.com.br\/n\/uploads\/2023\/03\/1420x240-Controle-de-Investimentos.png\"\n\t\t\t\t\tdata-promo-id=\"75934\"\t\t\t\t\t\t\t\t\t\twidth='1420' height='240'\t\t\t\t\talt=\"https:\/\/files.sunoresearch.com.br\/n\/uploads\/2023\/03\/1420x240-Controle-de-Investimentos.png\"\n\t\t\t\t>\n\t\t\t<\/picture>\n\t\t<\/a>\n\t<\/p>\n\n\n<p>&nbsp;<\/p>\n","protected":false},"excerpt":{"rendered":"<p>A ata da \u00faltima reuni\u00e3o de pol\u00edtica monet\u00e1ria do Banco Central Europeu (BCE), realizada nos dias 9 e 10 de dezembro, foram divulgadas nesta quinta-feira (14). De acordo com o documento, os dirigentes consideraram que uma nova redu\u00e7\u00e3o da taxa de juros teria efeito apenas marginal no crescimento e infla\u00e7\u00e3o da zona do euro. BCE\/ata: [&hellip;]<\/p>\n","protected":false},"author":56,"featured_media":113419,"comment_status":"closed","ping_status":"closed","sticky":false,"template":"","format":"standard","meta":[],"categories":[63],"tags":[863,958,710,1752],"suno_strategy":[],"class_list":["post-113369","post","type-post","status-publish","format-standard","has-post-thumbnail","hentry","category-internacional","tag-banco-central-europeu-bce","tag-euro","tag-europa","tag-taxa-de-juros"],"yoast_head":"<!-- This site is optimized with the Yoast SEO plugin v24.4 - https:\/\/yoast.com\/wordpress\/plugins\/seo\/ -->\n<title>BCE: redu\u00e7\u00e3o do juros teria efeito marginal sobre crescimento e infla\u00e7\u00e3o<\/title>\n<meta name=\"description\" content=\"Al\u00e9m disso, o programa de compra de ativos da pandemia foi mais eficiente que os cortes de juros, segundo o BCE. Clique aqui para saber mais.\" \/>\n<meta name=\"robots\" content=\"index, follow, max-snippet:-1, max-image-preview:large, max-video-preview:-1\" \/>\n<link rel=\"canonical\" href=\"https:\/\/www.suno.com.br\/noticias\/bce-reducao-juros-efeito-marginal-crescimento-inflacao\/\" \/>\n<meta property=\"og:locale\" content=\"pt_BR\" \/>\n<meta property=\"og:type\" content=\"article\" \/>\n<meta property=\"og:title\" content=\"BCE: redu\u00e7\u00e3o do juros teria efeito marginal sobre crescimento e infla\u00e7\u00e3o\" \/>\n<meta property=\"og:description\" content=\"Al\u00e9m disso, o programa de compra de ativos da pandemia foi mais eficiente que os cortes de juros, segundo o BCE. Clique aqui para saber mais.\" \/>\n<meta property=\"og:url\" content=\"https:\/\/www.suno.com.br\/noticias\/bce-reducao-juros-efeito-marginal-crescimento-inflacao\/\" \/>\n<meta property=\"og:site_name\" content=\"Suno Not\u00edcias\" \/>\n<meta property=\"article:publisher\" content=\"https:\/\/facebook.com\/sunoresearch\" \/>\n<meta property=\"og:image\" content=\"https:\/\/files.sunoresearch.com.br\/n\/uploads\/2021\/01\/7450ef84-bce.jpg\" \/>\n\t<meta property=\"og:image:width\" content=\"770\" \/>\n\t<meta property=\"og:image:height\" content=\"433\" \/>\n\t<meta property=\"og:image:type\" content=\"image\/jpeg\" \/>\n<meta name=\"author\" content=\"Rafaela La Regina\" \/>\n<meta name=\"twitter:card\" content=\"summary_large_image\" \/>\n<meta name=\"twitter:creator\" content=\"@sunoresearch\" \/>\n<meta name=\"twitter:site\" content=\"@sunoresearch\" \/>\n<meta name=\"twitter:label1\" content=\"Escrito por\" \/>\n\t<meta name=\"twitter:data1\" content=\"Rafaela La Regina\" \/>\n\t<meta name=\"twitter:label2\" content=\"Est. tempo de leitura\" \/>\n\t<meta name=\"twitter:data2\" content=\"3 minutos\" \/>\n<script type=\"application\/ld+json\" class=\"yoast-schema-graph\">{\"@context\":\"https:\/\/schema.org\",\"@graph\":[{\"@type\":\"NewsArticle\",\"@id\":\"https:\/\/www.suno.com.br\/noticias\/bce-reducao-juros-efeito-marginal-crescimento-inflacao\/#article\",\"isPartOf\":{\"@id\":\"https:\/\/www.suno.com.br\/noticias\/bce-reducao-juros-efeito-marginal-crescimento-inflacao\/\"},\"author\":{\"name\":\"Rafaela La Regina\",\"@id\":\"https:\/\/www.suno.com.br\/noticias\/#\/schema\/person\/e672ca8cea627fe715fa29bca7da95e0\"},\"headline\":\"BCE: redu\u00e7\u00e3o do juros teria efeito marginal sobre crescimento e infla\u00e7\u00e3o\",\"datePublished\":\"2021-01-14T18:10:40+00:00\",\"mainEntityOfPage\":{\"@id\":\"https:\/\/www.suno.com.br\/noticias\/bce-reducao-juros-efeito-marginal-crescimento-inflacao\/\"},\"wordCount\":710,\"publisher\":{\"@id\":\"https:\/\/www.suno.com.br\/noticias\/#organization\"},\"image\":{\"@id\":\"https:\/\/www.suno.com.br\/noticias\/bce-reducao-juros-efeito-marginal-crescimento-inflacao\/#primaryimage\"},\"thumbnailUrl\":\"https:\/\/files.sunoresearch.com.br\/n\/uploads\/2021\/01\/7450ef84-bce-jpg.webp\",\"keywords\":[\"Banco Central Europeu (BCE)\",\"Euro\",\"Europa\",\"taxa de juros\"],\"articleSection\":[\"Internacional\"],\"inLanguage\":\"pt-BR\"},{\"@type\":\"WebPage\",\"@id\":\"https:\/\/www.suno.com.br\/noticias\/bce-reducao-juros-efeito-marginal-crescimento-inflacao\/\",\"url\":\"https:\/\/www.suno.com.br\/noticias\/bce-reducao-juros-efeito-marginal-crescimento-inflacao\/\",\"name\":\"BCE: redu\u00e7\u00e3o do juros teria efeito marginal sobre crescimento e infla\u00e7\u00e3o\",\"isPartOf\":{\"@id\":\"https:\/\/www.suno.com.br\/noticias\/#website\"},\"primaryImageOfPage\":{\"@id\":\"https:\/\/www.suno.com.br\/noticias\/bce-reducao-juros-efeito-marginal-crescimento-inflacao\/#primaryimage\"},\"image\":{\"@id\":\"https:\/\/www.suno.com.br\/noticias\/bce-reducao-juros-efeito-marginal-crescimento-inflacao\/#primaryimage\"},\"thumbnailUrl\":\"https:\/\/files.sunoresearch.com.br\/n\/uploads\/2021\/01\/7450ef84-bce-jpg.webp\",\"datePublished\":\"2021-01-14T18:10:40+00:00\",\"description\":\"Al\u00e9m disso, o programa de compra de ativos da pandemia foi mais eficiente que os cortes de juros, segundo o BCE. Clique aqui para saber mais.\",\"breadcrumb\":{\"@id\":\"https:\/\/www.suno.com.br\/noticias\/bce-reducao-juros-efeito-marginal-crescimento-inflacao\/#breadcrumb\"},\"inLanguage\":\"pt-BR\",\"potentialAction\":[{\"@type\":\"ReadAction\",\"target\":[\"https:\/\/www.suno.com.br\/noticias\/bce-reducao-juros-efeito-marginal-crescimento-inflacao\/\"]}]},{\"@type\":\"ImageObject\",\"inLanguage\":\"pt-BR\",\"@id\":\"https:\/\/www.suno.com.br\/noticias\/bce-reducao-juros-efeito-marginal-crescimento-inflacao\/#primaryimage\",\"url\":\"https:\/\/files.sunoresearch.com.br\/n\/uploads\/2021\/01\/7450ef84-bce-jpg.webp\",\"contentUrl\":\"https:\/\/files.sunoresearch.com.br\/n\/uploads\/2021\/01\/7450ef84-bce-jpg.webp\",\"width\":770,\"height\":433,\"caption\":\"BCE\/ata: nova redu\u00e7\u00e3o do juros teria efeito marginal sobre crescimento e infla\u00e7\u00e3o\"},{\"@type\":\"BreadcrumbList\",\"@id\":\"https:\/\/www.suno.com.br\/noticias\/bce-reducao-juros-efeito-marginal-crescimento-inflacao\/#breadcrumb\",\"itemListElement\":[{\"@type\":\"ListItem\",\"position\":1,\"name\":\"Not\u00edcias\",\"item\":\"https:\/\/www.suno.com.br\/noticias\/\"},{\"@type\":\"ListItem\",\"position\":2,\"name\":\"Internacional\",\"item\":\"https:\/\/www.suno.com.br\/noticias\/internacional\/\"},{\"@type\":\"ListItem\",\"position\":3,\"name\":\"BCE: redu\u00e7\u00e3o do juros teria efeito marginal sobre crescimento e infla\u00e7\u00e3o\"}]},{\"@type\":\"WebSite\",\"@id\":\"https:\/\/www.suno.com.br\/noticias\/#website\",\"url\":\"https:\/\/www.suno.com.br\/noticias\/\",\"name\":\"Suno Not\u00edcias\",\"description\":\"Seu portal de informa\u00e7\u00e3o sobre o mundo dos investimentos\",\"publisher\":{\"@id\":\"https:\/\/www.suno.com.br\/noticias\/#organization\"},\"potentialAction\":[{\"@type\":\"SearchAction\",\"target\":{\"@type\":\"EntryPoint\",\"urlTemplate\":\"https:\/\/www.suno.com.br\/noticias\/?s={search_term_string}\"},\"query-input\":{\"@type\":\"PropertyValueSpecification\",\"valueRequired\":true,\"valueName\":\"search_term_string\"}}],\"inLanguage\":\"pt-BR\"},{\"@type\":\"Organization\",\"@id\":\"https:\/\/www.suno.com.br\/noticias\/#organization\",\"name\":\"Suno Not\u00edcias\",\"url\":\"https:\/\/www.suno.com.br\/noticias\/\",\"logo\":{\"@type\":\"ImageObject\",\"inLanguage\":\"pt-BR\",\"@id\":\"https:\/\/www.suno.com.br\/noticias\/#\/schema\/logo\/image\/\",\"url\":\"https:\/\/files.sunoresearch.com.br\/n\/uploads\/2021\/09\/suno-logo.png\",\"contentUrl\":\"https:\/\/files.sunoresearch.com.br\/n\/uploads\/2021\/09\/suno-logo.png\",\"width\":180,\"height\":180,\"caption\":\"Suno Not\u00edcias\"},\"image\":{\"@id\":\"https:\/\/www.suno.com.br\/noticias\/#\/schema\/logo\/image\/\"},\"sameAs\":[\"https:\/\/facebook.com\/sunoresearch\",\"https:\/\/x.com\/sunoresearch\",\"https:\/\/www.instagram.com\/suno\",\"https:\/\/www.linkedin.com\/company\/suno-research\/\",\"https:\/\/www.youtube.com\/c\/sunoresearch\"]},{\"@type\":\"Person\",\"@id\":\"https:\/\/www.suno.com.br\/noticias\/#\/schema\/person\/e672ca8cea627fe715fa29bca7da95e0\",\"name\":\"Rafaela La Regina\",\"image\":{\"@type\":\"ImageObject\",\"inLanguage\":\"pt-BR\",\"@id\":\"https:\/\/www.suno.com.br\/noticias\/#\/schema\/person\/image\/\",\"url\":\"https:\/\/secure.gravatar.com\/avatar\/d2c75a52d243deb93d0465fdcb21bd37?s=96&r=g\",\"contentUrl\":\"https:\/\/secure.gravatar.com\/avatar\/d2c75a52d243deb93d0465fdcb21bd37?s=96&r=g\",\"caption\":\"Rafaela La Regina\"},\"description\":\"Estagi\u00e1ria no Suno Not\u00edcias. Escreve sobre economia, pol\u00edtica e neg\u00f3cios. Estuda Rela\u00e7\u00f5es Internacionais no IBMEC-SP.\",\"url\":\"https:\/\/www.suno.com.br\/noticias\/author\/rafaela-la-regina\/\"}]}<\/script>\n<!-- \/ Yoast SEO plugin. -->","yoast_head_json":{"title":"BCE: redu\u00e7\u00e3o do juros teria efeito marginal sobre crescimento e infla\u00e7\u00e3o","description":"Al\u00e9m disso, o programa de compra de ativos da pandemia foi mais eficiente que os cortes de juros, segundo o BCE. Clique aqui para saber mais.","robots":{"index":"index","follow":"follow","max-snippet":"max-snippet:-1","max-image-preview":"max-image-preview:large","max-video-preview":"max-video-preview:-1"},"canonical":"https:\/\/www.suno.com.br\/noticias\/bce-reducao-juros-efeito-marginal-crescimento-inflacao\/","og_locale":"pt_BR","og_type":"article","og_title":"BCE: redu\u00e7\u00e3o do juros teria efeito marginal sobre crescimento e infla\u00e7\u00e3o","og_description":"Al\u00e9m disso, o programa de compra de ativos da pandemia foi mais eficiente que os cortes de juros, segundo o BCE. Clique aqui para saber mais.","og_url":"https:\/\/www.suno.com.br\/noticias\/bce-reducao-juros-efeito-marginal-crescimento-inflacao\/","og_site_name":"Suno Not\u00edcias","article_publisher":"https:\/\/facebook.com\/sunoresearch","og_image":[{"width":770,"height":433,"url":"https:\/\/files.sunoresearch.com.br\/n\/uploads\/2021\/01\/7450ef84-bce.jpg","type":"image\/jpeg"}],"author":"Rafaela La Regina","twitter_card":"summary_large_image","twitter_creator":"@sunoresearch","twitter_site":"@sunoresearch","twitter_misc":{"Escrito por":"Rafaela La Regina","Est. tempo de leitura":"3 minutos"},"schema":{"@context":"https:\/\/schema.org","@graph":[{"@type":"NewsArticle","@id":"https:\/\/www.suno.com.br\/noticias\/bce-reducao-juros-efeito-marginal-crescimento-inflacao\/#article","isPartOf":{"@id":"https:\/\/www.suno.com.br\/noticias\/bce-reducao-juros-efeito-marginal-crescimento-inflacao\/"},"author":{"name":"Rafaela La Regina","@id":"https:\/\/www.suno.com.br\/noticias\/#\/schema\/person\/e672ca8cea627fe715fa29bca7da95e0"},"headline":"BCE: redu\u00e7\u00e3o do juros teria efeito marginal sobre crescimento e infla\u00e7\u00e3o","datePublished":"2021-01-14T18:10:40+00:00","mainEntityOfPage":{"@id":"https:\/\/www.suno.com.br\/noticias\/bce-reducao-juros-efeito-marginal-crescimento-inflacao\/"},"wordCount":710,"publisher":{"@id":"https:\/\/www.suno.com.br\/noticias\/#organization"},"image":{"@id":"https:\/\/www.suno.com.br\/noticias\/bce-reducao-juros-efeito-marginal-crescimento-inflacao\/#primaryimage"},"thumbnailUrl":"https:\/\/files.sunoresearch.com.br\/n\/uploads\/2021\/01\/7450ef84-bce-jpg.webp","keywords":["Banco Central Europeu (BCE)","Euro","Europa","taxa de juros"],"articleSection":["Internacional"],"inLanguage":"pt-BR"},{"@type":"WebPage","@id":"https:\/\/www.suno.com.br\/noticias\/bce-reducao-juros-efeito-marginal-crescimento-inflacao\/","url":"https:\/\/www.suno.com.br\/noticias\/bce-reducao-juros-efeito-marginal-crescimento-inflacao\/","name":"BCE: redu\u00e7\u00e3o do juros teria efeito marginal sobre crescimento e infla\u00e7\u00e3o","isPartOf":{"@id":"https:\/\/www.suno.com.br\/noticias\/#website"},"primaryImageOfPage":{"@id":"https:\/\/www.suno.com.br\/noticias\/bce-reducao-juros-efeito-marginal-crescimento-inflacao\/#primaryimage"},"image":{"@id":"https:\/\/www.suno.com.br\/noticias\/bce-reducao-juros-efeito-marginal-crescimento-inflacao\/#primaryimage"},"thumbnailUrl":"https:\/\/files.sunoresearch.com.br\/n\/uploads\/2021\/01\/7450ef84-bce-jpg.webp","datePublished":"2021-01-14T18:10:40+00:00","description":"Al\u00e9m disso, o programa de compra de ativos da pandemia foi mais eficiente que os cortes de juros, segundo o BCE. Clique aqui para saber mais.","breadcrumb":{"@id":"https:\/\/www.suno.com.br\/noticias\/bce-reducao-juros-efeito-marginal-crescimento-inflacao\/#breadcrumb"},"inLanguage":"pt-BR","potentialAction":[{"@type":"ReadAction","target":["https:\/\/www.suno.com.br\/noticias\/bce-reducao-juros-efeito-marginal-crescimento-inflacao\/"]}]},{"@type":"ImageObject","inLanguage":"pt-BR","@id":"https:\/\/www.suno.com.br\/noticias\/bce-reducao-juros-efeito-marginal-crescimento-inflacao\/#primaryimage","url":"https:\/\/files.sunoresearch.com.br\/n\/uploads\/2021\/01\/7450ef84-bce-jpg.webp","contentUrl":"https:\/\/files.sunoresearch.com.br\/n\/uploads\/2021\/01\/7450ef84-bce-jpg.webp","width":770,"height":433,"caption":"BCE\/ata: nova redu\u00e7\u00e3o do juros teria efeito marginal sobre crescimento e infla\u00e7\u00e3o"},{"@type":"BreadcrumbList","@id":"https:\/\/www.suno.com.br\/noticias\/bce-reducao-juros-efeito-marginal-crescimento-inflacao\/#breadcrumb","itemListElement":[{"@type":"ListItem","position":1,"name":"Not\u00edcias","item":"https:\/\/www.suno.com.br\/noticias\/"},{"@type":"ListItem","position":2,"name":"Internacional","item":"https:\/\/www.suno.com.br\/noticias\/internacional\/"},{"@type":"ListItem","position":3,"name":"BCE: redu\u00e7\u00e3o do juros teria efeito marginal sobre crescimento e infla\u00e7\u00e3o"}]},{"@type":"WebSite","@id":"https:\/\/www.suno.com.br\/noticias\/#website","url":"https:\/\/www.suno.com.br\/noticias\/","name":"Suno Not\u00edcias","description":"Seu portal de informa\u00e7\u00e3o sobre o mundo dos investimentos","publisher":{"@id":"https:\/\/www.suno.com.br\/noticias\/#organization"},"potentialAction":[{"@type":"SearchAction","target":{"@type":"EntryPoint","urlTemplate":"https:\/\/www.suno.com.br\/noticias\/?s={search_term_string}"},"query-input":{"@type":"PropertyValueSpecification","valueRequired":true,"valueName":"search_term_string"}}],"inLanguage":"pt-BR"},{"@type":"Organization","@id":"https:\/\/www.suno.com.br\/noticias\/#organization","name":"Suno Not\u00edcias","url":"https:\/\/www.suno.com.br\/noticias\/","logo":{"@type":"ImageObject","inLanguage":"pt-BR","@id":"https:\/\/www.suno.com.br\/noticias\/#\/schema\/logo\/image\/","url":"https:\/\/files.sunoresearch.com.br\/n\/uploads\/2021\/09\/suno-logo.png","contentUrl":"https:\/\/files.sunoresearch.com.br\/n\/uploads\/2021\/09\/suno-logo.png","width":180,"height":180,"caption":"Suno Not\u00edcias"},"image":{"@id":"https:\/\/www.suno.com.br\/noticias\/#\/schema\/logo\/image\/"},"sameAs":["https:\/\/facebook.com\/sunoresearch","https:\/\/x.com\/sunoresearch","https:\/\/www.instagram.com\/suno","https:\/\/www.linkedin.com\/company\/suno-research\/","https:\/\/www.youtube.com\/c\/sunoresearch"]},{"@type":"Person","@id":"https:\/\/www.suno.com.br\/noticias\/#\/schema\/person\/e672ca8cea627fe715fa29bca7da95e0","name":"Rafaela La Regina","image":{"@type":"ImageObject","inLanguage":"pt-BR","@id":"https:\/\/www.suno.com.br\/noticias\/#\/schema\/person\/image\/","url":"https:\/\/secure.gravatar.com\/avatar\/d2c75a52d243deb93d0465fdcb21bd37?s=96&r=g","contentUrl":"https:\/\/secure.gravatar.com\/avatar\/d2c75a52d243deb93d0465fdcb21bd37?s=96&r=g","caption":"Rafaela La Regina"},"description":"Estagi\u00e1ria no Suno Not\u00edcias. Escreve sobre economia, pol\u00edtica e neg\u00f3cios. Estuda Rela\u00e7\u00f5es Internacionais no IBMEC-SP.","url":"https:\/\/www.suno.com.br\/noticias\/author\/rafaela-la-regina\/"}]}},"default_loop_html":"<div class=\"cardsPage__listCard__boxs\"><div class=\"cardsPage__listCard__boxs__img\"><a href=\"https:\/\/www.suno.com.br\/noticias\/bce-reducao-juros-efeito-marginal-crescimento-inflacao\/\"><img class=\"mask\" src=\"https:\/\/www.suno.com.br\/noticias\/wp-content\/themes\/suno\/resources\/images\/spotlight\/spotlight1img\/bg-mask.png\" alt=\"Image Mask\"\/><img src=\"https:\/\/files.sunoresearch.com.br\/n\/uploads\/2021\/01\/7450ef84-bce-400x200.webp\" alt=\"BCE: redu\u00e7\u00e3o do juros teria efeito marginal sobre crescimento e infla\u00e7\u00e3o\"\/><\/a><span class=\"spotlightCategory\"><a href=\"https:\/\/www.suno.com.br\/noticias\/internacional\/\">Internacional<\/a><\/span><\/div><div class=\"cardsPage__listCard__boxs__content\"><a href=\"https:\/\/www.suno.com.br\/noticias\/bce-reducao-juros-efeito-marginal-crescimento-inflacao\/\"><h2 class=\"content__title\">BCE: redu\u00e7\u00e3o do juros teria efeito marginal sobre crescimento e infla\u00e7\u00e3o<\/h2><\/a><div class=\"newsContent__article__meta\"><div class=\"newsContent__article__meta__authorBox\"><a href=\"https:\/\/www.suno.com.br\/noticias\/author\/rafaela-la-regina\/\" class=\"authorBox__avatar noMobi\"><img src=\"https:\/\/secure.gravatar.com\/avatar\/d2c75a52d243deb93d0465fdcb21bd37?s=96&#038;r=g\" alt=\"Rafaela La Regina\"><\/a><div class=\"authorBox__name\"><span>por\n\t\t\t<a href=\"https:\/\/www.suno.com.br\/noticias\/author\/rafaela-la-regina\/\"><span itemprop=\"author\">Rafaela La Regina<\/span><\/a><\/span><time datetime=\"2021-01-14T15:10:40-03:00\" itemprop=\"datePublished\">14\/01\/2021 15:10<\/time><\/div><\/div><\/div><\/div><\/div>","single_layout":"posts","amp_enabled":true,"_links":{"self":[{"href":"https:\/\/www.suno.com.br\/noticias\/wp-json\/wp\/v2\/posts\/113369"}],"collection":[{"href":"https:\/\/www.suno.com.br\/noticias\/wp-json\/wp\/v2\/posts"}],"about":[{"href":"https:\/\/www.suno.com.br\/noticias\/wp-json\/wp\/v2\/types\/post"}],"author":[{"embeddable":true,"href":"https:\/\/www.suno.com.br\/noticias\/wp-json\/wp\/v2\/users\/56"}],"replies":[{"embeddable":true,"href":"https:\/\/www.suno.com.br\/noticias\/wp-json\/wp\/v2\/comments?post=113369"}],"version-history":[{"count":0,"href":"https:\/\/www.suno.com.br\/noticias\/wp-json\/wp\/v2\/posts\/113369\/revisions"}],"wp:featuredmedia":[{"embeddable":true,"href":"https:\/\/www.suno.com.br\/noticias\/wp-json\/wp\/v2\/media\/113419"}],"wp:attachment":[{"href":"https:\/\/www.suno.com.br\/noticias\/wp-json\/wp\/v2\/media?parent=113369"}],"wp:term":[{"taxonomy":"category","embeddable":true,"href":"https:\/\/www.suno.com.br\/noticias\/wp-json\/wp\/v2\/categories?post=113369"},{"taxonomy":"post_tag","embeddable":true,"href":"https:\/\/www.suno.com.br\/noticias\/wp-json\/wp\/v2\/tags?post=113369"},{"taxonomy":"suno_strategy","embeddable":true,"href":"https:\/\/www.suno.com.br\/noticias\/wp-json\/wp\/v2\/suno_strategy?post=113369"}],"curies":[{"name":"wp","href":"https:\/\/api.w.org\/{rel}","templated":true}]}}