{"id":113340,"date":"2021-01-14T12:53:10","date_gmt":"2021-01-14T15:53:10","guid":{"rendered":"https:\/\/www.suno.com.br\/noticias\/?p=113340"},"modified":"2021-02-10T07:10:58","modified_gmt":"2021-02-10T10:10:58","slug":"greve-dos-caminhoneiros-ainda-nao-ameaca-dizem-analistas","status":"publish","type":"post","link":"https:\/\/www.suno.com.br\/noticias\/greve-dos-caminhoneiros-ainda-nao-ameaca-dizem-analistas\/","title":{"rendered":"Greve dos caminhoneiros ainda n\u00e3o amea\u00e7a, dizem analistas"},"content":{"rendered":"<p>Ap\u00f3s coment\u00e1rios de que uma nova <strong>greve dos caminhoneiros<\/strong> est\u00e1 sendo organizada para o primeiro dia de fevereiro, analistas afirmaram que ainda \u00e9 cedo para muita preocupa\u00e7\u00e3o.<\/p>\t<div class=\"wrapper-featured-image\">\n\t\t<figure class=\"spotlightImg\">\n\n\t\t\t<picture>\n\t\t\t\t<source media=\"(max-width: 768px)\" srcset=\"https:\/\/files.sunoresearch.com.br\/n\/uploads\/2021\/01\/22494dcd-grevedoscaminhoneiros-400x200.webp\">\n\t\t\t\t<img loading=\"lazy\" decoding=\"async\" class=\"newsContent__article__imgCapa lazyloadDisabled \" src=\"https:\/\/files.sunoresearch.com.br\/n\/uploads\/2021\/01\/22494dcd-grevedoscaminhoneiros-800x450.webp\" width=\"800\" height=\"450\" alt=\"Greve dos caminhoneiros ainda n\u00e3o amea\u00e7a, dizem analistas\" fetchpriority=high \/>\n\t\t\t<\/picture>\n\n\t\t\t<figcaption class=\"wp-caption-text wp-caption-text--show\">Analistas dizem que ainda \u00e9 cedo para preocupa\u00e7\u00e3o com greve dos caminhoneiros<\/figcaption>\n\t\t<\/figure>\n\t<\/div>\n\n\n<p><span style=\"font-weight: 400;\">\t<p>\n\t\t<a href=\"https:\/\/lp.suno.com.br\/planilha-controle-gastos\/\" target=\"_blank\" data-element=\"shortcode-suno-banner\" title=\"Banner SUNO, clique e saiba mais\">\n\t\t\t<picture>\n\t\t\t\t<source media=\"(max-width: 500px)\" srcset=\"https:\/\/files.sunoresearch.com.br\/n\/uploads\/2023\/03\/400x300-Planilha-controle-de-gastos.png\">\n\t\t\t\t<img class=\"newsContent__article__imgCapa newsContent__article__imgCapa--banner\"\n\t\t\t\t\tsrc=\"https:\/\/files.sunoresearch.com.br\/n\/uploads\/2023\/03\/1420x240-Planilha-controle-de-gastos.png\"\n\t\t\t\t\tdata-promo-id=\"101751\"\t\t\t\t\t\t\t\t\t\twidth='1420' height='240'\t\t\t\t\talt=\"https:\/\/files.sunoresearch.com.br\/n\/uploads\/2023\/03\/1420x240-Planilha-controle-de-gastos.png\"\n\t\t\t\t>\n\t\t\t<\/picture>\n\t\t<\/a>\n\t<\/p>\n\n <\/span><\/p>\n<p>A Mirae Asset, afirmou em nota, que os rumores de greve dos caminhoneiros j\u00e1 foram desmentidos pelos principais <strong>sindicatos<\/strong> da classe.<\/p>\n<p>J\u00e1 a XP Investimentos, em relat\u00f3rio, disse que seus analistas pol\u00edticos questionam a capacidade da Associa\u00e7\u00e3o Nacional do Transporte Aut\u00f4nomo, a ANTB, de realizar uma grande <strong>mobiliza\u00e7\u00e3o<\/strong>. Segundo a XP, governantes que interagem de perto com lideran\u00e7as da categoria profissional afirmaram que n\u00e3o s\u00e3o familiarizados com o grupo.<\/p>\n<p><a href=\"https:\/\/lp.suno.com.br\/suno-one\/\"><span style=\"font-weight: 400;\">Suno One: acesse gratuitamente eBooks, Minicursos, Artigos e Video Aulas sobre investimentos com um \u00fanico cadastro. Clique para saber mais!<\/span><\/a><\/p>\n<p>Segundo monitoramento da XP Pol\u00edtica, houve um avan\u00e7o da discuss\u00e3o sobre uma poss\u00edvel greve dos caminhoneiros nas redes na \u00faltima semana, mas, nos \u00faltimos dias, ela enfraqueceu.<\/p>\n<p>Para os analistas, no primeiro momento a possibilidade de uma greve dos caminhoneiros foi impulsionada principalmente por partid\u00e1rios do presidente Jair Bolsonaro que buscavam pressionar o governador de S\u00e3o Paulo, Jo\u00e3o Doria, para revogar o aumento do <strong>ICMS<\/strong>. Ap\u00f3s Doria recuar, o movimento cedeu.<\/p>\n<p>As movimenta\u00e7\u00f5es, agora, estariam tendo mais origens em p\u00e1ginas de esquerda, que proclamam que a greve dos caminhoneiros ter\u00e1 &#8220;70% de apoio da categoria&#8221;.<\/p>\n<h2>XP v\u00ea rea\u00e7\u00e3o \u00e0 greve dos caminhoneiros de forma exagerada<\/h2>\n<p>Para XP, rea\u00e7\u00e3o do mercado \u00e0 poss\u00edvel greve dos caminhoneiros foi &#8220;exagerada&#8221;, principalmente no que tange \u00e0 <a href=\"https:\/\/www.suno.com.br\/acoes\/petr4\/\"><strong>Petrobras (PETR4)<\/strong><\/a>.<\/p>\n<p><span style=\"font-weight: 400;\">\u00a0\t<p>\n\t\t<a href=\"https:\/\/lp.suno.com.br\/ebook-como-analisar-uma-acao\/\" target=\"_blank\" data-element=\"shortcode-suno-banner\" title=\"Banner SUNO, clique e saiba mais\">\n\t\t\t<picture>\n\t\t\t\t<source media=\"(max-width: 500px)\" srcset=\"https:\/\/files.sunoresearch.com.br\/n\/uploads\/2023\/03\/Ebook-Acoes-Mobile.jpg\">\n\t\t\t\t<img class=\"newsContent__article__imgCapa newsContent__article__imgCapa--banner\"\n\t\t\t\t\tsrc=\"https:\/\/files.sunoresearch.com.br\/n\/uploads\/2023\/03\/Ebook-Acoes-Desktop.jpg\"\n\t\t\t\t\tdata-promo-id=\"378302\"\t\t\t\t\t\t\t\t\t\twidth='1420' height='286'\t\t\t\t\talt=\"https:\/\/files.sunoresearch.com.br\/n\/uploads\/2023\/03\/Ebook-Acoes-Desktop.jpg\"\n\t\t\t\t>\n\t\t\t<\/picture>\n\t\t<\/a>\n\t<\/p>\n\n<\/span><\/p>\n<p>Apesar de os pre\u00e7os da gasolina e do diesel da petroleira estarem abaixo das refer\u00eancias internacionais nos \u00faltimos dias, n\u00e3o h\u00e1 conclus\u00e3o alguma de que isso esteja ligado \u00e0 amea\u00e7a que vem por parte dos caminhoneiros ou a uma mudan\u00e7a na pol\u00edtica de pre\u00e7os da estatal.<\/p>\n<p>A movimenta\u00e7\u00e3o seria explicada por uma elevada volatilidade do c\u00e2mbio e do <a href=\"https:\/\/www.suno.com.br\/artigos\/cotacao-do-petroleo\/\">petr\u00f3leo Brent<\/a> nos \u00faltimos seis dias.<\/p>\n<p>A greve dos caminhoneiros, para a XP, estaria, no primeiro momento, tamb\u00e9m mais ligada a outros pontos, s\u00e3o eles:<\/p>\n<p>\u2022 Barrar o projeto de Lei &#8220;BR do Mar&#8221;, que estimula navega\u00e7\u00e3o de cabotagem<\/p>\n<p>\u2022 Ao fim de isen\u00e7\u00f5es fiscais para determinados projetos agr\u00edcolas<\/p>\n<p>\u2022 Ao pre\u00e7o dos ped\u00e1gios e quest\u00f5es como a cobran\u00e7a pelo eixo suspenso<\/p>\n<p>O presidente da Associa\u00e7\u00e3o Nacional de Transporte no Brasil (ANTB), Jos\u00e9 Roberto Stringasci, entretanto, afirmou que o pre\u00e7o do diesel \u00e9 a agora a principal pauta da manifesta\u00e7\u00e3o.<\/p>\n<p>Por atingir diretamente partid\u00e1rios do Governo Federal, com press\u00e3o, por exemplo, sobre a pol\u00edtica de pre\u00e7os da Petrobras, \u00e9 poss\u00edvel que a movimenta\u00e7\u00e3o seja esvaziada.<\/p>\n<p>Em caso de a <strong>greve de caminhoneiros<\/strong> acontecer, entretanto, a Guide Investimentos pontua que ela seria muito negativa, por impactar diferentes setores e interromper o abastecimento de mercadorias, ainda mais em um cen\u00e1rio em que consumidores est\u00e3o cada vez mais familiarizados com curtos prazos de entrega de produtos.<\/p>\n<p><span style=\"font-weight: 400;\">\t<p>\n\t\t<a href=\"https:\/\/lp.suno.com.br\/planilha-de-controle-de-investimentos\/\" target=\"_blank\" data-element=\"shortcode-suno-banner\" title=\"Banner SUNO, clique e saiba mais\">\n\t\t\t<picture>\n\t\t\t\t<source media=\"(max-width: 500px)\" srcset=\"https:\/\/files.sunoresearch.com.br\/n\/uploads\/2023\/03\/400x300-Controle-de-Investimentos.png\">\n\t\t\t\t<img class=\"newsContent__article__imgCapa newsContent__article__imgCapa--banner\"\n\t\t\t\t\tsrc=\"https:\/\/files.sunoresearch.com.br\/n\/uploads\/2023\/03\/1420x240-Controle-de-Investimentos.png\"\n\t\t\t\t\tdata-promo-id=\"75934\"\t\t\t\t\t\t\t\t\t\twidth='1420' height='240'\t\t\t\t\talt=\"https:\/\/files.sunoresearch.com.br\/n\/uploads\/2023\/03\/1420x240-Controle-de-Investimentos.png\"\n\t\t\t\t>\n\t\t\t<\/picture>\n\t\t<\/a>\n\t<\/p>\n\n<\/span><\/p>\n","protected":false},"excerpt":{"rendered":"<p>Ap\u00f3s coment\u00e1rios de que uma nova greve dos caminhoneiros est\u00e1 sendo organizada para o primeiro dia de fevereiro, analistas afirmaram que ainda \u00e9 cedo para muita preocupa\u00e7\u00e3o. Analistas dizem que ainda \u00e9 cedo para preocupa\u00e7\u00e3o com greve dos caminhoneiros A Mirae Asset, afirmou em nota, que os rumores de greve dos caminhoneiros j\u00e1 foram desmentidos [&hellip;]<\/p>\n","protected":false},"author":59,"featured_media":113363,"comment_status":"closed","ping_status":"closed","sticky":false,"template":"","format":"standard","meta":[],"categories":[61],"tags":[833,1086,595,1211],"suno_strategy":[],"class_list":["post-113340","post","type-post","status-publish","format-standard","has-post-thumbnail","hentry","category-politica","tag-greve-dos-caminhoneiros","tag-icms","tag-petrobras-petr4","tag-sindicatos"],"yoast_head":"<!-- This site is optimized with the Yoast SEO plugin v24.4 - https:\/\/yoast.com\/wordpress\/plugins\/seo\/ -->\n<title>Greve dos caminhoneiros &quot;ainda n\u00e3o amea\u00e7a&quot;, dizem analistas<\/title>\n<meta name=\"description\" content=\"Ap\u00f3s coment\u00e1rios de que uma greve dos caminhoneiros est\u00e1 sendo organizada , analistas afirma despreocupa\u00e7\u00e3o.\u00a0Clique aqui para saber mais.\" \/>\n<meta name=\"robots\" content=\"index, follow, max-snippet:-1, max-image-preview:large, max-video-preview:-1\" \/>\n<link rel=\"canonical\" href=\"https:\/\/www.suno.com.br\/noticias\/greve-dos-caminhoneiros-ainda-nao-ameaca-dizem-analistas\/\" \/>\n<meta property=\"og:locale\" content=\"pt_BR\" \/>\n<meta property=\"og:type\" content=\"article\" \/>\n<meta property=\"og:title\" content=\"Greve dos caminhoneiros &quot;ainda n\u00e3o amea\u00e7a&quot;, dizem analistas\" \/>\n<meta property=\"og:description\" content=\"Ap\u00f3s coment\u00e1rios de que uma greve dos caminhoneiros est\u00e1 sendo organizada , analistas afirma despreocupa\u00e7\u00e3o.\u00a0Clique aqui para saber mais.\" \/>\n<meta property=\"og:url\" content=\"https:\/\/www.suno.com.br\/noticias\/greve-dos-caminhoneiros-ainda-nao-ameaca-dizem-analistas\/\" \/>\n<meta property=\"og:site_name\" content=\"Suno Not\u00edcias\" \/>\n<meta property=\"article:publisher\" content=\"https:\/\/facebook.com\/sunoresearch\" \/>\n<meta property=\"og:image\" content=\"https:\/\/files.sunoresearch.com.br\/n\/uploads\/2021\/01\/22494dcd-grevedoscaminhoneiros.jpg\" \/>\n\t<meta property=\"og:image:width\" content=\"800\" \/>\n\t<meta property=\"og:image:height\" content=\"533\" \/>\n\t<meta property=\"og:image:type\" content=\"image\/jpeg\" \/>\n<meta name=\"author\" content=\"Vitor Azevedo\" \/>\n<meta name=\"twitter:card\" content=\"summary_large_image\" \/>\n<meta name=\"twitter:creator\" content=\"@sunoresearch\" \/>\n<meta name=\"twitter:site\" content=\"@sunoresearch\" \/>\n<meta name=\"twitter:label1\" content=\"Escrito por\" \/>\n\t<meta name=\"twitter:data1\" content=\"Vitor Azevedo\" \/>\n\t<meta name=\"twitter:label2\" content=\"Est. tempo de leitura\" \/>\n\t<meta name=\"twitter:data2\" content=\"3 minutos\" \/>\n<script type=\"application\/ld+json\" class=\"yoast-schema-graph\">{\"@context\":\"https:\/\/schema.org\",\"@graph\":[{\"@type\":\"NewsArticle\",\"@id\":\"https:\/\/www.suno.com.br\/noticias\/greve-dos-caminhoneiros-ainda-nao-ameaca-dizem-analistas\/#article\",\"isPartOf\":{\"@id\":\"https:\/\/www.suno.com.br\/noticias\/greve-dos-caminhoneiros-ainda-nao-ameaca-dizem-analistas\/\"},\"author\":{\"name\":\"Vitor Azevedo\",\"@id\":\"https:\/\/www.suno.com.br\/noticias\/#\/schema\/person\/658d5fbc74d81f265f5df3562d0038ab\"},\"headline\":\"Greve dos caminhoneiros ainda n\u00e3o amea\u00e7a, dizem analistas\",\"datePublished\":\"2021-01-14T15:53:10+00:00\",\"dateModified\":\"2021-02-10T10:10:58+00:00\",\"mainEntityOfPage\":{\"@id\":\"https:\/\/www.suno.com.br\/noticias\/greve-dos-caminhoneiros-ainda-nao-ameaca-dizem-analistas\/\"},\"wordCount\":536,\"publisher\":{\"@id\":\"https:\/\/www.suno.com.br\/noticias\/#organization\"},\"image\":{\"@id\":\"https:\/\/www.suno.com.br\/noticias\/greve-dos-caminhoneiros-ainda-nao-ameaca-dizem-analistas\/#primaryimage\"},\"thumbnailUrl\":\"https:\/\/files.sunoresearch.com.br\/n\/uploads\/2021\/01\/22494dcd-grevedoscaminhoneiros-jpg.webp\",\"keywords\":[\"greve dos caminhoneiros\",\"ICMS\",\"Petrobras (PETR4)\",\"sindicatos\"],\"articleSection\":[\"Pol\u00edtica\"],\"inLanguage\":\"pt-BR\"},{\"@type\":\"WebPage\",\"@id\":\"https:\/\/www.suno.com.br\/noticias\/greve-dos-caminhoneiros-ainda-nao-ameaca-dizem-analistas\/\",\"url\":\"https:\/\/www.suno.com.br\/noticias\/greve-dos-caminhoneiros-ainda-nao-ameaca-dizem-analistas\/\",\"name\":\"Greve dos caminhoneiros \\\"ainda n\u00e3o amea\u00e7a\\\", dizem analistas\",\"isPartOf\":{\"@id\":\"https:\/\/www.suno.com.br\/noticias\/#website\"},\"primaryImageOfPage\":{\"@id\":\"https:\/\/www.suno.com.br\/noticias\/greve-dos-caminhoneiros-ainda-nao-ameaca-dizem-analistas\/#primaryimage\"},\"image\":{\"@id\":\"https:\/\/www.suno.com.br\/noticias\/greve-dos-caminhoneiros-ainda-nao-ameaca-dizem-analistas\/#primaryimage\"},\"thumbnailUrl\":\"https:\/\/files.sunoresearch.com.br\/n\/uploads\/2021\/01\/22494dcd-grevedoscaminhoneiros-jpg.webp\",\"datePublished\":\"2021-01-14T15:53:10+00:00\",\"dateModified\":\"2021-02-10T10:10:58+00:00\",\"description\":\"Ap\u00f3s coment\u00e1rios de que uma greve dos caminhoneiros est\u00e1 sendo organizada , analistas afirma despreocupa\u00e7\u00e3o.\u00a0Clique aqui para saber mais.\",\"breadcrumb\":{\"@id\":\"https:\/\/www.suno.com.br\/noticias\/greve-dos-caminhoneiros-ainda-nao-ameaca-dizem-analistas\/#breadcrumb\"},\"inLanguage\":\"pt-BR\",\"potentialAction\":[{\"@type\":\"ReadAction\",\"target\":[\"https:\/\/www.suno.com.br\/noticias\/greve-dos-caminhoneiros-ainda-nao-ameaca-dizem-analistas\/\"]}]},{\"@type\":\"ImageObject\",\"inLanguage\":\"pt-BR\",\"@id\":\"https:\/\/www.suno.com.br\/noticias\/greve-dos-caminhoneiros-ainda-nao-ameaca-dizem-analistas\/#primaryimage\",\"url\":\"https:\/\/files.sunoresearch.com.br\/n\/uploads\/2021\/01\/22494dcd-grevedoscaminhoneiros-jpg.webp\",\"contentUrl\":\"https:\/\/files.sunoresearch.com.br\/n\/uploads\/2021\/01\/22494dcd-grevedoscaminhoneiros-jpg.webp\",\"width\":800,\"height\":533,\"caption\":\"Analistas dizem que ainda \u00e9 cedo para preocupa\u00e7\u00e3o com greve dos caminhoneiros\"},{\"@type\":\"BreadcrumbList\",\"@id\":\"https:\/\/www.suno.com.br\/noticias\/greve-dos-caminhoneiros-ainda-nao-ameaca-dizem-analistas\/#breadcrumb\",\"itemListElement\":[{\"@type\":\"ListItem\",\"position\":1,\"name\":\"Not\u00edcias\",\"item\":\"https:\/\/www.suno.com.br\/noticias\/\"},{\"@type\":\"ListItem\",\"position\":2,\"name\":\"Pol\u00edtica\",\"item\":\"https:\/\/www.suno.com.br\/noticias\/politica\/\"},{\"@type\":\"ListItem\",\"position\":3,\"name\":\"Greve dos caminhoneiros ainda n\u00e3o amea\u00e7a, dizem analistas\"}]},{\"@type\":\"WebSite\",\"@id\":\"https:\/\/www.suno.com.br\/noticias\/#website\",\"url\":\"https:\/\/www.suno.com.br\/noticias\/\",\"name\":\"Suno Not\u00edcias\",\"description\":\"Seu portal de informa\u00e7\u00e3o sobre o mundo dos investimentos\",\"publisher\":{\"@id\":\"https:\/\/www.suno.com.br\/noticias\/#organization\"},\"potentialAction\":[{\"@type\":\"SearchAction\",\"target\":{\"@type\":\"EntryPoint\",\"urlTemplate\":\"https:\/\/www.suno.com.br\/noticias\/?s={search_term_string}\"},\"query-input\":{\"@type\":\"PropertyValueSpecification\",\"valueRequired\":true,\"valueName\":\"search_term_string\"}}],\"inLanguage\":\"pt-BR\"},{\"@type\":\"Organization\",\"@id\":\"https:\/\/www.suno.com.br\/noticias\/#organization\",\"name\":\"Suno Not\u00edcias\",\"url\":\"https:\/\/www.suno.com.br\/noticias\/\",\"logo\":{\"@type\":\"ImageObject\",\"inLanguage\":\"pt-BR\",\"@id\":\"https:\/\/www.suno.com.br\/noticias\/#\/schema\/logo\/image\/\",\"url\":\"https:\/\/files.sunoresearch.com.br\/n\/uploads\/2021\/09\/suno-logo.png\",\"contentUrl\":\"https:\/\/files.sunoresearch.com.br\/n\/uploads\/2021\/09\/suno-logo.png\",\"width\":180,\"height\":180,\"caption\":\"Suno Not\u00edcias\"},\"image\":{\"@id\":\"https:\/\/www.suno.com.br\/noticias\/#\/schema\/logo\/image\/\"},\"sameAs\":[\"https:\/\/facebook.com\/sunoresearch\",\"https:\/\/x.com\/sunoresearch\",\"https:\/\/www.instagram.com\/suno\",\"https:\/\/www.linkedin.com\/company\/suno-research\/\",\"https:\/\/www.youtube.com\/c\/sunoresearch\"]},{\"@type\":\"Person\",\"@id\":\"https:\/\/www.suno.com.br\/noticias\/#\/schema\/person\/658d5fbc74d81f265f5df3562d0038ab\",\"name\":\"Vitor Azevedo\",\"image\":{\"@type\":\"ImageObject\",\"inLanguage\":\"pt-BR\",\"@id\":\"https:\/\/www.suno.com.br\/noticias\/#\/schema\/person\/image\/\",\"url\":\"https:\/\/secure.gravatar.com\/avatar\/62b86195291b446fe380824eb28b99a5?s=96&r=g\",\"contentUrl\":\"https:\/\/secure.gravatar.com\/avatar\/62b86195291b446fe380824eb28b99a5?s=96&r=g\",\"caption\":\"Vitor Azevedo\"},\"description\":\"Formado em jornalismo pela Unesp, escreve sobre economia e neg\u00f3cios para a Suno Not\u00edcias.\",\"url\":\"https:\/\/www.suno.com.br\/noticias\/author\/vitor-azevedo\/\"}]}<\/script>\n<!-- \/ Yoast SEO plugin. -->","yoast_head_json":{"title":"Greve dos caminhoneiros \"ainda n\u00e3o amea\u00e7a\", dizem analistas","description":"Ap\u00f3s coment\u00e1rios de que uma greve dos caminhoneiros est\u00e1 sendo organizada , analistas afirma despreocupa\u00e7\u00e3o.\u00a0Clique aqui para saber mais.","robots":{"index":"index","follow":"follow","max-snippet":"max-snippet:-1","max-image-preview":"max-image-preview:large","max-video-preview":"max-video-preview:-1"},"canonical":"https:\/\/www.suno.com.br\/noticias\/greve-dos-caminhoneiros-ainda-nao-ameaca-dizem-analistas\/","og_locale":"pt_BR","og_type":"article","og_title":"Greve dos caminhoneiros \"ainda n\u00e3o amea\u00e7a\", dizem analistas","og_description":"Ap\u00f3s coment\u00e1rios de que uma greve dos caminhoneiros est\u00e1 sendo organizada , analistas afirma despreocupa\u00e7\u00e3o.\u00a0Clique aqui para saber mais.","og_url":"https:\/\/www.suno.com.br\/noticias\/greve-dos-caminhoneiros-ainda-nao-ameaca-dizem-analistas\/","og_site_name":"Suno Not\u00edcias","article_publisher":"https:\/\/facebook.com\/sunoresearch","og_image":[{"width":800,"height":533,"url":"https:\/\/files.sunoresearch.com.br\/n\/uploads\/2021\/01\/22494dcd-grevedoscaminhoneiros.jpg","type":"image\/jpeg"}],"author":"Vitor Azevedo","twitter_card":"summary_large_image","twitter_creator":"@sunoresearch","twitter_site":"@sunoresearch","twitter_misc":{"Escrito por":"Vitor Azevedo","Est. tempo de leitura":"3 minutos"},"schema":{"@context":"https:\/\/schema.org","@graph":[{"@type":"NewsArticle","@id":"https:\/\/www.suno.com.br\/noticias\/greve-dos-caminhoneiros-ainda-nao-ameaca-dizem-analistas\/#article","isPartOf":{"@id":"https:\/\/www.suno.com.br\/noticias\/greve-dos-caminhoneiros-ainda-nao-ameaca-dizem-analistas\/"},"author":{"name":"Vitor Azevedo","@id":"https:\/\/www.suno.com.br\/noticias\/#\/schema\/person\/658d5fbc74d81f265f5df3562d0038ab"},"headline":"Greve dos caminhoneiros ainda n\u00e3o amea\u00e7a, dizem analistas","datePublished":"2021-01-14T15:53:10+00:00","dateModified":"2021-02-10T10:10:58+00:00","mainEntityOfPage":{"@id":"https:\/\/www.suno.com.br\/noticias\/greve-dos-caminhoneiros-ainda-nao-ameaca-dizem-analistas\/"},"wordCount":536,"publisher":{"@id":"https:\/\/www.suno.com.br\/noticias\/#organization"},"image":{"@id":"https:\/\/www.suno.com.br\/noticias\/greve-dos-caminhoneiros-ainda-nao-ameaca-dizem-analistas\/#primaryimage"},"thumbnailUrl":"https:\/\/files.sunoresearch.com.br\/n\/uploads\/2021\/01\/22494dcd-grevedoscaminhoneiros-jpg.webp","keywords":["greve dos caminhoneiros","ICMS","Petrobras (PETR4)","sindicatos"],"articleSection":["Pol\u00edtica"],"inLanguage":"pt-BR"},{"@type":"WebPage","@id":"https:\/\/www.suno.com.br\/noticias\/greve-dos-caminhoneiros-ainda-nao-ameaca-dizem-analistas\/","url":"https:\/\/www.suno.com.br\/noticias\/greve-dos-caminhoneiros-ainda-nao-ameaca-dizem-analistas\/","name":"Greve dos caminhoneiros \"ainda n\u00e3o amea\u00e7a\", dizem analistas","isPartOf":{"@id":"https:\/\/www.suno.com.br\/noticias\/#website"},"primaryImageOfPage":{"@id":"https:\/\/www.suno.com.br\/noticias\/greve-dos-caminhoneiros-ainda-nao-ameaca-dizem-analistas\/#primaryimage"},"image":{"@id":"https:\/\/www.suno.com.br\/noticias\/greve-dos-caminhoneiros-ainda-nao-ameaca-dizem-analistas\/#primaryimage"},"thumbnailUrl":"https:\/\/files.sunoresearch.com.br\/n\/uploads\/2021\/01\/22494dcd-grevedoscaminhoneiros-jpg.webp","datePublished":"2021-01-14T15:53:10+00:00","dateModified":"2021-02-10T10:10:58+00:00","description":"Ap\u00f3s coment\u00e1rios de que uma greve dos caminhoneiros est\u00e1 sendo organizada , analistas afirma despreocupa\u00e7\u00e3o.\u00a0Clique aqui para saber mais.","breadcrumb":{"@id":"https:\/\/www.suno.com.br\/noticias\/greve-dos-caminhoneiros-ainda-nao-ameaca-dizem-analistas\/#breadcrumb"},"inLanguage":"pt-BR","potentialAction":[{"@type":"ReadAction","target":["https:\/\/www.suno.com.br\/noticias\/greve-dos-caminhoneiros-ainda-nao-ameaca-dizem-analistas\/"]}]},{"@type":"ImageObject","inLanguage":"pt-BR","@id":"https:\/\/www.suno.com.br\/noticias\/greve-dos-caminhoneiros-ainda-nao-ameaca-dizem-analistas\/#primaryimage","url":"https:\/\/files.sunoresearch.com.br\/n\/uploads\/2021\/01\/22494dcd-grevedoscaminhoneiros-jpg.webp","contentUrl":"https:\/\/files.sunoresearch.com.br\/n\/uploads\/2021\/01\/22494dcd-grevedoscaminhoneiros-jpg.webp","width":800,"height":533,"caption":"Analistas dizem que ainda \u00e9 cedo para preocupa\u00e7\u00e3o com greve dos caminhoneiros"},{"@type":"BreadcrumbList","@id":"https:\/\/www.suno.com.br\/noticias\/greve-dos-caminhoneiros-ainda-nao-ameaca-dizem-analistas\/#breadcrumb","itemListElement":[{"@type":"ListItem","position":1,"name":"Not\u00edcias","item":"https:\/\/www.suno.com.br\/noticias\/"},{"@type":"ListItem","position":2,"name":"Pol\u00edtica","item":"https:\/\/www.suno.com.br\/noticias\/politica\/"},{"@type":"ListItem","position":3,"name":"Greve dos caminhoneiros ainda n\u00e3o amea\u00e7a, dizem analistas"}]},{"@type":"WebSite","@id":"https:\/\/www.suno.com.br\/noticias\/#website","url":"https:\/\/www.suno.com.br\/noticias\/","name":"Suno Not\u00edcias","description":"Seu portal de informa\u00e7\u00e3o sobre o mundo dos investimentos","publisher":{"@id":"https:\/\/www.suno.com.br\/noticias\/#organization"},"potentialAction":[{"@type":"SearchAction","target":{"@type":"EntryPoint","urlTemplate":"https:\/\/www.suno.com.br\/noticias\/?s={search_term_string}"},"query-input":{"@type":"PropertyValueSpecification","valueRequired":true,"valueName":"search_term_string"}}],"inLanguage":"pt-BR"},{"@type":"Organization","@id":"https:\/\/www.suno.com.br\/noticias\/#organization","name":"Suno Not\u00edcias","url":"https:\/\/www.suno.com.br\/noticias\/","logo":{"@type":"ImageObject","inLanguage":"pt-BR","@id":"https:\/\/www.suno.com.br\/noticias\/#\/schema\/logo\/image\/","url":"https:\/\/files.sunoresearch.com.br\/n\/uploads\/2021\/09\/suno-logo.png","contentUrl":"https:\/\/files.sunoresearch.com.br\/n\/uploads\/2021\/09\/suno-logo.png","width":180,"height":180,"caption":"Suno Not\u00edcias"},"image":{"@id":"https:\/\/www.suno.com.br\/noticias\/#\/schema\/logo\/image\/"},"sameAs":["https:\/\/facebook.com\/sunoresearch","https:\/\/x.com\/sunoresearch","https:\/\/www.instagram.com\/suno","https:\/\/www.linkedin.com\/company\/suno-research\/","https:\/\/www.youtube.com\/c\/sunoresearch"]},{"@type":"Person","@id":"https:\/\/www.suno.com.br\/noticias\/#\/schema\/person\/658d5fbc74d81f265f5df3562d0038ab","name":"Vitor Azevedo","image":{"@type":"ImageObject","inLanguage":"pt-BR","@id":"https:\/\/www.suno.com.br\/noticias\/#\/schema\/person\/image\/","url":"https:\/\/secure.gravatar.com\/avatar\/62b86195291b446fe380824eb28b99a5?s=96&r=g","contentUrl":"https:\/\/secure.gravatar.com\/avatar\/62b86195291b446fe380824eb28b99a5?s=96&r=g","caption":"Vitor Azevedo"},"description":"Formado em jornalismo pela Unesp, escreve sobre economia e neg\u00f3cios para a Suno Not\u00edcias.","url":"https:\/\/www.suno.com.br\/noticias\/author\/vitor-azevedo\/"}]}},"default_loop_html":"<div class=\"cardsPage__listCard__boxs\"><div class=\"cardsPage__listCard__boxs__img\"><a href=\"https:\/\/www.suno.com.br\/noticias\/greve-dos-caminhoneiros-ainda-nao-ameaca-dizem-analistas\/\"><img class=\"mask\" src=\"https:\/\/www.suno.com.br\/noticias\/wp-content\/themes\/suno\/resources\/images\/spotlight\/spotlight1img\/bg-mask.png\" alt=\"Image Mask\"\/><img src=\"https:\/\/files.sunoresearch.com.br\/n\/uploads\/2021\/01\/22494dcd-grevedoscaminhoneiros-400x200.webp\" alt=\"Greve dos caminhoneiros ainda n\u00e3o amea\u00e7a, dizem analistas\"\/><\/a><span class=\"spotlightCategory\"><a href=\"https:\/\/www.suno.com.br\/noticias\/politica\/\">Pol\u00edtica<\/a><\/span><\/div><div class=\"cardsPage__listCard__boxs__content\"><a href=\"https:\/\/www.suno.com.br\/noticias\/greve-dos-caminhoneiros-ainda-nao-ameaca-dizem-analistas\/\"><h2 class=\"content__title\">Greve dos caminhoneiros ainda n\u00e3o amea\u00e7a, dizem analistas<\/h2><\/a><div class=\"newsContent__article__meta\"><div class=\"newsContent__article__meta__authorBox\"><a href=\"https:\/\/www.suno.com.br\/noticias\/author\/vitor-azevedo\/\" class=\"authorBox__avatar noMobi\"><img src=\"https:\/\/secure.gravatar.com\/avatar\/62b86195291b446fe380824eb28b99a5?s=96&#038;r=g\" alt=\"Vitor Azevedo\"><\/a><div class=\"authorBox__name\"><span>por\n\t\t\t<a href=\"https:\/\/www.suno.com.br\/noticias\/author\/vitor-azevedo\/\"><span itemprop=\"author\">Vitor Azevedo<\/span><\/a><\/span><time datetime=\"2021-01-14T12:53:10-03:00\" itemprop=\"datePublished\">14\/01\/2021 12:53<\/time><\/div><\/div><\/div><\/div><\/div>","single_layout":"posts","amp_enabled":true,"_links":{"self":[{"href":"https:\/\/www.suno.com.br\/noticias\/wp-json\/wp\/v2\/posts\/113340"}],"collection":[{"href":"https:\/\/www.suno.com.br\/noticias\/wp-json\/wp\/v2\/posts"}],"about":[{"href":"https:\/\/www.suno.com.br\/noticias\/wp-json\/wp\/v2\/types\/post"}],"author":[{"embeddable":true,"href":"https:\/\/www.suno.com.br\/noticias\/wp-json\/wp\/v2\/users\/59"}],"replies":[{"embeddable":true,"href":"https:\/\/www.suno.com.br\/noticias\/wp-json\/wp\/v2\/comments?post=113340"}],"version-history":[{"count":0,"href":"https:\/\/www.suno.com.br\/noticias\/wp-json\/wp\/v2\/posts\/113340\/revisions"}],"wp:featuredmedia":[{"embeddable":true,"href":"https:\/\/www.suno.com.br\/noticias\/wp-json\/wp\/v2\/media\/113363"}],"wp:attachment":[{"href":"https:\/\/www.suno.com.br\/noticias\/wp-json\/wp\/v2\/media?parent=113340"}],"wp:term":[{"taxonomy":"category","embeddable":true,"href":"https:\/\/www.suno.com.br\/noticias\/wp-json\/wp\/v2\/categories?post=113340"},{"taxonomy":"post_tag","embeddable":true,"href":"https:\/\/www.suno.com.br\/noticias\/wp-json\/wp\/v2\/tags?post=113340"},{"taxonomy":"suno_strategy","embeddable":true,"href":"https:\/\/www.suno.com.br\/noticias\/wp-json\/wp\/v2\/suno_strategy?post=113340"}],"curies":[{"name":"wp","href":"https:\/\/api.w.org\/{rel}","templated":true}]}}