{"id":113294,"date":"2021-01-14T10:08:08","date_gmt":"2021-01-14T13:08:08","guid":{"rendered":"https:\/\/www.suno.com.br\/noticias\/?p=113294"},"modified":"2021-02-17T21:49:21","modified_gmt":"2021-02-18T00:49:21","slug":"banco-do-brasil-bbsa3-brandao-demissao","status":"publish","type":"post","link":"https:\/\/www.suno.com.br\/noticias\/banco-do-brasil-bbsa3-brandao-demissao\/","title":{"rendered":"Banco do Brasil (BBAS3) n\u00e3o tem conhecimento sobre demiss\u00e3o de Andr\u00e9 Brand\u00e3o"},"content":{"rendered":"<p>O <a href=\"https:\/\/www.suno.com.br\/acoes\/bbas3\/\"><strong>Banco do Brasil<\/strong> (BBAS3)<\/a> informou ao mercado na manh\u00e3 desta quarta-feira (14) que\u00a0 n\u00e3o recebeu nenhuma informa\u00e7\u00e3o sobre a demiss\u00e3o do presidente da institui\u00e7\u00e3o, Andr\u00e9 Brand\u00e3o, pelo presidente da Rep\u00fablica, Jair Bolsonaro.<\/p>\t<div class=\"wrapper-featured-image\">\n\t\t<figure class=\"spotlightImg\">\n\n\t\t\t<picture>\n\t\t\t\t<source media=\"(max-width: 768px)\" srcset=\"https:\/\/files.sunoresearch.com.br\/n\/uploads\/2021\/01\/0492c26d-banco-do-brasil-400x200.webp\">\n\t\t\t\t<img loading=\"lazy\" decoding=\"async\" class=\"newsContent__article__imgCapa lazyloadDisabled \" src=\"https:\/\/files.sunoresearch.com.br\/n\/uploads\/2021\/01\/0492c26d-banco-do-brasil-jpeg.webp\" width=\"800\" height=\"450\" alt=\"Banco do Brasil (BBAS3) n\u00e3o tem conhecimento sobre demiss\u00e3o de Andr\u00e9 Brand\u00e3o\" fetchpriority=high \/>\n\t\t\t<\/picture>\n\n\t\t\t<figcaption class=\"wp-caption-text wp-caption-text--show\">Banco do Brasil (BBSA3) n\u00e3o tem conhecimento sobre demiss\u00e3o de Brand\u00e3o <\/figcaption>\n\t\t<\/figure>\n\t<\/div>\n\n\n\t<p>\n\t\t<a href=\"https:\/\/lp.suno.com.br\/planilha-controle-gastos\/\" target=\"_blank\" data-element=\"shortcode-suno-banner\" title=\"Banner SUNO, clique e saiba mais\">\n\t\t\t<picture>\n\t\t\t\t<source media=\"(max-width: 500px)\" srcset=\"https:\/\/files.sunoresearch.com.br\/n\/uploads\/2023\/03\/400x300-Planilha-controle-de-gastos.png\">\n\t\t\t\t<img class=\"newsContent__article__imgCapa newsContent__article__imgCapa--banner\"\n\t\t\t\t\tsrc=\"https:\/\/files.sunoresearch.com.br\/n\/uploads\/2023\/03\/1420x240-Planilha-controle-de-gastos.png\"\n\t\t\t\t\tdata-promo-id=\"101751\"\t\t\t\t\t\t\t\t\t\twidth='1420' height='240'\t\t\t\t\talt=\"https:\/\/files.sunoresearch.com.br\/n\/uploads\/2023\/03\/1420x240-Planilha-controle-de-gastos.png\"\n\t\t\t\t>\n\t\t\t<\/picture>\n\t\t<\/a>\n\t<\/p>\n\n\n<p>De acordo com o documento, em refer\u00eancia as not\u00edcias veiculadas na m\u00eddia sobre a suposta destitui\u00e7\u00e3o de <strong>Andr\u00e9<\/strong> <strong>Brand\u00e3o<\/strong>, o Banco do Brasil informou que &#8220;n\u00e3o recebeu no \u00e2mbito de seus \u00f3rg\u00e3os de governan\u00e7a nenhuma comunica\u00e7\u00e3o formal por parte do acionista controlador sobre qualquer decis\u00e3o a respeito do assunto&#8221;.<\/p>\n<p>Na \u00faltima quarta-feira (13), o jornal &#8220;Valor Econ\u00f4mico&#8221; noticiou que o <strong>presidente Jair Bolsonaro<\/strong> decidiu demitir o <strong>presidente do BB<\/strong>. Segundo a publica\u00e7\u00e3o, o mandat\u00e1rio teria ficado irritado com a repercuss\u00e3o do fechamento de ag\u00eancias do banco e do plano de demiss\u00f5es volunt\u00e1rias anunciados na segunda-feira (11).<\/p>\n<p><a href=\"https:\/\/lp.suno.com.br\/suno-one\/\">Suno One: acesse gratuitamente eBooks, Minicursos, Artigos e Video Aulas sobre investimentos com um \u00fanico cadastro. Clique para saber mais!<\/a><\/p>\n<p>As fontes disseram ao jornal que Bolsonaro n\u00e3o foi informado diretamente e que ele considerou o an\u00fancio inoportuno.<\/p>\n<p>Al\u00e9m disso, o rep\u00f3rter Marcelo D&#8217;Angelo da Band News, afirmou ontem que a rela\u00e7\u00e3o entre o governo e o <a href=\"https:\/\/www.suno.com.br\/artigos\/bacen\/\">Banco Central<\/a> estava desgastada.\u00a0 A entrada de Brand\u00e3o para a presid\u00eancia do BB foi feita pelo atual presidente do BC, <a href=\"https:\/\/www.suno.com.br\/tudo-sobre\/roberto-campos-neto\/\">Roberto Campos Neto<\/a>. Segundo o rep\u00f3rter, h\u00e1 um desgaste entre Campos neto e o ministro da Economia, <a href=\"https:\/\/www.suno.com.br\/tudo-sobre\/paulo-guedes\/\">Paulo Guedes<\/a>.<\/p>\n<p>Segundo o rep\u00f3rter, havia tamb\u00e9m por parte do governo uma insatisfa\u00e7\u00e3o a respeito do desempenho de Brand\u00e3o e seu compromisso. A cr\u00edtica \u00e9 de que o presidente do BB passava muito tempo em <strong>S\u00e3o Paulo<\/strong>, ficando longe do centro de comando do banco, em <strong>Bras\u00edlia<\/strong>.<\/p>\n\t<p>\n\t\t<a href=\"https:\/\/lp.suno.com.br\/ebook-como-analisar-uma-acao\/\" target=\"_blank\" data-element=\"shortcode-suno-banner\" title=\"Banner SUNO, clique e saiba mais\">\n\t\t\t<picture>\n\t\t\t\t<source media=\"(max-width: 500px)\" srcset=\"https:\/\/files.sunoresearch.com.br\/n\/uploads\/2023\/03\/Ebook-Acoes-Mobile.jpg\">\n\t\t\t\t<img class=\"newsContent__article__imgCapa newsContent__article__imgCapa--banner\"\n\t\t\t\t\tsrc=\"https:\/\/files.sunoresearch.com.br\/n\/uploads\/2023\/03\/Ebook-Acoes-Desktop.jpg\"\n\t\t\t\t\tdata-promo-id=\"378302\"\t\t\t\t\t\t\t\t\t\twidth='1420' height='286'\t\t\t\t\talt=\"https:\/\/files.sunoresearch.com.br\/n\/uploads\/2023\/03\/Ebook-Acoes-Desktop.jpg\"\n\t\t\t\t>\n\t\t\t<\/picture>\n\t\t<\/a>\n\t<\/p>\n\n\n<p>Ap\u00f3s as not\u00edcias da demiss\u00e3o de <strong>Brand\u00e3o<\/strong>, os <strong>pap\u00e9is<\/strong> da institui\u00e7\u00e3o financeira encerraram o \u00faltimo preg\u00e3o em queda de 4,94%, negociadas a R$ 37,55. O <strong><a href=\"https:\/\/www.suno.com.br\/artigos\/ibovespa\/\">Ibovespa<\/a> <\/strong>ontem tamb\u00e9m encerrou em baixa, com varia\u00e7\u00e3o negativa de 1,67%, a 121.933,08 pontos.<\/p>\n<h2>Banco do Brasil anuncia desativa\u00e7\u00e3o de 361 unidades f\u00edsicas<\/h2>\n<p>Na segunda-feira, o <strong>Banco do Brasil<\/strong> apresentou um conjunto de medidas para o redimensionamento de sua estrutura organizacional. O fato relevante, dentre outras a\u00e7\u00f5es, anuncia que a institui\u00e7\u00e3o ir\u00e1 desativar 361 unidades f\u00edsicas.<\/p>\n\t<div data-element=\"shortcode-read-more\" class=\"knowMore\">\n\t\t\t\t<span class=\"knowMore__title\">Saiba Mais<\/span>\n\t\t\t\t<a class=\"knowMore__link\" href=\"https:\/\/www.suno.com.br\/noticias\/banco-do-brasil-bbas3-desativacao-unidades\/\">\n\t\t\tBanco do Brasil (BBAS3) anuncia desativa\u00e7\u00e3o de 361 unidades f\u00edsicas\t\t<\/a>\n\t<\/div>\n\n\n<p>Segundo o comunicado, ser\u00e3o <strong>desativadas<\/strong> 112 ag\u00eancias, 7 escrit\u00f3rios e 242 postos de atendimento. Al\u00e9m disso, 243 ag\u00eancias ser\u00e3o convertidas em postos de atendimento, enquanto oito postos de atendimento se tornar\u00e3o ag\u00eancias. Segundo a dire\u00e7\u00e3o do banco, as mudan\u00e7as ir\u00e3o proporcionar &#8220;ganhos de efici\u00eancia e otimiza\u00e7\u00e3o&#8221; em todo o Pa\u00eds.<\/p>\n<p>Outra medida prevista pelo <strong>Banco do Brasil <\/strong>\u00e9 a transforma\u00e7\u00e3o de 145 unidades de neg\u00f3cios em lojas do banco, sem a oferta de guich\u00eas de caixa, com maior voca\u00e7\u00e3o para assessoria e relacionamento. Tamb\u00e9m ser\u00e1 realizada a relocaliza\u00e7\u00e3o compartilhada de 85 unidades de neg\u00f3cio.<\/p>\n<p><span style=\"font-weight: 400;\">\t<p>\n\t\t<a href=\"https:\/\/lp.suno.com.br\/planilha-de-controle-de-investimentos\/\" target=\"_blank\" data-element=\"shortcode-suno-banner\" title=\"Banner SUNO, clique e saiba mais\">\n\t\t\t<picture>\n\t\t\t\t<source media=\"(max-width: 500px)\" srcset=\"https:\/\/files.sunoresearch.com.br\/n\/uploads\/2023\/03\/400x300-Controle-de-Investimentos.png\">\n\t\t\t\t<img class=\"newsContent__article__imgCapa newsContent__article__imgCapa--banner\"\n\t\t\t\t\tsrc=\"https:\/\/files.sunoresearch.com.br\/n\/uploads\/2023\/03\/1420x240-Controle-de-Investimentos.png\"\n\t\t\t\t\tdata-promo-id=\"75934\"\t\t\t\t\t\t\t\t\t\twidth='1420' height='240'\t\t\t\t\talt=\"https:\/\/files.sunoresearch.com.br\/n\/uploads\/2023\/03\/1420x240-Controle-de-Investimentos.png\"\n\t\t\t\t>\n\t\t\t<\/picture>\n\t\t<\/a>\n\t<\/p>\n\n<\/span><\/p>\n","protected":false},"excerpt":{"rendered":"<p>O Banco do Brasil (BBAS3) informou ao mercado na manh\u00e3 desta quarta-feira (14) que\u00a0 n\u00e3o recebeu nenhuma informa\u00e7\u00e3o sobre a demiss\u00e3o do presidente da institui\u00e7\u00e3o, Andr\u00e9 Brand\u00e3o, pelo presidente da Rep\u00fablica, Jair Bolsonaro. Banco do Brasil (BBSA3) n\u00e3o tem conhecimento sobre demiss\u00e3o de Brand\u00e3o De acordo com o documento, em refer\u00eancia as not\u00edcias veiculadas na [&hellip;]<\/p>\n","protected":false},"author":15,"featured_media":113306,"comment_status":"closed","ping_status":"closed","sticky":false,"template":"","format":"standard","meta":[],"categories":[64],"tags":[91927,732,719],"suno_strategy":[],"class_list":["post-113294","post","type-post","status-publish","format-standard","has-post-thumbnail","hentry","category-negocios","tag-andre-brandao","tag-banco-do-brasil-bbas3","tag-jair-bolsonaro"],"yoast_head":"<!-- This site is optimized with the Yoast SEO plugin v24.4 - https:\/\/yoast.com\/wordpress\/plugins\/seo\/ -->\n<title>Banco do Brasil (BBAS3) n\u00e3o tem conhecimento sobre demiss\u00e3o<\/title>\n<meta name=\"description\" content=\"O Banco do Brasil (BBAS3) n\u00e3o recebeu nenhuma informa\u00e7\u00e3o sobre a demiss\u00e3o do presidente da institui\u00e7\u00e3o, Andr\u00e9 Brand\u00e3o. Clique aqui\" \/>\n<meta name=\"robots\" content=\"index, follow, max-snippet:-1, max-image-preview:large, max-video-preview:-1\" \/>\n<link rel=\"canonical\" href=\"https:\/\/www.suno.com.br\/noticias\/banco-do-brasil-bbsa3-brandao-demissao\/\" \/>\n<meta property=\"og:locale\" content=\"pt_BR\" \/>\n<meta property=\"og:type\" content=\"article\" \/>\n<meta property=\"og:title\" content=\"Banco do Brasil (BBAS3) n\u00e3o tem conhecimento sobre demiss\u00e3o\" \/>\n<meta property=\"og:description\" content=\"O Banco do Brasil (BBAS3) n\u00e3o recebeu nenhuma informa\u00e7\u00e3o sobre a demiss\u00e3o do presidente da institui\u00e7\u00e3o, Andr\u00e9 Brand\u00e3o. Clique aqui\" \/>\n<meta property=\"og:url\" content=\"https:\/\/www.suno.com.br\/noticias\/banco-do-brasil-bbsa3-brandao-demissao\/\" \/>\n<meta property=\"og:site_name\" content=\"Suno Not\u00edcias\" \/>\n<meta property=\"article:publisher\" content=\"https:\/\/facebook.com\/sunoresearch\" \/>\n<meta property=\"og:image\" content=\"https:\/\/files.sunoresearch.com.br\/n\/uploads\/2021\/01\/0492c26d-banco-do-brasil.jpeg\" \/>\n\t<meta property=\"og:image:width\" content=\"620\" \/>\n\t<meta property=\"og:image:height\" content=\"413\" \/>\n\t<meta property=\"og:image:type\" content=\"image\/jpeg\" \/>\n<meta name=\"author\" content=\"Poliana Santos\" \/>\n<meta name=\"twitter:card\" content=\"summary_large_image\" \/>\n<meta name=\"twitter:creator\" content=\"@sunoresearch\" \/>\n<meta name=\"twitter:site\" content=\"@sunoresearch\" \/>\n<meta name=\"twitter:label1\" content=\"Escrito por\" \/>\n\t<meta name=\"twitter:data1\" content=\"Poliana Santos\" \/>\n\t<meta name=\"twitter:label2\" content=\"Est. tempo de leitura\" \/>\n\t<meta name=\"twitter:data2\" content=\"3 minutos\" \/>\n<script type=\"application\/ld+json\" class=\"yoast-schema-graph\">{\"@context\":\"https:\/\/schema.org\",\"@graph\":[{\"@type\":\"NewsArticle\",\"@id\":\"https:\/\/www.suno.com.br\/noticias\/banco-do-brasil-bbsa3-brandao-demissao\/#article\",\"isPartOf\":{\"@id\":\"https:\/\/www.suno.com.br\/noticias\/banco-do-brasil-bbsa3-brandao-demissao\/\"},\"author\":{\"name\":\"Poliana Santos\",\"@id\":\"https:\/\/www.suno.com.br\/noticias\/#\/schema\/person\/02ec1f752758247878a2bf4abee1aeda\"},\"headline\":\"Banco do Brasil (BBAS3) n\u00e3o tem conhecimento sobre demiss\u00e3o de Andr\u00e9 Brand\u00e3o\",\"datePublished\":\"2021-01-14T13:08:08+00:00\",\"dateModified\":\"2021-02-18T00:49:21+00:00\",\"mainEntityOfPage\":{\"@id\":\"https:\/\/www.suno.com.br\/noticias\/banco-do-brasil-bbsa3-brandao-demissao\/\"},\"wordCount\":545,\"publisher\":{\"@id\":\"https:\/\/www.suno.com.br\/noticias\/#organization\"},\"image\":{\"@id\":\"https:\/\/www.suno.com.br\/noticias\/banco-do-brasil-bbsa3-brandao-demissao\/#primaryimage\"},\"thumbnailUrl\":\"https:\/\/files.sunoresearch.com.br\/n\/uploads\/2021\/01\/0492c26d-banco-do-brasil-jpeg.webp\",\"keywords\":[\"Andr\u00e9 Brand\u00e3o\",\"Banco do Brasil (BBAS3)\",\"Jair Bolsonaro\"],\"articleSection\":[\"Neg\u00f3cios\"],\"inLanguage\":\"pt-BR\"},{\"@type\":\"WebPage\",\"@id\":\"https:\/\/www.suno.com.br\/noticias\/banco-do-brasil-bbsa3-brandao-demissao\/\",\"url\":\"https:\/\/www.suno.com.br\/noticias\/banco-do-brasil-bbsa3-brandao-demissao\/\",\"name\":\"Banco do Brasil (BBAS3) n\u00e3o tem conhecimento sobre demiss\u00e3o\",\"isPartOf\":{\"@id\":\"https:\/\/www.suno.com.br\/noticias\/#website\"},\"primaryImageOfPage\":{\"@id\":\"https:\/\/www.suno.com.br\/noticias\/banco-do-brasil-bbsa3-brandao-demissao\/#primaryimage\"},\"image\":{\"@id\":\"https:\/\/www.suno.com.br\/noticias\/banco-do-brasil-bbsa3-brandao-demissao\/#primaryimage\"},\"thumbnailUrl\":\"https:\/\/files.sunoresearch.com.br\/n\/uploads\/2021\/01\/0492c26d-banco-do-brasil-jpeg.webp\",\"datePublished\":\"2021-01-14T13:08:08+00:00\",\"dateModified\":\"2021-02-18T00:49:21+00:00\",\"description\":\"O Banco do Brasil (BBAS3) n\u00e3o recebeu nenhuma informa\u00e7\u00e3o sobre a demiss\u00e3o do presidente da institui\u00e7\u00e3o, Andr\u00e9 Brand\u00e3o. Clique aqui\",\"breadcrumb\":{\"@id\":\"https:\/\/www.suno.com.br\/noticias\/banco-do-brasil-bbsa3-brandao-demissao\/#breadcrumb\"},\"inLanguage\":\"pt-BR\",\"potentialAction\":[{\"@type\":\"ReadAction\",\"target\":[\"https:\/\/www.suno.com.br\/noticias\/banco-do-brasil-bbsa3-brandao-demissao\/\"]}]},{\"@type\":\"ImageObject\",\"inLanguage\":\"pt-BR\",\"@id\":\"https:\/\/www.suno.com.br\/noticias\/banco-do-brasil-bbsa3-brandao-demissao\/#primaryimage\",\"url\":\"https:\/\/files.sunoresearch.com.br\/n\/uploads\/2021\/01\/0492c26d-banco-do-brasil-jpeg.webp\",\"contentUrl\":\"https:\/\/files.sunoresearch.com.br\/n\/uploads\/2021\/01\/0492c26d-banco-do-brasil-jpeg.webp\",\"width\":620,\"height\":413,\"caption\":\"Banco do Brasil (BBSA3) n\u00e3o tem conhecimento sobre demiss\u00e3o de Brand\u00e3o\"},{\"@type\":\"BreadcrumbList\",\"@id\":\"https:\/\/www.suno.com.br\/noticias\/banco-do-brasil-bbsa3-brandao-demissao\/#breadcrumb\",\"itemListElement\":[{\"@type\":\"ListItem\",\"position\":1,\"name\":\"Not\u00edcias\",\"item\":\"https:\/\/www.suno.com.br\/noticias\/\"},{\"@type\":\"ListItem\",\"position\":2,\"name\":\"Neg\u00f3cios\",\"item\":\"https:\/\/www.suno.com.br\/noticias\/negocios\/\"},{\"@type\":\"ListItem\",\"position\":3,\"name\":\"Banco do Brasil (BBAS3) n\u00e3o tem conhecimento sobre demiss\u00e3o de Andr\u00e9 Brand\u00e3o\"}]},{\"@type\":\"WebSite\",\"@id\":\"https:\/\/www.suno.com.br\/noticias\/#website\",\"url\":\"https:\/\/www.suno.com.br\/noticias\/\",\"name\":\"Suno Not\u00edcias\",\"description\":\"Seu portal de informa\u00e7\u00e3o sobre o mundo dos investimentos\",\"publisher\":{\"@id\":\"https:\/\/www.suno.com.br\/noticias\/#organization\"},\"potentialAction\":[{\"@type\":\"SearchAction\",\"target\":{\"@type\":\"EntryPoint\",\"urlTemplate\":\"https:\/\/www.suno.com.br\/noticias\/?s={search_term_string}\"},\"query-input\":{\"@type\":\"PropertyValueSpecification\",\"valueRequired\":true,\"valueName\":\"search_term_string\"}}],\"inLanguage\":\"pt-BR\"},{\"@type\":\"Organization\",\"@id\":\"https:\/\/www.suno.com.br\/noticias\/#organization\",\"name\":\"Suno Not\u00edcias\",\"url\":\"https:\/\/www.suno.com.br\/noticias\/\",\"logo\":{\"@type\":\"ImageObject\",\"inLanguage\":\"pt-BR\",\"@id\":\"https:\/\/www.suno.com.br\/noticias\/#\/schema\/logo\/image\/\",\"url\":\"https:\/\/files.sunoresearch.com.br\/n\/uploads\/2021\/09\/suno-logo.png\",\"contentUrl\":\"https:\/\/files.sunoresearch.com.br\/n\/uploads\/2021\/09\/suno-logo.png\",\"width\":180,\"height\":180,\"caption\":\"Suno Not\u00edcias\"},\"image\":{\"@id\":\"https:\/\/www.suno.com.br\/noticias\/#\/schema\/logo\/image\/\"},\"sameAs\":[\"https:\/\/facebook.com\/sunoresearch\",\"https:\/\/x.com\/sunoresearch\",\"https:\/\/www.instagram.com\/suno\",\"https:\/\/www.linkedin.com\/company\/suno-research\/\",\"https:\/\/www.youtube.com\/c\/sunoresearch\"]},{\"@type\":\"Person\",\"@id\":\"https:\/\/www.suno.com.br\/noticias\/#\/schema\/person\/02ec1f752758247878a2bf4abee1aeda\",\"name\":\"Poliana Santos\",\"image\":{\"@type\":\"ImageObject\",\"inLanguage\":\"pt-BR\",\"@id\":\"https:\/\/www.suno.com.br\/noticias\/#\/schema\/person\/image\/\",\"url\":\"https:\/\/secure.gravatar.com\/avatar\/0645bd32f23d87b2130f2b2dff1d3f8d?s=96&r=g\",\"contentUrl\":\"https:\/\/secure.gravatar.com\/avatar\/0645bd32f23d87b2130f2b2dff1d3f8d?s=96&r=g\",\"caption\":\"Poliana Santos\"},\"description\":\"Rep\u00f3rter no Suno Not\u00edcias, com cobertura em mercado financeiro, economia, finan\u00e7as pessoais, renda fixa e varejo. Jornalista formada pela Faculdade C\u00e1sper L\u00edbero e possui passagem na R\u00e1dio Gazeta AM com a produ\u00e7\u00e3o de conte\u00fado sobre economia, pol\u00edtica, sa\u00fade, moda e m\u00fasica. Possui certificado de conclus\u00e3o do curso de An\u00e1lise de Balan\u00e7os pela Funda\u00e7\u00e3o Bradesco, Agenda Brasil pela FAAP, Educa\u00e7\u00e3o Pol\u00edtica por Alexandre Garcia e do Tesouro Direto e Mercado de A\u00e7\u00f5es pela B3.\",\"url\":\"https:\/\/www.suno.com.br\/noticias\/author\/poliana-santos\/\"}]}<\/script>\n<!-- \/ Yoast SEO plugin. -->","yoast_head_json":{"title":"Banco do Brasil (BBAS3) n\u00e3o tem conhecimento sobre demiss\u00e3o","description":"O Banco do Brasil (BBAS3) n\u00e3o recebeu nenhuma informa\u00e7\u00e3o sobre a demiss\u00e3o do presidente da institui\u00e7\u00e3o, Andr\u00e9 Brand\u00e3o. Clique aqui","robots":{"index":"index","follow":"follow","max-snippet":"max-snippet:-1","max-image-preview":"max-image-preview:large","max-video-preview":"max-video-preview:-1"},"canonical":"https:\/\/www.suno.com.br\/noticias\/banco-do-brasil-bbsa3-brandao-demissao\/","og_locale":"pt_BR","og_type":"article","og_title":"Banco do Brasil (BBAS3) n\u00e3o tem conhecimento sobre demiss\u00e3o","og_description":"O Banco do Brasil (BBAS3) n\u00e3o recebeu nenhuma informa\u00e7\u00e3o sobre a demiss\u00e3o do presidente da institui\u00e7\u00e3o, Andr\u00e9 Brand\u00e3o. Clique aqui","og_url":"https:\/\/www.suno.com.br\/noticias\/banco-do-brasil-bbsa3-brandao-demissao\/","og_site_name":"Suno Not\u00edcias","article_publisher":"https:\/\/facebook.com\/sunoresearch","og_image":[{"width":620,"height":413,"url":"https:\/\/files.sunoresearch.com.br\/n\/uploads\/2021\/01\/0492c26d-banco-do-brasil.jpeg","type":"image\/jpeg"}],"author":"Poliana Santos","twitter_card":"summary_large_image","twitter_creator":"@sunoresearch","twitter_site":"@sunoresearch","twitter_misc":{"Escrito por":"Poliana Santos","Est. tempo de leitura":"3 minutos"},"schema":{"@context":"https:\/\/schema.org","@graph":[{"@type":"NewsArticle","@id":"https:\/\/www.suno.com.br\/noticias\/banco-do-brasil-bbsa3-brandao-demissao\/#article","isPartOf":{"@id":"https:\/\/www.suno.com.br\/noticias\/banco-do-brasil-bbsa3-brandao-demissao\/"},"author":{"name":"Poliana Santos","@id":"https:\/\/www.suno.com.br\/noticias\/#\/schema\/person\/02ec1f752758247878a2bf4abee1aeda"},"headline":"Banco do Brasil (BBAS3) n\u00e3o tem conhecimento sobre demiss\u00e3o de Andr\u00e9 Brand\u00e3o","datePublished":"2021-01-14T13:08:08+00:00","dateModified":"2021-02-18T00:49:21+00:00","mainEntityOfPage":{"@id":"https:\/\/www.suno.com.br\/noticias\/banco-do-brasil-bbsa3-brandao-demissao\/"},"wordCount":545,"publisher":{"@id":"https:\/\/www.suno.com.br\/noticias\/#organization"},"image":{"@id":"https:\/\/www.suno.com.br\/noticias\/banco-do-brasil-bbsa3-brandao-demissao\/#primaryimage"},"thumbnailUrl":"https:\/\/files.sunoresearch.com.br\/n\/uploads\/2021\/01\/0492c26d-banco-do-brasil-jpeg.webp","keywords":["Andr\u00e9 Brand\u00e3o","Banco do Brasil (BBAS3)","Jair Bolsonaro"],"articleSection":["Neg\u00f3cios"],"inLanguage":"pt-BR"},{"@type":"WebPage","@id":"https:\/\/www.suno.com.br\/noticias\/banco-do-brasil-bbsa3-brandao-demissao\/","url":"https:\/\/www.suno.com.br\/noticias\/banco-do-brasil-bbsa3-brandao-demissao\/","name":"Banco do Brasil (BBAS3) n\u00e3o tem conhecimento sobre demiss\u00e3o","isPartOf":{"@id":"https:\/\/www.suno.com.br\/noticias\/#website"},"primaryImageOfPage":{"@id":"https:\/\/www.suno.com.br\/noticias\/banco-do-brasil-bbsa3-brandao-demissao\/#primaryimage"},"image":{"@id":"https:\/\/www.suno.com.br\/noticias\/banco-do-brasil-bbsa3-brandao-demissao\/#primaryimage"},"thumbnailUrl":"https:\/\/files.sunoresearch.com.br\/n\/uploads\/2021\/01\/0492c26d-banco-do-brasil-jpeg.webp","datePublished":"2021-01-14T13:08:08+00:00","dateModified":"2021-02-18T00:49:21+00:00","description":"O Banco do Brasil (BBAS3) n\u00e3o recebeu nenhuma informa\u00e7\u00e3o sobre a demiss\u00e3o do presidente da institui\u00e7\u00e3o, Andr\u00e9 Brand\u00e3o. Clique aqui","breadcrumb":{"@id":"https:\/\/www.suno.com.br\/noticias\/banco-do-brasil-bbsa3-brandao-demissao\/#breadcrumb"},"inLanguage":"pt-BR","potentialAction":[{"@type":"ReadAction","target":["https:\/\/www.suno.com.br\/noticias\/banco-do-brasil-bbsa3-brandao-demissao\/"]}]},{"@type":"ImageObject","inLanguage":"pt-BR","@id":"https:\/\/www.suno.com.br\/noticias\/banco-do-brasil-bbsa3-brandao-demissao\/#primaryimage","url":"https:\/\/files.sunoresearch.com.br\/n\/uploads\/2021\/01\/0492c26d-banco-do-brasil-jpeg.webp","contentUrl":"https:\/\/files.sunoresearch.com.br\/n\/uploads\/2021\/01\/0492c26d-banco-do-brasil-jpeg.webp","width":620,"height":413,"caption":"Banco do Brasil (BBSA3) n\u00e3o tem conhecimento sobre demiss\u00e3o de Brand\u00e3o"},{"@type":"BreadcrumbList","@id":"https:\/\/www.suno.com.br\/noticias\/banco-do-brasil-bbsa3-brandao-demissao\/#breadcrumb","itemListElement":[{"@type":"ListItem","position":1,"name":"Not\u00edcias","item":"https:\/\/www.suno.com.br\/noticias\/"},{"@type":"ListItem","position":2,"name":"Neg\u00f3cios","item":"https:\/\/www.suno.com.br\/noticias\/negocios\/"},{"@type":"ListItem","position":3,"name":"Banco do Brasil (BBAS3) n\u00e3o tem conhecimento sobre demiss\u00e3o de Andr\u00e9 Brand\u00e3o"}]},{"@type":"WebSite","@id":"https:\/\/www.suno.com.br\/noticias\/#website","url":"https:\/\/www.suno.com.br\/noticias\/","name":"Suno Not\u00edcias","description":"Seu portal de informa\u00e7\u00e3o sobre o mundo dos investimentos","publisher":{"@id":"https:\/\/www.suno.com.br\/noticias\/#organization"},"potentialAction":[{"@type":"SearchAction","target":{"@type":"EntryPoint","urlTemplate":"https:\/\/www.suno.com.br\/noticias\/?s={search_term_string}"},"query-input":{"@type":"PropertyValueSpecification","valueRequired":true,"valueName":"search_term_string"}}],"inLanguage":"pt-BR"},{"@type":"Organization","@id":"https:\/\/www.suno.com.br\/noticias\/#organization","name":"Suno Not\u00edcias","url":"https:\/\/www.suno.com.br\/noticias\/","logo":{"@type":"ImageObject","inLanguage":"pt-BR","@id":"https:\/\/www.suno.com.br\/noticias\/#\/schema\/logo\/image\/","url":"https:\/\/files.sunoresearch.com.br\/n\/uploads\/2021\/09\/suno-logo.png","contentUrl":"https:\/\/files.sunoresearch.com.br\/n\/uploads\/2021\/09\/suno-logo.png","width":180,"height":180,"caption":"Suno Not\u00edcias"},"image":{"@id":"https:\/\/www.suno.com.br\/noticias\/#\/schema\/logo\/image\/"},"sameAs":["https:\/\/facebook.com\/sunoresearch","https:\/\/x.com\/sunoresearch","https:\/\/www.instagram.com\/suno","https:\/\/www.linkedin.com\/company\/suno-research\/","https:\/\/www.youtube.com\/c\/sunoresearch"]},{"@type":"Person","@id":"https:\/\/www.suno.com.br\/noticias\/#\/schema\/person\/02ec1f752758247878a2bf4abee1aeda","name":"Poliana Santos","image":{"@type":"ImageObject","inLanguage":"pt-BR","@id":"https:\/\/www.suno.com.br\/noticias\/#\/schema\/person\/image\/","url":"https:\/\/secure.gravatar.com\/avatar\/0645bd32f23d87b2130f2b2dff1d3f8d?s=96&r=g","contentUrl":"https:\/\/secure.gravatar.com\/avatar\/0645bd32f23d87b2130f2b2dff1d3f8d?s=96&r=g","caption":"Poliana Santos"},"description":"Rep\u00f3rter no Suno Not\u00edcias, com cobertura em mercado financeiro, economia, finan\u00e7as pessoais, renda fixa e varejo. Jornalista formada pela Faculdade C\u00e1sper L\u00edbero e possui passagem na R\u00e1dio Gazeta AM com a produ\u00e7\u00e3o de conte\u00fado sobre economia, pol\u00edtica, sa\u00fade, moda e m\u00fasica. Possui certificado de conclus\u00e3o do curso de An\u00e1lise de Balan\u00e7os pela Funda\u00e7\u00e3o Bradesco, Agenda Brasil pela FAAP, Educa\u00e7\u00e3o Pol\u00edtica por Alexandre Garcia e do Tesouro Direto e Mercado de A\u00e7\u00f5es pela B3.","url":"https:\/\/www.suno.com.br\/noticias\/author\/poliana-santos\/"}]}},"default_loop_html":"<div class=\"cardsPage__listCard__boxs\"><div class=\"cardsPage__listCard__boxs__img\"><a href=\"https:\/\/www.suno.com.br\/noticias\/banco-do-brasil-bbsa3-brandao-demissao\/\"><img class=\"mask\" src=\"https:\/\/www.suno.com.br\/noticias\/wp-content\/themes\/suno\/resources\/images\/spotlight\/spotlight1img\/bg-mask.png\" alt=\"Image Mask\"\/><img src=\"https:\/\/files.sunoresearch.com.br\/n\/uploads\/2021\/01\/0492c26d-banco-do-brasil-400x200.webp\" alt=\"Banco do Brasil (BBAS3) n\u00e3o tem conhecimento sobre demiss\u00e3o de Andr\u00e9 Brand\u00e3o\"\/><\/a><span class=\"spotlightCategory\"><a href=\"https:\/\/www.suno.com.br\/noticias\/negocios\/\">Neg\u00f3cios<\/a><\/span><\/div><div class=\"cardsPage__listCard__boxs__content\"><a href=\"https:\/\/www.suno.com.br\/noticias\/banco-do-brasil-bbsa3-brandao-demissao\/\"><h2 class=\"content__title\">Banco do Brasil (BBAS3) n\u00e3o tem conhecimento sobre demiss\u00e3o de Andr\u00e9 Brand\u00e3o<\/h2><\/a><div class=\"newsContent__article__meta\"><div class=\"newsContent__article__meta__authorBox\"><a href=\"https:\/\/www.suno.com.br\/noticias\/author\/poliana-santos\/\" class=\"authorBox__avatar noMobi\"><img src=\"https:\/\/files.sunoresearch.com.br\/n\/uploads\/2020\/08\/7ef34026-whatsapp-image-2020-08-03-at-12.37.57-150x150.webp\" alt=\"Poliana Santos\"><\/a><div class=\"authorBox__name\"><span>por\n\t\t\t<a href=\"https:\/\/www.suno.com.br\/noticias\/author\/poliana-santos\/\"><span itemprop=\"author\">Poliana Santos<\/span><\/a><\/span><time datetime=\"2021-01-14T10:08:08-03:00\" itemprop=\"datePublished\">14\/01\/2021 10:08<\/time><\/div><\/div><\/div><\/div><\/div>","single_layout":"posts","amp_enabled":true,"_links":{"self":[{"href":"https:\/\/www.suno.com.br\/noticias\/wp-json\/wp\/v2\/posts\/113294"}],"collection":[{"href":"https:\/\/www.suno.com.br\/noticias\/wp-json\/wp\/v2\/posts"}],"about":[{"href":"https:\/\/www.suno.com.br\/noticias\/wp-json\/wp\/v2\/types\/post"}],"author":[{"embeddable":true,"href":"https:\/\/www.suno.com.br\/noticias\/wp-json\/wp\/v2\/users\/15"}],"replies":[{"embeddable":true,"href":"https:\/\/www.suno.com.br\/noticias\/wp-json\/wp\/v2\/comments?post=113294"}],"version-history":[{"count":0,"href":"https:\/\/www.suno.com.br\/noticias\/wp-json\/wp\/v2\/posts\/113294\/revisions"}],"wp:featuredmedia":[{"embeddable":true,"href":"https:\/\/www.suno.com.br\/noticias\/wp-json\/wp\/v2\/media\/113306"}],"wp:attachment":[{"href":"https:\/\/www.suno.com.br\/noticias\/wp-json\/wp\/v2\/media?parent=113294"}],"wp:term":[{"taxonomy":"category","embeddable":true,"href":"https:\/\/www.suno.com.br\/noticias\/wp-json\/wp\/v2\/categories?post=113294"},{"taxonomy":"post_tag","embeddable":true,"href":"https:\/\/www.suno.com.br\/noticias\/wp-json\/wp\/v2\/tags?post=113294"},{"taxonomy":"suno_strategy","embeddable":true,"href":"https:\/\/www.suno.com.br\/noticias\/wp-json\/wp\/v2\/suno_strategy?post=113294"}],"curies":[{"name":"wp","href":"https:\/\/api.w.org\/{rel}","templated":true}]}}