{"id":113260,"date":"2021-01-14T08:50:48","date_gmt":"2021-01-14T11:50:48","guid":{"rendered":"https:\/\/www.suno.com.br\/noticias\/?p=113260"},"modified":"2021-01-14T08:50:48","modified_gmt":"2021-01-14T11:50:48","slug":"destaques-de-empresas-btg-bpac11-mrv-mrve3-sulamerica-sula11","status":"publish","type":"post","link":"https:\/\/www.suno.com.br\/noticias\/destaques-de-empresas-btg-bpac11-mrv-mrve3-sulamerica-sula11\/","title":{"rendered":"Destaques de Empresas: BTG (BPAC11), MRV (MRVE3) e SulAm\u00e9rica (SULA11)"},"content":{"rendered":"<p>Nos <strong>destaques de empresas<\/strong> desta quinta-feira (14), chama a aten\u00e7\u00e3o do mercado a oferta prim\u00e1ria do <a href=\"https:\/\/www.suno.com.br\/acoes\/bpac11\/\"><strong>BTG Pactual<\/strong> (BPAC11)<\/a> que poder\u00e1 movimentar R$ 2,02 bilh\u00f5es.<\/p>\t<div class=\"wrapper-featured-image\">\n\t\t<figure class=\"spotlightImg\">\n\n\t\t\t<picture>\n\t\t\t\t<source media=\"(max-width: 768px)\" srcset=\"https:\/\/files.sunoresearch.com.br\/n\/uploads\/2021\/01\/8ca12fa8-btg-pactual-400x200.webp\">\n\t\t\t\t<img loading=\"lazy\" decoding=\"async\" class=\"newsContent__article__imgCapa lazyloadDisabled \" src=\"https:\/\/files.sunoresearch.com.br\/n\/uploads\/2021\/01\/8ca12fa8-btg-pactual-jpg.webp\" width=\"800\" height=\"450\" alt=\"Destaques de Empresas: BTG (BPAC11), MRV (MRVE3) e SulAm\u00e9rica (SULA11)\" fetchpriority=high \/>\n\t\t\t<\/picture>\n\n\t\t\t<figcaption class=\"wp-caption-text wp-caption-text--show\">Destaques de Empresas: BTG (BPAC11), MRV (MRVE3) e SulAm\u00e9rica (SULA11)<\/figcaption>\n\t\t<\/figure>\n\t<\/div>\n\n\n\t<p>\n\t\t<a href=\"https:\/\/lp.suno.com.br\/planilha-controle-gastos\/\" target=\"_blank\" data-element=\"shortcode-suno-banner\" title=\"Banner SUNO, clique e saiba mais\">\n\t\t\t<picture>\n\t\t\t\t<source media=\"(max-width: 500px)\" srcset=\"https:\/\/files.sunoresearch.com.br\/n\/uploads\/2023\/03\/400x300-Planilha-controle-de-gastos.png\">\n\t\t\t\t<img class=\"newsContent__article__imgCapa newsContent__article__imgCapa--banner\"\n\t\t\t\t\tsrc=\"https:\/\/files.sunoresearch.com.br\/n\/uploads\/2023\/03\/1420x240-Planilha-controle-de-gastos.png\"\n\t\t\t\t\tdata-promo-id=\"101751\"\t\t\t\t\t\t\t\t\t\twidth='1420' height='240'\t\t\t\t\talt=\"https:\/\/files.sunoresearch.com.br\/n\/uploads\/2023\/03\/1420x240-Planilha-controle-de-gastos.png\"\n\t\t\t\t>\n\t\t\t<\/picture>\n\t\t<\/a>\n\t<\/p>\n\n\n<p>Al\u00e9m disso, entre os destaque de empresas est\u00e1 o pagamento de R$ 100 milh\u00f5es em dividendos extraordin\u00e1rios anunciado pela <a href=\"https:\/\/www.suno.com.br\/acoes\/mrve3\/\"><strong>MRV Engenharia<\/strong> (MRVE3)<\/a>. Por sua vez, a <a href=\"https:\/\/www.suno.com.br\/acoes\/sula11\/\"><strong>SulAm\u00e9rica<\/strong> (SULA11)<\/a> vai emitir R$ 700 milh\u00f5es em deb\u00eantures.<\/p>\n<p><a href=\"https:\/\/lp.suno.com.br\/suno-one\/\">Suno One: acesse gratuitamente eBooks, Minicursos, Artigos e Video Aulas sobre investimentos com um \u00fanico cadastro. Clique para saber mais!<\/a><\/p>\n<p>Ademais, o\u00a0<a href=\"https:\/\/www.suno.com.br\/acoes\/crfb3\/\"><strong>Carrefour<\/strong> (CRFB3)<\/a> foi avaliado para compra em 18 bilh\u00f5es de euros (cerca de R$ 116,2 bilh\u00f5es).<\/p>\n<p>Confira os destaques de empresas:<\/p>\n<h2>BTG Pactual<\/h2>\n<p>O <strong>BTG Pactual<\/strong> anunciou, na manh\u00e3 de hoje, que far\u00e1 uma oferta prim\u00e1ria de 22.222.222 <a href=\"https:\/\/www.suno.com.br\/artigos\/o-que-sao-acoes-ordinarias-preferenciais-e-units\/\">units<\/a>. Com base na atual cota\u00e7\u00e3o dos pap\u00e9is do banco, a opera\u00e7\u00e3o poder\u00e1 movimentar R$ 2,02 bilh\u00f5es.<\/p>\n\t<div data-element=\"shortcode-read-more\" class=\"knowMore\">\n\t\t\t\t<span class=\"knowMore__title\">Saiba Mais<\/span>\n\t\t\t\t<a class=\"knowMore__link\" href=\"https:\/\/www.suno.com.br\/noticias\/btg-pactual-bpac11-oferta-primaria-units\/\">\n\t\t\tBTG Pactual (BPAC11) anuncia oferta prim\u00e1ria para captar R$ 2 bilh\u00f5es\t\t<\/a>\n\t<\/div>\n\n\n<p>A oferta ser\u00e1 prioritariamente destinada aos acionistas que realizarem suas solicita\u00e7\u00f5es de <a href=\"https:\/\/www.suno.com.br\/artigos\/direito-de-subscricao\/\">subscri\u00e7\u00e3o<\/a> entre esta quinta-feira e a pr\u00f3xima quarta-feira (20). Inicialmente, cada investidor ter\u00e1 o direito de subscrever 0,073230 unit por papel do BTG Pactual que possu\u00eda no dia 12 de janeiro.<\/p>\n<h2>MRV<\/h2>\n<p>Outro destaque de empresas \u00e9 a MRV Engenharia que anunciou ontem que foi foi deliberado o pagamento de R$ 100 milh\u00f5es do or\u00e7amento destinado para autofinanciamento e alocado na reserva de reten\u00e7\u00e3o de lucros da companhia, a serem distribu\u00eddos a t\u00edtulo de <a href=\"https:\/\/www.suno.com.br\/artigos\/dividendos\/\">Dividendos Extraordin\u00e1rios<\/a> \u00e0 conta de lucro do exerc\u00edcio de 2019. A informa\u00e7\u00e3o foi divulgada via aviso aos acionistas.<\/p>\n<p>O montante equivale a R$ 0,207 por <a href=\"https:\/\/www.suno.com.br\/artigos\/tipos-de-acoes\/\"><strong>a\u00e7\u00e3o<\/strong> <\/a>de emiss\u00e3o da MRV, a serem pagos no dia 28 de janeiro deste ano, aos acionistas na data base de 18 de janeiro. Nesse sentido, as a\u00e7\u00f5es da companhia passam a ser negociadas &#8216;<a href=\"https:\/\/www.suno.com.br\/artigos\/data-ex\/\">ex-dividendos&#8217;<\/a> a partir do dia 19 de janeiro.<\/p>\n\t<p>\n\t\t<a href=\"https:\/\/lp.suno.com.br\/ebook-como-analisar-uma-acao\/\" target=\"_blank\" data-element=\"shortcode-suno-banner\" title=\"Banner SUNO, clique e saiba mais\">\n\t\t\t<picture>\n\t\t\t\t<source media=\"(max-width: 500px)\" srcset=\"https:\/\/files.sunoresearch.com.br\/n\/uploads\/2023\/03\/Ebook-Acoes-Mobile.jpg\">\n\t\t\t\t<img class=\"newsContent__article__imgCapa newsContent__article__imgCapa--banner\"\n\t\t\t\t\tsrc=\"https:\/\/files.sunoresearch.com.br\/n\/uploads\/2023\/03\/Ebook-Acoes-Desktop.jpg\"\n\t\t\t\t\tdata-promo-id=\"378302\"\t\t\t\t\t\t\t\t\t\twidth='1420' height='286'\t\t\t\t\talt=\"https:\/\/files.sunoresearch.com.br\/n\/uploads\/2023\/03\/Ebook-Acoes-Desktop.jpg\"\n\t\t\t\t>\n\t\t\t<\/picture>\n\t\t<\/a>\n\t<\/p>\n\n\n<h2>SulAm\u00e9rica<\/h2>\n<p>Entres os destaques de empresas est\u00e1 a <strong>SulAm\u00e9rica<\/strong> que comunicou ao mercado que seu Conselho de Administra\u00e7\u00e3o aprovou a 8\u00aa emiss\u00e3o de <a href=\"https:\/\/www.suno.com.br\/artigos\/debentures\/\">deb\u00eantures<\/a> no valor total de R$ 700 milh\u00f5es.<\/p>\n\t<div data-element=\"shortcode-read-more\" class=\"knowMore\">\n\t\t\t\t<span class=\"knowMore__title\">Saiba Mais<\/span>\n\t\t\t\t<a class=\"knowMore__link\" href=\"https:\/\/www.suno.com.br\/noticias\/sulamerica-sula11-emissao-debentures-700-milhoes\/\">\n\t\t\tSulAm\u00e9rica (SULA11) vai emitir R$ 700 milh\u00f5es em deb\u00eantures\t\t<\/a>\n\t<\/div>\n\n\n<p>De acordo com o<a href=\"https:\/\/www.suno.com.br\/artigos\/fato-relevante\/\"> fato relevante<\/a> da SulAm\u00e9rica, a emiss\u00e3o ser\u00e1 composta por 700 mil deb\u00eantures simples, n\u00e3o convers\u00edveis em <a href=\"https:\/\/www.suno.com.br\/artigos\/mercado-de-acoes\/\">a\u00e7\u00f5es<\/a>, com valor nominal de R$ 1 mil. Ao todo, ser\u00e3o duas s\u00e9ries de emiss\u00e3o, a primeira e a segunda ter\u00e3o o vencimento em 1\u00ba de fevereiro de 2024 e 1\u00ba de fevereiro de 2026, respectivamente.<\/p>\n<h2>Carrefour<\/h2>\n<p>De acordo com a an\u00e1lise feita pela empresa canadense Alimentation Couche-Tard, o plano de aquisi\u00e7\u00e3o do <strong>Carrefour <\/strong>\u00a0\u00e9 avaliado entre 16,5 bilh\u00f5es a 18 bilh\u00f5es de euros, segundo uma fonte a par do assunto.<\/p>\n\t<div data-element=\"shortcode-read-more\" class=\"knowMore\">\n\t\t\t\t<span class=\"knowMore__title\">Saiba Mais<\/span>\n\t\t\t\t<a class=\"knowMore__link\" href=\"https:\/\/www.suno.com.br\/noticias\/carrefour-crfb3-avaliado-18bi\/\">\n\t\t\tCarrefour (CRFB3) \u00e9 avaliado para compra por at\u00e9 18 bi de euros por gigante canadense\t\t<\/a>\n\t<\/div>\n\n\n<p>Ao passo que para a compra por valor de a\u00e7\u00e3o do Carrefour, a estimativa \u00e9 entre 20 a 22 euros, segundo a an\u00e1lise da Alimentation Couche-Tard. As informa\u00e7\u00f5es foram divulgadas pelo jornal &#8220;Valor Econ\u00f4mico&#8221;.<\/p>\n<p>Os <strong>destaques de empresas<\/strong> do<a href=\"https:\/\/www.suno.com.br\/noticias\/\"> Suno Not\u00edcias<\/a> mostram os principais acontecimentos que prometem movimentar o mercado durante o dia.<\/p>\n<p><span style=\"font-weight: 400;\">\t<p>\n\t\t<a href=\"https:\/\/lp.suno.com.br\/planilha-de-controle-de-investimentos\/\" target=\"_blank\" data-element=\"shortcode-suno-banner\" title=\"Banner SUNO, clique e saiba mais\">\n\t\t\t<picture>\n\t\t\t\t<source media=\"(max-width: 500px)\" srcset=\"https:\/\/files.sunoresearch.com.br\/n\/uploads\/2023\/03\/400x300-Controle-de-Investimentos.png\">\n\t\t\t\t<img class=\"newsContent__article__imgCapa newsContent__article__imgCapa--banner\"\n\t\t\t\t\tsrc=\"https:\/\/files.sunoresearch.com.br\/n\/uploads\/2023\/03\/1420x240-Controle-de-Investimentos.png\"\n\t\t\t\t\tdata-promo-id=\"75934\"\t\t\t\t\t\t\t\t\t\twidth='1420' height='240'\t\t\t\t\talt=\"https:\/\/files.sunoresearch.com.br\/n\/uploads\/2023\/03\/1420x240-Controle-de-Investimentos.png\"\n\t\t\t\t>\n\t\t\t<\/picture>\n\t\t<\/a>\n\t<\/p>\n\n<\/span><\/p>\n","protected":false},"excerpt":{"rendered":"<p>Nos destaques de empresas desta quinta-feira (14), chama a aten\u00e7\u00e3o do mercado a oferta prim\u00e1ria do BTG Pactual (BPAC11) que poder\u00e1 movimentar R$ 2,02 bilh\u00f5es. Destaques de Empresas: BTG (BPAC11), MRV (MRVE3) e SulAm\u00e9rica (SULA11) Al\u00e9m disso, entre os destaque de empresas est\u00e1 o pagamento de R$ 100 milh\u00f5es em dividendos extraordin\u00e1rios anunciado pela MRV [&hellip;]<\/p>\n","protected":false},"author":15,"featured_media":113275,"comment_status":"closed","ping_status":"closed","sticky":false,"template":"","format":"standard","meta":[],"categories":[64],"tags":[399,405,104831,2054],"suno_strategy":[],"class_list":["post-113260","post","type-post","status-publish","format-standard","has-post-thumbnail","hentry","category-negocios","tag-btg-pactual-bpac11-bpac3-bpac5","tag-carrefour-crfb3","tag-destaques-de-empresas","tag-mrv-mrve3"],"yoast_head":"<!-- This site is optimized with the Yoast SEO plugin v24.4 - https:\/\/yoast.com\/wordpress\/plugins\/seo\/ -->\n<title>Destaques de Empresas: BTG (BPAC11), MRV (MRVE3) e SulAm\u00e9rica<\/title>\n<meta name=\"description\" content=\"Os destaques de empresas do Suno Not\u00edcias mostram os principais acontecimentos que prometem movimentar o mercado durante o dia. Clique aqui\" \/>\n<meta name=\"robots\" content=\"index, follow, max-snippet:-1, max-image-preview:large, max-video-preview:-1\" \/>\n<link rel=\"canonical\" href=\"https:\/\/www.suno.com.br\/noticias\/destaques-de-empresas-btg-bpac11-mrv-mrve3-sulamerica-sula11\/\" \/>\n<meta property=\"og:locale\" content=\"pt_BR\" \/>\n<meta property=\"og:type\" content=\"article\" \/>\n<meta property=\"og:title\" content=\"Destaques de Empresas: BTG (BPAC11), MRV (MRVE3) e SulAm\u00e9rica\" \/>\n<meta property=\"og:description\" content=\"Os destaques de empresas do Suno Not\u00edcias mostram os principais acontecimentos que prometem movimentar o mercado durante o dia. Clique aqui\" \/>\n<meta property=\"og:url\" content=\"https:\/\/www.suno.com.br\/noticias\/destaques-de-empresas-btg-bpac11-mrv-mrve3-sulamerica-sula11\/\" \/>\n<meta property=\"og:site_name\" content=\"Suno Not\u00edcias\" \/>\n<meta property=\"article:publisher\" content=\"https:\/\/facebook.com\/sunoresearch\" \/>\n<meta property=\"og:image\" content=\"https:\/\/files.sunoresearch.com.br\/n\/uploads\/2021\/01\/8ca12fa8-btg-pactual.jpg\" \/>\n\t<meta property=\"og:image:width\" content=\"634\" \/>\n\t<meta property=\"og:image:height\" content=\"386\" \/>\n\t<meta property=\"og:image:type\" content=\"image\/jpeg\" \/>\n<meta name=\"author\" content=\"Poliana Santos\" \/>\n<meta name=\"twitter:card\" content=\"summary_large_image\" \/>\n<meta name=\"twitter:creator\" content=\"@sunoresearch\" \/>\n<meta name=\"twitter:site\" content=\"@sunoresearch\" \/>\n<meta name=\"twitter:label1\" content=\"Escrito por\" \/>\n\t<meta name=\"twitter:data1\" content=\"Poliana Santos\" \/>\n\t<meta name=\"twitter:label2\" content=\"Est. tempo de leitura\" \/>\n\t<meta name=\"twitter:data2\" content=\"3 minutos\" \/>\n<script type=\"application\/ld+json\" class=\"yoast-schema-graph\">{\"@context\":\"https:\/\/schema.org\",\"@graph\":[{\"@type\":\"NewsArticle\",\"@id\":\"https:\/\/www.suno.com.br\/noticias\/destaques-de-empresas-btg-bpac11-mrv-mrve3-sulamerica-sula11\/#article\",\"isPartOf\":{\"@id\":\"https:\/\/www.suno.com.br\/noticias\/destaques-de-empresas-btg-bpac11-mrv-mrve3-sulamerica-sula11\/\"},\"author\":{\"name\":\"Poliana Santos\",\"@id\":\"https:\/\/www.suno.com.br\/noticias\/#\/schema\/person\/02ec1f752758247878a2bf4abee1aeda\"},\"headline\":\"Destaques de Empresas: BTG (BPAC11), MRV (MRVE3) e SulAm\u00e9rica (SULA11)\",\"datePublished\":\"2021-01-14T11:50:48+00:00\",\"mainEntityOfPage\":{\"@id\":\"https:\/\/www.suno.com.br\/noticias\/destaques-de-empresas-btg-bpac11-mrv-mrve3-sulamerica-sula11\/\"},\"wordCount\":541,\"publisher\":{\"@id\":\"https:\/\/www.suno.com.br\/noticias\/#organization\"},\"image\":{\"@id\":\"https:\/\/www.suno.com.br\/noticias\/destaques-de-empresas-btg-bpac11-mrv-mrve3-sulamerica-sula11\/#primaryimage\"},\"thumbnailUrl\":\"https:\/\/files.sunoresearch.com.br\/n\/uploads\/2021\/01\/8ca12fa8-btg-pactual-jpg.webp\",\"keywords\":[\"BTG Pactual (BPAC11\/BPAC3\/BPAC5)\",\"Carrefour (CRFB3)\",\"destaques de empresas\",\"MRV (MRVE3)\"],\"articleSection\":[\"Neg\u00f3cios\"],\"inLanguage\":\"pt-BR\"},{\"@type\":\"WebPage\",\"@id\":\"https:\/\/www.suno.com.br\/noticias\/destaques-de-empresas-btg-bpac11-mrv-mrve3-sulamerica-sula11\/\",\"url\":\"https:\/\/www.suno.com.br\/noticias\/destaques-de-empresas-btg-bpac11-mrv-mrve3-sulamerica-sula11\/\",\"name\":\"Destaques de Empresas: BTG (BPAC11), MRV (MRVE3) e SulAm\u00e9rica\",\"isPartOf\":{\"@id\":\"https:\/\/www.suno.com.br\/noticias\/#website\"},\"primaryImageOfPage\":{\"@id\":\"https:\/\/www.suno.com.br\/noticias\/destaques-de-empresas-btg-bpac11-mrv-mrve3-sulamerica-sula11\/#primaryimage\"},\"image\":{\"@id\":\"https:\/\/www.suno.com.br\/noticias\/destaques-de-empresas-btg-bpac11-mrv-mrve3-sulamerica-sula11\/#primaryimage\"},\"thumbnailUrl\":\"https:\/\/files.sunoresearch.com.br\/n\/uploads\/2021\/01\/8ca12fa8-btg-pactual-jpg.webp\",\"datePublished\":\"2021-01-14T11:50:48+00:00\",\"description\":\"Os destaques de empresas do Suno Not\u00edcias mostram os principais acontecimentos que prometem movimentar o mercado durante o dia. Clique aqui\",\"breadcrumb\":{\"@id\":\"https:\/\/www.suno.com.br\/noticias\/destaques-de-empresas-btg-bpac11-mrv-mrve3-sulamerica-sula11\/#breadcrumb\"},\"inLanguage\":\"pt-BR\",\"potentialAction\":[{\"@type\":\"ReadAction\",\"target\":[\"https:\/\/www.suno.com.br\/noticias\/destaques-de-empresas-btg-bpac11-mrv-mrve3-sulamerica-sula11\/\"]}]},{\"@type\":\"ImageObject\",\"inLanguage\":\"pt-BR\",\"@id\":\"https:\/\/www.suno.com.br\/noticias\/destaques-de-empresas-btg-bpac11-mrv-mrve3-sulamerica-sula11\/#primaryimage\",\"url\":\"https:\/\/files.sunoresearch.com.br\/n\/uploads\/2021\/01\/8ca12fa8-btg-pactual-jpg.webp\",\"contentUrl\":\"https:\/\/files.sunoresearch.com.br\/n\/uploads\/2021\/01\/8ca12fa8-btg-pactual-jpg.webp\",\"width\":634,\"height\":386,\"caption\":\"Destaques de Empresas: BTG (BPAC11), MRV (MRVE3) e SulAm\u00e9rica (SULA11)\"},{\"@type\":\"BreadcrumbList\",\"@id\":\"https:\/\/www.suno.com.br\/noticias\/destaques-de-empresas-btg-bpac11-mrv-mrve3-sulamerica-sula11\/#breadcrumb\",\"itemListElement\":[{\"@type\":\"ListItem\",\"position\":1,\"name\":\"Not\u00edcias\",\"item\":\"https:\/\/www.suno.com.br\/noticias\/\"},{\"@type\":\"ListItem\",\"position\":2,\"name\":\"Neg\u00f3cios\",\"item\":\"https:\/\/www.suno.com.br\/noticias\/negocios\/\"},{\"@type\":\"ListItem\",\"position\":3,\"name\":\"Destaques de Empresas: BTG (BPAC11), MRV (MRVE3) e SulAm\u00e9rica (SULA11)\"}]},{\"@type\":\"WebSite\",\"@id\":\"https:\/\/www.suno.com.br\/noticias\/#website\",\"url\":\"https:\/\/www.suno.com.br\/noticias\/\",\"name\":\"Suno Not\u00edcias\",\"description\":\"Seu portal de informa\u00e7\u00e3o sobre o mundo dos investimentos\",\"publisher\":{\"@id\":\"https:\/\/www.suno.com.br\/noticias\/#organization\"},\"potentialAction\":[{\"@type\":\"SearchAction\",\"target\":{\"@type\":\"EntryPoint\",\"urlTemplate\":\"https:\/\/www.suno.com.br\/noticias\/?s={search_term_string}\"},\"query-input\":{\"@type\":\"PropertyValueSpecification\",\"valueRequired\":true,\"valueName\":\"search_term_string\"}}],\"inLanguage\":\"pt-BR\"},{\"@type\":\"Organization\",\"@id\":\"https:\/\/www.suno.com.br\/noticias\/#organization\",\"name\":\"Suno Not\u00edcias\",\"url\":\"https:\/\/www.suno.com.br\/noticias\/\",\"logo\":{\"@type\":\"ImageObject\",\"inLanguage\":\"pt-BR\",\"@id\":\"https:\/\/www.suno.com.br\/noticias\/#\/schema\/logo\/image\/\",\"url\":\"https:\/\/files.sunoresearch.com.br\/n\/uploads\/2021\/09\/suno-logo.png\",\"contentUrl\":\"https:\/\/files.sunoresearch.com.br\/n\/uploads\/2021\/09\/suno-logo.png\",\"width\":180,\"height\":180,\"caption\":\"Suno Not\u00edcias\"},\"image\":{\"@id\":\"https:\/\/www.suno.com.br\/noticias\/#\/schema\/logo\/image\/\"},\"sameAs\":[\"https:\/\/facebook.com\/sunoresearch\",\"https:\/\/x.com\/sunoresearch\",\"https:\/\/www.instagram.com\/suno\",\"https:\/\/www.linkedin.com\/company\/suno-research\/\",\"https:\/\/www.youtube.com\/c\/sunoresearch\"]},{\"@type\":\"Person\",\"@id\":\"https:\/\/www.suno.com.br\/noticias\/#\/schema\/person\/02ec1f752758247878a2bf4abee1aeda\",\"name\":\"Poliana Santos\",\"image\":{\"@type\":\"ImageObject\",\"inLanguage\":\"pt-BR\",\"@id\":\"https:\/\/www.suno.com.br\/noticias\/#\/schema\/person\/image\/\",\"url\":\"https:\/\/secure.gravatar.com\/avatar\/0645bd32f23d87b2130f2b2dff1d3f8d?s=96&r=g\",\"contentUrl\":\"https:\/\/secure.gravatar.com\/avatar\/0645bd32f23d87b2130f2b2dff1d3f8d?s=96&r=g\",\"caption\":\"Poliana Santos\"},\"description\":\"Rep\u00f3rter no Suno Not\u00edcias, com cobertura em mercado financeiro, economia, finan\u00e7as pessoais, renda fixa e varejo. Jornalista formada pela Faculdade C\u00e1sper L\u00edbero e possui passagem na R\u00e1dio Gazeta AM com a produ\u00e7\u00e3o de conte\u00fado sobre economia, pol\u00edtica, sa\u00fade, moda e m\u00fasica. Possui certificado de conclus\u00e3o do curso de An\u00e1lise de Balan\u00e7os pela Funda\u00e7\u00e3o Bradesco, Agenda Brasil pela FAAP, Educa\u00e7\u00e3o Pol\u00edtica por Alexandre Garcia e do Tesouro Direto e Mercado de A\u00e7\u00f5es pela B3.\",\"url\":\"https:\/\/www.suno.com.br\/noticias\/author\/poliana-santos\/\"}]}<\/script>\n<!-- \/ Yoast SEO plugin. -->","yoast_head_json":{"title":"Destaques de Empresas: BTG (BPAC11), MRV (MRVE3) e SulAm\u00e9rica","description":"Os destaques de empresas do Suno Not\u00edcias mostram os principais acontecimentos que prometem movimentar o mercado durante o dia. Clique aqui","robots":{"index":"index","follow":"follow","max-snippet":"max-snippet:-1","max-image-preview":"max-image-preview:large","max-video-preview":"max-video-preview:-1"},"canonical":"https:\/\/www.suno.com.br\/noticias\/destaques-de-empresas-btg-bpac11-mrv-mrve3-sulamerica-sula11\/","og_locale":"pt_BR","og_type":"article","og_title":"Destaques de Empresas: BTG (BPAC11), MRV (MRVE3) e SulAm\u00e9rica","og_description":"Os destaques de empresas do Suno Not\u00edcias mostram os principais acontecimentos que prometem movimentar o mercado durante o dia. Clique aqui","og_url":"https:\/\/www.suno.com.br\/noticias\/destaques-de-empresas-btg-bpac11-mrv-mrve3-sulamerica-sula11\/","og_site_name":"Suno Not\u00edcias","article_publisher":"https:\/\/facebook.com\/sunoresearch","og_image":[{"width":634,"height":386,"url":"https:\/\/files.sunoresearch.com.br\/n\/uploads\/2021\/01\/8ca12fa8-btg-pactual.jpg","type":"image\/jpeg"}],"author":"Poliana Santos","twitter_card":"summary_large_image","twitter_creator":"@sunoresearch","twitter_site":"@sunoresearch","twitter_misc":{"Escrito por":"Poliana Santos","Est. tempo de leitura":"3 minutos"},"schema":{"@context":"https:\/\/schema.org","@graph":[{"@type":"NewsArticle","@id":"https:\/\/www.suno.com.br\/noticias\/destaques-de-empresas-btg-bpac11-mrv-mrve3-sulamerica-sula11\/#article","isPartOf":{"@id":"https:\/\/www.suno.com.br\/noticias\/destaques-de-empresas-btg-bpac11-mrv-mrve3-sulamerica-sula11\/"},"author":{"name":"Poliana Santos","@id":"https:\/\/www.suno.com.br\/noticias\/#\/schema\/person\/02ec1f752758247878a2bf4abee1aeda"},"headline":"Destaques de Empresas: BTG (BPAC11), MRV (MRVE3) e SulAm\u00e9rica (SULA11)","datePublished":"2021-01-14T11:50:48+00:00","mainEntityOfPage":{"@id":"https:\/\/www.suno.com.br\/noticias\/destaques-de-empresas-btg-bpac11-mrv-mrve3-sulamerica-sula11\/"},"wordCount":541,"publisher":{"@id":"https:\/\/www.suno.com.br\/noticias\/#organization"},"image":{"@id":"https:\/\/www.suno.com.br\/noticias\/destaques-de-empresas-btg-bpac11-mrv-mrve3-sulamerica-sula11\/#primaryimage"},"thumbnailUrl":"https:\/\/files.sunoresearch.com.br\/n\/uploads\/2021\/01\/8ca12fa8-btg-pactual-jpg.webp","keywords":["BTG Pactual (BPAC11\/BPAC3\/BPAC5)","Carrefour (CRFB3)","destaques de empresas","MRV (MRVE3)"],"articleSection":["Neg\u00f3cios"],"inLanguage":"pt-BR"},{"@type":"WebPage","@id":"https:\/\/www.suno.com.br\/noticias\/destaques-de-empresas-btg-bpac11-mrv-mrve3-sulamerica-sula11\/","url":"https:\/\/www.suno.com.br\/noticias\/destaques-de-empresas-btg-bpac11-mrv-mrve3-sulamerica-sula11\/","name":"Destaques de Empresas: BTG (BPAC11), MRV (MRVE3) e SulAm\u00e9rica","isPartOf":{"@id":"https:\/\/www.suno.com.br\/noticias\/#website"},"primaryImageOfPage":{"@id":"https:\/\/www.suno.com.br\/noticias\/destaques-de-empresas-btg-bpac11-mrv-mrve3-sulamerica-sula11\/#primaryimage"},"image":{"@id":"https:\/\/www.suno.com.br\/noticias\/destaques-de-empresas-btg-bpac11-mrv-mrve3-sulamerica-sula11\/#primaryimage"},"thumbnailUrl":"https:\/\/files.sunoresearch.com.br\/n\/uploads\/2021\/01\/8ca12fa8-btg-pactual-jpg.webp","datePublished":"2021-01-14T11:50:48+00:00","description":"Os destaques de empresas do Suno Not\u00edcias mostram os principais acontecimentos que prometem movimentar o mercado durante o dia. Clique aqui","breadcrumb":{"@id":"https:\/\/www.suno.com.br\/noticias\/destaques-de-empresas-btg-bpac11-mrv-mrve3-sulamerica-sula11\/#breadcrumb"},"inLanguage":"pt-BR","potentialAction":[{"@type":"ReadAction","target":["https:\/\/www.suno.com.br\/noticias\/destaques-de-empresas-btg-bpac11-mrv-mrve3-sulamerica-sula11\/"]}]},{"@type":"ImageObject","inLanguage":"pt-BR","@id":"https:\/\/www.suno.com.br\/noticias\/destaques-de-empresas-btg-bpac11-mrv-mrve3-sulamerica-sula11\/#primaryimage","url":"https:\/\/files.sunoresearch.com.br\/n\/uploads\/2021\/01\/8ca12fa8-btg-pactual-jpg.webp","contentUrl":"https:\/\/files.sunoresearch.com.br\/n\/uploads\/2021\/01\/8ca12fa8-btg-pactual-jpg.webp","width":634,"height":386,"caption":"Destaques de Empresas: BTG (BPAC11), MRV (MRVE3) e SulAm\u00e9rica (SULA11)"},{"@type":"BreadcrumbList","@id":"https:\/\/www.suno.com.br\/noticias\/destaques-de-empresas-btg-bpac11-mrv-mrve3-sulamerica-sula11\/#breadcrumb","itemListElement":[{"@type":"ListItem","position":1,"name":"Not\u00edcias","item":"https:\/\/www.suno.com.br\/noticias\/"},{"@type":"ListItem","position":2,"name":"Neg\u00f3cios","item":"https:\/\/www.suno.com.br\/noticias\/negocios\/"},{"@type":"ListItem","position":3,"name":"Destaques de Empresas: BTG (BPAC11), MRV (MRVE3) e SulAm\u00e9rica (SULA11)"}]},{"@type":"WebSite","@id":"https:\/\/www.suno.com.br\/noticias\/#website","url":"https:\/\/www.suno.com.br\/noticias\/","name":"Suno Not\u00edcias","description":"Seu portal de informa\u00e7\u00e3o sobre o mundo dos investimentos","publisher":{"@id":"https:\/\/www.suno.com.br\/noticias\/#organization"},"potentialAction":[{"@type":"SearchAction","target":{"@type":"EntryPoint","urlTemplate":"https:\/\/www.suno.com.br\/noticias\/?s={search_term_string}"},"query-input":{"@type":"PropertyValueSpecification","valueRequired":true,"valueName":"search_term_string"}}],"inLanguage":"pt-BR"},{"@type":"Organization","@id":"https:\/\/www.suno.com.br\/noticias\/#organization","name":"Suno Not\u00edcias","url":"https:\/\/www.suno.com.br\/noticias\/","logo":{"@type":"ImageObject","inLanguage":"pt-BR","@id":"https:\/\/www.suno.com.br\/noticias\/#\/schema\/logo\/image\/","url":"https:\/\/files.sunoresearch.com.br\/n\/uploads\/2021\/09\/suno-logo.png","contentUrl":"https:\/\/files.sunoresearch.com.br\/n\/uploads\/2021\/09\/suno-logo.png","width":180,"height":180,"caption":"Suno Not\u00edcias"},"image":{"@id":"https:\/\/www.suno.com.br\/noticias\/#\/schema\/logo\/image\/"},"sameAs":["https:\/\/facebook.com\/sunoresearch","https:\/\/x.com\/sunoresearch","https:\/\/www.instagram.com\/suno","https:\/\/www.linkedin.com\/company\/suno-research\/","https:\/\/www.youtube.com\/c\/sunoresearch"]},{"@type":"Person","@id":"https:\/\/www.suno.com.br\/noticias\/#\/schema\/person\/02ec1f752758247878a2bf4abee1aeda","name":"Poliana Santos","image":{"@type":"ImageObject","inLanguage":"pt-BR","@id":"https:\/\/www.suno.com.br\/noticias\/#\/schema\/person\/image\/","url":"https:\/\/secure.gravatar.com\/avatar\/0645bd32f23d87b2130f2b2dff1d3f8d?s=96&r=g","contentUrl":"https:\/\/secure.gravatar.com\/avatar\/0645bd32f23d87b2130f2b2dff1d3f8d?s=96&r=g","caption":"Poliana Santos"},"description":"Rep\u00f3rter no Suno Not\u00edcias, com cobertura em mercado financeiro, economia, finan\u00e7as pessoais, renda fixa e varejo. Jornalista formada pela Faculdade C\u00e1sper L\u00edbero e possui passagem na R\u00e1dio Gazeta AM com a produ\u00e7\u00e3o de conte\u00fado sobre economia, pol\u00edtica, sa\u00fade, moda e m\u00fasica. Possui certificado de conclus\u00e3o do curso de An\u00e1lise de Balan\u00e7os pela Funda\u00e7\u00e3o Bradesco, Agenda Brasil pela FAAP, Educa\u00e7\u00e3o Pol\u00edtica por Alexandre Garcia e do Tesouro Direto e Mercado de A\u00e7\u00f5es pela B3.","url":"https:\/\/www.suno.com.br\/noticias\/author\/poliana-santos\/"}]}},"default_loop_html":"<div class=\"cardsPage__listCard__boxs\"><div class=\"cardsPage__listCard__boxs__img\"><a href=\"https:\/\/www.suno.com.br\/noticias\/destaques-de-empresas-btg-bpac11-mrv-mrve3-sulamerica-sula11\/\"><img class=\"mask\" src=\"https:\/\/www.suno.com.br\/noticias\/wp-content\/themes\/suno\/resources\/images\/spotlight\/spotlight1img\/bg-mask.png\" alt=\"Image Mask\"\/><img src=\"https:\/\/files.sunoresearch.com.br\/n\/uploads\/2021\/01\/8ca12fa8-btg-pactual-400x200.webp\" alt=\"Destaques de Empresas: BTG (BPAC11), MRV (MRVE3) e SulAm\u00e9rica (SULA11)\"\/><\/a><span class=\"spotlightCategory\"><a href=\"https:\/\/www.suno.com.br\/noticias\/negocios\/\">Neg\u00f3cios<\/a><\/span><\/div><div class=\"cardsPage__listCard__boxs__content\"><a href=\"https:\/\/www.suno.com.br\/noticias\/destaques-de-empresas-btg-bpac11-mrv-mrve3-sulamerica-sula11\/\"><h2 class=\"content__title\">Destaques de Empresas: BTG (BPAC11), MRV (MRVE3) e SulAm\u00e9rica (SULA11)<\/h2><\/a><div class=\"newsContent__article__meta\"><div class=\"newsContent__article__meta__authorBox\"><a href=\"https:\/\/www.suno.com.br\/noticias\/author\/poliana-santos\/\" class=\"authorBox__avatar noMobi\"><img src=\"https:\/\/files.sunoresearch.com.br\/n\/uploads\/2020\/08\/7ef34026-whatsapp-image-2020-08-03-at-12.37.57-150x150.webp\" alt=\"Poliana Santos\"><\/a><div class=\"authorBox__name\"><span>por\n\t\t\t<a href=\"https:\/\/www.suno.com.br\/noticias\/author\/poliana-santos\/\"><span itemprop=\"author\">Poliana Santos<\/span><\/a><\/span><time datetime=\"2021-01-14T08:50:48-03:00\" itemprop=\"datePublished\">14\/01\/2021 08:50<\/time><\/div><\/div><\/div><\/div><\/div>","single_layout":"posts","amp_enabled":true,"_links":{"self":[{"href":"https:\/\/www.suno.com.br\/noticias\/wp-json\/wp\/v2\/posts\/113260"}],"collection":[{"href":"https:\/\/www.suno.com.br\/noticias\/wp-json\/wp\/v2\/posts"}],"about":[{"href":"https:\/\/www.suno.com.br\/noticias\/wp-json\/wp\/v2\/types\/post"}],"author":[{"embeddable":true,"href":"https:\/\/www.suno.com.br\/noticias\/wp-json\/wp\/v2\/users\/15"}],"replies":[{"embeddable":true,"href":"https:\/\/www.suno.com.br\/noticias\/wp-json\/wp\/v2\/comments?post=113260"}],"version-history":[{"count":0,"href":"https:\/\/www.suno.com.br\/noticias\/wp-json\/wp\/v2\/posts\/113260\/revisions"}],"wp:featuredmedia":[{"embeddable":true,"href":"https:\/\/www.suno.com.br\/noticias\/wp-json\/wp\/v2\/media\/113275"}],"wp:attachment":[{"href":"https:\/\/www.suno.com.br\/noticias\/wp-json\/wp\/v2\/media?parent=113260"}],"wp:term":[{"taxonomy":"category","embeddable":true,"href":"https:\/\/www.suno.com.br\/noticias\/wp-json\/wp\/v2\/categories?post=113260"},{"taxonomy":"post_tag","embeddable":true,"href":"https:\/\/www.suno.com.br\/noticias\/wp-json\/wp\/v2\/tags?post=113260"},{"taxonomy":"suno_strategy","embeddable":true,"href":"https:\/\/www.suno.com.br\/noticias\/wp-json\/wp\/v2\/suno_strategy?post=113260"}],"curies":[{"name":"wp","href":"https:\/\/api.w.org\/{rel}","templated":true}]}}