{"id":11324,"date":"2019-01-11T15:45:53","date_gmt":"2019-01-11T17:45:53","guid":{"rendered":"https:\/\/www.suno.com.br\/noticias\/?p=11324"},"modified":"2019-01-11T15:45:53","modified_gmt":"2019-01-11T17:45:53","slug":"exportacoes-brasileiras-calcados-caem-10","status":"publish","type":"post","link":"https:\/\/www.suno.com.br\/noticias\/exportacoes-brasileiras-calcados-caem-10\/","title":{"rendered":"Exporta\u00e7\u00f5es brasileiras de cal\u00e7ados caem mais de 10%"},"content":{"rendered":"<p>As exporta\u00e7\u00f5es de cal\u00e7ados ca\u00edram mais de 10% em 2018.\u00a0As informa\u00e7\u00f5es s\u00e3o da Associa\u00e7\u00e3o Brasileira das Ind\u00fastrias de Cal\u00e7ados (Abical\u00e7ados).<\/p>\t<div class=\"wrapper-featured-image\">\n\t\t<figure class=\"spotlightImg\">\n\n\t\t\t<picture>\n\t\t\t\t<source media=\"(max-width: 768px)\" srcset=\"https:\/\/files.sunoresearch.com.br\/n\/uploads\/2018\/12\/d3785640-exportacao-400x200.webp\">\n\t\t\t\t<img loading=\"lazy\" decoding=\"async\" class=\"newsContent__article__imgCapa lazyloadDisabled newsContent__article__imgCapa--noCaption\" src=\"https:\/\/files.sunoresearch.com.br\/n\/uploads\/2018\/12\/d3785640-exportacao-800x450.webp\" width=\"800\" height=\"450\" alt=\"Exporta\u00e7\u00f5es brasileiras de cal\u00e7ados caem mais de 10%\" fetchpriority=high \/>\n\t\t\t<\/picture>\n\n\t\t\t<figcaption class=\"wp-caption-text wp-caption-text--hide\">Balan\u00e7a comercial tem d\u00e9ficit de US$ 701 mi na terceira semana de maio<\/figcaption>\n\t\t<\/figure>\n\t<\/div>\n\n\n<p>De acordo com a <strong>Abical\u00e7ados<\/strong>, as <strong>exporta\u00e7\u00f5es<\/strong> sofreram uma queda de 10,8% em volume e 10,5% em receita frente a 2017.<\/p>\n<p><a href=\"https:\/\/www.suno.com.br\/noticias\/secex-exportacoes-soja-brasil-recorde\/\">Saiba mais: Secex: exporta\u00e7\u00f5es de soja Brasil atingem recorde em 2018<\/a><\/p>\n<p>Em dezembro, as <strong>exporta\u00e7\u00f5es<\/strong> somaram 13 milh\u00f5es de pares e US$ 97,6 milh\u00f5es. Um recuo de 24,3% em volume e 16,5% em receita ante o mesmo m\u00eas de 2017.<\/p>\n<p>Entre os estados, o Rio Grande do Sul liderou as exporta\u00e7\u00f5es em receita, com envio de 27,18 milh\u00f5es de pares somando US$ 428 milh\u00f5es. No entanto, o estado tamb\u00e9m enfrentou quedas de 3,4% em volume e de 5,2% em receita. O desempenho \u00e9 menor do que o registrado em n\u00edvel nacional.<\/p>\n<p>Por outro lado, o Cear\u00e1 obteve o maior volume com 40,9 milh\u00f5es de pares, negociados a US$ 248,8 milh\u00f5es. Mesmo assim, a produ\u00e7\u00e3o cearense enfrentou um recuo de 18% em pares e 14% em receita.<\/p>\n<h2>Compradores<\/h2>\n<p>Os <strong>Estados Unidos<\/strong> foram os maiores compradores do cal\u00e7ado brasileiro. Os pares chegaram a 10,76 milh\u00f5es com total de US$ 166,78 milh\u00f5es, quedas de 5% em pares e de 12,2% em d\u00f3lares em rela\u00e7\u00e3o a 2017.<\/p>\n<p>Apesar da queda no acumulado do ano, o m\u00eas de dezembro registrou melhora de 51% em volume e 26,8% em receita, importando 2,17 milh\u00f5es de pares por US$ 25 milh\u00f5es.<\/p>\n<p>Em segundo lugar entre os maiores exportadores est\u00e1 a <a href=\"https:\/\/www.suno.com.br\/noticias\/argentina-exportacoes-imposto-crise\/\"><strong>Argentina<\/strong><\/a>, que fechou o ano comprando 11,8 milh\u00f5es de pares por US$ 139,38 milh\u00f5es, eleva\u00e7\u00e3o de 2% em volume e recuo de 5,2% em receita.<\/p>\n<h2>Fatores que contribu\u00edram para a queda<\/h2>\n<p>De acordo com o presidente da\u00a0<strong>Abical\u00e7ados<\/strong>, Heitor Klein, a queda das exporta\u00e7\u00f5es foram provocadas pelo per\u00edodo de incertezas pol\u00edticas, que geraram oscila\u00e7\u00f5es no c\u00e2mbio.\u00a0 Al\u00e9m disso, o aumento dos juros nos <a href=\"https:\/\/www.suno.com.br\/noticias\/fed-incertezas-taxa-juros-eua\/\"><strong>Estados Unidos<\/strong><\/a> e a <strong>greve dos caminhoneiros<\/strong> tamb\u00e9m afetaram as <strong>exporta\u00e7\u00f5es<\/strong>. Contudo, Klein projeta melhoras para 2019. &#8220;A partir deste ano, com um ambiente mais seguro para os agentes de <strong>exporta\u00e7\u00e3o<\/strong>, devemos obter incrementos&#8221;, projeta Klein.<\/p>\n","protected":false},"excerpt":{"rendered":"<p>As exporta\u00e7\u00f5es de cal\u00e7ados ca\u00edram mais de 10% em 2018.\u00a0As informa\u00e7\u00f5es s\u00e3o da Associa\u00e7\u00e3o Brasileira das Ind\u00fastrias de Cal\u00e7ados (Abical\u00e7ados). Balan\u00e7a comercial tem d\u00e9ficit de US$ 701 mi na terceira semana de maio De acordo com a Abical\u00e7ados, as exporta\u00e7\u00f5es sofreram uma queda de 10,8% em volume e 10,5% em receita frente a 2017. Saiba [&hellip;]<\/p>\n","protected":false},"author":14,"featured_media":7709,"comment_status":"closed","ping_status":"closed","sticky":false,"template":"","format":"standard","meta":[],"categories":[62],"tags":[699,793,707],"suno_strategy":[],"class_list":["post-11324","post","type-post","status-publish","format-standard","has-post-thumbnail","hentry","category-economia","tag-argentina","tag-estados-unidos-eua","tag-exportacoes"],"yoast_head":"<!-- This site is optimized with the Yoast SEO plugin v24.4 - https:\/\/yoast.com\/wordpress\/plugins\/seo\/ -->\n<title>Exporta\u00e7\u00f5es brasileiras de cal\u00e7ados caem mais de 10%<\/title>\n<meta name=\"description\" content=\"Entre os estados, o Rio Grande do Sul liderou as exporta\u00e7\u00f5es em receita, com envio de 27,18 milh\u00f5es de pares. Clique para saber mais.\" \/>\n<meta name=\"robots\" content=\"index, follow, max-snippet:-1, max-image-preview:large, max-video-preview:-1\" \/>\n<link rel=\"canonical\" href=\"https:\/\/www.suno.com.br\/noticias\/exportacoes-brasileiras-calcados-caem-10\/\" \/>\n<meta property=\"og:locale\" content=\"pt_BR\" \/>\n<meta property=\"og:type\" content=\"article\" \/>\n<meta property=\"og:title\" content=\"Exporta\u00e7\u00f5es brasileiras de cal\u00e7ados caem mais de 10%\" \/>\n<meta property=\"og:description\" content=\"Entre os estados, o Rio Grande do Sul liderou as exporta\u00e7\u00f5es em receita, com envio de 27,18 milh\u00f5es de pares. Clique para saber mais.\" \/>\n<meta property=\"og:url\" content=\"https:\/\/www.suno.com.br\/noticias\/exportacoes-brasileiras-calcados-caem-10\/\" \/>\n<meta property=\"og:site_name\" content=\"Suno Not\u00edcias\" \/>\n<meta property=\"article:publisher\" content=\"https:\/\/facebook.com\/sunoresearch\" \/>\n<meta property=\"og:image\" content=\"https:\/\/files.sunoresearch.com.br\/n\/uploads\/2018\/12\/d3785640-exportacao.jpg\" \/>\n\t<meta property=\"og:image:width\" content=\"960\" \/>\n\t<meta property=\"og:image:height\" content=\"609\" \/>\n\t<meta property=\"og:image:type\" content=\"image\/jpeg\" \/>\n<meta name=\"author\" content=\"Renan Dantas\" \/>\n<meta name=\"twitter:card\" content=\"summary_large_image\" \/>\n<meta name=\"twitter:creator\" content=\"@sunoresearch\" \/>\n<meta name=\"twitter:site\" content=\"@sunoresearch\" \/>\n<meta name=\"twitter:label1\" content=\"Escrito por\" \/>\n\t<meta name=\"twitter:data1\" content=\"Renan Dantas\" \/>\n\t<meta name=\"twitter:label2\" content=\"Est. tempo de leitura\" \/>\n\t<meta name=\"twitter:data2\" content=\"2 minutos\" \/>\n<script type=\"application\/ld+json\" class=\"yoast-schema-graph\">{\"@context\":\"https:\/\/schema.org\",\"@graph\":[{\"@type\":\"NewsArticle\",\"@id\":\"https:\/\/www.suno.com.br\/noticias\/exportacoes-brasileiras-calcados-caem-10\/#article\",\"isPartOf\":{\"@id\":\"https:\/\/www.suno.com.br\/noticias\/exportacoes-brasileiras-calcados-caem-10\/\"},\"author\":{\"name\":\"Renan Dantas\",\"@id\":\"https:\/\/www.suno.com.br\/noticias\/#\/schema\/person\/3f7693d5795a3f6d5ce15309ee785699\"},\"headline\":\"Exporta\u00e7\u00f5es brasileiras de cal\u00e7ados caem mais de 10%\",\"datePublished\":\"2019-01-11T17:45:53+00:00\",\"mainEntityOfPage\":{\"@id\":\"https:\/\/www.suno.com.br\/noticias\/exportacoes-brasileiras-calcados-caem-10\/\"},\"wordCount\":364,\"publisher\":{\"@id\":\"https:\/\/www.suno.com.br\/noticias\/#organization\"},\"image\":{\"@id\":\"https:\/\/www.suno.com.br\/noticias\/exportacoes-brasileiras-calcados-caem-10\/#primaryimage\"},\"thumbnailUrl\":\"https:\/\/files.sunoresearch.com.br\/n\/uploads\/2018\/12\/d3785640-exportacao-jpg.webp\",\"keywords\":[\"Argentina\",\"Estados Unidos (EUA)\",\"exporta\u00e7\u00f5es\"],\"articleSection\":[\"Economia\"],\"inLanguage\":\"pt-BR\"},{\"@type\":\"WebPage\",\"@id\":\"https:\/\/www.suno.com.br\/noticias\/exportacoes-brasileiras-calcados-caem-10\/\",\"url\":\"https:\/\/www.suno.com.br\/noticias\/exportacoes-brasileiras-calcados-caem-10\/\",\"name\":\"Exporta\u00e7\u00f5es brasileiras de cal\u00e7ados caem mais de 10%\",\"isPartOf\":{\"@id\":\"https:\/\/www.suno.com.br\/noticias\/#website\"},\"primaryImageOfPage\":{\"@id\":\"https:\/\/www.suno.com.br\/noticias\/exportacoes-brasileiras-calcados-caem-10\/#primaryimage\"},\"image\":{\"@id\":\"https:\/\/www.suno.com.br\/noticias\/exportacoes-brasileiras-calcados-caem-10\/#primaryimage\"},\"thumbnailUrl\":\"https:\/\/files.sunoresearch.com.br\/n\/uploads\/2018\/12\/d3785640-exportacao-jpg.webp\",\"datePublished\":\"2019-01-11T17:45:53+00:00\",\"description\":\"Entre os estados, o Rio Grande do Sul liderou as exporta\u00e7\u00f5es em receita, com envio de 27,18 milh\u00f5es de pares. Clique para saber mais.\",\"breadcrumb\":{\"@id\":\"https:\/\/www.suno.com.br\/noticias\/exportacoes-brasileiras-calcados-caem-10\/#breadcrumb\"},\"inLanguage\":\"pt-BR\",\"potentialAction\":[{\"@type\":\"ReadAction\",\"target\":[\"https:\/\/www.suno.com.br\/noticias\/exportacoes-brasileiras-calcados-caem-10\/\"]}]},{\"@type\":\"ImageObject\",\"inLanguage\":\"pt-BR\",\"@id\":\"https:\/\/www.suno.com.br\/noticias\/exportacoes-brasileiras-calcados-caem-10\/#primaryimage\",\"url\":\"https:\/\/files.sunoresearch.com.br\/n\/uploads\/2018\/12\/d3785640-exportacao-jpg.webp\",\"contentUrl\":\"https:\/\/files.sunoresearch.com.br\/n\/uploads\/2018\/12\/d3785640-exportacao-jpg.webp\",\"width\":960,\"height\":609,\"caption\":\"Balan\u00e7a comercial tem d\u00e9ficit de US$ 701 mi na terceira semana de maio\"},{\"@type\":\"BreadcrumbList\",\"@id\":\"https:\/\/www.suno.com.br\/noticias\/exportacoes-brasileiras-calcados-caem-10\/#breadcrumb\",\"itemListElement\":[{\"@type\":\"ListItem\",\"position\":1,\"name\":\"Not\u00edcias\",\"item\":\"https:\/\/www.suno.com.br\/noticias\/\"},{\"@type\":\"ListItem\",\"position\":2,\"name\":\"Economia\",\"item\":\"https:\/\/www.suno.com.br\/noticias\/economia\/\"},{\"@type\":\"ListItem\",\"position\":3,\"name\":\"Exporta\u00e7\u00f5es brasileiras de cal\u00e7ados caem mais de 10%\"}]},{\"@type\":\"WebSite\",\"@id\":\"https:\/\/www.suno.com.br\/noticias\/#website\",\"url\":\"https:\/\/www.suno.com.br\/noticias\/\",\"name\":\"Suno Not\u00edcias\",\"description\":\"Seu portal de informa\u00e7\u00e3o sobre o mundo dos investimentos\",\"publisher\":{\"@id\":\"https:\/\/www.suno.com.br\/noticias\/#organization\"},\"potentialAction\":[{\"@type\":\"SearchAction\",\"target\":{\"@type\":\"EntryPoint\",\"urlTemplate\":\"https:\/\/www.suno.com.br\/noticias\/?s={search_term_string}\"},\"query-input\":{\"@type\":\"PropertyValueSpecification\",\"valueRequired\":true,\"valueName\":\"search_term_string\"}}],\"inLanguage\":\"pt-BR\"},{\"@type\":\"Organization\",\"@id\":\"https:\/\/www.suno.com.br\/noticias\/#organization\",\"name\":\"Suno Not\u00edcias\",\"url\":\"https:\/\/www.suno.com.br\/noticias\/\",\"logo\":{\"@type\":\"ImageObject\",\"inLanguage\":\"pt-BR\",\"@id\":\"https:\/\/www.suno.com.br\/noticias\/#\/schema\/logo\/image\/\",\"url\":\"https:\/\/files.sunoresearch.com.br\/n\/uploads\/2021\/09\/suno-logo.png\",\"contentUrl\":\"https:\/\/files.sunoresearch.com.br\/n\/uploads\/2021\/09\/suno-logo.png\",\"width\":180,\"height\":180,\"caption\":\"Suno Not\u00edcias\"},\"image\":{\"@id\":\"https:\/\/www.suno.com.br\/noticias\/#\/schema\/logo\/image\/\"},\"sameAs\":[\"https:\/\/facebook.com\/sunoresearch\",\"https:\/\/x.com\/sunoresearch\",\"https:\/\/www.instagram.com\/suno\",\"https:\/\/www.linkedin.com\/company\/suno-research\/\",\"https:\/\/www.youtube.com\/c\/sunoresearch\"]},{\"@type\":\"Person\",\"@id\":\"https:\/\/www.suno.com.br\/noticias\/#\/schema\/person\/3f7693d5795a3f6d5ce15309ee785699\",\"name\":\"Renan Dantas\",\"image\":{\"@type\":\"ImageObject\",\"inLanguage\":\"pt-BR\",\"@id\":\"https:\/\/www.suno.com.br\/noticias\/#\/schema\/person\/image\/\",\"url\":\"https:\/\/secure.gravatar.com\/avatar\/1787b83e7484a08e51d62ac8b41c8396?s=96&r=g\",\"contentUrl\":\"https:\/\/secure.gravatar.com\/avatar\/1787b83e7484a08e51d62ac8b41c8396?s=96&r=g\",\"caption\":\"Renan Dantas\"},\"description\":\"Escreve sobre pol\u00edtica e mercado financeiro para o portal Suno Not\u00edcias. Antes, atuou na assessoria de comunica\u00e7\u00e3o do Minist\u00e9rio P\u00fablico do Trabalho e na R\u00e1dio Mackenzie, onde apresentava e produzia um programa sobre artistas da m\u00fasica brasileira. \u00c9 estudante na Universidade Presbiteriana Mackenzie.\",\"url\":\"https:\/\/www.suno.com.br\/noticias\/author\/renan-dantas\/\"}]}<\/script>\n<!-- \/ Yoast SEO plugin. -->","yoast_head_json":{"title":"Exporta\u00e7\u00f5es brasileiras de cal\u00e7ados caem mais de 10%","description":"Entre os estados, o Rio Grande do Sul liderou as exporta\u00e7\u00f5es em receita, com envio de 27,18 milh\u00f5es de pares. Clique para saber mais.","robots":{"index":"index","follow":"follow","max-snippet":"max-snippet:-1","max-image-preview":"max-image-preview:large","max-video-preview":"max-video-preview:-1"},"canonical":"https:\/\/www.suno.com.br\/noticias\/exportacoes-brasileiras-calcados-caem-10\/","og_locale":"pt_BR","og_type":"article","og_title":"Exporta\u00e7\u00f5es brasileiras de cal\u00e7ados caem mais de 10%","og_description":"Entre os estados, o Rio Grande do Sul liderou as exporta\u00e7\u00f5es em receita, com envio de 27,18 milh\u00f5es de pares. Clique para saber mais.","og_url":"https:\/\/www.suno.com.br\/noticias\/exportacoes-brasileiras-calcados-caem-10\/","og_site_name":"Suno Not\u00edcias","article_publisher":"https:\/\/facebook.com\/sunoresearch","og_image":[{"width":960,"height":609,"url":"https:\/\/files.sunoresearch.com.br\/n\/uploads\/2018\/12\/d3785640-exportacao.jpg","type":"image\/jpeg"}],"author":"Renan Dantas","twitter_card":"summary_large_image","twitter_creator":"@sunoresearch","twitter_site":"@sunoresearch","twitter_misc":{"Escrito por":"Renan Dantas","Est. tempo de leitura":"2 minutos"},"schema":{"@context":"https:\/\/schema.org","@graph":[{"@type":"NewsArticle","@id":"https:\/\/www.suno.com.br\/noticias\/exportacoes-brasileiras-calcados-caem-10\/#article","isPartOf":{"@id":"https:\/\/www.suno.com.br\/noticias\/exportacoes-brasileiras-calcados-caem-10\/"},"author":{"name":"Renan Dantas","@id":"https:\/\/www.suno.com.br\/noticias\/#\/schema\/person\/3f7693d5795a3f6d5ce15309ee785699"},"headline":"Exporta\u00e7\u00f5es brasileiras de cal\u00e7ados caem mais de 10%","datePublished":"2019-01-11T17:45:53+00:00","mainEntityOfPage":{"@id":"https:\/\/www.suno.com.br\/noticias\/exportacoes-brasileiras-calcados-caem-10\/"},"wordCount":364,"publisher":{"@id":"https:\/\/www.suno.com.br\/noticias\/#organization"},"image":{"@id":"https:\/\/www.suno.com.br\/noticias\/exportacoes-brasileiras-calcados-caem-10\/#primaryimage"},"thumbnailUrl":"https:\/\/files.sunoresearch.com.br\/n\/uploads\/2018\/12\/d3785640-exportacao-jpg.webp","keywords":["Argentina","Estados Unidos (EUA)","exporta\u00e7\u00f5es"],"articleSection":["Economia"],"inLanguage":"pt-BR"},{"@type":"WebPage","@id":"https:\/\/www.suno.com.br\/noticias\/exportacoes-brasileiras-calcados-caem-10\/","url":"https:\/\/www.suno.com.br\/noticias\/exportacoes-brasileiras-calcados-caem-10\/","name":"Exporta\u00e7\u00f5es brasileiras de cal\u00e7ados caem mais de 10%","isPartOf":{"@id":"https:\/\/www.suno.com.br\/noticias\/#website"},"primaryImageOfPage":{"@id":"https:\/\/www.suno.com.br\/noticias\/exportacoes-brasileiras-calcados-caem-10\/#primaryimage"},"image":{"@id":"https:\/\/www.suno.com.br\/noticias\/exportacoes-brasileiras-calcados-caem-10\/#primaryimage"},"thumbnailUrl":"https:\/\/files.sunoresearch.com.br\/n\/uploads\/2018\/12\/d3785640-exportacao-jpg.webp","datePublished":"2019-01-11T17:45:53+00:00","description":"Entre os estados, o Rio Grande do Sul liderou as exporta\u00e7\u00f5es em receita, com envio de 27,18 milh\u00f5es de pares. Clique para saber mais.","breadcrumb":{"@id":"https:\/\/www.suno.com.br\/noticias\/exportacoes-brasileiras-calcados-caem-10\/#breadcrumb"},"inLanguage":"pt-BR","potentialAction":[{"@type":"ReadAction","target":["https:\/\/www.suno.com.br\/noticias\/exportacoes-brasileiras-calcados-caem-10\/"]}]},{"@type":"ImageObject","inLanguage":"pt-BR","@id":"https:\/\/www.suno.com.br\/noticias\/exportacoes-brasileiras-calcados-caem-10\/#primaryimage","url":"https:\/\/files.sunoresearch.com.br\/n\/uploads\/2018\/12\/d3785640-exportacao-jpg.webp","contentUrl":"https:\/\/files.sunoresearch.com.br\/n\/uploads\/2018\/12\/d3785640-exportacao-jpg.webp","width":960,"height":609,"caption":"Balan\u00e7a comercial tem d\u00e9ficit de US$ 701 mi na terceira semana de maio"},{"@type":"BreadcrumbList","@id":"https:\/\/www.suno.com.br\/noticias\/exportacoes-brasileiras-calcados-caem-10\/#breadcrumb","itemListElement":[{"@type":"ListItem","position":1,"name":"Not\u00edcias","item":"https:\/\/www.suno.com.br\/noticias\/"},{"@type":"ListItem","position":2,"name":"Economia","item":"https:\/\/www.suno.com.br\/noticias\/economia\/"},{"@type":"ListItem","position":3,"name":"Exporta\u00e7\u00f5es brasileiras de cal\u00e7ados caem mais de 10%"}]},{"@type":"WebSite","@id":"https:\/\/www.suno.com.br\/noticias\/#website","url":"https:\/\/www.suno.com.br\/noticias\/","name":"Suno Not\u00edcias","description":"Seu portal de informa\u00e7\u00e3o sobre o mundo dos investimentos","publisher":{"@id":"https:\/\/www.suno.com.br\/noticias\/#organization"},"potentialAction":[{"@type":"SearchAction","target":{"@type":"EntryPoint","urlTemplate":"https:\/\/www.suno.com.br\/noticias\/?s={search_term_string}"},"query-input":{"@type":"PropertyValueSpecification","valueRequired":true,"valueName":"search_term_string"}}],"inLanguage":"pt-BR"},{"@type":"Organization","@id":"https:\/\/www.suno.com.br\/noticias\/#organization","name":"Suno Not\u00edcias","url":"https:\/\/www.suno.com.br\/noticias\/","logo":{"@type":"ImageObject","inLanguage":"pt-BR","@id":"https:\/\/www.suno.com.br\/noticias\/#\/schema\/logo\/image\/","url":"https:\/\/files.sunoresearch.com.br\/n\/uploads\/2021\/09\/suno-logo.png","contentUrl":"https:\/\/files.sunoresearch.com.br\/n\/uploads\/2021\/09\/suno-logo.png","width":180,"height":180,"caption":"Suno Not\u00edcias"},"image":{"@id":"https:\/\/www.suno.com.br\/noticias\/#\/schema\/logo\/image\/"},"sameAs":["https:\/\/facebook.com\/sunoresearch","https:\/\/x.com\/sunoresearch","https:\/\/www.instagram.com\/suno","https:\/\/www.linkedin.com\/company\/suno-research\/","https:\/\/www.youtube.com\/c\/sunoresearch"]},{"@type":"Person","@id":"https:\/\/www.suno.com.br\/noticias\/#\/schema\/person\/3f7693d5795a3f6d5ce15309ee785699","name":"Renan Dantas","image":{"@type":"ImageObject","inLanguage":"pt-BR","@id":"https:\/\/www.suno.com.br\/noticias\/#\/schema\/person\/image\/","url":"https:\/\/secure.gravatar.com\/avatar\/1787b83e7484a08e51d62ac8b41c8396?s=96&r=g","contentUrl":"https:\/\/secure.gravatar.com\/avatar\/1787b83e7484a08e51d62ac8b41c8396?s=96&r=g","caption":"Renan Dantas"},"description":"Escreve sobre pol\u00edtica e mercado financeiro para o portal Suno Not\u00edcias. Antes, atuou na assessoria de comunica\u00e7\u00e3o do Minist\u00e9rio P\u00fablico do Trabalho e na R\u00e1dio Mackenzie, onde apresentava e produzia um programa sobre artistas da m\u00fasica brasileira. \u00c9 estudante na Universidade Presbiteriana Mackenzie.","url":"https:\/\/www.suno.com.br\/noticias\/author\/renan-dantas\/"}]}},"default_loop_html":"<div class=\"cardsPage__listCard__boxs\"><div class=\"cardsPage__listCard__boxs__img\"><a href=\"https:\/\/www.suno.com.br\/noticias\/exportacoes-brasileiras-calcados-caem-10\/\"><img class=\"mask\" src=\"https:\/\/www.suno.com.br\/noticias\/wp-content\/themes\/suno\/resources\/images\/spotlight\/spotlight1img\/bg-mask.png\" alt=\"Image Mask\"\/><img src=\"https:\/\/files.sunoresearch.com.br\/n\/uploads\/2018\/12\/d3785640-exportacao-400x200.webp\" alt=\"Exporta\u00e7\u00f5es brasileiras de cal\u00e7ados caem mais de 10%\"\/><\/a><span class=\"spotlightCategory\"><a href=\"https:\/\/www.suno.com.br\/noticias\/economia\/\">Economia<\/a><\/span><\/div><div class=\"cardsPage__listCard__boxs__content\"><a href=\"https:\/\/www.suno.com.br\/noticias\/exportacoes-brasileiras-calcados-caem-10\/\"><h2 class=\"content__title\">Exporta\u00e7\u00f5es brasileiras de cal\u00e7ados caem mais de 10%<\/h2><\/a><div class=\"newsContent__article__meta\"><div class=\"newsContent__article__meta__authorBox\"><a href=\"https:\/\/www.suno.com.br\/noticias\/author\/renan-dantas\/\" class=\"authorBox__avatar noMobi\"><img src=\"https:\/\/secure.gravatar.com\/avatar\/1787b83e7484a08e51d62ac8b41c8396?s=96&#038;r=g\" alt=\"Renan Dantas\"><\/a><div class=\"authorBox__name\"><span>por\n\t\t\t<a href=\"https:\/\/www.suno.com.br\/noticias\/author\/renan-dantas\/\"><span itemprop=\"author\">Renan Dantas<\/span><\/a><\/span><time datetime=\"2019-01-11T15:45:53-02:00\" itemprop=\"datePublished\">11\/01\/2019 15:45<\/time><\/div><\/div><\/div><\/div><\/div>","single_layout":"posts","amp_enabled":true,"_links":{"self":[{"href":"https:\/\/www.suno.com.br\/noticias\/wp-json\/wp\/v2\/posts\/11324"}],"collection":[{"href":"https:\/\/www.suno.com.br\/noticias\/wp-json\/wp\/v2\/posts"}],"about":[{"href":"https:\/\/www.suno.com.br\/noticias\/wp-json\/wp\/v2\/types\/post"}],"author":[{"embeddable":true,"href":"https:\/\/www.suno.com.br\/noticias\/wp-json\/wp\/v2\/users\/14"}],"replies":[{"embeddable":true,"href":"https:\/\/www.suno.com.br\/noticias\/wp-json\/wp\/v2\/comments?post=11324"}],"version-history":[{"count":0,"href":"https:\/\/www.suno.com.br\/noticias\/wp-json\/wp\/v2\/posts\/11324\/revisions"}],"wp:featuredmedia":[{"embeddable":true,"href":"https:\/\/www.suno.com.br\/noticias\/wp-json\/wp\/v2\/media\/7709"}],"wp:attachment":[{"href":"https:\/\/www.suno.com.br\/noticias\/wp-json\/wp\/v2\/media?parent=11324"}],"wp:term":[{"taxonomy":"category","embeddable":true,"href":"https:\/\/www.suno.com.br\/noticias\/wp-json\/wp\/v2\/categories?post=11324"},{"taxonomy":"post_tag","embeddable":true,"href":"https:\/\/www.suno.com.br\/noticias\/wp-json\/wp\/v2\/tags?post=11324"},{"taxonomy":"suno_strategy","embeddable":true,"href":"https:\/\/www.suno.com.br\/noticias\/wp-json\/wp\/v2\/suno_strategy?post=11324"}],"curies":[{"name":"wp","href":"https:\/\/api.w.org\/{rel}","templated":true}]}}