{"id":11323,"date":"2019-01-11T15:05:25","date_gmt":"2019-01-11T17:05:25","guid":{"rendered":"https:\/\/www.suno.com.br\/noticias\/?p=11323"},"modified":"2019-01-11T15:28:57","modified_gmt":"2019-01-11T17:28:57","slug":"presidente-b3-brigar-xp-ipo-brasil","status":"publish","type":"post","link":"https:\/\/www.suno.com.br\/noticias\/presidente-b3-brigar-xp-ipo-brasil\/","title":{"rendered":"Presidente da B3 diz que vai &#8220;brigar&#8221; para que XP fa\u00e7a IPO no Brasil"},"content":{"rendered":"<p>O presidente da <a href=\"https:\/\/www.suno.com.br\/artigos\/b3\/\">Bolsa de Valores de S\u00e3o Paulo<\/a>, Gilson Finkelsztain, promete lutar para que a XP Investimentos fa\u00e7a sua IPO no Brasil.<\/p>\t<div class=\"wrapper-featured-image\">\n\t\t<figure class=\"spotlightImg\">\n\n\t\t\t<picture>\n\t\t\t\t<source media=\"(max-width: 768px)\" srcset=\"https:\/\/files.sunoresearch.com.br\/n\/uploads\/2018\/08\/066116ac-bolsa-400x200.webp\">\n\t\t\t\t<img loading=\"lazy\" decoding=\"async\" class=\"newsContent__article__imgCapa lazyloadDisabled newsContent__article__imgCapa--noCaption\" src=\"https:\/\/files.sunoresearch.com.br\/n\/uploads\/2018\/08\/066116ac-bolsa-800x450.webp\" width=\"800\" height=\"450\" alt=\"Presidente da B3 diz que vai &#8220;brigar&#8221; para que XP fa\u00e7a IPO no Brasil\" fetchpriority=high \/>\n\t\t\t<\/picture>\n\n\t\t\t<figcaption class=\"wp-caption-text wp-caption-text--hide\">Bolsa de Valores - a\u00e7\u00f5es<\/figcaption>\n\t\t<\/figure>\n\t<\/div>\n\n\n<p>A <strong>IPO<\/strong> \u00e9 a oferta p\u00fablica inicial de a\u00e7\u00f5es no mercado financeiro. <strong>Gilson Finkelsztain<\/strong> disse que vai &#8220;brigar&#8221; para que a <strong>XP Investimentos<\/strong>\u00a0realize a opera\u00e7\u00e3o no <strong>Brasil<\/strong> e n\u00e3o nos <strong>Estados Unidos<\/strong>. Segundo Finkelsztain, a empresa \u00e9 brasileira e por isso deve fazer sua IPO na <strong>Bolsa<\/strong> <strong>de Valores<\/strong> de S\u00e3o Paulo, a <strong>B3<\/strong>. A informa\u00e7\u00e3o \u00e9 da Bloomberg.<\/p>\n<p>\u201cNa XP, vamos brigar para que eles se listem aqui no Brasil. Eles s\u00e3o brasileiros, com neg\u00f3cios aqui, deveriam se listar aqui. Nosso time comercial e eu pessoalmente vamos estar empenhados para isso\u201d, disse em entrevista Finkelsztain,\u201cA XP \u00e9 emblem\u00e1tica, um enorme caso de sucesso que provou que h\u00e1 espa\u00e7o para uma corretora independente no Brasil&#8221;.<\/p>\n<p><span style=\"font-size: 19.4286px;\">A <strong>XP<\/strong>\u00a0<\/span><strong><span style=\"font-size: 19.4286px;\">Investimentos<\/span><\/strong><span style=\"font-size: 19.4286px;\"><strong>\u00a0<\/strong>\u00e9 a maior corretora do Brasil para investidores de varejo. Segundo fontes pr\u00f3ximas a empresa, a\u00a0<\/span><span style=\"font-size: 19.4286px;\">XP<\/span><span style=\"font-size: 19.4286px;\">\u00a0estaria considerando um <strong>IPO <\/strong>no <strong>Nasdaq<\/strong>. A oferta p\u00fablica de a\u00e7\u00f5es seria uma solu\u00e7\u00e3o para os investidores de private equity. Entre eles, a General Atlantic e a Dynamo Administra\u00e7\u00e3o de Recursos.<\/span><\/p>\n<p><a href=\"https:\/\/www.suno.com.br\/noticias\/b3-preve-investir-ate-r-280-mi-e-despesas-ajustadas-de-r-108-bi\/\">Saiba mais:\u00a0B3 prev\u00ea investir at\u00e9 R$ 280 mi e despesas ajustadas de R$ 1,08 bi\u00a0<\/a><\/p>\n<p>O sucesso registrado por outas empresas brasileiras que realizaram sua <strong>IPO<\/strong> nos EUA levou a <strong>XP<\/strong> a pensar em fazer sua oferta em Nova York. Somente em 2018 foram a PagSeguro Digital, a StoneCo, e a Arco Platform levantaram mais de US$ 5,34 bilh\u00f5es na <strong>Bolsa<\/strong> de Nova York.<\/p>\n<p>Al\u00e9m disso, no Brasil existem benef\u00edcios fiscais para empresas brasileiras domiciliadas no exterior. \u201cIsso \u00e9 algo que precisa de aten\u00e7\u00e3o\u201d, disse <strong>Finkelsztain<\/strong>, que salientou como existem regras que impedem que essas firmas sejam negociadas na bolsa local.<\/p>\n<p>\u201cEstamos trabalhando com a <strong>CVM<\/strong> para tornar algumas regras mais flex\u00edveis e o regulador \u00e9 muito sens\u00edvel ao que chamamos de exporta\u00e7\u00e3o do mercado\u201d, afirmou <strong>Finkelsztain<\/strong>.<\/p>\n<p>Pelas regras vigentes, as empresas brasileiras domiciliadas no exterior, com mais de 50% da receita proveniente do Brasil, n\u00e3o podem emitir Brazilian Depositary Receipts (BDRs). Esses papeis s\u00e3o certificados de dep\u00f3sito de valores mobili\u00e1rios emitidos no Brasil, mas que representam valores mobili\u00e1rios de emiss\u00e3o de companhias abertas com sede no exterior. Os BDRs s\u00e3o a vers\u00e3o brasileira dos American Depositary Receipts. Segundo Finkelsztain, uma solu\u00e7\u00e3o poderia ser que essas empresas realizem uma listagem simult\u00e2nea no Brasil e no exterior.<\/p>\n<h2>Raz\u00f5es para investir nos EUA<\/h2>\n<p>Muitas empresas preferem investir nos <strong>EUA<\/strong> por raz\u00f5es que v\u00e3o al\u00e9m do bom pre\u00e7o inicial mais atrativo. Entre essas raz\u00f5es, est\u00e1 a concentra\u00e7\u00e3o dos investidores especializados no setor de tecnologia.<\/p>\n<p>\u201cEsta \u00e9 uma tend\u00eancia internacional e afeta empresas do Jap\u00e3o a Israel e \u00e0 Austr\u00e1lia\u201d, explicou <strong>Finkelsztain<\/strong>, \u201cE isso n\u00e3o \u00e9 bom para os mercados brasileiros\u201d.<\/p>\n<p><a href=\"https:\/\/www.suno.com.br\/noticias\/itau-ambev-empresa-valor-mercado\/\">Saiba mais:\u00a0Ita\u00fa supera Ambev como maior empresa em valor de mercado da B3\u00a0<\/a><\/p>\n<p>Segundo o presidente da <strong>B3<\/strong>, mesmo n\u00e3o existindo concorrentes brasileiros, \u201cestamos competindo com bolsas de valores, com mercados em todo o mundo\u201d.<\/p>\n<p>Finkelsztain afirmou que est\u00e1 trabalhando junto a <strong>CVM<\/strong> para desenvolver \u201cum ambiente mais amig\u00e1vel\u201d. O objetivo \u00e9 permitir que as empresas brasileiras negociadas na <strong>Bolsa<\/strong> de Nova York tamb\u00e9m sejam listadas no Brasil.<\/p>\n<p><span style=\"font-size: 1.21429rem;\">\u201cAssim, os fundos locais n\u00e3o precisariam comprar d\u00f3lares e ir aos mercados dos EUA para comprar a\u00e7\u00f5es dessas empresas brasileiras\u201d, disse explicou o presidente da B3.\u00a0<\/span><\/p>\n<p>Al\u00e9m disso, a <strong>B3<\/strong> est\u00e1 estudando a possibilidade de permitir processos confidenciais para empresas menores. Isso aumentaria a atratividade dos IPOs locais. Dessa forma, a empresa pode recuar se o mercado se demostrar hostil, ou se o pre\u00e7o n\u00e3o for atraente. Uma retirada estrat\u00e9gica que n\u00e3o provocaria preju\u00edzos a sua reputa\u00e7\u00e3o, ao contr\u00e1rio de quanto uma desist\u00eancia p\u00fablica poderia trazer.<\/p>\n<h2>Cr\u00edtica as empresas brasileiras<\/h2>\n<p>Por outro lado, <strong>Finkelsztain<\/strong> criticou as empresas brasileiras que decidem se listar nos EUA. Segundo o presidente da <strong>B3<\/strong>, algumas companhias do Brasil tentam se \u201cdisfar\u00e7ar de empresas de tecnologia\u201d quando se listam nos EUA. Uma estrat\u00e9gia \u00fatil para pegar atrair os investidores, cada vez mais interessado na ind\u00fastria digital. \u201cMas os investidores logo perceber\u00e3o isso e as empresas ter\u00e3o problemas\u201d, afirmou Finkelsztain .<\/p>\n<p>Al\u00e9m disso, segundo Finkelsztain, embora os pre\u00e7os iniciais das fintechs brasileiras cotadas em Nova York tenham sido muito atraentes, o desempenho de seus pap\u00e9is desde os IPOs n\u00e3o foi t\u00e3o bom.<\/p>\n<p>As a\u00e7\u00f5es da PagSeguro subiram 2,42% desde o IPO. Enquanto a StoneCo, que atraiu em sua oferta os bilion\u00e1rios Warren Buffett e Jack Ma, perdeu 12%. Por outro lado, o pre\u00e7o das a\u00e7\u00f5es do Banco Inter mais do que dobrou em moeda local desde a IPO. A fintech banc\u00e1ria arrecadou R$ 672,4 milh\u00f5es em abril, quando realizou sua oferta p\u00fablica de a\u00e7\u00f5es na <strong>B3<\/strong>.<\/p>\n<p>\u201cAs <strong>a\u00e7\u00f5es<\/strong> da PagSeguro e da StoneCo t\u00eam uma grande correla\u00e7\u00e3o com a Amazon.com\u201d, explicou <strong>Finkelsztain<\/strong>. Segundo o presidente da <strong>Bolsa<\/strong> <strong>de Valores<\/strong> de S\u00e3o Paulo, embora a maior parte da receita dessas empresas seja em moeda brasileira, elas tendem a reagir de forma maior a movimentos globais das a\u00e7\u00f5es de tecnologia do que a oscila\u00e7\u00f5es no real.<\/p>\n<h2>B3 prev\u00ea crescimento<\/h2>\n<p>Para Finkelsztain, o neg\u00f3cio de a\u00e7\u00f5es da <strong>B3<\/strong> se beneficiar\u00e1 pelo crescimento econ\u00f4mico esperado no <strong>Brasil<\/strong>. Al\u00e9m disso, os resultados positivos ser\u00e3o impulsionados pela infla\u00e7\u00e3o sob controle e taxas de juros na m\u00ednima hist\u00f3rica. O presidente da <strong>Bolsa de Valores<\/strong> de S\u00e3o Paulo espera de 20 a 30 ofertas de a\u00e7\u00f5es neste ano, a partir de mar\u00e7o. O trading de <strong>a\u00e7\u00f5es<\/strong> representa cerca de 40 porcento da receita da B3.<\/p>\n<p>&nbsp;<\/p>\n","protected":false},"excerpt":{"rendered":"<p>O presidente da Bolsa de Valores de S\u00e3o Paulo, Gilson Finkelsztain, promete lutar para que a XP Investimentos fa\u00e7a sua IPO no Brasil. Bolsa de Valores &#8211; a\u00e7\u00f5es A IPO \u00e9 a oferta p\u00fablica inicial de a\u00e7\u00f5es no mercado financeiro. Gilson Finkelsztain disse que vai &#8220;brigar&#8221; para que a XP Investimentos\u00a0realize a opera\u00e7\u00e3o no Brasil [&hellip;]<\/p>\n","protected":false},"author":9,"featured_media":2899,"comment_status":"closed","ping_status":"closed","sticky":false,"template":"","format":"standard","meta":[],"categories":[64],"tags":[367,309,964,888],"suno_strategy":[],"class_list":["post-11323","post","type-post","status-publish","format-standard","has-post-thumbnail","hentry","category-negocios","tag-b3-b3sa3","tag-bolsa-de-valores","tag-nasdaq","tag-xp-investimentos"],"yoast_head":"<!-- This site is optimized with the Yoast SEO plugin v24.4 - https:\/\/yoast.com\/wordpress\/plugins\/seo\/ -->\n<title>Presidente da B3 diz que vai &quot;brigar&quot; para que XP fa\u00e7a IPO no Brasil<\/title>\n<meta name=\"description\" content=\"O presidente da B3 Gilson Finkelsztain, promete lutar para que a XP Investimentos fa\u00e7a sua IPO no Brasil. Clique aqui para saber mais.\" \/>\n<meta name=\"robots\" content=\"index, follow, max-snippet:-1, max-image-preview:large, max-video-preview:-1\" \/>\n<link rel=\"canonical\" href=\"https:\/\/www.suno.com.br\/noticias\/presidente-b3-brigar-xp-ipo-brasil\/\" \/>\n<meta property=\"og:locale\" content=\"pt_BR\" \/>\n<meta property=\"og:type\" content=\"article\" \/>\n<meta property=\"og:title\" content=\"Presidente da B3 diz que vai &quot;brigar&quot; para que XP fa\u00e7a IPO no Brasil\" \/>\n<meta property=\"og:description\" content=\"O presidente da B3 Gilson Finkelsztain, promete lutar para que a XP Investimentos fa\u00e7a sua IPO no Brasil. Clique aqui para saber mais.\" \/>\n<meta property=\"og:url\" content=\"https:\/\/www.suno.com.br\/noticias\/presidente-b3-brigar-xp-ipo-brasil\/\" \/>\n<meta property=\"og:site_name\" content=\"Suno Not\u00edcias\" \/>\n<meta property=\"article:publisher\" content=\"https:\/\/facebook.com\/sunoresearch\" \/>\n<meta property=\"og:image\" content=\"https:\/\/files.sunoresearch.com.br\/n\/uploads\/2018\/08\/066116ac-bolsa.jpg\" \/>\n\t<meta property=\"og:image:width\" content=\"1140\" \/>\n\t<meta property=\"og:image:height\" content=\"760\" \/>\n\t<meta property=\"og:image:type\" content=\"image\/jpeg\" \/>\n<meta name=\"author\" content=\"Carlo Cauti\" \/>\n<meta name=\"twitter:card\" content=\"summary_large_image\" \/>\n<meta name=\"twitter:creator\" content=\"@sunoresearch\" \/>\n<meta name=\"twitter:site\" content=\"@sunoresearch\" \/>\n<meta name=\"twitter:label1\" content=\"Escrito por\" \/>\n\t<meta name=\"twitter:data1\" content=\"Carlo Cauti\" \/>\n\t<meta name=\"twitter:label2\" content=\"Est. tempo de leitura\" \/>\n\t<meta name=\"twitter:data2\" content=\"5 minutos\" \/>\n<script type=\"application\/ld+json\" class=\"yoast-schema-graph\">{\"@context\":\"https:\/\/schema.org\",\"@graph\":[{\"@type\":\"NewsArticle\",\"@id\":\"https:\/\/www.suno.com.br\/noticias\/presidente-b3-brigar-xp-ipo-brasil\/#article\",\"isPartOf\":{\"@id\":\"https:\/\/www.suno.com.br\/noticias\/presidente-b3-brigar-xp-ipo-brasil\/\"},\"author\":{\"name\":\"Carlo Cauti\",\"@id\":\"https:\/\/www.suno.com.br\/noticias\/#\/schema\/person\/e6e0f723cc177805027f4566c1d5e0c8\"},\"headline\":\"Presidente da B3 diz que vai &#8220;brigar&#8221; para que XP fa\u00e7a IPO no Brasil\",\"datePublished\":\"2019-01-11T17:05:25+00:00\",\"dateModified\":\"2019-01-11T17:28:57+00:00\",\"mainEntityOfPage\":{\"@id\":\"https:\/\/www.suno.com.br\/noticias\/presidente-b3-brigar-xp-ipo-brasil\/\"},\"wordCount\":1000,\"publisher\":{\"@id\":\"https:\/\/www.suno.com.br\/noticias\/#organization\"},\"image\":{\"@id\":\"https:\/\/www.suno.com.br\/noticias\/presidente-b3-brigar-xp-ipo-brasil\/#primaryimage\"},\"thumbnailUrl\":\"https:\/\/files.sunoresearch.com.br\/n\/uploads\/2018\/08\/066116ac-bolsa-jpg.webp\",\"keywords\":[\"B3 (B3SA3)\",\"Bolsa de Valores\",\"Nasdaq\",\"XP Investimentos\"],\"articleSection\":[\"Neg\u00f3cios\"],\"inLanguage\":\"pt-BR\"},{\"@type\":\"WebPage\",\"@id\":\"https:\/\/www.suno.com.br\/noticias\/presidente-b3-brigar-xp-ipo-brasil\/\",\"url\":\"https:\/\/www.suno.com.br\/noticias\/presidente-b3-brigar-xp-ipo-brasil\/\",\"name\":\"Presidente da B3 diz que vai \\\"brigar\\\" para que XP fa\u00e7a IPO no Brasil\",\"isPartOf\":{\"@id\":\"https:\/\/www.suno.com.br\/noticias\/#website\"},\"primaryImageOfPage\":{\"@id\":\"https:\/\/www.suno.com.br\/noticias\/presidente-b3-brigar-xp-ipo-brasil\/#primaryimage\"},\"image\":{\"@id\":\"https:\/\/www.suno.com.br\/noticias\/presidente-b3-brigar-xp-ipo-brasil\/#primaryimage\"},\"thumbnailUrl\":\"https:\/\/files.sunoresearch.com.br\/n\/uploads\/2018\/08\/066116ac-bolsa-jpg.webp\",\"datePublished\":\"2019-01-11T17:05:25+00:00\",\"dateModified\":\"2019-01-11T17:28:57+00:00\",\"description\":\"O presidente da B3 Gilson Finkelsztain, promete lutar para que a XP Investimentos fa\u00e7a sua IPO no Brasil. Clique aqui para saber mais.\",\"breadcrumb\":{\"@id\":\"https:\/\/www.suno.com.br\/noticias\/presidente-b3-brigar-xp-ipo-brasil\/#breadcrumb\"},\"inLanguage\":\"pt-BR\",\"potentialAction\":[{\"@type\":\"ReadAction\",\"target\":[\"https:\/\/www.suno.com.br\/noticias\/presidente-b3-brigar-xp-ipo-brasil\/\"]}]},{\"@type\":\"ImageObject\",\"inLanguage\":\"pt-BR\",\"@id\":\"https:\/\/www.suno.com.br\/noticias\/presidente-b3-brigar-xp-ipo-brasil\/#primaryimage\",\"url\":\"https:\/\/files.sunoresearch.com.br\/n\/uploads\/2018\/08\/066116ac-bolsa-jpg.webp\",\"contentUrl\":\"https:\/\/files.sunoresearch.com.br\/n\/uploads\/2018\/08\/066116ac-bolsa-jpg.webp\",\"width\":1140,\"height\":760,\"caption\":\"Bolsa de Valores - a\u00e7\u00f5es\"},{\"@type\":\"BreadcrumbList\",\"@id\":\"https:\/\/www.suno.com.br\/noticias\/presidente-b3-brigar-xp-ipo-brasil\/#breadcrumb\",\"itemListElement\":[{\"@type\":\"ListItem\",\"position\":1,\"name\":\"Not\u00edcias\",\"item\":\"https:\/\/www.suno.com.br\/noticias\/\"},{\"@type\":\"ListItem\",\"position\":2,\"name\":\"Neg\u00f3cios\",\"item\":\"https:\/\/www.suno.com.br\/noticias\/negocios\/\"},{\"@type\":\"ListItem\",\"position\":3,\"name\":\"Presidente da B3 diz que vai &#8220;brigar&#8221; para que XP fa\u00e7a IPO no Brasil\"}]},{\"@type\":\"WebSite\",\"@id\":\"https:\/\/www.suno.com.br\/noticias\/#website\",\"url\":\"https:\/\/www.suno.com.br\/noticias\/\",\"name\":\"Suno Not\u00edcias\",\"description\":\"Seu portal de informa\u00e7\u00e3o sobre o mundo dos investimentos\",\"publisher\":{\"@id\":\"https:\/\/www.suno.com.br\/noticias\/#organization\"},\"potentialAction\":[{\"@type\":\"SearchAction\",\"target\":{\"@type\":\"EntryPoint\",\"urlTemplate\":\"https:\/\/www.suno.com.br\/noticias\/?s={search_term_string}\"},\"query-input\":{\"@type\":\"PropertyValueSpecification\",\"valueRequired\":true,\"valueName\":\"search_term_string\"}}],\"inLanguage\":\"pt-BR\"},{\"@type\":\"Organization\",\"@id\":\"https:\/\/www.suno.com.br\/noticias\/#organization\",\"name\":\"Suno Not\u00edcias\",\"url\":\"https:\/\/www.suno.com.br\/noticias\/\",\"logo\":{\"@type\":\"ImageObject\",\"inLanguage\":\"pt-BR\",\"@id\":\"https:\/\/www.suno.com.br\/noticias\/#\/schema\/logo\/image\/\",\"url\":\"https:\/\/files.sunoresearch.com.br\/n\/uploads\/2021\/09\/suno-logo.png\",\"contentUrl\":\"https:\/\/files.sunoresearch.com.br\/n\/uploads\/2021\/09\/suno-logo.png\",\"width\":180,\"height\":180,\"caption\":\"Suno Not\u00edcias\"},\"image\":{\"@id\":\"https:\/\/www.suno.com.br\/noticias\/#\/schema\/logo\/image\/\"},\"sameAs\":[\"https:\/\/facebook.com\/sunoresearch\",\"https:\/\/x.com\/sunoresearch\",\"https:\/\/www.instagram.com\/suno\",\"https:\/\/www.linkedin.com\/company\/suno-research\/\",\"https:\/\/www.youtube.com\/c\/sunoresearch\"]},{\"@type\":\"Person\",\"@id\":\"https:\/\/www.suno.com.br\/noticias\/#\/schema\/person\/e6e0f723cc177805027f4566c1d5e0c8\",\"name\":\"Carlo Cauti\",\"image\":{\"@type\":\"ImageObject\",\"inLanguage\":\"pt-BR\",\"@id\":\"https:\/\/www.suno.com.br\/noticias\/#\/schema\/person\/image\/\",\"url\":\"https:\/\/secure.gravatar.com\/avatar\/3ada9e0bd164c23abd4792a9606d583c?s=96&r=g\",\"contentUrl\":\"https:\/\/secure.gravatar.com\/avatar\/3ada9e0bd164c23abd4792a9606d583c?s=96&r=g\",\"caption\":\"Carlo Cauti\"},\"description\":\"Editor multim\u00eddia do SUNO Not\u00edcias. Italiano, formado em Ci\u00eancias Pol\u00edticas pela universidade LUISS G. Carli de Roma e mestre cum laude em Rela\u00e7\u00f5es Internacionais, Jornalismo Internacional e de Guerra e em Economia Internacional. Concluiu tamb\u00e9m um MBA em Finan\u00e7as na B3. No Brasil, teve passagem por ve\u00edculos como Estad\u00e3o, Globo, Veja e EXAME. e nas ag\u00eancias de not\u00edcias italianas ANSA e NOVA.\",\"url\":\"https:\/\/www.suno.com.br\/noticias\/author\/carlo-cauti\/\"}]}<\/script>\n<!-- \/ Yoast SEO plugin. -->","yoast_head_json":{"title":"Presidente da B3 diz que vai \"brigar\" para que XP fa\u00e7a IPO no Brasil","description":"O presidente da B3 Gilson Finkelsztain, promete lutar para que a XP Investimentos fa\u00e7a sua IPO no Brasil. Clique aqui para saber mais.","robots":{"index":"index","follow":"follow","max-snippet":"max-snippet:-1","max-image-preview":"max-image-preview:large","max-video-preview":"max-video-preview:-1"},"canonical":"https:\/\/www.suno.com.br\/noticias\/presidente-b3-brigar-xp-ipo-brasil\/","og_locale":"pt_BR","og_type":"article","og_title":"Presidente da B3 diz que vai \"brigar\" para que XP fa\u00e7a IPO no Brasil","og_description":"O presidente da B3 Gilson Finkelsztain, promete lutar para que a XP Investimentos fa\u00e7a sua IPO no Brasil. Clique aqui para saber mais.","og_url":"https:\/\/www.suno.com.br\/noticias\/presidente-b3-brigar-xp-ipo-brasil\/","og_site_name":"Suno Not\u00edcias","article_publisher":"https:\/\/facebook.com\/sunoresearch","og_image":[{"width":1140,"height":760,"url":"https:\/\/files.sunoresearch.com.br\/n\/uploads\/2018\/08\/066116ac-bolsa.jpg","type":"image\/jpeg"}],"author":"Carlo Cauti","twitter_card":"summary_large_image","twitter_creator":"@sunoresearch","twitter_site":"@sunoresearch","twitter_misc":{"Escrito por":"Carlo Cauti","Est. tempo de leitura":"5 minutos"},"schema":{"@context":"https:\/\/schema.org","@graph":[{"@type":"NewsArticle","@id":"https:\/\/www.suno.com.br\/noticias\/presidente-b3-brigar-xp-ipo-brasil\/#article","isPartOf":{"@id":"https:\/\/www.suno.com.br\/noticias\/presidente-b3-brigar-xp-ipo-brasil\/"},"author":{"name":"Carlo Cauti","@id":"https:\/\/www.suno.com.br\/noticias\/#\/schema\/person\/e6e0f723cc177805027f4566c1d5e0c8"},"headline":"Presidente da B3 diz que vai &#8220;brigar&#8221; para que XP fa\u00e7a IPO no Brasil","datePublished":"2019-01-11T17:05:25+00:00","dateModified":"2019-01-11T17:28:57+00:00","mainEntityOfPage":{"@id":"https:\/\/www.suno.com.br\/noticias\/presidente-b3-brigar-xp-ipo-brasil\/"},"wordCount":1000,"publisher":{"@id":"https:\/\/www.suno.com.br\/noticias\/#organization"},"image":{"@id":"https:\/\/www.suno.com.br\/noticias\/presidente-b3-brigar-xp-ipo-brasil\/#primaryimage"},"thumbnailUrl":"https:\/\/files.sunoresearch.com.br\/n\/uploads\/2018\/08\/066116ac-bolsa-jpg.webp","keywords":["B3 (B3SA3)","Bolsa de Valores","Nasdaq","XP Investimentos"],"articleSection":["Neg\u00f3cios"],"inLanguage":"pt-BR"},{"@type":"WebPage","@id":"https:\/\/www.suno.com.br\/noticias\/presidente-b3-brigar-xp-ipo-brasil\/","url":"https:\/\/www.suno.com.br\/noticias\/presidente-b3-brigar-xp-ipo-brasil\/","name":"Presidente da B3 diz que vai \"brigar\" para que XP fa\u00e7a IPO no Brasil","isPartOf":{"@id":"https:\/\/www.suno.com.br\/noticias\/#website"},"primaryImageOfPage":{"@id":"https:\/\/www.suno.com.br\/noticias\/presidente-b3-brigar-xp-ipo-brasil\/#primaryimage"},"image":{"@id":"https:\/\/www.suno.com.br\/noticias\/presidente-b3-brigar-xp-ipo-brasil\/#primaryimage"},"thumbnailUrl":"https:\/\/files.sunoresearch.com.br\/n\/uploads\/2018\/08\/066116ac-bolsa-jpg.webp","datePublished":"2019-01-11T17:05:25+00:00","dateModified":"2019-01-11T17:28:57+00:00","description":"O presidente da B3 Gilson Finkelsztain, promete lutar para que a XP Investimentos fa\u00e7a sua IPO no Brasil. Clique aqui para saber mais.","breadcrumb":{"@id":"https:\/\/www.suno.com.br\/noticias\/presidente-b3-brigar-xp-ipo-brasil\/#breadcrumb"},"inLanguage":"pt-BR","potentialAction":[{"@type":"ReadAction","target":["https:\/\/www.suno.com.br\/noticias\/presidente-b3-brigar-xp-ipo-brasil\/"]}]},{"@type":"ImageObject","inLanguage":"pt-BR","@id":"https:\/\/www.suno.com.br\/noticias\/presidente-b3-brigar-xp-ipo-brasil\/#primaryimage","url":"https:\/\/files.sunoresearch.com.br\/n\/uploads\/2018\/08\/066116ac-bolsa-jpg.webp","contentUrl":"https:\/\/files.sunoresearch.com.br\/n\/uploads\/2018\/08\/066116ac-bolsa-jpg.webp","width":1140,"height":760,"caption":"Bolsa de Valores - a\u00e7\u00f5es"},{"@type":"BreadcrumbList","@id":"https:\/\/www.suno.com.br\/noticias\/presidente-b3-brigar-xp-ipo-brasil\/#breadcrumb","itemListElement":[{"@type":"ListItem","position":1,"name":"Not\u00edcias","item":"https:\/\/www.suno.com.br\/noticias\/"},{"@type":"ListItem","position":2,"name":"Neg\u00f3cios","item":"https:\/\/www.suno.com.br\/noticias\/negocios\/"},{"@type":"ListItem","position":3,"name":"Presidente da B3 diz que vai &#8220;brigar&#8221; para que XP fa\u00e7a IPO no Brasil"}]},{"@type":"WebSite","@id":"https:\/\/www.suno.com.br\/noticias\/#website","url":"https:\/\/www.suno.com.br\/noticias\/","name":"Suno Not\u00edcias","description":"Seu portal de informa\u00e7\u00e3o sobre o mundo dos investimentos","publisher":{"@id":"https:\/\/www.suno.com.br\/noticias\/#organization"},"potentialAction":[{"@type":"SearchAction","target":{"@type":"EntryPoint","urlTemplate":"https:\/\/www.suno.com.br\/noticias\/?s={search_term_string}"},"query-input":{"@type":"PropertyValueSpecification","valueRequired":true,"valueName":"search_term_string"}}],"inLanguage":"pt-BR"},{"@type":"Organization","@id":"https:\/\/www.suno.com.br\/noticias\/#organization","name":"Suno Not\u00edcias","url":"https:\/\/www.suno.com.br\/noticias\/","logo":{"@type":"ImageObject","inLanguage":"pt-BR","@id":"https:\/\/www.suno.com.br\/noticias\/#\/schema\/logo\/image\/","url":"https:\/\/files.sunoresearch.com.br\/n\/uploads\/2021\/09\/suno-logo.png","contentUrl":"https:\/\/files.sunoresearch.com.br\/n\/uploads\/2021\/09\/suno-logo.png","width":180,"height":180,"caption":"Suno Not\u00edcias"},"image":{"@id":"https:\/\/www.suno.com.br\/noticias\/#\/schema\/logo\/image\/"},"sameAs":["https:\/\/facebook.com\/sunoresearch","https:\/\/x.com\/sunoresearch","https:\/\/www.instagram.com\/suno","https:\/\/www.linkedin.com\/company\/suno-research\/","https:\/\/www.youtube.com\/c\/sunoresearch"]},{"@type":"Person","@id":"https:\/\/www.suno.com.br\/noticias\/#\/schema\/person\/e6e0f723cc177805027f4566c1d5e0c8","name":"Carlo Cauti","image":{"@type":"ImageObject","inLanguage":"pt-BR","@id":"https:\/\/www.suno.com.br\/noticias\/#\/schema\/person\/image\/","url":"https:\/\/secure.gravatar.com\/avatar\/3ada9e0bd164c23abd4792a9606d583c?s=96&r=g","contentUrl":"https:\/\/secure.gravatar.com\/avatar\/3ada9e0bd164c23abd4792a9606d583c?s=96&r=g","caption":"Carlo Cauti"},"description":"Editor multim\u00eddia do SUNO Not\u00edcias. Italiano, formado em Ci\u00eancias Pol\u00edticas pela universidade LUISS G. Carli de Roma e mestre cum laude em Rela\u00e7\u00f5es Internacionais, Jornalismo Internacional e de Guerra e em Economia Internacional. Concluiu tamb\u00e9m um MBA em Finan\u00e7as na B3. No Brasil, teve passagem por ve\u00edculos como Estad\u00e3o, Globo, Veja e EXAME. e nas ag\u00eancias de not\u00edcias italianas ANSA e NOVA.","url":"https:\/\/www.suno.com.br\/noticias\/author\/carlo-cauti\/"}]}},"default_loop_html":"<div class=\"cardsPage__listCard__boxs\"><div class=\"cardsPage__listCard__boxs__img\"><a href=\"https:\/\/www.suno.com.br\/noticias\/presidente-b3-brigar-xp-ipo-brasil\/\"><img class=\"mask\" src=\"https:\/\/www.suno.com.br\/noticias\/wp-content\/themes\/suno\/resources\/images\/spotlight\/spotlight1img\/bg-mask.png\" alt=\"Image Mask\"\/><img src=\"https:\/\/files.sunoresearch.com.br\/n\/uploads\/2018\/08\/066116ac-bolsa-400x200.webp\" alt=\"Presidente da B3 diz que vai &#8220;brigar&#8221; para que XP fa\u00e7a IPO no Brasil\"\/><\/a><span class=\"spotlightCategory\"><a href=\"https:\/\/www.suno.com.br\/noticias\/negocios\/\">Neg\u00f3cios<\/a><\/span><\/div><div class=\"cardsPage__listCard__boxs__content\"><a href=\"https:\/\/www.suno.com.br\/noticias\/presidente-b3-brigar-xp-ipo-brasil\/\"><h2 class=\"content__title\">Presidente da B3 diz que vai &#8220;brigar&#8221; para que XP fa\u00e7a IPO no Brasil<\/h2><\/a><div class=\"newsContent__article__meta\"><div class=\"newsContent__article__meta__authorBox\"><a href=\"https:\/\/www.suno.com.br\/noticias\/author\/carlo-cauti\/\" class=\"authorBox__avatar noMobi\"><img src=\"https:\/\/files.sunoresearch.com.br\/n\/uploads\/2020\/08\/e3745f9a-perfil-carlo-cauti-150x150.webp\" alt=\"Carlo Cauti\"><\/a><div class=\"authorBox__name\"><span>por\n\t\t\t<a href=\"https:\/\/www.suno.com.br\/noticias\/author\/carlo-cauti\/\"><span itemprop=\"author\">Carlo Cauti<\/span><\/a><\/span><time datetime=\"2019-01-11T15:05:25-02:00\" itemprop=\"datePublished\">11\/01\/2019 15:05<\/time><\/div><\/div><\/div><\/div><\/div>","single_layout":"posts","amp_enabled":true,"_links":{"self":[{"href":"https:\/\/www.suno.com.br\/noticias\/wp-json\/wp\/v2\/posts\/11323"}],"collection":[{"href":"https:\/\/www.suno.com.br\/noticias\/wp-json\/wp\/v2\/posts"}],"about":[{"href":"https:\/\/www.suno.com.br\/noticias\/wp-json\/wp\/v2\/types\/post"}],"author":[{"embeddable":true,"href":"https:\/\/www.suno.com.br\/noticias\/wp-json\/wp\/v2\/users\/9"}],"replies":[{"embeddable":true,"href":"https:\/\/www.suno.com.br\/noticias\/wp-json\/wp\/v2\/comments?post=11323"}],"version-history":[{"count":0,"href":"https:\/\/www.suno.com.br\/noticias\/wp-json\/wp\/v2\/posts\/11323\/revisions"}],"wp:featuredmedia":[{"embeddable":true,"href":"https:\/\/www.suno.com.br\/noticias\/wp-json\/wp\/v2\/media\/2899"}],"wp:attachment":[{"href":"https:\/\/www.suno.com.br\/noticias\/wp-json\/wp\/v2\/media?parent=11323"}],"wp:term":[{"taxonomy":"category","embeddable":true,"href":"https:\/\/www.suno.com.br\/noticias\/wp-json\/wp\/v2\/categories?post=11323"},{"taxonomy":"post_tag","embeddable":true,"href":"https:\/\/www.suno.com.br\/noticias\/wp-json\/wp\/v2\/tags?post=11323"},{"taxonomy":"suno_strategy","embeddable":true,"href":"https:\/\/www.suno.com.br\/noticias\/wp-json\/wp\/v2\/suno_strategy?post=11323"}],"curies":[{"name":"wp","href":"https:\/\/api.w.org\/{rel}","templated":true}]}}