{"id":113149,"date":"2021-01-13T18:29:03","date_gmt":"2021-01-13T21:29:03","guid":{"rendered":"https:\/\/www.suno.com.br\/noticias\/?p=113149"},"modified":"2021-05-29T20:29:45","modified_gmt":"2021-05-29T23:29:45","slug":"ibovespa-fecha-em-queda-13012020","status":"publish","type":"post","link":"https:\/\/www.suno.com.br\/noticias\/ibovespa-fecha-em-queda-13012020\/","title":{"rendered":"Ibovespa fecha em queda de 1,67%, a 121.933,08 pontos"},"content":{"rendered":"<p>O\u00a0<span style=\"font-weight: 700 !important;\"><a href=\"https:\/\/www.suno.com.br\/artigos\/ibovespa\/\">Ibovespa<\/a>\u00a0<\/span>encerrou o preg\u00e3o desta quarta-feira (13) em queda de 1,67%, a 121.933,08 pontos.<\/p>\t<div class=\"wrapper-featured-image\">\n\t\t<figure class=\"spotlightImg\">\n\n\t\t\t<picture>\n\t\t\t\t<source media=\"(max-width: 768px)\" srcset=\"https:\/\/files.sunoresearch.com.br\/n\/uploads\/2021\/01\/346a3fd5-ibovespa-400x200.webp\">\n\t\t\t\t<img loading=\"lazy\" decoding=\"async\" class=\"newsContent__article__imgCapa lazyloadDisabled \" src=\"https:\/\/files.sunoresearch.com.br\/n\/uploads\/2021\/01\/346a3fd5-ibovespa-800x450.webp\" width=\"800\" height=\"450\" alt=\"Ibovespa fecha em queda de 1,67%, a 121.933,08 pontos\" fetchpriority=high \/>\n\t\t\t<\/picture>\n\n\t\t\t<figcaption class=\"wp-caption-text wp-caption-text--show\">O\u00a0Ibovespa encerrou as negocia\u00e7\u00f5es na \u00faltima ter\u00e7a-feira com uma alta de 0,60%, a 123.998,00 pontos.<\/figcaption>\n\t\t<\/figure>\n\t<\/div>\n\n\n\t<p>\n\t\t<a href=\"https:\/\/lp.suno.com.br\/planilha-controle-gastos\/\" target=\"_blank\" data-element=\"shortcode-suno-banner\" title=\"Banner SUNO, clique e saiba mais\">\n\t\t\t<picture>\n\t\t\t\t<source media=\"(max-width: 500px)\" srcset=\"https:\/\/files.sunoresearch.com.br\/n\/uploads\/2023\/03\/400x300-Planilha-controle-de-gastos.png\">\n\t\t\t\t<img class=\"newsContent__article__imgCapa newsContent__article__imgCapa--banner\"\n\t\t\t\t\tsrc=\"https:\/\/files.sunoresearch.com.br\/n\/uploads\/2023\/03\/1420x240-Planilha-controle-de-gastos.png\"\n\t\t\t\t\tdata-promo-id=\"101751\"\t\t\t\t\t\t\t\t\t\twidth='1420' height='240'\t\t\t\t\talt=\"https:\/\/files.sunoresearch.com.br\/n\/uploads\/2023\/03\/1420x240-Planilha-controle-de-gastos.png\"\n\t\t\t\t>\n\t\t\t<\/picture>\n\t\t<\/a>\n\t<\/p>\n\n\n<p>O <strong>Ibovespa hoje<\/strong> abriu em leve alta enquanto o mercado estava atento ao desenvolvimento de vacinas que combatam o <a href=\"https:\/\/www.suno.com.br\/noticias\/search\/coronav%C3%ADrus\">novo coronav\u00edrus (Covid-19)<\/a>.<\/p>\n<p>Ficou no radar dos investidores as informa\u00e7\u00f5es divulgadas pelo Instituto Butantan na \u00faltima ter\u00e7a, quando sinalizou uma efic\u00e1cia global de 50,38% da <strong>Coronavac<\/strong>, imunizante a ser produzido junto ao laborat\u00f3rio chin\u00eas Sinovac.<\/p>\n<p><a href=\"https:\/\/lp.suno.com.br\/suno-one\/\">Suno One: acesse gratuitamente eBooks, Minicursos, Artigos e Video Aulas sobre investimentos com um \u00fanico cadastro. Clique para saber mais!<\/a><\/p>\n<h2>Principais not\u00edcias que movimentaram o Ibovespa<\/h2>\n<p>Al\u00e9m disso, veja as principais not\u00edcias que movimentaram o mercado durante esta quarta-feira:<\/p>\n<ul>\n<li>Andr\u00e9 Brand\u00e3o pode deixar comando do <strong>Banco do Brasil (BBAS3)<\/strong><\/li>\n<li>Ministro acredita em privatiza\u00e7\u00e3o da <strong>Eletrobras (ELET3)<\/strong> no 1\u00ba semestre<\/li>\n<li><strong>Embraer (EMBR3)<\/strong> recebe mais duas encomendas da Congo Airways<\/li>\n<li><strong>Carrefour (CRFB3)<\/strong> pode ser comprado por gigante canadense<\/li>\n<li>Bolsas no exterior<\/li>\n<li>\u00daltima\u00a0<strong>cota\u00e7\u00e3o do Ibovespa\u00a0<\/strong><\/li>\n<\/ul>\n<h2>Andr\u00e9 Brand\u00e3o pode deixar comando do Banco do Brasil<\/h2>\n<p>O atual presidente do <a href=\"https:\/\/www.suno.com.br\/acoes\/bbas3\/\"><strong>Banco do Brasil<\/strong> (BBSA3)<\/a>, Andr\u00e9 Brand\u00e3o, pode estar para deixar o cargo menos de cinco meses ap\u00f3s ser indicado pelo presidente <strong>Jair Bolsonaro.<\/strong> A informa\u00e7\u00e3o \u00e9 da revista Veja.<\/p>\n<p>Fontes do governo escutadas pelo ve\u00edculo afirmaram que a mudan\u00e7a est\u00e1 sendo &#8220;seriamente considerada pelo planalto&#8221;. <strong>Andr\u00e9 Brand\u00e3o<\/strong>, entretanto, n\u00e3o ser\u00e1 exonerado. O atual presidente do Banco do Brasil deve ser remanejado para outra fun\u00e7\u00e3o estrat\u00e9gica pela equipe do Minist\u00e9rio da Economia.<\/p>\n\t<div data-element=\"shortcode-read-more\" class=\"knowMore\">\n\t\t\t\t<span class=\"knowMore__title\">Saiba mais <\/span>\n\t\t\t\t<a class=\"knowMore__link\" href=\"https:\/\/www.suno.com.br\/noticias\/andre-brandao-pode-deixar-comando-do-banco-do-brasil-bbas3-diz-revista\/\">\n\t\t\tAndr\u00e9 Brand\u00e3o pode deixar comando do Banco do Brasil (BBAS3), diz revista\t\t<\/a>\n\t<\/div>\n\n\n<p>A poss\u00edvel mudan\u00e7a vem dois depois de institui\u00e7\u00e3o anunciar uma <a href=\"https:\/\/www.suno.com.br\/artigos\/downsizing\/\"><strong>reestrutura\u00e7\u00e3o<\/strong><\/a> em que desativar\u00e1 361 unidades f\u00edsicas para focar em sua digitaliza\u00e7\u00e3o. 112 ag\u00eancias, sete escrit\u00f3rios e 242 postos de atendimentos ser\u00e3o fechados. Outras 145 unidades se transformar\u00e3o em lojas, sem guich\u00eas de caixa, voltadas \u00e0 assessoria e ao relacionamento com clientes.<\/p>\n<h2>Privatiza\u00e7\u00e3o da Eletrobras (ELET3)<\/h2>\n<p>O ministro de Minas e Energia, Bento Albuquerque, disse nesta quarta-feira, acreditar que o Congresso aprove a <a href=\"https:\/\/www.suno.com.br\/artigos\/privatizacao\/\">privatiza\u00e7\u00e3o<\/a> da <a href=\"https:\/\/www.suno.com.br\/acoes\/elet3\/\" target=\"_blank\" rel=\"noopener noreferrer\"><strong>Eletrobras<\/strong> (ELET3)<\/a> ainda no 1\u00ba semestre deste ano. Ele afirmou que, caso a estimativa se concretize, ser\u00e1 poss\u00edvel iniciar a implementa\u00e7\u00e3o da capitaliza\u00e7\u00e3o da empresa no segundo semestre.<\/p>\n<p>&#8220;\u00c9 dif\u00edcil fazer uma previs\u00e3o, mas no caso da <strong>Eletrobras<\/strong> n\u00f3s temos trabalhado com o <strong>Congresso<\/strong> desde meados de 2019 e n\u00e3o paramos em 2020, apesar da pandemia. Evidentemente uma mat\u00e9ria dessa n\u00e3o tinha condi\u00e7\u00f5es de ser apreciada, ela precisa de uma participa\u00e7\u00e3o presencial dos parlamentares&#8221;, disse em entrevista ao site <i>MegaWhat<\/i>.<\/p>\n\t<div data-element=\"shortcode-read-more\" class=\"knowMore\">\n\t\t\t\t<span class=\"knowMore__title\">Saiba mais<\/span>\n\t\t\t\t<a class=\"knowMore__link\" href=\"https:\/\/www.suno.com.br\/noticias\/eletrobras-privatizacao-ministro-elet3\/\">\n\t\t\tMinistro acredita em privatiza\u00e7\u00e3o da Eletrobras (ELET3) no 1\u00ba semestre\t\t<\/a>\n\t<\/div>\n\n\n<p>O projeto foi enviado ao Congresso pelo<strong> governo federal<\/strong> ainda em 2019, mas desde ent\u00e3o n\u00e3o avan\u00e7ou. N\u00e3o h\u00e1 sequer comiss\u00e3o instalada para discuss\u00e3o do tema, fase inicial da tramita\u00e7\u00e3o. <strong>Albuquerque<\/strong>, no entanto, disse acreditar em uma discuss\u00e3o &#8220;c\u00e9lere&#8221;. &#8220;O projeto de lei que n\u00f3s encaminhamos j\u00e1 est\u00e1 sendo aperfei\u00e7oado&#8221;, afirmou.<\/p>\n<h2>Embraer (EMBR3)<\/h2>\n<p>A <a href=\"https:\/\/www.suno.com.br\/acoes\/EMBR3\"><strong>Embraer<\/strong> (EMBR3)<\/a> comunicou ao mercado que a Congo Airways encomendou mais dois jatos E195-E2. O pedido foi feito depois de seis que a companhia a\u00e9rea da Rep\u00fablica do Congo tinha solicitado duas aeronaves E190-E2. O contrato dos quatro avi\u00f5es tem um valor total de US$ 272 milh\u00f5es (cerca de R$ 1,4 bilh\u00e3o).<\/p>\n<p>&#8220;O<strong> continente africano<\/strong> tem sido, j\u00e1 h\u00e1 muito tempo, considerado um mercado de frequ\u00eancias geralmente baixas e rotas longas. \u00c0 medida que as companhias a\u00e9reas retomam as opera\u00e7\u00f5es, a fam\u00edlia de <strong>jatos E2<\/strong> est\u00e1 perfeitamente posicionada, com o tamanho ideal, para atuar em rotas anteriormente operadas por aeronaves de corredor \u00fanico&#8221;, disse o vice-presidente comercial da Embraer, <strong>Cesar Pereira<\/strong>.<\/p>\n\t<div data-element=\"shortcode-read-more\" class=\"knowMore\">\n\t\t\t\t<span class=\"knowMore__title\">Saiba mais<\/span>\n\t\t\t\t<a class=\"knowMore__link\" href=\"https:\/\/www.suno.com.br\/noticias\/embraer-embr3-encomendas-congo-airways\/\">\n\t\t\tEmbraer (EMBR3) recebe mais duas encomendas da Congo Airways\t\t<\/a>\n\t<\/div>\n\n\n<p>Segundo o comunicado, o <strong>E195-2<\/strong> ser\u00e1 configurado com um layout de duas classes e 120 assentos, sendo 12 na executiva e 108 na econ\u00f4mica. Uma capacidade adicional de 25% quando comparada a configura\u00e7\u00e3o de 96 assentos escolhida<strong> Congo Airways<\/strong> para seus <strong>E190-E2s<\/strong>.<\/p>\n<h2>Carrefour (CRFB3)<\/h2>\n<p>O <a href=\"https:\/\/www.suno.com.br\/acoes\/crfb3\/\"><strong>Carrefour<\/strong> (CRFB3)<\/a> poder\u00e1 ser comprado pela gigante canadense Alimentation Couche-Tard, do segmento de lojas de conveni\u00eancia. As informa\u00e7\u00f5es foram reveladas pela <em>Bloomberg<\/em> na noite \u00faltima ter\u00e7a-feira (12).<\/p>\n<p>Embora a <strong>Couche-Tard<\/strong> tenha realizado um contato inicial com o Carrefour acerca do neg\u00f3cio, ainda n\u00e3o h\u00e1 certeza de que as delibera\u00e7\u00f5es levar\u00e3o a uma transa\u00e7\u00e3o.<\/p>\n\t<div data-element=\"shortcode-read-more\" class=\"knowMore\">\n\t\t\t\t<span class=\"knowMore__title\">Saiba mais<\/span>\n\t\t\t\t<a class=\"knowMore__link\" href=\"https:\/\/www.suno.com.br\/noticias\/carrefour-crfb3-comprado-por-gigante-canadense\/\">\n\t\t\tCarrefour (CRFB3) pode ser comprado por gigante canadense\t\t<\/a>\n\t<\/div>\n\n\n<p>Os pap\u00e9is do Carrefour acumulam uma alta de 10% na <strong>Bolsa de Valores de Paris<\/strong> neste ano, levando o <a href=\"https:\/\/www.suno.com.br\/artigos\/valor-de-mercado\/#:~:text=O%20Valor%20de%20Mercado%20%C3%A9,o%20patrim%C3%B4nio%20l%C3%ADquido%20da%20empresa.\">valor de mercado<\/a> da empresa para 12,6 bilh\u00f5es de euros (cerca de R$ 81,98 bilh\u00f5es). No fechamento do preg\u00e3o da \u00faltima ter\u00e7a, a Couche-Tard, por sua vez, era avaliada em US$ 37 bilh\u00f5es (aproximadamente R$ 196,96 bilh\u00f5es).<\/p>\n<h2>Bolsas no exterior<\/h2>\n<p>Confira tamb\u00e9m o desempenho dos principais \u00edndices acion\u00e1rios no exterior<\/p>\n<ul>\n<li>Nova York (<a href=\"https:\/\/www.suno.com.br\/artigos\/sp-500\/\">S&amp;P 500<\/a>): +0,23% &#8211; 3.809,84<\/li>\n<li>Londres (<a href=\"https:\/\/www.suno.com.br\/artigos\/ftse-100\/\"><strong>FTSE 100<\/strong><\/a>): -0,13% &#8211; 6.745,52<\/li>\n<li>Frankfurt (<a href=\"https:\/\/www.suno.com.br\/artigos\/dax-30\/\"><strong>DAX 30<\/strong>)<\/a>: +0,11% &#8211; 13.939,71<\/li>\n<li>Paris (<a href=\"https:\/\/www.suno.com.br\/artigos\/cac-40\/\"><strong>CAC 40<\/strong><\/a>): +0,21% &#8211; 5.662,67<\/li>\n<li>Hong Kong (<a href=\"https:\/\/www.suno.com.br\/artigos\/hang-seng\/\"><strong>Hang Seng<\/strong><\/a>): -0,15% &#8211; 28.235,60<\/li>\n<li>Xangai (<strong>SSE Composite<\/strong>): -0,27% &#8211; 3.598,65<\/li>\n<li>T\u00f3quio (<a href=\"https:\/\/www.suno.com.br\/artigos\/nikkei-225\/\"><strong>Nikkei 225<\/strong><\/a>): +1,04% &#8211; 28.456,59<\/li>\n<\/ul>\n<h2>\u00daltima cota\u00e7\u00e3o do Ibovespa<\/h2>\n<p>O\u00a0<strong>Ibovespa<\/strong> encerrou as negocia\u00e7\u00f5es na \u00faltima ter\u00e7a-feira com uma alta de 0,60%, a 123.998,00 pontos.<\/p>\n\t<p>\n\t\t<a href=\"https:\/\/lp.suno.com.br\/planilha-de-controle-de-investimentos\/\" target=\"_blank\" data-element=\"shortcode-suno-banner\" title=\"Banner SUNO, clique e saiba mais\">\n\t\t\t<picture>\n\t\t\t\t<source media=\"(max-width: 500px)\" srcset=\"https:\/\/files.sunoresearch.com.br\/n\/uploads\/2023\/03\/400x300-Controle-de-Investimentos.png\">\n\t\t\t\t<img class=\"newsContent__article__imgCapa newsContent__article__imgCapa--banner\"\n\t\t\t\t\tsrc=\"https:\/\/files.sunoresearch.com.br\/n\/uploads\/2023\/03\/1420x240-Controle-de-Investimentos.png\"\n\t\t\t\t\tdata-promo-id=\"75934\"\t\t\t\t\t\t\t\t\t\twidth='1420' height='240'\t\t\t\t\talt=\"https:\/\/files.sunoresearch.com.br\/n\/uploads\/2023\/03\/1420x240-Controle-de-Investimentos.png\"\n\t\t\t\t>\n\t\t\t<\/picture>\n\t\t<\/a>\n\t<\/p>\n\n\n","protected":false},"excerpt":{"rendered":"<p>O\u00a0Ibovespa\u00a0encerrou o preg\u00e3o desta quarta-feira (13) em queda de 1,67%, a 121.933,08 pontos. O\u00a0Ibovespa encerrou as negocia\u00e7\u00f5es na \u00faltima ter\u00e7a-feira com uma alta de 0,60%, a 123.998,00 pontos. O Ibovespa hoje abriu em leve alta enquanto o mercado estava atento ao desenvolvimento de vacinas que combatam o novo coronav\u00edrus (Covid-19). Ficou no radar dos investidores [&hellip;]<\/p>\n","protected":false},"author":39,"featured_media":113155,"comment_status":"closed","ping_status":"closed","sticky":false,"template":"","format":"standard","meta":[],"categories":[60],"tags":[732,2105,309,1937,405,455,460,721],"suno_strategy":[],"class_list":["post-113149","post","type-post","status-publish","format-standard","has-post-thumbnail","hentry","category-mercado","tag-banco-do-brasil-bbas3","tag-bento-albuquerque","tag-bolsa-de-valores","tag-bolsa-de-valores-de-sao-paulo-b3","tag-carrefour-crfb3","tag-eletrobras-elet3-elet5-elet6","tag-embraer-embr3","tag-ibovespa"],"yoast_head":"<!-- This site is optimized with the Yoast SEO plugin v24.4 - https:\/\/yoast.com\/wordpress\/plugins\/seo\/ -->\n<title>Ibovespa fecha em queda de 1,67%, a 121.933,08 pontos<\/title>\n<meta name=\"description\" content=\"O\u00a0Ibovespa\u00a0encerrou o preg\u00e3o desta quarta-feira (13) em queda de 1,67%, a 121.933,08 pontos. Clique aqui e saiba mais sobre o Ibovespa hoje.\" \/>\n<meta name=\"robots\" content=\"index, follow, max-snippet:-1, max-image-preview:large, max-video-preview:-1\" \/>\n<link rel=\"canonical\" href=\"https:\/\/www.suno.com.br\/noticias\/ibovespa-fecha-em-queda-13012020\/\" \/>\n<meta property=\"og:locale\" content=\"pt_BR\" \/>\n<meta property=\"og:type\" content=\"article\" \/>\n<meta property=\"og:title\" content=\"Ibovespa fecha em queda de 1,67%, a 121.933,08 pontos\" \/>\n<meta property=\"og:description\" content=\"O\u00a0Ibovespa\u00a0encerrou o preg\u00e3o desta quarta-feira (13) em queda de 1,67%, a 121.933,08 pontos. Clique aqui e saiba mais sobre o Ibovespa hoje.\" \/>\n<meta property=\"og:url\" content=\"https:\/\/www.suno.com.br\/noticias\/ibovespa-fecha-em-queda-13012020\/\" \/>\n<meta property=\"og:site_name\" content=\"Suno Not\u00edcias\" \/>\n<meta property=\"article:publisher\" content=\"https:\/\/facebook.com\/sunoresearch\" \/>\n<meta property=\"og:image\" content=\"https:\/\/files.sunoresearch.com.br\/n\/uploads\/2021\/01\/346a3fd5-ibovespa.jpg\" \/>\n\t<meta property=\"og:image:width\" content=\"1024\" \/>\n\t<meta property=\"og:image:height\" content=\"682\" \/>\n\t<meta property=\"og:image:type\" content=\"image\/jpeg\" \/>\n<meta name=\"author\" content=\"Laura Moutinho\" \/>\n<meta name=\"twitter:card\" content=\"summary_large_image\" \/>\n<meta name=\"twitter:creator\" content=\"@sunoresearch\" \/>\n<meta name=\"twitter:site\" content=\"@sunoresearch\" \/>\n<meta name=\"twitter:label1\" content=\"Escrito por\" \/>\n\t<meta name=\"twitter:data1\" content=\"Laura Moutinho\" \/>\n\t<meta name=\"twitter:label2\" content=\"Est. tempo de leitura\" \/>\n\t<meta name=\"twitter:data2\" content=\"4 minutos\" \/>\n<script type=\"application\/ld+json\" class=\"yoast-schema-graph\">{\"@context\":\"https:\/\/schema.org\",\"@graph\":[{\"@type\":\"NewsArticle\",\"@id\":\"https:\/\/www.suno.com.br\/noticias\/ibovespa-fecha-em-queda-13012020\/#article\",\"isPartOf\":{\"@id\":\"https:\/\/www.suno.com.br\/noticias\/ibovespa-fecha-em-queda-13012020\/\"},\"author\":{\"name\":\"Laura Moutinho\",\"@id\":\"https:\/\/www.suno.com.br\/noticias\/#\/schema\/person\/3df0d2808748b74496efe5dbeaef2c72\"},\"headline\":\"Ibovespa fecha em queda de 1,67%, a 121.933,08 pontos\",\"datePublished\":\"2021-01-13T21:29:03+00:00\",\"dateModified\":\"2021-05-29T23:29:45+00:00\",\"mainEntityOfPage\":{\"@id\":\"https:\/\/www.suno.com.br\/noticias\/ibovespa-fecha-em-queda-13012020\/\"},\"wordCount\":878,\"publisher\":{\"@id\":\"https:\/\/www.suno.com.br\/noticias\/#organization\"},\"image\":{\"@id\":\"https:\/\/www.suno.com.br\/noticias\/ibovespa-fecha-em-queda-13012020\/#primaryimage\"},\"thumbnailUrl\":\"https:\/\/files.sunoresearch.com.br\/n\/uploads\/2021\/01\/346a3fd5-ibovespa-jpg.webp\",\"keywords\":[\"Banco do Brasil (BBAS3)\",\"Bento Albuquerque\",\"Bolsa de Valores\",\"Bolsa de Valores de S\u00e3o Paulo (B3)\",\"Carrefour (CRFB3)\",\"Eletrobras (ELET3\/ELET5\/ELET6)\",\"Embraer (EMBR3)\",\"Ibovespa\"],\"articleSection\":[\"Mercado\"],\"inLanguage\":\"pt-BR\"},{\"@type\":\"WebPage\",\"@id\":\"https:\/\/www.suno.com.br\/noticias\/ibovespa-fecha-em-queda-13012020\/\",\"url\":\"https:\/\/www.suno.com.br\/noticias\/ibovespa-fecha-em-queda-13012020\/\",\"name\":\"Ibovespa fecha em queda de 1,67%, a 121.933,08 pontos\",\"isPartOf\":{\"@id\":\"https:\/\/www.suno.com.br\/noticias\/#website\"},\"primaryImageOfPage\":{\"@id\":\"https:\/\/www.suno.com.br\/noticias\/ibovespa-fecha-em-queda-13012020\/#primaryimage\"},\"image\":{\"@id\":\"https:\/\/www.suno.com.br\/noticias\/ibovespa-fecha-em-queda-13012020\/#primaryimage\"},\"thumbnailUrl\":\"https:\/\/files.sunoresearch.com.br\/n\/uploads\/2021\/01\/346a3fd5-ibovespa-jpg.webp\",\"datePublished\":\"2021-01-13T21:29:03+00:00\",\"dateModified\":\"2021-05-29T23:29:45+00:00\",\"description\":\"O\u00a0Ibovespa\u00a0encerrou o preg\u00e3o desta quarta-feira (13) em queda de 1,67%, a 121.933,08 pontos. Clique aqui e saiba mais sobre o Ibovespa hoje.\",\"breadcrumb\":{\"@id\":\"https:\/\/www.suno.com.br\/noticias\/ibovespa-fecha-em-queda-13012020\/#breadcrumb\"},\"inLanguage\":\"pt-BR\",\"potentialAction\":[{\"@type\":\"ReadAction\",\"target\":[\"https:\/\/www.suno.com.br\/noticias\/ibovespa-fecha-em-queda-13012020\/\"]}]},{\"@type\":\"ImageObject\",\"inLanguage\":\"pt-BR\",\"@id\":\"https:\/\/www.suno.com.br\/noticias\/ibovespa-fecha-em-queda-13012020\/#primaryimage\",\"url\":\"https:\/\/files.sunoresearch.com.br\/n\/uploads\/2021\/01\/346a3fd5-ibovespa-jpg.webp\",\"contentUrl\":\"https:\/\/files.sunoresearch.com.br\/n\/uploads\/2021\/01\/346a3fd5-ibovespa-jpg.webp\",\"width\":1024,\"height\":682,\"caption\":\"O\u00a0Ibovespa encerrou as negocia\u00e7\u00f5es na \u00faltima ter\u00e7a-feira com uma alta de 0,60%, a 123.998,00 pontos.\"},{\"@type\":\"BreadcrumbList\",\"@id\":\"https:\/\/www.suno.com.br\/noticias\/ibovespa-fecha-em-queda-13012020\/#breadcrumb\",\"itemListElement\":[{\"@type\":\"ListItem\",\"position\":1,\"name\":\"Not\u00edcias\",\"item\":\"https:\/\/www.suno.com.br\/noticias\/\"},{\"@type\":\"ListItem\",\"position\":2,\"name\":\"Mercado\",\"item\":\"https:\/\/www.suno.com.br\/noticias\/mercado\/\"},{\"@type\":\"ListItem\",\"position\":3,\"name\":\"Ibovespa fecha em queda de 1,67%, a 121.933,08 pontos\"}]},{\"@type\":\"WebSite\",\"@id\":\"https:\/\/www.suno.com.br\/noticias\/#website\",\"url\":\"https:\/\/www.suno.com.br\/noticias\/\",\"name\":\"Suno Not\u00edcias\",\"description\":\"Seu portal de informa\u00e7\u00e3o sobre o mundo dos investimentos\",\"publisher\":{\"@id\":\"https:\/\/www.suno.com.br\/noticias\/#organization\"},\"potentialAction\":[{\"@type\":\"SearchAction\",\"target\":{\"@type\":\"EntryPoint\",\"urlTemplate\":\"https:\/\/www.suno.com.br\/noticias\/?s={search_term_string}\"},\"query-input\":{\"@type\":\"PropertyValueSpecification\",\"valueRequired\":true,\"valueName\":\"search_term_string\"}}],\"inLanguage\":\"pt-BR\"},{\"@type\":\"Organization\",\"@id\":\"https:\/\/www.suno.com.br\/noticias\/#organization\",\"name\":\"Suno Not\u00edcias\",\"url\":\"https:\/\/www.suno.com.br\/noticias\/\",\"logo\":{\"@type\":\"ImageObject\",\"inLanguage\":\"pt-BR\",\"@id\":\"https:\/\/www.suno.com.br\/noticias\/#\/schema\/logo\/image\/\",\"url\":\"https:\/\/files.sunoresearch.com.br\/n\/uploads\/2021\/09\/suno-logo.png\",\"contentUrl\":\"https:\/\/files.sunoresearch.com.br\/n\/uploads\/2021\/09\/suno-logo.png\",\"width\":180,\"height\":180,\"caption\":\"Suno Not\u00edcias\"},\"image\":{\"@id\":\"https:\/\/www.suno.com.br\/noticias\/#\/schema\/logo\/image\/\"},\"sameAs\":[\"https:\/\/facebook.com\/sunoresearch\",\"https:\/\/x.com\/sunoresearch\",\"https:\/\/www.instagram.com\/suno\",\"https:\/\/www.linkedin.com\/company\/suno-research\/\",\"https:\/\/www.youtube.com\/c\/sunoresearch\"]},{\"@type\":\"Person\",\"@id\":\"https:\/\/www.suno.com.br\/noticias\/#\/schema\/person\/3df0d2808748b74496efe5dbeaef2c72\",\"name\":\"Laura Moutinho\",\"image\":{\"@type\":\"ImageObject\",\"inLanguage\":\"pt-BR\",\"@id\":\"https:\/\/www.suno.com.br\/noticias\/#\/schema\/person\/image\/\",\"url\":\"https:\/\/secure.gravatar.com\/avatar\/7571c7c8ca3a6fca5e41384ece5557ff?s=96&r=g\",\"contentUrl\":\"https:\/\/secure.gravatar.com\/avatar\/7571c7c8ca3a6fca5e41384ece5557ff?s=96&r=g\",\"caption\":\"Laura Moutinho\"},\"description\":\"Estagi\u00e1ria na Suno Not\u00edcias, escreve not\u00edcias que afetam o mercado financeiro. Estuda administra\u00e7\u00e3o na Universidade Presbiteriana Mackenzie.\",\"url\":\"https:\/\/www.suno.com.br\/noticias\/author\/laura-moutinho\/\"}]}<\/script>\n<!-- \/ Yoast SEO plugin. -->","yoast_head_json":{"title":"Ibovespa fecha em queda de 1,67%, a 121.933,08 pontos","description":"O\u00a0Ibovespa\u00a0encerrou o preg\u00e3o desta quarta-feira (13) em queda de 1,67%, a 121.933,08 pontos. Clique aqui e saiba mais sobre o Ibovespa hoje.","robots":{"index":"index","follow":"follow","max-snippet":"max-snippet:-1","max-image-preview":"max-image-preview:large","max-video-preview":"max-video-preview:-1"},"canonical":"https:\/\/www.suno.com.br\/noticias\/ibovespa-fecha-em-queda-13012020\/","og_locale":"pt_BR","og_type":"article","og_title":"Ibovespa fecha em queda de 1,67%, a 121.933,08 pontos","og_description":"O\u00a0Ibovespa\u00a0encerrou o preg\u00e3o desta quarta-feira (13) em queda de 1,67%, a 121.933,08 pontos. Clique aqui e saiba mais sobre o Ibovespa hoje.","og_url":"https:\/\/www.suno.com.br\/noticias\/ibovespa-fecha-em-queda-13012020\/","og_site_name":"Suno Not\u00edcias","article_publisher":"https:\/\/facebook.com\/sunoresearch","og_image":[{"width":1024,"height":682,"url":"https:\/\/files.sunoresearch.com.br\/n\/uploads\/2021\/01\/346a3fd5-ibovespa.jpg","type":"image\/jpeg"}],"author":"Laura Moutinho","twitter_card":"summary_large_image","twitter_creator":"@sunoresearch","twitter_site":"@sunoresearch","twitter_misc":{"Escrito por":"Laura Moutinho","Est. tempo de leitura":"4 minutos"},"schema":{"@context":"https:\/\/schema.org","@graph":[{"@type":"NewsArticle","@id":"https:\/\/www.suno.com.br\/noticias\/ibovespa-fecha-em-queda-13012020\/#article","isPartOf":{"@id":"https:\/\/www.suno.com.br\/noticias\/ibovespa-fecha-em-queda-13012020\/"},"author":{"name":"Laura Moutinho","@id":"https:\/\/www.suno.com.br\/noticias\/#\/schema\/person\/3df0d2808748b74496efe5dbeaef2c72"},"headline":"Ibovespa fecha em queda de 1,67%, a 121.933,08 pontos","datePublished":"2021-01-13T21:29:03+00:00","dateModified":"2021-05-29T23:29:45+00:00","mainEntityOfPage":{"@id":"https:\/\/www.suno.com.br\/noticias\/ibovespa-fecha-em-queda-13012020\/"},"wordCount":878,"publisher":{"@id":"https:\/\/www.suno.com.br\/noticias\/#organization"},"image":{"@id":"https:\/\/www.suno.com.br\/noticias\/ibovespa-fecha-em-queda-13012020\/#primaryimage"},"thumbnailUrl":"https:\/\/files.sunoresearch.com.br\/n\/uploads\/2021\/01\/346a3fd5-ibovespa-jpg.webp","keywords":["Banco do Brasil (BBAS3)","Bento Albuquerque","Bolsa de Valores","Bolsa de Valores de S\u00e3o Paulo (B3)","Carrefour (CRFB3)","Eletrobras (ELET3\/ELET5\/ELET6)","Embraer (EMBR3)","Ibovespa"],"articleSection":["Mercado"],"inLanguage":"pt-BR"},{"@type":"WebPage","@id":"https:\/\/www.suno.com.br\/noticias\/ibovespa-fecha-em-queda-13012020\/","url":"https:\/\/www.suno.com.br\/noticias\/ibovespa-fecha-em-queda-13012020\/","name":"Ibovespa fecha em queda de 1,67%, a 121.933,08 pontos","isPartOf":{"@id":"https:\/\/www.suno.com.br\/noticias\/#website"},"primaryImageOfPage":{"@id":"https:\/\/www.suno.com.br\/noticias\/ibovespa-fecha-em-queda-13012020\/#primaryimage"},"image":{"@id":"https:\/\/www.suno.com.br\/noticias\/ibovespa-fecha-em-queda-13012020\/#primaryimage"},"thumbnailUrl":"https:\/\/files.sunoresearch.com.br\/n\/uploads\/2021\/01\/346a3fd5-ibovespa-jpg.webp","datePublished":"2021-01-13T21:29:03+00:00","dateModified":"2021-05-29T23:29:45+00:00","description":"O\u00a0Ibovespa\u00a0encerrou o preg\u00e3o desta quarta-feira (13) em queda de 1,67%, a 121.933,08 pontos. Clique aqui e saiba mais sobre o Ibovespa hoje.","breadcrumb":{"@id":"https:\/\/www.suno.com.br\/noticias\/ibovespa-fecha-em-queda-13012020\/#breadcrumb"},"inLanguage":"pt-BR","potentialAction":[{"@type":"ReadAction","target":["https:\/\/www.suno.com.br\/noticias\/ibovespa-fecha-em-queda-13012020\/"]}]},{"@type":"ImageObject","inLanguage":"pt-BR","@id":"https:\/\/www.suno.com.br\/noticias\/ibovespa-fecha-em-queda-13012020\/#primaryimage","url":"https:\/\/files.sunoresearch.com.br\/n\/uploads\/2021\/01\/346a3fd5-ibovespa-jpg.webp","contentUrl":"https:\/\/files.sunoresearch.com.br\/n\/uploads\/2021\/01\/346a3fd5-ibovespa-jpg.webp","width":1024,"height":682,"caption":"O\u00a0Ibovespa encerrou as negocia\u00e7\u00f5es na \u00faltima ter\u00e7a-feira com uma alta de 0,60%, a 123.998,00 pontos."},{"@type":"BreadcrumbList","@id":"https:\/\/www.suno.com.br\/noticias\/ibovespa-fecha-em-queda-13012020\/#breadcrumb","itemListElement":[{"@type":"ListItem","position":1,"name":"Not\u00edcias","item":"https:\/\/www.suno.com.br\/noticias\/"},{"@type":"ListItem","position":2,"name":"Mercado","item":"https:\/\/www.suno.com.br\/noticias\/mercado\/"},{"@type":"ListItem","position":3,"name":"Ibovespa fecha em queda de 1,67%, a 121.933,08 pontos"}]},{"@type":"WebSite","@id":"https:\/\/www.suno.com.br\/noticias\/#website","url":"https:\/\/www.suno.com.br\/noticias\/","name":"Suno Not\u00edcias","description":"Seu portal de informa\u00e7\u00e3o sobre o mundo dos investimentos","publisher":{"@id":"https:\/\/www.suno.com.br\/noticias\/#organization"},"potentialAction":[{"@type":"SearchAction","target":{"@type":"EntryPoint","urlTemplate":"https:\/\/www.suno.com.br\/noticias\/?s={search_term_string}"},"query-input":{"@type":"PropertyValueSpecification","valueRequired":true,"valueName":"search_term_string"}}],"inLanguage":"pt-BR"},{"@type":"Organization","@id":"https:\/\/www.suno.com.br\/noticias\/#organization","name":"Suno Not\u00edcias","url":"https:\/\/www.suno.com.br\/noticias\/","logo":{"@type":"ImageObject","inLanguage":"pt-BR","@id":"https:\/\/www.suno.com.br\/noticias\/#\/schema\/logo\/image\/","url":"https:\/\/files.sunoresearch.com.br\/n\/uploads\/2021\/09\/suno-logo.png","contentUrl":"https:\/\/files.sunoresearch.com.br\/n\/uploads\/2021\/09\/suno-logo.png","width":180,"height":180,"caption":"Suno Not\u00edcias"},"image":{"@id":"https:\/\/www.suno.com.br\/noticias\/#\/schema\/logo\/image\/"},"sameAs":["https:\/\/facebook.com\/sunoresearch","https:\/\/x.com\/sunoresearch","https:\/\/www.instagram.com\/suno","https:\/\/www.linkedin.com\/company\/suno-research\/","https:\/\/www.youtube.com\/c\/sunoresearch"]},{"@type":"Person","@id":"https:\/\/www.suno.com.br\/noticias\/#\/schema\/person\/3df0d2808748b74496efe5dbeaef2c72","name":"Laura Moutinho","image":{"@type":"ImageObject","inLanguage":"pt-BR","@id":"https:\/\/www.suno.com.br\/noticias\/#\/schema\/person\/image\/","url":"https:\/\/secure.gravatar.com\/avatar\/7571c7c8ca3a6fca5e41384ece5557ff?s=96&r=g","contentUrl":"https:\/\/secure.gravatar.com\/avatar\/7571c7c8ca3a6fca5e41384ece5557ff?s=96&r=g","caption":"Laura Moutinho"},"description":"Estagi\u00e1ria na Suno Not\u00edcias, escreve not\u00edcias que afetam o mercado financeiro. Estuda administra\u00e7\u00e3o na Universidade Presbiteriana Mackenzie.","url":"https:\/\/www.suno.com.br\/noticias\/author\/laura-moutinho\/"}]}},"default_loop_html":"<div class=\"cardsPage__listCard__boxs\"><div class=\"cardsPage__listCard__boxs__img\"><a href=\"https:\/\/www.suno.com.br\/noticias\/ibovespa-fecha-em-queda-13012020\/\"><img class=\"mask\" src=\"https:\/\/www.suno.com.br\/noticias\/wp-content\/themes\/suno\/resources\/images\/spotlight\/spotlight1img\/bg-mask.png\" alt=\"Image Mask\"\/><img src=\"https:\/\/files.sunoresearch.com.br\/n\/uploads\/2021\/01\/346a3fd5-ibovespa-400x200.webp\" alt=\"Ibovespa fecha em queda de 1,67%, a 121.933,08 pontos\"\/><\/a><span class=\"spotlightCategory\"><a href=\"https:\/\/www.suno.com.br\/noticias\/mercado\/\">Mercado<\/a><\/span><\/div><div class=\"cardsPage__listCard__boxs__content\"><a href=\"https:\/\/www.suno.com.br\/noticias\/ibovespa-fecha-em-queda-13012020\/\"><h2 class=\"content__title\">Ibovespa fecha em queda de 1,67%, a 121.933,08 pontos<\/h2><\/a><div class=\"newsContent__article__meta\"><div class=\"newsContent__article__meta__authorBox\"><a href=\"https:\/\/www.suno.com.br\/noticias\/author\/laura-moutinho\/\" class=\"authorBox__avatar noMobi\"><img src=\"https:\/\/files.sunoresearch.com.br\/n\/uploads\/2020\/08\/531ff69d-whatsapp-image-2020-08-03-at-14.54.38-150x150.webp\" alt=\"Laura Moutinho\"><\/a><div class=\"authorBox__name\"><span>por\n\t\t\t<a href=\"https:\/\/www.suno.com.br\/noticias\/author\/laura-moutinho\/\"><span itemprop=\"author\">Laura Moutinho<\/span><\/a><\/span><time datetime=\"2021-01-13T18:29:03-03:00\" itemprop=\"datePublished\">13\/01\/2021 18:29<\/time><\/div><\/div><\/div><\/div><\/div>","single_layout":"posts","amp_enabled":true,"_links":{"self":[{"href":"https:\/\/www.suno.com.br\/noticias\/wp-json\/wp\/v2\/posts\/113149"}],"collection":[{"href":"https:\/\/www.suno.com.br\/noticias\/wp-json\/wp\/v2\/posts"}],"about":[{"href":"https:\/\/www.suno.com.br\/noticias\/wp-json\/wp\/v2\/types\/post"}],"author":[{"embeddable":true,"href":"https:\/\/www.suno.com.br\/noticias\/wp-json\/wp\/v2\/users\/39"}],"replies":[{"embeddable":true,"href":"https:\/\/www.suno.com.br\/noticias\/wp-json\/wp\/v2\/comments?post=113149"}],"version-history":[{"count":1,"href":"https:\/\/www.suno.com.br\/noticias\/wp-json\/wp\/v2\/posts\/113149\/revisions"}],"predecessor-version":[{"id":147225,"href":"https:\/\/www.suno.com.br\/noticias\/wp-json\/wp\/v2\/posts\/113149\/revisions\/147225"}],"wp:featuredmedia":[{"embeddable":true,"href":"https:\/\/www.suno.com.br\/noticias\/wp-json\/wp\/v2\/media\/113155"}],"wp:attachment":[{"href":"https:\/\/www.suno.com.br\/noticias\/wp-json\/wp\/v2\/media?parent=113149"}],"wp:term":[{"taxonomy":"category","embeddable":true,"href":"https:\/\/www.suno.com.br\/noticias\/wp-json\/wp\/v2\/categories?post=113149"},{"taxonomy":"post_tag","embeddable":true,"href":"https:\/\/www.suno.com.br\/noticias\/wp-json\/wp\/v2\/tags?post=113149"},{"taxonomy":"suno_strategy","embeddable":true,"href":"https:\/\/www.suno.com.br\/noticias\/wp-json\/wp\/v2\/suno_strategy?post=113149"}],"curies":[{"name":"wp","href":"https:\/\/api.w.org\/{rel}","templated":true}]}}