{"id":113076,"date":"2021-01-13T14:26:38","date_gmt":"2021-01-13T17:26:38","guid":{"rendered":"https:\/\/www.suno.com.br\/noticias\/?p=113076"},"modified":"2021-01-13T18:43:06","modified_gmt":"2021-01-13T21:43:06","slug":"andre-brandao-pode-deixar-comando-do-banco-do-brasil-bbas3-diz-revista","status":"publish","type":"post","link":"https:\/\/www.suno.com.br\/noticias\/andre-brandao-pode-deixar-comando-do-banco-do-brasil-bbas3-diz-revista\/","title":{"rendered":"Andr\u00e9 Brand\u00e3o pode deixar comando do Banco do Brasil (BBAS3), diz revista"},"content":{"rendered":"<p>O atual presidente do <a href=\"https:\/\/www.suno.com.br\/acoes\/bbas3\/\"><strong>Banco do Brasil<\/strong> (BBSA3)<\/a>, Andr\u00e9 Brand\u00e3o, pode estar para deixar o cargo menos de cinco meses ap\u00f3s ser indicado pelo presidente Jair Bolsonaro. A informa\u00e7\u00e3o \u00e9 da revista Veja.<\/p>\t<div class=\"wrapper-featured-image\">\n\t\t<figure class=\"spotlightImg\">\n\n\t\t\t<picture>\n\t\t\t\t<source media=\"(max-width: 768px)\" srcset=\"https:\/\/files.sunoresearch.com.br\/n\/uploads\/2021\/01\/ef37af29-bancodobrasil.jpg-400x200.webp\">\n\t\t\t\t<img loading=\"lazy\" decoding=\"async\" class=\"newsContent__article__imgCapa lazyloadDisabled \" src=\"https:\/\/files.sunoresearch.com.br\/n\/uploads\/2021\/01\/ef37af29-bancodobrasil.jpg-800x450.webp\" width=\"800\" height=\"450\" alt=\"Andr\u00e9 Brand\u00e3o pode deixar comando do Banco do Brasil (BBAS3), diz revista\" fetchpriority=high \/>\n\t\t\t<\/picture>\n\n\t\t\t<figcaption class=\"wp-caption-text wp-caption-text--show\">Andr\u00e9 Brand\u00e3o pode deixar presid\u00eancia do Banco do Brasil<\/figcaption>\n\t\t<\/figure>\n\t<\/div>\n\n\n<p><span style=\"font-weight: 400;\">\t<p>\n\t\t<a href=\"https:\/\/lp.suno.com.br\/planilha-controle-gastos\/\" target=\"_blank\" data-element=\"shortcode-suno-banner\" title=\"Banner SUNO, clique e saiba mais\">\n\t\t\t<picture>\n\t\t\t\t<source media=\"(max-width: 500px)\" srcset=\"https:\/\/files.sunoresearch.com.br\/n\/uploads\/2023\/03\/400x300-Planilha-controle-de-gastos.png\">\n\t\t\t\t<img class=\"newsContent__article__imgCapa newsContent__article__imgCapa--banner\"\n\t\t\t\t\tsrc=\"https:\/\/files.sunoresearch.com.br\/n\/uploads\/2023\/03\/1420x240-Planilha-controle-de-gastos.png\"\n\t\t\t\t\tdata-promo-id=\"101751\"\t\t\t\t\t\t\t\t\t\twidth='1420' height='240'\t\t\t\t\talt=\"https:\/\/files.sunoresearch.com.br\/n\/uploads\/2023\/03\/1420x240-Planilha-controle-de-gastos.png\"\n\t\t\t\t>\n\t\t\t<\/picture>\n\t\t<\/a>\n\t<\/p>\n\n<\/span><\/p>\n<p>Fontes do governo escutadas pelo ve\u00edculo afirmaram que a mudan\u00e7a est\u00e1 sendo &#8220;seriamente considerada pelo planalto&#8221;. <strong>Andr\u00e9 Brand\u00e3o<\/strong>, entretanto, n\u00e3o ser\u00e1 exonerado. O atual presidente do Banco do Brasil deve ser remanejado para outra fun\u00e7\u00e3o estrat\u00e9gica pela equipe do Minist\u00e9rio da Economia.<\/p>\n<p>A poss\u00edvel mudan\u00e7a vem dois depois de institui\u00e7\u00e3o anunciar uma <a href=\"https:\/\/www.suno.com.br\/artigos\/downsizing\/\"><strong>reestrutura\u00e7\u00e3o<\/strong><\/a> em que desativar\u00e1 361 unidades f\u00edsicas para focar em sua digitaliza\u00e7\u00e3o. 112 ag\u00eancias, sete escrit\u00f3rios e 242 postos de atendimentos ser\u00e3o fechados. Outras 145 unidades se transformar\u00e3o em lojas, sem guich\u00eas de caixa, voltadas \u00e0 assessoria e ao relacionamento com clientes.<\/p>\n<p><iframe loading=\"lazy\" title=\"?Privatiza\u00e7\u00e3o da Eletrobras (ELET3)?, mudan\u00e7a na presid\u00eancia do Banco do Brasil (BBAS3)\" width=\"1080\" height=\"608\" src=\"https:\/\/www.youtube.com\/embed\/o3Cjv8M8ZLU?feature=oembed&#038;enablejsapi=1&#038;origin=https:\/\/www.suno.com.br\" frameborder=\"0\" allow=\"accelerometer; autoplay; clipboard-write; encrypted-media; gyroscope; picture-in-picture\" allowfullscreen><\/iframe><\/p>\n<p>Al\u00e9m disso, o Banco do Brasil anunciou tamb\u00e9m dois novos programas de desligamentos volunt\u00e1rios com o intuito de diminuir seu quadro de funcion\u00e1rios em at\u00e9 cinco mil pessoas.<\/p>\n<p><a href=\"https:\/\/lp.suno.com.br\/suno-one\/\"><span style=\"font-weight: 400;\">Suno One: acesse gratuitamente eBooks, Minicursos, Artigos e Video Aulas sobre investimentos com um \u00fanico cadastro. Clique para saber mais!<\/span><\/a><\/p>\n<p>&#8220;A reorganiza\u00e7\u00e3o da rede de atendimento objetiva sua adequa\u00e7\u00e3o ao novo perfil e comportamento dos clientes e compreende, al\u00e9m das medidas de otimiza\u00e7\u00e3o de estrutura, outros movimentos de revis\u00e3o e redimensionamento nas diretorias, \u00e1reas de apoio e rede, priorizando a especializa\u00e7\u00e3o do atendimento e a amplia\u00e7\u00e3o da oferta de solu\u00e7\u00f5es digitais&#8221;, afirma em documento.<\/p>\n<p><span style=\"font-weight: 400;\">\t<div data-element=\"shortcode-read-more\" class=\"knowMore\">\n\t\t\t\t<span class=\"knowMore__title\">Saiba mais<\/span>\n\t\t\t\t<a class=\"knowMore__link\" href=\"https:\/\/www.suno.com.br\/noticias\/andre-brandao-novo-presidente-banco-brasil-bbas3\/\">\n\t\t\tAndr\u00e9 Brand\u00e3o \u00e9 o novo presidente do Banco do Brasil (BBAS3)\t\t<\/a>\n\t<\/div>\n\n<\/span><\/p>\n<h2>An\u00fancio de reestrutura\u00e7\u00e3o do Banco do Brasil desagradou associa\u00e7\u00e3o de funcion\u00e1rios<\/h2>\n<p>O an\u00fancio desagradou a Associa\u00e7\u00e3o Nacional dos Funcion\u00e1rios do Banco do Brasil (ANABB), que solicitou esclarecimentos sobre as medidas de redimensionamento. Em nota, a associa\u00e7\u00e3o afirmou que a movimenta\u00e7\u00e3o \u00e9 uma &#8220;cortina de fuma\u00e7a&#8221; para um processo de <a href=\"https:\/\/www.suno.com.br\/artigos\/privatizacao\/\"><strong>privatiza\u00e7\u00e3o<\/strong><\/a>.<\/p>\n<p><span style=\"font-weight: 400;\">\t<p>\n\t\t<a href=\"https:\/\/lp.suno.com.br\/ebook-como-analisar-uma-acao\/\" target=\"_blank\" data-element=\"shortcode-suno-banner\" title=\"Banner SUNO, clique e saiba mais\">\n\t\t\t<picture>\n\t\t\t\t<source media=\"(max-width: 500px)\" srcset=\"https:\/\/files.sunoresearch.com.br\/n\/uploads\/2023\/03\/Ebook-Acoes-Mobile.jpg\">\n\t\t\t\t<img class=\"newsContent__article__imgCapa newsContent__article__imgCapa--banner\"\n\t\t\t\t\tsrc=\"https:\/\/files.sunoresearch.com.br\/n\/uploads\/2023\/03\/Ebook-Acoes-Desktop.jpg\"\n\t\t\t\t\tdata-promo-id=\"378302\"\t\t\t\t\t\t\t\t\t\twidth='1420' height='286'\t\t\t\t\talt=\"https:\/\/files.sunoresearch.com.br\/n\/uploads\/2023\/03\/Ebook-Acoes-Desktop.jpg\"\n\t\t\t\t>\n\t\t\t<\/picture>\n\t\t<\/a>\n\t<\/p>\n\n<\/span><\/p>\n<p>\u201cUma forma de se desfazer de patrim\u00f4nio p\u00fablico \u00e9 ir, gradativamente, enfraquecendo as empresas e comprometendo seu desempenho\u201d, comento o presidente da ANABB, Reinaldo Fujimoto, em documento.<\/p>\n<p>Para a entidade, as altera\u00e7\u00f5es anunciadas sobrecarregar\u00e3o os funcion\u00e1rios do <strong>Banco do Brasil<\/strong>, que tem &#8220;papel hist\u00f3rico e institucional na economia brasileira em momentos de estagna\u00e7\u00e3o econ\u00f4mica&#8221;.<\/p>\n<p><span style=\"font-weight: 400;\">\t<p>\n\t\t<a href=\"https:\/\/lp.suno.com.br\/planilha-de-controle-de-investimentos\/\" target=\"_blank\" data-element=\"shortcode-suno-banner\" title=\"Banner SUNO, clique e saiba mais\">\n\t\t\t<picture>\n\t\t\t\t<source media=\"(max-width: 500px)\" srcset=\"https:\/\/files.sunoresearch.com.br\/n\/uploads\/2023\/03\/400x300-Controle-de-Investimentos.png\">\n\t\t\t\t<img class=\"newsContent__article__imgCapa newsContent__article__imgCapa--banner\"\n\t\t\t\t\tsrc=\"https:\/\/files.sunoresearch.com.br\/n\/uploads\/2023\/03\/1420x240-Controle-de-Investimentos.png\"\n\t\t\t\t\tdata-promo-id=\"75934\"\t\t\t\t\t\t\t\t\t\twidth='1420' height='240'\t\t\t\t\talt=\"https:\/\/files.sunoresearch.com.br\/n\/uploads\/2023\/03\/1420x240-Controle-de-Investimentos.png\"\n\t\t\t\t>\n\t\t\t<\/picture>\n\t\t<\/a>\n\t<\/p>\n\n<\/span><\/p>\n<p>&nbsp;<\/p>\n","protected":false},"excerpt":{"rendered":"<p>O atual presidente do Banco do Brasil (BBSA3), Andr\u00e9 Brand\u00e3o, pode estar para deixar o cargo menos de cinco meses ap\u00f3s ser indicado pelo presidente Jair Bolsonaro. A informa\u00e7\u00e3o \u00e9 da revista Veja. Andr\u00e9 Brand\u00e3o pode deixar presid\u00eancia do Banco do Brasil Fontes do governo escutadas pelo ve\u00edculo afirmaram que a mudan\u00e7a est\u00e1 sendo &#8220;seriamente [&hellip;]<\/p>\n","protected":false},"author":59,"featured_media":113079,"comment_status":"closed","ping_status":"closed","sticky":false,"template":"","format":"standard","meta":[],"categories":[64],"tags":[91927,732,945],"suno_strategy":[],"class_list":["post-113076","post","type-post","status-publish","format-standard","has-post-thumbnail","hentry","category-negocios","tag-andre-brandao","tag-banco-do-brasil-bbas3","tag-privatizacoes"],"yoast_head":"<!-- This site is optimized with the Yoast SEO plugin v24.4 - https:\/\/yoast.com\/wordpress\/plugins\/seo\/ -->\n<title>Presidente do Banco do Brasil (BBAS3) pode estar de sa\u00edda, diz revista<\/title>\n<meta name=\"description\" content=\"O presidente do Banco do Brasil, Andr\u00e9 Brand\u00e3o, pode deixar o cargo menos de cinco meses ap\u00f3s assumir. Clique aqui para saber mais.\" \/>\n<meta name=\"robots\" content=\"index, follow, max-snippet:-1, max-image-preview:large, max-video-preview:-1\" \/>\n<link rel=\"canonical\" href=\"https:\/\/www.suno.com.br\/noticias\/andre-brandao-pode-deixar-comando-do-banco-do-brasil-bbas3-diz-revista\/\" \/>\n<meta property=\"og:locale\" content=\"pt_BR\" \/>\n<meta property=\"og:type\" content=\"article\" \/>\n<meta property=\"og:title\" content=\"Presidente do Banco do Brasil (BBAS3) pode estar de sa\u00edda, diz revista\" \/>\n<meta property=\"og:description\" content=\"O presidente do Banco do Brasil, Andr\u00e9 Brand\u00e3o, pode deixar o cargo menos de cinco meses ap\u00f3s assumir. Clique aqui para saber mais.\" \/>\n<meta property=\"og:url\" content=\"https:\/\/www.suno.com.br\/noticias\/andre-brandao-pode-deixar-comando-do-banco-do-brasil-bbas3-diz-revista\/\" \/>\n<meta property=\"og:site_name\" content=\"Suno Not\u00edcias\" \/>\n<meta property=\"article:publisher\" content=\"https:\/\/facebook.com\/sunoresearch\" \/>\n<meta property=\"og:image\" content=\"https:\/\/files.sunoresearch.com.br\/n\/uploads\/2021\/01\/ef37af29-bancodobrasil.jpg.jpg\" \/>\n\t<meta property=\"og:image:width\" content=\"1280\" \/>\n\t<meta property=\"og:image:height\" content=\"960\" \/>\n\t<meta property=\"og:image:type\" content=\"image\/jpeg\" \/>\n<meta name=\"author\" content=\"Vitor Azevedo\" \/>\n<meta name=\"twitter:card\" content=\"summary_large_image\" \/>\n<meta name=\"twitter:creator\" content=\"@sunoresearch\" \/>\n<meta name=\"twitter:site\" content=\"@sunoresearch\" \/>\n<meta name=\"twitter:label1\" content=\"Escrito por\" \/>\n\t<meta name=\"twitter:data1\" content=\"Vitor Azevedo\" \/>\n\t<meta name=\"twitter:label2\" content=\"Est. tempo de leitura\" \/>\n\t<meta name=\"twitter:data2\" content=\"2 minutos\" \/>\n<script type=\"application\/ld+json\" class=\"yoast-schema-graph\">{\"@context\":\"https:\/\/schema.org\",\"@graph\":[{\"@type\":\"NewsArticle\",\"@id\":\"https:\/\/www.suno.com.br\/noticias\/andre-brandao-pode-deixar-comando-do-banco-do-brasil-bbas3-diz-revista\/#article\",\"isPartOf\":{\"@id\":\"https:\/\/www.suno.com.br\/noticias\/andre-brandao-pode-deixar-comando-do-banco-do-brasil-bbas3-diz-revista\/\"},\"author\":{\"name\":\"Vitor Azevedo\",\"@id\":\"https:\/\/www.suno.com.br\/noticias\/#\/schema\/person\/658d5fbc74d81f265f5df3562d0038ab\"},\"headline\":\"Andr\u00e9 Brand\u00e3o pode deixar comando do Banco do Brasil (BBAS3), diz revista\",\"datePublished\":\"2021-01-13T17:26:38+00:00\",\"dateModified\":\"2021-01-13T21:43:06+00:00\",\"mainEntityOfPage\":{\"@id\":\"https:\/\/www.suno.com.br\/noticias\/andre-brandao-pode-deixar-comando-do-banco-do-brasil-bbas3-diz-revista\/\"},\"wordCount\":429,\"publisher\":{\"@id\":\"https:\/\/www.suno.com.br\/noticias\/#organization\"},\"image\":{\"@id\":\"https:\/\/www.suno.com.br\/noticias\/andre-brandao-pode-deixar-comando-do-banco-do-brasil-bbas3-diz-revista\/#primaryimage\"},\"thumbnailUrl\":\"https:\/\/files.sunoresearch.com.br\/n\/uploads\/2021\/01\/ef37af29-bancodobrasil.jpg-jpg.webp\",\"keywords\":[\"Andr\u00e9 Brand\u00e3o\",\"Banco do Brasil (BBAS3)\",\"privatiza\u00e7\u00f5es\"],\"articleSection\":[\"Neg\u00f3cios\"],\"inLanguage\":\"pt-BR\"},{\"@type\":\"WebPage\",\"@id\":\"https:\/\/www.suno.com.br\/noticias\/andre-brandao-pode-deixar-comando-do-banco-do-brasil-bbas3-diz-revista\/\",\"url\":\"https:\/\/www.suno.com.br\/noticias\/andre-brandao-pode-deixar-comando-do-banco-do-brasil-bbas3-diz-revista\/\",\"name\":\"Presidente do Banco do Brasil (BBAS3) pode estar de sa\u00edda, diz revista\",\"isPartOf\":{\"@id\":\"https:\/\/www.suno.com.br\/noticias\/#website\"},\"primaryImageOfPage\":{\"@id\":\"https:\/\/www.suno.com.br\/noticias\/andre-brandao-pode-deixar-comando-do-banco-do-brasil-bbas3-diz-revista\/#primaryimage\"},\"image\":{\"@id\":\"https:\/\/www.suno.com.br\/noticias\/andre-brandao-pode-deixar-comando-do-banco-do-brasil-bbas3-diz-revista\/#primaryimage\"},\"thumbnailUrl\":\"https:\/\/files.sunoresearch.com.br\/n\/uploads\/2021\/01\/ef37af29-bancodobrasil.jpg-jpg.webp\",\"datePublished\":\"2021-01-13T17:26:38+00:00\",\"dateModified\":\"2021-01-13T21:43:06+00:00\",\"description\":\"O presidente do Banco do Brasil, Andr\u00e9 Brand\u00e3o, pode deixar o cargo menos de cinco meses ap\u00f3s assumir. Clique aqui para saber mais.\",\"breadcrumb\":{\"@id\":\"https:\/\/www.suno.com.br\/noticias\/andre-brandao-pode-deixar-comando-do-banco-do-brasil-bbas3-diz-revista\/#breadcrumb\"},\"inLanguage\":\"pt-BR\",\"potentialAction\":[{\"@type\":\"ReadAction\",\"target\":[\"https:\/\/www.suno.com.br\/noticias\/andre-brandao-pode-deixar-comando-do-banco-do-brasil-bbas3-diz-revista\/\"]}]},{\"@type\":\"ImageObject\",\"inLanguage\":\"pt-BR\",\"@id\":\"https:\/\/www.suno.com.br\/noticias\/andre-brandao-pode-deixar-comando-do-banco-do-brasil-bbas3-diz-revista\/#primaryimage\",\"url\":\"https:\/\/files.sunoresearch.com.br\/n\/uploads\/2021\/01\/ef37af29-bancodobrasil.jpg-jpg.webp\",\"contentUrl\":\"https:\/\/files.sunoresearch.com.br\/n\/uploads\/2021\/01\/ef37af29-bancodobrasil.jpg-jpg.webp\",\"width\":1280,\"height\":960,\"caption\":\"Andr\u00e9 Brand\u00e3o pode deixar presid\u00eancia do Banco do Brasil\"},{\"@type\":\"BreadcrumbList\",\"@id\":\"https:\/\/www.suno.com.br\/noticias\/andre-brandao-pode-deixar-comando-do-banco-do-brasil-bbas3-diz-revista\/#breadcrumb\",\"itemListElement\":[{\"@type\":\"ListItem\",\"position\":1,\"name\":\"Not\u00edcias\",\"item\":\"https:\/\/www.suno.com.br\/noticias\/\"},{\"@type\":\"ListItem\",\"position\":2,\"name\":\"Neg\u00f3cios\",\"item\":\"https:\/\/www.suno.com.br\/noticias\/negocios\/\"},{\"@type\":\"ListItem\",\"position\":3,\"name\":\"Andr\u00e9 Brand\u00e3o pode deixar comando do Banco do Brasil (BBAS3), diz revista\"}]},{\"@type\":\"WebSite\",\"@id\":\"https:\/\/www.suno.com.br\/noticias\/#website\",\"url\":\"https:\/\/www.suno.com.br\/noticias\/\",\"name\":\"Suno Not\u00edcias\",\"description\":\"Seu portal de informa\u00e7\u00e3o sobre o mundo dos investimentos\",\"publisher\":{\"@id\":\"https:\/\/www.suno.com.br\/noticias\/#organization\"},\"potentialAction\":[{\"@type\":\"SearchAction\",\"target\":{\"@type\":\"EntryPoint\",\"urlTemplate\":\"https:\/\/www.suno.com.br\/noticias\/?s={search_term_string}\"},\"query-input\":{\"@type\":\"PropertyValueSpecification\",\"valueRequired\":true,\"valueName\":\"search_term_string\"}}],\"inLanguage\":\"pt-BR\"},{\"@type\":\"Organization\",\"@id\":\"https:\/\/www.suno.com.br\/noticias\/#organization\",\"name\":\"Suno Not\u00edcias\",\"url\":\"https:\/\/www.suno.com.br\/noticias\/\",\"logo\":{\"@type\":\"ImageObject\",\"inLanguage\":\"pt-BR\",\"@id\":\"https:\/\/www.suno.com.br\/noticias\/#\/schema\/logo\/image\/\",\"url\":\"https:\/\/files.sunoresearch.com.br\/n\/uploads\/2021\/09\/suno-logo.png\",\"contentUrl\":\"https:\/\/files.sunoresearch.com.br\/n\/uploads\/2021\/09\/suno-logo.png\",\"width\":180,\"height\":180,\"caption\":\"Suno Not\u00edcias\"},\"image\":{\"@id\":\"https:\/\/www.suno.com.br\/noticias\/#\/schema\/logo\/image\/\"},\"sameAs\":[\"https:\/\/facebook.com\/sunoresearch\",\"https:\/\/x.com\/sunoresearch\",\"https:\/\/www.instagram.com\/suno\",\"https:\/\/www.linkedin.com\/company\/suno-research\/\",\"https:\/\/www.youtube.com\/c\/sunoresearch\"]},{\"@type\":\"Person\",\"@id\":\"https:\/\/www.suno.com.br\/noticias\/#\/schema\/person\/658d5fbc74d81f265f5df3562d0038ab\",\"name\":\"Vitor Azevedo\",\"image\":{\"@type\":\"ImageObject\",\"inLanguage\":\"pt-BR\",\"@id\":\"https:\/\/www.suno.com.br\/noticias\/#\/schema\/person\/image\/\",\"url\":\"https:\/\/secure.gravatar.com\/avatar\/62b86195291b446fe380824eb28b99a5?s=96&r=g\",\"contentUrl\":\"https:\/\/secure.gravatar.com\/avatar\/62b86195291b446fe380824eb28b99a5?s=96&r=g\",\"caption\":\"Vitor Azevedo\"},\"description\":\"Formado em jornalismo pela Unesp, escreve sobre economia e neg\u00f3cios para a Suno Not\u00edcias.\",\"url\":\"https:\/\/www.suno.com.br\/noticias\/author\/vitor-azevedo\/\"}]}<\/script>\n<!-- \/ Yoast SEO plugin. -->","yoast_head_json":{"title":"Presidente do Banco do Brasil (BBAS3) pode estar de sa\u00edda, diz revista","description":"O presidente do Banco do Brasil, Andr\u00e9 Brand\u00e3o, pode deixar o cargo menos de cinco meses ap\u00f3s assumir. Clique aqui para saber mais.","robots":{"index":"index","follow":"follow","max-snippet":"max-snippet:-1","max-image-preview":"max-image-preview:large","max-video-preview":"max-video-preview:-1"},"canonical":"https:\/\/www.suno.com.br\/noticias\/andre-brandao-pode-deixar-comando-do-banco-do-brasil-bbas3-diz-revista\/","og_locale":"pt_BR","og_type":"article","og_title":"Presidente do Banco do Brasil (BBAS3) pode estar de sa\u00edda, diz revista","og_description":"O presidente do Banco do Brasil, Andr\u00e9 Brand\u00e3o, pode deixar o cargo menos de cinco meses ap\u00f3s assumir. Clique aqui para saber mais.","og_url":"https:\/\/www.suno.com.br\/noticias\/andre-brandao-pode-deixar-comando-do-banco-do-brasil-bbas3-diz-revista\/","og_site_name":"Suno Not\u00edcias","article_publisher":"https:\/\/facebook.com\/sunoresearch","og_image":[{"width":1280,"height":960,"url":"https:\/\/files.sunoresearch.com.br\/n\/uploads\/2021\/01\/ef37af29-bancodobrasil.jpg.jpg","type":"image\/jpeg"}],"author":"Vitor Azevedo","twitter_card":"summary_large_image","twitter_creator":"@sunoresearch","twitter_site":"@sunoresearch","twitter_misc":{"Escrito por":"Vitor Azevedo","Est. tempo de leitura":"2 minutos"},"schema":{"@context":"https:\/\/schema.org","@graph":[{"@type":"NewsArticle","@id":"https:\/\/www.suno.com.br\/noticias\/andre-brandao-pode-deixar-comando-do-banco-do-brasil-bbas3-diz-revista\/#article","isPartOf":{"@id":"https:\/\/www.suno.com.br\/noticias\/andre-brandao-pode-deixar-comando-do-banco-do-brasil-bbas3-diz-revista\/"},"author":{"name":"Vitor Azevedo","@id":"https:\/\/www.suno.com.br\/noticias\/#\/schema\/person\/658d5fbc74d81f265f5df3562d0038ab"},"headline":"Andr\u00e9 Brand\u00e3o pode deixar comando do Banco do Brasil (BBAS3), diz revista","datePublished":"2021-01-13T17:26:38+00:00","dateModified":"2021-01-13T21:43:06+00:00","mainEntityOfPage":{"@id":"https:\/\/www.suno.com.br\/noticias\/andre-brandao-pode-deixar-comando-do-banco-do-brasil-bbas3-diz-revista\/"},"wordCount":429,"publisher":{"@id":"https:\/\/www.suno.com.br\/noticias\/#organization"},"image":{"@id":"https:\/\/www.suno.com.br\/noticias\/andre-brandao-pode-deixar-comando-do-banco-do-brasil-bbas3-diz-revista\/#primaryimage"},"thumbnailUrl":"https:\/\/files.sunoresearch.com.br\/n\/uploads\/2021\/01\/ef37af29-bancodobrasil.jpg-jpg.webp","keywords":["Andr\u00e9 Brand\u00e3o","Banco do Brasil (BBAS3)","privatiza\u00e7\u00f5es"],"articleSection":["Neg\u00f3cios"],"inLanguage":"pt-BR"},{"@type":"WebPage","@id":"https:\/\/www.suno.com.br\/noticias\/andre-brandao-pode-deixar-comando-do-banco-do-brasil-bbas3-diz-revista\/","url":"https:\/\/www.suno.com.br\/noticias\/andre-brandao-pode-deixar-comando-do-banco-do-brasil-bbas3-diz-revista\/","name":"Presidente do Banco do Brasil (BBAS3) pode estar de sa\u00edda, diz revista","isPartOf":{"@id":"https:\/\/www.suno.com.br\/noticias\/#website"},"primaryImageOfPage":{"@id":"https:\/\/www.suno.com.br\/noticias\/andre-brandao-pode-deixar-comando-do-banco-do-brasil-bbas3-diz-revista\/#primaryimage"},"image":{"@id":"https:\/\/www.suno.com.br\/noticias\/andre-brandao-pode-deixar-comando-do-banco-do-brasil-bbas3-diz-revista\/#primaryimage"},"thumbnailUrl":"https:\/\/files.sunoresearch.com.br\/n\/uploads\/2021\/01\/ef37af29-bancodobrasil.jpg-jpg.webp","datePublished":"2021-01-13T17:26:38+00:00","dateModified":"2021-01-13T21:43:06+00:00","description":"O presidente do Banco do Brasil, Andr\u00e9 Brand\u00e3o, pode deixar o cargo menos de cinco meses ap\u00f3s assumir. Clique aqui para saber mais.","breadcrumb":{"@id":"https:\/\/www.suno.com.br\/noticias\/andre-brandao-pode-deixar-comando-do-banco-do-brasil-bbas3-diz-revista\/#breadcrumb"},"inLanguage":"pt-BR","potentialAction":[{"@type":"ReadAction","target":["https:\/\/www.suno.com.br\/noticias\/andre-brandao-pode-deixar-comando-do-banco-do-brasil-bbas3-diz-revista\/"]}]},{"@type":"ImageObject","inLanguage":"pt-BR","@id":"https:\/\/www.suno.com.br\/noticias\/andre-brandao-pode-deixar-comando-do-banco-do-brasil-bbas3-diz-revista\/#primaryimage","url":"https:\/\/files.sunoresearch.com.br\/n\/uploads\/2021\/01\/ef37af29-bancodobrasil.jpg-jpg.webp","contentUrl":"https:\/\/files.sunoresearch.com.br\/n\/uploads\/2021\/01\/ef37af29-bancodobrasil.jpg-jpg.webp","width":1280,"height":960,"caption":"Andr\u00e9 Brand\u00e3o pode deixar presid\u00eancia do Banco do Brasil"},{"@type":"BreadcrumbList","@id":"https:\/\/www.suno.com.br\/noticias\/andre-brandao-pode-deixar-comando-do-banco-do-brasil-bbas3-diz-revista\/#breadcrumb","itemListElement":[{"@type":"ListItem","position":1,"name":"Not\u00edcias","item":"https:\/\/www.suno.com.br\/noticias\/"},{"@type":"ListItem","position":2,"name":"Neg\u00f3cios","item":"https:\/\/www.suno.com.br\/noticias\/negocios\/"},{"@type":"ListItem","position":3,"name":"Andr\u00e9 Brand\u00e3o pode deixar comando do Banco do Brasil (BBAS3), diz revista"}]},{"@type":"WebSite","@id":"https:\/\/www.suno.com.br\/noticias\/#website","url":"https:\/\/www.suno.com.br\/noticias\/","name":"Suno Not\u00edcias","description":"Seu portal de informa\u00e7\u00e3o sobre o mundo dos investimentos","publisher":{"@id":"https:\/\/www.suno.com.br\/noticias\/#organization"},"potentialAction":[{"@type":"SearchAction","target":{"@type":"EntryPoint","urlTemplate":"https:\/\/www.suno.com.br\/noticias\/?s={search_term_string}"},"query-input":{"@type":"PropertyValueSpecification","valueRequired":true,"valueName":"search_term_string"}}],"inLanguage":"pt-BR"},{"@type":"Organization","@id":"https:\/\/www.suno.com.br\/noticias\/#organization","name":"Suno Not\u00edcias","url":"https:\/\/www.suno.com.br\/noticias\/","logo":{"@type":"ImageObject","inLanguage":"pt-BR","@id":"https:\/\/www.suno.com.br\/noticias\/#\/schema\/logo\/image\/","url":"https:\/\/files.sunoresearch.com.br\/n\/uploads\/2021\/09\/suno-logo.png","contentUrl":"https:\/\/files.sunoresearch.com.br\/n\/uploads\/2021\/09\/suno-logo.png","width":180,"height":180,"caption":"Suno Not\u00edcias"},"image":{"@id":"https:\/\/www.suno.com.br\/noticias\/#\/schema\/logo\/image\/"},"sameAs":["https:\/\/facebook.com\/sunoresearch","https:\/\/x.com\/sunoresearch","https:\/\/www.instagram.com\/suno","https:\/\/www.linkedin.com\/company\/suno-research\/","https:\/\/www.youtube.com\/c\/sunoresearch"]},{"@type":"Person","@id":"https:\/\/www.suno.com.br\/noticias\/#\/schema\/person\/658d5fbc74d81f265f5df3562d0038ab","name":"Vitor Azevedo","image":{"@type":"ImageObject","inLanguage":"pt-BR","@id":"https:\/\/www.suno.com.br\/noticias\/#\/schema\/person\/image\/","url":"https:\/\/secure.gravatar.com\/avatar\/62b86195291b446fe380824eb28b99a5?s=96&r=g","contentUrl":"https:\/\/secure.gravatar.com\/avatar\/62b86195291b446fe380824eb28b99a5?s=96&r=g","caption":"Vitor Azevedo"},"description":"Formado em jornalismo pela Unesp, escreve sobre economia e neg\u00f3cios para a Suno Not\u00edcias.","url":"https:\/\/www.suno.com.br\/noticias\/author\/vitor-azevedo\/"}]}},"default_loop_html":"<div class=\"cardsPage__listCard__boxs\"><div class=\"cardsPage__listCard__boxs__img\"><a href=\"https:\/\/www.suno.com.br\/noticias\/andre-brandao-pode-deixar-comando-do-banco-do-brasil-bbas3-diz-revista\/\"><img class=\"mask\" src=\"https:\/\/www.suno.com.br\/noticias\/wp-content\/themes\/suno\/resources\/images\/spotlight\/spotlight1img\/bg-mask.png\" alt=\"Image Mask\"\/><img src=\"https:\/\/files.sunoresearch.com.br\/n\/uploads\/2021\/01\/ef37af29-bancodobrasil.jpg-400x200.webp\" alt=\"Andr\u00e9 Brand\u00e3o pode deixar comando do Banco do Brasil (BBAS3), diz revista\"\/><\/a><span class=\"spotlightCategory\"><a href=\"https:\/\/www.suno.com.br\/noticias\/negocios\/\">Neg\u00f3cios<\/a><\/span><\/div><div class=\"cardsPage__listCard__boxs__content\"><a href=\"https:\/\/www.suno.com.br\/noticias\/andre-brandao-pode-deixar-comando-do-banco-do-brasil-bbas3-diz-revista\/\"><h2 class=\"content__title\">Andr\u00e9 Brand\u00e3o pode deixar comando do Banco do Brasil (BBAS3), diz revista<\/h2><\/a><div class=\"newsContent__article__meta\"><div class=\"newsContent__article__meta__authorBox\"><a href=\"https:\/\/www.suno.com.br\/noticias\/author\/vitor-azevedo\/\" class=\"authorBox__avatar noMobi\"><img src=\"https:\/\/secure.gravatar.com\/avatar\/62b86195291b446fe380824eb28b99a5?s=96&#038;r=g\" alt=\"Vitor Azevedo\"><\/a><div class=\"authorBox__name\"><span>por\n\t\t\t<a href=\"https:\/\/www.suno.com.br\/noticias\/author\/vitor-azevedo\/\"><span itemprop=\"author\">Vitor Azevedo<\/span><\/a><\/span><time datetime=\"2021-01-13T14:26:38-03:00\" itemprop=\"datePublished\">13\/01\/2021 14:26<\/time><\/div><\/div><\/div><\/div><\/div>","single_layout":"posts","amp_enabled":true,"_links":{"self":[{"href":"https:\/\/www.suno.com.br\/noticias\/wp-json\/wp\/v2\/posts\/113076"}],"collection":[{"href":"https:\/\/www.suno.com.br\/noticias\/wp-json\/wp\/v2\/posts"}],"about":[{"href":"https:\/\/www.suno.com.br\/noticias\/wp-json\/wp\/v2\/types\/post"}],"author":[{"embeddable":true,"href":"https:\/\/www.suno.com.br\/noticias\/wp-json\/wp\/v2\/users\/59"}],"replies":[{"embeddable":true,"href":"https:\/\/www.suno.com.br\/noticias\/wp-json\/wp\/v2\/comments?post=113076"}],"version-history":[{"count":0,"href":"https:\/\/www.suno.com.br\/noticias\/wp-json\/wp\/v2\/posts\/113076\/revisions"}],"wp:featuredmedia":[{"embeddable":true,"href":"https:\/\/www.suno.com.br\/noticias\/wp-json\/wp\/v2\/media\/113079"}],"wp:attachment":[{"href":"https:\/\/www.suno.com.br\/noticias\/wp-json\/wp\/v2\/media?parent=113076"}],"wp:term":[{"taxonomy":"category","embeddable":true,"href":"https:\/\/www.suno.com.br\/noticias\/wp-json\/wp\/v2\/categories?post=113076"},{"taxonomy":"post_tag","embeddable":true,"href":"https:\/\/www.suno.com.br\/noticias\/wp-json\/wp\/v2\/tags?post=113076"},{"taxonomy":"suno_strategy","embeddable":true,"href":"https:\/\/www.suno.com.br\/noticias\/wp-json\/wp\/v2\/suno_strategy?post=113076"}],"curies":[{"name":"wp","href":"https:\/\/api.w.org\/{rel}","templated":true}]}}