{"id":113038,"date":"2021-01-13T13:44:06","date_gmt":"2021-01-13T16:44:06","guid":{"rendered":"https:\/\/www.suno.com.br\/noticias\/?p=113038"},"modified":"2021-01-13T13:44:06","modified_gmt":"2021-01-13T16:44:06","slug":"visa-plaid-cancelam-fusao-monopolio","status":"publish","type":"post","link":"https:\/\/www.suno.com.br\/noticias\/visa-plaid-cancelam-fusao-monopolio\/","title":{"rendered":"Visa e Plaid cancelam fus\u00e3o de US$ 5,3 bilh\u00f5es; governo acusa monop\u00f3lio"},"content":{"rendered":"<p>A <strong>Visa<\/strong> (<a href=\"https:\/\/www.suno.com.br\/artigos\/nyse\/\">NYSE<\/a>: V) cancelou seu <a href=\"https:\/\/www.suno.com.br\/noticias\/visa-compra-plaid-us-53-bilhoes\/\">acordo de fus\u00e3o com a Plaid<\/a>, fintech do setor financeiro, fechada por US$ 5,3 bilh\u00f5es no in\u00edcio de 2020. O governo dos Estados Unidos abriu um processo de an\u00e1lise que poderia atrasar o neg\u00f3cio em anos.<\/p>\t<div class=\"wrapper-featured-image\">\n\t\t<figure class=\"spotlightImg\">\n\n\t\t\t<picture>\n\t\t\t\t<source media=\"(max-width: 768px)\" srcset=\"https:\/\/files.sunoresearch.com.br\/n\/uploads\/2021\/01\/d98b3b42-https___specials-images.forbesimg.com_imageserve_965339482_0x0-400x200.webp\">\n\t\t\t\t<img loading=\"lazy\" decoding=\"async\" class=\"newsContent__article__imgCapa lazyloadDisabled \" src=\"https:\/\/files.sunoresearch.com.br\/n\/uploads\/2021\/01\/d98b3b42-https___specials-images.forbesimg.com_imageserve_965339482_0x0-800x450.webp\" width=\"800\" height=\"450\" alt=\"Visa e Plaid cancelam fus\u00e3o de US$ 5,3 bilh\u00f5es; governo acusa monop\u00f3lio\" fetchpriority=high \/>\n\t\t\t<\/picture>\n\n\t\t\t<figcaption class=\"wp-caption-text wp-caption-text--show\">Decis\u00e3o da Amazon foi classificada pela Visa como &quot;amea\u00e7a ao consumidor&quot; - Foto: Divulga\u00e7\u00e3o<\/figcaption>\n\t\t<\/figure>\n\t<\/div>\n\n\n\t<p>\n\t\t<a href=\"https:\/\/lp.suno.com.br\/planilha-controle-gastos\/\" target=\"_blank\" data-element=\"shortcode-suno-banner\" title=\"Banner SUNO, clique e saiba mais\">\n\t\t\t<picture>\n\t\t\t\t<source media=\"(max-width: 500px)\" srcset=\"https:\/\/files.sunoresearch.com.br\/n\/uploads\/2023\/03\/400x300-Planilha-controle-de-gastos.png\">\n\t\t\t\t<img class=\"newsContent__article__imgCapa newsContent__article__imgCapa--banner\"\n\t\t\t\t\tsrc=\"https:\/\/files.sunoresearch.com.br\/n\/uploads\/2023\/03\/1420x240-Planilha-controle-de-gastos.png\"\n\t\t\t\t\tdata-promo-id=\"101751\"\t\t\t\t\t\t\t\t\t\twidth='1420' height='240'\t\t\t\t\talt=\"https:\/\/files.sunoresearch.com.br\/n\/uploads\/2023\/03\/1420x240-Planilha-controle-de-gastos.png\"\n\t\t\t\t>\n\t\t\t<\/picture>\n\t\t<\/a>\n\t<\/p>\n\n\n<p>O processo foi aberto pelo <strong>Departamento de Justi\u00e7a<\/strong> (DOF, na sigla em ingl\u00eas) norte-americano em novembro do ano passado, dizendo que a Visa \u00e9 uma <a href=\"https:\/\/www.suno.com.br\/artigos\/competicao-monopolista\/\">companhia &#8220;monopolista em transa\u00e7\u00f5es de d\u00e9bito online<\/a>&#8221; e que o neg\u00f3cio &#8220;iria eliminar uma nascente amea\u00e7a competitiva&#8221; ao seu monop\u00f3lio.<\/p>\n<p>As companhias concordaram mutuamente na quebra do contrato. A decis\u00e3o foi tomada agora em fun\u00e7\u00e3o de uma cl\u00e1usula t\u00edpica de acordos de <a href=\"https:\/\/www.suno.com.br\/artigos\/fusoes-aquisicoes\/\"><strong>fus\u00e3o<\/strong><\/a>, que d\u00e1 \u00e0s empresas um ano para concluir o neg\u00f3cio antes que os termos expirem ou precisem ser renovados. O cancelamento do neg\u00f3cio agora significa que nenhuma das partes precisava pagar algum tipo de multa.<\/p>\n<p><a href=\"https:\/\/lp.suno.com.br\/suno-one\/\"><span style=\"font-weight: 400;\">Suno One: acesse gratuitamente eBooks, Minicursos, Artigos e Video Aulas sobre investimentos com um \u00fanico cadastro. Clique para saber mais!<\/span><\/a><\/p>\n<p>Ambas as empresas tinham a consci\u00eancia de que poderiam levar adiante, no tribunal, a disputa com o Departamento de Justi\u00e7a. No entanto, o processo moroso faria com que a fus\u00e3o se tornasse insustent\u00e1vel. \u201cEstamos confiantes que ter\u00edamos ganhado no tribunal j\u00e1 que as capacidades da Plaid s\u00e3o complementares \u00e0s da Visa\u201d, disse o presidente-executivo da Visa, Al Kelly.<\/p>\n\t<p>\n\t\t<a href=\"https:\/\/lp.suno.com.br\/ebook-como-analisar-uma-acao\/\" target=\"_blank\" data-element=\"shortcode-suno-banner\" title=\"Banner SUNO, clique e saiba mais\">\n\t\t\t<picture>\n\t\t\t\t<source media=\"(max-width: 500px)\" srcset=\"https:\/\/files.sunoresearch.com.br\/n\/uploads\/2023\/03\/Ebook-Acoes-Mobile.jpg\">\n\t\t\t\t<img class=\"newsContent__article__imgCapa newsContent__article__imgCapa--banner\"\n\t\t\t\t\tsrc=\"https:\/\/files.sunoresearch.com.br\/n\/uploads\/2023\/03\/Ebook-Acoes-Desktop.jpg\"\n\t\t\t\t\tdata-promo-id=\"378302\"\t\t\t\t\t\t\t\t\t\twidth='1420' height='286'\t\t\t\t\talt=\"https:\/\/files.sunoresearch.com.br\/n\/uploads\/2023\/03\/Ebook-Acoes-Desktop.jpg\"\n\t\t\t\t>\n\t\t\t<\/picture>\n\t\t<\/a>\n\t<\/p>\n\n\n<h2>Visa pretende continuar parceria com a Plaid<\/h2>\n<p>Caso a situa\u00e7\u00e3o fosse prolongada, o processo seria especialmente prejudicial \u00e0 <strong>Plaid<\/strong>, fundada em 2013. O software da fintech ajuda a alimentar a maior parte dos principais aplicativos do segmento, como Venmo, <a href=\"https:\/\/www.suno.com.br\/noticias\/robinhood-acusada-gamificacao-investimentos\/\">Robinhood<\/a>, SoFi, entre outros, conectando-os aos dados da conta banc\u00e1ria dos consumidores.<\/p>\n\t<div data-element=\"shortcode-read-more\" class=\"knowMore\">\n\t\t\t\t<span class=\"knowMore__title\">Leia tamb\u00e9m<\/span>\n\t\t\t\t<a class=\"knowMore__link\" href=\"https:\/\/www.suno.com.br\/noticias\/orgao-regulador-alertado-fraudes-wirecard\/\">\n\t\t\tWirecard: \u00f3rg\u00e3o regulador alem\u00e3o foi alertado sobre fraudes na fintech\t\t<\/a>\n\t<\/div>\n\n\n<p>O l\u00edder da divis\u00e3o <strong>antitruste<\/strong> do DOJ, Makan Delrahim, vibrou com o cancelamento do neg\u00f3cio, dizendo que representa &#8220;uma vit\u00f3ria para os consumidores estadunidenses e pequenas empresas&#8221;, ao passo que o departamento movia para ter seu processo arquivado.<\/p>\n<p>Mesmo com o encerramento do projeto de fus\u00e3o, <strong>Visa<\/strong> e Plaid afirmaram que encontrariam outras maneiras de colaborarem entre si, &#8220;j\u00e1 que simplesmente n\u00e3o acreditam que o processo est\u00e1 errado com base em fatos e na lei&#8221;. A Visa, inclusive, \u00e9 uma investidora da Plaid e estima aprofundar a parceria com a <a href=\"https:\/\/www.suno.com.br\/artigos\/fintechs\/\">fintech<\/a>.<\/p>\n\t<p>\n\t\t<a href=\"https:\/\/lp.suno.com.br\/planilha-de-controle-de-investimentos\/\" target=\"_blank\" data-element=\"shortcode-suno-banner\" title=\"Banner SUNO, clique e saiba mais\">\n\t\t\t<picture>\n\t\t\t\t<source media=\"(max-width: 500px)\" srcset=\"https:\/\/files.sunoresearch.com.br\/n\/uploads\/2023\/03\/400x300-Controle-de-Investimentos.png\">\n\t\t\t\t<img class=\"newsContent__article__imgCapa newsContent__article__imgCapa--banner\"\n\t\t\t\t\tsrc=\"https:\/\/files.sunoresearch.com.br\/n\/uploads\/2023\/03\/1420x240-Controle-de-Investimentos.png\"\n\t\t\t\t\tdata-promo-id=\"75934\"\t\t\t\t\t\t\t\t\t\twidth='1420' height='240'\t\t\t\t\talt=\"https:\/\/files.sunoresearch.com.br\/n\/uploads\/2023\/03\/1420x240-Controle-de-Investimentos.png\"\n\t\t\t\t>\n\t\t\t<\/picture>\n\t\t<\/a>\n\t<\/p>\n\n\n","protected":false},"excerpt":{"rendered":"<p>A Visa (NYSE: V) cancelou seu acordo de fus\u00e3o com a Plaid, fintech do setor financeiro, fechada por US$ 5,3 bilh\u00f5es no in\u00edcio de 2020. O governo dos Estados Unidos abriu um processo de an\u00e1lise que poderia atrasar o neg\u00f3cio em anos. Decis\u00e3o da Amazon foi classificada pela Visa como &quot;amea\u00e7a ao consumidor&quot; &#8211; Foto: [&hellip;]<\/p>\n","protected":false},"author":24,"featured_media":113041,"comment_status":"closed","ping_status":"closed","sticky":false,"template":"","format":"standard","meta":[],"categories":[64],"tags":[62812,1291],"suno_strategy":[],"class_list":["post-113038","post","type-post","status-publish","format-standard","has-post-thumbnail","hentry","category-negocios","tag-fusoes-e-aquisicoes","tag-visa-visa34"],"yoast_head":"<!-- This site is optimized with the Yoast SEO plugin v24.4 - https:\/\/yoast.com\/wordpress\/plugins\/seo\/ -->\n<title>Visa e Plaid cancelam fus\u00e3o de US$ 5,3 bilh\u00f5es; governo acusa monop\u00f3lio<\/title>\n<meta name=\"description\" content=\"A Visa cancelou seu acordo de fus\u00e3o com a Plaid, fintech do setor financeiro, fechada por US$ 5,3 bilh\u00f5es no in\u00edcio de 2020. Saiba mais.\" \/>\n<meta name=\"robots\" content=\"index, follow, max-snippet:-1, max-image-preview:large, max-video-preview:-1\" \/>\n<link rel=\"canonical\" href=\"https:\/\/www.suno.com.br\/noticias\/visa-plaid-cancelam-fusao-monopolio\/\" \/>\n<meta property=\"og:locale\" content=\"pt_BR\" \/>\n<meta property=\"og:type\" content=\"article\" \/>\n<meta property=\"og:title\" content=\"Visa e Plaid cancelam fus\u00e3o de US$ 5,3 bilh\u00f5es; governo acusa monop\u00f3lio\" \/>\n<meta property=\"og:description\" content=\"A Visa cancelou seu acordo de fus\u00e3o com a Plaid, fintech do setor financeiro, fechada por US$ 5,3 bilh\u00f5es no in\u00edcio de 2020. Saiba mais.\" \/>\n<meta property=\"og:url\" content=\"https:\/\/www.suno.com.br\/noticias\/visa-plaid-cancelam-fusao-monopolio\/\" \/>\n<meta property=\"og:site_name\" content=\"Suno Not\u00edcias\" \/>\n<meta property=\"article:publisher\" content=\"https:\/\/facebook.com\/sunoresearch\" \/>\n<meta property=\"og:image\" content=\"https:\/\/files.sunoresearch.com.br\/n\/uploads\/2021\/01\/d98b3b42-https___specials-images.forbesimg.com_imageserve_965339482_0x0.jpg\" \/>\n\t<meta property=\"og:image:width\" content=\"1200\" \/>\n\t<meta property=\"og:image:height\" content=\"800\" \/>\n\t<meta property=\"og:image:type\" content=\"image\/jpeg\" \/>\n<meta name=\"author\" content=\"Jader Lazarini\" \/>\n<meta name=\"twitter:card\" content=\"summary_large_image\" \/>\n<meta name=\"twitter:creator\" content=\"@sunoresearch\" \/>\n<meta name=\"twitter:site\" content=\"@sunoresearch\" \/>\n<meta name=\"twitter:label1\" content=\"Escrito por\" \/>\n\t<meta name=\"twitter:data1\" content=\"Jader Lazarini\" \/>\n\t<meta name=\"twitter:label2\" content=\"Est. tempo de leitura\" \/>\n\t<meta name=\"twitter:data2\" content=\"2 minutos\" \/>\n<script type=\"application\/ld+json\" class=\"yoast-schema-graph\">{\"@context\":\"https:\/\/schema.org\",\"@graph\":[{\"@type\":\"NewsArticle\",\"@id\":\"https:\/\/www.suno.com.br\/noticias\/visa-plaid-cancelam-fusao-monopolio\/#article\",\"isPartOf\":{\"@id\":\"https:\/\/www.suno.com.br\/noticias\/visa-plaid-cancelam-fusao-monopolio\/\"},\"author\":{\"name\":\"Jader Lazarini\",\"@id\":\"https:\/\/www.suno.com.br\/noticias\/#\/schema\/person\/918d79de1f0281f01599b93f9ea6e23f\"},\"headline\":\"Visa e Plaid cancelam fus\u00e3o de US$ 5,3 bilh\u00f5es; governo acusa monop\u00f3lio\",\"datePublished\":\"2021-01-13T16:44:06+00:00\",\"mainEntityOfPage\":{\"@id\":\"https:\/\/www.suno.com.br\/noticias\/visa-plaid-cancelam-fusao-monopolio\/\"},\"wordCount\":435,\"publisher\":{\"@id\":\"https:\/\/www.suno.com.br\/noticias\/#organization\"},\"image\":{\"@id\":\"https:\/\/www.suno.com.br\/noticias\/visa-plaid-cancelam-fusao-monopolio\/#primaryimage\"},\"thumbnailUrl\":\"https:\/\/files.sunoresearch.com.br\/n\/uploads\/2021\/01\/d98b3b42-https___specials-images.forbesimg.com_imageserve_965339482_0x0-jpg.webp\",\"keywords\":[\"fus\u00f5es e aquisi\u00e7\u00f5es\",\"Visa (VISA34)\"],\"articleSection\":[\"Neg\u00f3cios\"],\"inLanguage\":\"pt-BR\"},{\"@type\":\"WebPage\",\"@id\":\"https:\/\/www.suno.com.br\/noticias\/visa-plaid-cancelam-fusao-monopolio\/\",\"url\":\"https:\/\/www.suno.com.br\/noticias\/visa-plaid-cancelam-fusao-monopolio\/\",\"name\":\"Visa e Plaid cancelam fus\u00e3o de US$ 5,3 bilh\u00f5es; governo acusa monop\u00f3lio\",\"isPartOf\":{\"@id\":\"https:\/\/www.suno.com.br\/noticias\/#website\"},\"primaryImageOfPage\":{\"@id\":\"https:\/\/www.suno.com.br\/noticias\/visa-plaid-cancelam-fusao-monopolio\/#primaryimage\"},\"image\":{\"@id\":\"https:\/\/www.suno.com.br\/noticias\/visa-plaid-cancelam-fusao-monopolio\/#primaryimage\"},\"thumbnailUrl\":\"https:\/\/files.sunoresearch.com.br\/n\/uploads\/2021\/01\/d98b3b42-https___specials-images.forbesimg.com_imageserve_965339482_0x0-jpg.webp\",\"datePublished\":\"2021-01-13T16:44:06+00:00\",\"description\":\"A Visa cancelou seu acordo de fus\u00e3o com a Plaid, fintech do setor financeiro, fechada por US$ 5,3 bilh\u00f5es no in\u00edcio de 2020. Saiba mais.\",\"breadcrumb\":{\"@id\":\"https:\/\/www.suno.com.br\/noticias\/visa-plaid-cancelam-fusao-monopolio\/#breadcrumb\"},\"inLanguage\":\"pt-BR\",\"potentialAction\":[{\"@type\":\"ReadAction\",\"target\":[\"https:\/\/www.suno.com.br\/noticias\/visa-plaid-cancelam-fusao-monopolio\/\"]}]},{\"@type\":\"ImageObject\",\"inLanguage\":\"pt-BR\",\"@id\":\"https:\/\/www.suno.com.br\/noticias\/visa-plaid-cancelam-fusao-monopolio\/#primaryimage\",\"url\":\"https:\/\/files.sunoresearch.com.br\/n\/uploads\/2021\/01\/d98b3b42-https___specials-images.forbesimg.com_imageserve_965339482_0x0-jpg.webp\",\"contentUrl\":\"https:\/\/files.sunoresearch.com.br\/n\/uploads\/2021\/01\/d98b3b42-https___specials-images.forbesimg.com_imageserve_965339482_0x0-jpg.webp\",\"width\":1200,\"height\":800,\"caption\":\"Decis\u00e3o da Amazon foi classificada pela Visa como \\\"amea\u00e7a ao consumidor\\\" - Foto: Divulga\u00e7\u00e3o\"},{\"@type\":\"BreadcrumbList\",\"@id\":\"https:\/\/www.suno.com.br\/noticias\/visa-plaid-cancelam-fusao-monopolio\/#breadcrumb\",\"itemListElement\":[{\"@type\":\"ListItem\",\"position\":1,\"name\":\"Not\u00edcias\",\"item\":\"https:\/\/www.suno.com.br\/noticias\/\"},{\"@type\":\"ListItem\",\"position\":2,\"name\":\"Neg\u00f3cios\",\"item\":\"https:\/\/www.suno.com.br\/noticias\/negocios\/\"},{\"@type\":\"ListItem\",\"position\":3,\"name\":\"Visa e Plaid cancelam fus\u00e3o de US$ 5,3 bilh\u00f5es; governo acusa monop\u00f3lio\"}]},{\"@type\":\"WebSite\",\"@id\":\"https:\/\/www.suno.com.br\/noticias\/#website\",\"url\":\"https:\/\/www.suno.com.br\/noticias\/\",\"name\":\"Suno Not\u00edcias\",\"description\":\"Seu portal de informa\u00e7\u00e3o sobre o mundo dos investimentos\",\"publisher\":{\"@id\":\"https:\/\/www.suno.com.br\/noticias\/#organization\"},\"potentialAction\":[{\"@type\":\"SearchAction\",\"target\":{\"@type\":\"EntryPoint\",\"urlTemplate\":\"https:\/\/www.suno.com.br\/noticias\/?s={search_term_string}\"},\"query-input\":{\"@type\":\"PropertyValueSpecification\",\"valueRequired\":true,\"valueName\":\"search_term_string\"}}],\"inLanguage\":\"pt-BR\"},{\"@type\":\"Organization\",\"@id\":\"https:\/\/www.suno.com.br\/noticias\/#organization\",\"name\":\"Suno Not\u00edcias\",\"url\":\"https:\/\/www.suno.com.br\/noticias\/\",\"logo\":{\"@type\":\"ImageObject\",\"inLanguage\":\"pt-BR\",\"@id\":\"https:\/\/www.suno.com.br\/noticias\/#\/schema\/logo\/image\/\",\"url\":\"https:\/\/files.sunoresearch.com.br\/n\/uploads\/2021\/09\/suno-logo.png\",\"contentUrl\":\"https:\/\/files.sunoresearch.com.br\/n\/uploads\/2021\/09\/suno-logo.png\",\"width\":180,\"height\":180,\"caption\":\"Suno Not\u00edcias\"},\"image\":{\"@id\":\"https:\/\/www.suno.com.br\/noticias\/#\/schema\/logo\/image\/\"},\"sameAs\":[\"https:\/\/facebook.com\/sunoresearch\",\"https:\/\/x.com\/sunoresearch\",\"https:\/\/www.instagram.com\/suno\",\"https:\/\/www.linkedin.com\/company\/suno-research\/\",\"https:\/\/www.youtube.com\/c\/sunoresearch\"]},{\"@type\":\"Person\",\"@id\":\"https:\/\/www.suno.com.br\/noticias\/#\/schema\/person\/918d79de1f0281f01599b93f9ea6e23f\",\"name\":\"Jader Lazarini\",\"image\":{\"@type\":\"ImageObject\",\"inLanguage\":\"pt-BR\",\"@id\":\"https:\/\/www.suno.com.br\/noticias\/#\/schema\/person\/image\/\",\"url\":\"https:\/\/secure.gravatar.com\/avatar\/3c1ad8caa51589841baeb923fcddea97?s=96&r=g\",\"contentUrl\":\"https:\/\/secure.gravatar.com\/avatar\/3c1ad8caa51589841baeb923fcddea97?s=96&r=g\",\"caption\":\"Jader Lazarini\"},\"description\":\"Jader Lazarini escreve sobre investimentos, finan\u00e7as, economia e neg\u00f3cios. \u00c9 bacharel em Rela\u00e7\u00f5es Internacionais e analista CNPI (2619).\",\"url\":\"https:\/\/www.suno.com.br\/noticias\/author\/jader-lazarini\/\"}]}<\/script>\n<!-- \/ Yoast SEO plugin. -->","yoast_head_json":{"title":"Visa e Plaid cancelam fus\u00e3o de US$ 5,3 bilh\u00f5es; governo acusa monop\u00f3lio","description":"A Visa cancelou seu acordo de fus\u00e3o com a Plaid, fintech do setor financeiro, fechada por US$ 5,3 bilh\u00f5es no in\u00edcio de 2020. Saiba mais.","robots":{"index":"index","follow":"follow","max-snippet":"max-snippet:-1","max-image-preview":"max-image-preview:large","max-video-preview":"max-video-preview:-1"},"canonical":"https:\/\/www.suno.com.br\/noticias\/visa-plaid-cancelam-fusao-monopolio\/","og_locale":"pt_BR","og_type":"article","og_title":"Visa e Plaid cancelam fus\u00e3o de US$ 5,3 bilh\u00f5es; governo acusa monop\u00f3lio","og_description":"A Visa cancelou seu acordo de fus\u00e3o com a Plaid, fintech do setor financeiro, fechada por US$ 5,3 bilh\u00f5es no in\u00edcio de 2020. Saiba mais.","og_url":"https:\/\/www.suno.com.br\/noticias\/visa-plaid-cancelam-fusao-monopolio\/","og_site_name":"Suno Not\u00edcias","article_publisher":"https:\/\/facebook.com\/sunoresearch","og_image":[{"width":1200,"height":800,"url":"https:\/\/files.sunoresearch.com.br\/n\/uploads\/2021\/01\/d98b3b42-https___specials-images.forbesimg.com_imageserve_965339482_0x0.jpg","type":"image\/jpeg"}],"author":"Jader Lazarini","twitter_card":"summary_large_image","twitter_creator":"@sunoresearch","twitter_site":"@sunoresearch","twitter_misc":{"Escrito por":"Jader Lazarini","Est. tempo de leitura":"2 minutos"},"schema":{"@context":"https:\/\/schema.org","@graph":[{"@type":"NewsArticle","@id":"https:\/\/www.suno.com.br\/noticias\/visa-plaid-cancelam-fusao-monopolio\/#article","isPartOf":{"@id":"https:\/\/www.suno.com.br\/noticias\/visa-plaid-cancelam-fusao-monopolio\/"},"author":{"name":"Jader Lazarini","@id":"https:\/\/www.suno.com.br\/noticias\/#\/schema\/person\/918d79de1f0281f01599b93f9ea6e23f"},"headline":"Visa e Plaid cancelam fus\u00e3o de US$ 5,3 bilh\u00f5es; governo acusa monop\u00f3lio","datePublished":"2021-01-13T16:44:06+00:00","mainEntityOfPage":{"@id":"https:\/\/www.suno.com.br\/noticias\/visa-plaid-cancelam-fusao-monopolio\/"},"wordCount":435,"publisher":{"@id":"https:\/\/www.suno.com.br\/noticias\/#organization"},"image":{"@id":"https:\/\/www.suno.com.br\/noticias\/visa-plaid-cancelam-fusao-monopolio\/#primaryimage"},"thumbnailUrl":"https:\/\/files.sunoresearch.com.br\/n\/uploads\/2021\/01\/d98b3b42-https___specials-images.forbesimg.com_imageserve_965339482_0x0-jpg.webp","keywords":["fus\u00f5es e aquisi\u00e7\u00f5es","Visa (VISA34)"],"articleSection":["Neg\u00f3cios"],"inLanguage":"pt-BR"},{"@type":"WebPage","@id":"https:\/\/www.suno.com.br\/noticias\/visa-plaid-cancelam-fusao-monopolio\/","url":"https:\/\/www.suno.com.br\/noticias\/visa-plaid-cancelam-fusao-monopolio\/","name":"Visa e Plaid cancelam fus\u00e3o de US$ 5,3 bilh\u00f5es; governo acusa monop\u00f3lio","isPartOf":{"@id":"https:\/\/www.suno.com.br\/noticias\/#website"},"primaryImageOfPage":{"@id":"https:\/\/www.suno.com.br\/noticias\/visa-plaid-cancelam-fusao-monopolio\/#primaryimage"},"image":{"@id":"https:\/\/www.suno.com.br\/noticias\/visa-plaid-cancelam-fusao-monopolio\/#primaryimage"},"thumbnailUrl":"https:\/\/files.sunoresearch.com.br\/n\/uploads\/2021\/01\/d98b3b42-https___specials-images.forbesimg.com_imageserve_965339482_0x0-jpg.webp","datePublished":"2021-01-13T16:44:06+00:00","description":"A Visa cancelou seu acordo de fus\u00e3o com a Plaid, fintech do setor financeiro, fechada por US$ 5,3 bilh\u00f5es no in\u00edcio de 2020. Saiba mais.","breadcrumb":{"@id":"https:\/\/www.suno.com.br\/noticias\/visa-plaid-cancelam-fusao-monopolio\/#breadcrumb"},"inLanguage":"pt-BR","potentialAction":[{"@type":"ReadAction","target":["https:\/\/www.suno.com.br\/noticias\/visa-plaid-cancelam-fusao-monopolio\/"]}]},{"@type":"ImageObject","inLanguage":"pt-BR","@id":"https:\/\/www.suno.com.br\/noticias\/visa-plaid-cancelam-fusao-monopolio\/#primaryimage","url":"https:\/\/files.sunoresearch.com.br\/n\/uploads\/2021\/01\/d98b3b42-https___specials-images.forbesimg.com_imageserve_965339482_0x0-jpg.webp","contentUrl":"https:\/\/files.sunoresearch.com.br\/n\/uploads\/2021\/01\/d98b3b42-https___specials-images.forbesimg.com_imageserve_965339482_0x0-jpg.webp","width":1200,"height":800,"caption":"Decis\u00e3o da Amazon foi classificada pela Visa como \"amea\u00e7a ao consumidor\" - Foto: Divulga\u00e7\u00e3o"},{"@type":"BreadcrumbList","@id":"https:\/\/www.suno.com.br\/noticias\/visa-plaid-cancelam-fusao-monopolio\/#breadcrumb","itemListElement":[{"@type":"ListItem","position":1,"name":"Not\u00edcias","item":"https:\/\/www.suno.com.br\/noticias\/"},{"@type":"ListItem","position":2,"name":"Neg\u00f3cios","item":"https:\/\/www.suno.com.br\/noticias\/negocios\/"},{"@type":"ListItem","position":3,"name":"Visa e Plaid cancelam fus\u00e3o de US$ 5,3 bilh\u00f5es; governo acusa monop\u00f3lio"}]},{"@type":"WebSite","@id":"https:\/\/www.suno.com.br\/noticias\/#website","url":"https:\/\/www.suno.com.br\/noticias\/","name":"Suno Not\u00edcias","description":"Seu portal de informa\u00e7\u00e3o sobre o mundo dos investimentos","publisher":{"@id":"https:\/\/www.suno.com.br\/noticias\/#organization"},"potentialAction":[{"@type":"SearchAction","target":{"@type":"EntryPoint","urlTemplate":"https:\/\/www.suno.com.br\/noticias\/?s={search_term_string}"},"query-input":{"@type":"PropertyValueSpecification","valueRequired":true,"valueName":"search_term_string"}}],"inLanguage":"pt-BR"},{"@type":"Organization","@id":"https:\/\/www.suno.com.br\/noticias\/#organization","name":"Suno Not\u00edcias","url":"https:\/\/www.suno.com.br\/noticias\/","logo":{"@type":"ImageObject","inLanguage":"pt-BR","@id":"https:\/\/www.suno.com.br\/noticias\/#\/schema\/logo\/image\/","url":"https:\/\/files.sunoresearch.com.br\/n\/uploads\/2021\/09\/suno-logo.png","contentUrl":"https:\/\/files.sunoresearch.com.br\/n\/uploads\/2021\/09\/suno-logo.png","width":180,"height":180,"caption":"Suno Not\u00edcias"},"image":{"@id":"https:\/\/www.suno.com.br\/noticias\/#\/schema\/logo\/image\/"},"sameAs":["https:\/\/facebook.com\/sunoresearch","https:\/\/x.com\/sunoresearch","https:\/\/www.instagram.com\/suno","https:\/\/www.linkedin.com\/company\/suno-research\/","https:\/\/www.youtube.com\/c\/sunoresearch"]},{"@type":"Person","@id":"https:\/\/www.suno.com.br\/noticias\/#\/schema\/person\/918d79de1f0281f01599b93f9ea6e23f","name":"Jader Lazarini","image":{"@type":"ImageObject","inLanguage":"pt-BR","@id":"https:\/\/www.suno.com.br\/noticias\/#\/schema\/person\/image\/","url":"https:\/\/secure.gravatar.com\/avatar\/3c1ad8caa51589841baeb923fcddea97?s=96&r=g","contentUrl":"https:\/\/secure.gravatar.com\/avatar\/3c1ad8caa51589841baeb923fcddea97?s=96&r=g","caption":"Jader Lazarini"},"description":"Jader Lazarini escreve sobre investimentos, finan\u00e7as, economia e neg\u00f3cios. \u00c9 bacharel em Rela\u00e7\u00f5es Internacionais e analista CNPI (2619).","url":"https:\/\/www.suno.com.br\/noticias\/author\/jader-lazarini\/"}]}},"default_loop_html":"<div class=\"cardsPage__listCard__boxs\"><div class=\"cardsPage__listCard__boxs__img\"><a href=\"https:\/\/www.suno.com.br\/noticias\/visa-plaid-cancelam-fusao-monopolio\/\"><img class=\"mask\" src=\"https:\/\/www.suno.com.br\/noticias\/wp-content\/themes\/suno\/resources\/images\/spotlight\/spotlight1img\/bg-mask.png\" alt=\"Image Mask\"\/><img src=\"https:\/\/files.sunoresearch.com.br\/n\/uploads\/2021\/01\/d98b3b42-https___specials-images.forbesimg.com_imageserve_965339482_0x0-400x200.webp\" alt=\"Visa e Plaid cancelam fus\u00e3o de US$ 5,3 bilh\u00f5es; governo acusa monop\u00f3lio\"\/><\/a><span class=\"spotlightCategory\"><a href=\"https:\/\/www.suno.com.br\/noticias\/negocios\/\">Neg\u00f3cios<\/a><\/span><\/div><div class=\"cardsPage__listCard__boxs__content\"><a href=\"https:\/\/www.suno.com.br\/noticias\/visa-plaid-cancelam-fusao-monopolio\/\"><h2 class=\"content__title\">Visa e Plaid cancelam fus\u00e3o de US$ 5,3 bilh\u00f5es; governo acusa monop\u00f3lio<\/h2><\/a><div class=\"newsContent__article__meta\"><div class=\"newsContent__article__meta__authorBox\"><a href=\"https:\/\/www.suno.com.br\/noticias\/author\/jader-lazarini\/\" class=\"authorBox__avatar noMobi\"><img src=\"https:\/\/files.sunoresearch.com.br\/n\/uploads\/2021\/01\/178e6598-foto-perfil-2-150x150.jpg\" alt=\"Jader Lazarini\"><\/a><div class=\"authorBox__name\"><span>por\n\t\t\t<a href=\"https:\/\/www.suno.com.br\/noticias\/author\/jader-lazarini\/\"><span itemprop=\"author\">Jader Lazarini<\/span><\/a><\/span><time datetime=\"2021-01-13T13:44:06-03:00\" itemprop=\"datePublished\">13\/01\/2021 13:44<\/time><\/div><\/div><\/div><\/div><\/div>","single_layout":"posts","amp_enabled":true,"_links":{"self":[{"href":"https:\/\/www.suno.com.br\/noticias\/wp-json\/wp\/v2\/posts\/113038"}],"collection":[{"href":"https:\/\/www.suno.com.br\/noticias\/wp-json\/wp\/v2\/posts"}],"about":[{"href":"https:\/\/www.suno.com.br\/noticias\/wp-json\/wp\/v2\/types\/post"}],"author":[{"embeddable":true,"href":"https:\/\/www.suno.com.br\/noticias\/wp-json\/wp\/v2\/users\/24"}],"replies":[{"embeddable":true,"href":"https:\/\/www.suno.com.br\/noticias\/wp-json\/wp\/v2\/comments?post=113038"}],"version-history":[{"count":0,"href":"https:\/\/www.suno.com.br\/noticias\/wp-json\/wp\/v2\/posts\/113038\/revisions"}],"wp:featuredmedia":[{"embeddable":true,"href":"https:\/\/www.suno.com.br\/noticias\/wp-json\/wp\/v2\/media\/113041"}],"wp:attachment":[{"href":"https:\/\/www.suno.com.br\/noticias\/wp-json\/wp\/v2\/media?parent=113038"}],"wp:term":[{"taxonomy":"category","embeddable":true,"href":"https:\/\/www.suno.com.br\/noticias\/wp-json\/wp\/v2\/categories?post=113038"},{"taxonomy":"post_tag","embeddable":true,"href":"https:\/\/www.suno.com.br\/noticias\/wp-json\/wp\/v2\/tags?post=113038"},{"taxonomy":"suno_strategy","embeddable":true,"href":"https:\/\/www.suno.com.br\/noticias\/wp-json\/wp\/v2\/suno_strategy?post=113038"}],"curies":[{"name":"wp","href":"https:\/\/api.w.org\/{rel}","templated":true}]}}