{"id":112588,"date":"2021-01-12T09:15:02","date_gmt":"2021-01-12T12:15:02","guid":{"rendered":"https:\/\/www.suno.com.br\/noticias\/?p=112588"},"modified":"2021-01-12T09:15:02","modified_gmt":"2021-01-12T12:15:02","slug":"ford-entidades-criticam-governo-e-sindicatos-se-dizem-surpresos-com-fechamento","status":"publish","type":"post","link":"https:\/\/www.suno.com.br\/noticias\/ford-entidades-criticam-governo-e-sindicatos-se-dizem-surpresos-com-fechamento\/","title":{"rendered":"Ford: Entidades criticam governo e sindicatos se dizem surpresos com fechamento"},"content":{"rendered":"<p>Ap\u00f3s a <strong>Ford<\/strong> anunciar nesta segunda (11) que fechar\u00e1 todas suas tr\u00eas unidades no Brasil, pol\u00edticos, entidades e sindicatos se manifestaram a respeito da decis\u00e3o da montadora de ve\u00edculos americana, que foi a primeira a estabelecer uma f\u00e1brica no Brasil em 1919.<\/p>\t<div class=\"wrapper-featured-image\">\n\t\t<figure class=\"spotlightImg\">\n\n\t\t\t<picture>\n\t\t\t\t<source media=\"(max-width: 768px)\" srcset=\"https:\/\/files.sunoresearch.com.br\/n\/uploads\/2021\/01\/20a54a5a-ford-400x200.webp\">\n\t\t\t\t<img loading=\"lazy\" decoding=\"async\" class=\"newsContent__article__imgCapa lazyloadDisabled \" src=\"https:\/\/files.sunoresearch.com.br\/n\/uploads\/2021\/01\/20a54a5a-ford-800x450.webp\" width=\"800\" height=\"450\" alt=\"Ford: Entidades criticam governo e sindicatos se dizem surpresos com fechamento\" fetchpriority=high \/>\n\t\t\t<\/picture>\n\n\t\t\t<figcaption class=\"wp-caption-text wp-caption-text--show\">Entidades pedem menor custo Brasil ap\u00f3s fechamento de f\u00e1bricas da Ford e sindicatos se dizem surpresos por decis\u00e3o<\/figcaption>\n\t\t<\/figure>\n\t<\/div>\n\n\n<p><span style=\"font-weight: 400;\">\t<p>\n\t\t<a href=\"https:\/\/lp.suno.com.br\/planilha-controle-gastos\/\" target=\"_blank\" data-element=\"shortcode-suno-banner\" title=\"Banner SUNO, clique e saiba mais\">\n\t\t\t<picture>\n\t\t\t\t<source media=\"(max-width: 500px)\" srcset=\"https:\/\/files.sunoresearch.com.br\/n\/uploads\/2023\/03\/400x300-Planilha-controle-de-gastos.png\">\n\t\t\t\t<img class=\"newsContent__article__imgCapa newsContent__article__imgCapa--banner\"\n\t\t\t\t\tsrc=\"https:\/\/files.sunoresearch.com.br\/n\/uploads\/2023\/03\/1420x240-Planilha-controle-de-gastos.png\"\n\t\t\t\t\tdata-promo-id=\"101751\"\t\t\t\t\t\t\t\t\t\twidth='1420' height='240'\t\t\t\t\talt=\"https:\/\/files.sunoresearch.com.br\/n\/uploads\/2023\/03\/1420x240-Planilha-controle-de-gastos.png\"\n\t\t\t\t>\n\t\t\t<\/picture>\n\t\t<\/a>\n\t<\/p>\n\n<\/span><\/p>\n<p>Para a Federa\u00e7\u00e3o das Ind\u00fastrias de S\u00e3o Paulo, a <a href=\"https:\/\/www.suno.com.br\/artigos\/fiesp\/\"><strong>Fiesp<\/strong><\/a>, a decis\u00e3o mostra que s\u00e3o necess\u00e1rias mudan\u00e7as estruturais no pa\u00eds para reduzir o chamado Custo Brasil. &#8220;Temos defendido uma agenda que melhore o ambiente de neg\u00f3cios e aumente a competitividade dos produtos brasileiros. Isso n\u00e3o \u00e9 apenas discurso. \u00c9 a realidade enfrentada pelas empresas\u201d, afirmou em nota.<\/p>\n<p>A Fiesp utilizou o acontecimento para criticar a recente movimenta\u00e7\u00e3o do estado de S\u00e3o Paulo, que busca aumentar as tarifas do imposto de circula\u00e7\u00e3o de mercadorias, o<strong> ICMS<\/strong>.<\/p>\n<p><span style=\"font-weight: 400;\">\t<div data-element=\"shortcode-read-more\" class=\"knowMore\">\n\t\t\t\t<span class=\"knowMore__title\">Saiba mais<\/span>\n\t\t\t\t<a class=\"knowMore__link\" href=\"https:\/\/www.suno.com.br\/noticias\/ford-anuncia-fechamento-de-tres-fabricas-brasil\/\">\n\t\t\tFord anuncia fechamento de todas suas tr\u00eas f\u00e1bricas no Brasil\t\t<\/a>\n\t<\/div>\n\n<\/span><\/p>\n<p>A Confedera\u00e7\u00e3o Nacional das Ind\u00fastrias (<strong>CNI<\/strong>) pediu que governos federais, estaduais e municipais tratem de forma urgente a quest\u00e3o das mudan\u00e7as. A entidade afirmou tamb\u00e9m que a reforma tribut\u00e1ria deve ser priorit\u00e1ria.<\/p>\n<p><a href=\"https:\/\/lp.suno.com.br\/suno-one\/\"><span style=\"font-weight: 400;\">Suno One: acesse gratuitamente eBooks, Minicursos, Artigos e Video Aulas sobre investimentos com um \u00fanico cadastro. Clique para saber mais!<\/span><\/a><\/p>\n<p><strong>Sindicatos<\/strong> tamb\u00e9m se mostraram surpresos com a decis\u00e3o da Ford de fechar as f\u00e1bricas de Taubat\u00e9 (SP), Cama\u00e7ari (BA) e Horizonte (CE). Apenas de maneira direta, cinco mil vagas de emprego ser\u00e3o fechadas.<\/p>\n<p>O presidente do Sindicato dos Metal\u00fargicos de Cama\u00e7ari, J\u00falio Bonfim, afirmou que cerca de 12 mil empregos devem ser fechados na regi\u00e3o por conta do fechamento e disse que a sa\u00edda da empresa \u00e9 algo que &#8220;bate nas costas de maneira forte&#8221;. A planta baiana \u00e9 a que concentrava, entre todas as f\u00e1bricas, o maior n\u00famero de funcion\u00e1rios.<\/p>\n<p>O Sindicato dos Metal\u00fargicos de Taubat\u00e9 realizou no final da tarde de ontem uma assembleia geral, sem ainda se manifestar.<\/p>\n<p><span style=\"font-weight: 400;\">\t<p>\n\t\t<a href=\"https:\/\/lp.suno.com.br\/ebook-como-analisar-uma-acao\/\" target=\"_blank\" data-element=\"shortcode-suno-banner\" title=\"Banner SUNO, clique e saiba mais\">\n\t\t\t<picture>\n\t\t\t\t<source media=\"(max-width: 500px)\" srcset=\"https:\/\/files.sunoresearch.com.br\/n\/uploads\/2023\/03\/Ebook-Acoes-Mobile.jpg\">\n\t\t\t\t<img class=\"newsContent__article__imgCapa newsContent__article__imgCapa--banner\"\n\t\t\t\t\tsrc=\"https:\/\/files.sunoresearch.com.br\/n\/uploads\/2023\/03\/Ebook-Acoes-Desktop.jpg\"\n\t\t\t\t\tdata-promo-id=\"378302\"\t\t\t\t\t\t\t\t\t\twidth='1420' height='286'\t\t\t\t\talt=\"https:\/\/files.sunoresearch.com.br\/n\/uploads\/2023\/03\/Ebook-Acoes-Desktop.jpg\"\n\t\t\t\t>\n\t\t\t<\/picture>\n\t\t<\/a>\n\t<\/p>\n\n<\/span><\/p>\n<p>Entre os motivos para o fechamento das opera\u00e7\u00f5es da Ford, est\u00e3o:<\/p>\n<p>\u2022 Recente queda da participa\u00e7\u00e3o no mercado interno da montadora (apenas 7,14% em 2020)<\/p>\n<p>\u2022 Preju\u00edzos acumulados desde 2013<\/p>\n<p>\u2022 Foco em setores que d\u00e3o mais lucro e no desenvolvimento de tecnologias<\/p>\n<h2>Sa\u00edda da Ford gera cr\u00edtica de pol\u00edticos, Minist\u00e9rio da Economia defende ser &#8220;decis\u00e3o global&#8221;<\/h2>\n<p>O presidente da C\u00e2mara dos Deputados, <strong>Rodrigo Maia<\/strong> (DEM-RJ), afirmou que a sa\u00edda da Ford do Brasil mostra falta de credibilidade do Governo Federal. Maia disse tamb\u00e9m que a decis\u00e3o da montadora evidencia a aus\u00eancia de regras claras, de seguran\u00e7a jur\u00eddica e de um sistema tribut\u00e1rio racional.<\/p>\n<p>O <strong>Minist\u00e9rio da Economia<\/strong>, em nota, afirmou que a decis\u00e3o da companhia \u00e9 global e destoa da recupera\u00e7\u00e3o que a maioria dos setores da ind\u00fastria vem mostrando no pa\u00eds, com muitos em patamares superiores daquilo que era registrado no pr\u00e9-crise.<\/p>\n<p>Para o vice-presidente, Hamilton Mour\u00e3o, em conversa com jornalistas no fim da tarde de ontem, afirmou que a decis\u00e3o surpreendeu e que acredita que a <strong>Ford<\/strong> tenha ganhado bastante dinheiro em solo nacional.<\/p>\n<p><span style=\"font-weight: 400;\">\t<p>\n\t\t<a href=\"https:\/\/lp.suno.com.br\/planilha-de-controle-de-investimentos\/\" target=\"_blank\" data-element=\"shortcode-suno-banner\" title=\"Banner SUNO, clique e saiba mais\">\n\t\t\t<picture>\n\t\t\t\t<source media=\"(max-width: 500px)\" srcset=\"https:\/\/files.sunoresearch.com.br\/n\/uploads\/2023\/03\/400x300-Controle-de-Investimentos.png\">\n\t\t\t\t<img class=\"newsContent__article__imgCapa newsContent__article__imgCapa--banner\"\n\t\t\t\t\tsrc=\"https:\/\/files.sunoresearch.com.br\/n\/uploads\/2023\/03\/1420x240-Controle-de-Investimentos.png\"\n\t\t\t\t\tdata-promo-id=\"75934\"\t\t\t\t\t\t\t\t\t\twidth='1420' height='240'\t\t\t\t\talt=\"https:\/\/files.sunoresearch.com.br\/n\/uploads\/2023\/03\/1420x240-Controle-de-Investimentos.png\"\n\t\t\t\t>\n\t\t\t<\/picture>\n\t\t<\/a>\n\t<\/p>\n\n <\/span><\/p>\n","protected":false},"excerpt":{"rendered":"<p>Ap\u00f3s a Ford anunciar nesta segunda (11) que fechar\u00e1 todas suas tr\u00eas unidades no Brasil, pol\u00edticos, entidades e sindicatos se manifestaram a respeito da decis\u00e3o da montadora de ve\u00edculos americana, que foi a primeira a estabelecer uma f\u00e1brica no Brasil em 1919. Entidades pedem menor custo Brasil ap\u00f3s fechamento de f\u00e1bricas da Ford e sindicatos [&hellip;]<\/p>\n","protected":false},"author":59,"featured_media":112603,"comment_status":"closed","ping_status":"closed","sticky":false,"template":"","format":"standard","meta":[],"categories":[64],"tags":[878,870,909,892,1211],"suno_strategy":[],"class_list":["post-112588","post","type-post","status-publish","format-standard","has-post-thumbnail","hentry","category-negocios","tag-cni","tag-ford-fdmo34","tag-ministerio-da-economia","tag-rodrigo-maia","tag-sindicatos"],"yoast_head":"<!-- This site is optimized with the Yoast SEO plugin v24.4 - https:\/\/yoast.com\/wordpress\/plugins\/seo\/ -->\n<title>Ford: entidades pedem menor custo Brasil ap\u00f3s fechamento de f\u00e1bricas<\/title>\n<meta name=\"description\" content=\"Ap\u00f3s a Ford anunciar que fechar\u00e1 todas suas tr\u00eas unidades no Brasil, autoridades se manifestaram sobre. Clique aqui para saber mais.\" \/>\n<meta name=\"robots\" content=\"index, follow, max-snippet:-1, max-image-preview:large, max-video-preview:-1\" \/>\n<link rel=\"canonical\" href=\"https:\/\/www.suno.com.br\/noticias\/ford-entidades-criticam-governo-e-sindicatos-se-dizem-surpresos-com-fechamento\/\" \/>\n<meta property=\"og:locale\" content=\"pt_BR\" \/>\n<meta property=\"og:type\" content=\"article\" \/>\n<meta property=\"og:title\" content=\"Ford: entidades pedem menor custo Brasil ap\u00f3s fechamento de f\u00e1bricas\" \/>\n<meta property=\"og:description\" content=\"Ap\u00f3s a Ford anunciar que fechar\u00e1 todas suas tr\u00eas unidades no Brasil, autoridades se manifestaram sobre. Clique aqui para saber mais.\" \/>\n<meta property=\"og:url\" content=\"https:\/\/www.suno.com.br\/noticias\/ford-entidades-criticam-governo-e-sindicatos-se-dizem-surpresos-com-fechamento\/\" \/>\n<meta property=\"og:site_name\" content=\"Suno Not\u00edcias\" \/>\n<meta property=\"article:publisher\" content=\"https:\/\/facebook.com\/sunoresearch\" \/>\n<meta property=\"og:image\" content=\"https:\/\/files.sunoresearch.com.br\/n\/uploads\/2021\/01\/20a54a5a-ford.jpg\" \/>\n\t<meta property=\"og:image:width\" content=\"1024\" \/>\n\t<meta property=\"og:image:height\" content=\"654\" \/>\n\t<meta property=\"og:image:type\" content=\"image\/jpeg\" \/>\n<meta name=\"author\" content=\"Vitor Azevedo\" \/>\n<meta name=\"twitter:card\" content=\"summary_large_image\" \/>\n<meta name=\"twitter:creator\" content=\"@sunoresearch\" \/>\n<meta name=\"twitter:site\" content=\"@sunoresearch\" \/>\n<meta name=\"twitter:label1\" content=\"Escrito por\" \/>\n\t<meta name=\"twitter:data1\" content=\"Vitor Azevedo\" \/>\n\t<meta name=\"twitter:label2\" content=\"Est. tempo de leitura\" \/>\n\t<meta name=\"twitter:data2\" content=\"3 minutos\" \/>\n<script type=\"application\/ld+json\" class=\"yoast-schema-graph\">{\"@context\":\"https:\/\/schema.org\",\"@graph\":[{\"@type\":\"NewsArticle\",\"@id\":\"https:\/\/www.suno.com.br\/noticias\/ford-entidades-criticam-governo-e-sindicatos-se-dizem-surpresos-com-fechamento\/#article\",\"isPartOf\":{\"@id\":\"https:\/\/www.suno.com.br\/noticias\/ford-entidades-criticam-governo-e-sindicatos-se-dizem-surpresos-com-fechamento\/\"},\"author\":{\"name\":\"Vitor Azevedo\",\"@id\":\"https:\/\/www.suno.com.br\/noticias\/#\/schema\/person\/658d5fbc74d81f265f5df3562d0038ab\"},\"headline\":\"Ford: Entidades criticam governo e sindicatos se dizem surpresos com fechamento\",\"datePublished\":\"2021-01-12T12:15:02+00:00\",\"mainEntityOfPage\":{\"@id\":\"https:\/\/www.suno.com.br\/noticias\/ford-entidades-criticam-governo-e-sindicatos-se-dizem-surpresos-com-fechamento\/\"},\"wordCount\":558,\"publisher\":{\"@id\":\"https:\/\/www.suno.com.br\/noticias\/#organization\"},\"image\":{\"@id\":\"https:\/\/www.suno.com.br\/noticias\/ford-entidades-criticam-governo-e-sindicatos-se-dizem-surpresos-com-fechamento\/#primaryimage\"},\"thumbnailUrl\":\"https:\/\/files.sunoresearch.com.br\/n\/uploads\/2021\/01\/20a54a5a-ford-jpg.webp\",\"keywords\":[\"CNI\",\"Ford (FDMO34)\",\"Minist\u00e9rio da Economia\",\"Rodrigo Maia\",\"sindicatos\"],\"articleSection\":[\"Neg\u00f3cios\"],\"inLanguage\":\"pt-BR\"},{\"@type\":\"WebPage\",\"@id\":\"https:\/\/www.suno.com.br\/noticias\/ford-entidades-criticam-governo-e-sindicatos-se-dizem-surpresos-com-fechamento\/\",\"url\":\"https:\/\/www.suno.com.br\/noticias\/ford-entidades-criticam-governo-e-sindicatos-se-dizem-surpresos-com-fechamento\/\",\"name\":\"Ford: entidades pedem menor custo Brasil ap\u00f3s fechamento de f\u00e1bricas\",\"isPartOf\":{\"@id\":\"https:\/\/www.suno.com.br\/noticias\/#website\"},\"primaryImageOfPage\":{\"@id\":\"https:\/\/www.suno.com.br\/noticias\/ford-entidades-criticam-governo-e-sindicatos-se-dizem-surpresos-com-fechamento\/#primaryimage\"},\"image\":{\"@id\":\"https:\/\/www.suno.com.br\/noticias\/ford-entidades-criticam-governo-e-sindicatos-se-dizem-surpresos-com-fechamento\/#primaryimage\"},\"thumbnailUrl\":\"https:\/\/files.sunoresearch.com.br\/n\/uploads\/2021\/01\/20a54a5a-ford-jpg.webp\",\"datePublished\":\"2021-01-12T12:15:02+00:00\",\"description\":\"Ap\u00f3s a Ford anunciar que fechar\u00e1 todas suas tr\u00eas unidades no Brasil, autoridades se manifestaram sobre. Clique aqui para saber mais.\",\"breadcrumb\":{\"@id\":\"https:\/\/www.suno.com.br\/noticias\/ford-entidades-criticam-governo-e-sindicatos-se-dizem-surpresos-com-fechamento\/#breadcrumb\"},\"inLanguage\":\"pt-BR\",\"potentialAction\":[{\"@type\":\"ReadAction\",\"target\":[\"https:\/\/www.suno.com.br\/noticias\/ford-entidades-criticam-governo-e-sindicatos-se-dizem-surpresos-com-fechamento\/\"]}]},{\"@type\":\"ImageObject\",\"inLanguage\":\"pt-BR\",\"@id\":\"https:\/\/www.suno.com.br\/noticias\/ford-entidades-criticam-governo-e-sindicatos-se-dizem-surpresos-com-fechamento\/#primaryimage\",\"url\":\"https:\/\/files.sunoresearch.com.br\/n\/uploads\/2021\/01\/20a54a5a-ford-jpg.webp\",\"contentUrl\":\"https:\/\/files.sunoresearch.com.br\/n\/uploads\/2021\/01\/20a54a5a-ford-jpg.webp\",\"width\":1024,\"height\":654,\"caption\":\"Entidades pedem menor custo Brasil ap\u00f3s fechamento de f\u00e1bricas da Ford e sindicatos se dizem surpresos por decis\u00e3o\"},{\"@type\":\"BreadcrumbList\",\"@id\":\"https:\/\/www.suno.com.br\/noticias\/ford-entidades-criticam-governo-e-sindicatos-se-dizem-surpresos-com-fechamento\/#breadcrumb\",\"itemListElement\":[{\"@type\":\"ListItem\",\"position\":1,\"name\":\"Not\u00edcias\",\"item\":\"https:\/\/www.suno.com.br\/noticias\/\"},{\"@type\":\"ListItem\",\"position\":2,\"name\":\"Neg\u00f3cios\",\"item\":\"https:\/\/www.suno.com.br\/noticias\/negocios\/\"},{\"@type\":\"ListItem\",\"position\":3,\"name\":\"Ford: Entidades criticam governo e sindicatos se dizem surpresos com fechamento\"}]},{\"@type\":\"WebSite\",\"@id\":\"https:\/\/www.suno.com.br\/noticias\/#website\",\"url\":\"https:\/\/www.suno.com.br\/noticias\/\",\"name\":\"Suno Not\u00edcias\",\"description\":\"Seu portal de informa\u00e7\u00e3o sobre o mundo dos investimentos\",\"publisher\":{\"@id\":\"https:\/\/www.suno.com.br\/noticias\/#organization\"},\"potentialAction\":[{\"@type\":\"SearchAction\",\"target\":{\"@type\":\"EntryPoint\",\"urlTemplate\":\"https:\/\/www.suno.com.br\/noticias\/?s={search_term_string}\"},\"query-input\":{\"@type\":\"PropertyValueSpecification\",\"valueRequired\":true,\"valueName\":\"search_term_string\"}}],\"inLanguage\":\"pt-BR\"},{\"@type\":\"Organization\",\"@id\":\"https:\/\/www.suno.com.br\/noticias\/#organization\",\"name\":\"Suno Not\u00edcias\",\"url\":\"https:\/\/www.suno.com.br\/noticias\/\",\"logo\":{\"@type\":\"ImageObject\",\"inLanguage\":\"pt-BR\",\"@id\":\"https:\/\/www.suno.com.br\/noticias\/#\/schema\/logo\/image\/\",\"url\":\"https:\/\/files.sunoresearch.com.br\/n\/uploads\/2021\/09\/suno-logo.png\",\"contentUrl\":\"https:\/\/files.sunoresearch.com.br\/n\/uploads\/2021\/09\/suno-logo.png\",\"width\":180,\"height\":180,\"caption\":\"Suno Not\u00edcias\"},\"image\":{\"@id\":\"https:\/\/www.suno.com.br\/noticias\/#\/schema\/logo\/image\/\"},\"sameAs\":[\"https:\/\/facebook.com\/sunoresearch\",\"https:\/\/x.com\/sunoresearch\",\"https:\/\/www.instagram.com\/suno\",\"https:\/\/www.linkedin.com\/company\/suno-research\/\",\"https:\/\/www.youtube.com\/c\/sunoresearch\"]},{\"@type\":\"Person\",\"@id\":\"https:\/\/www.suno.com.br\/noticias\/#\/schema\/person\/658d5fbc74d81f265f5df3562d0038ab\",\"name\":\"Vitor Azevedo\",\"image\":{\"@type\":\"ImageObject\",\"inLanguage\":\"pt-BR\",\"@id\":\"https:\/\/www.suno.com.br\/noticias\/#\/schema\/person\/image\/\",\"url\":\"https:\/\/secure.gravatar.com\/avatar\/62b86195291b446fe380824eb28b99a5?s=96&r=g\",\"contentUrl\":\"https:\/\/secure.gravatar.com\/avatar\/62b86195291b446fe380824eb28b99a5?s=96&r=g\",\"caption\":\"Vitor Azevedo\"},\"description\":\"Formado em jornalismo pela Unesp, escreve sobre economia e neg\u00f3cios para a Suno Not\u00edcias.\",\"url\":\"https:\/\/www.suno.com.br\/noticias\/author\/vitor-azevedo\/\"}]}<\/script>\n<!-- \/ Yoast SEO plugin. -->","yoast_head_json":{"title":"Ford: entidades pedem menor custo Brasil ap\u00f3s fechamento de f\u00e1bricas","description":"Ap\u00f3s a Ford anunciar que fechar\u00e1 todas suas tr\u00eas unidades no Brasil, autoridades se manifestaram sobre. Clique aqui para saber mais.","robots":{"index":"index","follow":"follow","max-snippet":"max-snippet:-1","max-image-preview":"max-image-preview:large","max-video-preview":"max-video-preview:-1"},"canonical":"https:\/\/www.suno.com.br\/noticias\/ford-entidades-criticam-governo-e-sindicatos-se-dizem-surpresos-com-fechamento\/","og_locale":"pt_BR","og_type":"article","og_title":"Ford: entidades pedem menor custo Brasil ap\u00f3s fechamento de f\u00e1bricas","og_description":"Ap\u00f3s a Ford anunciar que fechar\u00e1 todas suas tr\u00eas unidades no Brasil, autoridades se manifestaram sobre. Clique aqui para saber mais.","og_url":"https:\/\/www.suno.com.br\/noticias\/ford-entidades-criticam-governo-e-sindicatos-se-dizem-surpresos-com-fechamento\/","og_site_name":"Suno Not\u00edcias","article_publisher":"https:\/\/facebook.com\/sunoresearch","og_image":[{"width":1024,"height":654,"url":"https:\/\/files.sunoresearch.com.br\/n\/uploads\/2021\/01\/20a54a5a-ford.jpg","type":"image\/jpeg"}],"author":"Vitor Azevedo","twitter_card":"summary_large_image","twitter_creator":"@sunoresearch","twitter_site":"@sunoresearch","twitter_misc":{"Escrito por":"Vitor Azevedo","Est. tempo de leitura":"3 minutos"},"schema":{"@context":"https:\/\/schema.org","@graph":[{"@type":"NewsArticle","@id":"https:\/\/www.suno.com.br\/noticias\/ford-entidades-criticam-governo-e-sindicatos-se-dizem-surpresos-com-fechamento\/#article","isPartOf":{"@id":"https:\/\/www.suno.com.br\/noticias\/ford-entidades-criticam-governo-e-sindicatos-se-dizem-surpresos-com-fechamento\/"},"author":{"name":"Vitor Azevedo","@id":"https:\/\/www.suno.com.br\/noticias\/#\/schema\/person\/658d5fbc74d81f265f5df3562d0038ab"},"headline":"Ford: Entidades criticam governo e sindicatos se dizem surpresos com fechamento","datePublished":"2021-01-12T12:15:02+00:00","mainEntityOfPage":{"@id":"https:\/\/www.suno.com.br\/noticias\/ford-entidades-criticam-governo-e-sindicatos-se-dizem-surpresos-com-fechamento\/"},"wordCount":558,"publisher":{"@id":"https:\/\/www.suno.com.br\/noticias\/#organization"},"image":{"@id":"https:\/\/www.suno.com.br\/noticias\/ford-entidades-criticam-governo-e-sindicatos-se-dizem-surpresos-com-fechamento\/#primaryimage"},"thumbnailUrl":"https:\/\/files.sunoresearch.com.br\/n\/uploads\/2021\/01\/20a54a5a-ford-jpg.webp","keywords":["CNI","Ford (FDMO34)","Minist\u00e9rio da Economia","Rodrigo Maia","sindicatos"],"articleSection":["Neg\u00f3cios"],"inLanguage":"pt-BR"},{"@type":"WebPage","@id":"https:\/\/www.suno.com.br\/noticias\/ford-entidades-criticam-governo-e-sindicatos-se-dizem-surpresos-com-fechamento\/","url":"https:\/\/www.suno.com.br\/noticias\/ford-entidades-criticam-governo-e-sindicatos-se-dizem-surpresos-com-fechamento\/","name":"Ford: entidades pedem menor custo Brasil ap\u00f3s fechamento de f\u00e1bricas","isPartOf":{"@id":"https:\/\/www.suno.com.br\/noticias\/#website"},"primaryImageOfPage":{"@id":"https:\/\/www.suno.com.br\/noticias\/ford-entidades-criticam-governo-e-sindicatos-se-dizem-surpresos-com-fechamento\/#primaryimage"},"image":{"@id":"https:\/\/www.suno.com.br\/noticias\/ford-entidades-criticam-governo-e-sindicatos-se-dizem-surpresos-com-fechamento\/#primaryimage"},"thumbnailUrl":"https:\/\/files.sunoresearch.com.br\/n\/uploads\/2021\/01\/20a54a5a-ford-jpg.webp","datePublished":"2021-01-12T12:15:02+00:00","description":"Ap\u00f3s a Ford anunciar que fechar\u00e1 todas suas tr\u00eas unidades no Brasil, autoridades se manifestaram sobre. Clique aqui para saber mais.","breadcrumb":{"@id":"https:\/\/www.suno.com.br\/noticias\/ford-entidades-criticam-governo-e-sindicatos-se-dizem-surpresos-com-fechamento\/#breadcrumb"},"inLanguage":"pt-BR","potentialAction":[{"@type":"ReadAction","target":["https:\/\/www.suno.com.br\/noticias\/ford-entidades-criticam-governo-e-sindicatos-se-dizem-surpresos-com-fechamento\/"]}]},{"@type":"ImageObject","inLanguage":"pt-BR","@id":"https:\/\/www.suno.com.br\/noticias\/ford-entidades-criticam-governo-e-sindicatos-se-dizem-surpresos-com-fechamento\/#primaryimage","url":"https:\/\/files.sunoresearch.com.br\/n\/uploads\/2021\/01\/20a54a5a-ford-jpg.webp","contentUrl":"https:\/\/files.sunoresearch.com.br\/n\/uploads\/2021\/01\/20a54a5a-ford-jpg.webp","width":1024,"height":654,"caption":"Entidades pedem menor custo Brasil ap\u00f3s fechamento de f\u00e1bricas da Ford e sindicatos se dizem surpresos por decis\u00e3o"},{"@type":"BreadcrumbList","@id":"https:\/\/www.suno.com.br\/noticias\/ford-entidades-criticam-governo-e-sindicatos-se-dizem-surpresos-com-fechamento\/#breadcrumb","itemListElement":[{"@type":"ListItem","position":1,"name":"Not\u00edcias","item":"https:\/\/www.suno.com.br\/noticias\/"},{"@type":"ListItem","position":2,"name":"Neg\u00f3cios","item":"https:\/\/www.suno.com.br\/noticias\/negocios\/"},{"@type":"ListItem","position":3,"name":"Ford: Entidades criticam governo e sindicatos se dizem surpresos com fechamento"}]},{"@type":"WebSite","@id":"https:\/\/www.suno.com.br\/noticias\/#website","url":"https:\/\/www.suno.com.br\/noticias\/","name":"Suno Not\u00edcias","description":"Seu portal de informa\u00e7\u00e3o sobre o mundo dos investimentos","publisher":{"@id":"https:\/\/www.suno.com.br\/noticias\/#organization"},"potentialAction":[{"@type":"SearchAction","target":{"@type":"EntryPoint","urlTemplate":"https:\/\/www.suno.com.br\/noticias\/?s={search_term_string}"},"query-input":{"@type":"PropertyValueSpecification","valueRequired":true,"valueName":"search_term_string"}}],"inLanguage":"pt-BR"},{"@type":"Organization","@id":"https:\/\/www.suno.com.br\/noticias\/#organization","name":"Suno Not\u00edcias","url":"https:\/\/www.suno.com.br\/noticias\/","logo":{"@type":"ImageObject","inLanguage":"pt-BR","@id":"https:\/\/www.suno.com.br\/noticias\/#\/schema\/logo\/image\/","url":"https:\/\/files.sunoresearch.com.br\/n\/uploads\/2021\/09\/suno-logo.png","contentUrl":"https:\/\/files.sunoresearch.com.br\/n\/uploads\/2021\/09\/suno-logo.png","width":180,"height":180,"caption":"Suno Not\u00edcias"},"image":{"@id":"https:\/\/www.suno.com.br\/noticias\/#\/schema\/logo\/image\/"},"sameAs":["https:\/\/facebook.com\/sunoresearch","https:\/\/x.com\/sunoresearch","https:\/\/www.instagram.com\/suno","https:\/\/www.linkedin.com\/company\/suno-research\/","https:\/\/www.youtube.com\/c\/sunoresearch"]},{"@type":"Person","@id":"https:\/\/www.suno.com.br\/noticias\/#\/schema\/person\/658d5fbc74d81f265f5df3562d0038ab","name":"Vitor Azevedo","image":{"@type":"ImageObject","inLanguage":"pt-BR","@id":"https:\/\/www.suno.com.br\/noticias\/#\/schema\/person\/image\/","url":"https:\/\/secure.gravatar.com\/avatar\/62b86195291b446fe380824eb28b99a5?s=96&r=g","contentUrl":"https:\/\/secure.gravatar.com\/avatar\/62b86195291b446fe380824eb28b99a5?s=96&r=g","caption":"Vitor Azevedo"},"description":"Formado em jornalismo pela Unesp, escreve sobre economia e neg\u00f3cios para a Suno Not\u00edcias.","url":"https:\/\/www.suno.com.br\/noticias\/author\/vitor-azevedo\/"}]}},"default_loop_html":"<div class=\"cardsPage__listCard__boxs\"><div class=\"cardsPage__listCard__boxs__img\"><a href=\"https:\/\/www.suno.com.br\/noticias\/ford-entidades-criticam-governo-e-sindicatos-se-dizem-surpresos-com-fechamento\/\"><img class=\"mask\" src=\"https:\/\/www.suno.com.br\/noticias\/wp-content\/themes\/suno\/resources\/images\/spotlight\/spotlight1img\/bg-mask.png\" alt=\"Image Mask\"\/><img src=\"https:\/\/files.sunoresearch.com.br\/n\/uploads\/2021\/01\/20a54a5a-ford-400x200.webp\" alt=\"Ford: Entidades criticam governo e sindicatos se dizem surpresos com fechamento\"\/><\/a><span class=\"spotlightCategory\"><a href=\"https:\/\/www.suno.com.br\/noticias\/negocios\/\">Neg\u00f3cios<\/a><\/span><\/div><div class=\"cardsPage__listCard__boxs__content\"><a href=\"https:\/\/www.suno.com.br\/noticias\/ford-entidades-criticam-governo-e-sindicatos-se-dizem-surpresos-com-fechamento\/\"><h2 class=\"content__title\">Ford: Entidades criticam governo e sindicatos se dizem surpresos com fechamento<\/h2><\/a><div class=\"newsContent__article__meta\"><div class=\"newsContent__article__meta__authorBox\"><a href=\"https:\/\/www.suno.com.br\/noticias\/author\/vitor-azevedo\/\" class=\"authorBox__avatar noMobi\"><img src=\"https:\/\/secure.gravatar.com\/avatar\/62b86195291b446fe380824eb28b99a5?s=96&#038;r=g\" alt=\"Vitor Azevedo\"><\/a><div class=\"authorBox__name\"><span>por\n\t\t\t<a href=\"https:\/\/www.suno.com.br\/noticias\/author\/vitor-azevedo\/\"><span itemprop=\"author\">Vitor Azevedo<\/span><\/a><\/span><time datetime=\"2021-01-12T09:15:02-03:00\" itemprop=\"datePublished\">12\/01\/2021 09:15<\/time><\/div><\/div><\/div><\/div><\/div>","single_layout":"posts","amp_enabled":true,"_links":{"self":[{"href":"https:\/\/www.suno.com.br\/noticias\/wp-json\/wp\/v2\/posts\/112588"}],"collection":[{"href":"https:\/\/www.suno.com.br\/noticias\/wp-json\/wp\/v2\/posts"}],"about":[{"href":"https:\/\/www.suno.com.br\/noticias\/wp-json\/wp\/v2\/types\/post"}],"author":[{"embeddable":true,"href":"https:\/\/www.suno.com.br\/noticias\/wp-json\/wp\/v2\/users\/59"}],"replies":[{"embeddable":true,"href":"https:\/\/www.suno.com.br\/noticias\/wp-json\/wp\/v2\/comments?post=112588"}],"version-history":[{"count":0,"href":"https:\/\/www.suno.com.br\/noticias\/wp-json\/wp\/v2\/posts\/112588\/revisions"}],"wp:featuredmedia":[{"embeddable":true,"href":"https:\/\/www.suno.com.br\/noticias\/wp-json\/wp\/v2\/media\/112603"}],"wp:attachment":[{"href":"https:\/\/www.suno.com.br\/noticias\/wp-json\/wp\/v2\/media?parent=112588"}],"wp:term":[{"taxonomy":"category","embeddable":true,"href":"https:\/\/www.suno.com.br\/noticias\/wp-json\/wp\/v2\/categories?post=112588"},{"taxonomy":"post_tag","embeddable":true,"href":"https:\/\/www.suno.com.br\/noticias\/wp-json\/wp\/v2\/tags?post=112588"},{"taxonomy":"suno_strategy","embeddable":true,"href":"https:\/\/www.suno.com.br\/noticias\/wp-json\/wp\/v2\/suno_strategy?post=112588"}],"curies":[{"name":"wp","href":"https:\/\/api.w.org\/{rel}","templated":true}]}}