{"id":11244,"date":"2019-01-10T20:51:56","date_gmt":"2019-01-10T22:51:56","guid":{"rendered":"https:\/\/www.suno.com.br\/noticias\/?p=11244"},"modified":"2019-01-11T01:25:00","modified_gmt":"2019-01-11T03:25:00","slug":"itamaraty-mandato-maduro-ilegitimo","status":"publish","type":"post","link":"https:\/\/www.suno.com.br\/noticias\/itamaraty-mandato-maduro-ilegitimo\/","title":{"rendered":"Itamaraty diz que mandato de Nicol\u00e1s Maduro \u00e9 &#8220;ileg\u00edtimo&#8221;"},"content":{"rendered":"<p>O governo brasileiro informou nesta quinta-feira (10) que considera o governo de Nicol\u00e1s Maduro &#8220;ileg\u00edtimo&#8221;.<\/p>\t<div class=\"wrapper-featured-image\">\n\t\t<figure class=\"spotlightImg\">\n\n\t\t\t<picture>\n\t\t\t\t<source media=\"(max-width: 768px)\" srcset=\"https:\/\/files.sunoresearch.com.br\/n\/uploads\/2019\/01\/74457bac-itamaraty-400x200.webp\">\n\t\t\t\t<img loading=\"lazy\" decoding=\"async\" class=\"newsContent__article__imgCapa lazyloadDisabled newsContent__article__imgCapa--noCaption\" src=\"https:\/\/files.sunoresearch.com.br\/n\/uploads\/2019\/01\/74457bac-itamaraty-800x450.webp\" width=\"800\" height=\"450\" alt=\"Itamaraty diz que mandato de Nicol\u00e1s Maduro \u00e9 &#8220;ileg\u00edtimo&#8221;\" fetchpriority=high \/>\n\t\t\t<\/picture>\n\n\t\t\t<figcaption class=\"wp-caption-text wp-caption-text--hide\">Itamaraty <\/figcaption>\n\t\t<\/figure>\n\t<\/div>\n\n\n<p>O Minist\u00e9rio das Rela\u00e7\u00f5es Exteriores divulgou uma nota explicando que considera o novo mandato do presidente da <strong>Venezuela<\/strong> &#8220;ileg\u00edtimo&#8221;. O presidente <strong>Nicol\u00e1s Maduro<\/strong> tomou posse nesta quinta para o seu segundo mandato. Seu <strong>governo<\/strong> durar\u00e1 at\u00e9 2025.<\/p>\n<p><a href=\"https:\/\/www.suno.com.br\/noticias\/maduro-toma-posse-assume-mandato-venezuela\/\">Saiba mais:\u00a0Nicol\u00e1s Maduro toma posse e assume segundo mandato na Venezuela<\/a><\/p>\n<p>No comunicado, o <strong>Itamaraty<\/strong> salientou que o poder executivo tem que ser atribu\u00eddo a Assembleia Nacional. O \u00f3rg\u00e3o legislativa venezuelano \u00e9 controlado pela maioria anti-governista. A Assembleia Nacional rejeita a legitimidade do novo mandato do presidente <strong>Maduro<\/strong>.<\/p>\n<p><a href=\"https:\/\/www.suno.com.br\/noticias\/nicolas-maduro-milicia\/\">Saiba mais:\u00a0Nicol\u00e1s Maduro afirma que mil\u00edcia j\u00e1 tem 1,6 milh\u00e3o de membros<\/a><\/p>\n<p>O Grupo de Lima, do qual o Brasil faz parte, intimou <strong>Maduro<\/strong> a n\u00e3o tomar posse. O Grupo de Lima \u00e9 um grupo informal composto por 14 pa\u00edses das Am\u00e9ricas. O grupo trabalha para tentar mediar uma solu\u00e7\u00e3o \u00e0 crise venezuelana.<\/p>\n<p>&#8220;Tendo em vista que nesta data, 10 de janeiro de 2019, Nicol\u00e1s <strong>Maduro<\/strong> n\u00e3o atendeu \u00e0s exorta\u00e7\u00f5es do Grupo de Lima, formuladas na Declara\u00e7\u00e3o de 4 de janeiro, e iniciou novo mandato presidencial ileg\u00edtimo, o Brasil reafirma seu pleno apoio \u00e0 Assembleia Nacional, \u00f3rg\u00e3o constitucional democraticamente eleito, ao qual neste momento incumbe a autoridade executiva na <strong>Venezuela<\/strong>&#8220;, informou a nota do Itamaraty.<\/p>\n<h2>Entenda a crise na Venezuela<\/h2>\n<p>A <strong>Venezuela<\/strong> enfrenta uma profunda crise humanit\u00e1ria, econ\u00f4mica e pol\u00edtica. A infla\u00e7\u00e3o no pa\u00eds j\u00e1 ultrapassou 1.000.000 % ao ano. Milhares de venezuelanos j\u00e1 fugiram do pa\u00eds para in\u00fameras para regi\u00f5es da Am\u00e9rica do Sul, incluindo o Brasil. Al\u00e9m disso, l\u00edderes de oposi\u00e7\u00e3o t\u00eam denunciado persegui\u00e7\u00e3o por parte do governo de <strong>Maduro<\/strong>.<\/p>\n<h2>Elei\u00e7\u00f5es contestadas<\/h2>\n<p>Sob den\u00fancias de fraudes e com alta absten\u00e7\u00e3o, <strong>Maduro<\/strong> foi reeleito com quase 70% dos votos.<\/p>\n<p>O pleito presidencial foi boicotado pela oposi\u00e7\u00e3o sob alega\u00e7\u00e3o de que as elei\u00e7\u00f5es eram um processo para perpetuar <strong>Nicol\u00e1s Maduro<\/strong> no poder da <strong>Venezuela<\/strong>. A <strong>Mesa da Unidade Democr\u00e1tica<\/strong> (MUD) se recusou a participar da campanha. Ademais, dois dos maiores opositores de <strong>Maduro<\/strong>, Leopoldo Lopez e Henrique Capriles,\u00a0 foram impendidos de se candidatar a qualquer cargo por um per\u00edodo de 15 anos.<\/p>\n","protected":false},"excerpt":{"rendered":"<p>O governo brasileiro informou nesta quinta-feira (10) que considera o governo de Nicol\u00e1s Maduro &#8220;ileg\u00edtimo&#8221;. Itamaraty O Minist\u00e9rio das Rela\u00e7\u00f5es Exteriores divulgou uma nota explicando que considera o novo mandato do presidente da Venezuela &#8220;ileg\u00edtimo&#8221;. O presidente Nicol\u00e1s Maduro tomou posse nesta quinta para o seu segundo mandato. Seu governo durar\u00e1 at\u00e9 2025. Saiba mais:\u00a0Nicol\u00e1s [&hellip;]<\/p>\n","protected":false},"author":14,"featured_media":10747,"comment_status":"closed","ping_status":"closed","sticky":false,"template":"","format":"standard","meta":[],"categories":[63],"tags":[904,805,804],"suno_strategy":[],"class_list":["post-11244","post","type-post","status-publish","format-standard","has-post-thumbnail","hentry","category-internacional","tag-itamaraty","tag-nicolas-maduro","tag-venezuela"],"yoast_head":"<!-- This site is optimized with the Yoast SEO plugin v24.4 - https:\/\/yoast.com\/wordpress\/plugins\/seo\/ -->\n<title>Itamaraty diz que mandato de Nicol\u00e1s Maduro \u00e9 &quot;ileg\u00edtimo&quot;<\/title>\n<meta name=\"description\" content=\"O presidente Nicol\u00e1s Maduro tomou posse nesta quinta para o seu segundo mandato. Seu governo durar\u00e1 at\u00e9 2025. Clique para saber mais.\" \/>\n<meta name=\"robots\" content=\"index, follow, max-snippet:-1, max-image-preview:large, max-video-preview:-1\" \/>\n<link rel=\"canonical\" href=\"https:\/\/www.suno.com.br\/noticias\/itamaraty-mandato-maduro-ilegitimo\/\" \/>\n<meta property=\"og:locale\" content=\"pt_BR\" \/>\n<meta property=\"og:type\" content=\"article\" \/>\n<meta property=\"og:title\" content=\"Itamaraty diz que mandato de Nicol\u00e1s Maduro \u00e9 &quot;ileg\u00edtimo&quot;\" \/>\n<meta property=\"og:description\" content=\"O presidente Nicol\u00e1s Maduro tomou posse nesta quinta para o seu segundo mandato. Seu governo durar\u00e1 at\u00e9 2025. Clique para saber mais.\" \/>\n<meta property=\"og:url\" content=\"https:\/\/www.suno.com.br\/noticias\/itamaraty-mandato-maduro-ilegitimo\/\" \/>\n<meta property=\"og:site_name\" content=\"Suno Not\u00edcias\" \/>\n<meta property=\"article:publisher\" content=\"https:\/\/facebook.com\/sunoresearch\" \/>\n<meta property=\"og:image\" content=\"https:\/\/files.sunoresearch.com.br\/n\/uploads\/2019\/01\/74457bac-itamaraty.jpeg\" \/>\n\t<meta property=\"og:image:width\" content=\"800\" \/>\n\t<meta property=\"og:image:height\" content=\"600\" \/>\n\t<meta property=\"og:image:type\" content=\"image\/jpeg\" \/>\n<meta name=\"author\" content=\"Renan Dantas\" \/>\n<meta name=\"twitter:card\" content=\"summary_large_image\" \/>\n<meta name=\"twitter:creator\" content=\"@sunoresearch\" \/>\n<meta name=\"twitter:site\" content=\"@sunoresearch\" \/>\n<meta name=\"twitter:label1\" content=\"Escrito por\" \/>\n\t<meta name=\"twitter:data1\" content=\"Renan Dantas\" \/>\n\t<meta name=\"twitter:label2\" content=\"Est. tempo de leitura\" \/>\n\t<meta name=\"twitter:data2\" content=\"2 minutos\" \/>\n<script type=\"application\/ld+json\" class=\"yoast-schema-graph\">{\"@context\":\"https:\/\/schema.org\",\"@graph\":[{\"@type\":\"NewsArticle\",\"@id\":\"https:\/\/www.suno.com.br\/noticias\/itamaraty-mandato-maduro-ilegitimo\/#article\",\"isPartOf\":{\"@id\":\"https:\/\/www.suno.com.br\/noticias\/itamaraty-mandato-maduro-ilegitimo\/\"},\"author\":{\"name\":\"Renan Dantas\",\"@id\":\"https:\/\/www.suno.com.br\/noticias\/#\/schema\/person\/3f7693d5795a3f6d5ce15309ee785699\"},\"headline\":\"Itamaraty diz que mandato de Nicol\u00e1s Maduro \u00e9 &#8220;ileg\u00edtimo&#8221;\",\"datePublished\":\"2019-01-10T22:51:56+00:00\",\"dateModified\":\"2019-01-11T03:25:00+00:00\",\"mainEntityOfPage\":{\"@id\":\"https:\/\/www.suno.com.br\/noticias\/itamaraty-mandato-maduro-ilegitimo\/\"},\"wordCount\":394,\"publisher\":{\"@id\":\"https:\/\/www.suno.com.br\/noticias\/#organization\"},\"image\":{\"@id\":\"https:\/\/www.suno.com.br\/noticias\/itamaraty-mandato-maduro-ilegitimo\/#primaryimage\"},\"thumbnailUrl\":\"https:\/\/files.sunoresearch.com.br\/n\/uploads\/2019\/01\/74457bac-itamaraty-jpeg.webp\",\"keywords\":[\"Itamaraty\",\"Nicol\u00e1s Maduro\",\"Venezuela\"],\"articleSection\":[\"Internacional\"],\"inLanguage\":\"pt-BR\"},{\"@type\":\"WebPage\",\"@id\":\"https:\/\/www.suno.com.br\/noticias\/itamaraty-mandato-maduro-ilegitimo\/\",\"url\":\"https:\/\/www.suno.com.br\/noticias\/itamaraty-mandato-maduro-ilegitimo\/\",\"name\":\"Itamaraty diz que mandato de Nicol\u00e1s Maduro \u00e9 \\\"ileg\u00edtimo\\\"\",\"isPartOf\":{\"@id\":\"https:\/\/www.suno.com.br\/noticias\/#website\"},\"primaryImageOfPage\":{\"@id\":\"https:\/\/www.suno.com.br\/noticias\/itamaraty-mandato-maduro-ilegitimo\/#primaryimage\"},\"image\":{\"@id\":\"https:\/\/www.suno.com.br\/noticias\/itamaraty-mandato-maduro-ilegitimo\/#primaryimage\"},\"thumbnailUrl\":\"https:\/\/files.sunoresearch.com.br\/n\/uploads\/2019\/01\/74457bac-itamaraty-jpeg.webp\",\"datePublished\":\"2019-01-10T22:51:56+00:00\",\"dateModified\":\"2019-01-11T03:25:00+00:00\",\"description\":\"O presidente Nicol\u00e1s Maduro tomou posse nesta quinta para o seu segundo mandato. Seu governo durar\u00e1 at\u00e9 2025. Clique para saber mais.\",\"breadcrumb\":{\"@id\":\"https:\/\/www.suno.com.br\/noticias\/itamaraty-mandato-maduro-ilegitimo\/#breadcrumb\"},\"inLanguage\":\"pt-BR\",\"potentialAction\":[{\"@type\":\"ReadAction\",\"target\":[\"https:\/\/www.suno.com.br\/noticias\/itamaraty-mandato-maduro-ilegitimo\/\"]}]},{\"@type\":\"ImageObject\",\"inLanguage\":\"pt-BR\",\"@id\":\"https:\/\/www.suno.com.br\/noticias\/itamaraty-mandato-maduro-ilegitimo\/#primaryimage\",\"url\":\"https:\/\/files.sunoresearch.com.br\/n\/uploads\/2019\/01\/74457bac-itamaraty-jpeg.webp\",\"contentUrl\":\"https:\/\/files.sunoresearch.com.br\/n\/uploads\/2019\/01\/74457bac-itamaraty-jpeg.webp\",\"width\":800,\"height\":600,\"caption\":\"Itamaraty\"},{\"@type\":\"BreadcrumbList\",\"@id\":\"https:\/\/www.suno.com.br\/noticias\/itamaraty-mandato-maduro-ilegitimo\/#breadcrumb\",\"itemListElement\":[{\"@type\":\"ListItem\",\"position\":1,\"name\":\"Not\u00edcias\",\"item\":\"https:\/\/www.suno.com.br\/noticias\/\"},{\"@type\":\"ListItem\",\"position\":2,\"name\":\"Internacional\",\"item\":\"https:\/\/www.suno.com.br\/noticias\/internacional\/\"},{\"@type\":\"ListItem\",\"position\":3,\"name\":\"Itamaraty diz que mandato de Nicol\u00e1s Maduro \u00e9 &#8220;ileg\u00edtimo&#8221;\"}]},{\"@type\":\"WebSite\",\"@id\":\"https:\/\/www.suno.com.br\/noticias\/#website\",\"url\":\"https:\/\/www.suno.com.br\/noticias\/\",\"name\":\"Suno Not\u00edcias\",\"description\":\"Seu portal de informa\u00e7\u00e3o sobre o mundo dos investimentos\",\"publisher\":{\"@id\":\"https:\/\/www.suno.com.br\/noticias\/#organization\"},\"potentialAction\":[{\"@type\":\"SearchAction\",\"target\":{\"@type\":\"EntryPoint\",\"urlTemplate\":\"https:\/\/www.suno.com.br\/noticias\/?s={search_term_string}\"},\"query-input\":{\"@type\":\"PropertyValueSpecification\",\"valueRequired\":true,\"valueName\":\"search_term_string\"}}],\"inLanguage\":\"pt-BR\"},{\"@type\":\"Organization\",\"@id\":\"https:\/\/www.suno.com.br\/noticias\/#organization\",\"name\":\"Suno Not\u00edcias\",\"url\":\"https:\/\/www.suno.com.br\/noticias\/\",\"logo\":{\"@type\":\"ImageObject\",\"inLanguage\":\"pt-BR\",\"@id\":\"https:\/\/www.suno.com.br\/noticias\/#\/schema\/logo\/image\/\",\"url\":\"https:\/\/files.sunoresearch.com.br\/n\/uploads\/2021\/09\/suno-logo.png\",\"contentUrl\":\"https:\/\/files.sunoresearch.com.br\/n\/uploads\/2021\/09\/suno-logo.png\",\"width\":180,\"height\":180,\"caption\":\"Suno Not\u00edcias\"},\"image\":{\"@id\":\"https:\/\/www.suno.com.br\/noticias\/#\/schema\/logo\/image\/\"},\"sameAs\":[\"https:\/\/facebook.com\/sunoresearch\",\"https:\/\/x.com\/sunoresearch\",\"https:\/\/www.instagram.com\/suno\",\"https:\/\/www.linkedin.com\/company\/suno-research\/\",\"https:\/\/www.youtube.com\/c\/sunoresearch\"]},{\"@type\":\"Person\",\"@id\":\"https:\/\/www.suno.com.br\/noticias\/#\/schema\/person\/3f7693d5795a3f6d5ce15309ee785699\",\"name\":\"Renan Dantas\",\"image\":{\"@type\":\"ImageObject\",\"inLanguage\":\"pt-BR\",\"@id\":\"https:\/\/www.suno.com.br\/noticias\/#\/schema\/person\/image\/\",\"url\":\"https:\/\/secure.gravatar.com\/avatar\/1787b83e7484a08e51d62ac8b41c8396?s=96&r=g\",\"contentUrl\":\"https:\/\/secure.gravatar.com\/avatar\/1787b83e7484a08e51d62ac8b41c8396?s=96&r=g\",\"caption\":\"Renan Dantas\"},\"description\":\"Escreve sobre pol\u00edtica e mercado financeiro para o portal Suno Not\u00edcias. Antes, atuou na assessoria de comunica\u00e7\u00e3o do Minist\u00e9rio P\u00fablico do Trabalho e na R\u00e1dio Mackenzie, onde apresentava e produzia um programa sobre artistas da m\u00fasica brasileira. \u00c9 estudante na Universidade Presbiteriana Mackenzie.\",\"url\":\"https:\/\/www.suno.com.br\/noticias\/author\/renan-dantas\/\"}]}<\/script>\n<!-- \/ Yoast SEO plugin. -->","yoast_head_json":{"title":"Itamaraty diz que mandato de Nicol\u00e1s Maduro \u00e9 \"ileg\u00edtimo\"","description":"O presidente Nicol\u00e1s Maduro tomou posse nesta quinta para o seu segundo mandato. Seu governo durar\u00e1 at\u00e9 2025. Clique para saber mais.","robots":{"index":"index","follow":"follow","max-snippet":"max-snippet:-1","max-image-preview":"max-image-preview:large","max-video-preview":"max-video-preview:-1"},"canonical":"https:\/\/www.suno.com.br\/noticias\/itamaraty-mandato-maduro-ilegitimo\/","og_locale":"pt_BR","og_type":"article","og_title":"Itamaraty diz que mandato de Nicol\u00e1s Maduro \u00e9 \"ileg\u00edtimo\"","og_description":"O presidente Nicol\u00e1s Maduro tomou posse nesta quinta para o seu segundo mandato. Seu governo durar\u00e1 at\u00e9 2025. Clique para saber mais.","og_url":"https:\/\/www.suno.com.br\/noticias\/itamaraty-mandato-maduro-ilegitimo\/","og_site_name":"Suno Not\u00edcias","article_publisher":"https:\/\/facebook.com\/sunoresearch","og_image":[{"width":800,"height":600,"url":"https:\/\/files.sunoresearch.com.br\/n\/uploads\/2019\/01\/74457bac-itamaraty.jpeg","type":"image\/jpeg"}],"author":"Renan Dantas","twitter_card":"summary_large_image","twitter_creator":"@sunoresearch","twitter_site":"@sunoresearch","twitter_misc":{"Escrito por":"Renan Dantas","Est. tempo de leitura":"2 minutos"},"schema":{"@context":"https:\/\/schema.org","@graph":[{"@type":"NewsArticle","@id":"https:\/\/www.suno.com.br\/noticias\/itamaraty-mandato-maduro-ilegitimo\/#article","isPartOf":{"@id":"https:\/\/www.suno.com.br\/noticias\/itamaraty-mandato-maduro-ilegitimo\/"},"author":{"name":"Renan Dantas","@id":"https:\/\/www.suno.com.br\/noticias\/#\/schema\/person\/3f7693d5795a3f6d5ce15309ee785699"},"headline":"Itamaraty diz que mandato de Nicol\u00e1s Maduro \u00e9 &#8220;ileg\u00edtimo&#8221;","datePublished":"2019-01-10T22:51:56+00:00","dateModified":"2019-01-11T03:25:00+00:00","mainEntityOfPage":{"@id":"https:\/\/www.suno.com.br\/noticias\/itamaraty-mandato-maduro-ilegitimo\/"},"wordCount":394,"publisher":{"@id":"https:\/\/www.suno.com.br\/noticias\/#organization"},"image":{"@id":"https:\/\/www.suno.com.br\/noticias\/itamaraty-mandato-maduro-ilegitimo\/#primaryimage"},"thumbnailUrl":"https:\/\/files.sunoresearch.com.br\/n\/uploads\/2019\/01\/74457bac-itamaraty-jpeg.webp","keywords":["Itamaraty","Nicol\u00e1s Maduro","Venezuela"],"articleSection":["Internacional"],"inLanguage":"pt-BR"},{"@type":"WebPage","@id":"https:\/\/www.suno.com.br\/noticias\/itamaraty-mandato-maduro-ilegitimo\/","url":"https:\/\/www.suno.com.br\/noticias\/itamaraty-mandato-maduro-ilegitimo\/","name":"Itamaraty diz que mandato de Nicol\u00e1s Maduro \u00e9 \"ileg\u00edtimo\"","isPartOf":{"@id":"https:\/\/www.suno.com.br\/noticias\/#website"},"primaryImageOfPage":{"@id":"https:\/\/www.suno.com.br\/noticias\/itamaraty-mandato-maduro-ilegitimo\/#primaryimage"},"image":{"@id":"https:\/\/www.suno.com.br\/noticias\/itamaraty-mandato-maduro-ilegitimo\/#primaryimage"},"thumbnailUrl":"https:\/\/files.sunoresearch.com.br\/n\/uploads\/2019\/01\/74457bac-itamaraty-jpeg.webp","datePublished":"2019-01-10T22:51:56+00:00","dateModified":"2019-01-11T03:25:00+00:00","description":"O presidente Nicol\u00e1s Maduro tomou posse nesta quinta para o seu segundo mandato. Seu governo durar\u00e1 at\u00e9 2025. Clique para saber mais.","breadcrumb":{"@id":"https:\/\/www.suno.com.br\/noticias\/itamaraty-mandato-maduro-ilegitimo\/#breadcrumb"},"inLanguage":"pt-BR","potentialAction":[{"@type":"ReadAction","target":["https:\/\/www.suno.com.br\/noticias\/itamaraty-mandato-maduro-ilegitimo\/"]}]},{"@type":"ImageObject","inLanguage":"pt-BR","@id":"https:\/\/www.suno.com.br\/noticias\/itamaraty-mandato-maduro-ilegitimo\/#primaryimage","url":"https:\/\/files.sunoresearch.com.br\/n\/uploads\/2019\/01\/74457bac-itamaraty-jpeg.webp","contentUrl":"https:\/\/files.sunoresearch.com.br\/n\/uploads\/2019\/01\/74457bac-itamaraty-jpeg.webp","width":800,"height":600,"caption":"Itamaraty"},{"@type":"BreadcrumbList","@id":"https:\/\/www.suno.com.br\/noticias\/itamaraty-mandato-maduro-ilegitimo\/#breadcrumb","itemListElement":[{"@type":"ListItem","position":1,"name":"Not\u00edcias","item":"https:\/\/www.suno.com.br\/noticias\/"},{"@type":"ListItem","position":2,"name":"Internacional","item":"https:\/\/www.suno.com.br\/noticias\/internacional\/"},{"@type":"ListItem","position":3,"name":"Itamaraty diz que mandato de Nicol\u00e1s Maduro \u00e9 &#8220;ileg\u00edtimo&#8221;"}]},{"@type":"WebSite","@id":"https:\/\/www.suno.com.br\/noticias\/#website","url":"https:\/\/www.suno.com.br\/noticias\/","name":"Suno Not\u00edcias","description":"Seu portal de informa\u00e7\u00e3o sobre o mundo dos investimentos","publisher":{"@id":"https:\/\/www.suno.com.br\/noticias\/#organization"},"potentialAction":[{"@type":"SearchAction","target":{"@type":"EntryPoint","urlTemplate":"https:\/\/www.suno.com.br\/noticias\/?s={search_term_string}"},"query-input":{"@type":"PropertyValueSpecification","valueRequired":true,"valueName":"search_term_string"}}],"inLanguage":"pt-BR"},{"@type":"Organization","@id":"https:\/\/www.suno.com.br\/noticias\/#organization","name":"Suno Not\u00edcias","url":"https:\/\/www.suno.com.br\/noticias\/","logo":{"@type":"ImageObject","inLanguage":"pt-BR","@id":"https:\/\/www.suno.com.br\/noticias\/#\/schema\/logo\/image\/","url":"https:\/\/files.sunoresearch.com.br\/n\/uploads\/2021\/09\/suno-logo.png","contentUrl":"https:\/\/files.sunoresearch.com.br\/n\/uploads\/2021\/09\/suno-logo.png","width":180,"height":180,"caption":"Suno Not\u00edcias"},"image":{"@id":"https:\/\/www.suno.com.br\/noticias\/#\/schema\/logo\/image\/"},"sameAs":["https:\/\/facebook.com\/sunoresearch","https:\/\/x.com\/sunoresearch","https:\/\/www.instagram.com\/suno","https:\/\/www.linkedin.com\/company\/suno-research\/","https:\/\/www.youtube.com\/c\/sunoresearch"]},{"@type":"Person","@id":"https:\/\/www.suno.com.br\/noticias\/#\/schema\/person\/3f7693d5795a3f6d5ce15309ee785699","name":"Renan Dantas","image":{"@type":"ImageObject","inLanguage":"pt-BR","@id":"https:\/\/www.suno.com.br\/noticias\/#\/schema\/person\/image\/","url":"https:\/\/secure.gravatar.com\/avatar\/1787b83e7484a08e51d62ac8b41c8396?s=96&r=g","contentUrl":"https:\/\/secure.gravatar.com\/avatar\/1787b83e7484a08e51d62ac8b41c8396?s=96&r=g","caption":"Renan Dantas"},"description":"Escreve sobre pol\u00edtica e mercado financeiro para o portal Suno Not\u00edcias. Antes, atuou na assessoria de comunica\u00e7\u00e3o do Minist\u00e9rio P\u00fablico do Trabalho e na R\u00e1dio Mackenzie, onde apresentava e produzia um programa sobre artistas da m\u00fasica brasileira. \u00c9 estudante na Universidade Presbiteriana Mackenzie.","url":"https:\/\/www.suno.com.br\/noticias\/author\/renan-dantas\/"}]}},"default_loop_html":"<div class=\"cardsPage__listCard__boxs\"><div class=\"cardsPage__listCard__boxs__img\"><a href=\"https:\/\/www.suno.com.br\/noticias\/itamaraty-mandato-maduro-ilegitimo\/\"><img class=\"mask\" src=\"https:\/\/www.suno.com.br\/noticias\/wp-content\/themes\/suno\/resources\/images\/spotlight\/spotlight1img\/bg-mask.png\" alt=\"Image Mask\"\/><img src=\"https:\/\/files.sunoresearch.com.br\/n\/uploads\/2019\/01\/74457bac-itamaraty-400x200.webp\" alt=\"Itamaraty diz que mandato de Nicol\u00e1s Maduro \u00e9 &#8220;ileg\u00edtimo&#8221;\"\/><\/a><span class=\"spotlightCategory\"><a href=\"https:\/\/www.suno.com.br\/noticias\/internacional\/\">Internacional<\/a><\/span><\/div><div class=\"cardsPage__listCard__boxs__content\"><a href=\"https:\/\/www.suno.com.br\/noticias\/itamaraty-mandato-maduro-ilegitimo\/\"><h2 class=\"content__title\">Itamaraty diz que mandato de Nicol\u00e1s Maduro \u00e9 &#8220;ileg\u00edtimo&#8221;<\/h2><\/a><div class=\"newsContent__article__meta\"><div class=\"newsContent__article__meta__authorBox\"><a href=\"https:\/\/www.suno.com.br\/noticias\/author\/renan-dantas\/\" class=\"authorBox__avatar noMobi\"><img src=\"https:\/\/secure.gravatar.com\/avatar\/1787b83e7484a08e51d62ac8b41c8396?s=96&#038;r=g\" alt=\"Renan Dantas\"><\/a><div class=\"authorBox__name\"><span>por\n\t\t\t<a href=\"https:\/\/www.suno.com.br\/noticias\/author\/renan-dantas\/\"><span itemprop=\"author\">Renan Dantas<\/span><\/a><\/span><time datetime=\"2019-01-10T20:51:56-02:00\" itemprop=\"datePublished\">10\/01\/2019 20:51<\/time><\/div><\/div><\/div><\/div><\/div>","single_layout":"posts","amp_enabled":true,"_links":{"self":[{"href":"https:\/\/www.suno.com.br\/noticias\/wp-json\/wp\/v2\/posts\/11244"}],"collection":[{"href":"https:\/\/www.suno.com.br\/noticias\/wp-json\/wp\/v2\/posts"}],"about":[{"href":"https:\/\/www.suno.com.br\/noticias\/wp-json\/wp\/v2\/types\/post"}],"author":[{"embeddable":true,"href":"https:\/\/www.suno.com.br\/noticias\/wp-json\/wp\/v2\/users\/14"}],"replies":[{"embeddable":true,"href":"https:\/\/www.suno.com.br\/noticias\/wp-json\/wp\/v2\/comments?post=11244"}],"version-history":[{"count":0,"href":"https:\/\/www.suno.com.br\/noticias\/wp-json\/wp\/v2\/posts\/11244\/revisions"}],"wp:featuredmedia":[{"embeddable":true,"href":"https:\/\/www.suno.com.br\/noticias\/wp-json\/wp\/v2\/media\/10747"}],"wp:attachment":[{"href":"https:\/\/www.suno.com.br\/noticias\/wp-json\/wp\/v2\/media?parent=11244"}],"wp:term":[{"taxonomy":"category","embeddable":true,"href":"https:\/\/www.suno.com.br\/noticias\/wp-json\/wp\/v2\/categories?post=11244"},{"taxonomy":"post_tag","embeddable":true,"href":"https:\/\/www.suno.com.br\/noticias\/wp-json\/wp\/v2\/tags?post=11244"},{"taxonomy":"suno_strategy","embeddable":true,"href":"https:\/\/www.suno.com.br\/noticias\/wp-json\/wp\/v2\/suno_strategy?post=11244"}],"curies":[{"name":"wp","href":"https:\/\/api.w.org\/{rel}","templated":true}]}}