{"id":11238,"date":"2019-01-10T19:41:43","date_gmt":"2019-01-10T21:41:43","guid":{"rendered":"https:\/\/www.suno.com.br\/noticias\/?p=11238"},"modified":"2019-01-10T20:11:57","modified_gmt":"2019-01-10T22:11:57","slug":"jair-bolsonaro-confirma-demissao-apex","status":"publish","type":"post","link":"https:\/\/www.suno.com.br\/noticias\/jair-bolsonaro-confirma-demissao-apex\/","title":{"rendered":"Jair Bolsonaro confirma decis\u00e3o de demiss\u00e3o do presidente da Apex"},"content":{"rendered":"<p>O presidente Jair Bolsonaro confirmou a demiss\u00e3o do presidente da Ag\u00eancia Brasileira de Promo\u00e7\u00e3o de Exporta\u00e7\u00f5es e Investimentos (Apex), Alex Carreiro. A informa\u00e7\u00e3o havia sido dada na \u00faltima quarta (9) pelo ministro de Rela\u00e7\u00f5es Exteriores, Ernesto Ara\u00fajo, em seu Twitter.<\/p>\t<div class=\"wrapper-featured-image\">\n\t\t<figure class=\"spotlightImg\">\n\n\t\t\t<picture>\n\t\t\t\t<source media=\"(max-width: 768px)\" srcset=\"https:\/\/files.sunoresearch.com.br\/n\/uploads\/2018\/12\/3e42a83f-bolsonaro-400x200.webp\">\n\t\t\t\t<img loading=\"lazy\" decoding=\"async\" class=\"newsContent__article__imgCapa lazyloadDisabled newsContent__article__imgCapa--noCaption\" src=\"https:\/\/files.sunoresearch.com.br\/n\/uploads\/2018\/12\/3e42a83f-bolsonaro-800x450.webp\" width=\"800\" height=\"450\" alt=\"Jair Bolsonaro confirma decis\u00e3o de demiss\u00e3o do presidente da Apex\" fetchpriority=high \/>\n\t\t\t<\/picture>\n\n\t\t\t<figcaption class=\"wp-caption-text wp-caption-text--hide\">Governo Bolsonaro<\/figcaption>\n\t\t<\/figure>\n\t<\/div>\n\n\n<p><strong>Jair Bolsonaro<\/strong> interviu ap\u00f3s Alex Carreiro ter dito nesta quinta (10) que o <a href=\"https:\/\/www.suno.com.br\/noticias\/carreiro-itamaraty-demitir-apex-cargo\/\"><strong>Itamaraty<\/strong> n\u00e3o poderia demiti-lo<\/a> e que isso seria atribui\u00e7\u00e3o do presidente da Rep\u00fablica. Ent\u00e3o, continuou trabalhando normalmente na <strong>Apex<\/strong>.<\/p>\n<p>O presidente anunciou o substituto de Carreiro, o embaixador Mario Vilalva.<\/p>\n<h2>Entenda a cronologia do caso<\/h2>\n<p>Na quarta-feira, <a href=\"https:\/\/www.suno.com.br\/noticias\/poucos-dias-presidente-apex-renuncia\/\">Ernesto Ara\u00fajo publicou em seu Twitter<\/a>: &#8220;O Sr. Alex Carreiro pediu-me o encerramento de suas fun\u00e7\u00f5es como Presidente da <strong>Apex<\/strong>. Agrade\u00e7o sua importante contribui\u00e7\u00e3o na transi\u00e7\u00e3o e no in\u00edcio do governo. Levei ao PR Bolsonaro o nome do Emb. Mario Vilalva, com ampla experi\u00eancia em promo\u00e7\u00e3o de exporta\u00e7\u00f5es, para Pres. da <strong>Apex<\/strong>.&#8221;<\/p>\n<p>O an\u00fancio da suposta ren\u00fancia\u00a0se deu poucos dias ap\u00f3s Carreiro assumir. A escolha para o cargo havia gerado cr\u00edticas pela suposta falta de preparo do agora ex-presidente. De acordo com a revista Veja, ouvindo fontes internas da <strong>Apex<\/strong>, Carreiro mal saberia falar ingl\u00eas &#8211; habilidade considerada indispens\u00e1vel para a fun\u00e7\u00e3o.<\/p>\n<p><a href=\"https:\/\/www.suno.com.br\/noticias\/araujo-criacao-departamento-agronegocio-itamaraty\/\">Saiba mais: Ara\u00fajo anuncia cria\u00e7\u00e3o de Departamento do Agroneg\u00f3cio no Itamaraty<\/a><\/p>\n<p>Ap\u00f3s a nomea\u00e7\u00e3o na presid\u00eancia da <strong>Apex<\/strong>, a revista Veja revelou nesta semana que o curr\u00edculo de Carreiro, &#8220;formado em comunica\u00e7\u00e3o social em uma universidade abaixo da cr\u00edtica&#8221;, n\u00e3o mostra nenhuma experi\u00eancia em com\u00e9rcio exterior. A reportagem tamb\u00e9m publicou que a Receita Federal deu baixa numa empresa aberta por Carreiro por inaptid\u00e3o e que pessoas do Itamaraty defenderam a demiss\u00e3o imediata do ent\u00e3o presidente, com receio de alguma eventual grande gafe.<\/p>\n<h2>Alex Carreiro responde a Ernesto Ara\u00fajo e continua na Apex<\/h2>\n<p>Nesta quinta, Carreiro afirmou que o <strong>Itamaraty<\/strong> n\u00e3o tem &#8216;autonomia para demiti-lo&#8217;. A atribui\u00e7\u00e3o seria somente do presidente <strong>Jair Bolsonaro<\/strong>, segundo ele.<\/p>\n<p>Assim, a assessoria de Carreiro entrou em contato com o jornal para dar a vers\u00e3o do ent\u00e3o presidente.<\/p>\n<p>&#8220;Carreiro est\u00e1 trabalhando normalmente. Recebeu v\u00e1rios parlamentares aqui hoje. At\u00e9 o <strong>Bolsonaro<\/strong> demiti-lo, ele \u00e9 o presidente da <strong>Apex<\/strong>. O Ernesto n\u00e3o autonomia para demitir. O <strong>Itamaraty<\/strong> \u00e9 \u00f3rg\u00e3o supervisor da Ag\u00eancia. Quem nomeia ou exonera \u00e9 o presidente da Rep\u00fablica&#8221;, informou a assessoria.<\/p>\n<p>A ag\u00eancia\u00a0afirmou posteriormente que a nota enviada pela assessoria de Carreiro n\u00e3o reflete seu posicionamento.<\/p>\n","protected":false},"excerpt":{"rendered":"<p>O presidente Jair Bolsonaro confirmou a demiss\u00e3o do presidente da Ag\u00eancia Brasileira de Promo\u00e7\u00e3o de Exporta\u00e7\u00f5es e Investimentos (Apex), Alex Carreiro. A informa\u00e7\u00e3o havia sido dada na \u00faltima quarta (9) pelo ministro de Rela\u00e7\u00f5es Exteriores, Ernesto Ara\u00fajo, em seu Twitter. Governo Bolsonaro Jair Bolsonaro interviu ap\u00f3s Alex Carreiro ter dito nesta quinta (10) que o [&hellip;]<\/p>\n","protected":false},"author":13,"featured_media":9066,"comment_status":"closed","ping_status":"closed","sticky":false,"template":"","format":"standard","meta":[],"categories":[61],"tags":[904,719],"suno_strategy":[],"class_list":["post-11238","post","type-post","status-publish","format-standard","has-post-thumbnail","hentry","category-politica","tag-itamaraty","tag-jair-bolsonaro"],"yoast_head":"<!-- This site is optimized with the Yoast SEO plugin v24.4 - https:\/\/yoast.com\/wordpress\/plugins\/seo\/ -->\n<title>Bolsonaro confirma decis\u00e3o de demiss\u00e3o do presidente da Apex<\/title>\n<meta name=\"description\" content=\"Bolsonaro confirmou a demiss\u00e3o do presidente da Apex, Alex Carreiro, que havia se recusado a deixar o cargo mais cedo. Clique e saiba+\" \/>\n<meta name=\"robots\" content=\"index, follow, max-snippet:-1, max-image-preview:large, max-video-preview:-1\" \/>\n<link rel=\"canonical\" href=\"https:\/\/www.suno.com.br\/noticias\/jair-bolsonaro-confirma-demissao-apex\/\" \/>\n<meta property=\"og:locale\" content=\"pt_BR\" \/>\n<meta property=\"og:type\" content=\"article\" \/>\n<meta property=\"og:title\" content=\"Bolsonaro confirma decis\u00e3o de demiss\u00e3o do presidente da Apex\" \/>\n<meta property=\"og:description\" content=\"Bolsonaro confirmou a demiss\u00e3o do presidente da Apex, Alex Carreiro, que havia se recusado a deixar o cargo mais cedo. Clique e saiba+\" \/>\n<meta property=\"og:url\" content=\"https:\/\/www.suno.com.br\/noticias\/jair-bolsonaro-confirma-demissao-apex\/\" \/>\n<meta property=\"og:site_name\" content=\"Suno Not\u00edcias\" \/>\n<meta property=\"article:publisher\" content=\"https:\/\/facebook.com\/sunoresearch\" \/>\n<meta property=\"og:image\" content=\"https:\/\/files.sunoresearch.com.br\/n\/uploads\/2018\/12\/3e42a83f-bolsonaro.jpg\" \/>\n\t<meta property=\"og:image:width\" content=\"1140\" \/>\n\t<meta property=\"og:image:height\" content=\"760\" \/>\n\t<meta property=\"og:image:type\" content=\"image\/jpeg\" \/>\n<meta name=\"author\" content=\"Guilherme Caetano\" \/>\n<meta name=\"twitter:card\" content=\"summary_large_image\" \/>\n<meta name=\"twitter:creator\" content=\"@sunoresearch\" \/>\n<meta name=\"twitter:site\" content=\"@sunoresearch\" \/>\n<meta name=\"twitter:label1\" content=\"Escrito por\" \/>\n\t<meta name=\"twitter:data1\" content=\"Guilherme Caetano\" \/>\n\t<meta name=\"twitter:label2\" content=\"Est. tempo de leitura\" \/>\n\t<meta name=\"twitter:data2\" content=\"2 minutos\" \/>\n<script type=\"application\/ld+json\" class=\"yoast-schema-graph\">{\"@context\":\"https:\/\/schema.org\",\"@graph\":[{\"@type\":\"NewsArticle\",\"@id\":\"https:\/\/www.suno.com.br\/noticias\/jair-bolsonaro-confirma-demissao-apex\/#article\",\"isPartOf\":{\"@id\":\"https:\/\/www.suno.com.br\/noticias\/jair-bolsonaro-confirma-demissao-apex\/\"},\"author\":{\"name\":\"Guilherme Caetano\",\"@id\":\"https:\/\/www.suno.com.br\/noticias\/#\/schema\/person\/0d0c9687cd2f600c564f25980c140de9\"},\"headline\":\"Jair Bolsonaro confirma decis\u00e3o de demiss\u00e3o do presidente da Apex\",\"datePublished\":\"2019-01-10T21:41:43+00:00\",\"dateModified\":\"2019-01-10T22:11:57+00:00\",\"mainEntityOfPage\":{\"@id\":\"https:\/\/www.suno.com.br\/noticias\/jair-bolsonaro-confirma-demissao-apex\/\"},\"wordCount\":448,\"publisher\":{\"@id\":\"https:\/\/www.suno.com.br\/noticias\/#organization\"},\"image\":{\"@id\":\"https:\/\/www.suno.com.br\/noticias\/jair-bolsonaro-confirma-demissao-apex\/#primaryimage\"},\"thumbnailUrl\":\"https:\/\/files.sunoresearch.com.br\/n\/uploads\/2018\/12\/3e42a83f-bolsonaro-jpg.webp\",\"keywords\":[\"Itamaraty\",\"Jair Bolsonaro\"],\"articleSection\":[\"Pol\u00edtica\"],\"inLanguage\":\"pt-BR\"},{\"@type\":\"WebPage\",\"@id\":\"https:\/\/www.suno.com.br\/noticias\/jair-bolsonaro-confirma-demissao-apex\/\",\"url\":\"https:\/\/www.suno.com.br\/noticias\/jair-bolsonaro-confirma-demissao-apex\/\",\"name\":\"Bolsonaro confirma decis\u00e3o de demiss\u00e3o do presidente da Apex\",\"isPartOf\":{\"@id\":\"https:\/\/www.suno.com.br\/noticias\/#website\"},\"primaryImageOfPage\":{\"@id\":\"https:\/\/www.suno.com.br\/noticias\/jair-bolsonaro-confirma-demissao-apex\/#primaryimage\"},\"image\":{\"@id\":\"https:\/\/www.suno.com.br\/noticias\/jair-bolsonaro-confirma-demissao-apex\/#primaryimage\"},\"thumbnailUrl\":\"https:\/\/files.sunoresearch.com.br\/n\/uploads\/2018\/12\/3e42a83f-bolsonaro-jpg.webp\",\"datePublished\":\"2019-01-10T21:41:43+00:00\",\"dateModified\":\"2019-01-10T22:11:57+00:00\",\"description\":\"Bolsonaro confirmou a demiss\u00e3o do presidente da Apex, Alex Carreiro, que havia se recusado a deixar o cargo mais cedo. Clique e saiba+\",\"breadcrumb\":{\"@id\":\"https:\/\/www.suno.com.br\/noticias\/jair-bolsonaro-confirma-demissao-apex\/#breadcrumb\"},\"inLanguage\":\"pt-BR\",\"potentialAction\":[{\"@type\":\"ReadAction\",\"target\":[\"https:\/\/www.suno.com.br\/noticias\/jair-bolsonaro-confirma-demissao-apex\/\"]}]},{\"@type\":\"ImageObject\",\"inLanguage\":\"pt-BR\",\"@id\":\"https:\/\/www.suno.com.br\/noticias\/jair-bolsonaro-confirma-demissao-apex\/#primaryimage\",\"url\":\"https:\/\/files.sunoresearch.com.br\/n\/uploads\/2018\/12\/3e42a83f-bolsonaro-jpg.webp\",\"contentUrl\":\"https:\/\/files.sunoresearch.com.br\/n\/uploads\/2018\/12\/3e42a83f-bolsonaro-jpg.webp\",\"width\":1140,\"height\":760,\"caption\":\"Governo Bolsonaro\"},{\"@type\":\"BreadcrumbList\",\"@id\":\"https:\/\/www.suno.com.br\/noticias\/jair-bolsonaro-confirma-demissao-apex\/#breadcrumb\",\"itemListElement\":[{\"@type\":\"ListItem\",\"position\":1,\"name\":\"Not\u00edcias\",\"item\":\"https:\/\/www.suno.com.br\/noticias\/\"},{\"@type\":\"ListItem\",\"position\":2,\"name\":\"Pol\u00edtica\",\"item\":\"https:\/\/www.suno.com.br\/noticias\/politica\/\"},{\"@type\":\"ListItem\",\"position\":3,\"name\":\"Jair Bolsonaro confirma decis\u00e3o de demiss\u00e3o do presidente da Apex\"}]},{\"@type\":\"WebSite\",\"@id\":\"https:\/\/www.suno.com.br\/noticias\/#website\",\"url\":\"https:\/\/www.suno.com.br\/noticias\/\",\"name\":\"Suno Not\u00edcias\",\"description\":\"Seu portal de informa\u00e7\u00e3o sobre o mundo dos investimentos\",\"publisher\":{\"@id\":\"https:\/\/www.suno.com.br\/noticias\/#organization\"},\"potentialAction\":[{\"@type\":\"SearchAction\",\"target\":{\"@type\":\"EntryPoint\",\"urlTemplate\":\"https:\/\/www.suno.com.br\/noticias\/?s={search_term_string}\"},\"query-input\":{\"@type\":\"PropertyValueSpecification\",\"valueRequired\":true,\"valueName\":\"search_term_string\"}}],\"inLanguage\":\"pt-BR\"},{\"@type\":\"Organization\",\"@id\":\"https:\/\/www.suno.com.br\/noticias\/#organization\",\"name\":\"Suno Not\u00edcias\",\"url\":\"https:\/\/www.suno.com.br\/noticias\/\",\"logo\":{\"@type\":\"ImageObject\",\"inLanguage\":\"pt-BR\",\"@id\":\"https:\/\/www.suno.com.br\/noticias\/#\/schema\/logo\/image\/\",\"url\":\"https:\/\/files.sunoresearch.com.br\/n\/uploads\/2021\/09\/suno-logo.png\",\"contentUrl\":\"https:\/\/files.sunoresearch.com.br\/n\/uploads\/2021\/09\/suno-logo.png\",\"width\":180,\"height\":180,\"caption\":\"Suno Not\u00edcias\"},\"image\":{\"@id\":\"https:\/\/www.suno.com.br\/noticias\/#\/schema\/logo\/image\/\"},\"sameAs\":[\"https:\/\/facebook.com\/sunoresearch\",\"https:\/\/x.com\/sunoresearch\",\"https:\/\/www.instagram.com\/suno\",\"https:\/\/www.linkedin.com\/company\/suno-research\/\",\"https:\/\/www.youtube.com\/c\/sunoresearch\"]},{\"@type\":\"Person\",\"@id\":\"https:\/\/www.suno.com.br\/noticias\/#\/schema\/person\/0d0c9687cd2f600c564f25980c140de9\",\"name\":\"Guilherme Caetano\",\"image\":{\"@type\":\"ImageObject\",\"inLanguage\":\"pt-BR\",\"@id\":\"https:\/\/www.suno.com.br\/noticias\/#\/schema\/person\/image\/\",\"url\":\"https:\/\/secure.gravatar.com\/avatar\/e48357351a01702a0d19307070e081bf?s=96&r=g\",\"contentUrl\":\"https:\/\/secure.gravatar.com\/avatar\/e48357351a01702a0d19307070e081bf?s=96&r=g\",\"caption\":\"Guilherme Caetano\"},\"description\":\"Formado em jornalismo pela Escola de Comunica\u00e7\u00f5es e Artes da USP, Guilherme Caetano escreve para o portal de not\u00edcias da Suno Research. Passou pelas reda\u00e7\u00f5es da Folha de S.Paulo e da revista \u00c9poca.\",\"url\":\"https:\/\/www.suno.com.br\/noticias\/author\/guilherme-caetano\/\"}]}<\/script>\n<!-- \/ Yoast SEO plugin. -->","yoast_head_json":{"title":"Bolsonaro confirma decis\u00e3o de demiss\u00e3o do presidente da Apex","description":"Bolsonaro confirmou a demiss\u00e3o do presidente da Apex, Alex Carreiro, que havia se recusado a deixar o cargo mais cedo. Clique e saiba+","robots":{"index":"index","follow":"follow","max-snippet":"max-snippet:-1","max-image-preview":"max-image-preview:large","max-video-preview":"max-video-preview:-1"},"canonical":"https:\/\/www.suno.com.br\/noticias\/jair-bolsonaro-confirma-demissao-apex\/","og_locale":"pt_BR","og_type":"article","og_title":"Bolsonaro confirma decis\u00e3o de demiss\u00e3o do presidente da Apex","og_description":"Bolsonaro confirmou a demiss\u00e3o do presidente da Apex, Alex Carreiro, que havia se recusado a deixar o cargo mais cedo. Clique e saiba+","og_url":"https:\/\/www.suno.com.br\/noticias\/jair-bolsonaro-confirma-demissao-apex\/","og_site_name":"Suno Not\u00edcias","article_publisher":"https:\/\/facebook.com\/sunoresearch","og_image":[{"width":1140,"height":760,"url":"https:\/\/files.sunoresearch.com.br\/n\/uploads\/2018\/12\/3e42a83f-bolsonaro.jpg","type":"image\/jpeg"}],"author":"Guilherme Caetano","twitter_card":"summary_large_image","twitter_creator":"@sunoresearch","twitter_site":"@sunoresearch","twitter_misc":{"Escrito por":"Guilherme Caetano","Est. tempo de leitura":"2 minutos"},"schema":{"@context":"https:\/\/schema.org","@graph":[{"@type":"NewsArticle","@id":"https:\/\/www.suno.com.br\/noticias\/jair-bolsonaro-confirma-demissao-apex\/#article","isPartOf":{"@id":"https:\/\/www.suno.com.br\/noticias\/jair-bolsonaro-confirma-demissao-apex\/"},"author":{"name":"Guilherme Caetano","@id":"https:\/\/www.suno.com.br\/noticias\/#\/schema\/person\/0d0c9687cd2f600c564f25980c140de9"},"headline":"Jair Bolsonaro confirma decis\u00e3o de demiss\u00e3o do presidente da Apex","datePublished":"2019-01-10T21:41:43+00:00","dateModified":"2019-01-10T22:11:57+00:00","mainEntityOfPage":{"@id":"https:\/\/www.suno.com.br\/noticias\/jair-bolsonaro-confirma-demissao-apex\/"},"wordCount":448,"publisher":{"@id":"https:\/\/www.suno.com.br\/noticias\/#organization"},"image":{"@id":"https:\/\/www.suno.com.br\/noticias\/jair-bolsonaro-confirma-demissao-apex\/#primaryimage"},"thumbnailUrl":"https:\/\/files.sunoresearch.com.br\/n\/uploads\/2018\/12\/3e42a83f-bolsonaro-jpg.webp","keywords":["Itamaraty","Jair Bolsonaro"],"articleSection":["Pol\u00edtica"],"inLanguage":"pt-BR"},{"@type":"WebPage","@id":"https:\/\/www.suno.com.br\/noticias\/jair-bolsonaro-confirma-demissao-apex\/","url":"https:\/\/www.suno.com.br\/noticias\/jair-bolsonaro-confirma-demissao-apex\/","name":"Bolsonaro confirma decis\u00e3o de demiss\u00e3o do presidente da Apex","isPartOf":{"@id":"https:\/\/www.suno.com.br\/noticias\/#website"},"primaryImageOfPage":{"@id":"https:\/\/www.suno.com.br\/noticias\/jair-bolsonaro-confirma-demissao-apex\/#primaryimage"},"image":{"@id":"https:\/\/www.suno.com.br\/noticias\/jair-bolsonaro-confirma-demissao-apex\/#primaryimage"},"thumbnailUrl":"https:\/\/files.sunoresearch.com.br\/n\/uploads\/2018\/12\/3e42a83f-bolsonaro-jpg.webp","datePublished":"2019-01-10T21:41:43+00:00","dateModified":"2019-01-10T22:11:57+00:00","description":"Bolsonaro confirmou a demiss\u00e3o do presidente da Apex, Alex Carreiro, que havia se recusado a deixar o cargo mais cedo. Clique e saiba+","breadcrumb":{"@id":"https:\/\/www.suno.com.br\/noticias\/jair-bolsonaro-confirma-demissao-apex\/#breadcrumb"},"inLanguage":"pt-BR","potentialAction":[{"@type":"ReadAction","target":["https:\/\/www.suno.com.br\/noticias\/jair-bolsonaro-confirma-demissao-apex\/"]}]},{"@type":"ImageObject","inLanguage":"pt-BR","@id":"https:\/\/www.suno.com.br\/noticias\/jair-bolsonaro-confirma-demissao-apex\/#primaryimage","url":"https:\/\/files.sunoresearch.com.br\/n\/uploads\/2018\/12\/3e42a83f-bolsonaro-jpg.webp","contentUrl":"https:\/\/files.sunoresearch.com.br\/n\/uploads\/2018\/12\/3e42a83f-bolsonaro-jpg.webp","width":1140,"height":760,"caption":"Governo Bolsonaro"},{"@type":"BreadcrumbList","@id":"https:\/\/www.suno.com.br\/noticias\/jair-bolsonaro-confirma-demissao-apex\/#breadcrumb","itemListElement":[{"@type":"ListItem","position":1,"name":"Not\u00edcias","item":"https:\/\/www.suno.com.br\/noticias\/"},{"@type":"ListItem","position":2,"name":"Pol\u00edtica","item":"https:\/\/www.suno.com.br\/noticias\/politica\/"},{"@type":"ListItem","position":3,"name":"Jair Bolsonaro confirma decis\u00e3o de demiss\u00e3o do presidente da Apex"}]},{"@type":"WebSite","@id":"https:\/\/www.suno.com.br\/noticias\/#website","url":"https:\/\/www.suno.com.br\/noticias\/","name":"Suno Not\u00edcias","description":"Seu portal de informa\u00e7\u00e3o sobre o mundo dos investimentos","publisher":{"@id":"https:\/\/www.suno.com.br\/noticias\/#organization"},"potentialAction":[{"@type":"SearchAction","target":{"@type":"EntryPoint","urlTemplate":"https:\/\/www.suno.com.br\/noticias\/?s={search_term_string}"},"query-input":{"@type":"PropertyValueSpecification","valueRequired":true,"valueName":"search_term_string"}}],"inLanguage":"pt-BR"},{"@type":"Organization","@id":"https:\/\/www.suno.com.br\/noticias\/#organization","name":"Suno Not\u00edcias","url":"https:\/\/www.suno.com.br\/noticias\/","logo":{"@type":"ImageObject","inLanguage":"pt-BR","@id":"https:\/\/www.suno.com.br\/noticias\/#\/schema\/logo\/image\/","url":"https:\/\/files.sunoresearch.com.br\/n\/uploads\/2021\/09\/suno-logo.png","contentUrl":"https:\/\/files.sunoresearch.com.br\/n\/uploads\/2021\/09\/suno-logo.png","width":180,"height":180,"caption":"Suno Not\u00edcias"},"image":{"@id":"https:\/\/www.suno.com.br\/noticias\/#\/schema\/logo\/image\/"},"sameAs":["https:\/\/facebook.com\/sunoresearch","https:\/\/x.com\/sunoresearch","https:\/\/www.instagram.com\/suno","https:\/\/www.linkedin.com\/company\/suno-research\/","https:\/\/www.youtube.com\/c\/sunoresearch"]},{"@type":"Person","@id":"https:\/\/www.suno.com.br\/noticias\/#\/schema\/person\/0d0c9687cd2f600c564f25980c140de9","name":"Guilherme Caetano","image":{"@type":"ImageObject","inLanguage":"pt-BR","@id":"https:\/\/www.suno.com.br\/noticias\/#\/schema\/person\/image\/","url":"https:\/\/secure.gravatar.com\/avatar\/e48357351a01702a0d19307070e081bf?s=96&r=g","contentUrl":"https:\/\/secure.gravatar.com\/avatar\/e48357351a01702a0d19307070e081bf?s=96&r=g","caption":"Guilherme Caetano"},"description":"Formado em jornalismo pela Escola de Comunica\u00e7\u00f5es e Artes da USP, Guilherme Caetano escreve para o portal de not\u00edcias da Suno Research. Passou pelas reda\u00e7\u00f5es da Folha de S.Paulo e da revista \u00c9poca.","url":"https:\/\/www.suno.com.br\/noticias\/author\/guilherme-caetano\/"}]}},"default_loop_html":"<div class=\"cardsPage__listCard__boxs\"><div class=\"cardsPage__listCard__boxs__img\"><a href=\"https:\/\/www.suno.com.br\/noticias\/jair-bolsonaro-confirma-demissao-apex\/\"><img class=\"mask\" src=\"https:\/\/www.suno.com.br\/noticias\/wp-content\/themes\/suno\/resources\/images\/spotlight\/spotlight1img\/bg-mask.png\" alt=\"Image Mask\"\/><img src=\"https:\/\/files.sunoresearch.com.br\/n\/uploads\/2018\/12\/3e42a83f-bolsonaro-400x200.webp\" alt=\"Jair Bolsonaro confirma decis\u00e3o de demiss\u00e3o do presidente da Apex\"\/><\/a><span class=\"spotlightCategory\"><a href=\"https:\/\/www.suno.com.br\/noticias\/politica\/\">Pol\u00edtica<\/a><\/span><\/div><div class=\"cardsPage__listCard__boxs__content\"><a href=\"https:\/\/www.suno.com.br\/noticias\/jair-bolsonaro-confirma-demissao-apex\/\"><h2 class=\"content__title\">Jair Bolsonaro confirma decis\u00e3o de demiss\u00e3o do presidente da Apex<\/h2><\/a><div class=\"newsContent__article__meta\"><div class=\"newsContent__article__meta__authorBox\"><a href=\"https:\/\/www.suno.com.br\/noticias\/author\/guilherme-caetano\/\" class=\"authorBox__avatar noMobi\"><img src=\"https:\/\/secure.gravatar.com\/avatar\/e48357351a01702a0d19307070e081bf?s=96&#038;r=g\" alt=\"Guilherme Caetano\"><\/a><div class=\"authorBox__name\"><span>por\n\t\t\t<a href=\"https:\/\/www.suno.com.br\/noticias\/author\/guilherme-caetano\/\"><span itemprop=\"author\">Guilherme Caetano<\/span><\/a><\/span><time datetime=\"2019-01-10T19:41:43-02:00\" itemprop=\"datePublished\">10\/01\/2019 19:41<\/time><\/div><\/div><\/div><\/div><\/div>","single_layout":"posts","amp_enabled":true,"_links":{"self":[{"href":"https:\/\/www.suno.com.br\/noticias\/wp-json\/wp\/v2\/posts\/11238"}],"collection":[{"href":"https:\/\/www.suno.com.br\/noticias\/wp-json\/wp\/v2\/posts"}],"about":[{"href":"https:\/\/www.suno.com.br\/noticias\/wp-json\/wp\/v2\/types\/post"}],"author":[{"embeddable":true,"href":"https:\/\/www.suno.com.br\/noticias\/wp-json\/wp\/v2\/users\/13"}],"replies":[{"embeddable":true,"href":"https:\/\/www.suno.com.br\/noticias\/wp-json\/wp\/v2\/comments?post=11238"}],"version-history":[{"count":0,"href":"https:\/\/www.suno.com.br\/noticias\/wp-json\/wp\/v2\/posts\/11238\/revisions"}],"wp:featuredmedia":[{"embeddable":true,"href":"https:\/\/www.suno.com.br\/noticias\/wp-json\/wp\/v2\/media\/9066"}],"wp:attachment":[{"href":"https:\/\/www.suno.com.br\/noticias\/wp-json\/wp\/v2\/media?parent=11238"}],"wp:term":[{"taxonomy":"category","embeddable":true,"href":"https:\/\/www.suno.com.br\/noticias\/wp-json\/wp\/v2\/categories?post=11238"},{"taxonomy":"post_tag","embeddable":true,"href":"https:\/\/www.suno.com.br\/noticias\/wp-json\/wp\/v2\/tags?post=11238"},{"taxonomy":"suno_strategy","embeddable":true,"href":"https:\/\/www.suno.com.br\/noticias\/wp-json\/wp\/v2\/suno_strategy?post=11238"}],"curies":[{"name":"wp","href":"https:\/\/api.w.org\/{rel}","templated":true}]}}