{"id":112094,"date":"2021-01-08T21:26:15","date_gmt":"2021-01-09T00:26:15","guid":{"rendered":"https:\/\/www.suno.com.br\/noticias\/?p=112094"},"modified":"2021-01-08T21:26:15","modified_gmt":"2021-01-09T00:26:15","slug":"copel-cple3-parana-pede-dividendo-extra","status":"publish","type":"post","link":"https:\/\/www.suno.com.br\/noticias\/copel-cple3-parana-pede-dividendo-extra\/","title":{"rendered":"Copel (CPLE3): Estado do Paran\u00e1 pede dividendo extra \u00e0 companhia"},"content":{"rendered":"<p>A <a href=\"https:\/\/www.suno.com.br\/acoes\/cple3\/\">Companhia Paranaense de Energia \u2013 <strong>Copel<\/strong> (CPLE3;<\/a><a href=\"https:\/\/www.suno.com.br\/acoes\/cple5\/\">CPLE5<\/a>; <a href=\"https:\/\/www.suno.com.br\/acoes\/cple6\/\">CPLE6<\/a>)\u00a0informou nesta sexta-feira (8), via fato relevante, que o Estado do Paran\u00e1, acionista controlador da empresa, solicitou a distribui\u00e7\u00e3o de dividendos extraordin\u00e1rios &#8220;no maior valor poss\u00edvel&#8221; neste ano.<\/p>\t<div class=\"wrapper-featured-image\">\n\t\t<figure class=\"spotlightImg\">\n\n\t\t\t<picture>\n\t\t\t\t<source media=\"(max-width: 768px)\" srcset=\"https:\/\/files.sunoresearch.com.br\/n\/uploads\/2021\/01\/093690d2-copel-400x200.webp\">\n\t\t\t\t<img loading=\"lazy\" decoding=\"async\" class=\"newsContent__article__imgCapa lazyloadDisabled \" src=\"https:\/\/files.sunoresearch.com.br\/n\/uploads\/2021\/01\/093690d2-copel-800x450.webp\" width=\"800\" height=\"450\" alt=\"Copel (CPLE3): Estado do Paran\u00e1 pede dividendo extra \u00e0 companhia\" fetchpriority=high \/>\n\t\t\t<\/picture>\n\n\t\t\t<figcaption class=\"wp-caption-text wp-caption-text--show\">Copel ir\u00e1 distribuir dividendos e JCP<\/figcaption>\n\t\t<\/figure>\n\t<\/div>\n\n\n\t<p>\n\t\t<a href=\"https:\/\/lp.suno.com.br\/planilha-controle-gastos\/\" target=\"_blank\" data-element=\"shortcode-suno-banner\" title=\"Banner SUNO, clique e saiba mais\">\n\t\t\t<picture>\n\t\t\t\t<source media=\"(max-width: 500px)\" srcset=\"https:\/\/files.sunoresearch.com.br\/n\/uploads\/2023\/03\/400x300-Planilha-controle-de-gastos.png\">\n\t\t\t\t<img class=\"newsContent__article__imgCapa newsContent__article__imgCapa--banner\"\n\t\t\t\t\tsrc=\"https:\/\/files.sunoresearch.com.br\/n\/uploads\/2023\/03\/1420x240-Planilha-controle-de-gastos.png\"\n\t\t\t\t\tdata-promo-id=\"101751\"\t\t\t\t\t\t\t\t\t\twidth='1420' height='240'\t\t\t\t\talt=\"https:\/\/files.sunoresearch.com.br\/n\/uploads\/2023\/03\/1420x240-Planilha-controle-de-gastos.png\"\n\t\t\t\t>\n\t\t\t<\/picture>\n\t\t<\/a>\n\t<\/p>\n\n\n<p>&#8221; O <strong>Estado<\/strong>\u00a0do <strong>Paran\u00e1<\/strong> solicita a distribui\u00e7\u00e3o de <a href=\"https:\/\/www.suno.com.br\/artigos\/dividendos\/\"><strong>dividendos extraordin\u00e1rios,<\/strong><\/a> contra as reservas de lucros distribu\u00edveis constantes das demonstra\u00e7\u00f5es financeiras anuais ou semestrais da Copel, no maior valor poss\u00edvel, considerando as necessidades de caixa da Companhia ao longo do exerc\u00edcio de 2021&#8243;, declara o governo paranaense em carta enviada \u00e0 companhia e divulgada no comunicado.<\/p>\n<p>Al\u00e9m disso, o governo do Paran\u00e1 anunciou sua inten\u00e7\u00e3o de vender suas a\u00e7\u00f5es de emiss\u00e3o da companhia el\u00e9trica, mas sem perder o controle acion\u00e1rio.<\/p>\n<p><a href=\"https:\/\/lp.suno.com.br\/suno-one\/\">Suno One: acesse gratuitamente eBooks, Minicursos, Artigos e Video Aulas sobre investimentos com um \u00fanico cadastro. Clique para saber mais!<\/a><\/p>\n<p>Sobre a migra\u00e7\u00e3o do N\u00edvel 1 para o <a href=\"https:\/\/www.suno.com.br\/artigos\/novo-mercado\/#:~:text=N%C3%ADvel%202%3A%20Padr%C3%A3o%20de%20governan%C3%A7a,entre%20acionistas%20minorit%C3%A1rios%20e%20controladores.\">N\u00edvel 2 de Governan\u00e7a Corporativa da B3,<\/a> o Estado comunicou sua inten\u00e7\u00e3o em manifestar-se favoravelmente, mas com a condi\u00e7\u00e3o de que seja realizada uma <a href=\"https:\/\/www.suno.com.br\/artigos\/oferta-secundaria\/\">oferta secund\u00e1ria de a\u00e7\u00f5es<\/a>, onde o governo poderia vender a\u00e7\u00f5es.<\/p>\n\t<div data-element=\"shortcode-read-more\" class=\"knowMore\">\n\t\t\t\t<span class=\"knowMore__title\">Veja tamb\u00e9m<\/span>\n\t\t\t\t<a class=\"knowMore__link\" href=\"https:\/\/www.suno.com.br\/noticias\/copel-cple3-programa-demissao\/\">\n\t\t\tCopel (CPLE3) conclui programa de demiss\u00e3o; custo cai R$ 9 milh\u00f5es\t\t<\/a>\n\t<\/div>\n\n\n<p>No of\u00edcio, o Estado explicou que condiciona seu apoio \u00e0 &#8220;a realiza\u00e7\u00e3o e liquida\u00e7\u00e3o de oferta p\u00fablica de distribui\u00e7\u00e3o secund\u00e1ria de a\u00e7\u00f5es de titularidade do Estado do Paran\u00e1 e de emiss\u00e3o da Companhia, oferta essa que poder\u00e1, inclusive, ser de <a href=\"https:\/\/www.suno.com.br\/artigos\/units\/\">UNITs<\/a>, caso o Programa de UNITs j\u00e1 tenha sido implementado, em conjunto com a oferta a ser realizada pelo BNDES Participa\u00e7\u00f5es S.A. \u2014 BNDESPAR (\u201cBNDESPar\u201d)&#8221;.<\/p>\n\t<p>\n\t\t<a href=\"https:\/\/lp.suno.com.br\/ebook-como-analisar-uma-acao\/\" target=\"_blank\" data-element=\"shortcode-suno-banner\" title=\"Banner SUNO, clique e saiba mais\">\n\t\t\t<picture>\n\t\t\t\t<source media=\"(max-width: 500px)\" srcset=\"https:\/\/files.sunoresearch.com.br\/n\/uploads\/2023\/03\/Ebook-Acoes-Mobile.jpg\">\n\t\t\t\t<img class=\"newsContent__article__imgCapa newsContent__article__imgCapa--banner\"\n\t\t\t\t\tsrc=\"https:\/\/files.sunoresearch.com.br\/n\/uploads\/2023\/03\/Ebook-Acoes-Desktop.jpg\"\n\t\t\t\t\tdata-promo-id=\"378302\"\t\t\t\t\t\t\t\t\t\twidth='1420' height='286'\t\t\t\t\talt=\"https:\/\/files.sunoresearch.com.br\/n\/uploads\/2023\/03\/Ebook-Acoes-Desktop.jpg\"\n\t\t\t\t>\n\t\t\t<\/picture>\n\t\t<\/a>\n\t<\/p>\n\n\n<p>Em resposta ao Estado do Paran\u00e1, a Copel disse que a administra\u00e7\u00e3o ir\u00e1 avaliar a possibilidade de distribui\u00e7\u00e3o de<strong> dividendos extraordin\u00e1rios.<\/strong><\/p>\n<h2>\u00daltima cota\u00e7\u00e3o da Copel<\/h2>\n<p>A a\u00e7\u00e3o da <strong>Copel,<\/strong> negociada na B3 sob o ticker <strong>CPLE3<\/strong> fechou a sess\u00e3o desta sexta-feira apresentando uma alta de 3,41%, aos R$ 67,87. No ano, o papel mostra uma queda de 0,92% frente ao fechamento a R$ 70,00 em dezembro do ano passado.<\/p>\n\t<p>\n\t\t<a href=\"https:\/\/lp.suno.com.br\/planilha-de-controle-de-investimentos\/\" target=\"_blank\" data-element=\"shortcode-suno-banner\" title=\"Banner SUNO, clique e saiba mais\">\n\t\t\t<picture>\n\t\t\t\t<source media=\"(max-width: 500px)\" srcset=\"https:\/\/files.sunoresearch.com.br\/n\/uploads\/2023\/03\/400x300-Controle-de-Investimentos.png\">\n\t\t\t\t<img class=\"newsContent__article__imgCapa newsContent__article__imgCapa--banner\"\n\t\t\t\t\tsrc=\"https:\/\/files.sunoresearch.com.br\/n\/uploads\/2023\/03\/1420x240-Controle-de-Investimentos.png\"\n\t\t\t\t\tdata-promo-id=\"75934\"\t\t\t\t\t\t\t\t\t\twidth='1420' height='240'\t\t\t\t\talt=\"https:\/\/files.sunoresearch.com.br\/n\/uploads\/2023\/03\/1420x240-Controle-de-Investimentos.png\"\n\t\t\t\t>\n\t\t\t<\/picture>\n\t\t<\/a>\n\t<\/p>\n\n\n","protected":false},"excerpt":{"rendered":"<p>A Companhia Paranaense de Energia \u2013 Copel (CPLE3;CPLE5; CPLE6)\u00a0informou nesta sexta-feira (8), via fato relevante, que o Estado do Paran\u00e1, acionista controlador da empresa, solicitou a distribui\u00e7\u00e3o de dividendos extraordin\u00e1rios &#8220;no maior valor poss\u00edvel&#8221; neste ano. Copel ir\u00e1 distribuir dividendos e JCP &#8221; O Estado\u00a0do Paran\u00e1 solicita a distribui\u00e7\u00e3o de dividendos extraordin\u00e1rios, contra as reservas [&hellip;]<\/p>\n","protected":false},"author":39,"featured_media":112105,"comment_status":"closed","ping_status":"closed","sticky":false,"template":"","format":"standard","meta":[],"categories":[64],"tags":[431,295],"suno_strategy":[],"class_list":["post-112094","post","type-post","status-publish","format-standard","has-post-thumbnail","hentry","category-negocios","tag-copel-cple3-cple5-cple6","tag-dividendos"],"yoast_head":"<!-- This site is optimized with the Yoast SEO plugin v24.4 - https:\/\/yoast.com\/wordpress\/plugins\/seo\/ -->\n<title>Copel (CPLE3): Estado do Paran\u00e1 pede dividendo extra \u00e0 companhia<\/title>\n<meta name=\"description\" content=\"O Estado do Paran\u00e1 solicitou a distribui\u00e7\u00e3o de dividendos extraordin\u00e1rios \u00e0 Copel (CPLE3). Clique aqui para saber mais sobre a Copel.\" \/>\n<meta name=\"robots\" content=\"index, follow, max-snippet:-1, max-image-preview:large, max-video-preview:-1\" \/>\n<link rel=\"canonical\" href=\"https:\/\/www.suno.com.br\/noticias\/copel-cple3-parana-pede-dividendo-extra\/\" \/>\n<meta property=\"og:locale\" content=\"pt_BR\" \/>\n<meta property=\"og:type\" content=\"article\" \/>\n<meta property=\"og:title\" content=\"Copel (CPLE3): Estado do Paran\u00e1 pede dividendo extra \u00e0 companhia\" \/>\n<meta property=\"og:description\" content=\"O Estado do Paran\u00e1 solicitou a distribui\u00e7\u00e3o de dividendos extraordin\u00e1rios \u00e0 Copel (CPLE3). Clique aqui para saber mais sobre a Copel.\" \/>\n<meta property=\"og:url\" content=\"https:\/\/www.suno.com.br\/noticias\/copel-cple3-parana-pede-dividendo-extra\/\" \/>\n<meta property=\"og:site_name\" content=\"Suno Not\u00edcias\" \/>\n<meta property=\"article:publisher\" content=\"https:\/\/facebook.com\/sunoresearch\" \/>\n<meta property=\"og:image\" content=\"https:\/\/files.sunoresearch.com.br\/n\/uploads\/2021\/01\/093690d2-copel.jpg\" \/>\n\t<meta property=\"og:image:width\" content=\"1024\" \/>\n\t<meta property=\"og:image:height\" content=\"682\" \/>\n\t<meta property=\"og:image:type\" content=\"image\/jpeg\" \/>\n<meta name=\"author\" content=\"Laura Moutinho\" \/>\n<meta name=\"twitter:card\" content=\"summary_large_image\" \/>\n<meta name=\"twitter:creator\" content=\"@sunoresearch\" \/>\n<meta name=\"twitter:site\" content=\"@sunoresearch\" \/>\n<meta name=\"twitter:label1\" content=\"Escrito por\" \/>\n\t<meta name=\"twitter:data1\" content=\"Laura Moutinho\" \/>\n\t<meta name=\"twitter:label2\" content=\"Est. tempo de leitura\" \/>\n\t<meta name=\"twitter:data2\" content=\"2 minutos\" \/>\n<script type=\"application\/ld+json\" class=\"yoast-schema-graph\">{\"@context\":\"https:\/\/schema.org\",\"@graph\":[{\"@type\":\"NewsArticle\",\"@id\":\"https:\/\/www.suno.com.br\/noticias\/copel-cple3-parana-pede-dividendo-extra\/#article\",\"isPartOf\":{\"@id\":\"https:\/\/www.suno.com.br\/noticias\/copel-cple3-parana-pede-dividendo-extra\/\"},\"author\":{\"name\":\"Laura Moutinho\",\"@id\":\"https:\/\/www.suno.com.br\/noticias\/#\/schema\/person\/3df0d2808748b74496efe5dbeaef2c72\"},\"headline\":\"Copel (CPLE3): Estado do Paran\u00e1 pede dividendo extra \u00e0 companhia\",\"datePublished\":\"2021-01-09T00:26:15+00:00\",\"mainEntityOfPage\":{\"@id\":\"https:\/\/www.suno.com.br\/noticias\/copel-cple3-parana-pede-dividendo-extra\/\"},\"wordCount\":379,\"publisher\":{\"@id\":\"https:\/\/www.suno.com.br\/noticias\/#organization\"},\"image\":{\"@id\":\"https:\/\/www.suno.com.br\/noticias\/copel-cple3-parana-pede-dividendo-extra\/#primaryimage\"},\"thumbnailUrl\":\"https:\/\/files.sunoresearch.com.br\/n\/uploads\/2021\/01\/093690d2-copel-jpg.webp\",\"keywords\":[\"Copel (CPLE3\/CPLE5\/CPLE6)\",\"dividendos\"],\"articleSection\":[\"Neg\u00f3cios\"],\"inLanguage\":\"pt-BR\"},{\"@type\":\"WebPage\",\"@id\":\"https:\/\/www.suno.com.br\/noticias\/copel-cple3-parana-pede-dividendo-extra\/\",\"url\":\"https:\/\/www.suno.com.br\/noticias\/copel-cple3-parana-pede-dividendo-extra\/\",\"name\":\"Copel (CPLE3): Estado do Paran\u00e1 pede dividendo extra \u00e0 companhia\",\"isPartOf\":{\"@id\":\"https:\/\/www.suno.com.br\/noticias\/#website\"},\"primaryImageOfPage\":{\"@id\":\"https:\/\/www.suno.com.br\/noticias\/copel-cple3-parana-pede-dividendo-extra\/#primaryimage\"},\"image\":{\"@id\":\"https:\/\/www.suno.com.br\/noticias\/copel-cple3-parana-pede-dividendo-extra\/#primaryimage\"},\"thumbnailUrl\":\"https:\/\/files.sunoresearch.com.br\/n\/uploads\/2021\/01\/093690d2-copel-jpg.webp\",\"datePublished\":\"2021-01-09T00:26:15+00:00\",\"description\":\"O Estado do Paran\u00e1 solicitou a distribui\u00e7\u00e3o de dividendos extraordin\u00e1rios \u00e0 Copel (CPLE3). Clique aqui para saber mais sobre a Copel.\",\"breadcrumb\":{\"@id\":\"https:\/\/www.suno.com.br\/noticias\/copel-cple3-parana-pede-dividendo-extra\/#breadcrumb\"},\"inLanguage\":\"pt-BR\",\"potentialAction\":[{\"@type\":\"ReadAction\",\"target\":[\"https:\/\/www.suno.com.br\/noticias\/copel-cple3-parana-pede-dividendo-extra\/\"]}]},{\"@type\":\"ImageObject\",\"inLanguage\":\"pt-BR\",\"@id\":\"https:\/\/www.suno.com.br\/noticias\/copel-cple3-parana-pede-dividendo-extra\/#primaryimage\",\"url\":\"https:\/\/files.sunoresearch.com.br\/n\/uploads\/2021\/01\/093690d2-copel-jpg.webp\",\"contentUrl\":\"https:\/\/files.sunoresearch.com.br\/n\/uploads\/2021\/01\/093690d2-copel-jpg.webp\",\"width\":1024,\"height\":682,\"caption\":\"Copel ir\u00e1 distribuir dividendos e JCP\"},{\"@type\":\"BreadcrumbList\",\"@id\":\"https:\/\/www.suno.com.br\/noticias\/copel-cple3-parana-pede-dividendo-extra\/#breadcrumb\",\"itemListElement\":[{\"@type\":\"ListItem\",\"position\":1,\"name\":\"Not\u00edcias\",\"item\":\"https:\/\/www.suno.com.br\/noticias\/\"},{\"@type\":\"ListItem\",\"position\":2,\"name\":\"Neg\u00f3cios\",\"item\":\"https:\/\/www.suno.com.br\/noticias\/negocios\/\"},{\"@type\":\"ListItem\",\"position\":3,\"name\":\"Copel (CPLE3): Estado do Paran\u00e1 pede dividendo extra \u00e0 companhia\"}]},{\"@type\":\"WebSite\",\"@id\":\"https:\/\/www.suno.com.br\/noticias\/#website\",\"url\":\"https:\/\/www.suno.com.br\/noticias\/\",\"name\":\"Suno Not\u00edcias\",\"description\":\"Seu portal de informa\u00e7\u00e3o sobre o mundo dos investimentos\",\"publisher\":{\"@id\":\"https:\/\/www.suno.com.br\/noticias\/#organization\"},\"potentialAction\":[{\"@type\":\"SearchAction\",\"target\":{\"@type\":\"EntryPoint\",\"urlTemplate\":\"https:\/\/www.suno.com.br\/noticias\/?s={search_term_string}\"},\"query-input\":{\"@type\":\"PropertyValueSpecification\",\"valueRequired\":true,\"valueName\":\"search_term_string\"}}],\"inLanguage\":\"pt-BR\"},{\"@type\":\"Organization\",\"@id\":\"https:\/\/www.suno.com.br\/noticias\/#organization\",\"name\":\"Suno Not\u00edcias\",\"url\":\"https:\/\/www.suno.com.br\/noticias\/\",\"logo\":{\"@type\":\"ImageObject\",\"inLanguage\":\"pt-BR\",\"@id\":\"https:\/\/www.suno.com.br\/noticias\/#\/schema\/logo\/image\/\",\"url\":\"https:\/\/files.sunoresearch.com.br\/n\/uploads\/2021\/09\/suno-logo.png\",\"contentUrl\":\"https:\/\/files.sunoresearch.com.br\/n\/uploads\/2021\/09\/suno-logo.png\",\"width\":180,\"height\":180,\"caption\":\"Suno Not\u00edcias\"},\"image\":{\"@id\":\"https:\/\/www.suno.com.br\/noticias\/#\/schema\/logo\/image\/\"},\"sameAs\":[\"https:\/\/facebook.com\/sunoresearch\",\"https:\/\/x.com\/sunoresearch\",\"https:\/\/www.instagram.com\/suno\",\"https:\/\/www.linkedin.com\/company\/suno-research\/\",\"https:\/\/www.youtube.com\/c\/sunoresearch\"]},{\"@type\":\"Person\",\"@id\":\"https:\/\/www.suno.com.br\/noticias\/#\/schema\/person\/3df0d2808748b74496efe5dbeaef2c72\",\"name\":\"Laura Moutinho\",\"image\":{\"@type\":\"ImageObject\",\"inLanguage\":\"pt-BR\",\"@id\":\"https:\/\/www.suno.com.br\/noticias\/#\/schema\/person\/image\/\",\"url\":\"https:\/\/secure.gravatar.com\/avatar\/7571c7c8ca3a6fca5e41384ece5557ff?s=96&r=g\",\"contentUrl\":\"https:\/\/secure.gravatar.com\/avatar\/7571c7c8ca3a6fca5e41384ece5557ff?s=96&r=g\",\"caption\":\"Laura Moutinho\"},\"description\":\"Estagi\u00e1ria na Suno Not\u00edcias, escreve not\u00edcias que afetam o mercado financeiro. Estuda administra\u00e7\u00e3o na Universidade Presbiteriana Mackenzie.\",\"url\":\"https:\/\/www.suno.com.br\/noticias\/author\/laura-moutinho\/\"}]}<\/script>\n<!-- \/ Yoast SEO plugin. -->","yoast_head_json":{"title":"Copel (CPLE3): Estado do Paran\u00e1 pede dividendo extra \u00e0 companhia","description":"O Estado do Paran\u00e1 solicitou a distribui\u00e7\u00e3o de dividendos extraordin\u00e1rios \u00e0 Copel (CPLE3). Clique aqui para saber mais sobre a Copel.","robots":{"index":"index","follow":"follow","max-snippet":"max-snippet:-1","max-image-preview":"max-image-preview:large","max-video-preview":"max-video-preview:-1"},"canonical":"https:\/\/www.suno.com.br\/noticias\/copel-cple3-parana-pede-dividendo-extra\/","og_locale":"pt_BR","og_type":"article","og_title":"Copel (CPLE3): Estado do Paran\u00e1 pede dividendo extra \u00e0 companhia","og_description":"O Estado do Paran\u00e1 solicitou a distribui\u00e7\u00e3o de dividendos extraordin\u00e1rios \u00e0 Copel (CPLE3). Clique aqui para saber mais sobre a Copel.","og_url":"https:\/\/www.suno.com.br\/noticias\/copel-cple3-parana-pede-dividendo-extra\/","og_site_name":"Suno Not\u00edcias","article_publisher":"https:\/\/facebook.com\/sunoresearch","og_image":[{"width":1024,"height":682,"url":"https:\/\/files.sunoresearch.com.br\/n\/uploads\/2021\/01\/093690d2-copel.jpg","type":"image\/jpeg"}],"author":"Laura Moutinho","twitter_card":"summary_large_image","twitter_creator":"@sunoresearch","twitter_site":"@sunoresearch","twitter_misc":{"Escrito por":"Laura Moutinho","Est. tempo de leitura":"2 minutos"},"schema":{"@context":"https:\/\/schema.org","@graph":[{"@type":"NewsArticle","@id":"https:\/\/www.suno.com.br\/noticias\/copel-cple3-parana-pede-dividendo-extra\/#article","isPartOf":{"@id":"https:\/\/www.suno.com.br\/noticias\/copel-cple3-parana-pede-dividendo-extra\/"},"author":{"name":"Laura Moutinho","@id":"https:\/\/www.suno.com.br\/noticias\/#\/schema\/person\/3df0d2808748b74496efe5dbeaef2c72"},"headline":"Copel (CPLE3): Estado do Paran\u00e1 pede dividendo extra \u00e0 companhia","datePublished":"2021-01-09T00:26:15+00:00","mainEntityOfPage":{"@id":"https:\/\/www.suno.com.br\/noticias\/copel-cple3-parana-pede-dividendo-extra\/"},"wordCount":379,"publisher":{"@id":"https:\/\/www.suno.com.br\/noticias\/#organization"},"image":{"@id":"https:\/\/www.suno.com.br\/noticias\/copel-cple3-parana-pede-dividendo-extra\/#primaryimage"},"thumbnailUrl":"https:\/\/files.sunoresearch.com.br\/n\/uploads\/2021\/01\/093690d2-copel-jpg.webp","keywords":["Copel (CPLE3\/CPLE5\/CPLE6)","dividendos"],"articleSection":["Neg\u00f3cios"],"inLanguage":"pt-BR"},{"@type":"WebPage","@id":"https:\/\/www.suno.com.br\/noticias\/copel-cple3-parana-pede-dividendo-extra\/","url":"https:\/\/www.suno.com.br\/noticias\/copel-cple3-parana-pede-dividendo-extra\/","name":"Copel (CPLE3): Estado do Paran\u00e1 pede dividendo extra \u00e0 companhia","isPartOf":{"@id":"https:\/\/www.suno.com.br\/noticias\/#website"},"primaryImageOfPage":{"@id":"https:\/\/www.suno.com.br\/noticias\/copel-cple3-parana-pede-dividendo-extra\/#primaryimage"},"image":{"@id":"https:\/\/www.suno.com.br\/noticias\/copel-cple3-parana-pede-dividendo-extra\/#primaryimage"},"thumbnailUrl":"https:\/\/files.sunoresearch.com.br\/n\/uploads\/2021\/01\/093690d2-copel-jpg.webp","datePublished":"2021-01-09T00:26:15+00:00","description":"O Estado do Paran\u00e1 solicitou a distribui\u00e7\u00e3o de dividendos extraordin\u00e1rios \u00e0 Copel (CPLE3). Clique aqui para saber mais sobre a Copel.","breadcrumb":{"@id":"https:\/\/www.suno.com.br\/noticias\/copel-cple3-parana-pede-dividendo-extra\/#breadcrumb"},"inLanguage":"pt-BR","potentialAction":[{"@type":"ReadAction","target":["https:\/\/www.suno.com.br\/noticias\/copel-cple3-parana-pede-dividendo-extra\/"]}]},{"@type":"ImageObject","inLanguage":"pt-BR","@id":"https:\/\/www.suno.com.br\/noticias\/copel-cple3-parana-pede-dividendo-extra\/#primaryimage","url":"https:\/\/files.sunoresearch.com.br\/n\/uploads\/2021\/01\/093690d2-copel-jpg.webp","contentUrl":"https:\/\/files.sunoresearch.com.br\/n\/uploads\/2021\/01\/093690d2-copel-jpg.webp","width":1024,"height":682,"caption":"Copel ir\u00e1 distribuir dividendos e JCP"},{"@type":"BreadcrumbList","@id":"https:\/\/www.suno.com.br\/noticias\/copel-cple3-parana-pede-dividendo-extra\/#breadcrumb","itemListElement":[{"@type":"ListItem","position":1,"name":"Not\u00edcias","item":"https:\/\/www.suno.com.br\/noticias\/"},{"@type":"ListItem","position":2,"name":"Neg\u00f3cios","item":"https:\/\/www.suno.com.br\/noticias\/negocios\/"},{"@type":"ListItem","position":3,"name":"Copel (CPLE3): Estado do Paran\u00e1 pede dividendo extra \u00e0 companhia"}]},{"@type":"WebSite","@id":"https:\/\/www.suno.com.br\/noticias\/#website","url":"https:\/\/www.suno.com.br\/noticias\/","name":"Suno Not\u00edcias","description":"Seu portal de informa\u00e7\u00e3o sobre o mundo dos investimentos","publisher":{"@id":"https:\/\/www.suno.com.br\/noticias\/#organization"},"potentialAction":[{"@type":"SearchAction","target":{"@type":"EntryPoint","urlTemplate":"https:\/\/www.suno.com.br\/noticias\/?s={search_term_string}"},"query-input":{"@type":"PropertyValueSpecification","valueRequired":true,"valueName":"search_term_string"}}],"inLanguage":"pt-BR"},{"@type":"Organization","@id":"https:\/\/www.suno.com.br\/noticias\/#organization","name":"Suno Not\u00edcias","url":"https:\/\/www.suno.com.br\/noticias\/","logo":{"@type":"ImageObject","inLanguage":"pt-BR","@id":"https:\/\/www.suno.com.br\/noticias\/#\/schema\/logo\/image\/","url":"https:\/\/files.sunoresearch.com.br\/n\/uploads\/2021\/09\/suno-logo.png","contentUrl":"https:\/\/files.sunoresearch.com.br\/n\/uploads\/2021\/09\/suno-logo.png","width":180,"height":180,"caption":"Suno Not\u00edcias"},"image":{"@id":"https:\/\/www.suno.com.br\/noticias\/#\/schema\/logo\/image\/"},"sameAs":["https:\/\/facebook.com\/sunoresearch","https:\/\/x.com\/sunoresearch","https:\/\/www.instagram.com\/suno","https:\/\/www.linkedin.com\/company\/suno-research\/","https:\/\/www.youtube.com\/c\/sunoresearch"]},{"@type":"Person","@id":"https:\/\/www.suno.com.br\/noticias\/#\/schema\/person\/3df0d2808748b74496efe5dbeaef2c72","name":"Laura Moutinho","image":{"@type":"ImageObject","inLanguage":"pt-BR","@id":"https:\/\/www.suno.com.br\/noticias\/#\/schema\/person\/image\/","url":"https:\/\/secure.gravatar.com\/avatar\/7571c7c8ca3a6fca5e41384ece5557ff?s=96&r=g","contentUrl":"https:\/\/secure.gravatar.com\/avatar\/7571c7c8ca3a6fca5e41384ece5557ff?s=96&r=g","caption":"Laura Moutinho"},"description":"Estagi\u00e1ria na Suno Not\u00edcias, escreve not\u00edcias que afetam o mercado financeiro. Estuda administra\u00e7\u00e3o na Universidade Presbiteriana Mackenzie.","url":"https:\/\/www.suno.com.br\/noticias\/author\/laura-moutinho\/"}]}},"default_loop_html":"<div class=\"cardsPage__listCard__boxs\"><div class=\"cardsPage__listCard__boxs__img\"><a href=\"https:\/\/www.suno.com.br\/noticias\/copel-cple3-parana-pede-dividendo-extra\/\"><img class=\"mask\" src=\"https:\/\/www.suno.com.br\/noticias\/wp-content\/themes\/suno\/resources\/images\/spotlight\/spotlight1img\/bg-mask.png\" alt=\"Image Mask\"\/><img src=\"https:\/\/files.sunoresearch.com.br\/n\/uploads\/2021\/01\/093690d2-copel-400x200.webp\" alt=\"Copel (CPLE3): Estado do Paran\u00e1 pede dividendo extra \u00e0 companhia\"\/><\/a><span class=\"spotlightCategory\"><a href=\"https:\/\/www.suno.com.br\/noticias\/negocios\/\">Neg\u00f3cios<\/a><\/span><\/div><div class=\"cardsPage__listCard__boxs__content\"><a href=\"https:\/\/www.suno.com.br\/noticias\/copel-cple3-parana-pede-dividendo-extra\/\"><h2 class=\"content__title\">Copel (CPLE3): Estado do Paran\u00e1 pede dividendo extra \u00e0 companhia<\/h2><\/a><div class=\"newsContent__article__meta\"><div class=\"newsContent__article__meta__authorBox\"><a href=\"https:\/\/www.suno.com.br\/noticias\/author\/laura-moutinho\/\" class=\"authorBox__avatar noMobi\"><img src=\"https:\/\/files.sunoresearch.com.br\/n\/uploads\/2020\/08\/531ff69d-whatsapp-image-2020-08-03-at-14.54.38-150x150.webp\" alt=\"Laura Moutinho\"><\/a><div class=\"authorBox__name\"><span>por\n\t\t\t<a href=\"https:\/\/www.suno.com.br\/noticias\/author\/laura-moutinho\/\"><span itemprop=\"author\">Laura Moutinho<\/span><\/a><\/span><time datetime=\"2021-01-08T21:26:15-03:00\" itemprop=\"datePublished\">08\/01\/2021 21:26<\/time><\/div><\/div><\/div><\/div><\/div>","single_layout":"posts","amp_enabled":true,"_links":{"self":[{"href":"https:\/\/www.suno.com.br\/noticias\/wp-json\/wp\/v2\/posts\/112094"}],"collection":[{"href":"https:\/\/www.suno.com.br\/noticias\/wp-json\/wp\/v2\/posts"}],"about":[{"href":"https:\/\/www.suno.com.br\/noticias\/wp-json\/wp\/v2\/types\/post"}],"author":[{"embeddable":true,"href":"https:\/\/www.suno.com.br\/noticias\/wp-json\/wp\/v2\/users\/39"}],"replies":[{"embeddable":true,"href":"https:\/\/www.suno.com.br\/noticias\/wp-json\/wp\/v2\/comments?post=112094"}],"version-history":[{"count":0,"href":"https:\/\/www.suno.com.br\/noticias\/wp-json\/wp\/v2\/posts\/112094\/revisions"}],"wp:featuredmedia":[{"embeddable":true,"href":"https:\/\/www.suno.com.br\/noticias\/wp-json\/wp\/v2\/media\/112105"}],"wp:attachment":[{"href":"https:\/\/www.suno.com.br\/noticias\/wp-json\/wp\/v2\/media?parent=112094"}],"wp:term":[{"taxonomy":"category","embeddable":true,"href":"https:\/\/www.suno.com.br\/noticias\/wp-json\/wp\/v2\/categories?post=112094"},{"taxonomy":"post_tag","embeddable":true,"href":"https:\/\/www.suno.com.br\/noticias\/wp-json\/wp\/v2\/tags?post=112094"},{"taxonomy":"suno_strategy","embeddable":true,"href":"https:\/\/www.suno.com.br\/noticias\/wp-json\/wp\/v2\/suno_strategy?post=112094"}],"curies":[{"name":"wp","href":"https:\/\/api.w.org\/{rel}","templated":true}]}}