{"id":11197,"date":"2019-01-10T17:50:48","date_gmt":"2019-01-10T19:50:48","guid":{"rendered":"https:\/\/www.suno.com.br\/noticias\/?p=11197"},"modified":"2019-01-10T17:50:48","modified_gmt":"2019-01-10T19:50:48","slug":"governo-reduzir-encargos-salarios-descarta-cpmf","status":"publish","type":"post","link":"https:\/\/www.suno.com.br\/noticias\/governo-reduzir-encargos-salarios-descarta-cpmf\/","title":{"rendered":"Governo estuda reduzir encargos sobre sal\u00e1rios e descarta CPMF"},"content":{"rendered":"<p>O governo pode compensar a redu\u00e7\u00e3o de encargos trabalhistas da folha salarial sobre o faturamento de empresas ou com tributa\u00e7\u00e3o indireta adicional, disse o secret\u00e1rio especial da Receita Federal, Marcos Cintra, nesta quinta-feira (10).<\/p>\t<div class=\"wrapper-featured-image\">\n\t\t<figure class=\"spotlightImg\">\n\n\t\t\t<picture>\n\t\t\t\t<source media=\"(max-width: 768px)\" srcset=\"https:\/\/files.sunoresearch.com.br\/n\/uploads\/2019\/01\/33e50218-governo-400x200.webp\">\n\t\t\t\t<img loading=\"lazy\" decoding=\"async\" class=\"newsContent__article__imgCapa lazyloadDisabled newsContent__article__imgCapa--noCaption\" src=\"https:\/\/files.sunoresearch.com.br\/n\/uploads\/2019\/01\/33e50218-governo-800x450.webp\" width=\"800\" height=\"450\" alt=\"Governo estuda reduzir encargos sobre sal\u00e1rios e descarta CPMF\" fetchpriority=high \/>\n\t\t\t<\/picture>\n\n\t\t\t<figcaption class=\"wp-caption-text wp-caption-text--hide\">Governo estuda reduzir encargos sobre sal\u00e1rios e descarta CPMF<\/figcaption>\n\t\t<\/figure>\n\t<\/div>\n\n\n<p>Cintra criticou as a\u00e7\u00f5es de desonera\u00e7\u00e3o realizadas pelo <strong>governo<\/strong> de <strong>Dilma Rousseff<\/strong>, que atendeu apenas a setores espec\u00edficos. Entretanto, parte desses benef\u00edcios foram revertidos na gest\u00e3o de <strong>Michel Temer<\/strong><\/p>\n<p>Atualmente, essa desonera\u00e7\u00e3o na folha consiste em substituir a contribui\u00e7\u00e3o previdenci\u00e1ria patronal pelo tributo sobre faturamento.<\/p>\n<p>Desta forma, a proposta do governo de <strong>Jair Bolsonaro<\/strong> estima uma desonera\u00e7\u00e3o ampla. Al\u00e9m disso, um tributo indireto (aplicado sobre produtos) est\u00e1 entre as op\u00e7\u00f5es.<\/p>\n<p>&#8220;A desonera\u00e7\u00e3o da folha de sal\u00e1rios aconteceu muito em cima de demandas espec\u00edficas, setoriais. O que estamos trabalhando \u00e9 na desonera\u00e7\u00e3o da folha de maneira geral, ampla e sist\u00eamica&#8221;, afirmou o secret\u00e1rio.<\/p>\n<p><a href=\"https:\/\/www.suno.com.br\/noticias\/governo-estuda-reforma-da-previdencia-com-transacao-menor\/\">Saiba mais:\u00a0Governo estuda reforma da Previd\u00eancia com transa\u00e7\u00e3o menor\u00a0<\/a><\/p>\n<p><a href=\"https:\/\/www.suno.com.br\/noticias\/pente-fino-inss-milhoes-beneficios\/\">Saiba mais:\u00a0Governo: pente-fino no INSS atingir\u00e1 mais de 2 milh\u00f5es de benef\u00edcios\u00a0<\/a><\/p>\n<h2>CPMF<\/h2>\n<p>A <strong>Lei de Responsabilidade Fiscal (LRF)<\/strong> determina que dar ou ampliar o incentivo tribut\u00e1rio est\u00e1 acompanhada por compensa\u00e7\u00f5es. Entretanto, isso pode ser realizado por meio de eleva\u00e7\u00e3o de al\u00edquotas, amplia\u00e7\u00e3o de base de c\u00e1lculo e cria\u00e7\u00e3o de tributo<\/p>\n<p>A <a href=\"https:\/\/www.suno.com.br\/artigos\/cpmf\/\">Contribui\u00e7\u00e3o Provis\u00f3ria sobre Movimenta\u00e7\u00e3o Financeira<\/a> (CPMF), foi descartada por Cintra como forma de compensa\u00e7\u00e3o da desonera\u00e7\u00e3o da folha de pagamento.<\/p>\n<p>De acordo com o secret\u00e1rio, o incentivo pode ser compensando por tributa\u00e7\u00e3o sobre faturamento de empresas ou tributa\u00e7\u00e3o em outras bases, inclusive com tributos indiretos.<\/p>\n<p>Entretanto, Cintra afirmou que a iniciativa ainda passa por simula\u00e7\u00f5es e n\u00e3o detalhou a proposta.<\/p>\n<p>&#8220;H\u00e1 uma gama de alternativas que precisam ser comparadas. O que voc\u00ea perde reduzindo uma incid\u00eancia direta sobre folha e que tipo de tributo poder\u00e1 substituir essa mesma arrecada\u00e7\u00e3o. Sempre com a meta de n\u00e3o aumentar carga tribut\u00e1ria e gerar mais emprego&#8221;, afirmou o secret\u00e1rio.<\/p>\n<h2>Imposto de Renda<\/h2>\n<p>De acordo com Cintra, a <strong>reforma do Imposto de Renda<\/strong> n\u00e3o \u00e9 prioridade no momento.<\/p>\n<p>O secret\u00e1rio acredita que &#8220;a prioridade do <strong>governo<\/strong> hoje \u00e9 trabalhar na <strong>reforma previdenci\u00e1ria<\/strong>, o que me d\u00e1, evidentemente, tempo para desenvolver um projeto que envolva Imposto de Renda e uma <strong>reforma tribut\u00e1ria<\/strong> como um todo&#8221;, afirmou Marcos Cintra.<\/p>\n","protected":false},"excerpt":{"rendered":"<p>O governo pode compensar a redu\u00e7\u00e3o de encargos trabalhistas da folha salarial sobre o faturamento de empresas ou com tributa\u00e7\u00e3o indireta adicional, disse o secret\u00e1rio especial da Receita Federal, Marcos Cintra, nesta quinta-feira (10). Governo estuda reduzir encargos sobre sal\u00e1rios e descarta CPMF Cintra criticou as a\u00e7\u00f5es de desonera\u00e7\u00e3o realizadas pelo governo de Dilma Rousseff, [&hellip;]<\/p>\n","protected":false},"author":11,"featured_media":11205,"comment_status":"closed","ping_status":"closed","sticky":false,"template":"","format":"standard","meta":[],"categories":[61],"tags":[865,719,734,847],"suno_strategy":[],"class_list":["post-11197","post","type-post","status-publish","format-standard","has-post-thumbnail","hentry","category-politica","tag-dilma-rousseff","tag-jair-bolsonaro","tag-michel-temer","tag-receita-federal"],"yoast_head":"<!-- This site is optimized with the Yoast SEO plugin v24.4 - https:\/\/yoast.com\/wordpress\/plugins\/seo\/ -->\n<title>Governo estuda reduzir encargos sobre sal\u00e1rios e descarta CPMF<\/title>\n<meta name=\"description\" content=\"Cintra ainda afirmou que prioridade do governo \u00e9 reforma da Previd\u00eancia e n\u00e3o reforma do IR; Ele descartou CPMF como compensa\u00e7\u00e3o. Clique para saber mais.\" \/>\n<meta name=\"robots\" content=\"index, follow, max-snippet:-1, max-image-preview:large, max-video-preview:-1\" \/>\n<link rel=\"canonical\" href=\"https:\/\/www.suno.com.br\/noticias\/governo-reduzir-encargos-salarios-descarta-cpmf\/\" \/>\n<meta property=\"og:locale\" content=\"pt_BR\" \/>\n<meta property=\"og:type\" content=\"article\" \/>\n<meta property=\"og:title\" content=\"Governo estuda reduzir encargos sobre sal\u00e1rios e descarta CPMF\" \/>\n<meta property=\"og:description\" content=\"Cintra ainda afirmou que prioridade do governo \u00e9 reforma da Previd\u00eancia e n\u00e3o reforma do IR; Ele descartou CPMF como compensa\u00e7\u00e3o. Clique para saber mais.\" \/>\n<meta property=\"og:url\" content=\"https:\/\/www.suno.com.br\/noticias\/governo-reduzir-encargos-salarios-descarta-cpmf\/\" \/>\n<meta property=\"og:site_name\" content=\"Suno Not\u00edcias\" \/>\n<meta property=\"article:publisher\" content=\"https:\/\/facebook.com\/sunoresearch\" \/>\n<meta property=\"og:image\" content=\"https:\/\/files.sunoresearch.com.br\/n\/uploads\/2019\/01\/33e50218-governo-1024x683.jpg\" \/>\n\t<meta property=\"og:image:width\" content=\"1024\" \/>\n\t<meta property=\"og:image:height\" content=\"683\" \/>\n\t<meta property=\"og:image:type\" content=\"image\/jpeg\" \/>\n<meta name=\"author\" content=\"Renan Bandeira\" \/>\n<meta name=\"twitter:card\" content=\"summary_large_image\" \/>\n<meta name=\"twitter:creator\" content=\"@sunoresearch\" \/>\n<meta name=\"twitter:site\" content=\"@sunoresearch\" \/>\n<meta name=\"twitter:label1\" content=\"Escrito por\" \/>\n\t<meta name=\"twitter:data1\" content=\"Renan Bandeira\" \/>\n\t<meta name=\"twitter:label2\" content=\"Est. tempo de leitura\" \/>\n\t<meta name=\"twitter:data2\" content=\"2 minutos\" \/>\n<script type=\"application\/ld+json\" class=\"yoast-schema-graph\">{\"@context\":\"https:\/\/schema.org\",\"@graph\":[{\"@type\":\"NewsArticle\",\"@id\":\"https:\/\/www.suno.com.br\/noticias\/governo-reduzir-encargos-salarios-descarta-cpmf\/#article\",\"isPartOf\":{\"@id\":\"https:\/\/www.suno.com.br\/noticias\/governo-reduzir-encargos-salarios-descarta-cpmf\/\"},\"author\":{\"name\":\"Renan Bandeira\",\"@id\":\"https:\/\/www.suno.com.br\/noticias\/#\/schema\/person\/fc144a1c6108bd1dcd43784e88a3c138\"},\"headline\":\"Governo estuda reduzir encargos sobre sal\u00e1rios e descarta CPMF\",\"datePublished\":\"2019-01-10T19:50:48+00:00\",\"mainEntityOfPage\":{\"@id\":\"https:\/\/www.suno.com.br\/noticias\/governo-reduzir-encargos-salarios-descarta-cpmf\/\"},\"wordCount\":416,\"publisher\":{\"@id\":\"https:\/\/www.suno.com.br\/noticias\/#organization\"},\"image\":{\"@id\":\"https:\/\/www.suno.com.br\/noticias\/governo-reduzir-encargos-salarios-descarta-cpmf\/#primaryimage\"},\"thumbnailUrl\":\"https:\/\/files.sunoresearch.com.br\/n\/uploads\/2019\/01\/33e50218-governo-scaled.webp\",\"keywords\":[\"Dilma Rousseff\",\"Jair Bolsonaro\",\"Michel Temer\",\"Receita Federal\"],\"articleSection\":[\"Pol\u00edtica\"],\"inLanguage\":\"pt-BR\"},{\"@type\":\"WebPage\",\"@id\":\"https:\/\/www.suno.com.br\/noticias\/governo-reduzir-encargos-salarios-descarta-cpmf\/\",\"url\":\"https:\/\/www.suno.com.br\/noticias\/governo-reduzir-encargos-salarios-descarta-cpmf\/\",\"name\":\"Governo estuda reduzir encargos sobre sal\u00e1rios e descarta CPMF\",\"isPartOf\":{\"@id\":\"https:\/\/www.suno.com.br\/noticias\/#website\"},\"primaryImageOfPage\":{\"@id\":\"https:\/\/www.suno.com.br\/noticias\/governo-reduzir-encargos-salarios-descarta-cpmf\/#primaryimage\"},\"image\":{\"@id\":\"https:\/\/www.suno.com.br\/noticias\/governo-reduzir-encargos-salarios-descarta-cpmf\/#primaryimage\"},\"thumbnailUrl\":\"https:\/\/files.sunoresearch.com.br\/n\/uploads\/2019\/01\/33e50218-governo-scaled.webp\",\"datePublished\":\"2019-01-10T19:50:48+00:00\",\"description\":\"Cintra ainda afirmou que prioridade do governo \u00e9 reforma da Previd\u00eancia e n\u00e3o reforma do IR; Ele descartou CPMF como compensa\u00e7\u00e3o. Clique para saber mais.\",\"breadcrumb\":{\"@id\":\"https:\/\/www.suno.com.br\/noticias\/governo-reduzir-encargos-salarios-descarta-cpmf\/#breadcrumb\"},\"inLanguage\":\"pt-BR\",\"potentialAction\":[{\"@type\":\"ReadAction\",\"target\":[\"https:\/\/www.suno.com.br\/noticias\/governo-reduzir-encargos-salarios-descarta-cpmf\/\"]}]},{\"@type\":\"ImageObject\",\"inLanguage\":\"pt-BR\",\"@id\":\"https:\/\/www.suno.com.br\/noticias\/governo-reduzir-encargos-salarios-descarta-cpmf\/#primaryimage\",\"url\":\"https:\/\/files.sunoresearch.com.br\/n\/uploads\/2019\/01\/33e50218-governo-scaled.webp\",\"contentUrl\":\"https:\/\/files.sunoresearch.com.br\/n\/uploads\/2019\/01\/33e50218-governo-scaled.webp\",\"width\":2560,\"height\":1706,\"caption\":\"Governo estuda reduzir encargos sobre sal\u00e1rios e descarta CPMF\"},{\"@type\":\"BreadcrumbList\",\"@id\":\"https:\/\/www.suno.com.br\/noticias\/governo-reduzir-encargos-salarios-descarta-cpmf\/#breadcrumb\",\"itemListElement\":[{\"@type\":\"ListItem\",\"position\":1,\"name\":\"Not\u00edcias\",\"item\":\"https:\/\/www.suno.com.br\/noticias\/\"},{\"@type\":\"ListItem\",\"position\":2,\"name\":\"Pol\u00edtica\",\"item\":\"https:\/\/www.suno.com.br\/noticias\/politica\/\"},{\"@type\":\"ListItem\",\"position\":3,\"name\":\"Governo estuda reduzir encargos sobre sal\u00e1rios e descarta CPMF\"}]},{\"@type\":\"WebSite\",\"@id\":\"https:\/\/www.suno.com.br\/noticias\/#website\",\"url\":\"https:\/\/www.suno.com.br\/noticias\/\",\"name\":\"Suno Not\u00edcias\",\"description\":\"Seu portal de informa\u00e7\u00e3o sobre o mundo dos investimentos\",\"publisher\":{\"@id\":\"https:\/\/www.suno.com.br\/noticias\/#organization\"},\"potentialAction\":[{\"@type\":\"SearchAction\",\"target\":{\"@type\":\"EntryPoint\",\"urlTemplate\":\"https:\/\/www.suno.com.br\/noticias\/?s={search_term_string}\"},\"query-input\":{\"@type\":\"PropertyValueSpecification\",\"valueRequired\":true,\"valueName\":\"search_term_string\"}}],\"inLanguage\":\"pt-BR\"},{\"@type\":\"Organization\",\"@id\":\"https:\/\/www.suno.com.br\/noticias\/#organization\",\"name\":\"Suno Not\u00edcias\",\"url\":\"https:\/\/www.suno.com.br\/noticias\/\",\"logo\":{\"@type\":\"ImageObject\",\"inLanguage\":\"pt-BR\",\"@id\":\"https:\/\/www.suno.com.br\/noticias\/#\/schema\/logo\/image\/\",\"url\":\"https:\/\/files.sunoresearch.com.br\/n\/uploads\/2021\/09\/suno-logo.png\",\"contentUrl\":\"https:\/\/files.sunoresearch.com.br\/n\/uploads\/2021\/09\/suno-logo.png\",\"width\":180,\"height\":180,\"caption\":\"Suno Not\u00edcias\"},\"image\":{\"@id\":\"https:\/\/www.suno.com.br\/noticias\/#\/schema\/logo\/image\/\"},\"sameAs\":[\"https:\/\/facebook.com\/sunoresearch\",\"https:\/\/x.com\/sunoresearch\",\"https:\/\/www.instagram.com\/suno\",\"https:\/\/www.linkedin.com\/company\/suno-research\/\",\"https:\/\/www.youtube.com\/c\/sunoresearch\"]},{\"@type\":\"Person\",\"@id\":\"https:\/\/www.suno.com.br\/noticias\/#\/schema\/person\/fc144a1c6108bd1dcd43784e88a3c138\",\"name\":\"Renan Bandeira\",\"image\":{\"@type\":\"ImageObject\",\"inLanguage\":\"pt-BR\",\"@id\":\"https:\/\/www.suno.com.br\/noticias\/#\/schema\/person\/image\/\",\"url\":\"https:\/\/secure.gravatar.com\/avatar\/68359cdb608f14f11bbefcb78f3fc747?s=96&r=g\",\"contentUrl\":\"https:\/\/secure.gravatar.com\/avatar\/68359cdb608f14f11bbefcb78f3fc747?s=96&r=g\",\"caption\":\"Renan Bandeira\"},\"description\":\"Renan Bandeira escreve sobre pol\u00edtica e economia para o portal da Suno Research. Antes da Suno, trabalhou em uma rede de televis\u00e3o, onde fazia reportagens sobre os mesmos temas. Estuda na Universidade Metodista de S\u00e3o Paulo.\",\"url\":\"https:\/\/www.suno.com.br\/noticias\/author\/renan-bandeira\/\"}]}<\/script>\n<!-- \/ Yoast SEO plugin. -->","yoast_head_json":{"title":"Governo estuda reduzir encargos sobre sal\u00e1rios e descarta CPMF","description":"Cintra ainda afirmou que prioridade do governo \u00e9 reforma da Previd\u00eancia e n\u00e3o reforma do IR; Ele descartou CPMF como compensa\u00e7\u00e3o. Clique para saber mais.","robots":{"index":"index","follow":"follow","max-snippet":"max-snippet:-1","max-image-preview":"max-image-preview:large","max-video-preview":"max-video-preview:-1"},"canonical":"https:\/\/www.suno.com.br\/noticias\/governo-reduzir-encargos-salarios-descarta-cpmf\/","og_locale":"pt_BR","og_type":"article","og_title":"Governo estuda reduzir encargos sobre sal\u00e1rios e descarta CPMF","og_description":"Cintra ainda afirmou que prioridade do governo \u00e9 reforma da Previd\u00eancia e n\u00e3o reforma do IR; Ele descartou CPMF como compensa\u00e7\u00e3o. Clique para saber mais.","og_url":"https:\/\/www.suno.com.br\/noticias\/governo-reduzir-encargos-salarios-descarta-cpmf\/","og_site_name":"Suno Not\u00edcias","article_publisher":"https:\/\/facebook.com\/sunoresearch","og_image":[{"width":1024,"height":683,"url":"https:\/\/files.sunoresearch.com.br\/n\/uploads\/2019\/01\/33e50218-governo-1024x683.jpg","type":"image\/jpeg"}],"author":"Renan Bandeira","twitter_card":"summary_large_image","twitter_creator":"@sunoresearch","twitter_site":"@sunoresearch","twitter_misc":{"Escrito por":"Renan Bandeira","Est. tempo de leitura":"2 minutos"},"schema":{"@context":"https:\/\/schema.org","@graph":[{"@type":"NewsArticle","@id":"https:\/\/www.suno.com.br\/noticias\/governo-reduzir-encargos-salarios-descarta-cpmf\/#article","isPartOf":{"@id":"https:\/\/www.suno.com.br\/noticias\/governo-reduzir-encargos-salarios-descarta-cpmf\/"},"author":{"name":"Renan Bandeira","@id":"https:\/\/www.suno.com.br\/noticias\/#\/schema\/person\/fc144a1c6108bd1dcd43784e88a3c138"},"headline":"Governo estuda reduzir encargos sobre sal\u00e1rios e descarta CPMF","datePublished":"2019-01-10T19:50:48+00:00","mainEntityOfPage":{"@id":"https:\/\/www.suno.com.br\/noticias\/governo-reduzir-encargos-salarios-descarta-cpmf\/"},"wordCount":416,"publisher":{"@id":"https:\/\/www.suno.com.br\/noticias\/#organization"},"image":{"@id":"https:\/\/www.suno.com.br\/noticias\/governo-reduzir-encargos-salarios-descarta-cpmf\/#primaryimage"},"thumbnailUrl":"https:\/\/files.sunoresearch.com.br\/n\/uploads\/2019\/01\/33e50218-governo-scaled.webp","keywords":["Dilma Rousseff","Jair Bolsonaro","Michel Temer","Receita Federal"],"articleSection":["Pol\u00edtica"],"inLanguage":"pt-BR"},{"@type":"WebPage","@id":"https:\/\/www.suno.com.br\/noticias\/governo-reduzir-encargos-salarios-descarta-cpmf\/","url":"https:\/\/www.suno.com.br\/noticias\/governo-reduzir-encargos-salarios-descarta-cpmf\/","name":"Governo estuda reduzir encargos sobre sal\u00e1rios e descarta CPMF","isPartOf":{"@id":"https:\/\/www.suno.com.br\/noticias\/#website"},"primaryImageOfPage":{"@id":"https:\/\/www.suno.com.br\/noticias\/governo-reduzir-encargos-salarios-descarta-cpmf\/#primaryimage"},"image":{"@id":"https:\/\/www.suno.com.br\/noticias\/governo-reduzir-encargos-salarios-descarta-cpmf\/#primaryimage"},"thumbnailUrl":"https:\/\/files.sunoresearch.com.br\/n\/uploads\/2019\/01\/33e50218-governo-scaled.webp","datePublished":"2019-01-10T19:50:48+00:00","description":"Cintra ainda afirmou que prioridade do governo \u00e9 reforma da Previd\u00eancia e n\u00e3o reforma do IR; Ele descartou CPMF como compensa\u00e7\u00e3o. Clique para saber mais.","breadcrumb":{"@id":"https:\/\/www.suno.com.br\/noticias\/governo-reduzir-encargos-salarios-descarta-cpmf\/#breadcrumb"},"inLanguage":"pt-BR","potentialAction":[{"@type":"ReadAction","target":["https:\/\/www.suno.com.br\/noticias\/governo-reduzir-encargos-salarios-descarta-cpmf\/"]}]},{"@type":"ImageObject","inLanguage":"pt-BR","@id":"https:\/\/www.suno.com.br\/noticias\/governo-reduzir-encargos-salarios-descarta-cpmf\/#primaryimage","url":"https:\/\/files.sunoresearch.com.br\/n\/uploads\/2019\/01\/33e50218-governo-scaled.webp","contentUrl":"https:\/\/files.sunoresearch.com.br\/n\/uploads\/2019\/01\/33e50218-governo-scaled.webp","width":2560,"height":1706,"caption":"Governo estuda reduzir encargos sobre sal\u00e1rios e descarta CPMF"},{"@type":"BreadcrumbList","@id":"https:\/\/www.suno.com.br\/noticias\/governo-reduzir-encargos-salarios-descarta-cpmf\/#breadcrumb","itemListElement":[{"@type":"ListItem","position":1,"name":"Not\u00edcias","item":"https:\/\/www.suno.com.br\/noticias\/"},{"@type":"ListItem","position":2,"name":"Pol\u00edtica","item":"https:\/\/www.suno.com.br\/noticias\/politica\/"},{"@type":"ListItem","position":3,"name":"Governo estuda reduzir encargos sobre sal\u00e1rios e descarta CPMF"}]},{"@type":"WebSite","@id":"https:\/\/www.suno.com.br\/noticias\/#website","url":"https:\/\/www.suno.com.br\/noticias\/","name":"Suno Not\u00edcias","description":"Seu portal de informa\u00e7\u00e3o sobre o mundo dos investimentos","publisher":{"@id":"https:\/\/www.suno.com.br\/noticias\/#organization"},"potentialAction":[{"@type":"SearchAction","target":{"@type":"EntryPoint","urlTemplate":"https:\/\/www.suno.com.br\/noticias\/?s={search_term_string}"},"query-input":{"@type":"PropertyValueSpecification","valueRequired":true,"valueName":"search_term_string"}}],"inLanguage":"pt-BR"},{"@type":"Organization","@id":"https:\/\/www.suno.com.br\/noticias\/#organization","name":"Suno Not\u00edcias","url":"https:\/\/www.suno.com.br\/noticias\/","logo":{"@type":"ImageObject","inLanguage":"pt-BR","@id":"https:\/\/www.suno.com.br\/noticias\/#\/schema\/logo\/image\/","url":"https:\/\/files.sunoresearch.com.br\/n\/uploads\/2021\/09\/suno-logo.png","contentUrl":"https:\/\/files.sunoresearch.com.br\/n\/uploads\/2021\/09\/suno-logo.png","width":180,"height":180,"caption":"Suno Not\u00edcias"},"image":{"@id":"https:\/\/www.suno.com.br\/noticias\/#\/schema\/logo\/image\/"},"sameAs":["https:\/\/facebook.com\/sunoresearch","https:\/\/x.com\/sunoresearch","https:\/\/www.instagram.com\/suno","https:\/\/www.linkedin.com\/company\/suno-research\/","https:\/\/www.youtube.com\/c\/sunoresearch"]},{"@type":"Person","@id":"https:\/\/www.suno.com.br\/noticias\/#\/schema\/person\/fc144a1c6108bd1dcd43784e88a3c138","name":"Renan Bandeira","image":{"@type":"ImageObject","inLanguage":"pt-BR","@id":"https:\/\/www.suno.com.br\/noticias\/#\/schema\/person\/image\/","url":"https:\/\/secure.gravatar.com\/avatar\/68359cdb608f14f11bbefcb78f3fc747?s=96&r=g","contentUrl":"https:\/\/secure.gravatar.com\/avatar\/68359cdb608f14f11bbefcb78f3fc747?s=96&r=g","caption":"Renan Bandeira"},"description":"Renan Bandeira escreve sobre pol\u00edtica e economia para o portal da Suno Research. Antes da Suno, trabalhou em uma rede de televis\u00e3o, onde fazia reportagens sobre os mesmos temas. Estuda na Universidade Metodista de S\u00e3o Paulo.","url":"https:\/\/www.suno.com.br\/noticias\/author\/renan-bandeira\/"}]}},"default_loop_html":"<div class=\"cardsPage__listCard__boxs\"><div class=\"cardsPage__listCard__boxs__img\"><a href=\"https:\/\/www.suno.com.br\/noticias\/governo-reduzir-encargos-salarios-descarta-cpmf\/\"><img class=\"mask\" src=\"https:\/\/www.suno.com.br\/noticias\/wp-content\/themes\/suno\/resources\/images\/spotlight\/spotlight1img\/bg-mask.png\" alt=\"Image Mask\"\/><img src=\"https:\/\/files.sunoresearch.com.br\/n\/uploads\/2019\/01\/33e50218-governo-400x200.webp\" alt=\"Governo estuda reduzir encargos sobre sal\u00e1rios e descarta CPMF\"\/><\/a><span class=\"spotlightCategory\"><a href=\"https:\/\/www.suno.com.br\/noticias\/politica\/\">Pol\u00edtica<\/a><\/span><\/div><div class=\"cardsPage__listCard__boxs__content\"><a href=\"https:\/\/www.suno.com.br\/noticias\/governo-reduzir-encargos-salarios-descarta-cpmf\/\"><h2 class=\"content__title\">Governo estuda reduzir encargos sobre sal\u00e1rios e descarta CPMF<\/h2><\/a><div class=\"newsContent__article__meta\"><div class=\"newsContent__article__meta__authorBox\"><a href=\"https:\/\/www.suno.com.br\/noticias\/author\/renan-bandeira\/\" class=\"authorBox__avatar noMobi\"><img src=\"https:\/\/secure.gravatar.com\/avatar\/68359cdb608f14f11bbefcb78f3fc747?s=96&#038;r=g\" alt=\"Renan Bandeira\"><\/a><div class=\"authorBox__name\"><span>por\n\t\t\t<a href=\"https:\/\/www.suno.com.br\/noticias\/author\/renan-bandeira\/\"><span itemprop=\"author\">Renan Bandeira<\/span><\/a><\/span><time datetime=\"2019-01-10T17:50:48-02:00\" itemprop=\"datePublished\">10\/01\/2019 17:50<\/time><\/div><\/div><\/div><\/div><\/div>","single_layout":"posts","amp_enabled":true,"_links":{"self":[{"href":"https:\/\/www.suno.com.br\/noticias\/wp-json\/wp\/v2\/posts\/11197"}],"collection":[{"href":"https:\/\/www.suno.com.br\/noticias\/wp-json\/wp\/v2\/posts"}],"about":[{"href":"https:\/\/www.suno.com.br\/noticias\/wp-json\/wp\/v2\/types\/post"}],"author":[{"embeddable":true,"href":"https:\/\/www.suno.com.br\/noticias\/wp-json\/wp\/v2\/users\/11"}],"replies":[{"embeddable":true,"href":"https:\/\/www.suno.com.br\/noticias\/wp-json\/wp\/v2\/comments?post=11197"}],"version-history":[{"count":0,"href":"https:\/\/www.suno.com.br\/noticias\/wp-json\/wp\/v2\/posts\/11197\/revisions"}],"wp:featuredmedia":[{"embeddable":true,"href":"https:\/\/www.suno.com.br\/noticias\/wp-json\/wp\/v2\/media\/11205"}],"wp:attachment":[{"href":"https:\/\/www.suno.com.br\/noticias\/wp-json\/wp\/v2\/media?parent=11197"}],"wp:term":[{"taxonomy":"category","embeddable":true,"href":"https:\/\/www.suno.com.br\/noticias\/wp-json\/wp\/v2\/categories?post=11197"},{"taxonomy":"post_tag","embeddable":true,"href":"https:\/\/www.suno.com.br\/noticias\/wp-json\/wp\/v2\/tags?post=11197"},{"taxonomy":"suno_strategy","embeddable":true,"href":"https:\/\/www.suno.com.br\/noticias\/wp-json\/wp\/v2\/suno_strategy?post=11197"}],"curies":[{"name":"wp","href":"https:\/\/api.w.org\/{rel}","templated":true}]}}