{"id":11195,"date":"2019-01-10T17:33:55","date_gmt":"2019-01-10T19:33:55","guid":{"rendered":"https:\/\/www.suno.com.br\/noticias\/?p=11195"},"modified":"2019-01-10T17:33:55","modified_gmt":"2019-01-10T19:33:55","slug":"estrella-galicia-abrir-fabricas-brasil","status":"publish","type":"post","link":"https:\/\/www.suno.com.br\/noticias\/estrella-galicia-abrir-fabricas-brasil\/","title":{"rendered":"Dona da Estrella Galicia quer abrir f\u00e1brica no Brasil em 2021"},"content":{"rendered":"<p>A espanhola Hijos de Rivera, dona da marca de cerveja Estrella Galicia, planeja <a href=\"https:\/\/www.suno.com.br\/artigos\/investimentos-no-brasil\/\">abrir uma f\u00e1brica no Brasil<\/a> para 2021. A empresa quer investir em sua expans\u00e3o internacional, visando aumentar de 6% para 10% a receita obtida fora da Espanha.<\/p>\t<div class=\"wrapper-featured-image\">\n\t\t<figure class=\"spotlightImg\">\n\n\t\t\t<picture>\n\t\t\t\t<source media=\"(max-width: 768px)\" srcset=\"https:\/\/files.sunoresearch.com.br\/n\/uploads\/2019\/01\/0a8dca45-estrella-galicia-400x200.webp\">\n\t\t\t\t<img loading=\"lazy\" decoding=\"async\" class=\"newsContent__article__imgCapa lazyloadDisabled newsContent__article__imgCapa--noCaption\" src=\"https:\/\/files.sunoresearch.com.br\/n\/uploads\/2019\/01\/0a8dca45-estrella-galicia-800x450.webp\" width=\"800\" height=\"450\" alt=\"Dona da Estrella Galicia quer abrir f\u00e1brica no Brasil em 2021\" fetchpriority=high \/>\n\t\t\t<\/picture>\n\n\t\t\t<figcaption class=\"wp-caption-text wp-caption-text--hide\">estrella galicia<\/figcaption>\n\t\t<\/figure>\n\t<\/div>\n\n\n<p>A companhia da <strong>Estrella Galicia<\/strong>, de controle familiar, vende suas <strong>cervejas<\/strong>\u00a0em mais de 50 pa\u00edses. Ela considera o Brasil parte central desse plano de <strong>investimentos<\/strong> na expans\u00e3o.<\/p>\n<p>A produ\u00e7\u00e3o pr\u00f3pria em territ\u00f3rio brasileira j\u00e1 estava nos planos, prevista para come\u00e7ar ainda em 2019. A f\u00e1brica seria instalada em Minas Gerais e demandaria um investimento de RS 100 milh\u00f5es. O plano, entretanto, precisou ser adiado.<\/p>\n<p>A estrat\u00e9gia levou Fabio Rodrigues, diretor-geral da empresa no Brasil, a se tornar diretor-geral na Am\u00e9rica Latina. Juan Paz, ent\u00e3o diretor de marketing da subsidi\u00e1ria brasileira, assumiu seu posto. O executivo espanhol de 41 anos est\u00e1 desde 2006 no Brasil.<\/p>\n<p><a href=\"https:\/\/www.suno.com.br\/noticias\/edificio-chrysler-nova-york-venda\/\">Saiba mais: Edif\u00edcio Chrysler, cart\u00e3o postal de Nova York, vai ser colocado \u00e0 venda<\/a><\/p>\n<p>Paz disse ao jornal Valor Econ\u00f4mico que, exceto pelo Brasil, onde parte da cerveja \u00e9 produzida localmente, a Am\u00e9rica Latina \u00e9 vista como um projeto de exporta\u00e7\u00e3o da companhia. &#8220;Futuramente, a inten\u00e7\u00e3o \u00e9 abastecer a regi\u00e3o com a produ\u00e7\u00e3o de cerveja no Brasil&#8221;, afirmou.<\/p>\n<h2>Opera\u00e7\u00f5es da Estrella Galicia na Am\u00e9rica Latina<\/h2>\n<p>A empresa quer fortalecer suas opera\u00e7\u00f5es nos pa\u00edses da Am\u00e9rica Latina onde j\u00e1 est\u00e1 presente. Futuramente, pretende expandir para outros mercados da regi\u00e3o. Al\u00e9m do Brasil, a Estrella Galicia est\u00e1 presente em:<\/p>\n<ul>\n<li>Paraguai<\/li>\n<li>Uruguai<\/li>\n<li>Equador<\/li>\n<li>Chile<\/li>\n<li>Argentina<\/li>\n<li>Col\u00f4mbia<\/li>\n<li>Bol\u00edvia<\/li>\n<\/ul>\n<p>Em territ\u00f3rio brasileiro, a marca est\u00e1 presente desde 2008. Trata-se do maior mercado da companhia fora da Espanha. Segundo Paz, a Estrella Galicia det\u00e9m 1% do mercado de cervejas premium. Isso corresponde por 10% do volume de cervejas vendidas no Brasil.<\/p>\n<p><a href=\"https:\/\/www.suno.com.br\/noticias\/perspectiva-credito-estavel-moodys\/\">Saiba mais: Perspectiva de cr\u00e9dito na Am\u00e9rica Latina \u00e9 est\u00e1vel, diz Moody&#8217;s<\/a><\/p>\n<p>Entre 20% e 25% das <strong>cervejas<\/strong> vendidas no Brasil pela <strong>Estrella Galicia<\/strong> s\u00e3o importadas da <strong>Espanha<\/strong>. O restante \u00e9 produzido nacionalmente em parceria com a empresa Casa di Conti. Ela \u00e9 dona do vermute Contini, sediada em C\u00e2ndido Mota (SP).<\/p>\n","protected":false},"excerpt":{"rendered":"<p>A espanhola Hijos de Rivera, dona da marca de cerveja Estrella Galicia, planeja abrir uma f\u00e1brica no Brasil para 2021. A empresa quer investir em sua expans\u00e3o internacional, visando aumentar de 6% para 10% a receita obtida fora da Espanha. estrella galicia A companhia da Estrella Galicia, de controle familiar, vende suas cervejas\u00a0em mais de [&hellip;]<\/p>\n","protected":false},"author":13,"featured_media":11202,"comment_status":"closed","ping_status":"closed","sticky":false,"template":"","format":"standard","meta":[],"categories":[63,64],"tags":[],"suno_strategy":[],"class_list":["post-11195","post","type-post","status-publish","format-standard","has-post-thumbnail","hentry","category-internacional","category-negocios"],"yoast_head":"<!-- This site is optimized with the Yoast SEO plugin v24.4 - https:\/\/yoast.com\/wordpress\/plugins\/seo\/ -->\n<title>Dona da Estrella Galicia quer abrir f\u00e1brica no Brasil em 2021<\/title>\n<meta name=\"description\" content=\"A espanhola Hijos de\u00a0 Rivera, dona da marca Estrella Galicia, planeja abrir uma f\u00e1brica no Brasil para 2021. Clique para saber mais.\" \/>\n<meta name=\"robots\" content=\"index, follow, max-snippet:-1, max-image-preview:large, max-video-preview:-1\" \/>\n<link rel=\"canonical\" href=\"https:\/\/www.suno.com.br\/noticias\/estrella-galicia-abrir-fabricas-brasil\/\" \/>\n<meta property=\"og:locale\" content=\"pt_BR\" \/>\n<meta property=\"og:type\" content=\"article\" \/>\n<meta property=\"og:title\" content=\"Dona da Estrella Galicia quer abrir f\u00e1brica no Brasil em 2021\" \/>\n<meta property=\"og:description\" content=\"A espanhola Hijos de\u00a0 Rivera, dona da marca Estrella Galicia, planeja abrir uma f\u00e1brica no Brasil para 2021. Clique para saber mais.\" \/>\n<meta property=\"og:url\" content=\"https:\/\/www.suno.com.br\/noticias\/estrella-galicia-abrir-fabricas-brasil\/\" \/>\n<meta property=\"og:site_name\" content=\"Suno Not\u00edcias\" \/>\n<meta property=\"article:publisher\" content=\"https:\/\/facebook.com\/sunoresearch\" \/>\n<meta property=\"og:image\" content=\"https:\/\/files.sunoresearch.com.br\/n\/uploads\/2019\/01\/0a8dca45-estrella-galicia.jpg\" \/>\n\t<meta property=\"og:image:width\" content=\"1200\" \/>\n\t<meta property=\"og:image:height\" content=\"900\" \/>\n\t<meta property=\"og:image:type\" content=\"image\/jpeg\" \/>\n<meta name=\"author\" content=\"Guilherme Caetano\" \/>\n<meta name=\"twitter:card\" content=\"summary_large_image\" \/>\n<meta name=\"twitter:creator\" content=\"@sunoresearch\" \/>\n<meta name=\"twitter:site\" content=\"@sunoresearch\" \/>\n<meta name=\"twitter:label1\" content=\"Escrito por\" \/>\n\t<meta name=\"twitter:data1\" content=\"Guilherme Caetano\" \/>\n\t<meta name=\"twitter:label2\" content=\"Est. tempo de leitura\" \/>\n\t<meta name=\"twitter:data2\" content=\"2 minutos\" \/>\n<script type=\"application\/ld+json\" class=\"yoast-schema-graph\">{\"@context\":\"https:\/\/schema.org\",\"@graph\":[{\"@type\":\"NewsArticle\",\"@id\":\"https:\/\/www.suno.com.br\/noticias\/estrella-galicia-abrir-fabricas-brasil\/#article\",\"isPartOf\":{\"@id\":\"https:\/\/www.suno.com.br\/noticias\/estrella-galicia-abrir-fabricas-brasil\/\"},\"author\":{\"name\":\"Guilherme Caetano\",\"@id\":\"https:\/\/www.suno.com.br\/noticias\/#\/schema\/person\/0d0c9687cd2f600c564f25980c140de9\"},\"headline\":\"Dona da Estrella Galicia quer abrir f\u00e1brica no Brasil em 2021\",\"datePublished\":\"2019-01-10T19:33:55+00:00\",\"mainEntityOfPage\":{\"@id\":\"https:\/\/www.suno.com.br\/noticias\/estrella-galicia-abrir-fabricas-brasil\/\"},\"wordCount\":372,\"publisher\":{\"@id\":\"https:\/\/www.suno.com.br\/noticias\/#organization\"},\"image\":{\"@id\":\"https:\/\/www.suno.com.br\/noticias\/estrella-galicia-abrir-fabricas-brasil\/#primaryimage\"},\"thumbnailUrl\":\"https:\/\/files.sunoresearch.com.br\/n\/uploads\/2019\/01\/0a8dca45-estrella-galicia-jpg.webp\",\"articleSection\":[\"Internacional\",\"Neg\u00f3cios\"],\"inLanguage\":\"pt-BR\"},{\"@type\":\"WebPage\",\"@id\":\"https:\/\/www.suno.com.br\/noticias\/estrella-galicia-abrir-fabricas-brasil\/\",\"url\":\"https:\/\/www.suno.com.br\/noticias\/estrella-galicia-abrir-fabricas-brasil\/\",\"name\":\"Dona da Estrella Galicia quer abrir f\u00e1brica no Brasil em 2021\",\"isPartOf\":{\"@id\":\"https:\/\/www.suno.com.br\/noticias\/#website\"},\"primaryImageOfPage\":{\"@id\":\"https:\/\/www.suno.com.br\/noticias\/estrella-galicia-abrir-fabricas-brasil\/#primaryimage\"},\"image\":{\"@id\":\"https:\/\/www.suno.com.br\/noticias\/estrella-galicia-abrir-fabricas-brasil\/#primaryimage\"},\"thumbnailUrl\":\"https:\/\/files.sunoresearch.com.br\/n\/uploads\/2019\/01\/0a8dca45-estrella-galicia-jpg.webp\",\"datePublished\":\"2019-01-10T19:33:55+00:00\",\"description\":\"A espanhola Hijos de\u00a0 Rivera, dona da marca Estrella Galicia, planeja abrir uma f\u00e1brica no Brasil para 2021. Clique para saber mais.\",\"breadcrumb\":{\"@id\":\"https:\/\/www.suno.com.br\/noticias\/estrella-galicia-abrir-fabricas-brasil\/#breadcrumb\"},\"inLanguage\":\"pt-BR\",\"potentialAction\":[{\"@type\":\"ReadAction\",\"target\":[\"https:\/\/www.suno.com.br\/noticias\/estrella-galicia-abrir-fabricas-brasil\/\"]}]},{\"@type\":\"ImageObject\",\"inLanguage\":\"pt-BR\",\"@id\":\"https:\/\/www.suno.com.br\/noticias\/estrella-galicia-abrir-fabricas-brasil\/#primaryimage\",\"url\":\"https:\/\/files.sunoresearch.com.br\/n\/uploads\/2019\/01\/0a8dca45-estrella-galicia-jpg.webp\",\"contentUrl\":\"https:\/\/files.sunoresearch.com.br\/n\/uploads\/2019\/01\/0a8dca45-estrella-galicia-jpg.webp\",\"width\":1200,\"height\":900,\"caption\":\"estrella galicia\"},{\"@type\":\"BreadcrumbList\",\"@id\":\"https:\/\/www.suno.com.br\/noticias\/estrella-galicia-abrir-fabricas-brasil\/#breadcrumb\",\"itemListElement\":[{\"@type\":\"ListItem\",\"position\":1,\"name\":\"Not\u00edcias\",\"item\":\"https:\/\/www.suno.com.br\/noticias\/\"},{\"@type\":\"ListItem\",\"position\":2,\"name\":\"Neg\u00f3cios\",\"item\":\"https:\/\/www.suno.com.br\/noticias\/negocios\/\"},{\"@type\":\"ListItem\",\"position\":3,\"name\":\"Dona da Estrella Galicia quer abrir f\u00e1brica no Brasil em 2021\"}]},{\"@type\":\"WebSite\",\"@id\":\"https:\/\/www.suno.com.br\/noticias\/#website\",\"url\":\"https:\/\/www.suno.com.br\/noticias\/\",\"name\":\"Suno Not\u00edcias\",\"description\":\"Seu portal de informa\u00e7\u00e3o sobre o mundo dos investimentos\",\"publisher\":{\"@id\":\"https:\/\/www.suno.com.br\/noticias\/#organization\"},\"potentialAction\":[{\"@type\":\"SearchAction\",\"target\":{\"@type\":\"EntryPoint\",\"urlTemplate\":\"https:\/\/www.suno.com.br\/noticias\/?s={search_term_string}\"},\"query-input\":{\"@type\":\"PropertyValueSpecification\",\"valueRequired\":true,\"valueName\":\"search_term_string\"}}],\"inLanguage\":\"pt-BR\"},{\"@type\":\"Organization\",\"@id\":\"https:\/\/www.suno.com.br\/noticias\/#organization\",\"name\":\"Suno Not\u00edcias\",\"url\":\"https:\/\/www.suno.com.br\/noticias\/\",\"logo\":{\"@type\":\"ImageObject\",\"inLanguage\":\"pt-BR\",\"@id\":\"https:\/\/www.suno.com.br\/noticias\/#\/schema\/logo\/image\/\",\"url\":\"https:\/\/files.sunoresearch.com.br\/n\/uploads\/2021\/09\/suno-logo.png\",\"contentUrl\":\"https:\/\/files.sunoresearch.com.br\/n\/uploads\/2021\/09\/suno-logo.png\",\"width\":180,\"height\":180,\"caption\":\"Suno Not\u00edcias\"},\"image\":{\"@id\":\"https:\/\/www.suno.com.br\/noticias\/#\/schema\/logo\/image\/\"},\"sameAs\":[\"https:\/\/facebook.com\/sunoresearch\",\"https:\/\/x.com\/sunoresearch\",\"https:\/\/www.instagram.com\/suno\",\"https:\/\/www.linkedin.com\/company\/suno-research\/\",\"https:\/\/www.youtube.com\/c\/sunoresearch\"]},{\"@type\":\"Person\",\"@id\":\"https:\/\/www.suno.com.br\/noticias\/#\/schema\/person\/0d0c9687cd2f600c564f25980c140de9\",\"name\":\"Guilherme Caetano\",\"image\":{\"@type\":\"ImageObject\",\"inLanguage\":\"pt-BR\",\"@id\":\"https:\/\/www.suno.com.br\/noticias\/#\/schema\/person\/image\/\",\"url\":\"https:\/\/secure.gravatar.com\/avatar\/e48357351a01702a0d19307070e081bf?s=96&r=g\",\"contentUrl\":\"https:\/\/secure.gravatar.com\/avatar\/e48357351a01702a0d19307070e081bf?s=96&r=g\",\"caption\":\"Guilherme Caetano\"},\"description\":\"Formado em jornalismo pela Escola de Comunica\u00e7\u00f5es e Artes da USP, Guilherme Caetano escreve para o portal de not\u00edcias da Suno Research. Passou pelas reda\u00e7\u00f5es da Folha de S.Paulo e da revista \u00c9poca.\",\"url\":\"https:\/\/www.suno.com.br\/noticias\/author\/guilherme-caetano\/\"}]}<\/script>\n<!-- \/ Yoast SEO plugin. -->","yoast_head_json":{"title":"Dona da Estrella Galicia quer abrir f\u00e1brica no Brasil em 2021","description":"A espanhola Hijos de\u00a0 Rivera, dona da marca Estrella Galicia, planeja abrir uma f\u00e1brica no Brasil para 2021. Clique para saber mais.","robots":{"index":"index","follow":"follow","max-snippet":"max-snippet:-1","max-image-preview":"max-image-preview:large","max-video-preview":"max-video-preview:-1"},"canonical":"https:\/\/www.suno.com.br\/noticias\/estrella-galicia-abrir-fabricas-brasil\/","og_locale":"pt_BR","og_type":"article","og_title":"Dona da Estrella Galicia quer abrir f\u00e1brica no Brasil em 2021","og_description":"A espanhola Hijos de\u00a0 Rivera, dona da marca Estrella Galicia, planeja abrir uma f\u00e1brica no Brasil para 2021. Clique para saber mais.","og_url":"https:\/\/www.suno.com.br\/noticias\/estrella-galicia-abrir-fabricas-brasil\/","og_site_name":"Suno Not\u00edcias","article_publisher":"https:\/\/facebook.com\/sunoresearch","og_image":[{"width":1200,"height":900,"url":"https:\/\/files.sunoresearch.com.br\/n\/uploads\/2019\/01\/0a8dca45-estrella-galicia.jpg","type":"image\/jpeg"}],"author":"Guilherme Caetano","twitter_card":"summary_large_image","twitter_creator":"@sunoresearch","twitter_site":"@sunoresearch","twitter_misc":{"Escrito por":"Guilherme Caetano","Est. tempo de leitura":"2 minutos"},"schema":{"@context":"https:\/\/schema.org","@graph":[{"@type":"NewsArticle","@id":"https:\/\/www.suno.com.br\/noticias\/estrella-galicia-abrir-fabricas-brasil\/#article","isPartOf":{"@id":"https:\/\/www.suno.com.br\/noticias\/estrella-galicia-abrir-fabricas-brasil\/"},"author":{"name":"Guilherme Caetano","@id":"https:\/\/www.suno.com.br\/noticias\/#\/schema\/person\/0d0c9687cd2f600c564f25980c140de9"},"headline":"Dona da Estrella Galicia quer abrir f\u00e1brica no Brasil em 2021","datePublished":"2019-01-10T19:33:55+00:00","mainEntityOfPage":{"@id":"https:\/\/www.suno.com.br\/noticias\/estrella-galicia-abrir-fabricas-brasil\/"},"wordCount":372,"publisher":{"@id":"https:\/\/www.suno.com.br\/noticias\/#organization"},"image":{"@id":"https:\/\/www.suno.com.br\/noticias\/estrella-galicia-abrir-fabricas-brasil\/#primaryimage"},"thumbnailUrl":"https:\/\/files.sunoresearch.com.br\/n\/uploads\/2019\/01\/0a8dca45-estrella-galicia-jpg.webp","articleSection":["Internacional","Neg\u00f3cios"],"inLanguage":"pt-BR"},{"@type":"WebPage","@id":"https:\/\/www.suno.com.br\/noticias\/estrella-galicia-abrir-fabricas-brasil\/","url":"https:\/\/www.suno.com.br\/noticias\/estrella-galicia-abrir-fabricas-brasil\/","name":"Dona da Estrella Galicia quer abrir f\u00e1brica no Brasil em 2021","isPartOf":{"@id":"https:\/\/www.suno.com.br\/noticias\/#website"},"primaryImageOfPage":{"@id":"https:\/\/www.suno.com.br\/noticias\/estrella-galicia-abrir-fabricas-brasil\/#primaryimage"},"image":{"@id":"https:\/\/www.suno.com.br\/noticias\/estrella-galicia-abrir-fabricas-brasil\/#primaryimage"},"thumbnailUrl":"https:\/\/files.sunoresearch.com.br\/n\/uploads\/2019\/01\/0a8dca45-estrella-galicia-jpg.webp","datePublished":"2019-01-10T19:33:55+00:00","description":"A espanhola Hijos de\u00a0 Rivera, dona da marca Estrella Galicia, planeja abrir uma f\u00e1brica no Brasil para 2021. Clique para saber mais.","breadcrumb":{"@id":"https:\/\/www.suno.com.br\/noticias\/estrella-galicia-abrir-fabricas-brasil\/#breadcrumb"},"inLanguage":"pt-BR","potentialAction":[{"@type":"ReadAction","target":["https:\/\/www.suno.com.br\/noticias\/estrella-galicia-abrir-fabricas-brasil\/"]}]},{"@type":"ImageObject","inLanguage":"pt-BR","@id":"https:\/\/www.suno.com.br\/noticias\/estrella-galicia-abrir-fabricas-brasil\/#primaryimage","url":"https:\/\/files.sunoresearch.com.br\/n\/uploads\/2019\/01\/0a8dca45-estrella-galicia-jpg.webp","contentUrl":"https:\/\/files.sunoresearch.com.br\/n\/uploads\/2019\/01\/0a8dca45-estrella-galicia-jpg.webp","width":1200,"height":900,"caption":"estrella galicia"},{"@type":"BreadcrumbList","@id":"https:\/\/www.suno.com.br\/noticias\/estrella-galicia-abrir-fabricas-brasil\/#breadcrumb","itemListElement":[{"@type":"ListItem","position":1,"name":"Not\u00edcias","item":"https:\/\/www.suno.com.br\/noticias\/"},{"@type":"ListItem","position":2,"name":"Neg\u00f3cios","item":"https:\/\/www.suno.com.br\/noticias\/negocios\/"},{"@type":"ListItem","position":3,"name":"Dona da Estrella Galicia quer abrir f\u00e1brica no Brasil em 2021"}]},{"@type":"WebSite","@id":"https:\/\/www.suno.com.br\/noticias\/#website","url":"https:\/\/www.suno.com.br\/noticias\/","name":"Suno Not\u00edcias","description":"Seu portal de informa\u00e7\u00e3o sobre o mundo dos investimentos","publisher":{"@id":"https:\/\/www.suno.com.br\/noticias\/#organization"},"potentialAction":[{"@type":"SearchAction","target":{"@type":"EntryPoint","urlTemplate":"https:\/\/www.suno.com.br\/noticias\/?s={search_term_string}"},"query-input":{"@type":"PropertyValueSpecification","valueRequired":true,"valueName":"search_term_string"}}],"inLanguage":"pt-BR"},{"@type":"Organization","@id":"https:\/\/www.suno.com.br\/noticias\/#organization","name":"Suno Not\u00edcias","url":"https:\/\/www.suno.com.br\/noticias\/","logo":{"@type":"ImageObject","inLanguage":"pt-BR","@id":"https:\/\/www.suno.com.br\/noticias\/#\/schema\/logo\/image\/","url":"https:\/\/files.sunoresearch.com.br\/n\/uploads\/2021\/09\/suno-logo.png","contentUrl":"https:\/\/files.sunoresearch.com.br\/n\/uploads\/2021\/09\/suno-logo.png","width":180,"height":180,"caption":"Suno Not\u00edcias"},"image":{"@id":"https:\/\/www.suno.com.br\/noticias\/#\/schema\/logo\/image\/"},"sameAs":["https:\/\/facebook.com\/sunoresearch","https:\/\/x.com\/sunoresearch","https:\/\/www.instagram.com\/suno","https:\/\/www.linkedin.com\/company\/suno-research\/","https:\/\/www.youtube.com\/c\/sunoresearch"]},{"@type":"Person","@id":"https:\/\/www.suno.com.br\/noticias\/#\/schema\/person\/0d0c9687cd2f600c564f25980c140de9","name":"Guilherme Caetano","image":{"@type":"ImageObject","inLanguage":"pt-BR","@id":"https:\/\/www.suno.com.br\/noticias\/#\/schema\/person\/image\/","url":"https:\/\/secure.gravatar.com\/avatar\/e48357351a01702a0d19307070e081bf?s=96&r=g","contentUrl":"https:\/\/secure.gravatar.com\/avatar\/e48357351a01702a0d19307070e081bf?s=96&r=g","caption":"Guilherme Caetano"},"description":"Formado em jornalismo pela Escola de Comunica\u00e7\u00f5es e Artes da USP, Guilherme Caetano escreve para o portal de not\u00edcias da Suno Research. Passou pelas reda\u00e7\u00f5es da Folha de S.Paulo e da revista \u00c9poca.","url":"https:\/\/www.suno.com.br\/noticias\/author\/guilherme-caetano\/"}]}},"default_loop_html":"<div class=\"cardsPage__listCard__boxs\"><div class=\"cardsPage__listCard__boxs__img\"><a href=\"https:\/\/www.suno.com.br\/noticias\/estrella-galicia-abrir-fabricas-brasil\/\"><img class=\"mask\" src=\"https:\/\/www.suno.com.br\/noticias\/wp-content\/themes\/suno\/resources\/images\/spotlight\/spotlight1img\/bg-mask.png\" alt=\"Image Mask\"\/><img src=\"https:\/\/files.sunoresearch.com.br\/n\/uploads\/2019\/01\/0a8dca45-estrella-galicia-400x200.webp\" alt=\"Dona da Estrella Galicia quer abrir f\u00e1brica no Brasil em 2021\"\/><\/a><span class=\"spotlightCategory\"><a href=\"https:\/\/www.suno.com.br\/noticias\/internacional\/\">Internacional<\/a><\/span><\/div><div class=\"cardsPage__listCard__boxs__content\"><a href=\"https:\/\/www.suno.com.br\/noticias\/estrella-galicia-abrir-fabricas-brasil\/\"><h2 class=\"content__title\">Dona da Estrella Galicia quer abrir f\u00e1brica no Brasil em 2021<\/h2><\/a><div class=\"newsContent__article__meta\"><div class=\"newsContent__article__meta__authorBox\"><a href=\"https:\/\/www.suno.com.br\/noticias\/author\/guilherme-caetano\/\" class=\"authorBox__avatar noMobi\"><img src=\"https:\/\/secure.gravatar.com\/avatar\/e48357351a01702a0d19307070e081bf?s=96&#038;r=g\" alt=\"Guilherme Caetano\"><\/a><div class=\"authorBox__name\"><span>por\n\t\t\t<a href=\"https:\/\/www.suno.com.br\/noticias\/author\/guilherme-caetano\/\"><span itemprop=\"author\">Guilherme Caetano<\/span><\/a><\/span><time datetime=\"2019-01-10T17:33:55-02:00\" itemprop=\"datePublished\">10\/01\/2019 17:33<\/time><\/div><\/div><\/div><\/div><\/div>","single_layout":"posts","amp_enabled":true,"_links":{"self":[{"href":"https:\/\/www.suno.com.br\/noticias\/wp-json\/wp\/v2\/posts\/11195"}],"collection":[{"href":"https:\/\/www.suno.com.br\/noticias\/wp-json\/wp\/v2\/posts"}],"about":[{"href":"https:\/\/www.suno.com.br\/noticias\/wp-json\/wp\/v2\/types\/post"}],"author":[{"embeddable":true,"href":"https:\/\/www.suno.com.br\/noticias\/wp-json\/wp\/v2\/users\/13"}],"replies":[{"embeddable":true,"href":"https:\/\/www.suno.com.br\/noticias\/wp-json\/wp\/v2\/comments?post=11195"}],"version-history":[{"count":0,"href":"https:\/\/www.suno.com.br\/noticias\/wp-json\/wp\/v2\/posts\/11195\/revisions"}],"wp:featuredmedia":[{"embeddable":true,"href":"https:\/\/www.suno.com.br\/noticias\/wp-json\/wp\/v2\/media\/11202"}],"wp:attachment":[{"href":"https:\/\/www.suno.com.br\/noticias\/wp-json\/wp\/v2\/media?parent=11195"}],"wp:term":[{"taxonomy":"category","embeddable":true,"href":"https:\/\/www.suno.com.br\/noticias\/wp-json\/wp\/v2\/categories?post=11195"},{"taxonomy":"post_tag","embeddable":true,"href":"https:\/\/www.suno.com.br\/noticias\/wp-json\/wp\/v2\/tags?post=11195"},{"taxonomy":"suno_strategy","embeddable":true,"href":"https:\/\/www.suno.com.br\/noticias\/wp-json\/wp\/v2\/suno_strategy?post=11195"}],"curies":[{"name":"wp","href":"https:\/\/api.w.org\/{rel}","templated":true}]}}