{"id":111892,"date":"2021-01-08T12:55:53","date_gmt":"2021-01-08T15:55:53","guid":{"rendered":"https:\/\/www.suno.com.br\/noticias\/?p=111892"},"modified":"2021-01-08T12:55:53","modified_gmt":"2021-01-08T15:55:53","slug":"valid-vlid3-aumento-de-capital-subscricao","status":"publish","type":"post","link":"https:\/\/www.suno.com.br\/noticias\/valid-vlid3-aumento-de-capital-subscricao\/","title":{"rendered":"Valid (VLID3) far\u00e1 aumento de capital com b\u00f4nus de subscri\u00e7\u00e3o"},"content":{"rendered":"<p>A <a href=\"https:\/\/www.suno.com.br\/acoes\/vlid3\/\"><strong>Valid<\/strong> (VLID3)<\/a> informou ao mercado, na noite da \u00faltima quinta-feira (7), que seu <a href=\"https:\/\/www.suno.com.br\/artigos\/conselho-administracao\/\">Conselho de Administra\u00e7\u00e3o<\/a> aprovou um <a href=\"https:\/\/www.suno.com.br\/artigos\/aumento-capital\/\">aumento de capital<\/a>, com atribui\u00e7\u00e3o de b\u00f4nus de subscri\u00e7\u00e3o. A informa\u00e7\u00e3o foi divulgada por meio de um fato relevante.<\/p>\t<div class=\"wrapper-featured-image\">\n\t\t<figure class=\"spotlightImg\">\n\n\t\t\t<picture>\n\t\t\t\t<source media=\"(max-width: 768px)\" srcset=\"https:\/\/files.sunoresearch.com.br\/n\/uploads\/2020\/09\/88cc760a-valid-400x200.webp\">\n\t\t\t\t<img loading=\"lazy\" decoding=\"async\" class=\"newsContent__article__imgCapa lazyloadDisabled \" src=\"https:\/\/files.sunoresearch.com.br\/n\/uploads\/2020\/09\/88cc760a-valid-800x450.webp\" width=\"800\" height=\"450\" alt=\"Valid (VLID3) far\u00e1 aumento de capital com b\u00f4nus de subscri\u00e7\u00e3o\" fetchpriority=high \/>\n\t\t\t<\/picture>\n\n\t\t\t<figcaption class=\"wp-caption-text wp-caption-text--show\">Valid (VLID3) - Foto: Reprodu\u00e7\u00e3o<\/figcaption>\n\t\t<\/figure>\n\t<\/div>\n\n\n\t<p>\n\t\t<a href=\"https:\/\/lp.suno.com.br\/planilha-controle-gastos\/\" target=\"_blank\" data-element=\"shortcode-suno-banner\" title=\"Banner SUNO, clique e saiba mais\">\n\t\t\t<picture>\n\t\t\t\t<source media=\"(max-width: 500px)\" srcset=\"https:\/\/files.sunoresearch.com.br\/n\/uploads\/2023\/03\/400x300-Planilha-controle-de-gastos.png\">\n\t\t\t\t<img class=\"newsContent__article__imgCapa newsContent__article__imgCapa--banner\"\n\t\t\t\t\tsrc=\"https:\/\/files.sunoresearch.com.br\/n\/uploads\/2023\/03\/1420x240-Planilha-controle-de-gastos.png\"\n\t\t\t\t\tdata-promo-id=\"101751\"\t\t\t\t\t\t\t\t\t\twidth='1420' height='240'\t\t\t\t\talt=\"https:\/\/files.sunoresearch.com.br\/n\/uploads\/2023\/03\/1420x240-Planilha-controle-de-gastos.png\"\n\t\t\t\t>\n\t\t\t<\/picture>\n\t\t<\/a>\n\t<\/p>\n\n\n<p>De acordo com a Valid, o <strong>aumento de capital<\/strong> ser\u00e1 de no m\u00ednimo R$ 65,67 milh\u00f5es, e de no m\u00e1ximo R$ 131,35 milh\u00f5es. O processo ser\u00e1 realizado mediante a emiss\u00e3o de pap\u00e9is ordin\u00e1rios para subscri\u00e7\u00e3o privada. A atribui\u00e7\u00e3o de b\u00f4nus de subscri\u00e7\u00e3o seria dado como vantagem adicional aos subscritores da oferta.<\/p>\n<p>O fato relevante salienta que, em fun\u00e7\u00e3o da combina\u00e7\u00e3o entre aumento de capital e b\u00f4nus de subscri\u00e7\u00e3o, a <strong>Alaska Asset Management<\/strong>, liderada pelos gestores <a href=\"https:\/\/www.suno.com.br\/tudo-sobre\/henrique-bredda\/\">Henrique Bredda<\/a> e<a href=\"https:\/\/www.suno.com.br\/tudo-sobre\/luiz-alves-paes-de-barros\/\"> Luiz Alves<\/a>, informou a empresa que tem interesse em exercer seu direito de prefer\u00eancia por meio de seus fundos de investimento, bem como participar da subscri\u00e7\u00e3o de sobras, com base na legisla\u00e7\u00e3o aplic\u00e1vel.<\/p>\n<p><a href=\"https:\/\/lp.suno.com.br\/suno-one\/\"><span style=\"font-weight: 400;\">Suno One: acesse gratuitamente eBooks, Minicursos, Artigos e Video Aulas sobre investimentos com um \u00fanico cadastro. Clique para saber mais!<\/span><\/a><\/p>\n<p>Ser\u00e3o emitidas entre 7.193.750 e 14.387.500 a\u00e7\u00f5es, sendo que o pre\u00e7o de emiss\u00e3o foi fixado em <strong>R$ 9,13<\/strong>, com base na m\u00e9dia do volume de cota\u00e7\u00f5es dos pap\u00e9is nos \u00faltimos 60 preg\u00f5es.<\/p>\n\t<p>\n\t\t<a href=\"https:\/\/lp.suno.com.br\/ebook-como-analisar-uma-acao\/\" target=\"_blank\" data-element=\"shortcode-suno-banner\" title=\"Banner SUNO, clique e saiba mais\">\n\t\t\t<picture>\n\t\t\t\t<source media=\"(max-width: 500px)\" srcset=\"https:\/\/files.sunoresearch.com.br\/n\/uploads\/2023\/03\/Ebook-Acoes-Mobile.jpg\">\n\t\t\t\t<img class=\"newsContent__article__imgCapa newsContent__article__imgCapa--banner\"\n\t\t\t\t\tsrc=\"https:\/\/files.sunoresearch.com.br\/n\/uploads\/2023\/03\/Ebook-Acoes-Desktop.jpg\"\n\t\t\t\t\tdata-promo-id=\"378302\"\t\t\t\t\t\t\t\t\t\twidth='1420' height='286'\t\t\t\t\talt=\"https:\/\/files.sunoresearch.com.br\/n\/uploads\/2023\/03\/Ebook-Acoes-Desktop.jpg\"\n\t\t\t\t>\n\t\t\t<\/picture>\n\t\t<\/a>\n\t<\/p>\n\n\n<h2>Destina\u00e7\u00e3o dos recursos e demais informa\u00e7\u00f5es<\/h2>\n<p>Segundo o documento enviado \u00e0 <a href=\"https:\/\/www.suno.com.br\/artigos\/cvm\/\">Comiss\u00e3o de Valores Mobili\u00e1rios (<strong>CVM<\/strong>)<\/a>, a Valid utilizar\u00e1 os recursos oriundos da oferta para:<\/p>\n<ul>\n<li>Fortalecimento da <a href=\"https:\/\/www.suno.com.br\/artigos\/estrutura-capital\/#:~:text=Desse%20modo%2C%20temos%20que%20a,abastecer%20o%20caixa%20da%20empresa.\">estrutura de capital<\/a>;<\/li>\n<li>Melhora da posi\u00e7\u00e3o de caixa;<\/li>\n<li>Redu\u00e7\u00e3o da alavancagem financeira;<\/li>\n<li>Fins corporativos gerais.<\/li>\n<\/ul>\n<p>Os acionistas ter\u00e3o direito de prefer\u00eancia para subscrever a\u00e7\u00f5es na propor\u00e7\u00e3o 0,202000702 para cada uma a\u00e7\u00e3o que detiver ao fim do preg\u00e3o da pr\u00f3xima ter\u00e7a-feira (12). A partir do dia seguinte, os pap\u00e9is ser\u00e3o negociados em ex-direitos de <strong>subscri\u00e7\u00e3o<\/strong>.<\/p>\n\t<div data-element=\"shortcode-read-more\" class=\"knowMore\">\n\t\t\t\t<span class=\"knowMore__title\">Veja tamb\u00e9m<\/span>\n\t\t\t\t<a class=\"knowMore__link\" href=\"https:\/\/www.suno.com.br\/noticias\/valid-vlid3-reposta-prejuizo-liquido-r-1481-mi-2t20\/\">\n\t\t\tValid (VLID3) reposta preju\u00edzo l\u00edquido de R$ 148,1 mi no 2T20\t\t<\/a>\n\t<\/div>\n\n\n<p>O prazo para exerc\u00edcio do direito de prefer\u00eancia das subscri\u00e7\u00f5es ter\u00e1 in\u00edcio no dia 13 de janeiro e terminar\u00e1 no dia 11 de fevereiro.<\/p>\n<h2>\u00daltima cota\u00e7\u00e3o da Valid<\/h2>\n<p>Por volta das 12h45 desta sexta-feira, os pap\u00e9is da <strong>Valid<\/strong> subiam 4,59% na <a href=\"https:\/\/www.suno.com.br\/artigos\/b3\/\">Bolsa de Valores de S\u00e3o Paulo (B3)<\/a>, negociados a R$ 9,12.<\/p>\n<p><span style=\"font-weight: 400;\">\t<p>\n\t\t<a href=\"https:\/\/lp.suno.com.br\/planilha-de-controle-de-investimentos\/\" target=\"_blank\" data-element=\"shortcode-suno-banner\" title=\"Banner SUNO, clique e saiba mais\">\n\t\t\t<picture>\n\t\t\t\t<source media=\"(max-width: 500px)\" srcset=\"https:\/\/files.sunoresearch.com.br\/n\/uploads\/2023\/03\/400x300-Controle-de-Investimentos.png\">\n\t\t\t\t<img class=\"newsContent__article__imgCapa newsContent__article__imgCapa--banner\"\n\t\t\t\t\tsrc=\"https:\/\/files.sunoresearch.com.br\/n\/uploads\/2023\/03\/1420x240-Controle-de-Investimentos.png\"\n\t\t\t\t\tdata-promo-id=\"75934\"\t\t\t\t\t\t\t\t\t\twidth='1420' height='240'\t\t\t\t\talt=\"https:\/\/files.sunoresearch.com.br\/n\/uploads\/2023\/03\/1420x240-Controle-de-Investimentos.png\"\n\t\t\t\t>\n\t\t\t<\/picture>\n\t\t<\/a>\n\t<\/p>\n\n<\/span><\/p>\n","protected":false},"excerpt":{"rendered":"<p>A Valid (VLID3) informou ao mercado, na noite da \u00faltima quinta-feira (7), que seu Conselho de Administra\u00e7\u00e3o aprovou um aumento de capital, com atribui\u00e7\u00e3o de b\u00f4nus de subscri\u00e7\u00e3o. A informa\u00e7\u00e3o foi divulgada por meio de um fato relevante. Valid (VLID3) &#8211; Foto: Reprodu\u00e7\u00e3o De acordo com a Valid, o aumento de capital ser\u00e1 de no [&hellip;]<\/p>\n","protected":false},"author":24,"featured_media":83117,"comment_status":"closed","ping_status":"closed","sticky":false,"template":"","format":"standard","meta":[],"categories":[64],"tags":[1438,2721,677],"suno_strategy":[],"class_list":["post-111892","post","type-post","status-publish","format-standard","has-post-thumbnail","hentry","category-negocios","tag-aumento-de-capital","tag-conselho-de-administracao","tag-valid-vlid3"],"yoast_head":"<!-- This site is optimized with the Yoast SEO plugin v24.4 - https:\/\/yoast.com\/wordpress\/plugins\/seo\/ -->\n<title>Valid (VLID3) far\u00e1 aumento de capital com b\u00f4nus de subscri\u00e7\u00e3o<\/title>\n<meta name=\"description\" content=\"A Valid (VLID3) informou ao mercado que seu Conselho de Administra\u00e7\u00e3o aprovou um aumento de capital. Clique aqui e saiba mais.\" \/>\n<meta name=\"robots\" content=\"index, follow, max-snippet:-1, max-image-preview:large, max-video-preview:-1\" \/>\n<link rel=\"canonical\" href=\"https:\/\/www.suno.com.br\/noticias\/valid-vlid3-aumento-de-capital-subscricao\/\" \/>\n<meta property=\"og:locale\" content=\"pt_BR\" \/>\n<meta property=\"og:type\" content=\"article\" \/>\n<meta property=\"og:title\" content=\"Valid (VLID3) far\u00e1 aumento de capital com b\u00f4nus de subscri\u00e7\u00e3o\" \/>\n<meta property=\"og:description\" content=\"A Valid (VLID3) informou ao mercado que seu Conselho de Administra\u00e7\u00e3o aprovou um aumento de capital. Clique aqui e saiba mais.\" \/>\n<meta property=\"og:url\" content=\"https:\/\/www.suno.com.br\/noticias\/valid-vlid3-aumento-de-capital-subscricao\/\" \/>\n<meta property=\"og:site_name\" content=\"Suno Not\u00edcias\" \/>\n<meta property=\"article:publisher\" content=\"https:\/\/facebook.com\/sunoresearch\" \/>\n<meta property=\"og:image\" content=\"https:\/\/files.sunoresearch.com.br\/n\/uploads\/2020\/09\/88cc760a-valid.jpeg\" \/>\n\t<meta property=\"og:image:width\" content=\"992\" \/>\n\t<meta property=\"og:image:height\" content=\"680\" \/>\n\t<meta property=\"og:image:type\" content=\"image\/jpeg\" \/>\n<meta name=\"author\" content=\"Jader Lazarini\" \/>\n<meta name=\"twitter:card\" content=\"summary_large_image\" \/>\n<meta name=\"twitter:creator\" content=\"@sunoresearch\" \/>\n<meta name=\"twitter:site\" content=\"@sunoresearch\" \/>\n<meta name=\"twitter:label1\" content=\"Escrito por\" \/>\n\t<meta name=\"twitter:data1\" content=\"Jader Lazarini\" \/>\n\t<meta name=\"twitter:label2\" content=\"Est. tempo de leitura\" \/>\n\t<meta name=\"twitter:data2\" content=\"2 minutos\" \/>\n<script type=\"application\/ld+json\" class=\"yoast-schema-graph\">{\"@context\":\"https:\/\/schema.org\",\"@graph\":[{\"@type\":\"NewsArticle\",\"@id\":\"https:\/\/www.suno.com.br\/noticias\/valid-vlid3-aumento-de-capital-subscricao\/#article\",\"isPartOf\":{\"@id\":\"https:\/\/www.suno.com.br\/noticias\/valid-vlid3-aumento-de-capital-subscricao\/\"},\"author\":{\"name\":\"Jader Lazarini\",\"@id\":\"https:\/\/www.suno.com.br\/noticias\/#\/schema\/person\/918d79de1f0281f01599b93f9ea6e23f\"},\"headline\":\"Valid (VLID3) far\u00e1 aumento de capital com b\u00f4nus de subscri\u00e7\u00e3o\",\"datePublished\":\"2021-01-08T15:55:53+00:00\",\"mainEntityOfPage\":{\"@id\":\"https:\/\/www.suno.com.br\/noticias\/valid-vlid3-aumento-de-capital-subscricao\/\"},\"wordCount\":417,\"publisher\":{\"@id\":\"https:\/\/www.suno.com.br\/noticias\/#organization\"},\"image\":{\"@id\":\"https:\/\/www.suno.com.br\/noticias\/valid-vlid3-aumento-de-capital-subscricao\/#primaryimage\"},\"thumbnailUrl\":\"https:\/\/files.sunoresearch.com.br\/n\/uploads\/2020\/09\/88cc760a-valid-jpeg.webp\",\"keywords\":[\"aumento de capital\",\"Conselho de Administra\u00e7\u00e3o\",\"Valid (VLID3)\"],\"articleSection\":[\"Neg\u00f3cios\"],\"inLanguage\":\"pt-BR\"},{\"@type\":\"WebPage\",\"@id\":\"https:\/\/www.suno.com.br\/noticias\/valid-vlid3-aumento-de-capital-subscricao\/\",\"url\":\"https:\/\/www.suno.com.br\/noticias\/valid-vlid3-aumento-de-capital-subscricao\/\",\"name\":\"Valid (VLID3) far\u00e1 aumento de capital com b\u00f4nus de subscri\u00e7\u00e3o\",\"isPartOf\":{\"@id\":\"https:\/\/www.suno.com.br\/noticias\/#website\"},\"primaryImageOfPage\":{\"@id\":\"https:\/\/www.suno.com.br\/noticias\/valid-vlid3-aumento-de-capital-subscricao\/#primaryimage\"},\"image\":{\"@id\":\"https:\/\/www.suno.com.br\/noticias\/valid-vlid3-aumento-de-capital-subscricao\/#primaryimage\"},\"thumbnailUrl\":\"https:\/\/files.sunoresearch.com.br\/n\/uploads\/2020\/09\/88cc760a-valid-jpeg.webp\",\"datePublished\":\"2021-01-08T15:55:53+00:00\",\"description\":\"A Valid (VLID3) informou ao mercado que seu Conselho de Administra\u00e7\u00e3o aprovou um aumento de capital. Clique aqui e saiba mais.\",\"breadcrumb\":{\"@id\":\"https:\/\/www.suno.com.br\/noticias\/valid-vlid3-aumento-de-capital-subscricao\/#breadcrumb\"},\"inLanguage\":\"pt-BR\",\"potentialAction\":[{\"@type\":\"ReadAction\",\"target\":[\"https:\/\/www.suno.com.br\/noticias\/valid-vlid3-aumento-de-capital-subscricao\/\"]}]},{\"@type\":\"ImageObject\",\"inLanguage\":\"pt-BR\",\"@id\":\"https:\/\/www.suno.com.br\/noticias\/valid-vlid3-aumento-de-capital-subscricao\/#primaryimage\",\"url\":\"https:\/\/files.sunoresearch.com.br\/n\/uploads\/2020\/09\/88cc760a-valid-jpeg.webp\",\"contentUrl\":\"https:\/\/files.sunoresearch.com.br\/n\/uploads\/2020\/09\/88cc760a-valid-jpeg.webp\",\"width\":992,\"height\":680,\"caption\":\"Valid (VLID3) - Foto: Reprodu\u00e7\u00e3o\"},{\"@type\":\"BreadcrumbList\",\"@id\":\"https:\/\/www.suno.com.br\/noticias\/valid-vlid3-aumento-de-capital-subscricao\/#breadcrumb\",\"itemListElement\":[{\"@type\":\"ListItem\",\"position\":1,\"name\":\"Not\u00edcias\",\"item\":\"https:\/\/www.suno.com.br\/noticias\/\"},{\"@type\":\"ListItem\",\"position\":2,\"name\":\"Neg\u00f3cios\",\"item\":\"https:\/\/www.suno.com.br\/noticias\/negocios\/\"},{\"@type\":\"ListItem\",\"position\":3,\"name\":\"Valid (VLID3) far\u00e1 aumento de capital com b\u00f4nus de subscri\u00e7\u00e3o\"}]},{\"@type\":\"WebSite\",\"@id\":\"https:\/\/www.suno.com.br\/noticias\/#website\",\"url\":\"https:\/\/www.suno.com.br\/noticias\/\",\"name\":\"Suno Not\u00edcias\",\"description\":\"Seu portal de informa\u00e7\u00e3o sobre o mundo dos investimentos\",\"publisher\":{\"@id\":\"https:\/\/www.suno.com.br\/noticias\/#organization\"},\"potentialAction\":[{\"@type\":\"SearchAction\",\"target\":{\"@type\":\"EntryPoint\",\"urlTemplate\":\"https:\/\/www.suno.com.br\/noticias\/?s={search_term_string}\"},\"query-input\":{\"@type\":\"PropertyValueSpecification\",\"valueRequired\":true,\"valueName\":\"search_term_string\"}}],\"inLanguage\":\"pt-BR\"},{\"@type\":\"Organization\",\"@id\":\"https:\/\/www.suno.com.br\/noticias\/#organization\",\"name\":\"Suno Not\u00edcias\",\"url\":\"https:\/\/www.suno.com.br\/noticias\/\",\"logo\":{\"@type\":\"ImageObject\",\"inLanguage\":\"pt-BR\",\"@id\":\"https:\/\/www.suno.com.br\/noticias\/#\/schema\/logo\/image\/\",\"url\":\"https:\/\/files.sunoresearch.com.br\/n\/uploads\/2021\/09\/suno-logo.png\",\"contentUrl\":\"https:\/\/files.sunoresearch.com.br\/n\/uploads\/2021\/09\/suno-logo.png\",\"width\":180,\"height\":180,\"caption\":\"Suno Not\u00edcias\"},\"image\":{\"@id\":\"https:\/\/www.suno.com.br\/noticias\/#\/schema\/logo\/image\/\"},\"sameAs\":[\"https:\/\/facebook.com\/sunoresearch\",\"https:\/\/x.com\/sunoresearch\",\"https:\/\/www.instagram.com\/suno\",\"https:\/\/www.linkedin.com\/company\/suno-research\/\",\"https:\/\/www.youtube.com\/c\/sunoresearch\"]},{\"@type\":\"Person\",\"@id\":\"https:\/\/www.suno.com.br\/noticias\/#\/schema\/person\/918d79de1f0281f01599b93f9ea6e23f\",\"name\":\"Jader Lazarini\",\"image\":{\"@type\":\"ImageObject\",\"inLanguage\":\"pt-BR\",\"@id\":\"https:\/\/www.suno.com.br\/noticias\/#\/schema\/person\/image\/\",\"url\":\"https:\/\/secure.gravatar.com\/avatar\/3c1ad8caa51589841baeb923fcddea97?s=96&r=g\",\"contentUrl\":\"https:\/\/secure.gravatar.com\/avatar\/3c1ad8caa51589841baeb923fcddea97?s=96&r=g\",\"caption\":\"Jader Lazarini\"},\"description\":\"Jader Lazarini escreve sobre investimentos, finan\u00e7as, economia e neg\u00f3cios. \u00c9 bacharel em Rela\u00e7\u00f5es Internacionais e analista CNPI (2619).\",\"url\":\"https:\/\/www.suno.com.br\/noticias\/author\/jader-lazarini\/\"}]}<\/script>\n<!-- \/ Yoast SEO plugin. -->","yoast_head_json":{"title":"Valid (VLID3) far\u00e1 aumento de capital com b\u00f4nus de subscri\u00e7\u00e3o","description":"A Valid (VLID3) informou ao mercado que seu Conselho de Administra\u00e7\u00e3o aprovou um aumento de capital. Clique aqui e saiba mais.","robots":{"index":"index","follow":"follow","max-snippet":"max-snippet:-1","max-image-preview":"max-image-preview:large","max-video-preview":"max-video-preview:-1"},"canonical":"https:\/\/www.suno.com.br\/noticias\/valid-vlid3-aumento-de-capital-subscricao\/","og_locale":"pt_BR","og_type":"article","og_title":"Valid (VLID3) far\u00e1 aumento de capital com b\u00f4nus de subscri\u00e7\u00e3o","og_description":"A Valid (VLID3) informou ao mercado que seu Conselho de Administra\u00e7\u00e3o aprovou um aumento de capital. Clique aqui e saiba mais.","og_url":"https:\/\/www.suno.com.br\/noticias\/valid-vlid3-aumento-de-capital-subscricao\/","og_site_name":"Suno Not\u00edcias","article_publisher":"https:\/\/facebook.com\/sunoresearch","og_image":[{"width":992,"height":680,"url":"https:\/\/files.sunoresearch.com.br\/n\/uploads\/2020\/09\/88cc760a-valid.jpeg","type":"image\/jpeg"}],"author":"Jader Lazarini","twitter_card":"summary_large_image","twitter_creator":"@sunoresearch","twitter_site":"@sunoresearch","twitter_misc":{"Escrito por":"Jader Lazarini","Est. tempo de leitura":"2 minutos"},"schema":{"@context":"https:\/\/schema.org","@graph":[{"@type":"NewsArticle","@id":"https:\/\/www.suno.com.br\/noticias\/valid-vlid3-aumento-de-capital-subscricao\/#article","isPartOf":{"@id":"https:\/\/www.suno.com.br\/noticias\/valid-vlid3-aumento-de-capital-subscricao\/"},"author":{"name":"Jader Lazarini","@id":"https:\/\/www.suno.com.br\/noticias\/#\/schema\/person\/918d79de1f0281f01599b93f9ea6e23f"},"headline":"Valid (VLID3) far\u00e1 aumento de capital com b\u00f4nus de subscri\u00e7\u00e3o","datePublished":"2021-01-08T15:55:53+00:00","mainEntityOfPage":{"@id":"https:\/\/www.suno.com.br\/noticias\/valid-vlid3-aumento-de-capital-subscricao\/"},"wordCount":417,"publisher":{"@id":"https:\/\/www.suno.com.br\/noticias\/#organization"},"image":{"@id":"https:\/\/www.suno.com.br\/noticias\/valid-vlid3-aumento-de-capital-subscricao\/#primaryimage"},"thumbnailUrl":"https:\/\/files.sunoresearch.com.br\/n\/uploads\/2020\/09\/88cc760a-valid-jpeg.webp","keywords":["aumento de capital","Conselho de Administra\u00e7\u00e3o","Valid (VLID3)"],"articleSection":["Neg\u00f3cios"],"inLanguage":"pt-BR"},{"@type":"WebPage","@id":"https:\/\/www.suno.com.br\/noticias\/valid-vlid3-aumento-de-capital-subscricao\/","url":"https:\/\/www.suno.com.br\/noticias\/valid-vlid3-aumento-de-capital-subscricao\/","name":"Valid (VLID3) far\u00e1 aumento de capital com b\u00f4nus de subscri\u00e7\u00e3o","isPartOf":{"@id":"https:\/\/www.suno.com.br\/noticias\/#website"},"primaryImageOfPage":{"@id":"https:\/\/www.suno.com.br\/noticias\/valid-vlid3-aumento-de-capital-subscricao\/#primaryimage"},"image":{"@id":"https:\/\/www.suno.com.br\/noticias\/valid-vlid3-aumento-de-capital-subscricao\/#primaryimage"},"thumbnailUrl":"https:\/\/files.sunoresearch.com.br\/n\/uploads\/2020\/09\/88cc760a-valid-jpeg.webp","datePublished":"2021-01-08T15:55:53+00:00","description":"A Valid (VLID3) informou ao mercado que seu Conselho de Administra\u00e7\u00e3o aprovou um aumento de capital. Clique aqui e saiba mais.","breadcrumb":{"@id":"https:\/\/www.suno.com.br\/noticias\/valid-vlid3-aumento-de-capital-subscricao\/#breadcrumb"},"inLanguage":"pt-BR","potentialAction":[{"@type":"ReadAction","target":["https:\/\/www.suno.com.br\/noticias\/valid-vlid3-aumento-de-capital-subscricao\/"]}]},{"@type":"ImageObject","inLanguage":"pt-BR","@id":"https:\/\/www.suno.com.br\/noticias\/valid-vlid3-aumento-de-capital-subscricao\/#primaryimage","url":"https:\/\/files.sunoresearch.com.br\/n\/uploads\/2020\/09\/88cc760a-valid-jpeg.webp","contentUrl":"https:\/\/files.sunoresearch.com.br\/n\/uploads\/2020\/09\/88cc760a-valid-jpeg.webp","width":992,"height":680,"caption":"Valid (VLID3) - Foto: Reprodu\u00e7\u00e3o"},{"@type":"BreadcrumbList","@id":"https:\/\/www.suno.com.br\/noticias\/valid-vlid3-aumento-de-capital-subscricao\/#breadcrumb","itemListElement":[{"@type":"ListItem","position":1,"name":"Not\u00edcias","item":"https:\/\/www.suno.com.br\/noticias\/"},{"@type":"ListItem","position":2,"name":"Neg\u00f3cios","item":"https:\/\/www.suno.com.br\/noticias\/negocios\/"},{"@type":"ListItem","position":3,"name":"Valid (VLID3) far\u00e1 aumento de capital com b\u00f4nus de subscri\u00e7\u00e3o"}]},{"@type":"WebSite","@id":"https:\/\/www.suno.com.br\/noticias\/#website","url":"https:\/\/www.suno.com.br\/noticias\/","name":"Suno Not\u00edcias","description":"Seu portal de informa\u00e7\u00e3o sobre o mundo dos investimentos","publisher":{"@id":"https:\/\/www.suno.com.br\/noticias\/#organization"},"potentialAction":[{"@type":"SearchAction","target":{"@type":"EntryPoint","urlTemplate":"https:\/\/www.suno.com.br\/noticias\/?s={search_term_string}"},"query-input":{"@type":"PropertyValueSpecification","valueRequired":true,"valueName":"search_term_string"}}],"inLanguage":"pt-BR"},{"@type":"Organization","@id":"https:\/\/www.suno.com.br\/noticias\/#organization","name":"Suno Not\u00edcias","url":"https:\/\/www.suno.com.br\/noticias\/","logo":{"@type":"ImageObject","inLanguage":"pt-BR","@id":"https:\/\/www.suno.com.br\/noticias\/#\/schema\/logo\/image\/","url":"https:\/\/files.sunoresearch.com.br\/n\/uploads\/2021\/09\/suno-logo.png","contentUrl":"https:\/\/files.sunoresearch.com.br\/n\/uploads\/2021\/09\/suno-logo.png","width":180,"height":180,"caption":"Suno Not\u00edcias"},"image":{"@id":"https:\/\/www.suno.com.br\/noticias\/#\/schema\/logo\/image\/"},"sameAs":["https:\/\/facebook.com\/sunoresearch","https:\/\/x.com\/sunoresearch","https:\/\/www.instagram.com\/suno","https:\/\/www.linkedin.com\/company\/suno-research\/","https:\/\/www.youtube.com\/c\/sunoresearch"]},{"@type":"Person","@id":"https:\/\/www.suno.com.br\/noticias\/#\/schema\/person\/918d79de1f0281f01599b93f9ea6e23f","name":"Jader Lazarini","image":{"@type":"ImageObject","inLanguage":"pt-BR","@id":"https:\/\/www.suno.com.br\/noticias\/#\/schema\/person\/image\/","url":"https:\/\/secure.gravatar.com\/avatar\/3c1ad8caa51589841baeb923fcddea97?s=96&r=g","contentUrl":"https:\/\/secure.gravatar.com\/avatar\/3c1ad8caa51589841baeb923fcddea97?s=96&r=g","caption":"Jader Lazarini"},"description":"Jader Lazarini escreve sobre investimentos, finan\u00e7as, economia e neg\u00f3cios. \u00c9 bacharel em Rela\u00e7\u00f5es Internacionais e analista CNPI (2619).","url":"https:\/\/www.suno.com.br\/noticias\/author\/jader-lazarini\/"}]}},"default_loop_html":"<div class=\"cardsPage__listCard__boxs\"><div class=\"cardsPage__listCard__boxs__img\"><a href=\"https:\/\/www.suno.com.br\/noticias\/valid-vlid3-aumento-de-capital-subscricao\/\"><img class=\"mask\" src=\"https:\/\/www.suno.com.br\/noticias\/wp-content\/themes\/suno\/resources\/images\/spotlight\/spotlight1img\/bg-mask.png\" alt=\"Image Mask\"\/><img src=\"https:\/\/files.sunoresearch.com.br\/n\/uploads\/2020\/09\/88cc760a-valid-400x200.webp\" alt=\"Valid (VLID3) far\u00e1 aumento de capital com b\u00f4nus de subscri\u00e7\u00e3o\"\/><\/a><span class=\"spotlightCategory\"><a href=\"https:\/\/www.suno.com.br\/noticias\/negocios\/\">Neg\u00f3cios<\/a><\/span><\/div><div class=\"cardsPage__listCard__boxs__content\"><a href=\"https:\/\/www.suno.com.br\/noticias\/valid-vlid3-aumento-de-capital-subscricao\/\"><h2 class=\"content__title\">Valid (VLID3) far\u00e1 aumento de capital com b\u00f4nus de subscri\u00e7\u00e3o<\/h2><\/a><div class=\"newsContent__article__meta\"><div class=\"newsContent__article__meta__authorBox\"><a href=\"https:\/\/www.suno.com.br\/noticias\/author\/jader-lazarini\/\" class=\"authorBox__avatar noMobi\"><img src=\"https:\/\/files.sunoresearch.com.br\/n\/uploads\/2021\/01\/178e6598-foto-perfil-2-150x150.jpg\" alt=\"Jader Lazarini\"><\/a><div class=\"authorBox__name\"><span>por\n\t\t\t<a href=\"https:\/\/www.suno.com.br\/noticias\/author\/jader-lazarini\/\"><span itemprop=\"author\">Jader Lazarini<\/span><\/a><\/span><time datetime=\"2021-01-08T12:55:53-03:00\" itemprop=\"datePublished\">08\/01\/2021 12:55<\/time><\/div><\/div><\/div><\/div><\/div>","single_layout":"posts","amp_enabled":true,"_links":{"self":[{"href":"https:\/\/www.suno.com.br\/noticias\/wp-json\/wp\/v2\/posts\/111892"}],"collection":[{"href":"https:\/\/www.suno.com.br\/noticias\/wp-json\/wp\/v2\/posts"}],"about":[{"href":"https:\/\/www.suno.com.br\/noticias\/wp-json\/wp\/v2\/types\/post"}],"author":[{"embeddable":true,"href":"https:\/\/www.suno.com.br\/noticias\/wp-json\/wp\/v2\/users\/24"}],"replies":[{"embeddable":true,"href":"https:\/\/www.suno.com.br\/noticias\/wp-json\/wp\/v2\/comments?post=111892"}],"version-history":[{"count":0,"href":"https:\/\/www.suno.com.br\/noticias\/wp-json\/wp\/v2\/posts\/111892\/revisions"}],"wp:featuredmedia":[{"embeddable":true,"href":"https:\/\/www.suno.com.br\/noticias\/wp-json\/wp\/v2\/media\/83117"}],"wp:attachment":[{"href":"https:\/\/www.suno.com.br\/noticias\/wp-json\/wp\/v2\/media?parent=111892"}],"wp:term":[{"taxonomy":"category","embeddable":true,"href":"https:\/\/www.suno.com.br\/noticias\/wp-json\/wp\/v2\/categories?post=111892"},{"taxonomy":"post_tag","embeddable":true,"href":"https:\/\/www.suno.com.br\/noticias\/wp-json\/wp\/v2\/tags?post=111892"},{"taxonomy":"suno_strategy","embeddable":true,"href":"https:\/\/www.suno.com.br\/noticias\/wp-json\/wp\/v2\/suno_strategy?post=111892"}],"curies":[{"name":"wp","href":"https:\/\/api.w.org\/{rel}","templated":true}]}}