{"id":11179,"date":"2019-01-10T18:17:38","date_gmt":"2019-01-10T20:17:38","guid":{"rendered":"https:\/\/www.suno.com.br\/noticias\/?p=11179"},"modified":"2019-01-10T18:17:38","modified_gmt":"2019-01-10T20:17:38","slug":"petrobras-demite-dois-diretores-executivos","status":"publish","type":"post","link":"https:\/\/www.suno.com.br\/noticias\/petrobras-demite-dois-diretores-executivos\/","title":{"rendered":"Petrobras demite dois de seus diretores executivos"},"content":{"rendered":"<p>A diretora executiva de Explora\u00e7\u00e3o e Produ\u00e7\u00e3o da Petrobras, Solange Guedes, e o diretor executivo de Desenvolvimento da Produ\u00e7\u00e3o &amp; Tecnologia, Hugo Repsold J\u00fanior, deixar\u00e3o seus cargos na Petrobras ainda neste m\u00eas.<\/p>\t<div class=\"wrapper-featured-image\">\n\t\t<figure class=\"spotlightImg\">\n\n\t\t\t<picture>\n\t\t\t\t<source media=\"(max-width: 768px)\" srcset=\"https:\/\/files.sunoresearch.com.br\/n\/uploads\/2019\/01\/04902b61-petrobras-400x200.webp\">\n\t\t\t\t<img loading=\"lazy\" decoding=\"async\" class=\"newsContent__article__imgCapa lazyloadDisabled newsContent__article__imgCapa--noCaption\" src=\"https:\/\/files.sunoresearch.com.br\/n\/uploads\/2019\/01\/04902b61-petrobras-800x450.webp\" width=\"800\" height=\"450\" alt=\"Petrobras demite dois de seus diretores executivos\" fetchpriority=high \/>\n\t\t\t<\/picture>\n\n\t\t\t<figcaption class=\"wp-caption-text wp-caption-text--hide\">Petrobras demite dois de seus diretores executivos<\/figcaption>\n\t\t<\/figure>\n\t<\/div>\n\n\n<p>Entretanto, Solange Guedes deixar\u00e1 a <strong>Petrobras<\/strong> no pr\u00f3ximo dia 20, enquanto Hugo Repsold J\u00fanior sair\u00e1 no pr\u00f3ximo s\u00e1bado (12). As datas foram aprovadas nesta quinta-feira (10), pelo <strong>Conselho de Administra\u00e7\u00e3o<\/strong> da estatal.<\/p>\n<h2>Dan\u00e7a das cadeiras<\/h2>\n<p>De acordo com a empresa, o Diretor Executivo Financeiro e de Relacionamento com Investidores, Rafael Salvador Grisolia, assumir\u00e1 interinamente os cargos:<\/p>\n<ul>\n<li>Diretor Executivo de Explora\u00e7\u00e3o e Produ\u00e7\u00e3o;<\/li>\n<li>Diretor Executivo de Estrat\u00e9gia, Organiza\u00e7\u00e3o e Sistema de Gest\u00e3o.<\/li>\n<\/ul>\n<p>Al\u00e9m disso, o Diretor Executivo de Assuntos Corporativos da Petrobras, ser\u00e1 interinamente:<\/p>\n<ul>\n<li>Diretor Executivo de Desenvolvimento da Produ\u00e7\u00e3o &amp; Tecnologia;<\/li>\n<li>Diretor Executivo de Refino e G\u00e1s Natural.<\/li>\n<\/ul>\n<p>Conforme nota da estatal, ambas fun\u00e7\u00f5es interinas ter\u00e3o prazo m\u00e1ximo de 90 dias. Entretanto, o Conselho de Administra\u00e7\u00e3o pode deliberar novos diretores para as fun\u00e7\u00f5es antes desse prazo.<\/p>\n<p><a href=\"https:\/\/www.suno.com.br\/noticias\/novo-presidente-petrobras-troca-diretores\/\">Saiba mais:\u00a0Novo presidente da Petrobras troca quatro dos sete diretores\u00a0<\/a><\/p>\n<p><a href=\"https:\/\/www.suno.com.br\/noticias\/petrobras-interessados-fabricas-fertilizantes-nordeste\/\">Saiba mais:\u00a0Petrobras busca interessados em f\u00e1bricas de fertilizantes no Nordeste\u00a0<\/a><\/p>\n<h2>Internamente<\/h2>\n<p>As demiss\u00f5es d\u00e3o continuidade aos comunicados do \u00faltimo dia 4, onde foram nomeados:<\/p>\n<ul>\n<li>Anelise Quint\u00e3o Lara: Diretora Executiva de Refino e G\u00e1s Natural;<\/li>\n<li>Lauro Cotta: Diretor de Estrat\u00e9gia, Organiza\u00e7\u00e3o e Sistema de Gest\u00e3o.<\/li>\n<\/ul>\n<p>Atualmente, os novos diretores indicados para as fun\u00e7\u00f5es seguem os procedimentos internos da empresa.<\/p>\n<p>Essas mudan\u00e7as na diretoria da empresa s\u00e3o realizadas pelo novo presidente, <strong>Roberto Castello Branco<\/strong>, e assinadas pelo <strong>Conselho de Administra\u00e7\u00e3o<\/strong>.<\/p>\n<p>Os diretores que est\u00e3o saindo da <strong>Petrobras<\/strong>, s\u00e3o da gest\u00e3o do ex-presidente <strong>Aldemir Bendine<\/strong>. Desta forma, foram nomeados durante o governo da ex-presidente, <strong>Dilma Rousseff<\/strong>, ainda em 2015.<\/p>\n","protected":false},"excerpt":{"rendered":"<p>A diretora executiva de Explora\u00e7\u00e3o e Produ\u00e7\u00e3o da Petrobras, Solange Guedes, e o diretor executivo de Desenvolvimento da Produ\u00e7\u00e3o &amp; Tecnologia, Hugo Repsold J\u00fanior, deixar\u00e3o seus cargos na Petrobras ainda neste m\u00eas. Petrobras demite dois de seus diretores executivos Entretanto, Solange Guedes deixar\u00e1 a Petrobras no pr\u00f3ximo dia 20, enquanto Hugo Repsold J\u00fanior sair\u00e1 no [&hellip;]<\/p>\n","protected":false},"author":11,"featured_media":11213,"comment_status":"closed","ping_status":"closed","sticky":false,"template":"","format":"standard","meta":[],"categories":[64,61],"tags":[595],"suno_strategy":[],"class_list":["post-11179","post","type-post","status-publish","format-standard","has-post-thumbnail","hentry","category-negocios","category-politica","tag-petrobras-petr4"],"yoast_head":"<!-- This site is optimized with the Yoast SEO plugin v24.4 - https:\/\/yoast.com\/wordpress\/plugins\/seo\/ -->\n<title>Petrobras demite dois de seus diretores executivos<\/title>\n<meta name=\"description\" content=\"Demiss\u00f5es da Petrobras s\u00e3o relizadas pelo novo presidente; Diretores s\u00e3o realocados internamente para suprir aus\u00eancias. Clique para saber mais.\" \/>\n<meta name=\"robots\" content=\"index, follow, max-snippet:-1, max-image-preview:large, max-video-preview:-1\" \/>\n<link rel=\"canonical\" href=\"https:\/\/www.suno.com.br\/noticias\/petrobras-demite-dois-diretores-executivos\/\" \/>\n<meta property=\"og:locale\" content=\"pt_BR\" \/>\n<meta property=\"og:type\" content=\"article\" \/>\n<meta property=\"og:title\" content=\"Petrobras demite dois de seus diretores executivos\" \/>\n<meta property=\"og:description\" content=\"Demiss\u00f5es da Petrobras s\u00e3o relizadas pelo novo presidente; Diretores s\u00e3o realocados internamente para suprir aus\u00eancias. Clique para saber mais.\" \/>\n<meta property=\"og:url\" content=\"https:\/\/www.suno.com.br\/noticias\/petrobras-demite-dois-diretores-executivos\/\" \/>\n<meta property=\"og:site_name\" content=\"Suno Not\u00edcias\" \/>\n<meta property=\"article:publisher\" content=\"https:\/\/facebook.com\/sunoresearch\" \/>\n<meta property=\"og:image\" content=\"https:\/\/files.sunoresearch.com.br\/n\/uploads\/2019\/01\/04902b61-petrobras.jpg\" \/>\n\t<meta property=\"og:image:width\" content=\"1140\" \/>\n\t<meta property=\"og:image:height\" content=\"760\" \/>\n\t<meta property=\"og:image:type\" content=\"image\/jpeg\" \/>\n<meta name=\"author\" content=\"Renan Bandeira\" \/>\n<meta name=\"twitter:card\" content=\"summary_large_image\" \/>\n<meta name=\"twitter:creator\" content=\"@sunoresearch\" \/>\n<meta name=\"twitter:site\" content=\"@sunoresearch\" \/>\n<meta name=\"twitter:label1\" content=\"Escrito por\" \/>\n\t<meta name=\"twitter:data1\" content=\"Renan Bandeira\" \/>\n\t<meta name=\"twitter:label2\" content=\"Est. tempo de leitura\" \/>\n\t<meta name=\"twitter:data2\" content=\"2 minutos\" \/>\n<script type=\"application\/ld+json\" class=\"yoast-schema-graph\">{\"@context\":\"https:\/\/schema.org\",\"@graph\":[{\"@type\":\"NewsArticle\",\"@id\":\"https:\/\/www.suno.com.br\/noticias\/petrobras-demite-dois-diretores-executivos\/#article\",\"isPartOf\":{\"@id\":\"https:\/\/www.suno.com.br\/noticias\/petrobras-demite-dois-diretores-executivos\/\"},\"author\":{\"name\":\"Renan Bandeira\",\"@id\":\"https:\/\/www.suno.com.br\/noticias\/#\/schema\/person\/fc144a1c6108bd1dcd43784e88a3c138\"},\"headline\":\"Petrobras demite dois de seus diretores executivos\",\"datePublished\":\"2019-01-10T20:17:38+00:00\",\"mainEntityOfPage\":{\"@id\":\"https:\/\/www.suno.com.br\/noticias\/petrobras-demite-dois-diretores-executivos\/\"},\"wordCount\":317,\"publisher\":{\"@id\":\"https:\/\/www.suno.com.br\/noticias\/#organization\"},\"image\":{\"@id\":\"https:\/\/www.suno.com.br\/noticias\/petrobras-demite-dois-diretores-executivos\/#primaryimage\"},\"thumbnailUrl\":\"https:\/\/files.sunoresearch.com.br\/n\/uploads\/2019\/01\/04902b61-petrobras-jpg.webp\",\"keywords\":[\"Petrobras (PETR4)\"],\"articleSection\":[\"Neg\u00f3cios\",\"Pol\u00edtica\"],\"inLanguage\":\"pt-BR\"},{\"@type\":\"WebPage\",\"@id\":\"https:\/\/www.suno.com.br\/noticias\/petrobras-demite-dois-diretores-executivos\/\",\"url\":\"https:\/\/www.suno.com.br\/noticias\/petrobras-demite-dois-diretores-executivos\/\",\"name\":\"Petrobras demite dois de seus diretores executivos\",\"isPartOf\":{\"@id\":\"https:\/\/www.suno.com.br\/noticias\/#website\"},\"primaryImageOfPage\":{\"@id\":\"https:\/\/www.suno.com.br\/noticias\/petrobras-demite-dois-diretores-executivos\/#primaryimage\"},\"image\":{\"@id\":\"https:\/\/www.suno.com.br\/noticias\/petrobras-demite-dois-diretores-executivos\/#primaryimage\"},\"thumbnailUrl\":\"https:\/\/files.sunoresearch.com.br\/n\/uploads\/2019\/01\/04902b61-petrobras-jpg.webp\",\"datePublished\":\"2019-01-10T20:17:38+00:00\",\"description\":\"Demiss\u00f5es da Petrobras s\u00e3o relizadas pelo novo presidente; Diretores s\u00e3o realocados internamente para suprir aus\u00eancias. Clique para saber mais.\",\"breadcrumb\":{\"@id\":\"https:\/\/www.suno.com.br\/noticias\/petrobras-demite-dois-diretores-executivos\/#breadcrumb\"},\"inLanguage\":\"pt-BR\",\"potentialAction\":[{\"@type\":\"ReadAction\",\"target\":[\"https:\/\/www.suno.com.br\/noticias\/petrobras-demite-dois-diretores-executivos\/\"]}]},{\"@type\":\"ImageObject\",\"inLanguage\":\"pt-BR\",\"@id\":\"https:\/\/www.suno.com.br\/noticias\/petrobras-demite-dois-diretores-executivos\/#primaryimage\",\"url\":\"https:\/\/files.sunoresearch.com.br\/n\/uploads\/2019\/01\/04902b61-petrobras-jpg.webp\",\"contentUrl\":\"https:\/\/files.sunoresearch.com.br\/n\/uploads\/2019\/01\/04902b61-petrobras-jpg.webp\",\"width\":1140,\"height\":760,\"caption\":\"Petrobras demite dois de seus diretores executivos\"},{\"@type\":\"BreadcrumbList\",\"@id\":\"https:\/\/www.suno.com.br\/noticias\/petrobras-demite-dois-diretores-executivos\/#breadcrumb\",\"itemListElement\":[{\"@type\":\"ListItem\",\"position\":1,\"name\":\"Not\u00edcias\",\"item\":\"https:\/\/www.suno.com.br\/noticias\/\"},{\"@type\":\"ListItem\",\"position\":2,\"name\":\"Neg\u00f3cios\",\"item\":\"https:\/\/www.suno.com.br\/noticias\/negocios\/\"},{\"@type\":\"ListItem\",\"position\":3,\"name\":\"Petrobras demite dois de seus diretores executivos\"}]},{\"@type\":\"WebSite\",\"@id\":\"https:\/\/www.suno.com.br\/noticias\/#website\",\"url\":\"https:\/\/www.suno.com.br\/noticias\/\",\"name\":\"Suno Not\u00edcias\",\"description\":\"Seu portal de informa\u00e7\u00e3o sobre o mundo dos investimentos\",\"publisher\":{\"@id\":\"https:\/\/www.suno.com.br\/noticias\/#organization\"},\"potentialAction\":[{\"@type\":\"SearchAction\",\"target\":{\"@type\":\"EntryPoint\",\"urlTemplate\":\"https:\/\/www.suno.com.br\/noticias\/?s={search_term_string}\"},\"query-input\":{\"@type\":\"PropertyValueSpecification\",\"valueRequired\":true,\"valueName\":\"search_term_string\"}}],\"inLanguage\":\"pt-BR\"},{\"@type\":\"Organization\",\"@id\":\"https:\/\/www.suno.com.br\/noticias\/#organization\",\"name\":\"Suno Not\u00edcias\",\"url\":\"https:\/\/www.suno.com.br\/noticias\/\",\"logo\":{\"@type\":\"ImageObject\",\"inLanguage\":\"pt-BR\",\"@id\":\"https:\/\/www.suno.com.br\/noticias\/#\/schema\/logo\/image\/\",\"url\":\"https:\/\/files.sunoresearch.com.br\/n\/uploads\/2021\/09\/suno-logo.png\",\"contentUrl\":\"https:\/\/files.sunoresearch.com.br\/n\/uploads\/2021\/09\/suno-logo.png\",\"width\":180,\"height\":180,\"caption\":\"Suno Not\u00edcias\"},\"image\":{\"@id\":\"https:\/\/www.suno.com.br\/noticias\/#\/schema\/logo\/image\/\"},\"sameAs\":[\"https:\/\/facebook.com\/sunoresearch\",\"https:\/\/x.com\/sunoresearch\",\"https:\/\/www.instagram.com\/suno\",\"https:\/\/www.linkedin.com\/company\/suno-research\/\",\"https:\/\/www.youtube.com\/c\/sunoresearch\"]},{\"@type\":\"Person\",\"@id\":\"https:\/\/www.suno.com.br\/noticias\/#\/schema\/person\/fc144a1c6108bd1dcd43784e88a3c138\",\"name\":\"Renan Bandeira\",\"image\":{\"@type\":\"ImageObject\",\"inLanguage\":\"pt-BR\",\"@id\":\"https:\/\/www.suno.com.br\/noticias\/#\/schema\/person\/image\/\",\"url\":\"https:\/\/secure.gravatar.com\/avatar\/68359cdb608f14f11bbefcb78f3fc747?s=96&r=g\",\"contentUrl\":\"https:\/\/secure.gravatar.com\/avatar\/68359cdb608f14f11bbefcb78f3fc747?s=96&r=g\",\"caption\":\"Renan Bandeira\"},\"description\":\"Renan Bandeira escreve sobre pol\u00edtica e economia para o portal da Suno Research. Antes da Suno, trabalhou em uma rede de televis\u00e3o, onde fazia reportagens sobre os mesmos temas. Estuda na Universidade Metodista de S\u00e3o Paulo.\",\"url\":\"https:\/\/www.suno.com.br\/noticias\/author\/renan-bandeira\/\"}]}<\/script>\n<!-- \/ Yoast SEO plugin. -->","yoast_head_json":{"title":"Petrobras demite dois de seus diretores executivos","description":"Demiss\u00f5es da Petrobras s\u00e3o relizadas pelo novo presidente; Diretores s\u00e3o realocados internamente para suprir aus\u00eancias. Clique para saber mais.","robots":{"index":"index","follow":"follow","max-snippet":"max-snippet:-1","max-image-preview":"max-image-preview:large","max-video-preview":"max-video-preview:-1"},"canonical":"https:\/\/www.suno.com.br\/noticias\/petrobras-demite-dois-diretores-executivos\/","og_locale":"pt_BR","og_type":"article","og_title":"Petrobras demite dois de seus diretores executivos","og_description":"Demiss\u00f5es da Petrobras s\u00e3o relizadas pelo novo presidente; Diretores s\u00e3o realocados internamente para suprir aus\u00eancias. Clique para saber mais.","og_url":"https:\/\/www.suno.com.br\/noticias\/petrobras-demite-dois-diretores-executivos\/","og_site_name":"Suno Not\u00edcias","article_publisher":"https:\/\/facebook.com\/sunoresearch","og_image":[{"width":1140,"height":760,"url":"https:\/\/files.sunoresearch.com.br\/n\/uploads\/2019\/01\/04902b61-petrobras.jpg","type":"image\/jpeg"}],"author":"Renan Bandeira","twitter_card":"summary_large_image","twitter_creator":"@sunoresearch","twitter_site":"@sunoresearch","twitter_misc":{"Escrito por":"Renan Bandeira","Est. tempo de leitura":"2 minutos"},"schema":{"@context":"https:\/\/schema.org","@graph":[{"@type":"NewsArticle","@id":"https:\/\/www.suno.com.br\/noticias\/petrobras-demite-dois-diretores-executivos\/#article","isPartOf":{"@id":"https:\/\/www.suno.com.br\/noticias\/petrobras-demite-dois-diretores-executivos\/"},"author":{"name":"Renan Bandeira","@id":"https:\/\/www.suno.com.br\/noticias\/#\/schema\/person\/fc144a1c6108bd1dcd43784e88a3c138"},"headline":"Petrobras demite dois de seus diretores executivos","datePublished":"2019-01-10T20:17:38+00:00","mainEntityOfPage":{"@id":"https:\/\/www.suno.com.br\/noticias\/petrobras-demite-dois-diretores-executivos\/"},"wordCount":317,"publisher":{"@id":"https:\/\/www.suno.com.br\/noticias\/#organization"},"image":{"@id":"https:\/\/www.suno.com.br\/noticias\/petrobras-demite-dois-diretores-executivos\/#primaryimage"},"thumbnailUrl":"https:\/\/files.sunoresearch.com.br\/n\/uploads\/2019\/01\/04902b61-petrobras-jpg.webp","keywords":["Petrobras (PETR4)"],"articleSection":["Neg\u00f3cios","Pol\u00edtica"],"inLanguage":"pt-BR"},{"@type":"WebPage","@id":"https:\/\/www.suno.com.br\/noticias\/petrobras-demite-dois-diretores-executivos\/","url":"https:\/\/www.suno.com.br\/noticias\/petrobras-demite-dois-diretores-executivos\/","name":"Petrobras demite dois de seus diretores executivos","isPartOf":{"@id":"https:\/\/www.suno.com.br\/noticias\/#website"},"primaryImageOfPage":{"@id":"https:\/\/www.suno.com.br\/noticias\/petrobras-demite-dois-diretores-executivos\/#primaryimage"},"image":{"@id":"https:\/\/www.suno.com.br\/noticias\/petrobras-demite-dois-diretores-executivos\/#primaryimage"},"thumbnailUrl":"https:\/\/files.sunoresearch.com.br\/n\/uploads\/2019\/01\/04902b61-petrobras-jpg.webp","datePublished":"2019-01-10T20:17:38+00:00","description":"Demiss\u00f5es da Petrobras s\u00e3o relizadas pelo novo presidente; Diretores s\u00e3o realocados internamente para suprir aus\u00eancias. Clique para saber mais.","breadcrumb":{"@id":"https:\/\/www.suno.com.br\/noticias\/petrobras-demite-dois-diretores-executivos\/#breadcrumb"},"inLanguage":"pt-BR","potentialAction":[{"@type":"ReadAction","target":["https:\/\/www.suno.com.br\/noticias\/petrobras-demite-dois-diretores-executivos\/"]}]},{"@type":"ImageObject","inLanguage":"pt-BR","@id":"https:\/\/www.suno.com.br\/noticias\/petrobras-demite-dois-diretores-executivos\/#primaryimage","url":"https:\/\/files.sunoresearch.com.br\/n\/uploads\/2019\/01\/04902b61-petrobras-jpg.webp","contentUrl":"https:\/\/files.sunoresearch.com.br\/n\/uploads\/2019\/01\/04902b61-petrobras-jpg.webp","width":1140,"height":760,"caption":"Petrobras demite dois de seus diretores executivos"},{"@type":"BreadcrumbList","@id":"https:\/\/www.suno.com.br\/noticias\/petrobras-demite-dois-diretores-executivos\/#breadcrumb","itemListElement":[{"@type":"ListItem","position":1,"name":"Not\u00edcias","item":"https:\/\/www.suno.com.br\/noticias\/"},{"@type":"ListItem","position":2,"name":"Neg\u00f3cios","item":"https:\/\/www.suno.com.br\/noticias\/negocios\/"},{"@type":"ListItem","position":3,"name":"Petrobras demite dois de seus diretores executivos"}]},{"@type":"WebSite","@id":"https:\/\/www.suno.com.br\/noticias\/#website","url":"https:\/\/www.suno.com.br\/noticias\/","name":"Suno Not\u00edcias","description":"Seu portal de informa\u00e7\u00e3o sobre o mundo dos investimentos","publisher":{"@id":"https:\/\/www.suno.com.br\/noticias\/#organization"},"potentialAction":[{"@type":"SearchAction","target":{"@type":"EntryPoint","urlTemplate":"https:\/\/www.suno.com.br\/noticias\/?s={search_term_string}"},"query-input":{"@type":"PropertyValueSpecification","valueRequired":true,"valueName":"search_term_string"}}],"inLanguage":"pt-BR"},{"@type":"Organization","@id":"https:\/\/www.suno.com.br\/noticias\/#organization","name":"Suno Not\u00edcias","url":"https:\/\/www.suno.com.br\/noticias\/","logo":{"@type":"ImageObject","inLanguage":"pt-BR","@id":"https:\/\/www.suno.com.br\/noticias\/#\/schema\/logo\/image\/","url":"https:\/\/files.sunoresearch.com.br\/n\/uploads\/2021\/09\/suno-logo.png","contentUrl":"https:\/\/files.sunoresearch.com.br\/n\/uploads\/2021\/09\/suno-logo.png","width":180,"height":180,"caption":"Suno Not\u00edcias"},"image":{"@id":"https:\/\/www.suno.com.br\/noticias\/#\/schema\/logo\/image\/"},"sameAs":["https:\/\/facebook.com\/sunoresearch","https:\/\/x.com\/sunoresearch","https:\/\/www.instagram.com\/suno","https:\/\/www.linkedin.com\/company\/suno-research\/","https:\/\/www.youtube.com\/c\/sunoresearch"]},{"@type":"Person","@id":"https:\/\/www.suno.com.br\/noticias\/#\/schema\/person\/fc144a1c6108bd1dcd43784e88a3c138","name":"Renan Bandeira","image":{"@type":"ImageObject","inLanguage":"pt-BR","@id":"https:\/\/www.suno.com.br\/noticias\/#\/schema\/person\/image\/","url":"https:\/\/secure.gravatar.com\/avatar\/68359cdb608f14f11bbefcb78f3fc747?s=96&r=g","contentUrl":"https:\/\/secure.gravatar.com\/avatar\/68359cdb608f14f11bbefcb78f3fc747?s=96&r=g","caption":"Renan Bandeira"},"description":"Renan Bandeira escreve sobre pol\u00edtica e economia para o portal da Suno Research. Antes da Suno, trabalhou em uma rede de televis\u00e3o, onde fazia reportagens sobre os mesmos temas. Estuda na Universidade Metodista de S\u00e3o Paulo.","url":"https:\/\/www.suno.com.br\/noticias\/author\/renan-bandeira\/"}]}},"default_loop_html":"<div class=\"cardsPage__listCard__boxs\"><div class=\"cardsPage__listCard__boxs__img\"><a href=\"https:\/\/www.suno.com.br\/noticias\/petrobras-demite-dois-diretores-executivos\/\"><img class=\"mask\" src=\"https:\/\/www.suno.com.br\/noticias\/wp-content\/themes\/suno\/resources\/images\/spotlight\/spotlight1img\/bg-mask.png\" alt=\"Image Mask\"\/><img src=\"https:\/\/files.sunoresearch.com.br\/n\/uploads\/2019\/01\/04902b61-petrobras-400x200.webp\" alt=\"Petrobras demite dois de seus diretores executivos\"\/><\/a><span class=\"spotlightCategory\"><a href=\"https:\/\/www.suno.com.br\/noticias\/negocios\/\">Neg\u00f3cios<\/a><\/span><\/div><div class=\"cardsPage__listCard__boxs__content\"><a href=\"https:\/\/www.suno.com.br\/noticias\/petrobras-demite-dois-diretores-executivos\/\"><h2 class=\"content__title\">Petrobras demite dois de seus diretores executivos<\/h2><\/a><div class=\"newsContent__article__meta\"><div class=\"newsContent__article__meta__authorBox\"><a href=\"https:\/\/www.suno.com.br\/noticias\/author\/renan-bandeira\/\" class=\"authorBox__avatar noMobi\"><img src=\"https:\/\/secure.gravatar.com\/avatar\/68359cdb608f14f11bbefcb78f3fc747?s=96&#038;r=g\" alt=\"Renan Bandeira\"><\/a><div class=\"authorBox__name\"><span>por\n\t\t\t<a href=\"https:\/\/www.suno.com.br\/noticias\/author\/renan-bandeira\/\"><span itemprop=\"author\">Renan Bandeira<\/span><\/a><\/span><time datetime=\"2019-01-10T18:17:38-02:00\" itemprop=\"datePublished\">10\/01\/2019 18:17<\/time><\/div><\/div><\/div><\/div><\/div>","single_layout":"posts","amp_enabled":true,"_links":{"self":[{"href":"https:\/\/www.suno.com.br\/noticias\/wp-json\/wp\/v2\/posts\/11179"}],"collection":[{"href":"https:\/\/www.suno.com.br\/noticias\/wp-json\/wp\/v2\/posts"}],"about":[{"href":"https:\/\/www.suno.com.br\/noticias\/wp-json\/wp\/v2\/types\/post"}],"author":[{"embeddable":true,"href":"https:\/\/www.suno.com.br\/noticias\/wp-json\/wp\/v2\/users\/11"}],"replies":[{"embeddable":true,"href":"https:\/\/www.suno.com.br\/noticias\/wp-json\/wp\/v2\/comments?post=11179"}],"version-history":[{"count":0,"href":"https:\/\/www.suno.com.br\/noticias\/wp-json\/wp\/v2\/posts\/11179\/revisions"}],"wp:featuredmedia":[{"embeddable":true,"href":"https:\/\/www.suno.com.br\/noticias\/wp-json\/wp\/v2\/media\/11213"}],"wp:attachment":[{"href":"https:\/\/www.suno.com.br\/noticias\/wp-json\/wp\/v2\/media?parent=11179"}],"wp:term":[{"taxonomy":"category","embeddable":true,"href":"https:\/\/www.suno.com.br\/noticias\/wp-json\/wp\/v2\/categories?post=11179"},{"taxonomy":"post_tag","embeddable":true,"href":"https:\/\/www.suno.com.br\/noticias\/wp-json\/wp\/v2\/tags?post=11179"},{"taxonomy":"suno_strategy","embeddable":true,"href":"https:\/\/www.suno.com.br\/noticias\/wp-json\/wp\/v2\/suno_strategy?post=11179"}],"curies":[{"name":"wp","href":"https:\/\/api.w.org\/{rel}","templated":true}]}}