{"id":11174,"date":"2019-01-10T16:12:31","date_gmt":"2019-01-10T18:12:31","guid":{"rendered":"https:\/\/www.suno.com.br\/noticias\/?p=11174"},"modified":"2019-01-10T16:26:35","modified_gmt":"2019-01-10T18:26:35","slug":"maduro-toma-posse-assume-mandato-venezuela","status":"publish","type":"post","link":"https:\/\/www.suno.com.br\/noticias\/maduro-toma-posse-assume-mandato-venezuela\/","title":{"rendered":"Nicol\u00e1s Maduro toma posse e assume segundo mandato na Venezuela"},"content":{"rendered":"<p>Nicol\u00e1s Maduro tomou posse de seu segundo mandato na presid\u00eancia da Venezuela nesta quinta-feira (10).<\/p>\t<div class=\"wrapper-featured-image\">\n\t\t<figure class=\"spotlightImg\">\n\n\t\t\t<picture>\n\t\t\t\t<source media=\"(max-width: 768px)\" srcset=\"https:\/\/files.sunoresearch.com.br\/n\/uploads\/2018\/09\/0fe5e4bc-madurocarabobo11372107284111-400x200.webp\">\n\t\t\t\t<img loading=\"lazy\" decoding=\"async\" class=\"newsContent__article__imgCapa lazyloadDisabled newsContent__article__imgCapa--noCaption\" src=\"https:\/\/files.sunoresearch.com.br\/n\/uploads\/2018\/09\/0fe5e4bc-madurocarabobo11372107284111-800x450.webp\" width=\"800\" height=\"450\" alt=\"Nicol\u00e1s Maduro toma posse e assume segundo mandato na Venezuela\" fetchpriority=high \/>\n\t\t\t<\/picture>\n\n\t\t\t<figcaption class=\"wp-caption-text wp-caption-text--hide\">Maduro dissolver\u00e1 Parlamento nesta segunda-feira, afirma Guaid\u00f3<\/figcaption>\n\t\t<\/figure>\n\t<\/div>\n\n\n<p>O evento ocorreu no Supremo venezuelano pois a Assembl\u00e9ia Nacional, dominada por opositores,\u00a0 n\u00e3o reconhece a legitimidade do segundo mandato de\u00a0<strong>Nicol\u00e1s Maduro.\u00a0<\/strong>O mandato de Maduro ir\u00e1 se estender at\u00e9 2025.<\/p>\n<p><a href=\"https:\/\/www.suno.com.br\/noticias\/onu-exodo-venezuelano-53-milhoes\/\">Saiba mais: ONU: Venezuela ter\u00e1 \u00eaxodo de 5,3 milh\u00f5es de pessoas em 2019<\/a><\/p>\n<p>Em seu discurso de posse, logo ap\u00f3s prestar juramento, Maduro criticou a oposi\u00e7\u00e3o e a influ\u00eancia norte-americana na grave crise que afeta a <strong>Venezuela<\/strong>. Segundo ele, o pa\u00eds est\u00e1 no &#8220;centro de uma guerra mundial&#8221; que \u00e9 travada por &#8220;governos sat\u00e9lites dos <strong>Estados Unidos<\/strong>&#8220;. &#8220;Quem libertou a Col\u00f4mbia foi o ex\u00e9rcito de (Simon) Bol\u00edvar, n\u00e3o do Capit\u00e3o Am\u00e9rica.&#8221;<\/p>\n<p>Se referindo a opositores, Maduro declarou: &#8220;N\u00e3o h\u00e1 um s\u00f3 pa\u00eds onde n\u00e3o haja uma campanha persistente, di\u00e1ria, permanente, de 20 anos de manipula\u00e7\u00e3o contra o comandante (Hugo) Chavez e este humilde trabalhador&#8221;<\/p>\n<p>Al\u00e9m da oposi\u00e7\u00e3o pol\u00edtica venezuelana, pa\u00edses como Estados Unidos e Canad\u00e1 e membros do <strong>Grupo de Lima<\/strong> (a qual o Brasil \u00e9 integrante) n\u00e3o reconhecem a legitimidade do novo mandato.<\/p>\n<p>Nesta tarde, a Organiza\u00e7\u00e3o dos Estados Latinos Americanos (<strong>OEA<\/strong>) tamb\u00e9m declarou n\u00e3o reconhecer o novo mandato de Maduro.<\/p>\n<p>Muitos pa\u00edses latino-americanos, incluindo o Brasil, Estados Unidos e na\u00e7\u00f5es da <strong>Uni\u00e3o Europeia<\/strong>, n\u00e3o enviaram nenhum representante para a posse. O <strong>Paraguai<\/strong> comunicou que rompeu rela\u00e7\u00f5es diplom\u00e1ticas com a Venezuela.<\/p>\n<p><a href=\"https:\/\/www.suno.com.br\/noticias\/vezenuela-retomada-operacoes-goodyear\/\">Saiba mais: Venezuela ordena retomada das opera\u00e7\u00f5es da Goodyear no pa\u00eds<\/a><\/p>\n<p>Mesmo com as declara\u00e7\u00f5es de perda de legitimidade, representantes de outras pa\u00edses compareceram \u00e0 posse. Entre eles:<\/p>\n<ul>\n<li>Evo Morales, presidente da Bol\u00edvia;<\/li>\n<li>Miguel D\u00edaz-Cane, presidente de Cuba;<\/li>\n<li>Salvador S\u00e1nchez Cer\u00e9n, presidente de El Salvador;<\/li>\n<li>Gleice Hoffmann, eleita deputada federal pelo PT e presidente da sigla;<\/li>\n<\/ul>\n<p>De acordo com o jornal &#8220;El Universal&#8221;, estiveram na posse ainda o secret\u00e1rio-geral da Organiza\u00e7\u00e3o dos Pa\u00edses Exportadores de Petr\u00f3leo (Opep) e delega\u00e7\u00f5es de Ir\u00e3, Trinidad e Tobago, Irlanda, Bielorr\u00fassia, R\u00fassia, Arg\u00e9lia e \u00c1frica do Sul. O vice-presidente da Turquia, Fuat Oktay, tamb\u00e9m acompanhou a cerim\u00f4nia.<\/p>\n<p>Para se sustentar no cargo, Nicol\u00e1s Maduro conta com o apoio do Supremo e da For\u00e7a Armada Nacional Bolivariana.<\/p>\n<h2>Constitui\u00e7\u00e3o<\/h2>\n<p>Desrespeitando a Constitui\u00e7\u00e3o, Maduro n\u00e3o fez o juramento diante da <strong>Assembl\u00e9ia Nacional<\/strong>, que \u00e9 composta por maioria opositora. Al\u00e9m disso, a institui\u00e7\u00e3o n\u00e3o reconhece o a legitimidade do mandato de Maduro. Por outro lado, o presidente venezuelano n\u00e3o aceita a autoridade da casa e considera o que o Parlamento est\u00e1 em &#8220;situa\u00e7\u00e3o de desacato&#8221;.<\/p>\n<h2>Elei\u00e7\u00f5es contestadas<\/h2>\n<p>Sob den\u00fancias de fraudes e com alta absten\u00e7\u00e3o, Maduro foi reeleito com quase 70% dos votos.<\/p>\n<p>O pleito presidencial foi boicotado pela oposi\u00e7\u00e3o sob alega\u00e7\u00e3o de que as elei\u00e7\u00f5es eram um processo para perpetuar <strong>Nicol\u00e1s Maduro<\/strong> no poder da <strong>Venezuela<\/strong>. A <strong>Mesa da Unidade Democr\u00e1tica<\/strong> (MUD) se recusou a participar da campanha. Ademais, dois dos maiores opositores de Maduro, Leopoldo Lopez e Henrique Capriles,\u00a0 foram impendidos de se candidatar a qualquer cargo por um per\u00edodo de 15 anos.<\/p>\n","protected":false},"excerpt":{"rendered":"<p>Nicol\u00e1s Maduro tomou posse de seu segundo mandato na presid\u00eancia da Venezuela nesta quinta-feira (10). Maduro dissolver\u00e1 Parlamento nesta segunda-feira, afirma Guaid\u00f3 O evento ocorreu no Supremo venezuelano pois a Assembl\u00e9ia Nacional, dominada por opositores,\u00a0 n\u00e3o reconhece a legitimidade do segundo mandato de\u00a0Nicol\u00e1s Maduro.\u00a0O mandato de Maduro ir\u00e1 se estender at\u00e9 2025. Saiba mais: ONU: [&hellip;]<\/p>\n","protected":false},"author":14,"featured_media":3400,"comment_status":"closed","ping_status":"closed","sticky":false,"template":"","format":"standard","meta":[],"categories":[63],"tags":[793,805,804],"suno_strategy":[],"class_list":["post-11174","post","type-post","status-publish","format-standard","has-post-thumbnail","hentry","category-internacional","tag-estados-unidos-eua","tag-nicolas-maduro","tag-venezuela"],"yoast_head":"<!-- This site is optimized with the Yoast SEO plugin v24.4 - https:\/\/yoast.com\/wordpress\/plugins\/seo\/ -->\n<title>Nicol\u00e1s Maduro toma posse e assume segundo mandato na Venezuela<\/title>\n<meta name=\"description\" content=\"O presidente da Venezuela Nicol\u00e1s Maduro tomou posse nesta quinta-feira sob forte contesta\u00e7\u00e3o pol\u00edtica. Clique para saber mais.\" \/>\n<meta name=\"robots\" content=\"index, follow, max-snippet:-1, max-image-preview:large, max-video-preview:-1\" \/>\n<link rel=\"canonical\" href=\"https:\/\/www.suno.com.br\/noticias\/maduro-toma-posse-assume-mandato-venezuela\/\" \/>\n<meta property=\"og:locale\" content=\"pt_BR\" \/>\n<meta property=\"og:type\" content=\"article\" \/>\n<meta property=\"og:title\" content=\"Nicol\u00e1s Maduro toma posse e assume segundo mandato na Venezuela\" \/>\n<meta property=\"og:description\" content=\"O presidente da Venezuela Nicol\u00e1s Maduro tomou posse nesta quinta-feira sob forte contesta\u00e7\u00e3o pol\u00edtica. Clique para saber mais.\" \/>\n<meta property=\"og:url\" content=\"https:\/\/www.suno.com.br\/noticias\/maduro-toma-posse-assume-mandato-venezuela\/\" \/>\n<meta property=\"og:site_name\" content=\"Suno Not\u00edcias\" \/>\n<meta property=\"article:publisher\" content=\"https:\/\/facebook.com\/sunoresearch\" \/>\n<meta property=\"og:image\" content=\"https:\/\/files.sunoresearch.com.br\/n\/uploads\/2018\/09\/0fe5e4bc-madurocarabobo11372107284111.jpg\" \/>\n\t<meta property=\"og:image:width\" content=\"800\" \/>\n\t<meta property=\"og:image:height\" content=\"527\" \/>\n\t<meta property=\"og:image:type\" content=\"image\/jpeg\" \/>\n<meta name=\"author\" content=\"Renan Dantas\" \/>\n<meta name=\"twitter:card\" content=\"summary_large_image\" \/>\n<meta name=\"twitter:creator\" content=\"@sunoresearch\" \/>\n<meta name=\"twitter:site\" content=\"@sunoresearch\" \/>\n<meta name=\"twitter:label1\" content=\"Escrito por\" \/>\n\t<meta name=\"twitter:data1\" content=\"Renan Dantas\" \/>\n\t<meta name=\"twitter:label2\" content=\"Est. tempo de leitura\" \/>\n\t<meta name=\"twitter:data2\" content=\"3 minutos\" \/>\n<script type=\"application\/ld+json\" class=\"yoast-schema-graph\">{\"@context\":\"https:\/\/schema.org\",\"@graph\":[{\"@type\":\"NewsArticle\",\"@id\":\"https:\/\/www.suno.com.br\/noticias\/maduro-toma-posse-assume-mandato-venezuela\/#article\",\"isPartOf\":{\"@id\":\"https:\/\/www.suno.com.br\/noticias\/maduro-toma-posse-assume-mandato-venezuela\/\"},\"author\":{\"name\":\"Renan Dantas\",\"@id\":\"https:\/\/www.suno.com.br\/noticias\/#\/schema\/person\/3f7693d5795a3f6d5ce15309ee785699\"},\"headline\":\"Nicol\u00e1s Maduro toma posse e assume segundo mandato na Venezuela\",\"datePublished\":\"2019-01-10T18:12:31+00:00\",\"dateModified\":\"2019-01-10T18:26:35+00:00\",\"mainEntityOfPage\":{\"@id\":\"https:\/\/www.suno.com.br\/noticias\/maduro-toma-posse-assume-mandato-venezuela\/\"},\"wordCount\":559,\"publisher\":{\"@id\":\"https:\/\/www.suno.com.br\/noticias\/#organization\"},\"image\":{\"@id\":\"https:\/\/www.suno.com.br\/noticias\/maduro-toma-posse-assume-mandato-venezuela\/#primaryimage\"},\"thumbnailUrl\":\"https:\/\/files.sunoresearch.com.br\/n\/uploads\/2018\/09\/0fe5e4bc-madurocarabobo11372107284111-jpg.webp\",\"keywords\":[\"Estados Unidos (EUA)\",\"Nicol\u00e1s Maduro\",\"Venezuela\"],\"articleSection\":[\"Internacional\"],\"inLanguage\":\"pt-BR\"},{\"@type\":\"WebPage\",\"@id\":\"https:\/\/www.suno.com.br\/noticias\/maduro-toma-posse-assume-mandato-venezuela\/\",\"url\":\"https:\/\/www.suno.com.br\/noticias\/maduro-toma-posse-assume-mandato-venezuela\/\",\"name\":\"Nicol\u00e1s Maduro toma posse e assume segundo mandato na Venezuela\",\"isPartOf\":{\"@id\":\"https:\/\/www.suno.com.br\/noticias\/#website\"},\"primaryImageOfPage\":{\"@id\":\"https:\/\/www.suno.com.br\/noticias\/maduro-toma-posse-assume-mandato-venezuela\/#primaryimage\"},\"image\":{\"@id\":\"https:\/\/www.suno.com.br\/noticias\/maduro-toma-posse-assume-mandato-venezuela\/#primaryimage\"},\"thumbnailUrl\":\"https:\/\/files.sunoresearch.com.br\/n\/uploads\/2018\/09\/0fe5e4bc-madurocarabobo11372107284111-jpg.webp\",\"datePublished\":\"2019-01-10T18:12:31+00:00\",\"dateModified\":\"2019-01-10T18:26:35+00:00\",\"description\":\"O presidente da Venezuela Nicol\u00e1s Maduro tomou posse nesta quinta-feira sob forte contesta\u00e7\u00e3o pol\u00edtica. Clique para saber mais.\",\"breadcrumb\":{\"@id\":\"https:\/\/www.suno.com.br\/noticias\/maduro-toma-posse-assume-mandato-venezuela\/#breadcrumb\"},\"inLanguage\":\"pt-BR\",\"potentialAction\":[{\"@type\":\"ReadAction\",\"target\":[\"https:\/\/www.suno.com.br\/noticias\/maduro-toma-posse-assume-mandato-venezuela\/\"]}]},{\"@type\":\"ImageObject\",\"inLanguage\":\"pt-BR\",\"@id\":\"https:\/\/www.suno.com.br\/noticias\/maduro-toma-posse-assume-mandato-venezuela\/#primaryimage\",\"url\":\"https:\/\/files.sunoresearch.com.br\/n\/uploads\/2018\/09\/0fe5e4bc-madurocarabobo11372107284111-jpg.webp\",\"contentUrl\":\"https:\/\/files.sunoresearch.com.br\/n\/uploads\/2018\/09\/0fe5e4bc-madurocarabobo11372107284111-jpg.webp\",\"width\":800,\"height\":527,\"caption\":\"Maduro dissolver\u00e1 Parlamento nesta segunda-feira, afirma Guaid\u00f3\"},{\"@type\":\"BreadcrumbList\",\"@id\":\"https:\/\/www.suno.com.br\/noticias\/maduro-toma-posse-assume-mandato-venezuela\/#breadcrumb\",\"itemListElement\":[{\"@type\":\"ListItem\",\"position\":1,\"name\":\"Not\u00edcias\",\"item\":\"https:\/\/www.suno.com.br\/noticias\/\"},{\"@type\":\"ListItem\",\"position\":2,\"name\":\"Internacional\",\"item\":\"https:\/\/www.suno.com.br\/noticias\/internacional\/\"},{\"@type\":\"ListItem\",\"position\":3,\"name\":\"Nicol\u00e1s Maduro toma posse e assume segundo mandato na Venezuela\"}]},{\"@type\":\"WebSite\",\"@id\":\"https:\/\/www.suno.com.br\/noticias\/#website\",\"url\":\"https:\/\/www.suno.com.br\/noticias\/\",\"name\":\"Suno Not\u00edcias\",\"description\":\"Seu portal de informa\u00e7\u00e3o sobre o mundo dos investimentos\",\"publisher\":{\"@id\":\"https:\/\/www.suno.com.br\/noticias\/#organization\"},\"potentialAction\":[{\"@type\":\"SearchAction\",\"target\":{\"@type\":\"EntryPoint\",\"urlTemplate\":\"https:\/\/www.suno.com.br\/noticias\/?s={search_term_string}\"},\"query-input\":{\"@type\":\"PropertyValueSpecification\",\"valueRequired\":true,\"valueName\":\"search_term_string\"}}],\"inLanguage\":\"pt-BR\"},{\"@type\":\"Organization\",\"@id\":\"https:\/\/www.suno.com.br\/noticias\/#organization\",\"name\":\"Suno Not\u00edcias\",\"url\":\"https:\/\/www.suno.com.br\/noticias\/\",\"logo\":{\"@type\":\"ImageObject\",\"inLanguage\":\"pt-BR\",\"@id\":\"https:\/\/www.suno.com.br\/noticias\/#\/schema\/logo\/image\/\",\"url\":\"https:\/\/files.sunoresearch.com.br\/n\/uploads\/2021\/09\/suno-logo.png\",\"contentUrl\":\"https:\/\/files.sunoresearch.com.br\/n\/uploads\/2021\/09\/suno-logo.png\",\"width\":180,\"height\":180,\"caption\":\"Suno Not\u00edcias\"},\"image\":{\"@id\":\"https:\/\/www.suno.com.br\/noticias\/#\/schema\/logo\/image\/\"},\"sameAs\":[\"https:\/\/facebook.com\/sunoresearch\",\"https:\/\/x.com\/sunoresearch\",\"https:\/\/www.instagram.com\/suno\",\"https:\/\/www.linkedin.com\/company\/suno-research\/\",\"https:\/\/www.youtube.com\/c\/sunoresearch\"]},{\"@type\":\"Person\",\"@id\":\"https:\/\/www.suno.com.br\/noticias\/#\/schema\/person\/3f7693d5795a3f6d5ce15309ee785699\",\"name\":\"Renan Dantas\",\"image\":{\"@type\":\"ImageObject\",\"inLanguage\":\"pt-BR\",\"@id\":\"https:\/\/www.suno.com.br\/noticias\/#\/schema\/person\/image\/\",\"url\":\"https:\/\/secure.gravatar.com\/avatar\/1787b83e7484a08e51d62ac8b41c8396?s=96&r=g\",\"contentUrl\":\"https:\/\/secure.gravatar.com\/avatar\/1787b83e7484a08e51d62ac8b41c8396?s=96&r=g\",\"caption\":\"Renan Dantas\"},\"description\":\"Escreve sobre pol\u00edtica e mercado financeiro para o portal Suno Not\u00edcias. Antes, atuou na assessoria de comunica\u00e7\u00e3o do Minist\u00e9rio P\u00fablico do Trabalho e na R\u00e1dio Mackenzie, onde apresentava e produzia um programa sobre artistas da m\u00fasica brasileira. \u00c9 estudante na Universidade Presbiteriana Mackenzie.\",\"url\":\"https:\/\/www.suno.com.br\/noticias\/author\/renan-dantas\/\"}]}<\/script>\n<!-- \/ Yoast SEO plugin. -->","yoast_head_json":{"title":"Nicol\u00e1s Maduro toma posse e assume segundo mandato na Venezuela","description":"O presidente da Venezuela Nicol\u00e1s Maduro tomou posse nesta quinta-feira sob forte contesta\u00e7\u00e3o pol\u00edtica. Clique para saber mais.","robots":{"index":"index","follow":"follow","max-snippet":"max-snippet:-1","max-image-preview":"max-image-preview:large","max-video-preview":"max-video-preview:-1"},"canonical":"https:\/\/www.suno.com.br\/noticias\/maduro-toma-posse-assume-mandato-venezuela\/","og_locale":"pt_BR","og_type":"article","og_title":"Nicol\u00e1s Maduro toma posse e assume segundo mandato na Venezuela","og_description":"O presidente da Venezuela Nicol\u00e1s Maduro tomou posse nesta quinta-feira sob forte contesta\u00e7\u00e3o pol\u00edtica. Clique para saber mais.","og_url":"https:\/\/www.suno.com.br\/noticias\/maduro-toma-posse-assume-mandato-venezuela\/","og_site_name":"Suno Not\u00edcias","article_publisher":"https:\/\/facebook.com\/sunoresearch","og_image":[{"width":800,"height":527,"url":"https:\/\/files.sunoresearch.com.br\/n\/uploads\/2018\/09\/0fe5e4bc-madurocarabobo11372107284111.jpg","type":"image\/jpeg"}],"author":"Renan Dantas","twitter_card":"summary_large_image","twitter_creator":"@sunoresearch","twitter_site":"@sunoresearch","twitter_misc":{"Escrito por":"Renan Dantas","Est. tempo de leitura":"3 minutos"},"schema":{"@context":"https:\/\/schema.org","@graph":[{"@type":"NewsArticle","@id":"https:\/\/www.suno.com.br\/noticias\/maduro-toma-posse-assume-mandato-venezuela\/#article","isPartOf":{"@id":"https:\/\/www.suno.com.br\/noticias\/maduro-toma-posse-assume-mandato-venezuela\/"},"author":{"name":"Renan Dantas","@id":"https:\/\/www.suno.com.br\/noticias\/#\/schema\/person\/3f7693d5795a3f6d5ce15309ee785699"},"headline":"Nicol\u00e1s Maduro toma posse e assume segundo mandato na Venezuela","datePublished":"2019-01-10T18:12:31+00:00","dateModified":"2019-01-10T18:26:35+00:00","mainEntityOfPage":{"@id":"https:\/\/www.suno.com.br\/noticias\/maduro-toma-posse-assume-mandato-venezuela\/"},"wordCount":559,"publisher":{"@id":"https:\/\/www.suno.com.br\/noticias\/#organization"},"image":{"@id":"https:\/\/www.suno.com.br\/noticias\/maduro-toma-posse-assume-mandato-venezuela\/#primaryimage"},"thumbnailUrl":"https:\/\/files.sunoresearch.com.br\/n\/uploads\/2018\/09\/0fe5e4bc-madurocarabobo11372107284111-jpg.webp","keywords":["Estados Unidos (EUA)","Nicol\u00e1s Maduro","Venezuela"],"articleSection":["Internacional"],"inLanguage":"pt-BR"},{"@type":"WebPage","@id":"https:\/\/www.suno.com.br\/noticias\/maduro-toma-posse-assume-mandato-venezuela\/","url":"https:\/\/www.suno.com.br\/noticias\/maduro-toma-posse-assume-mandato-venezuela\/","name":"Nicol\u00e1s Maduro toma posse e assume segundo mandato na Venezuela","isPartOf":{"@id":"https:\/\/www.suno.com.br\/noticias\/#website"},"primaryImageOfPage":{"@id":"https:\/\/www.suno.com.br\/noticias\/maduro-toma-posse-assume-mandato-venezuela\/#primaryimage"},"image":{"@id":"https:\/\/www.suno.com.br\/noticias\/maduro-toma-posse-assume-mandato-venezuela\/#primaryimage"},"thumbnailUrl":"https:\/\/files.sunoresearch.com.br\/n\/uploads\/2018\/09\/0fe5e4bc-madurocarabobo11372107284111-jpg.webp","datePublished":"2019-01-10T18:12:31+00:00","dateModified":"2019-01-10T18:26:35+00:00","description":"O presidente da Venezuela Nicol\u00e1s Maduro tomou posse nesta quinta-feira sob forte contesta\u00e7\u00e3o pol\u00edtica. Clique para saber mais.","breadcrumb":{"@id":"https:\/\/www.suno.com.br\/noticias\/maduro-toma-posse-assume-mandato-venezuela\/#breadcrumb"},"inLanguage":"pt-BR","potentialAction":[{"@type":"ReadAction","target":["https:\/\/www.suno.com.br\/noticias\/maduro-toma-posse-assume-mandato-venezuela\/"]}]},{"@type":"ImageObject","inLanguage":"pt-BR","@id":"https:\/\/www.suno.com.br\/noticias\/maduro-toma-posse-assume-mandato-venezuela\/#primaryimage","url":"https:\/\/files.sunoresearch.com.br\/n\/uploads\/2018\/09\/0fe5e4bc-madurocarabobo11372107284111-jpg.webp","contentUrl":"https:\/\/files.sunoresearch.com.br\/n\/uploads\/2018\/09\/0fe5e4bc-madurocarabobo11372107284111-jpg.webp","width":800,"height":527,"caption":"Maduro dissolver\u00e1 Parlamento nesta segunda-feira, afirma Guaid\u00f3"},{"@type":"BreadcrumbList","@id":"https:\/\/www.suno.com.br\/noticias\/maduro-toma-posse-assume-mandato-venezuela\/#breadcrumb","itemListElement":[{"@type":"ListItem","position":1,"name":"Not\u00edcias","item":"https:\/\/www.suno.com.br\/noticias\/"},{"@type":"ListItem","position":2,"name":"Internacional","item":"https:\/\/www.suno.com.br\/noticias\/internacional\/"},{"@type":"ListItem","position":3,"name":"Nicol\u00e1s Maduro toma posse e assume segundo mandato na Venezuela"}]},{"@type":"WebSite","@id":"https:\/\/www.suno.com.br\/noticias\/#website","url":"https:\/\/www.suno.com.br\/noticias\/","name":"Suno Not\u00edcias","description":"Seu portal de informa\u00e7\u00e3o sobre o mundo dos investimentos","publisher":{"@id":"https:\/\/www.suno.com.br\/noticias\/#organization"},"potentialAction":[{"@type":"SearchAction","target":{"@type":"EntryPoint","urlTemplate":"https:\/\/www.suno.com.br\/noticias\/?s={search_term_string}"},"query-input":{"@type":"PropertyValueSpecification","valueRequired":true,"valueName":"search_term_string"}}],"inLanguage":"pt-BR"},{"@type":"Organization","@id":"https:\/\/www.suno.com.br\/noticias\/#organization","name":"Suno Not\u00edcias","url":"https:\/\/www.suno.com.br\/noticias\/","logo":{"@type":"ImageObject","inLanguage":"pt-BR","@id":"https:\/\/www.suno.com.br\/noticias\/#\/schema\/logo\/image\/","url":"https:\/\/files.sunoresearch.com.br\/n\/uploads\/2021\/09\/suno-logo.png","contentUrl":"https:\/\/files.sunoresearch.com.br\/n\/uploads\/2021\/09\/suno-logo.png","width":180,"height":180,"caption":"Suno Not\u00edcias"},"image":{"@id":"https:\/\/www.suno.com.br\/noticias\/#\/schema\/logo\/image\/"},"sameAs":["https:\/\/facebook.com\/sunoresearch","https:\/\/x.com\/sunoresearch","https:\/\/www.instagram.com\/suno","https:\/\/www.linkedin.com\/company\/suno-research\/","https:\/\/www.youtube.com\/c\/sunoresearch"]},{"@type":"Person","@id":"https:\/\/www.suno.com.br\/noticias\/#\/schema\/person\/3f7693d5795a3f6d5ce15309ee785699","name":"Renan Dantas","image":{"@type":"ImageObject","inLanguage":"pt-BR","@id":"https:\/\/www.suno.com.br\/noticias\/#\/schema\/person\/image\/","url":"https:\/\/secure.gravatar.com\/avatar\/1787b83e7484a08e51d62ac8b41c8396?s=96&r=g","contentUrl":"https:\/\/secure.gravatar.com\/avatar\/1787b83e7484a08e51d62ac8b41c8396?s=96&r=g","caption":"Renan Dantas"},"description":"Escreve sobre pol\u00edtica e mercado financeiro para o portal Suno Not\u00edcias. Antes, atuou na assessoria de comunica\u00e7\u00e3o do Minist\u00e9rio P\u00fablico do Trabalho e na R\u00e1dio Mackenzie, onde apresentava e produzia um programa sobre artistas da m\u00fasica brasileira. \u00c9 estudante na Universidade Presbiteriana Mackenzie.","url":"https:\/\/www.suno.com.br\/noticias\/author\/renan-dantas\/"}]}},"default_loop_html":"<div class=\"cardsPage__listCard__boxs\"><div class=\"cardsPage__listCard__boxs__img\"><a href=\"https:\/\/www.suno.com.br\/noticias\/maduro-toma-posse-assume-mandato-venezuela\/\"><img class=\"mask\" src=\"https:\/\/www.suno.com.br\/noticias\/wp-content\/themes\/suno\/resources\/images\/spotlight\/spotlight1img\/bg-mask.png\" alt=\"Image Mask\"\/><img src=\"https:\/\/files.sunoresearch.com.br\/n\/uploads\/2018\/09\/0fe5e4bc-madurocarabobo11372107284111-400x200.webp\" alt=\"Nicol\u00e1s Maduro toma posse e assume segundo mandato na Venezuela\"\/><\/a><span class=\"spotlightCategory\"><a href=\"https:\/\/www.suno.com.br\/noticias\/internacional\/\">Internacional<\/a><\/span><\/div><div class=\"cardsPage__listCard__boxs__content\"><a href=\"https:\/\/www.suno.com.br\/noticias\/maduro-toma-posse-assume-mandato-venezuela\/\"><h2 class=\"content__title\">Nicol\u00e1s Maduro toma posse e assume segundo mandato na Venezuela<\/h2><\/a><div class=\"newsContent__article__meta\"><div class=\"newsContent__article__meta__authorBox\"><a href=\"https:\/\/www.suno.com.br\/noticias\/author\/renan-dantas\/\" class=\"authorBox__avatar noMobi\"><img src=\"https:\/\/secure.gravatar.com\/avatar\/1787b83e7484a08e51d62ac8b41c8396?s=96&#038;r=g\" alt=\"Renan Dantas\"><\/a><div class=\"authorBox__name\"><span>por\n\t\t\t<a href=\"https:\/\/www.suno.com.br\/noticias\/author\/renan-dantas\/\"><span itemprop=\"author\">Renan Dantas<\/span><\/a><\/span><time datetime=\"2019-01-10T16:12:31-02:00\" itemprop=\"datePublished\">10\/01\/2019 16:12<\/time><\/div><\/div><\/div><\/div><\/div>","single_layout":"posts","amp_enabled":true,"_links":{"self":[{"href":"https:\/\/www.suno.com.br\/noticias\/wp-json\/wp\/v2\/posts\/11174"}],"collection":[{"href":"https:\/\/www.suno.com.br\/noticias\/wp-json\/wp\/v2\/posts"}],"about":[{"href":"https:\/\/www.suno.com.br\/noticias\/wp-json\/wp\/v2\/types\/post"}],"author":[{"embeddable":true,"href":"https:\/\/www.suno.com.br\/noticias\/wp-json\/wp\/v2\/users\/14"}],"replies":[{"embeddable":true,"href":"https:\/\/www.suno.com.br\/noticias\/wp-json\/wp\/v2\/comments?post=11174"}],"version-history":[{"count":0,"href":"https:\/\/www.suno.com.br\/noticias\/wp-json\/wp\/v2\/posts\/11174\/revisions"}],"wp:featuredmedia":[{"embeddable":true,"href":"https:\/\/www.suno.com.br\/noticias\/wp-json\/wp\/v2\/media\/3400"}],"wp:attachment":[{"href":"https:\/\/www.suno.com.br\/noticias\/wp-json\/wp\/v2\/media?parent=11174"}],"wp:term":[{"taxonomy":"category","embeddable":true,"href":"https:\/\/www.suno.com.br\/noticias\/wp-json\/wp\/v2\/categories?post=11174"},{"taxonomy":"post_tag","embeddable":true,"href":"https:\/\/www.suno.com.br\/noticias\/wp-json\/wp\/v2\/tags?post=11174"},{"taxonomy":"suno_strategy","embeddable":true,"href":"https:\/\/www.suno.com.br\/noticias\/wp-json\/wp\/v2\/suno_strategy?post=11174"}],"curies":[{"name":"wp","href":"https:\/\/api.w.org\/{rel}","templated":true}]}}