{"id":111591,"date":"2021-01-07T15:55:15","date_gmt":"2021-01-07T18:55:15","guid":{"rendered":"https:\/\/www.suno.com.br\/noticias\/?p=111591"},"modified":"2021-01-07T15:55:15","modified_gmt":"2021-01-07T18:55:15","slug":"seguro-desemprego-solicitacoes-crescem-2020","status":"publish","type":"post","link":"https:\/\/www.suno.com.br\/noticias\/seguro-desemprego-solicitacoes-crescem-2020\/","title":{"rendered":"Seguro desemprego: solicita\u00e7\u00f5es avan\u00e7am 1,9% em 2020"},"content":{"rendered":"<p>A Secretaria Especial de Previd\u00eancia e Trabalho do <a href=\"https:\/\/www.suno.com.br\/artigos\/ministerio-da-economia\/\">Minist\u00e9rio da Economia<\/a> divulgou dados nesta quinta-feira (7) apontando que em 2020, o total de pedidos de seguro <strong>desemprego<\/strong> avan\u00e7aram 1,9% ante 2019.<\/p>\t<div class=\"wrapper-featured-image\">\n\t\t<figure class=\"spotlightImg\">\n\n\t\t\t<picture>\n\t\t\t\t<source media=\"(max-width: 768px)\" srcset=\"https:\/\/files.sunoresearch.com.br\/n\/uploads\/2021\/01\/18452bd8-desemprego-400x200.webp\">\n\t\t\t\t<img loading=\"lazy\" decoding=\"async\" class=\"newsContent__article__imgCapa lazyloadDisabled \" src=\"https:\/\/files.sunoresearch.com.br\/n\/uploads\/2021\/01\/18452bd8-desemprego-jpg.webp\" width=\"800\" height=\"450\" alt=\"Seguro desemprego: solicita\u00e7\u00f5es avan\u00e7am 1,9% em 2020\" fetchpriority=high \/>\n\t\t\t<\/picture>\n\n\t\t\t<figcaption class=\"wp-caption-text wp-caption-text--show\">Em 2020 o total de pedidos de seguro desemprego avan\u00e7aram 1,9%.<\/figcaption>\n\t\t<\/figure>\n\t<\/div>\n\n\n\t<p>\n\t\t<a href=\"https:\/\/lp.suno.com.br\/planilha-controle-gastos\/\" target=\"_blank\" data-element=\"shortcode-suno-banner\" title=\"Banner SUNO, clique e saiba mais\">\n\t\t\t<picture>\n\t\t\t\t<source media=\"(max-width: 500px)\" srcset=\"https:\/\/files.sunoresearch.com.br\/n\/uploads\/2023\/03\/400x300-Planilha-controle-de-gastos.png\">\n\t\t\t\t<img class=\"newsContent__article__imgCapa newsContent__article__imgCapa--banner\"\n\t\t\t\t\tsrc=\"https:\/\/files.sunoresearch.com.br\/n\/uploads\/2023\/03\/1420x240-Planilha-controle-de-gastos.png\"\n\t\t\t\t\tdata-promo-id=\"101751\"\t\t\t\t\t\t\t\t\t\twidth='1420' height='240'\t\t\t\t\talt=\"https:\/\/files.sunoresearch.com.br\/n\/uploads\/2023\/03\/1420x240-Planilha-controle-de-gastos.png\"\n\t\t\t\t>\n\t\t\t<\/picture>\n\t\t<\/a>\n\t<\/p>\n\n\n<p>No ano passado, o total de <strong>pedidos do seguro desemprego<\/strong> chegou a 6.784.102, enquanto em 2019 o total de solicita\u00e7\u00f5es do benef\u00edcio ficava em 6.655.945.<\/p>\n<p>Embora o total de solicita\u00e7\u00f5es do benef\u00edcio tenha aumentado na compara\u00e7\u00e3o anual, os \u00faltimos meses de 2020 mostraram uma queda nos pedidos. Em dezembro, ante novembro, a queda foi de 4,6%. Al\u00e9m disso, em dezembro de 2020 o n\u00famero de pedidos caiu 2% ante o mesmo m\u00eas em 2019.<\/p>\n<p><a href=\"https:\/\/lp.suno.com.br\/suno-one\/\">Suno One: acesse gratuitamente eBooks, Minicursos, Artigos e Video Aulas sobre investimentos com um \u00fanico cadastro. Clique para saber mais!<\/a><\/p>\n<p>Em rela\u00e7\u00e3o aos setores, os dados do <strong>Minist\u00e9rio da Economia<\/strong> mostram que o<a href=\"https:\/\/www.suno.com.br\/artigos\/como-analisar-um-setor\/\"><strong> setor de servi\u00e7os<\/strong> <\/a>foi o que mais solicitou o benef\u00edcio em 2020, uma vez que foi respons\u00e1vel por 41% dos requerimentos.<\/p>\n<p>O setor de com\u00e9rcio, por sua vez, fez 26,6% das solicita\u00e7\u00f5es, ao passo que a ind\u00fastria solicitou 17,1% do total. J\u00e1 o setor de constru\u00e7\u00e3o pediu 9,4%, enquanto os trabalhadores da agropecu\u00e1ria pediram 4,9% do total.<\/p>\n<p>Dos trabalhadores que pediram o benef\u00edcio, 59,8% foram <strong>homens<\/strong> e 40,2% foram <strong>mulheres.<\/strong> Al\u00e9m disso, a pasta informou que a pessoas com idades entre 30 a 39 anos foram as que mais requereram o <strong>aux\u00edlio desemprego<\/strong>, sendo respons\u00e1veis por 33% dos pedidos.<\/p>\n\t<div data-element=\"shortcode-read-more\" class=\"knowMore\">\n\t\t\t\t<span class=\"knowMore__title\">Veja tamb\u00e9m<\/span>\n\t\t\t\t<a class=\"knowMore__link\" href=\"https:\/\/www.suno.com.br\/noticias\/estados-unidos-novos-pedidos-de-seguro-desemprego-cai-pouco\/\">\n\t\t\tSeguro-desemprego: n\u00famero de novos pedidos cai pouco nos EUA, mas anima\t\t<\/a>\n\t<\/div>\n\n\n<p>Vale destacar que em novembro do ano passado, o Pa\u00eds criou 414.556 empregos com carteira assinada, o que fez com que o m\u00eas fosse o quinto seguido em que a gera\u00e7\u00e3o de empregos foi maior do que as demiss\u00f5es.<\/p>\n<h2>Taxa de desemprego de 14,6%<\/h2>\n<p>De acordo com dados do <a href=\"https:\/\/www.suno.com.br\/artigos\/ibge\/\">Instituto Brasileiro de Geografia e Estat\u00edstica <strong>(IBGE),<\/strong>\u00a0<\/a>a <strong>taxa de desemprego <\/strong>no Brasil ficou em 14,6% no terceiro trimestre do ano passado.<\/p>\n<p>Nesse sentido, a taxa de desemprego foi a maior da s\u00e9rie hist\u00f3rica da <strong>Pnad Cont\u00ednua,<\/strong> iniciada em 2012. Vale lembrar que no terceiro trimestre de 2019, a taxa de desocupa\u00e7\u00e3o estava em 11,8%.<\/p>\n<p>J\u00e1 a popula\u00e7\u00e3o desocupada ficou em 14,092 milh\u00f5es no per\u00edodo, de acordo com os dados da <strong>Pnad<\/strong> Cont\u00ednua. Na compara\u00e7\u00e3o com o segundo trimestre, o contingente de desocupados cresceu 10,2%, com 1,302 milh\u00e3o de brasileiro a mais no desemprego. Ante um ano atr\u00e1s, a alta foi de 12,6%, com 1,577 milh\u00e3o de desocupados a mais.<\/p>\n\t<p>\n\t\t<a href=\"https:\/\/lp.suno.com.br\/ebook-como-analisar-uma-acao\/\" target=\"_blank\" data-element=\"shortcode-suno-banner\" title=\"Banner SUNO, clique e saiba mais\">\n\t\t\t<picture>\n\t\t\t\t<source media=\"(max-width: 500px)\" srcset=\"https:\/\/files.sunoresearch.com.br\/n\/uploads\/2023\/03\/Ebook-Acoes-Mobile.jpg\">\n\t\t\t\t<img class=\"newsContent__article__imgCapa newsContent__article__imgCapa--banner\"\n\t\t\t\t\tsrc=\"https:\/\/files.sunoresearch.com.br\/n\/uploads\/2023\/03\/Ebook-Acoes-Desktop.jpg\"\n\t\t\t\t\tdata-promo-id=\"378302\"\t\t\t\t\t\t\t\t\t\twidth='1420' height='286'\t\t\t\t\talt=\"https:\/\/files.sunoresearch.com.br\/n\/uploads\/2023\/03\/Ebook-Acoes-Desktop.jpg\"\n\t\t\t\t>\n\t\t\t<\/picture>\n\t\t<\/a>\n\t<\/p>\n\n\n<p>Vale lembrar que A taxa de<strong> desemprego<\/strong> no trimestre de junho a agosto ficou em 14,4%, a mais alta da s\u00e9rie hist\u00f3rica at\u00e9 ent\u00e3o. Na \u00e9poca, o n\u00famero de desempregados atingiu 13,8 milh\u00f5es, aumento de 8,5% em compara\u00e7\u00e3o com o trimestre de mar\u00e7o a maio.<\/p>\n\t<p>\n\t\t<a href=\"https:\/\/lp.suno.com.br\/planilha-de-controle-de-investimentos\/\" target=\"_blank\" data-element=\"shortcode-suno-banner\" title=\"Banner SUNO, clique e saiba mais\">\n\t\t\t<picture>\n\t\t\t\t<source media=\"(max-width: 500px)\" srcset=\"https:\/\/files.sunoresearch.com.br\/n\/uploads\/2023\/03\/400x300-Controle-de-Investimentos.png\">\n\t\t\t\t<img class=\"newsContent__article__imgCapa newsContent__article__imgCapa--banner\"\n\t\t\t\t\tsrc=\"https:\/\/files.sunoresearch.com.br\/n\/uploads\/2023\/03\/1420x240-Controle-de-Investimentos.png\"\n\t\t\t\t\tdata-promo-id=\"75934\"\t\t\t\t\t\t\t\t\t\twidth='1420' height='240'\t\t\t\t\talt=\"https:\/\/files.sunoresearch.com.br\/n\/uploads\/2023\/03\/1420x240-Controle-de-Investimentos.png\"\n\t\t\t\t>\n\t\t\t<\/picture>\n\t\t<\/a>\n\t<\/p>\n\n\n","protected":false},"excerpt":{"rendered":"<p>A Secretaria Especial de Previd\u00eancia e Trabalho do Minist\u00e9rio da Economia divulgou dados nesta quinta-feira (7) apontando que em 2020, o total de pedidos de seguro desemprego avan\u00e7aram 1,9% ante 2019. Em 2020 o total de pedidos de seguro desemprego avan\u00e7aram 1,9%. No ano passado, o total de pedidos do seguro desemprego chegou a 6.784.102, [&hellip;]<\/p>\n","protected":false},"author":39,"featured_media":111600,"comment_status":"closed","ping_status":"closed","sticky":false,"template":"","format":"standard","meta":[],"categories":[62,65],"tags":[1296,909,2274],"suno_strategy":[],"class_list":["post-111591","post","type-post","status-publish","format-standard","has-post-thumbnail","hentry","category-economia","category-financas-pessoais","tag-desemprego","tag-ministerio-da-economia","tag-seguro-desemprego"],"yoast_head":"<!-- This site is optimized with the Yoast SEO plugin v24.4 - https:\/\/yoast.com\/wordpress\/plugins\/seo\/ -->\n<title>Seguro desemprego: solicita\u00e7\u00f5es avan\u00e7am 1,9% em 2020<\/title>\n<meta name=\"description\" content=\"O Minist\u00e9rio da Economia divulgou dados apontando que em 2020 o total de pedidos de seguro desemprego avan\u00e7aram 1,9%. Clique aqui e saiba mais\" \/>\n<meta name=\"robots\" content=\"index, follow, max-snippet:-1, max-image-preview:large, max-video-preview:-1\" \/>\n<link rel=\"canonical\" href=\"https:\/\/www.suno.com.br\/noticias\/seguro-desemprego-solicitacoes-crescem-2020\/\" \/>\n<meta property=\"og:locale\" content=\"pt_BR\" \/>\n<meta property=\"og:type\" content=\"article\" \/>\n<meta property=\"og:title\" content=\"Seguro desemprego: solicita\u00e7\u00f5es avan\u00e7am 1,9% em 2020\" \/>\n<meta property=\"og:description\" content=\"O Minist\u00e9rio da Economia divulgou dados apontando que em 2020 o total de pedidos de seguro desemprego avan\u00e7aram 1,9%. Clique aqui e saiba mais\" \/>\n<meta property=\"og:url\" content=\"https:\/\/www.suno.com.br\/noticias\/seguro-desemprego-solicitacoes-crescem-2020\/\" \/>\n<meta property=\"og:site_name\" content=\"Suno Not\u00edcias\" \/>\n<meta property=\"article:publisher\" content=\"https:\/\/facebook.com\/sunoresearch\" \/>\n<meta property=\"og:image\" content=\"https:\/\/files.sunoresearch.com.br\/n\/uploads\/2021\/01\/18452bd8-desemprego.jpg\" \/>\n\t<meta property=\"og:image:width\" content=\"400\" \/>\n\t<meta property=\"og:image:height\" content=\"400\" \/>\n\t<meta property=\"og:image:type\" content=\"image\/jpeg\" \/>\n<meta name=\"author\" content=\"Laura Moutinho\" \/>\n<meta name=\"twitter:card\" content=\"summary_large_image\" \/>\n<meta name=\"twitter:creator\" content=\"@sunoresearch\" \/>\n<meta name=\"twitter:site\" content=\"@sunoresearch\" \/>\n<meta name=\"twitter:label1\" content=\"Escrito por\" \/>\n\t<meta name=\"twitter:data1\" content=\"Laura Moutinho\" \/>\n\t<meta name=\"twitter:label2\" content=\"Est. tempo de leitura\" \/>\n\t<meta name=\"twitter:data2\" content=\"2 minutos\" \/>\n<script type=\"application\/ld+json\" class=\"yoast-schema-graph\">{\"@context\":\"https:\/\/schema.org\",\"@graph\":[{\"@type\":\"NewsArticle\",\"@id\":\"https:\/\/www.suno.com.br\/noticias\/seguro-desemprego-solicitacoes-crescem-2020\/#article\",\"isPartOf\":{\"@id\":\"https:\/\/www.suno.com.br\/noticias\/seguro-desemprego-solicitacoes-crescem-2020\/\"},\"author\":{\"name\":\"Laura Moutinho\",\"@id\":\"https:\/\/www.suno.com.br\/noticias\/#\/schema\/person\/3df0d2808748b74496efe5dbeaef2c72\"},\"headline\":\"Seguro desemprego: solicita\u00e7\u00f5es avan\u00e7am 1,9% em 2020\",\"datePublished\":\"2021-01-07T18:55:15+00:00\",\"mainEntityOfPage\":{\"@id\":\"https:\/\/www.suno.com.br\/noticias\/seguro-desemprego-solicitacoes-crescem-2020\/\"},\"wordCount\":489,\"publisher\":{\"@id\":\"https:\/\/www.suno.com.br\/noticias\/#organization\"},\"image\":{\"@id\":\"https:\/\/www.suno.com.br\/noticias\/seguro-desemprego-solicitacoes-crescem-2020\/#primaryimage\"},\"thumbnailUrl\":\"https:\/\/files.sunoresearch.com.br\/n\/uploads\/2021\/01\/18452bd8-desemprego-jpg.webp\",\"keywords\":[\"Desemprego\",\"Minist\u00e9rio da Economia\",\"seguro desemprego\"],\"articleSection\":[\"Economia\",\"Finan\u00e7as Pessoais\"],\"inLanguage\":\"pt-BR\"},{\"@type\":\"WebPage\",\"@id\":\"https:\/\/www.suno.com.br\/noticias\/seguro-desemprego-solicitacoes-crescem-2020\/\",\"url\":\"https:\/\/www.suno.com.br\/noticias\/seguro-desemprego-solicitacoes-crescem-2020\/\",\"name\":\"Seguro desemprego: solicita\u00e7\u00f5es avan\u00e7am 1,9% em 2020\",\"isPartOf\":{\"@id\":\"https:\/\/www.suno.com.br\/noticias\/#website\"},\"primaryImageOfPage\":{\"@id\":\"https:\/\/www.suno.com.br\/noticias\/seguro-desemprego-solicitacoes-crescem-2020\/#primaryimage\"},\"image\":{\"@id\":\"https:\/\/www.suno.com.br\/noticias\/seguro-desemprego-solicitacoes-crescem-2020\/#primaryimage\"},\"thumbnailUrl\":\"https:\/\/files.sunoresearch.com.br\/n\/uploads\/2021\/01\/18452bd8-desemprego-jpg.webp\",\"datePublished\":\"2021-01-07T18:55:15+00:00\",\"description\":\"O Minist\u00e9rio da Economia divulgou dados apontando que em 2020 o total de pedidos de seguro desemprego avan\u00e7aram 1,9%. Clique aqui e saiba mais\",\"breadcrumb\":{\"@id\":\"https:\/\/www.suno.com.br\/noticias\/seguro-desemprego-solicitacoes-crescem-2020\/#breadcrumb\"},\"inLanguage\":\"pt-BR\",\"potentialAction\":[{\"@type\":\"ReadAction\",\"target\":[\"https:\/\/www.suno.com.br\/noticias\/seguro-desemprego-solicitacoes-crescem-2020\/\"]}]},{\"@type\":\"ImageObject\",\"inLanguage\":\"pt-BR\",\"@id\":\"https:\/\/www.suno.com.br\/noticias\/seguro-desemprego-solicitacoes-crescem-2020\/#primaryimage\",\"url\":\"https:\/\/files.sunoresearch.com.br\/n\/uploads\/2021\/01\/18452bd8-desemprego-jpg.webp\",\"contentUrl\":\"https:\/\/files.sunoresearch.com.br\/n\/uploads\/2021\/01\/18452bd8-desemprego-jpg.webp\",\"width\":400,\"height\":400,\"caption\":\"Em 2020 o total de pedidos de seguro desemprego avan\u00e7aram 1,9%.\"},{\"@type\":\"BreadcrumbList\",\"@id\":\"https:\/\/www.suno.com.br\/noticias\/seguro-desemprego-solicitacoes-crescem-2020\/#breadcrumb\",\"itemListElement\":[{\"@type\":\"ListItem\",\"position\":1,\"name\":\"Not\u00edcias\",\"item\":\"https:\/\/www.suno.com.br\/noticias\/\"},{\"@type\":\"ListItem\",\"position\":2,\"name\":\"Economia\",\"item\":\"https:\/\/www.suno.com.br\/noticias\/economia\/\"},{\"@type\":\"ListItem\",\"position\":3,\"name\":\"Seguro desemprego: solicita\u00e7\u00f5es avan\u00e7am 1,9% em 2020\"}]},{\"@type\":\"WebSite\",\"@id\":\"https:\/\/www.suno.com.br\/noticias\/#website\",\"url\":\"https:\/\/www.suno.com.br\/noticias\/\",\"name\":\"Suno Not\u00edcias\",\"description\":\"Seu portal de informa\u00e7\u00e3o sobre o mundo dos investimentos\",\"publisher\":{\"@id\":\"https:\/\/www.suno.com.br\/noticias\/#organization\"},\"potentialAction\":[{\"@type\":\"SearchAction\",\"target\":{\"@type\":\"EntryPoint\",\"urlTemplate\":\"https:\/\/www.suno.com.br\/noticias\/?s={search_term_string}\"},\"query-input\":{\"@type\":\"PropertyValueSpecification\",\"valueRequired\":true,\"valueName\":\"search_term_string\"}}],\"inLanguage\":\"pt-BR\"},{\"@type\":\"Organization\",\"@id\":\"https:\/\/www.suno.com.br\/noticias\/#organization\",\"name\":\"Suno Not\u00edcias\",\"url\":\"https:\/\/www.suno.com.br\/noticias\/\",\"logo\":{\"@type\":\"ImageObject\",\"inLanguage\":\"pt-BR\",\"@id\":\"https:\/\/www.suno.com.br\/noticias\/#\/schema\/logo\/image\/\",\"url\":\"https:\/\/files.sunoresearch.com.br\/n\/uploads\/2021\/09\/suno-logo.png\",\"contentUrl\":\"https:\/\/files.sunoresearch.com.br\/n\/uploads\/2021\/09\/suno-logo.png\",\"width\":180,\"height\":180,\"caption\":\"Suno Not\u00edcias\"},\"image\":{\"@id\":\"https:\/\/www.suno.com.br\/noticias\/#\/schema\/logo\/image\/\"},\"sameAs\":[\"https:\/\/facebook.com\/sunoresearch\",\"https:\/\/x.com\/sunoresearch\",\"https:\/\/www.instagram.com\/suno\",\"https:\/\/www.linkedin.com\/company\/suno-research\/\",\"https:\/\/www.youtube.com\/c\/sunoresearch\"]},{\"@type\":\"Person\",\"@id\":\"https:\/\/www.suno.com.br\/noticias\/#\/schema\/person\/3df0d2808748b74496efe5dbeaef2c72\",\"name\":\"Laura Moutinho\",\"image\":{\"@type\":\"ImageObject\",\"inLanguage\":\"pt-BR\",\"@id\":\"https:\/\/www.suno.com.br\/noticias\/#\/schema\/person\/image\/\",\"url\":\"https:\/\/secure.gravatar.com\/avatar\/7571c7c8ca3a6fca5e41384ece5557ff?s=96&r=g\",\"contentUrl\":\"https:\/\/secure.gravatar.com\/avatar\/7571c7c8ca3a6fca5e41384ece5557ff?s=96&r=g\",\"caption\":\"Laura Moutinho\"},\"description\":\"Estagi\u00e1ria na Suno Not\u00edcias, escreve not\u00edcias que afetam o mercado financeiro. Estuda administra\u00e7\u00e3o na Universidade Presbiteriana Mackenzie.\",\"url\":\"https:\/\/www.suno.com.br\/noticias\/author\/laura-moutinho\/\"}]}<\/script>\n<!-- \/ Yoast SEO plugin. -->","yoast_head_json":{"title":"Seguro desemprego: solicita\u00e7\u00f5es avan\u00e7am 1,9% em 2020","description":"O Minist\u00e9rio da Economia divulgou dados apontando que em 2020 o total de pedidos de seguro desemprego avan\u00e7aram 1,9%. Clique aqui e saiba mais","robots":{"index":"index","follow":"follow","max-snippet":"max-snippet:-1","max-image-preview":"max-image-preview:large","max-video-preview":"max-video-preview:-1"},"canonical":"https:\/\/www.suno.com.br\/noticias\/seguro-desemprego-solicitacoes-crescem-2020\/","og_locale":"pt_BR","og_type":"article","og_title":"Seguro desemprego: solicita\u00e7\u00f5es avan\u00e7am 1,9% em 2020","og_description":"O Minist\u00e9rio da Economia divulgou dados apontando que em 2020 o total de pedidos de seguro desemprego avan\u00e7aram 1,9%. Clique aqui e saiba mais","og_url":"https:\/\/www.suno.com.br\/noticias\/seguro-desemprego-solicitacoes-crescem-2020\/","og_site_name":"Suno Not\u00edcias","article_publisher":"https:\/\/facebook.com\/sunoresearch","og_image":[{"width":400,"height":400,"url":"https:\/\/files.sunoresearch.com.br\/n\/uploads\/2021\/01\/18452bd8-desemprego.jpg","type":"image\/jpeg"}],"author":"Laura Moutinho","twitter_card":"summary_large_image","twitter_creator":"@sunoresearch","twitter_site":"@sunoresearch","twitter_misc":{"Escrito por":"Laura Moutinho","Est. tempo de leitura":"2 minutos"},"schema":{"@context":"https:\/\/schema.org","@graph":[{"@type":"NewsArticle","@id":"https:\/\/www.suno.com.br\/noticias\/seguro-desemprego-solicitacoes-crescem-2020\/#article","isPartOf":{"@id":"https:\/\/www.suno.com.br\/noticias\/seguro-desemprego-solicitacoes-crescem-2020\/"},"author":{"name":"Laura Moutinho","@id":"https:\/\/www.suno.com.br\/noticias\/#\/schema\/person\/3df0d2808748b74496efe5dbeaef2c72"},"headline":"Seguro desemprego: solicita\u00e7\u00f5es avan\u00e7am 1,9% em 2020","datePublished":"2021-01-07T18:55:15+00:00","mainEntityOfPage":{"@id":"https:\/\/www.suno.com.br\/noticias\/seguro-desemprego-solicitacoes-crescem-2020\/"},"wordCount":489,"publisher":{"@id":"https:\/\/www.suno.com.br\/noticias\/#organization"},"image":{"@id":"https:\/\/www.suno.com.br\/noticias\/seguro-desemprego-solicitacoes-crescem-2020\/#primaryimage"},"thumbnailUrl":"https:\/\/files.sunoresearch.com.br\/n\/uploads\/2021\/01\/18452bd8-desemprego-jpg.webp","keywords":["Desemprego","Minist\u00e9rio da Economia","seguro desemprego"],"articleSection":["Economia","Finan\u00e7as Pessoais"],"inLanguage":"pt-BR"},{"@type":"WebPage","@id":"https:\/\/www.suno.com.br\/noticias\/seguro-desemprego-solicitacoes-crescem-2020\/","url":"https:\/\/www.suno.com.br\/noticias\/seguro-desemprego-solicitacoes-crescem-2020\/","name":"Seguro desemprego: solicita\u00e7\u00f5es avan\u00e7am 1,9% em 2020","isPartOf":{"@id":"https:\/\/www.suno.com.br\/noticias\/#website"},"primaryImageOfPage":{"@id":"https:\/\/www.suno.com.br\/noticias\/seguro-desemprego-solicitacoes-crescem-2020\/#primaryimage"},"image":{"@id":"https:\/\/www.suno.com.br\/noticias\/seguro-desemprego-solicitacoes-crescem-2020\/#primaryimage"},"thumbnailUrl":"https:\/\/files.sunoresearch.com.br\/n\/uploads\/2021\/01\/18452bd8-desemprego-jpg.webp","datePublished":"2021-01-07T18:55:15+00:00","description":"O Minist\u00e9rio da Economia divulgou dados apontando que em 2020 o total de pedidos de seguro desemprego avan\u00e7aram 1,9%. Clique aqui e saiba mais","breadcrumb":{"@id":"https:\/\/www.suno.com.br\/noticias\/seguro-desemprego-solicitacoes-crescem-2020\/#breadcrumb"},"inLanguage":"pt-BR","potentialAction":[{"@type":"ReadAction","target":["https:\/\/www.suno.com.br\/noticias\/seguro-desemprego-solicitacoes-crescem-2020\/"]}]},{"@type":"ImageObject","inLanguage":"pt-BR","@id":"https:\/\/www.suno.com.br\/noticias\/seguro-desemprego-solicitacoes-crescem-2020\/#primaryimage","url":"https:\/\/files.sunoresearch.com.br\/n\/uploads\/2021\/01\/18452bd8-desemprego-jpg.webp","contentUrl":"https:\/\/files.sunoresearch.com.br\/n\/uploads\/2021\/01\/18452bd8-desemprego-jpg.webp","width":400,"height":400,"caption":"Em 2020 o total de pedidos de seguro desemprego avan\u00e7aram 1,9%."},{"@type":"BreadcrumbList","@id":"https:\/\/www.suno.com.br\/noticias\/seguro-desemprego-solicitacoes-crescem-2020\/#breadcrumb","itemListElement":[{"@type":"ListItem","position":1,"name":"Not\u00edcias","item":"https:\/\/www.suno.com.br\/noticias\/"},{"@type":"ListItem","position":2,"name":"Economia","item":"https:\/\/www.suno.com.br\/noticias\/economia\/"},{"@type":"ListItem","position":3,"name":"Seguro desemprego: solicita\u00e7\u00f5es avan\u00e7am 1,9% em 2020"}]},{"@type":"WebSite","@id":"https:\/\/www.suno.com.br\/noticias\/#website","url":"https:\/\/www.suno.com.br\/noticias\/","name":"Suno Not\u00edcias","description":"Seu portal de informa\u00e7\u00e3o sobre o mundo dos investimentos","publisher":{"@id":"https:\/\/www.suno.com.br\/noticias\/#organization"},"potentialAction":[{"@type":"SearchAction","target":{"@type":"EntryPoint","urlTemplate":"https:\/\/www.suno.com.br\/noticias\/?s={search_term_string}"},"query-input":{"@type":"PropertyValueSpecification","valueRequired":true,"valueName":"search_term_string"}}],"inLanguage":"pt-BR"},{"@type":"Organization","@id":"https:\/\/www.suno.com.br\/noticias\/#organization","name":"Suno Not\u00edcias","url":"https:\/\/www.suno.com.br\/noticias\/","logo":{"@type":"ImageObject","inLanguage":"pt-BR","@id":"https:\/\/www.suno.com.br\/noticias\/#\/schema\/logo\/image\/","url":"https:\/\/files.sunoresearch.com.br\/n\/uploads\/2021\/09\/suno-logo.png","contentUrl":"https:\/\/files.sunoresearch.com.br\/n\/uploads\/2021\/09\/suno-logo.png","width":180,"height":180,"caption":"Suno Not\u00edcias"},"image":{"@id":"https:\/\/www.suno.com.br\/noticias\/#\/schema\/logo\/image\/"},"sameAs":["https:\/\/facebook.com\/sunoresearch","https:\/\/x.com\/sunoresearch","https:\/\/www.instagram.com\/suno","https:\/\/www.linkedin.com\/company\/suno-research\/","https:\/\/www.youtube.com\/c\/sunoresearch"]},{"@type":"Person","@id":"https:\/\/www.suno.com.br\/noticias\/#\/schema\/person\/3df0d2808748b74496efe5dbeaef2c72","name":"Laura Moutinho","image":{"@type":"ImageObject","inLanguage":"pt-BR","@id":"https:\/\/www.suno.com.br\/noticias\/#\/schema\/person\/image\/","url":"https:\/\/secure.gravatar.com\/avatar\/7571c7c8ca3a6fca5e41384ece5557ff?s=96&r=g","contentUrl":"https:\/\/secure.gravatar.com\/avatar\/7571c7c8ca3a6fca5e41384ece5557ff?s=96&r=g","caption":"Laura Moutinho"},"description":"Estagi\u00e1ria na Suno Not\u00edcias, escreve not\u00edcias que afetam o mercado financeiro. Estuda administra\u00e7\u00e3o na Universidade Presbiteriana Mackenzie.","url":"https:\/\/www.suno.com.br\/noticias\/author\/laura-moutinho\/"}]}},"default_loop_html":"<div class=\"cardsPage__listCard__boxs\"><div class=\"cardsPage__listCard__boxs__img\"><a href=\"https:\/\/www.suno.com.br\/noticias\/seguro-desemprego-solicitacoes-crescem-2020\/\"><img class=\"mask\" src=\"https:\/\/www.suno.com.br\/noticias\/wp-content\/themes\/suno\/resources\/images\/spotlight\/spotlight1img\/bg-mask.png\" alt=\"Image Mask\"\/><img src=\"https:\/\/files.sunoresearch.com.br\/n\/uploads\/2021\/01\/18452bd8-desemprego-400x200.webp\" alt=\"Seguro desemprego: solicita\u00e7\u00f5es avan\u00e7am 1,9% em 2020\"\/><\/a><span class=\"spotlightCategory\"><a href=\"https:\/\/www.suno.com.br\/noticias\/economia\/\">Economia<\/a><\/span><\/div><div class=\"cardsPage__listCard__boxs__content\"><a href=\"https:\/\/www.suno.com.br\/noticias\/seguro-desemprego-solicitacoes-crescem-2020\/\"><h2 class=\"content__title\">Seguro desemprego: solicita\u00e7\u00f5es avan\u00e7am 1,9% em 2020<\/h2><\/a><div class=\"newsContent__article__meta\"><div class=\"newsContent__article__meta__authorBox\"><a href=\"https:\/\/www.suno.com.br\/noticias\/author\/laura-moutinho\/\" class=\"authorBox__avatar noMobi\"><img src=\"https:\/\/files.sunoresearch.com.br\/n\/uploads\/2020\/08\/531ff69d-whatsapp-image-2020-08-03-at-14.54.38-150x150.webp\" alt=\"Laura Moutinho\"><\/a><div class=\"authorBox__name\"><span>por\n\t\t\t<a href=\"https:\/\/www.suno.com.br\/noticias\/author\/laura-moutinho\/\"><span itemprop=\"author\">Laura Moutinho<\/span><\/a><\/span><time datetime=\"2021-01-07T15:55:15-03:00\" itemprop=\"datePublished\">07\/01\/2021 15:55<\/time><\/div><\/div><\/div><\/div><\/div>","single_layout":"posts","amp_enabled":true,"_links":{"self":[{"href":"https:\/\/www.suno.com.br\/noticias\/wp-json\/wp\/v2\/posts\/111591"}],"collection":[{"href":"https:\/\/www.suno.com.br\/noticias\/wp-json\/wp\/v2\/posts"}],"about":[{"href":"https:\/\/www.suno.com.br\/noticias\/wp-json\/wp\/v2\/types\/post"}],"author":[{"embeddable":true,"href":"https:\/\/www.suno.com.br\/noticias\/wp-json\/wp\/v2\/users\/39"}],"replies":[{"embeddable":true,"href":"https:\/\/www.suno.com.br\/noticias\/wp-json\/wp\/v2\/comments?post=111591"}],"version-history":[{"count":0,"href":"https:\/\/www.suno.com.br\/noticias\/wp-json\/wp\/v2\/posts\/111591\/revisions"}],"wp:featuredmedia":[{"embeddable":true,"href":"https:\/\/www.suno.com.br\/noticias\/wp-json\/wp\/v2\/media\/111600"}],"wp:attachment":[{"href":"https:\/\/www.suno.com.br\/noticias\/wp-json\/wp\/v2\/media?parent=111591"}],"wp:term":[{"taxonomy":"category","embeddable":true,"href":"https:\/\/www.suno.com.br\/noticias\/wp-json\/wp\/v2\/categories?post=111591"},{"taxonomy":"post_tag","embeddable":true,"href":"https:\/\/www.suno.com.br\/noticias\/wp-json\/wp\/v2\/tags?post=111591"},{"taxonomy":"suno_strategy","embeddable":true,"href":"https:\/\/www.suno.com.br\/noticias\/wp-json\/wp\/v2\/suno_strategy?post=111591"}],"curies":[{"name":"wp","href":"https:\/\/api.w.org\/{rel}","templated":true}]}}