{"id":111434,"date":"2021-01-07T09:42:08","date_gmt":"2021-01-07T12:42:08","guid":{"rendered":"https:\/\/www.suno.com.br\/noticias\/?p=111434"},"modified":"2021-02-19T15:28:04","modified_gmt":"2021-02-19T18:28:04","slug":"cogna-eleva-negociam-venda-de-ativos","status":"publish","type":"post","link":"https:\/\/www.suno.com.br\/noticias\/cogna-eleva-negociam-venda-de-ativos\/","title":{"rendered":"Cogna (COGN3) negocia ativos com a Eleva Educa\u00e7\u00e3o"},"content":{"rendered":"<p>A <a href=\"https:\/\/www.suno.com.br\/acoes\/cogn3\/\"><strong>Cogna (COGN3)<\/strong><\/a> afirmou em <a href=\"https:\/\/www.suno.com.br\/artigos\/fato-relevante\/\">fato relevante<\/a> divulgado hoje que est\u00e1 negociando ativos com a Eleva Educa\u00e7\u00e3o, confirmando uma mat\u00e9ria do jornal Valor Econ\u00f4mico divulgada pela manh\u00e3.<\/p>\t<div class=\"wrapper-featured-image\">\n\t\t<figure class=\"spotlightImg\">\n\n\t\t\t<picture>\n\t\t\t\t<source media=\"(max-width: 768px)\" srcset=\"https:\/\/files.sunoresearch.com.br\/n\/uploads\/2020\/12\/e13c9b8c-cogna-400x200.webp\">\n\t\t\t\t<img loading=\"lazy\" decoding=\"async\" class=\"newsContent__article__imgCapa lazyloadDisabled \" src=\"https:\/\/files.sunoresearch.com.br\/n\/uploads\/2020\/12\/e13c9b8c-cogna-jpg.webp\" width=\"800\" height=\"450\" alt=\"Cogna (COGN3) negocia ativos com a Eleva Educa\u00e7\u00e3o\" fetchpriority=high \/>\n\t\t\t<\/picture>\n\n\t\t\t<figcaption class=\"wp-caption-text wp-caption-text--show\">Cogna (COGN3). Foto: divulga\u00e7\u00e3o<\/figcaption>\n\t\t<\/figure>\n\t<\/div>\n\n\n<p><span style=\"font-weight: 400;\">\t<p>\n\t\t<a href=\"https:\/\/lp.suno.com.br\/planilha-controle-gastos\/\" target=\"_blank\" data-element=\"shortcode-suno-banner\" title=\"Banner SUNO, clique e saiba mais\">\n\t\t\t<picture>\n\t\t\t\t<source media=\"(max-width: 500px)\" srcset=\"https:\/\/files.sunoresearch.com.br\/n\/uploads\/2023\/03\/400x300-Planilha-controle-de-gastos.png\">\n\t\t\t\t<img class=\"newsContent__article__imgCapa newsContent__article__imgCapa--banner\"\n\t\t\t\t\tsrc=\"https:\/\/files.sunoresearch.com.br\/n\/uploads\/2023\/03\/1420x240-Planilha-controle-de-gastos.png\"\n\t\t\t\t\tdata-promo-id=\"101751\"\t\t\t\t\t\t\t\t\t\twidth='1420' height='240'\t\t\t\t\talt=\"https:\/\/files.sunoresearch.com.br\/n\/uploads\/2023\/03\/1420x240-Planilha-controle-de-gastos.png\"\n\t\t\t\t>\n\t\t\t<\/picture>\n\t\t<\/a>\n\t<\/p>\n\n <\/span><\/p>\n<p>Segundo a mat\u00e9ria, a Cogna estaria interessada em adquirir os <strong>materiais did\u00e1ticos<\/strong> produzidos pela <strong>Eleva<\/strong>. J\u00e1 a Eleva ficaria com <strong>col\u00e9gios da Cogna<\/strong>.<\/p>\n<p>A Cogna tem 52 escolas, entre as marcas pH (Rio de Janeiro), Sigma (Bras\u00edlia) e Motivo (Pernambuco). Al\u00e9m disso, \u00e9 dona da marca Anglo, de materiais did\u00e1ticos. Em 2020, todo o neg\u00f3cio teve uma receita de mais de R$ 480 milh\u00f5es.<\/p>\n<p><iframe loading=\"lazy\" title=\"?Cogna (COGN3) negocia com a Eleva Educa\u00e7\u00e3o, PicPay pronto para seu IPO\" width=\"1080\" height=\"608\" src=\"https:\/\/www.youtube.com\/embed\/Jo9aEHbMvFA?feature=oembed&#038;enablejsapi=1&#038;origin=https:\/\/www.suno.com.br\" frameborder=\"0\" allow=\"accelerometer; autoplay; clipboard-write; encrypted-media; gyroscope; picture-in-picture\" allowfullscreen><\/iframe><\/p>\n<p>A<strong> Eleva<\/strong>, que tem um sistema de ensino adotado por 200 mil alunos em mais de 300 escolas, estaria interessadas em comprar os col\u00e9gios da Cogna. A companhia, que tem entre seus acionistas <strong><a href=\"https:\/\/www.suno.com.br\/tudo-sobre\/jorge-paulo-lemann\/\">Jorge Paulo Lemann<\/a><\/strong>, quer realizar uma <a href=\"https:\/\/www.suno.com.br\/artigos\/ipo\/\">abertura de capital (IPO)<\/a> ainda em 2021 e apresentar um neg\u00f3cio mais robusto quando isso acontecer.<\/p>\n<p>Para a Cogna, a compra do sistema de ensino da Eleva faz sentido pois, recentemente, investidores v\u00eam pressionando para que a companhia realize <a href=\"https:\/\/www.suno.com.br\/artigos\/fusoes-aquisicoes\/\">aquisi\u00e7\u00f5es<\/a> relevantes atrav\u00e9s de seu bra\u00e7o de educa\u00e7\u00e3o b\u00e1sica, a Vasta, que fez um IPO na <a href=\"https:\/\/www.suno.com.br\/artigos\/nasdaq\/\">Nasdaq<\/a> no \u00faltimo ano.<\/p>\n<p><a href=\"https:\/\/lp.suno.com.br\/suno-one\/\"><span style=\"font-weight: 400;\">Suno One: acesse gratuitamente eBooks, Minicursos, Artigos e Video Aulas sobre investimentos com um \u00fanico cadastro. Clique para saber mais!<\/span><\/a><\/p>\n<p>A negocia\u00e7\u00e3o, por\u00e9m, enfrenta dificuldades. A Cogna quer vender seus col\u00e9gios, mas eles continuariam sobre a marca dos seus materiais did\u00e1ticos. A Eleva venderia seu material did\u00e1tico, mas seus alunos continuariam estudando sobre a marca adquirida pela Cogna.<\/p>\n<p>Ainda segundo o Valor, n\u00e3o h\u00e1 consenso sobre o valor dos <a href=\"https:\/\/www.suno.com.br\/artigos\/ativo\/\">ativos<\/a>, forma de pagamento e proje\u00e7\u00f5es futuras.<\/p>\n<p>Em 2017, Cogna e Eleva j\u00e1 realizaram uma tentativa de acordo. Desta vez, por\u00e9m, o IPO da Eleva \u00e9 um extra nas trativas. A companhia pretende captar entre US$ 300 milh\u00f5es e US$ 350.<\/p>\n<p><span style=\"font-weight: 400;\">\t<p>\n\t\t<a href=\"https:\/\/lp.suno.com.br\/ebook-como-analisar-uma-acao\/\" target=\"_blank\" data-element=\"shortcode-suno-banner\" title=\"Banner SUNO, clique e saiba mais\">\n\t\t\t<picture>\n\t\t\t\t<source media=\"(max-width: 500px)\" srcset=\"https:\/\/files.sunoresearch.com.br\/n\/uploads\/2023\/03\/Ebook-Acoes-Mobile.jpg\">\n\t\t\t\t<img class=\"newsContent__article__imgCapa newsContent__article__imgCapa--banner\"\n\t\t\t\t\tsrc=\"https:\/\/files.sunoresearch.com.br\/n\/uploads\/2023\/03\/Ebook-Acoes-Desktop.jpg\"\n\t\t\t\t\tdata-promo-id=\"378302\"\t\t\t\t\t\t\t\t\t\twidth='1420' height='286'\t\t\t\t\talt=\"https:\/\/files.sunoresearch.com.br\/n\/uploads\/2023\/03\/Ebook-Acoes-Desktop.jpg\"\n\t\t\t\t>\n\t\t\t<\/picture>\n\t\t<\/a>\n\t<\/p>\n\n<\/span><\/p>\n<p>Para a Guide Investimentos, as negocia\u00e7\u00f5es s\u00e3o positivas para ambas companhias. &#8220;A Cogna fortaleceria seu neg\u00f3cio de material did\u00e1tico, seguindo sua estrat\u00e9gia. E a Eleva aumenta sua estrutura, caminhando para o processo de IPO&#8221;, afirmam.<\/p>\n<h2>Cogna anunciou prioriza\u00e7\u00e3o de sistema online e m\u00e9todos de ensino em evento<\/h2>\n<p>No Cogna Day, realizado no meio de dezembro de 2020, a companhia anunciou que pretendia se desfazer de alguns campus do seu bra\u00e7o de ensino superior, focando no desenvolvimento do ensino \u00e0 dist\u00e2ncia.<\/p>\n<p>Dos 176 campus, a empresas prometeu fundir 16, terceirizar 29 e revisar contratos de 124.<\/p>\n<p>A venda de col\u00e9gios, para focar na aquisi\u00e7\u00e3o de material escolar, deve ir no mesmo caminho. A <strong>Cogna<\/strong> busca reduzir custos e diminuir alavancagem.<\/p>\n<p><span style=\"font-weight: 400;\">\t<p>\n\t\t<a href=\"https:\/\/lp.suno.com.br\/planilha-de-controle-de-investimentos\/\" target=\"_blank\" data-element=\"shortcode-suno-banner\" title=\"Banner SUNO, clique e saiba mais\">\n\t\t\t<picture>\n\t\t\t\t<source media=\"(max-width: 500px)\" srcset=\"https:\/\/files.sunoresearch.com.br\/n\/uploads\/2023\/03\/400x300-Controle-de-Investimentos.png\">\n\t\t\t\t<img class=\"newsContent__article__imgCapa newsContent__article__imgCapa--banner\"\n\t\t\t\t\tsrc=\"https:\/\/files.sunoresearch.com.br\/n\/uploads\/2023\/03\/1420x240-Controle-de-Investimentos.png\"\n\t\t\t\t\tdata-promo-id=\"75934\"\t\t\t\t\t\t\t\t\t\twidth='1420' height='240'\t\t\t\t\talt=\"https:\/\/files.sunoresearch.com.br\/n\/uploads\/2023\/03\/1420x240-Controle-de-Investimentos.png\"\n\t\t\t\t>\n\t\t\t<\/picture>\n\t\t<\/a>\n\t<\/p>\n\n<\/span><\/p>\n","protected":false},"excerpt":{"rendered":"<p>A Cogna (COGN3) afirmou em fato relevante divulgado hoje que est\u00e1 negociando ativos com a Eleva Educa\u00e7\u00e3o, confirmando uma mat\u00e9ria do jornal Valor Econ\u00f4mico divulgada pela manh\u00e3. Cogna (COGN3). Foto: divulga\u00e7\u00e3o Segundo a mat\u00e9ria, a Cogna estaria interessada em adquirir os materiais did\u00e1ticos produzidos pela Eleva. J\u00e1 a Eleva ficaria com col\u00e9gios da Cogna. A [&hellip;]<\/p>\n","protected":false},"author":59,"featured_media":109798,"comment_status":"closed","ping_status":"closed","sticky":false,"template":"","format":"standard","meta":[],"categories":[64],"tags":[2257,105812,1550,66355],"suno_strategy":[],"class_list":["post-111434","post","type-post","status-publish","format-standard","has-post-thumbnail","hentry","category-negocios","tag-cogna-cogn3","tag-eleva-educacao","tag-jorge-paulo-lemann","tag-vasta"],"yoast_head":"<!-- This site is optimized with the Yoast SEO plugin v24.4 - https:\/\/yoast.com\/wordpress\/plugins\/seo\/ -->\n<title>Cogna (COGN3) negocia ativos com a Eleva Educa\u00e7\u00e3o<\/title>\n<meta name=\"description\" content=\"A Cogna (COGN3) afirmou em fato relevante divulgado hoje que est\u00e1 negociando ativos com a Eleva Educa\u00e7\u00e3o. Clique aqui para saber mais.\" \/>\n<meta name=\"robots\" content=\"index, follow, max-snippet:-1, max-image-preview:large, max-video-preview:-1\" \/>\n<link rel=\"canonical\" href=\"https:\/\/www.suno.com.br\/noticias\/cogna-eleva-negociam-venda-de-ativos\/\" \/>\n<meta property=\"og:locale\" content=\"pt_BR\" \/>\n<meta property=\"og:type\" content=\"article\" \/>\n<meta property=\"og:title\" content=\"Cogna (COGN3) negocia ativos com a Eleva Educa\u00e7\u00e3o\" \/>\n<meta property=\"og:description\" content=\"A Cogna (COGN3) afirmou em fato relevante divulgado hoje que est\u00e1 negociando ativos com a Eleva Educa\u00e7\u00e3o. Clique aqui para saber mais.\" \/>\n<meta property=\"og:url\" content=\"https:\/\/www.suno.com.br\/noticias\/cogna-eleva-negociam-venda-de-ativos\/\" \/>\n<meta property=\"og:site_name\" content=\"Suno Not\u00edcias\" \/>\n<meta property=\"article:publisher\" content=\"https:\/\/facebook.com\/sunoresearch\" \/>\n<meta property=\"og:image\" content=\"https:\/\/files.sunoresearch.com.br\/n\/uploads\/2020\/12\/e13c9b8c-cogna.jpg\" \/>\n\t<meta property=\"og:image:width\" content=\"800\" \/>\n\t<meta property=\"og:image:height\" content=\"450\" \/>\n\t<meta property=\"og:image:type\" content=\"image\/jpeg\" \/>\n<meta name=\"author\" content=\"Vitor Azevedo\" \/>\n<meta name=\"twitter:card\" content=\"summary_large_image\" \/>\n<meta name=\"twitter:creator\" content=\"@sunoresearch\" \/>\n<meta name=\"twitter:site\" content=\"@sunoresearch\" \/>\n<meta name=\"twitter:label1\" content=\"Escrito por\" \/>\n\t<meta name=\"twitter:data1\" content=\"Vitor Azevedo\" \/>\n\t<meta name=\"twitter:label2\" content=\"Est. tempo de leitura\" \/>\n\t<meta name=\"twitter:data2\" content=\"2 minutos\" \/>\n<script type=\"application\/ld+json\" class=\"yoast-schema-graph\">{\"@context\":\"https:\/\/schema.org\",\"@graph\":[{\"@type\":\"NewsArticle\",\"@id\":\"https:\/\/www.suno.com.br\/noticias\/cogna-eleva-negociam-venda-de-ativos\/#article\",\"isPartOf\":{\"@id\":\"https:\/\/www.suno.com.br\/noticias\/cogna-eleva-negociam-venda-de-ativos\/\"},\"author\":{\"name\":\"Vitor Azevedo\",\"@id\":\"https:\/\/www.suno.com.br\/noticias\/#\/schema\/person\/658d5fbc74d81f265f5df3562d0038ab\"},\"headline\":\"Cogna (COGN3) negocia ativos com a Eleva Educa\u00e7\u00e3o\",\"datePublished\":\"2021-01-07T12:42:08+00:00\",\"dateModified\":\"2021-02-19T18:28:04+00:00\",\"mainEntityOfPage\":{\"@id\":\"https:\/\/www.suno.com.br\/noticias\/cogna-eleva-negociam-venda-de-ativos\/\"},\"wordCount\":478,\"publisher\":{\"@id\":\"https:\/\/www.suno.com.br\/noticias\/#organization\"},\"image\":{\"@id\":\"https:\/\/www.suno.com.br\/noticias\/cogna-eleva-negociam-venda-de-ativos\/#primaryimage\"},\"thumbnailUrl\":\"https:\/\/files.sunoresearch.com.br\/n\/uploads\/2020\/12\/e13c9b8c-cogna-jpg.webp\",\"keywords\":[\"Cogna (COGN3)\",\"Eleva Educa\u00e7\u00e3o\",\"Jorge Paulo Lemann\",\"Vasta\"],\"articleSection\":[\"Neg\u00f3cios\"],\"inLanguage\":\"pt-BR\"},{\"@type\":\"WebPage\",\"@id\":\"https:\/\/www.suno.com.br\/noticias\/cogna-eleva-negociam-venda-de-ativos\/\",\"url\":\"https:\/\/www.suno.com.br\/noticias\/cogna-eleva-negociam-venda-de-ativos\/\",\"name\":\"Cogna (COGN3) negocia ativos com a Eleva Educa\u00e7\u00e3o\",\"isPartOf\":{\"@id\":\"https:\/\/www.suno.com.br\/noticias\/#website\"},\"primaryImageOfPage\":{\"@id\":\"https:\/\/www.suno.com.br\/noticias\/cogna-eleva-negociam-venda-de-ativos\/#primaryimage\"},\"image\":{\"@id\":\"https:\/\/www.suno.com.br\/noticias\/cogna-eleva-negociam-venda-de-ativos\/#primaryimage\"},\"thumbnailUrl\":\"https:\/\/files.sunoresearch.com.br\/n\/uploads\/2020\/12\/e13c9b8c-cogna-jpg.webp\",\"datePublished\":\"2021-01-07T12:42:08+00:00\",\"dateModified\":\"2021-02-19T18:28:04+00:00\",\"description\":\"A Cogna (COGN3) afirmou em fato relevante divulgado hoje que est\u00e1 negociando ativos com a Eleva Educa\u00e7\u00e3o. Clique aqui para saber mais.\",\"breadcrumb\":{\"@id\":\"https:\/\/www.suno.com.br\/noticias\/cogna-eleva-negociam-venda-de-ativos\/#breadcrumb\"},\"inLanguage\":\"pt-BR\",\"potentialAction\":[{\"@type\":\"ReadAction\",\"target\":[\"https:\/\/www.suno.com.br\/noticias\/cogna-eleva-negociam-venda-de-ativos\/\"]}]},{\"@type\":\"ImageObject\",\"inLanguage\":\"pt-BR\",\"@id\":\"https:\/\/www.suno.com.br\/noticias\/cogna-eleva-negociam-venda-de-ativos\/#primaryimage\",\"url\":\"https:\/\/files.sunoresearch.com.br\/n\/uploads\/2020\/12\/e13c9b8c-cogna-jpg.webp\",\"contentUrl\":\"https:\/\/files.sunoresearch.com.br\/n\/uploads\/2020\/12\/e13c9b8c-cogna-jpg.webp\",\"width\":800,\"height\":450,\"caption\":\"Cogna (COGN3). Foto: divulga\u00e7\u00e3o\"},{\"@type\":\"BreadcrumbList\",\"@id\":\"https:\/\/www.suno.com.br\/noticias\/cogna-eleva-negociam-venda-de-ativos\/#breadcrumb\",\"itemListElement\":[{\"@type\":\"ListItem\",\"position\":1,\"name\":\"Not\u00edcias\",\"item\":\"https:\/\/www.suno.com.br\/noticias\/\"},{\"@type\":\"ListItem\",\"position\":2,\"name\":\"Neg\u00f3cios\",\"item\":\"https:\/\/www.suno.com.br\/noticias\/negocios\/\"},{\"@type\":\"ListItem\",\"position\":3,\"name\":\"Cogna (COGN3) negocia ativos com a Eleva Educa\u00e7\u00e3o\"}]},{\"@type\":\"WebSite\",\"@id\":\"https:\/\/www.suno.com.br\/noticias\/#website\",\"url\":\"https:\/\/www.suno.com.br\/noticias\/\",\"name\":\"Suno Not\u00edcias\",\"description\":\"Seu portal de informa\u00e7\u00e3o sobre o mundo dos investimentos\",\"publisher\":{\"@id\":\"https:\/\/www.suno.com.br\/noticias\/#organization\"},\"potentialAction\":[{\"@type\":\"SearchAction\",\"target\":{\"@type\":\"EntryPoint\",\"urlTemplate\":\"https:\/\/www.suno.com.br\/noticias\/?s={search_term_string}\"},\"query-input\":{\"@type\":\"PropertyValueSpecification\",\"valueRequired\":true,\"valueName\":\"search_term_string\"}}],\"inLanguage\":\"pt-BR\"},{\"@type\":\"Organization\",\"@id\":\"https:\/\/www.suno.com.br\/noticias\/#organization\",\"name\":\"Suno Not\u00edcias\",\"url\":\"https:\/\/www.suno.com.br\/noticias\/\",\"logo\":{\"@type\":\"ImageObject\",\"inLanguage\":\"pt-BR\",\"@id\":\"https:\/\/www.suno.com.br\/noticias\/#\/schema\/logo\/image\/\",\"url\":\"https:\/\/files.sunoresearch.com.br\/n\/uploads\/2021\/09\/suno-logo.png\",\"contentUrl\":\"https:\/\/files.sunoresearch.com.br\/n\/uploads\/2021\/09\/suno-logo.png\",\"width\":180,\"height\":180,\"caption\":\"Suno Not\u00edcias\"},\"image\":{\"@id\":\"https:\/\/www.suno.com.br\/noticias\/#\/schema\/logo\/image\/\"},\"sameAs\":[\"https:\/\/facebook.com\/sunoresearch\",\"https:\/\/x.com\/sunoresearch\",\"https:\/\/www.instagram.com\/suno\",\"https:\/\/www.linkedin.com\/company\/suno-research\/\",\"https:\/\/www.youtube.com\/c\/sunoresearch\"]},{\"@type\":\"Person\",\"@id\":\"https:\/\/www.suno.com.br\/noticias\/#\/schema\/person\/658d5fbc74d81f265f5df3562d0038ab\",\"name\":\"Vitor Azevedo\",\"image\":{\"@type\":\"ImageObject\",\"inLanguage\":\"pt-BR\",\"@id\":\"https:\/\/www.suno.com.br\/noticias\/#\/schema\/person\/image\/\",\"url\":\"https:\/\/secure.gravatar.com\/avatar\/62b86195291b446fe380824eb28b99a5?s=96&r=g\",\"contentUrl\":\"https:\/\/secure.gravatar.com\/avatar\/62b86195291b446fe380824eb28b99a5?s=96&r=g\",\"caption\":\"Vitor Azevedo\"},\"description\":\"Formado em jornalismo pela Unesp, escreve sobre economia e neg\u00f3cios para a Suno Not\u00edcias.\",\"url\":\"https:\/\/www.suno.com.br\/noticias\/author\/vitor-azevedo\/\"}]}<\/script>\n<!-- \/ Yoast SEO plugin. -->","yoast_head_json":{"title":"Cogna (COGN3) negocia ativos com a Eleva Educa\u00e7\u00e3o","description":"A Cogna (COGN3) afirmou em fato relevante divulgado hoje que est\u00e1 negociando ativos com a Eleva Educa\u00e7\u00e3o. Clique aqui para saber mais.","robots":{"index":"index","follow":"follow","max-snippet":"max-snippet:-1","max-image-preview":"max-image-preview:large","max-video-preview":"max-video-preview:-1"},"canonical":"https:\/\/www.suno.com.br\/noticias\/cogna-eleva-negociam-venda-de-ativos\/","og_locale":"pt_BR","og_type":"article","og_title":"Cogna (COGN3) negocia ativos com a Eleva Educa\u00e7\u00e3o","og_description":"A Cogna (COGN3) afirmou em fato relevante divulgado hoje que est\u00e1 negociando ativos com a Eleva Educa\u00e7\u00e3o. Clique aqui para saber mais.","og_url":"https:\/\/www.suno.com.br\/noticias\/cogna-eleva-negociam-venda-de-ativos\/","og_site_name":"Suno Not\u00edcias","article_publisher":"https:\/\/facebook.com\/sunoresearch","og_image":[{"width":800,"height":450,"url":"https:\/\/files.sunoresearch.com.br\/n\/uploads\/2020\/12\/e13c9b8c-cogna.jpg","type":"image\/jpeg"}],"author":"Vitor Azevedo","twitter_card":"summary_large_image","twitter_creator":"@sunoresearch","twitter_site":"@sunoresearch","twitter_misc":{"Escrito por":"Vitor Azevedo","Est. tempo de leitura":"2 minutos"},"schema":{"@context":"https:\/\/schema.org","@graph":[{"@type":"NewsArticle","@id":"https:\/\/www.suno.com.br\/noticias\/cogna-eleva-negociam-venda-de-ativos\/#article","isPartOf":{"@id":"https:\/\/www.suno.com.br\/noticias\/cogna-eleva-negociam-venda-de-ativos\/"},"author":{"name":"Vitor Azevedo","@id":"https:\/\/www.suno.com.br\/noticias\/#\/schema\/person\/658d5fbc74d81f265f5df3562d0038ab"},"headline":"Cogna (COGN3) negocia ativos com a Eleva Educa\u00e7\u00e3o","datePublished":"2021-01-07T12:42:08+00:00","dateModified":"2021-02-19T18:28:04+00:00","mainEntityOfPage":{"@id":"https:\/\/www.suno.com.br\/noticias\/cogna-eleva-negociam-venda-de-ativos\/"},"wordCount":478,"publisher":{"@id":"https:\/\/www.suno.com.br\/noticias\/#organization"},"image":{"@id":"https:\/\/www.suno.com.br\/noticias\/cogna-eleva-negociam-venda-de-ativos\/#primaryimage"},"thumbnailUrl":"https:\/\/files.sunoresearch.com.br\/n\/uploads\/2020\/12\/e13c9b8c-cogna-jpg.webp","keywords":["Cogna (COGN3)","Eleva Educa\u00e7\u00e3o","Jorge Paulo Lemann","Vasta"],"articleSection":["Neg\u00f3cios"],"inLanguage":"pt-BR"},{"@type":"WebPage","@id":"https:\/\/www.suno.com.br\/noticias\/cogna-eleva-negociam-venda-de-ativos\/","url":"https:\/\/www.suno.com.br\/noticias\/cogna-eleva-negociam-venda-de-ativos\/","name":"Cogna (COGN3) negocia ativos com a Eleva Educa\u00e7\u00e3o","isPartOf":{"@id":"https:\/\/www.suno.com.br\/noticias\/#website"},"primaryImageOfPage":{"@id":"https:\/\/www.suno.com.br\/noticias\/cogna-eleva-negociam-venda-de-ativos\/#primaryimage"},"image":{"@id":"https:\/\/www.suno.com.br\/noticias\/cogna-eleva-negociam-venda-de-ativos\/#primaryimage"},"thumbnailUrl":"https:\/\/files.sunoresearch.com.br\/n\/uploads\/2020\/12\/e13c9b8c-cogna-jpg.webp","datePublished":"2021-01-07T12:42:08+00:00","dateModified":"2021-02-19T18:28:04+00:00","description":"A Cogna (COGN3) afirmou em fato relevante divulgado hoje que est\u00e1 negociando ativos com a Eleva Educa\u00e7\u00e3o. Clique aqui para saber mais.","breadcrumb":{"@id":"https:\/\/www.suno.com.br\/noticias\/cogna-eleva-negociam-venda-de-ativos\/#breadcrumb"},"inLanguage":"pt-BR","potentialAction":[{"@type":"ReadAction","target":["https:\/\/www.suno.com.br\/noticias\/cogna-eleva-negociam-venda-de-ativos\/"]}]},{"@type":"ImageObject","inLanguage":"pt-BR","@id":"https:\/\/www.suno.com.br\/noticias\/cogna-eleva-negociam-venda-de-ativos\/#primaryimage","url":"https:\/\/files.sunoresearch.com.br\/n\/uploads\/2020\/12\/e13c9b8c-cogna-jpg.webp","contentUrl":"https:\/\/files.sunoresearch.com.br\/n\/uploads\/2020\/12\/e13c9b8c-cogna-jpg.webp","width":800,"height":450,"caption":"Cogna (COGN3). Foto: divulga\u00e7\u00e3o"},{"@type":"BreadcrumbList","@id":"https:\/\/www.suno.com.br\/noticias\/cogna-eleva-negociam-venda-de-ativos\/#breadcrumb","itemListElement":[{"@type":"ListItem","position":1,"name":"Not\u00edcias","item":"https:\/\/www.suno.com.br\/noticias\/"},{"@type":"ListItem","position":2,"name":"Neg\u00f3cios","item":"https:\/\/www.suno.com.br\/noticias\/negocios\/"},{"@type":"ListItem","position":3,"name":"Cogna (COGN3) negocia ativos com a Eleva Educa\u00e7\u00e3o"}]},{"@type":"WebSite","@id":"https:\/\/www.suno.com.br\/noticias\/#website","url":"https:\/\/www.suno.com.br\/noticias\/","name":"Suno Not\u00edcias","description":"Seu portal de informa\u00e7\u00e3o sobre o mundo dos investimentos","publisher":{"@id":"https:\/\/www.suno.com.br\/noticias\/#organization"},"potentialAction":[{"@type":"SearchAction","target":{"@type":"EntryPoint","urlTemplate":"https:\/\/www.suno.com.br\/noticias\/?s={search_term_string}"},"query-input":{"@type":"PropertyValueSpecification","valueRequired":true,"valueName":"search_term_string"}}],"inLanguage":"pt-BR"},{"@type":"Organization","@id":"https:\/\/www.suno.com.br\/noticias\/#organization","name":"Suno Not\u00edcias","url":"https:\/\/www.suno.com.br\/noticias\/","logo":{"@type":"ImageObject","inLanguage":"pt-BR","@id":"https:\/\/www.suno.com.br\/noticias\/#\/schema\/logo\/image\/","url":"https:\/\/files.sunoresearch.com.br\/n\/uploads\/2021\/09\/suno-logo.png","contentUrl":"https:\/\/files.sunoresearch.com.br\/n\/uploads\/2021\/09\/suno-logo.png","width":180,"height":180,"caption":"Suno Not\u00edcias"},"image":{"@id":"https:\/\/www.suno.com.br\/noticias\/#\/schema\/logo\/image\/"},"sameAs":["https:\/\/facebook.com\/sunoresearch","https:\/\/x.com\/sunoresearch","https:\/\/www.instagram.com\/suno","https:\/\/www.linkedin.com\/company\/suno-research\/","https:\/\/www.youtube.com\/c\/sunoresearch"]},{"@type":"Person","@id":"https:\/\/www.suno.com.br\/noticias\/#\/schema\/person\/658d5fbc74d81f265f5df3562d0038ab","name":"Vitor Azevedo","image":{"@type":"ImageObject","inLanguage":"pt-BR","@id":"https:\/\/www.suno.com.br\/noticias\/#\/schema\/person\/image\/","url":"https:\/\/secure.gravatar.com\/avatar\/62b86195291b446fe380824eb28b99a5?s=96&r=g","contentUrl":"https:\/\/secure.gravatar.com\/avatar\/62b86195291b446fe380824eb28b99a5?s=96&r=g","caption":"Vitor Azevedo"},"description":"Formado em jornalismo pela Unesp, escreve sobre economia e neg\u00f3cios para a Suno Not\u00edcias.","url":"https:\/\/www.suno.com.br\/noticias\/author\/vitor-azevedo\/"}]}},"default_loop_html":"<div class=\"cardsPage__listCard__boxs\"><div class=\"cardsPage__listCard__boxs__img\"><a href=\"https:\/\/www.suno.com.br\/noticias\/cogna-eleva-negociam-venda-de-ativos\/\"><img class=\"mask\" src=\"https:\/\/www.suno.com.br\/noticias\/wp-content\/themes\/suno\/resources\/images\/spotlight\/spotlight1img\/bg-mask.png\" alt=\"Image Mask\"\/><img src=\"https:\/\/files.sunoresearch.com.br\/n\/uploads\/2020\/12\/e13c9b8c-cogna-400x200.webp\" alt=\"Cogna (COGN3) negocia ativos com a Eleva Educa\u00e7\u00e3o\"\/><\/a><span class=\"spotlightCategory\"><a href=\"https:\/\/www.suno.com.br\/noticias\/negocios\/\">Neg\u00f3cios<\/a><\/span><\/div><div class=\"cardsPage__listCard__boxs__content\"><a href=\"https:\/\/www.suno.com.br\/noticias\/cogna-eleva-negociam-venda-de-ativos\/\"><h2 class=\"content__title\">Cogna (COGN3) negocia ativos com a Eleva Educa\u00e7\u00e3o<\/h2><\/a><div class=\"newsContent__article__meta\"><div class=\"newsContent__article__meta__authorBox\"><a href=\"https:\/\/www.suno.com.br\/noticias\/author\/vitor-azevedo\/\" class=\"authorBox__avatar noMobi\"><img src=\"https:\/\/secure.gravatar.com\/avatar\/62b86195291b446fe380824eb28b99a5?s=96&#038;r=g\" alt=\"Vitor Azevedo\"><\/a><div class=\"authorBox__name\"><span>por\n\t\t\t<a href=\"https:\/\/www.suno.com.br\/noticias\/author\/vitor-azevedo\/\"><span itemprop=\"author\">Vitor Azevedo<\/span><\/a><\/span><time datetime=\"2021-01-07T09:42:08-03:00\" itemprop=\"datePublished\">07\/01\/2021 09:42<\/time><\/div><\/div><\/div><\/div><\/div>","single_layout":"posts","amp_enabled":true,"_links":{"self":[{"href":"https:\/\/www.suno.com.br\/noticias\/wp-json\/wp\/v2\/posts\/111434"}],"collection":[{"href":"https:\/\/www.suno.com.br\/noticias\/wp-json\/wp\/v2\/posts"}],"about":[{"href":"https:\/\/www.suno.com.br\/noticias\/wp-json\/wp\/v2\/types\/post"}],"author":[{"embeddable":true,"href":"https:\/\/www.suno.com.br\/noticias\/wp-json\/wp\/v2\/users\/59"}],"replies":[{"embeddable":true,"href":"https:\/\/www.suno.com.br\/noticias\/wp-json\/wp\/v2\/comments?post=111434"}],"version-history":[{"count":0,"href":"https:\/\/www.suno.com.br\/noticias\/wp-json\/wp\/v2\/posts\/111434\/revisions"}],"wp:featuredmedia":[{"embeddable":true,"href":"https:\/\/www.suno.com.br\/noticias\/wp-json\/wp\/v2\/media\/109798"}],"wp:attachment":[{"href":"https:\/\/www.suno.com.br\/noticias\/wp-json\/wp\/v2\/media?parent=111434"}],"wp:term":[{"taxonomy":"category","embeddable":true,"href":"https:\/\/www.suno.com.br\/noticias\/wp-json\/wp\/v2\/categories?post=111434"},{"taxonomy":"post_tag","embeddable":true,"href":"https:\/\/www.suno.com.br\/noticias\/wp-json\/wp\/v2\/tags?post=111434"},{"taxonomy":"suno_strategy","embeddable":true,"href":"https:\/\/www.suno.com.br\/noticias\/wp-json\/wp\/v2\/suno_strategy?post=111434"}],"curies":[{"name":"wp","href":"https:\/\/api.w.org\/{rel}","templated":true}]}}