{"id":111408,"date":"2021-01-07T09:09:11","date_gmt":"2021-01-07T12:09:11","guid":{"rendered":"https:\/\/www.suno.com.br\/noticias\/?p=111408"},"modified":"2021-06-11T14:16:50","modified_gmt":"2021-06-11T17:16:50","slug":"light-ligt3-oferta-de-acoes-cemig-cmig4-vendera-sua-parte","status":"publish","type":"post","link":"https:\/\/www.suno.com.br\/noticias\/light-ligt3-oferta-de-acoes-cemig-cmig4-vendera-sua-parte\/","title":{"rendered":"Light (LIGT3) far\u00e1 oferta de a\u00e7\u00f5es de R$ 3,2 bi; Cemig (CMIG4) vender\u00e1 sua parte"},"content":{"rendered":"<p>A <a href=\"https:\/\/www.suno.com.br\/acoes\/ligt3\/\"><strong>Light<\/strong> S.A. (LIGT3)<\/a> anunciou em fato relevante na manh\u00e3 desta quinta (7) que seu Conselho de Administra\u00e7\u00e3o, em reuni\u00e3o realizada ontem, autorizou um <a href=\"https:\/\/www.suno.com.br\/artigos\/follow-on\/\">follow-on<\/a> de 137.242.528 a\u00e7\u00f5es, sendo 50% em<a href=\"https:\/\/www.suno.com.br\/artigos\/oferta-de-acoes\/\"> oferta prim\u00e1ria<\/a> e 50% em <a href=\"https:\/\/www.suno.com.br\/artigos\/oferta-secundaria\/#:~:text=Oferta%20secund%C3%A1ria%20%C3%A9%20um%20tipo,participa%C3%A7%C3%A3o%20em%20uma%20determinada%20empresa.\">oferta secund\u00e1ria<\/a>. Nesta, a parte vendedora \u00e9 a Cemig (CMIG4).<\/p>\t<div class=\"wrapper-featured-image\">\n\t\t<figure class=\"spotlightImg\">\n\n\t\t\t<picture>\n\t\t\t\t<source media=\"(max-width: 768px)\" srcset=\"https:\/\/files.sunoresearch.com.br\/n\/uploads\/2021\/01\/37ef5b14-light-400x200.webp\">\n\t\t\t\t<img loading=\"lazy\" decoding=\"async\" class=\"newsContent__article__imgCapa lazyloadDisabled \" src=\"https:\/\/files.sunoresearch.com.br\/n\/uploads\/2021\/01\/37ef5b14-light-800x450.webp\" width=\"800\" height=\"450\" alt=\"Light (LIGT3) far\u00e1 oferta de a\u00e7\u00f5es de R$ 3,2 bi; Cemig (CMIG4) vender\u00e1 sua parte\" fetchpriority=high \/>\n\t\t\t<\/picture>\n\n\t\t\t<figcaption class=\"wp-caption-text wp-caption-text--show\">A Light (LIGT3)<\/figcaption>\n\t\t<\/figure>\n\t<\/div>\n\n\n<p><span style=\"font-weight: 400;\">\t<p>\n\t\t<a href=\"https:\/\/lp.suno.com.br\/planilha-controle-gastos\/\" target=\"_blank\" data-element=\"shortcode-suno-banner\" title=\"Banner SUNO, clique e saiba mais\">\n\t\t\t<picture>\n\t\t\t\t<source media=\"(max-width: 500px)\" srcset=\"https:\/\/files.sunoresearch.com.br\/n\/uploads\/2023\/03\/400x300-Planilha-controle-de-gastos.png\">\n\t\t\t\t<img class=\"newsContent__article__imgCapa newsContent__article__imgCapa--banner\"\n\t\t\t\t\tsrc=\"https:\/\/files.sunoresearch.com.br\/n\/uploads\/2023\/03\/1420x240-Planilha-controle-de-gastos.png\"\n\t\t\t\t\tdata-promo-id=\"101751\"\t\t\t\t\t\t\t\t\t\twidth='1420' height='240'\t\t\t\t\talt=\"https:\/\/files.sunoresearch.com.br\/n\/uploads\/2023\/03\/1420x240-Planilha-controle-de-gastos.png\"\n\t\t\t\t>\n\t\t\t<\/picture>\n\t\t<\/a>\n\t<\/p>\n\n<\/span><\/p>\n<p>A <strong>Cemig<\/strong>, companhia de energia mineira, tamb\u00e9m anunciou em fato relevante divulgado hoje que vender\u00e1 a totalidade da sua participa\u00e7\u00e3o na distribuidora de energia carioca, ofertando 68.621.264 a\u00e7\u00f5es da Light.<\/p>\n<p>O pre\u00e7o por a\u00e7\u00e3o ser\u00e1 definido em processo de bookbuiling. Pelo pre\u00e7o de fechamento de ontem, a opera\u00e7\u00e3o somaria um total de R$ 3,2 bilh\u00f5es.<\/p>\n<p><a href=\"https:\/\/lp.suno.com.br\/suno-one\/\"><span style=\"font-weight: 400;\">Suno One: acesse gratuitamente eBooks, Minicursos, Artigos e Video Aulas sobre investimentos com um \u00fanico cadastro. Clique para saber mais!<\/span><\/a><\/p>\n<p>A Light, com a nova emiss\u00e3o de a\u00e7\u00f5es, correspondente a 22,5% de seu capital, deve se tornar uma corpora\u00e7\u00e3o com<strong> capital pulverizado<\/strong> na Bolsa, deixando de alternar entre o controle estatal e o controle privado.<\/p>\n<p>Atualmente, os principais acionistas da distribuidora de energia carioca s\u00e3o Ronaldo Cezar Coelho, com 20% da companhia e Carlos Alberto Sicupira, com 10%. A Atmos Capital possui 5% da Light. Confira a composi\u00e7\u00e3o acion\u00e1ria atual da empresa:<\/p>\n<p><img loading=\"lazy\" decoding=\"async\" class=\"alignnone wp-image-111439\" src=\"https:\/\/storage.googleapis.com\/wp-noticias\/2021\/01\/d40cca43-lightacionistas-284x300.png\" alt=\"Light anuncia oferta de a\u00e7\u00f5es\" width=\"400\" height=\"423\" \/><\/p>\n<p>A nova oferta de a\u00e7\u00f5es da Light ser\u00e1 liderada pelo <a href=\"https:\/\/www.suno.com.br\/acoes\/itub4\/\">Banco Ita\u00fa BBA (ITUB4)<\/a>, com ajuda do <a href=\"https:\/\/www.suno.com.br\/acoes\/bpac11\/\">BTG Pactual (BPAC11)<\/a>, <a href=\"https:\/\/www.suno.com.br\/acoes\/sanb11\/\">Santander Brasil (SANB11)<\/a>, XP Investimentos (NASDAQ: XP) e Citigroup. Ela ser\u00e1 destinada, primeiramente, \u00e0queles que j\u00e1 s\u00e3o acionistas da companhia e, se houver a\u00e7\u00f5es remanescentes ap\u00f3s a oferta priorit\u00e1ria, a investidores profissionais.<\/p>\n<p><span style=\"font-weight: 400;\">\t<p>\n\t\t<a href=\"https:\/\/lp.suno.com.br\/ebook-como-analisar-uma-acao\/\" target=\"_blank\" data-element=\"shortcode-suno-banner\" title=\"Banner SUNO, clique e saiba mais\">\n\t\t\t<picture>\n\t\t\t\t<source media=\"(max-width: 500px)\" srcset=\"https:\/\/files.sunoresearch.com.br\/n\/uploads\/2023\/03\/Ebook-Acoes-Mobile.jpg\">\n\t\t\t\t<img class=\"newsContent__article__imgCapa newsContent__article__imgCapa--banner\"\n\t\t\t\t\tsrc=\"https:\/\/files.sunoresearch.com.br\/n\/uploads\/2023\/03\/Ebook-Acoes-Desktop.jpg\"\n\t\t\t\t\tdata-promo-id=\"378302\"\t\t\t\t\t\t\t\t\t\twidth='1420' height='286'\t\t\t\t\talt=\"https:\/\/files.sunoresearch.com.br\/n\/uploads\/2023\/03\/Ebook-Acoes-Desktop.jpg\"\n\t\t\t\t>\n\t\t\t<\/picture>\n\t\t<\/a>\n\t<\/p>\n\n<\/span><\/p>\n<p>A precifica\u00e7\u00e3o da oferta deve acontecer no dia 18 de janeiro.<\/p>\n<h2>Light vem tentando mudar sua administra\u00e7\u00e3o<\/h2>\n<p>A companhia de energia do Rio de Janeiro, em outubro passado, anunciou mudan\u00e7as em sua administra\u00e7\u00e3o. Firmino Ferreira Sampaio Neto e David Zylbersztajn foram eleitos presidente e vice-presidente da companhia.<\/p>\n<p>A Light vem tentando reduzir suas perdas operacionais e diminuir a inadimpl\u00eancia no Rio de Janeiro, estado marcado por v\u00e1rios problemas sociais.<\/p>\n<p>Para a Guide Investimentos, o impacto da movimenta\u00e7\u00e3o \u00e9 positivo para a Cemig, indo em linha com sua estrat\u00e9gia. Al\u00e9m disso, a companhia angariar\u00e1 recursos relevantes, ganhar\u00e1 liquidez e ainda poder\u00e1 realizar novos investimentos.<\/p>\n<p>As a\u00e7\u00f5es ordin\u00e1rias da <strong>Light<\/strong> fecharam o preg\u00e3o de ontem sendo negociadas a R$ 23,48.<\/p>\n<p><span style=\"font-weight: 400;\">\t<p>\n\t\t<a href=\"https:\/\/lp.suno.com.br\/planilha-de-controle-de-investimentos\/\" target=\"_blank\" data-element=\"shortcode-suno-banner\" title=\"Banner SUNO, clique e saiba mais\">\n\t\t\t<picture>\n\t\t\t\t<source media=\"(max-width: 500px)\" srcset=\"https:\/\/files.sunoresearch.com.br\/n\/uploads\/2023\/03\/400x300-Controle-de-Investimentos.png\">\n\t\t\t\t<img class=\"newsContent__article__imgCapa newsContent__article__imgCapa--banner\"\n\t\t\t\t\tsrc=\"https:\/\/files.sunoresearch.com.br\/n\/uploads\/2023\/03\/1420x240-Controle-de-Investimentos.png\"\n\t\t\t\t\tdata-promo-id=\"75934\"\t\t\t\t\t\t\t\t\t\twidth='1420' height='240'\t\t\t\t\talt=\"https:\/\/files.sunoresearch.com.br\/n\/uploads\/2023\/03\/1420x240-Controle-de-Investimentos.png\"\n\t\t\t\t>\n\t\t\t<\/picture>\n\t\t<\/a>\n\t<\/p>\n\n<\/span><\/p>\n","protected":false},"excerpt":{"rendered":"<p>A Light S.A. (LIGT3) anunciou em fato relevante na manh\u00e3 desta quinta (7) que seu Conselho de Administra\u00e7\u00e3o, em reuni\u00e3o realizada ontem, autorizou um follow-on de 137.242.528 a\u00e7\u00f5es, sendo 50% em oferta prim\u00e1ria e 50% em oferta secund\u00e1ria. Nesta, a parte vendedora \u00e9 a Cemig (CMIG4). A Light (LIGT3) A Cemig, companhia de energia mineira, [&hellip;]<\/p>\n","protected":false},"author":59,"featured_media":111420,"comment_status":"closed","ping_status":"closed","sticky":false,"template":"","format":"standard","meta":[],"categories":[64],"tags":[420,41531],"suno_strategy":[],"class_list":["post-111408","post","type-post","status-publish","format-standard","has-post-thumbnail","hentry","category-negocios","tag-cemig-cmig3-cmig4","tag-light-ligt3"],"yoast_head":"<!-- This site is optimized with the Yoast SEO plugin v24.4 - https:\/\/yoast.com\/wordpress\/plugins\/seo\/ -->\n<title>Light (LIGT3) far\u00e1 oferta de a\u00e7\u00f5es; Cemig (CMIG4) vender\u00e1 sua parte<\/title>\n<meta name=\"description\" content=\"A Light S.A. anunciou em fato relevante que realizar\u00e1 um follow-on envolvendo prim\u00e1rias e secund\u00e1rias. Clique aqui para saber mais.\" \/>\n<meta name=\"robots\" content=\"index, follow, max-snippet:-1, max-image-preview:large, max-video-preview:-1\" \/>\n<link rel=\"canonical\" href=\"https:\/\/www.suno.com.br\/noticias\/light-ligt3-oferta-de-acoes-cemig-cmig4-vendera-sua-parte\/\" \/>\n<meta property=\"og:locale\" content=\"pt_BR\" \/>\n<meta property=\"og:type\" content=\"article\" \/>\n<meta property=\"og:title\" content=\"Light (LIGT3) far\u00e1 oferta de a\u00e7\u00f5es; Cemig (CMIG4) vender\u00e1 sua parte\" \/>\n<meta property=\"og:description\" content=\"A Light S.A. anunciou em fato relevante que realizar\u00e1 um follow-on envolvendo prim\u00e1rias e secund\u00e1rias. Clique aqui para saber mais.\" \/>\n<meta property=\"og:url\" content=\"https:\/\/www.suno.com.br\/noticias\/light-ligt3-oferta-de-acoes-cemig-cmig4-vendera-sua-parte\/\" \/>\n<meta property=\"og:site_name\" content=\"Suno Not\u00edcias\" \/>\n<meta property=\"article:publisher\" content=\"https:\/\/facebook.com\/sunoresearch\" \/>\n<meta property=\"og:image\" content=\"https:\/\/files.sunoresearch.com.br\/n\/uploads\/2021\/01\/37ef5b14-light.jpg\" \/>\n\t<meta property=\"og:image:width\" content=\"800\" \/>\n\t<meta property=\"og:image:height\" content=\"600\" \/>\n\t<meta property=\"og:image:type\" content=\"image\/jpeg\" \/>\n<meta name=\"author\" content=\"Vitor Azevedo\" \/>\n<meta name=\"twitter:card\" content=\"summary_large_image\" \/>\n<meta name=\"twitter:creator\" content=\"@sunoresearch\" \/>\n<meta name=\"twitter:site\" content=\"@sunoresearch\" \/>\n<meta name=\"twitter:label1\" content=\"Escrito por\" \/>\n\t<meta name=\"twitter:data1\" content=\"Vitor Azevedo\" \/>\n\t<meta name=\"twitter:label2\" content=\"Est. tempo de leitura\" \/>\n\t<meta name=\"twitter:data2\" content=\"2 minutos\" \/>\n<script type=\"application\/ld+json\" class=\"yoast-schema-graph\">{\"@context\":\"https:\/\/schema.org\",\"@graph\":[{\"@type\":\"NewsArticle\",\"@id\":\"https:\/\/www.suno.com.br\/noticias\/light-ligt3-oferta-de-acoes-cemig-cmig4-vendera-sua-parte\/#article\",\"isPartOf\":{\"@id\":\"https:\/\/www.suno.com.br\/noticias\/light-ligt3-oferta-de-acoes-cemig-cmig4-vendera-sua-parte\/\"},\"author\":{\"name\":\"Vitor Azevedo\",\"@id\":\"https:\/\/www.suno.com.br\/noticias\/#\/schema\/person\/658d5fbc74d81f265f5df3562d0038ab\"},\"headline\":\"Light (LIGT3) far\u00e1 oferta de a\u00e7\u00f5es de R$ 3,2 bi; Cemig (CMIG4) vender\u00e1 sua parte\",\"datePublished\":\"2021-01-07T12:09:11+00:00\",\"dateModified\":\"2021-06-11T17:16:50+00:00\",\"mainEntityOfPage\":{\"@id\":\"https:\/\/www.suno.com.br\/noticias\/light-ligt3-oferta-de-acoes-cemig-cmig4-vendera-sua-parte\/\"},\"wordCount\":422,\"publisher\":{\"@id\":\"https:\/\/www.suno.com.br\/noticias\/#organization\"},\"image\":{\"@id\":\"https:\/\/www.suno.com.br\/noticias\/light-ligt3-oferta-de-acoes-cemig-cmig4-vendera-sua-parte\/#primaryimage\"},\"thumbnailUrl\":\"https:\/\/files.sunoresearch.com.br\/n\/uploads\/2021\/01\/37ef5b14-light-jpg.webp\",\"keywords\":[\"Cemig (CMIG3\/CMIG4)\",\"Light (LIGT3)\"],\"articleSection\":[\"Neg\u00f3cios\"],\"inLanguage\":\"pt-BR\"},{\"@type\":\"WebPage\",\"@id\":\"https:\/\/www.suno.com.br\/noticias\/light-ligt3-oferta-de-acoes-cemig-cmig4-vendera-sua-parte\/\",\"url\":\"https:\/\/www.suno.com.br\/noticias\/light-ligt3-oferta-de-acoes-cemig-cmig4-vendera-sua-parte\/\",\"name\":\"Light (LIGT3) far\u00e1 oferta de a\u00e7\u00f5es; Cemig (CMIG4) vender\u00e1 sua parte\",\"isPartOf\":{\"@id\":\"https:\/\/www.suno.com.br\/noticias\/#website\"},\"primaryImageOfPage\":{\"@id\":\"https:\/\/www.suno.com.br\/noticias\/light-ligt3-oferta-de-acoes-cemig-cmig4-vendera-sua-parte\/#primaryimage\"},\"image\":{\"@id\":\"https:\/\/www.suno.com.br\/noticias\/light-ligt3-oferta-de-acoes-cemig-cmig4-vendera-sua-parte\/#primaryimage\"},\"thumbnailUrl\":\"https:\/\/files.sunoresearch.com.br\/n\/uploads\/2021\/01\/37ef5b14-light-jpg.webp\",\"datePublished\":\"2021-01-07T12:09:11+00:00\",\"dateModified\":\"2021-06-11T17:16:50+00:00\",\"description\":\"A Light S.A. anunciou em fato relevante que realizar\u00e1 um follow-on envolvendo prim\u00e1rias e secund\u00e1rias. Clique aqui para saber mais.\",\"breadcrumb\":{\"@id\":\"https:\/\/www.suno.com.br\/noticias\/light-ligt3-oferta-de-acoes-cemig-cmig4-vendera-sua-parte\/#breadcrumb\"},\"inLanguage\":\"pt-BR\",\"potentialAction\":[{\"@type\":\"ReadAction\",\"target\":[\"https:\/\/www.suno.com.br\/noticias\/light-ligt3-oferta-de-acoes-cemig-cmig4-vendera-sua-parte\/\"]}]},{\"@type\":\"ImageObject\",\"inLanguage\":\"pt-BR\",\"@id\":\"https:\/\/www.suno.com.br\/noticias\/light-ligt3-oferta-de-acoes-cemig-cmig4-vendera-sua-parte\/#primaryimage\",\"url\":\"https:\/\/files.sunoresearch.com.br\/n\/uploads\/2021\/01\/37ef5b14-light-jpg.webp\",\"contentUrl\":\"https:\/\/files.sunoresearch.com.br\/n\/uploads\/2021\/01\/37ef5b14-light-jpg.webp\",\"width\":800,\"height\":600,\"caption\":\"A Light (LIGT3)\"},{\"@type\":\"BreadcrumbList\",\"@id\":\"https:\/\/www.suno.com.br\/noticias\/light-ligt3-oferta-de-acoes-cemig-cmig4-vendera-sua-parte\/#breadcrumb\",\"itemListElement\":[{\"@type\":\"ListItem\",\"position\":1,\"name\":\"Not\u00edcias\",\"item\":\"https:\/\/www.suno.com.br\/noticias\/\"},{\"@type\":\"ListItem\",\"position\":2,\"name\":\"Neg\u00f3cios\",\"item\":\"https:\/\/www.suno.com.br\/noticias\/negocios\/\"},{\"@type\":\"ListItem\",\"position\":3,\"name\":\"Light (LIGT3) far\u00e1 oferta de a\u00e7\u00f5es de R$ 3,2 bi; Cemig (CMIG4) vender\u00e1 sua parte\"}]},{\"@type\":\"WebSite\",\"@id\":\"https:\/\/www.suno.com.br\/noticias\/#website\",\"url\":\"https:\/\/www.suno.com.br\/noticias\/\",\"name\":\"Suno Not\u00edcias\",\"description\":\"Seu portal de informa\u00e7\u00e3o sobre o mundo dos investimentos\",\"publisher\":{\"@id\":\"https:\/\/www.suno.com.br\/noticias\/#organization\"},\"potentialAction\":[{\"@type\":\"SearchAction\",\"target\":{\"@type\":\"EntryPoint\",\"urlTemplate\":\"https:\/\/www.suno.com.br\/noticias\/?s={search_term_string}\"},\"query-input\":{\"@type\":\"PropertyValueSpecification\",\"valueRequired\":true,\"valueName\":\"search_term_string\"}}],\"inLanguage\":\"pt-BR\"},{\"@type\":\"Organization\",\"@id\":\"https:\/\/www.suno.com.br\/noticias\/#organization\",\"name\":\"Suno Not\u00edcias\",\"url\":\"https:\/\/www.suno.com.br\/noticias\/\",\"logo\":{\"@type\":\"ImageObject\",\"inLanguage\":\"pt-BR\",\"@id\":\"https:\/\/www.suno.com.br\/noticias\/#\/schema\/logo\/image\/\",\"url\":\"https:\/\/files.sunoresearch.com.br\/n\/uploads\/2021\/09\/suno-logo.png\",\"contentUrl\":\"https:\/\/files.sunoresearch.com.br\/n\/uploads\/2021\/09\/suno-logo.png\",\"width\":180,\"height\":180,\"caption\":\"Suno Not\u00edcias\"},\"image\":{\"@id\":\"https:\/\/www.suno.com.br\/noticias\/#\/schema\/logo\/image\/\"},\"sameAs\":[\"https:\/\/facebook.com\/sunoresearch\",\"https:\/\/x.com\/sunoresearch\",\"https:\/\/www.instagram.com\/suno\",\"https:\/\/www.linkedin.com\/company\/suno-research\/\",\"https:\/\/www.youtube.com\/c\/sunoresearch\"]},{\"@type\":\"Person\",\"@id\":\"https:\/\/www.suno.com.br\/noticias\/#\/schema\/person\/658d5fbc74d81f265f5df3562d0038ab\",\"name\":\"Vitor Azevedo\",\"image\":{\"@type\":\"ImageObject\",\"inLanguage\":\"pt-BR\",\"@id\":\"https:\/\/www.suno.com.br\/noticias\/#\/schema\/person\/image\/\",\"url\":\"https:\/\/secure.gravatar.com\/avatar\/62b86195291b446fe380824eb28b99a5?s=96&r=g\",\"contentUrl\":\"https:\/\/secure.gravatar.com\/avatar\/62b86195291b446fe380824eb28b99a5?s=96&r=g\",\"caption\":\"Vitor Azevedo\"},\"description\":\"Formado em jornalismo pela Unesp, escreve sobre economia e neg\u00f3cios para a Suno Not\u00edcias.\",\"url\":\"https:\/\/www.suno.com.br\/noticias\/author\/vitor-azevedo\/\"}]}<\/script>\n<!-- \/ Yoast SEO plugin. -->","yoast_head_json":{"title":"Light (LIGT3) far\u00e1 oferta de a\u00e7\u00f5es; Cemig (CMIG4) vender\u00e1 sua parte","description":"A Light S.A. anunciou em fato relevante que realizar\u00e1 um follow-on envolvendo prim\u00e1rias e secund\u00e1rias. Clique aqui para saber mais.","robots":{"index":"index","follow":"follow","max-snippet":"max-snippet:-1","max-image-preview":"max-image-preview:large","max-video-preview":"max-video-preview:-1"},"canonical":"https:\/\/www.suno.com.br\/noticias\/light-ligt3-oferta-de-acoes-cemig-cmig4-vendera-sua-parte\/","og_locale":"pt_BR","og_type":"article","og_title":"Light (LIGT3) far\u00e1 oferta de a\u00e7\u00f5es; Cemig (CMIG4) vender\u00e1 sua parte","og_description":"A Light S.A. anunciou em fato relevante que realizar\u00e1 um follow-on envolvendo prim\u00e1rias e secund\u00e1rias. Clique aqui para saber mais.","og_url":"https:\/\/www.suno.com.br\/noticias\/light-ligt3-oferta-de-acoes-cemig-cmig4-vendera-sua-parte\/","og_site_name":"Suno Not\u00edcias","article_publisher":"https:\/\/facebook.com\/sunoresearch","og_image":[{"width":800,"height":600,"url":"https:\/\/files.sunoresearch.com.br\/n\/uploads\/2021\/01\/37ef5b14-light.jpg","type":"image\/jpeg"}],"author":"Vitor Azevedo","twitter_card":"summary_large_image","twitter_creator":"@sunoresearch","twitter_site":"@sunoresearch","twitter_misc":{"Escrito por":"Vitor Azevedo","Est. tempo de leitura":"2 minutos"},"schema":{"@context":"https:\/\/schema.org","@graph":[{"@type":"NewsArticle","@id":"https:\/\/www.suno.com.br\/noticias\/light-ligt3-oferta-de-acoes-cemig-cmig4-vendera-sua-parte\/#article","isPartOf":{"@id":"https:\/\/www.suno.com.br\/noticias\/light-ligt3-oferta-de-acoes-cemig-cmig4-vendera-sua-parte\/"},"author":{"name":"Vitor Azevedo","@id":"https:\/\/www.suno.com.br\/noticias\/#\/schema\/person\/658d5fbc74d81f265f5df3562d0038ab"},"headline":"Light (LIGT3) far\u00e1 oferta de a\u00e7\u00f5es de R$ 3,2 bi; Cemig (CMIG4) vender\u00e1 sua parte","datePublished":"2021-01-07T12:09:11+00:00","dateModified":"2021-06-11T17:16:50+00:00","mainEntityOfPage":{"@id":"https:\/\/www.suno.com.br\/noticias\/light-ligt3-oferta-de-acoes-cemig-cmig4-vendera-sua-parte\/"},"wordCount":422,"publisher":{"@id":"https:\/\/www.suno.com.br\/noticias\/#organization"},"image":{"@id":"https:\/\/www.suno.com.br\/noticias\/light-ligt3-oferta-de-acoes-cemig-cmig4-vendera-sua-parte\/#primaryimage"},"thumbnailUrl":"https:\/\/files.sunoresearch.com.br\/n\/uploads\/2021\/01\/37ef5b14-light-jpg.webp","keywords":["Cemig (CMIG3\/CMIG4)","Light (LIGT3)"],"articleSection":["Neg\u00f3cios"],"inLanguage":"pt-BR"},{"@type":"WebPage","@id":"https:\/\/www.suno.com.br\/noticias\/light-ligt3-oferta-de-acoes-cemig-cmig4-vendera-sua-parte\/","url":"https:\/\/www.suno.com.br\/noticias\/light-ligt3-oferta-de-acoes-cemig-cmig4-vendera-sua-parte\/","name":"Light (LIGT3) far\u00e1 oferta de a\u00e7\u00f5es; Cemig (CMIG4) vender\u00e1 sua parte","isPartOf":{"@id":"https:\/\/www.suno.com.br\/noticias\/#website"},"primaryImageOfPage":{"@id":"https:\/\/www.suno.com.br\/noticias\/light-ligt3-oferta-de-acoes-cemig-cmig4-vendera-sua-parte\/#primaryimage"},"image":{"@id":"https:\/\/www.suno.com.br\/noticias\/light-ligt3-oferta-de-acoes-cemig-cmig4-vendera-sua-parte\/#primaryimage"},"thumbnailUrl":"https:\/\/files.sunoresearch.com.br\/n\/uploads\/2021\/01\/37ef5b14-light-jpg.webp","datePublished":"2021-01-07T12:09:11+00:00","dateModified":"2021-06-11T17:16:50+00:00","description":"A Light S.A. anunciou em fato relevante que realizar\u00e1 um follow-on envolvendo prim\u00e1rias e secund\u00e1rias. Clique aqui para saber mais.","breadcrumb":{"@id":"https:\/\/www.suno.com.br\/noticias\/light-ligt3-oferta-de-acoes-cemig-cmig4-vendera-sua-parte\/#breadcrumb"},"inLanguage":"pt-BR","potentialAction":[{"@type":"ReadAction","target":["https:\/\/www.suno.com.br\/noticias\/light-ligt3-oferta-de-acoes-cemig-cmig4-vendera-sua-parte\/"]}]},{"@type":"ImageObject","inLanguage":"pt-BR","@id":"https:\/\/www.suno.com.br\/noticias\/light-ligt3-oferta-de-acoes-cemig-cmig4-vendera-sua-parte\/#primaryimage","url":"https:\/\/files.sunoresearch.com.br\/n\/uploads\/2021\/01\/37ef5b14-light-jpg.webp","contentUrl":"https:\/\/files.sunoresearch.com.br\/n\/uploads\/2021\/01\/37ef5b14-light-jpg.webp","width":800,"height":600,"caption":"A Light (LIGT3)"},{"@type":"BreadcrumbList","@id":"https:\/\/www.suno.com.br\/noticias\/light-ligt3-oferta-de-acoes-cemig-cmig4-vendera-sua-parte\/#breadcrumb","itemListElement":[{"@type":"ListItem","position":1,"name":"Not\u00edcias","item":"https:\/\/www.suno.com.br\/noticias\/"},{"@type":"ListItem","position":2,"name":"Neg\u00f3cios","item":"https:\/\/www.suno.com.br\/noticias\/negocios\/"},{"@type":"ListItem","position":3,"name":"Light (LIGT3) far\u00e1 oferta de a\u00e7\u00f5es de R$ 3,2 bi; Cemig (CMIG4) vender\u00e1 sua parte"}]},{"@type":"WebSite","@id":"https:\/\/www.suno.com.br\/noticias\/#website","url":"https:\/\/www.suno.com.br\/noticias\/","name":"Suno Not\u00edcias","description":"Seu portal de informa\u00e7\u00e3o sobre o mundo dos investimentos","publisher":{"@id":"https:\/\/www.suno.com.br\/noticias\/#organization"},"potentialAction":[{"@type":"SearchAction","target":{"@type":"EntryPoint","urlTemplate":"https:\/\/www.suno.com.br\/noticias\/?s={search_term_string}"},"query-input":{"@type":"PropertyValueSpecification","valueRequired":true,"valueName":"search_term_string"}}],"inLanguage":"pt-BR"},{"@type":"Organization","@id":"https:\/\/www.suno.com.br\/noticias\/#organization","name":"Suno Not\u00edcias","url":"https:\/\/www.suno.com.br\/noticias\/","logo":{"@type":"ImageObject","inLanguage":"pt-BR","@id":"https:\/\/www.suno.com.br\/noticias\/#\/schema\/logo\/image\/","url":"https:\/\/files.sunoresearch.com.br\/n\/uploads\/2021\/09\/suno-logo.png","contentUrl":"https:\/\/files.sunoresearch.com.br\/n\/uploads\/2021\/09\/suno-logo.png","width":180,"height":180,"caption":"Suno Not\u00edcias"},"image":{"@id":"https:\/\/www.suno.com.br\/noticias\/#\/schema\/logo\/image\/"},"sameAs":["https:\/\/facebook.com\/sunoresearch","https:\/\/x.com\/sunoresearch","https:\/\/www.instagram.com\/suno","https:\/\/www.linkedin.com\/company\/suno-research\/","https:\/\/www.youtube.com\/c\/sunoresearch"]},{"@type":"Person","@id":"https:\/\/www.suno.com.br\/noticias\/#\/schema\/person\/658d5fbc74d81f265f5df3562d0038ab","name":"Vitor Azevedo","image":{"@type":"ImageObject","inLanguage":"pt-BR","@id":"https:\/\/www.suno.com.br\/noticias\/#\/schema\/person\/image\/","url":"https:\/\/secure.gravatar.com\/avatar\/62b86195291b446fe380824eb28b99a5?s=96&r=g","contentUrl":"https:\/\/secure.gravatar.com\/avatar\/62b86195291b446fe380824eb28b99a5?s=96&r=g","caption":"Vitor Azevedo"},"description":"Formado em jornalismo pela Unesp, escreve sobre economia e neg\u00f3cios para a Suno Not\u00edcias.","url":"https:\/\/www.suno.com.br\/noticias\/author\/vitor-azevedo\/"}]}},"default_loop_html":"<div class=\"cardsPage__listCard__boxs\"><div class=\"cardsPage__listCard__boxs__img\"><a href=\"https:\/\/www.suno.com.br\/noticias\/light-ligt3-oferta-de-acoes-cemig-cmig4-vendera-sua-parte\/\"><img class=\"mask\" src=\"https:\/\/www.suno.com.br\/noticias\/wp-content\/themes\/suno\/resources\/images\/spotlight\/spotlight1img\/bg-mask.png\" alt=\"Image Mask\"\/><img src=\"https:\/\/files.sunoresearch.com.br\/n\/uploads\/2021\/01\/37ef5b14-light-400x200.webp\" alt=\"Light (LIGT3) far\u00e1 oferta de a\u00e7\u00f5es de R$ 3,2 bi; Cemig (CMIG4) vender\u00e1 sua parte\"\/><\/a><span class=\"spotlightCategory\"><a href=\"https:\/\/www.suno.com.br\/noticias\/negocios\/\">Neg\u00f3cios<\/a><\/span><\/div><div class=\"cardsPage__listCard__boxs__content\"><a href=\"https:\/\/www.suno.com.br\/noticias\/light-ligt3-oferta-de-acoes-cemig-cmig4-vendera-sua-parte\/\"><h2 class=\"content__title\">Light (LIGT3) far\u00e1 oferta de a\u00e7\u00f5es de R$ 3,2 bi; Cemig (CMIG4) vender\u00e1 sua parte<\/h2><\/a><div class=\"newsContent__article__meta\"><div class=\"newsContent__article__meta__authorBox\"><a href=\"https:\/\/www.suno.com.br\/noticias\/author\/vitor-azevedo\/\" class=\"authorBox__avatar noMobi\"><img src=\"https:\/\/secure.gravatar.com\/avatar\/62b86195291b446fe380824eb28b99a5?s=96&#038;r=g\" alt=\"Vitor Azevedo\"><\/a><div class=\"authorBox__name\"><span>por\n\t\t\t<a href=\"https:\/\/www.suno.com.br\/noticias\/author\/vitor-azevedo\/\"><span itemprop=\"author\">Vitor Azevedo<\/span><\/a><\/span><time datetime=\"2021-01-07T09:09:11-03:00\" itemprop=\"datePublished\">07\/01\/2021 09:09<\/time><\/div><\/div><\/div><\/div><\/div>","single_layout":"posts","amp_enabled":true,"_links":{"self":[{"href":"https:\/\/www.suno.com.br\/noticias\/wp-json\/wp\/v2\/posts\/111408"}],"collection":[{"href":"https:\/\/www.suno.com.br\/noticias\/wp-json\/wp\/v2\/posts"}],"about":[{"href":"https:\/\/www.suno.com.br\/noticias\/wp-json\/wp\/v2\/types\/post"}],"author":[{"embeddable":true,"href":"https:\/\/www.suno.com.br\/noticias\/wp-json\/wp\/v2\/users\/59"}],"replies":[{"embeddable":true,"href":"https:\/\/www.suno.com.br\/noticias\/wp-json\/wp\/v2\/comments?post=111408"}],"version-history":[{"count":1,"href":"https:\/\/www.suno.com.br\/noticias\/wp-json\/wp\/v2\/posts\/111408\/revisions"}],"predecessor-version":[{"id":156329,"href":"https:\/\/www.suno.com.br\/noticias\/wp-json\/wp\/v2\/posts\/111408\/revisions\/156329"}],"wp:featuredmedia":[{"embeddable":true,"href":"https:\/\/www.suno.com.br\/noticias\/wp-json\/wp\/v2\/media\/111420"}],"wp:attachment":[{"href":"https:\/\/www.suno.com.br\/noticias\/wp-json\/wp\/v2\/media?parent=111408"}],"wp:term":[{"taxonomy":"category","embeddable":true,"href":"https:\/\/www.suno.com.br\/noticias\/wp-json\/wp\/v2\/categories?post=111408"},{"taxonomy":"post_tag","embeddable":true,"href":"https:\/\/www.suno.com.br\/noticias\/wp-json\/wp\/v2\/tags?post=111408"},{"taxonomy":"suno_strategy","embeddable":true,"href":"https:\/\/www.suno.com.br\/noticias\/wp-json\/wp\/v2\/suno_strategy?post=111408"}],"curies":[{"name":"wp","href":"https:\/\/api.w.org\/{rel}","templated":true}]}}