{"id":111391,"date":"2021-01-07T07:34:10","date_gmt":"2021-01-07T10:34:10","guid":{"rendered":"https:\/\/www.suno.com.br\/noticias\/?p=111391"},"modified":"2021-06-13T23:28:31","modified_gmt":"2021-06-14T02:28:31","slug":"congresso-estados-unidos-vitoria-joe-biden","status":"publish","type":"post","link":"https:\/\/www.suno.com.br\/noticias\/congresso-estados-unidos-vitoria-joe-biden\/","title":{"rendered":"Congresso dos Estados Unidos confirma vit\u00f3ria eleitoral de Joe Biden"},"content":{"rendered":"<p>O Congresso dos <strong>Estados Unidos<\/strong> confirmou, na madrugada desta quinta-feira (7), a vit\u00f3ria eleitoral do democrata Joe Biden, presidente eleito em novembro de 2020. O processo de vota\u00e7\u00e3o do Col\u00e9gio Eleitoral foi retomado horas ap\u00f3s o Capit\u00f3lio, na capital estadunidense, ter sido invadido por manifestantes pr\u00f3-<a href=\"https:\/\/www.suno.com.br\/tudo-sobre\/donald-trump\/\">Donald Trump<\/a>.<\/p>\t<div class=\"wrapper-featured-image\">\n\t\t<figure class=\"spotlightImg\">\n\n\t\t\t<picture>\n\t\t\t\t<source media=\"(max-width: 768px)\" srcset=\"https:\/\/files.sunoresearch.com.br\/n\/uploads\/2021\/01\/dbcad467-capitolio-dos-eua-ao-por-do-sol-no-dia-das-eleicoes-1541721731499_v2_1920x1279-400x200.webp\">\n\t\t\t\t<img loading=\"lazy\" decoding=\"async\" class=\"newsContent__article__imgCapa lazyloadDisabled \" src=\"https:\/\/files.sunoresearch.com.br\/n\/uploads\/2021\/01\/dbcad467-capitolio-dos-eua-ao-por-do-sol-no-dia-das-eleicoes-1541721731499_v2_1920x1279-800x450.webp\" width=\"800\" height=\"450\" alt=\"Congresso dos Estados Unidos confirma vit\u00f3ria eleitoral de Joe Biden\" fetchpriority=high \/>\n\t\t\t<\/picture>\n\n\t\t\t<figcaption class=\"wp-caption-text wp-caption-text--show\">O Congresso dos Estados Unidos confirmou a vit\u00f3ria eleitoral do democrata Joe Biden, presidente eleito em novembro de 2020. <\/figcaption>\n\t\t<\/figure>\n\t<\/div>\n\n\n\t<p>\n\t\t<a href=\"https:\/\/lp.suno.com.br\/planilha-controle-gastos\/\" target=\"_blank\" data-element=\"shortcode-suno-banner\" title=\"Banner SUNO, clique e saiba mais\">\n\t\t\t<picture>\n\t\t\t\t<source media=\"(max-width: 500px)\" srcset=\"https:\/\/files.sunoresearch.com.br\/n\/uploads\/2023\/03\/400x300-Planilha-controle-de-gastos.png\">\n\t\t\t\t<img class=\"newsContent__article__imgCapa newsContent__article__imgCapa--banner\"\n\t\t\t\t\tsrc=\"https:\/\/files.sunoresearch.com.br\/n\/uploads\/2023\/03\/1420x240-Planilha-controle-de-gastos.png\"\n\t\t\t\t\tdata-promo-id=\"101751\"\t\t\t\t\t\t\t\t\t\twidth='1420' height='240'\t\t\t\t\talt=\"https:\/\/files.sunoresearch.com.br\/n\/uploads\/2023\/03\/1420x240-Planilha-controle-de-gastos.png\"\n\t\t\t\t>\n\t\t\t<\/picture>\n\t\t<\/a>\n\t<\/p>\n\n\n<p>O novo presidente dos Estados Unidos foi confirmado pelo vice-presidente <strong>Mike Pence<\/strong>, que leu a contagem dos 538 votos dos 50 estados e do Distrito de Columbia &#8212; o democrata ficou com 306 votos eleitorais, enquanto Trump terminou com 232.<\/p>\n<p>Trump, por meio de um comunicado oficial, se comprometeu em realizar uma transi\u00e7\u00e3o de poder a Biden, no dia 20 de janeiro, de forma ordenada. Ele, no entanto, diz que continua a &#8220;discordar totalmente com o resultado da elei\u00e7\u00e3o&#8221;, alegando que isso &#8220;representa o fim do maior primeiro mandato da hist\u00f3ria presidencial&#8221;.<\/p>\n<p><a href=\"https:\/\/lp.suno.com.br\/suno-one\/\">Suno One: acesse gratuitamente eBooks, Minicursos, Artigos e Video Aulas sobre investimentos com um \u00fanico cadastro. Clique para saber mais!<\/a><\/p>\n<p>Em seu discurso, ap\u00f3s a retomada dos trabalhos, Pence disse que a \u00faltima quarta-feira (6) foi um &#8220;dia sombrio&#8221; para o poder <strong>Legislativo<\/strong> estadunidense. &#8220;Para aqueles que causaram danos ao Capit\u00f3lio hoje, voc\u00eas n\u00e3o ganharam&#8221;, afirmou, salientando que, diferentemente de relatos daquela tarde, n\u00e3o chegou a deixar o Capit\u00f3lio para um lugar mais seguro.<\/p>\n<p>Nos Estados Unidos, o vice-presidente tamb\u00e9m cumpre o papel de presidente do Senado. O cargo ser\u00e1 ocupado pela demorata <strong>Kamala Harris<\/strong> pelos pr\u00f3ximos quatro anos.<\/p>\n\t<p>\n\t\t<a href=\"https:\/\/lp.suno.com.br\/ebook-como-analisar-uma-acao\/\" target=\"_blank\" data-element=\"shortcode-suno-banner\" title=\"Banner SUNO, clique e saiba mais\">\n\t\t\t<picture>\n\t\t\t\t<source media=\"(max-width: 500px)\" srcset=\"https:\/\/files.sunoresearch.com.br\/n\/uploads\/2023\/03\/Ebook-Acoes-Mobile.jpg\">\n\t\t\t\t<img class=\"newsContent__article__imgCapa newsContent__article__imgCapa--banner\"\n\t\t\t\t\tsrc=\"https:\/\/files.sunoresearch.com.br\/n\/uploads\/2023\/03\/Ebook-Acoes-Desktop.jpg\"\n\t\t\t\t\tdata-promo-id=\"378302\"\t\t\t\t\t\t\t\t\t\twidth='1420' height='286'\t\t\t\t\talt=\"https:\/\/files.sunoresearch.com.br\/n\/uploads\/2023\/03\/Ebook-Acoes-Desktop.jpg\"\n\t\t\t\t>\n\t\t\t<\/picture>\n\t\t<\/a>\n\t<\/p>\n\n\n<p>&#8220;A viol\u00eancia nunca vence. A liberdade vence, e esta ainda \u00e9 a casa do povo. Ao nos reunirmos novamente nesta casa, o mundo testemunhar\u00e1 mais uma vez a resili\u00eancia e a for\u00e7a de nossa democracia, mesmo depois de viol\u00eancia e vandalismo sem precedentes&#8221;, afirmou Pence.<\/p>\n<h2>Biden diz que invas\u00e3o foi &#8220;ataque \u00e0 democracia&#8221; dos Estados Unidos<\/h2>\n<p>Ap\u00f3s a invas\u00e3o do Congresso pelos manifestantes pr\u00f3-Trump, <strong>Joe Biden<\/strong> realizou um pronunciamento dizendo que a democracia do pa\u00eds sofreu &#8220;um ataque sem precedentes&#8221;.<\/p>\n<p>\u201cA esta hora, nossa democracia est\u00e1 sob um ataque sem precedentes. Diferente de tudo que vimos nos tempos modernos. Um ataque \u00e0 cidadela da liberdade, o pr\u00f3prio <strong>Capit\u00f3lio<\/strong>. Um ataque aos representantes do povo e \u00e0 pol\u00edcia do Capit\u00f3lio, que jurou proteg\u00ea-los. E os funcion\u00e1rios p\u00fablicos que trabalham no cora\u00e7\u00e3o de nossa Rep\u00fablica\u201d, afirmou o presidente eleito.<\/p>\n\t<div data-element=\"shortcode-read-more\" class=\"knowMore\">\n\t\t\t\t<span class=\"knowMore__title\">Saiba mais<\/span>\n\t\t\t\t<a class=\"knowMore__link\" href=\"https:\/\/www.suno.com.br\/noticias\/vitoria-biden-prejudicar-apple-amazon\/\">\n\t\t\tA vit\u00f3ria de Joe Biden vai prejudicar Apple e Amazon?\t\t<\/a>\n\t<\/div>\n\n\n<p>O processo de certifica\u00e7\u00e3o das <strong>elei\u00e7\u00f5es presidenciais<\/strong>, tradicionalmente ocorrido na primeira semana do ano subsequentes \u00e0s vota\u00e7\u00f5es, costuma ser tranquilo e apenas confirmat\u00f3rio, mas alguns republicanos planejaram se opor aos votos dos estados em que Trump perdeu.<\/p>\n<p>Foram vistas cenas violentas, transmitidas em tempo real em todo o pa\u00eds &#8212; segundo a pol\u00edtica local, uma mulher foi baleada e morta em meio aos dist\u00farbios. Ultimamente t\u00eam sido registradas frequentes manifesta\u00e7\u00f5es pol\u00edticas em <strong>Washington<\/strong>, mas o confronto com a pol\u00edcia nos degraus do Capit\u00f3lio gerou indigna\u00e7\u00e3o dos legisladores e autoridades do pa\u00eds.<\/p>\n<p>\u201cO que estamos vendo \u00e9 um pequeno n\u00famero de extremistas dedicados \u00e0 ilegalidade\u201d, disse Biden. O novo presidente dos <strong>Estados Unidos<\/strong> pediu a Trump que fosse \u00e0 televis\u00e3o &#8220;para cumprir seu juramento, defender a constitui\u00e7\u00e3o e exigir o fim deste cerco\u201d.<\/p>\n\t<p>\n\t\t<a href=\"https:\/\/lp.suno.com.br\/planilha-de-controle-de-investimentos\/\" target=\"_blank\" data-element=\"shortcode-suno-banner\" title=\"Banner SUNO, clique e saiba mais\">\n\t\t\t<picture>\n\t\t\t\t<source media=\"(max-width: 500px)\" srcset=\"https:\/\/files.sunoresearch.com.br\/n\/uploads\/2023\/03\/400x300-Controle-de-Investimentos.png\">\n\t\t\t\t<img class=\"newsContent__article__imgCapa newsContent__article__imgCapa--banner\"\n\t\t\t\t\tsrc=\"https:\/\/files.sunoresearch.com.br\/n\/uploads\/2023\/03\/1420x240-Controle-de-Investimentos.png\"\n\t\t\t\t\tdata-promo-id=\"75934\"\t\t\t\t\t\t\t\t\t\twidth='1420' height='240'\t\t\t\t\talt=\"https:\/\/files.sunoresearch.com.br\/n\/uploads\/2023\/03\/1420x240-Controle-de-Investimentos.png\"\n\t\t\t\t>\n\t\t\t<\/picture>\n\t\t<\/a>\n\t<\/p>\n\n\n","protected":false},"excerpt":{"rendered":"<p>O Congresso dos Estados Unidos confirmou, na madrugada desta quinta-feira (7), a vit\u00f3ria eleitoral do democrata Joe Biden, presidente eleito em novembro de 2020. O processo de vota\u00e7\u00e3o do Col\u00e9gio Eleitoral foi retomado horas ap\u00f3s o Capit\u00f3lio, na capital estadunidense, ter sido invadido por manifestantes pr\u00f3-Donald Trump. O Congresso dos Estados Unidos confirmou a vit\u00f3ria [&hellip;]<\/p>\n","protected":false},"author":24,"featured_media":111393,"comment_status":"closed","ping_status":"closed","sticky":false,"template":"","format":"standard","meta":[],"categories":[63],"tags":[724,104868,793,73481],"suno_strategy":[],"class_list":["post-111391","post","type-post","status-publish","format-standard","has-post-thumbnail","hentry","category-internacional","tag-donald-trump","tag-eleicoes-americanas","tag-estados-unidos-eua","tag-joe-biden"],"yoast_head":"<!-- This site is optimized with the Yoast SEO plugin v24.4 - https:\/\/yoast.com\/wordpress\/plugins\/seo\/ -->\n<title>Congresso dos Estados Unidos confirma vit\u00f3ria eleitoral de Joe Biden<\/title>\n<meta name=\"description\" content=\"O Congresso dos Estados Unidos confirmou a vit\u00f3ria eleitoral do democrata Joe Biden, presidente eleito em novembro de 2020. Saiba mais.\" \/>\n<meta name=\"robots\" content=\"index, follow, max-snippet:-1, max-image-preview:large, max-video-preview:-1\" \/>\n<link rel=\"canonical\" href=\"https:\/\/www.suno.com.br\/noticias\/congresso-estados-unidos-vitoria-joe-biden\/\" \/>\n<meta property=\"og:locale\" content=\"pt_BR\" \/>\n<meta property=\"og:type\" content=\"article\" \/>\n<meta property=\"og:title\" content=\"Congresso dos Estados Unidos confirma vit\u00f3ria eleitoral de Joe Biden\" \/>\n<meta property=\"og:description\" content=\"O Congresso dos Estados Unidos confirmou a vit\u00f3ria eleitoral do democrata Joe Biden, presidente eleito em novembro de 2020. Saiba mais.\" \/>\n<meta property=\"og:url\" content=\"https:\/\/www.suno.com.br\/noticias\/congresso-estados-unidos-vitoria-joe-biden\/\" \/>\n<meta property=\"og:site_name\" content=\"Suno Not\u00edcias\" \/>\n<meta property=\"article:publisher\" content=\"https:\/\/facebook.com\/sunoresearch\" \/>\n<meta property=\"og:image\" content=\"https:\/\/files.sunoresearch.com.br\/n\/uploads\/2021\/01\/dbcad467-capitolio-dos-eua-ao-por-do-sol-no-dia-das-eleicoes-1541721731499_v2_1920x1279.jpg\" \/>\n\t<meta property=\"og:image:width\" content=\"1920\" \/>\n\t<meta property=\"og:image:height\" content=\"1279\" \/>\n\t<meta property=\"og:image:type\" content=\"image\/jpeg\" \/>\n<meta name=\"author\" content=\"Jader Lazarini\" \/>\n<meta name=\"twitter:card\" content=\"summary_large_image\" \/>\n<meta name=\"twitter:creator\" content=\"@sunoresearch\" \/>\n<meta name=\"twitter:site\" content=\"@sunoresearch\" \/>\n<meta name=\"twitter:label1\" content=\"Escrito por\" \/>\n\t<meta name=\"twitter:data1\" content=\"Jader Lazarini\" \/>\n\t<meta name=\"twitter:label2\" content=\"Est. tempo de leitura\" \/>\n\t<meta name=\"twitter:data2\" content=\"3 minutos\" \/>\n<script type=\"application\/ld+json\" class=\"yoast-schema-graph\">{\"@context\":\"https:\/\/schema.org\",\"@graph\":[{\"@type\":\"NewsArticle\",\"@id\":\"https:\/\/www.suno.com.br\/noticias\/congresso-estados-unidos-vitoria-joe-biden\/#article\",\"isPartOf\":{\"@id\":\"https:\/\/www.suno.com.br\/noticias\/congresso-estados-unidos-vitoria-joe-biden\/\"},\"author\":{\"name\":\"Jader Lazarini\",\"@id\":\"https:\/\/www.suno.com.br\/noticias\/#\/schema\/person\/918d79de1f0281f01599b93f9ea6e23f\"},\"headline\":\"Congresso dos Estados Unidos confirma vit\u00f3ria eleitoral de Joe Biden\",\"datePublished\":\"2021-01-07T10:34:10+00:00\",\"dateModified\":\"2021-06-14T02:28:31+00:00\",\"mainEntityOfPage\":{\"@id\":\"https:\/\/www.suno.com.br\/noticias\/congresso-estados-unidos-vitoria-joe-biden\/\"},\"wordCount\":583,\"publisher\":{\"@id\":\"https:\/\/www.suno.com.br\/noticias\/#organization\"},\"image\":{\"@id\":\"https:\/\/www.suno.com.br\/noticias\/congresso-estados-unidos-vitoria-joe-biden\/#primaryimage\"},\"thumbnailUrl\":\"https:\/\/files.sunoresearch.com.br\/n\/uploads\/2021\/01\/dbcad467-capitolio-dos-eua-ao-por-do-sol-no-dia-das-eleicoes-1541721731499_v2_1920x1279.jpg\",\"keywords\":[\"Donald Trump\",\"Elei\u00e7\u00f5es americanas\",\"Estados Unidos (EUA)\",\"Joe Biden\"],\"articleSection\":[\"Internacional\"],\"inLanguage\":\"pt-BR\"},{\"@type\":\"WebPage\",\"@id\":\"https:\/\/www.suno.com.br\/noticias\/congresso-estados-unidos-vitoria-joe-biden\/\",\"url\":\"https:\/\/www.suno.com.br\/noticias\/congresso-estados-unidos-vitoria-joe-biden\/\",\"name\":\"Congresso dos Estados Unidos confirma vit\u00f3ria eleitoral de Joe Biden\",\"isPartOf\":{\"@id\":\"https:\/\/www.suno.com.br\/noticias\/#website\"},\"primaryImageOfPage\":{\"@id\":\"https:\/\/www.suno.com.br\/noticias\/congresso-estados-unidos-vitoria-joe-biden\/#primaryimage\"},\"image\":{\"@id\":\"https:\/\/www.suno.com.br\/noticias\/congresso-estados-unidos-vitoria-joe-biden\/#primaryimage\"},\"thumbnailUrl\":\"https:\/\/files.sunoresearch.com.br\/n\/uploads\/2021\/01\/dbcad467-capitolio-dos-eua-ao-por-do-sol-no-dia-das-eleicoes-1541721731499_v2_1920x1279.jpg\",\"datePublished\":\"2021-01-07T10:34:10+00:00\",\"dateModified\":\"2021-06-14T02:28:31+00:00\",\"description\":\"O Congresso dos Estados Unidos confirmou a vit\u00f3ria eleitoral do democrata Joe Biden, presidente eleito em novembro de 2020. Saiba mais.\",\"breadcrumb\":{\"@id\":\"https:\/\/www.suno.com.br\/noticias\/congresso-estados-unidos-vitoria-joe-biden\/#breadcrumb\"},\"inLanguage\":\"pt-BR\",\"potentialAction\":[{\"@type\":\"ReadAction\",\"target\":[\"https:\/\/www.suno.com.br\/noticias\/congresso-estados-unidos-vitoria-joe-biden\/\"]}]},{\"@type\":\"ImageObject\",\"inLanguage\":\"pt-BR\",\"@id\":\"https:\/\/www.suno.com.br\/noticias\/congresso-estados-unidos-vitoria-joe-biden\/#primaryimage\",\"url\":\"https:\/\/files.sunoresearch.com.br\/n\/uploads\/2021\/01\/dbcad467-capitolio-dos-eua-ao-por-do-sol-no-dia-das-eleicoes-1541721731499_v2_1920x1279.jpg\",\"contentUrl\":\"https:\/\/files.sunoresearch.com.br\/n\/uploads\/2021\/01\/dbcad467-capitolio-dos-eua-ao-por-do-sol-no-dia-das-eleicoes-1541721731499_v2_1920x1279.jpg\",\"width\":1920,\"height\":1279,\"caption\":\"O Congresso dos Estados Unidos confirmou a vit\u00f3ria eleitoral do democrata Joe Biden, presidente eleito em novembro de 2020.\"},{\"@type\":\"BreadcrumbList\",\"@id\":\"https:\/\/www.suno.com.br\/noticias\/congresso-estados-unidos-vitoria-joe-biden\/#breadcrumb\",\"itemListElement\":[{\"@type\":\"ListItem\",\"position\":1,\"name\":\"Not\u00edcias\",\"item\":\"https:\/\/www.suno.com.br\/noticias\/\"},{\"@type\":\"ListItem\",\"position\":2,\"name\":\"Internacional\",\"item\":\"https:\/\/www.suno.com.br\/noticias\/internacional\/\"},{\"@type\":\"ListItem\",\"position\":3,\"name\":\"Congresso dos Estados Unidos confirma vit\u00f3ria eleitoral de Joe Biden\"}]},{\"@type\":\"WebSite\",\"@id\":\"https:\/\/www.suno.com.br\/noticias\/#website\",\"url\":\"https:\/\/www.suno.com.br\/noticias\/\",\"name\":\"Suno Not\u00edcias\",\"description\":\"Seu portal de informa\u00e7\u00e3o sobre o mundo dos investimentos\",\"publisher\":{\"@id\":\"https:\/\/www.suno.com.br\/noticias\/#organization\"},\"potentialAction\":[{\"@type\":\"SearchAction\",\"target\":{\"@type\":\"EntryPoint\",\"urlTemplate\":\"https:\/\/www.suno.com.br\/noticias\/?s={search_term_string}\"},\"query-input\":{\"@type\":\"PropertyValueSpecification\",\"valueRequired\":true,\"valueName\":\"search_term_string\"}}],\"inLanguage\":\"pt-BR\"},{\"@type\":\"Organization\",\"@id\":\"https:\/\/www.suno.com.br\/noticias\/#organization\",\"name\":\"Suno Not\u00edcias\",\"url\":\"https:\/\/www.suno.com.br\/noticias\/\",\"logo\":{\"@type\":\"ImageObject\",\"inLanguage\":\"pt-BR\",\"@id\":\"https:\/\/www.suno.com.br\/noticias\/#\/schema\/logo\/image\/\",\"url\":\"https:\/\/files.sunoresearch.com.br\/n\/uploads\/2021\/09\/suno-logo.png\",\"contentUrl\":\"https:\/\/files.sunoresearch.com.br\/n\/uploads\/2021\/09\/suno-logo.png\",\"width\":180,\"height\":180,\"caption\":\"Suno Not\u00edcias\"},\"image\":{\"@id\":\"https:\/\/www.suno.com.br\/noticias\/#\/schema\/logo\/image\/\"},\"sameAs\":[\"https:\/\/facebook.com\/sunoresearch\",\"https:\/\/x.com\/sunoresearch\",\"https:\/\/www.instagram.com\/suno\",\"https:\/\/www.linkedin.com\/company\/suno-research\/\",\"https:\/\/www.youtube.com\/c\/sunoresearch\"]},{\"@type\":\"Person\",\"@id\":\"https:\/\/www.suno.com.br\/noticias\/#\/schema\/person\/918d79de1f0281f01599b93f9ea6e23f\",\"name\":\"Jader Lazarini\",\"image\":{\"@type\":\"ImageObject\",\"inLanguage\":\"pt-BR\",\"@id\":\"https:\/\/www.suno.com.br\/noticias\/#\/schema\/person\/image\/\",\"url\":\"https:\/\/secure.gravatar.com\/avatar\/3c1ad8caa51589841baeb923fcddea97?s=96&r=g\",\"contentUrl\":\"https:\/\/secure.gravatar.com\/avatar\/3c1ad8caa51589841baeb923fcddea97?s=96&r=g\",\"caption\":\"Jader Lazarini\"},\"description\":\"Jader Lazarini escreve sobre investimentos, finan\u00e7as, economia e neg\u00f3cios. \u00c9 bacharel em Rela\u00e7\u00f5es Internacionais e analista CNPI (2619).\",\"url\":\"https:\/\/www.suno.com.br\/noticias\/author\/jader-lazarini\/\"}]}<\/script>\n<!-- \/ Yoast SEO plugin. -->","yoast_head_json":{"title":"Congresso dos Estados Unidos confirma vit\u00f3ria eleitoral de Joe Biden","description":"O Congresso dos Estados Unidos confirmou a vit\u00f3ria eleitoral do democrata Joe Biden, presidente eleito em novembro de 2020. Saiba mais.","robots":{"index":"index","follow":"follow","max-snippet":"max-snippet:-1","max-image-preview":"max-image-preview:large","max-video-preview":"max-video-preview:-1"},"canonical":"https:\/\/www.suno.com.br\/noticias\/congresso-estados-unidos-vitoria-joe-biden\/","og_locale":"pt_BR","og_type":"article","og_title":"Congresso dos Estados Unidos confirma vit\u00f3ria eleitoral de Joe Biden","og_description":"O Congresso dos Estados Unidos confirmou a vit\u00f3ria eleitoral do democrata Joe Biden, presidente eleito em novembro de 2020. Saiba mais.","og_url":"https:\/\/www.suno.com.br\/noticias\/congresso-estados-unidos-vitoria-joe-biden\/","og_site_name":"Suno Not\u00edcias","article_publisher":"https:\/\/facebook.com\/sunoresearch","og_image":[{"width":1920,"height":1279,"url":"https:\/\/files.sunoresearch.com.br\/n\/uploads\/2021\/01\/dbcad467-capitolio-dos-eua-ao-por-do-sol-no-dia-das-eleicoes-1541721731499_v2_1920x1279.jpg","type":"image\/jpeg"}],"author":"Jader Lazarini","twitter_card":"summary_large_image","twitter_creator":"@sunoresearch","twitter_site":"@sunoresearch","twitter_misc":{"Escrito por":"Jader Lazarini","Est. tempo de leitura":"3 minutos"},"schema":{"@context":"https:\/\/schema.org","@graph":[{"@type":"NewsArticle","@id":"https:\/\/www.suno.com.br\/noticias\/congresso-estados-unidos-vitoria-joe-biden\/#article","isPartOf":{"@id":"https:\/\/www.suno.com.br\/noticias\/congresso-estados-unidos-vitoria-joe-biden\/"},"author":{"name":"Jader Lazarini","@id":"https:\/\/www.suno.com.br\/noticias\/#\/schema\/person\/918d79de1f0281f01599b93f9ea6e23f"},"headline":"Congresso dos Estados Unidos confirma vit\u00f3ria eleitoral de Joe Biden","datePublished":"2021-01-07T10:34:10+00:00","dateModified":"2021-06-14T02:28:31+00:00","mainEntityOfPage":{"@id":"https:\/\/www.suno.com.br\/noticias\/congresso-estados-unidos-vitoria-joe-biden\/"},"wordCount":583,"publisher":{"@id":"https:\/\/www.suno.com.br\/noticias\/#organization"},"image":{"@id":"https:\/\/www.suno.com.br\/noticias\/congresso-estados-unidos-vitoria-joe-biden\/#primaryimage"},"thumbnailUrl":"https:\/\/files.sunoresearch.com.br\/n\/uploads\/2021\/01\/dbcad467-capitolio-dos-eua-ao-por-do-sol-no-dia-das-eleicoes-1541721731499_v2_1920x1279.jpg","keywords":["Donald Trump","Elei\u00e7\u00f5es americanas","Estados Unidos (EUA)","Joe Biden"],"articleSection":["Internacional"],"inLanguage":"pt-BR"},{"@type":"WebPage","@id":"https:\/\/www.suno.com.br\/noticias\/congresso-estados-unidos-vitoria-joe-biden\/","url":"https:\/\/www.suno.com.br\/noticias\/congresso-estados-unidos-vitoria-joe-biden\/","name":"Congresso dos Estados Unidos confirma vit\u00f3ria eleitoral de Joe Biden","isPartOf":{"@id":"https:\/\/www.suno.com.br\/noticias\/#website"},"primaryImageOfPage":{"@id":"https:\/\/www.suno.com.br\/noticias\/congresso-estados-unidos-vitoria-joe-biden\/#primaryimage"},"image":{"@id":"https:\/\/www.suno.com.br\/noticias\/congresso-estados-unidos-vitoria-joe-biden\/#primaryimage"},"thumbnailUrl":"https:\/\/files.sunoresearch.com.br\/n\/uploads\/2021\/01\/dbcad467-capitolio-dos-eua-ao-por-do-sol-no-dia-das-eleicoes-1541721731499_v2_1920x1279.jpg","datePublished":"2021-01-07T10:34:10+00:00","dateModified":"2021-06-14T02:28:31+00:00","description":"O Congresso dos Estados Unidos confirmou a vit\u00f3ria eleitoral do democrata Joe Biden, presidente eleito em novembro de 2020. Saiba mais.","breadcrumb":{"@id":"https:\/\/www.suno.com.br\/noticias\/congresso-estados-unidos-vitoria-joe-biden\/#breadcrumb"},"inLanguage":"pt-BR","potentialAction":[{"@type":"ReadAction","target":["https:\/\/www.suno.com.br\/noticias\/congresso-estados-unidos-vitoria-joe-biden\/"]}]},{"@type":"ImageObject","inLanguage":"pt-BR","@id":"https:\/\/www.suno.com.br\/noticias\/congresso-estados-unidos-vitoria-joe-biden\/#primaryimage","url":"https:\/\/files.sunoresearch.com.br\/n\/uploads\/2021\/01\/dbcad467-capitolio-dos-eua-ao-por-do-sol-no-dia-das-eleicoes-1541721731499_v2_1920x1279.jpg","contentUrl":"https:\/\/files.sunoresearch.com.br\/n\/uploads\/2021\/01\/dbcad467-capitolio-dos-eua-ao-por-do-sol-no-dia-das-eleicoes-1541721731499_v2_1920x1279.jpg","width":1920,"height":1279,"caption":"O Congresso dos Estados Unidos confirmou a vit\u00f3ria eleitoral do democrata Joe Biden, presidente eleito em novembro de 2020."},{"@type":"BreadcrumbList","@id":"https:\/\/www.suno.com.br\/noticias\/congresso-estados-unidos-vitoria-joe-biden\/#breadcrumb","itemListElement":[{"@type":"ListItem","position":1,"name":"Not\u00edcias","item":"https:\/\/www.suno.com.br\/noticias\/"},{"@type":"ListItem","position":2,"name":"Internacional","item":"https:\/\/www.suno.com.br\/noticias\/internacional\/"},{"@type":"ListItem","position":3,"name":"Congresso dos Estados Unidos confirma vit\u00f3ria eleitoral de Joe Biden"}]},{"@type":"WebSite","@id":"https:\/\/www.suno.com.br\/noticias\/#website","url":"https:\/\/www.suno.com.br\/noticias\/","name":"Suno Not\u00edcias","description":"Seu portal de informa\u00e7\u00e3o sobre o mundo dos investimentos","publisher":{"@id":"https:\/\/www.suno.com.br\/noticias\/#organization"},"potentialAction":[{"@type":"SearchAction","target":{"@type":"EntryPoint","urlTemplate":"https:\/\/www.suno.com.br\/noticias\/?s={search_term_string}"},"query-input":{"@type":"PropertyValueSpecification","valueRequired":true,"valueName":"search_term_string"}}],"inLanguage":"pt-BR"},{"@type":"Organization","@id":"https:\/\/www.suno.com.br\/noticias\/#organization","name":"Suno Not\u00edcias","url":"https:\/\/www.suno.com.br\/noticias\/","logo":{"@type":"ImageObject","inLanguage":"pt-BR","@id":"https:\/\/www.suno.com.br\/noticias\/#\/schema\/logo\/image\/","url":"https:\/\/files.sunoresearch.com.br\/n\/uploads\/2021\/09\/suno-logo.png","contentUrl":"https:\/\/files.sunoresearch.com.br\/n\/uploads\/2021\/09\/suno-logo.png","width":180,"height":180,"caption":"Suno Not\u00edcias"},"image":{"@id":"https:\/\/www.suno.com.br\/noticias\/#\/schema\/logo\/image\/"},"sameAs":["https:\/\/facebook.com\/sunoresearch","https:\/\/x.com\/sunoresearch","https:\/\/www.instagram.com\/suno","https:\/\/www.linkedin.com\/company\/suno-research\/","https:\/\/www.youtube.com\/c\/sunoresearch"]},{"@type":"Person","@id":"https:\/\/www.suno.com.br\/noticias\/#\/schema\/person\/918d79de1f0281f01599b93f9ea6e23f","name":"Jader Lazarini","image":{"@type":"ImageObject","inLanguage":"pt-BR","@id":"https:\/\/www.suno.com.br\/noticias\/#\/schema\/person\/image\/","url":"https:\/\/secure.gravatar.com\/avatar\/3c1ad8caa51589841baeb923fcddea97?s=96&r=g","contentUrl":"https:\/\/secure.gravatar.com\/avatar\/3c1ad8caa51589841baeb923fcddea97?s=96&r=g","caption":"Jader Lazarini"},"description":"Jader Lazarini escreve sobre investimentos, finan\u00e7as, economia e neg\u00f3cios. \u00c9 bacharel em Rela\u00e7\u00f5es Internacionais e analista CNPI (2619).","url":"https:\/\/www.suno.com.br\/noticias\/author\/jader-lazarini\/"}]}},"default_loop_html":"<div class=\"cardsPage__listCard__boxs\"><div class=\"cardsPage__listCard__boxs__img\"><a href=\"https:\/\/www.suno.com.br\/noticias\/congresso-estados-unidos-vitoria-joe-biden\/\"><img class=\"mask\" src=\"https:\/\/www.suno.com.br\/noticias\/wp-content\/themes\/suno\/resources\/images\/spotlight\/spotlight1img\/bg-mask.png\" alt=\"Image Mask\"\/><img src=\"https:\/\/files.sunoresearch.com.br\/n\/uploads\/2021\/01\/dbcad467-capitolio-dos-eua-ao-por-do-sol-no-dia-das-eleicoes-1541721731499_v2_1920x1279-400x200.webp\" alt=\"Congresso dos Estados Unidos confirma vit\u00f3ria eleitoral de Joe Biden\"\/><\/a><span class=\"spotlightCategory\"><a href=\"https:\/\/www.suno.com.br\/noticias\/internacional\/\">Internacional<\/a><\/span><\/div><div class=\"cardsPage__listCard__boxs__content\"><a href=\"https:\/\/www.suno.com.br\/noticias\/congresso-estados-unidos-vitoria-joe-biden\/\"><h2 class=\"content__title\">Congresso dos Estados Unidos confirma vit\u00f3ria eleitoral de Joe Biden<\/h2><\/a><div class=\"newsContent__article__meta\"><div class=\"newsContent__article__meta__authorBox\"><a href=\"https:\/\/www.suno.com.br\/noticias\/author\/jader-lazarini\/\" class=\"authorBox__avatar noMobi\"><img src=\"https:\/\/files.sunoresearch.com.br\/n\/uploads\/2021\/01\/178e6598-foto-perfil-2-150x150.jpg\" alt=\"Jader Lazarini\"><\/a><div class=\"authorBox__name\"><span>por\n\t\t\t<a href=\"https:\/\/www.suno.com.br\/noticias\/author\/jader-lazarini\/\"><span itemprop=\"author\">Jader Lazarini<\/span><\/a><\/span><time datetime=\"2021-01-07T07:34:10-03:00\" itemprop=\"datePublished\">07\/01\/2021 07:34<\/time><\/div><\/div><\/div><\/div><\/div>","single_layout":"posts","amp_enabled":true,"_links":{"self":[{"href":"https:\/\/www.suno.com.br\/noticias\/wp-json\/wp\/v2\/posts\/111391"}],"collection":[{"href":"https:\/\/www.suno.com.br\/noticias\/wp-json\/wp\/v2\/posts"}],"about":[{"href":"https:\/\/www.suno.com.br\/noticias\/wp-json\/wp\/v2\/types\/post"}],"author":[{"embeddable":true,"href":"https:\/\/www.suno.com.br\/noticias\/wp-json\/wp\/v2\/users\/24"}],"replies":[{"embeddable":true,"href":"https:\/\/www.suno.com.br\/noticias\/wp-json\/wp\/v2\/comments?post=111391"}],"version-history":[{"count":1,"href":"https:\/\/www.suno.com.br\/noticias\/wp-json\/wp\/v2\/posts\/111391\/revisions"}],"predecessor-version":[{"id":156760,"href":"https:\/\/www.suno.com.br\/noticias\/wp-json\/wp\/v2\/posts\/111391\/revisions\/156760"}],"wp:featuredmedia":[{"embeddable":true,"href":"https:\/\/www.suno.com.br\/noticias\/wp-json\/wp\/v2\/media\/111393"}],"wp:attachment":[{"href":"https:\/\/www.suno.com.br\/noticias\/wp-json\/wp\/v2\/media?parent=111391"}],"wp:term":[{"taxonomy":"category","embeddable":true,"href":"https:\/\/www.suno.com.br\/noticias\/wp-json\/wp\/v2\/categories?post=111391"},{"taxonomy":"post_tag","embeddable":true,"href":"https:\/\/www.suno.com.br\/noticias\/wp-json\/wp\/v2\/tags?post=111391"},{"taxonomy":"suno_strategy","embeddable":true,"href":"https:\/\/www.suno.com.br\/noticias\/wp-json\/wp\/v2\/suno_strategy?post=111391"}],"curies":[{"name":"wp","href":"https:\/\/api.w.org\/{rel}","templated":true}]}}