{"id":111371,"date":"2021-01-06T21:19:08","date_gmt":"2021-01-07T00:19:08","guid":{"rendered":"https:\/\/www.suno.com.br\/noticias\/?p=111371"},"modified":"2021-02-18T17:57:21","modified_gmt":"2021-02-18T20:57:21","slug":"mulher-morre-manifestacao-capitolio-eua","status":"publish","type":"post","link":"https:\/\/www.suno.com.br\/noticias\/mulher-morre-manifestacao-capitolio-eua\/","title":{"rendered":"Mulher morre em manifesta\u00e7\u00e3o no Capit\u00f3lio dos EUA"},"content":{"rendered":"<p>Em meio a confrontos entre policiais e apoiadores do presidente <a href=\"https:\/\/www.suno.com.br\/tudo-sobre\/donald-trump\/\">Donald Trump<\/a> que invadiram, nesta quarta-feira (6), o <strong>Capit\u00f3lio<\/strong> dos EUA, em Washington DC,\u00a0 uma mulher foi baleada e morreu, de acordo com fontes ouvidas pela NBC.<\/p>\t<div class=\"wrapper-featured-image\">\n\t\t<figure class=\"spotlightImg\">\n\n\t\t\t<picture>\n\t\t\t\t<source media=\"(max-width: 768px)\" srcset=\"https:\/\/files.sunoresearch.com.br\/n\/uploads\/2021\/01\/98a899d0-eua-400x200.webp\">\n\t\t\t\t<img loading=\"lazy\" decoding=\"async\" class=\"newsContent__article__imgCapa lazyloadDisabled \" src=\"https:\/\/files.sunoresearch.com.br\/n\/uploads\/2021\/01\/98a899d0-eua-800x450.webp\" width=\"800\" height=\"450\" alt=\"Mulher morre em manifesta\u00e7\u00e3o no Capit\u00f3lio dos EUA\" fetchpriority=high \/>\n\t\t\t<\/picture>\n\n\t\t\t<figcaption class=\"wp-caption-text wp-caption-text--show\">Mulher morre ap\u00f3s ser baleada em confronto entre policiais e manifestantes que invadiram o Capit\u00f3lio dos EUA.<\/figcaption>\n\t\t<\/figure>\n\t<\/div>\n\n\n\t<p>\n\t\t<a href=\"https:\/\/lp.suno.com.br\/planilha-controle-gastos\/\" target=\"_blank\" data-element=\"shortcode-suno-banner\" title=\"Banner SUNO, clique e saiba mais\">\n\t\t\t<picture>\n\t\t\t\t<source media=\"(max-width: 500px)\" srcset=\"https:\/\/files.sunoresearch.com.br\/n\/uploads\/2023\/03\/400x300-Planilha-controle-de-gastos.png\">\n\t\t\t\t<img class=\"newsContent__article__imgCapa newsContent__article__imgCapa--banner\"\n\t\t\t\t\tsrc=\"https:\/\/files.sunoresearch.com.br\/n\/uploads\/2023\/03\/1420x240-Planilha-controle-de-gastos.png\"\n\t\t\t\t\tdata-promo-id=\"101751\"\t\t\t\t\t\t\t\t\t\twidth='1420' height='240'\t\t\t\t\talt=\"https:\/\/files.sunoresearch.com.br\/n\/uploads\/2023\/03\/1420x240-Planilha-controle-de-gastos.png\"\n\t\t\t\t>\n\t\t\t<\/picture>\n\t\t<\/a>\n\t<\/p>\n\n\n<p>A imprensa local relatou que, ap\u00f3s ser baleada no ombro, uma mulher branca foi retirada de dentro do sal\u00e3o do Capit\u00f3lio, onde a sess\u00e3o que legalizaria a vit\u00f3ria de Joe Biden nas elei\u00e7\u00f5es presidenciais estava acontecendo.<\/p>\n<p>Hoje, alguns manifestantes apoiadores de <strong>Trump<\/strong> invadiram o Capit\u00f3lio dos EUA\u00a0 e interromperam a sess\u00e3o que oficializaria a vit\u00f3ria do democrata nas elei\u00e7\u00f5es presidenciais que ocorreram em 2020.<\/p>\n<p><a href=\"https:\/\/lp.suno.com.br\/suno-one\/\">Suno One: acesse gratuitamente eBooks, Minicursos, Artigos e Video Aulas sobre investimentos com um \u00fanico cadastro. Clique para saber mais!<\/a><\/p>\n<p>Deputados e senadores conseguiram sair do pr\u00e9dio antes da invas\u00e3o dos manifestantes e o local foi colocado em <em>lockdown\u00a0<\/em>\u00e0 medida que manifestantes invadiram o Congresso norte-americano.<\/p>\n<p>A pol\u00edcia chegou a utilizar armas, bombas de g\u00e1s e spray de pimenta para conter os integrantes. De acordo com a emissora norte-americana <em>CNN<\/em>, outras pessoas sa\u00edram feridas durante o tumulto.<\/p>\n\t<div data-element=\"shortcode-read-more\" class=\"knowMore\">\n\t\t\t\t<span class=\"knowMore__title\">Veja tamb\u00e9m<\/span>\n\t\t\t\t<a class=\"knowMore__link\" href=\"https:\/\/www.suno.com.br\/noticias\/sp-500-bolsas-mundiais-eua\/\">\n\t\t\tS&amp;P 500 e maioria das bolsas mundiais sobem com aten\u00e7\u00f5es nos EUA\t\t<\/a>\n\t<\/div>\n\n\n<p>No entanto, a sess\u00e3o deve ser retomada ainda hoje de acordo com a presidente da C\u00e2mara dos EUA, <strong>Nancy Pelosi.<\/strong> Em carta ao membros da C\u00e2mara, Pelosi disse que &#8220;Para esse fim, em consulta com o l\u00edder Hoyer e Whip Clyburn e ap\u00f3s liga\u00e7\u00f5es para o Pent\u00e1gono, o Departamento de Justi\u00e7a e o vice-presidente, decidimos que devemos prosseguir esta noite no Capit\u00f3lio assim que estiver liberado para uso&#8221;.<\/p>\n<h2>Trump pede que manifestantes no Capit\u00f3lio se mantenham pac\u00edficos<\/h2>\n<p>Donald Trump, por sua vez, usou sua conta no Twitter para pedir que os manifestantes permanecessem pac\u00edficos, e pediu para que apoiassem a pol\u00edcia do Capit\u00f3lio.<\/p>\n<blockquote class=\"twitter-tweet\">\n<p dir=\"ltr\" lang=\"en\">I am asking for everyone at the U.S. Capitol to remain peaceful. No violence! Remember, WE are the Party of Law &amp; Order \u2013 respect the Law and our great men and women in Blue. Thank you!<\/p>\n<p>\u2014 Donald J. Trump (@realDonaldTrump) <a href=\"https:\/\/twitter.com\/realDonaldTrump\/status\/1346912780700577792?ref_src=twsrc%5Etfw\">January 6, 2021<\/a><\/p><\/blockquote>\n<p><script async src=\"https:\/\/platform.twitter.com\/widgets.js\" charset=\"utf-8\"><\/script><\/p>\n<blockquote class=\"twitter-tweet\">\n<p dir=\"ltr\" lang=\"en\">Please support our Capitol Police and Law Enforcement. They are truly on the side of our Country. Stay peaceful!<\/p>\n<p>\u2014 Donald J. Trump (@realDonaldTrump) <a href=\"https:\/\/twitter.com\/realDonaldTrump\/status\/1346904110969315332?ref_src=twsrc%5Etfw\">January 6, 2021<\/a><\/p><\/blockquote>\n<p><script async src=\"https:\/\/platform.twitter.com\/widgets.js\" charset=\"utf-8\"><\/script><\/p>\n\t<p>\n\t\t<a href=\"https:\/\/lp.suno.com.br\/ebook-como-analisar-uma-acao\/\" target=\"_blank\" data-element=\"shortcode-suno-banner\" title=\"Banner SUNO, clique e saiba mais\">\n\t\t\t<picture>\n\t\t\t\t<source media=\"(max-width: 500px)\" srcset=\"https:\/\/files.sunoresearch.com.br\/n\/uploads\/2023\/03\/Ebook-Acoes-Mobile.jpg\">\n\t\t\t\t<img class=\"newsContent__article__imgCapa newsContent__article__imgCapa--banner\"\n\t\t\t\t\tsrc=\"https:\/\/files.sunoresearch.com.br\/n\/uploads\/2023\/03\/Ebook-Acoes-Desktop.jpg\"\n\t\t\t\t\tdata-promo-id=\"378302\"\t\t\t\t\t\t\t\t\t\twidth='1420' height='286'\t\t\t\t\talt=\"https:\/\/files.sunoresearch.com.br\/n\/uploads\/2023\/03\/Ebook-Acoes-Desktop.jpg\"\n\t\t\t\t>\n\t\t\t<\/picture>\n\t\t<\/a>\n\t<\/p>\n\n\n<p>J\u00e1 <strong>Joe Biden<\/strong> comentou sobre as manifesta\u00e7\u00f5es no <strong>Capit\u00f3lio<\/strong> dos EUA e salientou que &#8220;o que estamos vendo \u00e9 um pequeno n\u00famero de extremistas dedicados \u00e0 ilegalidade. Isso n\u00e3o \u00e9 dissid\u00eancia. \u00c9 desordem. \u00c9 caos. \u00c9 quase uma sedi\u00e7\u00e3o. E deve acabar agora&#8221;.<\/p>\n\t<p>\n\t\t<a href=\"https:\/\/lp.suno.com.br\/planilha-de-controle-de-investimentos\/\" target=\"_blank\" data-element=\"shortcode-suno-banner\" title=\"Banner SUNO, clique e saiba mais\">\n\t\t\t<picture>\n\t\t\t\t<source media=\"(max-width: 500px)\" srcset=\"https:\/\/files.sunoresearch.com.br\/n\/uploads\/2023\/03\/400x300-Controle-de-Investimentos.png\">\n\t\t\t\t<img class=\"newsContent__article__imgCapa newsContent__article__imgCapa--banner\"\n\t\t\t\t\tsrc=\"https:\/\/files.sunoresearch.com.br\/n\/uploads\/2023\/03\/1420x240-Controle-de-Investimentos.png\"\n\t\t\t\t\tdata-promo-id=\"75934\"\t\t\t\t\t\t\t\t\t\twidth='1420' height='240'\t\t\t\t\talt=\"https:\/\/files.sunoresearch.com.br\/n\/uploads\/2023\/03\/1420x240-Controle-de-Investimentos.png\"\n\t\t\t\t>\n\t\t\t<\/picture>\n\t\t<\/a>\n\t<\/p>\n\n\n","protected":false},"excerpt":{"rendered":"<p>Em meio a confrontos entre policiais e apoiadores do presidente Donald Trump que invadiram, nesta quarta-feira (6), o Capit\u00f3lio dos EUA, em Washington DC,\u00a0 uma mulher foi baleada e morreu, de acordo com fontes ouvidas pela NBC. Mulher morre ap\u00f3s ser baleada em confronto entre policiais e manifestantes que invadiram o Capit\u00f3lio dos EUA. A [&hellip;]<\/p>\n","protected":false},"author":39,"featured_media":111380,"comment_status":"closed","ping_status":"closed","sticky":false,"template":"","format":"standard","meta":[],"categories":[63],"tags":[724,104868,73481],"suno_strategy":[],"class_list":["post-111371","post","type-post","status-publish","format-standard","has-post-thumbnail","hentry","category-internacional","tag-donald-trump","tag-eleicoes-americanas","tag-joe-biden"],"yoast_head":"<!-- This site is optimized with the Yoast SEO plugin v24.4 - https:\/\/yoast.com\/wordpress\/plugins\/seo\/ -->\n<title>Mulher morre em manifesta\u00e7\u00e3o no Capit\u00f3lio dos EUA<\/title>\n<meta name=\"description\" content=\"Mulher morre ap\u00f3s ser baleada em confronto entre policiais e manifestantes que invadiram o Capit\u00f3lio dos EUA. Clique aqui e saiba mais.\" \/>\n<meta name=\"robots\" content=\"index, follow, max-snippet:-1, max-image-preview:large, max-video-preview:-1\" \/>\n<link rel=\"canonical\" href=\"https:\/\/www.suno.com.br\/noticias\/mulher-morre-manifestacao-capitolio-eua\/\" \/>\n<meta property=\"og:locale\" content=\"pt_BR\" \/>\n<meta property=\"og:type\" content=\"article\" \/>\n<meta property=\"og:title\" content=\"Mulher morre em manifesta\u00e7\u00e3o no Capit\u00f3lio dos EUA\" \/>\n<meta property=\"og:description\" content=\"Mulher morre ap\u00f3s ser baleada em confronto entre policiais e manifestantes que invadiram o Capit\u00f3lio dos EUA. Clique aqui e saiba mais.\" \/>\n<meta property=\"og:url\" content=\"https:\/\/www.suno.com.br\/noticias\/mulher-morre-manifestacao-capitolio-eua\/\" \/>\n<meta property=\"og:site_name\" content=\"Suno Not\u00edcias\" \/>\n<meta property=\"article:publisher\" content=\"https:\/\/facebook.com\/sunoresearch\" \/>\n<meta property=\"og:image\" content=\"https:\/\/files.sunoresearch.com.br\/n\/uploads\/2021\/01\/98a899d0-eua.jpg\" \/>\n\t<meta property=\"og:image:width\" content=\"1920\" \/>\n\t<meta property=\"og:image:height\" content=\"1271\" \/>\n\t<meta property=\"og:image:type\" content=\"image\/jpeg\" \/>\n<meta name=\"author\" content=\"Laura Moutinho\" \/>\n<meta name=\"twitter:card\" content=\"summary_large_image\" \/>\n<meta name=\"twitter:creator\" content=\"@sunoresearch\" \/>\n<meta name=\"twitter:site\" content=\"@sunoresearch\" \/>\n<meta name=\"twitter:label1\" content=\"Escrito por\" \/>\n\t<meta name=\"twitter:data1\" content=\"Laura Moutinho\" \/>\n\t<meta name=\"twitter:label2\" content=\"Est. tempo de leitura\" \/>\n\t<meta name=\"twitter:data2\" content=\"2 minutos\" \/>\n<script type=\"application\/ld+json\" class=\"yoast-schema-graph\">{\"@context\":\"https:\/\/schema.org\",\"@graph\":[{\"@type\":\"NewsArticle\",\"@id\":\"https:\/\/www.suno.com.br\/noticias\/mulher-morre-manifestacao-capitolio-eua\/#article\",\"isPartOf\":{\"@id\":\"https:\/\/www.suno.com.br\/noticias\/mulher-morre-manifestacao-capitolio-eua\/\"},\"author\":{\"name\":\"Laura Moutinho\",\"@id\":\"https:\/\/www.suno.com.br\/noticias\/#\/schema\/person\/3df0d2808748b74496efe5dbeaef2c72\"},\"headline\":\"Mulher morre em manifesta\u00e7\u00e3o no Capit\u00f3lio dos EUA\",\"datePublished\":\"2021-01-07T00:19:08+00:00\",\"dateModified\":\"2021-02-18T20:57:21+00:00\",\"mainEntityOfPage\":{\"@id\":\"https:\/\/www.suno.com.br\/noticias\/mulher-morre-manifestacao-capitolio-eua\/\"},\"wordCount\":457,\"publisher\":{\"@id\":\"https:\/\/www.suno.com.br\/noticias\/#organization\"},\"image\":{\"@id\":\"https:\/\/www.suno.com.br\/noticias\/mulher-morre-manifestacao-capitolio-eua\/#primaryimage\"},\"thumbnailUrl\":\"https:\/\/files.sunoresearch.com.br\/n\/uploads\/2021\/01\/98a899d0-eua-jpg.webp\",\"keywords\":[\"Donald Trump\",\"Elei\u00e7\u00f5es americanas\",\"Joe Biden\"],\"articleSection\":[\"Internacional\"],\"inLanguage\":\"pt-BR\"},{\"@type\":\"WebPage\",\"@id\":\"https:\/\/www.suno.com.br\/noticias\/mulher-morre-manifestacao-capitolio-eua\/\",\"url\":\"https:\/\/www.suno.com.br\/noticias\/mulher-morre-manifestacao-capitolio-eua\/\",\"name\":\"Mulher morre em manifesta\u00e7\u00e3o no Capit\u00f3lio dos EUA\",\"isPartOf\":{\"@id\":\"https:\/\/www.suno.com.br\/noticias\/#website\"},\"primaryImageOfPage\":{\"@id\":\"https:\/\/www.suno.com.br\/noticias\/mulher-morre-manifestacao-capitolio-eua\/#primaryimage\"},\"image\":{\"@id\":\"https:\/\/www.suno.com.br\/noticias\/mulher-morre-manifestacao-capitolio-eua\/#primaryimage\"},\"thumbnailUrl\":\"https:\/\/files.sunoresearch.com.br\/n\/uploads\/2021\/01\/98a899d0-eua-jpg.webp\",\"datePublished\":\"2021-01-07T00:19:08+00:00\",\"dateModified\":\"2021-02-18T20:57:21+00:00\",\"description\":\"Mulher morre ap\u00f3s ser baleada em confronto entre policiais e manifestantes que invadiram o Capit\u00f3lio dos EUA. Clique aqui e saiba mais.\",\"breadcrumb\":{\"@id\":\"https:\/\/www.suno.com.br\/noticias\/mulher-morre-manifestacao-capitolio-eua\/#breadcrumb\"},\"inLanguage\":\"pt-BR\",\"potentialAction\":[{\"@type\":\"ReadAction\",\"target\":[\"https:\/\/www.suno.com.br\/noticias\/mulher-morre-manifestacao-capitolio-eua\/\"]}]},{\"@type\":\"ImageObject\",\"inLanguage\":\"pt-BR\",\"@id\":\"https:\/\/www.suno.com.br\/noticias\/mulher-morre-manifestacao-capitolio-eua\/#primaryimage\",\"url\":\"https:\/\/files.sunoresearch.com.br\/n\/uploads\/2021\/01\/98a899d0-eua-jpg.webp\",\"contentUrl\":\"https:\/\/files.sunoresearch.com.br\/n\/uploads\/2021\/01\/98a899d0-eua-jpg.webp\",\"width\":1920,\"height\":1271,\"caption\":\"Mulher morre ap\u00f3s ser baleada em confronto entre policiais e manifestantes que invadiram o Capit\u00f3lio dos EUA.\"},{\"@type\":\"BreadcrumbList\",\"@id\":\"https:\/\/www.suno.com.br\/noticias\/mulher-morre-manifestacao-capitolio-eua\/#breadcrumb\",\"itemListElement\":[{\"@type\":\"ListItem\",\"position\":1,\"name\":\"Not\u00edcias\",\"item\":\"https:\/\/www.suno.com.br\/noticias\/\"},{\"@type\":\"ListItem\",\"position\":2,\"name\":\"Internacional\",\"item\":\"https:\/\/www.suno.com.br\/noticias\/internacional\/\"},{\"@type\":\"ListItem\",\"position\":3,\"name\":\"Mulher morre em manifesta\u00e7\u00e3o no Capit\u00f3lio dos EUA\"}]},{\"@type\":\"WebSite\",\"@id\":\"https:\/\/www.suno.com.br\/noticias\/#website\",\"url\":\"https:\/\/www.suno.com.br\/noticias\/\",\"name\":\"Suno Not\u00edcias\",\"description\":\"Seu portal de informa\u00e7\u00e3o sobre o mundo dos investimentos\",\"publisher\":{\"@id\":\"https:\/\/www.suno.com.br\/noticias\/#organization\"},\"potentialAction\":[{\"@type\":\"SearchAction\",\"target\":{\"@type\":\"EntryPoint\",\"urlTemplate\":\"https:\/\/www.suno.com.br\/noticias\/?s={search_term_string}\"},\"query-input\":{\"@type\":\"PropertyValueSpecification\",\"valueRequired\":true,\"valueName\":\"search_term_string\"}}],\"inLanguage\":\"pt-BR\"},{\"@type\":\"Organization\",\"@id\":\"https:\/\/www.suno.com.br\/noticias\/#organization\",\"name\":\"Suno Not\u00edcias\",\"url\":\"https:\/\/www.suno.com.br\/noticias\/\",\"logo\":{\"@type\":\"ImageObject\",\"inLanguage\":\"pt-BR\",\"@id\":\"https:\/\/www.suno.com.br\/noticias\/#\/schema\/logo\/image\/\",\"url\":\"https:\/\/files.sunoresearch.com.br\/n\/uploads\/2021\/09\/suno-logo.png\",\"contentUrl\":\"https:\/\/files.sunoresearch.com.br\/n\/uploads\/2021\/09\/suno-logo.png\",\"width\":180,\"height\":180,\"caption\":\"Suno Not\u00edcias\"},\"image\":{\"@id\":\"https:\/\/www.suno.com.br\/noticias\/#\/schema\/logo\/image\/\"},\"sameAs\":[\"https:\/\/facebook.com\/sunoresearch\",\"https:\/\/x.com\/sunoresearch\",\"https:\/\/www.instagram.com\/suno\",\"https:\/\/www.linkedin.com\/company\/suno-research\/\",\"https:\/\/www.youtube.com\/c\/sunoresearch\"]},{\"@type\":\"Person\",\"@id\":\"https:\/\/www.suno.com.br\/noticias\/#\/schema\/person\/3df0d2808748b74496efe5dbeaef2c72\",\"name\":\"Laura Moutinho\",\"image\":{\"@type\":\"ImageObject\",\"inLanguage\":\"pt-BR\",\"@id\":\"https:\/\/www.suno.com.br\/noticias\/#\/schema\/person\/image\/\",\"url\":\"https:\/\/secure.gravatar.com\/avatar\/7571c7c8ca3a6fca5e41384ece5557ff?s=96&r=g\",\"contentUrl\":\"https:\/\/secure.gravatar.com\/avatar\/7571c7c8ca3a6fca5e41384ece5557ff?s=96&r=g\",\"caption\":\"Laura Moutinho\"},\"description\":\"Estagi\u00e1ria na Suno Not\u00edcias, escreve not\u00edcias que afetam o mercado financeiro. Estuda administra\u00e7\u00e3o na Universidade Presbiteriana Mackenzie.\",\"url\":\"https:\/\/www.suno.com.br\/noticias\/author\/laura-moutinho\/\"}]}<\/script>\n<!-- \/ Yoast SEO plugin. -->","yoast_head_json":{"title":"Mulher morre em manifesta\u00e7\u00e3o no Capit\u00f3lio dos EUA","description":"Mulher morre ap\u00f3s ser baleada em confronto entre policiais e manifestantes que invadiram o Capit\u00f3lio dos EUA. Clique aqui e saiba mais.","robots":{"index":"index","follow":"follow","max-snippet":"max-snippet:-1","max-image-preview":"max-image-preview:large","max-video-preview":"max-video-preview:-1"},"canonical":"https:\/\/www.suno.com.br\/noticias\/mulher-morre-manifestacao-capitolio-eua\/","og_locale":"pt_BR","og_type":"article","og_title":"Mulher morre em manifesta\u00e7\u00e3o no Capit\u00f3lio dos EUA","og_description":"Mulher morre ap\u00f3s ser baleada em confronto entre policiais e manifestantes que invadiram o Capit\u00f3lio dos EUA. Clique aqui e saiba mais.","og_url":"https:\/\/www.suno.com.br\/noticias\/mulher-morre-manifestacao-capitolio-eua\/","og_site_name":"Suno Not\u00edcias","article_publisher":"https:\/\/facebook.com\/sunoresearch","og_image":[{"width":1920,"height":1271,"url":"https:\/\/files.sunoresearch.com.br\/n\/uploads\/2021\/01\/98a899d0-eua.jpg","type":"image\/jpeg"}],"author":"Laura Moutinho","twitter_card":"summary_large_image","twitter_creator":"@sunoresearch","twitter_site":"@sunoresearch","twitter_misc":{"Escrito por":"Laura Moutinho","Est. tempo de leitura":"2 minutos"},"schema":{"@context":"https:\/\/schema.org","@graph":[{"@type":"NewsArticle","@id":"https:\/\/www.suno.com.br\/noticias\/mulher-morre-manifestacao-capitolio-eua\/#article","isPartOf":{"@id":"https:\/\/www.suno.com.br\/noticias\/mulher-morre-manifestacao-capitolio-eua\/"},"author":{"name":"Laura Moutinho","@id":"https:\/\/www.suno.com.br\/noticias\/#\/schema\/person\/3df0d2808748b74496efe5dbeaef2c72"},"headline":"Mulher morre em manifesta\u00e7\u00e3o no Capit\u00f3lio dos EUA","datePublished":"2021-01-07T00:19:08+00:00","dateModified":"2021-02-18T20:57:21+00:00","mainEntityOfPage":{"@id":"https:\/\/www.suno.com.br\/noticias\/mulher-morre-manifestacao-capitolio-eua\/"},"wordCount":457,"publisher":{"@id":"https:\/\/www.suno.com.br\/noticias\/#organization"},"image":{"@id":"https:\/\/www.suno.com.br\/noticias\/mulher-morre-manifestacao-capitolio-eua\/#primaryimage"},"thumbnailUrl":"https:\/\/files.sunoresearch.com.br\/n\/uploads\/2021\/01\/98a899d0-eua-jpg.webp","keywords":["Donald Trump","Elei\u00e7\u00f5es americanas","Joe Biden"],"articleSection":["Internacional"],"inLanguage":"pt-BR"},{"@type":"WebPage","@id":"https:\/\/www.suno.com.br\/noticias\/mulher-morre-manifestacao-capitolio-eua\/","url":"https:\/\/www.suno.com.br\/noticias\/mulher-morre-manifestacao-capitolio-eua\/","name":"Mulher morre em manifesta\u00e7\u00e3o no Capit\u00f3lio dos EUA","isPartOf":{"@id":"https:\/\/www.suno.com.br\/noticias\/#website"},"primaryImageOfPage":{"@id":"https:\/\/www.suno.com.br\/noticias\/mulher-morre-manifestacao-capitolio-eua\/#primaryimage"},"image":{"@id":"https:\/\/www.suno.com.br\/noticias\/mulher-morre-manifestacao-capitolio-eua\/#primaryimage"},"thumbnailUrl":"https:\/\/files.sunoresearch.com.br\/n\/uploads\/2021\/01\/98a899d0-eua-jpg.webp","datePublished":"2021-01-07T00:19:08+00:00","dateModified":"2021-02-18T20:57:21+00:00","description":"Mulher morre ap\u00f3s ser baleada em confronto entre policiais e manifestantes que invadiram o Capit\u00f3lio dos EUA. Clique aqui e saiba mais.","breadcrumb":{"@id":"https:\/\/www.suno.com.br\/noticias\/mulher-morre-manifestacao-capitolio-eua\/#breadcrumb"},"inLanguage":"pt-BR","potentialAction":[{"@type":"ReadAction","target":["https:\/\/www.suno.com.br\/noticias\/mulher-morre-manifestacao-capitolio-eua\/"]}]},{"@type":"ImageObject","inLanguage":"pt-BR","@id":"https:\/\/www.suno.com.br\/noticias\/mulher-morre-manifestacao-capitolio-eua\/#primaryimage","url":"https:\/\/files.sunoresearch.com.br\/n\/uploads\/2021\/01\/98a899d0-eua-jpg.webp","contentUrl":"https:\/\/files.sunoresearch.com.br\/n\/uploads\/2021\/01\/98a899d0-eua-jpg.webp","width":1920,"height":1271,"caption":"Mulher morre ap\u00f3s ser baleada em confronto entre policiais e manifestantes que invadiram o Capit\u00f3lio dos EUA."},{"@type":"BreadcrumbList","@id":"https:\/\/www.suno.com.br\/noticias\/mulher-morre-manifestacao-capitolio-eua\/#breadcrumb","itemListElement":[{"@type":"ListItem","position":1,"name":"Not\u00edcias","item":"https:\/\/www.suno.com.br\/noticias\/"},{"@type":"ListItem","position":2,"name":"Internacional","item":"https:\/\/www.suno.com.br\/noticias\/internacional\/"},{"@type":"ListItem","position":3,"name":"Mulher morre em manifesta\u00e7\u00e3o no Capit\u00f3lio dos EUA"}]},{"@type":"WebSite","@id":"https:\/\/www.suno.com.br\/noticias\/#website","url":"https:\/\/www.suno.com.br\/noticias\/","name":"Suno Not\u00edcias","description":"Seu portal de informa\u00e7\u00e3o sobre o mundo dos investimentos","publisher":{"@id":"https:\/\/www.suno.com.br\/noticias\/#organization"},"potentialAction":[{"@type":"SearchAction","target":{"@type":"EntryPoint","urlTemplate":"https:\/\/www.suno.com.br\/noticias\/?s={search_term_string}"},"query-input":{"@type":"PropertyValueSpecification","valueRequired":true,"valueName":"search_term_string"}}],"inLanguage":"pt-BR"},{"@type":"Organization","@id":"https:\/\/www.suno.com.br\/noticias\/#organization","name":"Suno Not\u00edcias","url":"https:\/\/www.suno.com.br\/noticias\/","logo":{"@type":"ImageObject","inLanguage":"pt-BR","@id":"https:\/\/www.suno.com.br\/noticias\/#\/schema\/logo\/image\/","url":"https:\/\/files.sunoresearch.com.br\/n\/uploads\/2021\/09\/suno-logo.png","contentUrl":"https:\/\/files.sunoresearch.com.br\/n\/uploads\/2021\/09\/suno-logo.png","width":180,"height":180,"caption":"Suno Not\u00edcias"},"image":{"@id":"https:\/\/www.suno.com.br\/noticias\/#\/schema\/logo\/image\/"},"sameAs":["https:\/\/facebook.com\/sunoresearch","https:\/\/x.com\/sunoresearch","https:\/\/www.instagram.com\/suno","https:\/\/www.linkedin.com\/company\/suno-research\/","https:\/\/www.youtube.com\/c\/sunoresearch"]},{"@type":"Person","@id":"https:\/\/www.suno.com.br\/noticias\/#\/schema\/person\/3df0d2808748b74496efe5dbeaef2c72","name":"Laura Moutinho","image":{"@type":"ImageObject","inLanguage":"pt-BR","@id":"https:\/\/www.suno.com.br\/noticias\/#\/schema\/person\/image\/","url":"https:\/\/secure.gravatar.com\/avatar\/7571c7c8ca3a6fca5e41384ece5557ff?s=96&r=g","contentUrl":"https:\/\/secure.gravatar.com\/avatar\/7571c7c8ca3a6fca5e41384ece5557ff?s=96&r=g","caption":"Laura Moutinho"},"description":"Estagi\u00e1ria na Suno Not\u00edcias, escreve not\u00edcias que afetam o mercado financeiro. Estuda administra\u00e7\u00e3o na Universidade Presbiteriana Mackenzie.","url":"https:\/\/www.suno.com.br\/noticias\/author\/laura-moutinho\/"}]}},"default_loop_html":"<div class=\"cardsPage__listCard__boxs\"><div class=\"cardsPage__listCard__boxs__img\"><a href=\"https:\/\/www.suno.com.br\/noticias\/mulher-morre-manifestacao-capitolio-eua\/\"><img class=\"mask\" src=\"https:\/\/www.suno.com.br\/noticias\/wp-content\/themes\/suno\/resources\/images\/spotlight\/spotlight1img\/bg-mask.png\" alt=\"Image Mask\"\/><img src=\"https:\/\/files.sunoresearch.com.br\/n\/uploads\/2021\/01\/98a899d0-eua-400x200.webp\" alt=\"Mulher morre em manifesta\u00e7\u00e3o no Capit\u00f3lio dos EUA\"\/><\/a><span class=\"spotlightCategory\"><a href=\"https:\/\/www.suno.com.br\/noticias\/internacional\/\">Internacional<\/a><\/span><\/div><div class=\"cardsPage__listCard__boxs__content\"><a href=\"https:\/\/www.suno.com.br\/noticias\/mulher-morre-manifestacao-capitolio-eua\/\"><h2 class=\"content__title\">Mulher morre em manifesta\u00e7\u00e3o no Capit\u00f3lio dos EUA<\/h2><\/a><div class=\"newsContent__article__meta\"><div class=\"newsContent__article__meta__authorBox\"><a href=\"https:\/\/www.suno.com.br\/noticias\/author\/laura-moutinho\/\" class=\"authorBox__avatar noMobi\"><img src=\"https:\/\/files.sunoresearch.com.br\/n\/uploads\/2020\/08\/531ff69d-whatsapp-image-2020-08-03-at-14.54.38-150x150.webp\" alt=\"Laura Moutinho\"><\/a><div class=\"authorBox__name\"><span>por\n\t\t\t<a href=\"https:\/\/www.suno.com.br\/noticias\/author\/laura-moutinho\/\"><span itemprop=\"author\">Laura Moutinho<\/span><\/a><\/span><time datetime=\"2021-01-06T21:19:08-03:00\" itemprop=\"datePublished\">06\/01\/2021 21:19<\/time><\/div><\/div><\/div><\/div><\/div>","single_layout":"posts","amp_enabled":true,"_links":{"self":[{"href":"https:\/\/www.suno.com.br\/noticias\/wp-json\/wp\/v2\/posts\/111371"}],"collection":[{"href":"https:\/\/www.suno.com.br\/noticias\/wp-json\/wp\/v2\/posts"}],"about":[{"href":"https:\/\/www.suno.com.br\/noticias\/wp-json\/wp\/v2\/types\/post"}],"author":[{"embeddable":true,"href":"https:\/\/www.suno.com.br\/noticias\/wp-json\/wp\/v2\/users\/39"}],"replies":[{"embeddable":true,"href":"https:\/\/www.suno.com.br\/noticias\/wp-json\/wp\/v2\/comments?post=111371"}],"version-history":[{"count":0,"href":"https:\/\/www.suno.com.br\/noticias\/wp-json\/wp\/v2\/posts\/111371\/revisions"}],"wp:featuredmedia":[{"embeddable":true,"href":"https:\/\/www.suno.com.br\/noticias\/wp-json\/wp\/v2\/media\/111380"}],"wp:attachment":[{"href":"https:\/\/www.suno.com.br\/noticias\/wp-json\/wp\/v2\/media?parent=111371"}],"wp:term":[{"taxonomy":"category","embeddable":true,"href":"https:\/\/www.suno.com.br\/noticias\/wp-json\/wp\/v2\/categories?post=111371"},{"taxonomy":"post_tag","embeddable":true,"href":"https:\/\/www.suno.com.br\/noticias\/wp-json\/wp\/v2\/tags?post=111371"},{"taxonomy":"suno_strategy","embeddable":true,"href":"https:\/\/www.suno.com.br\/noticias\/wp-json\/wp\/v2\/suno_strategy?post=111371"}],"curies":[{"name":"wp","href":"https:\/\/api.w.org\/{rel}","templated":true}]}}