{"id":110934,"date":"2021-01-05T10:01:20","date_gmt":"2021-01-05T13:01:20","guid":{"rendered":"https:\/\/www.suno.com.br\/noticias\/?p=110934"},"modified":"2021-06-01T20:25:57","modified_gmt":"2021-06-01T23:25:57","slug":"funcionarios-google-primeiro-sindicato","status":"publish","type":"post","link":"https:\/\/www.suno.com.br\/noticias\/funcionarios-google-primeiro-sindicato\/","title":{"rendered":"Funcion\u00e1rios do Google criam primeiro sindicato do Vale do Sil\u00edcio"},"content":{"rendered":"<p>Os sindicatos chegaram at\u00e9 o Vale do Sil\u00edcio. Um grupo formado por 225 funcion\u00e1rios do <strong>Google<\/strong> (<a href=\"https:\/\/www.suno.com.br\/artigos\/nasdaq\/\">NASDAQ<\/a>: GOOG; GOOGL) anunciou na \u00faltima segunda-feira (4) a cria\u00e7\u00e3o da primeira organiza\u00e7\u00e3o em defesa dos seus direitos trabalhistas, p Alphabet Workers Union.<\/p>\t<div class=\"wrapper-featured-image\">\n\t\t<figure class=\"spotlightImg\">\n\n\t\t\t<picture>\n\t\t\t\t<source media=\"(max-width: 768px)\" srcset=\"https:\/\/files.sunoresearch.com.br\/n\/uploads\/2019\/03\/c61d4cfa-google-400x200.webp\">\n\t\t\t\t<img loading=\"lazy\" decoding=\"async\" class=\"newsContent__article__imgCapa lazyloadDisabled \" src=\"https:\/\/files.sunoresearch.com.br\/n\/uploads\/2019\/03\/c61d4cfa-google-800x450.webp\" width=\"800\" height=\"450\" alt=\"Funcion\u00e1rios do Google criam primeiro sindicato do Vale do Sil\u00edcio\" fetchpriority=high \/>\n\t\t\t<\/picture>\n\n\t\t\t<figcaption class=\"wp-caption-text wp-caption-text--show\">Google<\/figcaption>\n\t\t<\/figure>\n\t<\/div>\n\n\n\t<p>\n\t\t<a href=\"https:\/\/lp.suno.com.br\/planilha-controle-gastos\/\" target=\"_blank\" data-element=\"shortcode-suno-banner\" title=\"Banner SUNO, clique e saiba mais\">\n\t\t\t<picture>\n\t\t\t\t<source media=\"(max-width: 500px)\" srcset=\"https:\/\/files.sunoresearch.com.br\/n\/uploads\/2023\/03\/400x300-Planilha-controle-de-gastos.png\">\n\t\t\t\t<img class=\"newsContent__article__imgCapa newsContent__article__imgCapa--banner\"\n\t\t\t\t\tsrc=\"https:\/\/files.sunoresearch.com.br\/n\/uploads\/2023\/03\/1420x240-Planilha-controle-de-gastos.png\"\n\t\t\t\t\tdata-promo-id=\"101751\"\t\t\t\t\t\t\t\t\t\twidth='1420' height='240'\t\t\t\t\talt=\"https:\/\/files.sunoresearch.com.br\/n\/uploads\/2023\/03\/1420x240-Planilha-controle-de-gastos.png\"\n\t\t\t\t>\n\t\t\t<\/picture>\n\t\t<\/a>\n\t<\/p>\n\n\n<p>A cria\u00e7\u00e3o do sindicato do Google &#8211; o melhor, em sua holding, a <strong>Alphabet<\/strong> &#8211; \u00e9 um evento in\u00e9dito no Vale do Sil\u00edcio, que sempre foi contr\u00e1rio \u00e0s organiza\u00e7\u00f5es sindicais, consideradas um legado do passado na terra do futuro.<\/p>\n<p>E a cria\u00e7\u00e3o do <strong>Alphabet Workers<\/strong>\u00a0<strong>Union<\/strong> dentro de uma das empresas consideradas como os campe\u00f5es da nova economia como o Google foi algo ainda mais inesperado.<\/p>\n<p><a href=\"https:\/\/lp.suno.com.br\/suno-one\/\">Suno One: acesse gratuitamente eBooks, Minicursos, Artigos e Video Aulas sobre investimentos com um \u00fanico cadastro. Clique para saber mais!<\/a><\/p>\n<p>Isso pois laborat\u00f3rios de tecnologia avan\u00e7ados como o buscador mais famoso do mundo tem em grande parte executivos ou trabalhadores <strong>&#8220;colarinhos brancos&#8221;,<\/strong> que normalmente n\u00e3o se juntam a organiza\u00e7\u00f5es sindicais.<\/p>\n<p>Ap\u00f3s um ano de mobiliza\u00e7\u00e3o, os funcion\u00e1rios da gigante de <strong>Mountain View<\/strong> se organizaram e criaram um sindicato que possa representar todos os que queiram entrar nele. Inclusive os trabalhadores tempor\u00e1rios e terceirizados.<\/p>\n<p>E o Alphabet Workers Union j\u00e1 ganhou o apoio da Communications Workers of America, um dos maiores sindicatos do setor de telecomunica\u00e7\u00f5es nos Estados Unidos.<\/p>\n<p>Os funcion\u00e1rios do Google que queiram se associar pagar\u00e3o 1% de sua remunera\u00e7\u00e3o anual ao sindicato. O dinheiro ser\u00e1 usado para pagar honor\u00e1rios advocat\u00edcios e organizar a estrutura sindical.<\/p>\n<h2>Demandas crescentes dos trabalhadores do Google<\/h2>\n<p>As crescentes demandas dos funcion\u00e1rios do Google para revisar as pol\u00edticas da empresa sobre <strong>sal\u00e1rios,<\/strong> especialmente os milh\u00f5es de d\u00f3lares ganhos pelos diretores, ass\u00e9dio e quest\u00f5es \u00e9ticas aceleraram o processo de organiza\u00e7\u00e3o do sindicato, ap\u00f3s anos em que a empresa e outros grupos de trabalhadores tinham feito resist\u00eancia a ideia de criar um sindicato.<\/p>\n\t<div data-element=\"shortcode-read-more\" class=\"knowMore\">\n\t\t\t\t<span class=\"knowMore__title\">Veja tamb\u00e9m<\/span>\n\t\t\t\t<a class=\"knowMore__link\" href=\"https:\/\/www.suno.com.br\/noticias\/google-acusado-abuso-monopolio-pesquisa\/\">\n\t\t\tGoogle \u00e9 acusado de abusar do monop\u00f3lio de pesquisa nos EUA\t\t<\/a>\n\t<\/div>\n\n\n<p>O <strong>Alphabet Workers Union<\/strong> se destaca dos sindicatos tradicionais pois n\u00e3o buscar\u00e1 obter os direitos de negociar um novo contrato de trabalho dentro da empresa.<\/p>\n<p>Em vez disso, o objetivo \u00e9 ser ouvido pela diretoria do Google sobre quest\u00f5es que pautaram o dialogo e o confronto dentro da empresa nos \u00faltimos anos.<\/p>\n<p>\u201cO lema da nossa empresa \u00e9 &#8216;N\u00e3o seja mau&#8217;. E uma for\u00e7a de trabalho organizada nos ajudar\u00e1 a respeitar esse lema\u201d, explica uma carta do sindicato do Google publicada no New York Times, \u201cPor muito tempo, milhares de n\u00f3s no Google apresentaram preocupa\u00e7\u00f5es com o trabalho que foram rejeitadas pelos gerentes. Nossos patr\u00f5es t\u00eam colaborado com governos repressivos, desenvolvido tecnologia utilizada pelo Departamento de Defesa e lucrado com an\u00fancios de grupos de \u00f3dio&#8221;.<\/p>\n<p>Entre os alvos do sindicato do Google est\u00e1, por exemplo, o pol\u00eamico <strong>Projeto Maven,<\/strong> que desenvolveu a intelig\u00eancia artificial para melhorar ataques com drones das For\u00e7as Armadas dos EUA.<\/p>\n<p>A quest\u00e3o \u00e9 saber se o novo sindicato do <strong>Google<\/strong> vai ser realmente representativo dos trabalhadores ou se ser\u00e1 apenas o palanque de uma minoria barulhenta. Isso pois o buscador tem mais de 260 mil funcion\u00e1rios, sem contar os terceirizados, e o sindicato re\u00fane apenas 225 pessoas. Pelo menos por enquanto.<\/p>\n\t<p>\n\t\t<a href=\"https:\/\/lp.suno.com.br\/planilha-de-controle-de-investimentos\/\" target=\"_blank\" data-element=\"shortcode-suno-banner\" title=\"Banner SUNO, clique e saiba mais\">\n\t\t\t<picture>\n\t\t\t\t<source media=\"(max-width: 500px)\" srcset=\"https:\/\/files.sunoresearch.com.br\/n\/uploads\/2023\/03\/400x300-Controle-de-Investimentos.png\">\n\t\t\t\t<img class=\"newsContent__article__imgCapa newsContent__article__imgCapa--banner\"\n\t\t\t\t\tsrc=\"https:\/\/files.sunoresearch.com.br\/n\/uploads\/2023\/03\/1420x240-Controle-de-Investimentos.png\"\n\t\t\t\t\tdata-promo-id=\"75934\"\t\t\t\t\t\t\t\t\t\twidth='1420' height='240'\t\t\t\t\talt=\"https:\/\/files.sunoresearch.com.br\/n\/uploads\/2023\/03\/1420x240-Controle-de-Investimentos.png\"\n\t\t\t\t>\n\t\t\t<\/picture>\n\t\t<\/a>\n\t<\/p>\n\n\n","protected":false},"excerpt":{"rendered":"<p>Os sindicatos chegaram at\u00e9 o Vale do Sil\u00edcio. Um grupo formado por 225 funcion\u00e1rios do Google (NASDAQ: GOOG; GOOGL) anunciou na \u00faltima segunda-feira (4) a cria\u00e7\u00e3o da primeira organiza\u00e7\u00e3o em defesa dos seus direitos trabalhistas, p Alphabet Workers Union. Google A cria\u00e7\u00e3o do sindicato do Google &#8211; o melhor, em sua holding, a Alphabet &#8211; [&hellip;]<\/p>\n","protected":false},"author":9,"featured_media":18482,"comment_status":"closed","ping_status":"closed","sticky":false,"template":"","format":"standard","meta":[],"categories":[63],"tags":[1372,701,1211,105558],"suno_strategy":[],"class_list":["post-110934","post","type-post","status-publish","format-standard","has-post-thumbnail","hentry","category-internacional","tag-alphabet-gogl34-gogl35","tag-google","tag-sindicatos","tag-vale-do-silicio"],"yoast_head":"<!-- This site is optimized with the Yoast SEO plugin v24.4 - https:\/\/yoast.com\/wordpress\/plugins\/seo\/ -->\n<title>Funcion\u00e1rios do Google criam primeiro sindicato do Vale do Sil\u00edcio<\/title>\n<meta name=\"description\" content=\"Um grupo formado por 225 funcion\u00e1rios do Google anunciou a cria\u00e7\u00e3o do primeiro sindicato da empresa. Clique aqui para saber mais.\" \/>\n<meta name=\"robots\" content=\"index, follow, max-snippet:-1, max-image-preview:large, max-video-preview:-1\" \/>\n<link rel=\"canonical\" href=\"https:\/\/www.suno.com.br\/noticias\/funcionarios-google-primeiro-sindicato\/\" \/>\n<meta property=\"og:locale\" content=\"pt_BR\" \/>\n<meta property=\"og:type\" content=\"article\" \/>\n<meta property=\"og:title\" content=\"Funcion\u00e1rios do Google criam primeiro sindicato do Vale do Sil\u00edcio\" \/>\n<meta property=\"og:description\" content=\"Um grupo formado por 225 funcion\u00e1rios do Google anunciou a cria\u00e7\u00e3o do primeiro sindicato da empresa. Clique aqui para saber mais.\" \/>\n<meta property=\"og:url\" content=\"https:\/\/www.suno.com.br\/noticias\/funcionarios-google-primeiro-sindicato\/\" \/>\n<meta property=\"og:site_name\" content=\"Suno Not\u00edcias\" \/>\n<meta property=\"article:publisher\" content=\"https:\/\/facebook.com\/sunoresearch\" \/>\n<meta property=\"og:image\" content=\"https:\/\/files.sunoresearch.com.br\/n\/uploads\/2019\/03\/c61d4cfa-google.jpg\" \/>\n\t<meta property=\"og:image:width\" content=\"1920\" \/>\n\t<meta property=\"og:image:height\" content=\"1279\" \/>\n\t<meta property=\"og:image:type\" content=\"image\/jpeg\" \/>\n<meta name=\"author\" content=\"Carlo Cauti\" \/>\n<meta name=\"twitter:card\" content=\"summary_large_image\" \/>\n<meta name=\"twitter:creator\" content=\"@sunoresearch\" \/>\n<meta name=\"twitter:site\" content=\"@sunoresearch\" \/>\n<meta name=\"twitter:label1\" content=\"Escrito por\" \/>\n\t<meta name=\"twitter:data1\" content=\"Carlo Cauti\" \/>\n\t<meta name=\"twitter:label2\" content=\"Est. tempo de leitura\" \/>\n\t<meta name=\"twitter:data2\" content=\"3 minutos\" \/>\n<script type=\"application\/ld+json\" class=\"yoast-schema-graph\">{\"@context\":\"https:\/\/schema.org\",\"@graph\":[{\"@type\":\"NewsArticle\",\"@id\":\"https:\/\/www.suno.com.br\/noticias\/funcionarios-google-primeiro-sindicato\/#article\",\"isPartOf\":{\"@id\":\"https:\/\/www.suno.com.br\/noticias\/funcionarios-google-primeiro-sindicato\/\"},\"author\":{\"name\":\"Carlo Cauti\",\"@id\":\"https:\/\/www.suno.com.br\/noticias\/#\/schema\/person\/e6e0f723cc177805027f4566c1d5e0c8\"},\"headline\":\"Funcion\u00e1rios do Google criam primeiro sindicato do Vale do Sil\u00edcio\",\"datePublished\":\"2021-01-05T13:01:20+00:00\",\"dateModified\":\"2021-06-01T23:25:57+00:00\",\"mainEntityOfPage\":{\"@id\":\"https:\/\/www.suno.com.br\/noticias\/funcionarios-google-primeiro-sindicato\/\"},\"wordCount\":574,\"publisher\":{\"@id\":\"https:\/\/www.suno.com.br\/noticias\/#organization\"},\"image\":{\"@id\":\"https:\/\/www.suno.com.br\/noticias\/funcionarios-google-primeiro-sindicato\/#primaryimage\"},\"thumbnailUrl\":\"https:\/\/files.sunoresearch.com.br\/n\/uploads\/2019\/03\/c61d4cfa-google-jpg.webp\",\"keywords\":[\"Alphabet (GOGL34\/GOGL35)\",\"Google\",\"sindicatos\",\"vale do sil\u00edcio\"],\"articleSection\":[\"Internacional\"],\"inLanguage\":\"pt-BR\"},{\"@type\":\"WebPage\",\"@id\":\"https:\/\/www.suno.com.br\/noticias\/funcionarios-google-primeiro-sindicato\/\",\"url\":\"https:\/\/www.suno.com.br\/noticias\/funcionarios-google-primeiro-sindicato\/\",\"name\":\"Funcion\u00e1rios do Google criam primeiro sindicato do Vale do Sil\u00edcio\",\"isPartOf\":{\"@id\":\"https:\/\/www.suno.com.br\/noticias\/#website\"},\"primaryImageOfPage\":{\"@id\":\"https:\/\/www.suno.com.br\/noticias\/funcionarios-google-primeiro-sindicato\/#primaryimage\"},\"image\":{\"@id\":\"https:\/\/www.suno.com.br\/noticias\/funcionarios-google-primeiro-sindicato\/#primaryimage\"},\"thumbnailUrl\":\"https:\/\/files.sunoresearch.com.br\/n\/uploads\/2019\/03\/c61d4cfa-google-jpg.webp\",\"datePublished\":\"2021-01-05T13:01:20+00:00\",\"dateModified\":\"2021-06-01T23:25:57+00:00\",\"description\":\"Um grupo formado por 225 funcion\u00e1rios do Google anunciou a cria\u00e7\u00e3o do primeiro sindicato da empresa. Clique aqui para saber mais.\",\"breadcrumb\":{\"@id\":\"https:\/\/www.suno.com.br\/noticias\/funcionarios-google-primeiro-sindicato\/#breadcrumb\"},\"inLanguage\":\"pt-BR\",\"potentialAction\":[{\"@type\":\"ReadAction\",\"target\":[\"https:\/\/www.suno.com.br\/noticias\/funcionarios-google-primeiro-sindicato\/\"]}]},{\"@type\":\"ImageObject\",\"inLanguage\":\"pt-BR\",\"@id\":\"https:\/\/www.suno.com.br\/noticias\/funcionarios-google-primeiro-sindicato\/#primaryimage\",\"url\":\"https:\/\/files.sunoresearch.com.br\/n\/uploads\/2019\/03\/c61d4cfa-google-jpg.webp\",\"contentUrl\":\"https:\/\/files.sunoresearch.com.br\/n\/uploads\/2019\/03\/c61d4cfa-google-jpg.webp\",\"width\":1920,\"height\":1279,\"caption\":\"Google\"},{\"@type\":\"BreadcrumbList\",\"@id\":\"https:\/\/www.suno.com.br\/noticias\/funcionarios-google-primeiro-sindicato\/#breadcrumb\",\"itemListElement\":[{\"@type\":\"ListItem\",\"position\":1,\"name\":\"Not\u00edcias\",\"item\":\"https:\/\/www.suno.com.br\/noticias\/\"},{\"@type\":\"ListItem\",\"position\":2,\"name\":\"Internacional\",\"item\":\"https:\/\/www.suno.com.br\/noticias\/internacional\/\"},{\"@type\":\"ListItem\",\"position\":3,\"name\":\"Funcion\u00e1rios do Google criam primeiro sindicato do Vale do Sil\u00edcio\"}]},{\"@type\":\"WebSite\",\"@id\":\"https:\/\/www.suno.com.br\/noticias\/#website\",\"url\":\"https:\/\/www.suno.com.br\/noticias\/\",\"name\":\"Suno Not\u00edcias\",\"description\":\"Seu portal de informa\u00e7\u00e3o sobre o mundo dos investimentos\",\"publisher\":{\"@id\":\"https:\/\/www.suno.com.br\/noticias\/#organization\"},\"potentialAction\":[{\"@type\":\"SearchAction\",\"target\":{\"@type\":\"EntryPoint\",\"urlTemplate\":\"https:\/\/www.suno.com.br\/noticias\/?s={search_term_string}\"},\"query-input\":{\"@type\":\"PropertyValueSpecification\",\"valueRequired\":true,\"valueName\":\"search_term_string\"}}],\"inLanguage\":\"pt-BR\"},{\"@type\":\"Organization\",\"@id\":\"https:\/\/www.suno.com.br\/noticias\/#organization\",\"name\":\"Suno Not\u00edcias\",\"url\":\"https:\/\/www.suno.com.br\/noticias\/\",\"logo\":{\"@type\":\"ImageObject\",\"inLanguage\":\"pt-BR\",\"@id\":\"https:\/\/www.suno.com.br\/noticias\/#\/schema\/logo\/image\/\",\"url\":\"https:\/\/files.sunoresearch.com.br\/n\/uploads\/2021\/09\/suno-logo.png\",\"contentUrl\":\"https:\/\/files.sunoresearch.com.br\/n\/uploads\/2021\/09\/suno-logo.png\",\"width\":180,\"height\":180,\"caption\":\"Suno Not\u00edcias\"},\"image\":{\"@id\":\"https:\/\/www.suno.com.br\/noticias\/#\/schema\/logo\/image\/\"},\"sameAs\":[\"https:\/\/facebook.com\/sunoresearch\",\"https:\/\/x.com\/sunoresearch\",\"https:\/\/www.instagram.com\/suno\",\"https:\/\/www.linkedin.com\/company\/suno-research\/\",\"https:\/\/www.youtube.com\/c\/sunoresearch\"]},{\"@type\":\"Person\",\"@id\":\"https:\/\/www.suno.com.br\/noticias\/#\/schema\/person\/e6e0f723cc177805027f4566c1d5e0c8\",\"name\":\"Carlo Cauti\",\"image\":{\"@type\":\"ImageObject\",\"inLanguage\":\"pt-BR\",\"@id\":\"https:\/\/www.suno.com.br\/noticias\/#\/schema\/person\/image\/\",\"url\":\"https:\/\/secure.gravatar.com\/avatar\/3ada9e0bd164c23abd4792a9606d583c?s=96&r=g\",\"contentUrl\":\"https:\/\/secure.gravatar.com\/avatar\/3ada9e0bd164c23abd4792a9606d583c?s=96&r=g\",\"caption\":\"Carlo Cauti\"},\"description\":\"Editor multim\u00eddia do SUNO Not\u00edcias. Italiano, formado em Ci\u00eancias Pol\u00edticas pela universidade LUISS G. Carli de Roma e mestre cum laude em Rela\u00e7\u00f5es Internacionais, Jornalismo Internacional e de Guerra e em Economia Internacional. Concluiu tamb\u00e9m um MBA em Finan\u00e7as na B3. No Brasil, teve passagem por ve\u00edculos como Estad\u00e3o, Globo, Veja e EXAME. e nas ag\u00eancias de not\u00edcias italianas ANSA e NOVA.\",\"url\":\"https:\/\/www.suno.com.br\/noticias\/author\/carlo-cauti\/\"}]}<\/script>\n<!-- \/ Yoast SEO plugin. -->","yoast_head_json":{"title":"Funcion\u00e1rios do Google criam primeiro sindicato do Vale do Sil\u00edcio","description":"Um grupo formado por 225 funcion\u00e1rios do Google anunciou a cria\u00e7\u00e3o do primeiro sindicato da empresa. Clique aqui para saber mais.","robots":{"index":"index","follow":"follow","max-snippet":"max-snippet:-1","max-image-preview":"max-image-preview:large","max-video-preview":"max-video-preview:-1"},"canonical":"https:\/\/www.suno.com.br\/noticias\/funcionarios-google-primeiro-sindicato\/","og_locale":"pt_BR","og_type":"article","og_title":"Funcion\u00e1rios do Google criam primeiro sindicato do Vale do Sil\u00edcio","og_description":"Um grupo formado por 225 funcion\u00e1rios do Google anunciou a cria\u00e7\u00e3o do primeiro sindicato da empresa. Clique aqui para saber mais.","og_url":"https:\/\/www.suno.com.br\/noticias\/funcionarios-google-primeiro-sindicato\/","og_site_name":"Suno Not\u00edcias","article_publisher":"https:\/\/facebook.com\/sunoresearch","og_image":[{"width":1920,"height":1279,"url":"https:\/\/files.sunoresearch.com.br\/n\/uploads\/2019\/03\/c61d4cfa-google.jpg","type":"image\/jpeg"}],"author":"Carlo Cauti","twitter_card":"summary_large_image","twitter_creator":"@sunoresearch","twitter_site":"@sunoresearch","twitter_misc":{"Escrito por":"Carlo Cauti","Est. tempo de leitura":"3 minutos"},"schema":{"@context":"https:\/\/schema.org","@graph":[{"@type":"NewsArticle","@id":"https:\/\/www.suno.com.br\/noticias\/funcionarios-google-primeiro-sindicato\/#article","isPartOf":{"@id":"https:\/\/www.suno.com.br\/noticias\/funcionarios-google-primeiro-sindicato\/"},"author":{"name":"Carlo Cauti","@id":"https:\/\/www.suno.com.br\/noticias\/#\/schema\/person\/e6e0f723cc177805027f4566c1d5e0c8"},"headline":"Funcion\u00e1rios do Google criam primeiro sindicato do Vale do Sil\u00edcio","datePublished":"2021-01-05T13:01:20+00:00","dateModified":"2021-06-01T23:25:57+00:00","mainEntityOfPage":{"@id":"https:\/\/www.suno.com.br\/noticias\/funcionarios-google-primeiro-sindicato\/"},"wordCount":574,"publisher":{"@id":"https:\/\/www.suno.com.br\/noticias\/#organization"},"image":{"@id":"https:\/\/www.suno.com.br\/noticias\/funcionarios-google-primeiro-sindicato\/#primaryimage"},"thumbnailUrl":"https:\/\/files.sunoresearch.com.br\/n\/uploads\/2019\/03\/c61d4cfa-google-jpg.webp","keywords":["Alphabet (GOGL34\/GOGL35)","Google","sindicatos","vale do sil\u00edcio"],"articleSection":["Internacional"],"inLanguage":"pt-BR"},{"@type":"WebPage","@id":"https:\/\/www.suno.com.br\/noticias\/funcionarios-google-primeiro-sindicato\/","url":"https:\/\/www.suno.com.br\/noticias\/funcionarios-google-primeiro-sindicato\/","name":"Funcion\u00e1rios do Google criam primeiro sindicato do Vale do Sil\u00edcio","isPartOf":{"@id":"https:\/\/www.suno.com.br\/noticias\/#website"},"primaryImageOfPage":{"@id":"https:\/\/www.suno.com.br\/noticias\/funcionarios-google-primeiro-sindicato\/#primaryimage"},"image":{"@id":"https:\/\/www.suno.com.br\/noticias\/funcionarios-google-primeiro-sindicato\/#primaryimage"},"thumbnailUrl":"https:\/\/files.sunoresearch.com.br\/n\/uploads\/2019\/03\/c61d4cfa-google-jpg.webp","datePublished":"2021-01-05T13:01:20+00:00","dateModified":"2021-06-01T23:25:57+00:00","description":"Um grupo formado por 225 funcion\u00e1rios do Google anunciou a cria\u00e7\u00e3o do primeiro sindicato da empresa. Clique aqui para saber mais.","breadcrumb":{"@id":"https:\/\/www.suno.com.br\/noticias\/funcionarios-google-primeiro-sindicato\/#breadcrumb"},"inLanguage":"pt-BR","potentialAction":[{"@type":"ReadAction","target":["https:\/\/www.suno.com.br\/noticias\/funcionarios-google-primeiro-sindicato\/"]}]},{"@type":"ImageObject","inLanguage":"pt-BR","@id":"https:\/\/www.suno.com.br\/noticias\/funcionarios-google-primeiro-sindicato\/#primaryimage","url":"https:\/\/files.sunoresearch.com.br\/n\/uploads\/2019\/03\/c61d4cfa-google-jpg.webp","contentUrl":"https:\/\/files.sunoresearch.com.br\/n\/uploads\/2019\/03\/c61d4cfa-google-jpg.webp","width":1920,"height":1279,"caption":"Google"},{"@type":"BreadcrumbList","@id":"https:\/\/www.suno.com.br\/noticias\/funcionarios-google-primeiro-sindicato\/#breadcrumb","itemListElement":[{"@type":"ListItem","position":1,"name":"Not\u00edcias","item":"https:\/\/www.suno.com.br\/noticias\/"},{"@type":"ListItem","position":2,"name":"Internacional","item":"https:\/\/www.suno.com.br\/noticias\/internacional\/"},{"@type":"ListItem","position":3,"name":"Funcion\u00e1rios do Google criam primeiro sindicato do Vale do Sil\u00edcio"}]},{"@type":"WebSite","@id":"https:\/\/www.suno.com.br\/noticias\/#website","url":"https:\/\/www.suno.com.br\/noticias\/","name":"Suno Not\u00edcias","description":"Seu portal de informa\u00e7\u00e3o sobre o mundo dos investimentos","publisher":{"@id":"https:\/\/www.suno.com.br\/noticias\/#organization"},"potentialAction":[{"@type":"SearchAction","target":{"@type":"EntryPoint","urlTemplate":"https:\/\/www.suno.com.br\/noticias\/?s={search_term_string}"},"query-input":{"@type":"PropertyValueSpecification","valueRequired":true,"valueName":"search_term_string"}}],"inLanguage":"pt-BR"},{"@type":"Organization","@id":"https:\/\/www.suno.com.br\/noticias\/#organization","name":"Suno Not\u00edcias","url":"https:\/\/www.suno.com.br\/noticias\/","logo":{"@type":"ImageObject","inLanguage":"pt-BR","@id":"https:\/\/www.suno.com.br\/noticias\/#\/schema\/logo\/image\/","url":"https:\/\/files.sunoresearch.com.br\/n\/uploads\/2021\/09\/suno-logo.png","contentUrl":"https:\/\/files.sunoresearch.com.br\/n\/uploads\/2021\/09\/suno-logo.png","width":180,"height":180,"caption":"Suno Not\u00edcias"},"image":{"@id":"https:\/\/www.suno.com.br\/noticias\/#\/schema\/logo\/image\/"},"sameAs":["https:\/\/facebook.com\/sunoresearch","https:\/\/x.com\/sunoresearch","https:\/\/www.instagram.com\/suno","https:\/\/www.linkedin.com\/company\/suno-research\/","https:\/\/www.youtube.com\/c\/sunoresearch"]},{"@type":"Person","@id":"https:\/\/www.suno.com.br\/noticias\/#\/schema\/person\/e6e0f723cc177805027f4566c1d5e0c8","name":"Carlo Cauti","image":{"@type":"ImageObject","inLanguage":"pt-BR","@id":"https:\/\/www.suno.com.br\/noticias\/#\/schema\/person\/image\/","url":"https:\/\/secure.gravatar.com\/avatar\/3ada9e0bd164c23abd4792a9606d583c?s=96&r=g","contentUrl":"https:\/\/secure.gravatar.com\/avatar\/3ada9e0bd164c23abd4792a9606d583c?s=96&r=g","caption":"Carlo Cauti"},"description":"Editor multim\u00eddia do SUNO Not\u00edcias. Italiano, formado em Ci\u00eancias Pol\u00edticas pela universidade LUISS G. Carli de Roma e mestre cum laude em Rela\u00e7\u00f5es Internacionais, Jornalismo Internacional e de Guerra e em Economia Internacional. Concluiu tamb\u00e9m um MBA em Finan\u00e7as na B3. No Brasil, teve passagem por ve\u00edculos como Estad\u00e3o, Globo, Veja e EXAME. e nas ag\u00eancias de not\u00edcias italianas ANSA e NOVA.","url":"https:\/\/www.suno.com.br\/noticias\/author\/carlo-cauti\/"}]}},"default_loop_html":"<div class=\"cardsPage__listCard__boxs\"><div class=\"cardsPage__listCard__boxs__img\"><a href=\"https:\/\/www.suno.com.br\/noticias\/funcionarios-google-primeiro-sindicato\/\"><img class=\"mask\" src=\"https:\/\/www.suno.com.br\/noticias\/wp-content\/themes\/suno\/resources\/images\/spotlight\/spotlight1img\/bg-mask.png\" alt=\"Image Mask\"\/><img src=\"https:\/\/files.sunoresearch.com.br\/n\/uploads\/2019\/03\/c61d4cfa-google-400x200.webp\" alt=\"Funcion\u00e1rios do Google criam primeiro sindicato do Vale do Sil\u00edcio\"\/><\/a><span class=\"spotlightCategory\"><a href=\"https:\/\/www.suno.com.br\/noticias\/internacional\/\">Internacional<\/a><\/span><\/div><div class=\"cardsPage__listCard__boxs__content\"><a href=\"https:\/\/www.suno.com.br\/noticias\/funcionarios-google-primeiro-sindicato\/\"><h2 class=\"content__title\">Funcion\u00e1rios do Google criam primeiro sindicato do Vale do Sil\u00edcio<\/h2><\/a><div class=\"newsContent__article__meta\"><div class=\"newsContent__article__meta__authorBox\"><a href=\"https:\/\/www.suno.com.br\/noticias\/author\/carlo-cauti\/\" class=\"authorBox__avatar noMobi\"><img src=\"https:\/\/files.sunoresearch.com.br\/n\/uploads\/2020\/08\/e3745f9a-perfil-carlo-cauti-150x150.webp\" alt=\"Carlo Cauti\"><\/a><div class=\"authorBox__name\"><span>por\n\t\t\t<a href=\"https:\/\/www.suno.com.br\/noticias\/author\/carlo-cauti\/\"><span itemprop=\"author\">Carlo Cauti<\/span><\/a><\/span><time datetime=\"2021-01-05T10:01:20-03:00\" itemprop=\"datePublished\">05\/01\/2021 10:01<\/time><\/div><\/div><\/div><\/div><\/div>","single_layout":"posts","amp_enabled":true,"_links":{"self":[{"href":"https:\/\/www.suno.com.br\/noticias\/wp-json\/wp\/v2\/posts\/110934"}],"collection":[{"href":"https:\/\/www.suno.com.br\/noticias\/wp-json\/wp\/v2\/posts"}],"about":[{"href":"https:\/\/www.suno.com.br\/noticias\/wp-json\/wp\/v2\/types\/post"}],"author":[{"embeddable":true,"href":"https:\/\/www.suno.com.br\/noticias\/wp-json\/wp\/v2\/users\/9"}],"replies":[{"embeddable":true,"href":"https:\/\/www.suno.com.br\/noticias\/wp-json\/wp\/v2\/comments?post=110934"}],"version-history":[{"count":1,"href":"https:\/\/www.suno.com.br\/noticias\/wp-json\/wp\/v2\/posts\/110934\/revisions"}],"predecessor-version":[{"id":153761,"href":"https:\/\/www.suno.com.br\/noticias\/wp-json\/wp\/v2\/posts\/110934\/revisions\/153761"}],"wp:featuredmedia":[{"embeddable":true,"href":"https:\/\/www.suno.com.br\/noticias\/wp-json\/wp\/v2\/media\/18482"}],"wp:attachment":[{"href":"https:\/\/www.suno.com.br\/noticias\/wp-json\/wp\/v2\/media?parent=110934"}],"wp:term":[{"taxonomy":"category","embeddable":true,"href":"https:\/\/www.suno.com.br\/noticias\/wp-json\/wp\/v2\/categories?post=110934"},{"taxonomy":"post_tag","embeddable":true,"href":"https:\/\/www.suno.com.br\/noticias\/wp-json\/wp\/v2\/tags?post=110934"},{"taxonomy":"suno_strategy","embeddable":true,"href":"https:\/\/www.suno.com.br\/noticias\/wp-json\/wp\/v2\/suno_strategy?post=110934"}],"curies":[{"name":"wp","href":"https:\/\/api.w.org\/{rel}","templated":true}]}}