{"id":110833,"date":"2021-01-03T15:35:33","date_gmt":"2021-01-03T18:35:33","guid":{"rendered":"https:\/\/www.suno.com.br\/noticias\/?p=110833"},"modified":"2021-01-06T10:45:38","modified_gmt":"2021-01-06T13:45:38","slug":"roberto-campos-neto-melhor-banqueiro-banker","status":"publish","type":"post","link":"https:\/\/www.suno.com.br\/noticias\/roberto-campos-neto-melhor-banqueiro-banker\/","title":{"rendered":"Roberto Campos Neto \u00e9 eleito melhor banqueiro central de 2020 pela Banker"},"content":{"rendered":"<p>O presidente do <a href=\"https:\/\/www.suno.com.br\/artigos\/bacen\/\">Banco Central (BC)<\/a>, <strong><a href=\"https:\/\/www.suno.com.br\/tudo-sobre\/roberto-campos-neto\/\">Roberto Campos Neto<\/a>,<\/strong> foi eleito o presidente de Banco Central do ano pela revista brit\u00e2nica The Banker, especializada em finan\u00e7as. O an\u00fancio foi feito na quinta-feira (31). O pr\u00eamio Central Banker of the Year, em sua s\u00e9tima edi\u00e7\u00e3o, homenageia os funcion\u00e1rios que mais conseguiram estimular o crescimento e estabilizar sua economia. Campos Neto foi premiado na categoria Global e Am\u00e9ricas. A publica\u00e7\u00e3o cita que poucos pa\u00edses foram afetados pela pandemia do novo coronav\u00edrus da mesma forma que o Brasil.<\/p>\t<div class=\"wrapper-featured-image\">\n\t\t<figure class=\"spotlightImg\">\n\n\t\t\t<picture>\n\t\t\t\t<source media=\"(max-width: 768px)\" srcset=\"https:\/\/files.sunoresearch.com.br\/n\/uploads\/2019\/03\/62214367-roberto-campos-neto-400x200.webp\">\n\t\t\t\t<img loading=\"lazy\" decoding=\"async\" class=\"newsContent__article__imgCapa lazyloadDisabled \" src=\"https:\/\/files.sunoresearch.com.br\/n\/uploads\/2019\/03\/62214367-roberto-campos-neto-800x450.webp\" width=\"800\" height=\"450\" alt=\"Roberto Campos Neto \u00e9 eleito melhor banqueiro central de 2020 pela Banker\" fetchpriority=high \/>\n\t\t\t<\/picture>\n\n\t\t\t<figcaption class=\"wp-caption-text wp-caption-text--show\">Roberto Campos Neto \u00e9 eleito melhor banqueiro central de 2020 pela Banker<\/figcaption>\n\t\t<\/figure>\n\t<\/div>\n\n\n\t<p>\n\t\t<a href=\"https:\/\/lp.suno.com.br\/planilha-controle-gastos\/\" target=\"_blank\" data-element=\"shortcode-suno-banner\" title=\"Banner SUNO, clique e saiba mais\">\n\t\t\t<picture>\n\t\t\t\t<source media=\"(max-width: 500px)\" srcset=\"https:\/\/files.sunoresearch.com.br\/n\/uploads\/2023\/03\/400x300-Planilha-controle-de-gastos.png\">\n\t\t\t\t<img class=\"newsContent__article__imgCapa newsContent__article__imgCapa--banner\"\n\t\t\t\t\tsrc=\"https:\/\/files.sunoresearch.com.br\/n\/uploads\/2023\/03\/1420x240-Planilha-controle-de-gastos.png\"\n\t\t\t\t\tdata-promo-id=\"101751\"\t\t\t\t\t\t\t\t\t\twidth='1420' height='240'\t\t\t\t\talt=\"https:\/\/files.sunoresearch.com.br\/n\/uploads\/2023\/03\/1420x240-Planilha-controle-de-gastos.png\"\n\t\t\t\t>\n\t\t\t<\/picture>\n\t\t<\/a>\n\t<\/p>\n\n\n<p>Autoridades como o secret\u00e1rio de Pol\u00edtica Econ\u00f4mica do Minist\u00e9rio da Economia, Adolfo Sachsida, e o ministro do Desenvolvimento Regional, Rog\u00e9rio Marinho, j\u00e1 cumprimentaram Campos Neto pelas redes sociais.<\/p>\n<p>&#8220;Parab\u00e9ns ao MELHOR presidente de Banco Central do mundo!!!!!!!! Roberto Campos Neto \u00e9 craque, est\u00e1 revolucionando o sistema financeiro. N\u00e3o apenas nossa rea\u00e7\u00e3o de pol\u00edtica monet\u00e1ria foi exemplar, a agenda PIX, contas digitais, e OPEN BANKING \u00e9 estrutural&#8221;, escreveu nesta manh\u00e3 Sachsida.<\/p>\n<p><a href=\"https:\/\/lp.suno.com.br\/suno-one\/\">Suno One: acesse gratuitamente eBooks, Minicursos, Artigos e Video Aulas sobre investimentos com um \u00fanico cadastro. Clique para saber mais!<\/a><\/p>\n<p>Conforme Rog\u00e9rio Marinho, o reconhecimento internacional ao &#8220;trabalho de excel\u00eancia&#8221; de Campos Neto \u00e9 a ratifica\u00e7\u00e3o do excepcional trabalho de um dos melhores economistas do mundo que brilha na equipe do presidente Jair Bolsonaro (sem partido). &#8220;2021 ano da retomada&#8221;, disse.<\/p>\n<p><b>Categoria Global e Am\u00e9ricas<\/b><\/p>\n<p>A revista, do Financial Times, cita que poucos pa\u00edses foram afetados pela pandemia do novo coronav\u00edrus da mesma forma que o Brasil. Em meados de dezembro, cita, o n\u00famero de mortes relacionadas \u00e0 covid-19 no Pa\u00eds ainda era o segundo maior do mundo, depois dos Estados Unidos.<\/p>\n\n<p>A The Banker pondera que enquanto no in\u00edcio de 2020 as expectativas eram que a maior economia da Am\u00e9rica Latina teria contra\u00e7\u00e3o de 9%, as proje\u00e7\u00f5es foram sendo revisadas &#8220;drasticamente&#8221; no final do ano para cerca de metade disso. Menciona que a estimativa do Fundo Monet\u00e1rio Internacional (FMI) para o Produto Interno Bruto (PIB) passou de recuo de 9,1% para decl\u00ednio de 5,8% em 2020, enquanto alguns analistas acreditam que a contra\u00e7\u00e3o ser\u00e1 inferior a 4,5%.<\/p>\n<p>Conforme a publica\u00e7\u00e3o, muito desse cen\u00e1rio &#8220;promissor&#8221; se deve ao trabalho do Banco Central do Brasil. Segundo a revista, a institui\u00e7\u00e3o monet\u00e1ria respondeu \u00e0 crise tomando medidas sem precedentes e eficazes para garantir que a liquidez n\u00e3o secasse no sistema financeiro. Destaca que o BC tomou outras medidas espec\u00edficas para que as empresas, em particular as pequenas empresas, pudessem continuar a operar.<\/p>\n<p>No geral, acrescenta a publica\u00e7\u00e3o, o programa de liquidez do BC brasileiro representou impressionantes 17,5% do PIB, e foi acoplado a outras medidas que liberaram capital das institui\u00e7\u00f5es financeiras que, segundo o banco, tinham potencial para aumentar o cr\u00e9dito pelo equivalente a at\u00e9 20% do PIB. Cita ainda que tamb\u00e9m obteve autoriza\u00e7\u00e3o tempor\u00e1ria do Congresso para comprar e vender ativos privados para aumentar ainda mais a liquidez do sistema financeiro, que acabou apoiando tamb\u00e9m o mercado de t\u00edtulos em moeda local.<\/p>\n\t<div data-element=\"shortcode-read-more\" class=\"knowMore\">\n\t\t\t\t<span class=\"knowMore__title\">Saiba mais<\/span>\n\t\t\t\t<a class=\"knowMore__link\" href=\"https:\/\/www.suno.com.br\/noticias\/campos-neto-vacina-barato-auxilio\/\">\n\t\t\tInvestir em vacina \u00e9 mais barato que prorrogar auxilio, diz Campos Neto\t\t<\/a>\n\t<\/div>\n\n\n<p>\u00c9 a segunda vez que um presidente do Banco Central do Pa\u00eds conquista o pr\u00eamio. Antes de Campos Neto, o agraciado foi Ilan Goldfajn, em 2018, por sua atua\u00e7\u00e3o no combate \u00e0 infla\u00e7\u00e3o em 2017.<\/p>\n<p><b>Perfil de Roberto Campos Neto<\/b><\/p>\n<p>Roberto Campos Neto \u00e9 graduado em economia, com especializa\u00e7\u00e3o em finan\u00e7as pela Universidade da Calif\u00f3rnia, tem um perfil liberal e acredita em medidas que limitem o tamanho do Estado na Economia. Executivo do mercado financeiro, atuou por 18 anos no Banco Santander. \u00c9 neto de Roberto Campos, ministro do Planejamento do governo de Castelo Branco (1964-1967). Al\u00e9m do Santander, tamb\u00e9m atuou no Banco Bozano Simonsen. Em novembro de 2018, foi indicado pelo ent\u00e3o presidente eleito Jair Bolsonaro para o lugar de Ilan Goldfajn na presid\u00eancia do Banco Central.<\/p>\n<p><em>Com informa\u00e7\u00f5es do Estad\u00e3o Conte\u00fado.<\/em><\/p>\n\t<p>\n\t\t<a href=\"https:\/\/lp.suno.com.br\/planilha-de-controle-de-investimentos\/\" target=\"_blank\" data-element=\"shortcode-suno-banner\" title=\"Banner SUNO, clique e saiba mais\">\n\t\t\t<picture>\n\t\t\t\t<source media=\"(max-width: 500px)\" srcset=\"https:\/\/files.sunoresearch.com.br\/n\/uploads\/2023\/03\/400x300-Controle-de-Investimentos.png\">\n\t\t\t\t<img class=\"newsContent__article__imgCapa newsContent__article__imgCapa--banner\"\n\t\t\t\t\tsrc=\"https:\/\/files.sunoresearch.com.br\/n\/uploads\/2023\/03\/1420x240-Controle-de-Investimentos.png\"\n\t\t\t\t\tdata-promo-id=\"75934\"\t\t\t\t\t\t\t\t\t\twidth='1420' height='240'\t\t\t\t\talt=\"https:\/\/files.sunoresearch.com.br\/n\/uploads\/2023\/03\/1420x240-Controle-de-Investimentos.png\"\n\t\t\t\t>\n\t\t\t<\/picture>\n\t\t<\/a>\n\t<\/p>\n\n\n","protected":false},"excerpt":{"rendered":"<p>O presidente do Banco Central (BC), Roberto Campos Neto, foi eleito o presidente de Banco Central do ano pela revista brit\u00e2nica The Banker, especializada em finan\u00e7as. O an\u00fancio foi feito na quinta-feira (31). O pr\u00eamio Central Banker of the Year, em sua s\u00e9tima edi\u00e7\u00e3o, homenageia os funcion\u00e1rios que mais conseguiram estimular o crescimento e estabilizar [&hellip;]<\/p>\n","protected":false},"author":9,"featured_media":19353,"comment_status":"closed","ping_status":"closed","sticky":false,"template":"","format":"standard","meta":[],"categories":[62],"tags":[1842,1113],"suno_strategy":[],"class_list":["post-110833","post","type-post","status-publish","format-standard","has-post-thumbnail","hentry","category-economia","tag-banco-central-bc","tag-roberto-campos-neto"],"yoast_head":"<!-- This site is optimized with the Yoast SEO plugin v24.4 - https:\/\/yoast.com\/wordpress\/plugins\/seo\/ -->\n<title>Roberto Campos Neto \u00e9 eleito melhor banqueiro central de 2020<\/title>\n<meta name=\"description\" content=\"O presidente do BC Roberto Campos Neto, foi eleito o presidente de Banco Central do ano pela revista The Banker. Clique aqui para saber mais.\" \/>\n<meta name=\"robots\" content=\"index, follow, max-snippet:-1, max-image-preview:large, max-video-preview:-1\" \/>\n<link rel=\"canonical\" href=\"https:\/\/www.suno.com.br\/noticias\/roberto-campos-neto-melhor-banqueiro-banker\/\" \/>\n<meta property=\"og:locale\" content=\"pt_BR\" \/>\n<meta property=\"og:type\" content=\"article\" \/>\n<meta property=\"og:title\" content=\"Roberto Campos Neto \u00e9 eleito melhor banqueiro central de 2020\" \/>\n<meta property=\"og:description\" content=\"O presidente do BC Roberto Campos Neto, foi eleito o presidente de Banco Central do ano pela revista The Banker. Clique aqui para saber mais.\" \/>\n<meta property=\"og:url\" content=\"https:\/\/www.suno.com.br\/noticias\/roberto-campos-neto-melhor-banqueiro-banker\/\" \/>\n<meta property=\"og:site_name\" content=\"Suno Not\u00edcias\" \/>\n<meta property=\"article:publisher\" content=\"https:\/\/facebook.com\/sunoresearch\" \/>\n<meta property=\"og:image\" content=\"https:\/\/files.sunoresearch.com.br\/n\/uploads\/2019\/03\/62214367-roberto-campos-neto.jpg\" \/>\n\t<meta property=\"og:image:width\" content=\"1140\" \/>\n\t<meta property=\"og:image:height\" content=\"760\" \/>\n\t<meta property=\"og:image:type\" content=\"image\/jpeg\" \/>\n<meta name=\"author\" content=\"Carlo Cauti\" \/>\n<meta name=\"twitter:card\" content=\"summary_large_image\" \/>\n<meta name=\"twitter:creator\" content=\"@sunoresearch\" \/>\n<meta name=\"twitter:site\" content=\"@sunoresearch\" \/>\n<meta name=\"twitter:label1\" content=\"Escrito por\" \/>\n\t<meta name=\"twitter:data1\" content=\"Carlo Cauti\" \/>\n\t<meta name=\"twitter:label2\" content=\"Est. tempo de leitura\" \/>\n\t<meta name=\"twitter:data2\" content=\"3 minutos\" \/>\n<script type=\"application\/ld+json\" class=\"yoast-schema-graph\">{\"@context\":\"https:\/\/schema.org\",\"@graph\":[{\"@type\":\"NewsArticle\",\"@id\":\"https:\/\/www.suno.com.br\/noticias\/roberto-campos-neto-melhor-banqueiro-banker\/#article\",\"isPartOf\":{\"@id\":\"https:\/\/www.suno.com.br\/noticias\/roberto-campos-neto-melhor-banqueiro-banker\/\"},\"author\":{\"name\":\"Carlo Cauti\",\"@id\":\"https:\/\/www.suno.com.br\/noticias\/#\/schema\/person\/e6e0f723cc177805027f4566c1d5e0c8\"},\"headline\":\"Roberto Campos Neto \u00e9 eleito melhor banqueiro central de 2020 pela Banker\",\"datePublished\":\"2021-01-03T18:35:33+00:00\",\"dateModified\":\"2021-01-06T13:45:38+00:00\",\"mainEntityOfPage\":{\"@id\":\"https:\/\/www.suno.com.br\/noticias\/roberto-campos-neto-melhor-banqueiro-banker\/\"},\"wordCount\":690,\"publisher\":{\"@id\":\"https:\/\/www.suno.com.br\/noticias\/#organization\"},\"image\":{\"@id\":\"https:\/\/www.suno.com.br\/noticias\/roberto-campos-neto-melhor-banqueiro-banker\/#primaryimage\"},\"thumbnailUrl\":\"https:\/\/files.sunoresearch.com.br\/n\/uploads\/2019\/03\/62214367-roberto-campos-neto-jpg.webp\",\"keywords\":[\"Banco Central (BC)\",\"Roberto Campos Neto\"],\"articleSection\":[\"Economia\"],\"inLanguage\":\"pt-BR\"},{\"@type\":\"WebPage\",\"@id\":\"https:\/\/www.suno.com.br\/noticias\/roberto-campos-neto-melhor-banqueiro-banker\/\",\"url\":\"https:\/\/www.suno.com.br\/noticias\/roberto-campos-neto-melhor-banqueiro-banker\/\",\"name\":\"Roberto Campos Neto \u00e9 eleito melhor banqueiro central de 2020\",\"isPartOf\":{\"@id\":\"https:\/\/www.suno.com.br\/noticias\/#website\"},\"primaryImageOfPage\":{\"@id\":\"https:\/\/www.suno.com.br\/noticias\/roberto-campos-neto-melhor-banqueiro-banker\/#primaryimage\"},\"image\":{\"@id\":\"https:\/\/www.suno.com.br\/noticias\/roberto-campos-neto-melhor-banqueiro-banker\/#primaryimage\"},\"thumbnailUrl\":\"https:\/\/files.sunoresearch.com.br\/n\/uploads\/2019\/03\/62214367-roberto-campos-neto-jpg.webp\",\"datePublished\":\"2021-01-03T18:35:33+00:00\",\"dateModified\":\"2021-01-06T13:45:38+00:00\",\"description\":\"O presidente do BC Roberto Campos Neto, foi eleito o presidente de Banco Central do ano pela revista The Banker. Clique aqui para saber mais.\",\"breadcrumb\":{\"@id\":\"https:\/\/www.suno.com.br\/noticias\/roberto-campos-neto-melhor-banqueiro-banker\/#breadcrumb\"},\"inLanguage\":\"pt-BR\",\"potentialAction\":[{\"@type\":\"ReadAction\",\"target\":[\"https:\/\/www.suno.com.br\/noticias\/roberto-campos-neto-melhor-banqueiro-banker\/\"]}]},{\"@type\":\"ImageObject\",\"inLanguage\":\"pt-BR\",\"@id\":\"https:\/\/www.suno.com.br\/noticias\/roberto-campos-neto-melhor-banqueiro-banker\/#primaryimage\",\"url\":\"https:\/\/files.sunoresearch.com.br\/n\/uploads\/2019\/03\/62214367-roberto-campos-neto-jpg.webp\",\"contentUrl\":\"https:\/\/files.sunoresearch.com.br\/n\/uploads\/2019\/03\/62214367-roberto-campos-neto-jpg.webp\",\"width\":1140,\"height\":760,\"caption\":\"Roberto Campos Neto \u00e9 eleito melhor banqueiro central de 2020 pela Banker\"},{\"@type\":\"BreadcrumbList\",\"@id\":\"https:\/\/www.suno.com.br\/noticias\/roberto-campos-neto-melhor-banqueiro-banker\/#breadcrumb\",\"itemListElement\":[{\"@type\":\"ListItem\",\"position\":1,\"name\":\"Not\u00edcias\",\"item\":\"https:\/\/www.suno.com.br\/noticias\/\"},{\"@type\":\"ListItem\",\"position\":2,\"name\":\"Economia\",\"item\":\"https:\/\/www.suno.com.br\/noticias\/economia\/\"},{\"@type\":\"ListItem\",\"position\":3,\"name\":\"Roberto Campos Neto \u00e9 eleito melhor banqueiro central de 2020 pela Banker\"}]},{\"@type\":\"WebSite\",\"@id\":\"https:\/\/www.suno.com.br\/noticias\/#website\",\"url\":\"https:\/\/www.suno.com.br\/noticias\/\",\"name\":\"Suno Not\u00edcias\",\"description\":\"Seu portal de informa\u00e7\u00e3o sobre o mundo dos investimentos\",\"publisher\":{\"@id\":\"https:\/\/www.suno.com.br\/noticias\/#organization\"},\"potentialAction\":[{\"@type\":\"SearchAction\",\"target\":{\"@type\":\"EntryPoint\",\"urlTemplate\":\"https:\/\/www.suno.com.br\/noticias\/?s={search_term_string}\"},\"query-input\":{\"@type\":\"PropertyValueSpecification\",\"valueRequired\":true,\"valueName\":\"search_term_string\"}}],\"inLanguage\":\"pt-BR\"},{\"@type\":\"Organization\",\"@id\":\"https:\/\/www.suno.com.br\/noticias\/#organization\",\"name\":\"Suno Not\u00edcias\",\"url\":\"https:\/\/www.suno.com.br\/noticias\/\",\"logo\":{\"@type\":\"ImageObject\",\"inLanguage\":\"pt-BR\",\"@id\":\"https:\/\/www.suno.com.br\/noticias\/#\/schema\/logo\/image\/\",\"url\":\"https:\/\/files.sunoresearch.com.br\/n\/uploads\/2021\/09\/suno-logo.png\",\"contentUrl\":\"https:\/\/files.sunoresearch.com.br\/n\/uploads\/2021\/09\/suno-logo.png\",\"width\":180,\"height\":180,\"caption\":\"Suno Not\u00edcias\"},\"image\":{\"@id\":\"https:\/\/www.suno.com.br\/noticias\/#\/schema\/logo\/image\/\"},\"sameAs\":[\"https:\/\/facebook.com\/sunoresearch\",\"https:\/\/x.com\/sunoresearch\",\"https:\/\/www.instagram.com\/suno\",\"https:\/\/www.linkedin.com\/company\/suno-research\/\",\"https:\/\/www.youtube.com\/c\/sunoresearch\"]},{\"@type\":\"Person\",\"@id\":\"https:\/\/www.suno.com.br\/noticias\/#\/schema\/person\/e6e0f723cc177805027f4566c1d5e0c8\",\"name\":\"Carlo Cauti\",\"image\":{\"@type\":\"ImageObject\",\"inLanguage\":\"pt-BR\",\"@id\":\"https:\/\/www.suno.com.br\/noticias\/#\/schema\/person\/image\/\",\"url\":\"https:\/\/secure.gravatar.com\/avatar\/3ada9e0bd164c23abd4792a9606d583c?s=96&r=g\",\"contentUrl\":\"https:\/\/secure.gravatar.com\/avatar\/3ada9e0bd164c23abd4792a9606d583c?s=96&r=g\",\"caption\":\"Carlo Cauti\"},\"description\":\"Editor multim\u00eddia do SUNO Not\u00edcias. Italiano, formado em Ci\u00eancias Pol\u00edticas pela universidade LUISS G. Carli de Roma e mestre cum laude em Rela\u00e7\u00f5es Internacionais, Jornalismo Internacional e de Guerra e em Economia Internacional. Concluiu tamb\u00e9m um MBA em Finan\u00e7as na B3. No Brasil, teve passagem por ve\u00edculos como Estad\u00e3o, Globo, Veja e EXAME. e nas ag\u00eancias de not\u00edcias italianas ANSA e NOVA.\",\"url\":\"https:\/\/www.suno.com.br\/noticias\/author\/carlo-cauti\/\"}]}<\/script>\n<!-- \/ Yoast SEO plugin. -->","yoast_head_json":{"title":"Roberto Campos Neto \u00e9 eleito melhor banqueiro central de 2020","description":"O presidente do BC Roberto Campos Neto, foi eleito o presidente de Banco Central do ano pela revista The Banker. Clique aqui para saber mais.","robots":{"index":"index","follow":"follow","max-snippet":"max-snippet:-1","max-image-preview":"max-image-preview:large","max-video-preview":"max-video-preview:-1"},"canonical":"https:\/\/www.suno.com.br\/noticias\/roberto-campos-neto-melhor-banqueiro-banker\/","og_locale":"pt_BR","og_type":"article","og_title":"Roberto Campos Neto \u00e9 eleito melhor banqueiro central de 2020","og_description":"O presidente do BC Roberto Campos Neto, foi eleito o presidente de Banco Central do ano pela revista The Banker. Clique aqui para saber mais.","og_url":"https:\/\/www.suno.com.br\/noticias\/roberto-campos-neto-melhor-banqueiro-banker\/","og_site_name":"Suno Not\u00edcias","article_publisher":"https:\/\/facebook.com\/sunoresearch","og_image":[{"width":1140,"height":760,"url":"https:\/\/files.sunoresearch.com.br\/n\/uploads\/2019\/03\/62214367-roberto-campos-neto.jpg","type":"image\/jpeg"}],"author":"Carlo Cauti","twitter_card":"summary_large_image","twitter_creator":"@sunoresearch","twitter_site":"@sunoresearch","twitter_misc":{"Escrito por":"Carlo Cauti","Est. tempo de leitura":"3 minutos"},"schema":{"@context":"https:\/\/schema.org","@graph":[{"@type":"NewsArticle","@id":"https:\/\/www.suno.com.br\/noticias\/roberto-campos-neto-melhor-banqueiro-banker\/#article","isPartOf":{"@id":"https:\/\/www.suno.com.br\/noticias\/roberto-campos-neto-melhor-banqueiro-banker\/"},"author":{"name":"Carlo Cauti","@id":"https:\/\/www.suno.com.br\/noticias\/#\/schema\/person\/e6e0f723cc177805027f4566c1d5e0c8"},"headline":"Roberto Campos Neto \u00e9 eleito melhor banqueiro central de 2020 pela Banker","datePublished":"2021-01-03T18:35:33+00:00","dateModified":"2021-01-06T13:45:38+00:00","mainEntityOfPage":{"@id":"https:\/\/www.suno.com.br\/noticias\/roberto-campos-neto-melhor-banqueiro-banker\/"},"wordCount":690,"publisher":{"@id":"https:\/\/www.suno.com.br\/noticias\/#organization"},"image":{"@id":"https:\/\/www.suno.com.br\/noticias\/roberto-campos-neto-melhor-banqueiro-banker\/#primaryimage"},"thumbnailUrl":"https:\/\/files.sunoresearch.com.br\/n\/uploads\/2019\/03\/62214367-roberto-campos-neto-jpg.webp","keywords":["Banco Central (BC)","Roberto Campos Neto"],"articleSection":["Economia"],"inLanguage":"pt-BR"},{"@type":"WebPage","@id":"https:\/\/www.suno.com.br\/noticias\/roberto-campos-neto-melhor-banqueiro-banker\/","url":"https:\/\/www.suno.com.br\/noticias\/roberto-campos-neto-melhor-banqueiro-banker\/","name":"Roberto Campos Neto \u00e9 eleito melhor banqueiro central de 2020","isPartOf":{"@id":"https:\/\/www.suno.com.br\/noticias\/#website"},"primaryImageOfPage":{"@id":"https:\/\/www.suno.com.br\/noticias\/roberto-campos-neto-melhor-banqueiro-banker\/#primaryimage"},"image":{"@id":"https:\/\/www.suno.com.br\/noticias\/roberto-campos-neto-melhor-banqueiro-banker\/#primaryimage"},"thumbnailUrl":"https:\/\/files.sunoresearch.com.br\/n\/uploads\/2019\/03\/62214367-roberto-campos-neto-jpg.webp","datePublished":"2021-01-03T18:35:33+00:00","dateModified":"2021-01-06T13:45:38+00:00","description":"O presidente do BC Roberto Campos Neto, foi eleito o presidente de Banco Central do ano pela revista The Banker. Clique aqui para saber mais.","breadcrumb":{"@id":"https:\/\/www.suno.com.br\/noticias\/roberto-campos-neto-melhor-banqueiro-banker\/#breadcrumb"},"inLanguage":"pt-BR","potentialAction":[{"@type":"ReadAction","target":["https:\/\/www.suno.com.br\/noticias\/roberto-campos-neto-melhor-banqueiro-banker\/"]}]},{"@type":"ImageObject","inLanguage":"pt-BR","@id":"https:\/\/www.suno.com.br\/noticias\/roberto-campos-neto-melhor-banqueiro-banker\/#primaryimage","url":"https:\/\/files.sunoresearch.com.br\/n\/uploads\/2019\/03\/62214367-roberto-campos-neto-jpg.webp","contentUrl":"https:\/\/files.sunoresearch.com.br\/n\/uploads\/2019\/03\/62214367-roberto-campos-neto-jpg.webp","width":1140,"height":760,"caption":"Roberto Campos Neto \u00e9 eleito melhor banqueiro central de 2020 pela Banker"},{"@type":"BreadcrumbList","@id":"https:\/\/www.suno.com.br\/noticias\/roberto-campos-neto-melhor-banqueiro-banker\/#breadcrumb","itemListElement":[{"@type":"ListItem","position":1,"name":"Not\u00edcias","item":"https:\/\/www.suno.com.br\/noticias\/"},{"@type":"ListItem","position":2,"name":"Economia","item":"https:\/\/www.suno.com.br\/noticias\/economia\/"},{"@type":"ListItem","position":3,"name":"Roberto Campos Neto \u00e9 eleito melhor banqueiro central de 2020 pela Banker"}]},{"@type":"WebSite","@id":"https:\/\/www.suno.com.br\/noticias\/#website","url":"https:\/\/www.suno.com.br\/noticias\/","name":"Suno Not\u00edcias","description":"Seu portal de informa\u00e7\u00e3o sobre o mundo dos investimentos","publisher":{"@id":"https:\/\/www.suno.com.br\/noticias\/#organization"},"potentialAction":[{"@type":"SearchAction","target":{"@type":"EntryPoint","urlTemplate":"https:\/\/www.suno.com.br\/noticias\/?s={search_term_string}"},"query-input":{"@type":"PropertyValueSpecification","valueRequired":true,"valueName":"search_term_string"}}],"inLanguage":"pt-BR"},{"@type":"Organization","@id":"https:\/\/www.suno.com.br\/noticias\/#organization","name":"Suno Not\u00edcias","url":"https:\/\/www.suno.com.br\/noticias\/","logo":{"@type":"ImageObject","inLanguage":"pt-BR","@id":"https:\/\/www.suno.com.br\/noticias\/#\/schema\/logo\/image\/","url":"https:\/\/files.sunoresearch.com.br\/n\/uploads\/2021\/09\/suno-logo.png","contentUrl":"https:\/\/files.sunoresearch.com.br\/n\/uploads\/2021\/09\/suno-logo.png","width":180,"height":180,"caption":"Suno Not\u00edcias"},"image":{"@id":"https:\/\/www.suno.com.br\/noticias\/#\/schema\/logo\/image\/"},"sameAs":["https:\/\/facebook.com\/sunoresearch","https:\/\/x.com\/sunoresearch","https:\/\/www.instagram.com\/suno","https:\/\/www.linkedin.com\/company\/suno-research\/","https:\/\/www.youtube.com\/c\/sunoresearch"]},{"@type":"Person","@id":"https:\/\/www.suno.com.br\/noticias\/#\/schema\/person\/e6e0f723cc177805027f4566c1d5e0c8","name":"Carlo Cauti","image":{"@type":"ImageObject","inLanguage":"pt-BR","@id":"https:\/\/www.suno.com.br\/noticias\/#\/schema\/person\/image\/","url":"https:\/\/secure.gravatar.com\/avatar\/3ada9e0bd164c23abd4792a9606d583c?s=96&r=g","contentUrl":"https:\/\/secure.gravatar.com\/avatar\/3ada9e0bd164c23abd4792a9606d583c?s=96&r=g","caption":"Carlo Cauti"},"description":"Editor multim\u00eddia do SUNO Not\u00edcias. Italiano, formado em Ci\u00eancias Pol\u00edticas pela universidade LUISS G. Carli de Roma e mestre cum laude em Rela\u00e7\u00f5es Internacionais, Jornalismo Internacional e de Guerra e em Economia Internacional. Concluiu tamb\u00e9m um MBA em Finan\u00e7as na B3. No Brasil, teve passagem por ve\u00edculos como Estad\u00e3o, Globo, Veja e EXAME. e nas ag\u00eancias de not\u00edcias italianas ANSA e NOVA.","url":"https:\/\/www.suno.com.br\/noticias\/author\/carlo-cauti\/"}]}},"default_loop_html":"<div class=\"cardsPage__listCard__boxs\"><div class=\"cardsPage__listCard__boxs__img\"><a href=\"https:\/\/www.suno.com.br\/noticias\/roberto-campos-neto-melhor-banqueiro-banker\/\"><img class=\"mask\" src=\"https:\/\/www.suno.com.br\/noticias\/wp-content\/themes\/suno\/resources\/images\/spotlight\/spotlight1img\/bg-mask.png\" alt=\"Image Mask\"\/><img src=\"https:\/\/files.sunoresearch.com.br\/n\/uploads\/2019\/03\/62214367-roberto-campos-neto-400x200.webp\" alt=\"Roberto Campos Neto \u00e9 eleito melhor banqueiro central de 2020 pela Banker\"\/><\/a><span class=\"spotlightCategory\"><a href=\"https:\/\/www.suno.com.br\/noticias\/economia\/\">Economia<\/a><\/span><\/div><div class=\"cardsPage__listCard__boxs__content\"><a href=\"https:\/\/www.suno.com.br\/noticias\/roberto-campos-neto-melhor-banqueiro-banker\/\"><h2 class=\"content__title\">Roberto Campos Neto \u00e9 eleito melhor banqueiro central de 2020 pela Banker<\/h2><\/a><div class=\"newsContent__article__meta\"><div class=\"newsContent__article__meta__authorBox\"><a href=\"https:\/\/www.suno.com.br\/noticias\/author\/carlo-cauti\/\" class=\"authorBox__avatar noMobi\"><img src=\"https:\/\/files.sunoresearch.com.br\/n\/uploads\/2020\/08\/e3745f9a-perfil-carlo-cauti-150x150.webp\" alt=\"Carlo Cauti\"><\/a><div class=\"authorBox__name\"><span>por\n\t\t\t<a href=\"https:\/\/www.suno.com.br\/noticias\/author\/carlo-cauti\/\"><span itemprop=\"author\">Carlo Cauti<\/span><\/a><\/span><time datetime=\"2021-01-03T15:35:33-03:00\" itemprop=\"datePublished\">03\/01\/2021 15:35<\/time><\/div><\/div><\/div><\/div><\/div>","single_layout":"posts","amp_enabled":true,"_links":{"self":[{"href":"https:\/\/www.suno.com.br\/noticias\/wp-json\/wp\/v2\/posts\/110833"}],"collection":[{"href":"https:\/\/www.suno.com.br\/noticias\/wp-json\/wp\/v2\/posts"}],"about":[{"href":"https:\/\/www.suno.com.br\/noticias\/wp-json\/wp\/v2\/types\/post"}],"author":[{"embeddable":true,"href":"https:\/\/www.suno.com.br\/noticias\/wp-json\/wp\/v2\/users\/9"}],"replies":[{"embeddable":true,"href":"https:\/\/www.suno.com.br\/noticias\/wp-json\/wp\/v2\/comments?post=110833"}],"version-history":[{"count":0,"href":"https:\/\/www.suno.com.br\/noticias\/wp-json\/wp\/v2\/posts\/110833\/revisions"}],"wp:featuredmedia":[{"embeddable":true,"href":"https:\/\/www.suno.com.br\/noticias\/wp-json\/wp\/v2\/media\/19353"}],"wp:attachment":[{"href":"https:\/\/www.suno.com.br\/noticias\/wp-json\/wp\/v2\/media?parent=110833"}],"wp:term":[{"taxonomy":"category","embeddable":true,"href":"https:\/\/www.suno.com.br\/noticias\/wp-json\/wp\/v2\/categories?post=110833"},{"taxonomy":"post_tag","embeddable":true,"href":"https:\/\/www.suno.com.br\/noticias\/wp-json\/wp\/v2\/tags?post=110833"},{"taxonomy":"suno_strategy","embeddable":true,"href":"https:\/\/www.suno.com.br\/noticias\/wp-json\/wp\/v2\/suno_strategy?post=110833"}],"curies":[{"name":"wp","href":"https:\/\/api.w.org\/{rel}","templated":true}]}}