{"id":110792,"date":"2021-01-02T13:09:15","date_gmt":"2021-01-02T16:09:15","guid":{"rendered":"https:\/\/www.suno.com.br\/noticias\/?p=110792"},"modified":"2021-01-02T16:19:32","modified_gmt":"2021-01-02T19:19:32","slug":"que-fara-tesla-2021","status":"publish","type":"post","link":"https:\/\/www.suno.com.br\/noticias\/que-fara-tesla-2021\/","title":{"rendered":"O que far\u00e1 a Tesla em 2021?"},"content":{"rendered":"<p>A <strong>Tesla<\/strong> (<a href=\"https:\/\/www.suno.com.br\/artigos\/NASDAQ\/\">NASDAQ<\/a>: TSLA) atingiu a marca de cinco trimestres consecutivos de lucros, e fechou 2020 atingindo as metas prometidas: um ano inteiro de lucro e meio milh\u00e3o de ve\u00edculos entregues.<\/p>\t<div class=\"wrapper-featured-image\">\n\t\t<figure class=\"spotlightImg\">\n\n\t\t\t<picture>\n\t\t\t\t<source media=\"(max-width: 768px)\" srcset=\"https:\/\/files.sunoresearch.com.br\/n\/uploads\/2019\/05\/34027e3d-tesla-400x200.webp\">\n\t\t\t\t<img loading=\"lazy\" decoding=\"async\" class=\"newsContent__article__imgCapa lazyloadDisabled \" src=\"https:\/\/files.sunoresearch.com.br\/n\/uploads\/2019\/05\/34027e3d-tesla-800x450.webp\" width=\"800\" height=\"450\" alt=\"O que far\u00e1 a Tesla em 2021?\" fetchpriority=high \/>\n\t\t\t<\/picture>\n\n\t\t\t<figcaption class=\"wp-caption-text wp-caption-text--show\">O que far\u00e1 a Tesla em 2021? Mercado aposta em alian\u00e7as.<\/figcaption>\n\t\t<\/figure>\n\t<\/div>\n\n\n\t<p>\n\t\t<a href=\"https:\/\/lp.suno.com.br\/planilha-controle-gastos\/\" target=\"_blank\" data-element=\"shortcode-suno-banner\" title=\"Banner SUNO, clique e saiba mais\">\n\t\t\t<picture>\n\t\t\t\t<source media=\"(max-width: 500px)\" srcset=\"https:\/\/files.sunoresearch.com.br\/n\/uploads\/2023\/03\/400x300-Planilha-controle-de-gastos.png\">\n\t\t\t\t<img class=\"newsContent__article__imgCapa newsContent__article__imgCapa--banner\"\n\t\t\t\t\tsrc=\"https:\/\/files.sunoresearch.com.br\/n\/uploads\/2023\/03\/1420x240-Planilha-controle-de-gastos.png\"\n\t\t\t\t\tdata-promo-id=\"101751\"\t\t\t\t\t\t\t\t\t\twidth='1420' height='240'\t\t\t\t\talt=\"https:\/\/files.sunoresearch.com.br\/n\/uploads\/2023\/03\/1420x240-Planilha-controle-de-gastos.png\"\n\t\t\t\t>\n\t\t\t<\/picture>\n\t\t<\/a>\n\t<\/p>\n\n\n<p>A empresa liderada por <strong><a href=\"https:\/\/www.suno.com.br\/tudo-sobre\/elon-musk\/\">Elon Musk<\/a><\/strong> foi consagrada no <strong><a href=\"https:\/\/www.suno.com.br\/artigos\/sp-500\/\">S&amp;P 500<\/a><\/strong>\u00a0com uma capitaliza\u00e7\u00e3o in\u00e9dita para uma estreia: mais de US$ 600 bilh\u00f5es (cerca de R$ 3 trilh\u00f5es). Isso fez da Tesla a nona maior empresa no mundo e a sexta nos Estados Unidos, atr\u00e1s apenas das outras gigantes da tecnologia.<\/p>\n<p>O valor de mercado alcan\u00e7ado no final de uma corrida extraordin\u00e1ria em <a href=\"https:\/\/www.suno.com.br\/artigos\/wall-street\/\"><strong>Wall Street<\/strong><\/a> foi o tamb\u00e9m o ponto de chegada de um rali que multiplicou por oito o valor das a\u00e7\u00f5es da montadora de carros el\u00e9tricos desde janeiro 2020.<\/p>\n<p>Entretanto, a empresa agora se prepara para enfrentar um novo e complexo cap\u00edtulo em sua hist\u00f3ria. Um novo desafio industrial no mercado dos autom\u00f3veis do futuro, que registra um franco crescimento, mas onde as montadoras tradicionais tamb\u00e9m est\u00e3o em jogo, em busca de inova\u00e7\u00e3o e renova\u00e7\u00e3o. Mas onde tamb\u00e9m gigantes do calibre da <strong>Apple<\/strong> (NASDAQ: AAPL) est\u00e3o prontas para invadir um dos mais tradicionais setores manufatureiros.<\/p>\n<p><a href=\"https:\/\/lp.suno.com.br\/suno-one\/\">Suno One: acesse gratuitamente eBooks, Minicursos, Artigos e Video Aulas sobre investimentos com um \u00fanico cadastro. Clique para saber mais!<\/a><\/p>\n<p>Essa grande nova converg\u00eancia cria um quebra-cabe\u00e7a sem precedentes. Pode abrir caminho para poss\u00edveis alian\u00e7as &#8211; at\u00e9 parcerias, fus\u00f5es e aquisi\u00e7\u00f5es &#8211; bem como para intensas rivalidades. E a Tesla, gra\u00e7as a seus resultados, promete estar no centro deste jogo.<\/p>\n<p>Hoje a Tesla vale, sozinha, mais do que todas as outras montadoras em conjunto. Musk sabe muito bem disso, e por isso decidiu partir para o ataque.<\/p>\n<h2>Tesla de olho em fus\u00f5es ou alian\u00e7as?<\/h2>\n<p>Em um recente evento da Axel Springer, o <a href=\"https:\/\/www.suno.com.br\/artigos\/ceo\/\"><strong>CEO<\/strong><\/a> da montadora de carros el\u00e9tricos ponderou as chances de uma fus\u00e3o com uma casa automobil\u00edstica tradicional.<\/p>\n\t<div data-element=\"shortcode-read-more\" class=\"knowMore\">\n\t\t\t\t<span class=\"knowMore__title\">Saiba mais<\/span>\n\t\t\t\t<a class=\"knowMore__link\" href=\"https:\/\/www.suno.com.br\/noticias\/tesla-pode-colapsar-diz-elon-musk\/\">\n\t\t\tTesla pode colapsar na Bolsa sem corte de custos, diz Elon Musk\t\t<\/a>\n\t<\/div>\n\n\n<p>\u201cN\u00e3o vamos lan\u00e7ar uma aquisi\u00e7\u00e3o hostil, mas se algu\u00e9m nos abordar demonstrando interesse em uma fus\u00e3o, poderemos discutir o assunto\u201d, declarou <strong>Musk.<\/strong><\/p>\n<p>Imediatamente o mercado come\u00e7ou a se questionar sobre os poss\u00edveis nomes para potenciais parcerias. Eles v\u00e3o desde a Volkswagen, um dos grupos mais comprometidos e avan\u00e7ados no setor dos carros el\u00e9tricos, at\u00e9 a <strong>Daimler.<\/strong><\/p>\n<p>Segundo os analistas, um aliado ideal para a Tesla poderia ser um grupo de carros de luxo, em linha com a filosofia &#8211; e as carteiras &#8211; de seus clientes &#8220;inspirados&#8221;. E mesmo que ainda tenha pouca propens\u00e3o \u201cel\u00e9trica\u201d, essa empresa poderia ser ajudada pela Tesla a conquistar espa\u00e7o no mercado dos carros el\u00e9tricos.<\/p>\n<p>Esse c\u00e1lculo deixaria empresas nacionais como a Ford e a General Motors marginalizadas.<\/p>\n<p>Entre os nomes internacionais, as empresas japonesas s\u00e3o consideradas como dif\u00edceis para fus\u00f5es, aquisi\u00e7\u00f5es ou alian\u00e7as.<\/p>\n<p>Em vez disso, os grupos europeus apareceriam como potencialmente mais interessantes. Por exemplo a <strong>BMW,<\/strong> onde, entretanto, o controle pela fam\u00edlia <strong>Quandt<\/strong> complicaria a opera\u00e7\u00e3o.<\/p>\n<p>Algumas marcas de super luxo, como <strong>Lamborghini,<\/strong> que \u00e9 parte do grupo Volkswagen, poderiam ser interessantes. Mesmo se parecem carros demasiadamente &#8220;de nicho&#8221;.<\/p>\n<p>A pr\u00f3pria Volkswagen, j\u00e1 engajada em uma agressiva rivalidade com a Tesla no setor el\u00e9trico, poderia ser um potencial parceiro para a fus\u00e3o.<\/p>\n<p>A assim como a Daimler e sua prestigiosa Mercedes Benz, que hoje tem um <a href=\"https:\/\/www.suno.com.br\/artigos\/valor-de-mercado\/\"><strong>valor de mercado<\/strong><\/a> de US$ 74 bilh\u00f5es, mas cujas a\u00e7\u00f5es h\u00e1 anos est\u00e3o patinando em compara\u00e7\u00e3o com os concorrentes.<\/p>\n<p>Uma fus\u00e3o como essas casas permitiria multiplicar por quatro a produ\u00e7\u00e3o global da Tesla e se beneficiar tanto das ra\u00edzes europeias quanto do promissor mercado chin\u00eas. Al\u00e9m disso, a Daimler j\u00e1 trabalhou junto com a Tesla no passado, chegando a possuir uma participa\u00e7\u00e3o acion\u00e1ria na empresa.<\/p>\n<h2>Grandes dificuldades<\/h2>\n<p>Todavia, os obst\u00e1culos para aquisi\u00e7\u00f5es, fus\u00f5es e alian\u00e7as no setor automotivo continuam enormes.<\/p>\n\t<div data-element=\"shortcode-read-more\" class=\"knowMore\">\n\t\t\t\t<span class=\"knowMore__title\">Saiba mais<\/span>\n\t\t\t\t<a class=\"knowMore__link\" href=\"https:\/\/www.suno.com.br\/noticias\/tesla-fusao-outras-montadoras-elon-musk\/\">\n\t\t\tTesla pode se fundir com outras montadoras, diz Elon Musk\t\t<\/a>\n\t<\/div>\n\n\n<p>O setor est\u00e1 repleto de decep\u00e7\u00f5es provocadas por casamentos apressados de empresas caracterizadas por culturas fortes e diferentes.<\/p>\n<p>A volatilidade mostrada pelas a\u00e7\u00f5es da <strong>Tesla<\/strong> gera muitas d\u00favidas e reflex\u00f5es sobre o potencial sucesso dessas opera\u00e7\u00f5es.<\/p>\n<p>Por\u00e9m, o que deu um novo impulso para essa ideia foi a entrada no mercado dos carros el\u00e9tricos de um gigante de fora do setor: a <strong>Apple.<\/strong><\/p>\n<p>O vazamento dos planos do Projeto Titan, para o lan\u00e7amento de um carro el\u00e9trico aut\u00f4nomo equipado com baterias revolucion\u00e1rias em 2024, levaram \u00e0 um rebuli\u00e7o no mercado.<\/p>\n<p>Essa perspectiva levou a especular sobre uma aposta que, no m\u00ednimo, est\u00e1 ficando cada vez mais alta, e que levaria naturalmente para <a href=\"https:\/\/www.suno.com.br\/artigos\/fusoes-aquisicoes\/\"><strong>fus\u00f5es ou aquisi\u00e7\u00f5es<\/strong><\/a>. Mesmo se o pr\u00f3prio Projeto Titan j\u00e1 foi v\u00edtima de in\u00fameros atrasos.<\/p>\n<p>Segundo o Morgan Stanley, se a entrada da Apple no setor do carro gerasse o mesmo efeito que o iPhone provocou na telefonia m\u00f3vel, registrando um crescimento m\u00e9dio anual de 12% entre 2006 e 2010, em 2028 poderiam ser vendidos 145 milh\u00f5es de ve\u00edculos.<\/p>\n<p>Uma perspectiva confirmada por estudos recentes que tamb\u00e9m estimam que os carros el\u00e9tricos ser\u00e3o respons\u00e1veis \u200b\u200bpor 58% das vendas at\u00e9 2040.<\/p>\n<p>A pr\u00f3pria Apple parece estar procurando parceiros para a produ\u00e7\u00e3o e o desenvolvimento das tecnologias que est\u00e3o faltando para seu iCar. E a Tesla, que hoje possui f\u00e1bricas pr\u00f3prias desde os Estados Unidos \u00e0 China e Europa, mesmo se famosos por seus problemas de produ\u00e7\u00e3o, poderia se apresentar n\u00e3o apenas como concorrente, mas como uma potencial aliada estrat\u00e9gica.<\/p>\n<p>Uma revela\u00e7\u00e3o recente de Musk tamb\u00e9m \u00e9 considerada como uma abertura para essa segunda op\u00e7\u00e3o.<\/p>\n<h2>Contatos com a Apple<\/h2>\n<p>O CEO da Tesla havia tentado um contato com o <strong>CEO<\/strong> da Apple, <strong><a href=\"https:\/\/www.suno.com.br\/tudo-sobre\/tim-cook\/\">Tim Cook<\/a>,<\/strong> quando a montadora de carros el\u00e9tricos passava por maus bocados, entre 2017 e 2018, para sondar uma poss\u00edvel fus\u00e3o.<\/p>\n\t<div data-element=\"shortcode-read-more\" class=\"knowMore\">\n\t\t\t\t<span class=\"knowMore__title\">Saiba mais<\/span>\n\t\t\t\t<a class=\"knowMore__link\" href=\"https:\/\/www.suno.com.br\/noticias\/tesla-5-marcas-que-juntas-nao-encostam-na-empresa-de-elon-musk\/\">\n\t\t\tTesla: 5 marcas que juntas n\u00e3o encostam na empresa de Elon Musk\t\t<\/a>\n\t<\/div>\n\n\n<p>Naquela ocasi\u00e3o Cook recusou, mesmo se a Tesla j\u00e1 era avaliada US$ 60 bilh\u00f5es.<\/p>\n<p>N\u00e3o foi a \u00fanica vez que Musk abriu para negocia\u00e7\u00f5es em tempos dif\u00edceis: em 2013 ele havia feito um acordo informal com o Google, que acabou em nada, para tentar vender a Tesla por US$ 6 bilh\u00f5es.<\/p>\n<p>Nos \u00faltimos meses o equil\u00edbrio de for\u00e7as pode ter mudado. A <strong>Tesla<\/strong> agora adquiriu uma posi\u00e7\u00e3o de lideran\u00e7a que poder\u00e1 usar em seu favor, escolhendo o caminho de aquisi\u00e7\u00f5es ou alian\u00e7as para lidar da melhor forma com os desafios de produ\u00e7\u00e3o e o mercado do futuro.<\/p>\n\t<p>\n\t\t<a href=\"https:\/\/lp.suno.com.br\/planilha-de-controle-de-investimentos\/\" target=\"_blank\" data-element=\"shortcode-suno-banner\" title=\"Banner SUNO, clique e saiba mais\">\n\t\t\t<picture>\n\t\t\t\t<source media=\"(max-width: 500px)\" srcset=\"https:\/\/files.sunoresearch.com.br\/n\/uploads\/2023\/03\/400x300-Controle-de-Investimentos.png\">\n\t\t\t\t<img class=\"newsContent__article__imgCapa newsContent__article__imgCapa--banner\"\n\t\t\t\t\tsrc=\"https:\/\/files.sunoresearch.com.br\/n\/uploads\/2023\/03\/1420x240-Controle-de-Investimentos.png\"\n\t\t\t\t\tdata-promo-id=\"75934\"\t\t\t\t\t\t\t\t\t\twidth='1420' height='240'\t\t\t\t\talt=\"https:\/\/files.sunoresearch.com.br\/n\/uploads\/2023\/03\/1420x240-Controle-de-Investimentos.png\"\n\t\t\t\t>\n\t\t\t<\/picture>\n\t\t<\/a>\n\t<\/p>\n\n\n","protected":false},"excerpt":{"rendered":"<p>A Tesla (NASDAQ: TSLA) atingiu a marca de cinco trimestres consecutivos de lucros, e fechou 2020 atingindo as metas prometidas: um ano inteiro de lucro e meio milh\u00e3o de ve\u00edculos entregues. O que far\u00e1 a Tesla em 2021? Mercado aposta em alian\u00e7as. A empresa liderada por Elon Musk foi consagrada no S&amp;P 500\u00a0com uma capitaliza\u00e7\u00e3o [&hellip;]<\/p>\n","protected":false},"author":9,"featured_media":23178,"comment_status":"closed","ping_status":"closed","sticky":false,"template":"","format":"standard","meta":[],"categories":[63],"tags":[794,1376,727],"suno_strategy":[],"class_list":["post-110792","post","type-post","status-publish","format-standard","has-post-thumbnail","hentry","category-internacional","tag-apple-aapl34","tag-carros-eletricos","tag-tesla-tsla34"],"yoast_head":"<!-- This site is optimized with the Yoast SEO plugin v24.4 - https:\/\/yoast.com\/wordpress\/plugins\/seo\/ -->\n<title>O que far\u00e1 a Tesla em 2021? Mercado aposta em alian\u00e7as.<\/title>\n<meta name=\"description\" content=\"O que far\u00e0 a Tesla em 2021? A empresa produtora de carros el\u00e9tricos poderia estar pronta para fus\u00f5es ou alian\u00e7as. Clique aqui para saber mais.\" \/>\n<meta name=\"robots\" content=\"index, follow, max-snippet:-1, max-image-preview:large, max-video-preview:-1\" \/>\n<link rel=\"canonical\" href=\"https:\/\/www.suno.com.br\/noticias\/que-fara-tesla-2021\/\" \/>\n<meta property=\"og:locale\" content=\"pt_BR\" \/>\n<meta property=\"og:type\" content=\"article\" \/>\n<meta property=\"og:title\" content=\"O que far\u00e1 a Tesla em 2021? Mercado aposta em alian\u00e7as.\" \/>\n<meta property=\"og:description\" content=\"O que far\u00e0 a Tesla em 2021? A empresa produtora de carros el\u00e9tricos poderia estar pronta para fus\u00f5es ou alian\u00e7as. Clique aqui para saber mais.\" \/>\n<meta property=\"og:url\" content=\"https:\/\/www.suno.com.br\/noticias\/que-fara-tesla-2021\/\" \/>\n<meta property=\"og:site_name\" content=\"Suno Not\u00edcias\" \/>\n<meta property=\"article:publisher\" content=\"https:\/\/facebook.com\/sunoresearch\" \/>\n<meta property=\"og:image\" content=\"https:\/\/files.sunoresearch.com.br\/n\/uploads\/2019\/05\/34027e3d-tesla.jpg\" \/>\n\t<meta property=\"og:image:width\" content=\"1440\" \/>\n\t<meta property=\"og:image:height\" content=\"791\" \/>\n\t<meta property=\"og:image:type\" content=\"image\/jpeg\" \/>\n<meta name=\"author\" content=\"Carlo Cauti\" \/>\n<meta name=\"twitter:card\" content=\"summary_large_image\" \/>\n<meta name=\"twitter:creator\" content=\"@sunoresearch\" \/>\n<meta name=\"twitter:site\" content=\"@sunoresearch\" \/>\n<meta name=\"twitter:label1\" content=\"Escrito por\" \/>\n\t<meta name=\"twitter:data1\" content=\"Carlo Cauti\" \/>\n\t<meta name=\"twitter:label2\" content=\"Est. tempo de leitura\" \/>\n\t<meta name=\"twitter:data2\" content=\"6 minutos\" \/>\n<script type=\"application\/ld+json\" class=\"yoast-schema-graph\">{\"@context\":\"https:\/\/schema.org\",\"@graph\":[{\"@type\":\"NewsArticle\",\"@id\":\"https:\/\/www.suno.com.br\/noticias\/que-fara-tesla-2021\/#article\",\"isPartOf\":{\"@id\":\"https:\/\/www.suno.com.br\/noticias\/que-fara-tesla-2021\/\"},\"author\":{\"name\":\"Carlo Cauti\",\"@id\":\"https:\/\/www.suno.com.br\/noticias\/#\/schema\/person\/e6e0f723cc177805027f4566c1d5e0c8\"},\"headline\":\"O que far\u00e1 a Tesla em 2021?\",\"datePublished\":\"2021-01-02T16:09:15+00:00\",\"dateModified\":\"2021-01-02T19:19:32+00:00\",\"mainEntityOfPage\":{\"@id\":\"https:\/\/www.suno.com.br\/noticias\/que-fara-tesla-2021\/\"},\"wordCount\":1149,\"publisher\":{\"@id\":\"https:\/\/www.suno.com.br\/noticias\/#organization\"},\"image\":{\"@id\":\"https:\/\/www.suno.com.br\/noticias\/que-fara-tesla-2021\/#primaryimage\"},\"thumbnailUrl\":\"https:\/\/files.sunoresearch.com.br\/n\/uploads\/2019\/05\/34027e3d-tesla-jpg.webp\",\"keywords\":[\"Apple (AAPL34)\",\"carros el\u00e9tricos\",\"Tesla (TSLA34)\"],\"articleSection\":[\"Internacional\"],\"inLanguage\":\"pt-BR\"},{\"@type\":\"WebPage\",\"@id\":\"https:\/\/www.suno.com.br\/noticias\/que-fara-tesla-2021\/\",\"url\":\"https:\/\/www.suno.com.br\/noticias\/que-fara-tesla-2021\/\",\"name\":\"O que far\u00e1 a Tesla em 2021? Mercado aposta em alian\u00e7as.\",\"isPartOf\":{\"@id\":\"https:\/\/www.suno.com.br\/noticias\/#website\"},\"primaryImageOfPage\":{\"@id\":\"https:\/\/www.suno.com.br\/noticias\/que-fara-tesla-2021\/#primaryimage\"},\"image\":{\"@id\":\"https:\/\/www.suno.com.br\/noticias\/que-fara-tesla-2021\/#primaryimage\"},\"thumbnailUrl\":\"https:\/\/files.sunoresearch.com.br\/n\/uploads\/2019\/05\/34027e3d-tesla-jpg.webp\",\"datePublished\":\"2021-01-02T16:09:15+00:00\",\"dateModified\":\"2021-01-02T19:19:32+00:00\",\"description\":\"O que far\u00e0 a Tesla em 2021? A empresa produtora de carros el\u00e9tricos poderia estar pronta para fus\u00f5es ou alian\u00e7as. Clique aqui para saber mais.\",\"breadcrumb\":{\"@id\":\"https:\/\/www.suno.com.br\/noticias\/que-fara-tesla-2021\/#breadcrumb\"},\"inLanguage\":\"pt-BR\",\"potentialAction\":[{\"@type\":\"ReadAction\",\"target\":[\"https:\/\/www.suno.com.br\/noticias\/que-fara-tesla-2021\/\"]}]},{\"@type\":\"ImageObject\",\"inLanguage\":\"pt-BR\",\"@id\":\"https:\/\/www.suno.com.br\/noticias\/que-fara-tesla-2021\/#primaryimage\",\"url\":\"https:\/\/files.sunoresearch.com.br\/n\/uploads\/2019\/05\/34027e3d-tesla-jpg.webp\",\"contentUrl\":\"https:\/\/files.sunoresearch.com.br\/n\/uploads\/2019\/05\/34027e3d-tesla-jpg.webp\",\"width\":1440,\"height\":791,\"caption\":\"O que far\u00e1 a Tesla em 2021? Mercado aposta em alian\u00e7as.\"},{\"@type\":\"BreadcrumbList\",\"@id\":\"https:\/\/www.suno.com.br\/noticias\/que-fara-tesla-2021\/#breadcrumb\",\"itemListElement\":[{\"@type\":\"ListItem\",\"position\":1,\"name\":\"Not\u00edcias\",\"item\":\"https:\/\/www.suno.com.br\/noticias\/\"},{\"@type\":\"ListItem\",\"position\":2,\"name\":\"Internacional\",\"item\":\"https:\/\/www.suno.com.br\/noticias\/internacional\/\"},{\"@type\":\"ListItem\",\"position\":3,\"name\":\"O que far\u00e1 a Tesla em 2021?\"}]},{\"@type\":\"WebSite\",\"@id\":\"https:\/\/www.suno.com.br\/noticias\/#website\",\"url\":\"https:\/\/www.suno.com.br\/noticias\/\",\"name\":\"Suno Not\u00edcias\",\"description\":\"Seu portal de informa\u00e7\u00e3o sobre o mundo dos investimentos\",\"publisher\":{\"@id\":\"https:\/\/www.suno.com.br\/noticias\/#organization\"},\"potentialAction\":[{\"@type\":\"SearchAction\",\"target\":{\"@type\":\"EntryPoint\",\"urlTemplate\":\"https:\/\/www.suno.com.br\/noticias\/?s={search_term_string}\"},\"query-input\":{\"@type\":\"PropertyValueSpecification\",\"valueRequired\":true,\"valueName\":\"search_term_string\"}}],\"inLanguage\":\"pt-BR\"},{\"@type\":\"Organization\",\"@id\":\"https:\/\/www.suno.com.br\/noticias\/#organization\",\"name\":\"Suno Not\u00edcias\",\"url\":\"https:\/\/www.suno.com.br\/noticias\/\",\"logo\":{\"@type\":\"ImageObject\",\"inLanguage\":\"pt-BR\",\"@id\":\"https:\/\/www.suno.com.br\/noticias\/#\/schema\/logo\/image\/\",\"url\":\"https:\/\/files.sunoresearch.com.br\/n\/uploads\/2021\/09\/suno-logo.png\",\"contentUrl\":\"https:\/\/files.sunoresearch.com.br\/n\/uploads\/2021\/09\/suno-logo.png\",\"width\":180,\"height\":180,\"caption\":\"Suno Not\u00edcias\"},\"image\":{\"@id\":\"https:\/\/www.suno.com.br\/noticias\/#\/schema\/logo\/image\/\"},\"sameAs\":[\"https:\/\/facebook.com\/sunoresearch\",\"https:\/\/x.com\/sunoresearch\",\"https:\/\/www.instagram.com\/suno\",\"https:\/\/www.linkedin.com\/company\/suno-research\/\",\"https:\/\/www.youtube.com\/c\/sunoresearch\"]},{\"@type\":\"Person\",\"@id\":\"https:\/\/www.suno.com.br\/noticias\/#\/schema\/person\/e6e0f723cc177805027f4566c1d5e0c8\",\"name\":\"Carlo Cauti\",\"image\":{\"@type\":\"ImageObject\",\"inLanguage\":\"pt-BR\",\"@id\":\"https:\/\/www.suno.com.br\/noticias\/#\/schema\/person\/image\/\",\"url\":\"https:\/\/secure.gravatar.com\/avatar\/3ada9e0bd164c23abd4792a9606d583c?s=96&r=g\",\"contentUrl\":\"https:\/\/secure.gravatar.com\/avatar\/3ada9e0bd164c23abd4792a9606d583c?s=96&r=g\",\"caption\":\"Carlo Cauti\"},\"description\":\"Editor multim\u00eddia do SUNO Not\u00edcias. Italiano, formado em Ci\u00eancias Pol\u00edticas pela universidade LUISS G. Carli de Roma e mestre cum laude em Rela\u00e7\u00f5es Internacionais, Jornalismo Internacional e de Guerra e em Economia Internacional. Concluiu tamb\u00e9m um MBA em Finan\u00e7as na B3. No Brasil, teve passagem por ve\u00edculos como Estad\u00e3o, Globo, Veja e EXAME. e nas ag\u00eancias de not\u00edcias italianas ANSA e NOVA.\",\"url\":\"https:\/\/www.suno.com.br\/noticias\/author\/carlo-cauti\/\"}]}<\/script>\n<!-- \/ Yoast SEO plugin. -->","yoast_head_json":{"title":"O que far\u00e1 a Tesla em 2021? Mercado aposta em alian\u00e7as.","description":"O que far\u00e0 a Tesla em 2021? A empresa produtora de carros el\u00e9tricos poderia estar pronta para fus\u00f5es ou alian\u00e7as. Clique aqui para saber mais.","robots":{"index":"index","follow":"follow","max-snippet":"max-snippet:-1","max-image-preview":"max-image-preview:large","max-video-preview":"max-video-preview:-1"},"canonical":"https:\/\/www.suno.com.br\/noticias\/que-fara-tesla-2021\/","og_locale":"pt_BR","og_type":"article","og_title":"O que far\u00e1 a Tesla em 2021? Mercado aposta em alian\u00e7as.","og_description":"O que far\u00e0 a Tesla em 2021? A empresa produtora de carros el\u00e9tricos poderia estar pronta para fus\u00f5es ou alian\u00e7as. Clique aqui para saber mais.","og_url":"https:\/\/www.suno.com.br\/noticias\/que-fara-tesla-2021\/","og_site_name":"Suno Not\u00edcias","article_publisher":"https:\/\/facebook.com\/sunoresearch","og_image":[{"width":1440,"height":791,"url":"https:\/\/files.sunoresearch.com.br\/n\/uploads\/2019\/05\/34027e3d-tesla.jpg","type":"image\/jpeg"}],"author":"Carlo Cauti","twitter_card":"summary_large_image","twitter_creator":"@sunoresearch","twitter_site":"@sunoresearch","twitter_misc":{"Escrito por":"Carlo Cauti","Est. tempo de leitura":"6 minutos"},"schema":{"@context":"https:\/\/schema.org","@graph":[{"@type":"NewsArticle","@id":"https:\/\/www.suno.com.br\/noticias\/que-fara-tesla-2021\/#article","isPartOf":{"@id":"https:\/\/www.suno.com.br\/noticias\/que-fara-tesla-2021\/"},"author":{"name":"Carlo Cauti","@id":"https:\/\/www.suno.com.br\/noticias\/#\/schema\/person\/e6e0f723cc177805027f4566c1d5e0c8"},"headline":"O que far\u00e1 a Tesla em 2021?","datePublished":"2021-01-02T16:09:15+00:00","dateModified":"2021-01-02T19:19:32+00:00","mainEntityOfPage":{"@id":"https:\/\/www.suno.com.br\/noticias\/que-fara-tesla-2021\/"},"wordCount":1149,"publisher":{"@id":"https:\/\/www.suno.com.br\/noticias\/#organization"},"image":{"@id":"https:\/\/www.suno.com.br\/noticias\/que-fara-tesla-2021\/#primaryimage"},"thumbnailUrl":"https:\/\/files.sunoresearch.com.br\/n\/uploads\/2019\/05\/34027e3d-tesla-jpg.webp","keywords":["Apple (AAPL34)","carros el\u00e9tricos","Tesla (TSLA34)"],"articleSection":["Internacional"],"inLanguage":"pt-BR"},{"@type":"WebPage","@id":"https:\/\/www.suno.com.br\/noticias\/que-fara-tesla-2021\/","url":"https:\/\/www.suno.com.br\/noticias\/que-fara-tesla-2021\/","name":"O que far\u00e1 a Tesla em 2021? Mercado aposta em alian\u00e7as.","isPartOf":{"@id":"https:\/\/www.suno.com.br\/noticias\/#website"},"primaryImageOfPage":{"@id":"https:\/\/www.suno.com.br\/noticias\/que-fara-tesla-2021\/#primaryimage"},"image":{"@id":"https:\/\/www.suno.com.br\/noticias\/que-fara-tesla-2021\/#primaryimage"},"thumbnailUrl":"https:\/\/files.sunoresearch.com.br\/n\/uploads\/2019\/05\/34027e3d-tesla-jpg.webp","datePublished":"2021-01-02T16:09:15+00:00","dateModified":"2021-01-02T19:19:32+00:00","description":"O que far\u00e0 a Tesla em 2021? A empresa produtora de carros el\u00e9tricos poderia estar pronta para fus\u00f5es ou alian\u00e7as. Clique aqui para saber mais.","breadcrumb":{"@id":"https:\/\/www.suno.com.br\/noticias\/que-fara-tesla-2021\/#breadcrumb"},"inLanguage":"pt-BR","potentialAction":[{"@type":"ReadAction","target":["https:\/\/www.suno.com.br\/noticias\/que-fara-tesla-2021\/"]}]},{"@type":"ImageObject","inLanguage":"pt-BR","@id":"https:\/\/www.suno.com.br\/noticias\/que-fara-tesla-2021\/#primaryimage","url":"https:\/\/files.sunoresearch.com.br\/n\/uploads\/2019\/05\/34027e3d-tesla-jpg.webp","contentUrl":"https:\/\/files.sunoresearch.com.br\/n\/uploads\/2019\/05\/34027e3d-tesla-jpg.webp","width":1440,"height":791,"caption":"O que far\u00e1 a Tesla em 2021? Mercado aposta em alian\u00e7as."},{"@type":"BreadcrumbList","@id":"https:\/\/www.suno.com.br\/noticias\/que-fara-tesla-2021\/#breadcrumb","itemListElement":[{"@type":"ListItem","position":1,"name":"Not\u00edcias","item":"https:\/\/www.suno.com.br\/noticias\/"},{"@type":"ListItem","position":2,"name":"Internacional","item":"https:\/\/www.suno.com.br\/noticias\/internacional\/"},{"@type":"ListItem","position":3,"name":"O que far\u00e1 a Tesla em 2021?"}]},{"@type":"WebSite","@id":"https:\/\/www.suno.com.br\/noticias\/#website","url":"https:\/\/www.suno.com.br\/noticias\/","name":"Suno Not\u00edcias","description":"Seu portal de informa\u00e7\u00e3o sobre o mundo dos investimentos","publisher":{"@id":"https:\/\/www.suno.com.br\/noticias\/#organization"},"potentialAction":[{"@type":"SearchAction","target":{"@type":"EntryPoint","urlTemplate":"https:\/\/www.suno.com.br\/noticias\/?s={search_term_string}"},"query-input":{"@type":"PropertyValueSpecification","valueRequired":true,"valueName":"search_term_string"}}],"inLanguage":"pt-BR"},{"@type":"Organization","@id":"https:\/\/www.suno.com.br\/noticias\/#organization","name":"Suno Not\u00edcias","url":"https:\/\/www.suno.com.br\/noticias\/","logo":{"@type":"ImageObject","inLanguage":"pt-BR","@id":"https:\/\/www.suno.com.br\/noticias\/#\/schema\/logo\/image\/","url":"https:\/\/files.sunoresearch.com.br\/n\/uploads\/2021\/09\/suno-logo.png","contentUrl":"https:\/\/files.sunoresearch.com.br\/n\/uploads\/2021\/09\/suno-logo.png","width":180,"height":180,"caption":"Suno Not\u00edcias"},"image":{"@id":"https:\/\/www.suno.com.br\/noticias\/#\/schema\/logo\/image\/"},"sameAs":["https:\/\/facebook.com\/sunoresearch","https:\/\/x.com\/sunoresearch","https:\/\/www.instagram.com\/suno","https:\/\/www.linkedin.com\/company\/suno-research\/","https:\/\/www.youtube.com\/c\/sunoresearch"]},{"@type":"Person","@id":"https:\/\/www.suno.com.br\/noticias\/#\/schema\/person\/e6e0f723cc177805027f4566c1d5e0c8","name":"Carlo Cauti","image":{"@type":"ImageObject","inLanguage":"pt-BR","@id":"https:\/\/www.suno.com.br\/noticias\/#\/schema\/person\/image\/","url":"https:\/\/secure.gravatar.com\/avatar\/3ada9e0bd164c23abd4792a9606d583c?s=96&r=g","contentUrl":"https:\/\/secure.gravatar.com\/avatar\/3ada9e0bd164c23abd4792a9606d583c?s=96&r=g","caption":"Carlo Cauti"},"description":"Editor multim\u00eddia do SUNO Not\u00edcias. Italiano, formado em Ci\u00eancias Pol\u00edticas pela universidade LUISS G. Carli de Roma e mestre cum laude em Rela\u00e7\u00f5es Internacionais, Jornalismo Internacional e de Guerra e em Economia Internacional. Concluiu tamb\u00e9m um MBA em Finan\u00e7as na B3. No Brasil, teve passagem por ve\u00edculos como Estad\u00e3o, Globo, Veja e EXAME. e nas ag\u00eancias de not\u00edcias italianas ANSA e NOVA.","url":"https:\/\/www.suno.com.br\/noticias\/author\/carlo-cauti\/"}]}},"default_loop_html":"<div class=\"cardsPage__listCard__boxs\"><div class=\"cardsPage__listCard__boxs__img\"><a href=\"https:\/\/www.suno.com.br\/noticias\/que-fara-tesla-2021\/\"><img class=\"mask\" src=\"https:\/\/www.suno.com.br\/noticias\/wp-content\/themes\/suno\/resources\/images\/spotlight\/spotlight1img\/bg-mask.png\" alt=\"Image Mask\"\/><img src=\"https:\/\/files.sunoresearch.com.br\/n\/uploads\/2019\/05\/34027e3d-tesla-400x200.webp\" alt=\"O que far\u00e1 a Tesla em 2021?\"\/><\/a><span class=\"spotlightCategory\"><a href=\"https:\/\/www.suno.com.br\/noticias\/internacional\/\">Internacional<\/a><\/span><\/div><div class=\"cardsPage__listCard__boxs__content\"><a href=\"https:\/\/www.suno.com.br\/noticias\/que-fara-tesla-2021\/\"><h2 class=\"content__title\">O que far\u00e1 a Tesla em 2021?<\/h2><\/a><div class=\"newsContent__article__meta\"><div class=\"newsContent__article__meta__authorBox\"><a href=\"https:\/\/www.suno.com.br\/noticias\/author\/carlo-cauti\/\" class=\"authorBox__avatar noMobi\"><img src=\"https:\/\/files.sunoresearch.com.br\/n\/uploads\/2020\/08\/e3745f9a-perfil-carlo-cauti-150x150.webp\" alt=\"Carlo Cauti\"><\/a><div class=\"authorBox__name\"><span>por\n\t\t\t<a href=\"https:\/\/www.suno.com.br\/noticias\/author\/carlo-cauti\/\"><span itemprop=\"author\">Carlo Cauti<\/span><\/a><\/span><time datetime=\"2021-01-02T13:09:15-03:00\" itemprop=\"datePublished\">02\/01\/2021 13:09<\/time><\/div><\/div><\/div><\/div><\/div>","single_layout":"posts","amp_enabled":true,"_links":{"self":[{"href":"https:\/\/www.suno.com.br\/noticias\/wp-json\/wp\/v2\/posts\/110792"}],"collection":[{"href":"https:\/\/www.suno.com.br\/noticias\/wp-json\/wp\/v2\/posts"}],"about":[{"href":"https:\/\/www.suno.com.br\/noticias\/wp-json\/wp\/v2\/types\/post"}],"author":[{"embeddable":true,"href":"https:\/\/www.suno.com.br\/noticias\/wp-json\/wp\/v2\/users\/9"}],"replies":[{"embeddable":true,"href":"https:\/\/www.suno.com.br\/noticias\/wp-json\/wp\/v2\/comments?post=110792"}],"version-history":[{"count":0,"href":"https:\/\/www.suno.com.br\/noticias\/wp-json\/wp\/v2\/posts\/110792\/revisions"}],"wp:featuredmedia":[{"embeddable":true,"href":"https:\/\/www.suno.com.br\/noticias\/wp-json\/wp\/v2\/media\/23178"}],"wp:attachment":[{"href":"https:\/\/www.suno.com.br\/noticias\/wp-json\/wp\/v2\/media?parent=110792"}],"wp:term":[{"taxonomy":"category","embeddable":true,"href":"https:\/\/www.suno.com.br\/noticias\/wp-json\/wp\/v2\/categories?post=110792"},{"taxonomy":"post_tag","embeddable":true,"href":"https:\/\/www.suno.com.br\/noticias\/wp-json\/wp\/v2\/tags?post=110792"},{"taxonomy":"suno_strategy","embeddable":true,"href":"https:\/\/www.suno.com.br\/noticias\/wp-json\/wp\/v2\/suno_strategy?post=110792"}],"curies":[{"name":"wp","href":"https:\/\/api.w.org\/{rel}","templated":true}]}}