{"id":110785,"date":"2021-01-02T15:44:37","date_gmt":"2021-01-02T18:44:37","guid":{"rendered":"https:\/\/www.suno.com.br\/noticias\/?p=110785"},"modified":"2021-05-10T22:41:07","modified_gmt":"2021-05-11T01:41:07","slug":"equatorial-eqtl3-financiamento-bndes","status":"publish","type":"post","link":"https:\/\/www.suno.com.br\/noticias\/equatorial-eqtl3-financiamento-bndes\/","title":{"rendered":"Equatorial (EQTL3) obt\u00e9m financiamento de R$ 2,150 bilh\u00f5es do BNDES"},"content":{"rendered":"<p>A <a href=\"https:\/\/www.suno.com.br\/acoes\/eqtl3\/\"><strong>Equatorial Energia <\/strong>(EQTL3)<\/a> informou neste s\u00e1bado (2) suas controladas Equatorial Maranh\u00e3o Distribuidora de Energia e Equatorial Par\u00e1 Distribuidora de Energia obtiveram aprova\u00e7\u00e3o do<a href=\"https:\/\/www.suno.com.br\/artigos\/bndes\/\"> Banco Nacional de Desenvolvimento Econ\u00f4mico e Social (BNDES)<\/a> para financiamento de R$ 2,150 bilh\u00f5es.<\/p>\t<div class=\"wrapper-featured-image\">\n\t\t<figure class=\"spotlightImg\">\n\n\t\t\t<picture>\n\t\t\t\t<source media=\"(max-width: 768px)\" srcset=\"https:\/\/files.sunoresearch.com.br\/n\/uploads\/2021\/01\/d77f2eca-equatorial-eqtl3-400x200.webp\">\n\t\t\t\t<img loading=\"lazy\" decoding=\"async\" class=\"newsContent__article__imgCapa lazyloadDisabled \" src=\"https:\/\/files.sunoresearch.com.br\/n\/uploads\/2021\/01\/d77f2eca-equatorial-eqtl3-jpg.webp\" width=\"800\" height=\"450\" alt=\"Equatorial (EQTL3) obt\u00e9m financiamento de R$ 2,150 bilh\u00f5es do BNDES\" fetchpriority=high \/>\n\t\t\t<\/picture>\n\n\t\t\t<figcaption class=\"wp-caption-text wp-caption-text--show\">Equatorial Energia (EQTL3)<\/figcaption>\n\t\t<\/figure>\n\t<\/div>\n\n\n\t<p>\n\t\t<a href=\"https:\/\/lp.suno.com.br\/planilha-controle-gastos\/\" target=\"_blank\" data-element=\"shortcode-suno-banner\" title=\"Banner SUNO, clique e saiba mais\">\n\t\t\t<picture>\n\t\t\t\t<source media=\"(max-width: 500px)\" srcset=\"https:\/\/files.sunoresearch.com.br\/n\/uploads\/2023\/03\/400x300-Planilha-controle-de-gastos.png\">\n\t\t\t\t<img class=\"newsContent__article__imgCapa newsContent__article__imgCapa--banner\"\n\t\t\t\t\tsrc=\"https:\/\/files.sunoresearch.com.br\/n\/uploads\/2023\/03\/1420x240-Planilha-controle-de-gastos.png\"\n\t\t\t\t\tdata-promo-id=\"101751\"\t\t\t\t\t\t\t\t\t\twidth='1420' height='240'\t\t\t\t\talt=\"https:\/\/files.sunoresearch.com.br\/n\/uploads\/2023\/03\/1420x240-Planilha-controle-de-gastos.png\"\n\t\t\t\t>\n\t\t\t<\/picture>\n\t\t<\/a>\n\t<\/p>\n\n\n<p>O montante obtido pela Equatorial ser\u00e1 destinado para o plano de investimento para os anos de 2021 a 2023.<\/p>\n<p>&#8220;Os pr\u00f3ximos 3 anos de investimentos das companhias contam com financiamento aprovado pelo banco&#8221;, destaca a empresa em comunicado enviado \u00e0 <strong><a href=\"https:\/\/www.suno.com.br\/artigos\/cvm\/\">Comiss\u00e3o de Valores Mobili\u00e1rios (CVM)<\/a>.<\/strong><\/p>\n<p>O financiamento aprovado \u00e9 de R$ 750,8 milh\u00f5es \u00e0 Equatorial Maranh\u00e3o e R$ 1,4 bilh\u00e3o \u00e0 Equatorial Par\u00e1, ambas com car\u00eancia at\u00e9 dezembro de 2023 e prazo total de 20 anos ao custo de <a href=\"https:\/\/www.suno.com.br\/artigos\/ipca\/\"><strong>IPCA<\/strong><\/a>+4,08% ao ano.<\/p>\n<p>Os recursos ser\u00e3o utilizados para expans\u00e3o do sistema de distribui\u00e7\u00e3o, combate \u00e0s perdas de energia, melhoria da qualidade do fornecimento, amplia\u00e7\u00e3o da base de clientes e aprimoramento da opera\u00e7\u00e3o do sistema el\u00e9trico.<\/p>\n<h2>Recompra de a\u00e7\u00f5es da Equatorial<\/h2>\n<p>No dia 4 de dezembro de 2019 a Equatorial tinha informado\u00a0que seu <a href=\"https:\/\/www.suno.com.br\/artigos\/conselho-administracao\/\">conselho de administra\u00e7\u00e3o<\/a> aprovou um novo <a href=\"https:\/\/www.suno.com.br\/artigos\/recompra-de-acoes\/\">programa de recompra de a\u00e7\u00f5es<\/a>.<\/p>\n\t<div data-element=\"shortcode-read-more\" class=\"knowMore\">\n\t\t\t\t<span class=\"knowMore__title\">Saiba mais<\/span>\n\t\t\t\t<a class=\"knowMore__link\" href=\"https:\/\/www.suno.com.br\/noticias\/lucro-liquido-equatorial\/\">\n\t\t\tLucro l\u00edquido da Equatorial cresce 32,7% no 3T20, para R$ 728 milh\u00f5es\t\t<\/a>\n\t<\/div>\n\n\n<p>Segundo <a href=\"https:\/\/www.suno.com.br\/artigos\/fato-relevante\/\">fato relevante<\/a> divulgado pela empresa de energia, o objetivo do programa \u00e9 adquirir a\u00e7\u00f5es de emiss\u00e3o da companhia para manuten\u00e7\u00e3o em tesouraria e posterior venda ou cancelamento, sem redu\u00e7\u00e3o de <a href=\"https:\/\/www.suno.com.br\/artigos\/capital-social\/\">capital social<\/a>, &#8220;visando maximizar a gera\u00e7\u00e3o de valor para seus acionistas&#8221;.<\/p>\n<p>As institui\u00e7\u00e3o financeiras que atuar\u00e3o como <strong>intermedi\u00e1rias<\/strong> ser\u00e3o:<\/p>\n<ul>\n<li>XP Investimentos;<\/li>\n<li><a href=\"https:\/\/www.suno.com.br\/acoes\/bpac11\/\">BTG Pactual (BPAC11)<\/a>;<\/li>\n<li>Safra Corretora;<\/li>\n<li>BB Corretora.<\/li>\n<\/ul>\n<p>A <strong>quantidade m\u00e1xima de a\u00e7\u00f5es<\/strong> a serem adquiridas pode chegar at\u00e9 50.110.056, sendo que h\u00e1, conforme n\u00fameros do dia 31 de outubro, 1.002.201.124 pap\u00e9is em circula\u00e7\u00e3o no mercado.<\/p>\n\t<div data-element=\"shortcode-read-more\" class=\"knowMore\">\n\t\t\t\t<span class=\"knowMore__title\">Saiba mais<\/span>\n\t\t\t\t<a class=\"knowMore__link\" href=\"https:\/\/www.suno.com.br\/noticias\/equatorial-eqtl3-programa-recompra-acoes\/\">\n\t\t\tEquatorial (EQTL3) aprova programa de recompra de at\u00e9 50 milh\u00f5es de a\u00e7\u00f5es\t\t<\/a>\n\t<\/div>\n\n\n<p>No caso de recompra da totalidade das 50.110.056 a\u00e7\u00f5es, o <strong>montante<\/strong> destinado atingiria, considerando a m\u00e9dia ponderada das cota\u00e7\u00f5es dos \u00faltimos 10 preg\u00f5es, o valor total de R$ 1,086 bilh\u00e3o.<\/p>\n<p>O <strong>prazo m\u00e1ximo <\/strong>do programa de recompra de a\u00e7\u00f5es da Equatorial ser\u00e1 de 18 meses a partir de 7 de dezembro, ou seja, 7 de junho de 2022.<\/p>\n\t<p>\n\t\t<a href=\"https:\/\/lp.suno.com.br\/planilha-de-controle-de-investimentos\/\" target=\"_blank\" data-element=\"shortcode-suno-banner\" title=\"Banner SUNO, clique e saiba mais\">\n\t\t\t<picture>\n\t\t\t\t<source media=\"(max-width: 500px)\" srcset=\"https:\/\/files.sunoresearch.com.br\/n\/uploads\/2023\/03\/400x300-Controle-de-Investimentos.png\">\n\t\t\t\t<img class=\"newsContent__article__imgCapa newsContent__article__imgCapa--banner\"\n\t\t\t\t\tsrc=\"https:\/\/files.sunoresearch.com.br\/n\/uploads\/2023\/03\/1420x240-Controle-de-Investimentos.png\"\n\t\t\t\t\tdata-promo-id=\"75934\"\t\t\t\t\t\t\t\t\t\twidth='1420' height='240'\t\t\t\t\talt=\"https:\/\/files.sunoresearch.com.br\/n\/uploads\/2023\/03\/1420x240-Controle-de-Investimentos.png\"\n\t\t\t\t>\n\t\t\t<\/picture>\n\t\t<\/a>\n\t<\/p>\n\n\n","protected":false},"excerpt":{"rendered":"<p>A Equatorial Energia (EQTL3) informou neste s\u00e1bado (2) suas controladas Equatorial Maranh\u00e3o Distribuidora de Energia e Equatorial Par\u00e1 Distribuidora de Energia obtiveram aprova\u00e7\u00e3o do Banco Nacional de Desenvolvimento Econ\u00f4mico e Social (BNDES) para financiamento de R$ 2,150 bilh\u00f5es. Equatorial Energia (EQTL3) O montante obtido pela Equatorial ser\u00e1 destinado para o plano de investimento para os [&hellip;]<\/p>\n","protected":false},"author":9,"featured_media":110801,"comment_status":"closed","ping_status":"closed","sticky":false,"template":"","format":"standard","meta":[],"categories":[64],"tags":[757,105039],"suno_strategy":[],"class_list":["post-110785","post","type-post","status-publish","format-standard","has-post-thumbnail","hentry","category-negocios","tag-bndes","tag-equatorial-eqtl3"],"yoast_head":"<!-- This site is optimized with the Yoast SEO plugin v24.4 - https:\/\/yoast.com\/wordpress\/plugins\/seo\/ -->\n<title>Equatorial (EQTL3) obt\u00e9m financiamento de R$ 2,150 bilh\u00f5es do BNDES<\/title>\n<meta name=\"description\" content=\"A Equatorial (EQTL3) obteve de R$ 2,150 bi do Banco Nacional de Desenvolvimento Econ\u00f4mico e Social. Clique aqui para saber mais.\" \/>\n<meta name=\"robots\" content=\"index, follow, max-snippet:-1, max-image-preview:large, max-video-preview:-1\" \/>\n<link rel=\"canonical\" href=\"https:\/\/www.suno.com.br\/noticias\/equatorial-eqtl3-financiamento-bndes\/\" \/>\n<meta property=\"og:locale\" content=\"pt_BR\" \/>\n<meta property=\"og:type\" content=\"article\" \/>\n<meta property=\"og:title\" content=\"Equatorial (EQTL3) obt\u00e9m financiamento de R$ 2,150 bilh\u00f5es do BNDES\" \/>\n<meta property=\"og:description\" content=\"A Equatorial (EQTL3) obteve de R$ 2,150 bi do Banco Nacional de Desenvolvimento Econ\u00f4mico e Social. Clique aqui para saber mais.\" \/>\n<meta property=\"og:url\" content=\"https:\/\/www.suno.com.br\/noticias\/equatorial-eqtl3-financiamento-bndes\/\" \/>\n<meta property=\"og:site_name\" content=\"Suno Not\u00edcias\" \/>\n<meta property=\"article:publisher\" content=\"https:\/\/facebook.com\/sunoresearch\" \/>\n<meta property=\"og:image\" content=\"https:\/\/files.sunoresearch.com.br\/n\/uploads\/2021\/01\/d77f2eca-equatorial-eqtl3.jpg\" \/>\n\t<meta property=\"og:image:width\" content=\"770\" \/>\n\t<meta property=\"og:image:height\" content=\"513\" \/>\n\t<meta property=\"og:image:type\" content=\"image\/jpeg\" \/>\n<meta name=\"author\" content=\"Carlo Cauti\" \/>\n<meta name=\"twitter:card\" content=\"summary_large_image\" \/>\n<meta name=\"twitter:creator\" content=\"@sunoresearch\" \/>\n<meta name=\"twitter:site\" content=\"@sunoresearch\" \/>\n<meta name=\"twitter:label1\" content=\"Escrito por\" \/>\n\t<meta name=\"twitter:data1\" content=\"Carlo Cauti\" \/>\n\t<meta name=\"twitter:label2\" content=\"Est. tempo de leitura\" \/>\n\t<meta name=\"twitter:data2\" content=\"2 minutos\" \/>\n<script type=\"application\/ld+json\" class=\"yoast-schema-graph\">{\"@context\":\"https:\/\/schema.org\",\"@graph\":[{\"@type\":\"NewsArticle\",\"@id\":\"https:\/\/www.suno.com.br\/noticias\/equatorial-eqtl3-financiamento-bndes\/#article\",\"isPartOf\":{\"@id\":\"https:\/\/www.suno.com.br\/noticias\/equatorial-eqtl3-financiamento-bndes\/\"},\"author\":{\"name\":\"Carlo Cauti\",\"@id\":\"https:\/\/www.suno.com.br\/noticias\/#\/schema\/person\/e6e0f723cc177805027f4566c1d5e0c8\"},\"headline\":\"Equatorial (EQTL3) obt\u00e9m financiamento de R$ 2,150 bilh\u00f5es do BNDES\",\"datePublished\":\"2021-01-02T18:44:37+00:00\",\"dateModified\":\"2021-05-11T01:41:07+00:00\",\"mainEntityOfPage\":{\"@id\":\"https:\/\/www.suno.com.br\/noticias\/equatorial-eqtl3-financiamento-bndes\/\"},\"wordCount\":373,\"publisher\":{\"@id\":\"https:\/\/www.suno.com.br\/noticias\/#organization\"},\"image\":{\"@id\":\"https:\/\/www.suno.com.br\/noticias\/equatorial-eqtl3-financiamento-bndes\/#primaryimage\"},\"thumbnailUrl\":\"https:\/\/files.sunoresearch.com.br\/n\/uploads\/2021\/01\/d77f2eca-equatorial-eqtl3-jpg.webp\",\"keywords\":[\"BNDES\",\"Equatorial (EQTL3)\"],\"articleSection\":[\"Neg\u00f3cios\"],\"inLanguage\":\"pt-BR\"},{\"@type\":\"WebPage\",\"@id\":\"https:\/\/www.suno.com.br\/noticias\/equatorial-eqtl3-financiamento-bndes\/\",\"url\":\"https:\/\/www.suno.com.br\/noticias\/equatorial-eqtl3-financiamento-bndes\/\",\"name\":\"Equatorial (EQTL3) obt\u00e9m financiamento de R$ 2,150 bilh\u00f5es do BNDES\",\"isPartOf\":{\"@id\":\"https:\/\/www.suno.com.br\/noticias\/#website\"},\"primaryImageOfPage\":{\"@id\":\"https:\/\/www.suno.com.br\/noticias\/equatorial-eqtl3-financiamento-bndes\/#primaryimage\"},\"image\":{\"@id\":\"https:\/\/www.suno.com.br\/noticias\/equatorial-eqtl3-financiamento-bndes\/#primaryimage\"},\"thumbnailUrl\":\"https:\/\/files.sunoresearch.com.br\/n\/uploads\/2021\/01\/d77f2eca-equatorial-eqtl3-jpg.webp\",\"datePublished\":\"2021-01-02T18:44:37+00:00\",\"dateModified\":\"2021-05-11T01:41:07+00:00\",\"description\":\"A Equatorial (EQTL3) obteve de R$ 2,150 bi do Banco Nacional de Desenvolvimento Econ\u00f4mico e Social. Clique aqui para saber mais.\",\"breadcrumb\":{\"@id\":\"https:\/\/www.suno.com.br\/noticias\/equatorial-eqtl3-financiamento-bndes\/#breadcrumb\"},\"inLanguage\":\"pt-BR\",\"potentialAction\":[{\"@type\":\"ReadAction\",\"target\":[\"https:\/\/www.suno.com.br\/noticias\/equatorial-eqtl3-financiamento-bndes\/\"]}]},{\"@type\":\"ImageObject\",\"inLanguage\":\"pt-BR\",\"@id\":\"https:\/\/www.suno.com.br\/noticias\/equatorial-eqtl3-financiamento-bndes\/#primaryimage\",\"url\":\"https:\/\/files.sunoresearch.com.br\/n\/uploads\/2021\/01\/d77f2eca-equatorial-eqtl3-jpg.webp\",\"contentUrl\":\"https:\/\/files.sunoresearch.com.br\/n\/uploads\/2021\/01\/d77f2eca-equatorial-eqtl3-jpg.webp\",\"width\":770,\"height\":513,\"caption\":\"Equatorial Energia (EQTL3)\"},{\"@type\":\"BreadcrumbList\",\"@id\":\"https:\/\/www.suno.com.br\/noticias\/equatorial-eqtl3-financiamento-bndes\/#breadcrumb\",\"itemListElement\":[{\"@type\":\"ListItem\",\"position\":1,\"name\":\"Not\u00edcias\",\"item\":\"https:\/\/www.suno.com.br\/noticias\/\"},{\"@type\":\"ListItem\",\"position\":2,\"name\":\"Neg\u00f3cios\",\"item\":\"https:\/\/www.suno.com.br\/noticias\/negocios\/\"},{\"@type\":\"ListItem\",\"position\":3,\"name\":\"Equatorial (EQTL3) obt\u00e9m financiamento de R$ 2,150 bilh\u00f5es do BNDES\"}]},{\"@type\":\"WebSite\",\"@id\":\"https:\/\/www.suno.com.br\/noticias\/#website\",\"url\":\"https:\/\/www.suno.com.br\/noticias\/\",\"name\":\"Suno Not\u00edcias\",\"description\":\"Seu portal de informa\u00e7\u00e3o sobre o mundo dos investimentos\",\"publisher\":{\"@id\":\"https:\/\/www.suno.com.br\/noticias\/#organization\"},\"potentialAction\":[{\"@type\":\"SearchAction\",\"target\":{\"@type\":\"EntryPoint\",\"urlTemplate\":\"https:\/\/www.suno.com.br\/noticias\/?s={search_term_string}\"},\"query-input\":{\"@type\":\"PropertyValueSpecification\",\"valueRequired\":true,\"valueName\":\"search_term_string\"}}],\"inLanguage\":\"pt-BR\"},{\"@type\":\"Organization\",\"@id\":\"https:\/\/www.suno.com.br\/noticias\/#organization\",\"name\":\"Suno Not\u00edcias\",\"url\":\"https:\/\/www.suno.com.br\/noticias\/\",\"logo\":{\"@type\":\"ImageObject\",\"inLanguage\":\"pt-BR\",\"@id\":\"https:\/\/www.suno.com.br\/noticias\/#\/schema\/logo\/image\/\",\"url\":\"https:\/\/files.sunoresearch.com.br\/n\/uploads\/2021\/09\/suno-logo.png\",\"contentUrl\":\"https:\/\/files.sunoresearch.com.br\/n\/uploads\/2021\/09\/suno-logo.png\",\"width\":180,\"height\":180,\"caption\":\"Suno Not\u00edcias\"},\"image\":{\"@id\":\"https:\/\/www.suno.com.br\/noticias\/#\/schema\/logo\/image\/\"},\"sameAs\":[\"https:\/\/facebook.com\/sunoresearch\",\"https:\/\/x.com\/sunoresearch\",\"https:\/\/www.instagram.com\/suno\",\"https:\/\/www.linkedin.com\/company\/suno-research\/\",\"https:\/\/www.youtube.com\/c\/sunoresearch\"]},{\"@type\":\"Person\",\"@id\":\"https:\/\/www.suno.com.br\/noticias\/#\/schema\/person\/e6e0f723cc177805027f4566c1d5e0c8\",\"name\":\"Carlo Cauti\",\"image\":{\"@type\":\"ImageObject\",\"inLanguage\":\"pt-BR\",\"@id\":\"https:\/\/www.suno.com.br\/noticias\/#\/schema\/person\/image\/\",\"url\":\"https:\/\/secure.gravatar.com\/avatar\/3ada9e0bd164c23abd4792a9606d583c?s=96&r=g\",\"contentUrl\":\"https:\/\/secure.gravatar.com\/avatar\/3ada9e0bd164c23abd4792a9606d583c?s=96&r=g\",\"caption\":\"Carlo Cauti\"},\"description\":\"Editor multim\u00eddia do SUNO Not\u00edcias. Italiano, formado em Ci\u00eancias Pol\u00edticas pela universidade LUISS G. Carli de Roma e mestre cum laude em Rela\u00e7\u00f5es Internacionais, Jornalismo Internacional e de Guerra e em Economia Internacional. Concluiu tamb\u00e9m um MBA em Finan\u00e7as na B3. No Brasil, teve passagem por ve\u00edculos como Estad\u00e3o, Globo, Veja e EXAME. e nas ag\u00eancias de not\u00edcias italianas ANSA e NOVA.\",\"url\":\"https:\/\/www.suno.com.br\/noticias\/author\/carlo-cauti\/\"}]}<\/script>\n<!-- \/ Yoast SEO plugin. -->","yoast_head_json":{"title":"Equatorial (EQTL3) obt\u00e9m financiamento de R$ 2,150 bilh\u00f5es do BNDES","description":"A Equatorial (EQTL3) obteve de R$ 2,150 bi do Banco Nacional de Desenvolvimento Econ\u00f4mico e Social. Clique aqui para saber mais.","robots":{"index":"index","follow":"follow","max-snippet":"max-snippet:-1","max-image-preview":"max-image-preview:large","max-video-preview":"max-video-preview:-1"},"canonical":"https:\/\/www.suno.com.br\/noticias\/equatorial-eqtl3-financiamento-bndes\/","og_locale":"pt_BR","og_type":"article","og_title":"Equatorial (EQTL3) obt\u00e9m financiamento de R$ 2,150 bilh\u00f5es do BNDES","og_description":"A Equatorial (EQTL3) obteve de R$ 2,150 bi do Banco Nacional de Desenvolvimento Econ\u00f4mico e Social. Clique aqui para saber mais.","og_url":"https:\/\/www.suno.com.br\/noticias\/equatorial-eqtl3-financiamento-bndes\/","og_site_name":"Suno Not\u00edcias","article_publisher":"https:\/\/facebook.com\/sunoresearch","og_image":[{"width":770,"height":513,"url":"https:\/\/files.sunoresearch.com.br\/n\/uploads\/2021\/01\/d77f2eca-equatorial-eqtl3.jpg","type":"image\/jpeg"}],"author":"Carlo Cauti","twitter_card":"summary_large_image","twitter_creator":"@sunoresearch","twitter_site":"@sunoresearch","twitter_misc":{"Escrito por":"Carlo Cauti","Est. tempo de leitura":"2 minutos"},"schema":{"@context":"https:\/\/schema.org","@graph":[{"@type":"NewsArticle","@id":"https:\/\/www.suno.com.br\/noticias\/equatorial-eqtl3-financiamento-bndes\/#article","isPartOf":{"@id":"https:\/\/www.suno.com.br\/noticias\/equatorial-eqtl3-financiamento-bndes\/"},"author":{"name":"Carlo Cauti","@id":"https:\/\/www.suno.com.br\/noticias\/#\/schema\/person\/e6e0f723cc177805027f4566c1d5e0c8"},"headline":"Equatorial (EQTL3) obt\u00e9m financiamento de R$ 2,150 bilh\u00f5es do BNDES","datePublished":"2021-01-02T18:44:37+00:00","dateModified":"2021-05-11T01:41:07+00:00","mainEntityOfPage":{"@id":"https:\/\/www.suno.com.br\/noticias\/equatorial-eqtl3-financiamento-bndes\/"},"wordCount":373,"publisher":{"@id":"https:\/\/www.suno.com.br\/noticias\/#organization"},"image":{"@id":"https:\/\/www.suno.com.br\/noticias\/equatorial-eqtl3-financiamento-bndes\/#primaryimage"},"thumbnailUrl":"https:\/\/files.sunoresearch.com.br\/n\/uploads\/2021\/01\/d77f2eca-equatorial-eqtl3-jpg.webp","keywords":["BNDES","Equatorial (EQTL3)"],"articleSection":["Neg\u00f3cios"],"inLanguage":"pt-BR"},{"@type":"WebPage","@id":"https:\/\/www.suno.com.br\/noticias\/equatorial-eqtl3-financiamento-bndes\/","url":"https:\/\/www.suno.com.br\/noticias\/equatorial-eqtl3-financiamento-bndes\/","name":"Equatorial (EQTL3) obt\u00e9m financiamento de R$ 2,150 bilh\u00f5es do BNDES","isPartOf":{"@id":"https:\/\/www.suno.com.br\/noticias\/#website"},"primaryImageOfPage":{"@id":"https:\/\/www.suno.com.br\/noticias\/equatorial-eqtl3-financiamento-bndes\/#primaryimage"},"image":{"@id":"https:\/\/www.suno.com.br\/noticias\/equatorial-eqtl3-financiamento-bndes\/#primaryimage"},"thumbnailUrl":"https:\/\/files.sunoresearch.com.br\/n\/uploads\/2021\/01\/d77f2eca-equatorial-eqtl3-jpg.webp","datePublished":"2021-01-02T18:44:37+00:00","dateModified":"2021-05-11T01:41:07+00:00","description":"A Equatorial (EQTL3) obteve de R$ 2,150 bi do Banco Nacional de Desenvolvimento Econ\u00f4mico e Social. Clique aqui para saber mais.","breadcrumb":{"@id":"https:\/\/www.suno.com.br\/noticias\/equatorial-eqtl3-financiamento-bndes\/#breadcrumb"},"inLanguage":"pt-BR","potentialAction":[{"@type":"ReadAction","target":["https:\/\/www.suno.com.br\/noticias\/equatorial-eqtl3-financiamento-bndes\/"]}]},{"@type":"ImageObject","inLanguage":"pt-BR","@id":"https:\/\/www.suno.com.br\/noticias\/equatorial-eqtl3-financiamento-bndes\/#primaryimage","url":"https:\/\/files.sunoresearch.com.br\/n\/uploads\/2021\/01\/d77f2eca-equatorial-eqtl3-jpg.webp","contentUrl":"https:\/\/files.sunoresearch.com.br\/n\/uploads\/2021\/01\/d77f2eca-equatorial-eqtl3-jpg.webp","width":770,"height":513,"caption":"Equatorial Energia (EQTL3)"},{"@type":"BreadcrumbList","@id":"https:\/\/www.suno.com.br\/noticias\/equatorial-eqtl3-financiamento-bndes\/#breadcrumb","itemListElement":[{"@type":"ListItem","position":1,"name":"Not\u00edcias","item":"https:\/\/www.suno.com.br\/noticias\/"},{"@type":"ListItem","position":2,"name":"Neg\u00f3cios","item":"https:\/\/www.suno.com.br\/noticias\/negocios\/"},{"@type":"ListItem","position":3,"name":"Equatorial (EQTL3) obt\u00e9m financiamento de R$ 2,150 bilh\u00f5es do BNDES"}]},{"@type":"WebSite","@id":"https:\/\/www.suno.com.br\/noticias\/#website","url":"https:\/\/www.suno.com.br\/noticias\/","name":"Suno Not\u00edcias","description":"Seu portal de informa\u00e7\u00e3o sobre o mundo dos investimentos","publisher":{"@id":"https:\/\/www.suno.com.br\/noticias\/#organization"},"potentialAction":[{"@type":"SearchAction","target":{"@type":"EntryPoint","urlTemplate":"https:\/\/www.suno.com.br\/noticias\/?s={search_term_string}"},"query-input":{"@type":"PropertyValueSpecification","valueRequired":true,"valueName":"search_term_string"}}],"inLanguage":"pt-BR"},{"@type":"Organization","@id":"https:\/\/www.suno.com.br\/noticias\/#organization","name":"Suno Not\u00edcias","url":"https:\/\/www.suno.com.br\/noticias\/","logo":{"@type":"ImageObject","inLanguage":"pt-BR","@id":"https:\/\/www.suno.com.br\/noticias\/#\/schema\/logo\/image\/","url":"https:\/\/files.sunoresearch.com.br\/n\/uploads\/2021\/09\/suno-logo.png","contentUrl":"https:\/\/files.sunoresearch.com.br\/n\/uploads\/2021\/09\/suno-logo.png","width":180,"height":180,"caption":"Suno Not\u00edcias"},"image":{"@id":"https:\/\/www.suno.com.br\/noticias\/#\/schema\/logo\/image\/"},"sameAs":["https:\/\/facebook.com\/sunoresearch","https:\/\/x.com\/sunoresearch","https:\/\/www.instagram.com\/suno","https:\/\/www.linkedin.com\/company\/suno-research\/","https:\/\/www.youtube.com\/c\/sunoresearch"]},{"@type":"Person","@id":"https:\/\/www.suno.com.br\/noticias\/#\/schema\/person\/e6e0f723cc177805027f4566c1d5e0c8","name":"Carlo Cauti","image":{"@type":"ImageObject","inLanguage":"pt-BR","@id":"https:\/\/www.suno.com.br\/noticias\/#\/schema\/person\/image\/","url":"https:\/\/secure.gravatar.com\/avatar\/3ada9e0bd164c23abd4792a9606d583c?s=96&r=g","contentUrl":"https:\/\/secure.gravatar.com\/avatar\/3ada9e0bd164c23abd4792a9606d583c?s=96&r=g","caption":"Carlo Cauti"},"description":"Editor multim\u00eddia do SUNO Not\u00edcias. Italiano, formado em Ci\u00eancias Pol\u00edticas pela universidade LUISS G. Carli de Roma e mestre cum laude em Rela\u00e7\u00f5es Internacionais, Jornalismo Internacional e de Guerra e em Economia Internacional. Concluiu tamb\u00e9m um MBA em Finan\u00e7as na B3. No Brasil, teve passagem por ve\u00edculos como Estad\u00e3o, Globo, Veja e EXAME. e nas ag\u00eancias de not\u00edcias italianas ANSA e NOVA.","url":"https:\/\/www.suno.com.br\/noticias\/author\/carlo-cauti\/"}]}},"default_loop_html":"<div class=\"cardsPage__listCard__boxs\"><div class=\"cardsPage__listCard__boxs__img\"><a href=\"https:\/\/www.suno.com.br\/noticias\/equatorial-eqtl3-financiamento-bndes\/\"><img class=\"mask\" src=\"https:\/\/www.suno.com.br\/noticias\/wp-content\/themes\/suno\/resources\/images\/spotlight\/spotlight1img\/bg-mask.png\" alt=\"Image Mask\"\/><img src=\"https:\/\/files.sunoresearch.com.br\/n\/uploads\/2021\/01\/d77f2eca-equatorial-eqtl3-400x200.webp\" alt=\"Equatorial (EQTL3) obt\u00e9m financiamento de R$ 2,150 bilh\u00f5es do BNDES\"\/><\/a><span class=\"spotlightCategory\"><a href=\"https:\/\/www.suno.com.br\/noticias\/negocios\/\">Neg\u00f3cios<\/a><\/span><\/div><div class=\"cardsPage__listCard__boxs__content\"><a href=\"https:\/\/www.suno.com.br\/noticias\/equatorial-eqtl3-financiamento-bndes\/\"><h2 class=\"content__title\">Equatorial (EQTL3) obt\u00e9m financiamento de R$ 2,150 bilh\u00f5es do BNDES<\/h2><\/a><div class=\"newsContent__article__meta\"><div class=\"newsContent__article__meta__authorBox\"><a href=\"https:\/\/www.suno.com.br\/noticias\/author\/carlo-cauti\/\" class=\"authorBox__avatar noMobi\"><img src=\"https:\/\/files.sunoresearch.com.br\/n\/uploads\/2020\/08\/e3745f9a-perfil-carlo-cauti-150x150.webp\" alt=\"Carlo Cauti\"><\/a><div class=\"authorBox__name\"><span>por\n\t\t\t<a href=\"https:\/\/www.suno.com.br\/noticias\/author\/carlo-cauti\/\"><span itemprop=\"author\">Carlo Cauti<\/span><\/a><\/span><time datetime=\"2021-01-02T15:44:37-03:00\" itemprop=\"datePublished\">02\/01\/2021 15:44<\/time><\/div><\/div><\/div><\/div><\/div>","single_layout":"posts","amp_enabled":true,"_links":{"self":[{"href":"https:\/\/www.suno.com.br\/noticias\/wp-json\/wp\/v2\/posts\/110785"}],"collection":[{"href":"https:\/\/www.suno.com.br\/noticias\/wp-json\/wp\/v2\/posts"}],"about":[{"href":"https:\/\/www.suno.com.br\/noticias\/wp-json\/wp\/v2\/types\/post"}],"author":[{"embeddable":true,"href":"https:\/\/www.suno.com.br\/noticias\/wp-json\/wp\/v2\/users\/9"}],"replies":[{"embeddable":true,"href":"https:\/\/www.suno.com.br\/noticias\/wp-json\/wp\/v2\/comments?post=110785"}],"version-history":[{"count":1,"href":"https:\/\/www.suno.com.br\/noticias\/wp-json\/wp\/v2\/posts\/110785\/revisions"}],"predecessor-version":[{"id":146768,"href":"https:\/\/www.suno.com.br\/noticias\/wp-json\/wp\/v2\/posts\/110785\/revisions\/146768"}],"wp:featuredmedia":[{"embeddable":true,"href":"https:\/\/www.suno.com.br\/noticias\/wp-json\/wp\/v2\/media\/110801"}],"wp:attachment":[{"href":"https:\/\/www.suno.com.br\/noticias\/wp-json\/wp\/v2\/media?parent=110785"}],"wp:term":[{"taxonomy":"category","embeddable":true,"href":"https:\/\/www.suno.com.br\/noticias\/wp-json\/wp\/v2\/categories?post=110785"},{"taxonomy":"post_tag","embeddable":true,"href":"https:\/\/www.suno.com.br\/noticias\/wp-json\/wp\/v2\/tags?post=110785"},{"taxonomy":"suno_strategy","embeddable":true,"href":"https:\/\/www.suno.com.br\/noticias\/wp-json\/wp\/v2\/suno_strategy?post=110785"}],"curies":[{"name":"wp","href":"https:\/\/api.w.org\/{rel}","templated":true}]}}