{"id":11075,"date":"2019-01-09T21:10:14","date_gmt":"2019-01-09T23:10:14","guid":{"rendered":"https:\/\/www.suno.com.br\/noticias\/?p=11075"},"modified":"2019-01-10T09:02:02","modified_gmt":"2019-01-10T11:02:02","slug":"poucos-dias-presidente-apex-renuncia","status":"publish","type":"post","link":"https:\/\/www.suno.com.br\/noticias\/poucos-dias-presidente-apex-renuncia\/","title":{"rendered":"Poucos dias ap\u00f3s assumir, presidente da Apex renuncia ao cargo"},"content":{"rendered":"<p>O ministro de Rela\u00e7\u00f5es Exteriores, <strong>Ernesto Ara\u00fajo<\/strong>, informou nesta quarta (9) que o presidente da <strong>Apex<\/strong> (Ag\u00eancia Brasileira de Promo\u00e7\u00e3o de Exporta\u00e7\u00f5es e Investimentos), <strong>Alex Carreiro<\/strong>, renunciou ao cargo. Ara\u00fajo <a href=\"https:\/\/twitter.com\/ernestofaraujo\/status\/1083131443155554304\">publicou a informa\u00e7\u00e3o em seu Twitter<\/a>.<\/p>\t<div class=\"wrapper-featured-image\">\n\t\t<figure class=\"spotlightImg\">\n\n\t\t\t<picture>\n\t\t\t\t<source media=\"(max-width: 768px)\" srcset=\"https:\/\/files.sunoresearch.com.br\/n\/uploads\/2018\/12\/171b7ffd-ernesto-araujo-400x200.webp\">\n\t\t\t\t<img loading=\"lazy\" decoding=\"async\" class=\"newsContent__article__imgCapa lazyloadDisabled newsContent__article__imgCapa--noCaption\" src=\"https:\/\/files.sunoresearch.com.br\/n\/uploads\/2018\/12\/171b7ffd-ernesto-araujo-800x450.webp\" width=\"800\" height=\"450\" alt=\"Poucos dias ap\u00f3s assumir, presidente da Apex renuncia ao cargo\" fetchpriority=high \/>\n\t\t\t<\/picture>\n\n\t\t\t<figcaption class=\"wp-caption-text wp-caption-text--hide\">Segundo chanceler, sa\u00edda do Mercosul \u00e9 uma possibilidade para o Brasil<\/figcaption>\n\t\t<\/figure>\n\t<\/div>\n\n\n<p class=\"twitter-tweet\" data-cards=\"hidden\" data-lang=\"pt\">\n<p dir=\"ltr\" lang=\"pt\">O Sr. Alex Carreiro pediu-me o encerramento de suas fun\u00e7\u00f5es como Presidente da APEX. Agrade\u00e7o sua importante contribui\u00e7\u00e3o na transi\u00e7\u00e3o e no in\u00edcio do governo. Levei ao PR Bolsonaro o nome do Emb. Mario Vilalva, com ampla experi\u00eancia em promo\u00e7\u00e3o de exporta\u00e7\u00f5es, para Pres. da APEX. <a href=\"https:\/\/t.co\/e15qc5BAaa\">pic.twitter.com\/e15qc5BAaa<\/a><\/p>\n<p>\u2014 Ernesto Ara\u00fajo (@ernestofaraujo) <a href=\"https:\/\/twitter.com\/ernestofaraujo\/status\/1083131443155554304?ref_src=twsrc%5Etfw\">9 de janeiro de 2019<\/a><\/p>\n<p><script async src=\"https:\/\/platform.twitter.com\/widgets.js\" charset=\"utf-8\"><\/script><\/p>\n<p>A ren\u00fancia\u00a0se d\u00e1 poucos dias ap\u00f3s Carreiro assumir. A escolha para o cargo havia gerado cr\u00edticas pela suposta falta de preparo do agora ex-presidente. De acordo com a revista Veja, ouvindo fontes internas da Apex, Carreiro mal saberia falar ingl\u00eas &#8211; habilidade indispens\u00e1vel para a fun\u00e7\u00e3o.<\/p>\n<p><a href=\"https:\/\/www.suno.com.br\/noticias\/araujo-criacao-departamento-agronegocio-itamaraty\/\">Saiba mais: Ara\u00fajo anuncia cria\u00e7\u00e3o de Departamento do Agroneg\u00f3cio no Itamaraty<\/a><\/p>\n<p>Ap\u00f3s a nomea\u00e7\u00e3o na presid\u00eancia da <strong>Apex<\/strong>, a revista Veja revelou nesta semana que o curr\u00edculo de Carreiro, &#8220;formado em comunica\u00e7\u00e3o social em uma universidade abaixo da cr\u00edtica&#8221;, n\u00e3o mostra nenhuma experi\u00eancia em com\u00e9rcio exterior. A reportagem tamb\u00e9m publicou que a Receita Federal deu baixa numa empresa aberta por Carreiro por inaptid\u00e3o e que pessoas do Itamaraty defenderam a demiss\u00e3o imediata do ent\u00e3o presidente, com receio de alguma eventual grande gafe.<\/p>\n","protected":false},"excerpt":{"rendered":"<p>O ministro de Rela\u00e7\u00f5es Exteriores, Ernesto Ara\u00fajo, informou nesta quarta (9) que o presidente da Apex (Ag\u00eancia Brasileira de Promo\u00e7\u00e3o de Exporta\u00e7\u00f5es e Investimentos), Alex Carreiro, renunciou ao cargo. Ara\u00fajo publicou a informa\u00e7\u00e3o em seu Twitter. Segundo chanceler, sa\u00edda do Mercosul \u00e9 uma possibilidade para o Brasil O Sr. Alex Carreiro pediu-me o encerramento de [&hellip;]<\/p>\n","protected":false},"author":13,"featured_media":9764,"comment_status":"closed","ping_status":"closed","sticky":false,"template":"","format":"standard","meta":[],"categories":[61],"tags":[719],"suno_strategy":[],"class_list":["post-11075","post","type-post","status-publish","format-standard","has-post-thumbnail","hentry","category-politica","tag-jair-bolsonaro"],"yoast_head":"<!-- This site is optimized with the Yoast SEO plugin v24.4 - https:\/\/yoast.com\/wordpress\/plugins\/seo\/ -->\n<title>Poucos dias ap\u00f3s assumir, presidente da Apex renuncia ao cargo<\/title>\n<meta name=\"description\" content=\"O ministro de Rela\u00e7\u00f5es Exteriores, Ernesto Ara\u00fajo, informou que o presidente da Apex, Alex Carreiro, renunciou ao cargo. Clique e saiba\" \/>\n<meta name=\"robots\" content=\"index, follow, max-snippet:-1, max-image-preview:large, max-video-preview:-1\" \/>\n<link rel=\"canonical\" href=\"https:\/\/www.suno.com.br\/noticias\/poucos-dias-presidente-apex-renuncia\/\" \/>\n<meta property=\"og:locale\" content=\"pt_BR\" \/>\n<meta property=\"og:type\" content=\"article\" \/>\n<meta property=\"og:title\" content=\"Poucos dias ap\u00f3s assumir, presidente da Apex renuncia ao cargo\" \/>\n<meta property=\"og:description\" content=\"O ministro de Rela\u00e7\u00f5es Exteriores, Ernesto Ara\u00fajo, informou que o presidente da Apex, Alex Carreiro, renunciou ao cargo. Clique e saiba\" \/>\n<meta property=\"og:url\" content=\"https:\/\/www.suno.com.br\/noticias\/poucos-dias-presidente-apex-renuncia\/\" \/>\n<meta property=\"og:site_name\" content=\"Suno Not\u00edcias\" \/>\n<meta property=\"article:publisher\" content=\"https:\/\/facebook.com\/sunoresearch\" \/>\n<meta property=\"og:image\" content=\"https:\/\/files.sunoresearch.com.br\/n\/uploads\/2018\/12\/171b7ffd-ernesto-araujo.jpg\" \/>\n\t<meta property=\"og:image:width\" content=\"1140\" \/>\n\t<meta property=\"og:image:height\" content=\"760\" \/>\n\t<meta property=\"og:image:type\" content=\"image\/jpeg\" \/>\n<meta name=\"author\" content=\"Guilherme Caetano\" \/>\n<meta name=\"twitter:card\" content=\"summary_large_image\" \/>\n<meta name=\"twitter:creator\" content=\"@sunoresearch\" \/>\n<meta name=\"twitter:site\" content=\"@sunoresearch\" \/>\n<meta name=\"twitter:label1\" content=\"Escrito por\" \/>\n\t<meta name=\"twitter:data1\" content=\"Guilherme Caetano\" \/>\n\t<meta name=\"twitter:label2\" content=\"Est. tempo de leitura\" \/>\n\t<meta name=\"twitter:data2\" content=\"1 minuto\" \/>\n<script type=\"application\/ld+json\" class=\"yoast-schema-graph\">{\"@context\":\"https:\/\/schema.org\",\"@graph\":[{\"@type\":\"NewsArticle\",\"@id\":\"https:\/\/www.suno.com.br\/noticias\/poucos-dias-presidente-apex-renuncia\/#article\",\"isPartOf\":{\"@id\":\"https:\/\/www.suno.com.br\/noticias\/poucos-dias-presidente-apex-renuncia\/\"},\"author\":{\"name\":\"Guilherme Caetano\",\"@id\":\"https:\/\/www.suno.com.br\/noticias\/#\/schema\/person\/0d0c9687cd2f600c564f25980c140de9\"},\"headline\":\"Poucos dias ap\u00f3s assumir, presidente da Apex renuncia ao cargo\",\"datePublished\":\"2019-01-09T23:10:14+00:00\",\"dateModified\":\"2019-01-10T11:02:02+00:00\",\"mainEntityOfPage\":{\"@id\":\"https:\/\/www.suno.com.br\/noticias\/poucos-dias-presidente-apex-renuncia\/\"},\"wordCount\":271,\"publisher\":{\"@id\":\"https:\/\/www.suno.com.br\/noticias\/#organization\"},\"image\":{\"@id\":\"https:\/\/www.suno.com.br\/noticias\/poucos-dias-presidente-apex-renuncia\/#primaryimage\"},\"thumbnailUrl\":\"https:\/\/files.sunoresearch.com.br\/n\/uploads\/2018\/12\/171b7ffd-ernesto-araujo-jpg.webp\",\"keywords\":[\"Jair Bolsonaro\"],\"articleSection\":[\"Pol\u00edtica\"],\"inLanguage\":\"pt-BR\"},{\"@type\":\"WebPage\",\"@id\":\"https:\/\/www.suno.com.br\/noticias\/poucos-dias-presidente-apex-renuncia\/\",\"url\":\"https:\/\/www.suno.com.br\/noticias\/poucos-dias-presidente-apex-renuncia\/\",\"name\":\"Poucos dias ap\u00f3s assumir, presidente da Apex renuncia ao cargo\",\"isPartOf\":{\"@id\":\"https:\/\/www.suno.com.br\/noticias\/#website\"},\"primaryImageOfPage\":{\"@id\":\"https:\/\/www.suno.com.br\/noticias\/poucos-dias-presidente-apex-renuncia\/#primaryimage\"},\"image\":{\"@id\":\"https:\/\/www.suno.com.br\/noticias\/poucos-dias-presidente-apex-renuncia\/#primaryimage\"},\"thumbnailUrl\":\"https:\/\/files.sunoresearch.com.br\/n\/uploads\/2018\/12\/171b7ffd-ernesto-araujo-jpg.webp\",\"datePublished\":\"2019-01-09T23:10:14+00:00\",\"dateModified\":\"2019-01-10T11:02:02+00:00\",\"description\":\"O ministro de Rela\u00e7\u00f5es Exteriores, Ernesto Ara\u00fajo, informou que o presidente da Apex, Alex Carreiro, renunciou ao cargo. Clique e saiba\",\"breadcrumb\":{\"@id\":\"https:\/\/www.suno.com.br\/noticias\/poucos-dias-presidente-apex-renuncia\/#breadcrumb\"},\"inLanguage\":\"pt-BR\",\"potentialAction\":[{\"@type\":\"ReadAction\",\"target\":[\"https:\/\/www.suno.com.br\/noticias\/poucos-dias-presidente-apex-renuncia\/\"]}]},{\"@type\":\"ImageObject\",\"inLanguage\":\"pt-BR\",\"@id\":\"https:\/\/www.suno.com.br\/noticias\/poucos-dias-presidente-apex-renuncia\/#primaryimage\",\"url\":\"https:\/\/files.sunoresearch.com.br\/n\/uploads\/2018\/12\/171b7ffd-ernesto-araujo-jpg.webp\",\"contentUrl\":\"https:\/\/files.sunoresearch.com.br\/n\/uploads\/2018\/12\/171b7ffd-ernesto-araujo-jpg.webp\",\"width\":1140,\"height\":760,\"caption\":\"Segundo chanceler, sa\u00edda do Mercosul \u00e9 uma possibilidade para o Brasil\"},{\"@type\":\"BreadcrumbList\",\"@id\":\"https:\/\/www.suno.com.br\/noticias\/poucos-dias-presidente-apex-renuncia\/#breadcrumb\",\"itemListElement\":[{\"@type\":\"ListItem\",\"position\":1,\"name\":\"Not\u00edcias\",\"item\":\"https:\/\/www.suno.com.br\/noticias\/\"},{\"@type\":\"ListItem\",\"position\":2,\"name\":\"Pol\u00edtica\",\"item\":\"https:\/\/www.suno.com.br\/noticias\/politica\/\"},{\"@type\":\"ListItem\",\"position\":3,\"name\":\"Poucos dias ap\u00f3s assumir, presidente da Apex renuncia ao cargo\"}]},{\"@type\":\"WebSite\",\"@id\":\"https:\/\/www.suno.com.br\/noticias\/#website\",\"url\":\"https:\/\/www.suno.com.br\/noticias\/\",\"name\":\"Suno Not\u00edcias\",\"description\":\"Seu portal de informa\u00e7\u00e3o sobre o mundo dos investimentos\",\"publisher\":{\"@id\":\"https:\/\/www.suno.com.br\/noticias\/#organization\"},\"potentialAction\":[{\"@type\":\"SearchAction\",\"target\":{\"@type\":\"EntryPoint\",\"urlTemplate\":\"https:\/\/www.suno.com.br\/noticias\/?s={search_term_string}\"},\"query-input\":{\"@type\":\"PropertyValueSpecification\",\"valueRequired\":true,\"valueName\":\"search_term_string\"}}],\"inLanguage\":\"pt-BR\"},{\"@type\":\"Organization\",\"@id\":\"https:\/\/www.suno.com.br\/noticias\/#organization\",\"name\":\"Suno Not\u00edcias\",\"url\":\"https:\/\/www.suno.com.br\/noticias\/\",\"logo\":{\"@type\":\"ImageObject\",\"inLanguage\":\"pt-BR\",\"@id\":\"https:\/\/www.suno.com.br\/noticias\/#\/schema\/logo\/image\/\",\"url\":\"https:\/\/files.sunoresearch.com.br\/n\/uploads\/2021\/09\/suno-logo.png\",\"contentUrl\":\"https:\/\/files.sunoresearch.com.br\/n\/uploads\/2021\/09\/suno-logo.png\",\"width\":180,\"height\":180,\"caption\":\"Suno Not\u00edcias\"},\"image\":{\"@id\":\"https:\/\/www.suno.com.br\/noticias\/#\/schema\/logo\/image\/\"},\"sameAs\":[\"https:\/\/facebook.com\/sunoresearch\",\"https:\/\/x.com\/sunoresearch\",\"https:\/\/www.instagram.com\/suno\",\"https:\/\/www.linkedin.com\/company\/suno-research\/\",\"https:\/\/www.youtube.com\/c\/sunoresearch\"]},{\"@type\":\"Person\",\"@id\":\"https:\/\/www.suno.com.br\/noticias\/#\/schema\/person\/0d0c9687cd2f600c564f25980c140de9\",\"name\":\"Guilherme Caetano\",\"image\":{\"@type\":\"ImageObject\",\"inLanguage\":\"pt-BR\",\"@id\":\"https:\/\/www.suno.com.br\/noticias\/#\/schema\/person\/image\/\",\"url\":\"https:\/\/secure.gravatar.com\/avatar\/e48357351a01702a0d19307070e081bf?s=96&r=g\",\"contentUrl\":\"https:\/\/secure.gravatar.com\/avatar\/e48357351a01702a0d19307070e081bf?s=96&r=g\",\"caption\":\"Guilherme Caetano\"},\"description\":\"Formado em jornalismo pela Escola de Comunica\u00e7\u00f5es e Artes da USP, Guilherme Caetano escreve para o portal de not\u00edcias da Suno Research. Passou pelas reda\u00e7\u00f5es da Folha de S.Paulo e da revista \u00c9poca.\",\"url\":\"https:\/\/www.suno.com.br\/noticias\/author\/guilherme-caetano\/\"}]}<\/script>\n<!-- \/ Yoast SEO plugin. -->","yoast_head_json":{"title":"Poucos dias ap\u00f3s assumir, presidente da Apex renuncia ao cargo","description":"O ministro de Rela\u00e7\u00f5es Exteriores, Ernesto Ara\u00fajo, informou que o presidente da Apex, Alex Carreiro, renunciou ao cargo. Clique e saiba","robots":{"index":"index","follow":"follow","max-snippet":"max-snippet:-1","max-image-preview":"max-image-preview:large","max-video-preview":"max-video-preview:-1"},"canonical":"https:\/\/www.suno.com.br\/noticias\/poucos-dias-presidente-apex-renuncia\/","og_locale":"pt_BR","og_type":"article","og_title":"Poucos dias ap\u00f3s assumir, presidente da Apex renuncia ao cargo","og_description":"O ministro de Rela\u00e7\u00f5es Exteriores, Ernesto Ara\u00fajo, informou que o presidente da Apex, Alex Carreiro, renunciou ao cargo. Clique e saiba","og_url":"https:\/\/www.suno.com.br\/noticias\/poucos-dias-presidente-apex-renuncia\/","og_site_name":"Suno Not\u00edcias","article_publisher":"https:\/\/facebook.com\/sunoresearch","og_image":[{"width":1140,"height":760,"url":"https:\/\/files.sunoresearch.com.br\/n\/uploads\/2018\/12\/171b7ffd-ernesto-araujo.jpg","type":"image\/jpeg"}],"author":"Guilherme Caetano","twitter_card":"summary_large_image","twitter_creator":"@sunoresearch","twitter_site":"@sunoresearch","twitter_misc":{"Escrito por":"Guilherme Caetano","Est. tempo de leitura":"1 minuto"},"schema":{"@context":"https:\/\/schema.org","@graph":[{"@type":"NewsArticle","@id":"https:\/\/www.suno.com.br\/noticias\/poucos-dias-presidente-apex-renuncia\/#article","isPartOf":{"@id":"https:\/\/www.suno.com.br\/noticias\/poucos-dias-presidente-apex-renuncia\/"},"author":{"name":"Guilherme Caetano","@id":"https:\/\/www.suno.com.br\/noticias\/#\/schema\/person\/0d0c9687cd2f600c564f25980c140de9"},"headline":"Poucos dias ap\u00f3s assumir, presidente da Apex renuncia ao cargo","datePublished":"2019-01-09T23:10:14+00:00","dateModified":"2019-01-10T11:02:02+00:00","mainEntityOfPage":{"@id":"https:\/\/www.suno.com.br\/noticias\/poucos-dias-presidente-apex-renuncia\/"},"wordCount":271,"publisher":{"@id":"https:\/\/www.suno.com.br\/noticias\/#organization"},"image":{"@id":"https:\/\/www.suno.com.br\/noticias\/poucos-dias-presidente-apex-renuncia\/#primaryimage"},"thumbnailUrl":"https:\/\/files.sunoresearch.com.br\/n\/uploads\/2018\/12\/171b7ffd-ernesto-araujo-jpg.webp","keywords":["Jair Bolsonaro"],"articleSection":["Pol\u00edtica"],"inLanguage":"pt-BR"},{"@type":"WebPage","@id":"https:\/\/www.suno.com.br\/noticias\/poucos-dias-presidente-apex-renuncia\/","url":"https:\/\/www.suno.com.br\/noticias\/poucos-dias-presidente-apex-renuncia\/","name":"Poucos dias ap\u00f3s assumir, presidente da Apex renuncia ao cargo","isPartOf":{"@id":"https:\/\/www.suno.com.br\/noticias\/#website"},"primaryImageOfPage":{"@id":"https:\/\/www.suno.com.br\/noticias\/poucos-dias-presidente-apex-renuncia\/#primaryimage"},"image":{"@id":"https:\/\/www.suno.com.br\/noticias\/poucos-dias-presidente-apex-renuncia\/#primaryimage"},"thumbnailUrl":"https:\/\/files.sunoresearch.com.br\/n\/uploads\/2018\/12\/171b7ffd-ernesto-araujo-jpg.webp","datePublished":"2019-01-09T23:10:14+00:00","dateModified":"2019-01-10T11:02:02+00:00","description":"O ministro de Rela\u00e7\u00f5es Exteriores, Ernesto Ara\u00fajo, informou que o presidente da Apex, Alex Carreiro, renunciou ao cargo. Clique e saiba","breadcrumb":{"@id":"https:\/\/www.suno.com.br\/noticias\/poucos-dias-presidente-apex-renuncia\/#breadcrumb"},"inLanguage":"pt-BR","potentialAction":[{"@type":"ReadAction","target":["https:\/\/www.suno.com.br\/noticias\/poucos-dias-presidente-apex-renuncia\/"]}]},{"@type":"ImageObject","inLanguage":"pt-BR","@id":"https:\/\/www.suno.com.br\/noticias\/poucos-dias-presidente-apex-renuncia\/#primaryimage","url":"https:\/\/files.sunoresearch.com.br\/n\/uploads\/2018\/12\/171b7ffd-ernesto-araujo-jpg.webp","contentUrl":"https:\/\/files.sunoresearch.com.br\/n\/uploads\/2018\/12\/171b7ffd-ernesto-araujo-jpg.webp","width":1140,"height":760,"caption":"Segundo chanceler, sa\u00edda do Mercosul \u00e9 uma possibilidade para o Brasil"},{"@type":"BreadcrumbList","@id":"https:\/\/www.suno.com.br\/noticias\/poucos-dias-presidente-apex-renuncia\/#breadcrumb","itemListElement":[{"@type":"ListItem","position":1,"name":"Not\u00edcias","item":"https:\/\/www.suno.com.br\/noticias\/"},{"@type":"ListItem","position":2,"name":"Pol\u00edtica","item":"https:\/\/www.suno.com.br\/noticias\/politica\/"},{"@type":"ListItem","position":3,"name":"Poucos dias ap\u00f3s assumir, presidente da Apex renuncia ao cargo"}]},{"@type":"WebSite","@id":"https:\/\/www.suno.com.br\/noticias\/#website","url":"https:\/\/www.suno.com.br\/noticias\/","name":"Suno Not\u00edcias","description":"Seu portal de informa\u00e7\u00e3o sobre o mundo dos investimentos","publisher":{"@id":"https:\/\/www.suno.com.br\/noticias\/#organization"},"potentialAction":[{"@type":"SearchAction","target":{"@type":"EntryPoint","urlTemplate":"https:\/\/www.suno.com.br\/noticias\/?s={search_term_string}"},"query-input":{"@type":"PropertyValueSpecification","valueRequired":true,"valueName":"search_term_string"}}],"inLanguage":"pt-BR"},{"@type":"Organization","@id":"https:\/\/www.suno.com.br\/noticias\/#organization","name":"Suno Not\u00edcias","url":"https:\/\/www.suno.com.br\/noticias\/","logo":{"@type":"ImageObject","inLanguage":"pt-BR","@id":"https:\/\/www.suno.com.br\/noticias\/#\/schema\/logo\/image\/","url":"https:\/\/files.sunoresearch.com.br\/n\/uploads\/2021\/09\/suno-logo.png","contentUrl":"https:\/\/files.sunoresearch.com.br\/n\/uploads\/2021\/09\/suno-logo.png","width":180,"height":180,"caption":"Suno Not\u00edcias"},"image":{"@id":"https:\/\/www.suno.com.br\/noticias\/#\/schema\/logo\/image\/"},"sameAs":["https:\/\/facebook.com\/sunoresearch","https:\/\/x.com\/sunoresearch","https:\/\/www.instagram.com\/suno","https:\/\/www.linkedin.com\/company\/suno-research\/","https:\/\/www.youtube.com\/c\/sunoresearch"]},{"@type":"Person","@id":"https:\/\/www.suno.com.br\/noticias\/#\/schema\/person\/0d0c9687cd2f600c564f25980c140de9","name":"Guilherme Caetano","image":{"@type":"ImageObject","inLanguage":"pt-BR","@id":"https:\/\/www.suno.com.br\/noticias\/#\/schema\/person\/image\/","url":"https:\/\/secure.gravatar.com\/avatar\/e48357351a01702a0d19307070e081bf?s=96&r=g","contentUrl":"https:\/\/secure.gravatar.com\/avatar\/e48357351a01702a0d19307070e081bf?s=96&r=g","caption":"Guilherme Caetano"},"description":"Formado em jornalismo pela Escola de Comunica\u00e7\u00f5es e Artes da USP, Guilherme Caetano escreve para o portal de not\u00edcias da Suno Research. Passou pelas reda\u00e7\u00f5es da Folha de S.Paulo e da revista \u00c9poca.","url":"https:\/\/www.suno.com.br\/noticias\/author\/guilherme-caetano\/"}]}},"default_loop_html":"<div class=\"cardsPage__listCard__boxs\"><div class=\"cardsPage__listCard__boxs__img\"><a href=\"https:\/\/www.suno.com.br\/noticias\/poucos-dias-presidente-apex-renuncia\/\"><img class=\"mask\" src=\"https:\/\/www.suno.com.br\/noticias\/wp-content\/themes\/suno\/resources\/images\/spotlight\/spotlight1img\/bg-mask.png\" alt=\"Image Mask\"\/><img src=\"https:\/\/files.sunoresearch.com.br\/n\/uploads\/2018\/12\/171b7ffd-ernesto-araujo-400x200.webp\" alt=\"Poucos dias ap\u00f3s assumir, presidente da Apex renuncia ao cargo\"\/><\/a><span class=\"spotlightCategory\"><a href=\"https:\/\/www.suno.com.br\/noticias\/politica\/\">Pol\u00edtica<\/a><\/span><\/div><div class=\"cardsPage__listCard__boxs__content\"><a href=\"https:\/\/www.suno.com.br\/noticias\/poucos-dias-presidente-apex-renuncia\/\"><h2 class=\"content__title\">Poucos dias ap\u00f3s assumir, presidente da Apex renuncia ao cargo<\/h2><\/a><div class=\"newsContent__article__meta\"><div class=\"newsContent__article__meta__authorBox\"><a href=\"https:\/\/www.suno.com.br\/noticias\/author\/guilherme-caetano\/\" class=\"authorBox__avatar noMobi\"><img src=\"https:\/\/secure.gravatar.com\/avatar\/e48357351a01702a0d19307070e081bf?s=96&#038;r=g\" alt=\"Guilherme Caetano\"><\/a><div class=\"authorBox__name\"><span>por\n\t\t\t<a href=\"https:\/\/www.suno.com.br\/noticias\/author\/guilherme-caetano\/\"><span itemprop=\"author\">Guilherme Caetano<\/span><\/a><\/span><time datetime=\"2019-01-09T21:10:14-02:00\" itemprop=\"datePublished\">09\/01\/2019 21:10<\/time><\/div><\/div><\/div><\/div><\/div>","single_layout":"posts","amp_enabled":true,"_links":{"self":[{"href":"https:\/\/www.suno.com.br\/noticias\/wp-json\/wp\/v2\/posts\/11075"}],"collection":[{"href":"https:\/\/www.suno.com.br\/noticias\/wp-json\/wp\/v2\/posts"}],"about":[{"href":"https:\/\/www.suno.com.br\/noticias\/wp-json\/wp\/v2\/types\/post"}],"author":[{"embeddable":true,"href":"https:\/\/www.suno.com.br\/noticias\/wp-json\/wp\/v2\/users\/13"}],"replies":[{"embeddable":true,"href":"https:\/\/www.suno.com.br\/noticias\/wp-json\/wp\/v2\/comments?post=11075"}],"version-history":[{"count":0,"href":"https:\/\/www.suno.com.br\/noticias\/wp-json\/wp\/v2\/posts\/11075\/revisions"}],"wp:featuredmedia":[{"embeddable":true,"href":"https:\/\/www.suno.com.br\/noticias\/wp-json\/wp\/v2\/media\/9764"}],"wp:attachment":[{"href":"https:\/\/www.suno.com.br\/noticias\/wp-json\/wp\/v2\/media?parent=11075"}],"wp:term":[{"taxonomy":"category","embeddable":true,"href":"https:\/\/www.suno.com.br\/noticias\/wp-json\/wp\/v2\/categories?post=11075"},{"taxonomy":"post_tag","embeddable":true,"href":"https:\/\/www.suno.com.br\/noticias\/wp-json\/wp\/v2\/tags?post=11075"},{"taxonomy":"suno_strategy","embeddable":true,"href":"https:\/\/www.suno.com.br\/noticias\/wp-json\/wp\/v2\/suno_strategy?post=11075"}],"curies":[{"name":"wp","href":"https:\/\/api.w.org\/{rel}","templated":true}]}}