{"id":110735,"date":"2020-12-30T20:08:25","date_gmt":"2020-12-30T23:08:25","guid":{"rendered":"https:\/\/www.suno.com.br\/noticias\/?p=110735"},"modified":"2020-12-30T20:08:25","modified_gmt":"2020-12-30T23:08:25","slug":"braskem-brkm5-acordos-alagoas-valor-sobe","status":"publish","type":"post","link":"https:\/\/www.suno.com.br\/noticias\/braskem-brkm5-acordos-alagoas-valor-sobe\/","title":{"rendered":"Braskem (BRKM5) firma acordos em Alagoas; valor sobe para R$ 9,1 bi"},"content":{"rendered":"<p>A <a href=\"https:\/\/www.suno.com.br\/acoes\/brkm5\/\" target=\"_blank\" rel=\"noopener noreferrer\"><strong>Braskem<\/strong> (BRKM5)<\/a> assinou hoje acordos com o objetivo de extinguir duas a\u00e7\u00f5es civis p\u00fablicas (ACP) contra a Braskem relacionadas \u00e0 compensa\u00e7\u00e3o dos moradores e \u00e0 repara\u00e7\u00e3o socioambiental do evento geol\u00f3gico em Alagoas.<\/p>\t<div class=\"wrapper-featured-image\">\n\t\t<figure class=\"spotlightImg\">\n\n\t\t\t<picture>\n\t\t\t\t<source media=\"(max-width: 768px)\" srcset=\"https:\/\/files.sunoresearch.com.br\/n\/uploads\/2020\/12\/017da9c0-braskem-400x200.webp\">\n\t\t\t\t<img loading=\"lazy\" decoding=\"async\" class=\"newsContent__article__imgCapa lazyloadDisabled \" src=\"https:\/\/files.sunoresearch.com.br\/n\/uploads\/2020\/12\/017da9c0-braskem-800x450.webp\" width=\"800\" height=\"450\" alt=\"Braskem (BRKM5) firma acordos em Alagoas; valor sobe para R$ 9,1 bi\" fetchpriority=high \/>\n\t\t\t<\/picture>\n\n\t\t\t<figcaption class=\"wp-caption-text wp-caption-text--show\">Braskem firma acordos em Alagoas<\/figcaption>\n\t\t<\/figure>\n\t<\/div>\n\n\n<p><b>\t<p>\n\t\t<a href=\"https:\/\/lp.suno.com.br\/planilha-controle-gastos\/\" target=\"_blank\" data-element=\"shortcode-suno-banner\" title=\"Banner SUNO, clique e saiba mais\">\n\t\t\t<picture>\n\t\t\t\t<source media=\"(max-width: 500px)\" srcset=\"https:\/\/files.sunoresearch.com.br\/n\/uploads\/2023\/03\/400x300-Planilha-controle-de-gastos.png\">\n\t\t\t\t<img class=\"newsContent__article__imgCapa newsContent__article__imgCapa--banner\"\n\t\t\t\t\tsrc=\"https:\/\/files.sunoresearch.com.br\/n\/uploads\/2023\/03\/1420x240-Planilha-controle-de-gastos.png\"\n\t\t\t\t\tdata-promo-id=\"101751\"\t\t\t\t\t\t\t\t\t\twidth='1420' height='240'\t\t\t\t\talt=\"https:\/\/files.sunoresearch.com.br\/n\/uploads\/2023\/03\/1420x240-Planilha-controle-de-gastos.png\"\n\t\t\t\t>\n\t\t\t<\/picture>\n\t\t<\/a>\n\t<\/p>\n\n<\/b><\/p>\n<p>Em<a href=\"https:\/\/www.suno.com.br\/artigos\/fato-relevante\/\" target=\"_blank\" rel=\"noopener noreferrer\"> fato relevante<\/a> divulgado hoje, a Braskem estimou que as a\u00e7\u00f5es previstas nestes acordos somam cerca de R$ 1,2 bilh\u00e3o, em adi\u00e7\u00e3o ao montante de R$ 7,9 bilh\u00f5es j\u00e1 provisionados pela empresa no final do terceiro trimestre. Com isso, o <strong>valor total estimado<\/strong> chegou a R$ 9,1 bilh\u00f5es.<\/p>\n<p>&#8221; A celebra\u00e7\u00e3o dos Acordos para Compensa\u00e7\u00e3o dos Moradores e para Repara\u00e7\u00e3o Socioambiental representa um avan\u00e7o importante em rela\u00e7\u00e3o ao evento geol\u00f3gico de Alagoas e seus potencias impactos&#8221;, declarou a Braskem no documento.<\/p>\n<figure id=\"attachment_110740\" aria-describedby=\"caption-attachment-110740\" style=\"width: 765px\" class=\"wp-caption alignnone\"><img loading=\"lazy\" decoding=\"async\" class=\"wp-image-110740 size-full\" src=\"https:\/\/storage.googleapis.com\/wp-noticias\/2020\/12\/6d8bf0fd-braskem-provisao.jpg\" alt=\"Provis\u00f5es da Braskem\" width=\"765\" height=\"151\" \/><figcaption id=\"caption-attachment-110740\" class=\"wp-caption-text\">Provis\u00f5es da Braskem<\/figcaption><\/figure>\n<p><a href=\"https:\/\/lp.suno.com.br\/suno-one\/\"><b>Suno One: acesse gratuitamente eBooks, Minicursos, Artigos e Video Aulas sobre investimentos com um \u00fanico cadastro. Clique para saber mais!<\/b><\/a><\/p>\n<p>Confira o detalhamento dos acordos firmados pela Braskem:<\/p>\n<h2>Acordo da Braskem com moradores<\/h2>\n<p>De acordo com a companhia, em rela\u00e7\u00e3o \u00e0 <strong>a\u00e7\u00e3o civil p\u00fablica dos moradores<\/strong>, foi assinado o segundo termo aditivo ao acordo de 03 de janeiro de 2020 com a Defensoria P\u00fablica do Estado de Alagoas, o Minist\u00e9rio P\u00fablico Federal em Alagoas, o Minist\u00e9rio P\u00fablico do Estado de Alagoas e a Defensoria P\u00fablica da Uni\u00e3o.<\/p>\n<p>Para extingir a a\u00e7\u00e3o civil p\u00fablica dos moradores, a Braskem incluiu no Programa de Compensa\u00e7\u00e3o Financeira e Apoio \u00e0 Realoca\u00e7\u00e3o a desocupa\u00e7\u00e3o de propriedades adicionais definidas tanto pelo Mapa da Defesa Civil quanto nos estudos t\u00e9cnicos especializados e independentes contratados pela companhia.<\/p>\n<p>Para isso, a Braskem estima o montante de R$ 300 milh\u00f5es, adicional ao montante j\u00e1 provisionado pela companhia ao final do terceiro trimestre de 2020 relativo \u00e0 ACP dos Moradores.<\/p>\n<p>Al\u00e9m disso, a Braskem e os \u00f3rg\u00e3os concordaram em:<\/p>\n<ul>\n<li>Criar um grupo t\u00e9cnico com o objetivo de acompanhar o <strong>evento geol\u00f3gico<\/strong> e estudar as \u00e1reas adjacentes ao Mapa da Defesa Civil pelo prazo de cinco anos.<\/li>\n<li>Transferir R$ 1 bilh\u00e3o do valor provisionado acima para a conta banc\u00e1ria da Braskem espec\u00edfica para o custeio do programa de compensa\u00e7\u00e3o financeira, em 10 parcelas mensais no valor de R$ 100 milh\u00f5es cada, com in\u00edcio em janeiro de 2021.<\/li>\n<li>A redu\u00e7\u00e3o em R$ 200 milh\u00f5es do seguro-garantia j\u00e1 apresentado pela Braskem ao Ju\u00edzo, para o montante total aproximado de R$ 1,8 bilh\u00e3o.<\/li>\n<\/ul>\n<h2>Acordo sobre a\u00e7\u00e3o civil p\u00fablica socioambiental<\/h2>\n<p>A respeito da <strong>a\u00e7\u00e3o civil p\u00fablica socioambiental<\/strong>, a Braskem assinou termo de acordo para extinguir a a\u00e7\u00e3o com o MPF e MPE, se comprometendo a:<\/p>\n<ul>\n<li>Adotar as medidas necess\u00e1rias \u00e0 estabiliza\u00e7\u00e3o das cavidades e ao monitoramento do solo.<\/li>\n<li>Reparar, mitigar ou compensar potenciais impactos e danos ambientais decorrentes da <strong>extra\u00e7\u00e3o de sal-gema em Macei\u00f3<\/strong>.<\/li>\n<li>Reparar, mitigar ou compensar potenciais impactos e danos s\u00f3cio urban\u00edsticos decorrentes da extra\u00e7\u00e3o de sal-gema no Munic\u00edpio de Macei\u00f3.<\/li>\n<\/ul>\n<p>Para a estabiliza\u00e7\u00e3o das cavidades e monitoramento do solo, a Braskem vai continuar as a\u00e7\u00f5es do <strong>plano de fechamento da mina<\/strong> elaborado pela Braskem e em processo de aprova\u00e7\u00e3o pela <strong>Ag\u00eancia Nacional de Minera\u00e7\u00e3o<\/strong> (ANM).<\/p>\n<p>Ao final do terceiro trimestre de 2020, a <strong>Brakem registrou provis\u00e3o<\/strong> no valor de aproximadamente R$ 1,2 bilh\u00e3o para implementar as a\u00e7\u00f5es do plano de fechamento da mina elaborado pela Braskem, que foram aprovadas at\u00e9 o momentopela ANM.<\/p>\n<p>Al\u00e9m de medidas para encerramento das atividades de <strong>extra\u00e7\u00e3o de sal-gema em Macei\u00f3<\/strong>, com valor estimado adicional de aproximadamente R$ 3 bilh\u00f5es, a Braskem informa que ainda se encontra em di\u00e1logos com a ANM a respeito de tais medidas propostas para o plano de fechamento da mina.<\/p>\n<p>&#8220;Como as discuss\u00f5es com a ANM ainda est\u00e3o em andamento, n\u00e3o \u00e9 poss\u00edvel prever o resultado destas discuss\u00f5es ou sua potencial implica\u00e7\u00e3o nas provis\u00f5es&#8221;, declarou.<\/p>\n<p>A Braskem contratou uma <strong>empresa especializada e independente<\/strong> para diagnosticar e recomendar medidas de repara\u00e7\u00e3o, mitiga\u00e7\u00e3o ou compensa\u00e7\u00e3o dos impactos ambientais identificados em decorr\u00eancia das atividades de extra\u00e7\u00e3o de sal-gemaem Macei\u00f3. Ap\u00f3s a conclus\u00e3o desse estudo, a Braskem vai implementar as medidas.<\/p>\n<p>&#8220;Em fun\u00e7\u00e3o do estudo estar em andamento, n\u00e3o \u00e9 poss\u00edvel prever o seu desfecho ou sua potencial implica\u00e7\u00e3o em provis\u00f5es adicionais&#8221;, acrescentou a empresa.<\/p>\n<p><b>\u00a0\t<p>\n\t\t<a href=\"https:\/\/lp.suno.com.br\/ebook-como-analisar-uma-acao\/\" target=\"_blank\" data-element=\"shortcode-suno-banner\" title=\"Banner SUNO, clique e saiba mais\">\n\t\t\t<picture>\n\t\t\t\t<source media=\"(max-width: 500px)\" srcset=\"https:\/\/files.sunoresearch.com.br\/n\/uploads\/2023\/03\/Ebook-Acoes-Mobile.jpg\">\n\t\t\t\t<img class=\"newsContent__article__imgCapa newsContent__article__imgCapa--banner\"\n\t\t\t\t\tsrc=\"https:\/\/files.sunoresearch.com.br\/n\/uploads\/2023\/03\/Ebook-Acoes-Desktop.jpg\"\n\t\t\t\t\tdata-promo-id=\"378302\"\t\t\t\t\t\t\t\t\t\twidth='1420' height='286'\t\t\t\t\talt=\"https:\/\/files.sunoresearch.com.br\/n\/uploads\/2023\/03\/Ebook-Acoes-Desktop.jpg\"\n\t\t\t\t>\n\t\t\t<\/picture>\n\t\t<\/a>\n\t<\/p>\n\n<\/b><\/p>\n<h2>Dados s\u00f3cio urban\u00edsticos em Alagoas<\/h2>\n<p>A respeito dos potenciais <strong>impactos e danos s\u00f3cio urban\u00edsticos<\/strong>, a Braskem vai destinar o valor total de R$ 1,3 bilh\u00e3o, dos quais aproximadamente R$ 800 milh\u00f5es estavam inclu\u00eddos na provis\u00e3o para medidas socioambientais ao final do terceiro trimestre de 2020.<\/p>\n<p>Estes recursos preveem medidas nas \u00e1reas desocupadas, a\u00e7\u00f5es de mobilidade urbana e de compensa\u00e7\u00e3o social.<\/p>\n<p>Ademais, a Braskem e o MPF concordaram em:<\/p>\n<ul>\n<li>Destinar o montante adicional de <strong>R$ 300 milh\u00f5es<\/strong> para indeniza\u00e7\u00e3o por danos sociais e danos morais coletivos e para eventuais conting\u00eancias relacionadas \u00e0s a\u00e7\u00f5es nas \u00e1reas desocupadas e a\u00e7\u00f5es de mobilidade urbana.<\/li>\n<li>A constitui\u00e7\u00e3o de garantia real sobre determinados bens da companhia no valor de R$ 2,8 bilh\u00f5es em substitui\u00e7\u00e3o ao seguro-garantia apresentado anteriormente pela Braskem ao Ju\u00edzo no valor de R$ 1 bilh\u00e3o.<\/li>\n<li>A contrata\u00e7\u00e3o de consultorias especializadas para apoiar na defini\u00e7\u00e3o das a\u00e7\u00f5es estabelecidas no Acordo para Repara\u00e7\u00e3o Socioambiental e para atualiza\u00e7\u00e3o do programa de compliance socioambiental da Companhia, com estimativa de aproximadamente R$ 45 milh\u00f5es.<\/li>\n<\/ul>\n<p>Considerando os valores j\u00e1 provisionados sobre os\u00a0temas\u00a0relacionados \u00e0 ACP Socioambiental pela Companhia ao final do terceiro trimestre de 2020 e as a\u00e7\u00f5es adicionais expostas acima, a Brraskem estima o valor adicional de aproximadamente\u00a0<strong>R$ 900 milh\u00f5es<\/strong> para implementa\u00e7\u00e3o do Acordo para Repara\u00e7\u00e3o Socioambiental.<\/p>\n<p><b>\u00a0\t<p>\n\t\t<a href=\"https:\/\/lp.suno.com.br\/planilha-de-controle-de-investimentos\/\" target=\"_blank\" data-element=\"shortcode-suno-banner\" title=\"Banner SUNO, clique e saiba mais\">\n\t\t\t<picture>\n\t\t\t\t<source media=\"(max-width: 500px)\" srcset=\"https:\/\/files.sunoresearch.com.br\/n\/uploads\/2023\/03\/400x300-Controle-de-Investimentos.png\">\n\t\t\t\t<img class=\"newsContent__article__imgCapa newsContent__article__imgCapa--banner\"\n\t\t\t\t\tsrc=\"https:\/\/files.sunoresearch.com.br\/n\/uploads\/2023\/03\/1420x240-Controle-de-Investimentos.png\"\n\t\t\t\t\tdata-promo-id=\"75934\"\t\t\t\t\t\t\t\t\t\twidth='1420' height='240'\t\t\t\t\talt=\"https:\/\/files.sunoresearch.com.br\/n\/uploads\/2023\/03\/1420x240-Controle-de-Investimentos.png\"\n\t\t\t\t>\n\t\t\t<\/picture>\n\t\t<\/a>\n\t<\/p>\n\n <\/b><\/p>\n","protected":false},"excerpt":{"rendered":"<p>A Braskem (BRKM5) assinou hoje acordos com o objetivo de extinguir duas a\u00e7\u00f5es civis p\u00fablicas (ACP) contra a Braskem relacionadas \u00e0 compensa\u00e7\u00e3o dos moradores e \u00e0 repara\u00e7\u00e3o socioambiental do evento geol\u00f3gico em Alagoas. Braskem firma acordos em Alagoas Em fato relevante divulgado hoje, a Braskem estimou que as a\u00e7\u00f5es previstas nestes acordos somam cerca de [&hellip;]<\/p>\n","protected":false},"author":60,"featured_media":110741,"comment_status":"closed","ping_status":"closed","sticky":false,"template":"","format":"standard","meta":[],"categories":[64],"tags":[395],"suno_strategy":[],"class_list":["post-110735","post","type-post","status-publish","format-standard","has-post-thumbnail","hentry","category-negocios","tag-braskem-brkm3-brkm5-brkm6"],"yoast_head":"<!-- This site is optimized with the Yoast SEO plugin v24.4 - https:\/\/yoast.com\/wordpress\/plugins\/seo\/ -->\n<title>Braskem (BRKM5) firma acordos em Alagoas; valor sobe para R$ 9,1 bi<\/title>\n<meta name=\"description\" content=\"A Braskem (BRKM5) assinou hoje dois acordos com o objetivo de extinguir as a\u00e7\u00f5es civis p\u00fablicas (ACP) em Alagoas. Veja o an\u00fancio da Braskem.\" \/>\n<meta name=\"robots\" content=\"index, follow, max-snippet:-1, max-image-preview:large, max-video-preview:-1\" \/>\n<link rel=\"canonical\" href=\"https:\/\/www.suno.com.br\/noticias\/braskem-brkm5-acordos-alagoas-valor-sobe\/\" \/>\n<meta property=\"og:locale\" content=\"pt_BR\" \/>\n<meta property=\"og:type\" content=\"article\" \/>\n<meta property=\"og:title\" content=\"Braskem (BRKM5) firma acordos em Alagoas; valor sobe para R$ 9,1 bi\" \/>\n<meta property=\"og:description\" content=\"A Braskem (BRKM5) assinou hoje dois acordos com o objetivo de extinguir as a\u00e7\u00f5es civis p\u00fablicas (ACP) em Alagoas. Veja o an\u00fancio da Braskem.\" \/>\n<meta property=\"og:url\" content=\"https:\/\/www.suno.com.br\/noticias\/braskem-brkm5-acordos-alagoas-valor-sobe\/\" \/>\n<meta property=\"og:site_name\" content=\"Suno Not\u00edcias\" \/>\n<meta property=\"article:publisher\" content=\"https:\/\/facebook.com\/sunoresearch\" \/>\n<meta property=\"og:image\" content=\"https:\/\/files.sunoresearch.com.br\/n\/uploads\/2020\/12\/017da9c0-braskem.jpg\" \/>\n\t<meta property=\"og:image:width\" content=\"1024\" \/>\n\t<meta property=\"og:image:height\" content=\"615\" \/>\n\t<meta property=\"og:image:type\" content=\"image\/jpeg\" \/>\n<meta name=\"author\" content=\"Natalia G\u00f3mez\" \/>\n<meta name=\"twitter:card\" content=\"summary_large_image\" \/>\n<meta name=\"twitter:creator\" content=\"@sunoresearch\" \/>\n<meta name=\"twitter:site\" content=\"@sunoresearch\" \/>\n<meta name=\"twitter:label1\" content=\"Escrito por\" \/>\n\t<meta name=\"twitter:data1\" content=\"Natalia G\u00f3mez\" \/>\n\t<meta name=\"twitter:label2\" content=\"Est. tempo de leitura\" \/>\n\t<meta name=\"twitter:data2\" content=\"5 minutos\" \/>\n<script type=\"application\/ld+json\" class=\"yoast-schema-graph\">{\"@context\":\"https:\/\/schema.org\",\"@graph\":[{\"@type\":\"NewsArticle\",\"@id\":\"https:\/\/www.suno.com.br\/noticias\/braskem-brkm5-acordos-alagoas-valor-sobe\/#article\",\"isPartOf\":{\"@id\":\"https:\/\/www.suno.com.br\/noticias\/braskem-brkm5-acordos-alagoas-valor-sobe\/\"},\"author\":{\"name\":\"Natalia G\u00f3mez\",\"@id\":\"https:\/\/www.suno.com.br\/noticias\/#\/schema\/person\/1b24d67c140a42e864ef414497edb164\"},\"headline\":\"Braskem (BRKM5) firma acordos em Alagoas; valor sobe para R$ 9,1 bi\",\"datePublished\":\"2020-12-30T23:08:25+00:00\",\"mainEntityOfPage\":{\"@id\":\"https:\/\/www.suno.com.br\/noticias\/braskem-brkm5-acordos-alagoas-valor-sobe\/\"},\"wordCount\":1001,\"publisher\":{\"@id\":\"https:\/\/www.suno.com.br\/noticias\/#organization\"},\"image\":{\"@id\":\"https:\/\/www.suno.com.br\/noticias\/braskem-brkm5-acordos-alagoas-valor-sobe\/#primaryimage\"},\"thumbnailUrl\":\"https:\/\/files.sunoresearch.com.br\/n\/uploads\/2020\/12\/017da9c0-braskem-jpg.webp\",\"keywords\":[\"Braskem (BRKM3\/BRKM5\/BRKM6)\"],\"articleSection\":[\"Neg\u00f3cios\"],\"inLanguage\":\"pt-BR\"},{\"@type\":\"WebPage\",\"@id\":\"https:\/\/www.suno.com.br\/noticias\/braskem-brkm5-acordos-alagoas-valor-sobe\/\",\"url\":\"https:\/\/www.suno.com.br\/noticias\/braskem-brkm5-acordos-alagoas-valor-sobe\/\",\"name\":\"Braskem (BRKM5) firma acordos em Alagoas; valor sobe para R$ 9,1 bi\",\"isPartOf\":{\"@id\":\"https:\/\/www.suno.com.br\/noticias\/#website\"},\"primaryImageOfPage\":{\"@id\":\"https:\/\/www.suno.com.br\/noticias\/braskem-brkm5-acordos-alagoas-valor-sobe\/#primaryimage\"},\"image\":{\"@id\":\"https:\/\/www.suno.com.br\/noticias\/braskem-brkm5-acordos-alagoas-valor-sobe\/#primaryimage\"},\"thumbnailUrl\":\"https:\/\/files.sunoresearch.com.br\/n\/uploads\/2020\/12\/017da9c0-braskem-jpg.webp\",\"datePublished\":\"2020-12-30T23:08:25+00:00\",\"description\":\"A Braskem (BRKM5) assinou hoje dois acordos com o objetivo de extinguir as a\u00e7\u00f5es civis p\u00fablicas (ACP) em Alagoas. Veja o an\u00fancio da Braskem.\",\"breadcrumb\":{\"@id\":\"https:\/\/www.suno.com.br\/noticias\/braskem-brkm5-acordos-alagoas-valor-sobe\/#breadcrumb\"},\"inLanguage\":\"pt-BR\",\"potentialAction\":[{\"@type\":\"ReadAction\",\"target\":[\"https:\/\/www.suno.com.br\/noticias\/braskem-brkm5-acordos-alagoas-valor-sobe\/\"]}]},{\"@type\":\"ImageObject\",\"inLanguage\":\"pt-BR\",\"@id\":\"https:\/\/www.suno.com.br\/noticias\/braskem-brkm5-acordos-alagoas-valor-sobe\/#primaryimage\",\"url\":\"https:\/\/files.sunoresearch.com.br\/n\/uploads\/2020\/12\/017da9c0-braskem-jpg.webp\",\"contentUrl\":\"https:\/\/files.sunoresearch.com.br\/n\/uploads\/2020\/12\/017da9c0-braskem-jpg.webp\",\"width\":1024,\"height\":615,\"caption\":\"Braskem firma acordos em Alagoas\"},{\"@type\":\"BreadcrumbList\",\"@id\":\"https:\/\/www.suno.com.br\/noticias\/braskem-brkm5-acordos-alagoas-valor-sobe\/#breadcrumb\",\"itemListElement\":[{\"@type\":\"ListItem\",\"position\":1,\"name\":\"Not\u00edcias\",\"item\":\"https:\/\/www.suno.com.br\/noticias\/\"},{\"@type\":\"ListItem\",\"position\":2,\"name\":\"Neg\u00f3cios\",\"item\":\"https:\/\/www.suno.com.br\/noticias\/negocios\/\"},{\"@type\":\"ListItem\",\"position\":3,\"name\":\"Braskem (BRKM5) firma acordos em Alagoas; valor sobe para R$ 9,1 bi\"}]},{\"@type\":\"WebSite\",\"@id\":\"https:\/\/www.suno.com.br\/noticias\/#website\",\"url\":\"https:\/\/www.suno.com.br\/noticias\/\",\"name\":\"Suno Not\u00edcias\",\"description\":\"Seu portal de informa\u00e7\u00e3o sobre o mundo dos investimentos\",\"publisher\":{\"@id\":\"https:\/\/www.suno.com.br\/noticias\/#organization\"},\"potentialAction\":[{\"@type\":\"SearchAction\",\"target\":{\"@type\":\"EntryPoint\",\"urlTemplate\":\"https:\/\/www.suno.com.br\/noticias\/?s={search_term_string}\"},\"query-input\":{\"@type\":\"PropertyValueSpecification\",\"valueRequired\":true,\"valueName\":\"search_term_string\"}}],\"inLanguage\":\"pt-BR\"},{\"@type\":\"Organization\",\"@id\":\"https:\/\/www.suno.com.br\/noticias\/#organization\",\"name\":\"Suno Not\u00edcias\",\"url\":\"https:\/\/www.suno.com.br\/noticias\/\",\"logo\":{\"@type\":\"ImageObject\",\"inLanguage\":\"pt-BR\",\"@id\":\"https:\/\/www.suno.com.br\/noticias\/#\/schema\/logo\/image\/\",\"url\":\"https:\/\/files.sunoresearch.com.br\/n\/uploads\/2021\/09\/suno-logo.png\",\"contentUrl\":\"https:\/\/files.sunoresearch.com.br\/n\/uploads\/2021\/09\/suno-logo.png\",\"width\":180,\"height\":180,\"caption\":\"Suno Not\u00edcias\"},\"image\":{\"@id\":\"https:\/\/www.suno.com.br\/noticias\/#\/schema\/logo\/image\/\"},\"sameAs\":[\"https:\/\/facebook.com\/sunoresearch\",\"https:\/\/x.com\/sunoresearch\",\"https:\/\/www.instagram.com\/suno\",\"https:\/\/www.linkedin.com\/company\/suno-research\/\",\"https:\/\/www.youtube.com\/c\/sunoresearch\"]},{\"@type\":\"Person\",\"@id\":\"https:\/\/www.suno.com.br\/noticias\/#\/schema\/person\/1b24d67c140a42e864ef414497edb164\",\"name\":\"Natalia G\u00f3mez\",\"image\":{\"@type\":\"ImageObject\",\"inLanguage\":\"pt-BR\",\"@id\":\"https:\/\/www.suno.com.br\/noticias\/#\/schema\/person\/image\/\",\"url\":\"https:\/\/secure.gravatar.com\/avatar\/9e957e0b2b485c2d42c3f4145c16d940?s=96&r=g\",\"contentUrl\":\"https:\/\/secure.gravatar.com\/avatar\/9e957e0b2b485c2d42c3f4145c16d940?s=96&r=g\",\"caption\":\"Natalia G\u00f3mez\"},\"description\":\"Editora do Suno Not\u00edcias desde outubro de 2020, \u00e9 jornalista formada pela PUC-SP, com p\u00f3s-gradua\u00e7\u00e3o em jornalismo liter\u00e1rio. Atua no mercado financeiro desde 2003, quando iniciou a carreira no jornal econ\u00f4mico DCI, cobrindo o setor de alimentos no caderno de Ind\u00fastria. Foi trainee do jornal Valor Econ\u00f4mico, onde atuou no Caderno de Empresas por quase tr\u00eas anos. L\u00e1, cobriu o setor de ind\u00fastria, com foco em siderurgia, embalagens e aeroespacial. Fez coberturas setoriais em viagens para S\u00e3o Jos\u00e9 dos Campos e Franca (SP), al\u00e9m de coberturas internacionais na Alemanha e na Su\u00e9cia. Trabalhou por cinco anos na Ag\u00eancia Estado\/Broadcast, do Grupo Estado, onde foi rep\u00f3rter dos setores de minera\u00e7\u00e3o e siderurgia, alimentos e bebidas e finan\u00e7as. Foi premiada como o pr\u00eamio Destaque de Reportagem da AE em 2007 e 2008. Al\u00e9m de atuar no servi\u00e7o de not\u00edcias em tempo real, fez participa\u00e7\u00f5es no caderno de Economia do jornal Estado de S.Paulo e na R\u00e1dio Eldorado. Ainda no Grupo Estado, foi editora assistente da editoria Empresas e Setores, atuando com edi\u00e7\u00e3o e pauta, al\u00e9m de cobrir mercados diariamente com o cen\u00e1rio de bolsa e fazer reportagens especiais com foco em governan\u00e7a corporativa. Trabalhou tamb\u00e9m como correspondente de finan\u00e7as no servi\u00e7o da Thomson Reuters em portugu\u00eas por quase um ano. Atuou por cerca de oito anos como jornalista independente, contribuindo para ve\u00edculos como UOL Economia, Infomoney e Revista Voc\u00ea SA, al\u00e9m de ter trabalhado em projetos na \u00e1rea de conte\u00fado e comunica\u00e7\u00e3o de institui\u00e7\u00f5es financeiras como Anbima, Banco BS2, Banco Pine, Ita\u00fa BBA e EQI.\",\"url\":\"https:\/\/www.suno.com.br\/noticias\/author\/natalia-gomez\/\"}]}<\/script>\n<!-- \/ Yoast SEO plugin. -->","yoast_head_json":{"title":"Braskem (BRKM5) firma acordos em Alagoas; valor sobe para R$ 9,1 bi","description":"A Braskem (BRKM5) assinou hoje dois acordos com o objetivo de extinguir as a\u00e7\u00f5es civis p\u00fablicas (ACP) em Alagoas. Veja o an\u00fancio da Braskem.","robots":{"index":"index","follow":"follow","max-snippet":"max-snippet:-1","max-image-preview":"max-image-preview:large","max-video-preview":"max-video-preview:-1"},"canonical":"https:\/\/www.suno.com.br\/noticias\/braskem-brkm5-acordos-alagoas-valor-sobe\/","og_locale":"pt_BR","og_type":"article","og_title":"Braskem (BRKM5) firma acordos em Alagoas; valor sobe para R$ 9,1 bi","og_description":"A Braskem (BRKM5) assinou hoje dois acordos com o objetivo de extinguir as a\u00e7\u00f5es civis p\u00fablicas (ACP) em Alagoas. Veja o an\u00fancio da Braskem.","og_url":"https:\/\/www.suno.com.br\/noticias\/braskem-brkm5-acordos-alagoas-valor-sobe\/","og_site_name":"Suno Not\u00edcias","article_publisher":"https:\/\/facebook.com\/sunoresearch","og_image":[{"width":1024,"height":615,"url":"https:\/\/files.sunoresearch.com.br\/n\/uploads\/2020\/12\/017da9c0-braskem.jpg","type":"image\/jpeg"}],"author":"Natalia G\u00f3mez","twitter_card":"summary_large_image","twitter_creator":"@sunoresearch","twitter_site":"@sunoresearch","twitter_misc":{"Escrito por":"Natalia G\u00f3mez","Est. tempo de leitura":"5 minutos"},"schema":{"@context":"https:\/\/schema.org","@graph":[{"@type":"NewsArticle","@id":"https:\/\/www.suno.com.br\/noticias\/braskem-brkm5-acordos-alagoas-valor-sobe\/#article","isPartOf":{"@id":"https:\/\/www.suno.com.br\/noticias\/braskem-brkm5-acordos-alagoas-valor-sobe\/"},"author":{"name":"Natalia G\u00f3mez","@id":"https:\/\/www.suno.com.br\/noticias\/#\/schema\/person\/1b24d67c140a42e864ef414497edb164"},"headline":"Braskem (BRKM5) firma acordos em Alagoas; valor sobe para R$ 9,1 bi","datePublished":"2020-12-30T23:08:25+00:00","mainEntityOfPage":{"@id":"https:\/\/www.suno.com.br\/noticias\/braskem-brkm5-acordos-alagoas-valor-sobe\/"},"wordCount":1001,"publisher":{"@id":"https:\/\/www.suno.com.br\/noticias\/#organization"},"image":{"@id":"https:\/\/www.suno.com.br\/noticias\/braskem-brkm5-acordos-alagoas-valor-sobe\/#primaryimage"},"thumbnailUrl":"https:\/\/files.sunoresearch.com.br\/n\/uploads\/2020\/12\/017da9c0-braskem-jpg.webp","keywords":["Braskem (BRKM3\/BRKM5\/BRKM6)"],"articleSection":["Neg\u00f3cios"],"inLanguage":"pt-BR"},{"@type":"WebPage","@id":"https:\/\/www.suno.com.br\/noticias\/braskem-brkm5-acordos-alagoas-valor-sobe\/","url":"https:\/\/www.suno.com.br\/noticias\/braskem-brkm5-acordos-alagoas-valor-sobe\/","name":"Braskem (BRKM5) firma acordos em Alagoas; valor sobe para R$ 9,1 bi","isPartOf":{"@id":"https:\/\/www.suno.com.br\/noticias\/#website"},"primaryImageOfPage":{"@id":"https:\/\/www.suno.com.br\/noticias\/braskem-brkm5-acordos-alagoas-valor-sobe\/#primaryimage"},"image":{"@id":"https:\/\/www.suno.com.br\/noticias\/braskem-brkm5-acordos-alagoas-valor-sobe\/#primaryimage"},"thumbnailUrl":"https:\/\/files.sunoresearch.com.br\/n\/uploads\/2020\/12\/017da9c0-braskem-jpg.webp","datePublished":"2020-12-30T23:08:25+00:00","description":"A Braskem (BRKM5) assinou hoje dois acordos com o objetivo de extinguir as a\u00e7\u00f5es civis p\u00fablicas (ACP) em Alagoas. Veja o an\u00fancio da Braskem.","breadcrumb":{"@id":"https:\/\/www.suno.com.br\/noticias\/braskem-brkm5-acordos-alagoas-valor-sobe\/#breadcrumb"},"inLanguage":"pt-BR","potentialAction":[{"@type":"ReadAction","target":["https:\/\/www.suno.com.br\/noticias\/braskem-brkm5-acordos-alagoas-valor-sobe\/"]}]},{"@type":"ImageObject","inLanguage":"pt-BR","@id":"https:\/\/www.suno.com.br\/noticias\/braskem-brkm5-acordos-alagoas-valor-sobe\/#primaryimage","url":"https:\/\/files.sunoresearch.com.br\/n\/uploads\/2020\/12\/017da9c0-braskem-jpg.webp","contentUrl":"https:\/\/files.sunoresearch.com.br\/n\/uploads\/2020\/12\/017da9c0-braskem-jpg.webp","width":1024,"height":615,"caption":"Braskem firma acordos em Alagoas"},{"@type":"BreadcrumbList","@id":"https:\/\/www.suno.com.br\/noticias\/braskem-brkm5-acordos-alagoas-valor-sobe\/#breadcrumb","itemListElement":[{"@type":"ListItem","position":1,"name":"Not\u00edcias","item":"https:\/\/www.suno.com.br\/noticias\/"},{"@type":"ListItem","position":2,"name":"Neg\u00f3cios","item":"https:\/\/www.suno.com.br\/noticias\/negocios\/"},{"@type":"ListItem","position":3,"name":"Braskem (BRKM5) firma acordos em Alagoas; valor sobe para R$ 9,1 bi"}]},{"@type":"WebSite","@id":"https:\/\/www.suno.com.br\/noticias\/#website","url":"https:\/\/www.suno.com.br\/noticias\/","name":"Suno Not\u00edcias","description":"Seu portal de informa\u00e7\u00e3o sobre o mundo dos investimentos","publisher":{"@id":"https:\/\/www.suno.com.br\/noticias\/#organization"},"potentialAction":[{"@type":"SearchAction","target":{"@type":"EntryPoint","urlTemplate":"https:\/\/www.suno.com.br\/noticias\/?s={search_term_string}"},"query-input":{"@type":"PropertyValueSpecification","valueRequired":true,"valueName":"search_term_string"}}],"inLanguage":"pt-BR"},{"@type":"Organization","@id":"https:\/\/www.suno.com.br\/noticias\/#organization","name":"Suno Not\u00edcias","url":"https:\/\/www.suno.com.br\/noticias\/","logo":{"@type":"ImageObject","inLanguage":"pt-BR","@id":"https:\/\/www.suno.com.br\/noticias\/#\/schema\/logo\/image\/","url":"https:\/\/files.sunoresearch.com.br\/n\/uploads\/2021\/09\/suno-logo.png","contentUrl":"https:\/\/files.sunoresearch.com.br\/n\/uploads\/2021\/09\/suno-logo.png","width":180,"height":180,"caption":"Suno Not\u00edcias"},"image":{"@id":"https:\/\/www.suno.com.br\/noticias\/#\/schema\/logo\/image\/"},"sameAs":["https:\/\/facebook.com\/sunoresearch","https:\/\/x.com\/sunoresearch","https:\/\/www.instagram.com\/suno","https:\/\/www.linkedin.com\/company\/suno-research\/","https:\/\/www.youtube.com\/c\/sunoresearch"]},{"@type":"Person","@id":"https:\/\/www.suno.com.br\/noticias\/#\/schema\/person\/1b24d67c140a42e864ef414497edb164","name":"Natalia G\u00f3mez","image":{"@type":"ImageObject","inLanguage":"pt-BR","@id":"https:\/\/www.suno.com.br\/noticias\/#\/schema\/person\/image\/","url":"https:\/\/secure.gravatar.com\/avatar\/9e957e0b2b485c2d42c3f4145c16d940?s=96&r=g","contentUrl":"https:\/\/secure.gravatar.com\/avatar\/9e957e0b2b485c2d42c3f4145c16d940?s=96&r=g","caption":"Natalia G\u00f3mez"},"description":"Editora do Suno Not\u00edcias desde outubro de 2020, \u00e9 jornalista formada pela PUC-SP, com p\u00f3s-gradua\u00e7\u00e3o em jornalismo liter\u00e1rio. Atua no mercado financeiro desde 2003, quando iniciou a carreira no jornal econ\u00f4mico DCI, cobrindo o setor de alimentos no caderno de Ind\u00fastria. Foi trainee do jornal Valor Econ\u00f4mico, onde atuou no Caderno de Empresas por quase tr\u00eas anos. L\u00e1, cobriu o setor de ind\u00fastria, com foco em siderurgia, embalagens e aeroespacial. Fez coberturas setoriais em viagens para S\u00e3o Jos\u00e9 dos Campos e Franca (SP), al\u00e9m de coberturas internacionais na Alemanha e na Su\u00e9cia. Trabalhou por cinco anos na Ag\u00eancia Estado\/Broadcast, do Grupo Estado, onde foi rep\u00f3rter dos setores de minera\u00e7\u00e3o e siderurgia, alimentos e bebidas e finan\u00e7as. Foi premiada como o pr\u00eamio Destaque de Reportagem da AE em 2007 e 2008. Al\u00e9m de atuar no servi\u00e7o de not\u00edcias em tempo real, fez participa\u00e7\u00f5es no caderno de Economia do jornal Estado de S.Paulo e na R\u00e1dio Eldorado. Ainda no Grupo Estado, foi editora assistente da editoria Empresas e Setores, atuando com edi\u00e7\u00e3o e pauta, al\u00e9m de cobrir mercados diariamente com o cen\u00e1rio de bolsa e fazer reportagens especiais com foco em governan\u00e7a corporativa. Trabalhou tamb\u00e9m como correspondente de finan\u00e7as no servi\u00e7o da Thomson Reuters em portugu\u00eas por quase um ano. Atuou por cerca de oito anos como jornalista independente, contribuindo para ve\u00edculos como UOL Economia, Infomoney e Revista Voc\u00ea SA, al\u00e9m de ter trabalhado em projetos na \u00e1rea de conte\u00fado e comunica\u00e7\u00e3o de institui\u00e7\u00f5es financeiras como Anbima, Banco BS2, Banco Pine, Ita\u00fa BBA e EQI.","url":"https:\/\/www.suno.com.br\/noticias\/author\/natalia-gomez\/"}]}},"default_loop_html":"<div class=\"cardsPage__listCard__boxs\"><div class=\"cardsPage__listCard__boxs__img\"><a href=\"https:\/\/www.suno.com.br\/noticias\/braskem-brkm5-acordos-alagoas-valor-sobe\/\"><img class=\"mask\" src=\"https:\/\/www.suno.com.br\/noticias\/wp-content\/themes\/suno\/resources\/images\/spotlight\/spotlight1img\/bg-mask.png\" alt=\"Image Mask\"\/><img src=\"https:\/\/files.sunoresearch.com.br\/n\/uploads\/2020\/12\/017da9c0-braskem-400x200.webp\" alt=\"Braskem (BRKM5) firma acordos em Alagoas; valor sobe para R$ 9,1 bi\"\/><\/a><span class=\"spotlightCategory\"><a href=\"https:\/\/www.suno.com.br\/noticias\/negocios\/\">Neg\u00f3cios<\/a><\/span><\/div><div class=\"cardsPage__listCard__boxs__content\"><a href=\"https:\/\/www.suno.com.br\/noticias\/braskem-brkm5-acordos-alagoas-valor-sobe\/\"><h2 class=\"content__title\">Braskem (BRKM5) firma acordos em Alagoas; valor sobe para R$ 9,1 bi<\/h2><\/a><div class=\"newsContent__article__meta\"><div class=\"newsContent__article__meta__authorBox\"><a href=\"https:\/\/www.suno.com.br\/noticias\/author\/natalia-gomez\/\" class=\"authorBox__avatar noMobi\"><img src=\"https:\/\/secure.gravatar.com\/avatar\/9e957e0b2b485c2d42c3f4145c16d940?s=96&#038;r=g\" alt=\"Natalia G\u00f3mez\"><\/a><div class=\"authorBox__name\"><span>por\n\t\t\t<a href=\"https:\/\/www.suno.com.br\/noticias\/author\/natalia-gomez\/\"><span itemprop=\"author\">Natalia G\u00f3mez<\/span><\/a><\/span><time datetime=\"2020-12-30T20:08:25-03:00\" itemprop=\"datePublished\">30\/12\/2020 20:08<\/time><\/div><\/div><\/div><\/div><\/div>","single_layout":"posts","amp_enabled":true,"_links":{"self":[{"href":"https:\/\/www.suno.com.br\/noticias\/wp-json\/wp\/v2\/posts\/110735"}],"collection":[{"href":"https:\/\/www.suno.com.br\/noticias\/wp-json\/wp\/v2\/posts"}],"about":[{"href":"https:\/\/www.suno.com.br\/noticias\/wp-json\/wp\/v2\/types\/post"}],"author":[{"embeddable":true,"href":"https:\/\/www.suno.com.br\/noticias\/wp-json\/wp\/v2\/users\/60"}],"replies":[{"embeddable":true,"href":"https:\/\/www.suno.com.br\/noticias\/wp-json\/wp\/v2\/comments?post=110735"}],"version-history":[{"count":0,"href":"https:\/\/www.suno.com.br\/noticias\/wp-json\/wp\/v2\/posts\/110735\/revisions"}],"wp:featuredmedia":[{"embeddable":true,"href":"https:\/\/www.suno.com.br\/noticias\/wp-json\/wp\/v2\/media\/110741"}],"wp:attachment":[{"href":"https:\/\/www.suno.com.br\/noticias\/wp-json\/wp\/v2\/media?parent=110735"}],"wp:term":[{"taxonomy":"category","embeddable":true,"href":"https:\/\/www.suno.com.br\/noticias\/wp-json\/wp\/v2\/categories?post=110735"},{"taxonomy":"post_tag","embeddable":true,"href":"https:\/\/www.suno.com.br\/noticias\/wp-json\/wp\/v2\/tags?post=110735"},{"taxonomy":"suno_strategy","embeddable":true,"href":"https:\/\/www.suno.com.br\/noticias\/wp-json\/wp\/v2\/suno_strategy?post=110735"}],"curies":[{"name":"wp","href":"https:\/\/api.w.org\/{rel}","templated":true}]}}