{"id":11061,"date":"2019-01-09T20:17:01","date_gmt":"2019-01-09T22:17:01","guid":{"rendered":"https:\/\/www.suno.com.br\/noticias\/?p=11061"},"modified":"2019-01-10T11:44:43","modified_gmt":"2019-01-10T13:44:43","slug":"arabia-saudita-anuncia-cortes-exportacoes-petroleo","status":"publish","type":"post","link":"https:\/\/www.suno.com.br\/noticias\/arabia-saudita-anuncia-cortes-exportacoes-petroleo\/","title":{"rendered":"Ar\u00e1bia Saudita reduzir\u00e1 de 10% exporta\u00e7\u00f5es de petr\u00f3leo"},"content":{"rendered":"<p>A Ar\u00e1bia Saudita anunciou nesta quarta-feira (9) a inten\u00e7\u00e3o de reduzir suas exporta\u00e7\u00f5es de petr\u00f3leo em 10%.<\/p>\t<div class=\"wrapper-featured-image\">\n\t\t<figure class=\"spotlightImg\">\n\n\t\t\t<picture>\n\t\t\t\t<source media=\"(max-width: 768px)\" srcset=\"https:\/\/files.sunoresearch.com.br\/n\/uploads\/2018\/12\/7d0d9a9c-petrobras-400x200.webp\">\n\t\t\t\t<img loading=\"lazy\" decoding=\"async\" class=\"newsContent__article__imgCapa lazyloadDisabled newsContent__article__imgCapa--noCaption\" src=\"https:\/\/files.sunoresearch.com.br\/n\/uploads\/2018\/12\/7d0d9a9c-petrobras-800x450.webp\" width=\"800\" height=\"450\" alt=\"Ar\u00e1bia Saudita reduzir\u00e1 de 10% exporta\u00e7\u00f5es de petr\u00f3leo\" fetchpriority=high \/>\n\t\t\t<\/picture>\n\n\t\t\t<figcaption class=\"wp-caption-text wp-caption-text--hide\">Petrobras<\/figcaption>\n\t\t<\/figure>\n\t<\/div>\n\n\n<p>A <strong>Ar\u00e1bia<\/strong> <strong>Saudita<\/strong> \u00e9 o primeiro exportador mundial de <strong>petr\u00f3leo<\/strong>. O pa\u00eds \u00e1rabe vai reduzir suas exporta\u00e7\u00f5es em 800 mil barris por dia. Desta forma, as exporta\u00e7\u00f5es passar\u00e3o de 8 milh\u00f5es por dia em novembro contra 7,2 milh\u00f5es em janeiro. O objetivo \u00e9 estabilizar o pre\u00e7o da <strong>commodity<\/strong>.<\/p>\n<p><a href=\"https:\/\/www.suno.com.br\/noticias\/petroleo-china-eua\/\">Saiba mais:\u00a0Pre\u00e7os do petr\u00f3leo sobem com influ\u00eancia da negocia\u00e7\u00e3o China-EUA\u00a0<\/a><\/p>\n<p>Segundo o ministro da Energia saudita, Khalid al-Falih, uma redu\u00e7\u00e3o suplementar de 100 mil barris por dia est\u00e1 prevista para fevereiro.<\/p>\n<p>\u201cQueremos seriamente encontrar um equil\u00edbrio dos mercados\u201d, afirmou o ministro em uma coletiva de imprensa em Riade. Al-Falih manifestou preocupa\u00e7\u00e3o com a volatilidade das <a href=\"https:\/\/www.suno.com.br\/artigos\/cotacao-do-petroleo\/\">cota\u00e7\u00f5es do petr\u00f3leo<\/a>.<\/p>\n<p>O ministro explicou que a produ\u00e7\u00e3o saudita se reduziu para 10,2 milh\u00f5es de barris por dia. At\u00e9 maio do ano passado era de 11 milh\u00f5es de barris extra\u00eddos diariamente. Naquele m\u00eas, os pa\u00edses produtores de petr\u00f3leo decidiram terminar o acordo para a limita\u00e7\u00e3o da oferta.<\/p>\n<p><a href=\"https:\/\/www.suno.com.br\/noticias\/petroleo-dispara-20-minimas-dezembro\/\">Saiba mais:\u00a0Petr\u00f3leo dispara mais de 20% desde m\u00ednimas em dezembro\u00a0<\/a><\/p>\n<p>Entretanto, al-Falih desmentiu a not\u00edcia publicada no The Wall Street Journal na \u00faltima segunda-feira (7). Segundo o jornal dos EUA, o pa\u00eds \u00e1rabe estaria tentando levar os pre\u00e7os de volta para US$ 80 o barril. Hoje o petr\u00f3leo WTI est\u00e1 cotado por volta de US$ 50 d\u00f3lares.<\/p>\n<p>Para o ministro, a redu\u00e7\u00e3o das exporta\u00e7\u00f5es &#8220;n\u00e3o \u00e9 uma decis\u00e3o pensada com um target de pre\u00e7o&#8221;, mas foi elaborada para &#8220;garantir que, antes de tudo, os estoques estejam aos n\u00edveis adequados enquanto continuamos a monitorar a situa\u00e7\u00e3o&#8221;. &#8220;Na Ar\u00e1bia Saudita continuamos concentrados nos fundamentais. Posso lhe garantir que vamos obter um equil\u00edbrio entre demanda e oferta em 2019&#8221;, afirmou o al-Falih.<\/p>\n<h2>OPEP corta exporta\u00e7\u00e3o<\/h2>\n<p>Em dezembro, a <strong>Organiza\u00e7\u00e3o dos Pa\u00edses Exportadores de Petr\u00f3leo<\/strong> (<strong>OPEP<\/strong>) decidiu reduzir coletivamente a produ\u00e7\u00e3o. A partir de 1\u00ba de janeiro, a produ\u00e7\u00e3o do cartel passaria para 1,2 milh\u00f5es de barris por dia. A OPEP est\u00e1 tentando terminar com o excesso de oferta no mercado e impulsionar os pre\u00e7os. A <strong>Ar\u00e1bia<\/strong> <strong>Saudita<\/strong> \u00e9 o membro mais importante da Organiza\u00e7\u00e3o.<\/p>\n","protected":false},"excerpt":{"rendered":"<p>A Ar\u00e1bia Saudita anunciou nesta quarta-feira (9) a inten\u00e7\u00e3o de reduzir suas exporta\u00e7\u00f5es de petr\u00f3leo em 10%. Petrobras A Ar\u00e1bia Saudita \u00e9 o primeiro exportador mundial de petr\u00f3leo. O pa\u00eds \u00e1rabe vai reduzir suas exporta\u00e7\u00f5es em 800 mil barris por dia. Desta forma, as exporta\u00e7\u00f5es passar\u00e3o de 8 milh\u00f5es por dia em novembro contra 7,2 [&hellip;]<\/p>\n","protected":false},"author":14,"featured_media":8012,"comment_status":"closed","ping_status":"closed","sticky":false,"template":"","format":"standard","meta":[],"categories":[63],"tags":[960,707,766],"suno_strategy":[],"class_list":["post-11061","post","type-post","status-publish","format-standard","has-post-thumbnail","hentry","category-internacional","tag-arabia-saudita","tag-exportacoes","tag-petroleo"],"yoast_head":"<!-- This site is optimized with the Yoast SEO plugin v24.4 - https:\/\/yoast.com\/wordpress\/plugins\/seo\/ -->\n<title>Ar\u00e1bia Saudita anuncia plano de cortes nas exporta\u00e7\u00f5es de petr\u00f3leo<\/title>\n<meta name=\"description\" content=\"O an\u00fancio ocorreu nesta quarta-feira (09) por meio do ministro de Energia da Ar\u00e1bia Saudita, Khalid al-Falih. Clique para saber mais.\" \/>\n<meta name=\"robots\" content=\"index, follow, max-snippet:-1, max-image-preview:large, max-video-preview:-1\" \/>\n<link rel=\"canonical\" href=\"https:\/\/www.suno.com.br\/noticias\/arabia-saudita-anuncia-cortes-exportacoes-petroleo\/\" \/>\n<meta property=\"og:locale\" content=\"pt_BR\" \/>\n<meta property=\"og:type\" content=\"article\" \/>\n<meta property=\"og:title\" content=\"Ar\u00e1bia Saudita anuncia plano de cortes nas exporta\u00e7\u00f5es de petr\u00f3leo\" \/>\n<meta property=\"og:description\" content=\"O an\u00fancio ocorreu nesta quarta-feira (09) por meio do ministro de Energia da Ar\u00e1bia Saudita, Khalid al-Falih. Clique para saber mais.\" \/>\n<meta property=\"og:url\" content=\"https:\/\/www.suno.com.br\/noticias\/arabia-saudita-anuncia-cortes-exportacoes-petroleo\/\" \/>\n<meta property=\"og:site_name\" content=\"Suno Not\u00edcias\" \/>\n<meta property=\"article:publisher\" content=\"https:\/\/facebook.com\/sunoresearch\" \/>\n<meta property=\"og:image\" content=\"https:\/\/files.sunoresearch.com.br\/n\/uploads\/2018\/12\/7d0d9a9c-petrobras.jpg\" \/>\n\t<meta property=\"og:image:width\" content=\"2200\" \/>\n\t<meta property=\"og:image:height\" content=\"1467\" \/>\n\t<meta property=\"og:image:type\" content=\"image\/jpeg\" \/>\n<meta name=\"author\" content=\"Renan Dantas\" \/>\n<meta name=\"twitter:card\" content=\"summary_large_image\" \/>\n<meta name=\"twitter:creator\" content=\"@sunoresearch\" \/>\n<meta name=\"twitter:site\" content=\"@sunoresearch\" \/>\n<meta name=\"twitter:label1\" content=\"Escrito por\" \/>\n\t<meta name=\"twitter:data1\" content=\"Renan Dantas\" \/>\n\t<meta name=\"twitter:label2\" content=\"Est. tempo de leitura\" \/>\n\t<meta name=\"twitter:data2\" content=\"2 minutos\" \/>\n<script type=\"application\/ld+json\" class=\"yoast-schema-graph\">{\"@context\":\"https:\/\/schema.org\",\"@graph\":[{\"@type\":\"NewsArticle\",\"@id\":\"https:\/\/www.suno.com.br\/noticias\/arabia-saudita-anuncia-cortes-exportacoes-petroleo\/#article\",\"isPartOf\":{\"@id\":\"https:\/\/www.suno.com.br\/noticias\/arabia-saudita-anuncia-cortes-exportacoes-petroleo\/\"},\"author\":{\"name\":\"Renan Dantas\",\"@id\":\"https:\/\/www.suno.com.br\/noticias\/#\/schema\/person\/3f7693d5795a3f6d5ce15309ee785699\"},\"headline\":\"Ar\u00e1bia Saudita reduzir\u00e1 de 10% exporta\u00e7\u00f5es de petr\u00f3leo\",\"datePublished\":\"2019-01-09T22:17:01+00:00\",\"dateModified\":\"2019-01-10T13:44:43+00:00\",\"mainEntityOfPage\":{\"@id\":\"https:\/\/www.suno.com.br\/noticias\/arabia-saudita-anuncia-cortes-exportacoes-petroleo\/\"},\"wordCount\":398,\"publisher\":{\"@id\":\"https:\/\/www.suno.com.br\/noticias\/#organization\"},\"image\":{\"@id\":\"https:\/\/www.suno.com.br\/noticias\/arabia-saudita-anuncia-cortes-exportacoes-petroleo\/#primaryimage\"},\"thumbnailUrl\":\"https:\/\/files.sunoresearch.com.br\/n\/uploads\/2018\/12\/7d0d9a9c-petrobras-jpg.webp\",\"keywords\":[\"Ar\u00e1bia Saudita\",\"exporta\u00e7\u00f5es\",\"Petr\u00f3leo\"],\"articleSection\":[\"Internacional\"],\"inLanguage\":\"pt-BR\"},{\"@type\":\"WebPage\",\"@id\":\"https:\/\/www.suno.com.br\/noticias\/arabia-saudita-anuncia-cortes-exportacoes-petroleo\/\",\"url\":\"https:\/\/www.suno.com.br\/noticias\/arabia-saudita-anuncia-cortes-exportacoes-petroleo\/\",\"name\":\"Ar\u00e1bia Saudita anuncia plano de cortes nas exporta\u00e7\u00f5es de petr\u00f3leo\",\"isPartOf\":{\"@id\":\"https:\/\/www.suno.com.br\/noticias\/#website\"},\"primaryImageOfPage\":{\"@id\":\"https:\/\/www.suno.com.br\/noticias\/arabia-saudita-anuncia-cortes-exportacoes-petroleo\/#primaryimage\"},\"image\":{\"@id\":\"https:\/\/www.suno.com.br\/noticias\/arabia-saudita-anuncia-cortes-exportacoes-petroleo\/#primaryimage\"},\"thumbnailUrl\":\"https:\/\/files.sunoresearch.com.br\/n\/uploads\/2018\/12\/7d0d9a9c-petrobras-jpg.webp\",\"datePublished\":\"2019-01-09T22:17:01+00:00\",\"dateModified\":\"2019-01-10T13:44:43+00:00\",\"description\":\"O an\u00fancio ocorreu nesta quarta-feira (09) por meio do ministro de Energia da Ar\u00e1bia Saudita, Khalid al-Falih. Clique para saber mais.\",\"breadcrumb\":{\"@id\":\"https:\/\/www.suno.com.br\/noticias\/arabia-saudita-anuncia-cortes-exportacoes-petroleo\/#breadcrumb\"},\"inLanguage\":\"pt-BR\",\"potentialAction\":[{\"@type\":\"ReadAction\",\"target\":[\"https:\/\/www.suno.com.br\/noticias\/arabia-saudita-anuncia-cortes-exportacoes-petroleo\/\"]}]},{\"@type\":\"ImageObject\",\"inLanguage\":\"pt-BR\",\"@id\":\"https:\/\/www.suno.com.br\/noticias\/arabia-saudita-anuncia-cortes-exportacoes-petroleo\/#primaryimage\",\"url\":\"https:\/\/files.sunoresearch.com.br\/n\/uploads\/2018\/12\/7d0d9a9c-petrobras-jpg.webp\",\"contentUrl\":\"https:\/\/files.sunoresearch.com.br\/n\/uploads\/2018\/12\/7d0d9a9c-petrobras-jpg.webp\",\"width\":2200,\"height\":1467,\"caption\":\"Petrobras\"},{\"@type\":\"BreadcrumbList\",\"@id\":\"https:\/\/www.suno.com.br\/noticias\/arabia-saudita-anuncia-cortes-exportacoes-petroleo\/#breadcrumb\",\"itemListElement\":[{\"@type\":\"ListItem\",\"position\":1,\"name\":\"Not\u00edcias\",\"item\":\"https:\/\/www.suno.com.br\/noticias\/\"},{\"@type\":\"ListItem\",\"position\":2,\"name\":\"Internacional\",\"item\":\"https:\/\/www.suno.com.br\/noticias\/internacional\/\"},{\"@type\":\"ListItem\",\"position\":3,\"name\":\"Ar\u00e1bia Saudita reduzir\u00e1 de 10% exporta\u00e7\u00f5es de petr\u00f3leo\"}]},{\"@type\":\"WebSite\",\"@id\":\"https:\/\/www.suno.com.br\/noticias\/#website\",\"url\":\"https:\/\/www.suno.com.br\/noticias\/\",\"name\":\"Suno Not\u00edcias\",\"description\":\"Seu portal de informa\u00e7\u00e3o sobre o mundo dos investimentos\",\"publisher\":{\"@id\":\"https:\/\/www.suno.com.br\/noticias\/#organization\"},\"potentialAction\":[{\"@type\":\"SearchAction\",\"target\":{\"@type\":\"EntryPoint\",\"urlTemplate\":\"https:\/\/www.suno.com.br\/noticias\/?s={search_term_string}\"},\"query-input\":{\"@type\":\"PropertyValueSpecification\",\"valueRequired\":true,\"valueName\":\"search_term_string\"}}],\"inLanguage\":\"pt-BR\"},{\"@type\":\"Organization\",\"@id\":\"https:\/\/www.suno.com.br\/noticias\/#organization\",\"name\":\"Suno Not\u00edcias\",\"url\":\"https:\/\/www.suno.com.br\/noticias\/\",\"logo\":{\"@type\":\"ImageObject\",\"inLanguage\":\"pt-BR\",\"@id\":\"https:\/\/www.suno.com.br\/noticias\/#\/schema\/logo\/image\/\",\"url\":\"https:\/\/files.sunoresearch.com.br\/n\/uploads\/2021\/09\/suno-logo.png\",\"contentUrl\":\"https:\/\/files.sunoresearch.com.br\/n\/uploads\/2021\/09\/suno-logo.png\",\"width\":180,\"height\":180,\"caption\":\"Suno Not\u00edcias\"},\"image\":{\"@id\":\"https:\/\/www.suno.com.br\/noticias\/#\/schema\/logo\/image\/\"},\"sameAs\":[\"https:\/\/facebook.com\/sunoresearch\",\"https:\/\/x.com\/sunoresearch\",\"https:\/\/www.instagram.com\/suno\",\"https:\/\/www.linkedin.com\/company\/suno-research\/\",\"https:\/\/www.youtube.com\/c\/sunoresearch\"]},{\"@type\":\"Person\",\"@id\":\"https:\/\/www.suno.com.br\/noticias\/#\/schema\/person\/3f7693d5795a3f6d5ce15309ee785699\",\"name\":\"Renan Dantas\",\"image\":{\"@type\":\"ImageObject\",\"inLanguage\":\"pt-BR\",\"@id\":\"https:\/\/www.suno.com.br\/noticias\/#\/schema\/person\/image\/\",\"url\":\"https:\/\/secure.gravatar.com\/avatar\/1787b83e7484a08e51d62ac8b41c8396?s=96&r=g\",\"contentUrl\":\"https:\/\/secure.gravatar.com\/avatar\/1787b83e7484a08e51d62ac8b41c8396?s=96&r=g\",\"caption\":\"Renan Dantas\"},\"description\":\"Escreve sobre pol\u00edtica e mercado financeiro para o portal Suno Not\u00edcias. Antes, atuou na assessoria de comunica\u00e7\u00e3o do Minist\u00e9rio P\u00fablico do Trabalho e na R\u00e1dio Mackenzie, onde apresentava e produzia um programa sobre artistas da m\u00fasica brasileira. \u00c9 estudante na Universidade Presbiteriana Mackenzie.\",\"url\":\"https:\/\/www.suno.com.br\/noticias\/author\/renan-dantas\/\"}]}<\/script>\n<!-- \/ Yoast SEO plugin. -->","yoast_head_json":{"title":"Ar\u00e1bia Saudita anuncia plano de cortes nas exporta\u00e7\u00f5es de petr\u00f3leo","description":"O an\u00fancio ocorreu nesta quarta-feira (09) por meio do ministro de Energia da Ar\u00e1bia Saudita, Khalid al-Falih. Clique para saber mais.","robots":{"index":"index","follow":"follow","max-snippet":"max-snippet:-1","max-image-preview":"max-image-preview:large","max-video-preview":"max-video-preview:-1"},"canonical":"https:\/\/www.suno.com.br\/noticias\/arabia-saudita-anuncia-cortes-exportacoes-petroleo\/","og_locale":"pt_BR","og_type":"article","og_title":"Ar\u00e1bia Saudita anuncia plano de cortes nas exporta\u00e7\u00f5es de petr\u00f3leo","og_description":"O an\u00fancio ocorreu nesta quarta-feira (09) por meio do ministro de Energia da Ar\u00e1bia Saudita, Khalid al-Falih. Clique para saber mais.","og_url":"https:\/\/www.suno.com.br\/noticias\/arabia-saudita-anuncia-cortes-exportacoes-petroleo\/","og_site_name":"Suno Not\u00edcias","article_publisher":"https:\/\/facebook.com\/sunoresearch","og_image":[{"width":2200,"height":1467,"url":"https:\/\/files.sunoresearch.com.br\/n\/uploads\/2018\/12\/7d0d9a9c-petrobras.jpg","type":"image\/jpeg"}],"author":"Renan Dantas","twitter_card":"summary_large_image","twitter_creator":"@sunoresearch","twitter_site":"@sunoresearch","twitter_misc":{"Escrito por":"Renan Dantas","Est. tempo de leitura":"2 minutos"},"schema":{"@context":"https:\/\/schema.org","@graph":[{"@type":"NewsArticle","@id":"https:\/\/www.suno.com.br\/noticias\/arabia-saudita-anuncia-cortes-exportacoes-petroleo\/#article","isPartOf":{"@id":"https:\/\/www.suno.com.br\/noticias\/arabia-saudita-anuncia-cortes-exportacoes-petroleo\/"},"author":{"name":"Renan Dantas","@id":"https:\/\/www.suno.com.br\/noticias\/#\/schema\/person\/3f7693d5795a3f6d5ce15309ee785699"},"headline":"Ar\u00e1bia Saudita reduzir\u00e1 de 10% exporta\u00e7\u00f5es de petr\u00f3leo","datePublished":"2019-01-09T22:17:01+00:00","dateModified":"2019-01-10T13:44:43+00:00","mainEntityOfPage":{"@id":"https:\/\/www.suno.com.br\/noticias\/arabia-saudita-anuncia-cortes-exportacoes-petroleo\/"},"wordCount":398,"publisher":{"@id":"https:\/\/www.suno.com.br\/noticias\/#organization"},"image":{"@id":"https:\/\/www.suno.com.br\/noticias\/arabia-saudita-anuncia-cortes-exportacoes-petroleo\/#primaryimage"},"thumbnailUrl":"https:\/\/files.sunoresearch.com.br\/n\/uploads\/2018\/12\/7d0d9a9c-petrobras-jpg.webp","keywords":["Ar\u00e1bia Saudita","exporta\u00e7\u00f5es","Petr\u00f3leo"],"articleSection":["Internacional"],"inLanguage":"pt-BR"},{"@type":"WebPage","@id":"https:\/\/www.suno.com.br\/noticias\/arabia-saudita-anuncia-cortes-exportacoes-petroleo\/","url":"https:\/\/www.suno.com.br\/noticias\/arabia-saudita-anuncia-cortes-exportacoes-petroleo\/","name":"Ar\u00e1bia Saudita anuncia plano de cortes nas exporta\u00e7\u00f5es de petr\u00f3leo","isPartOf":{"@id":"https:\/\/www.suno.com.br\/noticias\/#website"},"primaryImageOfPage":{"@id":"https:\/\/www.suno.com.br\/noticias\/arabia-saudita-anuncia-cortes-exportacoes-petroleo\/#primaryimage"},"image":{"@id":"https:\/\/www.suno.com.br\/noticias\/arabia-saudita-anuncia-cortes-exportacoes-petroleo\/#primaryimage"},"thumbnailUrl":"https:\/\/files.sunoresearch.com.br\/n\/uploads\/2018\/12\/7d0d9a9c-petrobras-jpg.webp","datePublished":"2019-01-09T22:17:01+00:00","dateModified":"2019-01-10T13:44:43+00:00","description":"O an\u00fancio ocorreu nesta quarta-feira (09) por meio do ministro de Energia da Ar\u00e1bia Saudita, Khalid al-Falih. Clique para saber mais.","breadcrumb":{"@id":"https:\/\/www.suno.com.br\/noticias\/arabia-saudita-anuncia-cortes-exportacoes-petroleo\/#breadcrumb"},"inLanguage":"pt-BR","potentialAction":[{"@type":"ReadAction","target":["https:\/\/www.suno.com.br\/noticias\/arabia-saudita-anuncia-cortes-exportacoes-petroleo\/"]}]},{"@type":"ImageObject","inLanguage":"pt-BR","@id":"https:\/\/www.suno.com.br\/noticias\/arabia-saudita-anuncia-cortes-exportacoes-petroleo\/#primaryimage","url":"https:\/\/files.sunoresearch.com.br\/n\/uploads\/2018\/12\/7d0d9a9c-petrobras-jpg.webp","contentUrl":"https:\/\/files.sunoresearch.com.br\/n\/uploads\/2018\/12\/7d0d9a9c-petrobras-jpg.webp","width":2200,"height":1467,"caption":"Petrobras"},{"@type":"BreadcrumbList","@id":"https:\/\/www.suno.com.br\/noticias\/arabia-saudita-anuncia-cortes-exportacoes-petroleo\/#breadcrumb","itemListElement":[{"@type":"ListItem","position":1,"name":"Not\u00edcias","item":"https:\/\/www.suno.com.br\/noticias\/"},{"@type":"ListItem","position":2,"name":"Internacional","item":"https:\/\/www.suno.com.br\/noticias\/internacional\/"},{"@type":"ListItem","position":3,"name":"Ar\u00e1bia Saudita reduzir\u00e1 de 10% exporta\u00e7\u00f5es de petr\u00f3leo"}]},{"@type":"WebSite","@id":"https:\/\/www.suno.com.br\/noticias\/#website","url":"https:\/\/www.suno.com.br\/noticias\/","name":"Suno Not\u00edcias","description":"Seu portal de informa\u00e7\u00e3o sobre o mundo dos investimentos","publisher":{"@id":"https:\/\/www.suno.com.br\/noticias\/#organization"},"potentialAction":[{"@type":"SearchAction","target":{"@type":"EntryPoint","urlTemplate":"https:\/\/www.suno.com.br\/noticias\/?s={search_term_string}"},"query-input":{"@type":"PropertyValueSpecification","valueRequired":true,"valueName":"search_term_string"}}],"inLanguage":"pt-BR"},{"@type":"Organization","@id":"https:\/\/www.suno.com.br\/noticias\/#organization","name":"Suno Not\u00edcias","url":"https:\/\/www.suno.com.br\/noticias\/","logo":{"@type":"ImageObject","inLanguage":"pt-BR","@id":"https:\/\/www.suno.com.br\/noticias\/#\/schema\/logo\/image\/","url":"https:\/\/files.sunoresearch.com.br\/n\/uploads\/2021\/09\/suno-logo.png","contentUrl":"https:\/\/files.sunoresearch.com.br\/n\/uploads\/2021\/09\/suno-logo.png","width":180,"height":180,"caption":"Suno Not\u00edcias"},"image":{"@id":"https:\/\/www.suno.com.br\/noticias\/#\/schema\/logo\/image\/"},"sameAs":["https:\/\/facebook.com\/sunoresearch","https:\/\/x.com\/sunoresearch","https:\/\/www.instagram.com\/suno","https:\/\/www.linkedin.com\/company\/suno-research\/","https:\/\/www.youtube.com\/c\/sunoresearch"]},{"@type":"Person","@id":"https:\/\/www.suno.com.br\/noticias\/#\/schema\/person\/3f7693d5795a3f6d5ce15309ee785699","name":"Renan Dantas","image":{"@type":"ImageObject","inLanguage":"pt-BR","@id":"https:\/\/www.suno.com.br\/noticias\/#\/schema\/person\/image\/","url":"https:\/\/secure.gravatar.com\/avatar\/1787b83e7484a08e51d62ac8b41c8396?s=96&r=g","contentUrl":"https:\/\/secure.gravatar.com\/avatar\/1787b83e7484a08e51d62ac8b41c8396?s=96&r=g","caption":"Renan Dantas"},"description":"Escreve sobre pol\u00edtica e mercado financeiro para o portal Suno Not\u00edcias. Antes, atuou na assessoria de comunica\u00e7\u00e3o do Minist\u00e9rio P\u00fablico do Trabalho e na R\u00e1dio Mackenzie, onde apresentava e produzia um programa sobre artistas da m\u00fasica brasileira. \u00c9 estudante na Universidade Presbiteriana Mackenzie.","url":"https:\/\/www.suno.com.br\/noticias\/author\/renan-dantas\/"}]}},"default_loop_html":"<div class=\"cardsPage__listCard__boxs\"><div class=\"cardsPage__listCard__boxs__img\"><a href=\"https:\/\/www.suno.com.br\/noticias\/arabia-saudita-anuncia-cortes-exportacoes-petroleo\/\"><img class=\"mask\" src=\"https:\/\/www.suno.com.br\/noticias\/wp-content\/themes\/suno\/resources\/images\/spotlight\/spotlight1img\/bg-mask.png\" alt=\"Image Mask\"\/><img src=\"https:\/\/files.sunoresearch.com.br\/n\/uploads\/2018\/12\/7d0d9a9c-petrobras-400x200.webp\" alt=\"Ar\u00e1bia Saudita reduzir\u00e1 de 10% exporta\u00e7\u00f5es de petr\u00f3leo\"\/><\/a><span class=\"spotlightCategory\"><a href=\"https:\/\/www.suno.com.br\/noticias\/internacional\/\">Internacional<\/a><\/span><\/div><div class=\"cardsPage__listCard__boxs__content\"><a href=\"https:\/\/www.suno.com.br\/noticias\/arabia-saudita-anuncia-cortes-exportacoes-petroleo\/\"><h2 class=\"content__title\">Ar\u00e1bia Saudita reduzir\u00e1 de 10% exporta\u00e7\u00f5es de petr\u00f3leo<\/h2><\/a><div class=\"newsContent__article__meta\"><div class=\"newsContent__article__meta__authorBox\"><a href=\"https:\/\/www.suno.com.br\/noticias\/author\/renan-dantas\/\" class=\"authorBox__avatar noMobi\"><img src=\"https:\/\/secure.gravatar.com\/avatar\/1787b83e7484a08e51d62ac8b41c8396?s=96&#038;r=g\" alt=\"Renan Dantas\"><\/a><div class=\"authorBox__name\"><span>por\n\t\t\t<a href=\"https:\/\/www.suno.com.br\/noticias\/author\/renan-dantas\/\"><span itemprop=\"author\">Renan Dantas<\/span><\/a><\/span><time datetime=\"2019-01-09T20:17:01-02:00\" itemprop=\"datePublished\">09\/01\/2019 20:17<\/time><\/div><\/div><\/div><\/div><\/div>","single_layout":"posts","amp_enabled":true,"_links":{"self":[{"href":"https:\/\/www.suno.com.br\/noticias\/wp-json\/wp\/v2\/posts\/11061"}],"collection":[{"href":"https:\/\/www.suno.com.br\/noticias\/wp-json\/wp\/v2\/posts"}],"about":[{"href":"https:\/\/www.suno.com.br\/noticias\/wp-json\/wp\/v2\/types\/post"}],"author":[{"embeddable":true,"href":"https:\/\/www.suno.com.br\/noticias\/wp-json\/wp\/v2\/users\/14"}],"replies":[{"embeddable":true,"href":"https:\/\/www.suno.com.br\/noticias\/wp-json\/wp\/v2\/comments?post=11061"}],"version-history":[{"count":0,"href":"https:\/\/www.suno.com.br\/noticias\/wp-json\/wp\/v2\/posts\/11061\/revisions"}],"wp:featuredmedia":[{"embeddable":true,"href":"https:\/\/www.suno.com.br\/noticias\/wp-json\/wp\/v2\/media\/8012"}],"wp:attachment":[{"href":"https:\/\/www.suno.com.br\/noticias\/wp-json\/wp\/v2\/media?parent=11061"}],"wp:term":[{"taxonomy":"category","embeddable":true,"href":"https:\/\/www.suno.com.br\/noticias\/wp-json\/wp\/v2\/categories?post=11061"},{"taxonomy":"post_tag","embeddable":true,"href":"https:\/\/www.suno.com.br\/noticias\/wp-json\/wp\/v2\/tags?post=11061"},{"taxonomy":"suno_strategy","embeddable":true,"href":"https:\/\/www.suno.com.br\/noticias\/wp-json\/wp\/v2\/suno_strategy?post=11061"}],"curies":[{"name":"wp","href":"https:\/\/api.w.org\/{rel}","templated":true}]}}