{"id":11044,"date":"2019-01-09T18:50:23","date_gmt":"2019-01-09T20:50:23","guid":{"rendered":"https:\/\/www.suno.com.br\/noticias\/?p=11044"},"modified":"2021-02-17T22:49:44","modified_gmt":"2021-02-18T01:49:44","slug":"fed-incertezas-taxa-juros-eua","status":"publish","type":"post","link":"https:\/\/www.suno.com.br\/noticias\/fed-incertezas-taxa-juros-eua\/","title":{"rendered":"Fed expressa incertezas sobre rumo da taxa de juros nos EUA"},"content":{"rendered":"<p>Os dirigentes do Federal Reserve (Fed, o banco central americano) expressaram d\u00favidas quanto ao futuro da pol\u00edtica monet\u00e1ria dos Estados Unidos. A ata do encontro do Comit\u00ea Federal de Mercado Aberto (FOMC) realizado em dezembro foi divulgada nesta quarta (9).<\/p>\t<div class=\"wrapper-featured-image\">\n\t\t<figure class=\"spotlightImg\">\n\n\t\t\t<picture>\n\t\t\t\t<source media=\"(max-width: 768px)\" srcset=\"https:\/\/files.sunoresearch.com.br\/n\/uploads\/2018\/11\/9dc0530a-federal-reserve-400x200.webp\">\n\t\t\t\t<img loading=\"lazy\" decoding=\"async\" class=\"newsContent__article__imgCapa lazyloadDisabled newsContent__article__imgCapa--noCaption\" src=\"https:\/\/files.sunoresearch.com.br\/n\/uploads\/2018\/11\/9dc0530a-federal-reserve-800x450.webp\" width=\"800\" height=\"450\" alt=\"Fed expressa incertezas sobre rumo da taxa de juros nos EUA\" fetchpriority=high \/>\n\t\t\t<\/picture>\n\n\t\t\t<figcaption class=\"wp-caption-text wp-caption-text--hide\">Sede do Federal Reserve (Fed), em Washington D.C.<\/figcaption>\n\t\t<\/figure>\n\t<\/div>\n\n\n<p>&#8220;Os membros concordaram que o momento e o tamanho dos futuros <a href=\"https:\/\/www.suno.com.br\/noticias\/trump-critica-bc-eua-elevacao-juros\/\">ajustes na <strong>taxa de juros<\/strong><\/a> dependeriam de sua avalia\u00e7\u00e3o das condi\u00e7\u00f5es econ\u00f4micas realizadas e esperadas em rela\u00e7\u00e3o aos objetivos m\u00e1ximos de emprego e infla\u00e7\u00e3o&#8221;, dizia o documento do <strong>Fed<\/strong>.<\/p>\n<p>O receio dos mercados com a economia global foi o principal fator para a mudan\u00e7a no rumo dos neg\u00f3cios, conforme avalia\u00e7\u00e3o dos dirigentes do Fed. Eles destacaram que h\u00e1 maior preocupa\u00e7\u00e3o das empresas com a economia global e indicaram que \u00e9 importante avaliar os riscos antes de mexer novamente na taxa de juros.<\/p>\n<p>O documento relata a observa\u00e7\u00e3o de v\u00e1rios dirigentes quanto a uma cont\u00ednua fraqueza do mercado imobili\u00e1rio. Mas enfatizaram que o investimento fixo das empresas se manteve s\u00f3lido, apesar de uma desacelera\u00e7\u00e3o. Sinalizaram tamb\u00e9m que as condi\u00e7\u00f5es do mercado de trabalho continuaram fortes, enquanto houve melhora na participa\u00e7\u00e3o da for\u00e7a de trabalho nos EUA.<\/p>\n<p><a href=\"https:\/\/www.suno.com.br\/noticias\/seguindo-tendencia-de-otimismo-dolar-cai-e-fecha-cotado-a-r-3688\/\">Saiba mais: Puxado pela reforma da Previd\u00eancia, d\u00f3lar cai e fecha cotado a R$ 3,688<\/a><\/p>\n<p>O Brasil foi citado na ata. O <strong>Fed<\/strong> afirmou que, fora dos <a href=\"https:\/\/www.suno.com.br\/noticias\/donald-trump-muro-governo\/\">Estados Unidos<\/a>, o crescimento econ\u00f4mico de pa\u00edses emergentes em ritmo moderado no terceiro trimestre de 2018 compensou a perda de f\u00f4lego de economias desenvolvidas. O documento diz que &#8220;o crescimento no Brasil e no M\u00e9xico se recuperou da fraqueza transit\u00f3ria do segundo trimestre, compensando a desacelera\u00e7\u00e3o na China e na \u00cdndia&#8221;.<\/p>\n<h2>Confiro o trecho da ata do Fed acerca da economia externa<\/h2>\n<p>&#8220;O crescimento de economias externas se manteve num ritmo moderado no terceiro trimestre, uma vez que a recupera\u00e7\u00e3o nas economias dos pa\u00edses emergentes praticamente compensou a desacelera\u00e7\u00e3o do crescimento nas economias avan\u00e7adas. Entre os emergentes, o crescimento no Brasil e no M\u00e9xico se recuperou da fraqueza transit\u00f3ria do segundo trimestre, compensando a desacelera\u00e7\u00e3o na China e na \u00cdndia. A suavidade no crescimento das economias avan\u00e7adas refletiu parcialmente fatores tempor\u00e1rios, incluindo desastres naturais no Jap\u00e3o e a ado\u00e7\u00e3o de novos testes de emiss\u00e3o de gases na Alemanha. Os indicadores de atividade econ\u00f4mica no quarto trimestre foram consistentes com a continuidade do moderado crescimento econ\u00f4mico externo. A infla\u00e7\u00e3o externa caiu nos \u00faltimos meses, refletindo em larga medida uma resist\u00eancia significativa dos pre\u00e7os mais baixos do petr\u00f3leo.&#8221;<\/p>\n","protected":false},"excerpt":{"rendered":"<p>Os dirigentes do Federal Reserve (Fed, o banco central americano) expressaram d\u00favidas quanto ao futuro da pol\u00edtica monet\u00e1ria dos Estados Unidos. A ata do encontro do Comit\u00ea Federal de Mercado Aberto (FOMC) realizado em dezembro foi divulgada nesta quarta (9). Sede do Federal Reserve (Fed), em Washington D.C. &#8220;Os membros concordaram que o momento e [&hellip;]<\/p>\n","protected":false},"author":13,"featured_media":6926,"comment_status":"closed","ping_status":"closed","sticky":false,"template":"","format":"standard","meta":[],"categories":[63],"tags":[1842,793,776],"suno_strategy":[],"class_list":["post-11044","post","type-post","status-publish","format-standard","has-post-thumbnail","hentry","category-internacional","tag-banco-central-bc","tag-estados-unidos-eua","tag-federal-reseve-fed"],"yoast_head":"<!-- This site is optimized with the Yoast SEO plugin v24.4 - https:\/\/yoast.com\/wordpress\/plugins\/seo\/ -->\n<title>Fed expressa incertezas sobre rumo da taxa de juros nos EUA<\/title>\n<meta name=\"description\" content=\"A ata do encontro do Comit\u00ea Federal de Mercado Aberto (FOMC) realizado em dezembro foi divulgada nesta quarta (9) pelo Fed. Clique e saiba+\" \/>\n<meta name=\"robots\" content=\"index, follow, max-snippet:-1, max-image-preview:large, max-video-preview:-1\" \/>\n<link rel=\"canonical\" href=\"https:\/\/www.suno.com.br\/noticias\/fed-incertezas-taxa-juros-eua\/\" \/>\n<meta property=\"og:locale\" content=\"pt_BR\" \/>\n<meta property=\"og:type\" content=\"article\" \/>\n<meta property=\"og:title\" content=\"Fed expressa incertezas sobre rumo da taxa de juros nos EUA\" \/>\n<meta property=\"og:description\" content=\"A ata do encontro do Comit\u00ea Federal de Mercado Aberto (FOMC) realizado em dezembro foi divulgada nesta quarta (9) pelo Fed. Clique e saiba+\" \/>\n<meta property=\"og:url\" content=\"https:\/\/www.suno.com.br\/noticias\/fed-incertezas-taxa-juros-eua\/\" \/>\n<meta property=\"og:site_name\" content=\"Suno Not\u00edcias\" \/>\n<meta property=\"article:publisher\" content=\"https:\/\/facebook.com\/sunoresearch\" \/>\n<meta property=\"og:image\" content=\"https:\/\/files.sunoresearch.com.br\/n\/uploads\/2018\/11\/9dc0530a-federal-reserve.jpg\" \/>\n\t<meta property=\"og:image:width\" content=\"1024\" \/>\n\t<meta property=\"og:image:height\" content=\"656\" \/>\n\t<meta property=\"og:image:type\" content=\"image\/jpeg\" \/>\n<meta name=\"author\" content=\"Guilherme Caetano\" \/>\n<meta name=\"twitter:card\" content=\"summary_large_image\" \/>\n<meta name=\"twitter:creator\" content=\"@sunoresearch\" \/>\n<meta name=\"twitter:site\" content=\"@sunoresearch\" \/>\n<meta name=\"twitter:label1\" content=\"Escrito por\" \/>\n\t<meta name=\"twitter:data1\" content=\"Guilherme Caetano\" \/>\n\t<meta name=\"twitter:label2\" content=\"Est. tempo de leitura\" \/>\n\t<meta name=\"twitter:data2\" content=\"2 minutos\" \/>\n<script type=\"application\/ld+json\" class=\"yoast-schema-graph\">{\"@context\":\"https:\/\/schema.org\",\"@graph\":[{\"@type\":\"NewsArticle\",\"@id\":\"https:\/\/www.suno.com.br\/noticias\/fed-incertezas-taxa-juros-eua\/#article\",\"isPartOf\":{\"@id\":\"https:\/\/www.suno.com.br\/noticias\/fed-incertezas-taxa-juros-eua\/\"},\"author\":{\"name\":\"Guilherme Caetano\",\"@id\":\"https:\/\/www.suno.com.br\/noticias\/#\/schema\/person\/0d0c9687cd2f600c564f25980c140de9\"},\"headline\":\"Fed expressa incertezas sobre rumo da taxa de juros nos EUA\",\"datePublished\":\"2019-01-09T20:50:23+00:00\",\"dateModified\":\"2021-02-18T01:49:44+00:00\",\"mainEntityOfPage\":{\"@id\":\"https:\/\/www.suno.com.br\/noticias\/fed-incertezas-taxa-juros-eua\/\"},\"wordCount\":455,\"publisher\":{\"@id\":\"https:\/\/www.suno.com.br\/noticias\/#organization\"},\"image\":{\"@id\":\"https:\/\/www.suno.com.br\/noticias\/fed-incertezas-taxa-juros-eua\/#primaryimage\"},\"thumbnailUrl\":\"https:\/\/files.sunoresearch.com.br\/n\/uploads\/2018\/11\/9dc0530a-federal-reserve-jpg.webp\",\"keywords\":[\"Banco Central (BC)\",\"Estados Unidos (EUA)\",\"Federal Reserve (FED)\"],\"articleSection\":[\"Internacional\"],\"inLanguage\":\"pt-BR\"},{\"@type\":\"WebPage\",\"@id\":\"https:\/\/www.suno.com.br\/noticias\/fed-incertezas-taxa-juros-eua\/\",\"url\":\"https:\/\/www.suno.com.br\/noticias\/fed-incertezas-taxa-juros-eua\/\",\"name\":\"Fed expressa incertezas sobre rumo da taxa de juros nos EUA\",\"isPartOf\":{\"@id\":\"https:\/\/www.suno.com.br\/noticias\/#website\"},\"primaryImageOfPage\":{\"@id\":\"https:\/\/www.suno.com.br\/noticias\/fed-incertezas-taxa-juros-eua\/#primaryimage\"},\"image\":{\"@id\":\"https:\/\/www.suno.com.br\/noticias\/fed-incertezas-taxa-juros-eua\/#primaryimage\"},\"thumbnailUrl\":\"https:\/\/files.sunoresearch.com.br\/n\/uploads\/2018\/11\/9dc0530a-federal-reserve-jpg.webp\",\"datePublished\":\"2019-01-09T20:50:23+00:00\",\"dateModified\":\"2021-02-18T01:49:44+00:00\",\"description\":\"A ata do encontro do Comit\u00ea Federal de Mercado Aberto (FOMC) realizado em dezembro foi divulgada nesta quarta (9) pelo Fed. Clique e saiba+\",\"breadcrumb\":{\"@id\":\"https:\/\/www.suno.com.br\/noticias\/fed-incertezas-taxa-juros-eua\/#breadcrumb\"},\"inLanguage\":\"pt-BR\",\"potentialAction\":[{\"@type\":\"ReadAction\",\"target\":[\"https:\/\/www.suno.com.br\/noticias\/fed-incertezas-taxa-juros-eua\/\"]}]},{\"@type\":\"ImageObject\",\"inLanguage\":\"pt-BR\",\"@id\":\"https:\/\/www.suno.com.br\/noticias\/fed-incertezas-taxa-juros-eua\/#primaryimage\",\"url\":\"https:\/\/files.sunoresearch.com.br\/n\/uploads\/2018\/11\/9dc0530a-federal-reserve-jpg.webp\",\"contentUrl\":\"https:\/\/files.sunoresearch.com.br\/n\/uploads\/2018\/11\/9dc0530a-federal-reserve-jpg.webp\",\"width\":1024,\"height\":656,\"caption\":\"Sede do Federal Reserve (Fed), em Washington D.C.\"},{\"@type\":\"BreadcrumbList\",\"@id\":\"https:\/\/www.suno.com.br\/noticias\/fed-incertezas-taxa-juros-eua\/#breadcrumb\",\"itemListElement\":[{\"@type\":\"ListItem\",\"position\":1,\"name\":\"Not\u00edcias\",\"item\":\"https:\/\/www.suno.com.br\/noticias\/\"},{\"@type\":\"ListItem\",\"position\":2,\"name\":\"Internacional\",\"item\":\"https:\/\/www.suno.com.br\/noticias\/internacional\/\"},{\"@type\":\"ListItem\",\"position\":3,\"name\":\"Fed expressa incertezas sobre rumo da taxa de juros nos EUA\"}]},{\"@type\":\"WebSite\",\"@id\":\"https:\/\/www.suno.com.br\/noticias\/#website\",\"url\":\"https:\/\/www.suno.com.br\/noticias\/\",\"name\":\"Suno Not\u00edcias\",\"description\":\"Seu portal de informa\u00e7\u00e3o sobre o mundo dos investimentos\",\"publisher\":{\"@id\":\"https:\/\/www.suno.com.br\/noticias\/#organization\"},\"potentialAction\":[{\"@type\":\"SearchAction\",\"target\":{\"@type\":\"EntryPoint\",\"urlTemplate\":\"https:\/\/www.suno.com.br\/noticias\/?s={search_term_string}\"},\"query-input\":{\"@type\":\"PropertyValueSpecification\",\"valueRequired\":true,\"valueName\":\"search_term_string\"}}],\"inLanguage\":\"pt-BR\"},{\"@type\":\"Organization\",\"@id\":\"https:\/\/www.suno.com.br\/noticias\/#organization\",\"name\":\"Suno Not\u00edcias\",\"url\":\"https:\/\/www.suno.com.br\/noticias\/\",\"logo\":{\"@type\":\"ImageObject\",\"inLanguage\":\"pt-BR\",\"@id\":\"https:\/\/www.suno.com.br\/noticias\/#\/schema\/logo\/image\/\",\"url\":\"https:\/\/files.sunoresearch.com.br\/n\/uploads\/2021\/09\/suno-logo.png\",\"contentUrl\":\"https:\/\/files.sunoresearch.com.br\/n\/uploads\/2021\/09\/suno-logo.png\",\"width\":180,\"height\":180,\"caption\":\"Suno Not\u00edcias\"},\"image\":{\"@id\":\"https:\/\/www.suno.com.br\/noticias\/#\/schema\/logo\/image\/\"},\"sameAs\":[\"https:\/\/facebook.com\/sunoresearch\",\"https:\/\/x.com\/sunoresearch\",\"https:\/\/www.instagram.com\/suno\",\"https:\/\/www.linkedin.com\/company\/suno-research\/\",\"https:\/\/www.youtube.com\/c\/sunoresearch\"]},{\"@type\":\"Person\",\"@id\":\"https:\/\/www.suno.com.br\/noticias\/#\/schema\/person\/0d0c9687cd2f600c564f25980c140de9\",\"name\":\"Guilherme Caetano\",\"image\":{\"@type\":\"ImageObject\",\"inLanguage\":\"pt-BR\",\"@id\":\"https:\/\/www.suno.com.br\/noticias\/#\/schema\/person\/image\/\",\"url\":\"https:\/\/secure.gravatar.com\/avatar\/e48357351a01702a0d19307070e081bf?s=96&r=g\",\"contentUrl\":\"https:\/\/secure.gravatar.com\/avatar\/e48357351a01702a0d19307070e081bf?s=96&r=g\",\"caption\":\"Guilherme Caetano\"},\"description\":\"Formado em jornalismo pela Escola de Comunica\u00e7\u00f5es e Artes da USP, Guilherme Caetano escreve para o portal de not\u00edcias da Suno Research. Passou pelas reda\u00e7\u00f5es da Folha de S.Paulo e da revista \u00c9poca.\",\"url\":\"https:\/\/www.suno.com.br\/noticias\/author\/guilherme-caetano\/\"}]}<\/script>\n<!-- \/ Yoast SEO plugin. -->","yoast_head_json":{"title":"Fed expressa incertezas sobre rumo da taxa de juros nos EUA","description":"A ata do encontro do Comit\u00ea Federal de Mercado Aberto (FOMC) realizado em dezembro foi divulgada nesta quarta (9) pelo Fed. Clique e saiba+","robots":{"index":"index","follow":"follow","max-snippet":"max-snippet:-1","max-image-preview":"max-image-preview:large","max-video-preview":"max-video-preview:-1"},"canonical":"https:\/\/www.suno.com.br\/noticias\/fed-incertezas-taxa-juros-eua\/","og_locale":"pt_BR","og_type":"article","og_title":"Fed expressa incertezas sobre rumo da taxa de juros nos EUA","og_description":"A ata do encontro do Comit\u00ea Federal de Mercado Aberto (FOMC) realizado em dezembro foi divulgada nesta quarta (9) pelo Fed. Clique e saiba+","og_url":"https:\/\/www.suno.com.br\/noticias\/fed-incertezas-taxa-juros-eua\/","og_site_name":"Suno Not\u00edcias","article_publisher":"https:\/\/facebook.com\/sunoresearch","og_image":[{"width":1024,"height":656,"url":"https:\/\/files.sunoresearch.com.br\/n\/uploads\/2018\/11\/9dc0530a-federal-reserve.jpg","type":"image\/jpeg"}],"author":"Guilherme Caetano","twitter_card":"summary_large_image","twitter_creator":"@sunoresearch","twitter_site":"@sunoresearch","twitter_misc":{"Escrito por":"Guilherme Caetano","Est. tempo de leitura":"2 minutos"},"schema":{"@context":"https:\/\/schema.org","@graph":[{"@type":"NewsArticle","@id":"https:\/\/www.suno.com.br\/noticias\/fed-incertezas-taxa-juros-eua\/#article","isPartOf":{"@id":"https:\/\/www.suno.com.br\/noticias\/fed-incertezas-taxa-juros-eua\/"},"author":{"name":"Guilherme Caetano","@id":"https:\/\/www.suno.com.br\/noticias\/#\/schema\/person\/0d0c9687cd2f600c564f25980c140de9"},"headline":"Fed expressa incertezas sobre rumo da taxa de juros nos EUA","datePublished":"2019-01-09T20:50:23+00:00","dateModified":"2021-02-18T01:49:44+00:00","mainEntityOfPage":{"@id":"https:\/\/www.suno.com.br\/noticias\/fed-incertezas-taxa-juros-eua\/"},"wordCount":455,"publisher":{"@id":"https:\/\/www.suno.com.br\/noticias\/#organization"},"image":{"@id":"https:\/\/www.suno.com.br\/noticias\/fed-incertezas-taxa-juros-eua\/#primaryimage"},"thumbnailUrl":"https:\/\/files.sunoresearch.com.br\/n\/uploads\/2018\/11\/9dc0530a-federal-reserve-jpg.webp","keywords":["Banco Central (BC)","Estados Unidos (EUA)","Federal Reserve (FED)"],"articleSection":["Internacional"],"inLanguage":"pt-BR"},{"@type":"WebPage","@id":"https:\/\/www.suno.com.br\/noticias\/fed-incertezas-taxa-juros-eua\/","url":"https:\/\/www.suno.com.br\/noticias\/fed-incertezas-taxa-juros-eua\/","name":"Fed expressa incertezas sobre rumo da taxa de juros nos EUA","isPartOf":{"@id":"https:\/\/www.suno.com.br\/noticias\/#website"},"primaryImageOfPage":{"@id":"https:\/\/www.suno.com.br\/noticias\/fed-incertezas-taxa-juros-eua\/#primaryimage"},"image":{"@id":"https:\/\/www.suno.com.br\/noticias\/fed-incertezas-taxa-juros-eua\/#primaryimage"},"thumbnailUrl":"https:\/\/files.sunoresearch.com.br\/n\/uploads\/2018\/11\/9dc0530a-federal-reserve-jpg.webp","datePublished":"2019-01-09T20:50:23+00:00","dateModified":"2021-02-18T01:49:44+00:00","description":"A ata do encontro do Comit\u00ea Federal de Mercado Aberto (FOMC) realizado em dezembro foi divulgada nesta quarta (9) pelo Fed. Clique e saiba+","breadcrumb":{"@id":"https:\/\/www.suno.com.br\/noticias\/fed-incertezas-taxa-juros-eua\/#breadcrumb"},"inLanguage":"pt-BR","potentialAction":[{"@type":"ReadAction","target":["https:\/\/www.suno.com.br\/noticias\/fed-incertezas-taxa-juros-eua\/"]}]},{"@type":"ImageObject","inLanguage":"pt-BR","@id":"https:\/\/www.suno.com.br\/noticias\/fed-incertezas-taxa-juros-eua\/#primaryimage","url":"https:\/\/files.sunoresearch.com.br\/n\/uploads\/2018\/11\/9dc0530a-federal-reserve-jpg.webp","contentUrl":"https:\/\/files.sunoresearch.com.br\/n\/uploads\/2018\/11\/9dc0530a-federal-reserve-jpg.webp","width":1024,"height":656,"caption":"Sede do Federal Reserve (Fed), em Washington D.C."},{"@type":"BreadcrumbList","@id":"https:\/\/www.suno.com.br\/noticias\/fed-incertezas-taxa-juros-eua\/#breadcrumb","itemListElement":[{"@type":"ListItem","position":1,"name":"Not\u00edcias","item":"https:\/\/www.suno.com.br\/noticias\/"},{"@type":"ListItem","position":2,"name":"Internacional","item":"https:\/\/www.suno.com.br\/noticias\/internacional\/"},{"@type":"ListItem","position":3,"name":"Fed expressa incertezas sobre rumo da taxa de juros nos EUA"}]},{"@type":"WebSite","@id":"https:\/\/www.suno.com.br\/noticias\/#website","url":"https:\/\/www.suno.com.br\/noticias\/","name":"Suno Not\u00edcias","description":"Seu portal de informa\u00e7\u00e3o sobre o mundo dos investimentos","publisher":{"@id":"https:\/\/www.suno.com.br\/noticias\/#organization"},"potentialAction":[{"@type":"SearchAction","target":{"@type":"EntryPoint","urlTemplate":"https:\/\/www.suno.com.br\/noticias\/?s={search_term_string}"},"query-input":{"@type":"PropertyValueSpecification","valueRequired":true,"valueName":"search_term_string"}}],"inLanguage":"pt-BR"},{"@type":"Organization","@id":"https:\/\/www.suno.com.br\/noticias\/#organization","name":"Suno Not\u00edcias","url":"https:\/\/www.suno.com.br\/noticias\/","logo":{"@type":"ImageObject","inLanguage":"pt-BR","@id":"https:\/\/www.suno.com.br\/noticias\/#\/schema\/logo\/image\/","url":"https:\/\/files.sunoresearch.com.br\/n\/uploads\/2021\/09\/suno-logo.png","contentUrl":"https:\/\/files.sunoresearch.com.br\/n\/uploads\/2021\/09\/suno-logo.png","width":180,"height":180,"caption":"Suno Not\u00edcias"},"image":{"@id":"https:\/\/www.suno.com.br\/noticias\/#\/schema\/logo\/image\/"},"sameAs":["https:\/\/facebook.com\/sunoresearch","https:\/\/x.com\/sunoresearch","https:\/\/www.instagram.com\/suno","https:\/\/www.linkedin.com\/company\/suno-research\/","https:\/\/www.youtube.com\/c\/sunoresearch"]},{"@type":"Person","@id":"https:\/\/www.suno.com.br\/noticias\/#\/schema\/person\/0d0c9687cd2f600c564f25980c140de9","name":"Guilherme Caetano","image":{"@type":"ImageObject","inLanguage":"pt-BR","@id":"https:\/\/www.suno.com.br\/noticias\/#\/schema\/person\/image\/","url":"https:\/\/secure.gravatar.com\/avatar\/e48357351a01702a0d19307070e081bf?s=96&r=g","contentUrl":"https:\/\/secure.gravatar.com\/avatar\/e48357351a01702a0d19307070e081bf?s=96&r=g","caption":"Guilherme Caetano"},"description":"Formado em jornalismo pela Escola de Comunica\u00e7\u00f5es e Artes da USP, Guilherme Caetano escreve para o portal de not\u00edcias da Suno Research. Passou pelas reda\u00e7\u00f5es da Folha de S.Paulo e da revista \u00c9poca.","url":"https:\/\/www.suno.com.br\/noticias\/author\/guilherme-caetano\/"}]}},"default_loop_html":"<div class=\"cardsPage__listCard__boxs\"><div class=\"cardsPage__listCard__boxs__img\"><a href=\"https:\/\/www.suno.com.br\/noticias\/fed-incertezas-taxa-juros-eua\/\"><img class=\"mask\" src=\"https:\/\/www.suno.com.br\/noticias\/wp-content\/themes\/suno\/resources\/images\/spotlight\/spotlight1img\/bg-mask.png\" alt=\"Image Mask\"\/><img src=\"https:\/\/files.sunoresearch.com.br\/n\/uploads\/2018\/11\/9dc0530a-federal-reserve-400x200.webp\" alt=\"Fed expressa incertezas sobre rumo da taxa de juros nos EUA\"\/><\/a><span class=\"spotlightCategory\"><a href=\"https:\/\/www.suno.com.br\/noticias\/internacional\/\">Internacional<\/a><\/span><\/div><div class=\"cardsPage__listCard__boxs__content\"><a href=\"https:\/\/www.suno.com.br\/noticias\/fed-incertezas-taxa-juros-eua\/\"><h2 class=\"content__title\">Fed expressa incertezas sobre rumo da taxa de juros nos EUA<\/h2><\/a><div class=\"newsContent__article__meta\"><div class=\"newsContent__article__meta__authorBox\"><a href=\"https:\/\/www.suno.com.br\/noticias\/author\/guilherme-caetano\/\" class=\"authorBox__avatar noMobi\"><img src=\"https:\/\/secure.gravatar.com\/avatar\/e48357351a01702a0d19307070e081bf?s=96&#038;r=g\" alt=\"Guilherme Caetano\"><\/a><div class=\"authorBox__name\"><span>por\n\t\t\t<a href=\"https:\/\/www.suno.com.br\/noticias\/author\/guilherme-caetano\/\"><span itemprop=\"author\">Guilherme Caetano<\/span><\/a><\/span><time datetime=\"2019-01-09T18:50:23-02:00\" itemprop=\"datePublished\">09\/01\/2019 18:50<\/time><\/div><\/div><\/div><\/div><\/div>","single_layout":"posts","amp_enabled":true,"_links":{"self":[{"href":"https:\/\/www.suno.com.br\/noticias\/wp-json\/wp\/v2\/posts\/11044"}],"collection":[{"href":"https:\/\/www.suno.com.br\/noticias\/wp-json\/wp\/v2\/posts"}],"about":[{"href":"https:\/\/www.suno.com.br\/noticias\/wp-json\/wp\/v2\/types\/post"}],"author":[{"embeddable":true,"href":"https:\/\/www.suno.com.br\/noticias\/wp-json\/wp\/v2\/users\/13"}],"replies":[{"embeddable":true,"href":"https:\/\/www.suno.com.br\/noticias\/wp-json\/wp\/v2\/comments?post=11044"}],"version-history":[{"count":0,"href":"https:\/\/www.suno.com.br\/noticias\/wp-json\/wp\/v2\/posts\/11044\/revisions"}],"wp:featuredmedia":[{"embeddable":true,"href":"https:\/\/www.suno.com.br\/noticias\/wp-json\/wp\/v2\/media\/6926"}],"wp:attachment":[{"href":"https:\/\/www.suno.com.br\/noticias\/wp-json\/wp\/v2\/media?parent=11044"}],"wp:term":[{"taxonomy":"category","embeddable":true,"href":"https:\/\/www.suno.com.br\/noticias\/wp-json\/wp\/v2\/categories?post=11044"},{"taxonomy":"post_tag","embeddable":true,"href":"https:\/\/www.suno.com.br\/noticias\/wp-json\/wp\/v2\/tags?post=11044"},{"taxonomy":"suno_strategy","embeddable":true,"href":"https:\/\/www.suno.com.br\/noticias\/wp-json\/wp\/v2\/suno_strategy?post=11044"}],"curies":[{"name":"wp","href":"https:\/\/api.w.org\/{rel}","templated":true}]}}