{"id":11040,"date":"2019-01-09T19:14:09","date_gmt":"2019-01-09T21:14:09","guid":{"rendered":"https:\/\/www.suno.com.br\/noticias\/?p=11040"},"modified":"2021-02-18T17:54:28","modified_gmt":"2021-02-18T20:54:28","slug":"apple-corta-plano-novos-iphones","status":"publish","type":"post","link":"https:\/\/www.suno.com.br\/noticias\/apple-corta-plano-novos-iphones\/","title":{"rendered":"Apple corta em 10% plano de produ\u00e7\u00e3o de novos iPhones"},"content":{"rendered":"<p>A Apple cortou em 10% a produ\u00e7\u00e3o planejada de seus tr\u00eas novos modelos de iPhones para o per\u00edodo entre janeiro e mar\u00e7o.<\/p>\t<div class=\"wrapper-featured-image\">\n\t\t<figure class=\"spotlightImg\">\n\n\t\t\t<picture>\n\t\t\t\t<source media=\"(max-width: 768px)\" srcset=\"https:\/\/files.sunoresearch.com.br\/n\/uploads\/2017\/09\/00a4ee56-iphone-x-xuat-sac-nhat-o-dau-va-toi-te-nhat-o-diem-nao-7-400x200.webp\">\n\t\t\t\t<img loading=\"lazy\" decoding=\"async\" class=\"newsContent__article__imgCapa lazyloadDisabled newsContent__article__imgCapa--noCaption\" src=\"https:\/\/files.sunoresearch.com.br\/n\/uploads\/2017\/09\/00a4ee56-iphone-x-xuat-sac-nhat-o-dau-va-toi-te-nhat-o-diem-nao-7-800x450.webp\" width=\"800\" height=\"450\" alt=\"Apple corta em 10% plano de produ\u00e7\u00e3o de novos iPhones\" fetchpriority=high \/>\n\t\t\t<\/picture>\n\n\t\t\t<figcaption class=\"wp-caption-text wp-caption-text--hide\">Depois do an\u00fancio da Apple (NASDAQ: AAPL), a Samsung tamb\u00e9m est\u00e1 estudando n\u00e3o vender mais o carregador junto com seus smartphones.<\/figcaption>\n\t\t<\/figure>\n\t<\/div>\n\n\n<p>Segundo a apura\u00e7\u00e3o da ag\u00eancia japonesa Nikkei, a <strong>Apple<\/strong> solicitou aos seus fornecedores que produzissem menos unidades dos modelos XS, XS Max e XR.<\/p>\n<p><a href=\"https:\/\/www.suno.com.br\/noticias\/lg-electronics-queda-lucro-operacional\/\">Saiba mais: LG Electronics anuncia poss\u00edvel queda de 80% em lucro operacional<\/a><\/p>\n<p>O pedido ocorreu no m\u00eas passado, antes da gigante norte-americana anunciar um corte na proje\u00e7\u00e3o de receitas no \u00faltimo dia 3. Isso ocasionou uma queda de quase 10% nas a\u00e7\u00f5es da empresa na bolsa dos <strong>Estados Unidos<\/strong> em cinco anos.<\/p>\n<p>Al\u00e9m disso, a empresa de pesquisas de mercado Canalys estima que as vendas de smartphones na <strong>China<\/strong> ca\u00edram 12% no ano passado. Ademais, a companhia espera um recuo de 3% neste ano. Com isso, as unidades vendidas ficar\u00e1 abaixo dos 400 milh\u00f5es pela primeira vez desde 2014.<\/p>\n<p><a href=\"https:\/\/www.suno.com.br\/noticias\/samsung-estima-lucro-trimestre\/\">Samsung estima queda de 29% no lucro do 4\u00ba trimestre<\/a><\/p>\n<p>De acordo com a Nikkei, a produ\u00e7\u00e3o de <strong>iPhones<\/strong> antigos e novos sofrer\u00e1 um corte de 40 milh\u00f5es a 43 milh\u00f5es de unidades entre janeiro e mar\u00e7o. A proje\u00e7\u00e3o anterior era de 47 milh\u00f5es a 48 milh\u00f5es de unidades.<\/p>\n<p>A <strong>Apple<\/strong> n\u00e3o se manifestou sobre o assunto.<\/p>\n","protected":false},"excerpt":{"rendered":"<p>A Apple cortou em 10% a produ\u00e7\u00e3o planejada de seus tr\u00eas novos modelos de iPhones para o per\u00edodo entre janeiro e mar\u00e7o. Depois do an\u00fancio da Apple (NASDAQ: AAPL), a Samsung tamb\u00e9m est\u00e1 estudando n\u00e3o vender mais o carregador junto com seus smartphones. Segundo a apura\u00e7\u00e3o da ag\u00eancia japonesa Nikkei, a Apple solicitou aos seus [&hellip;]<\/p>\n","protected":false},"author":14,"featured_media":1062,"comment_status":"closed","ping_status":"closed","sticky":false,"template":"","format":"standard","meta":[],"categories":[60],"tags":[794,711,793],"suno_strategy":[],"class_list":["post-11040","post","type-post","status-publish","format-standard","has-post-thumbnail","hentry","category-mercado","tag-apple-aapl34","tag-china","tag-estados-unidos-eua"],"yoast_head":"<!-- This site is optimized with the Yoast SEO plugin v24.4 - https:\/\/yoast.com\/wordpress\/plugins\/seo\/ -->\n<title>Apple corta em 10% plano de produ\u00e7\u00e3o de novos iPhones<\/title>\n<meta name=\"description\" content=\"O pedido ocorreu no m\u00eas passado, antes da Apple anunciar um corte na proje\u00e7\u00e3o de receitas. Clique para saber mais.\" \/>\n<meta name=\"robots\" content=\"index, follow, max-snippet:-1, max-image-preview:large, max-video-preview:-1\" \/>\n<link rel=\"canonical\" href=\"https:\/\/www.suno.com.br\/noticias\/apple-corta-plano-novos-iphones\/\" \/>\n<meta property=\"og:locale\" content=\"pt_BR\" \/>\n<meta property=\"og:type\" content=\"article\" \/>\n<meta property=\"og:title\" content=\"Apple corta em 10% plano de produ\u00e7\u00e3o de novos iPhones\" \/>\n<meta property=\"og:description\" content=\"O pedido ocorreu no m\u00eas passado, antes da Apple anunciar um corte na proje\u00e7\u00e3o de receitas. Clique para saber mais.\" \/>\n<meta property=\"og:url\" content=\"https:\/\/www.suno.com.br\/noticias\/apple-corta-plano-novos-iphones\/\" \/>\n<meta property=\"og:site_name\" content=\"Suno Not\u00edcias\" \/>\n<meta property=\"article:publisher\" content=\"https:\/\/facebook.com\/sunoresearch\" \/>\n<meta property=\"og:image\" content=\"https:\/\/files.sunoresearch.com.br\/n\/uploads\/2017\/09\/00a4ee56-iphone-x-xuat-sac-nhat-o-dau-va-toi-te-nhat-o-diem-nao-7.jpg\" \/>\n\t<meta property=\"og:image:width\" content=\"1600\" \/>\n\t<meta property=\"og:image:height\" content=\"816\" \/>\n\t<meta property=\"og:image:type\" content=\"image\/jpeg\" \/>\n<meta name=\"author\" content=\"Renan Dantas\" \/>\n<meta name=\"twitter:card\" content=\"summary_large_image\" \/>\n<meta name=\"twitter:creator\" content=\"@sunoresearch\" \/>\n<meta name=\"twitter:site\" content=\"@sunoresearch\" \/>\n<meta name=\"twitter:label1\" content=\"Escrito por\" \/>\n\t<meta name=\"twitter:data1\" content=\"Renan Dantas\" \/>\n\t<meta name=\"twitter:label2\" content=\"Est. tempo de leitura\" \/>\n\t<meta name=\"twitter:data2\" content=\"1 minuto\" \/>\n<script type=\"application\/ld+json\" class=\"yoast-schema-graph\">{\"@context\":\"https:\/\/schema.org\",\"@graph\":[{\"@type\":\"NewsArticle\",\"@id\":\"https:\/\/www.suno.com.br\/noticias\/apple-corta-plano-novos-iphones\/#article\",\"isPartOf\":{\"@id\":\"https:\/\/www.suno.com.br\/noticias\/apple-corta-plano-novos-iphones\/\"},\"author\":{\"name\":\"Renan Dantas\",\"@id\":\"https:\/\/www.suno.com.br\/noticias\/#\/schema\/person\/3f7693d5795a3f6d5ce15309ee785699\"},\"headline\":\"Apple corta em 10% plano de produ\u00e7\u00e3o de novos iPhones\",\"datePublished\":\"2019-01-09T21:14:09+00:00\",\"dateModified\":\"2021-02-18T20:54:28+00:00\",\"mainEntityOfPage\":{\"@id\":\"https:\/\/www.suno.com.br\/noticias\/apple-corta-plano-novos-iphones\/\"},\"wordCount\":219,\"publisher\":{\"@id\":\"https:\/\/www.suno.com.br\/noticias\/#organization\"},\"image\":{\"@id\":\"https:\/\/www.suno.com.br\/noticias\/apple-corta-plano-novos-iphones\/#primaryimage\"},\"thumbnailUrl\":\"https:\/\/files.sunoresearch.com.br\/n\/uploads\/2017\/09\/00a4ee56-iphone-x-xuat-sac-nhat-o-dau-va-toi-te-nhat-o-diem-nao-7-jpg.webp\",\"keywords\":[\"Apple (AAPL34)\",\"China\",\"Estados Unidos (EUA)\"],\"articleSection\":[\"Mercado\"],\"inLanguage\":\"pt-BR\"},{\"@type\":\"WebPage\",\"@id\":\"https:\/\/www.suno.com.br\/noticias\/apple-corta-plano-novos-iphones\/\",\"url\":\"https:\/\/www.suno.com.br\/noticias\/apple-corta-plano-novos-iphones\/\",\"name\":\"Apple corta em 10% plano de produ\u00e7\u00e3o de novos iPhones\",\"isPartOf\":{\"@id\":\"https:\/\/www.suno.com.br\/noticias\/#website\"},\"primaryImageOfPage\":{\"@id\":\"https:\/\/www.suno.com.br\/noticias\/apple-corta-plano-novos-iphones\/#primaryimage\"},\"image\":{\"@id\":\"https:\/\/www.suno.com.br\/noticias\/apple-corta-plano-novos-iphones\/#primaryimage\"},\"thumbnailUrl\":\"https:\/\/files.sunoresearch.com.br\/n\/uploads\/2017\/09\/00a4ee56-iphone-x-xuat-sac-nhat-o-dau-va-toi-te-nhat-o-diem-nao-7-jpg.webp\",\"datePublished\":\"2019-01-09T21:14:09+00:00\",\"dateModified\":\"2021-02-18T20:54:28+00:00\",\"description\":\"O pedido ocorreu no m\u00eas passado, antes da Apple anunciar um corte na proje\u00e7\u00e3o de receitas. Clique para saber mais.\",\"breadcrumb\":{\"@id\":\"https:\/\/www.suno.com.br\/noticias\/apple-corta-plano-novos-iphones\/#breadcrumb\"},\"inLanguage\":\"pt-BR\",\"potentialAction\":[{\"@type\":\"ReadAction\",\"target\":[\"https:\/\/www.suno.com.br\/noticias\/apple-corta-plano-novos-iphones\/\"]}]},{\"@type\":\"ImageObject\",\"inLanguage\":\"pt-BR\",\"@id\":\"https:\/\/www.suno.com.br\/noticias\/apple-corta-plano-novos-iphones\/#primaryimage\",\"url\":\"https:\/\/files.sunoresearch.com.br\/n\/uploads\/2017\/09\/00a4ee56-iphone-x-xuat-sac-nhat-o-dau-va-toi-te-nhat-o-diem-nao-7-jpg.webp\",\"contentUrl\":\"https:\/\/files.sunoresearch.com.br\/n\/uploads\/2017\/09\/00a4ee56-iphone-x-xuat-sac-nhat-o-dau-va-toi-te-nhat-o-diem-nao-7-jpg.webp\",\"width\":1600,\"height\":816,\"caption\":\"Depois do an\u00fancio da Apple (NASDAQ: AAPL), a Samsung tamb\u00e9m est\u00e1 estudando n\u00e3o vender mais o carregador junto com seus smartphones.\"},{\"@type\":\"BreadcrumbList\",\"@id\":\"https:\/\/www.suno.com.br\/noticias\/apple-corta-plano-novos-iphones\/#breadcrumb\",\"itemListElement\":[{\"@type\":\"ListItem\",\"position\":1,\"name\":\"Not\u00edcias\",\"item\":\"https:\/\/www.suno.com.br\/noticias\/\"},{\"@type\":\"ListItem\",\"position\":2,\"name\":\"Mercado\",\"item\":\"https:\/\/www.suno.com.br\/noticias\/mercado\/\"},{\"@type\":\"ListItem\",\"position\":3,\"name\":\"Apple corta em 10% plano de produ\u00e7\u00e3o de novos iPhones\"}]},{\"@type\":\"WebSite\",\"@id\":\"https:\/\/www.suno.com.br\/noticias\/#website\",\"url\":\"https:\/\/www.suno.com.br\/noticias\/\",\"name\":\"Suno Not\u00edcias\",\"description\":\"Seu portal de informa\u00e7\u00e3o sobre o mundo dos investimentos\",\"publisher\":{\"@id\":\"https:\/\/www.suno.com.br\/noticias\/#organization\"},\"potentialAction\":[{\"@type\":\"SearchAction\",\"target\":{\"@type\":\"EntryPoint\",\"urlTemplate\":\"https:\/\/www.suno.com.br\/noticias\/?s={search_term_string}\"},\"query-input\":{\"@type\":\"PropertyValueSpecification\",\"valueRequired\":true,\"valueName\":\"search_term_string\"}}],\"inLanguage\":\"pt-BR\"},{\"@type\":\"Organization\",\"@id\":\"https:\/\/www.suno.com.br\/noticias\/#organization\",\"name\":\"Suno Not\u00edcias\",\"url\":\"https:\/\/www.suno.com.br\/noticias\/\",\"logo\":{\"@type\":\"ImageObject\",\"inLanguage\":\"pt-BR\",\"@id\":\"https:\/\/www.suno.com.br\/noticias\/#\/schema\/logo\/image\/\",\"url\":\"https:\/\/files.sunoresearch.com.br\/n\/uploads\/2021\/09\/suno-logo.png\",\"contentUrl\":\"https:\/\/files.sunoresearch.com.br\/n\/uploads\/2021\/09\/suno-logo.png\",\"width\":180,\"height\":180,\"caption\":\"Suno Not\u00edcias\"},\"image\":{\"@id\":\"https:\/\/www.suno.com.br\/noticias\/#\/schema\/logo\/image\/\"},\"sameAs\":[\"https:\/\/facebook.com\/sunoresearch\",\"https:\/\/x.com\/sunoresearch\",\"https:\/\/www.instagram.com\/suno\",\"https:\/\/www.linkedin.com\/company\/suno-research\/\",\"https:\/\/www.youtube.com\/c\/sunoresearch\"]},{\"@type\":\"Person\",\"@id\":\"https:\/\/www.suno.com.br\/noticias\/#\/schema\/person\/3f7693d5795a3f6d5ce15309ee785699\",\"name\":\"Renan Dantas\",\"image\":{\"@type\":\"ImageObject\",\"inLanguage\":\"pt-BR\",\"@id\":\"https:\/\/www.suno.com.br\/noticias\/#\/schema\/person\/image\/\",\"url\":\"https:\/\/secure.gravatar.com\/avatar\/1787b83e7484a08e51d62ac8b41c8396?s=96&r=g\",\"contentUrl\":\"https:\/\/secure.gravatar.com\/avatar\/1787b83e7484a08e51d62ac8b41c8396?s=96&r=g\",\"caption\":\"Renan Dantas\"},\"description\":\"Escreve sobre pol\u00edtica e mercado financeiro para o portal Suno Not\u00edcias. Antes, atuou na assessoria de comunica\u00e7\u00e3o do Minist\u00e9rio P\u00fablico do Trabalho e na R\u00e1dio Mackenzie, onde apresentava e produzia um programa sobre artistas da m\u00fasica brasileira. \u00c9 estudante na Universidade Presbiteriana Mackenzie.\",\"url\":\"https:\/\/www.suno.com.br\/noticias\/author\/renan-dantas\/\"}]}<\/script>\n<!-- \/ Yoast SEO plugin. -->","yoast_head_json":{"title":"Apple corta em 10% plano de produ\u00e7\u00e3o de novos iPhones","description":"O pedido ocorreu no m\u00eas passado, antes da Apple anunciar um corte na proje\u00e7\u00e3o de receitas. Clique para saber mais.","robots":{"index":"index","follow":"follow","max-snippet":"max-snippet:-1","max-image-preview":"max-image-preview:large","max-video-preview":"max-video-preview:-1"},"canonical":"https:\/\/www.suno.com.br\/noticias\/apple-corta-plano-novos-iphones\/","og_locale":"pt_BR","og_type":"article","og_title":"Apple corta em 10% plano de produ\u00e7\u00e3o de novos iPhones","og_description":"O pedido ocorreu no m\u00eas passado, antes da Apple anunciar um corte na proje\u00e7\u00e3o de receitas. Clique para saber mais.","og_url":"https:\/\/www.suno.com.br\/noticias\/apple-corta-plano-novos-iphones\/","og_site_name":"Suno Not\u00edcias","article_publisher":"https:\/\/facebook.com\/sunoresearch","og_image":[{"width":1600,"height":816,"url":"https:\/\/files.sunoresearch.com.br\/n\/uploads\/2017\/09\/00a4ee56-iphone-x-xuat-sac-nhat-o-dau-va-toi-te-nhat-o-diem-nao-7.jpg","type":"image\/jpeg"}],"author":"Renan Dantas","twitter_card":"summary_large_image","twitter_creator":"@sunoresearch","twitter_site":"@sunoresearch","twitter_misc":{"Escrito por":"Renan Dantas","Est. tempo de leitura":"1 minuto"},"schema":{"@context":"https:\/\/schema.org","@graph":[{"@type":"NewsArticle","@id":"https:\/\/www.suno.com.br\/noticias\/apple-corta-plano-novos-iphones\/#article","isPartOf":{"@id":"https:\/\/www.suno.com.br\/noticias\/apple-corta-plano-novos-iphones\/"},"author":{"name":"Renan Dantas","@id":"https:\/\/www.suno.com.br\/noticias\/#\/schema\/person\/3f7693d5795a3f6d5ce15309ee785699"},"headline":"Apple corta em 10% plano de produ\u00e7\u00e3o de novos iPhones","datePublished":"2019-01-09T21:14:09+00:00","dateModified":"2021-02-18T20:54:28+00:00","mainEntityOfPage":{"@id":"https:\/\/www.suno.com.br\/noticias\/apple-corta-plano-novos-iphones\/"},"wordCount":219,"publisher":{"@id":"https:\/\/www.suno.com.br\/noticias\/#organization"},"image":{"@id":"https:\/\/www.suno.com.br\/noticias\/apple-corta-plano-novos-iphones\/#primaryimage"},"thumbnailUrl":"https:\/\/files.sunoresearch.com.br\/n\/uploads\/2017\/09\/00a4ee56-iphone-x-xuat-sac-nhat-o-dau-va-toi-te-nhat-o-diem-nao-7-jpg.webp","keywords":["Apple (AAPL34)","China","Estados Unidos (EUA)"],"articleSection":["Mercado"],"inLanguage":"pt-BR"},{"@type":"WebPage","@id":"https:\/\/www.suno.com.br\/noticias\/apple-corta-plano-novos-iphones\/","url":"https:\/\/www.suno.com.br\/noticias\/apple-corta-plano-novos-iphones\/","name":"Apple corta em 10% plano de produ\u00e7\u00e3o de novos iPhones","isPartOf":{"@id":"https:\/\/www.suno.com.br\/noticias\/#website"},"primaryImageOfPage":{"@id":"https:\/\/www.suno.com.br\/noticias\/apple-corta-plano-novos-iphones\/#primaryimage"},"image":{"@id":"https:\/\/www.suno.com.br\/noticias\/apple-corta-plano-novos-iphones\/#primaryimage"},"thumbnailUrl":"https:\/\/files.sunoresearch.com.br\/n\/uploads\/2017\/09\/00a4ee56-iphone-x-xuat-sac-nhat-o-dau-va-toi-te-nhat-o-diem-nao-7-jpg.webp","datePublished":"2019-01-09T21:14:09+00:00","dateModified":"2021-02-18T20:54:28+00:00","description":"O pedido ocorreu no m\u00eas passado, antes da Apple anunciar um corte na proje\u00e7\u00e3o de receitas. Clique para saber mais.","breadcrumb":{"@id":"https:\/\/www.suno.com.br\/noticias\/apple-corta-plano-novos-iphones\/#breadcrumb"},"inLanguage":"pt-BR","potentialAction":[{"@type":"ReadAction","target":["https:\/\/www.suno.com.br\/noticias\/apple-corta-plano-novos-iphones\/"]}]},{"@type":"ImageObject","inLanguage":"pt-BR","@id":"https:\/\/www.suno.com.br\/noticias\/apple-corta-plano-novos-iphones\/#primaryimage","url":"https:\/\/files.sunoresearch.com.br\/n\/uploads\/2017\/09\/00a4ee56-iphone-x-xuat-sac-nhat-o-dau-va-toi-te-nhat-o-diem-nao-7-jpg.webp","contentUrl":"https:\/\/files.sunoresearch.com.br\/n\/uploads\/2017\/09\/00a4ee56-iphone-x-xuat-sac-nhat-o-dau-va-toi-te-nhat-o-diem-nao-7-jpg.webp","width":1600,"height":816,"caption":"Depois do an\u00fancio da Apple (NASDAQ: AAPL), a Samsung tamb\u00e9m est\u00e1 estudando n\u00e3o vender mais o carregador junto com seus smartphones."},{"@type":"BreadcrumbList","@id":"https:\/\/www.suno.com.br\/noticias\/apple-corta-plano-novos-iphones\/#breadcrumb","itemListElement":[{"@type":"ListItem","position":1,"name":"Not\u00edcias","item":"https:\/\/www.suno.com.br\/noticias\/"},{"@type":"ListItem","position":2,"name":"Mercado","item":"https:\/\/www.suno.com.br\/noticias\/mercado\/"},{"@type":"ListItem","position":3,"name":"Apple corta em 10% plano de produ\u00e7\u00e3o de novos iPhones"}]},{"@type":"WebSite","@id":"https:\/\/www.suno.com.br\/noticias\/#website","url":"https:\/\/www.suno.com.br\/noticias\/","name":"Suno Not\u00edcias","description":"Seu portal de informa\u00e7\u00e3o sobre o mundo dos investimentos","publisher":{"@id":"https:\/\/www.suno.com.br\/noticias\/#organization"},"potentialAction":[{"@type":"SearchAction","target":{"@type":"EntryPoint","urlTemplate":"https:\/\/www.suno.com.br\/noticias\/?s={search_term_string}"},"query-input":{"@type":"PropertyValueSpecification","valueRequired":true,"valueName":"search_term_string"}}],"inLanguage":"pt-BR"},{"@type":"Organization","@id":"https:\/\/www.suno.com.br\/noticias\/#organization","name":"Suno Not\u00edcias","url":"https:\/\/www.suno.com.br\/noticias\/","logo":{"@type":"ImageObject","inLanguage":"pt-BR","@id":"https:\/\/www.suno.com.br\/noticias\/#\/schema\/logo\/image\/","url":"https:\/\/files.sunoresearch.com.br\/n\/uploads\/2021\/09\/suno-logo.png","contentUrl":"https:\/\/files.sunoresearch.com.br\/n\/uploads\/2021\/09\/suno-logo.png","width":180,"height":180,"caption":"Suno Not\u00edcias"},"image":{"@id":"https:\/\/www.suno.com.br\/noticias\/#\/schema\/logo\/image\/"},"sameAs":["https:\/\/facebook.com\/sunoresearch","https:\/\/x.com\/sunoresearch","https:\/\/www.instagram.com\/suno","https:\/\/www.linkedin.com\/company\/suno-research\/","https:\/\/www.youtube.com\/c\/sunoresearch"]},{"@type":"Person","@id":"https:\/\/www.suno.com.br\/noticias\/#\/schema\/person\/3f7693d5795a3f6d5ce15309ee785699","name":"Renan Dantas","image":{"@type":"ImageObject","inLanguage":"pt-BR","@id":"https:\/\/www.suno.com.br\/noticias\/#\/schema\/person\/image\/","url":"https:\/\/secure.gravatar.com\/avatar\/1787b83e7484a08e51d62ac8b41c8396?s=96&r=g","contentUrl":"https:\/\/secure.gravatar.com\/avatar\/1787b83e7484a08e51d62ac8b41c8396?s=96&r=g","caption":"Renan Dantas"},"description":"Escreve sobre pol\u00edtica e mercado financeiro para o portal Suno Not\u00edcias. Antes, atuou na assessoria de comunica\u00e7\u00e3o do Minist\u00e9rio P\u00fablico do Trabalho e na R\u00e1dio Mackenzie, onde apresentava e produzia um programa sobre artistas da m\u00fasica brasileira. \u00c9 estudante na Universidade Presbiteriana Mackenzie.","url":"https:\/\/www.suno.com.br\/noticias\/author\/renan-dantas\/"}]}},"default_loop_html":"<div class=\"cardsPage__listCard__boxs\"><div class=\"cardsPage__listCard__boxs__img\"><a href=\"https:\/\/www.suno.com.br\/noticias\/apple-corta-plano-novos-iphones\/\"><img class=\"mask\" src=\"https:\/\/www.suno.com.br\/noticias\/wp-content\/themes\/suno\/resources\/images\/spotlight\/spotlight1img\/bg-mask.png\" alt=\"Image Mask\"\/><img src=\"https:\/\/files.sunoresearch.com.br\/n\/uploads\/2017\/09\/00a4ee56-iphone-x-xuat-sac-nhat-o-dau-va-toi-te-nhat-o-diem-nao-7-400x200.webp\" alt=\"Apple corta em 10% plano de produ\u00e7\u00e3o de novos iPhones\"\/><\/a><span class=\"spotlightCategory\"><a href=\"https:\/\/www.suno.com.br\/noticias\/mercado\/\">Mercado<\/a><\/span><\/div><div class=\"cardsPage__listCard__boxs__content\"><a href=\"https:\/\/www.suno.com.br\/noticias\/apple-corta-plano-novos-iphones\/\"><h2 class=\"content__title\">Apple corta em 10% plano de produ\u00e7\u00e3o de novos iPhones<\/h2><\/a><div class=\"newsContent__article__meta\"><div class=\"newsContent__article__meta__authorBox\"><a href=\"https:\/\/www.suno.com.br\/noticias\/author\/renan-dantas\/\" class=\"authorBox__avatar noMobi\"><img src=\"https:\/\/secure.gravatar.com\/avatar\/1787b83e7484a08e51d62ac8b41c8396?s=96&#038;r=g\" alt=\"Renan Dantas\"><\/a><div class=\"authorBox__name\"><span>por\n\t\t\t<a href=\"https:\/\/www.suno.com.br\/noticias\/author\/renan-dantas\/\"><span itemprop=\"author\">Renan Dantas<\/span><\/a><\/span><time datetime=\"2019-01-09T19:14:09-02:00\" itemprop=\"datePublished\">09\/01\/2019 19:14<\/time><\/div><\/div><\/div><\/div><\/div>","single_layout":"posts","amp_enabled":true,"_links":{"self":[{"href":"https:\/\/www.suno.com.br\/noticias\/wp-json\/wp\/v2\/posts\/11040"}],"collection":[{"href":"https:\/\/www.suno.com.br\/noticias\/wp-json\/wp\/v2\/posts"}],"about":[{"href":"https:\/\/www.suno.com.br\/noticias\/wp-json\/wp\/v2\/types\/post"}],"author":[{"embeddable":true,"href":"https:\/\/www.suno.com.br\/noticias\/wp-json\/wp\/v2\/users\/14"}],"replies":[{"embeddable":true,"href":"https:\/\/www.suno.com.br\/noticias\/wp-json\/wp\/v2\/comments?post=11040"}],"version-history":[{"count":0,"href":"https:\/\/www.suno.com.br\/noticias\/wp-json\/wp\/v2\/posts\/11040\/revisions"}],"wp:featuredmedia":[{"embeddable":true,"href":"https:\/\/www.suno.com.br\/noticias\/wp-json\/wp\/v2\/media\/1062"}],"wp:attachment":[{"href":"https:\/\/www.suno.com.br\/noticias\/wp-json\/wp\/v2\/media?parent=11040"}],"wp:term":[{"taxonomy":"category","embeddable":true,"href":"https:\/\/www.suno.com.br\/noticias\/wp-json\/wp\/v2\/categories?post=11040"},{"taxonomy":"post_tag","embeddable":true,"href":"https:\/\/www.suno.com.br\/noticias\/wp-json\/wp\/v2\/tags?post=11040"},{"taxonomy":"suno_strategy","embeddable":true,"href":"https:\/\/www.suno.com.br\/noticias\/wp-json\/wp\/v2\/suno_strategy?post=11040"}],"curies":[{"name":"wp","href":"https:\/\/api.w.org\/{rel}","templated":true}]}}