{"id":11037,"date":"2019-01-09T18:25:59","date_gmt":"2019-01-09T20:25:59","guid":{"rendered":"https:\/\/www.suno.com.br\/noticias\/?p=11037"},"modified":"2021-02-18T17:54:28","modified_gmt":"2021-02-18T20:54:28","slug":"ibovespa-supera-93-mil-pontos-marca-historica","status":"publish","type":"post","link":"https:\/\/www.suno.com.br\/noticias\/ibovespa-supera-93-mil-pontos-marca-historica\/","title":{"rendered":"Ibovespa supera pela 1\u00aa vez os 93 mil pontos e registra marca hist\u00f3rica"},"content":{"rendered":"<p>O Ibovespa, principal \u00edndice da <a href=\"https:\/\/www.suno.com.br\/artigos\/bovespa-precedente-b3\/\">Bolsa de Valores de S\u00e3o Paulo<\/a>, registrou nova alta de +1,72%, nesta quarta-feira (9). Desta forma, o \u00edndice ultrapassou pela primeira vez os 93 mil pontos, somando 93.613,04 pontos e registrando nova marca hist\u00f3rica.<\/p>\t<div class=\"wrapper-featured-image\">\n\t\t<figure class=\"spotlightImg\">\n\n\t\t\t<picture>\n\t\t\t\t<source media=\"(max-width: 768px)\" srcset=\"https:\/\/files.sunoresearch.com.br\/n\/uploads\/2018\/12\/90955461-ibovespa-400x200.webp\">\n\t\t\t\t<img loading=\"lazy\" decoding=\"async\" class=\"newsContent__article__imgCapa lazyloadDisabled newsContent__article__imgCapa--noCaption\" src=\"https:\/\/files.sunoresearch.com.br\/n\/uploads\/2018\/12\/90955461-ibovespa-jpg.webp\" width=\"800\" height=\"450\" alt=\"Ibovespa supera pela 1\u00aa vez os 93 mil pontos e registra marca hist\u00f3rica\" fetchpriority=high \/>\n\t\t\t<\/picture>\n\n\t\t\t<figcaption class=\"wp-caption-text wp-caption-text--hide\">O Ibovespa iniciou essa quinta-feira (6) em leve alta com as assuntos nacionais no radar.<\/figcaption>\n\t\t<\/figure>\n\t<\/div>\n\n\n<p>O <strong>Ibovespa<\/strong> registrou sua melhor marca quando somou 93.625,82 pontos, por volta das 13h30. Al\u00e9m disso, a m\u00ednima foi registrada \u00e0s 10h onde o \u00cdndice apontou 92.028,41 pontos.<\/p>\n<p>&nbsp;<\/p>\n<p><a href=\"https:\/\/www.suno.com.br\/noticias\/seguindo-tendencia-de-otimismo-dolar-cai-e-fecha-cotado-a-r-3688\/\">Saiba mais:\u00a0Puxado pela Reforma da Previd\u00eancia, d\u00f3lar cai e fecha cotado a R$ 3,688<\/a><\/p>\n<h2>Cen\u00e1rio Interno<\/h2>\n<p><strong>Bolsonaro x ONU:\u00a0<\/strong>nesta quarta-feira (9), o presidente <strong>Jair Bolsonaro<\/strong> voltou a atacar o <strong>Pacto Global de Imigra\u00e7\u00e3o das Organiza\u00e7\u00f5es das Na\u00e7\u00f5es Unidas (ONU)<\/strong>. De acordo com o presidente, o Brasil \u00e9 soberano para decidir &#8220;quem entra e quem sai&#8221; no Pa\u00eds. &#8220;N\u00e3o \u00e9 qualquer um que entra em nossa casa&#8221;, afirmou Bolsonaro em sua conta no Twitter.<\/p>\n<p>Desta forma, o Brasil segue a pol\u00edtica adotada por<strong> Donald Trump<\/strong> e se retira do pacto.<\/p>\n<p><a href=\"https:\/\/www.suno.com.br\/noticias\/bolsnaro-criticas-pacto-onu\/\">Bolsonaro faz cr\u00edticas ao Pacto Global de Migra\u00e7\u00e3o da ONU<\/a><\/p>\n<p><b>Previd\u00eancia: <\/b>na \u00faltima ter\u00e7a-feira (8), o ministro da Economia, <strong>Paulo Guedes<\/strong>, disse que o texto da <strong>reforma da Previd\u00eancia<\/strong> dever\u00e1 ser encaminhado ao Congresso no pr\u00f3ximo m\u00eas. Entretanto, o ministro afirmou que o governo pretende incluir um regime de capitaliza\u00e7\u00e3o na reforma.<\/p>\n<p>&#8220;Eu acho que um sistema de capitaliza\u00e7\u00e3o, como estamos desenhando, \u00e9 algo bastante mais robusto. \u00c9 mais dif\u00edcil, o custo de transi\u00e7\u00e3o \u00e9 alto. Mas estamos trabalhando para as futuras gera\u00e7\u00f5es&#8221;, afirmou Guedes.<\/p>\n<p>Al\u00e9m disso, o\u00a0ministro da Casa Civil, <strong>Onyx Lorenzoni<\/strong>, declarou nesta quarta-feira (9), que planeja apresentar na pr\u00f3xima semana um novo projeto completo da reforma.<\/p>\n<p>Em entrevista \u00e0 r\u00e1dio Jovem Pan, Onyx explicou que a inten\u00e7\u00e3o do governo \u00e9 apresentar pacote \u00fanico da reforma da Previd\u00eancia ao <strong>Congresso<\/strong>. De acordo com ele, com essa a\u00e7\u00e3o o <strong>Brasil<\/strong> n\u00e3o precisar\u00e1 discutir uma nova reforma nos pr\u00f3ximos 20 ou 30 anos.<\/p>\n<p><a href=\"https:\/\/www.suno.com.br\/noticias\/reforma-previdencia-onyx\/\">Bolsonaro decidir\u00e1 reforma da Previd\u00eancia na semana que vem, diz Onyx<\/a><\/p>\n<h2>Cen\u00e1rio Externo<\/h2>\n<div class=\"mc-column content-text active-extra-styles \" data-block-type=\"unstyled\" data-block-weight=\"57\" data-block-id=\"21\">\n<p class=\"content-text__container \" data-track-category=\"Link no Texto\" data-track-links=\"\"><strong>China x EUA:\u00a0<\/strong>as negocia\u00e7\u00f5es entre os pa\u00edses, relacionadas a guerra comercial, chegaram ao fim nesta quarta-feira (9), com possibilidade de acordo. O objetivo dessa reuni\u00e3o \u00e9 evitar uma\u00a0<strong>guerra comercial<\/strong> em larga escala entre os\u00a0<strong>EUA<\/strong> e a <strong>China<\/strong> e que a primeira e a segunda maior economia do mundo superem seus contrastes comerciais.<\/p>\n<\/div>\n<h3>Bolsas Internacionais<\/h3>\n<ul>\n<li>Nasdaq (EUA) \u2013\u00a0 alta de +0,87%;<\/li>\n<li>Nikkei (Jap\u00e3o) \u2013 alta de +1,10%;<\/li>\n<li>FTSE 100 (Reino Unido) \u2013 alta de +0,66% ;<\/li>\n<li>FTSE MIB (It\u00e1lia) \u2013 alta de +0,94%;<\/li>\n<li>CAC 40 (Fran\u00e7a) \u2013 alta de +0,84%.<\/li>\n<\/ul>\n<h2>A\u00e7\u00f5es em destaque<\/h2>\n<p>Os destaques do <strong>Ibovespa<\/strong>, quarta-feira (9), foram:<\/p>\n<ul>\n<li>PETR4.SA &#8211; alta de +2,08% (R$ 25,48);<\/li>\n<li>VALE3.SA &#8211; alta de +2,44% (R$ 53,69);<\/li>\n<li>ITUB4.SA &#8211; alta de +1,52% (R$ 38,09);<\/li>\n<li>BBDC4.SA &#8211; alta de +1,72% (R$ 41,90).<\/li>\n<\/ul>\n","protected":false},"excerpt":{"rendered":"<p>O Ibovespa, principal \u00edndice da Bolsa de Valores de S\u00e3o Paulo, registrou nova alta de +1,72%, nesta quarta-feira (9). Desta forma, o \u00edndice ultrapassou pela primeira vez os 93 mil pontos, somando 93.613,04 pontos e registrando nova marca hist\u00f3rica. O Ibovespa iniciou essa quinta-feira (6) em leve alta com as assuntos nacionais no radar. O [&hellip;]<\/p>\n","protected":false},"author":11,"featured_media":8393,"comment_status":"closed","ping_status":"closed","sticky":false,"template":"","format":"standard","meta":[],"categories":[60],"tags":[286,711,724,793,721,719,939,796,595,940],"suno_strategy":[],"class_list":["post-11037","post","type-post","status-publish","format-standard","has-post-thumbnail","hentry","category-mercado","tag-acoes","tag-china","tag-donald-trump","tag-estados-unidos-eua","tag-ibovespa","tag-jair-bolsonaro","tag-onyx-lorenzoni","tag-paulo-guedes","tag-petrobras-petr4","tag-reforma-da-previdencia"],"yoast_head":"<!-- This site is optimized with the Yoast SEO plugin v24.4 - https:\/\/yoast.com\/wordpress\/plugins\/seo\/ -->\n<title>Ibovespa supera pela 1\u00aa vez os 93 mil pontos e registra marca hist\u00f3rica<\/title>\n<meta name=\"description\" content=\"Ibovespa registra nova alta alavancado pelo otimismo voltado a reforma da Previd\u00eancia; Em contrapartida, d\u00f3lar despenca. Clique para saber mais.\" \/>\n<meta name=\"robots\" content=\"index, follow, max-snippet:-1, max-image-preview:large, max-video-preview:-1\" \/>\n<link rel=\"canonical\" href=\"https:\/\/www.suno.com.br\/noticias\/ibovespa-supera-93-mil-pontos-marca-historica\/\" \/>\n<meta property=\"og:locale\" content=\"pt_BR\" \/>\n<meta property=\"og:type\" content=\"article\" \/>\n<meta property=\"og:title\" content=\"Ibovespa supera pela 1\u00aa vez os 93 mil pontos e registra marca hist\u00f3rica\" \/>\n<meta property=\"og:description\" content=\"Ibovespa registra nova alta alavancado pelo otimismo voltado a reforma da Previd\u00eancia; Em contrapartida, d\u00f3lar despenca. Clique para saber mais.\" \/>\n<meta property=\"og:url\" content=\"https:\/\/www.suno.com.br\/noticias\/ibovespa-supera-93-mil-pontos-marca-historica\/\" \/>\n<meta property=\"og:site_name\" content=\"Suno Not\u00edcias\" \/>\n<meta property=\"article:publisher\" content=\"https:\/\/facebook.com\/sunoresearch\" \/>\n<meta property=\"og:image\" content=\"https:\/\/files.sunoresearch.com.br\/n\/uploads\/2018\/12\/90955461-ibovespa.jpg\" \/>\n\t<meta property=\"og:image:width\" content=\"960\" \/>\n\t<meta property=\"og:image:height\" content=\"400\" \/>\n\t<meta property=\"og:image:type\" content=\"image\/jpeg\" \/>\n<meta name=\"author\" content=\"Renan Bandeira\" \/>\n<meta name=\"twitter:card\" content=\"summary_large_image\" \/>\n<meta name=\"twitter:creator\" content=\"@sunoresearch\" \/>\n<meta name=\"twitter:site\" content=\"@sunoresearch\" \/>\n<meta name=\"twitter:label1\" content=\"Escrito por\" \/>\n\t<meta name=\"twitter:data1\" content=\"Renan Bandeira\" \/>\n\t<meta name=\"twitter:label2\" content=\"Est. tempo de leitura\" \/>\n\t<meta name=\"twitter:data2\" content=\"2 minutos\" \/>\n<script type=\"application\/ld+json\" class=\"yoast-schema-graph\">{\"@context\":\"https:\/\/schema.org\",\"@graph\":[{\"@type\":\"NewsArticle\",\"@id\":\"https:\/\/www.suno.com.br\/noticias\/ibovespa-supera-93-mil-pontos-marca-historica\/#article\",\"isPartOf\":{\"@id\":\"https:\/\/www.suno.com.br\/noticias\/ibovespa-supera-93-mil-pontos-marca-historica\/\"},\"author\":{\"name\":\"Renan Bandeira\",\"@id\":\"https:\/\/www.suno.com.br\/noticias\/#\/schema\/person\/fc144a1c6108bd1dcd43784e88a3c138\"},\"headline\":\"Ibovespa supera pela 1\u00aa vez os 93 mil pontos e registra marca hist\u00f3rica\",\"datePublished\":\"2019-01-09T20:25:59+00:00\",\"dateModified\":\"2021-02-18T20:54:28+00:00\",\"mainEntityOfPage\":{\"@id\":\"https:\/\/www.suno.com.br\/noticias\/ibovespa-supera-93-mil-pontos-marca-historica\/\"},\"wordCount\":471,\"publisher\":{\"@id\":\"https:\/\/www.suno.com.br\/noticias\/#organization\"},\"image\":{\"@id\":\"https:\/\/www.suno.com.br\/noticias\/ibovespa-supera-93-mil-pontos-marca-historica\/#primaryimage\"},\"thumbnailUrl\":\"https:\/\/files.sunoresearch.com.br\/n\/uploads\/2018\/12\/90955461-ibovespa-jpg.webp\",\"keywords\":[\"A\u00e7\u00f5es\",\"China\",\"Donald Trump\",\"Estados Unidos (EUA)\",\"Ibovespa\",\"Jair Bolsonaro\",\"Onyx Lorenzoni\",\"Paulo Guedes\",\"Petrobras (PETR4)\",\"Reforma da Previd\u00eancia\"],\"articleSection\":[\"Mercado\"],\"inLanguage\":\"pt-BR\"},{\"@type\":\"WebPage\",\"@id\":\"https:\/\/www.suno.com.br\/noticias\/ibovespa-supera-93-mil-pontos-marca-historica\/\",\"url\":\"https:\/\/www.suno.com.br\/noticias\/ibovespa-supera-93-mil-pontos-marca-historica\/\",\"name\":\"Ibovespa supera pela 1\u00aa vez os 93 mil pontos e registra marca hist\u00f3rica\",\"isPartOf\":{\"@id\":\"https:\/\/www.suno.com.br\/noticias\/#website\"},\"primaryImageOfPage\":{\"@id\":\"https:\/\/www.suno.com.br\/noticias\/ibovespa-supera-93-mil-pontos-marca-historica\/#primaryimage\"},\"image\":{\"@id\":\"https:\/\/www.suno.com.br\/noticias\/ibovespa-supera-93-mil-pontos-marca-historica\/#primaryimage\"},\"thumbnailUrl\":\"https:\/\/files.sunoresearch.com.br\/n\/uploads\/2018\/12\/90955461-ibovespa-jpg.webp\",\"datePublished\":\"2019-01-09T20:25:59+00:00\",\"dateModified\":\"2021-02-18T20:54:28+00:00\",\"description\":\"Ibovespa registra nova alta alavancado pelo otimismo voltado a reforma da Previd\u00eancia; Em contrapartida, d\u00f3lar despenca. Clique para saber mais.\",\"breadcrumb\":{\"@id\":\"https:\/\/www.suno.com.br\/noticias\/ibovespa-supera-93-mil-pontos-marca-historica\/#breadcrumb\"},\"inLanguage\":\"pt-BR\",\"potentialAction\":[{\"@type\":\"ReadAction\",\"target\":[\"https:\/\/www.suno.com.br\/noticias\/ibovespa-supera-93-mil-pontos-marca-historica\/\"]}]},{\"@type\":\"ImageObject\",\"inLanguage\":\"pt-BR\",\"@id\":\"https:\/\/www.suno.com.br\/noticias\/ibovespa-supera-93-mil-pontos-marca-historica\/#primaryimage\",\"url\":\"https:\/\/files.sunoresearch.com.br\/n\/uploads\/2018\/12\/90955461-ibovespa-jpg.webp\",\"contentUrl\":\"https:\/\/files.sunoresearch.com.br\/n\/uploads\/2018\/12\/90955461-ibovespa-jpg.webp\",\"width\":960,\"height\":400,\"caption\":\"O Ibovespa iniciou essa quinta-feira (6) em leve alta com as assuntos nacionais no radar.\"},{\"@type\":\"BreadcrumbList\",\"@id\":\"https:\/\/www.suno.com.br\/noticias\/ibovespa-supera-93-mil-pontos-marca-historica\/#breadcrumb\",\"itemListElement\":[{\"@type\":\"ListItem\",\"position\":1,\"name\":\"Not\u00edcias\",\"item\":\"https:\/\/www.suno.com.br\/noticias\/\"},{\"@type\":\"ListItem\",\"position\":2,\"name\":\"Mercado\",\"item\":\"https:\/\/www.suno.com.br\/noticias\/mercado\/\"},{\"@type\":\"ListItem\",\"position\":3,\"name\":\"Ibovespa supera pela 1\u00aa vez os 93 mil pontos e registra marca hist\u00f3rica\"}]},{\"@type\":\"WebSite\",\"@id\":\"https:\/\/www.suno.com.br\/noticias\/#website\",\"url\":\"https:\/\/www.suno.com.br\/noticias\/\",\"name\":\"Suno Not\u00edcias\",\"description\":\"Seu portal de informa\u00e7\u00e3o sobre o mundo dos investimentos\",\"publisher\":{\"@id\":\"https:\/\/www.suno.com.br\/noticias\/#organization\"},\"potentialAction\":[{\"@type\":\"SearchAction\",\"target\":{\"@type\":\"EntryPoint\",\"urlTemplate\":\"https:\/\/www.suno.com.br\/noticias\/?s={search_term_string}\"},\"query-input\":{\"@type\":\"PropertyValueSpecification\",\"valueRequired\":true,\"valueName\":\"search_term_string\"}}],\"inLanguage\":\"pt-BR\"},{\"@type\":\"Organization\",\"@id\":\"https:\/\/www.suno.com.br\/noticias\/#organization\",\"name\":\"Suno Not\u00edcias\",\"url\":\"https:\/\/www.suno.com.br\/noticias\/\",\"logo\":{\"@type\":\"ImageObject\",\"inLanguage\":\"pt-BR\",\"@id\":\"https:\/\/www.suno.com.br\/noticias\/#\/schema\/logo\/image\/\",\"url\":\"https:\/\/files.sunoresearch.com.br\/n\/uploads\/2021\/09\/suno-logo.png\",\"contentUrl\":\"https:\/\/files.sunoresearch.com.br\/n\/uploads\/2021\/09\/suno-logo.png\",\"width\":180,\"height\":180,\"caption\":\"Suno Not\u00edcias\"},\"image\":{\"@id\":\"https:\/\/www.suno.com.br\/noticias\/#\/schema\/logo\/image\/\"},\"sameAs\":[\"https:\/\/facebook.com\/sunoresearch\",\"https:\/\/x.com\/sunoresearch\",\"https:\/\/www.instagram.com\/suno\",\"https:\/\/www.linkedin.com\/company\/suno-research\/\",\"https:\/\/www.youtube.com\/c\/sunoresearch\"]},{\"@type\":\"Person\",\"@id\":\"https:\/\/www.suno.com.br\/noticias\/#\/schema\/person\/fc144a1c6108bd1dcd43784e88a3c138\",\"name\":\"Renan Bandeira\",\"image\":{\"@type\":\"ImageObject\",\"inLanguage\":\"pt-BR\",\"@id\":\"https:\/\/www.suno.com.br\/noticias\/#\/schema\/person\/image\/\",\"url\":\"https:\/\/secure.gravatar.com\/avatar\/68359cdb608f14f11bbefcb78f3fc747?s=96&r=g\",\"contentUrl\":\"https:\/\/secure.gravatar.com\/avatar\/68359cdb608f14f11bbefcb78f3fc747?s=96&r=g\",\"caption\":\"Renan Bandeira\"},\"description\":\"Renan Bandeira escreve sobre pol\u00edtica e economia para o portal da Suno Research. Antes da Suno, trabalhou em uma rede de televis\u00e3o, onde fazia reportagens sobre os mesmos temas. Estuda na Universidade Metodista de S\u00e3o Paulo.\",\"url\":\"https:\/\/www.suno.com.br\/noticias\/author\/renan-bandeira\/\"}]}<\/script>\n<!-- \/ Yoast SEO plugin. -->","yoast_head_json":{"title":"Ibovespa supera pela 1\u00aa vez os 93 mil pontos e registra marca hist\u00f3rica","description":"Ibovespa registra nova alta alavancado pelo otimismo voltado a reforma da Previd\u00eancia; Em contrapartida, d\u00f3lar despenca. Clique para saber mais.","robots":{"index":"index","follow":"follow","max-snippet":"max-snippet:-1","max-image-preview":"max-image-preview:large","max-video-preview":"max-video-preview:-1"},"canonical":"https:\/\/www.suno.com.br\/noticias\/ibovespa-supera-93-mil-pontos-marca-historica\/","og_locale":"pt_BR","og_type":"article","og_title":"Ibovespa supera pela 1\u00aa vez os 93 mil pontos e registra marca hist\u00f3rica","og_description":"Ibovespa registra nova alta alavancado pelo otimismo voltado a reforma da Previd\u00eancia; Em contrapartida, d\u00f3lar despenca. Clique para saber mais.","og_url":"https:\/\/www.suno.com.br\/noticias\/ibovespa-supera-93-mil-pontos-marca-historica\/","og_site_name":"Suno Not\u00edcias","article_publisher":"https:\/\/facebook.com\/sunoresearch","og_image":[{"width":960,"height":400,"url":"https:\/\/files.sunoresearch.com.br\/n\/uploads\/2018\/12\/90955461-ibovespa.jpg","type":"image\/jpeg"}],"author":"Renan Bandeira","twitter_card":"summary_large_image","twitter_creator":"@sunoresearch","twitter_site":"@sunoresearch","twitter_misc":{"Escrito por":"Renan Bandeira","Est. tempo de leitura":"2 minutos"},"schema":{"@context":"https:\/\/schema.org","@graph":[{"@type":"NewsArticle","@id":"https:\/\/www.suno.com.br\/noticias\/ibovespa-supera-93-mil-pontos-marca-historica\/#article","isPartOf":{"@id":"https:\/\/www.suno.com.br\/noticias\/ibovespa-supera-93-mil-pontos-marca-historica\/"},"author":{"name":"Renan Bandeira","@id":"https:\/\/www.suno.com.br\/noticias\/#\/schema\/person\/fc144a1c6108bd1dcd43784e88a3c138"},"headline":"Ibovespa supera pela 1\u00aa vez os 93 mil pontos e registra marca hist\u00f3rica","datePublished":"2019-01-09T20:25:59+00:00","dateModified":"2021-02-18T20:54:28+00:00","mainEntityOfPage":{"@id":"https:\/\/www.suno.com.br\/noticias\/ibovespa-supera-93-mil-pontos-marca-historica\/"},"wordCount":471,"publisher":{"@id":"https:\/\/www.suno.com.br\/noticias\/#organization"},"image":{"@id":"https:\/\/www.suno.com.br\/noticias\/ibovespa-supera-93-mil-pontos-marca-historica\/#primaryimage"},"thumbnailUrl":"https:\/\/files.sunoresearch.com.br\/n\/uploads\/2018\/12\/90955461-ibovespa-jpg.webp","keywords":["A\u00e7\u00f5es","China","Donald Trump","Estados Unidos (EUA)","Ibovespa","Jair Bolsonaro","Onyx Lorenzoni","Paulo Guedes","Petrobras (PETR4)","Reforma da Previd\u00eancia"],"articleSection":["Mercado"],"inLanguage":"pt-BR"},{"@type":"WebPage","@id":"https:\/\/www.suno.com.br\/noticias\/ibovespa-supera-93-mil-pontos-marca-historica\/","url":"https:\/\/www.suno.com.br\/noticias\/ibovespa-supera-93-mil-pontos-marca-historica\/","name":"Ibovespa supera pela 1\u00aa vez os 93 mil pontos e registra marca hist\u00f3rica","isPartOf":{"@id":"https:\/\/www.suno.com.br\/noticias\/#website"},"primaryImageOfPage":{"@id":"https:\/\/www.suno.com.br\/noticias\/ibovespa-supera-93-mil-pontos-marca-historica\/#primaryimage"},"image":{"@id":"https:\/\/www.suno.com.br\/noticias\/ibovespa-supera-93-mil-pontos-marca-historica\/#primaryimage"},"thumbnailUrl":"https:\/\/files.sunoresearch.com.br\/n\/uploads\/2018\/12\/90955461-ibovespa-jpg.webp","datePublished":"2019-01-09T20:25:59+00:00","dateModified":"2021-02-18T20:54:28+00:00","description":"Ibovespa registra nova alta alavancado pelo otimismo voltado a reforma da Previd\u00eancia; Em contrapartida, d\u00f3lar despenca. Clique para saber mais.","breadcrumb":{"@id":"https:\/\/www.suno.com.br\/noticias\/ibovespa-supera-93-mil-pontos-marca-historica\/#breadcrumb"},"inLanguage":"pt-BR","potentialAction":[{"@type":"ReadAction","target":["https:\/\/www.suno.com.br\/noticias\/ibovespa-supera-93-mil-pontos-marca-historica\/"]}]},{"@type":"ImageObject","inLanguage":"pt-BR","@id":"https:\/\/www.suno.com.br\/noticias\/ibovespa-supera-93-mil-pontos-marca-historica\/#primaryimage","url":"https:\/\/files.sunoresearch.com.br\/n\/uploads\/2018\/12\/90955461-ibovespa-jpg.webp","contentUrl":"https:\/\/files.sunoresearch.com.br\/n\/uploads\/2018\/12\/90955461-ibovespa-jpg.webp","width":960,"height":400,"caption":"O Ibovespa iniciou essa quinta-feira (6) em leve alta com as assuntos nacionais no radar."},{"@type":"BreadcrumbList","@id":"https:\/\/www.suno.com.br\/noticias\/ibovespa-supera-93-mil-pontos-marca-historica\/#breadcrumb","itemListElement":[{"@type":"ListItem","position":1,"name":"Not\u00edcias","item":"https:\/\/www.suno.com.br\/noticias\/"},{"@type":"ListItem","position":2,"name":"Mercado","item":"https:\/\/www.suno.com.br\/noticias\/mercado\/"},{"@type":"ListItem","position":3,"name":"Ibovespa supera pela 1\u00aa vez os 93 mil pontos e registra marca hist\u00f3rica"}]},{"@type":"WebSite","@id":"https:\/\/www.suno.com.br\/noticias\/#website","url":"https:\/\/www.suno.com.br\/noticias\/","name":"Suno Not\u00edcias","description":"Seu portal de informa\u00e7\u00e3o sobre o mundo dos investimentos","publisher":{"@id":"https:\/\/www.suno.com.br\/noticias\/#organization"},"potentialAction":[{"@type":"SearchAction","target":{"@type":"EntryPoint","urlTemplate":"https:\/\/www.suno.com.br\/noticias\/?s={search_term_string}"},"query-input":{"@type":"PropertyValueSpecification","valueRequired":true,"valueName":"search_term_string"}}],"inLanguage":"pt-BR"},{"@type":"Organization","@id":"https:\/\/www.suno.com.br\/noticias\/#organization","name":"Suno Not\u00edcias","url":"https:\/\/www.suno.com.br\/noticias\/","logo":{"@type":"ImageObject","inLanguage":"pt-BR","@id":"https:\/\/www.suno.com.br\/noticias\/#\/schema\/logo\/image\/","url":"https:\/\/files.sunoresearch.com.br\/n\/uploads\/2021\/09\/suno-logo.png","contentUrl":"https:\/\/files.sunoresearch.com.br\/n\/uploads\/2021\/09\/suno-logo.png","width":180,"height":180,"caption":"Suno Not\u00edcias"},"image":{"@id":"https:\/\/www.suno.com.br\/noticias\/#\/schema\/logo\/image\/"},"sameAs":["https:\/\/facebook.com\/sunoresearch","https:\/\/x.com\/sunoresearch","https:\/\/www.instagram.com\/suno","https:\/\/www.linkedin.com\/company\/suno-research\/","https:\/\/www.youtube.com\/c\/sunoresearch"]},{"@type":"Person","@id":"https:\/\/www.suno.com.br\/noticias\/#\/schema\/person\/fc144a1c6108bd1dcd43784e88a3c138","name":"Renan Bandeira","image":{"@type":"ImageObject","inLanguage":"pt-BR","@id":"https:\/\/www.suno.com.br\/noticias\/#\/schema\/person\/image\/","url":"https:\/\/secure.gravatar.com\/avatar\/68359cdb608f14f11bbefcb78f3fc747?s=96&r=g","contentUrl":"https:\/\/secure.gravatar.com\/avatar\/68359cdb608f14f11bbefcb78f3fc747?s=96&r=g","caption":"Renan Bandeira"},"description":"Renan Bandeira escreve sobre pol\u00edtica e economia para o portal da Suno Research. Antes da Suno, trabalhou em uma rede de televis\u00e3o, onde fazia reportagens sobre os mesmos temas. Estuda na Universidade Metodista de S\u00e3o Paulo.","url":"https:\/\/www.suno.com.br\/noticias\/author\/renan-bandeira\/"}]}},"default_loop_html":"<div class=\"cardsPage__listCard__boxs\"><div class=\"cardsPage__listCard__boxs__img\"><a href=\"https:\/\/www.suno.com.br\/noticias\/ibovespa-supera-93-mil-pontos-marca-historica\/\"><img class=\"mask\" src=\"https:\/\/www.suno.com.br\/noticias\/wp-content\/themes\/suno\/resources\/images\/spotlight\/spotlight1img\/bg-mask.png\" alt=\"Image Mask\"\/><img src=\"https:\/\/files.sunoresearch.com.br\/n\/uploads\/2018\/12\/90955461-ibovespa-400x200.webp\" alt=\"Ibovespa supera pela 1\u00aa vez os 93 mil pontos e registra marca hist\u00f3rica\"\/><\/a><span class=\"spotlightCategory\"><a href=\"https:\/\/www.suno.com.br\/noticias\/mercado\/\">Mercado<\/a><\/span><\/div><div class=\"cardsPage__listCard__boxs__content\"><a href=\"https:\/\/www.suno.com.br\/noticias\/ibovespa-supera-93-mil-pontos-marca-historica\/\"><h2 class=\"content__title\">Ibovespa supera pela 1\u00aa vez os 93 mil pontos e registra marca hist\u00f3rica<\/h2><\/a><div class=\"newsContent__article__meta\"><div class=\"newsContent__article__meta__authorBox\"><a href=\"https:\/\/www.suno.com.br\/noticias\/author\/renan-bandeira\/\" class=\"authorBox__avatar noMobi\"><img src=\"https:\/\/secure.gravatar.com\/avatar\/68359cdb608f14f11bbefcb78f3fc747?s=96&#038;r=g\" alt=\"Renan Bandeira\"><\/a><div class=\"authorBox__name\"><span>por\n\t\t\t<a href=\"https:\/\/www.suno.com.br\/noticias\/author\/renan-bandeira\/\"><span itemprop=\"author\">Renan Bandeira<\/span><\/a><\/span><time datetime=\"2019-01-09T18:25:59-02:00\" itemprop=\"datePublished\">09\/01\/2019 18:25<\/time><\/div><\/div><\/div><\/div><\/div>","single_layout":"posts","amp_enabled":true,"_links":{"self":[{"href":"https:\/\/www.suno.com.br\/noticias\/wp-json\/wp\/v2\/posts\/11037"}],"collection":[{"href":"https:\/\/www.suno.com.br\/noticias\/wp-json\/wp\/v2\/posts"}],"about":[{"href":"https:\/\/www.suno.com.br\/noticias\/wp-json\/wp\/v2\/types\/post"}],"author":[{"embeddable":true,"href":"https:\/\/www.suno.com.br\/noticias\/wp-json\/wp\/v2\/users\/11"}],"replies":[{"embeddable":true,"href":"https:\/\/www.suno.com.br\/noticias\/wp-json\/wp\/v2\/comments?post=11037"}],"version-history":[{"count":0,"href":"https:\/\/www.suno.com.br\/noticias\/wp-json\/wp\/v2\/posts\/11037\/revisions"}],"wp:featuredmedia":[{"embeddable":true,"href":"https:\/\/www.suno.com.br\/noticias\/wp-json\/wp\/v2\/media\/8393"}],"wp:attachment":[{"href":"https:\/\/www.suno.com.br\/noticias\/wp-json\/wp\/v2\/media?parent=11037"}],"wp:term":[{"taxonomy":"category","embeddable":true,"href":"https:\/\/www.suno.com.br\/noticias\/wp-json\/wp\/v2\/categories?post=11037"},{"taxonomy":"post_tag","embeddable":true,"href":"https:\/\/www.suno.com.br\/noticias\/wp-json\/wp\/v2\/tags?post=11037"},{"taxonomy":"suno_strategy","embeddable":true,"href":"https:\/\/www.suno.com.br\/noticias\/wp-json\/wp\/v2\/suno_strategy?post=11037"}],"curies":[{"name":"wp","href":"https:\/\/api.w.org\/{rel}","templated":true}]}}