{"id":110261,"date":"2020-12-26T10:19:52","date_gmt":"2020-12-26T13:19:52","guid":{"rendered":"https:\/\/www.suno.com.br\/noticias\/?p=110261"},"modified":"2021-02-17T22:56:31","modified_gmt":"2021-02-18T01:56:31","slug":"privatizacoes-eletrobras-elet6-ceee-d-ceed3-cemig-cmig4-radar","status":"publish","type":"post","link":"https:\/\/www.suno.com.br\/noticias\/privatizacoes-eletrobras-elet6-ceee-d-ceed3-cemig-cmig4-radar\/","title":{"rendered":"Privatiza\u00e7\u00f5es da Eletrobras (ELET3), CEEE (CEED3) e Cemig (CMIG4) est\u00e3o no radar"},"content":{"rendered":"<p>As <strong>privatiza\u00e7\u00f5es<\/strong> no setor el\u00e9trico prometem estar no radar do governo e de investidores em 2021, ano de pouca influ\u00eancia de disputas eleitorais afetando o calend\u00e1rio. Em meio a um cen\u00e1rio de juros baixos, est\u00e3o no foco, al\u00e9m do avan\u00e7o do processo de desestatiza\u00e7\u00e3o da <a href=\"https:\/\/www.suno.com.br\/acoes\/elet6\/\" target=\"_blank\" rel=\"noopener noreferrer\">Eletrobras (ELET3)<\/a>, a venda dos bra\u00e7os de distribui\u00e7\u00e3o e de gera\u00e7\u00e3o e transmiss\u00e3o (GT) da estatal ga\u00facha CEEE, a distribuidora amapaense CEA, al\u00e9m de poss\u00edveis avan\u00e7os na desestatiza\u00e7\u00e3o da mineira <a href=\"https:\/\/www.suno.com.br\/acoes\/cmig4\/\" target=\"_blank\" rel=\"noopener noreferrer\">Cemig (CMIG4)<\/a>.<\/p>\t<div class=\"wrapper-featured-image\">\n\t\t<figure class=\"spotlightImg\">\n\n\t\t\t<picture>\n\t\t\t\t<source media=\"(max-width: 768px)\" srcset=\"https:\/\/files.sunoresearch.com.br\/n\/uploads\/2020\/12\/c4225ce3-privatizacoes-energia-distribuicao-400x200.webp\">\n\t\t\t\t<img loading=\"lazy\" decoding=\"async\" class=\"newsContent__article__imgCapa lazyloadDisabled \" src=\"https:\/\/files.sunoresearch.com.br\/n\/uploads\/2020\/12\/c4225ce3-privatizacoes-energia-distribuicao-800x450.webp\" width=\"800\" height=\"450\" alt=\"Privatiza\u00e7\u00f5es da Eletrobras (ELET3), CEEE (CEED3) e Cemig (CMIG4) est\u00e3o no radar\" fetchpriority=high \/>\n\t\t\t<\/picture>\n\n\t\t\t<figcaption class=\"wp-caption-text wp-caption-text--show\">Privatiza\u00e7\u00f5es do setor el\u00e9trico no radar<\/figcaption>\n\t\t<\/figure>\n\t<\/div>\n\n\n<p><b>\t<p>\n\t\t<a href=\"https:\/\/lp.suno.com.br\/planilha-controle-gastos\/\" target=\"_blank\" data-element=\"shortcode-suno-banner\" title=\"Banner SUNO, clique e saiba mais\">\n\t\t\t<picture>\n\t\t\t\t<source media=\"(max-width: 500px)\" srcset=\"https:\/\/files.sunoresearch.com.br\/n\/uploads\/2023\/03\/400x300-Planilha-controle-de-gastos.png\">\n\t\t\t\t<img class=\"newsContent__article__imgCapa newsContent__article__imgCapa--banner\"\n\t\t\t\t\tsrc=\"https:\/\/files.sunoresearch.com.br\/n\/uploads\/2023\/03\/1420x240-Planilha-controle-de-gastos.png\"\n\t\t\t\t\tdata-promo-id=\"101751\"\t\t\t\t\t\t\t\t\t\twidth='1420' height='240'\t\t\t\t\talt=\"https:\/\/files.sunoresearch.com.br\/n\/uploads\/2023\/03\/1420x240-Planilha-controle-de-gastos.png\"\n\t\t\t\t>\n\t\t\t<\/picture>\n\t\t<\/a>\n\t<\/p>\n\n <\/b><\/p>\n<p>Entre estas privatiza\u00e7\u00f5es, o processo mais avan\u00e7ado \u00e9 o da <a href=\"https:\/\/www.suno.com.br\/acoes\/ceed3\/\" target=\"_blank\" rel=\"noopener noreferrer\">CEEE (CEED3). <\/a>O edital da distribuidora <strong>CEEE-D<\/strong> j\u00e1 est\u00e1 na rua, com entrega das propostas marcada para 29 de janeiro e leil\u00e3o agendado para 3 de fevereiro, na B3, em S\u00e3o Paulo.<\/p>\n<p>A concession\u00e1ria opera em 72 munic\u00edpios, incluindo a regi\u00e3o metropolitana de Porto Alegre, totalizando 26% do Estado, com mais de 1,7 milh\u00e3o de clientes, ou 35% da popula\u00e7\u00e3o ga\u00facha.<\/p>\n<p>Sua situa\u00e7\u00e3o financeira, no entanto, \u00e9 problem\u00e1tica, o que acaba se refletindo no <a href=\"https:\/\/www.suno.com.br\/artigos\/avaliacao-de-ativos\/\" target=\"_blank\" rel=\"noopener noreferrer\">valor do ativo<\/a>: o governo definiu em R$ 50 mil o valor m\u00ednimo pelo correspondente a 65,87% do capital da CEEE-D.<\/p>\n<p>Sob gest\u00e3o p\u00fablica, atualmente a <strong>distribuidora<\/strong> corre o risco de perder o contrato de concess\u00e3o, por descumprimento de indicadores de sustentabilidade econ\u00f4mico-financeira e de qualidade da presta\u00e7\u00e3o dos servi\u00e7os.<\/p>\n<p>A CEEE-D acumula preju\u00edzos de mais de R$ 3 bilh\u00f5es, somente nos \u00faltimos tr\u00eas exerc\u00edcios fiscais completos e o per\u00edodo entre janeiro e junho de 2020. Ao fim do primeiro semestre deste ano, as d\u00edvidas superaram os R$ 8,8 bilh\u00f5es, dos quais quase R$ 5 bilh\u00f5es com vencimentos no curto prazo.<\/p>\n<p><a href=\"https:\/\/lp.suno.com.br\/suno-one\/\"><b>Suno One: acesse gratuitamente eBooks, Minicursos, Artigos e Video Aulas sobre investimentos com um \u00fanico cadastro. Clique para saber mais!<\/b><\/a><\/p>\n<p>Ainda assim, a expectativa \u00e9 de que haja interesse de investidores.<\/p>\n<p>Em que se pese os fracos indicadores econ\u00f4mico-financeiros e de qualidade registrados na <strong>Ag\u00eancia Nacional de Energia El\u00e9trica (Aneel)<\/strong>, a concession\u00e1ria atua em mercado com elevada renda per capita e apresenta grande potencial para um turn around, j\u00e1 visto em outras distribuidoras do Pa\u00eds, a partir de aumento dos investimentos na rede el\u00e9trica, combate \u00e0s perdas comerciais e melhoria da efici\u00eancia na<a href=\"https:\/\/www.suno.com.br\/artigos\/custos-despesas\/\" target=\"_blank\" rel=\"noopener noreferrer\"> gest\u00e3o dos custos operacionais<\/a>.<\/p>\n<h2>CPFL Energia deve ficar com a CEEE-D<\/h2>\n<p>A principal aposta do mercado \u00e9 que o ativo a ser privatizado fique com a <a href=\"https:\/\/www.suno.com.br\/acoes\/cpfe3\/\" target=\"_blank\" rel=\"noopener noreferrer\"><strong>CPFL Energia<\/strong> (CPFE3)<\/a>, que j\u00e1 opera no Rio Grande do Sul e pode obter volume maior de sinergias. &#8220;A CPFL, por j\u00e1 operar a RGE, pode extrair efici\u00eancias em \u00e1reas como central de controle, atendimento a clientes e otimiza\u00e7\u00e3o de pessoal de manuten\u00e7\u00e3o, que outros players n\u00e3o poderiam garantir na mesma escala&#8221;, disse o analista da XP Investimentos, Gabriel Francisco.<\/p>\n<p>Ele lembra que o grupo \u00e9 forte gerador de caixa e tem como acionista a chinesa<strong> State Grid<\/strong>, com forte poder de fogo, demonstrado no recente leil\u00e3o da Companhia Energ\u00e9tica de Bras\u00edlia (CEB), quando disputou fortemente o ativo, sendo ao final superada pela Neoenergia por uma pequena diferen\u00e7a.<\/p>\n<p>&#8220;A CPFL \u00e9 candidata natural, mas n\u00e3o se pode descartar o interesse de outros grupos privados, tendo em vista a escassez de <strong>ativos de distribui\u00e7\u00e3o<\/strong>&#8220;, acrescentou Fonseca. Equatorial e Energisa j\u00e1 declararam estudar o ativo e possuem bom hist\u00f3rico de recupera\u00e7\u00e3o de distribuidoras.<\/p>\n<p>A <a href=\"https:\/\/www.suno.com.br\/acoes\/neoe3\/\" target=\"_blank\" rel=\"noopener noreferrer\">Neoenergia (NEOE3)<\/a> tamb\u00e9m j\u00e1 indicou interesse na CEEE-D, mas, ap\u00f3s arrematar a <a href=\"https:\/\/www.suno.com.br\/acoes\/cebr3\/\" target=\"_blank\" rel=\"noopener noreferrer\">CEB (CEBR3)<\/a>, o presidente Mario Ruiz-Tagle, afirmou, sobre eventual participa\u00e7\u00e3o no pr\u00f3ximo leil\u00e3o, que &#8220;no momento, a companhia vai se concentrar&#8221; na distribuidora rec\u00e9m-conquistada.<\/p>\n<p>O<strong> governo ga\u00facho<\/strong> tamb\u00e9m pretende vender os ativos de gera\u00e7\u00e3o e transmiss\u00e3o reunidos na CEEE-GT, mas esse processo est\u00e1 mais atrasado. No in\u00edcio de dezembro, o governador Eduardo Leite (PSDB) indicou que o <strong>edital de privatiza\u00e7\u00e3o<\/strong> desta empresa seria publicado at\u00e9 mar\u00e7o do ano que vem.<\/p>\n<p><b>\u00a0\t<p>\n\t\t<a href=\"https:\/\/lp.suno.com.br\/ebook-como-analisar-uma-acao\/\" target=\"_blank\" data-element=\"shortcode-suno-banner\" title=\"Banner SUNO, clique e saiba mais\">\n\t\t\t<picture>\n\t\t\t\t<source media=\"(max-width: 500px)\" srcset=\"https:\/\/files.sunoresearch.com.br\/n\/uploads\/2023\/03\/Ebook-Acoes-Mobile.jpg\">\n\t\t\t\t<img class=\"newsContent__article__imgCapa newsContent__article__imgCapa--banner\"\n\t\t\t\t\tsrc=\"https:\/\/files.sunoresearch.com.br\/n\/uploads\/2023\/03\/Ebook-Acoes-Desktop.jpg\"\n\t\t\t\t\tdata-promo-id=\"378302\"\t\t\t\t\t\t\t\t\t\twidth='1420' height='286'\t\t\t\t\talt=\"https:\/\/files.sunoresearch.com.br\/n\/uploads\/2023\/03\/Ebook-Acoes-Desktop.jpg\"\n\t\t\t\t>\n\t\t\t<\/picture>\n\t\t<\/a>\n\t<\/p>\n\n<\/b><\/p>\n<h2><b>CEA \u00e9 destaque entre privatiza\u00e7\u00f5es do setor<\/b><\/h2>\n<p>Na distribui\u00e7\u00e3o, outro ativo com perspectiva de ser <strong>privatizado<\/strong> em breve \u00e9 a <strong>Companhia de Eletricidade do Amap\u00e1 (CEA)<\/strong>. Operando sem contrato de concess\u00e3o desde 2015 e acumulando d\u00edvidas, a empresa precisa ser privatizada at\u00e9 o fim de junho de 2021.<\/p>\n<p>A data est\u00e1 prevista na Medida Provis\u00f3ria 998, que ainda depende de aval do Senado. O texto determina tamb\u00e9m que, ap\u00f3s a licita\u00e7\u00e3o, o governo estadual vai ter de concluir a transfer\u00eancia de controle da empresa para o novo concession\u00e1rio at\u00e9 o fim do pr\u00f3ximo ano.<\/p>\n<p>A MP traz ainda um &#8220;plano B&#8221;, caso o leil\u00e3o fracasse. Neste caso, a Aneel vai autorizar, preferencialmente por meio de um processo competitivo simplificado, que o servi\u00e7o de distribui\u00e7\u00e3o seja prestado em car\u00e1ter emergencial.<\/p>\n<p>Na vis\u00e3o de especialistas, a atratividade do <strong>leil\u00e3o<\/strong> depende do governo reduzir os riscos do neg\u00f3cio na elabora\u00e7\u00e3o do edital. A empresa possui passivos superiores a R$ 2 bilh\u00f5es, com destaque para d\u00edvidas junto \u00e0<a href=\"https:\/\/www.suno.com.br\/acoes\/brdt3\/\" target=\"_blank\" rel=\"noopener noreferrer\"> BR Distribuidora (BRDT3)<\/a> e \u00e0 <a href=\"https:\/\/lp.suno.com.br\/lm\/relatorio\/suno-drops-petrobras-petr4\/\" target=\"_blank\" rel=\"noopener noreferrer\">Petrobras (PETR4)<\/a>. A expectativa agora \u00e9 de que o governo federal possa dar algum tipo de ajuda.<\/p>\n<p>Dado o grau de complexidade da situa\u00e7\u00e3o da distribuidora, Fonseca, da XP, considera que o ativo atrairia interesse restrito, sobretudo de empresas especializadas em recupera\u00e7\u00e3o de concess\u00f5es &#8220;ultracomplexas&#8221;.<\/p>\n<p>Neste caso, despontam empresas como <a href=\"https:\/\/www.suno.com.br\/acoes\/eqtl3\/\" target=\"_blank\" rel=\"noopener noreferrer\">Equatorial (EQTL3)<\/a> e <a href=\"https:\/\/www.suno.com.br\/acoes\/engi3\/\" target=\"_blank\" rel=\"noopener noreferrer\">Energisa (ENGI3)<\/a>, que adquiriram distribuidoras ex-Eletrobr\u00e1s no Norte e Nordeste do Pa\u00eds. O analista destacou, no entanto, que os ativos que foram da Eletrobr\u00e1s mais complexos, como Amazonas e Roraima, ficaram na m\u00e3o da Oliveira Energia, uma novata no setor.<\/p>\n<p>&#8220;A Equatorial tem a melhor disciplina de capital do setor, n\u00e3o acredito que faria um movimento que poderia destruir valor para o acionista&#8221;, disse, ao comentar o processo de <strong>privatiza\u00e7\u00f5es<\/strong>.<\/p>\n<p>(Com Estad\u00e3o Conte\u00fado)<\/p>\n<p><b>\t<p>\n\t\t<a href=\"https:\/\/lp.suno.com.br\/planilha-de-controle-de-investimentos\/\" target=\"_blank\" data-element=\"shortcode-suno-banner\" title=\"Banner SUNO, clique e saiba mais\">\n\t\t\t<picture>\n\t\t\t\t<source media=\"(max-width: 500px)\" srcset=\"https:\/\/files.sunoresearch.com.br\/n\/uploads\/2023\/03\/400x300-Controle-de-Investimentos.png\">\n\t\t\t\t<img class=\"newsContent__article__imgCapa newsContent__article__imgCapa--banner\"\n\t\t\t\t\tsrc=\"https:\/\/files.sunoresearch.com.br\/n\/uploads\/2023\/03\/1420x240-Controle-de-Investimentos.png\"\n\t\t\t\t\tdata-promo-id=\"75934\"\t\t\t\t\t\t\t\t\t\twidth='1420' height='240'\t\t\t\t\talt=\"https:\/\/files.sunoresearch.com.br\/n\/uploads\/2023\/03\/1420x240-Controle-de-Investimentos.png\"\n\t\t\t\t>\n\t\t\t<\/picture>\n\t\t<\/a>\n\t<\/p>\n\n <\/b><\/p>\n","protected":false},"excerpt":{"rendered":"<p>As privatiza\u00e7\u00f5es no setor el\u00e9trico prometem estar no radar do governo e de investidores em 2021, ano de pouca influ\u00eancia de disputas eleitorais afetando o calend\u00e1rio. Em meio a um cen\u00e1rio de juros baixos, est\u00e3o no foco, al\u00e9m do avan\u00e7o do processo de desestatiza\u00e7\u00e3o da Eletrobras (ELET3), a venda dos bra\u00e7os de distribui\u00e7\u00e3o e de [&hellip;]<\/p>\n","protected":false},"author":43,"featured_media":110267,"comment_status":"closed","ping_status":"closed","sticky":false,"template":"","format":"standard","meta":[],"categories":[64],"tags":[411,420,455,945],"suno_strategy":[],"class_list":["post-110261","post","type-post","status-publish","format-standard","has-post-thumbnail","hentry","category-negocios","tag-ceee-d-ceed3-ceed4-ceeb6","tag-cemig-cmig3-cmig4","tag-eletrobras-elet3-elet5-elet6","tag-privatizacoes"],"yoast_head":"<!-- This site is optimized with the Yoast SEO plugin v24.4 - https:\/\/yoast.com\/wordpress\/plugins\/seo\/ -->\n<title>Privatiza\u00e7\u00f5es da Eletrobras (ELET3) e CEEE (CEED3) est\u00e3o no radar<\/title>\n<meta name=\"description\" content=\"As privatiza\u00e7\u00f5es prometem estar no radar de investidores em 2021, com destaque para a Eletrobras (ELET3), a CEEE e a CEA. Leia mais.\" \/>\n<meta name=\"robots\" content=\"index, follow, max-snippet:-1, max-image-preview:large, max-video-preview:-1\" \/>\n<link rel=\"canonical\" href=\"https:\/\/www.suno.com.br\/noticias\/privatizacoes-eletrobras-elet6-ceee-d-ceed3-cemig-cmig4-radar\/\" \/>\n<meta property=\"og:locale\" content=\"pt_BR\" \/>\n<meta property=\"og:type\" content=\"article\" \/>\n<meta property=\"og:title\" content=\"Privatiza\u00e7\u00f5es da Eletrobras (ELET3) e CEEE (CEED3) est\u00e3o no radar\" \/>\n<meta property=\"og:description\" content=\"As privatiza\u00e7\u00f5es prometem estar no radar de investidores em 2021, com destaque para a Eletrobras (ELET3), a CEEE e a CEA. Leia mais.\" \/>\n<meta property=\"og:url\" content=\"https:\/\/www.suno.com.br\/noticias\/privatizacoes-eletrobras-elet6-ceee-d-ceed3-cemig-cmig4-radar\/\" \/>\n<meta property=\"og:site_name\" content=\"Suno Not\u00edcias\" \/>\n<meta property=\"article:publisher\" content=\"https:\/\/facebook.com\/sunoresearch\" \/>\n<meta property=\"article:author\" content=\"https:\/\/www.facebook.com\/sunonoticias\/\" \/>\n<meta property=\"og:image\" content=\"https:\/\/files.sunoresearch.com.br\/n\/uploads\/2020\/12\/c4225ce3-privatizacoes-energia-distribuicao.jpg\" \/>\n\t<meta property=\"og:image:width\" content=\"960\" \/>\n\t<meta property=\"og:image:height\" content=\"640\" \/>\n\t<meta property=\"og:image:type\" content=\"image\/jpeg\" \/>\n<meta name=\"author\" content=\"Reda\u00e7\u00e3o Suno Not\u00edcias\" \/>\n<meta name=\"twitter:card\" content=\"summary_large_image\" \/>\n<meta name=\"twitter:creator\" content=\"@https:\/\/twitter.com\/sunoresearch\" \/>\n<meta name=\"twitter:site\" content=\"@sunoresearch\" \/>\n<meta name=\"twitter:label1\" content=\"Escrito por\" \/>\n\t<meta name=\"twitter:data1\" content=\"Reda\u00e7\u00e3o Suno Not\u00edcias\" \/>\n\t<meta name=\"twitter:label2\" content=\"Est. tempo de leitura\" \/>\n\t<meta name=\"twitter:data2\" content=\"5 minutos\" \/>\n<script type=\"application\/ld+json\" class=\"yoast-schema-graph\">{\"@context\":\"https:\/\/schema.org\",\"@graph\":[{\"@type\":\"NewsArticle\",\"@id\":\"https:\/\/www.suno.com.br\/noticias\/privatizacoes-eletrobras-elet6-ceee-d-ceed3-cemig-cmig4-radar\/#article\",\"isPartOf\":{\"@id\":\"https:\/\/www.suno.com.br\/noticias\/privatizacoes-eletrobras-elet6-ceee-d-ceed3-cemig-cmig4-radar\/\"},\"author\":{\"name\":\"Reda\u00e7\u00e3o Suno Not\u00edcias\",\"@id\":\"https:\/\/www.suno.com.br\/noticias\/#\/schema\/person\/c1b1bd3727fa852bd045e9dbff3673ea\"},\"headline\":\"Privatiza\u00e7\u00f5es da Eletrobras (ELET3), CEEE (CEED3) e Cemig (CMIG4) est\u00e3o no radar\",\"datePublished\":\"2020-12-26T13:19:52+00:00\",\"dateModified\":\"2021-02-18T01:56:31+00:00\",\"mainEntityOfPage\":{\"@id\":\"https:\/\/www.suno.com.br\/noticias\/privatizacoes-eletrobras-elet6-ceee-d-ceed3-cemig-cmig4-radar\/\"},\"wordCount\":1027,\"publisher\":{\"@id\":\"https:\/\/www.suno.com.br\/noticias\/#organization\"},\"image\":{\"@id\":\"https:\/\/www.suno.com.br\/noticias\/privatizacoes-eletrobras-elet6-ceee-d-ceed3-cemig-cmig4-radar\/#primaryimage\"},\"thumbnailUrl\":\"https:\/\/files.sunoresearch.com.br\/n\/uploads\/2020\/12\/c4225ce3-privatizacoes-energia-distribuicao-jpg.webp\",\"keywords\":[\"CEEE-D (CEED3\/CEED4\/CEEB6)\",\"Cemig (CMIG3\/CMIG4)\",\"Eletrobras (ELET3\/ELET5\/ELET6)\",\"privatiza\u00e7\u00f5es\"],\"articleSection\":[\"Neg\u00f3cios\"],\"inLanguage\":\"pt-BR\"},{\"@type\":\"WebPage\",\"@id\":\"https:\/\/www.suno.com.br\/noticias\/privatizacoes-eletrobras-elet6-ceee-d-ceed3-cemig-cmig4-radar\/\",\"url\":\"https:\/\/www.suno.com.br\/noticias\/privatizacoes-eletrobras-elet6-ceee-d-ceed3-cemig-cmig4-radar\/\",\"name\":\"Privatiza\u00e7\u00f5es da Eletrobras (ELET3) e CEEE (CEED3) est\u00e3o no radar\",\"isPartOf\":{\"@id\":\"https:\/\/www.suno.com.br\/noticias\/#website\"},\"primaryImageOfPage\":{\"@id\":\"https:\/\/www.suno.com.br\/noticias\/privatizacoes-eletrobras-elet6-ceee-d-ceed3-cemig-cmig4-radar\/#primaryimage\"},\"image\":{\"@id\":\"https:\/\/www.suno.com.br\/noticias\/privatizacoes-eletrobras-elet6-ceee-d-ceed3-cemig-cmig4-radar\/#primaryimage\"},\"thumbnailUrl\":\"https:\/\/files.sunoresearch.com.br\/n\/uploads\/2020\/12\/c4225ce3-privatizacoes-energia-distribuicao-jpg.webp\",\"datePublished\":\"2020-12-26T13:19:52+00:00\",\"dateModified\":\"2021-02-18T01:56:31+00:00\",\"description\":\"As privatiza\u00e7\u00f5es prometem estar no radar de investidores em 2021, com destaque para a Eletrobras (ELET3), a CEEE e a CEA. Leia mais.\",\"breadcrumb\":{\"@id\":\"https:\/\/www.suno.com.br\/noticias\/privatizacoes-eletrobras-elet6-ceee-d-ceed3-cemig-cmig4-radar\/#breadcrumb\"},\"inLanguage\":\"pt-BR\",\"potentialAction\":[{\"@type\":\"ReadAction\",\"target\":[\"https:\/\/www.suno.com.br\/noticias\/privatizacoes-eletrobras-elet6-ceee-d-ceed3-cemig-cmig4-radar\/\"]}]},{\"@type\":\"ImageObject\",\"inLanguage\":\"pt-BR\",\"@id\":\"https:\/\/www.suno.com.br\/noticias\/privatizacoes-eletrobras-elet6-ceee-d-ceed3-cemig-cmig4-radar\/#primaryimage\",\"url\":\"https:\/\/files.sunoresearch.com.br\/n\/uploads\/2020\/12\/c4225ce3-privatizacoes-energia-distribuicao-jpg.webp\",\"contentUrl\":\"https:\/\/files.sunoresearch.com.br\/n\/uploads\/2020\/12\/c4225ce3-privatizacoes-energia-distribuicao-jpg.webp\",\"width\":960,\"height\":640,\"caption\":\"Privatiza\u00e7\u00f5es do setor el\u00e9trico no radar\"},{\"@type\":\"BreadcrumbList\",\"@id\":\"https:\/\/www.suno.com.br\/noticias\/privatizacoes-eletrobras-elet6-ceee-d-ceed3-cemig-cmig4-radar\/#breadcrumb\",\"itemListElement\":[{\"@type\":\"ListItem\",\"position\":1,\"name\":\"Not\u00edcias\",\"item\":\"https:\/\/www.suno.com.br\/noticias\/\"},{\"@type\":\"ListItem\",\"position\":2,\"name\":\"Neg\u00f3cios\",\"item\":\"https:\/\/www.suno.com.br\/noticias\/negocios\/\"},{\"@type\":\"ListItem\",\"position\":3,\"name\":\"Privatiza\u00e7\u00f5es da Eletrobras (ELET3), CEEE (CEED3) e Cemig (CMIG4) est\u00e3o no radar\"}]},{\"@type\":\"WebSite\",\"@id\":\"https:\/\/www.suno.com.br\/noticias\/#website\",\"url\":\"https:\/\/www.suno.com.br\/noticias\/\",\"name\":\"Suno Not\u00edcias\",\"description\":\"Seu portal de informa\u00e7\u00e3o sobre o mundo dos investimentos\",\"publisher\":{\"@id\":\"https:\/\/www.suno.com.br\/noticias\/#organization\"},\"potentialAction\":[{\"@type\":\"SearchAction\",\"target\":{\"@type\":\"EntryPoint\",\"urlTemplate\":\"https:\/\/www.suno.com.br\/noticias\/?s={search_term_string}\"},\"query-input\":{\"@type\":\"PropertyValueSpecification\",\"valueRequired\":true,\"valueName\":\"search_term_string\"}}],\"inLanguage\":\"pt-BR\"},{\"@type\":\"Organization\",\"@id\":\"https:\/\/www.suno.com.br\/noticias\/#organization\",\"name\":\"Suno Not\u00edcias\",\"url\":\"https:\/\/www.suno.com.br\/noticias\/\",\"logo\":{\"@type\":\"ImageObject\",\"inLanguage\":\"pt-BR\",\"@id\":\"https:\/\/www.suno.com.br\/noticias\/#\/schema\/logo\/image\/\",\"url\":\"https:\/\/files.sunoresearch.com.br\/n\/uploads\/2021\/09\/suno-logo.png\",\"contentUrl\":\"https:\/\/files.sunoresearch.com.br\/n\/uploads\/2021\/09\/suno-logo.png\",\"width\":180,\"height\":180,\"caption\":\"Suno Not\u00edcias\"},\"image\":{\"@id\":\"https:\/\/www.suno.com.br\/noticias\/#\/schema\/logo\/image\/\"},\"sameAs\":[\"https:\/\/facebook.com\/sunoresearch\",\"https:\/\/x.com\/sunoresearch\",\"https:\/\/www.instagram.com\/suno\",\"https:\/\/www.linkedin.com\/company\/suno-research\/\",\"https:\/\/www.youtube.com\/c\/sunoresearch\"]},{\"@type\":\"Person\",\"@id\":\"https:\/\/www.suno.com.br\/noticias\/#\/schema\/person\/c1b1bd3727fa852bd045e9dbff3673ea\",\"name\":\"Reda\u00e7\u00e3o Suno Not\u00edcias\",\"image\":{\"@type\":\"ImageObject\",\"inLanguage\":\"pt-BR\",\"@id\":\"https:\/\/www.suno.com.br\/noticias\/#\/schema\/person\/image\/\",\"url\":\"https:\/\/secure.gravatar.com\/avatar\/b8104b9b5a71985d5238ee59fbe418af?s=96&r=g\",\"contentUrl\":\"https:\/\/secure.gravatar.com\/avatar\/b8104b9b5a71985d5238ee59fbe418af?s=96&r=g\",\"caption\":\"Reda\u00e7\u00e3o Suno Not\u00edcias\"},\"description\":\"O Suno Not\u00edcias \u00e9 um portal de informa\u00e7\u00f5es sobre Mercado Financeiro, Pol\u00edtica, Neg\u00f3cios, Economia e Finan\u00e7as Pessoais.\",\"sameAs\":[\"https:\/\/www.suno.com.br\/noticias\",\"https:\/\/www.facebook.com\/sunonoticias\/\",\"https:\/\/www.instagram.com\/sunonoticias\/\",\"https:\/\/x.com\/https:\/\/twitter.com\/sunoresearch\",\"https:\/\/www.youtube.com\/sunonoticias\"],\"url\":\"https:\/\/www.suno.com.br\/noticias\/author\/redacao-suno\/\"}]}<\/script>\n<!-- \/ Yoast SEO plugin. -->","yoast_head_json":{"title":"Privatiza\u00e7\u00f5es da Eletrobras (ELET3) e CEEE (CEED3) est\u00e3o no radar","description":"As privatiza\u00e7\u00f5es prometem estar no radar de investidores em 2021, com destaque para a Eletrobras (ELET3), a CEEE e a CEA. Leia mais.","robots":{"index":"index","follow":"follow","max-snippet":"max-snippet:-1","max-image-preview":"max-image-preview:large","max-video-preview":"max-video-preview:-1"},"canonical":"https:\/\/www.suno.com.br\/noticias\/privatizacoes-eletrobras-elet6-ceee-d-ceed3-cemig-cmig4-radar\/","og_locale":"pt_BR","og_type":"article","og_title":"Privatiza\u00e7\u00f5es da Eletrobras (ELET3) e CEEE (CEED3) est\u00e3o no radar","og_description":"As privatiza\u00e7\u00f5es prometem estar no radar de investidores em 2021, com destaque para a Eletrobras (ELET3), a CEEE e a CEA. Leia mais.","og_url":"https:\/\/www.suno.com.br\/noticias\/privatizacoes-eletrobras-elet6-ceee-d-ceed3-cemig-cmig4-radar\/","og_site_name":"Suno Not\u00edcias","article_publisher":"https:\/\/facebook.com\/sunoresearch","article_author":"https:\/\/www.facebook.com\/sunonoticias\/","og_image":[{"width":960,"height":640,"url":"https:\/\/files.sunoresearch.com.br\/n\/uploads\/2020\/12\/c4225ce3-privatizacoes-energia-distribuicao.jpg","type":"image\/jpeg"}],"author":"Reda\u00e7\u00e3o Suno Not\u00edcias","twitter_card":"summary_large_image","twitter_creator":"@https:\/\/twitter.com\/sunoresearch","twitter_site":"@sunoresearch","twitter_misc":{"Escrito por":"Reda\u00e7\u00e3o Suno Not\u00edcias","Est. tempo de leitura":"5 minutos"},"schema":{"@context":"https:\/\/schema.org","@graph":[{"@type":"NewsArticle","@id":"https:\/\/www.suno.com.br\/noticias\/privatizacoes-eletrobras-elet6-ceee-d-ceed3-cemig-cmig4-radar\/#article","isPartOf":{"@id":"https:\/\/www.suno.com.br\/noticias\/privatizacoes-eletrobras-elet6-ceee-d-ceed3-cemig-cmig4-radar\/"},"author":{"name":"Reda\u00e7\u00e3o Suno Not\u00edcias","@id":"https:\/\/www.suno.com.br\/noticias\/#\/schema\/person\/c1b1bd3727fa852bd045e9dbff3673ea"},"headline":"Privatiza\u00e7\u00f5es da Eletrobras (ELET3), CEEE (CEED3) e Cemig (CMIG4) est\u00e3o no radar","datePublished":"2020-12-26T13:19:52+00:00","dateModified":"2021-02-18T01:56:31+00:00","mainEntityOfPage":{"@id":"https:\/\/www.suno.com.br\/noticias\/privatizacoes-eletrobras-elet6-ceee-d-ceed3-cemig-cmig4-radar\/"},"wordCount":1027,"publisher":{"@id":"https:\/\/www.suno.com.br\/noticias\/#organization"},"image":{"@id":"https:\/\/www.suno.com.br\/noticias\/privatizacoes-eletrobras-elet6-ceee-d-ceed3-cemig-cmig4-radar\/#primaryimage"},"thumbnailUrl":"https:\/\/files.sunoresearch.com.br\/n\/uploads\/2020\/12\/c4225ce3-privatizacoes-energia-distribuicao-jpg.webp","keywords":["CEEE-D (CEED3\/CEED4\/CEEB6)","Cemig (CMIG3\/CMIG4)","Eletrobras (ELET3\/ELET5\/ELET6)","privatiza\u00e7\u00f5es"],"articleSection":["Neg\u00f3cios"],"inLanguage":"pt-BR"},{"@type":"WebPage","@id":"https:\/\/www.suno.com.br\/noticias\/privatizacoes-eletrobras-elet6-ceee-d-ceed3-cemig-cmig4-radar\/","url":"https:\/\/www.suno.com.br\/noticias\/privatizacoes-eletrobras-elet6-ceee-d-ceed3-cemig-cmig4-radar\/","name":"Privatiza\u00e7\u00f5es da Eletrobras (ELET3) e CEEE (CEED3) est\u00e3o no radar","isPartOf":{"@id":"https:\/\/www.suno.com.br\/noticias\/#website"},"primaryImageOfPage":{"@id":"https:\/\/www.suno.com.br\/noticias\/privatizacoes-eletrobras-elet6-ceee-d-ceed3-cemig-cmig4-radar\/#primaryimage"},"image":{"@id":"https:\/\/www.suno.com.br\/noticias\/privatizacoes-eletrobras-elet6-ceee-d-ceed3-cemig-cmig4-radar\/#primaryimage"},"thumbnailUrl":"https:\/\/files.sunoresearch.com.br\/n\/uploads\/2020\/12\/c4225ce3-privatizacoes-energia-distribuicao-jpg.webp","datePublished":"2020-12-26T13:19:52+00:00","dateModified":"2021-02-18T01:56:31+00:00","description":"As privatiza\u00e7\u00f5es prometem estar no radar de investidores em 2021, com destaque para a Eletrobras (ELET3), a CEEE e a CEA. Leia mais.","breadcrumb":{"@id":"https:\/\/www.suno.com.br\/noticias\/privatizacoes-eletrobras-elet6-ceee-d-ceed3-cemig-cmig4-radar\/#breadcrumb"},"inLanguage":"pt-BR","potentialAction":[{"@type":"ReadAction","target":["https:\/\/www.suno.com.br\/noticias\/privatizacoes-eletrobras-elet6-ceee-d-ceed3-cemig-cmig4-radar\/"]}]},{"@type":"ImageObject","inLanguage":"pt-BR","@id":"https:\/\/www.suno.com.br\/noticias\/privatizacoes-eletrobras-elet6-ceee-d-ceed3-cemig-cmig4-radar\/#primaryimage","url":"https:\/\/files.sunoresearch.com.br\/n\/uploads\/2020\/12\/c4225ce3-privatizacoes-energia-distribuicao-jpg.webp","contentUrl":"https:\/\/files.sunoresearch.com.br\/n\/uploads\/2020\/12\/c4225ce3-privatizacoes-energia-distribuicao-jpg.webp","width":960,"height":640,"caption":"Privatiza\u00e7\u00f5es do setor el\u00e9trico no radar"},{"@type":"BreadcrumbList","@id":"https:\/\/www.suno.com.br\/noticias\/privatizacoes-eletrobras-elet6-ceee-d-ceed3-cemig-cmig4-radar\/#breadcrumb","itemListElement":[{"@type":"ListItem","position":1,"name":"Not\u00edcias","item":"https:\/\/www.suno.com.br\/noticias\/"},{"@type":"ListItem","position":2,"name":"Neg\u00f3cios","item":"https:\/\/www.suno.com.br\/noticias\/negocios\/"},{"@type":"ListItem","position":3,"name":"Privatiza\u00e7\u00f5es da Eletrobras (ELET3), CEEE (CEED3) e Cemig (CMIG4) est\u00e3o no radar"}]},{"@type":"WebSite","@id":"https:\/\/www.suno.com.br\/noticias\/#website","url":"https:\/\/www.suno.com.br\/noticias\/","name":"Suno Not\u00edcias","description":"Seu portal de informa\u00e7\u00e3o sobre o mundo dos investimentos","publisher":{"@id":"https:\/\/www.suno.com.br\/noticias\/#organization"},"potentialAction":[{"@type":"SearchAction","target":{"@type":"EntryPoint","urlTemplate":"https:\/\/www.suno.com.br\/noticias\/?s={search_term_string}"},"query-input":{"@type":"PropertyValueSpecification","valueRequired":true,"valueName":"search_term_string"}}],"inLanguage":"pt-BR"},{"@type":"Organization","@id":"https:\/\/www.suno.com.br\/noticias\/#organization","name":"Suno Not\u00edcias","url":"https:\/\/www.suno.com.br\/noticias\/","logo":{"@type":"ImageObject","inLanguage":"pt-BR","@id":"https:\/\/www.suno.com.br\/noticias\/#\/schema\/logo\/image\/","url":"https:\/\/files.sunoresearch.com.br\/n\/uploads\/2021\/09\/suno-logo.png","contentUrl":"https:\/\/files.sunoresearch.com.br\/n\/uploads\/2021\/09\/suno-logo.png","width":180,"height":180,"caption":"Suno Not\u00edcias"},"image":{"@id":"https:\/\/www.suno.com.br\/noticias\/#\/schema\/logo\/image\/"},"sameAs":["https:\/\/facebook.com\/sunoresearch","https:\/\/x.com\/sunoresearch","https:\/\/www.instagram.com\/suno","https:\/\/www.linkedin.com\/company\/suno-research\/","https:\/\/www.youtube.com\/c\/sunoresearch"]},{"@type":"Person","@id":"https:\/\/www.suno.com.br\/noticias\/#\/schema\/person\/c1b1bd3727fa852bd045e9dbff3673ea","name":"Reda\u00e7\u00e3o Suno Not\u00edcias","image":{"@type":"ImageObject","inLanguage":"pt-BR","@id":"https:\/\/www.suno.com.br\/noticias\/#\/schema\/person\/image\/","url":"https:\/\/secure.gravatar.com\/avatar\/b8104b9b5a71985d5238ee59fbe418af?s=96&r=g","contentUrl":"https:\/\/secure.gravatar.com\/avatar\/b8104b9b5a71985d5238ee59fbe418af?s=96&r=g","caption":"Reda\u00e7\u00e3o Suno Not\u00edcias"},"description":"O Suno Not\u00edcias \u00e9 um portal de informa\u00e7\u00f5es sobre Mercado Financeiro, Pol\u00edtica, Neg\u00f3cios, Economia e Finan\u00e7as Pessoais.","sameAs":["https:\/\/www.suno.com.br\/noticias","https:\/\/www.facebook.com\/sunonoticias\/","https:\/\/www.instagram.com\/sunonoticias\/","https:\/\/x.com\/https:\/\/twitter.com\/sunoresearch","https:\/\/www.youtube.com\/sunonoticias"],"url":"https:\/\/www.suno.com.br\/noticias\/author\/redacao-suno\/"}]}},"default_loop_html":"<div class=\"cardsPage__listCard__boxs\"><div class=\"cardsPage__listCard__boxs__img\"><a href=\"https:\/\/www.suno.com.br\/noticias\/privatizacoes-eletrobras-elet6-ceee-d-ceed3-cemig-cmig4-radar\/\"><img class=\"mask\" src=\"https:\/\/www.suno.com.br\/noticias\/wp-content\/themes\/suno\/resources\/images\/spotlight\/spotlight1img\/bg-mask.png\" alt=\"Image Mask\"\/><img src=\"https:\/\/files.sunoresearch.com.br\/n\/uploads\/2020\/12\/c4225ce3-privatizacoes-energia-distribuicao-400x200.webp\" alt=\"Privatiza\u00e7\u00f5es da Eletrobras (ELET3), CEEE (CEED3) e Cemig (CMIG4) est\u00e3o no radar\"\/><\/a><span class=\"spotlightCategory\"><a href=\"https:\/\/www.suno.com.br\/noticias\/negocios\/\">Neg\u00f3cios<\/a><\/span><\/div><div class=\"cardsPage__listCard__boxs__content\"><a href=\"https:\/\/www.suno.com.br\/noticias\/privatizacoes-eletrobras-elet6-ceee-d-ceed3-cemig-cmig4-radar\/\"><h2 class=\"content__title\">Privatiza\u00e7\u00f5es da Eletrobras (ELET3), CEEE (CEED3) e Cemig (CMIG4) est\u00e3o no radar<\/h2><\/a><div class=\"newsContent__article__meta\"><div class=\"newsContent__article__meta__authorBox\"><a href=\"https:\/\/www.suno.com.br\/noticias\/author\/redacao-suno\/\" class=\"authorBox__avatar noMobi\"><img src=\"https:\/\/files.sunoresearch.com.br\/n\/uploads\/2020\/08\/0ace682d-redacao-1-150x150.webp\" alt=\"Reda\u00e7\u00e3o Suno Not\u00edcias\"><\/a><div class=\"authorBox__name\"><span>por\n\t\t\t<a href=\"https:\/\/www.suno.com.br\/noticias\/author\/redacao-suno\/\"><span itemprop=\"author\">Reda\u00e7\u00e3o Suno Not\u00edcias<\/span><\/a><\/span><time datetime=\"2020-12-26T10:19:52-03:00\" itemprop=\"datePublished\">26\/12\/2020 10:19<\/time><\/div><\/div><\/div><\/div><\/div>","single_layout":"posts","amp_enabled":true,"_links":{"self":[{"href":"https:\/\/www.suno.com.br\/noticias\/wp-json\/wp\/v2\/posts\/110261"}],"collection":[{"href":"https:\/\/www.suno.com.br\/noticias\/wp-json\/wp\/v2\/posts"}],"about":[{"href":"https:\/\/www.suno.com.br\/noticias\/wp-json\/wp\/v2\/types\/post"}],"author":[{"embeddable":true,"href":"https:\/\/www.suno.com.br\/noticias\/wp-json\/wp\/v2\/users\/43"}],"replies":[{"embeddable":true,"href":"https:\/\/www.suno.com.br\/noticias\/wp-json\/wp\/v2\/comments?post=110261"}],"version-history":[{"count":0,"href":"https:\/\/www.suno.com.br\/noticias\/wp-json\/wp\/v2\/posts\/110261\/revisions"}],"wp:featuredmedia":[{"embeddable":true,"href":"https:\/\/www.suno.com.br\/noticias\/wp-json\/wp\/v2\/media\/110267"}],"wp:attachment":[{"href":"https:\/\/www.suno.com.br\/noticias\/wp-json\/wp\/v2\/media?parent=110261"}],"wp:term":[{"taxonomy":"category","embeddable":true,"href":"https:\/\/www.suno.com.br\/noticias\/wp-json\/wp\/v2\/categories?post=110261"},{"taxonomy":"post_tag","embeddable":true,"href":"https:\/\/www.suno.com.br\/noticias\/wp-json\/wp\/v2\/tags?post=110261"},{"taxonomy":"suno_strategy","embeddable":true,"href":"https:\/\/www.suno.com.br\/noticias\/wp-json\/wp\/v2\/suno_strategy?post=110261"}],"curies":[{"name":"wp","href":"https:\/\/api.w.org\/{rel}","templated":true}]}}