{"id":110257,"date":"2020-12-26T15:11:23","date_gmt":"2020-12-26T18:11:23","guid":{"rendered":"https:\/\/www.suno.com.br\/noticias\/?p=110257"},"modified":"2020-12-26T15:12:33","modified_gmt":"2020-12-26T18:12:33","slug":"cedae-edital-concessao-rio","status":"publish","type":"post","link":"https:\/\/www.suno.com.br\/noticias\/cedae-edital-concessao-rio\/","title":{"rendered":"Cedae: Rio deve lan\u00e7ar editar de concess\u00e3o na pr\u00f3xima ter\u00e7a-feira"},"content":{"rendered":"<p>O edital de concess\u00e3o da <strong>Cedae<\/strong>, companhia de saneamento do Rio, ser\u00e1 lan\u00e7ado na pr\u00f3xima ter\u00e7a-feira, de acordo com informa\u00e7\u00f5es do governo do Estado.<\/p>\t<div class=\"wrapper-featured-image\">\n\t\t<figure class=\"spotlightImg\">\n\n\t\t\t<picture>\n\t\t\t\t<source media=\"(max-width: 768px)\" srcset=\"https:\/\/files.sunoresearch.com.br\/n\/uploads\/2020\/12\/5cdeefc9-cedae-concessao-400x200.webp\">\n\t\t\t\t<img loading=\"lazy\" decoding=\"async\" class=\"newsContent__article__imgCapa lazyloadDisabled \" src=\"https:\/\/files.sunoresearch.com.br\/n\/uploads\/2020\/12\/5cdeefc9-cedae-concessao-jpg.webp\" width=\"800\" height=\"450\" alt=\"Cedae: Rio deve lan\u00e7ar editar de concess\u00e3o na pr\u00f3xima ter\u00e7a-feira\" fetchpriority=high \/>\n\t\t\t<\/picture>\n\n\t\t\t<figcaption class=\"wp-caption-text wp-caption-text--show\">Edital de concess\u00e3o da Cedae deve sair na ter\u00e7a<\/figcaption>\n\t\t<\/figure>\n\t<\/div>\n\n\n<p><b>\t<p>\n\t\t<a href=\"https:\/\/lp.suno.com.br\/planilha-controle-gastos\/\" target=\"_blank\" data-element=\"shortcode-suno-banner\" title=\"Banner SUNO, clique e saiba mais\">\n\t\t\t<picture>\n\t\t\t\t<source media=\"(max-width: 500px)\" srcset=\"https:\/\/files.sunoresearch.com.br\/n\/uploads\/2023\/03\/400x300-Planilha-controle-de-gastos.png\">\n\t\t\t\t<img class=\"newsContent__article__imgCapa newsContent__article__imgCapa--banner\"\n\t\t\t\t\tsrc=\"https:\/\/files.sunoresearch.com.br\/n\/uploads\/2023\/03\/1420x240-Planilha-controle-de-gastos.png\"\n\t\t\t\t\tdata-promo-id=\"101751\"\t\t\t\t\t\t\t\t\t\twidth='1420' height='240'\t\t\t\t\talt=\"https:\/\/files.sunoresearch.com.br\/n\/uploads\/2023\/03\/1420x240-Planilha-controle-de-gastos.png\"\n\t\t\t\t>\n\t\t\t<\/picture>\n\t\t<\/a>\n\t<\/p>\n\n<\/b><\/p>\n<p>O <a href=\"https:\/\/www.suno.com.br\/artigos\/bndes\/\" target=\"_blank\" rel=\"noopener noreferrer\">Banco Nacional de Desenvolvimento Econ\u00f4mico e Social (BNDES)<\/a>, contratado para estruturar o projeto de concess\u00e3o, tinha fixado a meta de lan\u00e7ar o edital no \u00faltimo dia 18, mas a publica\u00e7\u00e3o, que \u00e9 feita pelo Estado, acabou adiada em meio \u00e0 tens\u00e3o entre o governo fluminense e o Tesouro.<\/p>\n<p>Em transmiss\u00e3o nas redes sociais, o presidente Jair Bolsonaro (sem partido) anunciou um acordo entre o governo federal e o do Rio de Janeiro para a <strong>privatiza\u00e7\u00e3o<\/strong> da <strong>companhia de \u00e1gua e esgoto<\/strong>.<\/p>\n<p>O presidente da Rep\u00fablica n\u00e3o deu detalhes do projeto, mas afirmou que as autoridades fecharam uma negocia\u00e7\u00e3o para que a venda da estatal permita a destina\u00e7\u00e3o de parte dos recursos para investimentos. &#8220;N\u00e3o \u00e9 apenas vender a Cedae, uma parte vai ficar para investimentos no <strong>Rio de Janeiro<\/strong>. Todo mundo ganha dessa forma&#8221;, disse Bolsonaro.<\/p>\n<p><a href=\"https:\/\/lp.suno.com.br\/suno-one\/\"><b>Suno One: acesse gratuitamente eBooks, Minicursos, Artigos e Video Aulas sobre investimentos com um \u00fanico cadastro. Clique para saber mais!<\/b><\/a><\/p>\n<p>A data de lan\u00e7amento do <strong>edital de concess\u00e3o da Cedae<\/strong> foi divulgada ap\u00f3s uma liminar do presidente do Supremo Tribunal Federal (STF), ministro Luiz Fux, determinar ontem a manuten\u00e7\u00e3o do Estado do Rio no Regime de Recupera\u00e7\u00e3o Fiscal (RRF).<\/p>\n<p><span style=\"font-weight: 400;\"><\/span><\/p>\n<p>A medida d\u00e1 f\u00f4lego ao governo fluminense, que na \u00faltima segunda-feira foi alvo de uma cobran\u00e7a de R$ 2,9 bilh\u00f5es do Tesouro Nacional, sob a alega\u00e7\u00e3o de que o Estado est\u00e1 exclu\u00eddo do regime especial &#8211; que suspende as d\u00edvidas com a Uni\u00e3o &#8211; desde o \u00faltimo dia 5 de setembro.<\/p>\n<p>O <strong>governo do Rio<\/strong> recorreu ao STF na \u00faltima ter\u00e7a-feira, 22, para &#8220;evitar um colapso&#8221; nas contas fluminenses, ap\u00f3s ter recebido um of\u00edcio de cobran\u00e7a da Secretaria do Tesouro Nacional (STN) na v\u00e9spera.<\/p>\n<p><b>\u00a0\t<p>\n\t\t<a href=\"https:\/\/lp.suno.com.br\/ebook-como-analisar-uma-acao\/\" target=\"_blank\" data-element=\"shortcode-suno-banner\" title=\"Banner SUNO, clique e saiba mais\">\n\t\t\t<picture>\n\t\t\t\t<source media=\"(max-width: 500px)\" srcset=\"https:\/\/files.sunoresearch.com.br\/n\/uploads\/2023\/03\/Ebook-Acoes-Mobile.jpg\">\n\t\t\t\t<img class=\"newsContent__article__imgCapa newsContent__article__imgCapa--banner\"\n\t\t\t\t\tsrc=\"https:\/\/files.sunoresearch.com.br\/n\/uploads\/2023\/03\/Ebook-Acoes-Desktop.jpg\"\n\t\t\t\t\tdata-promo-id=\"378302\"\t\t\t\t\t\t\t\t\t\twidth='1420' height='286'\t\t\t\t\talt=\"https:\/\/files.sunoresearch.com.br\/n\/uploads\/2023\/03\/Ebook-Acoes-Desktop.jpg\"\n\t\t\t\t>\n\t\t\t<\/picture>\n\t\t<\/a>\n\t<\/p>\n\n<\/b><\/p>\n<h2>Concess\u00e3o da Cedae enfrenta desafios<\/h2>\n<p>O Estado poderia ter ao menos R$ 7,4 bilh\u00f5es bloqueados nas pr\u00f3ximas semanas em fun\u00e7\u00e3o da exclus\u00e3o do Regime de Recupera\u00e7\u00e3o Fiscal (RRF) e da execu\u00e7\u00e3o das contragarantias da d\u00edvida de R$ 4,5 bilh\u00f5es com o banco franc\u00eas BNP Paribas, vencida no dia 20.<\/p>\n<p>A Uni\u00e3o deu a garantia ao BNP, e as <strong>a\u00e7\u00f5es da Cedae<\/strong> entraram como contragarantia. Isso significa que, se o cr\u00e9dito n\u00e3o for pago, a empresa pode ser federalizada. O imbr\u00f3glio complica o processo de concess\u00e3o da Cedae, cujo edital era esperado para esta semana.<\/p>\n<p>No desenho da concess\u00e3o proposto pelo BNDES, a estatal fluminense n\u00e3o ser\u00e1 privatizada. Seguir\u00e1 atuando na capta\u00e7\u00e3o e no tratamento da \u00e1gua, que ser\u00e1 ent\u00e3o vendida para os at\u00e9 quatro operadores privados que prestar\u00e3o os servi\u00e7os de distribui\u00e7\u00e3o de \u00e1gua, al\u00e9m da coleta e do tratamento do esgoto.<\/p>\n<p>Na \u00faltima vers\u00e3o, a concess\u00e3o contemplava 47 das 64 cidades atualmente atendidas pela <strong>Cedae<\/strong>. Com essa \u00e1rea, est\u00e3o previstos em torno de R$ 31 bilh\u00f5es em investimentos e um valor m\u00ednimo de outorga fixa de R$ 10,6 bilh\u00f5es, a maior parte destinada ao Estado do Rio.<\/p>\n<p>(Com Estad\u00e3o Conte\u00fado)<\/p>\n<p><b>\t<p>\n\t\t<a href=\"https:\/\/lp.suno.com.br\/planilha-de-controle-de-investimentos\/\" target=\"_blank\" data-element=\"shortcode-suno-banner\" title=\"Banner SUNO, clique e saiba mais\">\n\t\t\t<picture>\n\t\t\t\t<source media=\"(max-width: 500px)\" srcset=\"https:\/\/files.sunoresearch.com.br\/n\/uploads\/2023\/03\/400x300-Controle-de-Investimentos.png\">\n\t\t\t\t<img class=\"newsContent__article__imgCapa newsContent__article__imgCapa--banner\"\n\t\t\t\t\tsrc=\"https:\/\/files.sunoresearch.com.br\/n\/uploads\/2023\/03\/1420x240-Controle-de-Investimentos.png\"\n\t\t\t\t\tdata-promo-id=\"75934\"\t\t\t\t\t\t\t\t\t\twidth='1420' height='240'\t\t\t\t\talt=\"https:\/\/files.sunoresearch.com.br\/n\/uploads\/2023\/03\/1420x240-Controle-de-Investimentos.png\"\n\t\t\t\t>\n\t\t\t<\/picture>\n\t\t<\/a>\n\t<\/p>\n\n <\/b><\/p>\n","protected":false},"excerpt":{"rendered":"<p>O edital de concess\u00e3o da Cedae, companhia de saneamento do Rio, ser\u00e1 lan\u00e7ado na pr\u00f3xima ter\u00e7a-feira, de acordo com informa\u00e7\u00f5es do governo do Estado. Edital de concess\u00e3o da Cedae deve sair na ter\u00e7a O Banco Nacional de Desenvolvimento Econ\u00f4mico e Social (BNDES), contratado para estruturar o projeto de concess\u00e3o, tinha fixado a meta de lan\u00e7ar [&hellip;]<\/p>\n","protected":false},"author":43,"featured_media":110317,"comment_status":"closed","ping_status":"closed","sticky":false,"template":"","format":"standard","meta":[],"categories":[64],"tags":[95241,104997],"suno_strategy":[],"class_list":["post-110257","post","type-post","status-publish","format-standard","has-post-thumbnail","hentry","category-negocios","tag-cedae","tag-concessoes"],"yoast_head":"<!-- This site is optimized with the Yoast SEO plugin v24.4 - https:\/\/yoast.com\/wordpress\/plugins\/seo\/ -->\n<title>Cedae: Rio deve lan\u00e7ar editar de concess\u00e3o na pr\u00f3xima ter\u00e7a-feira<\/title>\n<meta name=\"description\" content=\"O edital de concess\u00e3o da Cedae, companhia de saneamento do Rio, ser\u00e1 lan\u00e7ado na pr\u00f3xima ter\u00e7a-feira. Saiba mais sobre a concess\u00e3o da Cedae.\" \/>\n<meta name=\"robots\" content=\"index, follow, max-snippet:-1, max-image-preview:large, max-video-preview:-1\" \/>\n<link rel=\"canonical\" href=\"https:\/\/www.suno.com.br\/noticias\/cedae-edital-concessao-rio\/\" \/>\n<meta property=\"og:locale\" content=\"pt_BR\" \/>\n<meta property=\"og:type\" content=\"article\" \/>\n<meta property=\"og:title\" content=\"Cedae: Rio deve lan\u00e7ar editar de concess\u00e3o na pr\u00f3xima ter\u00e7a-feira\" \/>\n<meta property=\"og:description\" content=\"O edital de concess\u00e3o da Cedae, companhia de saneamento do Rio, ser\u00e1 lan\u00e7ado na pr\u00f3xima ter\u00e7a-feira. Saiba mais sobre a concess\u00e3o da Cedae.\" \/>\n<meta property=\"og:url\" content=\"https:\/\/www.suno.com.br\/noticias\/cedae-edital-concessao-rio\/\" \/>\n<meta property=\"og:site_name\" content=\"Suno Not\u00edcias\" \/>\n<meta property=\"article:publisher\" content=\"https:\/\/facebook.com\/sunoresearch\" \/>\n<meta property=\"article:author\" content=\"https:\/\/www.facebook.com\/sunonoticias\/\" \/>\n<meta property=\"og:image\" content=\"https:\/\/files.sunoresearch.com.br\/n\/uploads\/2020\/12\/5cdeefc9-cedae-concessao.jpg\" \/>\n\t<meta property=\"og:image:width\" content=\"640\" \/>\n\t<meta property=\"og:image:height\" content=\"430\" \/>\n\t<meta property=\"og:image:type\" content=\"image\/jpeg\" \/>\n<meta name=\"author\" content=\"Reda\u00e7\u00e3o Suno Not\u00edcias\" \/>\n<meta name=\"twitter:card\" content=\"summary_large_image\" \/>\n<meta name=\"twitter:creator\" content=\"@https:\/\/twitter.com\/sunoresearch\" \/>\n<meta name=\"twitter:site\" content=\"@sunoresearch\" \/>\n<meta name=\"twitter:label1\" content=\"Escrito por\" \/>\n\t<meta name=\"twitter:data1\" content=\"Reda\u00e7\u00e3o Suno Not\u00edcias\" \/>\n\t<meta name=\"twitter:label2\" content=\"Est. tempo de leitura\" \/>\n\t<meta name=\"twitter:data2\" content=\"3 minutos\" \/>\n<script type=\"application\/ld+json\" class=\"yoast-schema-graph\">{\"@context\":\"https:\/\/schema.org\",\"@graph\":[{\"@type\":\"NewsArticle\",\"@id\":\"https:\/\/www.suno.com.br\/noticias\/cedae-edital-concessao-rio\/#article\",\"isPartOf\":{\"@id\":\"https:\/\/www.suno.com.br\/noticias\/cedae-edital-concessao-rio\/\"},\"author\":{\"name\":\"Reda\u00e7\u00e3o Suno Not\u00edcias\",\"@id\":\"https:\/\/www.suno.com.br\/noticias\/#\/schema\/person\/c1b1bd3727fa852bd045e9dbff3673ea\"},\"headline\":\"Cedae: Rio deve lan\u00e7ar editar de concess\u00e3o na pr\u00f3xima ter\u00e7a-feira\",\"datePublished\":\"2020-12-26T18:11:23+00:00\",\"dateModified\":\"2020-12-26T18:12:33+00:00\",\"mainEntityOfPage\":{\"@id\":\"https:\/\/www.suno.com.br\/noticias\/cedae-edital-concessao-rio\/\"},\"wordCount\":589,\"publisher\":{\"@id\":\"https:\/\/www.suno.com.br\/noticias\/#organization\"},\"image\":{\"@id\":\"https:\/\/www.suno.com.br\/noticias\/cedae-edital-concessao-rio\/#primaryimage\"},\"thumbnailUrl\":\"https:\/\/files.sunoresearch.com.br\/n\/uploads\/2020\/12\/5cdeefc9-cedae-concessao-jpg.webp\",\"keywords\":[\"cedae\",\"concess\u00f5es\"],\"articleSection\":[\"Neg\u00f3cios\"],\"inLanguage\":\"pt-BR\"},{\"@type\":\"WebPage\",\"@id\":\"https:\/\/www.suno.com.br\/noticias\/cedae-edital-concessao-rio\/\",\"url\":\"https:\/\/www.suno.com.br\/noticias\/cedae-edital-concessao-rio\/\",\"name\":\"Cedae: Rio deve lan\u00e7ar editar de concess\u00e3o na pr\u00f3xima ter\u00e7a-feira\",\"isPartOf\":{\"@id\":\"https:\/\/www.suno.com.br\/noticias\/#website\"},\"primaryImageOfPage\":{\"@id\":\"https:\/\/www.suno.com.br\/noticias\/cedae-edital-concessao-rio\/#primaryimage\"},\"image\":{\"@id\":\"https:\/\/www.suno.com.br\/noticias\/cedae-edital-concessao-rio\/#primaryimage\"},\"thumbnailUrl\":\"https:\/\/files.sunoresearch.com.br\/n\/uploads\/2020\/12\/5cdeefc9-cedae-concessao-jpg.webp\",\"datePublished\":\"2020-12-26T18:11:23+00:00\",\"dateModified\":\"2020-12-26T18:12:33+00:00\",\"description\":\"O edital de concess\u00e3o da Cedae, companhia de saneamento do Rio, ser\u00e1 lan\u00e7ado na pr\u00f3xima ter\u00e7a-feira. Saiba mais sobre a concess\u00e3o da Cedae.\",\"breadcrumb\":{\"@id\":\"https:\/\/www.suno.com.br\/noticias\/cedae-edital-concessao-rio\/#breadcrumb\"},\"inLanguage\":\"pt-BR\",\"potentialAction\":[{\"@type\":\"ReadAction\",\"target\":[\"https:\/\/www.suno.com.br\/noticias\/cedae-edital-concessao-rio\/\"]}]},{\"@type\":\"ImageObject\",\"inLanguage\":\"pt-BR\",\"@id\":\"https:\/\/www.suno.com.br\/noticias\/cedae-edital-concessao-rio\/#primaryimage\",\"url\":\"https:\/\/files.sunoresearch.com.br\/n\/uploads\/2020\/12\/5cdeefc9-cedae-concessao-jpg.webp\",\"contentUrl\":\"https:\/\/files.sunoresearch.com.br\/n\/uploads\/2020\/12\/5cdeefc9-cedae-concessao-jpg.webp\",\"width\":640,\"height\":430,\"caption\":\"Edital de concess\u00e3o da Cedae deve sair na ter\u00e7a\"},{\"@type\":\"BreadcrumbList\",\"@id\":\"https:\/\/www.suno.com.br\/noticias\/cedae-edital-concessao-rio\/#breadcrumb\",\"itemListElement\":[{\"@type\":\"ListItem\",\"position\":1,\"name\":\"Not\u00edcias\",\"item\":\"https:\/\/www.suno.com.br\/noticias\/\"},{\"@type\":\"ListItem\",\"position\":2,\"name\":\"Neg\u00f3cios\",\"item\":\"https:\/\/www.suno.com.br\/noticias\/negocios\/\"},{\"@type\":\"ListItem\",\"position\":3,\"name\":\"Cedae: Rio deve lan\u00e7ar editar de concess\u00e3o na pr\u00f3xima ter\u00e7a-feira\"}]},{\"@type\":\"WebSite\",\"@id\":\"https:\/\/www.suno.com.br\/noticias\/#website\",\"url\":\"https:\/\/www.suno.com.br\/noticias\/\",\"name\":\"Suno Not\u00edcias\",\"description\":\"Seu portal de informa\u00e7\u00e3o sobre o mundo dos investimentos\",\"publisher\":{\"@id\":\"https:\/\/www.suno.com.br\/noticias\/#organization\"},\"potentialAction\":[{\"@type\":\"SearchAction\",\"target\":{\"@type\":\"EntryPoint\",\"urlTemplate\":\"https:\/\/www.suno.com.br\/noticias\/?s={search_term_string}\"},\"query-input\":{\"@type\":\"PropertyValueSpecification\",\"valueRequired\":true,\"valueName\":\"search_term_string\"}}],\"inLanguage\":\"pt-BR\"},{\"@type\":\"Organization\",\"@id\":\"https:\/\/www.suno.com.br\/noticias\/#organization\",\"name\":\"Suno Not\u00edcias\",\"url\":\"https:\/\/www.suno.com.br\/noticias\/\",\"logo\":{\"@type\":\"ImageObject\",\"inLanguage\":\"pt-BR\",\"@id\":\"https:\/\/www.suno.com.br\/noticias\/#\/schema\/logo\/image\/\",\"url\":\"https:\/\/files.sunoresearch.com.br\/n\/uploads\/2021\/09\/suno-logo.png\",\"contentUrl\":\"https:\/\/files.sunoresearch.com.br\/n\/uploads\/2021\/09\/suno-logo.png\",\"width\":180,\"height\":180,\"caption\":\"Suno Not\u00edcias\"},\"image\":{\"@id\":\"https:\/\/www.suno.com.br\/noticias\/#\/schema\/logo\/image\/\"},\"sameAs\":[\"https:\/\/facebook.com\/sunoresearch\",\"https:\/\/x.com\/sunoresearch\",\"https:\/\/www.instagram.com\/suno\",\"https:\/\/www.linkedin.com\/company\/suno-research\/\",\"https:\/\/www.youtube.com\/c\/sunoresearch\"]},{\"@type\":\"Person\",\"@id\":\"https:\/\/www.suno.com.br\/noticias\/#\/schema\/person\/c1b1bd3727fa852bd045e9dbff3673ea\",\"name\":\"Reda\u00e7\u00e3o Suno Not\u00edcias\",\"image\":{\"@type\":\"ImageObject\",\"inLanguage\":\"pt-BR\",\"@id\":\"https:\/\/www.suno.com.br\/noticias\/#\/schema\/person\/image\/\",\"url\":\"https:\/\/secure.gravatar.com\/avatar\/b8104b9b5a71985d5238ee59fbe418af?s=96&r=g\",\"contentUrl\":\"https:\/\/secure.gravatar.com\/avatar\/b8104b9b5a71985d5238ee59fbe418af?s=96&r=g\",\"caption\":\"Reda\u00e7\u00e3o Suno Not\u00edcias\"},\"description\":\"O Suno Not\u00edcias \u00e9 um portal de informa\u00e7\u00f5es sobre Mercado Financeiro, Pol\u00edtica, Neg\u00f3cios, Economia e Finan\u00e7as Pessoais.\",\"sameAs\":[\"https:\/\/www.suno.com.br\/noticias\",\"https:\/\/www.facebook.com\/sunonoticias\/\",\"https:\/\/www.instagram.com\/sunonoticias\/\",\"https:\/\/x.com\/https:\/\/twitter.com\/sunoresearch\",\"https:\/\/www.youtube.com\/sunonoticias\"],\"url\":\"https:\/\/www.suno.com.br\/noticias\/author\/redacao-suno\/\"}]}<\/script>\n<!-- \/ Yoast SEO plugin. -->","yoast_head_json":{"title":"Cedae: Rio deve lan\u00e7ar editar de concess\u00e3o na pr\u00f3xima ter\u00e7a-feira","description":"O edital de concess\u00e3o da Cedae, companhia de saneamento do Rio, ser\u00e1 lan\u00e7ado na pr\u00f3xima ter\u00e7a-feira. Saiba mais sobre a concess\u00e3o da Cedae.","robots":{"index":"index","follow":"follow","max-snippet":"max-snippet:-1","max-image-preview":"max-image-preview:large","max-video-preview":"max-video-preview:-1"},"canonical":"https:\/\/www.suno.com.br\/noticias\/cedae-edital-concessao-rio\/","og_locale":"pt_BR","og_type":"article","og_title":"Cedae: Rio deve lan\u00e7ar editar de concess\u00e3o na pr\u00f3xima ter\u00e7a-feira","og_description":"O edital de concess\u00e3o da Cedae, companhia de saneamento do Rio, ser\u00e1 lan\u00e7ado na pr\u00f3xima ter\u00e7a-feira. Saiba mais sobre a concess\u00e3o da Cedae.","og_url":"https:\/\/www.suno.com.br\/noticias\/cedae-edital-concessao-rio\/","og_site_name":"Suno Not\u00edcias","article_publisher":"https:\/\/facebook.com\/sunoresearch","article_author":"https:\/\/www.facebook.com\/sunonoticias\/","og_image":[{"width":640,"height":430,"url":"https:\/\/files.sunoresearch.com.br\/n\/uploads\/2020\/12\/5cdeefc9-cedae-concessao.jpg","type":"image\/jpeg"}],"author":"Reda\u00e7\u00e3o Suno Not\u00edcias","twitter_card":"summary_large_image","twitter_creator":"@https:\/\/twitter.com\/sunoresearch","twitter_site":"@sunoresearch","twitter_misc":{"Escrito por":"Reda\u00e7\u00e3o Suno Not\u00edcias","Est. tempo de leitura":"3 minutos"},"schema":{"@context":"https:\/\/schema.org","@graph":[{"@type":"NewsArticle","@id":"https:\/\/www.suno.com.br\/noticias\/cedae-edital-concessao-rio\/#article","isPartOf":{"@id":"https:\/\/www.suno.com.br\/noticias\/cedae-edital-concessao-rio\/"},"author":{"name":"Reda\u00e7\u00e3o Suno Not\u00edcias","@id":"https:\/\/www.suno.com.br\/noticias\/#\/schema\/person\/c1b1bd3727fa852bd045e9dbff3673ea"},"headline":"Cedae: Rio deve lan\u00e7ar editar de concess\u00e3o na pr\u00f3xima ter\u00e7a-feira","datePublished":"2020-12-26T18:11:23+00:00","dateModified":"2020-12-26T18:12:33+00:00","mainEntityOfPage":{"@id":"https:\/\/www.suno.com.br\/noticias\/cedae-edital-concessao-rio\/"},"wordCount":589,"publisher":{"@id":"https:\/\/www.suno.com.br\/noticias\/#organization"},"image":{"@id":"https:\/\/www.suno.com.br\/noticias\/cedae-edital-concessao-rio\/#primaryimage"},"thumbnailUrl":"https:\/\/files.sunoresearch.com.br\/n\/uploads\/2020\/12\/5cdeefc9-cedae-concessao-jpg.webp","keywords":["cedae","concess\u00f5es"],"articleSection":["Neg\u00f3cios"],"inLanguage":"pt-BR"},{"@type":"WebPage","@id":"https:\/\/www.suno.com.br\/noticias\/cedae-edital-concessao-rio\/","url":"https:\/\/www.suno.com.br\/noticias\/cedae-edital-concessao-rio\/","name":"Cedae: Rio deve lan\u00e7ar editar de concess\u00e3o na pr\u00f3xima ter\u00e7a-feira","isPartOf":{"@id":"https:\/\/www.suno.com.br\/noticias\/#website"},"primaryImageOfPage":{"@id":"https:\/\/www.suno.com.br\/noticias\/cedae-edital-concessao-rio\/#primaryimage"},"image":{"@id":"https:\/\/www.suno.com.br\/noticias\/cedae-edital-concessao-rio\/#primaryimage"},"thumbnailUrl":"https:\/\/files.sunoresearch.com.br\/n\/uploads\/2020\/12\/5cdeefc9-cedae-concessao-jpg.webp","datePublished":"2020-12-26T18:11:23+00:00","dateModified":"2020-12-26T18:12:33+00:00","description":"O edital de concess\u00e3o da Cedae, companhia de saneamento do Rio, ser\u00e1 lan\u00e7ado na pr\u00f3xima ter\u00e7a-feira. Saiba mais sobre a concess\u00e3o da Cedae.","breadcrumb":{"@id":"https:\/\/www.suno.com.br\/noticias\/cedae-edital-concessao-rio\/#breadcrumb"},"inLanguage":"pt-BR","potentialAction":[{"@type":"ReadAction","target":["https:\/\/www.suno.com.br\/noticias\/cedae-edital-concessao-rio\/"]}]},{"@type":"ImageObject","inLanguage":"pt-BR","@id":"https:\/\/www.suno.com.br\/noticias\/cedae-edital-concessao-rio\/#primaryimage","url":"https:\/\/files.sunoresearch.com.br\/n\/uploads\/2020\/12\/5cdeefc9-cedae-concessao-jpg.webp","contentUrl":"https:\/\/files.sunoresearch.com.br\/n\/uploads\/2020\/12\/5cdeefc9-cedae-concessao-jpg.webp","width":640,"height":430,"caption":"Edital de concess\u00e3o da Cedae deve sair na ter\u00e7a"},{"@type":"BreadcrumbList","@id":"https:\/\/www.suno.com.br\/noticias\/cedae-edital-concessao-rio\/#breadcrumb","itemListElement":[{"@type":"ListItem","position":1,"name":"Not\u00edcias","item":"https:\/\/www.suno.com.br\/noticias\/"},{"@type":"ListItem","position":2,"name":"Neg\u00f3cios","item":"https:\/\/www.suno.com.br\/noticias\/negocios\/"},{"@type":"ListItem","position":3,"name":"Cedae: Rio deve lan\u00e7ar editar de concess\u00e3o na pr\u00f3xima ter\u00e7a-feira"}]},{"@type":"WebSite","@id":"https:\/\/www.suno.com.br\/noticias\/#website","url":"https:\/\/www.suno.com.br\/noticias\/","name":"Suno Not\u00edcias","description":"Seu portal de informa\u00e7\u00e3o sobre o mundo dos investimentos","publisher":{"@id":"https:\/\/www.suno.com.br\/noticias\/#organization"},"potentialAction":[{"@type":"SearchAction","target":{"@type":"EntryPoint","urlTemplate":"https:\/\/www.suno.com.br\/noticias\/?s={search_term_string}"},"query-input":{"@type":"PropertyValueSpecification","valueRequired":true,"valueName":"search_term_string"}}],"inLanguage":"pt-BR"},{"@type":"Organization","@id":"https:\/\/www.suno.com.br\/noticias\/#organization","name":"Suno Not\u00edcias","url":"https:\/\/www.suno.com.br\/noticias\/","logo":{"@type":"ImageObject","inLanguage":"pt-BR","@id":"https:\/\/www.suno.com.br\/noticias\/#\/schema\/logo\/image\/","url":"https:\/\/files.sunoresearch.com.br\/n\/uploads\/2021\/09\/suno-logo.png","contentUrl":"https:\/\/files.sunoresearch.com.br\/n\/uploads\/2021\/09\/suno-logo.png","width":180,"height":180,"caption":"Suno Not\u00edcias"},"image":{"@id":"https:\/\/www.suno.com.br\/noticias\/#\/schema\/logo\/image\/"},"sameAs":["https:\/\/facebook.com\/sunoresearch","https:\/\/x.com\/sunoresearch","https:\/\/www.instagram.com\/suno","https:\/\/www.linkedin.com\/company\/suno-research\/","https:\/\/www.youtube.com\/c\/sunoresearch"]},{"@type":"Person","@id":"https:\/\/www.suno.com.br\/noticias\/#\/schema\/person\/c1b1bd3727fa852bd045e9dbff3673ea","name":"Reda\u00e7\u00e3o Suno Not\u00edcias","image":{"@type":"ImageObject","inLanguage":"pt-BR","@id":"https:\/\/www.suno.com.br\/noticias\/#\/schema\/person\/image\/","url":"https:\/\/secure.gravatar.com\/avatar\/b8104b9b5a71985d5238ee59fbe418af?s=96&r=g","contentUrl":"https:\/\/secure.gravatar.com\/avatar\/b8104b9b5a71985d5238ee59fbe418af?s=96&r=g","caption":"Reda\u00e7\u00e3o Suno Not\u00edcias"},"description":"O Suno Not\u00edcias \u00e9 um portal de informa\u00e7\u00f5es sobre Mercado Financeiro, Pol\u00edtica, Neg\u00f3cios, Economia e Finan\u00e7as Pessoais.","sameAs":["https:\/\/www.suno.com.br\/noticias","https:\/\/www.facebook.com\/sunonoticias\/","https:\/\/www.instagram.com\/sunonoticias\/","https:\/\/x.com\/https:\/\/twitter.com\/sunoresearch","https:\/\/www.youtube.com\/sunonoticias"],"url":"https:\/\/www.suno.com.br\/noticias\/author\/redacao-suno\/"}]}},"default_loop_html":"<div class=\"cardsPage__listCard__boxs\"><div class=\"cardsPage__listCard__boxs__img\"><a href=\"https:\/\/www.suno.com.br\/noticias\/cedae-edital-concessao-rio\/\"><img class=\"mask\" src=\"https:\/\/www.suno.com.br\/noticias\/wp-content\/themes\/suno\/resources\/images\/spotlight\/spotlight1img\/bg-mask.png\" alt=\"Image Mask\"\/><img src=\"https:\/\/files.sunoresearch.com.br\/n\/uploads\/2020\/12\/5cdeefc9-cedae-concessao-400x200.webp\" alt=\"Cedae: Rio deve lan\u00e7ar editar de concess\u00e3o na pr\u00f3xima ter\u00e7a-feira\"\/><\/a><span class=\"spotlightCategory\"><a href=\"https:\/\/www.suno.com.br\/noticias\/negocios\/\">Neg\u00f3cios<\/a><\/span><\/div><div class=\"cardsPage__listCard__boxs__content\"><a href=\"https:\/\/www.suno.com.br\/noticias\/cedae-edital-concessao-rio\/\"><h2 class=\"content__title\">Cedae: Rio deve lan\u00e7ar editar de concess\u00e3o na pr\u00f3xima ter\u00e7a-feira<\/h2><\/a><div class=\"newsContent__article__meta\"><div class=\"newsContent__article__meta__authorBox\"><a href=\"https:\/\/www.suno.com.br\/noticias\/author\/redacao-suno\/\" class=\"authorBox__avatar noMobi\"><img src=\"https:\/\/files.sunoresearch.com.br\/n\/uploads\/2020\/08\/0ace682d-redacao-1-150x150.webp\" alt=\"Reda\u00e7\u00e3o Suno Not\u00edcias\"><\/a><div class=\"authorBox__name\"><span>por\n\t\t\t<a href=\"https:\/\/www.suno.com.br\/noticias\/author\/redacao-suno\/\"><span itemprop=\"author\">Reda\u00e7\u00e3o Suno Not\u00edcias<\/span><\/a><\/span><time datetime=\"2020-12-26T15:11:23-03:00\" itemprop=\"datePublished\">26\/12\/2020 15:11<\/time><\/div><\/div><\/div><\/div><\/div>","single_layout":"posts","amp_enabled":true,"_links":{"self":[{"href":"https:\/\/www.suno.com.br\/noticias\/wp-json\/wp\/v2\/posts\/110257"}],"collection":[{"href":"https:\/\/www.suno.com.br\/noticias\/wp-json\/wp\/v2\/posts"}],"about":[{"href":"https:\/\/www.suno.com.br\/noticias\/wp-json\/wp\/v2\/types\/post"}],"author":[{"embeddable":true,"href":"https:\/\/www.suno.com.br\/noticias\/wp-json\/wp\/v2\/users\/43"}],"replies":[{"embeddable":true,"href":"https:\/\/www.suno.com.br\/noticias\/wp-json\/wp\/v2\/comments?post=110257"}],"version-history":[{"count":0,"href":"https:\/\/www.suno.com.br\/noticias\/wp-json\/wp\/v2\/posts\/110257\/revisions"}],"wp:featuredmedia":[{"embeddable":true,"href":"https:\/\/www.suno.com.br\/noticias\/wp-json\/wp\/v2\/media\/110317"}],"wp:attachment":[{"href":"https:\/\/www.suno.com.br\/noticias\/wp-json\/wp\/v2\/media?parent=110257"}],"wp:term":[{"taxonomy":"category","embeddable":true,"href":"https:\/\/www.suno.com.br\/noticias\/wp-json\/wp\/v2\/categories?post=110257"},{"taxonomy":"post_tag","embeddable":true,"href":"https:\/\/www.suno.com.br\/noticias\/wp-json\/wp\/v2\/tags?post=110257"},{"taxonomy":"suno_strategy","embeddable":true,"href":"https:\/\/www.suno.com.br\/noticias\/wp-json\/wp\/v2\/suno_strategy?post=110257"}],"curies":[{"name":"wp","href":"https:\/\/api.w.org\/{rel}","templated":true}]}}