{"id":11018,"date":"2019-01-09T17:37:30","date_gmt":"2019-01-09T19:37:30","guid":{"rendered":"https:\/\/www.suno.com.br\/noticias\/?p=11018"},"modified":"2019-01-09T17:37:30","modified_gmt":"2019-01-09T19:37:30","slug":"pente-fino-inss-milhoes-beneficios","status":"publish","type":"post","link":"https:\/\/www.suno.com.br\/noticias\/pente-fino-inss-milhoes-beneficios\/","title":{"rendered":"Governo: pente-fino no INSS atingir\u00e1 mais de 2 milh\u00f5es de benef\u00edcios"},"content":{"rendered":"<p>O pente-fino que o governo est\u00e1 preparando para o INSS deveria atingir mais de 2 milh\u00f5es de benef\u00edcios.<\/p>\t<div class=\"wrapper-featured-image\">\n\t\t<figure class=\"spotlightImg\">\n\n\t\t\t<picture>\n\t\t\t\t<source media=\"(max-width: 768px)\" srcset=\"https:\/\/files.sunoresearch.com.br\/n\/uploads\/2019\/01\/INSS-400x200.webp\">\n\t\t\t\t<img loading=\"lazy\" decoding=\"async\" class=\"newsContent__article__imgCapa lazyloadDisabled newsContent__article__imgCapa--noCaption\" src=\"https:\/\/files.sunoresearch.com.br\/n\/uploads\/2019\/01\/INSS-800x450.webp\" width=\"800\" height=\"450\" alt=\"Governo: pente-fino no INSS atingir\u00e1 mais de 2 milh\u00f5es de benef\u00edcios\" fetchpriority=high \/>\n\t\t\t<\/picture>\n\n\t\t\t<figcaption class=\"wp-caption-text wp-caption-text--hide\">Aposentados do INSS ter\u00e3o aumento em 2022. <\/figcaption>\n\t\t<\/figure>\n\t<\/div>\n\n\n<p>O\u00a0secret\u00e1rio especial de Previd\u00eancia e Trabalho, Rog\u00e9rio Marinho, anunciou o alcance da medida do <strong>governo<\/strong> nesta quarta-feira (9). Segundo ele, o <strong>pente-fino<\/strong> vai individuar todos os <strong>benef\u00edcios<\/strong> com suspeitas de fraudes do Instituto Nacional de Seguridade Social (<strong>INSS<\/strong>).<\/p>\n<p><a href=\"https:\/\/www.suno.com.br\/noticias\/jair-bolsonaro-pente-fino-inss\/\">Saiba mais:\u00a0Jair Bolsonaro planeja um pente-fino nos benef\u00edcios pagos pelo INSS\u00a0<\/a><\/p>\n<p>Segundo Marinho,\u00a0a medida provis\u00f3ria ir\u00e1 rev\u00ea regras previdenci\u00e1rias de pessoas que j\u00e1 participam ou que est\u00e3o entrando no sistema.\u00a0 O decreto deveria ser assinado at\u00e9 at\u00e9 segunda-feira (14). O secret\u00e1rio se reuniu nesta quarta-feira (9) no\u00a0Pal\u00e1cio do Planalto com o presidente Jair Bolsonaro.<\/p>\n<p>&#8220;H\u00e1 mais de 2 milh\u00f5es de benef\u00edcios que precisam ser auditados, porque t\u00eam algum ind\u00edcio de ilicitude. N\u00e3o significa que sejam il\u00edcitos. Por isso, h\u00e1 necessidade de se fazer uma esp\u00e9cie de mutir\u00e3o para que n\u00f3s zeremos esse estoque&#8221;, afirmou Marinho.<\/p>\n<p>Segundo o pol\u00edtico, a incid\u00eancia de fraudes no pagamento desses benef\u00edcios seria entre 16% e 30%. Essas irregularidades seriam comprovadas por v\u00e1rios relat\u00f3rios governamentais, convalidados pelo Tribunal de Contas da Uni\u00e3o (TCU). O governo n\u00e3o teria ainda medido o total de recursos p\u00fablicos que esse decreto poderia poupar.<\/p>\n<p><a href=\"https:\/\/www.suno.com.br\/noticias\/bolsonaro-proposta-previdencia\/\">Saiba mais:\u00a0Bolsonaro diz que proposta para Previd\u00eancia ser\u00e1 apresentada neste m\u00eas\u00a0<\/a><\/p>\n<p>Al\u00e9m da luta contra as fraudes, a proposta far\u00e1 outras altera\u00e7\u00f5es na atual legisla\u00e7\u00e3o. O objetivo seria dar seguran\u00e7a jur\u00eddica para a reforma. Um dos outros pontos que ser\u00e3o modificados \u00e9 o aux\u00edlio-reclus\u00e3o. Algo que j\u00e1 havia sido prometido durante a campanha eleitoral pelo presidente Bolsonaro.<\/p>\n<h2>\nConfira os benef\u00edcios pagos pela Previd\u00eancia por m\u00eas<\/h2>\n<ul>\n<li><strong>Aposentadoria por idade:<\/strong> R$ 10,774 bilh\u00f5es<\/li>\n<li><strong>Pens\u00e3o por morte:<\/strong> R$ 7,829 bilh\u00f5es<\/li>\n<li><strong>Aposentadoria por tempo de contribui\u00e7\u00e3o:<\/strong> R$ 6,246 bilh\u00f5es<\/li>\n<li><strong>Benef\u00edcios assistenciais:<\/strong> R$ 4,753 bilh\u00f5es<\/li>\n<li><strong>Aposentadoria por invalidez:<\/strong> R$ 3,569 bilh\u00f5es<\/li>\n<li><strong>Aux\u00edlio-doen\u00e7a:<\/strong> R$ 1,261 bilh\u00e3o<\/li>\n<li><strong>Aux\u00edlio-acidente:<\/strong> R$ 428 milh\u00f5es<\/li>\n<li><strong>Sal\u00e1rio-maternidade:<\/strong> R$ 59 milh\u00f5es<\/li>\n<li><strong>Aux\u00edlio-reclus\u00e3o:<\/strong> R$ 48 milh\u00f5es<\/li>\n<li><strong>Aux\u00edlio-suplementar:<\/strong> R$ 40 milh\u00f5es<\/li>\n<\/ul>\n<h2>Segundo pente-fino no INSS<\/h2>\n<p>O governo do ex-presidente Michel Temer j\u00e1 havia feito um pente-fino no INSS entre julho de 2016 e dezembro de 2018. Nesse per\u00edodo, os t\u00e9cnicos da\u00a0Previd\u00eancia examinaram 1,18 milh\u00e3o de benefici\u00e1rios de aux\u00edlios doen\u00e7a e aposentadorias por invalidez. No final dessa an\u00e1lise, 472,3 mil aux\u00edlios foram reavaliados, e 369,6 mil (78%) foram cancelados, com uma economia de R$ 14,5 bilh\u00f5es.<\/p>\n<p>Segundo as informa\u00e7\u00f5es divulgadas pelo\u00a0Minist\u00e9rio da Cidadania, a opera\u00e7\u00e3o tinha se encerrado com n\u00fameros acima do esperado. Isso porque no inicio do pente-fino, o governo previa cortar apenas 20% dos aux\u00edlios de 530 mil segurados. O <strong>governo<\/strong> esperava poupar apenas\u00a0R$ 4,3 bilh\u00f5es em dois anos atrav\u00e9s do pente-fino no <strong>INSS<\/strong>.<\/p>\n","protected":false},"excerpt":{"rendered":"<p>O pente-fino que o governo est\u00e1 preparando para o INSS deveria atingir mais de 2 milh\u00f5es de benef\u00edcios. Aposentados do INSS ter\u00e3o aumento em 2022. O\u00a0secret\u00e1rio especial de Previd\u00eancia e Trabalho, Rog\u00e9rio Marinho, anunciou o alcance da medida do governo nesta quarta-feira (9). Segundo ele, o pente-fino vai individuar todos os benef\u00edcios com suspeitas de [&hellip;]<\/p>\n","protected":false},"author":9,"featured_media":11031,"comment_status":"closed","ping_status":"closed","sticky":false,"template":"","format":"standard","meta":[],"categories":[61],"tags":[322,940],"suno_strategy":[],"class_list":["post-11018","post","type-post","status-publish","format-standard","has-post-thumbnail","hentry","category-politica","tag-previdencia-social","tag-reforma-da-previdencia"],"yoast_head":"<!-- This site is optimized with the Yoast SEO plugin v24.4 - https:\/\/yoast.com\/wordpress\/plugins\/seo\/ -->\n<title>Governo: pente-fino no INSS atingir\u00e1 mais de 2 milh\u00f5es de benef\u00edcios<\/title>\n<meta name=\"description\" content=\"O pente-fino que o governo est\u00e1 preparando para o INSS deveria atingir mais de 2 milh\u00f5es de benef\u00edcios.\u00a0Clique aqui para saber mais.\" \/>\n<meta name=\"robots\" content=\"index, follow, max-snippet:-1, max-image-preview:large, max-video-preview:-1\" \/>\n<link rel=\"canonical\" href=\"https:\/\/www.suno.com.br\/noticias\/pente-fino-inss-milhoes-beneficios\/\" \/>\n<meta property=\"og:locale\" content=\"pt_BR\" \/>\n<meta property=\"og:type\" content=\"article\" \/>\n<meta property=\"og:title\" content=\"Governo: pente-fino no INSS atingir\u00e1 mais de 2 milh\u00f5es de benef\u00edcios\" \/>\n<meta property=\"og:description\" content=\"O pente-fino que o governo est\u00e1 preparando para o INSS deveria atingir mais de 2 milh\u00f5es de benef\u00edcios.\u00a0Clique aqui para saber mais.\" \/>\n<meta property=\"og:url\" content=\"https:\/\/www.suno.com.br\/noticias\/pente-fino-inss-milhoes-beneficios\/\" \/>\n<meta property=\"og:site_name\" content=\"Suno Not\u00edcias\" \/>\n<meta property=\"article:publisher\" content=\"https:\/\/facebook.com\/sunoresearch\" \/>\n<meta property=\"og:image\" content=\"https:\/\/files.sunoresearch.com.br\/n\/uploads\/2019\/01\/INSS.jpg\" \/>\n\t<meta property=\"og:image:width\" content=\"2480\" \/>\n\t<meta property=\"og:image:height\" content=\"1665\" \/>\n\t<meta property=\"og:image:type\" content=\"image\/jpeg\" \/>\n<meta name=\"author\" content=\"Carlo Cauti\" \/>\n<meta name=\"twitter:card\" content=\"summary_large_image\" \/>\n<meta name=\"twitter:creator\" content=\"@sunoresearch\" \/>\n<meta name=\"twitter:site\" content=\"@sunoresearch\" \/>\n<meta name=\"twitter:label1\" content=\"Escrito por\" \/>\n\t<meta name=\"twitter:data1\" content=\"Carlo Cauti\" \/>\n\t<meta name=\"twitter:label2\" content=\"Est. tempo de leitura\" \/>\n\t<meta name=\"twitter:data2\" content=\"2 minutos\" \/>\n<script type=\"application\/ld+json\" class=\"yoast-schema-graph\">{\"@context\":\"https:\/\/schema.org\",\"@graph\":[{\"@type\":\"NewsArticle\",\"@id\":\"https:\/\/www.suno.com.br\/noticias\/pente-fino-inss-milhoes-beneficios\/#article\",\"isPartOf\":{\"@id\":\"https:\/\/www.suno.com.br\/noticias\/pente-fino-inss-milhoes-beneficios\/\"},\"author\":{\"name\":\"Carlo Cauti\",\"@id\":\"https:\/\/www.suno.com.br\/noticias\/#\/schema\/person\/e6e0f723cc177805027f4566c1d5e0c8\"},\"headline\":\"Governo: pente-fino no INSS atingir\u00e1 mais de 2 milh\u00f5es de benef\u00edcios\",\"datePublished\":\"2019-01-09T19:37:30+00:00\",\"mainEntityOfPage\":{\"@id\":\"https:\/\/www.suno.com.br\/noticias\/pente-fino-inss-milhoes-beneficios\/\"},\"wordCount\":500,\"publisher\":{\"@id\":\"https:\/\/www.suno.com.br\/noticias\/#organization\"},\"image\":{\"@id\":\"https:\/\/www.suno.com.br\/noticias\/pente-fino-inss-milhoes-beneficios\/#primaryimage\"},\"thumbnailUrl\":\"https:\/\/files.sunoresearch.com.br\/n\/uploads\/2019\/01\/INSS-jpg.webp\",\"keywords\":[\"Previd\u00eancia Social\",\"Reforma da Previd\u00eancia\"],\"articleSection\":[\"Pol\u00edtica\"],\"inLanguage\":\"pt-BR\"},{\"@type\":\"WebPage\",\"@id\":\"https:\/\/www.suno.com.br\/noticias\/pente-fino-inss-milhoes-beneficios\/\",\"url\":\"https:\/\/www.suno.com.br\/noticias\/pente-fino-inss-milhoes-beneficios\/\",\"name\":\"Governo: pente-fino no INSS atingir\u00e1 mais de 2 milh\u00f5es de benef\u00edcios\",\"isPartOf\":{\"@id\":\"https:\/\/www.suno.com.br\/noticias\/#website\"},\"primaryImageOfPage\":{\"@id\":\"https:\/\/www.suno.com.br\/noticias\/pente-fino-inss-milhoes-beneficios\/#primaryimage\"},\"image\":{\"@id\":\"https:\/\/www.suno.com.br\/noticias\/pente-fino-inss-milhoes-beneficios\/#primaryimage\"},\"thumbnailUrl\":\"https:\/\/files.sunoresearch.com.br\/n\/uploads\/2019\/01\/INSS-jpg.webp\",\"datePublished\":\"2019-01-09T19:37:30+00:00\",\"description\":\"O pente-fino que o governo est\u00e1 preparando para o INSS deveria atingir mais de 2 milh\u00f5es de benef\u00edcios.\u00a0Clique aqui para saber mais.\",\"breadcrumb\":{\"@id\":\"https:\/\/www.suno.com.br\/noticias\/pente-fino-inss-milhoes-beneficios\/#breadcrumb\"},\"inLanguage\":\"pt-BR\",\"potentialAction\":[{\"@type\":\"ReadAction\",\"target\":[\"https:\/\/www.suno.com.br\/noticias\/pente-fino-inss-milhoes-beneficios\/\"]}]},{\"@type\":\"ImageObject\",\"inLanguage\":\"pt-BR\",\"@id\":\"https:\/\/www.suno.com.br\/noticias\/pente-fino-inss-milhoes-beneficios\/#primaryimage\",\"url\":\"https:\/\/files.sunoresearch.com.br\/n\/uploads\/2019\/01\/INSS-jpg.webp\",\"contentUrl\":\"https:\/\/files.sunoresearch.com.br\/n\/uploads\/2019\/01\/INSS-jpg.webp\",\"width\":2480,\"height\":1665,\"caption\":\"Aposentados do INSS ter\u00e3o aumento em 2022.\"},{\"@type\":\"BreadcrumbList\",\"@id\":\"https:\/\/www.suno.com.br\/noticias\/pente-fino-inss-milhoes-beneficios\/#breadcrumb\",\"itemListElement\":[{\"@type\":\"ListItem\",\"position\":1,\"name\":\"Not\u00edcias\",\"item\":\"https:\/\/www.suno.com.br\/noticias\/\"},{\"@type\":\"ListItem\",\"position\":2,\"name\":\"Pol\u00edtica\",\"item\":\"https:\/\/www.suno.com.br\/noticias\/politica\/\"},{\"@type\":\"ListItem\",\"position\":3,\"name\":\"Governo: pente-fino no INSS atingir\u00e1 mais de 2 milh\u00f5es de benef\u00edcios\"}]},{\"@type\":\"WebSite\",\"@id\":\"https:\/\/www.suno.com.br\/noticias\/#website\",\"url\":\"https:\/\/www.suno.com.br\/noticias\/\",\"name\":\"Suno Not\u00edcias\",\"description\":\"Seu portal de informa\u00e7\u00e3o sobre o mundo dos investimentos\",\"publisher\":{\"@id\":\"https:\/\/www.suno.com.br\/noticias\/#organization\"},\"potentialAction\":[{\"@type\":\"SearchAction\",\"target\":{\"@type\":\"EntryPoint\",\"urlTemplate\":\"https:\/\/www.suno.com.br\/noticias\/?s={search_term_string}\"},\"query-input\":{\"@type\":\"PropertyValueSpecification\",\"valueRequired\":true,\"valueName\":\"search_term_string\"}}],\"inLanguage\":\"pt-BR\"},{\"@type\":\"Organization\",\"@id\":\"https:\/\/www.suno.com.br\/noticias\/#organization\",\"name\":\"Suno Not\u00edcias\",\"url\":\"https:\/\/www.suno.com.br\/noticias\/\",\"logo\":{\"@type\":\"ImageObject\",\"inLanguage\":\"pt-BR\",\"@id\":\"https:\/\/www.suno.com.br\/noticias\/#\/schema\/logo\/image\/\",\"url\":\"https:\/\/files.sunoresearch.com.br\/n\/uploads\/2021\/09\/suno-logo.png\",\"contentUrl\":\"https:\/\/files.sunoresearch.com.br\/n\/uploads\/2021\/09\/suno-logo.png\",\"width\":180,\"height\":180,\"caption\":\"Suno Not\u00edcias\"},\"image\":{\"@id\":\"https:\/\/www.suno.com.br\/noticias\/#\/schema\/logo\/image\/\"},\"sameAs\":[\"https:\/\/facebook.com\/sunoresearch\",\"https:\/\/x.com\/sunoresearch\",\"https:\/\/www.instagram.com\/suno\",\"https:\/\/www.linkedin.com\/company\/suno-research\/\",\"https:\/\/www.youtube.com\/c\/sunoresearch\"]},{\"@type\":\"Person\",\"@id\":\"https:\/\/www.suno.com.br\/noticias\/#\/schema\/person\/e6e0f723cc177805027f4566c1d5e0c8\",\"name\":\"Carlo Cauti\",\"image\":{\"@type\":\"ImageObject\",\"inLanguage\":\"pt-BR\",\"@id\":\"https:\/\/www.suno.com.br\/noticias\/#\/schema\/person\/image\/\",\"url\":\"https:\/\/secure.gravatar.com\/avatar\/3ada9e0bd164c23abd4792a9606d583c?s=96&r=g\",\"contentUrl\":\"https:\/\/secure.gravatar.com\/avatar\/3ada9e0bd164c23abd4792a9606d583c?s=96&r=g\",\"caption\":\"Carlo Cauti\"},\"description\":\"Editor multim\u00eddia do SUNO Not\u00edcias. Italiano, formado em Ci\u00eancias Pol\u00edticas pela universidade LUISS G. Carli de Roma e mestre cum laude em Rela\u00e7\u00f5es Internacionais, Jornalismo Internacional e de Guerra e em Economia Internacional. Concluiu tamb\u00e9m um MBA em Finan\u00e7as na B3. No Brasil, teve passagem por ve\u00edculos como Estad\u00e3o, Globo, Veja e EXAME. e nas ag\u00eancias de not\u00edcias italianas ANSA e NOVA.\",\"url\":\"https:\/\/www.suno.com.br\/noticias\/author\/carlo-cauti\/\"}]}<\/script>\n<!-- \/ Yoast SEO plugin. -->","yoast_head_json":{"title":"Governo: pente-fino no INSS atingir\u00e1 mais de 2 milh\u00f5es de benef\u00edcios","description":"O pente-fino que o governo est\u00e1 preparando para o INSS deveria atingir mais de 2 milh\u00f5es de benef\u00edcios.\u00a0Clique aqui para saber mais.","robots":{"index":"index","follow":"follow","max-snippet":"max-snippet:-1","max-image-preview":"max-image-preview:large","max-video-preview":"max-video-preview:-1"},"canonical":"https:\/\/www.suno.com.br\/noticias\/pente-fino-inss-milhoes-beneficios\/","og_locale":"pt_BR","og_type":"article","og_title":"Governo: pente-fino no INSS atingir\u00e1 mais de 2 milh\u00f5es de benef\u00edcios","og_description":"O pente-fino que o governo est\u00e1 preparando para o INSS deveria atingir mais de 2 milh\u00f5es de benef\u00edcios.\u00a0Clique aqui para saber mais.","og_url":"https:\/\/www.suno.com.br\/noticias\/pente-fino-inss-milhoes-beneficios\/","og_site_name":"Suno Not\u00edcias","article_publisher":"https:\/\/facebook.com\/sunoresearch","og_image":[{"width":2480,"height":1665,"url":"https:\/\/files.sunoresearch.com.br\/n\/uploads\/2019\/01\/INSS.jpg","type":"image\/jpeg"}],"author":"Carlo Cauti","twitter_card":"summary_large_image","twitter_creator":"@sunoresearch","twitter_site":"@sunoresearch","twitter_misc":{"Escrito por":"Carlo Cauti","Est. tempo de leitura":"2 minutos"},"schema":{"@context":"https:\/\/schema.org","@graph":[{"@type":"NewsArticle","@id":"https:\/\/www.suno.com.br\/noticias\/pente-fino-inss-milhoes-beneficios\/#article","isPartOf":{"@id":"https:\/\/www.suno.com.br\/noticias\/pente-fino-inss-milhoes-beneficios\/"},"author":{"name":"Carlo Cauti","@id":"https:\/\/www.suno.com.br\/noticias\/#\/schema\/person\/e6e0f723cc177805027f4566c1d5e0c8"},"headline":"Governo: pente-fino no INSS atingir\u00e1 mais de 2 milh\u00f5es de benef\u00edcios","datePublished":"2019-01-09T19:37:30+00:00","mainEntityOfPage":{"@id":"https:\/\/www.suno.com.br\/noticias\/pente-fino-inss-milhoes-beneficios\/"},"wordCount":500,"publisher":{"@id":"https:\/\/www.suno.com.br\/noticias\/#organization"},"image":{"@id":"https:\/\/www.suno.com.br\/noticias\/pente-fino-inss-milhoes-beneficios\/#primaryimage"},"thumbnailUrl":"https:\/\/files.sunoresearch.com.br\/n\/uploads\/2019\/01\/INSS-jpg.webp","keywords":["Previd\u00eancia Social","Reforma da Previd\u00eancia"],"articleSection":["Pol\u00edtica"],"inLanguage":"pt-BR"},{"@type":"WebPage","@id":"https:\/\/www.suno.com.br\/noticias\/pente-fino-inss-milhoes-beneficios\/","url":"https:\/\/www.suno.com.br\/noticias\/pente-fino-inss-milhoes-beneficios\/","name":"Governo: pente-fino no INSS atingir\u00e1 mais de 2 milh\u00f5es de benef\u00edcios","isPartOf":{"@id":"https:\/\/www.suno.com.br\/noticias\/#website"},"primaryImageOfPage":{"@id":"https:\/\/www.suno.com.br\/noticias\/pente-fino-inss-milhoes-beneficios\/#primaryimage"},"image":{"@id":"https:\/\/www.suno.com.br\/noticias\/pente-fino-inss-milhoes-beneficios\/#primaryimage"},"thumbnailUrl":"https:\/\/files.sunoresearch.com.br\/n\/uploads\/2019\/01\/INSS-jpg.webp","datePublished":"2019-01-09T19:37:30+00:00","description":"O pente-fino que o governo est\u00e1 preparando para o INSS deveria atingir mais de 2 milh\u00f5es de benef\u00edcios.\u00a0Clique aqui para saber mais.","breadcrumb":{"@id":"https:\/\/www.suno.com.br\/noticias\/pente-fino-inss-milhoes-beneficios\/#breadcrumb"},"inLanguage":"pt-BR","potentialAction":[{"@type":"ReadAction","target":["https:\/\/www.suno.com.br\/noticias\/pente-fino-inss-milhoes-beneficios\/"]}]},{"@type":"ImageObject","inLanguage":"pt-BR","@id":"https:\/\/www.suno.com.br\/noticias\/pente-fino-inss-milhoes-beneficios\/#primaryimage","url":"https:\/\/files.sunoresearch.com.br\/n\/uploads\/2019\/01\/INSS-jpg.webp","contentUrl":"https:\/\/files.sunoresearch.com.br\/n\/uploads\/2019\/01\/INSS-jpg.webp","width":2480,"height":1665,"caption":"Aposentados do INSS ter\u00e3o aumento em 2022."},{"@type":"BreadcrumbList","@id":"https:\/\/www.suno.com.br\/noticias\/pente-fino-inss-milhoes-beneficios\/#breadcrumb","itemListElement":[{"@type":"ListItem","position":1,"name":"Not\u00edcias","item":"https:\/\/www.suno.com.br\/noticias\/"},{"@type":"ListItem","position":2,"name":"Pol\u00edtica","item":"https:\/\/www.suno.com.br\/noticias\/politica\/"},{"@type":"ListItem","position":3,"name":"Governo: pente-fino no INSS atingir\u00e1 mais de 2 milh\u00f5es de benef\u00edcios"}]},{"@type":"WebSite","@id":"https:\/\/www.suno.com.br\/noticias\/#website","url":"https:\/\/www.suno.com.br\/noticias\/","name":"Suno Not\u00edcias","description":"Seu portal de informa\u00e7\u00e3o sobre o mundo dos investimentos","publisher":{"@id":"https:\/\/www.suno.com.br\/noticias\/#organization"},"potentialAction":[{"@type":"SearchAction","target":{"@type":"EntryPoint","urlTemplate":"https:\/\/www.suno.com.br\/noticias\/?s={search_term_string}"},"query-input":{"@type":"PropertyValueSpecification","valueRequired":true,"valueName":"search_term_string"}}],"inLanguage":"pt-BR"},{"@type":"Organization","@id":"https:\/\/www.suno.com.br\/noticias\/#organization","name":"Suno Not\u00edcias","url":"https:\/\/www.suno.com.br\/noticias\/","logo":{"@type":"ImageObject","inLanguage":"pt-BR","@id":"https:\/\/www.suno.com.br\/noticias\/#\/schema\/logo\/image\/","url":"https:\/\/files.sunoresearch.com.br\/n\/uploads\/2021\/09\/suno-logo.png","contentUrl":"https:\/\/files.sunoresearch.com.br\/n\/uploads\/2021\/09\/suno-logo.png","width":180,"height":180,"caption":"Suno Not\u00edcias"},"image":{"@id":"https:\/\/www.suno.com.br\/noticias\/#\/schema\/logo\/image\/"},"sameAs":["https:\/\/facebook.com\/sunoresearch","https:\/\/x.com\/sunoresearch","https:\/\/www.instagram.com\/suno","https:\/\/www.linkedin.com\/company\/suno-research\/","https:\/\/www.youtube.com\/c\/sunoresearch"]},{"@type":"Person","@id":"https:\/\/www.suno.com.br\/noticias\/#\/schema\/person\/e6e0f723cc177805027f4566c1d5e0c8","name":"Carlo Cauti","image":{"@type":"ImageObject","inLanguage":"pt-BR","@id":"https:\/\/www.suno.com.br\/noticias\/#\/schema\/person\/image\/","url":"https:\/\/secure.gravatar.com\/avatar\/3ada9e0bd164c23abd4792a9606d583c?s=96&r=g","contentUrl":"https:\/\/secure.gravatar.com\/avatar\/3ada9e0bd164c23abd4792a9606d583c?s=96&r=g","caption":"Carlo Cauti"},"description":"Editor multim\u00eddia do SUNO Not\u00edcias. Italiano, formado em Ci\u00eancias Pol\u00edticas pela universidade LUISS G. Carli de Roma e mestre cum laude em Rela\u00e7\u00f5es Internacionais, Jornalismo Internacional e de Guerra e em Economia Internacional. Concluiu tamb\u00e9m um MBA em Finan\u00e7as na B3. No Brasil, teve passagem por ve\u00edculos como Estad\u00e3o, Globo, Veja e EXAME. e nas ag\u00eancias de not\u00edcias italianas ANSA e NOVA.","url":"https:\/\/www.suno.com.br\/noticias\/author\/carlo-cauti\/"}]}},"default_loop_html":"<div class=\"cardsPage__listCard__boxs\"><div class=\"cardsPage__listCard__boxs__img\"><a href=\"https:\/\/www.suno.com.br\/noticias\/pente-fino-inss-milhoes-beneficios\/\"><img class=\"mask\" src=\"https:\/\/www.suno.com.br\/noticias\/wp-content\/themes\/suno\/resources\/images\/spotlight\/spotlight1img\/bg-mask.png\" alt=\"Image Mask\"\/><img src=\"https:\/\/files.sunoresearch.com.br\/n\/uploads\/2019\/01\/INSS-400x200.webp\" alt=\"Governo: pente-fino no INSS atingir\u00e1 mais de 2 milh\u00f5es de benef\u00edcios\"\/><\/a><span class=\"spotlightCategory\"><a href=\"https:\/\/www.suno.com.br\/noticias\/politica\/\">Pol\u00edtica<\/a><\/span><\/div><div class=\"cardsPage__listCard__boxs__content\"><a href=\"https:\/\/www.suno.com.br\/noticias\/pente-fino-inss-milhoes-beneficios\/\"><h2 class=\"content__title\">Governo: pente-fino no INSS atingir\u00e1 mais de 2 milh\u00f5es de benef\u00edcios<\/h2><\/a><div class=\"newsContent__article__meta\"><div class=\"newsContent__article__meta__authorBox\"><a href=\"https:\/\/www.suno.com.br\/noticias\/author\/carlo-cauti\/\" class=\"authorBox__avatar noMobi\"><img src=\"https:\/\/files.sunoresearch.com.br\/n\/uploads\/2020\/08\/e3745f9a-perfil-carlo-cauti-150x150.webp\" alt=\"Carlo Cauti\"><\/a><div class=\"authorBox__name\"><span>por\n\t\t\t<a href=\"https:\/\/www.suno.com.br\/noticias\/author\/carlo-cauti\/\"><span itemprop=\"author\">Carlo Cauti<\/span><\/a><\/span><time datetime=\"2019-01-09T17:37:30-02:00\" itemprop=\"datePublished\">09\/01\/2019 17:37<\/time><\/div><\/div><\/div><\/div><\/div>","single_layout":"posts","amp_enabled":true,"_links":{"self":[{"href":"https:\/\/www.suno.com.br\/noticias\/wp-json\/wp\/v2\/posts\/11018"}],"collection":[{"href":"https:\/\/www.suno.com.br\/noticias\/wp-json\/wp\/v2\/posts"}],"about":[{"href":"https:\/\/www.suno.com.br\/noticias\/wp-json\/wp\/v2\/types\/post"}],"author":[{"embeddable":true,"href":"https:\/\/www.suno.com.br\/noticias\/wp-json\/wp\/v2\/users\/9"}],"replies":[{"embeddable":true,"href":"https:\/\/www.suno.com.br\/noticias\/wp-json\/wp\/v2\/comments?post=11018"}],"version-history":[{"count":0,"href":"https:\/\/www.suno.com.br\/noticias\/wp-json\/wp\/v2\/posts\/11018\/revisions"}],"wp:featuredmedia":[{"embeddable":true,"href":"https:\/\/www.suno.com.br\/noticias\/wp-json\/wp\/v2\/media\/11031"}],"wp:attachment":[{"href":"https:\/\/www.suno.com.br\/noticias\/wp-json\/wp\/v2\/media?parent=11018"}],"wp:term":[{"taxonomy":"category","embeddable":true,"href":"https:\/\/www.suno.com.br\/noticias\/wp-json\/wp\/v2\/categories?post=11018"},{"taxonomy":"post_tag","embeddable":true,"href":"https:\/\/www.suno.com.br\/noticias\/wp-json\/wp\/v2\/tags?post=11018"},{"taxonomy":"suno_strategy","embeddable":true,"href":"https:\/\/www.suno.com.br\/noticias\/wp-json\/wp\/v2\/suno_strategy?post=11018"}],"curies":[{"name":"wp","href":"https:\/\/api.w.org\/{rel}","templated":true}]}}