{"id":110167,"date":"2020-12-23T20:08:35","date_gmt":"2020-12-23T23:08:35","guid":{"rendered":"https:\/\/www.suno.com.br\/noticias\/?p=110167"},"modified":"2020-12-23T20:11:27","modified_gmt":"2020-12-23T23:11:27","slug":"vale-vale3-samarco-operar","status":"publish","type":"post","link":"https:\/\/www.suno.com.br\/noticias\/vale-vale3-samarco-operar\/","title":{"rendered":"Vale (VALE3): Samarco volta a operar cinco anos ap\u00f3s Mariana"},"content":{"rendered":"<p>A <a href=\"https:\/\/www.suno.com.br\/acoes\/vale3\"><strong>Vale (VALE3)<\/strong><\/a> informou ao mercado que sua subsidi\u00e1ria <strong>Samarco<\/strong> voltou a operar nesta quarta-feira (23), cinco anos ap\u00f3s o <strong>estouro da barragem em Mariana<\/strong>, que matou 19 pessoas.<\/p>\t<div class=\"wrapper-featured-image\">\n\t\t<figure class=\"spotlightImg\">\n\n\t\t\t<picture>\n\t\t\t\t<source media=\"(max-width: 768px)\" srcset=\"https:\/\/files.sunoresearch.com.br\/n\/uploads\/2020\/12\/673d62cc-samarco-400x200.webp\">\n\t\t\t\t<img loading=\"lazy\" decoding=\"async\" class=\"newsContent__article__imgCapa lazyloadDisabled \" src=\"https:\/\/files.sunoresearch.com.br\/n\/uploads\/2020\/12\/673d62cc-samarco-jpg.webp\" width=\"800\" height=\"450\" alt=\"Vale (VALE3): Samarco volta a operar cinco anos ap\u00f3s Mariana\" fetchpriority=high \/>\n\t\t\t<\/picture>\n\n\t\t\t<figcaption class=\"wp-caption-text wp-caption-text--show\">Samarco conclui recupera\u00e7\u00e3o judicial <\/figcaption>\n\t\t<\/figure>\n\t<\/div>\n\n\n<p><span data-sheets-value=\"{&quot;1&quot;:2,&quot;2&quot;:&quot;&quot;}\" data-sheets-userformat=\"{&quot;2&quot;:6723,&quot;3&quot;:{&quot;1&quot;:0},&quot;4&quot;:[null,2,16777215],&quot;9&quot;:0,&quot;12&quot;:0,&quot;14&quot;:[null,2,0],&quot;15&quot;:&quot;Arial&quot;}\">\t<p>\n\t\t<a href=\"https:\/\/lp.suno.com.br\/planilha-controle-gastos\/\" target=\"_blank\" data-element=\"shortcode-suno-banner\" title=\"Banner SUNO, clique e saiba mais\">\n\t\t\t<picture>\n\t\t\t\t<source media=\"(max-width: 500px)\" srcset=\"https:\/\/files.sunoresearch.com.br\/n\/uploads\/2023\/03\/400x300-Planilha-controle-de-gastos.png\">\n\t\t\t\t<img class=\"newsContent__article__imgCapa newsContent__article__imgCapa--banner\"\n\t\t\t\t\tsrc=\"https:\/\/files.sunoresearch.com.br\/n\/uploads\/2023\/03\/1420x240-Planilha-controle-de-gastos.png\"\n\t\t\t\t\tdata-promo-id=\"101751\"\t\t\t\t\t\t\t\t\t\twidth='1420' height='240'\t\t\t\t\talt=\"https:\/\/files.sunoresearch.com.br\/n\/uploads\/2023\/03\/1420x240-Planilha-controle-de-gastos.png\"\n\t\t\t\t>\n\t\t\t<\/picture>\n\t\t<\/a>\n\t<\/p>\n\n<\/span><\/p>\n<p>A Samarco \u00e9 uma <a href=\"https:\/\/www.suno.com.br\/artigos\/joint-venture\/\">joint-venture<\/a> entre a Vale e a <strong>BHP Billiton<\/strong>. As companhias j\u00e1 desembolsaram R$ 10 bilh\u00f5es em a<strong>\u00e7\u00f5es compensat\u00f3rias e reparat\u00f3rias<\/strong> e preveem gastar mais R$ 5,9 bilh\u00f5es em 2021.<\/p>\n<p>O estouro da <strong>barragem de Fund\u00e3o<\/strong>, em <strong>Bento Rodrigues<\/strong>, Mariana (MG), ocorreu em 5 novembro de 2015. A unidade da Samarco rompeu levando milh\u00f5es de toneladas de rejeitos de minera\u00e7\u00e3o ao rio Doce, origem no nome de batismo da Vale.<\/p>\n<p>A unidade passava por uma opera\u00e7\u00e3o chamada <strong>alteamento \u00e0 montante<\/strong>, que \u00e9 a cria\u00e7\u00e3o de uma nova barragem acima da original para elevar a capacidade de <strong>conten\u00e7\u00e3o de rejeitos<\/strong>.<\/p>\n<p><span data-sheets-value=\"{&quot;1&quot;:2,&quot;2&quot;:&quot;Suno One: acesse gratuitamente eBooks, Minicursos, Artigos e V\u00eddeo Aulas sobre investimentos com um \u00fanico cadastro. Clique para saber mais!&quot;}\" data-sheets-userformat=\"{&quot;2&quot;:1317699,&quot;3&quot;:{&quot;1&quot;:0},&quot;4&quot;:[null,2,16777215],&quot;9&quot;:0,&quot;11&quot;:4,&quot;12&quot;:0,&quot;14&quot;:[null,2,1136076],&quot;15&quot;:&quot;Arial&quot;,&quot;21&quot;:1,&quot;23&quot;:1}\" data-sheets-hyperlink=\"https:\/\/lp.suno.com.br\/suno-one\/\"><a class=\"in-cell-link\" href=\"https:\/\/lp.suno.com.br\/suno-one\/\" target=\"_blank\" rel=\"noopener noreferrer\">Suno One: acesse gratuitamente eBooks, Minicursos, Artigos e V\u00eddeo Aulas sobre investimentos com um \u00fanico cadastro. Clique para saber mais!<\/a><\/span><\/p>\n<p>Ao todo, 19 pessoas entre funcion\u00e1rios e moradores perderam sua vida no desastre.<\/p>\n<p>Segundo comunicado da Vale, a Samarco volta com <strong>capacidade de produ\u00e7\u00e3o<\/strong> de 7 a 8 milh\u00f5es de toneladas anuais no complexo de Germano, em Mariana, e Ubu, em Anchieta (ES).<\/p>\n<p>A previs\u00e3o \u00e9 que a Samarco possa elevar a produ\u00e7\u00e3o para o intervalo de 14-16 milh\u00f5es de toneladas anuais em 2025, e 22-24 milh\u00f5es de toneladas em 2029.<\/p>\n<p><span data-sheets-value=\"{&quot;1&quot;:2,&quot;2&quot;:&quot;\t&lt;p&gt;\n\t\t&lt;a href=&quot;https:\/\/lp.suno.com.br\/ebook-como-analisar-uma-acao\/&quot; target=&quot;_blank&quot; data-element=&quot;shortcode-suno-banner&quot; title=&quot;Banner SUNO, clique e saiba mais&quot;&gt;\n\t\t\t&lt;picture&gt;\n\t\t\t\t&lt;source media=&quot;(max-width: 500px)&quot; srcset=&quot;https:\/\/files.sunoresearch.com.br\/n\/uploads\/2023\/03\/Ebook-Acoes-Mobile.jpg&quot;&gt;\n\t\t\t\t&lt;img class=&quot;newsContent__article__imgCapa newsContent__article__imgCapa--banner&quot;\n\t\t\t\t\tsrc=&quot;https:\/\/files.sunoresearch.com.br\/n\/uploads\/2023\/03\/Ebook-Acoes-Desktop.jpg&quot;\n\t\t\t\t\tdata-promo-id=&quot;378302&quot;\t\t\t\t\t\t\t\t\t\twidth=&#039;1420&#039; height=&#039;286&#039;\t\t\t\t\talt=&quot;https:\/\/files.sunoresearch.com.br\/n\/uploads\/2023\/03\/Ebook-Acoes-Desktop.jpg&quot;\n\t\t\t\t&gt;\n\t\t\t&lt;\/picture&gt;\n\t\t&lt;\/a&gt;\n\t&lt;\/p&gt;\n\n&quot;}\" data-sheets-userformat=\"{&quot;2&quot;:6723,&quot;3&quot;:{&quot;1&quot;:0},&quot;4&quot;:[null,2,16777215],&quot;9&quot;:0,&quot;12&quot;:0,&quot;14&quot;:[null,2,0],&quot;15&quot;:&quot;Arial&quot;}\">\t<p>\n\t\t<a href=\"https:\/\/lp.suno.com.br\/ebook-como-analisar-uma-acao\/\" target=\"_blank\" data-element=\"shortcode-suno-banner\" title=\"Banner SUNO, clique e saiba mais\">\n\t\t\t<picture>\n\t\t\t\t<source media=\"(max-width: 500px)\" srcset=\"https:\/\/files.sunoresearch.com.br\/n\/uploads\/2023\/03\/Ebook-Acoes-Mobile.jpg\">\n\t\t\t\t<img class=\"newsContent__article__imgCapa newsContent__article__imgCapa--banner\"\n\t\t\t\t\tsrc=\"https:\/\/files.sunoresearch.com.br\/n\/uploads\/2023\/03\/Ebook-Acoes-Desktop.jpg\"\n\t\t\t\t\tdata-promo-id=\"378302\"\t\t\t\t\t\t\t\t\t\twidth='1420' height='286'\t\t\t\t\talt=\"https:\/\/files.sunoresearch.com.br\/n\/uploads\/2023\/03\/Ebook-Acoes-Desktop.jpg\"\n\t\t\t\t>\n\t\t\t<\/picture>\n\t\t<\/a>\n\t<\/p>\n\n<\/span><\/p>\n<p>A Vale afirma que a Samarco passar\u00e1 a filtrar a parte arenosa, que representa 80% do <strong>rejeito<\/strong>, para empilhar a seco. Os 20% restantes ser\u00e3o depositados na cava Alegria Azul.<\/p>\n<p>Veja abaixo o comunicado enviado pela Vale \u00e0 <a href=\"https:\/\/www.suno.com.br\/artigos\/cvm\/\">Comiss\u00e3o de Valores Mobili\u00e1rios (CVM)<\/a>:<\/p>\n<p>&nbsp;<\/p>\n<p><iframe loading=\"lazy\" id=\"doc_61388\" class=\"scribd_iframe_embed\" title=\"Vale (VALE3): Samarco volta a operar cinco anos ap\u00f3s Mariana\" src=\"https:\/\/pt.scribd.com\/embeds\/489025536\/content?start_page=1&amp;view_mode=scroll&amp;access_key=key-hlASLOotLed2phaHjocY\" width=\"600\" height=\"800\" frameborder=\"0\" scrolling=\"no\" data-auto-height=\"false\" data-aspect-ratio=\"0.75\"><\/iframe><\/p>\n<p>Veja tamb\u00e9m:<\/p>\n<h2 class=\"newsContent__article__title\">Vale confirma morte em novo deslizamento em Brumadinho<\/h2>\n<p>A Valeconfirmou a morte de um trabalhador de uma terceirizada em novo deslizamento de terra na mina C\u00f3rrego do Feij\u00e3o, em Brumadinho, Minas Gerais.<\/p>\n<p>O deslizamento de terra ocorreu na tarde de sexta-feira (18) e atingiu o operador de retroescavadeira da empresa Vale Verde. O trabalhador realizada atividades de manuten\u00e7\u00e3o. <a href=\"https:\/\/www.suno.com.br\/noticias\/vale-vale3-nova-morte-deslizamento-brumadinho\/\">Clique aqui e veja a not\u00edcia completa<\/a>!<\/p>\n<h3>Negocia\u00e7\u00f5es sobre Brumadinho seguem em 7 de janeiro<\/h3>\n<p>A mineradora afirmou em nota que seguem as tratativas com o Estado de Minas Gerais e institui\u00e7\u00f5es de Justi\u00e7a, representantes dos interesses dos atingidos pelo desastre com a barragem da empresa em Brumadinho.<\/p>\n<p>A <strong>Vale<\/strong> destaca que ainda n\u00e3o h\u00e1 defini\u00e7\u00e3o de valores no acordo. A pr\u00f3xima audi\u00eancia em Minas Gerais foi marcada para o dia 7 de janeiro de 2021. <a href=\"https:\/\/www.suno.com.br\/noticias\/vale-vale3-negociacoes-brumadinho-seguem-janeiro\/\">Veja aqui tudo sobre as negocia\u00e7\u00f5es.<\/a><\/p>\n<p><span data-sheets-value=\"{&quot;1&quot;:2,&quot;2&quot;:&quot;&quot;}\" data-sheets-userformat=\"{&quot;2&quot;:513,&quot;3&quot;:{&quot;1&quot;:0},&quot;12&quot;:0}\">\t<p>\n\t\t<a href=\"https:\/\/lp.suno.com.br\/planilha-de-controle-de-investimentos\/\" target=\"_blank\" data-element=\"shortcode-suno-banner\" title=\"Banner SUNO, clique e saiba mais\">\n\t\t\t<picture>\n\t\t\t\t<source media=\"(max-width: 500px)\" srcset=\"https:\/\/files.sunoresearch.com.br\/n\/uploads\/2023\/03\/400x300-Controle-de-Investimentos.png\">\n\t\t\t\t<img class=\"newsContent__article__imgCapa newsContent__article__imgCapa--banner\"\n\t\t\t\t\tsrc=\"https:\/\/files.sunoresearch.com.br\/n\/uploads\/2023\/03\/1420x240-Controle-de-Investimentos.png\"\n\t\t\t\t\tdata-promo-id=\"75934\"\t\t\t\t\t\t\t\t\t\twidth='1420' height='240'\t\t\t\t\talt=\"https:\/\/files.sunoresearch.com.br\/n\/uploads\/2023\/03\/1420x240-Controle-de-Investimentos.png\"\n\t\t\t\t>\n\t\t\t<\/picture>\n\t\t<\/a>\n\t<\/p>\n\n<\/span><\/p>\n","protected":false},"excerpt":{"rendered":"<p>A Vale (VALE3) informou ao mercado que sua subsidi\u00e1ria Samarco voltou a operar nesta quarta-feira (23), cinco anos ap\u00f3s o estouro da barragem em Mariana, que matou 19 pessoas. Samarco conclui recupera\u00e7\u00e3o judicial A Samarco \u00e9 uma joint-venture entre a Vale e a BHP Billiton. As companhias j\u00e1 desembolsaram R$ 10 bilh\u00f5es em a\u00e7\u00f5es compensat\u00f3rias [&hellip;]<\/p>\n","protected":false},"author":61,"featured_media":110174,"comment_status":"closed","ping_status":"closed","sticky":false,"template":"","format":"standard","meta":[],"categories":[64],"tags":[1035,676],"suno_strategy":[],"class_list":["post-110167","post","type-post","status-publish","format-standard","has-post-thumbnail","hentry","category-negocios","tag-samarco","tag-vale-vale3"],"yoast_head":"<!-- This site is optimized with the Yoast SEO plugin v24.4 - https:\/\/yoast.com\/wordpress\/plugins\/seo\/ -->\n<title>Vale (VALE3): Samarco volta a operar cinco anos ap\u00f3s Mariana<\/title>\n<meta name=\"description\" content=\"A Samarco -- parceria entre a Vale e a BHP -- retornou \u00e0 ativa com capacidade de produ\u00e7\u00e3o de 7-8 milh\u00f5es de toneladas\/ano. Clique e veja mais\" \/>\n<meta name=\"robots\" content=\"index, follow, max-snippet:-1, max-image-preview:large, max-video-preview:-1\" \/>\n<link rel=\"canonical\" href=\"https:\/\/www.suno.com.br\/noticias\/vale-vale3-samarco-operar\/\" \/>\n<meta property=\"og:locale\" content=\"pt_BR\" \/>\n<meta property=\"og:type\" content=\"article\" \/>\n<meta property=\"og:title\" content=\"Vale (VALE3): Samarco volta a operar cinco anos ap\u00f3s Mariana\" \/>\n<meta property=\"og:description\" content=\"A Samarco -- parceria entre a Vale e a BHP -- retornou \u00e0 ativa com capacidade de produ\u00e7\u00e3o de 7-8 milh\u00f5es de toneladas\/ano. Clique e veja mais\" \/>\n<meta property=\"og:url\" content=\"https:\/\/www.suno.com.br\/noticias\/vale-vale3-samarco-operar\/\" \/>\n<meta property=\"og:site_name\" content=\"Suno Not\u00edcias\" \/>\n<meta property=\"article:publisher\" content=\"https:\/\/facebook.com\/sunoresearch\" \/>\n<meta property=\"og:image\" content=\"https:\/\/files.sunoresearch.com.br\/n\/uploads\/2020\/12\/673d62cc-samarco.jpg\" \/>\n\t<meta property=\"og:image:width\" content=\"800\" \/>\n\t<meta property=\"og:image:height\" content=\"450\" \/>\n\t<meta property=\"og:image:type\" content=\"image\/jpeg\" \/>\n<meta name=\"author\" content=\"Felipe Areia\" \/>\n<meta name=\"twitter:card\" content=\"summary_large_image\" \/>\n<meta name=\"twitter:creator\" content=\"@sunoresearch\" \/>\n<meta name=\"twitter:site\" content=\"@sunoresearch\" \/>\n<meta name=\"twitter:label1\" content=\"Escrito por\" \/>\n\t<meta name=\"twitter:data1\" content=\"Felipe Areia\" \/>\n\t<meta name=\"twitter:label2\" content=\"Est. tempo de leitura\" \/>\n\t<meta name=\"twitter:data2\" content=\"2 minutos\" \/>\n<script type=\"application\/ld+json\" class=\"yoast-schema-graph\">{\"@context\":\"https:\/\/schema.org\",\"@graph\":[{\"@type\":\"NewsArticle\",\"@id\":\"https:\/\/www.suno.com.br\/noticias\/vale-vale3-samarco-operar\/#article\",\"isPartOf\":{\"@id\":\"https:\/\/www.suno.com.br\/noticias\/vale-vale3-samarco-operar\/\"},\"author\":{\"name\":\"Felipe Areia\",\"@id\":\"https:\/\/www.suno.com.br\/noticias\/#\/schema\/person\/60408fe05425d06f5564e57be6c1f9ea\"},\"headline\":\"Vale (VALE3): Samarco volta a operar cinco anos ap\u00f3s Mariana\",\"datePublished\":\"2020-12-23T23:08:35+00:00\",\"dateModified\":\"2020-12-23T23:11:27+00:00\",\"mainEntityOfPage\":{\"@id\":\"https:\/\/www.suno.com.br\/noticias\/vale-vale3-samarco-operar\/\"},\"wordCount\":454,\"publisher\":{\"@id\":\"https:\/\/www.suno.com.br\/noticias\/#organization\"},\"image\":{\"@id\":\"https:\/\/www.suno.com.br\/noticias\/vale-vale3-samarco-operar\/#primaryimage\"},\"thumbnailUrl\":\"https:\/\/files.sunoresearch.com.br\/n\/uploads\/2020\/12\/673d62cc-samarco-jpg.webp\",\"keywords\":[\"Samarco\",\"Vale (VALE3)\"],\"articleSection\":[\"Neg\u00f3cios\"],\"inLanguage\":\"pt-BR\"},{\"@type\":\"WebPage\",\"@id\":\"https:\/\/www.suno.com.br\/noticias\/vale-vale3-samarco-operar\/\",\"url\":\"https:\/\/www.suno.com.br\/noticias\/vale-vale3-samarco-operar\/\",\"name\":\"Vale (VALE3): Samarco volta a operar cinco anos ap\u00f3s Mariana\",\"isPartOf\":{\"@id\":\"https:\/\/www.suno.com.br\/noticias\/#website\"},\"primaryImageOfPage\":{\"@id\":\"https:\/\/www.suno.com.br\/noticias\/vale-vale3-samarco-operar\/#primaryimage\"},\"image\":{\"@id\":\"https:\/\/www.suno.com.br\/noticias\/vale-vale3-samarco-operar\/#primaryimage\"},\"thumbnailUrl\":\"https:\/\/files.sunoresearch.com.br\/n\/uploads\/2020\/12\/673d62cc-samarco-jpg.webp\",\"datePublished\":\"2020-12-23T23:08:35+00:00\",\"dateModified\":\"2020-12-23T23:11:27+00:00\",\"description\":\"A Samarco -- parceria entre a Vale e a BHP -- retornou \u00e0 ativa com capacidade de produ\u00e7\u00e3o de 7-8 milh\u00f5es de toneladas\/ano. Clique e veja mais\",\"breadcrumb\":{\"@id\":\"https:\/\/www.suno.com.br\/noticias\/vale-vale3-samarco-operar\/#breadcrumb\"},\"inLanguage\":\"pt-BR\",\"potentialAction\":[{\"@type\":\"ReadAction\",\"target\":[\"https:\/\/www.suno.com.br\/noticias\/vale-vale3-samarco-operar\/\"]}]},{\"@type\":\"ImageObject\",\"inLanguage\":\"pt-BR\",\"@id\":\"https:\/\/www.suno.com.br\/noticias\/vale-vale3-samarco-operar\/#primaryimage\",\"url\":\"https:\/\/files.sunoresearch.com.br\/n\/uploads\/2020\/12\/673d62cc-samarco-jpg.webp\",\"contentUrl\":\"https:\/\/files.sunoresearch.com.br\/n\/uploads\/2020\/12\/673d62cc-samarco-jpg.webp\",\"width\":800,\"height\":450,\"caption\":\"Samarco conclui recupera\u00e7\u00e3o judicial\"},{\"@type\":\"BreadcrumbList\",\"@id\":\"https:\/\/www.suno.com.br\/noticias\/vale-vale3-samarco-operar\/#breadcrumb\",\"itemListElement\":[{\"@type\":\"ListItem\",\"position\":1,\"name\":\"Not\u00edcias\",\"item\":\"https:\/\/www.suno.com.br\/noticias\/\"},{\"@type\":\"ListItem\",\"position\":2,\"name\":\"Neg\u00f3cios\",\"item\":\"https:\/\/www.suno.com.br\/noticias\/negocios\/\"},{\"@type\":\"ListItem\",\"position\":3,\"name\":\"Vale (VALE3): Samarco volta a operar cinco anos ap\u00f3s Mariana\"}]},{\"@type\":\"WebSite\",\"@id\":\"https:\/\/www.suno.com.br\/noticias\/#website\",\"url\":\"https:\/\/www.suno.com.br\/noticias\/\",\"name\":\"Suno Not\u00edcias\",\"description\":\"Seu portal de informa\u00e7\u00e3o sobre o mundo dos investimentos\",\"publisher\":{\"@id\":\"https:\/\/www.suno.com.br\/noticias\/#organization\"},\"potentialAction\":[{\"@type\":\"SearchAction\",\"target\":{\"@type\":\"EntryPoint\",\"urlTemplate\":\"https:\/\/www.suno.com.br\/noticias\/?s={search_term_string}\"},\"query-input\":{\"@type\":\"PropertyValueSpecification\",\"valueRequired\":true,\"valueName\":\"search_term_string\"}}],\"inLanguage\":\"pt-BR\"},{\"@type\":\"Organization\",\"@id\":\"https:\/\/www.suno.com.br\/noticias\/#organization\",\"name\":\"Suno Not\u00edcias\",\"url\":\"https:\/\/www.suno.com.br\/noticias\/\",\"logo\":{\"@type\":\"ImageObject\",\"inLanguage\":\"pt-BR\",\"@id\":\"https:\/\/www.suno.com.br\/noticias\/#\/schema\/logo\/image\/\",\"url\":\"https:\/\/files.sunoresearch.com.br\/n\/uploads\/2021\/09\/suno-logo.png\",\"contentUrl\":\"https:\/\/files.sunoresearch.com.br\/n\/uploads\/2021\/09\/suno-logo.png\",\"width\":180,\"height\":180,\"caption\":\"Suno Not\u00edcias\"},\"image\":{\"@id\":\"https:\/\/www.suno.com.br\/noticias\/#\/schema\/logo\/image\/\"},\"sameAs\":[\"https:\/\/facebook.com\/sunoresearch\",\"https:\/\/x.com\/sunoresearch\",\"https:\/\/www.instagram.com\/suno\",\"https:\/\/www.linkedin.com\/company\/suno-research\/\",\"https:\/\/www.youtube.com\/c\/sunoresearch\"]},{\"@type\":\"Person\",\"@id\":\"https:\/\/www.suno.com.br\/noticias\/#\/schema\/person\/60408fe05425d06f5564e57be6c1f9ea\",\"name\":\"Felipe Areia\",\"image\":{\"@type\":\"ImageObject\",\"inLanguage\":\"pt-BR\",\"@id\":\"https:\/\/www.suno.com.br\/noticias\/#\/schema\/person\/image\/\",\"url\":\"https:\/\/secure.gravatar.com\/avatar\/3d7d3c14b1a794a3e8c9186dd9274852?s=96&r=g\",\"contentUrl\":\"https:\/\/secure.gravatar.com\/avatar\/3d7d3c14b1a794a3e8c9186dd9274852?s=96&r=g\",\"caption\":\"Felipe Areia\"},\"description\":\"Editor-chefe do Suno not\u00edcias, Felipe Areia possui mais de 10 anos de experi\u00eancia em jornalismo econ\u00f4mico e financeiro. Foi o respons\u00e1vel pela \u00e1rea de conte\u00fado do Investing.com Brasil.\",\"url\":\"https:\/\/www.suno.com.br\/noticias\/author\/felipe-areia\/\"}]}<\/script>\n<!-- \/ Yoast SEO plugin. -->","yoast_head_json":{"title":"Vale (VALE3): Samarco volta a operar cinco anos ap\u00f3s Mariana","description":"A Samarco -- parceria entre a Vale e a BHP -- retornou \u00e0 ativa com capacidade de produ\u00e7\u00e3o de 7-8 milh\u00f5es de toneladas\/ano. Clique e veja mais","robots":{"index":"index","follow":"follow","max-snippet":"max-snippet:-1","max-image-preview":"max-image-preview:large","max-video-preview":"max-video-preview:-1"},"canonical":"https:\/\/www.suno.com.br\/noticias\/vale-vale3-samarco-operar\/","og_locale":"pt_BR","og_type":"article","og_title":"Vale (VALE3): Samarco volta a operar cinco anos ap\u00f3s Mariana","og_description":"A Samarco -- parceria entre a Vale e a BHP -- retornou \u00e0 ativa com capacidade de produ\u00e7\u00e3o de 7-8 milh\u00f5es de toneladas\/ano. Clique e veja mais","og_url":"https:\/\/www.suno.com.br\/noticias\/vale-vale3-samarco-operar\/","og_site_name":"Suno Not\u00edcias","article_publisher":"https:\/\/facebook.com\/sunoresearch","og_image":[{"width":800,"height":450,"url":"https:\/\/files.sunoresearch.com.br\/n\/uploads\/2020\/12\/673d62cc-samarco.jpg","type":"image\/jpeg"}],"author":"Felipe Areia","twitter_card":"summary_large_image","twitter_creator":"@sunoresearch","twitter_site":"@sunoresearch","twitter_misc":{"Escrito por":"Felipe Areia","Est. tempo de leitura":"2 minutos"},"schema":{"@context":"https:\/\/schema.org","@graph":[{"@type":"NewsArticle","@id":"https:\/\/www.suno.com.br\/noticias\/vale-vale3-samarco-operar\/#article","isPartOf":{"@id":"https:\/\/www.suno.com.br\/noticias\/vale-vale3-samarco-operar\/"},"author":{"name":"Felipe Areia","@id":"https:\/\/www.suno.com.br\/noticias\/#\/schema\/person\/60408fe05425d06f5564e57be6c1f9ea"},"headline":"Vale (VALE3): Samarco volta a operar cinco anos ap\u00f3s Mariana","datePublished":"2020-12-23T23:08:35+00:00","dateModified":"2020-12-23T23:11:27+00:00","mainEntityOfPage":{"@id":"https:\/\/www.suno.com.br\/noticias\/vale-vale3-samarco-operar\/"},"wordCount":454,"publisher":{"@id":"https:\/\/www.suno.com.br\/noticias\/#organization"},"image":{"@id":"https:\/\/www.suno.com.br\/noticias\/vale-vale3-samarco-operar\/#primaryimage"},"thumbnailUrl":"https:\/\/files.sunoresearch.com.br\/n\/uploads\/2020\/12\/673d62cc-samarco-jpg.webp","keywords":["Samarco","Vale (VALE3)"],"articleSection":["Neg\u00f3cios"],"inLanguage":"pt-BR"},{"@type":"WebPage","@id":"https:\/\/www.suno.com.br\/noticias\/vale-vale3-samarco-operar\/","url":"https:\/\/www.suno.com.br\/noticias\/vale-vale3-samarco-operar\/","name":"Vale (VALE3): Samarco volta a operar cinco anos ap\u00f3s Mariana","isPartOf":{"@id":"https:\/\/www.suno.com.br\/noticias\/#website"},"primaryImageOfPage":{"@id":"https:\/\/www.suno.com.br\/noticias\/vale-vale3-samarco-operar\/#primaryimage"},"image":{"@id":"https:\/\/www.suno.com.br\/noticias\/vale-vale3-samarco-operar\/#primaryimage"},"thumbnailUrl":"https:\/\/files.sunoresearch.com.br\/n\/uploads\/2020\/12\/673d62cc-samarco-jpg.webp","datePublished":"2020-12-23T23:08:35+00:00","dateModified":"2020-12-23T23:11:27+00:00","description":"A Samarco -- parceria entre a Vale e a BHP -- retornou \u00e0 ativa com capacidade de produ\u00e7\u00e3o de 7-8 milh\u00f5es de toneladas\/ano. Clique e veja mais","breadcrumb":{"@id":"https:\/\/www.suno.com.br\/noticias\/vale-vale3-samarco-operar\/#breadcrumb"},"inLanguage":"pt-BR","potentialAction":[{"@type":"ReadAction","target":["https:\/\/www.suno.com.br\/noticias\/vale-vale3-samarco-operar\/"]}]},{"@type":"ImageObject","inLanguage":"pt-BR","@id":"https:\/\/www.suno.com.br\/noticias\/vale-vale3-samarco-operar\/#primaryimage","url":"https:\/\/files.sunoresearch.com.br\/n\/uploads\/2020\/12\/673d62cc-samarco-jpg.webp","contentUrl":"https:\/\/files.sunoresearch.com.br\/n\/uploads\/2020\/12\/673d62cc-samarco-jpg.webp","width":800,"height":450,"caption":"Samarco conclui recupera\u00e7\u00e3o judicial"},{"@type":"BreadcrumbList","@id":"https:\/\/www.suno.com.br\/noticias\/vale-vale3-samarco-operar\/#breadcrumb","itemListElement":[{"@type":"ListItem","position":1,"name":"Not\u00edcias","item":"https:\/\/www.suno.com.br\/noticias\/"},{"@type":"ListItem","position":2,"name":"Neg\u00f3cios","item":"https:\/\/www.suno.com.br\/noticias\/negocios\/"},{"@type":"ListItem","position":3,"name":"Vale (VALE3): Samarco volta a operar cinco anos ap\u00f3s Mariana"}]},{"@type":"WebSite","@id":"https:\/\/www.suno.com.br\/noticias\/#website","url":"https:\/\/www.suno.com.br\/noticias\/","name":"Suno Not\u00edcias","description":"Seu portal de informa\u00e7\u00e3o sobre o mundo dos investimentos","publisher":{"@id":"https:\/\/www.suno.com.br\/noticias\/#organization"},"potentialAction":[{"@type":"SearchAction","target":{"@type":"EntryPoint","urlTemplate":"https:\/\/www.suno.com.br\/noticias\/?s={search_term_string}"},"query-input":{"@type":"PropertyValueSpecification","valueRequired":true,"valueName":"search_term_string"}}],"inLanguage":"pt-BR"},{"@type":"Organization","@id":"https:\/\/www.suno.com.br\/noticias\/#organization","name":"Suno Not\u00edcias","url":"https:\/\/www.suno.com.br\/noticias\/","logo":{"@type":"ImageObject","inLanguage":"pt-BR","@id":"https:\/\/www.suno.com.br\/noticias\/#\/schema\/logo\/image\/","url":"https:\/\/files.sunoresearch.com.br\/n\/uploads\/2021\/09\/suno-logo.png","contentUrl":"https:\/\/files.sunoresearch.com.br\/n\/uploads\/2021\/09\/suno-logo.png","width":180,"height":180,"caption":"Suno Not\u00edcias"},"image":{"@id":"https:\/\/www.suno.com.br\/noticias\/#\/schema\/logo\/image\/"},"sameAs":["https:\/\/facebook.com\/sunoresearch","https:\/\/x.com\/sunoresearch","https:\/\/www.instagram.com\/suno","https:\/\/www.linkedin.com\/company\/suno-research\/","https:\/\/www.youtube.com\/c\/sunoresearch"]},{"@type":"Person","@id":"https:\/\/www.suno.com.br\/noticias\/#\/schema\/person\/60408fe05425d06f5564e57be6c1f9ea","name":"Felipe Areia","image":{"@type":"ImageObject","inLanguage":"pt-BR","@id":"https:\/\/www.suno.com.br\/noticias\/#\/schema\/person\/image\/","url":"https:\/\/secure.gravatar.com\/avatar\/3d7d3c14b1a794a3e8c9186dd9274852?s=96&r=g","contentUrl":"https:\/\/secure.gravatar.com\/avatar\/3d7d3c14b1a794a3e8c9186dd9274852?s=96&r=g","caption":"Felipe Areia"},"description":"Editor-chefe do Suno not\u00edcias, Felipe Areia possui mais de 10 anos de experi\u00eancia em jornalismo econ\u00f4mico e financeiro. Foi o respons\u00e1vel pela \u00e1rea de conte\u00fado do Investing.com Brasil.","url":"https:\/\/www.suno.com.br\/noticias\/author\/felipe-areia\/"}]}},"default_loop_html":"<div class=\"cardsPage__listCard__boxs\"><div class=\"cardsPage__listCard__boxs__img\"><a href=\"https:\/\/www.suno.com.br\/noticias\/vale-vale3-samarco-operar\/\"><img class=\"mask\" src=\"https:\/\/www.suno.com.br\/noticias\/wp-content\/themes\/suno\/resources\/images\/spotlight\/spotlight1img\/bg-mask.png\" alt=\"Image Mask\"\/><img src=\"https:\/\/files.sunoresearch.com.br\/n\/uploads\/2020\/12\/673d62cc-samarco-400x200.webp\" alt=\"Vale (VALE3): Samarco volta a operar cinco anos ap\u00f3s Mariana\"\/><\/a><span class=\"spotlightCategory\"><a href=\"https:\/\/www.suno.com.br\/noticias\/negocios\/\">Neg\u00f3cios<\/a><\/span><\/div><div class=\"cardsPage__listCard__boxs__content\"><a href=\"https:\/\/www.suno.com.br\/noticias\/vale-vale3-samarco-operar\/\"><h2 class=\"content__title\">Vale (VALE3): Samarco volta a operar cinco anos ap\u00f3s Mariana<\/h2><\/a><div class=\"newsContent__article__meta\"><div class=\"newsContent__article__meta__authorBox\"><a href=\"https:\/\/www.suno.com.br\/noticias\/author\/felipe-areia\/\" class=\"authorBox__avatar noMobi\"><img src=\"https:\/\/secure.gravatar.com\/avatar\/3d7d3c14b1a794a3e8c9186dd9274852?s=96&#038;r=g\" alt=\"Felipe Areia\"><\/a><div class=\"authorBox__name\"><span>por\n\t\t\t<a href=\"https:\/\/www.suno.com.br\/noticias\/author\/felipe-areia\/\"><span itemprop=\"author\">Felipe Areia<\/span><\/a><\/span><time datetime=\"2020-12-23T20:08:35-03:00\" itemprop=\"datePublished\">23\/12\/2020 20:08<\/time><\/div><\/div><\/div><\/div><\/div>","single_layout":"posts","amp_enabled":true,"_links":{"self":[{"href":"https:\/\/www.suno.com.br\/noticias\/wp-json\/wp\/v2\/posts\/110167"}],"collection":[{"href":"https:\/\/www.suno.com.br\/noticias\/wp-json\/wp\/v2\/posts"}],"about":[{"href":"https:\/\/www.suno.com.br\/noticias\/wp-json\/wp\/v2\/types\/post"}],"author":[{"embeddable":true,"href":"https:\/\/www.suno.com.br\/noticias\/wp-json\/wp\/v2\/users\/61"}],"replies":[{"embeddable":true,"href":"https:\/\/www.suno.com.br\/noticias\/wp-json\/wp\/v2\/comments?post=110167"}],"version-history":[{"count":0,"href":"https:\/\/www.suno.com.br\/noticias\/wp-json\/wp\/v2\/posts\/110167\/revisions"}],"wp:featuredmedia":[{"embeddable":true,"href":"https:\/\/www.suno.com.br\/noticias\/wp-json\/wp\/v2\/media\/110174"}],"wp:attachment":[{"href":"https:\/\/www.suno.com.br\/noticias\/wp-json\/wp\/v2\/media?parent=110167"}],"wp:term":[{"taxonomy":"category","embeddable":true,"href":"https:\/\/www.suno.com.br\/noticias\/wp-json\/wp\/v2\/categories?post=110167"},{"taxonomy":"post_tag","embeddable":true,"href":"https:\/\/www.suno.com.br\/noticias\/wp-json\/wp\/v2\/tags?post=110167"},{"taxonomy":"suno_strategy","embeddable":true,"href":"https:\/\/www.suno.com.br\/noticias\/wp-json\/wp\/v2\/suno_strategy?post=110167"}],"curies":[{"name":"wp","href":"https:\/\/api.w.org\/{rel}","templated":true}]}}