{"id":110069,"date":"2020-12-23T10:19:54","date_gmt":"2020-12-23T13:19:54","guid":{"rendered":"https:\/\/www.suno.com.br\/noticias\/?p=110069"},"modified":"2020-12-23T10:19:54","modified_gmt":"2020-12-23T13:19:54","slug":"carrefour-crfb3-aquisicao-makro","status":"publish","type":"post","link":"https:\/\/www.suno.com.br\/noticias\/carrefour-crfb3-aquisicao-makro\/","title":{"rendered":"Carrefour (CRFB3) conclui aquisi\u00e7\u00e3o de mais 3 unidades da Makro"},"content":{"rendered":"<p>O <a href=\"https:\/\/www.suno.com.br\/acoes\/crfb3\"><strong>Carrefour<\/strong> Brasil (CRFB3)<\/a> concluiu a aquisi\u00e7\u00e3o de mais <strong>duas lojas e um posto de combust\u00edvel<\/strong> da rede Makro.<\/p>\t<div class=\"wrapper-featured-image\">\n\t\t<figure class=\"spotlightImg\">\n\n\t\t\t<picture>\n\t\t\t\t<source media=\"(max-width: 768px)\" srcset=\"https:\/\/files.sunoresearch.com.br\/n\/uploads\/2020\/12\/db54539d-carrefour-400x200.webp\">\n\t\t\t\t<img loading=\"lazy\" decoding=\"async\" class=\"newsContent__article__imgCapa lazyloadDisabled \" src=\"https:\/\/files.sunoresearch.com.br\/n\/uploads\/2020\/12\/db54539d-carrefour-jpeg.webp\" width=\"800\" height=\"450\" alt=\"Carrefour (CRFB3) conclui aquisi\u00e7\u00e3o de mais 3 unidades da Makro\" fetchpriority=high \/>\n\t\t\t<\/picture>\n\n\t\t\t<figcaption class=\"wp-caption-text wp-caption-text--show\">Carrefour (CRFB3) conclui aquisi\u00e7\u00e3o de mais 3 unidades da Makro<\/figcaption>\n\t\t<\/figure>\n\t<\/div>\n\n\n<p><span data-sheets-value=\"{&quot;1&quot;:2,&quot;2&quot;:&quot;&quot;}\" data-sheets-userformat=\"{&quot;2&quot;:6723,&quot;3&quot;:{&quot;1&quot;:0},&quot;4&quot;:[null,2,16777215],&quot;9&quot;:0,&quot;12&quot;:0,&quot;14&quot;:[null,2,0],&quot;15&quot;:&quot;Arial&quot;}\">\t<p>\n\t\t<a href=\"https:\/\/lp.suno.com.br\/planilha-controle-gastos\/\" target=\"_blank\" data-element=\"shortcode-suno-banner\" title=\"Banner SUNO, clique e saiba mais\">\n\t\t\t<picture>\n\t\t\t\t<source media=\"(max-width: 500px)\" srcset=\"https:\/\/files.sunoresearch.com.br\/n\/uploads\/2023\/03\/400x300-Planilha-controle-de-gastos.png\">\n\t\t\t\t<img class=\"newsContent__article__imgCapa newsContent__article__imgCapa--banner\"\n\t\t\t\t\tsrc=\"https:\/\/files.sunoresearch.com.br\/n\/uploads\/2023\/03\/1420x240-Planilha-controle-de-gastos.png\"\n\t\t\t\t\tdata-promo-id=\"101751\"\t\t\t\t\t\t\t\t\t\twidth='1420' height='240'\t\t\t\t\talt=\"https:\/\/files.sunoresearch.com.br\/n\/uploads\/2023\/03\/1420x240-Planilha-controle-de-gastos.png\"\n\t\t\t\t>\n\t\t\t<\/picture>\n\t\t<\/a>\n\t<\/p>\n\n<\/span><\/p>\n<p>Em <a href=\"https:\/\/www.suno.com.br\/artigos\/fato-relevante\/\">fato relevante<\/a> arquivado na <a href=\"https:\/\/www.suno.com.br\/artigos\/cvm\/\">Comiss\u00e3o de Valores Mobili\u00e1rios (CVM)<\/a>, o Carrefour informou que uma das lojas \u00e9 pr\u00f3pria e outra alugada. As unidades ficam no Rio de Janeiro e Distrito Federal.<\/p>\n<p>Para selar a opera\u00e7\u00e3o, a\u00a0 varejista desembolsou <strong>R$ 96,509 milh\u00f5es<\/strong> ao Makro.<\/p>\n<p>Essa transfer\u00eancia de propriedades \u00e9 parte de uma negocia\u00e7\u00e3o ampla entre o Carrefour Brasil e a <strong>rede Makro<\/strong> para a aquisi\u00e7\u00e3o de 30 lojas e 14 postos de combust\u00edveis. O <a href=\"https:\/\/www.suno.com.br\/artigos\/cvm\/\">valor total \u00e9 de R$ 1,95 bilh\u00e3o.<\/a><\/p>\n<p><span data-sheets-value=\"{&quot;1&quot;:2,&quot;2&quot;:&quot;Suno One: acesse gratuitamente eBooks, Minicursos, Artigos e V\u00eddeo Aulas sobre investimentos com um \u00fanico cadastro. Clique para saber mais!&quot;}\" data-sheets-userformat=\"{&quot;2&quot;:1317699,&quot;3&quot;:{&quot;1&quot;:0},&quot;4&quot;:[null,2,16777215],&quot;9&quot;:0,&quot;11&quot;:4,&quot;12&quot;:0,&quot;14&quot;:[null,2,1136076],&quot;15&quot;:&quot;Arial&quot;,&quot;21&quot;:1,&quot;23&quot;:1}\" data-sheets-hyperlink=\"https:\/\/lp.suno.com.br\/suno-one\/\"><a class=\"in-cell-link\" href=\"https:\/\/lp.suno.com.br\/suno-one\/\" target=\"_blank\" rel=\"noopener noreferrer\">Suno One: acesse gratuitamente eBooks, Minicursos, Artigos e V\u00eddeo Aulas sobre investimentos com um \u00fanico cadastro. Clique para saber mais!<\/a><\/span><\/p>\n<p>At\u00e9 agora, j\u00e1 foram conclu\u00eddas as compras de 25 lojas (18 pr\u00f3prias e 7 alugadas) e 10 pontos de combust\u00edveis, com o desembolso de R$ 1,725 bilh\u00e3o.<\/p>\n<p>Veja o fato relevante publicado pelo Carrefour:<\/p>\n<p><iframe loading=\"lazy\" id=\"doc_5122\" class=\"scribd_iframe_embed\" title=\"Carrefour (CRFB3) conclui aquisi\u00e7\u00e3o de mais 3 unidades da Makro\" src=\"https:\/\/pt.scribd.com\/embeds\/488992360\/content?start_page=1&amp;view_mode=scroll&amp;access_key=key-X4r7Ewgw3hYjjk08MzNh\" width=\"600\" height=\"800\" frameborder=\"0\" scrolling=\"no\" data-auto-height=\"false\" data-aspect-ratio=\"0.7080062794348508\"><\/iframe><\/p>\n<p>&nbsp;<\/p>\n<p>Veja tamb\u00e9m:<\/p>\n<h2>Carrefour \u00e9 retirado de \u00edndice de sustentabilidade da S&amp;P Dow Jones<\/h2>\n<p>A S&amp;P Dow Jones Indices retirou nesta ter\u00e7a-feira (8) o\u00a0Carrefour Brasil de \u00edndice que re\u00fane a\u00e7\u00f5es de empresas comprometidas com <a href=\"https:\/\/www.suno.com.br\/artigos\/esg\/\">padr\u00f5es de consci\u00eancia ambiental, boa governan\u00e7a e postura social<\/a>. As informa\u00e7\u00f5es foram divulgadas pela ag\u00eancia\u00a0<em>Reuters<\/em>.<\/p>\n<p>A decis\u00e3o da\u00a0<a href=\"https:\/\/www.suno.com.br\/artigos\/joint-venture\/\">joint venture<\/a>\u00a0entre as companhias que realizam o\u00a0<a href=\"https:\/\/www.suno.com.br\/artigos\/sp-500\/\">S&amp;P 500<\/a>\u00a0e o\u00a0<a href=\"https:\/\/www.suno.com.br\/artigos\/indice-dow-jones-djia\/\">Dow Jones Industrial<\/a>\u00a0acontece depois de um esc\u00e2ndalo envolvendo\u00a0<strong>Jo\u00e3o Alberto Silveira Freitas<\/strong>, um homem negro espancado at\u00e9 morte em uma loja do Carrefour em Porto Alegre (RS). <a href=\"https:\/\/www.suno.com.br\/noticias\/carrefour-crfb3-retirado-indice-sustentabilidade\/\">Clique aqui e veja mais!<\/a><\/p>\n<p><span data-sheets-value=\"{&quot;1&quot;:2,&quot;2&quot;:&quot;\t&lt;p&gt;\n\t\t&lt;a href=&quot;https:\/\/lp.suno.com.br\/ebook-como-analisar-uma-acao\/&quot; target=&quot;_blank&quot; data-element=&quot;shortcode-suno-banner&quot; title=&quot;Banner SUNO, clique e saiba mais&quot;&gt;\n\t\t\t&lt;picture&gt;\n\t\t\t\t&lt;source media=&quot;(max-width: 500px)&quot; srcset=&quot;https:\/\/files.sunoresearch.com.br\/n\/uploads\/2023\/03\/Ebook-Acoes-Mobile.jpg&quot;&gt;\n\t\t\t\t&lt;img class=&quot;newsContent__article__imgCapa newsContent__article__imgCapa--banner&quot;\n\t\t\t\t\tsrc=&quot;https:\/\/files.sunoresearch.com.br\/n\/uploads\/2023\/03\/Ebook-Acoes-Desktop.jpg&quot;\n\t\t\t\t\tdata-promo-id=&quot;378302&quot;\t\t\t\t\t\t\t\t\t\twidth=&#039;1420&#039; height=&#039;286&#039;\t\t\t\t\talt=&quot;https:\/\/files.sunoresearch.com.br\/n\/uploads\/2023\/03\/Ebook-Acoes-Desktop.jpg&quot;\n\t\t\t\t&gt;\n\t\t\t&lt;\/picture&gt;\n\t\t&lt;\/a&gt;\n\t&lt;\/p&gt;\n\n&quot;}\" data-sheets-userformat=\"{&quot;2&quot;:6723,&quot;3&quot;:{&quot;1&quot;:0},&quot;4&quot;:[null,2,16777215],&quot;9&quot;:0,&quot;12&quot;:0,&quot;14&quot;:[null,2,0],&quot;15&quot;:&quot;Arial&quot;}\">\t<p>\n\t\t<a href=\"https:\/\/lp.suno.com.br\/ebook-como-analisar-uma-acao\/\" target=\"_blank\" data-element=\"shortcode-suno-banner\" title=\"Banner SUNO, clique e saiba mais\">\n\t\t\t<picture>\n\t\t\t\t<source media=\"(max-width: 500px)\" srcset=\"https:\/\/files.sunoresearch.com.br\/n\/uploads\/2023\/03\/Ebook-Acoes-Mobile.jpg\">\n\t\t\t\t<img class=\"newsContent__article__imgCapa newsContent__article__imgCapa--banner\"\n\t\t\t\t\tsrc=\"https:\/\/files.sunoresearch.com.br\/n\/uploads\/2023\/03\/Ebook-Acoes-Desktop.jpg\"\n\t\t\t\t\tdata-promo-id=\"378302\"\t\t\t\t\t\t\t\t\t\twidth='1420' height='286'\t\t\t\t\talt=\"https:\/\/files.sunoresearch.com.br\/n\/uploads\/2023\/03\/Ebook-Acoes-Desktop.jpg\"\n\t\t\t\t>\n\t\t\t<\/picture>\n\t\t<\/a>\n\t<\/p>\n\n<\/span><\/p>\n<h2 class=\"newsContent__article__title\">Varejista anuncia fim da terceiriza\u00e7\u00e3o de seguran\u00e7a<\/h2>\n<p>O Grupo Carrefour anunciou o fim da terceiriza\u00e7\u00e3o dos servi\u00e7os de seguran\u00e7a nas unidades do conglomerado.<\/p>\n<p>A decis\u00e3o do Carrefour foi tomada na esteira do assassinato de\u00a0<strong>Jo\u00e3o Alberto Silveira Freitas<\/strong>, 40 anos, espancado por dois seguran\u00e7as em uma filial do supermercado na zona norte de\u00a0<strong>Porto Alegre<\/strong>. A internaliza\u00e7\u00e3o dos servi\u00e7os segue um plano gradual elaborado a partir das proposi\u00e7\u00f5es apresentadas por um comit\u00ea externo e prev\u00ea a institui\u00e7\u00e3o de um projeto piloto em quatro unidades da capital ga\u00facha. <a href=\"https:\/\/www.suno.com.br\/noticias\/carrefour-crfb3-terceirizacao-seguranca\/\">Veja aqui mais sobre o assunto!<\/a><\/p>\n<h2 class=\"newsContent__article__title\">Goldman Sachs v\u00ea um \u201catraente ponto de entrada\u201d para o Carrefour (CRFB3)<\/h2>\n<p>O Goldman Sachs soltou um relat\u00f3rio nesta sexta-feira (4) avaliando que o desempenho negativo das a\u00e7\u00f5es do\u00a0Carrefour\u00a0Brasil (CRFB3)\u00a0nos \u00faltimos tr\u00eas meses criou um \u201catraente ponto de entrada\u201d.<\/p>\n<p>Na vis\u00e3o do grupo financeiro norte-americano, o <strong>Carrefour<\/strong> poderia comprar concorrentes e abocanhar mais\u00a0<a href=\"https:\/\/www.suno.com.br\/artigos\/market-share\/\">participa\u00e7\u00e3o de mercado<\/a> em um segmento ainda em parte fragmentado. <a href=\"https:\/\/www.suno.com.br\/noticias\/goldman-ponto-entrada-carrefour-crfb3\/\">Saiba mais sobre a avalia\u00e7\u00e3o do banco.<\/a><\/p>\n<p><span data-sheets-value=\"{&quot;1&quot;:2,&quot;2&quot;:&quot;&quot;}\" data-sheets-userformat=\"{&quot;2&quot;:513,&quot;3&quot;:{&quot;1&quot;:0},&quot;12&quot;:0}\">\t<p>\n\t\t<a href=\"https:\/\/lp.suno.com.br\/planilha-de-controle-de-investimentos\/\" target=\"_blank\" data-element=\"shortcode-suno-banner\" title=\"Banner SUNO, clique e saiba mais\">\n\t\t\t<picture>\n\t\t\t\t<source media=\"(max-width: 500px)\" srcset=\"https:\/\/files.sunoresearch.com.br\/n\/uploads\/2023\/03\/400x300-Controle-de-Investimentos.png\">\n\t\t\t\t<img class=\"newsContent__article__imgCapa newsContent__article__imgCapa--banner\"\n\t\t\t\t\tsrc=\"https:\/\/files.sunoresearch.com.br\/n\/uploads\/2023\/03\/1420x240-Controle-de-Investimentos.png\"\n\t\t\t\t\tdata-promo-id=\"75934\"\t\t\t\t\t\t\t\t\t\twidth='1420' height='240'\t\t\t\t\talt=\"https:\/\/files.sunoresearch.com.br\/n\/uploads\/2023\/03\/1420x240-Controle-de-Investimentos.png\"\n\t\t\t\t>\n\t\t\t<\/picture>\n\t\t<\/a>\n\t<\/p>\n\n<\/span><\/p>\n","protected":false},"excerpt":{"rendered":"<p>O Carrefour Brasil (CRFB3) concluiu a aquisi\u00e7\u00e3o de mais duas lojas e um posto de combust\u00edvel da rede Makro. Carrefour (CRFB3) conclui aquisi\u00e7\u00e3o de mais 3 unidades da Makro Em fato relevante arquivado na Comiss\u00e3o de Valores Mobili\u00e1rios (CVM), o Carrefour informou que uma das lojas \u00e9 pr\u00f3pria e outra alugada. As unidades ficam no [&hellip;]<\/p>\n","protected":false},"author":43,"featured_media":110088,"comment_status":"closed","ping_status":"closed","sticky":false,"template":"","format":"standard","meta":[],"categories":[64],"tags":[405,2616],"suno_strategy":[],"class_list":["post-110069","post","type-post","status-publish","format-standard","has-post-thumbnail","hentry","category-negocios","tag-carrefour-crfb3","tag-makro"],"yoast_head":"<!-- This site is optimized with the Yoast SEO plugin v24.4 - https:\/\/yoast.com\/wordpress\/plugins\/seo\/ -->\n<title>Carrefour (CRFB3) conclui aquisi\u00e7\u00e3o de mais 3 unidades da Makro<\/title>\n<meta name=\"description\" content=\"Carrefour d\u00e1 mais um passo na aquisi\u00e7\u00e3o das lojas e postos de combust\u00edveis da rede Makro. Clique aqui e saiba mais sobre a opera\u00e7\u00e3o!\" \/>\n<meta name=\"robots\" content=\"index, follow, max-snippet:-1, max-image-preview:large, max-video-preview:-1\" \/>\n<link rel=\"canonical\" href=\"https:\/\/www.suno.com.br\/noticias\/carrefour-crfb3-aquisicao-makro\/\" \/>\n<meta property=\"og:locale\" content=\"pt_BR\" \/>\n<meta property=\"og:type\" content=\"article\" \/>\n<meta property=\"og:title\" content=\"Carrefour (CRFB3) conclui aquisi\u00e7\u00e3o de mais 3 unidades da Makro\" \/>\n<meta property=\"og:description\" content=\"Carrefour d\u00e1 mais um passo na aquisi\u00e7\u00e3o das lojas e postos de combust\u00edveis da rede Makro. Clique aqui e saiba mais sobre a opera\u00e7\u00e3o!\" \/>\n<meta property=\"og:url\" content=\"https:\/\/www.suno.com.br\/noticias\/carrefour-crfb3-aquisicao-makro\/\" \/>\n<meta property=\"og:site_name\" content=\"Suno Not\u00edcias\" \/>\n<meta property=\"article:publisher\" content=\"https:\/\/facebook.com\/sunoresearch\" \/>\n<meta property=\"article:author\" content=\"https:\/\/www.facebook.com\/sunonoticias\/\" \/>\n<meta property=\"og:image\" content=\"https:\/\/files.sunoresearch.com.br\/n\/uploads\/2020\/12\/db54539d-carrefour.jpeg\" \/>\n\t<meta property=\"og:image:width\" content=\"800\" \/>\n\t<meta property=\"og:image:height\" content=\"450\" \/>\n\t<meta property=\"og:image:type\" content=\"image\/jpeg\" \/>\n<meta name=\"author\" content=\"Reda\u00e7\u00e3o Suno Not\u00edcias\" \/>\n<meta name=\"twitter:card\" content=\"summary_large_image\" \/>\n<meta name=\"twitter:creator\" content=\"@https:\/\/twitter.com\/sunoresearch\" \/>\n<meta name=\"twitter:site\" content=\"@sunoresearch\" \/>\n<meta name=\"twitter:label1\" content=\"Escrito por\" \/>\n\t<meta name=\"twitter:data1\" content=\"Reda\u00e7\u00e3o Suno Not\u00edcias\" \/>\n\t<meta name=\"twitter:label2\" content=\"Est. tempo de leitura\" \/>\n\t<meta name=\"twitter:data2\" content=\"2 minutos\" \/>\n<script type=\"application\/ld+json\" class=\"yoast-schema-graph\">{\"@context\":\"https:\/\/schema.org\",\"@graph\":[{\"@type\":\"NewsArticle\",\"@id\":\"https:\/\/www.suno.com.br\/noticias\/carrefour-crfb3-aquisicao-makro\/#article\",\"isPartOf\":{\"@id\":\"https:\/\/www.suno.com.br\/noticias\/carrefour-crfb3-aquisicao-makro\/\"},\"author\":{\"name\":\"Reda\u00e7\u00e3o Suno Not\u00edcias\",\"@id\":\"https:\/\/www.suno.com.br\/noticias\/#\/schema\/person\/c1b1bd3727fa852bd045e9dbff3673ea\"},\"headline\":\"Carrefour (CRFB3) conclui aquisi\u00e7\u00e3o de mais 3 unidades da Makro\",\"datePublished\":\"2020-12-23T13:19:54+00:00\",\"mainEntityOfPage\":{\"@id\":\"https:\/\/www.suno.com.br\/noticias\/carrefour-crfb3-aquisicao-makro\/\"},\"wordCount\":487,\"publisher\":{\"@id\":\"https:\/\/www.suno.com.br\/noticias\/#organization\"},\"image\":{\"@id\":\"https:\/\/www.suno.com.br\/noticias\/carrefour-crfb3-aquisicao-makro\/#primaryimage\"},\"thumbnailUrl\":\"https:\/\/files.sunoresearch.com.br\/n\/uploads\/2020\/12\/db54539d-carrefour-jpeg.webp\",\"keywords\":[\"Carrefour (CRFB3)\",\"Makro\"],\"articleSection\":[\"Neg\u00f3cios\"],\"inLanguage\":\"pt-BR\"},{\"@type\":\"WebPage\",\"@id\":\"https:\/\/www.suno.com.br\/noticias\/carrefour-crfb3-aquisicao-makro\/\",\"url\":\"https:\/\/www.suno.com.br\/noticias\/carrefour-crfb3-aquisicao-makro\/\",\"name\":\"Carrefour (CRFB3) conclui aquisi\u00e7\u00e3o de mais 3 unidades da Makro\",\"isPartOf\":{\"@id\":\"https:\/\/www.suno.com.br\/noticias\/#website\"},\"primaryImageOfPage\":{\"@id\":\"https:\/\/www.suno.com.br\/noticias\/carrefour-crfb3-aquisicao-makro\/#primaryimage\"},\"image\":{\"@id\":\"https:\/\/www.suno.com.br\/noticias\/carrefour-crfb3-aquisicao-makro\/#primaryimage\"},\"thumbnailUrl\":\"https:\/\/files.sunoresearch.com.br\/n\/uploads\/2020\/12\/db54539d-carrefour-jpeg.webp\",\"datePublished\":\"2020-12-23T13:19:54+00:00\",\"description\":\"Carrefour d\u00e1 mais um passo na aquisi\u00e7\u00e3o das lojas e postos de combust\u00edveis da rede Makro. Clique aqui e saiba mais sobre a opera\u00e7\u00e3o!\",\"breadcrumb\":{\"@id\":\"https:\/\/www.suno.com.br\/noticias\/carrefour-crfb3-aquisicao-makro\/#breadcrumb\"},\"inLanguage\":\"pt-BR\",\"potentialAction\":[{\"@type\":\"ReadAction\",\"target\":[\"https:\/\/www.suno.com.br\/noticias\/carrefour-crfb3-aquisicao-makro\/\"]}]},{\"@type\":\"ImageObject\",\"inLanguage\":\"pt-BR\",\"@id\":\"https:\/\/www.suno.com.br\/noticias\/carrefour-crfb3-aquisicao-makro\/#primaryimage\",\"url\":\"https:\/\/files.sunoresearch.com.br\/n\/uploads\/2020\/12\/db54539d-carrefour-jpeg.webp\",\"contentUrl\":\"https:\/\/files.sunoresearch.com.br\/n\/uploads\/2020\/12\/db54539d-carrefour-jpeg.webp\",\"width\":800,\"height\":450,\"caption\":\"Carrefour (CRFB3) conclui aquisi\u00e7\u00e3o de mais 3 unidades da Makro\"},{\"@type\":\"BreadcrumbList\",\"@id\":\"https:\/\/www.suno.com.br\/noticias\/carrefour-crfb3-aquisicao-makro\/#breadcrumb\",\"itemListElement\":[{\"@type\":\"ListItem\",\"position\":1,\"name\":\"Not\u00edcias\",\"item\":\"https:\/\/www.suno.com.br\/noticias\/\"},{\"@type\":\"ListItem\",\"position\":2,\"name\":\"Neg\u00f3cios\",\"item\":\"https:\/\/www.suno.com.br\/noticias\/negocios\/\"},{\"@type\":\"ListItem\",\"position\":3,\"name\":\"Carrefour (CRFB3) conclui aquisi\u00e7\u00e3o de mais 3 unidades da Makro\"}]},{\"@type\":\"WebSite\",\"@id\":\"https:\/\/www.suno.com.br\/noticias\/#website\",\"url\":\"https:\/\/www.suno.com.br\/noticias\/\",\"name\":\"Suno Not\u00edcias\",\"description\":\"Seu portal de informa\u00e7\u00e3o sobre o mundo dos investimentos\",\"publisher\":{\"@id\":\"https:\/\/www.suno.com.br\/noticias\/#organization\"},\"potentialAction\":[{\"@type\":\"SearchAction\",\"target\":{\"@type\":\"EntryPoint\",\"urlTemplate\":\"https:\/\/www.suno.com.br\/noticias\/?s={search_term_string}\"},\"query-input\":{\"@type\":\"PropertyValueSpecification\",\"valueRequired\":true,\"valueName\":\"search_term_string\"}}],\"inLanguage\":\"pt-BR\"},{\"@type\":\"Organization\",\"@id\":\"https:\/\/www.suno.com.br\/noticias\/#organization\",\"name\":\"Suno Not\u00edcias\",\"url\":\"https:\/\/www.suno.com.br\/noticias\/\",\"logo\":{\"@type\":\"ImageObject\",\"inLanguage\":\"pt-BR\",\"@id\":\"https:\/\/www.suno.com.br\/noticias\/#\/schema\/logo\/image\/\",\"url\":\"https:\/\/files.sunoresearch.com.br\/n\/uploads\/2021\/09\/suno-logo.png\",\"contentUrl\":\"https:\/\/files.sunoresearch.com.br\/n\/uploads\/2021\/09\/suno-logo.png\",\"width\":180,\"height\":180,\"caption\":\"Suno Not\u00edcias\"},\"image\":{\"@id\":\"https:\/\/www.suno.com.br\/noticias\/#\/schema\/logo\/image\/\"},\"sameAs\":[\"https:\/\/facebook.com\/sunoresearch\",\"https:\/\/x.com\/sunoresearch\",\"https:\/\/www.instagram.com\/suno\",\"https:\/\/www.linkedin.com\/company\/suno-research\/\",\"https:\/\/www.youtube.com\/c\/sunoresearch\"]},{\"@type\":\"Person\",\"@id\":\"https:\/\/www.suno.com.br\/noticias\/#\/schema\/person\/c1b1bd3727fa852bd045e9dbff3673ea\",\"name\":\"Reda\u00e7\u00e3o Suno Not\u00edcias\",\"image\":{\"@type\":\"ImageObject\",\"inLanguage\":\"pt-BR\",\"@id\":\"https:\/\/www.suno.com.br\/noticias\/#\/schema\/person\/image\/\",\"url\":\"https:\/\/secure.gravatar.com\/avatar\/b8104b9b5a71985d5238ee59fbe418af?s=96&r=g\",\"contentUrl\":\"https:\/\/secure.gravatar.com\/avatar\/b8104b9b5a71985d5238ee59fbe418af?s=96&r=g\",\"caption\":\"Reda\u00e7\u00e3o Suno Not\u00edcias\"},\"description\":\"O Suno Not\u00edcias \u00e9 um portal de informa\u00e7\u00f5es sobre Mercado Financeiro, Pol\u00edtica, Neg\u00f3cios, Economia e Finan\u00e7as Pessoais.\",\"sameAs\":[\"https:\/\/www.suno.com.br\/noticias\",\"https:\/\/www.facebook.com\/sunonoticias\/\",\"https:\/\/www.instagram.com\/sunonoticias\/\",\"https:\/\/x.com\/https:\/\/twitter.com\/sunoresearch\",\"https:\/\/www.youtube.com\/sunonoticias\"],\"url\":\"https:\/\/www.suno.com.br\/noticias\/author\/redacao-suno\/\"}]}<\/script>\n<!-- \/ Yoast SEO plugin. -->","yoast_head_json":{"title":"Carrefour (CRFB3) conclui aquisi\u00e7\u00e3o de mais 3 unidades da Makro","description":"Carrefour d\u00e1 mais um passo na aquisi\u00e7\u00e3o das lojas e postos de combust\u00edveis da rede Makro. Clique aqui e saiba mais sobre a opera\u00e7\u00e3o!","robots":{"index":"index","follow":"follow","max-snippet":"max-snippet:-1","max-image-preview":"max-image-preview:large","max-video-preview":"max-video-preview:-1"},"canonical":"https:\/\/www.suno.com.br\/noticias\/carrefour-crfb3-aquisicao-makro\/","og_locale":"pt_BR","og_type":"article","og_title":"Carrefour (CRFB3) conclui aquisi\u00e7\u00e3o de mais 3 unidades da Makro","og_description":"Carrefour d\u00e1 mais um passo na aquisi\u00e7\u00e3o das lojas e postos de combust\u00edveis da rede Makro. Clique aqui e saiba mais sobre a opera\u00e7\u00e3o!","og_url":"https:\/\/www.suno.com.br\/noticias\/carrefour-crfb3-aquisicao-makro\/","og_site_name":"Suno Not\u00edcias","article_publisher":"https:\/\/facebook.com\/sunoresearch","article_author":"https:\/\/www.facebook.com\/sunonoticias\/","og_image":[{"width":800,"height":450,"url":"https:\/\/files.sunoresearch.com.br\/n\/uploads\/2020\/12\/db54539d-carrefour.jpeg","type":"image\/jpeg"}],"author":"Reda\u00e7\u00e3o Suno Not\u00edcias","twitter_card":"summary_large_image","twitter_creator":"@https:\/\/twitter.com\/sunoresearch","twitter_site":"@sunoresearch","twitter_misc":{"Escrito por":"Reda\u00e7\u00e3o Suno Not\u00edcias","Est. tempo de leitura":"2 minutos"},"schema":{"@context":"https:\/\/schema.org","@graph":[{"@type":"NewsArticle","@id":"https:\/\/www.suno.com.br\/noticias\/carrefour-crfb3-aquisicao-makro\/#article","isPartOf":{"@id":"https:\/\/www.suno.com.br\/noticias\/carrefour-crfb3-aquisicao-makro\/"},"author":{"name":"Reda\u00e7\u00e3o Suno Not\u00edcias","@id":"https:\/\/www.suno.com.br\/noticias\/#\/schema\/person\/c1b1bd3727fa852bd045e9dbff3673ea"},"headline":"Carrefour (CRFB3) conclui aquisi\u00e7\u00e3o de mais 3 unidades da Makro","datePublished":"2020-12-23T13:19:54+00:00","mainEntityOfPage":{"@id":"https:\/\/www.suno.com.br\/noticias\/carrefour-crfb3-aquisicao-makro\/"},"wordCount":487,"publisher":{"@id":"https:\/\/www.suno.com.br\/noticias\/#organization"},"image":{"@id":"https:\/\/www.suno.com.br\/noticias\/carrefour-crfb3-aquisicao-makro\/#primaryimage"},"thumbnailUrl":"https:\/\/files.sunoresearch.com.br\/n\/uploads\/2020\/12\/db54539d-carrefour-jpeg.webp","keywords":["Carrefour (CRFB3)","Makro"],"articleSection":["Neg\u00f3cios"],"inLanguage":"pt-BR"},{"@type":"WebPage","@id":"https:\/\/www.suno.com.br\/noticias\/carrefour-crfb3-aquisicao-makro\/","url":"https:\/\/www.suno.com.br\/noticias\/carrefour-crfb3-aquisicao-makro\/","name":"Carrefour (CRFB3) conclui aquisi\u00e7\u00e3o de mais 3 unidades da Makro","isPartOf":{"@id":"https:\/\/www.suno.com.br\/noticias\/#website"},"primaryImageOfPage":{"@id":"https:\/\/www.suno.com.br\/noticias\/carrefour-crfb3-aquisicao-makro\/#primaryimage"},"image":{"@id":"https:\/\/www.suno.com.br\/noticias\/carrefour-crfb3-aquisicao-makro\/#primaryimage"},"thumbnailUrl":"https:\/\/files.sunoresearch.com.br\/n\/uploads\/2020\/12\/db54539d-carrefour-jpeg.webp","datePublished":"2020-12-23T13:19:54+00:00","description":"Carrefour d\u00e1 mais um passo na aquisi\u00e7\u00e3o das lojas e postos de combust\u00edveis da rede Makro. Clique aqui e saiba mais sobre a opera\u00e7\u00e3o!","breadcrumb":{"@id":"https:\/\/www.suno.com.br\/noticias\/carrefour-crfb3-aquisicao-makro\/#breadcrumb"},"inLanguage":"pt-BR","potentialAction":[{"@type":"ReadAction","target":["https:\/\/www.suno.com.br\/noticias\/carrefour-crfb3-aquisicao-makro\/"]}]},{"@type":"ImageObject","inLanguage":"pt-BR","@id":"https:\/\/www.suno.com.br\/noticias\/carrefour-crfb3-aquisicao-makro\/#primaryimage","url":"https:\/\/files.sunoresearch.com.br\/n\/uploads\/2020\/12\/db54539d-carrefour-jpeg.webp","contentUrl":"https:\/\/files.sunoresearch.com.br\/n\/uploads\/2020\/12\/db54539d-carrefour-jpeg.webp","width":800,"height":450,"caption":"Carrefour (CRFB3) conclui aquisi\u00e7\u00e3o de mais 3 unidades da Makro"},{"@type":"BreadcrumbList","@id":"https:\/\/www.suno.com.br\/noticias\/carrefour-crfb3-aquisicao-makro\/#breadcrumb","itemListElement":[{"@type":"ListItem","position":1,"name":"Not\u00edcias","item":"https:\/\/www.suno.com.br\/noticias\/"},{"@type":"ListItem","position":2,"name":"Neg\u00f3cios","item":"https:\/\/www.suno.com.br\/noticias\/negocios\/"},{"@type":"ListItem","position":3,"name":"Carrefour (CRFB3) conclui aquisi\u00e7\u00e3o de mais 3 unidades da Makro"}]},{"@type":"WebSite","@id":"https:\/\/www.suno.com.br\/noticias\/#website","url":"https:\/\/www.suno.com.br\/noticias\/","name":"Suno Not\u00edcias","description":"Seu portal de informa\u00e7\u00e3o sobre o mundo dos investimentos","publisher":{"@id":"https:\/\/www.suno.com.br\/noticias\/#organization"},"potentialAction":[{"@type":"SearchAction","target":{"@type":"EntryPoint","urlTemplate":"https:\/\/www.suno.com.br\/noticias\/?s={search_term_string}"},"query-input":{"@type":"PropertyValueSpecification","valueRequired":true,"valueName":"search_term_string"}}],"inLanguage":"pt-BR"},{"@type":"Organization","@id":"https:\/\/www.suno.com.br\/noticias\/#organization","name":"Suno Not\u00edcias","url":"https:\/\/www.suno.com.br\/noticias\/","logo":{"@type":"ImageObject","inLanguage":"pt-BR","@id":"https:\/\/www.suno.com.br\/noticias\/#\/schema\/logo\/image\/","url":"https:\/\/files.sunoresearch.com.br\/n\/uploads\/2021\/09\/suno-logo.png","contentUrl":"https:\/\/files.sunoresearch.com.br\/n\/uploads\/2021\/09\/suno-logo.png","width":180,"height":180,"caption":"Suno Not\u00edcias"},"image":{"@id":"https:\/\/www.suno.com.br\/noticias\/#\/schema\/logo\/image\/"},"sameAs":["https:\/\/facebook.com\/sunoresearch","https:\/\/x.com\/sunoresearch","https:\/\/www.instagram.com\/suno","https:\/\/www.linkedin.com\/company\/suno-research\/","https:\/\/www.youtube.com\/c\/sunoresearch"]},{"@type":"Person","@id":"https:\/\/www.suno.com.br\/noticias\/#\/schema\/person\/c1b1bd3727fa852bd045e9dbff3673ea","name":"Reda\u00e7\u00e3o Suno Not\u00edcias","image":{"@type":"ImageObject","inLanguage":"pt-BR","@id":"https:\/\/www.suno.com.br\/noticias\/#\/schema\/person\/image\/","url":"https:\/\/secure.gravatar.com\/avatar\/b8104b9b5a71985d5238ee59fbe418af?s=96&r=g","contentUrl":"https:\/\/secure.gravatar.com\/avatar\/b8104b9b5a71985d5238ee59fbe418af?s=96&r=g","caption":"Reda\u00e7\u00e3o Suno Not\u00edcias"},"description":"O Suno Not\u00edcias \u00e9 um portal de informa\u00e7\u00f5es sobre Mercado Financeiro, Pol\u00edtica, Neg\u00f3cios, Economia e Finan\u00e7as Pessoais.","sameAs":["https:\/\/www.suno.com.br\/noticias","https:\/\/www.facebook.com\/sunonoticias\/","https:\/\/www.instagram.com\/sunonoticias\/","https:\/\/x.com\/https:\/\/twitter.com\/sunoresearch","https:\/\/www.youtube.com\/sunonoticias"],"url":"https:\/\/www.suno.com.br\/noticias\/author\/redacao-suno\/"}]}},"default_loop_html":"<div class=\"cardsPage__listCard__boxs\"><div class=\"cardsPage__listCard__boxs__img\"><a href=\"https:\/\/www.suno.com.br\/noticias\/carrefour-crfb3-aquisicao-makro\/\"><img class=\"mask\" src=\"https:\/\/www.suno.com.br\/noticias\/wp-content\/themes\/suno\/resources\/images\/spotlight\/spotlight1img\/bg-mask.png\" alt=\"Image Mask\"\/><img src=\"https:\/\/files.sunoresearch.com.br\/n\/uploads\/2020\/12\/db54539d-carrefour-400x200.webp\" alt=\"Carrefour (CRFB3) conclui aquisi\u00e7\u00e3o de mais 3 unidades da Makro\"\/><\/a><span class=\"spotlightCategory\"><a href=\"https:\/\/www.suno.com.br\/noticias\/negocios\/\">Neg\u00f3cios<\/a><\/span><\/div><div class=\"cardsPage__listCard__boxs__content\"><a href=\"https:\/\/www.suno.com.br\/noticias\/carrefour-crfb3-aquisicao-makro\/\"><h2 class=\"content__title\">Carrefour (CRFB3) conclui aquisi\u00e7\u00e3o de mais 3 unidades da Makro<\/h2><\/a><div class=\"newsContent__article__meta\"><div class=\"newsContent__article__meta__authorBox\"><a href=\"https:\/\/www.suno.com.br\/noticias\/author\/redacao-suno\/\" class=\"authorBox__avatar noMobi\"><img src=\"https:\/\/files.sunoresearch.com.br\/n\/uploads\/2020\/08\/0ace682d-redacao-1-150x150.webp\" alt=\"Reda\u00e7\u00e3o Suno Not\u00edcias\"><\/a><div class=\"authorBox__name\"><span>por\n\t\t\t<a href=\"https:\/\/www.suno.com.br\/noticias\/author\/redacao-suno\/\"><span itemprop=\"author\">Reda\u00e7\u00e3o Suno Not\u00edcias<\/span><\/a><\/span><time datetime=\"2020-12-23T10:19:54-03:00\" itemprop=\"datePublished\">23\/12\/2020 10:19<\/time><\/div><\/div><\/div><\/div><\/div>","single_layout":"posts","amp_enabled":true,"_links":{"self":[{"href":"https:\/\/www.suno.com.br\/noticias\/wp-json\/wp\/v2\/posts\/110069"}],"collection":[{"href":"https:\/\/www.suno.com.br\/noticias\/wp-json\/wp\/v2\/posts"}],"about":[{"href":"https:\/\/www.suno.com.br\/noticias\/wp-json\/wp\/v2\/types\/post"}],"author":[{"embeddable":true,"href":"https:\/\/www.suno.com.br\/noticias\/wp-json\/wp\/v2\/users\/43"}],"replies":[{"embeddable":true,"href":"https:\/\/www.suno.com.br\/noticias\/wp-json\/wp\/v2\/comments?post=110069"}],"version-history":[{"count":0,"href":"https:\/\/www.suno.com.br\/noticias\/wp-json\/wp\/v2\/posts\/110069\/revisions"}],"wp:featuredmedia":[{"embeddable":true,"href":"https:\/\/www.suno.com.br\/noticias\/wp-json\/wp\/v2\/media\/110088"}],"wp:attachment":[{"href":"https:\/\/www.suno.com.br\/noticias\/wp-json\/wp\/v2\/media?parent=110069"}],"wp:term":[{"taxonomy":"category","embeddable":true,"href":"https:\/\/www.suno.com.br\/noticias\/wp-json\/wp\/v2\/categories?post=110069"},{"taxonomy":"post_tag","embeddable":true,"href":"https:\/\/www.suno.com.br\/noticias\/wp-json\/wp\/v2\/tags?post=110069"},{"taxonomy":"suno_strategy","embeddable":true,"href":"https:\/\/www.suno.com.br\/noticias\/wp-json\/wp\/v2\/suno_strategy?post=110069"}],"curies":[{"name":"wp","href":"https:\/\/api.w.org\/{rel}","templated":true}]}}