{"id":109953,"date":"2020-12-22T10:56:54","date_gmt":"2020-12-22T13:56:54","guid":{"rendered":"https:\/\/www.suno.com.br\/noticias\/?p=109953"},"modified":"2020-12-22T10:56:54","modified_gmt":"2020-12-22T13:56:54","slug":"confianca-do-consumidor-cai-32-pontos-em-dezembro-a-785-pontos","status":"publish","type":"post","link":"https:\/\/www.suno.com.br\/noticias\/confianca-do-consumidor-cai-32-pontos-em-dezembro-a-785-pontos\/","title":{"rendered":"Confian\u00e7a do consumidor cai 3,2 pontos em dezembro, a 78,5 pontos"},"content":{"rendered":"<p>O \u00edndice de <a href=\"https:\/\/www.suno.com.br\/artigos\/confianca-do-consumidor\/\"><strong>confian\u00e7a do consumidor<\/strong><\/a> cedeu 3,2 pontos em dezembro, na compara\u00e7\u00e3o com o m\u00eas anterior, para 78,5 pontos. O levantamento com ajuste sazonal \u00e9 feito pela Funda\u00e7\u00e3o Getulio Vargas (FGV), que mostra o terceiro m\u00eas consecutivo de queda.<\/p>\t<div class=\"wrapper-featured-image\">\n\t\t<figure class=\"spotlightImg\">\n\n\t\t\t<picture>\n\t\t\t\t<source media=\"(max-width: 768px)\" srcset=\"https:\/\/files.sunoresearch.com.br\/n\/uploads\/2020\/12\/9e900cfa-confianca-do-consumidor-400x200.webp\">\n\t\t\t\t<img loading=\"lazy\" decoding=\"async\" class=\"newsContent__article__imgCapa lazyloadDisabled \" src=\"https:\/\/files.sunoresearch.com.br\/n\/uploads\/2020\/12\/9e900cfa-confianca-do-consumidor-jpg.webp\" width=\"800\" height=\"450\" alt=\"Confian\u00e7a do consumidor cai 3,2 pontos em dezembro, a 78,5 pontos\" fetchpriority=high \/>\n\t\t\t<\/picture>\n\n\t\t\t<figcaption class=\"wp-caption-text wp-caption-text--show\">Confian\u00e7a do consumidor cai 3,2 pontos em dezembro ante novembro, a 78,5 pontos<\/figcaption>\n\t\t<\/figure>\n\t<\/div>\n\n\n<p><span data-sheets-value=\"{&quot;1&quot;:2,&quot;2&quot;:&quot;&quot;}\" data-sheets-userformat=\"{&quot;2&quot;:6723,&quot;3&quot;:{&quot;1&quot;:0},&quot;4&quot;:[null,2,16777215],&quot;9&quot;:0,&quot;12&quot;:0,&quot;14&quot;:[null,2,0],&quot;15&quot;:&quot;Arial&quot;}\">\t<p>\n\t\t<a href=\"https:\/\/lp.suno.com.br\/planilha-controle-gastos\/\" target=\"_blank\" data-element=\"shortcode-suno-banner\" title=\"Banner SUNO, clique e saiba mais\">\n\t\t\t<picture>\n\t\t\t\t<source media=\"(max-width: 500px)\" srcset=\"https:\/\/files.sunoresearch.com.br\/n\/uploads\/2023\/03\/400x300-Planilha-controle-de-gastos.png\">\n\t\t\t\t<img class=\"newsContent__article__imgCapa newsContent__article__imgCapa--banner\"\n\t\t\t\t\tsrc=\"https:\/\/files.sunoresearch.com.br\/n\/uploads\/2023\/03\/1420x240-Planilha-controle-de-gastos.png\"\n\t\t\t\t\tdata-promo-id=\"101751\"\t\t\t\t\t\t\t\t\t\twidth='1420' height='240'\t\t\t\t\talt=\"https:\/\/files.sunoresearch.com.br\/n\/uploads\/2023\/03\/1420x240-Planilha-controle-de-gastos.png\"\n\t\t\t\t>\n\t\t\t<\/picture>\n\t\t<\/a>\n\t<\/p>\n\n<\/span><\/p>\n<p>&#8220;A terceira queda consecutiva da confian\u00e7a dos consumidores decorre de piora tanto da satisfa\u00e7\u00e3o dos consumidores com o presente quanto das expectativas em rela\u00e7\u00e3o aos pr\u00f3ximos meses. Diante de uma <strong>segunda onda de covid-19<\/strong>, fim dos<strong> benef\u00edcios emergenciais e desemprego elevado<\/strong>, os consumidores, principalmente os de menor poder aquisitivo, sinalizam que continuar\u00e3o contendo consumo. O comportamento mais cauteloso est\u00e1 relacionado principalmente a uma percep\u00e7\u00e3o de dificuldade de se obter emprego: 97,5% dos consumidores avaliam que est\u00e1 dif\u00edcil obter emprego no momento, fazendo com que o indicador atinja o menor n\u00edvel dos \u00faltimos 16 anos. A despeito da aproxima\u00e7\u00e3o do in\u00edcio das campanhas de vacina\u00e7\u00e3o, o consumidor continua desanimado em rela\u00e7\u00e3o a 2021&#8243;, avaliou Viviane Seda Bittencourt, coordenadora das Sondagens do Instituto Brasileiro de Economia da FGV (Ibre\/FGV), em nota oficial.<\/p>\n<p>O \u00edndice de confian\u00e7a do consumidor \u00e9 formado pela avalia\u00e7\u00e3o da situa\u00e7\u00e3o atual e a perspectiva do consumidor para o futuro.<\/p>\n<p><span data-sheets-value=\"{&quot;1&quot;:2,&quot;2&quot;:&quot;Suno One: acesse gratuitamente eBooks, Minicursos, Artigos e V\u00eddeo Aulas sobre investimentos com um \u00fanico cadastro. Clique para saber mais!&quot;}\" data-sheets-userformat=\"{&quot;2&quot;:1317699,&quot;3&quot;:{&quot;1&quot;:0},&quot;4&quot;:[null,2,16777215],&quot;9&quot;:0,&quot;11&quot;:4,&quot;12&quot;:0,&quot;14&quot;:{&quot;1&quot;:2,&quot;2&quot;:1136076},&quot;15&quot;:&quot;Arial&quot;,&quot;21&quot;:1,&quot;23&quot;:1}\" data-sheets-hyperlink=\"https:\/\/lp.suno.com.br\/suno-one\/\"><a class=\"in-cell-link\" href=\"https:\/\/lp.suno.com.br\/suno-one\/\" target=\"_blank\" rel=\"noopener noreferrer\">Suno One: acesse gratuitamente eBooks, Minicursos, Artigos e V\u00eddeo Aulas sobre investimentos com um \u00fanico cadastro. Clique para saber mais!<\/a><\/span><\/p>\n<p>O <strong>\u00cdndice de Situa\u00e7\u00e3o Atual (ISA)<\/strong> recuou 2,1 pontos, para 69,7 pontos, com destaque para a queda na percep\u00e7\u00e3o em rela\u00e7\u00e3o ao comportamento da economia, que ficou no menor n\u00edvel desde julho. A percep\u00e7\u00e3o sobre as finan\u00e7as da fam\u00edlia cedeu 2,6 pontos para 65,9 pontos.<\/p>\n<p>No <strong>\u00edndice de expectativas (IE)<\/strong>, componente da confian\u00e7a do consumidor, recuou 3,7 pontos para 85,6 pontos. O maior destaque foi o recuo das perspectivas sobre as finan\u00e7as das fam\u00edlias que perdeu 5,8 pontos, para 87,4 pontos, o menor valor desde junho de 2020. O \u00edmpeto de compras de bens de consumo dur\u00e1veis para os pr\u00f3ximos meses teve retra\u00e7\u00e3o de 5,8 pontos, para 63,7 pontos.<\/p>\n<p><span data-sheets-value=\"{&quot;1&quot;:2,&quot;2&quot;:&quot;\t&lt;p&gt;\n\t\t&lt;a href=&quot;https:\/\/lp.suno.com.br\/ebook-como-analisar-uma-acao\/&quot; target=&quot;_blank&quot; data-element=&quot;shortcode-suno-banner&quot; title=&quot;Banner SUNO, clique e saiba mais&quot;&gt;\n\t\t\t&lt;picture&gt;\n\t\t\t\t&lt;source media=&quot;(max-width: 500px)&quot; srcset=&quot;https:\/\/files.sunoresearch.com.br\/n\/uploads\/2023\/03\/Ebook-Acoes-Mobile.jpg&quot;&gt;\n\t\t\t\t&lt;img class=&quot;newsContent__article__imgCapa newsContent__article__imgCapa--banner&quot;\n\t\t\t\t\tsrc=&quot;https:\/\/files.sunoresearch.com.br\/n\/uploads\/2023\/03\/Ebook-Acoes-Desktop.jpg&quot;\n\t\t\t\t\tdata-promo-id=&quot;378302&quot;\t\t\t\t\t\t\t\t\t\twidth=&#039;1420&#039; height=&#039;286&#039;\t\t\t\t\talt=&quot;https:\/\/files.sunoresearch.com.br\/n\/uploads\/2023\/03\/Ebook-Acoes-Desktop.jpg&quot;\n\t\t\t\t&gt;\n\t\t\t&lt;\/picture&gt;\n\t\t&lt;\/a&gt;\n\t&lt;\/p&gt;\n\n&quot;}\" data-sheets-userformat=\"{&quot;2&quot;:6723,&quot;3&quot;:{&quot;1&quot;:0},&quot;4&quot;:[null,2,16777215],&quot;9&quot;:0,&quot;12&quot;:0,&quot;14&quot;:[null,2,0],&quot;15&quot;:&quot;Arial&quot;}\">\t<p>\n\t\t<a href=\"https:\/\/lp.suno.com.br\/ebook-como-analisar-uma-acao\/\" target=\"_blank\" data-element=\"shortcode-suno-banner\" title=\"Banner SUNO, clique e saiba mais\">\n\t\t\t<picture>\n\t\t\t\t<source media=\"(max-width: 500px)\" srcset=\"https:\/\/files.sunoresearch.com.br\/n\/uploads\/2023\/03\/Ebook-Acoes-Mobile.jpg\">\n\t\t\t\t<img class=\"newsContent__article__imgCapa newsContent__article__imgCapa--banner\"\n\t\t\t\t\tsrc=\"https:\/\/files.sunoresearch.com.br\/n\/uploads\/2023\/03\/Ebook-Acoes-Desktop.jpg\"\n\t\t\t\t\tdata-promo-id=\"378302\"\t\t\t\t\t\t\t\t\t\twidth='1420' height='286'\t\t\t\t\talt=\"https:\/\/files.sunoresearch.com.br\/n\/uploads\/2023\/03\/Ebook-Acoes-Desktop.jpg\"\n\t\t\t\t>\n\t\t\t<\/picture>\n\t\t<\/a>\n\t<\/p>\n\n<\/span><\/p>\n<p>Entre as faixas de renda, a confian\u00e7a aumentou apenas entre as fam\u00edlias mais ricas, que recebem mais de R$ 9,6 mil mensais: a confian\u00e7a nesse grupo subiu 1,2 ponto em dezembro, depois de cair 3,1 pontos em novembro. As fam\u00edlias de menor poder aquisitivo tiveram um recuo de 8,7 pontos na confian\u00e7a em dezembro, influenciado pela piora na avalia\u00e7\u00e3o da situa\u00e7\u00e3o financeira das fam\u00edlias.<\/p>\n<p>A Sondagem do Consumidor, que gera o \u00edndice de <strong>confian\u00e7a do consumidor<\/strong>, coletou informa\u00e7\u00f5es de 1.840 domic\u00edlios, com entrevistas entre os dias 30 de novembro e 17 de dezembro.<\/p>\n<p><span data-sheets-value=\"{&quot;1&quot;:2,&quot;2&quot;:&quot;&quot;}\" data-sheets-userformat=\"{&quot;2&quot;:513,&quot;3&quot;:{&quot;1&quot;:0},&quot;12&quot;:0}\">\t<p>\n\t\t<a href=\"https:\/\/lp.suno.com.br\/planilha-de-controle-de-investimentos\/\" target=\"_blank\" data-element=\"shortcode-suno-banner\" title=\"Banner SUNO, clique e saiba mais\">\n\t\t\t<picture>\n\t\t\t\t<source media=\"(max-width: 500px)\" srcset=\"https:\/\/files.sunoresearch.com.br\/n\/uploads\/2023\/03\/400x300-Controle-de-Investimentos.png\">\n\t\t\t\t<img class=\"newsContent__article__imgCapa newsContent__article__imgCapa--banner\"\n\t\t\t\t\tsrc=\"https:\/\/files.sunoresearch.com.br\/n\/uploads\/2023\/03\/1420x240-Controle-de-Investimentos.png\"\n\t\t\t\t\tdata-promo-id=\"75934\"\t\t\t\t\t\t\t\t\t\twidth='1420' height='240'\t\t\t\t\talt=\"https:\/\/files.sunoresearch.com.br\/n\/uploads\/2023\/03\/1420x240-Controle-de-Investimentos.png\"\n\t\t\t\t>\n\t\t\t<\/picture>\n\t\t<\/a>\n\t<\/p>\n\n<\/span><\/p>\n","protected":false},"excerpt":{"rendered":"<p>O \u00edndice de confian\u00e7a do consumidor cedeu 3,2 pontos em dezembro, na compara\u00e7\u00e3o com o m\u00eas anterior, para 78,5 pontos. O levantamento com ajuste sazonal \u00e9 feito pela Funda\u00e7\u00e3o Getulio Vargas (FGV), que mostra o terceiro m\u00eas consecutivo de queda. Confian\u00e7a do consumidor cai 3,2 pontos em dezembro ante novembro, a 78,5 pontos &#8220;A terceira [&hellip;]<\/p>\n","protected":false},"author":43,"featured_media":109979,"comment_status":"closed","ping_status":"closed","sticky":false,"template":"","format":"standard","meta":[],"categories":[62],"tags":[10832,797],"suno_strategy":[],"class_list":["post-109953","post","type-post","status-publish","format-standard","has-post-thumbnail","hentry","category-economia","tag-confianca-do-consumidor","tag-fgv"],"yoast_head":"<!-- This site is optimized with the Yoast SEO plugin v24.4 - https:\/\/yoast.com\/wordpress\/plugins\/seo\/ -->\n<title>Confian\u00e7a do consumidor cai 3,2 pontos em dezembro, a 78,5 pontos<\/title>\n<meta name=\"description\" content=\"Levantamento da FGV mostra que a confian\u00e7a do consumidor recuou pelo terceiro m\u00eas consecutivo. Clique e veja mais sobre o \u00edndice!\" \/>\n<meta name=\"robots\" content=\"index, follow, max-snippet:-1, max-image-preview:large, max-video-preview:-1\" \/>\n<link rel=\"canonical\" href=\"https:\/\/www.suno.com.br\/noticias\/confianca-do-consumidor-cai-32-pontos-em-dezembro-a-785-pontos\/\" \/>\n<meta property=\"og:locale\" content=\"pt_BR\" \/>\n<meta property=\"og:type\" content=\"article\" \/>\n<meta property=\"og:title\" content=\"Confian\u00e7a do consumidor cai 3,2 pontos em dezembro, a 78,5 pontos\" \/>\n<meta property=\"og:description\" content=\"Levantamento da FGV mostra que a confian\u00e7a do consumidor recuou pelo terceiro m\u00eas consecutivo. Clique e veja mais sobre o \u00edndice!\" \/>\n<meta property=\"og:url\" content=\"https:\/\/www.suno.com.br\/noticias\/confianca-do-consumidor-cai-32-pontos-em-dezembro-a-785-pontos\/\" \/>\n<meta property=\"og:site_name\" content=\"Suno Not\u00edcias\" \/>\n<meta property=\"article:publisher\" content=\"https:\/\/facebook.com\/sunoresearch\" \/>\n<meta property=\"article:author\" content=\"https:\/\/www.facebook.com\/sunonoticias\/\" \/>\n<meta property=\"og:image\" content=\"https:\/\/files.sunoresearch.com.br\/n\/uploads\/2020\/12\/9e900cfa-confianca-do-consumidor.jpg\" \/>\n\t<meta property=\"og:image:width\" content=\"800\" \/>\n\t<meta property=\"og:image:height\" content=\"450\" \/>\n\t<meta property=\"og:image:type\" content=\"image\/jpeg\" \/>\n<meta name=\"author\" content=\"Reda\u00e7\u00e3o Suno Not\u00edcias\" \/>\n<meta name=\"twitter:card\" content=\"summary_large_image\" \/>\n<meta name=\"twitter:creator\" content=\"@https:\/\/twitter.com\/sunoresearch\" \/>\n<meta name=\"twitter:site\" content=\"@sunoresearch\" \/>\n<meta name=\"twitter:label1\" content=\"Escrito por\" \/>\n\t<meta name=\"twitter:data1\" content=\"Reda\u00e7\u00e3o Suno Not\u00edcias\" \/>\n\t<meta name=\"twitter:label2\" content=\"Est. tempo de leitura\" \/>\n\t<meta name=\"twitter:data2\" content=\"2 minutos\" \/>\n<script type=\"application\/ld+json\" class=\"yoast-schema-graph\">{\"@context\":\"https:\/\/schema.org\",\"@graph\":[{\"@type\":\"NewsArticle\",\"@id\":\"https:\/\/www.suno.com.br\/noticias\/confianca-do-consumidor-cai-32-pontos-em-dezembro-a-785-pontos\/#article\",\"isPartOf\":{\"@id\":\"https:\/\/www.suno.com.br\/noticias\/confianca-do-consumidor-cai-32-pontos-em-dezembro-a-785-pontos\/\"},\"author\":{\"name\":\"Reda\u00e7\u00e3o Suno Not\u00edcias\",\"@id\":\"https:\/\/www.suno.com.br\/noticias\/#\/schema\/person\/c1b1bd3727fa852bd045e9dbff3673ea\"},\"headline\":\"Confian\u00e7a do consumidor cai 3,2 pontos em dezembro, a 78,5 pontos\",\"datePublished\":\"2020-12-22T13:56:54+00:00\",\"mainEntityOfPage\":{\"@id\":\"https:\/\/www.suno.com.br\/noticias\/confianca-do-consumidor-cai-32-pontos-em-dezembro-a-785-pontos\/\"},\"wordCount\":466,\"publisher\":{\"@id\":\"https:\/\/www.suno.com.br\/noticias\/#organization\"},\"image\":{\"@id\":\"https:\/\/www.suno.com.br\/noticias\/confianca-do-consumidor-cai-32-pontos-em-dezembro-a-785-pontos\/#primaryimage\"},\"thumbnailUrl\":\"https:\/\/files.sunoresearch.com.br\/n\/uploads\/2020\/12\/9e900cfa-confianca-do-consumidor-jpg.webp\",\"keywords\":[\"confian\u00e7a do consumidor\",\"FGV\"],\"articleSection\":[\"Economia\"],\"inLanguage\":\"pt-BR\"},{\"@type\":\"WebPage\",\"@id\":\"https:\/\/www.suno.com.br\/noticias\/confianca-do-consumidor-cai-32-pontos-em-dezembro-a-785-pontos\/\",\"url\":\"https:\/\/www.suno.com.br\/noticias\/confianca-do-consumidor-cai-32-pontos-em-dezembro-a-785-pontos\/\",\"name\":\"Confian\u00e7a do consumidor cai 3,2 pontos em dezembro, a 78,5 pontos\",\"isPartOf\":{\"@id\":\"https:\/\/www.suno.com.br\/noticias\/#website\"},\"primaryImageOfPage\":{\"@id\":\"https:\/\/www.suno.com.br\/noticias\/confianca-do-consumidor-cai-32-pontos-em-dezembro-a-785-pontos\/#primaryimage\"},\"image\":{\"@id\":\"https:\/\/www.suno.com.br\/noticias\/confianca-do-consumidor-cai-32-pontos-em-dezembro-a-785-pontos\/#primaryimage\"},\"thumbnailUrl\":\"https:\/\/files.sunoresearch.com.br\/n\/uploads\/2020\/12\/9e900cfa-confianca-do-consumidor-jpg.webp\",\"datePublished\":\"2020-12-22T13:56:54+00:00\",\"description\":\"Levantamento da FGV mostra que a confian\u00e7a do consumidor recuou pelo terceiro m\u00eas consecutivo. Clique e veja mais sobre o \u00edndice!\",\"breadcrumb\":{\"@id\":\"https:\/\/www.suno.com.br\/noticias\/confianca-do-consumidor-cai-32-pontos-em-dezembro-a-785-pontos\/#breadcrumb\"},\"inLanguage\":\"pt-BR\",\"potentialAction\":[{\"@type\":\"ReadAction\",\"target\":[\"https:\/\/www.suno.com.br\/noticias\/confianca-do-consumidor-cai-32-pontos-em-dezembro-a-785-pontos\/\"]}]},{\"@type\":\"ImageObject\",\"inLanguage\":\"pt-BR\",\"@id\":\"https:\/\/www.suno.com.br\/noticias\/confianca-do-consumidor-cai-32-pontos-em-dezembro-a-785-pontos\/#primaryimage\",\"url\":\"https:\/\/files.sunoresearch.com.br\/n\/uploads\/2020\/12\/9e900cfa-confianca-do-consumidor-jpg.webp\",\"contentUrl\":\"https:\/\/files.sunoresearch.com.br\/n\/uploads\/2020\/12\/9e900cfa-confianca-do-consumidor-jpg.webp\",\"width\":800,\"height\":450,\"caption\":\"Confian\u00e7a do consumidor cai 3,2 pontos em dezembro ante novembro, a 78,5 pontos\"},{\"@type\":\"BreadcrumbList\",\"@id\":\"https:\/\/www.suno.com.br\/noticias\/confianca-do-consumidor-cai-32-pontos-em-dezembro-a-785-pontos\/#breadcrumb\",\"itemListElement\":[{\"@type\":\"ListItem\",\"position\":1,\"name\":\"Not\u00edcias\",\"item\":\"https:\/\/www.suno.com.br\/noticias\/\"},{\"@type\":\"ListItem\",\"position\":2,\"name\":\"Economia\",\"item\":\"https:\/\/www.suno.com.br\/noticias\/economia\/\"},{\"@type\":\"ListItem\",\"position\":3,\"name\":\"Confian\u00e7a do consumidor cai 3,2 pontos em dezembro, a 78,5 pontos\"}]},{\"@type\":\"WebSite\",\"@id\":\"https:\/\/www.suno.com.br\/noticias\/#website\",\"url\":\"https:\/\/www.suno.com.br\/noticias\/\",\"name\":\"Suno Not\u00edcias\",\"description\":\"Seu portal de informa\u00e7\u00e3o sobre o mundo dos investimentos\",\"publisher\":{\"@id\":\"https:\/\/www.suno.com.br\/noticias\/#organization\"},\"potentialAction\":[{\"@type\":\"SearchAction\",\"target\":{\"@type\":\"EntryPoint\",\"urlTemplate\":\"https:\/\/www.suno.com.br\/noticias\/?s={search_term_string}\"},\"query-input\":{\"@type\":\"PropertyValueSpecification\",\"valueRequired\":true,\"valueName\":\"search_term_string\"}}],\"inLanguage\":\"pt-BR\"},{\"@type\":\"Organization\",\"@id\":\"https:\/\/www.suno.com.br\/noticias\/#organization\",\"name\":\"Suno Not\u00edcias\",\"url\":\"https:\/\/www.suno.com.br\/noticias\/\",\"logo\":{\"@type\":\"ImageObject\",\"inLanguage\":\"pt-BR\",\"@id\":\"https:\/\/www.suno.com.br\/noticias\/#\/schema\/logo\/image\/\",\"url\":\"https:\/\/files.sunoresearch.com.br\/n\/uploads\/2021\/09\/suno-logo.png\",\"contentUrl\":\"https:\/\/files.sunoresearch.com.br\/n\/uploads\/2021\/09\/suno-logo.png\",\"width\":180,\"height\":180,\"caption\":\"Suno Not\u00edcias\"},\"image\":{\"@id\":\"https:\/\/www.suno.com.br\/noticias\/#\/schema\/logo\/image\/\"},\"sameAs\":[\"https:\/\/facebook.com\/sunoresearch\",\"https:\/\/x.com\/sunoresearch\",\"https:\/\/www.instagram.com\/suno\",\"https:\/\/www.linkedin.com\/company\/suno-research\/\",\"https:\/\/www.youtube.com\/c\/sunoresearch\"]},{\"@type\":\"Person\",\"@id\":\"https:\/\/www.suno.com.br\/noticias\/#\/schema\/person\/c1b1bd3727fa852bd045e9dbff3673ea\",\"name\":\"Reda\u00e7\u00e3o Suno Not\u00edcias\",\"image\":{\"@type\":\"ImageObject\",\"inLanguage\":\"pt-BR\",\"@id\":\"https:\/\/www.suno.com.br\/noticias\/#\/schema\/person\/image\/\",\"url\":\"https:\/\/secure.gravatar.com\/avatar\/b8104b9b5a71985d5238ee59fbe418af?s=96&r=g\",\"contentUrl\":\"https:\/\/secure.gravatar.com\/avatar\/b8104b9b5a71985d5238ee59fbe418af?s=96&r=g\",\"caption\":\"Reda\u00e7\u00e3o Suno Not\u00edcias\"},\"description\":\"O Suno Not\u00edcias \u00e9 um portal de informa\u00e7\u00f5es sobre Mercado Financeiro, Pol\u00edtica, Neg\u00f3cios, Economia e Finan\u00e7as Pessoais.\",\"sameAs\":[\"https:\/\/www.suno.com.br\/noticias\",\"https:\/\/www.facebook.com\/sunonoticias\/\",\"https:\/\/www.instagram.com\/sunonoticias\/\",\"https:\/\/x.com\/https:\/\/twitter.com\/sunoresearch\",\"https:\/\/www.youtube.com\/sunonoticias\"],\"url\":\"https:\/\/www.suno.com.br\/noticias\/author\/redacao-suno\/\"}]}<\/script>\n<!-- \/ Yoast SEO plugin. -->","yoast_head_json":{"title":"Confian\u00e7a do consumidor cai 3,2 pontos em dezembro, a 78,5 pontos","description":"Levantamento da FGV mostra que a confian\u00e7a do consumidor recuou pelo terceiro m\u00eas consecutivo. Clique e veja mais sobre o \u00edndice!","robots":{"index":"index","follow":"follow","max-snippet":"max-snippet:-1","max-image-preview":"max-image-preview:large","max-video-preview":"max-video-preview:-1"},"canonical":"https:\/\/www.suno.com.br\/noticias\/confianca-do-consumidor-cai-32-pontos-em-dezembro-a-785-pontos\/","og_locale":"pt_BR","og_type":"article","og_title":"Confian\u00e7a do consumidor cai 3,2 pontos em dezembro, a 78,5 pontos","og_description":"Levantamento da FGV mostra que a confian\u00e7a do consumidor recuou pelo terceiro m\u00eas consecutivo. Clique e veja mais sobre o \u00edndice!","og_url":"https:\/\/www.suno.com.br\/noticias\/confianca-do-consumidor-cai-32-pontos-em-dezembro-a-785-pontos\/","og_site_name":"Suno Not\u00edcias","article_publisher":"https:\/\/facebook.com\/sunoresearch","article_author":"https:\/\/www.facebook.com\/sunonoticias\/","og_image":[{"width":800,"height":450,"url":"https:\/\/files.sunoresearch.com.br\/n\/uploads\/2020\/12\/9e900cfa-confianca-do-consumidor.jpg","type":"image\/jpeg"}],"author":"Reda\u00e7\u00e3o Suno Not\u00edcias","twitter_card":"summary_large_image","twitter_creator":"@https:\/\/twitter.com\/sunoresearch","twitter_site":"@sunoresearch","twitter_misc":{"Escrito por":"Reda\u00e7\u00e3o Suno Not\u00edcias","Est. tempo de leitura":"2 minutos"},"schema":{"@context":"https:\/\/schema.org","@graph":[{"@type":"NewsArticle","@id":"https:\/\/www.suno.com.br\/noticias\/confianca-do-consumidor-cai-32-pontos-em-dezembro-a-785-pontos\/#article","isPartOf":{"@id":"https:\/\/www.suno.com.br\/noticias\/confianca-do-consumidor-cai-32-pontos-em-dezembro-a-785-pontos\/"},"author":{"name":"Reda\u00e7\u00e3o Suno Not\u00edcias","@id":"https:\/\/www.suno.com.br\/noticias\/#\/schema\/person\/c1b1bd3727fa852bd045e9dbff3673ea"},"headline":"Confian\u00e7a do consumidor cai 3,2 pontos em dezembro, a 78,5 pontos","datePublished":"2020-12-22T13:56:54+00:00","mainEntityOfPage":{"@id":"https:\/\/www.suno.com.br\/noticias\/confianca-do-consumidor-cai-32-pontos-em-dezembro-a-785-pontos\/"},"wordCount":466,"publisher":{"@id":"https:\/\/www.suno.com.br\/noticias\/#organization"},"image":{"@id":"https:\/\/www.suno.com.br\/noticias\/confianca-do-consumidor-cai-32-pontos-em-dezembro-a-785-pontos\/#primaryimage"},"thumbnailUrl":"https:\/\/files.sunoresearch.com.br\/n\/uploads\/2020\/12\/9e900cfa-confianca-do-consumidor-jpg.webp","keywords":["confian\u00e7a do consumidor","FGV"],"articleSection":["Economia"],"inLanguage":"pt-BR"},{"@type":"WebPage","@id":"https:\/\/www.suno.com.br\/noticias\/confianca-do-consumidor-cai-32-pontos-em-dezembro-a-785-pontos\/","url":"https:\/\/www.suno.com.br\/noticias\/confianca-do-consumidor-cai-32-pontos-em-dezembro-a-785-pontos\/","name":"Confian\u00e7a do consumidor cai 3,2 pontos em dezembro, a 78,5 pontos","isPartOf":{"@id":"https:\/\/www.suno.com.br\/noticias\/#website"},"primaryImageOfPage":{"@id":"https:\/\/www.suno.com.br\/noticias\/confianca-do-consumidor-cai-32-pontos-em-dezembro-a-785-pontos\/#primaryimage"},"image":{"@id":"https:\/\/www.suno.com.br\/noticias\/confianca-do-consumidor-cai-32-pontos-em-dezembro-a-785-pontos\/#primaryimage"},"thumbnailUrl":"https:\/\/files.sunoresearch.com.br\/n\/uploads\/2020\/12\/9e900cfa-confianca-do-consumidor-jpg.webp","datePublished":"2020-12-22T13:56:54+00:00","description":"Levantamento da FGV mostra que a confian\u00e7a do consumidor recuou pelo terceiro m\u00eas consecutivo. Clique e veja mais sobre o \u00edndice!","breadcrumb":{"@id":"https:\/\/www.suno.com.br\/noticias\/confianca-do-consumidor-cai-32-pontos-em-dezembro-a-785-pontos\/#breadcrumb"},"inLanguage":"pt-BR","potentialAction":[{"@type":"ReadAction","target":["https:\/\/www.suno.com.br\/noticias\/confianca-do-consumidor-cai-32-pontos-em-dezembro-a-785-pontos\/"]}]},{"@type":"ImageObject","inLanguage":"pt-BR","@id":"https:\/\/www.suno.com.br\/noticias\/confianca-do-consumidor-cai-32-pontos-em-dezembro-a-785-pontos\/#primaryimage","url":"https:\/\/files.sunoresearch.com.br\/n\/uploads\/2020\/12\/9e900cfa-confianca-do-consumidor-jpg.webp","contentUrl":"https:\/\/files.sunoresearch.com.br\/n\/uploads\/2020\/12\/9e900cfa-confianca-do-consumidor-jpg.webp","width":800,"height":450,"caption":"Confian\u00e7a do consumidor cai 3,2 pontos em dezembro ante novembro, a 78,5 pontos"},{"@type":"BreadcrumbList","@id":"https:\/\/www.suno.com.br\/noticias\/confianca-do-consumidor-cai-32-pontos-em-dezembro-a-785-pontos\/#breadcrumb","itemListElement":[{"@type":"ListItem","position":1,"name":"Not\u00edcias","item":"https:\/\/www.suno.com.br\/noticias\/"},{"@type":"ListItem","position":2,"name":"Economia","item":"https:\/\/www.suno.com.br\/noticias\/economia\/"},{"@type":"ListItem","position":3,"name":"Confian\u00e7a do consumidor cai 3,2 pontos em dezembro, a 78,5 pontos"}]},{"@type":"WebSite","@id":"https:\/\/www.suno.com.br\/noticias\/#website","url":"https:\/\/www.suno.com.br\/noticias\/","name":"Suno Not\u00edcias","description":"Seu portal de informa\u00e7\u00e3o sobre o mundo dos investimentos","publisher":{"@id":"https:\/\/www.suno.com.br\/noticias\/#organization"},"potentialAction":[{"@type":"SearchAction","target":{"@type":"EntryPoint","urlTemplate":"https:\/\/www.suno.com.br\/noticias\/?s={search_term_string}"},"query-input":{"@type":"PropertyValueSpecification","valueRequired":true,"valueName":"search_term_string"}}],"inLanguage":"pt-BR"},{"@type":"Organization","@id":"https:\/\/www.suno.com.br\/noticias\/#organization","name":"Suno Not\u00edcias","url":"https:\/\/www.suno.com.br\/noticias\/","logo":{"@type":"ImageObject","inLanguage":"pt-BR","@id":"https:\/\/www.suno.com.br\/noticias\/#\/schema\/logo\/image\/","url":"https:\/\/files.sunoresearch.com.br\/n\/uploads\/2021\/09\/suno-logo.png","contentUrl":"https:\/\/files.sunoresearch.com.br\/n\/uploads\/2021\/09\/suno-logo.png","width":180,"height":180,"caption":"Suno Not\u00edcias"},"image":{"@id":"https:\/\/www.suno.com.br\/noticias\/#\/schema\/logo\/image\/"},"sameAs":["https:\/\/facebook.com\/sunoresearch","https:\/\/x.com\/sunoresearch","https:\/\/www.instagram.com\/suno","https:\/\/www.linkedin.com\/company\/suno-research\/","https:\/\/www.youtube.com\/c\/sunoresearch"]},{"@type":"Person","@id":"https:\/\/www.suno.com.br\/noticias\/#\/schema\/person\/c1b1bd3727fa852bd045e9dbff3673ea","name":"Reda\u00e7\u00e3o Suno Not\u00edcias","image":{"@type":"ImageObject","inLanguage":"pt-BR","@id":"https:\/\/www.suno.com.br\/noticias\/#\/schema\/person\/image\/","url":"https:\/\/secure.gravatar.com\/avatar\/b8104b9b5a71985d5238ee59fbe418af?s=96&r=g","contentUrl":"https:\/\/secure.gravatar.com\/avatar\/b8104b9b5a71985d5238ee59fbe418af?s=96&r=g","caption":"Reda\u00e7\u00e3o Suno Not\u00edcias"},"description":"O Suno Not\u00edcias \u00e9 um portal de informa\u00e7\u00f5es sobre Mercado Financeiro, Pol\u00edtica, Neg\u00f3cios, Economia e Finan\u00e7as Pessoais.","sameAs":["https:\/\/www.suno.com.br\/noticias","https:\/\/www.facebook.com\/sunonoticias\/","https:\/\/www.instagram.com\/sunonoticias\/","https:\/\/x.com\/https:\/\/twitter.com\/sunoresearch","https:\/\/www.youtube.com\/sunonoticias"],"url":"https:\/\/www.suno.com.br\/noticias\/author\/redacao-suno\/"}]}},"default_loop_html":"<div class=\"cardsPage__listCard__boxs\"><div class=\"cardsPage__listCard__boxs__img\"><a href=\"https:\/\/www.suno.com.br\/noticias\/confianca-do-consumidor-cai-32-pontos-em-dezembro-a-785-pontos\/\"><img class=\"mask\" src=\"https:\/\/www.suno.com.br\/noticias\/wp-content\/themes\/suno\/resources\/images\/spotlight\/spotlight1img\/bg-mask.png\" alt=\"Image Mask\"\/><img src=\"https:\/\/files.sunoresearch.com.br\/n\/uploads\/2020\/12\/9e900cfa-confianca-do-consumidor-400x200.webp\" alt=\"Confian\u00e7a do consumidor cai 3,2 pontos em dezembro, a 78,5 pontos\"\/><\/a><span class=\"spotlightCategory\"><a href=\"https:\/\/www.suno.com.br\/noticias\/economia\/\">Economia<\/a><\/span><\/div><div class=\"cardsPage__listCard__boxs__content\"><a href=\"https:\/\/www.suno.com.br\/noticias\/confianca-do-consumidor-cai-32-pontos-em-dezembro-a-785-pontos\/\"><h2 class=\"content__title\">Confian\u00e7a do consumidor cai 3,2 pontos em dezembro, a 78,5 pontos<\/h2><\/a><div class=\"newsContent__article__meta\"><div class=\"newsContent__article__meta__authorBox\"><a href=\"https:\/\/www.suno.com.br\/noticias\/author\/redacao-suno\/\" class=\"authorBox__avatar noMobi\"><img src=\"https:\/\/files.sunoresearch.com.br\/n\/uploads\/2020\/08\/0ace682d-redacao-1-150x150.webp\" alt=\"Reda\u00e7\u00e3o Suno Not\u00edcias\"><\/a><div class=\"authorBox__name\"><span>por\n\t\t\t<a href=\"https:\/\/www.suno.com.br\/noticias\/author\/redacao-suno\/\"><span itemprop=\"author\">Reda\u00e7\u00e3o Suno Not\u00edcias<\/span><\/a><\/span><time datetime=\"2020-12-22T10:56:54-03:00\" itemprop=\"datePublished\">22\/12\/2020 10:56<\/time><\/div><\/div><\/div><\/div><\/div>","single_layout":"posts","amp_enabled":true,"_links":{"self":[{"href":"https:\/\/www.suno.com.br\/noticias\/wp-json\/wp\/v2\/posts\/109953"}],"collection":[{"href":"https:\/\/www.suno.com.br\/noticias\/wp-json\/wp\/v2\/posts"}],"about":[{"href":"https:\/\/www.suno.com.br\/noticias\/wp-json\/wp\/v2\/types\/post"}],"author":[{"embeddable":true,"href":"https:\/\/www.suno.com.br\/noticias\/wp-json\/wp\/v2\/users\/43"}],"replies":[{"embeddable":true,"href":"https:\/\/www.suno.com.br\/noticias\/wp-json\/wp\/v2\/comments?post=109953"}],"version-history":[{"count":1,"href":"https:\/\/www.suno.com.br\/noticias\/wp-json\/wp\/v2\/posts\/109953\/revisions"}],"predecessor-version":[{"id":185600,"href":"https:\/\/www.suno.com.br\/noticias\/wp-json\/wp\/v2\/posts\/109953\/revisions\/185600"}],"wp:featuredmedia":[{"embeddable":true,"href":"https:\/\/www.suno.com.br\/noticias\/wp-json\/wp\/v2\/media\/109979"}],"wp:attachment":[{"href":"https:\/\/www.suno.com.br\/noticias\/wp-json\/wp\/v2\/media?parent=109953"}],"wp:term":[{"taxonomy":"category","embeddable":true,"href":"https:\/\/www.suno.com.br\/noticias\/wp-json\/wp\/v2\/categories?post=109953"},{"taxonomy":"post_tag","embeddable":true,"href":"https:\/\/www.suno.com.br\/noticias\/wp-json\/wp\/v2\/tags?post=109953"},{"taxonomy":"suno_strategy","embeddable":true,"href":"https:\/\/www.suno.com.br\/noticias\/wp-json\/wp\/v2\/suno_strategy?post=109953"}],"curies":[{"name":"wp","href":"https:\/\/api.w.org\/{rel}","templated":true}]}}