{"id":10994,"date":"2019-01-09T17:27:42","date_gmt":"2019-01-09T19:27:42","guid":{"rendered":"https:\/\/www.suno.com.br\/noticias\/?p=10994"},"modified":"2019-01-09T18:14:24","modified_gmt":"2019-01-09T20:14:24","slug":"seguindo-tendencia-de-otimismo-dolar-cai-e-fecha-cotado-a-r-3688","status":"publish","type":"post","link":"https:\/\/www.suno.com.br\/noticias\/seguindo-tendencia-de-otimismo-dolar-cai-e-fecha-cotado-a-r-3688\/","title":{"rendered":"Puxado pela Reforma da Previd\u00eancia, d\u00f3lar cai e fecha cotado a R$ 3,688"},"content":{"rendered":"<p>O <strong>d\u00f3lar<\/strong> fechou est\u00e1 quarta-feira (09) com mais uma queda. Desta vez, a moeda recuou\u00a00,746 %, sendo cotada a R$ 3,6878 na venda.<\/p>\t<div class=\"wrapper-featured-image\">\n\t\t<figure class=\"spotlightImg\">\n\n\t\t\t<picture>\n\t\t\t\t<source media=\"(max-width: 768px)\" srcset=\"https:\/\/files.sunoresearch.com.br\/n\/uploads\/2018\/09\/ecce51ed-dolar-400x200.webp\">\n\t\t\t\t<img loading=\"lazy\" decoding=\"async\" class=\"newsContent__article__imgCapa lazyloadDisabled newsContent__article__imgCapa--noCaption\" src=\"https:\/\/files.sunoresearch.com.br\/n\/uploads\/2018\/09\/ecce51ed-dolar-800x450.webp\" width=\"800\" height=\"450\" alt=\"Puxado pela Reforma da Previd\u00eancia, d\u00f3lar cai e fecha cotado a R$ 3,688\" fetchpriority=high \/>\n\t\t\t<\/picture>\n\n\t\t\t<figcaption class=\"wp-caption-text wp-caption-text--hide\">D\u00f3lar encerra em queda de 2,243%, cotado em R$ 5,318<\/figcaption>\n\t\t<\/figure>\n\t<\/div>\n\n\n<p>A m\u00e1xima da moeda norte-americana foi registrada nas primeira horas do dia, onde estava cotada a R$ 3,7072. Durante a\u00a0tarde, o <strong>d\u00f3lar<\/strong> atingiu a m\u00ednima de R$ 3,6773.<\/p>\n<h2>Cen\u00e1rio Interno<\/h2>\n<p><strong>Pacto Global de Imigra\u00e7\u00e3o:\u00a0<\/strong>o presidente Jair Bolsonaro voltou a atacar nesta quarta-feira (09) o Pacto Global de Imigra\u00e7\u00e3o das Organiza\u00e7\u00f5es das Na\u00e7\u00f5es Unidas (ONU). De acordo com o presidente, o Brasil \u00e9 soberano para decidir &#8220;quem entra e quem sai&#8221; do Pa\u00eds. &#8220;N\u00e3o \u00e9 qualquer um que entra em nossa casa&#8221;, afirmou Bolsonaro em sua conta no Twiter. Dessa forma, o Brasil segue a pol\u00edtica adotada por Donald Trump de se retirar do pacto.<\/p>\n<p><a href=\"https:\/\/www.suno.com.br\/noticias\/bolsnaro-criticas-pacto-onu\/\">Bolsonaro faz cr\u00edticas ao Pacto Global de Migra\u00e7\u00e3o da ONU<\/a><\/p>\n<h2><strong>Reforma da Previd\u00eancia<\/strong><\/h2>\n<p>O mercado est\u00e1 otimista com o avan\u00e7o da Reforma da Previd\u00eancia. Na \u00faltima ter\u00e7a-feira (08), o ministro da Economia, Paulo Guedes, disse que o governo pretende incluir um regime de capitaliza\u00e7\u00e3o na Reforma. O texto dever\u00e1 ser encaminhado para o Congresso em fevereiro.<\/p>\n<p>&#8220;Eu acho que um sistema de capitaliza\u00e7\u00e3o, como estamos desenhando, \u00e9 algo bastante mais robusto. \u00c9 mais dif\u00edcil, o custo de transi\u00e7\u00e3o \u00e9 alto. Mas estamos trabalhando para as futuras gera\u00e7\u00f5es&#8221;, afirmou Guedes.<\/p>\n<p>Nesta quarta-feira (09), o ministro da Casa Civil, Onyx Lorenzoni, disse que planeja apresentar na pr\u00f3xima semana um novo projeto completo da reforma.\u00a0Em entrevista \u00e0 r\u00e1dio Jovem Pan, Onyx explicou que a inten\u00e7\u00e3o do governo \u00e9 apresentar pacote \u00fanico da <strong>reforma da Previd\u00eancia<\/strong> ao Congresso.<\/p>\n<p><a href=\"https:\/\/www.suno.com.br\/noticias\/reforma-previdencia-onyx\/\">Bolsonaro decidir\u00e1 reforma da Previd\u00eancia na semana que vem, diz Onyx<\/a><\/p>\n<h2>Cen\u00e1rio Externo<\/h2>\n<p><strong>Guerra comercial<\/strong>:\u00a0as negocia\u00e7\u00f5es para o fim da guerra comercial envolvendo China e Estados Unidos terminaram nesta quarta-feira (09) com possibilidade de acordo. As tratativas se iniciaram na \u00faltima segunda-feira (07) e tinham previs\u00e3o de terminar na \u00faltima ter\u00e7a-feira (08). Entretanto, por causa da complexidade dos assuntos tratados, foram prorrogadas at\u00e9 esta quarta-feira (09).<\/p>\n<p><a href=\"https:\/\/www.suno.com.br\/noticias\/china-eua-negociacoes-acordo\/\">Saiba mais: Negocia\u00e7\u00f5es entre EUA e China terminam com possibilidade de acordo<\/a><\/p>\n<p><strong>Paralisa\u00e7\u00e3o do governo:<\/strong>\u00a0o presidente dos EUA reiterou o seu compromisso de n\u00e3o ceder nas negocia\u00e7\u00f5es envolvendo o Congresso. Trump busca a aprova\u00e7\u00e3o do or\u00e7amento para a constru\u00e7\u00e3o do muro na fronteira com o M\u00e9xico. Na noite da \u00faltima segunda-feira, o presidente disse que o governo \u201cpermanece fechado por uma e \u00fanica raz\u00e3o: os democratas n\u00e3o v\u00e3o financiar a seguran\u00e7a na fronteira\u201d. A paralisa\u00e7\u00e3o j\u00e1 traz transtornos para os EUA, como fechamento de parques. Mais de 800 mil funcion\u00e1rios est\u00e3o sem receber remunera\u00e7\u00f5es.<\/p>\n<h2>\u00daltima cota\u00e7\u00e3o<\/h2>\n<p>No \u00faltimo preg\u00e3o, que aconteceu na ter\u00e7a-feira (8) o <strong>d\u00f3lar\u00a0<\/strong>teve baixa de 0,503% e foi cotado a R$ 3,7155 na venda.<\/p>\n","protected":false},"excerpt":{"rendered":"<p>O d\u00f3lar fechou est\u00e1 quarta-feira (09) com mais uma queda. Desta vez, a moeda recuou\u00a00,746 %, sendo cotada a R$ 3,6878 na venda. D\u00f3lar encerra em queda de 2,243%, cotado em R$ 5,318 A m\u00e1xima da moeda norte-americana foi registrada nas primeira horas do dia, onde estava cotada a R$ 3,7072. Durante a\u00a0tarde, o d\u00f3lar [&hellip;]<\/p>\n","protected":false},"author":14,"featured_media":3351,"comment_status":"closed","ping_status":"closed","sticky":false,"template":"","format":"standard","meta":[],"categories":[60],"tags":[326,793,940],"suno_strategy":[],"class_list":["post-10994","post","type-post","status-publish","format-standard","has-post-thumbnail","hentry","category-mercado","tag-dolar","tag-estados-unidos-eua","tag-reforma-da-previdencia"],"yoast_head":"<!-- This site is optimized with the Yoast SEO plugin v24.4 - https:\/\/yoast.com\/wordpress\/plugins\/seo\/ -->\n<title>Seguindo tend\u00eancia de otimismo, d\u00f3lar cai e fecha cotado a R$ 3,688<\/title>\n<meta name=\"description\" content=\"Valor do d\u00f3lar \u00e9 o menor em mais de dois meses. Reforma da previd\u00eancia foi um dos principais fatores para a queda. Clique para ler mais.\" \/>\n<meta name=\"robots\" content=\"index, follow, max-snippet:-1, max-image-preview:large, max-video-preview:-1\" \/>\n<link rel=\"canonical\" href=\"https:\/\/www.suno.com.br\/noticias\/seguindo-tendencia-de-otimismo-dolar-cai-e-fecha-cotado-a-r-3688\/\" \/>\n<meta property=\"og:locale\" content=\"pt_BR\" \/>\n<meta property=\"og:type\" content=\"article\" \/>\n<meta property=\"og:title\" content=\"Seguindo tend\u00eancia de otimismo, d\u00f3lar cai e fecha cotado a R$ 3,688\" \/>\n<meta property=\"og:description\" content=\"Valor do d\u00f3lar \u00e9 o menor em mais de dois meses. Reforma da previd\u00eancia foi um dos principais fatores para a queda. Clique para ler mais.\" \/>\n<meta property=\"og:url\" content=\"https:\/\/www.suno.com.br\/noticias\/seguindo-tendencia-de-otimismo-dolar-cai-e-fecha-cotado-a-r-3688\/\" \/>\n<meta property=\"og:site_name\" content=\"Suno Not\u00edcias\" \/>\n<meta property=\"article:publisher\" content=\"https:\/\/facebook.com\/sunoresearch\" \/>\n<meta property=\"og:image\" content=\"https:\/\/files.sunoresearch.com.br\/n\/uploads\/2018\/09\/ecce51ed-dolar.jpg\" \/>\n\t<meta property=\"og:image:width\" content=\"1920\" \/>\n\t<meta property=\"og:image:height\" content=\"1357\" \/>\n\t<meta property=\"og:image:type\" content=\"image\/jpeg\" \/>\n<meta name=\"author\" content=\"Renan Dantas\" \/>\n<meta name=\"twitter:card\" content=\"summary_large_image\" \/>\n<meta name=\"twitter:creator\" content=\"@sunoresearch\" \/>\n<meta name=\"twitter:site\" content=\"@sunoresearch\" \/>\n<meta name=\"twitter:label1\" content=\"Escrito por\" \/>\n\t<meta name=\"twitter:data1\" content=\"Renan Dantas\" \/>\n\t<meta name=\"twitter:label2\" content=\"Est. tempo de leitura\" \/>\n\t<meta name=\"twitter:data2\" content=\"2 minutos\" \/>\n<script type=\"application\/ld+json\" class=\"yoast-schema-graph\">{\"@context\":\"https:\/\/schema.org\",\"@graph\":[{\"@type\":\"NewsArticle\",\"@id\":\"https:\/\/www.suno.com.br\/noticias\/seguindo-tendencia-de-otimismo-dolar-cai-e-fecha-cotado-a-r-3688\/#article\",\"isPartOf\":{\"@id\":\"https:\/\/www.suno.com.br\/noticias\/seguindo-tendencia-de-otimismo-dolar-cai-e-fecha-cotado-a-r-3688\/\"},\"author\":{\"name\":\"Renan Dantas\",\"@id\":\"https:\/\/www.suno.com.br\/noticias\/#\/schema\/person\/3f7693d5795a3f6d5ce15309ee785699\"},\"headline\":\"Puxado pela Reforma da Previd\u00eancia, d\u00f3lar cai e fecha cotado a R$ 3,688\",\"datePublished\":\"2019-01-09T19:27:42+00:00\",\"dateModified\":\"2019-01-09T20:14:24+00:00\",\"mainEntityOfPage\":{\"@id\":\"https:\/\/www.suno.com.br\/noticias\/seguindo-tendencia-de-otimismo-dolar-cai-e-fecha-cotado-a-r-3688\/\"},\"wordCount\":493,\"publisher\":{\"@id\":\"https:\/\/www.suno.com.br\/noticias\/#organization\"},\"image\":{\"@id\":\"https:\/\/www.suno.com.br\/noticias\/seguindo-tendencia-de-otimismo-dolar-cai-e-fecha-cotado-a-r-3688\/#primaryimage\"},\"thumbnailUrl\":\"https:\/\/files.sunoresearch.com.br\/n\/uploads\/2018\/09\/ecce51ed-dolar-jpg.webp\",\"keywords\":[\"d\u00f3lar\",\"Estados Unidos (EUA)\",\"Reforma da Previd\u00eancia\"],\"articleSection\":[\"Mercado\"],\"inLanguage\":\"pt-BR\"},{\"@type\":\"WebPage\",\"@id\":\"https:\/\/www.suno.com.br\/noticias\/seguindo-tendencia-de-otimismo-dolar-cai-e-fecha-cotado-a-r-3688\/\",\"url\":\"https:\/\/www.suno.com.br\/noticias\/seguindo-tendencia-de-otimismo-dolar-cai-e-fecha-cotado-a-r-3688\/\",\"name\":\"Seguindo tend\u00eancia de otimismo, d\u00f3lar cai e fecha cotado a R$ 3,688\",\"isPartOf\":{\"@id\":\"https:\/\/www.suno.com.br\/noticias\/#website\"},\"primaryImageOfPage\":{\"@id\":\"https:\/\/www.suno.com.br\/noticias\/seguindo-tendencia-de-otimismo-dolar-cai-e-fecha-cotado-a-r-3688\/#primaryimage\"},\"image\":{\"@id\":\"https:\/\/www.suno.com.br\/noticias\/seguindo-tendencia-de-otimismo-dolar-cai-e-fecha-cotado-a-r-3688\/#primaryimage\"},\"thumbnailUrl\":\"https:\/\/files.sunoresearch.com.br\/n\/uploads\/2018\/09\/ecce51ed-dolar-jpg.webp\",\"datePublished\":\"2019-01-09T19:27:42+00:00\",\"dateModified\":\"2019-01-09T20:14:24+00:00\",\"description\":\"Valor do d\u00f3lar \u00e9 o menor em mais de dois meses. Reforma da previd\u00eancia foi um dos principais fatores para a queda. Clique para ler mais.\",\"breadcrumb\":{\"@id\":\"https:\/\/www.suno.com.br\/noticias\/seguindo-tendencia-de-otimismo-dolar-cai-e-fecha-cotado-a-r-3688\/#breadcrumb\"},\"inLanguage\":\"pt-BR\",\"potentialAction\":[{\"@type\":\"ReadAction\",\"target\":[\"https:\/\/www.suno.com.br\/noticias\/seguindo-tendencia-de-otimismo-dolar-cai-e-fecha-cotado-a-r-3688\/\"]}]},{\"@type\":\"ImageObject\",\"inLanguage\":\"pt-BR\",\"@id\":\"https:\/\/www.suno.com.br\/noticias\/seguindo-tendencia-de-otimismo-dolar-cai-e-fecha-cotado-a-r-3688\/#primaryimage\",\"url\":\"https:\/\/files.sunoresearch.com.br\/n\/uploads\/2018\/09\/ecce51ed-dolar-jpg.webp\",\"contentUrl\":\"https:\/\/files.sunoresearch.com.br\/n\/uploads\/2018\/09\/ecce51ed-dolar-jpg.webp\",\"width\":1920,\"height\":1357,\"caption\":\"D\u00f3lar encerra em queda de 2,243%, cotado em R$ 5,318\"},{\"@type\":\"BreadcrumbList\",\"@id\":\"https:\/\/www.suno.com.br\/noticias\/seguindo-tendencia-de-otimismo-dolar-cai-e-fecha-cotado-a-r-3688\/#breadcrumb\",\"itemListElement\":[{\"@type\":\"ListItem\",\"position\":1,\"name\":\"Not\u00edcias\",\"item\":\"https:\/\/www.suno.com.br\/noticias\/\"},{\"@type\":\"ListItem\",\"position\":2,\"name\":\"Mercado\",\"item\":\"https:\/\/www.suno.com.br\/noticias\/mercado\/\"},{\"@type\":\"ListItem\",\"position\":3,\"name\":\"Puxado pela Reforma da Previd\u00eancia, d\u00f3lar cai e fecha cotado a R$ 3,688\"}]},{\"@type\":\"WebSite\",\"@id\":\"https:\/\/www.suno.com.br\/noticias\/#website\",\"url\":\"https:\/\/www.suno.com.br\/noticias\/\",\"name\":\"Suno Not\u00edcias\",\"description\":\"Seu portal de informa\u00e7\u00e3o sobre o mundo dos investimentos\",\"publisher\":{\"@id\":\"https:\/\/www.suno.com.br\/noticias\/#organization\"},\"potentialAction\":[{\"@type\":\"SearchAction\",\"target\":{\"@type\":\"EntryPoint\",\"urlTemplate\":\"https:\/\/www.suno.com.br\/noticias\/?s={search_term_string}\"},\"query-input\":{\"@type\":\"PropertyValueSpecification\",\"valueRequired\":true,\"valueName\":\"search_term_string\"}}],\"inLanguage\":\"pt-BR\"},{\"@type\":\"Organization\",\"@id\":\"https:\/\/www.suno.com.br\/noticias\/#organization\",\"name\":\"Suno Not\u00edcias\",\"url\":\"https:\/\/www.suno.com.br\/noticias\/\",\"logo\":{\"@type\":\"ImageObject\",\"inLanguage\":\"pt-BR\",\"@id\":\"https:\/\/www.suno.com.br\/noticias\/#\/schema\/logo\/image\/\",\"url\":\"https:\/\/files.sunoresearch.com.br\/n\/uploads\/2021\/09\/suno-logo.png\",\"contentUrl\":\"https:\/\/files.sunoresearch.com.br\/n\/uploads\/2021\/09\/suno-logo.png\",\"width\":180,\"height\":180,\"caption\":\"Suno Not\u00edcias\"},\"image\":{\"@id\":\"https:\/\/www.suno.com.br\/noticias\/#\/schema\/logo\/image\/\"},\"sameAs\":[\"https:\/\/facebook.com\/sunoresearch\",\"https:\/\/x.com\/sunoresearch\",\"https:\/\/www.instagram.com\/suno\",\"https:\/\/www.linkedin.com\/company\/suno-research\/\",\"https:\/\/www.youtube.com\/c\/sunoresearch\"]},{\"@type\":\"Person\",\"@id\":\"https:\/\/www.suno.com.br\/noticias\/#\/schema\/person\/3f7693d5795a3f6d5ce15309ee785699\",\"name\":\"Renan Dantas\",\"image\":{\"@type\":\"ImageObject\",\"inLanguage\":\"pt-BR\",\"@id\":\"https:\/\/www.suno.com.br\/noticias\/#\/schema\/person\/image\/\",\"url\":\"https:\/\/secure.gravatar.com\/avatar\/1787b83e7484a08e51d62ac8b41c8396?s=96&r=g\",\"contentUrl\":\"https:\/\/secure.gravatar.com\/avatar\/1787b83e7484a08e51d62ac8b41c8396?s=96&r=g\",\"caption\":\"Renan Dantas\"},\"description\":\"Escreve sobre pol\u00edtica e mercado financeiro para o portal Suno Not\u00edcias. Antes, atuou na assessoria de comunica\u00e7\u00e3o do Minist\u00e9rio P\u00fablico do Trabalho e na R\u00e1dio Mackenzie, onde apresentava e produzia um programa sobre artistas da m\u00fasica brasileira. \u00c9 estudante na Universidade Presbiteriana Mackenzie.\",\"url\":\"https:\/\/www.suno.com.br\/noticias\/author\/renan-dantas\/\"}]}<\/script>\n<!-- \/ Yoast SEO plugin. -->","yoast_head_json":{"title":"Seguindo tend\u00eancia de otimismo, d\u00f3lar cai e fecha cotado a R$ 3,688","description":"Valor do d\u00f3lar \u00e9 o menor em mais de dois meses. Reforma da previd\u00eancia foi um dos principais fatores para a queda. Clique para ler mais.","robots":{"index":"index","follow":"follow","max-snippet":"max-snippet:-1","max-image-preview":"max-image-preview:large","max-video-preview":"max-video-preview:-1"},"canonical":"https:\/\/www.suno.com.br\/noticias\/seguindo-tendencia-de-otimismo-dolar-cai-e-fecha-cotado-a-r-3688\/","og_locale":"pt_BR","og_type":"article","og_title":"Seguindo tend\u00eancia de otimismo, d\u00f3lar cai e fecha cotado a R$ 3,688","og_description":"Valor do d\u00f3lar \u00e9 o menor em mais de dois meses. Reforma da previd\u00eancia foi um dos principais fatores para a queda. Clique para ler mais.","og_url":"https:\/\/www.suno.com.br\/noticias\/seguindo-tendencia-de-otimismo-dolar-cai-e-fecha-cotado-a-r-3688\/","og_site_name":"Suno Not\u00edcias","article_publisher":"https:\/\/facebook.com\/sunoresearch","og_image":[{"width":1920,"height":1357,"url":"https:\/\/files.sunoresearch.com.br\/n\/uploads\/2018\/09\/ecce51ed-dolar.jpg","type":"image\/jpeg"}],"author":"Renan Dantas","twitter_card":"summary_large_image","twitter_creator":"@sunoresearch","twitter_site":"@sunoresearch","twitter_misc":{"Escrito por":"Renan Dantas","Est. tempo de leitura":"2 minutos"},"schema":{"@context":"https:\/\/schema.org","@graph":[{"@type":"NewsArticle","@id":"https:\/\/www.suno.com.br\/noticias\/seguindo-tendencia-de-otimismo-dolar-cai-e-fecha-cotado-a-r-3688\/#article","isPartOf":{"@id":"https:\/\/www.suno.com.br\/noticias\/seguindo-tendencia-de-otimismo-dolar-cai-e-fecha-cotado-a-r-3688\/"},"author":{"name":"Renan Dantas","@id":"https:\/\/www.suno.com.br\/noticias\/#\/schema\/person\/3f7693d5795a3f6d5ce15309ee785699"},"headline":"Puxado pela Reforma da Previd\u00eancia, d\u00f3lar cai e fecha cotado a R$ 3,688","datePublished":"2019-01-09T19:27:42+00:00","dateModified":"2019-01-09T20:14:24+00:00","mainEntityOfPage":{"@id":"https:\/\/www.suno.com.br\/noticias\/seguindo-tendencia-de-otimismo-dolar-cai-e-fecha-cotado-a-r-3688\/"},"wordCount":493,"publisher":{"@id":"https:\/\/www.suno.com.br\/noticias\/#organization"},"image":{"@id":"https:\/\/www.suno.com.br\/noticias\/seguindo-tendencia-de-otimismo-dolar-cai-e-fecha-cotado-a-r-3688\/#primaryimage"},"thumbnailUrl":"https:\/\/files.sunoresearch.com.br\/n\/uploads\/2018\/09\/ecce51ed-dolar-jpg.webp","keywords":["d\u00f3lar","Estados Unidos (EUA)","Reforma da Previd\u00eancia"],"articleSection":["Mercado"],"inLanguage":"pt-BR"},{"@type":"WebPage","@id":"https:\/\/www.suno.com.br\/noticias\/seguindo-tendencia-de-otimismo-dolar-cai-e-fecha-cotado-a-r-3688\/","url":"https:\/\/www.suno.com.br\/noticias\/seguindo-tendencia-de-otimismo-dolar-cai-e-fecha-cotado-a-r-3688\/","name":"Seguindo tend\u00eancia de otimismo, d\u00f3lar cai e fecha cotado a R$ 3,688","isPartOf":{"@id":"https:\/\/www.suno.com.br\/noticias\/#website"},"primaryImageOfPage":{"@id":"https:\/\/www.suno.com.br\/noticias\/seguindo-tendencia-de-otimismo-dolar-cai-e-fecha-cotado-a-r-3688\/#primaryimage"},"image":{"@id":"https:\/\/www.suno.com.br\/noticias\/seguindo-tendencia-de-otimismo-dolar-cai-e-fecha-cotado-a-r-3688\/#primaryimage"},"thumbnailUrl":"https:\/\/files.sunoresearch.com.br\/n\/uploads\/2018\/09\/ecce51ed-dolar-jpg.webp","datePublished":"2019-01-09T19:27:42+00:00","dateModified":"2019-01-09T20:14:24+00:00","description":"Valor do d\u00f3lar \u00e9 o menor em mais de dois meses. Reforma da previd\u00eancia foi um dos principais fatores para a queda. Clique para ler mais.","breadcrumb":{"@id":"https:\/\/www.suno.com.br\/noticias\/seguindo-tendencia-de-otimismo-dolar-cai-e-fecha-cotado-a-r-3688\/#breadcrumb"},"inLanguage":"pt-BR","potentialAction":[{"@type":"ReadAction","target":["https:\/\/www.suno.com.br\/noticias\/seguindo-tendencia-de-otimismo-dolar-cai-e-fecha-cotado-a-r-3688\/"]}]},{"@type":"ImageObject","inLanguage":"pt-BR","@id":"https:\/\/www.suno.com.br\/noticias\/seguindo-tendencia-de-otimismo-dolar-cai-e-fecha-cotado-a-r-3688\/#primaryimage","url":"https:\/\/files.sunoresearch.com.br\/n\/uploads\/2018\/09\/ecce51ed-dolar-jpg.webp","contentUrl":"https:\/\/files.sunoresearch.com.br\/n\/uploads\/2018\/09\/ecce51ed-dolar-jpg.webp","width":1920,"height":1357,"caption":"D\u00f3lar encerra em queda de 2,243%, cotado em R$ 5,318"},{"@type":"BreadcrumbList","@id":"https:\/\/www.suno.com.br\/noticias\/seguindo-tendencia-de-otimismo-dolar-cai-e-fecha-cotado-a-r-3688\/#breadcrumb","itemListElement":[{"@type":"ListItem","position":1,"name":"Not\u00edcias","item":"https:\/\/www.suno.com.br\/noticias\/"},{"@type":"ListItem","position":2,"name":"Mercado","item":"https:\/\/www.suno.com.br\/noticias\/mercado\/"},{"@type":"ListItem","position":3,"name":"Puxado pela Reforma da Previd\u00eancia, d\u00f3lar cai e fecha cotado a R$ 3,688"}]},{"@type":"WebSite","@id":"https:\/\/www.suno.com.br\/noticias\/#website","url":"https:\/\/www.suno.com.br\/noticias\/","name":"Suno Not\u00edcias","description":"Seu portal de informa\u00e7\u00e3o sobre o mundo dos investimentos","publisher":{"@id":"https:\/\/www.suno.com.br\/noticias\/#organization"},"potentialAction":[{"@type":"SearchAction","target":{"@type":"EntryPoint","urlTemplate":"https:\/\/www.suno.com.br\/noticias\/?s={search_term_string}"},"query-input":{"@type":"PropertyValueSpecification","valueRequired":true,"valueName":"search_term_string"}}],"inLanguage":"pt-BR"},{"@type":"Organization","@id":"https:\/\/www.suno.com.br\/noticias\/#organization","name":"Suno Not\u00edcias","url":"https:\/\/www.suno.com.br\/noticias\/","logo":{"@type":"ImageObject","inLanguage":"pt-BR","@id":"https:\/\/www.suno.com.br\/noticias\/#\/schema\/logo\/image\/","url":"https:\/\/files.sunoresearch.com.br\/n\/uploads\/2021\/09\/suno-logo.png","contentUrl":"https:\/\/files.sunoresearch.com.br\/n\/uploads\/2021\/09\/suno-logo.png","width":180,"height":180,"caption":"Suno Not\u00edcias"},"image":{"@id":"https:\/\/www.suno.com.br\/noticias\/#\/schema\/logo\/image\/"},"sameAs":["https:\/\/facebook.com\/sunoresearch","https:\/\/x.com\/sunoresearch","https:\/\/www.instagram.com\/suno","https:\/\/www.linkedin.com\/company\/suno-research\/","https:\/\/www.youtube.com\/c\/sunoresearch"]},{"@type":"Person","@id":"https:\/\/www.suno.com.br\/noticias\/#\/schema\/person\/3f7693d5795a3f6d5ce15309ee785699","name":"Renan Dantas","image":{"@type":"ImageObject","inLanguage":"pt-BR","@id":"https:\/\/www.suno.com.br\/noticias\/#\/schema\/person\/image\/","url":"https:\/\/secure.gravatar.com\/avatar\/1787b83e7484a08e51d62ac8b41c8396?s=96&r=g","contentUrl":"https:\/\/secure.gravatar.com\/avatar\/1787b83e7484a08e51d62ac8b41c8396?s=96&r=g","caption":"Renan Dantas"},"description":"Escreve sobre pol\u00edtica e mercado financeiro para o portal Suno Not\u00edcias. Antes, atuou na assessoria de comunica\u00e7\u00e3o do Minist\u00e9rio P\u00fablico do Trabalho e na R\u00e1dio Mackenzie, onde apresentava e produzia um programa sobre artistas da m\u00fasica brasileira. \u00c9 estudante na Universidade Presbiteriana Mackenzie.","url":"https:\/\/www.suno.com.br\/noticias\/author\/renan-dantas\/"}]}},"default_loop_html":"<div class=\"cardsPage__listCard__boxs\"><div class=\"cardsPage__listCard__boxs__img\"><a href=\"https:\/\/www.suno.com.br\/noticias\/seguindo-tendencia-de-otimismo-dolar-cai-e-fecha-cotado-a-r-3688\/\"><img class=\"mask\" src=\"https:\/\/www.suno.com.br\/noticias\/wp-content\/themes\/suno\/resources\/images\/spotlight\/spotlight1img\/bg-mask.png\" alt=\"Image Mask\"\/><img src=\"https:\/\/files.sunoresearch.com.br\/n\/uploads\/2018\/09\/ecce51ed-dolar-400x200.webp\" alt=\"Puxado pela Reforma da Previd\u00eancia, d\u00f3lar cai e fecha cotado a R$ 3,688\"\/><\/a><span class=\"spotlightCategory\"><a href=\"https:\/\/www.suno.com.br\/noticias\/mercado\/\">Mercado<\/a><\/span><\/div><div class=\"cardsPage__listCard__boxs__content\"><a href=\"https:\/\/www.suno.com.br\/noticias\/seguindo-tendencia-de-otimismo-dolar-cai-e-fecha-cotado-a-r-3688\/\"><h2 class=\"content__title\">Puxado pela Reforma da Previd\u00eancia, d\u00f3lar cai e fecha cotado a R$ 3,688<\/h2><\/a><div class=\"newsContent__article__meta\"><div class=\"newsContent__article__meta__authorBox\"><a href=\"https:\/\/www.suno.com.br\/noticias\/author\/renan-dantas\/\" class=\"authorBox__avatar noMobi\"><img src=\"https:\/\/secure.gravatar.com\/avatar\/1787b83e7484a08e51d62ac8b41c8396?s=96&#038;r=g\" alt=\"Renan Dantas\"><\/a><div class=\"authorBox__name\"><span>por\n\t\t\t<a href=\"https:\/\/www.suno.com.br\/noticias\/author\/renan-dantas\/\"><span itemprop=\"author\">Renan Dantas<\/span><\/a><\/span><time datetime=\"2019-01-09T17:27:42-02:00\" itemprop=\"datePublished\">09\/01\/2019 17:27<\/time><\/div><\/div><\/div><\/div><\/div>","single_layout":"posts","amp_enabled":true,"_links":{"self":[{"href":"https:\/\/www.suno.com.br\/noticias\/wp-json\/wp\/v2\/posts\/10994"}],"collection":[{"href":"https:\/\/www.suno.com.br\/noticias\/wp-json\/wp\/v2\/posts"}],"about":[{"href":"https:\/\/www.suno.com.br\/noticias\/wp-json\/wp\/v2\/types\/post"}],"author":[{"embeddable":true,"href":"https:\/\/www.suno.com.br\/noticias\/wp-json\/wp\/v2\/users\/14"}],"replies":[{"embeddable":true,"href":"https:\/\/www.suno.com.br\/noticias\/wp-json\/wp\/v2\/comments?post=10994"}],"version-history":[{"count":0,"href":"https:\/\/www.suno.com.br\/noticias\/wp-json\/wp\/v2\/posts\/10994\/revisions"}],"wp:featuredmedia":[{"embeddable":true,"href":"https:\/\/www.suno.com.br\/noticias\/wp-json\/wp\/v2\/media\/3351"}],"wp:attachment":[{"href":"https:\/\/www.suno.com.br\/noticias\/wp-json\/wp\/v2\/media?parent=10994"}],"wp:term":[{"taxonomy":"category","embeddable":true,"href":"https:\/\/www.suno.com.br\/noticias\/wp-json\/wp\/v2\/categories?post=10994"},{"taxonomy":"post_tag","embeddable":true,"href":"https:\/\/www.suno.com.br\/noticias\/wp-json\/wp\/v2\/tags?post=10994"},{"taxonomy":"suno_strategy","embeddable":true,"href":"https:\/\/www.suno.com.br\/noticias\/wp-json\/wp\/v2\/suno_strategy?post=10994"}],"curies":[{"name":"wp","href":"https:\/\/api.w.org\/{rel}","templated":true}]}}