{"id":10981,"date":"2019-01-09T15:52:27","date_gmt":"2019-01-09T17:52:27","guid":{"rendered":"https:\/\/www.suno.com.br\/noticias\/?p=10981"},"modified":"2019-01-09T18:23:10","modified_gmt":"2019-01-09T20:23:10","slug":"desemprego-zona-euro-menor-taxa","status":"publish","type":"post","link":"https:\/\/www.suno.com.br\/noticias\/desemprego-zona-euro-menor-taxa\/","title":{"rendered":"Desemprego na zona do euro cai para 7,9%, menor taxa desde 2008"},"content":{"rendered":"<p>A taxa de desemprego nos pa\u00edses da zona do euro caiu para 7,9% em novembro. \u00c9 o mais baixo \u00edndice desde outubro de 2008, depois de ficar em 8% no m\u00eas anterior. A informa\u00e7\u00e3o foi divulgada nesta quarta (9) pela Eurostat, a <a href=\"https:\/\/www.suno.com.br\/noticias\/zona-do-euro-desacelerado\/\">ag\u00eancia de estat\u00edsticas da Uni\u00e3o Europeia<\/a>.<\/p>\t<div class=\"wrapper-featured-image\">\n\t\t<figure class=\"spotlightImg\">\n\n\t\t\t<picture>\n\t\t\t\t<source media=\"(max-width: 768px)\" srcset=\"https:\/\/files.sunoresearch.com.br\/n\/uploads\/2018\/11\/f95dbaec-inflacao-na-zona-do-euro-400x200.webp\">\n\t\t\t\t<img loading=\"lazy\" decoding=\"async\" class=\"newsContent__article__imgCapa lazyloadDisabled newsContent__article__imgCapa--noCaption\" src=\"https:\/\/files.sunoresearch.com.br\/n\/uploads\/2018\/11\/f95dbaec-inflacao-na-zona-do-euro-800x450.webp\" width=\"800\" height=\"450\" alt=\"Desemprego na zona do euro cai para 7,9%, menor taxa desde 2008\" fetchpriority=high \/>\n\t\t\t<\/picture>\n\n\t\t\t<figcaption class=\"wp-caption-text wp-caption-text--hide\">Custos de empr\u00e9stimos da zona do euro caem para n\u00edveis pr\u00e9-coronav\u00edrus<\/figcaption>\n\t\t<\/figure>\n\t<\/div>\n\n\n<p>Com isso, a <strong>taxa de desemprego<\/strong>\u00a0surpreende economistas que haviam projetado a propor\u00e7\u00e3o de 8,1%.<\/p>\n<p>Na <a href=\"https:\/\/www.suno.com.br\/artigos\/uniao-europeia\/\"><strong>Uni\u00e3o Europeia<\/strong><\/a>, o \u00edndice de desocupa\u00e7\u00e3o foi de 6,7% em novembro de 2018. A taxa \u00e9 a mesma de outubro e abaixo dos 7,3% de setembro. Assim, a propor\u00e7\u00e3o se mant\u00e9m como a menor registrada no bloco na s\u00e9rie hist\u00f3rica, iniciada em janeiro de 2000.<\/p>\n<p>A <strong>Eurostat<\/strong> calcula que 16,491 milh\u00f5es de pessoas estavam sem emprego na Uni\u00e3o Europeia em novembro. Destas, 13,040 milh\u00f5es se situavam na zona do euro. Em compara\u00e7\u00e3o com outubro, essa quantidade diminuiu em 107 mil no bloco europeu e em 90 mil na \u00e1rea da moeda comum.<\/p>\n<p><a href=\"https:\/\/www.suno.com.br\/noticias\/economia-deve-desacelerar-2019-bc-europa\/\">Saiba mais: Economia global deve desacelerar em 2019, diz BC da Europa<\/a><\/p>\n<p>A diferen\u00e7a acontece porque nem todos os pa\u00edses que integram a Uni\u00e3o Europeia utilizam o euro como sua moeda oficial. Pa\u00edses como Su\u00e9cia, Cro\u00e1cia, Pol\u00f4nia e a Ch\u00e9quia, por exemplo, fazem parte do bloco econ\u00f4mico, mas n\u00e3o adotaram oficialmente o euro como moeda comum. A Inglaterra, de <a href=\"https:\/\/www.suno.com.br\/noticias\/theresa-may-brexit-14-janeiro\/\">sa\u00edda da Uni\u00e3o Europeia ap\u00f3s o Brexit<\/a>, seguia o mesmo modelo.<\/p>\n","protected":false},"excerpt":{"rendered":"<p>A taxa de desemprego nos pa\u00edses da zona do euro caiu para 7,9% em novembro. \u00c9 o mais baixo \u00edndice desde outubro de 2008, depois de ficar em 8% no m\u00eas anterior. A informa\u00e7\u00e3o foi divulgada nesta quarta (9) pela Eurostat, a ag\u00eancia de estat\u00edsticas da Uni\u00e3o Europeia. Custos de empr\u00e9stimos da zona do euro [&hellip;]<\/p>\n","protected":false},"author":13,"featured_media":6400,"comment_status":"closed","ping_status":"closed","sticky":false,"template":"","format":"standard","meta":[],"categories":[63],"tags":[958,710,731],"suno_strategy":[],"class_list":["post-10981","post","type-post","status-publish","format-standard","has-post-thumbnail","hentry","category-internacional","tag-euro","tag-europa","tag-uniao-europeia"],"yoast_head":"<!-- This site is optimized with the Yoast SEO plugin v24.4 - https:\/\/yoast.com\/wordpress\/plugins\/seo\/ -->\n<title>Desemprego na zona do euro cai para 7,9%, menor taxa desde 2008<\/title>\n<meta name=\"description\" content=\"A taxa de desemprego nos pa\u00edses da zona do euro caiu para 7,9% em novembro. \u00c9 o mais baixo \u00edndice desde outubro de 2008. Clique e saiba mais.\" \/>\n<meta name=\"robots\" content=\"index, follow, max-snippet:-1, max-image-preview:large, max-video-preview:-1\" \/>\n<link rel=\"canonical\" href=\"https:\/\/www.suno.com.br\/noticias\/desemprego-zona-euro-menor-taxa\/\" \/>\n<meta property=\"og:locale\" content=\"pt_BR\" \/>\n<meta property=\"og:type\" content=\"article\" \/>\n<meta property=\"og:title\" content=\"Desemprego na zona do euro cai para 7,9%, menor taxa desde 2008\" \/>\n<meta property=\"og:description\" content=\"A taxa de desemprego nos pa\u00edses da zona do euro caiu para 7,9% em novembro. \u00c9 o mais baixo \u00edndice desde outubro de 2008. Clique e saiba mais.\" \/>\n<meta property=\"og:url\" content=\"https:\/\/www.suno.com.br\/noticias\/desemprego-zona-euro-menor-taxa\/\" \/>\n<meta property=\"og:site_name\" content=\"Suno Not\u00edcias\" \/>\n<meta property=\"article:publisher\" content=\"https:\/\/facebook.com\/sunoresearch\" \/>\n<meta property=\"og:image\" content=\"https:\/\/files.sunoresearch.com.br\/n\/uploads\/2018\/11\/f95dbaec-inflacao-na-zona-do-euro.jpg\" \/>\n\t<meta property=\"og:image:width\" content=\"1920\" \/>\n\t<meta property=\"og:image:height\" content=\"1440\" \/>\n\t<meta property=\"og:image:type\" content=\"image\/jpeg\" \/>\n<meta name=\"author\" content=\"Guilherme Caetano\" \/>\n<meta name=\"twitter:card\" content=\"summary_large_image\" \/>\n<meta name=\"twitter:creator\" content=\"@sunoresearch\" \/>\n<meta name=\"twitter:site\" content=\"@sunoresearch\" \/>\n<meta name=\"twitter:label1\" content=\"Escrito por\" \/>\n\t<meta name=\"twitter:data1\" content=\"Guilherme Caetano\" \/>\n\t<meta name=\"twitter:label2\" content=\"Est. tempo de leitura\" \/>\n\t<meta name=\"twitter:data2\" content=\"1 minuto\" \/>\n<script type=\"application\/ld+json\" class=\"yoast-schema-graph\">{\"@context\":\"https:\/\/schema.org\",\"@graph\":[{\"@type\":\"NewsArticle\",\"@id\":\"https:\/\/www.suno.com.br\/noticias\/desemprego-zona-euro-menor-taxa\/#article\",\"isPartOf\":{\"@id\":\"https:\/\/www.suno.com.br\/noticias\/desemprego-zona-euro-menor-taxa\/\"},\"author\":{\"name\":\"Guilherme Caetano\",\"@id\":\"https:\/\/www.suno.com.br\/noticias\/#\/schema\/person\/0d0c9687cd2f600c564f25980c140de9\"},\"headline\":\"Desemprego na zona do euro cai para 7,9%, menor taxa desde 2008\",\"datePublished\":\"2019-01-09T17:52:27+00:00\",\"dateModified\":\"2019-01-09T20:23:10+00:00\",\"mainEntityOfPage\":{\"@id\":\"https:\/\/www.suno.com.br\/noticias\/desemprego-zona-euro-menor-taxa\/\"},\"wordCount\":250,\"publisher\":{\"@id\":\"https:\/\/www.suno.com.br\/noticias\/#organization\"},\"image\":{\"@id\":\"https:\/\/www.suno.com.br\/noticias\/desemprego-zona-euro-menor-taxa\/#primaryimage\"},\"thumbnailUrl\":\"https:\/\/files.sunoresearch.com.br\/n\/uploads\/2018\/11\/f95dbaec-inflacao-na-zona-do-euro-jpg.webp\",\"keywords\":[\"Euro\",\"Europa\",\"Uni\u00e3o Europeia\"],\"articleSection\":[\"Internacional\"],\"inLanguage\":\"pt-BR\"},{\"@type\":\"WebPage\",\"@id\":\"https:\/\/www.suno.com.br\/noticias\/desemprego-zona-euro-menor-taxa\/\",\"url\":\"https:\/\/www.suno.com.br\/noticias\/desemprego-zona-euro-menor-taxa\/\",\"name\":\"Desemprego na zona do euro cai para 7,9%, menor taxa desde 2008\",\"isPartOf\":{\"@id\":\"https:\/\/www.suno.com.br\/noticias\/#website\"},\"primaryImageOfPage\":{\"@id\":\"https:\/\/www.suno.com.br\/noticias\/desemprego-zona-euro-menor-taxa\/#primaryimage\"},\"image\":{\"@id\":\"https:\/\/www.suno.com.br\/noticias\/desemprego-zona-euro-menor-taxa\/#primaryimage\"},\"thumbnailUrl\":\"https:\/\/files.sunoresearch.com.br\/n\/uploads\/2018\/11\/f95dbaec-inflacao-na-zona-do-euro-jpg.webp\",\"datePublished\":\"2019-01-09T17:52:27+00:00\",\"dateModified\":\"2019-01-09T20:23:10+00:00\",\"description\":\"A taxa de desemprego nos pa\u00edses da zona do euro caiu para 7,9% em novembro. \u00c9 o mais baixo \u00edndice desde outubro de 2008. Clique e saiba mais.\",\"breadcrumb\":{\"@id\":\"https:\/\/www.suno.com.br\/noticias\/desemprego-zona-euro-menor-taxa\/#breadcrumb\"},\"inLanguage\":\"pt-BR\",\"potentialAction\":[{\"@type\":\"ReadAction\",\"target\":[\"https:\/\/www.suno.com.br\/noticias\/desemprego-zona-euro-menor-taxa\/\"]}]},{\"@type\":\"ImageObject\",\"inLanguage\":\"pt-BR\",\"@id\":\"https:\/\/www.suno.com.br\/noticias\/desemprego-zona-euro-menor-taxa\/#primaryimage\",\"url\":\"https:\/\/files.sunoresearch.com.br\/n\/uploads\/2018\/11\/f95dbaec-inflacao-na-zona-do-euro-jpg.webp\",\"contentUrl\":\"https:\/\/files.sunoresearch.com.br\/n\/uploads\/2018\/11\/f95dbaec-inflacao-na-zona-do-euro-jpg.webp\",\"width\":1920,\"height\":1440,\"caption\":\"Custos de empr\u00e9stimos da zona do euro caem para n\u00edveis pr\u00e9-coronav\u00edrus\"},{\"@type\":\"BreadcrumbList\",\"@id\":\"https:\/\/www.suno.com.br\/noticias\/desemprego-zona-euro-menor-taxa\/#breadcrumb\",\"itemListElement\":[{\"@type\":\"ListItem\",\"position\":1,\"name\":\"Not\u00edcias\",\"item\":\"https:\/\/www.suno.com.br\/noticias\/\"},{\"@type\":\"ListItem\",\"position\":2,\"name\":\"Internacional\",\"item\":\"https:\/\/www.suno.com.br\/noticias\/internacional\/\"},{\"@type\":\"ListItem\",\"position\":3,\"name\":\"Desemprego na zona do euro cai para 7,9%, menor taxa desde 2008\"}]},{\"@type\":\"WebSite\",\"@id\":\"https:\/\/www.suno.com.br\/noticias\/#website\",\"url\":\"https:\/\/www.suno.com.br\/noticias\/\",\"name\":\"Suno Not\u00edcias\",\"description\":\"Seu portal de informa\u00e7\u00e3o sobre o mundo dos investimentos\",\"publisher\":{\"@id\":\"https:\/\/www.suno.com.br\/noticias\/#organization\"},\"potentialAction\":[{\"@type\":\"SearchAction\",\"target\":{\"@type\":\"EntryPoint\",\"urlTemplate\":\"https:\/\/www.suno.com.br\/noticias\/?s={search_term_string}\"},\"query-input\":{\"@type\":\"PropertyValueSpecification\",\"valueRequired\":true,\"valueName\":\"search_term_string\"}}],\"inLanguage\":\"pt-BR\"},{\"@type\":\"Organization\",\"@id\":\"https:\/\/www.suno.com.br\/noticias\/#organization\",\"name\":\"Suno Not\u00edcias\",\"url\":\"https:\/\/www.suno.com.br\/noticias\/\",\"logo\":{\"@type\":\"ImageObject\",\"inLanguage\":\"pt-BR\",\"@id\":\"https:\/\/www.suno.com.br\/noticias\/#\/schema\/logo\/image\/\",\"url\":\"https:\/\/files.sunoresearch.com.br\/n\/uploads\/2021\/09\/suno-logo.png\",\"contentUrl\":\"https:\/\/files.sunoresearch.com.br\/n\/uploads\/2021\/09\/suno-logo.png\",\"width\":180,\"height\":180,\"caption\":\"Suno Not\u00edcias\"},\"image\":{\"@id\":\"https:\/\/www.suno.com.br\/noticias\/#\/schema\/logo\/image\/\"},\"sameAs\":[\"https:\/\/facebook.com\/sunoresearch\",\"https:\/\/x.com\/sunoresearch\",\"https:\/\/www.instagram.com\/suno\",\"https:\/\/www.linkedin.com\/company\/suno-research\/\",\"https:\/\/www.youtube.com\/c\/sunoresearch\"]},{\"@type\":\"Person\",\"@id\":\"https:\/\/www.suno.com.br\/noticias\/#\/schema\/person\/0d0c9687cd2f600c564f25980c140de9\",\"name\":\"Guilherme Caetano\",\"image\":{\"@type\":\"ImageObject\",\"inLanguage\":\"pt-BR\",\"@id\":\"https:\/\/www.suno.com.br\/noticias\/#\/schema\/person\/image\/\",\"url\":\"https:\/\/secure.gravatar.com\/avatar\/e48357351a01702a0d19307070e081bf?s=96&r=g\",\"contentUrl\":\"https:\/\/secure.gravatar.com\/avatar\/e48357351a01702a0d19307070e081bf?s=96&r=g\",\"caption\":\"Guilherme Caetano\"},\"description\":\"Formado em jornalismo pela Escola de Comunica\u00e7\u00f5es e Artes da USP, Guilherme Caetano escreve para o portal de not\u00edcias da Suno Research. Passou pelas reda\u00e7\u00f5es da Folha de S.Paulo e da revista \u00c9poca.\",\"url\":\"https:\/\/www.suno.com.br\/noticias\/author\/guilherme-caetano\/\"}]}<\/script>\n<!-- \/ Yoast SEO plugin. -->","yoast_head_json":{"title":"Desemprego na zona do euro cai para 7,9%, menor taxa desde 2008","description":"A taxa de desemprego nos pa\u00edses da zona do euro caiu para 7,9% em novembro. \u00c9 o mais baixo \u00edndice desde outubro de 2008. Clique e saiba mais.","robots":{"index":"index","follow":"follow","max-snippet":"max-snippet:-1","max-image-preview":"max-image-preview:large","max-video-preview":"max-video-preview:-1"},"canonical":"https:\/\/www.suno.com.br\/noticias\/desemprego-zona-euro-menor-taxa\/","og_locale":"pt_BR","og_type":"article","og_title":"Desemprego na zona do euro cai para 7,9%, menor taxa desde 2008","og_description":"A taxa de desemprego nos pa\u00edses da zona do euro caiu para 7,9% em novembro. \u00c9 o mais baixo \u00edndice desde outubro de 2008. Clique e saiba mais.","og_url":"https:\/\/www.suno.com.br\/noticias\/desemprego-zona-euro-menor-taxa\/","og_site_name":"Suno Not\u00edcias","article_publisher":"https:\/\/facebook.com\/sunoresearch","og_image":[{"width":1920,"height":1440,"url":"https:\/\/files.sunoresearch.com.br\/n\/uploads\/2018\/11\/f95dbaec-inflacao-na-zona-do-euro.jpg","type":"image\/jpeg"}],"author":"Guilherme Caetano","twitter_card":"summary_large_image","twitter_creator":"@sunoresearch","twitter_site":"@sunoresearch","twitter_misc":{"Escrito por":"Guilherme Caetano","Est. tempo de leitura":"1 minuto"},"schema":{"@context":"https:\/\/schema.org","@graph":[{"@type":"NewsArticle","@id":"https:\/\/www.suno.com.br\/noticias\/desemprego-zona-euro-menor-taxa\/#article","isPartOf":{"@id":"https:\/\/www.suno.com.br\/noticias\/desemprego-zona-euro-menor-taxa\/"},"author":{"name":"Guilherme Caetano","@id":"https:\/\/www.suno.com.br\/noticias\/#\/schema\/person\/0d0c9687cd2f600c564f25980c140de9"},"headline":"Desemprego na zona do euro cai para 7,9%, menor taxa desde 2008","datePublished":"2019-01-09T17:52:27+00:00","dateModified":"2019-01-09T20:23:10+00:00","mainEntityOfPage":{"@id":"https:\/\/www.suno.com.br\/noticias\/desemprego-zona-euro-menor-taxa\/"},"wordCount":250,"publisher":{"@id":"https:\/\/www.suno.com.br\/noticias\/#organization"},"image":{"@id":"https:\/\/www.suno.com.br\/noticias\/desemprego-zona-euro-menor-taxa\/#primaryimage"},"thumbnailUrl":"https:\/\/files.sunoresearch.com.br\/n\/uploads\/2018\/11\/f95dbaec-inflacao-na-zona-do-euro-jpg.webp","keywords":["Euro","Europa","Uni\u00e3o Europeia"],"articleSection":["Internacional"],"inLanguage":"pt-BR"},{"@type":"WebPage","@id":"https:\/\/www.suno.com.br\/noticias\/desemprego-zona-euro-menor-taxa\/","url":"https:\/\/www.suno.com.br\/noticias\/desemprego-zona-euro-menor-taxa\/","name":"Desemprego na zona do euro cai para 7,9%, menor taxa desde 2008","isPartOf":{"@id":"https:\/\/www.suno.com.br\/noticias\/#website"},"primaryImageOfPage":{"@id":"https:\/\/www.suno.com.br\/noticias\/desemprego-zona-euro-menor-taxa\/#primaryimage"},"image":{"@id":"https:\/\/www.suno.com.br\/noticias\/desemprego-zona-euro-menor-taxa\/#primaryimage"},"thumbnailUrl":"https:\/\/files.sunoresearch.com.br\/n\/uploads\/2018\/11\/f95dbaec-inflacao-na-zona-do-euro-jpg.webp","datePublished":"2019-01-09T17:52:27+00:00","dateModified":"2019-01-09T20:23:10+00:00","description":"A taxa de desemprego nos pa\u00edses da zona do euro caiu para 7,9% em novembro. \u00c9 o mais baixo \u00edndice desde outubro de 2008. Clique e saiba mais.","breadcrumb":{"@id":"https:\/\/www.suno.com.br\/noticias\/desemprego-zona-euro-menor-taxa\/#breadcrumb"},"inLanguage":"pt-BR","potentialAction":[{"@type":"ReadAction","target":["https:\/\/www.suno.com.br\/noticias\/desemprego-zona-euro-menor-taxa\/"]}]},{"@type":"ImageObject","inLanguage":"pt-BR","@id":"https:\/\/www.suno.com.br\/noticias\/desemprego-zona-euro-menor-taxa\/#primaryimage","url":"https:\/\/files.sunoresearch.com.br\/n\/uploads\/2018\/11\/f95dbaec-inflacao-na-zona-do-euro-jpg.webp","contentUrl":"https:\/\/files.sunoresearch.com.br\/n\/uploads\/2018\/11\/f95dbaec-inflacao-na-zona-do-euro-jpg.webp","width":1920,"height":1440,"caption":"Custos de empr\u00e9stimos da zona do euro caem para n\u00edveis pr\u00e9-coronav\u00edrus"},{"@type":"BreadcrumbList","@id":"https:\/\/www.suno.com.br\/noticias\/desemprego-zona-euro-menor-taxa\/#breadcrumb","itemListElement":[{"@type":"ListItem","position":1,"name":"Not\u00edcias","item":"https:\/\/www.suno.com.br\/noticias\/"},{"@type":"ListItem","position":2,"name":"Internacional","item":"https:\/\/www.suno.com.br\/noticias\/internacional\/"},{"@type":"ListItem","position":3,"name":"Desemprego na zona do euro cai para 7,9%, menor taxa desde 2008"}]},{"@type":"WebSite","@id":"https:\/\/www.suno.com.br\/noticias\/#website","url":"https:\/\/www.suno.com.br\/noticias\/","name":"Suno Not\u00edcias","description":"Seu portal de informa\u00e7\u00e3o sobre o mundo dos investimentos","publisher":{"@id":"https:\/\/www.suno.com.br\/noticias\/#organization"},"potentialAction":[{"@type":"SearchAction","target":{"@type":"EntryPoint","urlTemplate":"https:\/\/www.suno.com.br\/noticias\/?s={search_term_string}"},"query-input":{"@type":"PropertyValueSpecification","valueRequired":true,"valueName":"search_term_string"}}],"inLanguage":"pt-BR"},{"@type":"Organization","@id":"https:\/\/www.suno.com.br\/noticias\/#organization","name":"Suno Not\u00edcias","url":"https:\/\/www.suno.com.br\/noticias\/","logo":{"@type":"ImageObject","inLanguage":"pt-BR","@id":"https:\/\/www.suno.com.br\/noticias\/#\/schema\/logo\/image\/","url":"https:\/\/files.sunoresearch.com.br\/n\/uploads\/2021\/09\/suno-logo.png","contentUrl":"https:\/\/files.sunoresearch.com.br\/n\/uploads\/2021\/09\/suno-logo.png","width":180,"height":180,"caption":"Suno Not\u00edcias"},"image":{"@id":"https:\/\/www.suno.com.br\/noticias\/#\/schema\/logo\/image\/"},"sameAs":["https:\/\/facebook.com\/sunoresearch","https:\/\/x.com\/sunoresearch","https:\/\/www.instagram.com\/suno","https:\/\/www.linkedin.com\/company\/suno-research\/","https:\/\/www.youtube.com\/c\/sunoresearch"]},{"@type":"Person","@id":"https:\/\/www.suno.com.br\/noticias\/#\/schema\/person\/0d0c9687cd2f600c564f25980c140de9","name":"Guilherme Caetano","image":{"@type":"ImageObject","inLanguage":"pt-BR","@id":"https:\/\/www.suno.com.br\/noticias\/#\/schema\/person\/image\/","url":"https:\/\/secure.gravatar.com\/avatar\/e48357351a01702a0d19307070e081bf?s=96&r=g","contentUrl":"https:\/\/secure.gravatar.com\/avatar\/e48357351a01702a0d19307070e081bf?s=96&r=g","caption":"Guilherme Caetano"},"description":"Formado em jornalismo pela Escola de Comunica\u00e7\u00f5es e Artes da USP, Guilherme Caetano escreve para o portal de not\u00edcias da Suno Research. Passou pelas reda\u00e7\u00f5es da Folha de S.Paulo e da revista \u00c9poca.","url":"https:\/\/www.suno.com.br\/noticias\/author\/guilherme-caetano\/"}]}},"default_loop_html":"<div class=\"cardsPage__listCard__boxs\"><div class=\"cardsPage__listCard__boxs__img\"><a href=\"https:\/\/www.suno.com.br\/noticias\/desemprego-zona-euro-menor-taxa\/\"><img class=\"mask\" src=\"https:\/\/www.suno.com.br\/noticias\/wp-content\/themes\/suno\/resources\/images\/spotlight\/spotlight1img\/bg-mask.png\" alt=\"Image Mask\"\/><img src=\"https:\/\/files.sunoresearch.com.br\/n\/uploads\/2018\/11\/f95dbaec-inflacao-na-zona-do-euro-400x200.webp\" alt=\"Desemprego na zona do euro cai para 7,9%, menor taxa desde 2008\"\/><\/a><span class=\"spotlightCategory\"><a href=\"https:\/\/www.suno.com.br\/noticias\/internacional\/\">Internacional<\/a><\/span><\/div><div class=\"cardsPage__listCard__boxs__content\"><a href=\"https:\/\/www.suno.com.br\/noticias\/desemprego-zona-euro-menor-taxa\/\"><h2 class=\"content__title\">Desemprego na zona do euro cai para 7,9%, menor taxa desde 2008<\/h2><\/a><div class=\"newsContent__article__meta\"><div class=\"newsContent__article__meta__authorBox\"><a href=\"https:\/\/www.suno.com.br\/noticias\/author\/guilherme-caetano\/\" class=\"authorBox__avatar noMobi\"><img src=\"https:\/\/secure.gravatar.com\/avatar\/e48357351a01702a0d19307070e081bf?s=96&#038;r=g\" alt=\"Guilherme Caetano\"><\/a><div class=\"authorBox__name\"><span>por\n\t\t\t<a href=\"https:\/\/www.suno.com.br\/noticias\/author\/guilherme-caetano\/\"><span itemprop=\"author\">Guilherme Caetano<\/span><\/a><\/span><time datetime=\"2019-01-09T15:52:27-02:00\" itemprop=\"datePublished\">09\/01\/2019 15:52<\/time><\/div><\/div><\/div><\/div><\/div>","single_layout":"posts","amp_enabled":true,"_links":{"self":[{"href":"https:\/\/www.suno.com.br\/noticias\/wp-json\/wp\/v2\/posts\/10981"}],"collection":[{"href":"https:\/\/www.suno.com.br\/noticias\/wp-json\/wp\/v2\/posts"}],"about":[{"href":"https:\/\/www.suno.com.br\/noticias\/wp-json\/wp\/v2\/types\/post"}],"author":[{"embeddable":true,"href":"https:\/\/www.suno.com.br\/noticias\/wp-json\/wp\/v2\/users\/13"}],"replies":[{"embeddable":true,"href":"https:\/\/www.suno.com.br\/noticias\/wp-json\/wp\/v2\/comments?post=10981"}],"version-history":[{"count":0,"href":"https:\/\/www.suno.com.br\/noticias\/wp-json\/wp\/v2\/posts\/10981\/revisions"}],"wp:featuredmedia":[{"embeddable":true,"href":"https:\/\/www.suno.com.br\/noticias\/wp-json\/wp\/v2\/media\/6400"}],"wp:attachment":[{"href":"https:\/\/www.suno.com.br\/noticias\/wp-json\/wp\/v2\/media?parent=10981"}],"wp:term":[{"taxonomy":"category","embeddable":true,"href":"https:\/\/www.suno.com.br\/noticias\/wp-json\/wp\/v2\/categories?post=10981"},{"taxonomy":"post_tag","embeddable":true,"href":"https:\/\/www.suno.com.br\/noticias\/wp-json\/wp\/v2\/tags?post=10981"},{"taxonomy":"suno_strategy","embeddable":true,"href":"https:\/\/www.suno.com.br\/noticias\/wp-json\/wp\/v2\/suno_strategy?post=10981"}],"curies":[{"name":"wp","href":"https:\/\/api.w.org\/{rel}","templated":true}]}}