{"id":109718,"date":"2020-12-19T16:19:38","date_gmt":"2020-12-19T19:19:38","guid":{"rendered":"https:\/\/www.suno.com.br\/noticias\/?p=109718"},"modified":"2020-12-19T16:27:33","modified_gmt":"2020-12-19T19:27:33","slug":"embraer-entrega-aeronave-fab","status":"publish","type":"post","link":"https:\/\/www.suno.com.br\/noticias\/embraer-entrega-aeronave-fab\/","title":{"rendered":"Embraer (EMBR3) entrega quarta aeronave C-390 Millennium \u00e0 For\u00e7a A\u00e9rea Brasileira"},"content":{"rendered":"<p>A <a href=\"https:\/\/www.suno.com.br\/acoes\/EMBR3\">Embraer (EMBR3)<\/a> informou em nota divulgada neste s\u00e1bado (19) que entregou \u00e0 For\u00e7a A\u00e9rea Brasileira (FAB) o quarto <strong>avi\u00e3o de transporte<\/strong> multimiss\u00e3o <strong>C-390 Millennium<\/strong>. Essa aeronave faz parte de um pacote com\u00a028 unidades, que ser\u00e3o operadas pelo Primeiro Grupo de Transporte de Tropa (1\u00ba GTT).<\/p>\t<div class=\"wrapper-featured-image\">\n\t\t<figure class=\"spotlightImg\">\n\n\t\t\t<picture>\n\t\t\t\t<source media=\"(max-width: 768px)\" srcset=\"https:\/\/files.sunoresearch.com.br\/n\/uploads\/2020\/12\/1384c01c-embraer-400x200.webp\">\n\t\t\t\t<img loading=\"lazy\" decoding=\"async\" class=\"newsContent__article__imgCapa lazyloadDisabled \" src=\"https:\/\/files.sunoresearch.com.br\/n\/uploads\/2020\/12\/1384c01c-embraer-jpg.webp\" width=\"800\" height=\"450\" alt=\"Embraer (EMBR3) entrega quarta aeronave C-390 Millennium \u00e0 For\u00e7a A\u00e9rea Brasileira\" fetchpriority=high \/>\n\t\t\t<\/picture>\n\n\t\t\t<figcaption class=\"wp-caption-text wp-caption-text--show\">Embraer (EMBR3) entrega quarta aeronave C-390 Millennium \u00e0 For\u00e7a A\u00e9rea Brasileira<\/figcaption>\n\t\t<\/figure>\n\t<\/div>\n\n\n<p><span data-sheets-value=\"{&quot;1&quot;:2,&quot;2&quot;:&quot;&quot;}\" data-sheets-userformat=\"{&quot;2&quot;:6723,&quot;3&quot;:{&quot;1&quot;:0},&quot;4&quot;:[null,2,16777215],&quot;9&quot;:0,&quot;12&quot;:0,&quot;14&quot;:[null,2,0],&quot;15&quot;:&quot;Arial&quot;}\">\t<p>\n\t\t<a href=\"https:\/\/lp.suno.com.br\/planilha-controle-gastos\/\" target=\"_blank\" data-element=\"shortcode-suno-banner\" title=\"Banner SUNO, clique e saiba mais\">\n\t\t\t<picture>\n\t\t\t\t<source media=\"(max-width: 500px)\" srcset=\"https:\/\/files.sunoresearch.com.br\/n\/uploads\/2023\/03\/400x300-Planilha-controle-de-gastos.png\">\n\t\t\t\t<img class=\"newsContent__article__imgCapa newsContent__article__imgCapa--banner\"\n\t\t\t\t\tsrc=\"https:\/\/files.sunoresearch.com.br\/n\/uploads\/2023\/03\/1420x240-Planilha-controle-de-gastos.png\"\n\t\t\t\t\tdata-promo-id=\"101751\"\t\t\t\t\t\t\t\t\t\twidth='1420' height='240'\t\t\t\t\talt=\"https:\/\/files.sunoresearch.com.br\/n\/uploads\/2023\/03\/1420x240-Planilha-controle-de-gastos.png\"\n\t\t\t\t>\n\t\t\t<\/picture>\n\t\t<\/a>\n\t<\/p>\n\n<\/span><\/p>\n<p>A empresa informou que as unidades encomendadas pela FAB s\u00e3o preparadas para miss\u00f5es de reabastecimento a\u00e9reo, com a designa\u00e7\u00e3o KC-390 Millennium.<\/p>\n<p>Em breve, a aeronave da Embraer ser\u00e1 operada nas mais diversas miss\u00f5es em diferentes regi\u00f5es do Brasil e no exterior, a exemplo das outras tr\u00eas que j\u00e1 fizeram o transporte de insumos e materiais durante a Opera\u00e7\u00e3o Covid-19, disse o comandante da Aeron\u00e1utica, Tenente-Brigadeiro do Ar Antonio Carlos Moretti Bermudez.<\/p>\n<p><span data-sheets-value=\"{&quot;1&quot;:2,&quot;2&quot;:&quot;Suno One: acesse gratuitamente eBooks, Minicursos, Artigos e Video Aulas sobre investimentos com um \u00fanico cadastro. Clique para saber mais! Link https:\/\/lp.suno.com.br\/suno-one\/&quot;}\" data-sheets-userformat=\"{&quot;2&quot;:6979,&quot;3&quot;:{&quot;1&quot;:0},&quot;4&quot;:[null,2,16777215],&quot;9&quot;:0,&quot;11&quot;:4,&quot;12&quot;:0,&quot;14&quot;:[null,2,0],&quot;15&quot;:&quot;Arial&quot;}\"><a href=\"https:\/\/lp.suno.com.br\/suno-one\/\">Suno One: acesse gratuitamente eBooks, Minicursos, Artigos e Video Aulas sobre investimentos com um \u00fanico cadastro. Clique para saber mais!<\/a>\u00a0<\/span><\/p>\n<p>A Embraer informou que desde o in\u00edcio da crise a FAB tem utilizado as <strong>KC-390 Millennium<\/strong> em <strong>miss\u00f5es log\u00edsticas<\/strong> de <strong>transporte a\u00e9reo<\/strong>, com a movimenta\u00e7\u00e3o de suprimento para combater a pandemia no Brasil. Uma das unidades da FAB foi utilizada em miss\u00e3o humanit\u00e1ria \u00e0 Rep\u00fablica do L\u00edbano ap\u00f3s a explos\u00e3o no porto de Beirute, em agosto deste ano.<\/p>\n<p><span data-sheets-value=\"{&quot;1&quot;:2,&quot;2&quot;:&quot;&quot;}\" data-sheets-userformat=\"{&quot;2&quot;:513,&quot;3&quot;:{&quot;1&quot;:0},&quot;12&quot;:0}\">\t<div data-element=\"shortcode-read-more\" class=\"knowMore\">\n\t\t\t\t<span class=\"knowMore__title\">Veja Tamb\u00e9m<\/span>\n\t\t\t\t<a class=\"knowMore__link\" href=\"https:\/\/www.suno.com.br\/noticias\/embraer-embr3-beneficiar-pos-pandemia\/\">\n\t\t\tEmbraer (EMBR3) se beneficiar\u00e1 no p\u00f3s-pandemia, diz BTG; a\u00e7\u00e3o dispara\t\t<\/a>\n\t<\/div>\n\n<\/span><\/p>\n<p>Em 17 de novembro, a Hungria fechou um acordo com a Embraer para comprar duas aeronaves C-390 Millennium, em configura\u00e7\u00e3o semelhante, com reabastecimento a\u00e9reo. De acordo com a Embraer, a aquisi\u00e7\u00e3o ocorre dentro do projeto de fortalecimento das for\u00e7as armadas do pa\u00eds europeu, com foco nas opera\u00e7\u00f5es de transporte a\u00e9reo t\u00e1tico, reabastecimento de aeronaves e e evacua\u00e7\u00e3o m\u00e9dica. A primeira entrega para a Hungria dever\u00e1 ocorrer em 2023.<\/p>\n<p><span data-sheets-value=\"{&quot;1&quot;:2,&quot;2&quot;:&quot;\t&lt;p&gt;\n\t\t&lt;a href=&quot;https:\/\/lp.suno.com.br\/ebook-como-analisar-uma-acao\/&quot; target=&quot;_blank&quot; data-element=&quot;shortcode-suno-banner&quot; title=&quot;Banner SUNO, clique e saiba mais&quot;&gt;\n\t\t\t&lt;picture&gt;\n\t\t\t\t&lt;source media=&quot;(max-width: 500px)&quot; srcset=&quot;https:\/\/files.sunoresearch.com.br\/n\/uploads\/2023\/03\/Ebook-Acoes-Mobile.jpg&quot;&gt;\n\t\t\t\t&lt;img class=&quot;newsContent__article__imgCapa newsContent__article__imgCapa--banner&quot;\n\t\t\t\t\tsrc=&quot;https:\/\/files.sunoresearch.com.br\/n\/uploads\/2023\/03\/Ebook-Acoes-Desktop.jpg&quot;\n\t\t\t\t\tdata-promo-id=&quot;378302&quot;\t\t\t\t\t\t\t\t\t\twidth=&#039;1420&#039; height=&#039;286&#039;\t\t\t\t\talt=&quot;https:\/\/files.sunoresearch.com.br\/n\/uploads\/2023\/03\/Ebook-Acoes-Desktop.jpg&quot;\n\t\t\t\t&gt;\n\t\t\t&lt;\/picture&gt;\n\t\t&lt;\/a&gt;\n\t&lt;\/p&gt;\n\n&quot;}\" data-sheets-userformat=\"{&quot;2&quot;:6723,&quot;3&quot;:{&quot;1&quot;:0},&quot;4&quot;:[null,2,16777215],&quot;9&quot;:0,&quot;12&quot;:0,&quot;14&quot;:[null,2,0],&quot;15&quot;:&quot;Arial&quot;}\">\t<p>\n\t\t<a href=\"https:\/\/lp.suno.com.br\/ebook-como-analisar-uma-acao\/\" target=\"_blank\" data-element=\"shortcode-suno-banner\" title=\"Banner SUNO, clique e saiba mais\">\n\t\t\t<picture>\n\t\t\t\t<source media=\"(max-width: 500px)\" srcset=\"https:\/\/files.sunoresearch.com.br\/n\/uploads\/2023\/03\/Ebook-Acoes-Mobile.jpg\">\n\t\t\t\t<img class=\"newsContent__article__imgCapa newsContent__article__imgCapa--banner\"\n\t\t\t\t\tsrc=\"https:\/\/files.sunoresearch.com.br\/n\/uploads\/2023\/03\/Ebook-Acoes-Desktop.jpg\"\n\t\t\t\t\tdata-promo-id=\"378302\"\t\t\t\t\t\t\t\t\t\twidth='1420' height='286'\t\t\t\t\talt=\"https:\/\/files.sunoresearch.com.br\/n\/uploads\/2023\/03\/Ebook-Acoes-Desktop.jpg\"\n\t\t\t\t>\n\t\t\t<\/picture>\n\t\t<\/a>\n\t<\/p>\n\n<\/span><\/p>\n<p>H\u00e1 dois meses, as for\u00e7as armadas de Portugal e a Embraer terminaram o &#8220;Critical Design Review &#8211; CDR&#8221; dos KC-390 Millennium encomendados pelo pa\u00eds. Com a conclus\u00e3o dessa etapa, ficaram definidos os requisitos t\u00e9cnicos e as demandas do pa\u00eds.<\/p>\n<p>Portugal encomendou junto \u00e0 <strong>Embraer<\/strong> cinco aeronaves multimiss\u00e3o para apoiar as opera\u00e7\u00f5es das For\u00e7as Armadas de Portugal e elevar a prontid\u00e3o em miss\u00f5es de interesse nacional. As entregas est\u00e3o programadas para come\u00e7ar em 2023.<\/p>\n<p>(Com Estad\u00e3o Conte\u00fado)<\/p>\n<p><span data-sheets-value=\"{&quot;1&quot;:2,&quot;2&quot;:&quot;&quot;}\" data-sheets-userformat=\"{&quot;2&quot;:513,&quot;3&quot;:{&quot;1&quot;:0},&quot;12&quot;:0}\">\t<div data-element=\"shortcode-read-more\" class=\"knowMore\">\n\t\t\t\t<span class=\"knowMore__title\">Veja Tamb\u00e9m<\/span>\n\t\t\t\t<a class=\"knowMore__link\" href=\"https:\/\/www.suno.com.br\/noticias\/leilao-oi-oibr3-oibr4-mercado-telefonia\/\">\n\t\t\tLeil\u00e3o da Oi (OIBR3) concentrar\u00e1 ainda mais mercado de telefonia\t\t<\/a>\n\t<\/div>\n\n<\/span><\/p>\n","protected":false},"excerpt":{"rendered":"<p>A Embraer (EMBR3) informou em nota divulgada neste s\u00e1bado (19) que entregou \u00e0 For\u00e7a A\u00e9rea Brasileira (FAB) o quarto avi\u00e3o de transporte multimiss\u00e3o C-390 Millennium. Essa aeronave faz parte de um pacote com\u00a028 unidades, que ser\u00e3o operadas pelo Primeiro Grupo de Transporte de Tropa (1\u00ba GTT). Embraer (EMBR3) entrega quarta aeronave C-390 Millennium \u00e0 For\u00e7a [&hellip;]<\/p>\n","protected":false},"author":43,"featured_media":109720,"comment_status":"closed","ping_status":"closed","sticky":false,"template":"","format":"standard","meta":[],"categories":[64],"tags":[460],"suno_strategy":[],"class_list":["post-109718","post","type-post","status-publish","format-standard","has-post-thumbnail","hentry","category-negocios","tag-embraer-embr3"],"yoast_head":"<!-- This site is optimized with the Yoast SEO plugin v24.4 - https:\/\/yoast.com\/wordpress\/plugins\/seo\/ -->\n<title>Embraer (EMBR3) entrega quarta aeronave C-390 Millennium \u00e0 FAB<\/title>\n<meta name=\"description\" content=\"As For\u00e7as A\u00e9reas Brasileiras receberam a quarta aeronave da Embraer de um pacote de 28 unidades. Clique e veja mais!\" \/>\n<meta name=\"robots\" content=\"index, follow, max-snippet:-1, max-image-preview:large, max-video-preview:-1\" \/>\n<link rel=\"canonical\" href=\"https:\/\/www.suno.com.br\/noticias\/embraer-entrega-aeronave-fab\/\" \/>\n<meta property=\"og:locale\" content=\"pt_BR\" \/>\n<meta property=\"og:type\" content=\"article\" \/>\n<meta property=\"og:title\" content=\"Embraer (EMBR3) entrega quarta aeronave C-390 Millennium \u00e0 FAB\" \/>\n<meta property=\"og:description\" content=\"As For\u00e7as A\u00e9reas Brasileiras receberam a quarta aeronave da Embraer de um pacote de 28 unidades. Clique e veja mais!\" \/>\n<meta property=\"og:url\" content=\"https:\/\/www.suno.com.br\/noticias\/embraer-entrega-aeronave-fab\/\" \/>\n<meta property=\"og:site_name\" content=\"Suno Not\u00edcias\" \/>\n<meta property=\"article:publisher\" content=\"https:\/\/facebook.com\/sunoresearch\" \/>\n<meta property=\"article:author\" content=\"https:\/\/www.facebook.com\/sunonoticias\/\" \/>\n<meta property=\"og:image\" content=\"https:\/\/files.sunoresearch.com.br\/n\/uploads\/2020\/12\/1384c01c-embraer.jpg\" \/>\n\t<meta property=\"og:image:width\" content=\"696\" \/>\n\t<meta property=\"og:image:height\" content=\"462\" \/>\n\t<meta property=\"og:image:type\" content=\"image\/jpeg\" \/>\n<meta name=\"author\" content=\"Reda\u00e7\u00e3o Suno Not\u00edcias\" \/>\n<meta name=\"twitter:card\" content=\"summary_large_image\" \/>\n<meta name=\"twitter:creator\" content=\"@https:\/\/twitter.com\/sunoresearch\" \/>\n<meta name=\"twitter:site\" content=\"@sunoresearch\" \/>\n<meta name=\"twitter:label1\" content=\"Escrito por\" \/>\n\t<meta name=\"twitter:data1\" content=\"Reda\u00e7\u00e3o Suno Not\u00edcias\" \/>\n\t<meta name=\"twitter:label2\" content=\"Est. tempo de leitura\" \/>\n\t<meta name=\"twitter:data2\" content=\"2 minutos\" \/>\n<script type=\"application\/ld+json\" class=\"yoast-schema-graph\">{\"@context\":\"https:\/\/schema.org\",\"@graph\":[{\"@type\":\"NewsArticle\",\"@id\":\"https:\/\/www.suno.com.br\/noticias\/embraer-entrega-aeronave-fab\/#article\",\"isPartOf\":{\"@id\":\"https:\/\/www.suno.com.br\/noticias\/embraer-entrega-aeronave-fab\/\"},\"author\":{\"name\":\"Reda\u00e7\u00e3o Suno Not\u00edcias\",\"@id\":\"https:\/\/www.suno.com.br\/noticias\/#\/schema\/person\/c1b1bd3727fa852bd045e9dbff3673ea\"},\"headline\":\"Embraer (EMBR3) entrega quarta aeronave C-390 Millennium \u00e0 For\u00e7a A\u00e9rea Brasileira\",\"datePublished\":\"2020-12-19T19:19:38+00:00\",\"dateModified\":\"2020-12-19T19:27:33+00:00\",\"mainEntityOfPage\":{\"@id\":\"https:\/\/www.suno.com.br\/noticias\/embraer-entrega-aeronave-fab\/\"},\"wordCount\":427,\"publisher\":{\"@id\":\"https:\/\/www.suno.com.br\/noticias\/#organization\"},\"image\":{\"@id\":\"https:\/\/www.suno.com.br\/noticias\/embraer-entrega-aeronave-fab\/#primaryimage\"},\"thumbnailUrl\":\"https:\/\/files.sunoresearch.com.br\/n\/uploads\/2020\/12\/1384c01c-embraer-jpg.webp\",\"keywords\":[\"Embraer (EMBR3)\"],\"articleSection\":[\"Neg\u00f3cios\"],\"inLanguage\":\"pt-BR\"},{\"@type\":\"WebPage\",\"@id\":\"https:\/\/www.suno.com.br\/noticias\/embraer-entrega-aeronave-fab\/\",\"url\":\"https:\/\/www.suno.com.br\/noticias\/embraer-entrega-aeronave-fab\/\",\"name\":\"Embraer (EMBR3) entrega quarta aeronave C-390 Millennium \u00e0 FAB\",\"isPartOf\":{\"@id\":\"https:\/\/www.suno.com.br\/noticias\/#website\"},\"primaryImageOfPage\":{\"@id\":\"https:\/\/www.suno.com.br\/noticias\/embraer-entrega-aeronave-fab\/#primaryimage\"},\"image\":{\"@id\":\"https:\/\/www.suno.com.br\/noticias\/embraer-entrega-aeronave-fab\/#primaryimage\"},\"thumbnailUrl\":\"https:\/\/files.sunoresearch.com.br\/n\/uploads\/2020\/12\/1384c01c-embraer-jpg.webp\",\"datePublished\":\"2020-12-19T19:19:38+00:00\",\"dateModified\":\"2020-12-19T19:27:33+00:00\",\"description\":\"As For\u00e7as A\u00e9reas Brasileiras receberam a quarta aeronave da Embraer de um pacote de 28 unidades. Clique e veja mais!\",\"breadcrumb\":{\"@id\":\"https:\/\/www.suno.com.br\/noticias\/embraer-entrega-aeronave-fab\/#breadcrumb\"},\"inLanguage\":\"pt-BR\",\"potentialAction\":[{\"@type\":\"ReadAction\",\"target\":[\"https:\/\/www.suno.com.br\/noticias\/embraer-entrega-aeronave-fab\/\"]}]},{\"@type\":\"ImageObject\",\"inLanguage\":\"pt-BR\",\"@id\":\"https:\/\/www.suno.com.br\/noticias\/embraer-entrega-aeronave-fab\/#primaryimage\",\"url\":\"https:\/\/files.sunoresearch.com.br\/n\/uploads\/2020\/12\/1384c01c-embraer-jpg.webp\",\"contentUrl\":\"https:\/\/files.sunoresearch.com.br\/n\/uploads\/2020\/12\/1384c01c-embraer-jpg.webp\",\"width\":696,\"height\":462,\"caption\":\"Embraer (EMBR3) entrega quarta aeronave C-390 Millennium \u00e0 For\u00e7a A\u00e9rea Brasileira\"},{\"@type\":\"BreadcrumbList\",\"@id\":\"https:\/\/www.suno.com.br\/noticias\/embraer-entrega-aeronave-fab\/#breadcrumb\",\"itemListElement\":[{\"@type\":\"ListItem\",\"position\":1,\"name\":\"Not\u00edcias\",\"item\":\"https:\/\/www.suno.com.br\/noticias\/\"},{\"@type\":\"ListItem\",\"position\":2,\"name\":\"Neg\u00f3cios\",\"item\":\"https:\/\/www.suno.com.br\/noticias\/negocios\/\"},{\"@type\":\"ListItem\",\"position\":3,\"name\":\"Embraer (EMBR3) entrega quarta aeronave C-390 Millennium \u00e0 For\u00e7a A\u00e9rea Brasileira\"}]},{\"@type\":\"WebSite\",\"@id\":\"https:\/\/www.suno.com.br\/noticias\/#website\",\"url\":\"https:\/\/www.suno.com.br\/noticias\/\",\"name\":\"Suno Not\u00edcias\",\"description\":\"Seu portal de informa\u00e7\u00e3o sobre o mundo dos investimentos\",\"publisher\":{\"@id\":\"https:\/\/www.suno.com.br\/noticias\/#organization\"},\"potentialAction\":[{\"@type\":\"SearchAction\",\"target\":{\"@type\":\"EntryPoint\",\"urlTemplate\":\"https:\/\/www.suno.com.br\/noticias\/?s={search_term_string}\"},\"query-input\":{\"@type\":\"PropertyValueSpecification\",\"valueRequired\":true,\"valueName\":\"search_term_string\"}}],\"inLanguage\":\"pt-BR\"},{\"@type\":\"Organization\",\"@id\":\"https:\/\/www.suno.com.br\/noticias\/#organization\",\"name\":\"Suno Not\u00edcias\",\"url\":\"https:\/\/www.suno.com.br\/noticias\/\",\"logo\":{\"@type\":\"ImageObject\",\"inLanguage\":\"pt-BR\",\"@id\":\"https:\/\/www.suno.com.br\/noticias\/#\/schema\/logo\/image\/\",\"url\":\"https:\/\/files.sunoresearch.com.br\/n\/uploads\/2021\/09\/suno-logo.png\",\"contentUrl\":\"https:\/\/files.sunoresearch.com.br\/n\/uploads\/2021\/09\/suno-logo.png\",\"width\":180,\"height\":180,\"caption\":\"Suno Not\u00edcias\"},\"image\":{\"@id\":\"https:\/\/www.suno.com.br\/noticias\/#\/schema\/logo\/image\/\"},\"sameAs\":[\"https:\/\/facebook.com\/sunoresearch\",\"https:\/\/x.com\/sunoresearch\",\"https:\/\/www.instagram.com\/suno\",\"https:\/\/www.linkedin.com\/company\/suno-research\/\",\"https:\/\/www.youtube.com\/c\/sunoresearch\"]},{\"@type\":\"Person\",\"@id\":\"https:\/\/www.suno.com.br\/noticias\/#\/schema\/person\/c1b1bd3727fa852bd045e9dbff3673ea\",\"name\":\"Reda\u00e7\u00e3o Suno Not\u00edcias\",\"image\":{\"@type\":\"ImageObject\",\"inLanguage\":\"pt-BR\",\"@id\":\"https:\/\/www.suno.com.br\/noticias\/#\/schema\/person\/image\/\",\"url\":\"https:\/\/secure.gravatar.com\/avatar\/b8104b9b5a71985d5238ee59fbe418af?s=96&r=g\",\"contentUrl\":\"https:\/\/secure.gravatar.com\/avatar\/b8104b9b5a71985d5238ee59fbe418af?s=96&r=g\",\"caption\":\"Reda\u00e7\u00e3o Suno Not\u00edcias\"},\"description\":\"O Suno Not\u00edcias \u00e9 um portal de informa\u00e7\u00f5es sobre Mercado Financeiro, Pol\u00edtica, Neg\u00f3cios, Economia e Finan\u00e7as Pessoais.\",\"sameAs\":[\"https:\/\/www.suno.com.br\/noticias\",\"https:\/\/www.facebook.com\/sunonoticias\/\",\"https:\/\/www.instagram.com\/sunonoticias\/\",\"https:\/\/x.com\/https:\/\/twitter.com\/sunoresearch\",\"https:\/\/www.youtube.com\/sunonoticias\"],\"url\":\"https:\/\/www.suno.com.br\/noticias\/author\/redacao-suno\/\"}]}<\/script>\n<!-- \/ Yoast SEO plugin. -->","yoast_head_json":{"title":"Embraer (EMBR3) entrega quarta aeronave C-390 Millennium \u00e0 FAB","description":"As For\u00e7as A\u00e9reas Brasileiras receberam a quarta aeronave da Embraer de um pacote de 28 unidades. Clique e veja mais!","robots":{"index":"index","follow":"follow","max-snippet":"max-snippet:-1","max-image-preview":"max-image-preview:large","max-video-preview":"max-video-preview:-1"},"canonical":"https:\/\/www.suno.com.br\/noticias\/embraer-entrega-aeronave-fab\/","og_locale":"pt_BR","og_type":"article","og_title":"Embraer (EMBR3) entrega quarta aeronave C-390 Millennium \u00e0 FAB","og_description":"As For\u00e7as A\u00e9reas Brasileiras receberam a quarta aeronave da Embraer de um pacote de 28 unidades. Clique e veja mais!","og_url":"https:\/\/www.suno.com.br\/noticias\/embraer-entrega-aeronave-fab\/","og_site_name":"Suno Not\u00edcias","article_publisher":"https:\/\/facebook.com\/sunoresearch","article_author":"https:\/\/www.facebook.com\/sunonoticias\/","og_image":[{"width":696,"height":462,"url":"https:\/\/files.sunoresearch.com.br\/n\/uploads\/2020\/12\/1384c01c-embraer.jpg","type":"image\/jpeg"}],"author":"Reda\u00e7\u00e3o Suno Not\u00edcias","twitter_card":"summary_large_image","twitter_creator":"@https:\/\/twitter.com\/sunoresearch","twitter_site":"@sunoresearch","twitter_misc":{"Escrito por":"Reda\u00e7\u00e3o Suno Not\u00edcias","Est. tempo de leitura":"2 minutos"},"schema":{"@context":"https:\/\/schema.org","@graph":[{"@type":"NewsArticle","@id":"https:\/\/www.suno.com.br\/noticias\/embraer-entrega-aeronave-fab\/#article","isPartOf":{"@id":"https:\/\/www.suno.com.br\/noticias\/embraer-entrega-aeronave-fab\/"},"author":{"name":"Reda\u00e7\u00e3o Suno Not\u00edcias","@id":"https:\/\/www.suno.com.br\/noticias\/#\/schema\/person\/c1b1bd3727fa852bd045e9dbff3673ea"},"headline":"Embraer (EMBR3) entrega quarta aeronave C-390 Millennium \u00e0 For\u00e7a A\u00e9rea Brasileira","datePublished":"2020-12-19T19:19:38+00:00","dateModified":"2020-12-19T19:27:33+00:00","mainEntityOfPage":{"@id":"https:\/\/www.suno.com.br\/noticias\/embraer-entrega-aeronave-fab\/"},"wordCount":427,"publisher":{"@id":"https:\/\/www.suno.com.br\/noticias\/#organization"},"image":{"@id":"https:\/\/www.suno.com.br\/noticias\/embraer-entrega-aeronave-fab\/#primaryimage"},"thumbnailUrl":"https:\/\/files.sunoresearch.com.br\/n\/uploads\/2020\/12\/1384c01c-embraer-jpg.webp","keywords":["Embraer (EMBR3)"],"articleSection":["Neg\u00f3cios"],"inLanguage":"pt-BR"},{"@type":"WebPage","@id":"https:\/\/www.suno.com.br\/noticias\/embraer-entrega-aeronave-fab\/","url":"https:\/\/www.suno.com.br\/noticias\/embraer-entrega-aeronave-fab\/","name":"Embraer (EMBR3) entrega quarta aeronave C-390 Millennium \u00e0 FAB","isPartOf":{"@id":"https:\/\/www.suno.com.br\/noticias\/#website"},"primaryImageOfPage":{"@id":"https:\/\/www.suno.com.br\/noticias\/embraer-entrega-aeronave-fab\/#primaryimage"},"image":{"@id":"https:\/\/www.suno.com.br\/noticias\/embraer-entrega-aeronave-fab\/#primaryimage"},"thumbnailUrl":"https:\/\/files.sunoresearch.com.br\/n\/uploads\/2020\/12\/1384c01c-embraer-jpg.webp","datePublished":"2020-12-19T19:19:38+00:00","dateModified":"2020-12-19T19:27:33+00:00","description":"As For\u00e7as A\u00e9reas Brasileiras receberam a quarta aeronave da Embraer de um pacote de 28 unidades. Clique e veja mais!","breadcrumb":{"@id":"https:\/\/www.suno.com.br\/noticias\/embraer-entrega-aeronave-fab\/#breadcrumb"},"inLanguage":"pt-BR","potentialAction":[{"@type":"ReadAction","target":["https:\/\/www.suno.com.br\/noticias\/embraer-entrega-aeronave-fab\/"]}]},{"@type":"ImageObject","inLanguage":"pt-BR","@id":"https:\/\/www.suno.com.br\/noticias\/embraer-entrega-aeronave-fab\/#primaryimage","url":"https:\/\/files.sunoresearch.com.br\/n\/uploads\/2020\/12\/1384c01c-embraer-jpg.webp","contentUrl":"https:\/\/files.sunoresearch.com.br\/n\/uploads\/2020\/12\/1384c01c-embraer-jpg.webp","width":696,"height":462,"caption":"Embraer (EMBR3) entrega quarta aeronave C-390 Millennium \u00e0 For\u00e7a A\u00e9rea Brasileira"},{"@type":"BreadcrumbList","@id":"https:\/\/www.suno.com.br\/noticias\/embraer-entrega-aeronave-fab\/#breadcrumb","itemListElement":[{"@type":"ListItem","position":1,"name":"Not\u00edcias","item":"https:\/\/www.suno.com.br\/noticias\/"},{"@type":"ListItem","position":2,"name":"Neg\u00f3cios","item":"https:\/\/www.suno.com.br\/noticias\/negocios\/"},{"@type":"ListItem","position":3,"name":"Embraer (EMBR3) entrega quarta aeronave C-390 Millennium \u00e0 For\u00e7a A\u00e9rea Brasileira"}]},{"@type":"WebSite","@id":"https:\/\/www.suno.com.br\/noticias\/#website","url":"https:\/\/www.suno.com.br\/noticias\/","name":"Suno Not\u00edcias","description":"Seu portal de informa\u00e7\u00e3o sobre o mundo dos investimentos","publisher":{"@id":"https:\/\/www.suno.com.br\/noticias\/#organization"},"potentialAction":[{"@type":"SearchAction","target":{"@type":"EntryPoint","urlTemplate":"https:\/\/www.suno.com.br\/noticias\/?s={search_term_string}"},"query-input":{"@type":"PropertyValueSpecification","valueRequired":true,"valueName":"search_term_string"}}],"inLanguage":"pt-BR"},{"@type":"Organization","@id":"https:\/\/www.suno.com.br\/noticias\/#organization","name":"Suno Not\u00edcias","url":"https:\/\/www.suno.com.br\/noticias\/","logo":{"@type":"ImageObject","inLanguage":"pt-BR","@id":"https:\/\/www.suno.com.br\/noticias\/#\/schema\/logo\/image\/","url":"https:\/\/files.sunoresearch.com.br\/n\/uploads\/2021\/09\/suno-logo.png","contentUrl":"https:\/\/files.sunoresearch.com.br\/n\/uploads\/2021\/09\/suno-logo.png","width":180,"height":180,"caption":"Suno Not\u00edcias"},"image":{"@id":"https:\/\/www.suno.com.br\/noticias\/#\/schema\/logo\/image\/"},"sameAs":["https:\/\/facebook.com\/sunoresearch","https:\/\/x.com\/sunoresearch","https:\/\/www.instagram.com\/suno","https:\/\/www.linkedin.com\/company\/suno-research\/","https:\/\/www.youtube.com\/c\/sunoresearch"]},{"@type":"Person","@id":"https:\/\/www.suno.com.br\/noticias\/#\/schema\/person\/c1b1bd3727fa852bd045e9dbff3673ea","name":"Reda\u00e7\u00e3o Suno Not\u00edcias","image":{"@type":"ImageObject","inLanguage":"pt-BR","@id":"https:\/\/www.suno.com.br\/noticias\/#\/schema\/person\/image\/","url":"https:\/\/secure.gravatar.com\/avatar\/b8104b9b5a71985d5238ee59fbe418af?s=96&r=g","contentUrl":"https:\/\/secure.gravatar.com\/avatar\/b8104b9b5a71985d5238ee59fbe418af?s=96&r=g","caption":"Reda\u00e7\u00e3o Suno Not\u00edcias"},"description":"O Suno Not\u00edcias \u00e9 um portal de informa\u00e7\u00f5es sobre Mercado Financeiro, Pol\u00edtica, Neg\u00f3cios, Economia e Finan\u00e7as Pessoais.","sameAs":["https:\/\/www.suno.com.br\/noticias","https:\/\/www.facebook.com\/sunonoticias\/","https:\/\/www.instagram.com\/sunonoticias\/","https:\/\/x.com\/https:\/\/twitter.com\/sunoresearch","https:\/\/www.youtube.com\/sunonoticias"],"url":"https:\/\/www.suno.com.br\/noticias\/author\/redacao-suno\/"}]}},"default_loop_html":"<div class=\"cardsPage__listCard__boxs\"><div class=\"cardsPage__listCard__boxs__img\"><a href=\"https:\/\/www.suno.com.br\/noticias\/embraer-entrega-aeronave-fab\/\"><img class=\"mask\" src=\"https:\/\/www.suno.com.br\/noticias\/wp-content\/themes\/suno\/resources\/images\/spotlight\/spotlight1img\/bg-mask.png\" alt=\"Image Mask\"\/><img src=\"https:\/\/files.sunoresearch.com.br\/n\/uploads\/2020\/12\/1384c01c-embraer-400x200.webp\" alt=\"Embraer (EMBR3) entrega quarta aeronave C-390 Millennium \u00e0 For\u00e7a A\u00e9rea Brasileira\"\/><\/a><span class=\"spotlightCategory\"><a href=\"https:\/\/www.suno.com.br\/noticias\/negocios\/\">Neg\u00f3cios<\/a><\/span><\/div><div class=\"cardsPage__listCard__boxs__content\"><a href=\"https:\/\/www.suno.com.br\/noticias\/embraer-entrega-aeronave-fab\/\"><h2 class=\"content__title\">Embraer (EMBR3) entrega quarta aeronave C-390 Millennium \u00e0 For\u00e7a A\u00e9rea Brasileira<\/h2><\/a><div class=\"newsContent__article__meta\"><div class=\"newsContent__article__meta__authorBox\"><a href=\"https:\/\/www.suno.com.br\/noticias\/author\/redacao-suno\/\" class=\"authorBox__avatar noMobi\"><img src=\"https:\/\/files.sunoresearch.com.br\/n\/uploads\/2020\/08\/0ace682d-redacao-1-150x150.webp\" alt=\"Reda\u00e7\u00e3o Suno Not\u00edcias\"><\/a><div class=\"authorBox__name\"><span>por\n\t\t\t<a href=\"https:\/\/www.suno.com.br\/noticias\/author\/redacao-suno\/\"><span itemprop=\"author\">Reda\u00e7\u00e3o Suno Not\u00edcias<\/span><\/a><\/span><time datetime=\"2020-12-19T16:19:38-03:00\" itemprop=\"datePublished\">19\/12\/2020 16:19<\/time><\/div><\/div><\/div><\/div><\/div>","single_layout":"posts","amp_enabled":true,"_links":{"self":[{"href":"https:\/\/www.suno.com.br\/noticias\/wp-json\/wp\/v2\/posts\/109718"}],"collection":[{"href":"https:\/\/www.suno.com.br\/noticias\/wp-json\/wp\/v2\/posts"}],"about":[{"href":"https:\/\/www.suno.com.br\/noticias\/wp-json\/wp\/v2\/types\/post"}],"author":[{"embeddable":true,"href":"https:\/\/www.suno.com.br\/noticias\/wp-json\/wp\/v2\/users\/43"}],"replies":[{"embeddable":true,"href":"https:\/\/www.suno.com.br\/noticias\/wp-json\/wp\/v2\/comments?post=109718"}],"version-history":[{"count":0,"href":"https:\/\/www.suno.com.br\/noticias\/wp-json\/wp\/v2\/posts\/109718\/revisions"}],"wp:featuredmedia":[{"embeddable":true,"href":"https:\/\/www.suno.com.br\/noticias\/wp-json\/wp\/v2\/media\/109720"}],"wp:attachment":[{"href":"https:\/\/www.suno.com.br\/noticias\/wp-json\/wp\/v2\/media?parent=109718"}],"wp:term":[{"taxonomy":"category","embeddable":true,"href":"https:\/\/www.suno.com.br\/noticias\/wp-json\/wp\/v2\/categories?post=109718"},{"taxonomy":"post_tag","embeddable":true,"href":"https:\/\/www.suno.com.br\/noticias\/wp-json\/wp\/v2\/tags?post=109718"},{"taxonomy":"suno_strategy","embeddable":true,"href":"https:\/\/www.suno.com.br\/noticias\/wp-json\/wp\/v2\/suno_strategy?post=109718"}],"curies":[{"name":"wp","href":"https:\/\/api.w.org\/{rel}","templated":true}]}}