{"id":10965,"date":"2019-01-09T14:42:43","date_gmt":"2019-01-09T16:42:43","guid":{"rendered":"https:\/\/www.suno.com.br\/noticias\/?p=10965"},"modified":"2021-02-17T23:06:54","modified_gmt":"2021-02-18T02:06:54","slug":"bolsnaro-criticas-pacto-onu","status":"publish","type":"post","link":"https:\/\/www.suno.com.br\/noticias\/bolsnaro-criticas-pacto-onu\/","title":{"rendered":"Bolsonaro faz cr\u00edticas ao Pacto Global de Migra\u00e7\u00e3o da ONU"},"content":{"rendered":"<p>Um dia ap\u00f3s o Brasil oficializar a sa\u00edda do Pacto Global de Migra\u00e7\u00e3o da ONU, o presidente Jair Bolsonaro utilizou as redes sociais para criticar o acordo.<\/p>\t<div class=\"wrapper-featured-image\">\n\t\t<figure class=\"spotlightImg\">\n\n\t\t\t<picture>\n\t\t\t\t<source media=\"(max-width: 768px)\" srcset=\"https:\/\/files.sunoresearch.com.br\/n\/uploads\/2018\/12\/3e42a83f-bolsonaro-400x200.webp\">\n\t\t\t\t<img loading=\"lazy\" decoding=\"async\" class=\"newsContent__article__imgCapa lazyloadDisabled newsContent__article__imgCapa--noCaption\" src=\"https:\/\/files.sunoresearch.com.br\/n\/uploads\/2018\/12\/3e42a83f-bolsonaro-800x450.webp\" width=\"800\" height=\"450\" alt=\"Bolsonaro faz cr\u00edticas ao Pacto Global de Migra\u00e7\u00e3o da ONU\" fetchpriority=high \/>\n\t\t\t<\/picture>\n\n\t\t\t<figcaption class=\"wp-caption-text wp-caption-text--hide\">Governo Bolsonaro<\/figcaption>\n\t\t<\/figure>\n\t<\/div>\n\n\n<p>&#8220;O Brasil \u00e9 soberano para decidir se aceita ou n\u00e3o imigrantes. Quem porventura vier para c\u00e1 dever\u00e1 estar sujeito \u00e0s nossas leis, regras e costumes, bem como dever\u00e1 cantar nosso hino e respeitar nossa cultura. N\u00e3o \u00e9 qualquer um que entra em nossa casa, nem ser\u00e1 qualquer um que entrar\u00e1 no Brasil via pacto adotado por terceiros. N\u00c3O AO PACTO MIGRAT\u00d3RIO&#8221;, publicou <strong>Bolsonaro<\/strong> nesta quarta-feira (9).<\/p>\n<p>Desta forma, a cr\u00edtica do presidente fica alinhada ao que defende o presidente dos Estados Unidos, <strong>Donald Trump<\/strong>.<\/p>\n<p>Na \u00faltima ter\u00e7a-feira (8), o norte-americano realizou um pronunciamento na TV buscando o apoio da popula\u00e7\u00e3o para que seja constru\u00eddo o muro na fronteira com o <strong>M\u00e9xico<\/strong>. Uma de suas promessas de campanha.<\/p>\n<p>Al\u00e9m do Trump e Bolsonaro, outros l\u00edderes criticam o pacto. S\u00e3o eles:<\/p>\n<ul>\n<li>Sebasti\u00e1n Pi\u00f1era (Presidente do Chile);<\/li>\n<li>Binyamin Netanyahu (primeiro-ministro Israel);<\/li>\n<li>Viktor Orb\u00e1n (primeiro-ministro Hungria);<\/li>\n<li>Matteo Salvini (vice-primeiro-ministro It\u00e1lia).<\/li>\n<\/ul>\n<p><a href=\"https:\/\/www.suno.com.br\/noticias\/reforma-previdencia-onyx\/\">Saiba mais:\u00a0Bolsonaro decidir\u00e1 reforma da Previd\u00eancia na semana que vem, diz Onyx<\/a><\/p>\n<h2>Migra\u00e7\u00e3o Brasil<\/h2>\n<p>Atualmente, o Brasil enfrenta um crise migrat\u00f3ria por conta da entrada de venezuelanos no pa\u00eds, pela fronteira de <strong>Roraima<\/strong>.<\/p>\n<p>Esse fluxo intenso de pessoa tem sobrecarregado os servi\u00e7os p\u00fablicos do estado.<\/p>\n<p>Entretanto, foi criado pelo governo federal o programa de interioriza\u00e7\u00e3o, que transfere voluntariamente os migrantes para outros Estados.<\/p>\n<p>At\u00e9 o momento, Bolsonaro n\u00e3o fez nenhuma declara\u00e7\u00e3o referente a forma como ser\u00e1 conduzida a quest\u00e3o de Roraima. Al\u00e9m disso, n\u00e3o deixou claro se ser\u00e1 seguida as medidas adotadas na gest\u00e3o de <strong>Michel Temer<\/strong>.<\/p>\n<p>\u00c9 previsto que na pr\u00f3xima semana uma equipe de t\u00e9cnicos do governo viaje \u00e0 Roraima, para avaliar a situa\u00e7\u00e3o do local.<\/p>\n<p>Entretanto, n\u00e3o h\u00e1 previs\u00e3o para que <strong>Bolsonaro<\/strong> visite o estado, governado por seu aliado Antonio Denarium (PSL).<\/p>\n","protected":false},"excerpt":{"rendered":"<p>Um dia ap\u00f3s o Brasil oficializar a sa\u00edda do Pacto Global de Migra\u00e7\u00e3o da ONU, o presidente Jair Bolsonaro utilizou as redes sociais para criticar o acordo. Governo Bolsonaro &#8220;O Brasil \u00e9 soberano para decidir se aceita ou n\u00e3o imigrantes. Quem porventura vier para c\u00e1 dever\u00e1 estar sujeito \u00e0s nossas leis, regras e costumes, bem [&hellip;]<\/p>\n","protected":false},"author":11,"featured_media":9066,"comment_status":"closed","ping_status":"closed","sticky":false,"template":"","format":"standard","meta":[],"categories":[61],"tags":[719,873],"suno_strategy":[],"class_list":["post-10965","post","type-post","status-publish","format-standard","has-post-thumbnail","hentry","category-politica","tag-jair-bolsonaro","tag-onu"],"yoast_head":"<!-- This site is optimized with the Yoast SEO plugin v24.4 - https:\/\/yoast.com\/wordpress\/plugins\/seo\/ -->\n<title>Bolsonaro faz cr\u00edticas ao Pacto Global de Migra\u00e7\u00e3o da ONU<\/title>\n<meta name=\"description\" content=\"Bolsonaro faz cr\u00edticas ao pacto da ONU; presidente tem pensamento alinhado ao que defende Donald Trump; Clique para saber mais.\" \/>\n<meta name=\"robots\" content=\"index, follow, max-snippet:-1, max-image-preview:large, max-video-preview:-1\" \/>\n<link rel=\"canonical\" href=\"https:\/\/www.suno.com.br\/noticias\/bolsnaro-criticas-pacto-onu\/\" \/>\n<meta property=\"og:locale\" content=\"pt_BR\" \/>\n<meta property=\"og:type\" content=\"article\" \/>\n<meta property=\"og:title\" content=\"Bolsonaro faz cr\u00edticas ao Pacto Global de Migra\u00e7\u00e3o da ONU\" \/>\n<meta property=\"og:description\" content=\"Bolsonaro faz cr\u00edticas ao pacto da ONU; presidente tem pensamento alinhado ao que defende Donald Trump; Clique para saber mais.\" \/>\n<meta property=\"og:url\" content=\"https:\/\/www.suno.com.br\/noticias\/bolsnaro-criticas-pacto-onu\/\" \/>\n<meta property=\"og:site_name\" content=\"Suno Not\u00edcias\" \/>\n<meta property=\"article:publisher\" content=\"https:\/\/facebook.com\/sunoresearch\" \/>\n<meta property=\"og:image\" content=\"https:\/\/files.sunoresearch.com.br\/n\/uploads\/2018\/12\/3e42a83f-bolsonaro.jpg\" \/>\n\t<meta property=\"og:image:width\" content=\"1140\" \/>\n\t<meta property=\"og:image:height\" content=\"760\" \/>\n\t<meta property=\"og:image:type\" content=\"image\/jpeg\" \/>\n<meta name=\"author\" content=\"Renan Bandeira\" \/>\n<meta name=\"twitter:card\" content=\"summary_large_image\" \/>\n<meta name=\"twitter:creator\" content=\"@sunoresearch\" \/>\n<meta name=\"twitter:site\" content=\"@sunoresearch\" \/>\n<meta name=\"twitter:label1\" content=\"Escrito por\" \/>\n\t<meta name=\"twitter:data1\" content=\"Renan Bandeira\" \/>\n\t<meta name=\"twitter:label2\" content=\"Est. tempo de leitura\" \/>\n\t<meta name=\"twitter:data2\" content=\"2 minutos\" \/>\n<script type=\"application\/ld+json\" class=\"yoast-schema-graph\">{\"@context\":\"https:\/\/schema.org\",\"@graph\":[{\"@type\":\"NewsArticle\",\"@id\":\"https:\/\/www.suno.com.br\/noticias\/bolsnaro-criticas-pacto-onu\/#article\",\"isPartOf\":{\"@id\":\"https:\/\/www.suno.com.br\/noticias\/bolsnaro-criticas-pacto-onu\/\"},\"author\":{\"name\":\"Renan Bandeira\",\"@id\":\"https:\/\/www.suno.com.br\/noticias\/#\/schema\/person\/fc144a1c6108bd1dcd43784e88a3c138\"},\"headline\":\"Bolsonaro faz cr\u00edticas ao Pacto Global de Migra\u00e7\u00e3o da ONU\",\"datePublished\":\"2019-01-09T16:42:43+00:00\",\"dateModified\":\"2021-02-18T02:06:54+00:00\",\"mainEntityOfPage\":{\"@id\":\"https:\/\/www.suno.com.br\/noticias\/bolsnaro-criticas-pacto-onu\/\"},\"wordCount\":352,\"publisher\":{\"@id\":\"https:\/\/www.suno.com.br\/noticias\/#organization\"},\"image\":{\"@id\":\"https:\/\/www.suno.com.br\/noticias\/bolsnaro-criticas-pacto-onu\/#primaryimage\"},\"thumbnailUrl\":\"https:\/\/files.sunoresearch.com.br\/n\/uploads\/2018\/12\/3e42a83f-bolsonaro-jpg.webp\",\"keywords\":[\"Jair Bolsonaro\",\"ONU\"],\"articleSection\":[\"Pol\u00edtica\"],\"inLanguage\":\"pt-BR\"},{\"@type\":\"WebPage\",\"@id\":\"https:\/\/www.suno.com.br\/noticias\/bolsnaro-criticas-pacto-onu\/\",\"url\":\"https:\/\/www.suno.com.br\/noticias\/bolsnaro-criticas-pacto-onu\/\",\"name\":\"Bolsonaro faz cr\u00edticas ao Pacto Global de Migra\u00e7\u00e3o da ONU\",\"isPartOf\":{\"@id\":\"https:\/\/www.suno.com.br\/noticias\/#website\"},\"primaryImageOfPage\":{\"@id\":\"https:\/\/www.suno.com.br\/noticias\/bolsnaro-criticas-pacto-onu\/#primaryimage\"},\"image\":{\"@id\":\"https:\/\/www.suno.com.br\/noticias\/bolsnaro-criticas-pacto-onu\/#primaryimage\"},\"thumbnailUrl\":\"https:\/\/files.sunoresearch.com.br\/n\/uploads\/2018\/12\/3e42a83f-bolsonaro-jpg.webp\",\"datePublished\":\"2019-01-09T16:42:43+00:00\",\"dateModified\":\"2021-02-18T02:06:54+00:00\",\"description\":\"Bolsonaro faz cr\u00edticas ao pacto da ONU; presidente tem pensamento alinhado ao que defende Donald Trump; Clique para saber mais.\",\"breadcrumb\":{\"@id\":\"https:\/\/www.suno.com.br\/noticias\/bolsnaro-criticas-pacto-onu\/#breadcrumb\"},\"inLanguage\":\"pt-BR\",\"potentialAction\":[{\"@type\":\"ReadAction\",\"target\":[\"https:\/\/www.suno.com.br\/noticias\/bolsnaro-criticas-pacto-onu\/\"]}]},{\"@type\":\"ImageObject\",\"inLanguage\":\"pt-BR\",\"@id\":\"https:\/\/www.suno.com.br\/noticias\/bolsnaro-criticas-pacto-onu\/#primaryimage\",\"url\":\"https:\/\/files.sunoresearch.com.br\/n\/uploads\/2018\/12\/3e42a83f-bolsonaro-jpg.webp\",\"contentUrl\":\"https:\/\/files.sunoresearch.com.br\/n\/uploads\/2018\/12\/3e42a83f-bolsonaro-jpg.webp\",\"width\":1140,\"height\":760,\"caption\":\"Governo Bolsonaro\"},{\"@type\":\"BreadcrumbList\",\"@id\":\"https:\/\/www.suno.com.br\/noticias\/bolsnaro-criticas-pacto-onu\/#breadcrumb\",\"itemListElement\":[{\"@type\":\"ListItem\",\"position\":1,\"name\":\"Not\u00edcias\",\"item\":\"https:\/\/www.suno.com.br\/noticias\/\"},{\"@type\":\"ListItem\",\"position\":2,\"name\":\"Pol\u00edtica\",\"item\":\"https:\/\/www.suno.com.br\/noticias\/politica\/\"},{\"@type\":\"ListItem\",\"position\":3,\"name\":\"Bolsonaro faz cr\u00edticas ao Pacto Global de Migra\u00e7\u00e3o da ONU\"}]},{\"@type\":\"WebSite\",\"@id\":\"https:\/\/www.suno.com.br\/noticias\/#website\",\"url\":\"https:\/\/www.suno.com.br\/noticias\/\",\"name\":\"Suno Not\u00edcias\",\"description\":\"Seu portal de informa\u00e7\u00e3o sobre o mundo dos investimentos\",\"publisher\":{\"@id\":\"https:\/\/www.suno.com.br\/noticias\/#organization\"},\"potentialAction\":[{\"@type\":\"SearchAction\",\"target\":{\"@type\":\"EntryPoint\",\"urlTemplate\":\"https:\/\/www.suno.com.br\/noticias\/?s={search_term_string}\"},\"query-input\":{\"@type\":\"PropertyValueSpecification\",\"valueRequired\":true,\"valueName\":\"search_term_string\"}}],\"inLanguage\":\"pt-BR\"},{\"@type\":\"Organization\",\"@id\":\"https:\/\/www.suno.com.br\/noticias\/#organization\",\"name\":\"Suno Not\u00edcias\",\"url\":\"https:\/\/www.suno.com.br\/noticias\/\",\"logo\":{\"@type\":\"ImageObject\",\"inLanguage\":\"pt-BR\",\"@id\":\"https:\/\/www.suno.com.br\/noticias\/#\/schema\/logo\/image\/\",\"url\":\"https:\/\/files.sunoresearch.com.br\/n\/uploads\/2021\/09\/suno-logo.png\",\"contentUrl\":\"https:\/\/files.sunoresearch.com.br\/n\/uploads\/2021\/09\/suno-logo.png\",\"width\":180,\"height\":180,\"caption\":\"Suno Not\u00edcias\"},\"image\":{\"@id\":\"https:\/\/www.suno.com.br\/noticias\/#\/schema\/logo\/image\/\"},\"sameAs\":[\"https:\/\/facebook.com\/sunoresearch\",\"https:\/\/x.com\/sunoresearch\",\"https:\/\/www.instagram.com\/suno\",\"https:\/\/www.linkedin.com\/company\/suno-research\/\",\"https:\/\/www.youtube.com\/c\/sunoresearch\"]},{\"@type\":\"Person\",\"@id\":\"https:\/\/www.suno.com.br\/noticias\/#\/schema\/person\/fc144a1c6108bd1dcd43784e88a3c138\",\"name\":\"Renan Bandeira\",\"image\":{\"@type\":\"ImageObject\",\"inLanguage\":\"pt-BR\",\"@id\":\"https:\/\/www.suno.com.br\/noticias\/#\/schema\/person\/image\/\",\"url\":\"https:\/\/secure.gravatar.com\/avatar\/68359cdb608f14f11bbefcb78f3fc747?s=96&r=g\",\"contentUrl\":\"https:\/\/secure.gravatar.com\/avatar\/68359cdb608f14f11bbefcb78f3fc747?s=96&r=g\",\"caption\":\"Renan Bandeira\"},\"description\":\"Renan Bandeira escreve sobre pol\u00edtica e economia para o portal da Suno Research. Antes da Suno, trabalhou em uma rede de televis\u00e3o, onde fazia reportagens sobre os mesmos temas. Estuda na Universidade Metodista de S\u00e3o Paulo.\",\"url\":\"https:\/\/www.suno.com.br\/noticias\/author\/renan-bandeira\/\"}]}<\/script>\n<!-- \/ Yoast SEO plugin. -->","yoast_head_json":{"title":"Bolsonaro faz cr\u00edticas ao Pacto Global de Migra\u00e7\u00e3o da ONU","description":"Bolsonaro faz cr\u00edticas ao pacto da ONU; presidente tem pensamento alinhado ao que defende Donald Trump; Clique para saber mais.","robots":{"index":"index","follow":"follow","max-snippet":"max-snippet:-1","max-image-preview":"max-image-preview:large","max-video-preview":"max-video-preview:-1"},"canonical":"https:\/\/www.suno.com.br\/noticias\/bolsnaro-criticas-pacto-onu\/","og_locale":"pt_BR","og_type":"article","og_title":"Bolsonaro faz cr\u00edticas ao Pacto Global de Migra\u00e7\u00e3o da ONU","og_description":"Bolsonaro faz cr\u00edticas ao pacto da ONU; presidente tem pensamento alinhado ao que defende Donald Trump; Clique para saber mais.","og_url":"https:\/\/www.suno.com.br\/noticias\/bolsnaro-criticas-pacto-onu\/","og_site_name":"Suno Not\u00edcias","article_publisher":"https:\/\/facebook.com\/sunoresearch","og_image":[{"width":1140,"height":760,"url":"https:\/\/files.sunoresearch.com.br\/n\/uploads\/2018\/12\/3e42a83f-bolsonaro.jpg","type":"image\/jpeg"}],"author":"Renan Bandeira","twitter_card":"summary_large_image","twitter_creator":"@sunoresearch","twitter_site":"@sunoresearch","twitter_misc":{"Escrito por":"Renan Bandeira","Est. tempo de leitura":"2 minutos"},"schema":{"@context":"https:\/\/schema.org","@graph":[{"@type":"NewsArticle","@id":"https:\/\/www.suno.com.br\/noticias\/bolsnaro-criticas-pacto-onu\/#article","isPartOf":{"@id":"https:\/\/www.suno.com.br\/noticias\/bolsnaro-criticas-pacto-onu\/"},"author":{"name":"Renan Bandeira","@id":"https:\/\/www.suno.com.br\/noticias\/#\/schema\/person\/fc144a1c6108bd1dcd43784e88a3c138"},"headline":"Bolsonaro faz cr\u00edticas ao Pacto Global de Migra\u00e7\u00e3o da ONU","datePublished":"2019-01-09T16:42:43+00:00","dateModified":"2021-02-18T02:06:54+00:00","mainEntityOfPage":{"@id":"https:\/\/www.suno.com.br\/noticias\/bolsnaro-criticas-pacto-onu\/"},"wordCount":352,"publisher":{"@id":"https:\/\/www.suno.com.br\/noticias\/#organization"},"image":{"@id":"https:\/\/www.suno.com.br\/noticias\/bolsnaro-criticas-pacto-onu\/#primaryimage"},"thumbnailUrl":"https:\/\/files.sunoresearch.com.br\/n\/uploads\/2018\/12\/3e42a83f-bolsonaro-jpg.webp","keywords":["Jair Bolsonaro","ONU"],"articleSection":["Pol\u00edtica"],"inLanguage":"pt-BR"},{"@type":"WebPage","@id":"https:\/\/www.suno.com.br\/noticias\/bolsnaro-criticas-pacto-onu\/","url":"https:\/\/www.suno.com.br\/noticias\/bolsnaro-criticas-pacto-onu\/","name":"Bolsonaro faz cr\u00edticas ao Pacto Global de Migra\u00e7\u00e3o da ONU","isPartOf":{"@id":"https:\/\/www.suno.com.br\/noticias\/#website"},"primaryImageOfPage":{"@id":"https:\/\/www.suno.com.br\/noticias\/bolsnaro-criticas-pacto-onu\/#primaryimage"},"image":{"@id":"https:\/\/www.suno.com.br\/noticias\/bolsnaro-criticas-pacto-onu\/#primaryimage"},"thumbnailUrl":"https:\/\/files.sunoresearch.com.br\/n\/uploads\/2018\/12\/3e42a83f-bolsonaro-jpg.webp","datePublished":"2019-01-09T16:42:43+00:00","dateModified":"2021-02-18T02:06:54+00:00","description":"Bolsonaro faz cr\u00edticas ao pacto da ONU; presidente tem pensamento alinhado ao que defende Donald Trump; Clique para saber mais.","breadcrumb":{"@id":"https:\/\/www.suno.com.br\/noticias\/bolsnaro-criticas-pacto-onu\/#breadcrumb"},"inLanguage":"pt-BR","potentialAction":[{"@type":"ReadAction","target":["https:\/\/www.suno.com.br\/noticias\/bolsnaro-criticas-pacto-onu\/"]}]},{"@type":"ImageObject","inLanguage":"pt-BR","@id":"https:\/\/www.suno.com.br\/noticias\/bolsnaro-criticas-pacto-onu\/#primaryimage","url":"https:\/\/files.sunoresearch.com.br\/n\/uploads\/2018\/12\/3e42a83f-bolsonaro-jpg.webp","contentUrl":"https:\/\/files.sunoresearch.com.br\/n\/uploads\/2018\/12\/3e42a83f-bolsonaro-jpg.webp","width":1140,"height":760,"caption":"Governo Bolsonaro"},{"@type":"BreadcrumbList","@id":"https:\/\/www.suno.com.br\/noticias\/bolsnaro-criticas-pacto-onu\/#breadcrumb","itemListElement":[{"@type":"ListItem","position":1,"name":"Not\u00edcias","item":"https:\/\/www.suno.com.br\/noticias\/"},{"@type":"ListItem","position":2,"name":"Pol\u00edtica","item":"https:\/\/www.suno.com.br\/noticias\/politica\/"},{"@type":"ListItem","position":3,"name":"Bolsonaro faz cr\u00edticas ao Pacto Global de Migra\u00e7\u00e3o da ONU"}]},{"@type":"WebSite","@id":"https:\/\/www.suno.com.br\/noticias\/#website","url":"https:\/\/www.suno.com.br\/noticias\/","name":"Suno Not\u00edcias","description":"Seu portal de informa\u00e7\u00e3o sobre o mundo dos investimentos","publisher":{"@id":"https:\/\/www.suno.com.br\/noticias\/#organization"},"potentialAction":[{"@type":"SearchAction","target":{"@type":"EntryPoint","urlTemplate":"https:\/\/www.suno.com.br\/noticias\/?s={search_term_string}"},"query-input":{"@type":"PropertyValueSpecification","valueRequired":true,"valueName":"search_term_string"}}],"inLanguage":"pt-BR"},{"@type":"Organization","@id":"https:\/\/www.suno.com.br\/noticias\/#organization","name":"Suno Not\u00edcias","url":"https:\/\/www.suno.com.br\/noticias\/","logo":{"@type":"ImageObject","inLanguage":"pt-BR","@id":"https:\/\/www.suno.com.br\/noticias\/#\/schema\/logo\/image\/","url":"https:\/\/files.sunoresearch.com.br\/n\/uploads\/2021\/09\/suno-logo.png","contentUrl":"https:\/\/files.sunoresearch.com.br\/n\/uploads\/2021\/09\/suno-logo.png","width":180,"height":180,"caption":"Suno Not\u00edcias"},"image":{"@id":"https:\/\/www.suno.com.br\/noticias\/#\/schema\/logo\/image\/"},"sameAs":["https:\/\/facebook.com\/sunoresearch","https:\/\/x.com\/sunoresearch","https:\/\/www.instagram.com\/suno","https:\/\/www.linkedin.com\/company\/suno-research\/","https:\/\/www.youtube.com\/c\/sunoresearch"]},{"@type":"Person","@id":"https:\/\/www.suno.com.br\/noticias\/#\/schema\/person\/fc144a1c6108bd1dcd43784e88a3c138","name":"Renan Bandeira","image":{"@type":"ImageObject","inLanguage":"pt-BR","@id":"https:\/\/www.suno.com.br\/noticias\/#\/schema\/person\/image\/","url":"https:\/\/secure.gravatar.com\/avatar\/68359cdb608f14f11bbefcb78f3fc747?s=96&r=g","contentUrl":"https:\/\/secure.gravatar.com\/avatar\/68359cdb608f14f11bbefcb78f3fc747?s=96&r=g","caption":"Renan Bandeira"},"description":"Renan Bandeira escreve sobre pol\u00edtica e economia para o portal da Suno Research. Antes da Suno, trabalhou em uma rede de televis\u00e3o, onde fazia reportagens sobre os mesmos temas. Estuda na Universidade Metodista de S\u00e3o Paulo.","url":"https:\/\/www.suno.com.br\/noticias\/author\/renan-bandeira\/"}]}},"default_loop_html":"<div class=\"cardsPage__listCard__boxs\"><div class=\"cardsPage__listCard__boxs__img\"><a href=\"https:\/\/www.suno.com.br\/noticias\/bolsnaro-criticas-pacto-onu\/\"><img class=\"mask\" src=\"https:\/\/www.suno.com.br\/noticias\/wp-content\/themes\/suno\/resources\/images\/spotlight\/spotlight1img\/bg-mask.png\" alt=\"Image Mask\"\/><img src=\"https:\/\/files.sunoresearch.com.br\/n\/uploads\/2018\/12\/3e42a83f-bolsonaro-400x200.webp\" alt=\"Bolsonaro faz cr\u00edticas ao Pacto Global de Migra\u00e7\u00e3o da ONU\"\/><\/a><span class=\"spotlightCategory\"><a href=\"https:\/\/www.suno.com.br\/noticias\/politica\/\">Pol\u00edtica<\/a><\/span><\/div><div class=\"cardsPage__listCard__boxs__content\"><a href=\"https:\/\/www.suno.com.br\/noticias\/bolsnaro-criticas-pacto-onu\/\"><h2 class=\"content__title\">Bolsonaro faz cr\u00edticas ao Pacto Global de Migra\u00e7\u00e3o da ONU<\/h2><\/a><div class=\"newsContent__article__meta\"><div class=\"newsContent__article__meta__authorBox\"><a href=\"https:\/\/www.suno.com.br\/noticias\/author\/renan-bandeira\/\" class=\"authorBox__avatar noMobi\"><img src=\"https:\/\/secure.gravatar.com\/avatar\/68359cdb608f14f11bbefcb78f3fc747?s=96&#038;r=g\" alt=\"Renan Bandeira\"><\/a><div class=\"authorBox__name\"><span>por\n\t\t\t<a href=\"https:\/\/www.suno.com.br\/noticias\/author\/renan-bandeira\/\"><span itemprop=\"author\">Renan Bandeira<\/span><\/a><\/span><time datetime=\"2019-01-09T14:42:43-02:00\" itemprop=\"datePublished\">09\/01\/2019 14:42<\/time><\/div><\/div><\/div><\/div><\/div>","single_layout":"posts","amp_enabled":true,"_links":{"self":[{"href":"https:\/\/www.suno.com.br\/noticias\/wp-json\/wp\/v2\/posts\/10965"}],"collection":[{"href":"https:\/\/www.suno.com.br\/noticias\/wp-json\/wp\/v2\/posts"}],"about":[{"href":"https:\/\/www.suno.com.br\/noticias\/wp-json\/wp\/v2\/types\/post"}],"author":[{"embeddable":true,"href":"https:\/\/www.suno.com.br\/noticias\/wp-json\/wp\/v2\/users\/11"}],"replies":[{"embeddable":true,"href":"https:\/\/www.suno.com.br\/noticias\/wp-json\/wp\/v2\/comments?post=10965"}],"version-history":[{"count":0,"href":"https:\/\/www.suno.com.br\/noticias\/wp-json\/wp\/v2\/posts\/10965\/revisions"}],"wp:featuredmedia":[{"embeddable":true,"href":"https:\/\/www.suno.com.br\/noticias\/wp-json\/wp\/v2\/media\/9066"}],"wp:attachment":[{"href":"https:\/\/www.suno.com.br\/noticias\/wp-json\/wp\/v2\/media?parent=10965"}],"wp:term":[{"taxonomy":"category","embeddable":true,"href":"https:\/\/www.suno.com.br\/noticias\/wp-json\/wp\/v2\/categories?post=10965"},{"taxonomy":"post_tag","embeddable":true,"href":"https:\/\/www.suno.com.br\/noticias\/wp-json\/wp\/v2\/tags?post=10965"},{"taxonomy":"suno_strategy","embeddable":true,"href":"https:\/\/www.suno.com.br\/noticias\/wp-json\/wp\/v2\/suno_strategy?post=10965"}],"curies":[{"name":"wp","href":"https:\/\/api.w.org\/{rel}","templated":true}]}}