{"id":109447,"date":"2020-12-18T12:58:17","date_gmt":"2020-12-18T15:58:17","guid":{"rendered":"https:\/\/www.suno.com.br\/noticias\/?p=109447"},"modified":"2020-12-18T12:58:17","modified_gmt":"2020-12-18T15:58:17","slug":"cosan-csan3-retomara-ipo-compass","status":"publish","type":"post","link":"https:\/\/www.suno.com.br\/noticias\/cosan-csan3-retomara-ipo-compass\/","title":{"rendered":"Cosan (CSAN3) vai retomar IPO da Compass, diz CEO a jornal"},"content":{"rendered":"<p>O presidente da <a href=\"https:\/\/www.suno.com.br\/acoes\/csan3\/\" target=\"_blank\" rel=\"noopener noreferrer\"><strong>Cosan<\/strong> (CSAN3)<\/a>, Luis Henrique Guimar\u00e3es, afirmou que pretende abrir o capital\u00a0da Compass, bra\u00e7o da companhia para g\u00e1s e energia, caso as condi\u00e7\u00f5es de mercado estiverem favor\u00e1veis em 2021. A declara\u00e7\u00e3o foi dada ao jornal Valor Econ\u00f4mico.<\/p>\t<div class=\"wrapper-featured-image\">\n\t\t<figure class=\"spotlightImg\">\n\n\t\t\t<picture>\n\t\t\t\t<source media=\"(max-width: 768px)\" srcset=\"https:\/\/files.sunoresearch.com.br\/n\/uploads\/2020\/12\/19b4b28c-destaquesdeempresas-400x200.webp\">\n\t\t\t\t<img loading=\"lazy\" decoding=\"async\" class=\"newsContent__article__imgCapa lazyloadDisabled \" src=\"https:\/\/files.sunoresearch.com.br\/n\/uploads\/2020\/12\/19b4b28c-destaquesdeempresas-jpg.webp\" width=\"800\" height=\"450\" alt=\"Cosan (CSAN3) vai retomar IPO da Compass, diz CEO a jornal\" fetchpriority=high \/>\n\t\t\t<\/picture>\n\n\t\t\t<figcaption class=\"wp-caption-text wp-caption-text--show\">Cosan pretende voltar com IPO da Compass, diz CEO<\/figcaption>\n\t\t<\/figure>\n\t<\/div>\n\n\n<p><b>\t<p>\n\t\t<a href=\"https:\/\/lp.suno.com.br\/planilha-controle-gastos\/\" target=\"_blank\" data-element=\"shortcode-suno-banner\" title=\"Banner SUNO, clique e saiba mais\">\n\t\t\t<picture>\n\t\t\t\t<source media=\"(max-width: 500px)\" srcset=\"https:\/\/files.sunoresearch.com.br\/n\/uploads\/2023\/03\/400x300-Planilha-controle-de-gastos.png\">\n\t\t\t\t<img class=\"newsContent__article__imgCapa newsContent__article__imgCapa--banner\"\n\t\t\t\t\tsrc=\"https:\/\/files.sunoresearch.com.br\/n\/uploads\/2023\/03\/1420x240-Planilha-controle-de-gastos.png\"\n\t\t\t\t\tdata-promo-id=\"101751\"\t\t\t\t\t\t\t\t\t\twidth='1420' height='240'\t\t\t\t\talt=\"https:\/\/files.sunoresearch.com.br\/n\/uploads\/2023\/03\/1420x240-Planilha-controle-de-gastos.png\"\n\t\t\t\t>\n\t\t\t<\/picture>\n\t\t<\/a>\n\t<\/p>\n\n<\/b><\/p>\n<p>Em setembro deste ano, a Cosan anunciou que n\u00e3o iria adiante na abertura de capital da <a href=\"https:\/\/www.suno.com.br\/artigos\/subsidiaria\/\">subsidi\u00e1ria<\/a> por conta do n\u00edvel insatisfat\u00f3rio de demanda, mesmo com n\u00famero de compradores suficiente para atender a oferta.<\/p>\n<p>Na \u00e9poca, a empresa afirmou que a procura n\u00e3o garantia uma boa negocia\u00e7\u00e3o do papel.<\/p>\n<p>Al\u00e9m do IPO da Gaspetro, a Cosan pretende tamb\u00e9m listar suas subsidi\u00e1rias <strong>Ra\u00edzen<\/strong> e <strong>Moove<\/strong>, mas, para isso, ter\u00e1 de se acertar com a <strong>Shell,<\/strong> s\u00f3cia na primeira empresa, e com o <strong>CVC Capital Partners<\/strong>, que tem parte na segunda.<\/p>\n<h2>Compass vai continuar disputando a Gaspetro<\/h2>\n<p>Al\u00e9m do <a href=\"https:\/\/www.suno.com.br\/artigos\/ipo\/\" target=\"_blank\" rel=\"noopener noreferrer\">IPO<\/a>, o bra\u00e7o para g\u00e1s e energia da Cosan, criado h\u00e1 menos de um ano, ir\u00e1 continuar na disputa pela compra da fatia de 51% da <a href=\"https:\/\/www.suno.com.br\/acoes\/petr4\/\">Petrobras (PETR4)<\/a> na<strong> Gaspetro<\/strong>.<\/p>\n<p>Recentemente, a estatal recusou uma oferta da Compass pela holding, que possui participa\u00e7\u00e3o em 19 distribuidoras de g\u00e1s e que foi respons\u00e1vel por entregar, em 2019, 29 milh\u00f5es de metros c\u00fabicos do produto diariamente.<\/p>\n<p><strong>Luis Henrique Guimar\u00e3es<\/strong> afirmou ainda ao Valor que est\u00e1 otimista com o Brasil em 2021, acreditando nas reformas administrativas e tribut\u00e1rias, e disse que a pandemia n\u00e3o mudou os planos da Cosan, que continua com grandes projetos \u00e0 vista.<\/p>\n<p><a href=\"https:\/\/lp.suno.com.br\/suno-one\/\"><b>Suno One: acesse gratuitamente eBooks, Minicursos, Artigos e Video Aulas sobre investimentos com um \u00fanico cadastro. Clique para saber mais!<\/b><\/a><\/p>\n<p>A Cosan espera tamb\u00e9m aumentar a produ\u00e7\u00e3o de energia renov\u00e1veis por parte da sua controlada <strong>Ra\u00edzen Energia<\/strong>, voltada \u00e0 produ\u00e7\u00e3o de a\u00e7\u00facar, etanol e gera\u00e7\u00e3o de energia com biomassa.<\/p>\n<p>O grupo espera que sua reorganiza\u00e7\u00e3o societ\u00e1ria, anunciada ontem, esteja conclu\u00edda no primeiro trimestre, a depender da assembleia de acionistas, que tem de aceitar as trocas de a\u00e7\u00f5es.<\/p>\n<p><b>\t<p>\n\t\t<a href=\"https:\/\/lp.suno.com.br\/planilha-da-vida-financeira\/\" target=\"_blank\" data-element=\"shortcode-suno-banner\" title=\"Banner SUNO, clique e saiba mais\">\n\t\t\t<picture>\n\t\t\t\t<source media=\"(max-width: 500px)\" srcset=\"https:\/\/files.sunoresearch.com.br\/n\/uploads\/2023\/04\/400x300-Planilha-vida-financeira-true.png\">\n\t\t\t\t<img class=\"newsContent__article__imgCapa newsContent__article__imgCapa--banner\"\n\t\t\t\t\tsrc=\"https:\/\/files.sunoresearch.com.br\/n\/uploads\/2023\/04\/1420x240-Planilha-vida-financeira-true.png\"\n\t\t\t\t\tdata-promo-id=\"106682\"\t\t\t\t\t\t\t\t\t\twidth='1420' height='240'\t\t\t\t\talt=\"https:\/\/files.sunoresearch.com.br\/n\/uploads\/2023\/04\/1420x240-Planilha-vida-financeira-true.png\"\n\t\t\t\t>\n\t\t\t<\/picture>\n\t\t<\/a>\n\t<\/p>\n\n <\/b><\/p>\n<h2>Reorganiza\u00e7\u00e3o societ\u00e1ria da Cosan criar\u00e1 holding \u00fanica<\/h2>\n<p>No processo divulgado ontem, a companhia anunciou que englobar\u00e1 a <a href=\"https:\/\/www.suno.com.br\/acoes\/rlog3\/\">Cosan Log\u00edstica (RLOG3)<\/a> e a Cosan Limited (NYSE: CZZ). Englobando, desta forma, todos os neg\u00f3cios em uma s\u00f3 empresa.<\/p>\n<p>Segundo a <strong>Cosan<\/strong>, o novo modelo tornar\u00e1 a estrutura mais simples e permitir\u00e1 que capta\u00e7\u00f5es futuras de recursos sejam feitas de forma mais f\u00e1cil, por conta do fluxo de caixa mais definido e pelo maior n\u00famero de garantias a se oferecer.<\/p>\n<p><b>\t<p>\n\t\t<a href=\"https:\/\/lp.suno.com.br\/planilha-de-controle-de-investimentos\/\" target=\"_blank\" data-element=\"shortcode-suno-banner\" title=\"Banner SUNO, clique e saiba mais\">\n\t\t\t<picture>\n\t\t\t\t<source media=\"(max-width: 500px)\" srcset=\"https:\/\/files.sunoresearch.com.br\/n\/uploads\/2023\/03\/400x300-Controle-de-Investimentos.png\">\n\t\t\t\t<img class=\"newsContent__article__imgCapa newsContent__article__imgCapa--banner\"\n\t\t\t\t\tsrc=\"https:\/\/files.sunoresearch.com.br\/n\/uploads\/2023\/03\/1420x240-Controle-de-Investimentos.png\"\n\t\t\t\t\tdata-promo-id=\"75934\"\t\t\t\t\t\t\t\t\t\twidth='1420' height='240'\t\t\t\t\talt=\"https:\/\/files.sunoresearch.com.br\/n\/uploads\/2023\/03\/1420x240-Controle-de-Investimentos.png\"\n\t\t\t\t>\n\t\t\t<\/picture>\n\t\t<\/a>\n\t<\/p>\n\n<\/b><\/p>\n","protected":false},"excerpt":{"rendered":"<p>O presidente da Cosan (CSAN3), Luis Henrique Guimar\u00e3es, afirmou que pretende abrir o capital\u00a0da Compass, bra\u00e7o da companhia para g\u00e1s e energia, caso as condi\u00e7\u00f5es de mercado estiverem favor\u00e1veis em 2021. A declara\u00e7\u00e3o foi dada ao jornal Valor Econ\u00f4mico. Cosan pretende voltar com IPO da Compass, diz CEO Em setembro deste ano, a Cosan anunciou [&hellip;]<\/p>\n","protected":false},"author":59,"featured_media":109380,"comment_status":"closed","ping_status":"closed","sticky":false,"template":"","format":"standard","meta":[],"categories":[64],"tags":[],"suno_strategy":[],"class_list":["post-109447","post","type-post","status-publish","format-standard","has-post-thumbnail","hentry","category-negocios"],"yoast_head":"<!-- This site is optimized with the Yoast SEO plugin v24.4 - https:\/\/yoast.com\/wordpress\/plugins\/seo\/ -->\n<title>Cosan (CSAN3): CEO afirma que retomar\u00e1 IPO da Compass<\/title>\n<meta name=\"description\" content=\"Presidente da Cosan afirma em entrevista que pretende retomar IPO da Compass em 2021, a depender do mercado. Clique aqui para saber mais.\" \/>\n<meta name=\"robots\" content=\"index, follow, max-snippet:-1, max-image-preview:large, max-video-preview:-1\" \/>\n<link rel=\"canonical\" href=\"https:\/\/www.suno.com.br\/noticias\/cosan-csan3-retomara-ipo-compass\/\" \/>\n<meta property=\"og:locale\" content=\"pt_BR\" \/>\n<meta property=\"og:type\" content=\"article\" \/>\n<meta property=\"og:title\" content=\"Cosan (CSAN3): CEO afirma que retomar\u00e1 IPO da Compass\" \/>\n<meta property=\"og:description\" content=\"Presidente da Cosan afirma em entrevista que pretende retomar IPO da Compass em 2021, a depender do mercado. Clique aqui para saber mais.\" \/>\n<meta property=\"og:url\" content=\"https:\/\/www.suno.com.br\/noticias\/cosan-csan3-retomara-ipo-compass\/\" \/>\n<meta property=\"og:site_name\" content=\"Suno Not\u00edcias\" \/>\n<meta property=\"article:publisher\" content=\"https:\/\/facebook.com\/sunoresearch\" \/>\n<meta property=\"og:image\" content=\"https:\/\/files.sunoresearch.com.br\/n\/uploads\/2020\/12\/19b4b28c-destaquesdeempresas.jpg\" \/>\n\t<meta property=\"og:image:width\" content=\"800\" \/>\n\t<meta property=\"og:image:height\" content=\"450\" \/>\n\t<meta property=\"og:image:type\" content=\"image\/jpeg\" \/>\n<meta name=\"author\" content=\"Vitor Azevedo\" \/>\n<meta name=\"twitter:card\" content=\"summary_large_image\" \/>\n<meta name=\"twitter:creator\" content=\"@sunoresearch\" \/>\n<meta name=\"twitter:site\" content=\"@sunoresearch\" \/>\n<meta name=\"twitter:label1\" content=\"Escrito por\" \/>\n\t<meta name=\"twitter:data1\" content=\"Vitor Azevedo\" \/>\n\t<meta name=\"twitter:label2\" content=\"Est. tempo de leitura\" \/>\n\t<meta name=\"twitter:data2\" content=\"2 minutos\" \/>\n<script type=\"application\/ld+json\" class=\"yoast-schema-graph\">{\"@context\":\"https:\/\/schema.org\",\"@graph\":[{\"@type\":\"NewsArticle\",\"@id\":\"https:\/\/www.suno.com.br\/noticias\/cosan-csan3-retomara-ipo-compass\/#article\",\"isPartOf\":{\"@id\":\"https:\/\/www.suno.com.br\/noticias\/cosan-csan3-retomara-ipo-compass\/\"},\"author\":{\"name\":\"Vitor Azevedo\",\"@id\":\"https:\/\/www.suno.com.br\/noticias\/#\/schema\/person\/658d5fbc74d81f265f5df3562d0038ab\"},\"headline\":\"Cosan (CSAN3) vai retomar IPO da Compass, diz CEO a jornal\",\"datePublished\":\"2020-12-18T15:58:17+00:00\",\"mainEntityOfPage\":{\"@id\":\"https:\/\/www.suno.com.br\/noticias\/cosan-csan3-retomara-ipo-compass\/\"},\"wordCount\":454,\"publisher\":{\"@id\":\"https:\/\/www.suno.com.br\/noticias\/#organization\"},\"image\":{\"@id\":\"https:\/\/www.suno.com.br\/noticias\/cosan-csan3-retomara-ipo-compass\/#primaryimage\"},\"thumbnailUrl\":\"https:\/\/files.sunoresearch.com.br\/n\/uploads\/2020\/12\/19b4b28c-destaquesdeempresas-jpg.webp\",\"articleSection\":[\"Neg\u00f3cios\"],\"inLanguage\":\"pt-BR\"},{\"@type\":\"WebPage\",\"@id\":\"https:\/\/www.suno.com.br\/noticias\/cosan-csan3-retomara-ipo-compass\/\",\"url\":\"https:\/\/www.suno.com.br\/noticias\/cosan-csan3-retomara-ipo-compass\/\",\"name\":\"Cosan (CSAN3): CEO afirma que retomar\u00e1 IPO da Compass\",\"isPartOf\":{\"@id\":\"https:\/\/www.suno.com.br\/noticias\/#website\"},\"primaryImageOfPage\":{\"@id\":\"https:\/\/www.suno.com.br\/noticias\/cosan-csan3-retomara-ipo-compass\/#primaryimage\"},\"image\":{\"@id\":\"https:\/\/www.suno.com.br\/noticias\/cosan-csan3-retomara-ipo-compass\/#primaryimage\"},\"thumbnailUrl\":\"https:\/\/files.sunoresearch.com.br\/n\/uploads\/2020\/12\/19b4b28c-destaquesdeempresas-jpg.webp\",\"datePublished\":\"2020-12-18T15:58:17+00:00\",\"description\":\"Presidente da Cosan afirma em entrevista que pretende retomar IPO da Compass em 2021, a depender do mercado. Clique aqui para saber mais.\",\"breadcrumb\":{\"@id\":\"https:\/\/www.suno.com.br\/noticias\/cosan-csan3-retomara-ipo-compass\/#breadcrumb\"},\"inLanguage\":\"pt-BR\",\"potentialAction\":[{\"@type\":\"ReadAction\",\"target\":[\"https:\/\/www.suno.com.br\/noticias\/cosan-csan3-retomara-ipo-compass\/\"]}]},{\"@type\":\"ImageObject\",\"inLanguage\":\"pt-BR\",\"@id\":\"https:\/\/www.suno.com.br\/noticias\/cosan-csan3-retomara-ipo-compass\/#primaryimage\",\"url\":\"https:\/\/files.sunoresearch.com.br\/n\/uploads\/2020\/12\/19b4b28c-destaquesdeempresas-jpg.webp\",\"contentUrl\":\"https:\/\/files.sunoresearch.com.br\/n\/uploads\/2020\/12\/19b4b28c-destaquesdeempresas-jpg.webp\",\"width\":800,\"height\":450,\"caption\":\"Cosan pretende voltar com IPO da Compass, diz CEO\"},{\"@type\":\"BreadcrumbList\",\"@id\":\"https:\/\/www.suno.com.br\/noticias\/cosan-csan3-retomara-ipo-compass\/#breadcrumb\",\"itemListElement\":[{\"@type\":\"ListItem\",\"position\":1,\"name\":\"Not\u00edcias\",\"item\":\"https:\/\/www.suno.com.br\/noticias\/\"},{\"@type\":\"ListItem\",\"position\":2,\"name\":\"Neg\u00f3cios\",\"item\":\"https:\/\/www.suno.com.br\/noticias\/negocios\/\"},{\"@type\":\"ListItem\",\"position\":3,\"name\":\"Cosan (CSAN3) vai retomar IPO da Compass, diz CEO a jornal\"}]},{\"@type\":\"WebSite\",\"@id\":\"https:\/\/www.suno.com.br\/noticias\/#website\",\"url\":\"https:\/\/www.suno.com.br\/noticias\/\",\"name\":\"Suno Not\u00edcias\",\"description\":\"Seu portal de informa\u00e7\u00e3o sobre o mundo dos investimentos\",\"publisher\":{\"@id\":\"https:\/\/www.suno.com.br\/noticias\/#organization\"},\"potentialAction\":[{\"@type\":\"SearchAction\",\"target\":{\"@type\":\"EntryPoint\",\"urlTemplate\":\"https:\/\/www.suno.com.br\/noticias\/?s={search_term_string}\"},\"query-input\":{\"@type\":\"PropertyValueSpecification\",\"valueRequired\":true,\"valueName\":\"search_term_string\"}}],\"inLanguage\":\"pt-BR\"},{\"@type\":\"Organization\",\"@id\":\"https:\/\/www.suno.com.br\/noticias\/#organization\",\"name\":\"Suno Not\u00edcias\",\"url\":\"https:\/\/www.suno.com.br\/noticias\/\",\"logo\":{\"@type\":\"ImageObject\",\"inLanguage\":\"pt-BR\",\"@id\":\"https:\/\/www.suno.com.br\/noticias\/#\/schema\/logo\/image\/\",\"url\":\"https:\/\/files.sunoresearch.com.br\/n\/uploads\/2021\/09\/suno-logo.png\",\"contentUrl\":\"https:\/\/files.sunoresearch.com.br\/n\/uploads\/2021\/09\/suno-logo.png\",\"width\":180,\"height\":180,\"caption\":\"Suno Not\u00edcias\"},\"image\":{\"@id\":\"https:\/\/www.suno.com.br\/noticias\/#\/schema\/logo\/image\/\"},\"sameAs\":[\"https:\/\/facebook.com\/sunoresearch\",\"https:\/\/x.com\/sunoresearch\",\"https:\/\/www.instagram.com\/suno\",\"https:\/\/www.linkedin.com\/company\/suno-research\/\",\"https:\/\/www.youtube.com\/c\/sunoresearch\"]},{\"@type\":\"Person\",\"@id\":\"https:\/\/www.suno.com.br\/noticias\/#\/schema\/person\/658d5fbc74d81f265f5df3562d0038ab\",\"name\":\"Vitor Azevedo\",\"image\":{\"@type\":\"ImageObject\",\"inLanguage\":\"pt-BR\",\"@id\":\"https:\/\/www.suno.com.br\/noticias\/#\/schema\/person\/image\/\",\"url\":\"https:\/\/secure.gravatar.com\/avatar\/62b86195291b446fe380824eb28b99a5?s=96&r=g\",\"contentUrl\":\"https:\/\/secure.gravatar.com\/avatar\/62b86195291b446fe380824eb28b99a5?s=96&r=g\",\"caption\":\"Vitor Azevedo\"},\"description\":\"Formado em jornalismo pela Unesp, escreve sobre economia e neg\u00f3cios para a Suno Not\u00edcias.\",\"url\":\"https:\/\/www.suno.com.br\/noticias\/author\/vitor-azevedo\/\"}]}<\/script>\n<!-- \/ Yoast SEO plugin. -->","yoast_head_json":{"title":"Cosan (CSAN3): CEO afirma que retomar\u00e1 IPO da Compass","description":"Presidente da Cosan afirma em entrevista que pretende retomar IPO da Compass em 2021, a depender do mercado. Clique aqui para saber mais.","robots":{"index":"index","follow":"follow","max-snippet":"max-snippet:-1","max-image-preview":"max-image-preview:large","max-video-preview":"max-video-preview:-1"},"canonical":"https:\/\/www.suno.com.br\/noticias\/cosan-csan3-retomara-ipo-compass\/","og_locale":"pt_BR","og_type":"article","og_title":"Cosan (CSAN3): CEO afirma que retomar\u00e1 IPO da Compass","og_description":"Presidente da Cosan afirma em entrevista que pretende retomar IPO da Compass em 2021, a depender do mercado. Clique aqui para saber mais.","og_url":"https:\/\/www.suno.com.br\/noticias\/cosan-csan3-retomara-ipo-compass\/","og_site_name":"Suno Not\u00edcias","article_publisher":"https:\/\/facebook.com\/sunoresearch","og_image":[{"width":800,"height":450,"url":"https:\/\/files.sunoresearch.com.br\/n\/uploads\/2020\/12\/19b4b28c-destaquesdeempresas.jpg","type":"image\/jpeg"}],"author":"Vitor Azevedo","twitter_card":"summary_large_image","twitter_creator":"@sunoresearch","twitter_site":"@sunoresearch","twitter_misc":{"Escrito por":"Vitor Azevedo","Est. tempo de leitura":"2 minutos"},"schema":{"@context":"https:\/\/schema.org","@graph":[{"@type":"NewsArticle","@id":"https:\/\/www.suno.com.br\/noticias\/cosan-csan3-retomara-ipo-compass\/#article","isPartOf":{"@id":"https:\/\/www.suno.com.br\/noticias\/cosan-csan3-retomara-ipo-compass\/"},"author":{"name":"Vitor Azevedo","@id":"https:\/\/www.suno.com.br\/noticias\/#\/schema\/person\/658d5fbc74d81f265f5df3562d0038ab"},"headline":"Cosan (CSAN3) vai retomar IPO da Compass, diz CEO a jornal","datePublished":"2020-12-18T15:58:17+00:00","mainEntityOfPage":{"@id":"https:\/\/www.suno.com.br\/noticias\/cosan-csan3-retomara-ipo-compass\/"},"wordCount":454,"publisher":{"@id":"https:\/\/www.suno.com.br\/noticias\/#organization"},"image":{"@id":"https:\/\/www.suno.com.br\/noticias\/cosan-csan3-retomara-ipo-compass\/#primaryimage"},"thumbnailUrl":"https:\/\/files.sunoresearch.com.br\/n\/uploads\/2020\/12\/19b4b28c-destaquesdeempresas-jpg.webp","articleSection":["Neg\u00f3cios"],"inLanguage":"pt-BR"},{"@type":"WebPage","@id":"https:\/\/www.suno.com.br\/noticias\/cosan-csan3-retomara-ipo-compass\/","url":"https:\/\/www.suno.com.br\/noticias\/cosan-csan3-retomara-ipo-compass\/","name":"Cosan (CSAN3): CEO afirma que retomar\u00e1 IPO da Compass","isPartOf":{"@id":"https:\/\/www.suno.com.br\/noticias\/#website"},"primaryImageOfPage":{"@id":"https:\/\/www.suno.com.br\/noticias\/cosan-csan3-retomara-ipo-compass\/#primaryimage"},"image":{"@id":"https:\/\/www.suno.com.br\/noticias\/cosan-csan3-retomara-ipo-compass\/#primaryimage"},"thumbnailUrl":"https:\/\/files.sunoresearch.com.br\/n\/uploads\/2020\/12\/19b4b28c-destaquesdeempresas-jpg.webp","datePublished":"2020-12-18T15:58:17+00:00","description":"Presidente da Cosan afirma em entrevista que pretende retomar IPO da Compass em 2021, a depender do mercado. Clique aqui para saber mais.","breadcrumb":{"@id":"https:\/\/www.suno.com.br\/noticias\/cosan-csan3-retomara-ipo-compass\/#breadcrumb"},"inLanguage":"pt-BR","potentialAction":[{"@type":"ReadAction","target":["https:\/\/www.suno.com.br\/noticias\/cosan-csan3-retomara-ipo-compass\/"]}]},{"@type":"ImageObject","inLanguage":"pt-BR","@id":"https:\/\/www.suno.com.br\/noticias\/cosan-csan3-retomara-ipo-compass\/#primaryimage","url":"https:\/\/files.sunoresearch.com.br\/n\/uploads\/2020\/12\/19b4b28c-destaquesdeempresas-jpg.webp","contentUrl":"https:\/\/files.sunoresearch.com.br\/n\/uploads\/2020\/12\/19b4b28c-destaquesdeempresas-jpg.webp","width":800,"height":450,"caption":"Cosan pretende voltar com IPO da Compass, diz CEO"},{"@type":"BreadcrumbList","@id":"https:\/\/www.suno.com.br\/noticias\/cosan-csan3-retomara-ipo-compass\/#breadcrumb","itemListElement":[{"@type":"ListItem","position":1,"name":"Not\u00edcias","item":"https:\/\/www.suno.com.br\/noticias\/"},{"@type":"ListItem","position":2,"name":"Neg\u00f3cios","item":"https:\/\/www.suno.com.br\/noticias\/negocios\/"},{"@type":"ListItem","position":3,"name":"Cosan (CSAN3) vai retomar IPO da Compass, diz CEO a jornal"}]},{"@type":"WebSite","@id":"https:\/\/www.suno.com.br\/noticias\/#website","url":"https:\/\/www.suno.com.br\/noticias\/","name":"Suno Not\u00edcias","description":"Seu portal de informa\u00e7\u00e3o sobre o mundo dos investimentos","publisher":{"@id":"https:\/\/www.suno.com.br\/noticias\/#organization"},"potentialAction":[{"@type":"SearchAction","target":{"@type":"EntryPoint","urlTemplate":"https:\/\/www.suno.com.br\/noticias\/?s={search_term_string}"},"query-input":{"@type":"PropertyValueSpecification","valueRequired":true,"valueName":"search_term_string"}}],"inLanguage":"pt-BR"},{"@type":"Organization","@id":"https:\/\/www.suno.com.br\/noticias\/#organization","name":"Suno Not\u00edcias","url":"https:\/\/www.suno.com.br\/noticias\/","logo":{"@type":"ImageObject","inLanguage":"pt-BR","@id":"https:\/\/www.suno.com.br\/noticias\/#\/schema\/logo\/image\/","url":"https:\/\/files.sunoresearch.com.br\/n\/uploads\/2021\/09\/suno-logo.png","contentUrl":"https:\/\/files.sunoresearch.com.br\/n\/uploads\/2021\/09\/suno-logo.png","width":180,"height":180,"caption":"Suno Not\u00edcias"},"image":{"@id":"https:\/\/www.suno.com.br\/noticias\/#\/schema\/logo\/image\/"},"sameAs":["https:\/\/facebook.com\/sunoresearch","https:\/\/x.com\/sunoresearch","https:\/\/www.instagram.com\/suno","https:\/\/www.linkedin.com\/company\/suno-research\/","https:\/\/www.youtube.com\/c\/sunoresearch"]},{"@type":"Person","@id":"https:\/\/www.suno.com.br\/noticias\/#\/schema\/person\/658d5fbc74d81f265f5df3562d0038ab","name":"Vitor Azevedo","image":{"@type":"ImageObject","inLanguage":"pt-BR","@id":"https:\/\/www.suno.com.br\/noticias\/#\/schema\/person\/image\/","url":"https:\/\/secure.gravatar.com\/avatar\/62b86195291b446fe380824eb28b99a5?s=96&r=g","contentUrl":"https:\/\/secure.gravatar.com\/avatar\/62b86195291b446fe380824eb28b99a5?s=96&r=g","caption":"Vitor Azevedo"},"description":"Formado em jornalismo pela Unesp, escreve sobre economia e neg\u00f3cios para a Suno Not\u00edcias.","url":"https:\/\/www.suno.com.br\/noticias\/author\/vitor-azevedo\/"}]}},"default_loop_html":"<div class=\"cardsPage__listCard__boxs\"><div class=\"cardsPage__listCard__boxs__img\"><a href=\"https:\/\/www.suno.com.br\/noticias\/cosan-csan3-retomara-ipo-compass\/\"><img class=\"mask\" src=\"https:\/\/www.suno.com.br\/noticias\/wp-content\/themes\/suno\/resources\/images\/spotlight\/spotlight1img\/bg-mask.png\" alt=\"Image Mask\"\/><img src=\"https:\/\/files.sunoresearch.com.br\/n\/uploads\/2020\/12\/19b4b28c-destaquesdeempresas-400x200.webp\" alt=\"Cosan (CSAN3) vai retomar IPO da Compass, diz CEO a jornal\"\/><\/a><span class=\"spotlightCategory\"><a href=\"https:\/\/www.suno.com.br\/noticias\/negocios\/\">Neg\u00f3cios<\/a><\/span><\/div><div class=\"cardsPage__listCard__boxs__content\"><a href=\"https:\/\/www.suno.com.br\/noticias\/cosan-csan3-retomara-ipo-compass\/\"><h2 class=\"content__title\">Cosan (CSAN3) vai retomar IPO da Compass, diz CEO a jornal<\/h2><\/a><div class=\"newsContent__article__meta\"><div class=\"newsContent__article__meta__authorBox\"><a href=\"https:\/\/www.suno.com.br\/noticias\/author\/vitor-azevedo\/\" class=\"authorBox__avatar noMobi\"><img src=\"https:\/\/secure.gravatar.com\/avatar\/62b86195291b446fe380824eb28b99a5?s=96&#038;r=g\" alt=\"Vitor Azevedo\"><\/a><div class=\"authorBox__name\"><span>por\n\t\t\t<a href=\"https:\/\/www.suno.com.br\/noticias\/author\/vitor-azevedo\/\"><span itemprop=\"author\">Vitor Azevedo<\/span><\/a><\/span><time datetime=\"2020-12-18T12:58:17-03:00\" itemprop=\"datePublished\">18\/12\/2020 12:58<\/time><\/div><\/div><\/div><\/div><\/div>","single_layout":"posts","amp_enabled":true,"_links":{"self":[{"href":"https:\/\/www.suno.com.br\/noticias\/wp-json\/wp\/v2\/posts\/109447"}],"collection":[{"href":"https:\/\/www.suno.com.br\/noticias\/wp-json\/wp\/v2\/posts"}],"about":[{"href":"https:\/\/www.suno.com.br\/noticias\/wp-json\/wp\/v2\/types\/post"}],"author":[{"embeddable":true,"href":"https:\/\/www.suno.com.br\/noticias\/wp-json\/wp\/v2\/users\/59"}],"replies":[{"embeddable":true,"href":"https:\/\/www.suno.com.br\/noticias\/wp-json\/wp\/v2\/comments?post=109447"}],"version-history":[{"count":0,"href":"https:\/\/www.suno.com.br\/noticias\/wp-json\/wp\/v2\/posts\/109447\/revisions"}],"wp:featuredmedia":[{"embeddable":true,"href":"https:\/\/www.suno.com.br\/noticias\/wp-json\/wp\/v2\/media\/109380"}],"wp:attachment":[{"href":"https:\/\/www.suno.com.br\/noticias\/wp-json\/wp\/v2\/media?parent=109447"}],"wp:term":[{"taxonomy":"category","embeddable":true,"href":"https:\/\/www.suno.com.br\/noticias\/wp-json\/wp\/v2\/categories?post=109447"},{"taxonomy":"post_tag","embeddable":true,"href":"https:\/\/www.suno.com.br\/noticias\/wp-json\/wp\/v2\/tags?post=109447"},{"taxonomy":"suno_strategy","embeddable":true,"href":"https:\/\/www.suno.com.br\/noticias\/wp-json\/wp\/v2\/suno_strategy?post=109447"}],"curies":[{"name":"wp","href":"https:\/\/api.w.org\/{rel}","templated":true}]}}