{"id":109395,"date":"2020-12-18T10:59:51","date_gmt":"2020-12-18T13:59:51","guid":{"rendered":"https:\/\/www.suno.com.br\/noticias\/?p=109395"},"modified":"2020-12-18T11:50:16","modified_gmt":"2020-12-18T14:50:16","slug":"aes-tiete-tiet11-fara-reorganizacao-para-permitir-maior-alavancagem","status":"publish","type":"post","link":"https:\/\/www.suno.com.br\/noticias\/aes-tiete-tiet11-fara-reorganizacao-para-permitir-maior-alavancagem\/","title":{"rendered":"AES Tiet\u00ea (TIET11) far\u00e1 reorganiza\u00e7\u00e3o para permitir maior alavancagem"},"content":{"rendered":"<p>A<a href=\"https:\/\/www.suno.com.br\/acoes\/tiet11\/\"><strong> AES Ti\u00eate<\/strong> (TIET11)<\/a> anunciou nesta sexta-feira (18), em <a href=\"https:\/\/www.suno.com.br\/artigos\/fato-relevante\/\">fato relevante<\/a>, que seu <a href=\"https:\/\/www.suno.com.br\/artigos\/conselho-administracao\/\">conselho de administra\u00e7\u00e3o<\/a> aprovou uma proposta de reorganiza\u00e7\u00e3o societ\u00e1ria. Ser\u00e1 criada uma holding, chamada de AES Brasil Energia, que vai incorporar as a\u00e7\u00f5es da AES Tiet\u00ea.<\/p>\t<div class=\"wrapper-featured-image\">\n\t\t<figure class=\"spotlightImg\">\n\n\t\t\t<picture>\n\t\t\t\t<source media=\"(max-width: 768px)\" srcset=\"https:\/\/files.sunoresearch.com.br\/n\/uploads\/2020\/12\/fcc04bf7-aestiete-400x200.webp\">\n\t\t\t\t<img loading=\"lazy\" decoding=\"async\" class=\"newsContent__article__imgCapa lazyloadDisabled \" src=\"https:\/\/files.sunoresearch.com.br\/n\/uploads\/2020\/12\/fcc04bf7-aestiete-jpg.webp\" width=\"800\" height=\"450\" alt=\"AES Tiet\u00ea (TIET11) far\u00e1 reorganiza\u00e7\u00e3o para permitir maior alavancagem\" fetchpriority=high \/>\n\t\t\t<\/picture>\n\n\t\t\t<figcaption class=\"wp-caption-text wp-caption-text--show\">Ita\u00fa (ITUB4) ser\u00e1 s\u00f3cio da AES Brasil (TIET11) na \u00e1rea de energias renov\u00e1veis<\/figcaption>\n\t\t<\/figure>\n\t<\/div>\n\n\n<p><b>\t<p>\n\t\t<a href=\"https:\/\/lp.suno.com.br\/planilha-controle-gastos\/\" target=\"_blank\" data-element=\"shortcode-suno-banner\" title=\"Banner SUNO, clique e saiba mais\">\n\t\t\t<picture>\n\t\t\t\t<source media=\"(max-width: 500px)\" srcset=\"https:\/\/files.sunoresearch.com.br\/n\/uploads\/2023\/03\/400x300-Planilha-controle-de-gastos.png\">\n\t\t\t\t<img class=\"newsContent__article__imgCapa newsContent__article__imgCapa--banner\"\n\t\t\t\t\tsrc=\"https:\/\/files.sunoresearch.com.br\/n\/uploads\/2023\/03\/1420x240-Planilha-controle-de-gastos.png\"\n\t\t\t\t\tdata-promo-id=\"101751\"\t\t\t\t\t\t\t\t\t\twidth='1420' height='240'\t\t\t\t\talt=\"https:\/\/files.sunoresearch.com.br\/n\/uploads\/2023\/03\/1420x240-Planilha-controle-de-gastos.png\"\n\t\t\t\t>\n\t\t\t<\/picture>\n\t\t<\/a>\n\t<\/p>\n\n<\/b><\/p>\n<p>A <strong>AES Brasil Energia<\/strong> &#8211; nova controladora integral da AES Tiet\u00ea &#8211; ser\u00e1 listada no <a href=\"https:\/\/www.suno.com.br\/artigos\/novo-mercado\/\">Novo Mercado<\/a> da <a href=\"https:\/\/www.suno.com.br\/acoes\/b3sa3\/\">B3 (B3SA3)<\/a>.<\/p>\n<p>Todos os atuais <strong>acionistas da AES Tiet\u00ea<\/strong> passar\u00e3o a ser acionistas da <strong>nova holding<\/strong> e manter\u00e3o o mesmo percentual atual de participa\u00e7\u00e3o na nova companhia.<\/p>\n<h2>Opera\u00e7\u00e3o vai permitir maior alavancagem<\/h2>\n<p>Segundo a empresa, a reorganiza\u00e7\u00e3o permitir\u00e1 uma maior <a href=\"https:\/\/www.suno.com.br\/artigos\/alavancagem-financeira\/\">alavancagem<\/a>, uma\u00a0 vez\u00a0 que\u00a0 somente\u00a0 os\u00a0 ativos que\u00a0 estiverem abaixo da AES Tiet\u00ea ficar\u00e3o limitados ao atual teto de 3,85 vezes <a href=\"https:\/\/www.suno.com.br\/artigos\/divida-liquida\/\" target=\"_blank\" rel=\"noopener noreferrer\">D\u00edvida L\u00edquida<\/a>\/<a href=\"https:\/\/www.suno.com.br\/artigos\/ebitda\/\" target=\"_blank\" rel=\"noopener noreferrer\">Ebitda<\/a>.<\/p>\n<p>Al\u00e9m dos 3,85 vezes, os novos projetos poder\u00e3o ser desenvolvidos em Sociedades de Prop\u00f3sito Espec\u00edfico (SPEs) sob controle comum da atual AES Tiet\u00ea, permitindo um endividamento de at\u00e9 80% nestas SPEs.<\/p>\n<p>Confira como ficar\u00e1 a nova estrutura societ\u00e1ria da empresa:<\/p>\n<p><img loading=\"lazy\" decoding=\"async\" class=\"wp-image-109412 size-full\" src=\"https:\/\/storage.googleapis.com\/wp-noticias\/2020\/12\/51671f91-aes-tiete-reorganizacao.jpg\" alt=\"AES Tiet\u00ea anuncia reorganiza\u00e7\u00e3o societ\u00e1ria\" width=\"822\" height=\"385\" \/><\/p>\n<p><a href=\"https:\/\/lp.suno.com.br\/suno-one\/\"><b>Suno One: acesse gratuitamente eBooks, Minicursos, Artigos e Video Aulas sobre investimentos com um \u00fanico cadastro. Clique para saber mais!<\/b><\/a><\/p>\n<h2>Rela\u00e7\u00e3o de troca na reorganiza\u00e7\u00e3o<\/h2>\n<p>A reorganiza\u00e7\u00e3o prop\u00f5e que para cada grupo de 5 a\u00e7\u00f5es da AES Tiet\u00ea (preferenciais ou ordin\u00e1rias) seja atribu\u00edda 1 a\u00e7\u00e3o ordin\u00e1ria da AES Brasil Energia.<\/p>\n<p>Desta forma, cada UNIT da AES Tiet\u00ea, formada por 4 PN e uma ON, ser\u00e1 representada por uma nova a\u00e7\u00e3o ON da AES Brasil Energia.<\/p>\n<div>A troca, segundo a companhia, manter\u00e1 a manuten\u00e7\u00e3o do valor para cada acionista.<\/div>\n<div><\/div>\n<div>Segundo o an\u00fancio, as eventuais fra\u00e7\u00f5es de a\u00e7\u00f5es da AES Brasil Energia decorrentes da incorpora\u00e7\u00e3o de a\u00e7\u00f5es da\u00a0 AES Tiet\u00ea ser\u00e3o agrupadas em n\u00fameros inteiros para, em seguida, serem alienadas no mercado \u00e0 vista administrado pela B3, ap\u00f3s a consuma\u00e7\u00e3o da Reorganiza\u00e7\u00e3o, nos termos que ainda ser\u00e3o divulgados.<\/div>\n<p><b>\u00a0\t<p>\n\t\t<a href=\"https:\/\/lp.suno.com.br\/planilha-da-vida-financeira\/\" target=\"_blank\" data-element=\"shortcode-suno-banner\" title=\"Banner SUNO, clique e saiba mais\">\n\t\t\t<picture>\n\t\t\t\t<source media=\"(max-width: 500px)\" srcset=\"https:\/\/files.sunoresearch.com.br\/n\/uploads\/2023\/04\/400x300-Planilha-vida-financeira-true.png\">\n\t\t\t\t<img class=\"newsContent__article__imgCapa newsContent__article__imgCapa--banner\"\n\t\t\t\t\tsrc=\"https:\/\/files.sunoresearch.com.br\/n\/uploads\/2023\/04\/1420x240-Planilha-vida-financeira-true.png\"\n\t\t\t\t\tdata-promo-id=\"106682\"\t\t\t\t\t\t\t\t\t\twidth='1420' height='240'\t\t\t\t\talt=\"https:\/\/files.sunoresearch.com.br\/n\/uploads\/2023\/04\/1420x240-Planilha-vida-financeira-true.png\"\n\t\t\t\t>\n\t\t\t<\/picture>\n\t\t<\/a>\n\t<\/p>\n\n<\/b><\/p>\n<p>A reorganiza\u00e7\u00e3o ser\u00e1 submetida para aprova\u00e7\u00e3o da Ag\u00eancia Nacional de Energia El\u00e9trica, a <strong>Aneel<\/strong> e tamb\u00e9m dos acionistas.<\/p>\n<p>As empresas estimam que o custo da opera\u00e7\u00e3o fique aproximadamente em R$ 1,8 milh\u00e3o.<\/p>\n<h2>AES Tiet\u00ea anunciou pagamento de R$ 35 milh\u00f5es em JCP<\/h2>\n<p>Na \u00faltima semana, a companhia anunciou que pagaria R$ 35 milh\u00f5es em <a href=\"https:\/\/www.suno.com.br\/artigos\/entenda-o-jcp\/\">juros sobre capital pr\u00f3prio<\/a>, sendo R$ 0,67836260429 por a\u00e7\u00e3o.<\/p>\n<p>Os acionistas da <strong>AES Tiet\u00ea<\/strong> at\u00e9 a data do fato relevante que tem direito ao valor n\u00e3o ter\u00e3o preju\u00edzo e poder\u00e3o retirar seus pagamentos normalmente.<\/p>\n<p><b>\t<p>\n\t\t<a href=\"https:\/\/lp.suno.com.br\/planilha-de-controle-de-investimentos\/\" target=\"_blank\" data-element=\"shortcode-suno-banner\" title=\"Banner SUNO, clique e saiba mais\">\n\t\t\t<picture>\n\t\t\t\t<source media=\"(max-width: 500px)\" srcset=\"https:\/\/files.sunoresearch.com.br\/n\/uploads\/2023\/03\/400x300-Controle-de-Investimentos.png\">\n\t\t\t\t<img class=\"newsContent__article__imgCapa newsContent__article__imgCapa--banner\"\n\t\t\t\t\tsrc=\"https:\/\/files.sunoresearch.com.br\/n\/uploads\/2023\/03\/1420x240-Controle-de-Investimentos.png\"\n\t\t\t\t\tdata-promo-id=\"75934\"\t\t\t\t\t\t\t\t\t\twidth='1420' height='240'\t\t\t\t\talt=\"https:\/\/files.sunoresearch.com.br\/n\/uploads\/2023\/03\/1420x240-Controle-de-Investimentos.png\"\n\t\t\t\t>\n\t\t\t<\/picture>\n\t\t<\/a>\n\t<\/p>\n\n<\/b><\/p>\n","protected":false},"excerpt":{"rendered":"<p>A AES Ti\u00eate (TIET11) anunciou nesta sexta-feira (18), em fato relevante, que seu conselho de administra\u00e7\u00e3o aprovou uma proposta de reorganiza\u00e7\u00e3o societ\u00e1ria. Ser\u00e1 criada uma holding, chamada de AES Brasil Energia, que vai incorporar as a\u00e7\u00f5es da AES Tiet\u00ea. Ita\u00fa (ITUB4) ser\u00e1 s\u00f3cio da AES Brasil (TIET11) na \u00e1rea de energias renov\u00e1veis A AES Brasil [&hellip;]<\/p>\n","protected":false},"author":59,"featured_media":109400,"comment_status":"closed","ping_status":"closed","sticky":false,"template":"","format":"standard","meta":[],"categories":[64],"tags":[347],"suno_strategy":[],"class_list":["post-109395","post","type-post","status-publish","format-standard","has-post-thumbnail","hentry","category-negocios","tag-aes-tiete-tiet3-tiet4-tiet11"],"yoast_head":"<!-- This site is optimized with the Yoast SEO plugin v24.4 - https:\/\/yoast.com\/wordpress\/plugins\/seo\/ -->\n<title>AES Tiet\u00ea (TIET11) far\u00e1 reorganiza\u00e7\u00e3o para permitir maior alavancagem<\/title>\n<meta name=\"description\" content=\"A AES Tiet\u00ea anunciou que seu conselho aprovou a decis\u00e3o da companhia de ser incorporada pela sua subsidi\u00e1ria. Clique aqui para saber mais.\" \/>\n<meta name=\"robots\" content=\"index, follow, max-snippet:-1, max-image-preview:large, max-video-preview:-1\" \/>\n<link rel=\"canonical\" href=\"https:\/\/www.suno.com.br\/noticias\/aes-tiete-tiet11-fara-reorganizacao-para-permitir-maior-alavancagem\/\" \/>\n<meta property=\"og:locale\" content=\"pt_BR\" \/>\n<meta property=\"og:type\" content=\"article\" \/>\n<meta property=\"og:title\" content=\"AES Tiet\u00ea (TIET11) far\u00e1 reorganiza\u00e7\u00e3o para permitir maior alavancagem\" \/>\n<meta property=\"og:description\" content=\"A AES Tiet\u00ea anunciou que seu conselho aprovou a decis\u00e3o da companhia de ser incorporada pela sua subsidi\u00e1ria. Clique aqui para saber mais.\" \/>\n<meta property=\"og:url\" content=\"https:\/\/www.suno.com.br\/noticias\/aes-tiete-tiet11-fara-reorganizacao-para-permitir-maior-alavancagem\/\" \/>\n<meta property=\"og:site_name\" content=\"Suno Not\u00edcias\" \/>\n<meta property=\"article:publisher\" content=\"https:\/\/facebook.com\/sunoresearch\" \/>\n<meta property=\"og:image\" content=\"https:\/\/files.sunoresearch.com.br\/n\/uploads\/2020\/12\/fcc04bf7-aestiete.jpg\" \/>\n\t<meta property=\"og:image:width\" content=\"778\" \/>\n\t<meta property=\"og:image:height\" content=\"397\" \/>\n\t<meta property=\"og:image:type\" content=\"image\/jpeg\" \/>\n<meta name=\"author\" content=\"Vitor Azevedo\" \/>\n<meta name=\"twitter:card\" content=\"summary_large_image\" \/>\n<meta name=\"twitter:creator\" content=\"@sunoresearch\" \/>\n<meta name=\"twitter:site\" content=\"@sunoresearch\" \/>\n<meta name=\"twitter:label1\" content=\"Escrito por\" \/>\n\t<meta name=\"twitter:data1\" content=\"Vitor Azevedo\" \/>\n\t<meta name=\"twitter:label2\" content=\"Est. tempo de leitura\" \/>\n\t<meta name=\"twitter:data2\" content=\"2 minutos\" \/>\n<script type=\"application\/ld+json\" class=\"yoast-schema-graph\">{\"@context\":\"https:\/\/schema.org\",\"@graph\":[{\"@type\":\"NewsArticle\",\"@id\":\"https:\/\/www.suno.com.br\/noticias\/aes-tiete-tiet11-fara-reorganizacao-para-permitir-maior-alavancagem\/#article\",\"isPartOf\":{\"@id\":\"https:\/\/www.suno.com.br\/noticias\/aes-tiete-tiet11-fara-reorganizacao-para-permitir-maior-alavancagem\/\"},\"author\":{\"name\":\"Vitor Azevedo\",\"@id\":\"https:\/\/www.suno.com.br\/noticias\/#\/schema\/person\/658d5fbc74d81f265f5df3562d0038ab\"},\"headline\":\"AES Tiet\u00ea (TIET11) far\u00e1 reorganiza\u00e7\u00e3o para permitir maior alavancagem\",\"datePublished\":\"2020-12-18T13:59:51+00:00\",\"dateModified\":\"2020-12-18T14:50:16+00:00\",\"mainEntityOfPage\":{\"@id\":\"https:\/\/www.suno.com.br\/noticias\/aes-tiete-tiet11-fara-reorganizacao-para-permitir-maior-alavancagem\/\"},\"wordCount\":448,\"publisher\":{\"@id\":\"https:\/\/www.suno.com.br\/noticias\/#organization\"},\"image\":{\"@id\":\"https:\/\/www.suno.com.br\/noticias\/aes-tiete-tiet11-fara-reorganizacao-para-permitir-maior-alavancagem\/#primaryimage\"},\"thumbnailUrl\":\"https:\/\/files.sunoresearch.com.br\/n\/uploads\/2020\/12\/fcc04bf7-aestiete-jpg.webp\",\"keywords\":[\"AES Tiet\u00ea (TIET3\/TIET4\/TIET11)\"],\"articleSection\":[\"Neg\u00f3cios\"],\"inLanguage\":\"pt-BR\"},{\"@type\":\"WebPage\",\"@id\":\"https:\/\/www.suno.com.br\/noticias\/aes-tiete-tiet11-fara-reorganizacao-para-permitir-maior-alavancagem\/\",\"url\":\"https:\/\/www.suno.com.br\/noticias\/aes-tiete-tiet11-fara-reorganizacao-para-permitir-maior-alavancagem\/\",\"name\":\"AES Tiet\u00ea (TIET11) far\u00e1 reorganiza\u00e7\u00e3o para permitir maior alavancagem\",\"isPartOf\":{\"@id\":\"https:\/\/www.suno.com.br\/noticias\/#website\"},\"primaryImageOfPage\":{\"@id\":\"https:\/\/www.suno.com.br\/noticias\/aes-tiete-tiet11-fara-reorganizacao-para-permitir-maior-alavancagem\/#primaryimage\"},\"image\":{\"@id\":\"https:\/\/www.suno.com.br\/noticias\/aes-tiete-tiet11-fara-reorganizacao-para-permitir-maior-alavancagem\/#primaryimage\"},\"thumbnailUrl\":\"https:\/\/files.sunoresearch.com.br\/n\/uploads\/2020\/12\/fcc04bf7-aestiete-jpg.webp\",\"datePublished\":\"2020-12-18T13:59:51+00:00\",\"dateModified\":\"2020-12-18T14:50:16+00:00\",\"description\":\"A AES Tiet\u00ea anunciou que seu conselho aprovou a decis\u00e3o da companhia de ser incorporada pela sua subsidi\u00e1ria. Clique aqui para saber mais.\",\"breadcrumb\":{\"@id\":\"https:\/\/www.suno.com.br\/noticias\/aes-tiete-tiet11-fara-reorganizacao-para-permitir-maior-alavancagem\/#breadcrumb\"},\"inLanguage\":\"pt-BR\",\"potentialAction\":[{\"@type\":\"ReadAction\",\"target\":[\"https:\/\/www.suno.com.br\/noticias\/aes-tiete-tiet11-fara-reorganizacao-para-permitir-maior-alavancagem\/\"]}]},{\"@type\":\"ImageObject\",\"inLanguage\":\"pt-BR\",\"@id\":\"https:\/\/www.suno.com.br\/noticias\/aes-tiete-tiet11-fara-reorganizacao-para-permitir-maior-alavancagem\/#primaryimage\",\"url\":\"https:\/\/files.sunoresearch.com.br\/n\/uploads\/2020\/12\/fcc04bf7-aestiete-jpg.webp\",\"contentUrl\":\"https:\/\/files.sunoresearch.com.br\/n\/uploads\/2020\/12\/fcc04bf7-aestiete-jpg.webp\",\"width\":778,\"height\":397,\"caption\":\"Ita\u00fa (ITUB4) ser\u00e1 s\u00f3cio da AES Brasil (TIET11) na \u00e1rea de energias renov\u00e1veis\"},{\"@type\":\"BreadcrumbList\",\"@id\":\"https:\/\/www.suno.com.br\/noticias\/aes-tiete-tiet11-fara-reorganizacao-para-permitir-maior-alavancagem\/#breadcrumb\",\"itemListElement\":[{\"@type\":\"ListItem\",\"position\":1,\"name\":\"Not\u00edcias\",\"item\":\"https:\/\/www.suno.com.br\/noticias\/\"},{\"@type\":\"ListItem\",\"position\":2,\"name\":\"Neg\u00f3cios\",\"item\":\"https:\/\/www.suno.com.br\/noticias\/negocios\/\"},{\"@type\":\"ListItem\",\"position\":3,\"name\":\"AES Tiet\u00ea (TIET11) far\u00e1 reorganiza\u00e7\u00e3o para permitir maior alavancagem\"}]},{\"@type\":\"WebSite\",\"@id\":\"https:\/\/www.suno.com.br\/noticias\/#website\",\"url\":\"https:\/\/www.suno.com.br\/noticias\/\",\"name\":\"Suno Not\u00edcias\",\"description\":\"Seu portal de informa\u00e7\u00e3o sobre o mundo dos investimentos\",\"publisher\":{\"@id\":\"https:\/\/www.suno.com.br\/noticias\/#organization\"},\"potentialAction\":[{\"@type\":\"SearchAction\",\"target\":{\"@type\":\"EntryPoint\",\"urlTemplate\":\"https:\/\/www.suno.com.br\/noticias\/?s={search_term_string}\"},\"query-input\":{\"@type\":\"PropertyValueSpecification\",\"valueRequired\":true,\"valueName\":\"search_term_string\"}}],\"inLanguage\":\"pt-BR\"},{\"@type\":\"Organization\",\"@id\":\"https:\/\/www.suno.com.br\/noticias\/#organization\",\"name\":\"Suno Not\u00edcias\",\"url\":\"https:\/\/www.suno.com.br\/noticias\/\",\"logo\":{\"@type\":\"ImageObject\",\"inLanguage\":\"pt-BR\",\"@id\":\"https:\/\/www.suno.com.br\/noticias\/#\/schema\/logo\/image\/\",\"url\":\"https:\/\/files.sunoresearch.com.br\/n\/uploads\/2021\/09\/suno-logo.png\",\"contentUrl\":\"https:\/\/files.sunoresearch.com.br\/n\/uploads\/2021\/09\/suno-logo.png\",\"width\":180,\"height\":180,\"caption\":\"Suno Not\u00edcias\"},\"image\":{\"@id\":\"https:\/\/www.suno.com.br\/noticias\/#\/schema\/logo\/image\/\"},\"sameAs\":[\"https:\/\/facebook.com\/sunoresearch\",\"https:\/\/x.com\/sunoresearch\",\"https:\/\/www.instagram.com\/suno\",\"https:\/\/www.linkedin.com\/company\/suno-research\/\",\"https:\/\/www.youtube.com\/c\/sunoresearch\"]},{\"@type\":\"Person\",\"@id\":\"https:\/\/www.suno.com.br\/noticias\/#\/schema\/person\/658d5fbc74d81f265f5df3562d0038ab\",\"name\":\"Vitor Azevedo\",\"image\":{\"@type\":\"ImageObject\",\"inLanguage\":\"pt-BR\",\"@id\":\"https:\/\/www.suno.com.br\/noticias\/#\/schema\/person\/image\/\",\"url\":\"https:\/\/secure.gravatar.com\/avatar\/62b86195291b446fe380824eb28b99a5?s=96&r=g\",\"contentUrl\":\"https:\/\/secure.gravatar.com\/avatar\/62b86195291b446fe380824eb28b99a5?s=96&r=g\",\"caption\":\"Vitor Azevedo\"},\"description\":\"Formado em jornalismo pela Unesp, escreve sobre economia e neg\u00f3cios para a Suno Not\u00edcias.\",\"url\":\"https:\/\/www.suno.com.br\/noticias\/author\/vitor-azevedo\/\"}]}<\/script>\n<!-- \/ Yoast SEO plugin. -->","yoast_head_json":{"title":"AES Tiet\u00ea (TIET11) far\u00e1 reorganiza\u00e7\u00e3o para permitir maior alavancagem","description":"A AES Tiet\u00ea anunciou que seu conselho aprovou a decis\u00e3o da companhia de ser incorporada pela sua subsidi\u00e1ria. Clique aqui para saber mais.","robots":{"index":"index","follow":"follow","max-snippet":"max-snippet:-1","max-image-preview":"max-image-preview:large","max-video-preview":"max-video-preview:-1"},"canonical":"https:\/\/www.suno.com.br\/noticias\/aes-tiete-tiet11-fara-reorganizacao-para-permitir-maior-alavancagem\/","og_locale":"pt_BR","og_type":"article","og_title":"AES Tiet\u00ea (TIET11) far\u00e1 reorganiza\u00e7\u00e3o para permitir maior alavancagem","og_description":"A AES Tiet\u00ea anunciou que seu conselho aprovou a decis\u00e3o da companhia de ser incorporada pela sua subsidi\u00e1ria. Clique aqui para saber mais.","og_url":"https:\/\/www.suno.com.br\/noticias\/aes-tiete-tiet11-fara-reorganizacao-para-permitir-maior-alavancagem\/","og_site_name":"Suno Not\u00edcias","article_publisher":"https:\/\/facebook.com\/sunoresearch","og_image":[{"width":778,"height":397,"url":"https:\/\/files.sunoresearch.com.br\/n\/uploads\/2020\/12\/fcc04bf7-aestiete.jpg","type":"image\/jpeg"}],"author":"Vitor Azevedo","twitter_card":"summary_large_image","twitter_creator":"@sunoresearch","twitter_site":"@sunoresearch","twitter_misc":{"Escrito por":"Vitor Azevedo","Est. tempo de leitura":"2 minutos"},"schema":{"@context":"https:\/\/schema.org","@graph":[{"@type":"NewsArticle","@id":"https:\/\/www.suno.com.br\/noticias\/aes-tiete-tiet11-fara-reorganizacao-para-permitir-maior-alavancagem\/#article","isPartOf":{"@id":"https:\/\/www.suno.com.br\/noticias\/aes-tiete-tiet11-fara-reorganizacao-para-permitir-maior-alavancagem\/"},"author":{"name":"Vitor Azevedo","@id":"https:\/\/www.suno.com.br\/noticias\/#\/schema\/person\/658d5fbc74d81f265f5df3562d0038ab"},"headline":"AES Tiet\u00ea (TIET11) far\u00e1 reorganiza\u00e7\u00e3o para permitir maior alavancagem","datePublished":"2020-12-18T13:59:51+00:00","dateModified":"2020-12-18T14:50:16+00:00","mainEntityOfPage":{"@id":"https:\/\/www.suno.com.br\/noticias\/aes-tiete-tiet11-fara-reorganizacao-para-permitir-maior-alavancagem\/"},"wordCount":448,"publisher":{"@id":"https:\/\/www.suno.com.br\/noticias\/#organization"},"image":{"@id":"https:\/\/www.suno.com.br\/noticias\/aes-tiete-tiet11-fara-reorganizacao-para-permitir-maior-alavancagem\/#primaryimage"},"thumbnailUrl":"https:\/\/files.sunoresearch.com.br\/n\/uploads\/2020\/12\/fcc04bf7-aestiete-jpg.webp","keywords":["AES Tiet\u00ea (TIET3\/TIET4\/TIET11)"],"articleSection":["Neg\u00f3cios"],"inLanguage":"pt-BR"},{"@type":"WebPage","@id":"https:\/\/www.suno.com.br\/noticias\/aes-tiete-tiet11-fara-reorganizacao-para-permitir-maior-alavancagem\/","url":"https:\/\/www.suno.com.br\/noticias\/aes-tiete-tiet11-fara-reorganizacao-para-permitir-maior-alavancagem\/","name":"AES Tiet\u00ea (TIET11) far\u00e1 reorganiza\u00e7\u00e3o para permitir maior alavancagem","isPartOf":{"@id":"https:\/\/www.suno.com.br\/noticias\/#website"},"primaryImageOfPage":{"@id":"https:\/\/www.suno.com.br\/noticias\/aes-tiete-tiet11-fara-reorganizacao-para-permitir-maior-alavancagem\/#primaryimage"},"image":{"@id":"https:\/\/www.suno.com.br\/noticias\/aes-tiete-tiet11-fara-reorganizacao-para-permitir-maior-alavancagem\/#primaryimage"},"thumbnailUrl":"https:\/\/files.sunoresearch.com.br\/n\/uploads\/2020\/12\/fcc04bf7-aestiete-jpg.webp","datePublished":"2020-12-18T13:59:51+00:00","dateModified":"2020-12-18T14:50:16+00:00","description":"A AES Tiet\u00ea anunciou que seu conselho aprovou a decis\u00e3o da companhia de ser incorporada pela sua subsidi\u00e1ria. Clique aqui para saber mais.","breadcrumb":{"@id":"https:\/\/www.suno.com.br\/noticias\/aes-tiete-tiet11-fara-reorganizacao-para-permitir-maior-alavancagem\/#breadcrumb"},"inLanguage":"pt-BR","potentialAction":[{"@type":"ReadAction","target":["https:\/\/www.suno.com.br\/noticias\/aes-tiete-tiet11-fara-reorganizacao-para-permitir-maior-alavancagem\/"]}]},{"@type":"ImageObject","inLanguage":"pt-BR","@id":"https:\/\/www.suno.com.br\/noticias\/aes-tiete-tiet11-fara-reorganizacao-para-permitir-maior-alavancagem\/#primaryimage","url":"https:\/\/files.sunoresearch.com.br\/n\/uploads\/2020\/12\/fcc04bf7-aestiete-jpg.webp","contentUrl":"https:\/\/files.sunoresearch.com.br\/n\/uploads\/2020\/12\/fcc04bf7-aestiete-jpg.webp","width":778,"height":397,"caption":"Ita\u00fa (ITUB4) ser\u00e1 s\u00f3cio da AES Brasil (TIET11) na \u00e1rea de energias renov\u00e1veis"},{"@type":"BreadcrumbList","@id":"https:\/\/www.suno.com.br\/noticias\/aes-tiete-tiet11-fara-reorganizacao-para-permitir-maior-alavancagem\/#breadcrumb","itemListElement":[{"@type":"ListItem","position":1,"name":"Not\u00edcias","item":"https:\/\/www.suno.com.br\/noticias\/"},{"@type":"ListItem","position":2,"name":"Neg\u00f3cios","item":"https:\/\/www.suno.com.br\/noticias\/negocios\/"},{"@type":"ListItem","position":3,"name":"AES Tiet\u00ea (TIET11) far\u00e1 reorganiza\u00e7\u00e3o para permitir maior alavancagem"}]},{"@type":"WebSite","@id":"https:\/\/www.suno.com.br\/noticias\/#website","url":"https:\/\/www.suno.com.br\/noticias\/","name":"Suno Not\u00edcias","description":"Seu portal de informa\u00e7\u00e3o sobre o mundo dos investimentos","publisher":{"@id":"https:\/\/www.suno.com.br\/noticias\/#organization"},"potentialAction":[{"@type":"SearchAction","target":{"@type":"EntryPoint","urlTemplate":"https:\/\/www.suno.com.br\/noticias\/?s={search_term_string}"},"query-input":{"@type":"PropertyValueSpecification","valueRequired":true,"valueName":"search_term_string"}}],"inLanguage":"pt-BR"},{"@type":"Organization","@id":"https:\/\/www.suno.com.br\/noticias\/#organization","name":"Suno Not\u00edcias","url":"https:\/\/www.suno.com.br\/noticias\/","logo":{"@type":"ImageObject","inLanguage":"pt-BR","@id":"https:\/\/www.suno.com.br\/noticias\/#\/schema\/logo\/image\/","url":"https:\/\/files.sunoresearch.com.br\/n\/uploads\/2021\/09\/suno-logo.png","contentUrl":"https:\/\/files.sunoresearch.com.br\/n\/uploads\/2021\/09\/suno-logo.png","width":180,"height":180,"caption":"Suno Not\u00edcias"},"image":{"@id":"https:\/\/www.suno.com.br\/noticias\/#\/schema\/logo\/image\/"},"sameAs":["https:\/\/facebook.com\/sunoresearch","https:\/\/x.com\/sunoresearch","https:\/\/www.instagram.com\/suno","https:\/\/www.linkedin.com\/company\/suno-research\/","https:\/\/www.youtube.com\/c\/sunoresearch"]},{"@type":"Person","@id":"https:\/\/www.suno.com.br\/noticias\/#\/schema\/person\/658d5fbc74d81f265f5df3562d0038ab","name":"Vitor Azevedo","image":{"@type":"ImageObject","inLanguage":"pt-BR","@id":"https:\/\/www.suno.com.br\/noticias\/#\/schema\/person\/image\/","url":"https:\/\/secure.gravatar.com\/avatar\/62b86195291b446fe380824eb28b99a5?s=96&r=g","contentUrl":"https:\/\/secure.gravatar.com\/avatar\/62b86195291b446fe380824eb28b99a5?s=96&r=g","caption":"Vitor Azevedo"},"description":"Formado em jornalismo pela Unesp, escreve sobre economia e neg\u00f3cios para a Suno Not\u00edcias.","url":"https:\/\/www.suno.com.br\/noticias\/author\/vitor-azevedo\/"}]}},"default_loop_html":"<div class=\"cardsPage__listCard__boxs\"><div class=\"cardsPage__listCard__boxs__img\"><a href=\"https:\/\/www.suno.com.br\/noticias\/aes-tiete-tiet11-fara-reorganizacao-para-permitir-maior-alavancagem\/\"><img class=\"mask\" src=\"https:\/\/www.suno.com.br\/noticias\/wp-content\/themes\/suno\/resources\/images\/spotlight\/spotlight1img\/bg-mask.png\" alt=\"Image Mask\"\/><img src=\"https:\/\/files.sunoresearch.com.br\/n\/uploads\/2020\/12\/fcc04bf7-aestiete-400x200.webp\" alt=\"AES Tiet\u00ea (TIET11) far\u00e1 reorganiza\u00e7\u00e3o para permitir maior alavancagem\"\/><\/a><span class=\"spotlightCategory\"><a href=\"https:\/\/www.suno.com.br\/noticias\/negocios\/\">Neg\u00f3cios<\/a><\/span><\/div><div class=\"cardsPage__listCard__boxs__content\"><a href=\"https:\/\/www.suno.com.br\/noticias\/aes-tiete-tiet11-fara-reorganizacao-para-permitir-maior-alavancagem\/\"><h2 class=\"content__title\">AES Tiet\u00ea (TIET11) far\u00e1 reorganiza\u00e7\u00e3o para permitir maior alavancagem<\/h2><\/a><div class=\"newsContent__article__meta\"><div class=\"newsContent__article__meta__authorBox\"><a href=\"https:\/\/www.suno.com.br\/noticias\/author\/vitor-azevedo\/\" class=\"authorBox__avatar noMobi\"><img src=\"https:\/\/secure.gravatar.com\/avatar\/62b86195291b446fe380824eb28b99a5?s=96&#038;r=g\" alt=\"Vitor Azevedo\"><\/a><div class=\"authorBox__name\"><span>por\n\t\t\t<a href=\"https:\/\/www.suno.com.br\/noticias\/author\/vitor-azevedo\/\"><span itemprop=\"author\">Vitor Azevedo<\/span><\/a><\/span><time datetime=\"2020-12-18T10:59:51-03:00\" itemprop=\"datePublished\">18\/12\/2020 10:59<\/time><\/div><\/div><\/div><\/div><\/div>","single_layout":"posts","amp_enabled":true,"_links":{"self":[{"href":"https:\/\/www.suno.com.br\/noticias\/wp-json\/wp\/v2\/posts\/109395"}],"collection":[{"href":"https:\/\/www.suno.com.br\/noticias\/wp-json\/wp\/v2\/posts"}],"about":[{"href":"https:\/\/www.suno.com.br\/noticias\/wp-json\/wp\/v2\/types\/post"}],"author":[{"embeddable":true,"href":"https:\/\/www.suno.com.br\/noticias\/wp-json\/wp\/v2\/users\/59"}],"replies":[{"embeddable":true,"href":"https:\/\/www.suno.com.br\/noticias\/wp-json\/wp\/v2\/comments?post=109395"}],"version-history":[{"count":0,"href":"https:\/\/www.suno.com.br\/noticias\/wp-json\/wp\/v2\/posts\/109395\/revisions"}],"wp:featuredmedia":[{"embeddable":true,"href":"https:\/\/www.suno.com.br\/noticias\/wp-json\/wp\/v2\/media\/109400"}],"wp:attachment":[{"href":"https:\/\/www.suno.com.br\/noticias\/wp-json\/wp\/v2\/media?parent=109395"}],"wp:term":[{"taxonomy":"category","embeddable":true,"href":"https:\/\/www.suno.com.br\/noticias\/wp-json\/wp\/v2\/categories?post=109395"},{"taxonomy":"post_tag","embeddable":true,"href":"https:\/\/www.suno.com.br\/noticias\/wp-json\/wp\/v2\/tags?post=109395"},{"taxonomy":"suno_strategy","embeddable":true,"href":"https:\/\/www.suno.com.br\/noticias\/wp-json\/wp\/v2\/suno_strategy?post=109395"}],"curies":[{"name":"wp","href":"https:\/\/api.w.org\/{rel}","templated":true}]}}